{"id":319696,"date":"2023-09-11T09:00:00","date_gmt":"2023-09-11T07:00:00","guid":{"rendered":""},"modified":"2023-09-11T09:28:24","modified_gmt":"2023-09-11T07:28:24","slug":"autonomia-precio-coches-electricos-espana-ar","status":"publish","type":"post","link":"https:\/\/v2charge.com\/ar\/autonomia-precio-coches-electricos-espana-ar\/","title":{"rendered":"\u0645\u062f\u0649 \u0648\u0633\u0639\u0631 \u0627\u0644\u0633\u064a\u0627\u0631\u0627\u062a \u0627\u0644\u0643\u0647\u0631\u0628\u0627\u0626\u064a\u0629 \u0627\u0644\u0645\u062a\u0627\u062d\u0629 \u0641\u064a \u0625\u0633\u0628\u0627\u0646\u064a\u0627"},"content":{"rendered":"<p>\u0641\u064a \u0639\u0627\u0644\u0645 \u064a\u062a\u0637\u0648\u0631 \u0628\u0627\u0633\u062a\u0645\u0631\u0627\u0631 \u0646\u062d\u0648 \u0627\u0644\u0627\u0633\u062a\u062f\u0627\u0645\u0629 \u0648\u0643\u0641\u0627\u0621\u0629 \u0627\u0644\u0637\u0627\u0642\u0629\u060c \u0623\u0635\u0628\u062d\u062a \u0627\u0644\u0645\u0631\u0643\u0628\u0627\u062a \u0627\u0644\u0643\u0647\u0631\u0628\u0627\u0626\u064a\u0629 \u062e\u064a\u0627\u0631\u064b\u0627 \u062c\u0630\u0627\u0628\u064b\u0627 \u0628\u0634\u0643\u0644 \u0645\u062a\u0632\u0627\u064a\u062f \u0644\u0644\u0633\u0627\u0626\u0642\u064a\u0646 \u0627\u0644\u0648\u0627\u0639\u064a\u0646 \u0628\u0627\u0644\u0628\u064a\u0626\u0629 \u0648\u0645\u0633\u062a\u0642\u0628\u0644 \u0627\u0644\u062a\u0646\u0642\u0644.<\/p>\n\n<p>\u0641\u064a \u0625\u0633\u0628\u0627\u0646\u064a\u0627\u060c \u0634\u0647\u062f\u062a \u0627\u0644\u0637\u0644\u0628 \u0639\u0644\u0649 \u0627\u0644\u0633\u064a\u0627\u0631\u0627\u062a \u0627\u0644\u0643\u0647\u0631\u0628\u0627\u0626\u064a\u0629 \u0646\u0645\u0648\u0627\u064b \u0645\u0644\u062d\u0648\u0638\u0627\u064b \u0641\u064a \u0627\u0644\u0633\u0646\u0648\u0627\u062a \u0627\u0644\u0623\u062e\u064a\u0631\u0629. \u0648\u0642\u062f \u0623\u062f\u0649 \u0630\u0644\u0643 \u0625\u0644\u0649 \u0632\u064a\u0627\u062f\u0629 \u0641\u064a \u0639\u0631\u0636 \u0627\u0644\u0646\u0645\u0627\u0630\u062c \u0641\u064a \u0627\u0644\u0633\u0648\u0642. \u0627\u062b\u0646\u0627\u0646 \u0645\u0646 <a href=\"https:\/\/v2charge.com\/ar\/dudas-comprar-coche-electrico-ar\/\" title=\"dudas al comprar un coche el\u00e9ctrico\">\u0623\u0643\u062b\u0631 \u0627\u0644\u0634\u0643\u0648\u0643 \u0634\u064a\u0648\u0639\u0627\u064b \u0639\u0646\u062f \u0634\u0631\u0627\u0621 \u0633\u064a\u0627\u0631\u0629 \u0643\u0647\u0631\u0628\u0627\u0626\u064a\u0629<\/a> \u0647\u0645\u0627 <strong>\u0627\u0644\u0633\u0639\u0631 \u0648\u0627\u0644\u0645\u062f\u0649<\/strong>. \u0641\u064a V2C\u060c \u0642\u0645\u0646\u0627 \u0628\u0625\u062c\u0631\u0627\u0621 \u062f\u0631\u0627\u0633\u0629 \u0634\u0627\u0645\u0644\u0629 \u062a\u062d\u0644\u0644 \u0645\u062f\u0649 \u0627\u0644\u0633\u064a\u0627\u0631\u0629 \u0648\u0633\u0639\u0631 \u0645\u062c\u0645\u0648\u0639\u0629 \u0648\u0627\u0633\u0639\u0629 \u0645\u0646 \u0627\u0644\u0633\u064a\u0627\u0631\u0627\u062a \u0627\u0644\u0643\u0647\u0631\u0628\u0627\u0626\u064a\u0629 \u0627\u0644\u0645\u062a\u0627\u062d\u0629 \u0641\u064a \u0625\u0633\u0628\u0627\u0646\u064a\u0627\u060c \u0628\u0647\u062f\u0641 \u062a\u0642\u062f\u064a\u0645 \u0631\u0624\u064a\u0629 \u0643\u0627\u0645\u0644\u0629 \u0648\u0645\u062d\u062f\u062b\u0629 \u0644\u0642\u0631\u0627\u0626\u0646\u0627 \u062d\u0648\u0644 \u0627\u0644\u062e\u064a\u0627\u0631\u0627\u062a \u0627\u0644\u0645\u062a\u0627\u062d\u0629 \u0644\u0623\u0648\u0644\u0626\u0643 \u0627\u0644\u0630\u064a\u0646 \u064a\u0633\u0639\u0648\u0646 \u0644\u0644\u0627\u0646\u062a\u0642\u0627\u0644 \u0625\u0644\u0649 \u0627\u0644\u062a\u0646\u0642\u0644 \u0627\u0644\u0643\u0647\u0631\u0628\u0627\u0626\u064a.<\/p>\n\n<p>\u0643\u0645\u0627 \u062a\u0639\u0644\u0645 \u0628\u0627\u0644\u0641\u0639\u0644\u060c \u0647\u0646\u0627\u0643 \u0639\u0648\u0627\u0645\u0644 \u0645\u062e\u062a\u0644\u0641\u0629 <a href=\"https:\/\/v2charge.com\/ar\/autonomia-coche-electrico-ar\/\" title=\"factores que influyen en la autonom\u00eda de un coche el\u00e9ctrico\">\u062a\u0624\u062b\u0631 \u0639\u0644\u0649 \u0645\u062f\u0649 \u0627\u0644\u0633\u064a\u0627\u0631\u0629 \u0627\u0644\u0643\u0647\u0631\u0628\u0627\u0626\u064a\u0629<\/a>\u060c \u0645\u062b\u0644 \u0627\u0644\u0633\u0631\u0639\u0629 \u0627\u0644\u062a\u064a \u062a\u0642\u0648\u062f \u0628\u0647\u0627\u060c \u0633\u0639\u0629 \u0627\u0644\u0628\u0637\u0627\u0631\u064a\u0629 \u0623\u0648 \u0627\u0644\u0645\u0646\u0627\u062e. \u0644\u0647\u0630\u0627 \u0627\u0644\u0633\u0628\u0628\u060c \u0641\u0625\u0646 \u0627\u0644\u0628\u064a\u0627\u0646\u0627\u062a \u0627\u0644\u062a\u064a \u0633\u062a\u062c\u062f\u0647\u0627 \u0623\u062f\u0646\u0627\u0647 \u0627\u0644\u0645\u062a\u0639\u0644\u0642\u0629 \u0628\u0627\u0644\u0645\u062f\u0649\u060c \u062a\u0638\u0647\u0631 <strong>\u0623\u0642\u0635\u0649 \u0645\u0633\u0627\u0641\u0629<\/strong> \u064a\u0645\u0643\u0646 \u0623\u0646 \u064a\u0635\u0644 \u0625\u0644\u064a\u0647\u0627 \u0627\u0644\u0645\u0631\u0643\u0628\u0629. \u0628\u0627\u0644\u0646\u0633\u0628\u0629 \u0644\u0644\u0633\u0639\u0631\u060c \u064a\u0645\u0643\u0646 \u0623\u0646 \u064a\u062e\u062a\u0644\u0641 \u0627\u0639\u062a\u0645\u0627\u062f\u064b\u0627 \u0639\u0644\u0649 \u062a\u0641\u0636\u064a\u0644\u0627\u062a\u0643 \u0641\u064a \u0627\u0644\u062a\u0643\u0648\u064a\u0646. \u0644\u0630\u0644\u0643\u060c \u0641\u0625\u0646 \u0627\u0644\u0631\u0642\u0645 \u0627\u0644\u0645\u0639\u0631\u0648\u0636 \u0641\u064a \u0627\u0644\u062c\u062f\u0648\u0644 \u064a\u0634\u064a\u0631 \u0625\u0644\u0649 \u0627\u0644\u0645\u0628\u0644\u063a <strong>\u0627\u0644\u0630\u064a \u064a\u0645\u0643\u0646 \u0645\u0646 \u062e\u0644\u0627\u0644\u0647 \u0634\u0631\u0627\u0621<\/strong> \u0627\u0644\u0646\u0645\u0648\u0630\u062c. \u0627\u0644\u062f\u0631\u0627\u0633\u0629 \u062a\u0633\u062a\u0646\u062f \u0625\u0644\u0649 \u0633\u064a\u0627\u0631\u0627\u062a \u0643\u0647\u0631\u0628\u0627\u0626\u064a\u0629 100%. \u0646\u0623\u0645\u0644 \u0623\u0646 \u062a\u0633\u0627\u0639\u062f\u0643!<\/p>\n\n<h2 class=\"wp-block-heading\">\u0633\u0639\u0631 \u0648\u0645\u062f\u0649 \u0627\u0644\u0633\u064a\u0627\u0631\u0627\u062a \u0627\u0644\u0643\u0647\u0631\u0628\u0627\u0626\u064a\u0629<\/h2>\n\n\n<table id=\"tablepress-1\" class=\"tablepress tablepress-id-1\">\n<thead>\n<tr class=\"row-1\">\n\t<th class=\"column-1\">Marca<\/th><th class=\"column-2\">Modelo<\/th><th class=\"column-3\">Autonom\u00eda M\u00e1xima<\/th><th class=\"column-4\">Precio Desde<\/th>\n<\/tr>\n<\/thead>\n<tbody class=\"row-striping row-hover\">\n<tr class=\"row-2\">\n\t<td class=\"column-1\">Renault<\/td><td class=\"column-2\">Renault Twingo e-Tech<\/td><td class=\"column-3\">185 km<\/td><td class=\"column-4\">24.500 \u20ac<\/td>\n<\/tr>\n<tr class=\"row-3\">\n\t<td class=\"column-1\">MINI<\/td><td class=\"column-2\">MINI CABRIO 100% EL\u00c9CTRICO<\/td><td class=\"column-3\">201 km<\/td><td class=\"column-4\">35.430 \u20ac<\/td>\n<\/tr>\n<tr class=\"row-4\">\n\t<td class=\"column-1\">Renault<\/td><td class=\"column-2\">Renault Master E-Tech<\/td><td class=\"column-3\">204 km<\/td><td class=\"column-4\">62.200 \u20ac<\/td>\n<\/tr>\n<tr class=\"row-5\">\n\t<td class=\"column-1\">Honda<\/td><td class=\"column-2\">Honda e<\/td><td class=\"column-3\">222 km<\/td><td class=\"column-4\">52.400 \u20ac<\/td>\n<\/tr>\n<tr class=\"row-6\">\n\t<td class=\"column-1\">Dacia<\/td><td class=\"column-2\">Dacia spring<\/td><td class=\"column-3\">227 km<\/td><td class=\"column-4\">19.900 \u20ac<\/td>\n<\/tr>\n<tr class=\"row-7\">\n\t<td class=\"column-1\">MINI<\/td><td class=\"column-2\">MINI 100% el\u00e9ctrico<\/td><td class=\"column-3\">234 km<\/td><td class=\"column-4\">37.940 \u20ac<\/td>\n<\/tr>\n<tr class=\"row-8\">\n\t<td class=\"column-1\">Peugeot<\/td><td class=\"column-2\">Peugeot e-Parner<\/td><td class=\"column-3\">245 km<\/td><td class=\"column-4\">34.500 \u20ac<\/td>\n<\/tr>\n<tr class=\"row-9\">\n\t<td class=\"column-1\">Toyota<\/td><td class=\"column-2\">Toyota Proace City Verso Electric<\/td><td class=\"column-3\">245 km<\/td><td class=\"column-4\">37.500 \u20ac<\/td>\n<\/tr>\n<tr class=\"row-10\">\n\t<td class=\"column-1\">Mazda<\/td><td class=\"column-2\">Mazda MX-30<\/td><td class=\"column-3\">265 km<\/td><td class=\"column-4\">28.800 \u20ac<\/td>\n<\/tr>\n<tr class=\"row-11\">\n\t<td class=\"column-1\">Nissan<\/td><td class=\"column-2\">Nissan Leaf<\/td><td class=\"column-3\">270 km<\/td><td class=\"column-4\">38.569 \u20ac<\/td>\n<\/tr>\n<tr class=\"row-12\">\n\t<td class=\"column-1\">Mercedes<\/td><td class=\"column-2\">Mercedes eqt<\/td><td class=\"column-3\">278 km<\/td><td class=\"column-4\">48.166 \u20ac<\/td>\n<\/tr>\n<tr class=\"row-13\">\n\t<td class=\"column-1\">Citro\u00ebn<\/td><td class=\"column-2\">Citro\u00ebn \u00cb-BERLINGO EL\u00c9CTRICO<\/td><td class=\"column-3\">280 km<\/td><td class=\"column-4\">37.000 \u20ac<\/td>\n<\/tr>\n<tr class=\"row-14\">\n\t<td class=\"column-1\">Peugeot<\/td><td class=\"column-2\">Peugeot e-Rifter<\/td><td class=\"column-3\">280 km<\/td><td class=\"column-4\">38.000 \u20ac<\/td>\n<\/tr>\n<tr class=\"row-15\">\n\t<td class=\"column-1\">Toyota<\/td><td class=\"column-2\">Toyota Proace Verso Electric<\/td><td class=\"column-3\">285 km<\/td><td class=\"column-4\">56.200 \u20ac<\/td>\n<\/tr>\n<tr class=\"row-16\">\n\t<td class=\"column-1\">Renault<\/td><td class=\"column-2\">Renault Kangoo Furg\u00f3n E-Tech<\/td><td class=\"column-3\">300 km<\/td><td class=\"column-4\">32.900 \u20ac<\/td>\n<\/tr>\n<tr class=\"row-17\">\n\t<td class=\"column-1\">Nissan<\/td><td class=\"column-2\">Nissan Townstar furg\u00f3n<\/td><td class=\"column-3\">301 km<\/td><td class=\"column-4\">25.935 \u20ac<\/td>\n<\/tr>\n<tr class=\"row-18\">\n\t<td class=\"column-1\">Renault<\/td><td class=\"column-2\">Renault Kangoo E-Tech<\/td><td class=\"column-3\">320 km<\/td><td class=\"column-4\">38.000 \u20ac<\/td>\n<\/tr>\n<tr class=\"row-19\">\n\t<td class=\"column-1\">Citro\u00ebn<\/td><td class=\"column-2\">CITRO\u00cbN \u00cb-SPACETOURER EL\u00c9CTRICO<\/td><td class=\"column-3\">330 km<\/td><td class=\"column-4\">40.800 \u20ac<\/td>\n<\/tr>\n<tr class=\"row-20\">\n\t<td class=\"column-1\">Peugeot<\/td><td class=\"column-2\">Peugeot e-Expert<\/td><td class=\"column-3\">330 km<\/td><td class=\"column-4\">46.250 \u20ac<\/td>\n<\/tr>\n<tr class=\"row-21\">\n\t<td class=\"column-1\">Peugeot<\/td><td class=\"column-2\">Peugeot e-Traveller 50 kWh<\/td><td class=\"column-3\">330 km<\/td><td class=\"column-4\">54.900 \u20ac<\/td>\n<\/tr>\n<tr class=\"row-22\">\n\t<td class=\"column-1\">Mercedes<\/td><td class=\"column-2\">Mercedes eqv<\/td><td class=\"column-3\">332 km<\/td><td class=\"column-4\">82.090 \u20ac<\/td>\n<\/tr>\n<tr class=\"row-23\">\n\t<td class=\"column-1\">Maxus<\/td><td class=\"column-2\">Maxus Edeliver 3<\/td><td class=\"column-3\">342 km<\/td><td class=\"column-4\">32.060 \u20ac<\/td>\n<\/tr>\n<tr class=\"row-24\">\n\t<td class=\"column-1\">Peugeot<\/td><td class=\"column-2\">Peugeot SUV e-2008<\/td><td class=\"column-3\">345 km<\/td><td class=\"column-4\">39.600 \u20ac<\/td>\n<\/tr>\n<tr class=\"row-25\">\n\t<td class=\"column-1\">Maxus<\/td><td class=\"column-2\">Maxus Edeliver 9<\/td><td class=\"column-3\">353 km<\/td><td class=\"column-4\">51.000 \u20ac<\/td>\n<\/tr>\n<tr class=\"row-26\">\n\t<td class=\"column-1\">Opel<\/td><td class=\"column-2\">Opel corsa electric<\/td><td class=\"column-3\">362 km<\/td><td class=\"column-4\">34.190 \u20ac<\/td>\n<\/tr>\n<tr class=\"row-27\">\n\t<td class=\"column-1\">Nissan<\/td><td class=\"column-2\">Nissan Leaf e+<\/td><td class=\"column-3\">385 km<\/td><td class=\"column-4\">44.000 \u20ac<\/td>\n<\/tr>\n<tr class=\"row-28\">\n\t<td class=\"column-1\">Renault<\/td><td class=\"column-2\">Renault Zoe e-tech<\/td><td class=\"column-3\">390 km<\/td><td class=\"column-4\">36.200 \u20ac<\/td>\n<\/tr>\n<tr class=\"row-29\">\n\t<td class=\"column-1\">Aiways<\/td><td class=\"column-2\">Aiways u5<\/td><td class=\"column-3\">400 km<\/td><td class=\"column-4\">46.900 \u20ac<\/td>\n<\/tr>\n<tr class=\"row-30\">\n\t<td class=\"column-1\">Citro\u00ebn<\/td><td class=\"column-2\">Citro\u00ebn Oli<\/td><td class=\"column-3\">400 km<\/td><td class=\"column-4\">25.000 \u20ac<\/td>\n<\/tr>\n<tr class=\"row-31\">\n\t<td class=\"column-1\">Jeep<\/td><td class=\"column-2\">JEEP Avenger<\/td><td class=\"column-3\">400 km<\/td><td class=\"column-4\">37.500 \u20ac<\/td>\n<\/tr>\n<tr class=\"row-32\">\n\t<td class=\"column-1\">MG<\/td><td class=\"column-2\">MG5 electric<\/td><td class=\"column-3\">400 km<\/td><td class=\"column-4\">25.280 \u20ac<\/td>\n<\/tr>\n<tr class=\"row-33\">\n\t<td class=\"column-1\">MINI<\/td><td class=\"column-2\">MINI cooper el\u00e9ctrico<\/td><td class=\"column-3\">400 km<\/td><td class=\"column-4\">35.600 \u20ac<\/td>\n<\/tr>\n<tr class=\"row-34\">\n\t<td class=\"column-1\">Peugeot<\/td><td class=\"column-2\">Peugeot e-208<\/td><td class=\"column-3\">400 km<\/td><td class=\"column-4\">35.470 \u20ac<\/td>\n<\/tr>\n<tr class=\"row-35\">\n\t<td class=\"column-1\">Peugeot<\/td><td class=\"column-2\">Peugeot e-308<\/td><td class=\"column-3\">400 km<\/td><td class=\"column-4\">42.950 \u20ac<\/td>\n<\/tr>\n<tr class=\"row-36\">\n\t<td class=\"column-1\">Smart<\/td><td class=\"column-2\">Smart Brabus<\/td><td class=\"column-3\">400 km<\/td><td class=\"column-4\">49.900 \u20ac<\/td>\n<\/tr>\n<tr class=\"row-37\">\n\t<td class=\"column-1\">MG<\/td><td class=\"column-2\">MG marvel<\/td><td class=\"column-3\">402 km<\/td><td class=\"column-4\">32.980 \u20ac<\/td>\n<\/tr>\n<tr class=\"row-38\">\n\t<td class=\"column-1\">DS<\/td><td class=\"column-2\">DS 3 e-tense performance line<\/td><td class=\"column-3\">404 km<\/td><td class=\"column-4\">27.150 \u20ac<\/td>\n<\/tr>\n<tr class=\"row-39\">\n\t<td class=\"column-1\">Honda<\/td><td class=\"column-2\">Nuevo Honda e:Ny1<\/td><td class=\"column-3\">412 km<\/td><td class=\"column-4\">52.400 \u20ac<\/td>\n<\/tr>\n<tr class=\"row-40\">\n\t<td class=\"column-1\">BYD<\/td><td class=\"column-2\">BYD Atto 3<\/td><td class=\"column-3\">420 km<\/td><td class=\"column-4\">41.400 \u20ac<\/td>\n<\/tr>\n<tr class=\"row-41\">\n\t<td class=\"column-1\">Citro\u00ebn<\/td><td class=\"column-2\">Citro\u00ebn \u00eb-C4 X El\u00e9ctrico<\/td><td class=\"column-3\">420 km<\/td><td class=\"column-4\">22.655 \u20ac<\/td>\n<\/tr>\n<tr class=\"row-42\">\n\t<td class=\"column-1\">Smart<\/td><td class=\"column-2\">Smart Pro+<\/td><td class=\"column-3\">420 km<\/td><td class=\"column-4\">43.400 \u20ac<\/td>\n<\/tr>\n<tr class=\"row-43\">\n\t<td class=\"column-1\">KIA<\/td><td class=\"column-2\">KIA ev6 gt<\/td><td class=\"column-3\">424 km<\/td><td class=\"column-4\">74.000 \u20ac<\/td>\n<\/tr>\n<tr class=\"row-44\">\n\t<td class=\"column-1\">BYD<\/td><td class=\"column-2\">BYD Dolphin<\/td><td class=\"column-3\">427 km<\/td><td class=\"column-4\">29.990 \u20ac<\/td>\n<\/tr>\n<tr class=\"row-45\">\n\t<td class=\"column-1\">Porsche<\/td><td class=\"column-2\">Porsche Taycan Sport Turismo<\/td><td class=\"column-3\">431 km<\/td><td class=\"column-4\">97.400 \u20ac<\/td>\n<\/tr>\n<tr class=\"row-46\">\n\t<td class=\"column-1\">Toyota<\/td><td class=\"column-2\">Toyota bZ4X<\/td><td class=\"column-3\">436 km<\/td><td class=\"column-4\">48.650 \u20ac<\/td>\n<\/tr>\n<tr class=\"row-47\">\n\t<td class=\"column-1\">Porsche<\/td><td class=\"column-2\">Porsche Taycan 4s Sport Turismo<\/td><td class=\"column-3\">439 km<\/td><td class=\"column-4\">119.200 \u20ac<\/td>\n<\/tr>\n<tr class=\"row-48\">\n\t<td class=\"column-1\">BMW<\/td><td class=\"column-2\">BMW ix1<\/td><td class=\"column-3\">440 km<\/td><td class=\"column-4\">56.400 \u20ac<\/td>\n<\/tr>\n<tr class=\"row-49\">\n\t<td class=\"column-1\">MG<\/td><td class=\"column-2\">MG zs ev<\/td><td class=\"column-3\">440 km<\/td><td class=\"column-4\">22.480 \u20ac<\/td>\n<\/tr>\n<tr class=\"row-50\">\n\t<td class=\"column-1\">Smart<\/td><td class=\"column-2\">Smart Launch Edition<\/td><td class=\"column-3\">440 km<\/td><td class=\"column-4\">47.200 \u20ac<\/td>\n<\/tr>\n<tr class=\"row-51\">\n\t<td class=\"column-1\">Smart<\/td><td class=\"column-2\">Smart Premium<\/td><td class=\"column-3\">440 km<\/td><td class=\"column-4\">45.900 \u20ac<\/td>\n<\/tr>\n<tr class=\"row-52\">\n\t<td class=\"column-1\">Porsche<\/td><td class=\"column-2\">Porsche Taycan<\/td><td class=\"column-3\">443 km<\/td><td class=\"column-4\">96.500 \u20ac<\/td>\n<\/tr>\n<tr class=\"row-53\">\n\t<td class=\"column-1\">Jaguar<\/td><td class=\"column-2\">jaguar I\u2011PACE R\u2011DYNAMIC HSE<\/td><td class=\"column-3\">445 km<\/td><td class=\"column-4\">102.750 \u20ac<\/td>\n<\/tr>\n<tr class=\"row-54\">\n\t<td class=\"column-1\">Jaguar<\/td><td class=\"column-2\">jaguar I\u2011PACE R\u2011DYNAMIC SE<\/td><td class=\"column-3\">448 km<\/td><td class=\"column-4\">95.000 \u20ac<\/td>\n<\/tr>\n<tr class=\"row-55\">\n\t<td class=\"column-1\">KIA<\/td><td class=\"column-2\">KIA e-soul<\/td><td class=\"column-3\">452 km<\/td><td class=\"column-4\">40.100 \u20ac<\/td>\n<\/tr>\n<tr class=\"row-56\">\n\t<td class=\"column-1\">Porsche<\/td><td class=\"column-2\">Porsche Taycan 4s<\/td><td class=\"column-3\">452 km<\/td><td class=\"column-4\">118.240 \u20ac<\/td>\n<\/tr>\n<tr class=\"row-57\">\n\t<td class=\"column-1\">Porsche<\/td><td class=\"column-2\">Porsche Turbo S Sport Turismo<\/td><td class=\"column-3\">456 km<\/td><td class=\"column-4\">204.000 \u20ac<\/td>\n<\/tr>\n<tr class=\"row-58\">\n\t<td class=\"column-1\">Porsche<\/td><td class=\"column-2\">Porsche Taycan Turbo S Cross Turismo<\/td><td class=\"column-3\">458 km<\/td><td class=\"column-4\">204.490 \u20ac<\/td>\n<\/tr>\n<tr class=\"row-59\">\n\t<td class=\"column-1\">Fiat<\/td><td class=\"column-2\">Fiat 500 e<\/td><td class=\"column-3\">460 km<\/td><td class=\"column-4\">29.900 \u20ac<\/td>\n<\/tr>\n<tr class=\"row-60\">\n\t<td class=\"column-1\">KIA<\/td><td class=\"column-2\">KIA e-niro<\/td><td class=\"column-3\">460 km<\/td><td class=\"column-4\">45.375 \u20ac<\/td>\n<\/tr>\n<tr class=\"row-61\">\n\t<td class=\"column-1\">BMW<\/td><td class=\"column-2\">BMW ix3<\/td><td class=\"column-3\">462 km<\/td><td class=\"column-4\">74.400 \u20ac<\/td>\n<\/tr>\n<tr class=\"row-62\">\n\t<td class=\"column-1\">MINI<\/td><td class=\"column-2\">MINI COUNTRYMAN<\/td><td class=\"column-3\">463 km<\/td><td class=\"column-4\">44.160 \u20ac<\/td>\n<\/tr>\n<tr class=\"row-63\">\n\t<td class=\"column-1\">Subaru<\/td><td class=\"column-2\">Subaru solterra<\/td><td class=\"column-3\">465 km<\/td><td class=\"column-4\">58.750 \u20ac<\/td>\n<\/tr>\n<tr class=\"row-64\">\n\t<td class=\"column-1\">Porsche<\/td><td class=\"column-2\">Porsche Taycan Turbo S<\/td><td class=\"column-3\">467 km<\/td><td class=\"column-4\">203.000 \u20ac<\/td>\n<\/tr>\n<tr class=\"row-65\">\n\t<td class=\"column-1\">Renault<\/td><td class=\"column-2\">Renault Megane E-Tech<\/td><td class=\"column-3\">470 km<\/td><td class=\"column-4\">36.760 \u20ac<\/td>\n<\/tr>\n<tr class=\"row-66\">\n\t<td class=\"column-1\">Volvo<\/td><td class=\"column-2\">Volvo ex30<\/td><td class=\"column-3\">480 km<\/td><td class=\"column-4\">36.770 \u20ac<\/td>\n<\/tr>\n<tr class=\"row-67\">\n\t<td class=\"column-1\">Citro\u00ebn<\/td><td class=\"column-2\">Citro\u00ebn  \u00eb-C4<\/td><td class=\"column-3\">482 km<\/td><td class=\"column-4\">37.905 \u20ac<\/td>\n<\/tr>\n<tr class=\"row-68\">\n\t<td class=\"column-1\">Audi<\/td><td class=\"column-2\">Audi sq8 sportback e-tron<\/td><td class=\"column-3\">483 km<\/td><td class=\"column-4\">109.000 \u20ac<\/td>\n<\/tr>\n<tr class=\"row-69\">\n\t<td class=\"column-1\">Porsche<\/td><td class=\"column-2\">Porsche Taycan Turbo Cross Turismo<\/td><td class=\"column-3\">483 km<\/td><td class=\"column-4\">170.600 \u20ac<\/td>\n<\/tr>\n<tr class=\"row-70\">\n\t<td class=\"column-1\">Hyundai<\/td><td class=\"column-2\">Hyundai KONA<\/td><td class=\"column-3\">484 km<\/td><td class=\"column-4\">25.190 \u20ac<\/td>\n<\/tr>\n<tr class=\"row-71\">\n\t<td class=\"column-1\">BMW<\/td><td class=\"column-2\">BMW i7 m70<\/td><td class=\"column-3\">485 km<\/td><td class=\"column-4\">186.450 \u20ac<\/td>\n<\/tr>\n<tr class=\"row-72\">\n\t<td class=\"column-1\">Porsche<\/td><td class=\"column-2\">Porsche 4 Cross Turismo<\/td><td class=\"column-3\">488 km<\/td><td class=\"column-4\">106.790 \u20ac<\/td>\n<\/tr>\n<tr class=\"row-73\">\n\t<td class=\"column-1\">Porsche<\/td><td class=\"column-2\">Porsche Taycan 4s Cross Turismo<\/td><td class=\"column-3\">488 km<\/td><td class=\"column-4\">123.680 \u20ac<\/td>\n<\/tr>\n<tr class=\"row-74\">\n\t<td class=\"column-1\">Porsche<\/td><td class=\"column-2\">Porsche Taycan GTS Sport Turismo<\/td><td class=\"column-3\">488 km<\/td><td class=\"column-4\">145.400 \u20ac<\/td>\n<\/tr>\n<tr class=\"row-75\">\n\t<td class=\"column-1\">Porsche<\/td><td class=\"column-2\">Porsche Taycan Turbo Sport Turismo<\/td><td class=\"column-3\">489 km<\/td><td class=\"column-4\">170.133 \u20ac<\/td>\n<\/tr>\n<tr class=\"row-76\">\n\t<td class=\"column-1\">Audi<\/td><td class=\"column-2\">Audi sq8 e-tron<\/td><td class=\"column-3\">494 km<\/td><td class=\"column-4\">106.500 \u20ac<\/td>\n<\/tr>\n<tr class=\"row-77\">\n\t<td class=\"column-1\">Volkswagen<\/td><td class=\"column-2\">Volkswagen id.4 gtx<\/td><td class=\"column-3\">499 km<\/td><td class=\"column-4\">60.160 \u20ac<\/td>\n<\/tr>\n<tr class=\"row-78\">\n\t<td class=\"column-1\">Ford<\/td><td class=\"column-2\">Ford Explorer<\/td><td class=\"column-3\">500 km<\/td><td class=\"column-4\">45.000 \u20ac<\/td>\n<\/tr>\n<tr class=\"row-79\">\n\t<td class=\"column-1\">Volvo<\/td><td class=\"column-2\">Volvo xc40 recharge<\/td><td class=\"column-3\">500 km<\/td><td class=\"column-4\">45.000 \u20ac<\/td>\n<\/tr>\n<tr class=\"row-80\">\n\t<td class=\"column-1\">Porsche<\/td><td class=\"column-2\">Porsche Taycan GTS<\/td><td class=\"column-3\">502 km<\/td><td class=\"column-4\">144.400 \u20ac<\/td>\n<\/tr>\n<tr class=\"row-81\">\n\t<td class=\"column-1\">Porsche<\/td><td class=\"column-2\">Porsche Taycan Turbo<\/td><td class=\"column-3\">506 km<\/td><td class=\"column-4\">169.160 \u20ac<\/td>\n<\/tr>\n<tr class=\"row-82\">\n\t<td class=\"column-1\">Hyundai<\/td><td class=\"column-2\">Hyundai IONIQ 5<\/td><td class=\"column-3\">507 km<\/td><td class=\"column-4\">39.115 \u20ac<\/td>\n<\/tr>\n<tr class=\"row-83\">\n\t<td class=\"column-1\">Volvo<\/td><td class=\"column-2\">Volvo c40 recharge<\/td><td class=\"column-3\">507 km<\/td><td class=\"column-4\">50.180 \u20ac<\/td>\n<\/tr>\n<tr class=\"row-84\">\n\t<td class=\"column-1\">Volkswagen<\/td><td class=\"column-2\">Volkswagen id.5 gtx<\/td><td class=\"column-3\">512 km<\/td><td class=\"column-4\">62.280 \u20ac<\/td>\n<\/tr>\n<tr class=\"row-85\">\n\t<td class=\"column-1\">BMW<\/td><td class=\"column-2\">BMW i5 M60 xDrive<\/td><td class=\"column-3\">516 km<\/td><td class=\"column-4\">114.250 \u20ac<\/td>\n<\/tr>\n<tr class=\"row-86\">\n\t<td class=\"column-1\">BMW<\/td><td class=\"column-2\">BMW i4 M50<\/td><td class=\"column-3\">520 km<\/td><td class=\"column-4\">79.550 \u20ac<\/td>\n<\/tr>\n<tr class=\"row-87\">\n\t<td class=\"column-1\">MG<\/td><td class=\"column-2\">MG4 electric<\/td><td class=\"column-3\">520 km<\/td><td class=\"column-4\">19.480 \u20ac<\/td>\n<\/tr>\n<tr class=\"row-88\">\n\t<td class=\"column-1\">BYD<\/td><td class=\"column-2\">BYD Han<\/td><td class=\"column-3\">521 km<\/td><td class=\"column-4\">69.990 \u20ac<\/td>\n<\/tr>\n<tr class=\"row-89\">\n\t<td class=\"column-1\">Volkswagen<\/td><td class=\"column-2\">Volkswagen id.4<\/td><td class=\"column-3\">526 km<\/td><td class=\"column-4\">51.400 \u20ac<\/td>\n<\/tr>\n<tr class=\"row-90\">\n\t<td class=\"column-1\">BYD<\/td><td class=\"column-2\">BYD Tang<\/td><td class=\"column-3\">528 km<\/td><td class=\"column-4\">69.990 \u20ac<\/td>\n<\/tr>\n<tr class=\"row-91\">\n\t<td class=\"column-1\">KIA<\/td><td class=\"column-2\">KIA ev6 el\u00e9ctrico<\/td><td class=\"column-3\">528 km<\/td><td class=\"column-4\">52.800 \u20ac<\/td>\n<\/tr>\n<tr class=\"row-92\">\n\t<td class=\"column-1\">Tesla<\/td><td class=\"column-2\">Tesla Model Y<\/td><td class=\"column-3\">533 km<\/td><td class=\"column-4\">47.470 \u20ac<\/td>\n<\/tr>\n<tr class=\"row-93\">\n\t<td class=\"column-1\">Volkswagen<\/td><td class=\"column-2\">Volkswagen id.5<\/td><td class=\"column-3\">534 km<\/td><td class=\"column-4\">53.790 \u20ac<\/td>\n<\/tr>\n<tr class=\"row-94\">\n\t<td class=\"column-1\">Nissan<\/td><td class=\"column-2\">Nissan Ariya<\/td><td class=\"column-3\">536 km<\/td><td class=\"column-4\">47.700 \u20ac<\/td>\n<\/tr>\n<tr class=\"row-95\">\n\t<td class=\"column-1\">Tesla<\/td><td class=\"column-2\">Tesla Model X<\/td><td class=\"column-3\">543 km<\/td><td class=\"column-4\">117.470 \u20ac<\/td>\n<\/tr>\n<tr class=\"row-96\">\n\t<td class=\"column-1\">Skoda<\/td><td class=\"column-2\">Skoda Enyaq<\/td><td class=\"column-3\">544 km<\/td><td class=\"column-4\">44.700 \u20ac<\/td>\n<\/tr>\n<tr class=\"row-97\">\n\t<td class=\"column-1\">Skoda<\/td><td class=\"column-2\">Skoda Enyaw Coupe<\/td><td class=\"column-3\">544 km<\/td><td class=\"column-4\">46.500 \u20ac<\/td>\n<\/tr>\n<tr class=\"row-98\">\n\t<td class=\"column-1\">Cupra<\/td><td class=\"column-2\">Cupra Born<\/td><td class=\"column-3\">549 km<\/td><td class=\"column-4\">42.800 \u20ac<\/td>\n<\/tr>\n<tr class=\"row-99\">\n\t<td class=\"column-1\">Volkswagen<\/td><td class=\"column-2\">Volkswagen id.3<\/td><td class=\"column-3\">559 km<\/td><td class=\"column-4\">42.600 \u20ac<\/td>\n<\/tr>\n<tr class=\"row-100\">\n\t<td class=\"column-1\">BMW<\/td><td class=\"column-2\">BMW iX M60<\/td><td class=\"column-3\">566 km<\/td><td class=\"column-4\">140.400 \u20ac<\/td>\n<\/tr>\n<tr class=\"row-101\">\n\t<td class=\"column-1\">BYD<\/td><td class=\"column-2\">BYD Seal<\/td><td class=\"column-3\">570 km<\/td><td class=\"column-4\">46.990 \u20ac<\/td>\n<\/tr>\n<tr class=\"row-102\">\n\t<td class=\"column-1\">Audi<\/td><td class=\"column-2\">Audi q8 e-tron<\/td><td class=\"column-3\">576 km<\/td><td class=\"column-4\">84.600 \u20ac<\/td>\n<\/tr>\n<tr class=\"row-103\">\n\t<td class=\"column-1\">BMW<\/td><td class=\"column-2\">BMW i5<\/td><td class=\"column-3\">579 km<\/td><td class=\"column-4\">70.000 \u20ac<\/td>\n<\/tr>\n<tr class=\"row-104\">\n\t<td class=\"column-1\">BMW<\/td><td class=\"column-2\">BMW i4 M50<\/td><td class=\"column-3\">590 km<\/td><td class=\"column-4\">57.350 \u20ac<\/td>\n<\/tr>\n<tr class=\"row-105\">\n\t<td class=\"column-1\">Audi<\/td><td class=\"column-2\">Audi q8 sportback e-tron<\/td><td class=\"column-3\">595 km<\/td><td class=\"column-4\">73.300 \u20ac<\/td>\n<\/tr>\n<tr class=\"row-106\">\n\t<td class=\"column-1\">Fiat<\/td><td class=\"column-2\">Fiat 600e<\/td><td class=\"column-3\">600 km<\/td><td class=\"column-4\">35.950 \u20ac<\/td>\n<\/tr>\n<tr class=\"row-107\">\n\t<td class=\"column-1\">Ford<\/td><td class=\"column-2\">Ford MUSTANG MACH-E AWD<\/td><td class=\"column-3\">600 km<\/td><td class=\"column-4\">52.835 \u20ac<\/td>\n<\/tr>\n<tr class=\"row-108\">\n\t<td class=\"column-1\">Tesla<\/td><td class=\"column-2\">Tesla Model S<\/td><td class=\"column-3\">600 km<\/td><td class=\"column-4\">108.470 \u20ac<\/td>\n<\/tr>\n<tr class=\"row-109\">\n\t<td class=\"column-1\">Volvo<\/td><td class=\"column-2\">Volvo ex90<\/td><td class=\"column-3\">600 km<\/td><td class=\"column-4\">85.420 \u20ac<\/td>\n<\/tr>\n<tr class=\"row-110\">\n\t<td class=\"column-1\">Polestar<\/td><td class=\"column-2\">Polestar 3<\/td><td class=\"column-3\">610 km<\/td><td class=\"column-4\">92.900 \u20ac<\/td>\n<\/tr>\n<tr class=\"row-111\">\n\t<td class=\"column-1\">Hyundai<\/td><td class=\"column-2\">Hyundai IONIQ 6<\/td><td class=\"column-3\">614 km<\/td><td class=\"column-4\">40.200 \u20ac<\/td>\n<\/tr>\n<tr class=\"row-112\">\n\t<td class=\"column-1\">BMW<\/td><td class=\"column-2\">BMW i7<\/td><td class=\"column-3\">625 km<\/td><td class=\"column-4\">115.500 \u20ac<\/td>\n<\/tr>\n<tr class=\"row-113\">\n\t<td class=\"column-1\">Tesla<\/td><td class=\"column-2\">Tesla Model 3<\/td><td class=\"column-3\">629 km<\/td><td class=\"column-4\">40.970 \u20ac<\/td>\n<\/tr>\n<tr class=\"row-114\">\n\t<td class=\"column-1\">BMW<\/td><td class=\"column-2\">BMW iX Edition Sport<\/td><td class=\"column-3\">633 km<\/td><td class=\"column-4\">87.150 \u20ac<\/td>\n<\/tr>\n<tr class=\"row-115\">\n\t<td class=\"column-1\">Mercedes<\/td><td class=\"column-2\">Mercedes EQB 250<\/td><td class=\"column-3\">641 km<\/td><td class=\"column-4\">57.000 \u20ac<\/td>\n<\/tr>\n<tr class=\"row-116\">\n\t<td class=\"column-1\">Polestar<\/td><td class=\"column-2\">Polestar 2<\/td><td class=\"column-3\">654 km<\/td><td class=\"column-4\">52.900 \u20ac<\/td>\n<\/tr>\n<tr class=\"row-117\">\n\t<td class=\"column-1\">Mercedes<\/td><td class=\"column-2\">Mercedes EQE SUV<\/td><td class=\"column-3\">666 km<\/td><td class=\"column-4\">91.600 \u20ac<\/td>\n<\/tr>\n<tr class=\"row-118\">\n\t<td class=\"column-1\">Mercedes<\/td><td class=\"column-2\">Mercedes EQA 350 4MATIC<\/td><td class=\"column-3\">675 km<\/td><td class=\"column-4\">55.530 \u20ac<\/td>\n<\/tr>\n<tr class=\"row-119\">\n\t<td class=\"column-1\">Mercedes<\/td><td class=\"column-2\">Mercedes eqe berlina<\/td><td class=\"column-3\">685 km<\/td><td class=\"column-4\">77.600 \u20ac<\/td>\n<\/tr>\n<tr class=\"row-120\">\n\t<td class=\"column-1\">Mercedes<\/td><td class=\"column-2\">Mercedes EQS 450 4MATIC SUV<\/td><td class=\"column-3\">694 km<\/td><td class=\"column-4\">145.000 \u20ac<\/td>\n<\/tr>\n<tr class=\"row-121\">\n\t<td class=\"column-1\">Mercedes<\/td><td class=\"column-2\">Mercedes eqs<\/td><td class=\"column-3\">776 km<\/td><td class=\"column-4\">124.400 \u20ac<\/td>\n<\/tr>\n<\/tbody>\n<\/table>\n<!-- #tablepress-1 from cache -->\n\n\n<p>\u062a\u0630\u0643\u0631 \u0623\u0646 \u0647\u0630\u0647 <strong>\u0628\u064a\u0627\u0646\u0627\u062a \u0625\u0631\u0634\u0627\u062f\u064a\u0629<\/strong> \u0648\u0623\u0646 \u0645\u062f\u0649 \u0627\u0644\u0633\u064a\u0631 \u0642\u062f \u064a\u0646\u062e\u0641\u0636 \u0627\u0639\u062a\u0645\u0627\u062f\u064b\u0627 \u0639\u0644\u0649 \u0639\u0648\u0627\u0645\u0644 \u0645\u0639\u064a\u0646\u0629\u060c \u0648\u0623\u0646 \u0627\u0644\u0633\u0639\u0631 \u0642\u062f \u064a\u0631\u062a\u0641\u0639 \u0648\u0641\u0642\u064b\u0627 \u0644\u062a\u0641\u0636\u064a\u0644\u0627\u062a\u0643 \u0641\u064a \u0625\u0639\u062f\u0627\u062f\u0627\u062a \u0627\u0644\u0646\u0645\u0648\u0630\u062c. \u0646\u0623\u0645\u0644 \u0623\u0646 \u062a\u0643\u0648\u0646 \u0647\u0630\u0647 \u0627\u0644\u062f\u0631\u0627\u0633\u0629 \u0645\u0641\u064a\u062f\u0629 \u0644\u0643 \u0641\u064a \u062a\u0648\u062c\u064a\u0647\u0643 \u0641\u064a \u0627\u0644\u0633\u0648\u0642 \u0648\u062a\u0633\u0627\u0639\u062f\u0643 \u0639\u0646\u062f \u0634\u0631\u0627\u0621 \u0633\u064a\u0627\u0631\u062a\u0643 \u0627\u0644\u0643\u0647\u0631\u0628\u0627\u0626\u064a\u0629 \u0627\u0644\u062c\u062f\u064a\u062f\u0629. \u0647\u0644 \u062a\u0641\u062a\u0642\u062f \u0623\u064a \u0639\u0644\u0627\u0645\u0629 \u062a\u062c\u0627\u0631\u064a\u0629 \u0623\u0648 \u0646\u0645\u0648\u0630\u062c\u061f \u0627\u062a\u0631\u0643 \u0644\u0646\u0627 \u062a\u0639\u0644\u064a\u0642\u064b\u0627 \u0648\u0633\u0646\u0642\u0648\u0645 \u0628\u062a\u0648\u0633\u064a\u0639 \u0627\u0644\u0645\u062d\u062a\u0648\u0649!<\/p>","protected":false},"excerpt":{"rendered":"<p>\u0641\u064a \u0639\u0627\u0644\u0645 \u064a\u062a\u0637\u0648\u0631 \u0628\u0627\u0633\u062a\u0645\u0631\u0627\u0631 \u0646\u062d\u0648 \u0627\u0644\u0627\u0633\u062a\u062f\u0627\u0645\u0629 \u0648\u0643\u0641\u0627\u0621\u0629 \u0627\u0644\u0637\u0627\u0642\u0629\u060c \u0623\u0635\u0628\u062d\u062a \u0627\u0644\u0645\u0631\u0643\u0628\u0627\u062a \u0627\u0644\u0643\u0647\u0631\u0628\u0627\u0626\u064a\u0629 \u062e\u064a\u0627\u0631\u064b\u0627 \u062c\u0630\u0627\u0628\u064b\u0627 \u0628\u0634\u0643\u0644 \u0645\u062a\u0632\u0627\u064a\u062f \u0644\u0644\u0633\u0627\u0626\u0642\u064a\u0646 \u0627\u0644\u0648\u0627\u0639\u064a\u0646 \u0628\u0627\u0644\u0628\u064a\u0626\u0629 \u0648\u0645\u0633\u062a\u0642\u0628\u0644 \u0627\u0644\u062a\u0646\u0642\u0644. \u0641\u064a \u0625\u0633\u0628\u0627\u0646\u064a\u0627\u060c \u0634\u0647\u062f\u062a \u0627\u0644\u0637\u0644\u0628 \u0639\u0644\u0649 \u0627\u0644\u0633\u064a\u0627\u0631\u0627\u062a \u0627\u0644\u0643\u0647\u0631\u0628\u0627\u0626\u064a\u0629 \u0646\u0645\u0648\u0627\u064b \u0645\u0644\u062d\u0648\u0638\u0627\u064b \u0641\u064a \u0627\u0644\u0633\u0646\u0648\u0627\u062a \u0627\u0644\u0623\u062e\u064a\u0631\u0629. \u0648\u0642\u062f \u0623\u062f\u0649 \u0630\u0644\u0643 \u0625\u0644\u0649 \u0632\u064a\u0627\u062f\u0629 \u0641\u064a \u0639\u0631\u0636 \u0627\u0644\u0646\u0645\u0627\u0630\u062c \u0641\u064a \u0627\u0644\u0633\u0648\u0642. \u0627\u062b\u0646\u0627\u0646 \u0645\u0646 \u0623\u0643\u062b\u0631 \u0627\u0644\u0634\u0643\u0648\u0643 \u0634\u064a\u0648\u0639\u0627\u064b \u0639\u0646\u062f \u0634\u0631\u0627\u0621 \u0633\u064a\u0627\u0631\u0629 \u0643\u0647\u0631\u0628\u0627\u0626\u064a\u0629 \u0647\u0645\u0627 \u0627\u0644\u0633\u0639\u0631 \u0648\u0627\u0644\u0645\u062f\u0649. \u0641\u064a &#8230; <a title=\"\u0645\u062f\u0649 \u0648\u0633\u0639\u0631 \u0627\u0644\u0633\u064a\u0627\u0631\u0627\u062a \u0627\u0644\u0643\u0647\u0631\u0628\u0627\u0626\u064a\u0629 \u0627\u0644\u0645\u062a\u0627\u062d\u0629 \u0641\u064a \u0625\u0633\u0628\u0627\u0646\u064a\u0627\" class=\"read-more\" href=\"https:\/\/v2charge.com\/ar\/autonomia-precio-coches-electricos-espana-ar\/\" aria-label=\"Read more about \u0645\u062f\u0649 \u0648\u0633\u0639\u0631 \u0627\u0644\u0633\u064a\u0627\u0631\u0627\u062a \u0627\u0644\u0643\u0647\u0631\u0628\u0627\u0626\u064a\u0629 \u0627\u0644\u0645\u062a\u0627\u062d\u0629 \u0641\u064a \u0625\u0633\u0628\u0627\u0646\u064a\u0627\">Read more<\/a><\/p>\n","protected":false},"author":400,"featured_media":119873,"comment_status":"closed","ping_status":"closed","sticky":false,"template":"","format":"standard","meta":{"_eb_attr":"","content-type":"","_uag_custom_page_level_css":"","footnotes":""},"categories":[],"tags":[],"class_list":["post-319696","post","type-post","status-publish","format-standard","has-post-thumbnail","hentry"],"yoast_head":"<!-- This site is optimized with the Yoast SEO plugin v25.3.1 - https:\/\/yoast.com\/wordpress\/plugins\/seo\/ -->\n<title>\u0633\u0639\u0631 \u0648\u0645\u062f\u0649 \u0627\u0644\u0633\u064a\u0627\u0631\u0627\u062a \u0627\u0644\u0643\u0647\u0631\u0628\u0627\u0626\u064a\u0629 [\u062c\u062f\u0648\u0644 \u0643\u0627\u0645\u0644] | V2C<\/title>\n<meta name=\"description\" content=\"\u0644\u0642\u062f \u0623\u062c\u0631\u064a\u0646\u0627 \u062f\u0631\u0627\u0633\u0629 \u0639\u0646 \u062c\u0645\u064a\u0639 \u0627\u0644\u0633\u064a\u0627\u0631\u0627\u062a \u0627\u0644\u0643\u0647\u0631\u0628\u0627\u0626\u064a\u0629 \u0627\u0644\u0645\u062a\u0627\u062d\u0629 \u0641\u064a \u0625\u0633\u0628\u0627\u0646\u064a\u0627. \u0625\u0644\u064a\u0643 \u0623\u0633\u0639\u0627\u0631\u0647\u0627 \u0648\u0645\u062f\u0649 \u0627\u0633\u062a\u0642\u0644\u0627\u0644\u064a\u062a\u0647\u0627. [\u0645\u062d\u062f\u062b 2023]\" \/>\n<meta name=\"robots\" content=\"index, follow, max-snippet:-1, max-image-preview:large, max-video-preview:-1\" \/>\n<link rel=\"canonical\" href=\"https:\/\/v2charge.com\/ar\/autonomia-precio-coches-electricos-espana-ar\/\" \/>\n<meta property=\"og:locale\" content=\"ar_AR\" \/>\n<meta property=\"og:type\" content=\"article\" \/>\n<meta property=\"og:title\" content=\"\u0633\u0639\u0631 \u0648\u0645\u062f\u0649 \u0627\u0644\u0633\u064a\u0627\u0631\u0627\u062a \u0627\u0644\u0643\u0647\u0631\u0628\u0627\u0626\u064a\u0629 [\u062c\u062f\u0648\u0644 \u0643\u0627\u0645\u0644] | V2C\" \/>\n<meta property=\"og:description\" content=\"\u0644\u0642\u062f \u0623\u062c\u0631\u064a\u0646\u0627 \u062f\u0631\u0627\u0633\u0629 \u0639\u0646 \u062c\u0645\u064a\u0639 \u0627\u0644\u0633\u064a\u0627\u0631\u0627\u062a \u0627\u0644\u0643\u0647\u0631\u0628\u0627\u0626\u064a\u0629 \u0627\u0644\u0645\u062a\u0627\u062d\u0629 \u0641\u064a \u0625\u0633\u0628\u0627\u0646\u064a\u0627. \u0625\u0644\u064a\u0643 \u0623\u0633\u0639\u0627\u0631\u0647\u0627 \u0648\u0645\u062f\u0649 \u0627\u0633\u062a\u0642\u0644\u0627\u0644\u064a\u062a\u0647\u0627. [\u0645\u062d\u062f\u062b 2023]\" \/>\n<meta property=\"og:url\" content=\"https:\/\/v2charge.com\/ar\/autonomia-precio-coches-electricos-espana-ar\/\" \/>\n<meta property=\"og:site_name\" content=\"V2C\" \/>\n<meta property=\"article:publisher\" content=\"https:\/\/www.facebook.com\/V2C.Charge\" \/>\n<meta property=\"article:published_time\" content=\"2023-09-11T07:00:00+00:00\" \/>\n<meta property=\"article:modified_time\" content=\"2023-09-11T07:28:24+00:00\" \/>\n<meta property=\"og:image\" content=\"https:\/\/v2charge.com\/wp-content\/uploads\/2023\/09\/autonomia-precio-coches-electricos.jpg\" \/>\n\t<meta property=\"og:image:width\" content=\"1200\" \/>\n\t<meta property=\"og:image:height\" content=\"700\" \/>\n\t<meta property=\"og:image:type\" content=\"image\/jpeg\" \/>\n<meta name=\"author\" content=\"V2C\" \/>\n<meta name=\"twitter:card\" content=\"summary_large_image\" \/>\n<meta name=\"twitter:creator\" content=\"@V2C_Charge\" \/>\n<meta name=\"twitter:site\" content=\"@V2C_Charge\" \/>\n<meta name=\"twitter:label1\" content=\"Written by\" \/>\n\t<meta name=\"twitter:data1\" content=\"V2C\" \/>\n\t<meta name=\"twitter:label2\" content=\"Est. reading time\" \/>\n\t<meta name=\"twitter:data2\" content=\"\u062f\u0642\u064a\u0642\u062a\u0627\u0646\" \/>\n<script type=\"application\/ld+json\" class=\"yoast-schema-graph\">{\"@context\":\"https:\/\/schema.org\",\"@graph\":[{\"@type\":\"Article\",\"@id\":\"https:\/\/v2charge.com\/ar\/autonomia-precio-coches-electricos-espana-ar\/#article\",\"isPartOf\":{\"@id\":\"https:\/\/v2charge.com\/ar\/autonomia-precio-coches-electricos-espana-ar\/\"},\"author\":{\"name\":\"V2C\",\"@id\":\"https:\/\/v2charge.com\/ar\/#\/schema\/person\/d6f210a94a856acdddec347b2127fd0f\"},\"headline\":\"\u0645\u062f\u0649 \u0648\u0633\u0639\u0631 \u0627\u0644\u0633\u064a\u0627\u0631\u0627\u062a \u0627\u0644\u0643\u0647\u0631\u0628\u0627\u0626\u064a\u0629 \u0627\u0644\u0645\u062a\u0627\u062d\u0629 \u0641\u064a \u0625\u0633\u0628\u0627\u0646\u064a\u0627\",\"datePublished\":\"2023-09-11T07:00:00+00:00\",\"dateModified\":\"2023-09-11T07:28:24+00:00\",\"mainEntityOfPage\":{\"@id\":\"https:\/\/v2charge.com\/ar\/autonomia-precio-coches-electricos-espana-ar\/\"},\"wordCount\":4,\"publisher\":{\"@id\":\"https:\/\/v2charge.com\/ar\/#organization\"},\"image\":{\"@id\":\"https:\/\/v2charge.com\/ar\/autonomia-precio-coches-electricos-espana-ar\/#primaryimage\"},\"thumbnailUrl\":\"https:\/\/v2charge.com\/wp-content\/uploads\/2023\/09\/autonomia-precio-coches-electricos.jpg\",\"inLanguage\":\"ar\"},{\"@type\":\"WebPage\",\"@id\":\"https:\/\/v2charge.com\/ar\/autonomia-precio-coches-electricos-espana-ar\/\",\"url\":\"https:\/\/v2charge.com\/ar\/autonomia-precio-coches-electricos-espana-ar\/\",\"name\":\"\u0633\u0639\u0631 \u0648\u0645\u062f\u0649 \u0627\u0644\u0633\u064a\u0627\u0631\u0627\u062a \u0627\u0644\u0643\u0647\u0631\u0628\u0627\u0626\u064a\u0629 [\u062c\u062f\u0648\u0644 \u0643\u0627\u0645\u0644] | V2C\",\"isPartOf\":{\"@id\":\"https:\/\/v2charge.com\/ar\/#website\"},\"primaryImageOfPage\":{\"@id\":\"https:\/\/v2charge.com\/ar\/autonomia-precio-coches-electricos-espana-ar\/#primaryimage\"},\"image\":{\"@id\":\"https:\/\/v2charge.com\/ar\/autonomia-precio-coches-electricos-espana-ar\/#primaryimage\"},\"thumbnailUrl\":\"https:\/\/v2charge.com\/wp-content\/uploads\/2023\/09\/autonomia-precio-coches-electricos.jpg\",\"datePublished\":\"2023-09-11T07:00:00+00:00\",\"dateModified\":\"2023-09-11T07:28:24+00:00\",\"description\":\"\u0644\u0642\u062f \u0623\u062c\u0631\u064a\u0646\u0627 \u062f\u0631\u0627\u0633\u0629 \u0639\u0646 \u062c\u0645\u064a\u0639 \u0627\u0644\u0633\u064a\u0627\u0631\u0627\u062a \u0627\u0644\u0643\u0647\u0631\u0628\u0627\u0626\u064a\u0629 \u0627\u0644\u0645\u062a\u0627\u062d\u0629 \u0641\u064a \u0625\u0633\u0628\u0627\u0646\u064a\u0627. \u0625\u0644\u064a\u0643 \u0623\u0633\u0639\u0627\u0631\u0647\u0627 \u0648\u0645\u062f\u0649 \u0627\u0633\u062a\u0642\u0644\u0627\u0644\u064a\u062a\u0647\u0627. [\u0645\u062d\u062f\u062b 2023]\",\"breadcrumb\":{\"@id\":\"https:\/\/v2charge.com\/ar\/autonomia-precio-coches-electricos-espana-ar\/#breadcrumb\"},\"inLanguage\":\"ar\",\"potentialAction\":[{\"@type\":\"ReadAction\",\"target\":[\"https:\/\/v2charge.com\/ar\/autonomia-precio-coches-electricos-espana-ar\/\"]}]},{\"@type\":\"ImageObject\",\"inLanguage\":\"ar\",\"@id\":\"https:\/\/v2charge.com\/ar\/autonomia-precio-coches-electricos-espana-ar\/#primaryimage\",\"url\":\"https:\/\/v2charge.com\/wp-content\/uploads\/2023\/09\/autonomia-precio-coches-electricos.jpg\",\"contentUrl\":\"https:\/\/v2charge.com\/wp-content\/uploads\/2023\/09\/autonomia-precio-coches-electricos.jpg\",\"width\":1200,\"height\":700,\"caption\":\"autonom\u00eda y precio coches el\u00e9ctricos\"},{\"@type\":\"BreadcrumbList\",\"@id\":\"https:\/\/v2charge.com\/ar\/autonomia-precio-coches-electricos-espana-ar\/#breadcrumb\",\"itemListElement\":[{\"@type\":\"ListItem\",\"position\":1,\"name\":\"V2C\",\"item\":\"https:\/\/v2charge.com\/ar\/\"},{\"@type\":\"ListItem\",\"position\":2,\"name\":\"\u063a\u064a\u0631 \u0645\u0635\u0646\u0641\",\"item\":\"https:\/\/v2charge.com\/ar\/%d8%ba%d9%8a%d8%b1-%d9%85%d8%b5%d9%86%d9%81\/\"},{\"@type\":\"ListItem\",\"position\":3,\"name\":\"\u0645\u062f\u0649 \u0648\u0633\u0639\u0631 \u0627\u0644\u0633\u064a\u0627\u0631\u0627\u062a \u0627\u0644\u0643\u0647\u0631\u0628\u0627\u0626\u064a\u0629 \u0627\u0644\u0645\u062a\u0627\u062d\u0629 \u0641\u064a \u0625\u0633\u0628\u0627\u0646\u064a\u0627\"}]},{\"@type\":\"WebSite\",\"@id\":\"https:\/\/v2charge.com\/ar\/#website\",\"url\":\"https:\/\/v2charge.com\/ar\/\",\"name\":\"V2C\",\"description\":\"#CargandoElMa\u00f1ana\",\"publisher\":{\"@id\":\"https:\/\/v2charge.com\/ar\/#organization\"},\"potentialAction\":[{\"@type\":\"SearchAction\",\"target\":{\"@type\":\"EntryPoint\",\"urlTemplate\":\"https:\/\/v2charge.com\/ar\/?s={search_term_string}\"},\"query-input\":{\"@type\":\"PropertyValueSpecification\",\"valueRequired\":true,\"valueName\":\"search_term_string\"}}],\"inLanguage\":\"ar\"},{\"@type\":\"Organization\",\"@id\":\"https:\/\/v2charge.com\/ar\/#organization\",\"name\":\"V2C\",\"url\":\"https:\/\/v2charge.com\/ar\/\",\"logo\":{\"@type\":\"ImageObject\",\"inLanguage\":\"ar\",\"@id\":\"https:\/\/v2charge.com\/ar\/#\/schema\/logo\/image\/\",\"url\":\"https:\/\/v2charge.com\/wp-content\/uploads\/2024\/11\/cropped-v2c-charge-logo-menu.png\",\"contentUrl\":\"https:\/\/v2charge.com\/wp-content\/uploads\/2024\/11\/cropped-v2c-charge-logo-menu.png\",\"width\":984,\"height\":431,\"caption\":\"V2C\"},\"image\":{\"@id\":\"https:\/\/v2charge.com\/ar\/#\/schema\/logo\/image\/\"},\"sameAs\":[\"https:\/\/www.facebook.com\/V2C.Charge\",\"https:\/\/x.com\/V2C_Charge\",\"https:\/\/www.instagram.com\/v2c.charge\/\",\"https:\/\/www.youtube.com\/@V2C\",\"https:\/\/www.linkedin.com\/company\/v2c-chargers\/\"]},{\"@type\":\"Person\",\"@id\":\"https:\/\/v2charge.com\/ar\/#\/schema\/person\/d6f210a94a856acdddec347b2127fd0f\",\"name\":\"V2C\",\"image\":{\"@type\":\"ImageObject\",\"inLanguage\":\"ar\",\"@id\":\"https:\/\/v2charge.com\/ar\/#\/schema\/person\/image\/\",\"url\":\"https:\/\/secure.gravatar.com\/avatar\/a91128c4c0d2f4d63bd586301fdec6cc9aa49c885839b25d1c62700f529f267c?s=96&d=mm&r=g\",\"contentUrl\":\"https:\/\/secure.gravatar.com\/avatar\/a91128c4c0d2f4d63bd586301fdec6cc9aa49c885839b25d1c62700f529f267c?s=96&d=mm&r=g\",\"caption\":\"V2C\"}}]}<\/script>\n<!-- \/ Yoast SEO plugin. -->","yoast_head_json":{"title":"\u0633\u0639\u0631 \u0648\u0645\u062f\u0649 \u0627\u0644\u0633\u064a\u0627\u0631\u0627\u062a \u0627\u0644\u0643\u0647\u0631\u0628\u0627\u0626\u064a\u0629 [\u062c\u062f\u0648\u0644 \u0643\u0627\u0645\u0644] | V2C","description":"\u0644\u0642\u062f \u0623\u062c\u0631\u064a\u0646\u0627 \u062f\u0631\u0627\u0633\u0629 \u0639\u0646 \u062c\u0645\u064a\u0639 \u0627\u0644\u0633\u064a\u0627\u0631\u0627\u062a \u0627\u0644\u0643\u0647\u0631\u0628\u0627\u0626\u064a\u0629 \u0627\u0644\u0645\u062a\u0627\u062d\u0629 \u0641\u064a \u0625\u0633\u0628\u0627\u0646\u064a\u0627. \u0625\u0644\u064a\u0643 \u0623\u0633\u0639\u0627\u0631\u0647\u0627 \u0648\u0645\u062f\u0649 \u0627\u0633\u062a\u0642\u0644\u0627\u0644\u064a\u062a\u0647\u0627. [\u0645\u062d\u062f\u062b 2023]","robots":{"index":"index","follow":"follow","max-snippet":"max-snippet:-1","max-image-preview":"max-image-preview:large","max-video-preview":"max-video-preview:-1"},"canonical":"https:\/\/v2charge.com\/ar\/autonomia-precio-coches-electricos-espana-ar\/","og_locale":"ar_AR","og_type":"article","og_title":"\u0633\u0639\u0631 \u0648\u0645\u062f\u0649 \u0627\u0644\u0633\u064a\u0627\u0631\u0627\u062a \u0627\u0644\u0643\u0647\u0631\u0628\u0627\u0626\u064a\u0629 [\u062c\u062f\u0648\u0644 \u0643\u0627\u0645\u0644] | V2C","og_description":"\u0644\u0642\u062f \u0623\u062c\u0631\u064a\u0646\u0627 \u062f\u0631\u0627\u0633\u0629 \u0639\u0646 \u062c\u0645\u064a\u0639 \u0627\u0644\u0633\u064a\u0627\u0631\u0627\u062a \u0627\u0644\u0643\u0647\u0631\u0628\u0627\u0626\u064a\u0629 \u0627\u0644\u0645\u062a\u0627\u062d\u0629 \u0641\u064a \u0625\u0633\u0628\u0627\u0646\u064a\u0627. \u0625\u0644\u064a\u0643 \u0623\u0633\u0639\u0627\u0631\u0647\u0627 \u0648\u0645\u062f\u0649 \u0627\u0633\u062a\u0642\u0644\u0627\u0644\u064a\u062a\u0647\u0627. [\u0645\u062d\u062f\u062b 2023]","og_url":"https:\/\/v2charge.com\/ar\/autonomia-precio-coches-electricos-espana-ar\/","og_site_name":"V2C","article_publisher":"https:\/\/www.facebook.com\/V2C.Charge","article_published_time":"2023-09-11T07:00:00+00:00","article_modified_time":"2023-09-11T07:28:24+00:00","og_image":[{"width":1200,"height":700,"url":"https:\/\/v2charge.com\/wp-content\/uploads\/2023\/09\/autonomia-precio-coches-electricos.jpg","type":"image\/jpeg"}],"author":"V2C","twitter_card":"summary_large_image","twitter_creator":"@V2C_Charge","twitter_site":"@V2C_Charge","twitter_misc":{"Written by":"V2C","Est. reading time":"\u062f\u0642\u064a\u0642\u062a\u0627\u0646"},"schema":{"@context":"https:\/\/schema.org","@graph":[{"@type":"Article","@id":"https:\/\/v2charge.com\/ar\/autonomia-precio-coches-electricos-espana-ar\/#article","isPartOf":{"@id":"https:\/\/v2charge.com\/ar\/autonomia-precio-coches-electricos-espana-ar\/"},"author":{"name":"V2C","@id":"https:\/\/v2charge.com\/ar\/#\/schema\/person\/d6f210a94a856acdddec347b2127fd0f"},"headline":"\u0645\u062f\u0649 \u0648\u0633\u0639\u0631 \u0627\u0644\u0633\u064a\u0627\u0631\u0627\u062a \u0627\u0644\u0643\u0647\u0631\u0628\u0627\u0626\u064a\u0629 \u0627\u0644\u0645\u062a\u0627\u062d\u0629 \u0641\u064a \u0625\u0633\u0628\u0627\u0646\u064a\u0627","datePublished":"2023-09-11T07:00:00+00:00","dateModified":"2023-09-11T07:28:24+00:00","mainEntityOfPage":{"@id":"https:\/\/v2charge.com\/ar\/autonomia-precio-coches-electricos-espana-ar\/"},"wordCount":4,"publisher":{"@id":"https:\/\/v2charge.com\/ar\/#organization"},"image":{"@id":"https:\/\/v2charge.com\/ar\/autonomia-precio-coches-electricos-espana-ar\/#primaryimage"},"thumbnailUrl":"https:\/\/v2charge.com\/wp-content\/uploads\/2023\/09\/autonomia-precio-coches-electricos.jpg","inLanguage":"ar"},{"@type":"WebPage","@id":"https:\/\/v2charge.com\/ar\/autonomia-precio-coches-electricos-espana-ar\/","url":"https:\/\/v2charge.com\/ar\/autonomia-precio-coches-electricos-espana-ar\/","name":"\u0633\u0639\u0631 \u0648\u0645\u062f\u0649 \u0627\u0644\u0633\u064a\u0627\u0631\u0627\u062a \u0627\u0644\u0643\u0647\u0631\u0628\u0627\u0626\u064a\u0629 [\u062c\u062f\u0648\u0644 \u0643\u0627\u0645\u0644] | V2C","isPartOf":{"@id":"https:\/\/v2charge.com\/ar\/#website"},"primaryImageOfPage":{"@id":"https:\/\/v2charge.com\/ar\/autonomia-precio-coches-electricos-espana-ar\/#primaryimage"},"image":{"@id":"https:\/\/v2charge.com\/ar\/autonomia-precio-coches-electricos-espana-ar\/#primaryimage"},"thumbnailUrl":"https:\/\/v2charge.com\/wp-content\/uploads\/2023\/09\/autonomia-precio-coches-electricos.jpg","datePublished":"2023-09-11T07:00:00+00:00","dateModified":"2023-09-11T07:28:24+00:00","description":"\u0644\u0642\u062f \u0623\u062c\u0631\u064a\u0646\u0627 \u062f\u0631\u0627\u0633\u0629 \u0639\u0646 \u062c\u0645\u064a\u0639 \u0627\u0644\u0633\u064a\u0627\u0631\u0627\u062a \u0627\u0644\u0643\u0647\u0631\u0628\u0627\u0626\u064a\u0629 \u0627\u0644\u0645\u062a\u0627\u062d\u0629 \u0641\u064a \u0625\u0633\u0628\u0627\u0646\u064a\u0627. \u0625\u0644\u064a\u0643 \u0623\u0633\u0639\u0627\u0631\u0647\u0627 \u0648\u0645\u062f\u0649 \u0627\u0633\u062a\u0642\u0644\u0627\u0644\u064a\u062a\u0647\u0627. [\u0645\u062d\u062f\u062b 2023]","breadcrumb":{"@id":"https:\/\/v2charge.com\/ar\/autonomia-precio-coches-electricos-espana-ar\/#breadcrumb"},"inLanguage":"ar","potentialAction":[{"@type":"ReadAction","target":["https:\/\/v2charge.com\/ar\/autonomia-precio-coches-electricos-espana-ar\/"]}]},{"@type":"ImageObject","inLanguage":"ar","@id":"https:\/\/v2charge.com\/ar\/autonomia-precio-coches-electricos-espana-ar\/#primaryimage","url":"https:\/\/v2charge.com\/wp-content\/uploads\/2023\/09\/autonomia-precio-coches-electricos.jpg","contentUrl":"https:\/\/v2charge.com\/wp-content\/uploads\/2023\/09\/autonomia-precio-coches-electricos.jpg","width":1200,"height":700,"caption":"autonom\u00eda y precio coches el\u00e9ctricos"},{"@type":"BreadcrumbList","@id":"https:\/\/v2charge.com\/ar\/autonomia-precio-coches-electricos-espana-ar\/#breadcrumb","itemListElement":[{"@type":"ListItem","position":1,"name":"V2C","item":"https:\/\/v2charge.com\/ar\/"},{"@type":"ListItem","position":2,"name":"\u063a\u064a\u0631 \u0645\u0635\u0646\u0641","item":"https:\/\/v2charge.com\/ar\/%d8%ba%d9%8a%d8%b1-%d9%85%d8%b5%d9%86%d9%81\/"},{"@type":"ListItem","position":3,"name":"\u0645\u062f\u0649 \u0648\u0633\u0639\u0631 \u0627\u0644\u0633\u064a\u0627\u0631\u0627\u062a \u0627\u0644\u0643\u0647\u0631\u0628\u0627\u0626\u064a\u0629 \u0627\u0644\u0645\u062a\u0627\u062d\u0629 \u0641\u064a \u0625\u0633\u0628\u0627\u0646\u064a\u0627"}]},{"@type":"WebSite","@id":"https:\/\/v2charge.com\/ar\/#website","url":"https:\/\/v2charge.com\/ar\/","name":"V2C","description":"#CargandoElMa\u00f1ana","publisher":{"@id":"https:\/\/v2charge.com\/ar\/#organization"},"potentialAction":[{"@type":"SearchAction","target":{"@type":"EntryPoint","urlTemplate":"https:\/\/v2charge.com\/ar\/?s={search_term_string}"},"query-input":{"@type":"PropertyValueSpecification","valueRequired":true,"valueName":"search_term_string"}}],"inLanguage":"ar"},{"@type":"Organization","@id":"https:\/\/v2charge.com\/ar\/#organization","name":"V2C","url":"https:\/\/v2charge.com\/ar\/","logo":{"@type":"ImageObject","inLanguage":"ar","@id":"https:\/\/v2charge.com\/ar\/#\/schema\/logo\/image\/","url":"https:\/\/v2charge.com\/wp-content\/uploads\/2024\/11\/cropped-v2c-charge-logo-menu.png","contentUrl":"https:\/\/v2charge.com\/wp-content\/uploads\/2024\/11\/cropped-v2c-charge-logo-menu.png","width":984,"height":431,"caption":"V2C"},"image":{"@id":"https:\/\/v2charge.com\/ar\/#\/schema\/logo\/image\/"},"sameAs":["https:\/\/www.facebook.com\/V2C.Charge","https:\/\/x.com\/V2C_Charge","https:\/\/www.instagram.com\/v2c.charge\/","https:\/\/www.youtube.com\/@V2C","https:\/\/www.linkedin.com\/company\/v2c-chargers\/"]},{"@type":"Person","@id":"https:\/\/v2charge.com\/ar\/#\/schema\/person\/d6f210a94a856acdddec347b2127fd0f","name":"V2C","image":{"@type":"ImageObject","inLanguage":"ar","@id":"https:\/\/v2charge.com\/ar\/#\/schema\/person\/image\/","url":"https:\/\/secure.gravatar.com\/avatar\/a91128c4c0d2f4d63bd586301fdec6cc9aa49c885839b25d1c62700f529f267c?s=96&d=mm&r=g","contentUrl":"https:\/\/secure.gravatar.com\/avatar\/a91128c4c0d2f4d63bd586301fdec6cc9aa49c885839b25d1c62700f529f267c?s=96&d=mm&r=g","caption":"V2C"}}]}},"uagb_featured_image_src":{"full":["https:\/\/v2charge.com\/wp-content\/uploads\/2023\/09\/autonomia-precio-coches-electricos.jpg",1200,700,false],"thumbnail":["https:\/\/v2charge.com\/wp-content\/uploads\/2023\/09\/autonomia-precio-coches-electricos-150x150.jpg",150,150,true],"medium":["https:\/\/v2charge.com\/wp-content\/uploads\/2023\/09\/autonomia-precio-coches-electricos-300x175.jpg",300,175,true],"medium_large":["https:\/\/v2charge.com\/wp-content\/uploads\/2023\/09\/autonomia-precio-coches-electricos-768x448.jpg",768,448,true],"large":["https:\/\/v2charge.com\/wp-content\/uploads\/2023\/09\/autonomia-precio-coches-electricos-1024x597.jpg",1024,597,true],"gs-tiny":["https:\/\/v2charge.com\/wp-content\/uploads\/2023\/09\/autonomia-precio-coches-electricos.jpg",50,29,false],"xl":["https:\/\/v2charge.com\/wp-content\/uploads\/2023\/09\/autonomia-precio-coches-electricos.jpg",1200,700,false],"xxl":["https:\/\/v2charge.com\/wp-content\/uploads\/2023\/09\/autonomia-precio-coches-electricos.jpg",1200,700,false],"xxxl":["https:\/\/v2charge.com\/wp-content\/uploads\/2023\/09\/autonomia-precio-coches-electricos.jpg",1200,700,false],"xxxxl":["https:\/\/v2charge.com\/wp-content\/uploads\/2023\/09\/autonomia-precio-coches-electricos.jpg",1200,700,false],"xxxxxl":["https:\/\/v2charge.com\/wp-content\/uploads\/2023\/09\/autonomia-precio-coches-electricos.jpg",1200,700,false],"1536x1536":["https:\/\/v2charge.com\/wp-content\/uploads\/2023\/09\/autonomia-precio-coches-electricos.jpg",1200,700,false],"2048x2048":["https:\/\/v2charge.com\/wp-content\/uploads\/2023\/09\/autonomia-precio-coches-electricos.jpg",1200,700,false]},"uagb_author_info":{"display_name":"V2C","author_link":"https:\/\/v2charge.com\/ar\/author\/marketing\/"},"uagb_comment_info":0,"uagb_excerpt":"\u0641\u064a \u0639\u0627\u0644\u0645 \u064a\u062a\u0637\u0648\u0631 \u0628\u0627\u0633\u062a\u0645\u0631\u0627\u0631 \u0646\u062d\u0648 \u0627\u0644\u0627\u0633\u062a\u062f\u0627\u0645\u0629 \u0648\u0643\u0641\u0627\u0621\u0629 \u0627\u0644\u0637\u0627\u0642\u0629\u060c \u0623\u0635\u0628\u062d\u062a \u0627\u0644\u0645\u0631\u0643\u0628\u0627\u062a \u0627\u0644\u0643\u0647\u0631\u0628\u0627\u0626\u064a\u0629 \u062e\u064a\u0627\u0631\u064b\u0627 \u062c\u0630\u0627\u0628\u064b\u0627 \u0628\u0634\u0643\u0644 \u0645\u062a\u0632\u0627\u064a\u062f \u0644\u0644\u0633\u0627\u0626\u0642\u064a\u0646 \u0627\u0644\u0648\u0627\u0639\u064a\u0646 \u0628\u0627\u0644\u0628\u064a\u0626\u0629 \u0648\u0645\u0633\u062a\u0642\u0628\u0644 \u0627\u0644\u062a\u0646\u0642\u0644. \u0641\u064a \u0625\u0633\u0628\u0627\u0646\u064a\u0627\u060c \u0634\u0647\u062f\u062a \u0627\u0644\u0637\u0644\u0628 \u0639\u0644\u0649 \u0627\u0644\u0633\u064a\u0627\u0631\u0627\u062a \u0627\u0644\u0643\u0647\u0631\u0628\u0627\u0626\u064a\u0629 \u0646\u0645\u0648\u0627\u064b \u0645\u0644\u062d\u0648\u0638\u0627\u064b \u0641\u064a \u0627\u0644\u0633\u0646\u0648\u0627\u062a \u0627\u0644\u0623\u062e\u064a\u0631\u0629. \u0648\u0642\u062f \u0623\u062f\u0649 \u0630\u0644\u0643 \u0625\u0644\u0649 \u0632\u064a\u0627\u062f\u0629 \u0641\u064a \u0639\u0631\u0636 \u0627\u0644\u0646\u0645\u0627\u0630\u062c \u0641\u064a \u0627\u0644\u0633\u0648\u0642. \u0627\u062b\u0646\u0627\u0646 \u0645\u0646 \u0623\u0643\u062b\u0631 \u0627\u0644\u0634\u0643\u0648\u0643 \u0634\u064a\u0648\u0639\u0627\u064b \u0639\u0646\u062f \u0634\u0631\u0627\u0621 \u0633\u064a\u0627\u0631\u0629 \u0643\u0647\u0631\u0628\u0627\u0626\u064a\u0629 \u0647\u0645\u0627 \u0627\u0644\u0633\u0639\u0631 \u0648\u0627\u0644\u0645\u062f\u0649. \u0641\u064a&hellip;","_links":{"self":[{"href":"https:\/\/v2charge.com\/ar\/wp-json\/wp\/v2\/posts\/319696","targetHints":{"allow":["GET"]}}],"collection":[{"href":"https:\/\/v2charge.com\/ar\/wp-json\/wp\/v2\/posts"}],"about":[{"href":"https:\/\/v2charge.com\/ar\/wp-json\/wp\/v2\/types\/post"}],"author":[{"embeddable":true,"href":"https:\/\/v2charge.com\/ar\/wp-json\/wp\/v2\/users\/400"}],"replies":[{"embeddable":true,"href":"https:\/\/v2charge.com\/ar\/wp-json\/wp\/v2\/comments?post=319696"}],"version-history":[{"count":0,"href":"https:\/\/v2charge.com\/ar\/wp-json\/wp\/v2\/posts\/319696\/revisions"}],"wp:featuredmedia":[{"embeddable":true,"href":"https:\/\/v2charge.com\/ar\/wp-json\/wp\/v2\/media\/119873"}],"wp:attachment":[{"href":"https:\/\/v2charge.com\/ar\/wp-json\/wp\/v2\/media?parent=319696"}],"wp:term":[{"taxonomy":"category","embeddable":true,"href":"https:\/\/v2charge.com\/ar\/wp-json\/wp\/v2\/categories?post=319696"},{"taxonomy":"post_tag","embeddable":true,"href":"https:\/\/v2charge.com\/ar\/wp-json\/wp\/v2\/tags?post=319696"}],"curies":[{"name":"wp","href":"https:\/\/api.w.org\/{rel}","templated":true}]}}