{"id":319873,"date":"2025-07-03T13:27:46","date_gmt":"2025-07-03T11:27:46","guid":{"rendered":""},"modified":"2025-07-03T13:37:24","modified_gmt":"2025-07-03T11:37:24","slug":"v2c-inaugura-centro-produccion-xirivella-valencia-ar","status":"publish","type":"post","link":"https:\/\/v2charge.com\/ar\/v2c-inaugura-centro-produccion-xirivella-valencia-ar\/","title":{"rendered":"V2C \u062a\u0641\u062a\u062a\u062d \u0631\u0633\u0645\u064a\u064b\u0627 \u0645\u0631\u0643\u0632 \u0627\u0644\u0625\u0646\u062a\u0627\u062c \u0627\u0644\u062c\u062f\u064a\u062f \u0627\u0644\u062e\u0627\u0635 \u0628\u0647\u0627 \u0627\u0644\u0630\u064a \u062a\u0628\u0644\u063a \u0645\u0633\u0627\u062d\u062a\u0647 3000 \u0645\u062a\u0631 \u0645\u0631\u0628\u0639"},"content":{"rendered":"<p>\u0641\u064a 27 \u064a\u0648\u0646\u064a\u0648 \u0627\u0644\u0645\u0627\u0636\u064a\u060c <strong>\u0627\u062d\u062a\u0641\u0644\u0646\u0627 \u0628\u0627\u0644\u0627\u0641\u062a\u062a\u0627\u062d \u0627\u0644\u0631\u0633\u0645\u064a \u0644\u0645\u0631\u0643\u0632 \u0627\u0644\u0625\u0646\u062a\u0627\u062c \u0627\u0644\u062c\u062f\u064a\u062f \u0644\u062f\u064a\u0646\u0627 \u0644\u0634\u0648\u0627\u062d\u0646 \u0627\u0644\u0633\u064a\u0627\u0631\u0627\u062a \u0627\u0644\u0643\u0647\u0631\u0628\u0627\u0626\u064a\u0629<\/strong> \u0641\u064a \u0627\u0644\u0645\u0646\u0637\u0642\u0629 \u0627\u0644\u0635\u0646\u0627\u0639\u064a\u0629 \u0641\u064a \u0634\u064a\u0631\u064a\u0641\u064a\u0644\u0627 \u0641\u064a \u0641\u0627\u0644\u0646\u0633\u064a\u0627. \u062d\u0636\u0631 \u0627\u0644\u062d\u062f\u062b <strong>\u0631\u064a\u0628\u064a\u0643\u0627 \u062a\u0648\u0631\u0648\u060c \u0648\u0632\u064a\u0631\u0629 \u0627\u0644\u062f\u0648\u0644\u0629 \u0644\u0644\u0635\u0646\u0627\u0639\u0629<\/strong>\u060c \u0648<strong>\u0628\u0627\u0643\u064a \u0628\u0627\u0631\u062a\u0648\u0627\u0644\u060c \u0639\u0645\u062f\u0629 \u0634\u064a\u0631\u064a\u0641\u064a\u0644\u0627<\/strong>\u060c \u0628\u0627\u0644\u0625\u0636\u0627\u0641\u0629 \u0625\u0644\u0649 \u0645\u062d\u062a\u0631\u0641\u064a\u0646 \u0628\u0627\u0631\u0632\u064a\u0646 \u0641\u064a \u0642\u0637\u0627\u0639 \u0627\u0644\u062a\u0646\u0642\u0644 \u0627\u0644\u0643\u0647\u0631\u0628\u0627\u0626\u064a \u0648\u0645\u0631\u0648\u062c\u064a\u0646 \u0645\u062a\u062e\u0635\u0635\u064a\u0646.<\/p>\n\n<p>\u0633\u062a\u0633\u0645\u062d \u0627\u0644\u0645\u0646\u0634\u0623\u0629 \u0627\u0644\u062c\u062f\u064a\u062f\u0629 \u0644\u0644\u0625\u0646\u062a\u0627\u062c \u0628\u0640 <strong>\u0632\u064a\u0627\u062f\u0629 \u0642\u062f\u0631\u062a\u0646\u0627 \u0627\u0644\u0625\u0646\u062a\u0627\u062c\u064a\u0629<\/strong>\u060c \u0648\u062a\u062d\u0633\u064a\u0646 \u0627\u0644\u0639\u0645\u0644\u064a\u0627\u062a \u0627\u0644\u0635\u0646\u0627\u0639\u064a\u0629 \u0648\u062a\u0639\u0632\u064a\u0632 \u0627\u0644\u0627\u0644\u062a\u0632\u0627\u0645 \u0628\u0627\u0644\u0627\u0628\u062a\u0643\u0627\u0631\u060c \u0648\u0627\u0644\u0627\u0633\u062a\u062f\u0627\u0645\u0629 \u0648 <strong>\u0627\u0644\u062a\u0648\u0638\u064a\u0641 \u0627\u0644\u0645\u062d\u0644\u064a \u0641\u064a \u0641\u0627\u0644\u0646\u0633\u064a\u0627<\/strong>.<\/p>\n\n<h2 class=\"wp-block-heading\">\u0639\u0645\u0644 \u0645\u062f\u0639\u0648\u0645 \u0645\u0646 \u0642\u0628\u0644 \u0627\u0644\u0642\u0627\u062f\u0629 \u0627\u0644\u0645\u0624\u0633\u0633\u064a\u064a\u0646 \u0648\u0631\u0648\u0627\u062f \u0627\u0644\u0642\u0637\u0627\u0639<\/h2>\n\n<p>\u062c\u0645\u0639\u062a \u0627\u0644\u0641\u0639\u0627\u0644\u064a\u0629 \u0634\u062e\u0635\u064a\u0627\u062a \u0631\u0626\u064a\u0633\u064a\u0629 \u0645\u0646 \u0627\u0644\u0645\u062c\u0627\u0644\u064a\u0646 \u0627\u0644\u0645\u0624\u0633\u0633\u064a \u0648\u0627\u0644\u0645\u0647\u0646\u064a. <strong>\u0631\u064a\u0628\u064a\u0643\u0627 \u062a\u0648\u0631\u0648<\/strong> \u0623\u0628\u0631\u0632\u062a \u0623\u0647\u0645\u064a\u0629 \u0634\u0631\u0643\u0627\u062a \u0645\u062b\u0644 V2C \u0641\u064a <strong>\u0625\u0639\u0627\u062f\u0629 \u0627\u0644\u062a\u0635\u0646\u064a\u0639 \u0627\u0644\u062a\u0643\u0646\u0648\u0644\u0648\u062c\u064a \u0641\u064a \u0625\u0633\u0628\u0627\u0646\u064a\u0627<\/strong>\u060c \u0628\u064a\u0646\u0645\u0627 \u0627\u062d\u062a\u0641\u0644\u062a \u0627\u0644\u0639\u0645\u062f\u0629 <strong>\u0628\u0627\u0643\u064a \u0628\u0627\u0631\u062a\u0648\u0627\u0644<\/strong> \u0628\u062f\u0648\u0631 \u0627\u0644\u0634\u0631\u0643\u0629 \u0643\u0640 <strong>\u201c\u0645\u062b\u0627\u0644 \u0639\u0644\u0649 \u0627\u0644\u0645\u0648\u0627\u0647\u0628 \u0627\u0644\u0645\u062d\u0644\u064a\u0629 \u0645\u0639 \u0642\u064a\u0627\u062f\u0629 \u0639\u0627\u0644\u0645\u064a\u0629\u201d<\/strong>.<\/p>\n\n\n<div class=\"wp-block-uagb-image uagb-block-2d938a44 wp-block-uagb-image--layout-default wp-block-uagb-image--effect-static wp-block-uagb-image--align-none\"><figure class=\"wp-block-uagb-image__figure\"><img decoding=\"async\" srcset=\"https:\/\/v2charge.com\/wp-content\/uploads\/2025\/07\/inauguracion-oficial-centro-produccion-rebeca-torro.jpg ,https:\/\/v2charge.com\/wp-content\/uploads\/2025\/07\/inauguracion-oficial-centro-produccion-rebeca-torro.jpg 780w, https:\/\/v2charge.com\/wp-content\/uploads\/2025\/07\/inauguracion-oficial-centro-produccion-rebeca-torro.jpg 360w\" sizes=\"auto, (max-width: 480px) 150px\" src=\"https:\/\/v2charge.com\/wp-content\/uploads\/2025\/07\/inauguracion-oficial-centro-produccion-rebeca-torro.jpg\" alt=\"Inauguraci\u00f3n Centro Producci\u00f3n de cargadores de coche el\u00e9ctrico de V2C con Rebeca Torr\u00f3 en Valencia\" class=\"uag-image-235829\" width=\"960\" height=\"560\" title=\"inauguracion-oficial-centro-produccion-rebeca-torro\" loading=\"lazy\" role=\"img\"\/><\/figure><\/div>\n\n\n<p>\u0625\u0644\u0649 \u062c\u0627\u0646\u0628\u0647\u0645\u060c \u062d\u0636\u0631 \u0645\u0631\u0648\u062c\u0648\u0646 \u0648\u0631\u0648\u0627\u062f \u0645\u0646 \u0627\u0644\u0646\u0638\u0627\u0645 \u0627\u0644\u0628\u064a\u0626\u064a \u0627\u0644\u0643\u0647\u0631\u0628\u0627\u0626\u064a \u0645\u062b\u0644 <strong>Lars Hoffmann<\/strong> (Todos El\u00e9ctricos)\u060c <strong>Manuel Amate<\/strong> (Domo Electra)\u060c <strong>Fernando &#8216;MacVoltio&#8217;<\/strong>\u060c <strong>Juan Castro<\/strong> (Electricidad Castro Instalaciones)<strong> <\/strong>\u0623\u0648&nbsp;<strong>\u00c1lvaro Sauras<\/strong> (Autof\u00e1cil \u0648 AUVE)\u060c \u0645\u0646 \u0628\u064a\u0646 \u0627\u0644\u0639\u062f\u064a\u062f \u0645\u0646 \u0627\u0644\u0645\u062d\u062a\u0631\u0641\u064a\u0646 \u0627\u0644\u0645\u0639\u0631\u0648\u0641\u064a\u0646 \u0641\u064a \u0627\u0644\u0642\u0637\u0627\u0639.<\/p>\n\n<p>\u0633\u0645\u062d\u062a \u064a\u0648\u0645 \u0627\u0644\u0627\u0641\u062a\u062a\u0627\u062d \u0644\u0644\u062d\u0636\u0648\u0631\u060c \u0628\u0642\u064a\u0627\u062f\u0629 \u0627\u0644\u0641\u0631\u064a\u0642 \u0627\u0644\u0641\u0646\u064a \u0645\u0646 V2C\u060c \u0628\u0627\u0644\u062a\u062c\u0648\u0644 \u0641\u064a \u0645\u062e\u062a\u0644\u0641 \u0645\u0646\u0627\u0637\u0642 \u0627\u0644\u0625\u0646\u062a\u0627\u062c \u0648 <strong>\u0627\u0644\u062a\u0639\u0631\u0641 \u0639\u0646 \u0643\u062b\u0628 \u0639\u0644\u0649 \u0639\u0645\u0644\u064a\u0629 \u062a\u0635\u0646\u064a\u0639 \u0648\u062a\u0635\u0645\u064a\u0645 \u0634\u0648\u0627\u062d\u0646 \u0627\u0644\u0634\u0631\u0643\u0629<\/strong>. \u0627\u062e\u062a\u062a\u0645 \u0627\u0644\u062d\u062f\u062b \u0628\u0645\u0633\u0627\u062d\u0629 \u0644\u0644\u062a\u0648\u0627\u0635\u0644 \u0628\u064a\u0646 \u0627\u0644\u0645\u062d\u062a\u0631\u0641\u064a\u0646 \u0641\u064a \u0627\u0644\u0642\u0637\u0627\u0639 \u0648\u0641\u0631\u064a\u0642 V2C.<\/p>\n\n<h2 class=\"wp-block-heading\">\u0627\u0644\u0646\u0645\u0648 \u0627\u0644\u0635\u0646\u0627\u0639\u064a \u0648\u062a\u0648\u062d\u064a\u062f \u0627\u0644\u0641\u0631\u064a\u0642<\/h2>\n\n<p>\u0645\u0646\u0630 \u0628\u062f\u0627\u064a\u0627\u062a\u0647\u0627\u060c \u062a\u0637\u0648\u0631\u062a V2C \u0645\u0646 \u0641\u0631\u064a\u0642 \u0635\u063a\u064a\u0631 \u0645\u0646 \u0631\u0648\u0627\u062f \u0627\u0644\u0623\u0639\u0645\u0627\u0644 \u0625\u0644\u0649 \u0634\u0631\u0643\u0629 \u0630\u0627\u062a \u0637\u0645\u0648\u062d \u062f\u0648\u0644\u064a. \u0627\u0644\u0645\u0635\u0646\u0639 \u0627\u0644\u062c\u062f\u064a\u062f \u064a\u0631\u0645\u0632 \u0625\u0644\u0649 \u062a\u0644\u0643 \u0627\u0644\u062a\u062d\u0648\u0644: <strong>\u0623\u0643\u062b\u0631 \u0645\u0646 3000 \u0645\u062a\u0631 \u0645\u0631\u0628\u0639<\/strong> \u0645\u062e\u0635\u0635\u0629 \u0644\u0644\u062a\u0637\u0648\u064a\u0631\u060c \u0627\u0644\u062a\u062c\u0645\u064a\u0639 \u0648\u0627\u0644\u062a\u062d\u0642\u0642 \u0645\u0646 \u0627\u0644\u0645\u0639\u062f\u0627\u062a\u060c \u0645\u0646 \u0623\u062c\u0644 \u0625\u0646\u062a\u0627\u062c \u0648\u0644\u0648\u062c\u0633\u062a\u064a\u0627\u062a \u0645\u062d\u0633\u0651\u0646\u0629.<\/p>\n\n\n<div class=\"wp-block-uagb-image uagb-block-a6fd9995 wp-block-uagb-image--layout-default wp-block-uagb-image--effect-static wp-block-uagb-image--align-none\"><figure class=\"wp-block-uagb-image__figure\"><img decoding=\"async\" srcset=\"https:\/\/v2charge.com\/wp-content\/uploads\/2025\/07\/inauguracion-oficial-centro-produccion.jpg ,https:\/\/v2charge.com\/wp-content\/uploads\/2025\/07\/inauguracion-oficial-centro-produccion.jpg 780w, https:\/\/v2charge.com\/wp-content\/uploads\/2025\/07\/inauguracion-oficial-centro-produccion.jpg 360w\" sizes=\"auto, (max-width: 480px) 150px\" src=\"https:\/\/v2charge.com\/wp-content\/uploads\/2025\/07\/inauguracion-oficial-centro-produccion.jpg\" alt=\"\" class=\"uag-image-235840\" width=\"960\" height=\"560\" title=\"inauguracion-oficial-centro-produccion\" loading=\"lazy\" role=\"img\"\/><\/figure><\/div>\n\n\n<p>\u0644\u0642\u062f \u0646\u0645\u062a \u0627\u0644\u0643\u0648\u0627\u062f\u0631 \u0627\u0644\u0628\u0634\u0631\u064a\u0629 \u0641\u064a V2C \u0628\u0634\u0643\u0644 \u0645\u0633\u062a\u062f\u0627\u0645 \u0641\u064a \u0627\u0644\u0633\u0646\u0648\u0627\u062a \u0627\u0644\u0623\u062e\u064a\u0631\u0629. \u062a\u0648\u0627\u0635\u0644 \u0627\u0644\u0634\u0631\u0643\u0629 \u0627\u0633\u062a\u0642\u0637\u0627\u0628 \u0627\u0644\u0645\u0648\u0627\u0647\u0628 \u0627\u0644\u0645\u062a\u062e\u0635\u0635\u0629\u060c \u0645\u0645\u0627 \u064a\u0639\u0632\u0632 \u0627\u0644\u062a\u0632\u0627\u0645\u0647\u0627 \u0628\u0627\u0644\u062a\u0648\u0638\u064a\u0641 \u0627\u0644\u0645\u0624\u0647\u0644 \u0648\u0627\u0644\u062a\u062f\u0631\u064a\u0628 \u0627\u0644\u0641\u0646\u064a.<\/p>\n\n<h2 class=\"wp-block-heading\">\u062a\u0643\u0646\u0648\u0644\u0648\u062c\u064a\u0627 \u0648\u0637\u0646\u064a\u0629 \u0645\u0646 \u0623\u062c\u0644 \u062a\u0646\u0642\u0644 \u0623\u0646\u0638\u0641<\/h2>\n\n<p><strong>\u0646\u062d\u0646 \u0646\u0635\u0645\u0645 \u0648\u0646\u0635\u0646\u0639 \u0634\u0648\u0627\u062d\u0646 \u0627\u0644\u0633\u064a\u0627\u0631\u0627\u062a \u0627\u0644\u0643\u0647\u0631\u0628\u0627\u0626\u064a\u0629 \u0644\u062f\u064a\u0646\u0627 \u0641\u064a \u0625\u0633\u0628\u0627\u0646\u064a\u0627<\/strong>\u060c \u0645\u0639 \u0646\u0645\u0648\u0630\u062c \u0625\u0646\u062a\u0627\u062c \u0639\u0645\u0648\u062f\u064a \u064a\u0633\u0645\u062d \u0644\u0646\u0627 \u0628\u0627\u0644\u062a\u062d\u0643\u0645 \u0641\u064a \u0643\u0644 \u0639\u0645\u0644\u064a\u0629. \u0627\u0644\u0645\u0635\u0646\u0639 \u0627\u0644\u062c\u062f\u064a\u062f \u0641\u064a \u0634\u064a\u0631\u064a\u0641\u064a\u0644\u0627 \u064a\u0633\u062a\u0636\u064a\u0641 \u0645\u0646\u0630 \u0645\u0631\u062d\u0644\u0629 \u062a\u0635\u0645\u064a\u0645 \u0627\u0644\u0645\u0646\u062a\u062c \u062d\u062a\u0649 \u0627\u0644\u062a\u062c\u0645\u064a\u0639 \u0627\u0644\u0646\u0647\u0627\u0626\u064a\u060c <strong>\u0645\u0645\u0627 \u064a\u0636\u0645\u0646 \u0627\u0644\u0643\u0641\u0627\u0621\u0629 \u0648\u0627\u0644\u062c\u0648\u062f\u0629 \u0641\u064a \u0643\u0644 \u062c\u0647\u0627\u0632<\/strong>.<\/p>\n\n\n<div class=\"wp-block-uagb-image uagb-block-6029101a wp-block-uagb-image--layout-default wp-block-uagb-image--effect-static wp-block-uagb-image--align-none\"><figure class=\"wp-block-uagb-image__figure\"><img decoding=\"async\" srcset=\"https:\/\/v2charge.com\/wp-content\/uploads\/2025\/07\/inauguracion-oficial-centro-produccion-xirivella.jpg ,https:\/\/v2charge.com\/wp-content\/uploads\/2025\/07\/inauguracion-oficial-centro-produccion-xirivella.jpg 780w, https:\/\/v2charge.com\/wp-content\/uploads\/2025\/07\/inauguracion-oficial-centro-produccion-xirivella.jpg 360w\" sizes=\"auto, (max-width: 480px) 150px\" src=\"https:\/\/v2charge.com\/wp-content\/uploads\/2025\/07\/inauguracion-oficial-centro-produccion-xirivella.jpg\" alt=\"\" class=\"uag-image-235855\" width=\"960\" height=\"560\" title=\"inauguracion-oficial-centro-produccion-xirivella\" loading=\"lazy\" role=\"img\"\/><\/figure><\/div>\n\n\n<p>\u062a\u062a\u0631\u0643\u0632 \u062d\u0644\u0648\u0644\u0646\u0627 \u0644\u0644\u0634\u062d\u0646 \u0639\u0644\u0649 \u0625\u062f\u0627\u0631\u0629 \u0630\u0643\u064a\u0629 \u0644\u0644\u0637\u0627\u0642\u0629 \u0648\u062a\u0648\u0627\u0641\u0642\u0647\u0627 \u0627\u0644\u062a\u0627\u0645 \u0645\u0639 \u062c\u0645\u064a\u0639 \u0623\u0646\u0648\u0627\u0639 \u0627\u0644\u0623\u0646\u0638\u0645\u0629 \u0627\u0644\u0643\u0647\u0631\u0648\u0636\u0648\u0626\u064a\u0629.<\/p>\n\n<h2 class=\"wp-block-heading\">\u0645\u0635\u0646\u0639 \u0641\u064a \u062e\u062f\u0645\u0629 \u0627\u0644\u0645\u0633\u062a\u0642\u0628\u0644 \u0627\u0644\u0637\u0627\u0642\u064a<\/h2>\n\n<p><strong>\u0645\u0639 \u0647\u0630\u0627 \u0627\u0644\u0645\u0631\u0643\u0632 \u0627\u0644\u062c\u062f\u064a\u062f \u0644\u0644\u0625\u0646\u062a\u0627\u062c\u060c \u0646\u0636\u0639 \u0623\u0646\u0641\u0633\u0646\u0627 \u0643\u0644\u0627\u0639\u0628 \u0631\u0626\u064a\u0633\u064a \u0641\u064a \u0627\u0644\u0627\u0646\u062a\u0642\u0627\u0644 \u0627\u0644\u0637\u0627\u0642\u064a \u0641\u064a \u0641\u0627\u0644\u0646\u0633\u064a\u0627<\/strong>. \u062a\u0645 \u062a\u0635\u0645\u064a\u0645 \u0627\u0644\u0645\u0635\u0646\u0639 \u0627\u0644\u062c\u062f\u064a\u062f \u0644\u062a\u062d\u0633\u064a\u0646 \u0639\u0645\u0644\u064a\u0627\u062a \u0627\u0644\u0625\u0646\u062a\u0627\u062c \u0625\u0644\u0649 \u0623\u0642\u0635\u0649 \u062d\u062f \u0648\u064a\u0639\u0645\u0644 \u0648\u0641\u0642\u064b\u0627 \u0644\u0645\u0628\u0627\u062f\u0626 \u0627\u0644\u0627\u0633\u062a\u062f\u0627\u0645\u0629 \u0627\u0644\u0628\u064a\u0626\u064a\u0629\u060c \u0628\u0645\u0627 \u064a\u062a\u0645\u0627\u0634\u0649 \u0645\u0639 \u0627\u0644\u0642\u064a\u0645 \u0627\u0644\u062a\u064a \u062d\u062f\u062f\u062a \u0627\u0644\u0634\u0631\u0643\u0629 \u0645\u0646\u0630 \u0646\u0634\u0623\u062a\u0647\u0627.<\/p>\n\n<p>\u0627\u0641\u062a\u062a\u0627\u062d \u0627\u0644\u0645\u0635\u0646\u0639 \u0627\u0644\u062c\u062f\u064a\u062f \u0641\u064a \u0634\u064a\u0631\u064a\u0641\u064a\u0644\u0627 \u064a\u0645\u062b\u0644 \u0646\u0642\u0637\u0629 \u062a\u062d\u0648\u0644 \u0644\u0640 V2C. \u0647\u0630\u0647 \u0627\u0644\u0645\u0633\u0627\u062d\u0629 \u0627\u0644\u062c\u062f\u064a\u062f\u0629 \u0644\u0644\u0625\u0646\u062a\u0627\u062c \u062a\u0645\u062b\u0644 \u0631\u0624\u064a\u062a\u0646\u0627 \u0644\u0644\u0645\u0633\u062a\u0642\u0628\u0644: <strong>\u062a\u0646\u0642\u0644 \u0645\u0633\u062a\u062f\u0627\u0645\u060c \u0645\u062a\u0635\u0644 \u0648\u0645\u0635\u0646\u0648\u0639 \u0647\u0646\u0627\u060c \u0641\u064a \u0641\u0627\u0644\u0646\u0633\u064a\u0627.<\/strong><\/p>","protected":false},"excerpt":{"rendered":"<p>\u0641\u064a 27 \u064a\u0648\u0646\u064a\u0648 \u0627\u0644\u0645\u0627\u0636\u064a\u060c \u0627\u062d\u062a\u0641\u0644\u0646\u0627 \u0628\u0627\u0644\u0627\u0641\u062a\u062a\u0627\u062d \u0627\u0644\u0631\u0633\u0645\u064a \u0644\u0645\u0631\u0643\u0632 \u0627\u0644\u0625\u0646\u062a\u0627\u062c \u0627\u0644\u062c\u062f\u064a\u062f \u0644\u062f\u064a\u0646\u0627 \u0644\u0634\u0648\u0627\u062d\u0646 \u0627\u0644\u0633\u064a\u0627\u0631\u0627\u062a \u0627\u0644\u0643\u0647\u0631\u0628\u0627\u0626\u064a\u0629 \u0641\u064a \u0627\u0644\u0645\u0646\u0637\u0642\u0629 \u0627\u0644\u0635\u0646\u0627\u0639\u064a\u0629 \u0641\u064a \u0634\u064a\u0631\u064a\u0641\u064a\u0644\u0627 \u0641\u064a \u0641\u0627\u0644\u0646\u0633\u064a\u0627. \u062d\u0636\u0631 \u0627\u0644\u062d\u062f\u062b \u0631\u064a\u0628\u064a\u0643\u0627 \u062a\u0648\u0631\u0648\u060c \u0648\u0632\u064a\u0631\u0629 \u0627\u0644\u062f\u0648\u0644\u0629 \u0644\u0644\u0635\u0646\u0627\u0639\u0629\u060c \u0648\u0628\u0627\u0643\u064a \u0628\u0627\u0631\u062a\u0648\u0627\u0644\u060c \u0639\u0645\u062f\u0629 \u0634\u064a\u0631\u064a\u0641\u064a\u0644\u0627\u060c \u0628\u0627\u0644\u0625\u0636\u0627\u0641\u0629 \u0625\u0644\u0649 \u0645\u062d\u062a\u0631\u0641\u064a\u0646 \u0628\u0627\u0631\u0632\u064a\u0646 \u0641\u064a \u0642\u0637\u0627\u0639 \u0627\u0644\u062a\u0646\u0642\u0644 \u0627\u0644\u0643\u0647\u0631\u0628\u0627\u0626\u064a \u0648\u0645\u0631\u0648\u062c\u064a\u0646 \u0645\u062a\u062e\u0635\u0635\u064a\u0646. \u0633\u062a\u0633\u0645\u062d \u0627\u0644\u0645\u0646\u0634\u0623\u0629 \u0627\u0644\u062c\u062f\u064a\u062f\u0629 \u0644\u0644\u0625\u0646\u062a\u0627\u062c \u0628\u0640 \u0632\u064a\u0627\u062f\u0629 \u0642\u062f\u0631\u062a\u0646\u0627 \u0627\u0644\u0625\u0646\u062a\u0627\u062c\u064a\u0629\u060c \u0648\u062a\u062d\u0633\u064a\u0646 \u0627\u0644\u0639\u0645\u0644\u064a\u0627\u062a \u0627\u0644\u0635\u0646\u0627\u0639\u064a\u0629 \u0648\u062a\u0639\u0632\u064a\u0632 \u0627\u0644\u0627\u0644\u062a\u0632\u0627\u0645 &#8230; <a title=\"V2C \u062a\u0641\u062a\u062a\u062d \u0631\u0633\u0645\u064a\u064b\u0627 \u0645\u0631\u0643\u0632 \u0627\u0644\u0625\u0646\u062a\u0627\u062c \u0627\u0644\u062c\u062f\u064a\u062f \u0627\u0644\u062e\u0627\u0635 \u0628\u0647\u0627 \u0627\u0644\u0630\u064a \u062a\u0628\u0644\u063a \u0645\u0633\u0627\u062d\u062a\u0647 3000 \u0645\u062a\u0631 \u0645\u0631\u0628\u0639\" class=\"read-more\" href=\"https:\/\/v2charge.com\/ar\/v2c-inaugura-centro-produccion-xirivella-valencia-ar\/\" aria-label=\"Read more about V2C \u062a\u0641\u062a\u062a\u062d \u0631\u0633\u0645\u064a\u064b\u0627 \u0645\u0631\u0643\u0632 \u0627\u0644\u0625\u0646\u062a\u0627\u062c \u0627\u0644\u062c\u062f\u064a\u062f \u0627\u0644\u062e\u0627\u0635 \u0628\u0647\u0627 \u0627\u0644\u0630\u064a \u062a\u0628\u0644\u063a \u0645\u0633\u0627\u062d\u062a\u0647 3000 \u0645\u062a\u0631 \u0645\u0631\u0628\u0639\">Read more<\/a><\/p>\n","protected":false},"author":400,"featured_media":235818,"comment_status":"closed","ping_status":"closed","sticky":false,"template":"","format":"standard","meta":{"_eb_attr":"","content-type":"","_uag_custom_page_level_css":"","footnotes":""},"categories":[],"tags":[],"class_list":["post-319873","post","type-post","status-publish","format-standard","has-post-thumbnail","hentry"],"yoast_head":"<!-- This site is optimized with the Yoast SEO plugin v25.3.1 - https:\/\/yoast.com\/wordpress\/plugins\/seo\/ -->\n<title>V2C \u062a\u0641\u062a\u062d \u0645\u0631\u0643\u0632\u0647\u0627 \u0627\u0644\u062c\u062f\u064a\u062f \u0644\u0625\u0646\u062a\u0627\u062c \u0634\u0648\u0627\u062d\u0646 \u0643\u0647\u0631\u0628\u0627\u0626\u064a\u0629<\/title>\n<meta name=\"description\" content=\"V2C \u062a\u0641\u062a\u062a\u062d \u0645\u0646\u0634\u0622\u062a\u0647\u0627 \u0627\u0644\u062c\u062f\u064a\u062f\u0629 \u0641\u064a \u0634\u064a\u0631\u064a\u0641\u064a\u0644\u0627\u060c \u0641\u0627\u0644\u0646\u0633\u064a\u0627\u060c \u0628\u062d\u0636\u0648\u0631 \u0631\u064a\u0628\u064a\u0643\u0627 \u062a\u0648\u0631\u0648\u060c \u0648\u0632\u064a\u0631\u0629 \u0627\u0644\u062f\u0648\u0644\u0629 \u0644\u0644\u0635\u0646\u0627\u0639\u0629 \u0648\u0628\u0627\u0643\u064a \u0628\u0627\u0631\u062a\u0648\u0627\u0644\u060c \u0639\u0645\u062f\u0629 \u0634\u064a\u0631\u064a\u0641\u064a\u0644\u0627.\" \/>\n<meta name=\"robots\" content=\"index, follow, max-snippet:-1, max-image-preview:large, max-video-preview:-1\" \/>\n<link rel=\"canonical\" href=\"https:\/\/v2charge.com\/ar\/v2c-inaugura-centro-produccion-xirivella-valencia-ar\/\" \/>\n<meta property=\"og:locale\" content=\"ar_AR\" \/>\n<meta property=\"og:type\" content=\"article\" \/>\n<meta property=\"og:title\" content=\"V2C \u062a\u0641\u062a\u062d \u0645\u0631\u0643\u0632\u0647\u0627 \u0627\u0644\u062c\u062f\u064a\u062f \u0644\u0625\u0646\u062a\u0627\u062c \u0634\u0648\u0627\u062d\u0646 \u0643\u0647\u0631\u0628\u0627\u0626\u064a\u0629\" \/>\n<meta property=\"og:description\" content=\"V2C \u062a\u0641\u062a\u062a\u062d \u0645\u0646\u0634\u0622\u062a\u0647\u0627 \u0627\u0644\u062c\u062f\u064a\u062f\u0629 \u0641\u064a \u0634\u064a\u0631\u064a\u0641\u064a\u0644\u0627\u060c \u0641\u0627\u0644\u0646\u0633\u064a\u0627\u060c \u0628\u062d\u0636\u0648\u0631 \u0631\u064a\u0628\u064a\u0643\u0627 \u062a\u0648\u0631\u0648\u060c \u0648\u0632\u064a\u0631\u0629 \u0627\u0644\u062f\u0648\u0644\u0629 \u0644\u0644\u0635\u0646\u0627\u0639\u0629 \u0648\u0628\u0627\u0643\u064a \u0628\u0627\u0631\u062a\u0648\u0627\u0644\u060c \u0639\u0645\u062f\u0629 \u0634\u064a\u0631\u064a\u0641\u064a\u0644\u0627.\" \/>\n<meta property=\"og:url\" content=\"https:\/\/v2charge.com\/ar\/v2c-inaugura-centro-produccion-xirivella-valencia-ar\/\" \/>\n<meta property=\"og:site_name\" content=\"V2C\" \/>\n<meta property=\"article:publisher\" content=\"https:\/\/www.facebook.com\/V2C.Charge\" \/>\n<meta property=\"article:published_time\" content=\"2025-07-03T11:27:46+00:00\" \/>\n<meta property=\"article:modified_time\" content=\"2025-07-03T11:37:24+00:00\" \/>\n<meta property=\"og:image\" content=\"https:\/\/v2charge.com\/wp-content\/uploads\/2025\/07\/inauguracion-oficial-centro-produccion-cargadores-coche-electrico-valencia.jpg\" \/>\n\t<meta property=\"og:image:width\" content=\"960\" \/>\n\t<meta property=\"og:image:height\" content=\"560\" \/>\n\t<meta property=\"og:image:type\" content=\"image\/jpeg\" \/>\n<meta name=\"author\" content=\"V2C\" \/>\n<meta name=\"twitter:card\" content=\"summary_large_image\" \/>\n<meta name=\"twitter:creator\" content=\"@V2C_Charge\" \/>\n<meta name=\"twitter:site\" content=\"@V2C_Charge\" \/>\n<meta name=\"twitter:label1\" content=\"Written by\" \/>\n\t<meta name=\"twitter:data1\" content=\"V2C\" \/>\n\t<meta name=\"twitter:label2\" content=\"Est. reading time\" \/>\n\t<meta name=\"twitter:data2\" content=\"4 \u062f\u0642\u0627\u0626\u0642\" \/>\n<script type=\"application\/ld+json\" class=\"yoast-schema-graph\">{\"@context\":\"https:\/\/schema.org\",\"@graph\":[{\"@type\":\"Article\",\"@id\":\"https:\/\/v2charge.com\/ar\/v2c-inaugura-centro-produccion-xirivella-valencia-ar\/#article\",\"isPartOf\":{\"@id\":\"https:\/\/v2charge.com\/ar\/v2c-inaugura-centro-produccion-xirivella-valencia-ar\/\"},\"author\":{\"name\":\"V2C\",\"@id\":\"https:\/\/v2charge.com\/ar\/#\/schema\/person\/d6f210a94a856acdddec347b2127fd0f\"},\"headline\":\"V2C \u062a\u0641\u062a\u062a\u062d \u0631\u0633\u0645\u064a\u064b\u0627 \u0645\u0631\u0643\u0632 \u0627\u0644\u0625\u0646\u062a\u0627\u062c \u0627\u0644\u062c\u062f\u064a\u062f \u0627\u0644\u062e\u0627\u0635 \u0628\u0647\u0627 \u0627\u0644\u0630\u064a \u062a\u0628\u0644\u063a \u0645\u0633\u0627\u062d\u062a\u0647 3000 \u0645\u062a\u0631 \u0645\u0631\u0628\u0639\",\"datePublished\":\"2025-07-03T11:27:46+00:00\",\"dateModified\":\"2025-07-03T11:37:24+00:00\",\"mainEntityOfPage\":{\"@id\":\"https:\/\/v2charge.com\/ar\/v2c-inaugura-centro-produccion-xirivella-valencia-ar\/\"},\"wordCount\":36,\"publisher\":{\"@id\":\"https:\/\/v2charge.com\/ar\/#organization\"},\"image\":{\"@id\":\"https:\/\/v2charge.com\/ar\/v2c-inaugura-centro-produccion-xirivella-valencia-ar\/#primaryimage\"},\"thumbnailUrl\":\"https:\/\/v2charge.com\/wp-content\/uploads\/2025\/07\/inauguracion-oficial-centro-produccion-cargadores-coche-electrico-valencia.jpg\",\"inLanguage\":\"ar\"},{\"@type\":\"WebPage\",\"@id\":\"https:\/\/v2charge.com\/ar\/v2c-inaugura-centro-produccion-xirivella-valencia-ar\/\",\"url\":\"https:\/\/v2charge.com\/ar\/v2c-inaugura-centro-produccion-xirivella-valencia-ar\/\",\"name\":\"V2C \u062a\u0641\u062a\u062d \u0645\u0631\u0643\u0632\u0647\u0627 \u0627\u0644\u062c\u062f\u064a\u062f \u0644\u0625\u0646\u062a\u0627\u062c \u0634\u0648\u0627\u062d\u0646 \u0643\u0647\u0631\u0628\u0627\u0626\u064a\u0629\",\"isPartOf\":{\"@id\":\"https:\/\/v2charge.com\/ar\/#website\"},\"primaryImageOfPage\":{\"@id\":\"https:\/\/v2charge.com\/ar\/v2c-inaugura-centro-produccion-xirivella-valencia-ar\/#primaryimage\"},\"image\":{\"@id\":\"https:\/\/v2charge.com\/ar\/v2c-inaugura-centro-produccion-xirivella-valencia-ar\/#primaryimage\"},\"thumbnailUrl\":\"https:\/\/v2charge.com\/wp-content\/uploads\/2025\/07\/inauguracion-oficial-centro-produccion-cargadores-coche-electrico-valencia.jpg\",\"datePublished\":\"2025-07-03T11:27:46+00:00\",\"dateModified\":\"2025-07-03T11:37:24+00:00\",\"description\":\"V2C \u062a\u0641\u062a\u062a\u062d \u0645\u0646\u0634\u0622\u062a\u0647\u0627 \u0627\u0644\u062c\u062f\u064a\u062f\u0629 \u0641\u064a \u0634\u064a\u0631\u064a\u0641\u064a\u0644\u0627\u060c \u0641\u0627\u0644\u0646\u0633\u064a\u0627\u060c \u0628\u062d\u0636\u0648\u0631 \u0631\u064a\u0628\u064a\u0643\u0627 \u062a\u0648\u0631\u0648\u060c \u0648\u0632\u064a\u0631\u0629 \u0627\u0644\u062f\u0648\u0644\u0629 \u0644\u0644\u0635\u0646\u0627\u0639\u0629 \u0648\u0628\u0627\u0643\u064a \u0628\u0627\u0631\u062a\u0648\u0627\u0644\u060c \u0639\u0645\u062f\u0629 \u0634\u064a\u0631\u064a\u0641\u064a\u0644\u0627.\",\"breadcrumb\":{\"@id\":\"https:\/\/v2charge.com\/ar\/v2c-inaugura-centro-produccion-xirivella-valencia-ar\/#breadcrumb\"},\"inLanguage\":\"ar\",\"potentialAction\":[{\"@type\":\"ReadAction\",\"target\":[\"https:\/\/v2charge.com\/ar\/v2c-inaugura-centro-produccion-xirivella-valencia-ar\/\"]}]},{\"@type\":\"ImageObject\",\"inLanguage\":\"ar\",\"@id\":\"https:\/\/v2charge.com\/ar\/v2c-inaugura-centro-produccion-xirivella-valencia-ar\/#primaryimage\",\"url\":\"https:\/\/v2charge.com\/wp-content\/uploads\/2025\/07\/inauguracion-oficial-centro-produccion-cargadores-coche-electrico-valencia.jpg\",\"contentUrl\":\"https:\/\/v2charge.com\/wp-content\/uploads\/2025\/07\/inauguracion-oficial-centro-produccion-cargadores-coche-electrico-valencia.jpg\",\"width\":960,\"height\":560,\"caption\":\"V2C inaugura oficialmente su nuevo centro de producci\u00f3n de cargadores de coche el\u00e9ctrico de 3.000 metros cuadrados\"},{\"@type\":\"BreadcrumbList\",\"@id\":\"https:\/\/v2charge.com\/ar\/v2c-inaugura-centro-produccion-xirivella-valencia-ar\/#breadcrumb\",\"itemListElement\":[{\"@type\":\"ListItem\",\"position\":1,\"name\":\"V2C\",\"item\":\"https:\/\/v2charge.com\/ar\/\"},{\"@type\":\"ListItem\",\"position\":2,\"name\":\"Noticias V2C\",\"item\":\"https:\/\/v2charge.com\/es\/noticias-v2c\/\"},{\"@type\":\"ListItem\",\"position\":3,\"name\":\"V2C \u062a\u0641\u062a\u062a\u062d \u0631\u0633\u0645\u064a\u064b\u0627 \u0645\u0631\u0643\u0632 \u0627\u0644\u0625\u0646\u062a\u0627\u062c \u0627\u0644\u062c\u062f\u064a\u062f \u0627\u0644\u062e\u0627\u0635 \u0628\u0647\u0627 \u0627\u0644\u0630\u064a \u062a\u0628\u0644\u063a \u0645\u0633\u0627\u062d\u062a\u0647 3000 \u0645\u062a\u0631 \u0645\u0631\u0628\u0639\"}]},{\"@type\":\"WebSite\",\"@id\":\"https:\/\/v2charge.com\/ar\/#website\",\"url\":\"https:\/\/v2charge.com\/ar\/\",\"name\":\"V2C\",\"description\":\"#CargandoElMa\u00f1ana\",\"publisher\":{\"@id\":\"https:\/\/v2charge.com\/ar\/#organization\"},\"potentialAction\":[{\"@type\":\"SearchAction\",\"target\":{\"@type\":\"EntryPoint\",\"urlTemplate\":\"https:\/\/v2charge.com\/ar\/?s={search_term_string}\"},\"query-input\":{\"@type\":\"PropertyValueSpecification\",\"valueRequired\":true,\"valueName\":\"search_term_string\"}}],\"inLanguage\":\"ar\"},{\"@type\":\"Organization\",\"@id\":\"https:\/\/v2charge.com\/ar\/#organization\",\"name\":\"V2C\",\"url\":\"https:\/\/v2charge.com\/ar\/\",\"logo\":{\"@type\":\"ImageObject\",\"inLanguage\":\"ar\",\"@id\":\"https:\/\/v2charge.com\/ar\/#\/schema\/logo\/image\/\",\"url\":\"https:\/\/v2charge.com\/wp-content\/uploads\/2024\/11\/cropped-v2c-charge-logo-menu.png\",\"contentUrl\":\"https:\/\/v2charge.com\/wp-content\/uploads\/2024\/11\/cropped-v2c-charge-logo-menu.png\",\"width\":984,\"height\":431,\"caption\":\"V2C\"},\"image\":{\"@id\":\"https:\/\/v2charge.com\/ar\/#\/schema\/logo\/image\/\"},\"sameAs\":[\"https:\/\/www.facebook.com\/V2C.Charge\",\"https:\/\/x.com\/V2C_Charge\",\"https:\/\/www.instagram.com\/v2c.charge\/\",\"https:\/\/www.youtube.com\/@V2C\",\"https:\/\/www.linkedin.com\/company\/v2c-chargers\/\"]},{\"@type\":\"Person\",\"@id\":\"https:\/\/v2charge.com\/ar\/#\/schema\/person\/d6f210a94a856acdddec347b2127fd0f\",\"name\":\"V2C\",\"image\":{\"@type\":\"ImageObject\",\"inLanguage\":\"ar\",\"@id\":\"https:\/\/v2charge.com\/ar\/#\/schema\/person\/image\/\",\"url\":\"https:\/\/secure.gravatar.com\/avatar\/a91128c4c0d2f4d63bd586301fdec6cc9aa49c885839b25d1c62700f529f267c?s=96&d=mm&r=g\",\"contentUrl\":\"https:\/\/secure.gravatar.com\/avatar\/a91128c4c0d2f4d63bd586301fdec6cc9aa49c885839b25d1c62700f529f267c?s=96&d=mm&r=g\",\"caption\":\"V2C\"}}]}<\/script>\n<!-- \/ Yoast SEO plugin. -->","yoast_head_json":{"title":"V2C \u062a\u0641\u062a\u062d \u0645\u0631\u0643\u0632\u0647\u0627 \u0627\u0644\u062c\u062f\u064a\u062f \u0644\u0625\u0646\u062a\u0627\u062c \u0634\u0648\u0627\u062d\u0646 \u0643\u0647\u0631\u0628\u0627\u0626\u064a\u0629","description":"V2C \u062a\u0641\u062a\u062a\u062d \u0645\u0646\u0634\u0622\u062a\u0647\u0627 \u0627\u0644\u062c\u062f\u064a\u062f\u0629 \u0641\u064a \u0634\u064a\u0631\u064a\u0641\u064a\u0644\u0627\u060c \u0641\u0627\u0644\u0646\u0633\u064a\u0627\u060c \u0628\u062d\u0636\u0648\u0631 \u0631\u064a\u0628\u064a\u0643\u0627 \u062a\u0648\u0631\u0648\u060c \u0648\u0632\u064a\u0631\u0629 \u0627\u0644\u062f\u0648\u0644\u0629 \u0644\u0644\u0635\u0646\u0627\u0639\u0629 \u0648\u0628\u0627\u0643\u064a \u0628\u0627\u0631\u062a\u0648\u0627\u0644\u060c \u0639\u0645\u062f\u0629 \u0634\u064a\u0631\u064a\u0641\u064a\u0644\u0627.","robots":{"index":"index","follow":"follow","max-snippet":"max-snippet:-1","max-image-preview":"max-image-preview:large","max-video-preview":"max-video-preview:-1"},"canonical":"https:\/\/v2charge.com\/ar\/v2c-inaugura-centro-produccion-xirivella-valencia-ar\/","og_locale":"ar_AR","og_type":"article","og_title":"V2C \u062a\u0641\u062a\u062d \u0645\u0631\u0643\u0632\u0647\u0627 \u0627\u0644\u062c\u062f\u064a\u062f \u0644\u0625\u0646\u062a\u0627\u062c \u0634\u0648\u0627\u062d\u0646 \u0643\u0647\u0631\u0628\u0627\u0626\u064a\u0629","og_description":"V2C \u062a\u0641\u062a\u062a\u062d \u0645\u0646\u0634\u0622\u062a\u0647\u0627 \u0627\u0644\u062c\u062f\u064a\u062f\u0629 \u0641\u064a \u0634\u064a\u0631\u064a\u0641\u064a\u0644\u0627\u060c \u0641\u0627\u0644\u0646\u0633\u064a\u0627\u060c \u0628\u062d\u0636\u0648\u0631 \u0631\u064a\u0628\u064a\u0643\u0627 \u062a\u0648\u0631\u0648\u060c \u0648\u0632\u064a\u0631\u0629 \u0627\u0644\u062f\u0648\u0644\u0629 \u0644\u0644\u0635\u0646\u0627\u0639\u0629 \u0648\u0628\u0627\u0643\u064a \u0628\u0627\u0631\u062a\u0648\u0627\u0644\u060c \u0639\u0645\u062f\u0629 \u0634\u064a\u0631\u064a\u0641\u064a\u0644\u0627.","og_url":"https:\/\/v2charge.com\/ar\/v2c-inaugura-centro-produccion-xirivella-valencia-ar\/","og_site_name":"V2C","article_publisher":"https:\/\/www.facebook.com\/V2C.Charge","article_published_time":"2025-07-03T11:27:46+00:00","article_modified_time":"2025-07-03T11:37:24+00:00","og_image":[{"width":960,"height":560,"url":"https:\/\/v2charge.com\/wp-content\/uploads\/2025\/07\/inauguracion-oficial-centro-produccion-cargadores-coche-electrico-valencia.jpg","type":"image\/jpeg"}],"author":"V2C","twitter_card":"summary_large_image","twitter_creator":"@V2C_Charge","twitter_site":"@V2C_Charge","twitter_misc":{"Written by":"V2C","Est. reading time":"4 \u062f\u0642\u0627\u0626\u0642"},"schema":{"@context":"https:\/\/schema.org","@graph":[{"@type":"Article","@id":"https:\/\/v2charge.com\/ar\/v2c-inaugura-centro-produccion-xirivella-valencia-ar\/#article","isPartOf":{"@id":"https:\/\/v2charge.com\/ar\/v2c-inaugura-centro-produccion-xirivella-valencia-ar\/"},"author":{"name":"V2C","@id":"https:\/\/v2charge.com\/ar\/#\/schema\/person\/d6f210a94a856acdddec347b2127fd0f"},"headline":"V2C \u062a\u0641\u062a\u062a\u062d \u0631\u0633\u0645\u064a\u064b\u0627 \u0645\u0631\u0643\u0632 \u0627\u0644\u0625\u0646\u062a\u0627\u062c \u0627\u0644\u062c\u062f\u064a\u062f \u0627\u0644\u062e\u0627\u0635 \u0628\u0647\u0627 \u0627\u0644\u0630\u064a \u062a\u0628\u0644\u063a \u0645\u0633\u0627\u062d\u062a\u0647 3000 \u0645\u062a\u0631 \u0645\u0631\u0628\u0639","datePublished":"2025-07-03T11:27:46+00:00","dateModified":"2025-07-03T11:37:24+00:00","mainEntityOfPage":{"@id":"https:\/\/v2charge.com\/ar\/v2c-inaugura-centro-produccion-xirivella-valencia-ar\/"},"wordCount":36,"publisher":{"@id":"https:\/\/v2charge.com\/ar\/#organization"},"image":{"@id":"https:\/\/v2charge.com\/ar\/v2c-inaugura-centro-produccion-xirivella-valencia-ar\/#primaryimage"},"thumbnailUrl":"https:\/\/v2charge.com\/wp-content\/uploads\/2025\/07\/inauguracion-oficial-centro-produccion-cargadores-coche-electrico-valencia.jpg","inLanguage":"ar"},{"@type":"WebPage","@id":"https:\/\/v2charge.com\/ar\/v2c-inaugura-centro-produccion-xirivella-valencia-ar\/","url":"https:\/\/v2charge.com\/ar\/v2c-inaugura-centro-produccion-xirivella-valencia-ar\/","name":"V2C \u062a\u0641\u062a\u062d \u0645\u0631\u0643\u0632\u0647\u0627 \u0627\u0644\u062c\u062f\u064a\u062f \u0644\u0625\u0646\u062a\u0627\u062c \u0634\u0648\u0627\u062d\u0646 \u0643\u0647\u0631\u0628\u0627\u0626\u064a\u0629","isPartOf":{"@id":"https:\/\/v2charge.com\/ar\/#website"},"primaryImageOfPage":{"@id":"https:\/\/v2charge.com\/ar\/v2c-inaugura-centro-produccion-xirivella-valencia-ar\/#primaryimage"},"image":{"@id":"https:\/\/v2charge.com\/ar\/v2c-inaugura-centro-produccion-xirivella-valencia-ar\/#primaryimage"},"thumbnailUrl":"https:\/\/v2charge.com\/wp-content\/uploads\/2025\/07\/inauguracion-oficial-centro-produccion-cargadores-coche-electrico-valencia.jpg","datePublished":"2025-07-03T11:27:46+00:00","dateModified":"2025-07-03T11:37:24+00:00","description":"V2C \u062a\u0641\u062a\u062a\u062d \u0645\u0646\u0634\u0622\u062a\u0647\u0627 \u0627\u0644\u062c\u062f\u064a\u062f\u0629 \u0641\u064a \u0634\u064a\u0631\u064a\u0641\u064a\u0644\u0627\u060c \u0641\u0627\u0644\u0646\u0633\u064a\u0627\u060c \u0628\u062d\u0636\u0648\u0631 \u0631\u064a\u0628\u064a\u0643\u0627 \u062a\u0648\u0631\u0648\u060c \u0648\u0632\u064a\u0631\u0629 \u0627\u0644\u062f\u0648\u0644\u0629 \u0644\u0644\u0635\u0646\u0627\u0639\u0629 \u0648\u0628\u0627\u0643\u064a \u0628\u0627\u0631\u062a\u0648\u0627\u0644\u060c \u0639\u0645\u062f\u0629 \u0634\u064a\u0631\u064a\u0641\u064a\u0644\u0627.","breadcrumb":{"@id":"https:\/\/v2charge.com\/ar\/v2c-inaugura-centro-produccion-xirivella-valencia-ar\/#breadcrumb"},"inLanguage":"ar","potentialAction":[{"@type":"ReadAction","target":["https:\/\/v2charge.com\/ar\/v2c-inaugura-centro-produccion-xirivella-valencia-ar\/"]}]},{"@type":"ImageObject","inLanguage":"ar","@id":"https:\/\/v2charge.com\/ar\/v2c-inaugura-centro-produccion-xirivella-valencia-ar\/#primaryimage","url":"https:\/\/v2charge.com\/wp-content\/uploads\/2025\/07\/inauguracion-oficial-centro-produccion-cargadores-coche-electrico-valencia.jpg","contentUrl":"https:\/\/v2charge.com\/wp-content\/uploads\/2025\/07\/inauguracion-oficial-centro-produccion-cargadores-coche-electrico-valencia.jpg","width":960,"height":560,"caption":"V2C inaugura oficialmente su nuevo centro de producci\u00f3n de cargadores de coche el\u00e9ctrico de 3.000 metros cuadrados"},{"@type":"BreadcrumbList","@id":"https:\/\/v2charge.com\/ar\/v2c-inaugura-centro-produccion-xirivella-valencia-ar\/#breadcrumb","itemListElement":[{"@type":"ListItem","position":1,"name":"V2C","item":"https:\/\/v2charge.com\/ar\/"},{"@type":"ListItem","position":2,"name":"Noticias V2C","item":"https:\/\/v2charge.com\/es\/noticias-v2c\/"},{"@type":"ListItem","position":3,"name":"V2C \u062a\u0641\u062a\u062a\u062d \u0631\u0633\u0645\u064a\u064b\u0627 \u0645\u0631\u0643\u0632 \u0627\u0644\u0625\u0646\u062a\u0627\u062c \u0627\u0644\u062c\u062f\u064a\u062f \u0627\u0644\u062e\u0627\u0635 \u0628\u0647\u0627 \u0627\u0644\u0630\u064a \u062a\u0628\u0644\u063a \u0645\u0633\u0627\u062d\u062a\u0647 3000 \u0645\u062a\u0631 \u0645\u0631\u0628\u0639"}]},{"@type":"WebSite","@id":"https:\/\/v2charge.com\/ar\/#website","url":"https:\/\/v2charge.com\/ar\/","name":"V2C","description":"#CargandoElMa\u00f1ana","publisher":{"@id":"https:\/\/v2charge.com\/ar\/#organization"},"potentialAction":[{"@type":"SearchAction","target":{"@type":"EntryPoint","urlTemplate":"https:\/\/v2charge.com\/ar\/?s={search_term_string}"},"query-input":{"@type":"PropertyValueSpecification","valueRequired":true,"valueName":"search_term_string"}}],"inLanguage":"ar"},{"@type":"Organization","@id":"https:\/\/v2charge.com\/ar\/#organization","name":"V2C","url":"https:\/\/v2charge.com\/ar\/","logo":{"@type":"ImageObject","inLanguage":"ar","@id":"https:\/\/v2charge.com\/ar\/#\/schema\/logo\/image\/","url":"https:\/\/v2charge.com\/wp-content\/uploads\/2024\/11\/cropped-v2c-charge-logo-menu.png","contentUrl":"https:\/\/v2charge.com\/wp-content\/uploads\/2024\/11\/cropped-v2c-charge-logo-menu.png","width":984,"height":431,"caption":"V2C"},"image":{"@id":"https:\/\/v2charge.com\/ar\/#\/schema\/logo\/image\/"},"sameAs":["https:\/\/www.facebook.com\/V2C.Charge","https:\/\/x.com\/V2C_Charge","https:\/\/www.instagram.com\/v2c.charge\/","https:\/\/www.youtube.com\/@V2C","https:\/\/www.linkedin.com\/company\/v2c-chargers\/"]},{"@type":"Person","@id":"https:\/\/v2charge.com\/ar\/#\/schema\/person\/d6f210a94a856acdddec347b2127fd0f","name":"V2C","image":{"@type":"ImageObject","inLanguage":"ar","@id":"https:\/\/v2charge.com\/ar\/#\/schema\/person\/image\/","url":"https:\/\/secure.gravatar.com\/avatar\/a91128c4c0d2f4d63bd586301fdec6cc9aa49c885839b25d1c62700f529f267c?s=96&d=mm&r=g","contentUrl":"https:\/\/secure.gravatar.com\/avatar\/a91128c4c0d2f4d63bd586301fdec6cc9aa49c885839b25d1c62700f529f267c?s=96&d=mm&r=g","caption":"V2C"}}]}},"uagb_featured_image_src":{"full":["https:\/\/v2charge.com\/wp-content\/uploads\/2025\/07\/inauguracion-oficial-centro-produccion-cargadores-coche-electrico-valencia.jpg",960,560,false],"thumbnail":["https:\/\/v2charge.com\/wp-content\/uploads\/2025\/07\/inauguracion-oficial-centro-produccion-cargadores-coche-electrico-valencia-150x150.jpg",150,150,true],"medium":["https:\/\/v2charge.com\/wp-content\/uploads\/2025\/07\/inauguracion-oficial-centro-produccion-cargadores-coche-electrico-valencia-300x175.jpg",300,175,true],"medium_large":["https:\/\/v2charge.com\/wp-content\/uploads\/2025\/07\/inauguracion-oficial-centro-produccion-cargadores-coche-electrico-valencia-768x448.jpg",768,448,true],"large":["https:\/\/v2charge.com\/wp-content\/uploads\/2025\/07\/inauguracion-oficial-centro-produccion-cargadores-coche-electrico-valencia.jpg",960,560,false],"gs-tiny":["https:\/\/v2charge.com\/wp-content\/uploads\/2025\/07\/inauguracion-oficial-centro-produccion-cargadores-coche-electrico-valencia-50x29.jpg",50,29,true],"xl":["https:\/\/v2charge.com\/wp-content\/uploads\/2025\/07\/inauguracion-oficial-centro-produccion-cargadores-coche-electrico-valencia.jpg",960,560,false],"xxl":["https:\/\/v2charge.com\/wp-content\/uploads\/2025\/07\/inauguracion-oficial-centro-produccion-cargadores-coche-electrico-valencia.jpg",960,560,false],"xxxl":["https:\/\/v2charge.com\/wp-content\/uploads\/2025\/07\/inauguracion-oficial-centro-produccion-cargadores-coche-electrico-valencia.jpg",960,560,false],"xxxxl":["https:\/\/v2charge.com\/wp-content\/uploads\/2025\/07\/inauguracion-oficial-centro-produccion-cargadores-coche-electrico-valencia.jpg",960,560,false],"xxxxxl":["https:\/\/v2charge.com\/wp-content\/uploads\/2025\/07\/inauguracion-oficial-centro-produccion-cargadores-coche-electrico-valencia.jpg",960,560,false],"1536x1536":["https:\/\/v2charge.com\/wp-content\/uploads\/2025\/07\/inauguracion-oficial-centro-produccion-cargadores-coche-electrico-valencia.jpg",960,560,false],"2048x2048":["https:\/\/v2charge.com\/wp-content\/uploads\/2025\/07\/inauguracion-oficial-centro-produccion-cargadores-coche-electrico-valencia.jpg",960,560,false]},"uagb_author_info":{"display_name":"V2C","author_link":"https:\/\/v2charge.com\/ar\/author\/marketing\/"},"uagb_comment_info":0,"uagb_excerpt":"\u0641\u064a 27 \u064a\u0648\u0646\u064a\u0648 \u0627\u0644\u0645\u0627\u0636\u064a\u060c \u0627\u062d\u062a\u0641\u0644\u0646\u0627 \u0628\u0627\u0644\u0627\u0641\u062a\u062a\u0627\u062d \u0627\u0644\u0631\u0633\u0645\u064a \u0644\u0645\u0631\u0643\u0632 \u0627\u0644\u0625\u0646\u062a\u0627\u062c \u0627\u0644\u062c\u062f\u064a\u062f \u0644\u062f\u064a\u0646\u0627 \u0644\u0634\u0648\u0627\u062d\u0646 \u0627\u0644\u0633\u064a\u0627\u0631\u0627\u062a \u0627\u0644\u0643\u0647\u0631\u0628\u0627\u0626\u064a\u0629 \u0641\u064a \u0627\u0644\u0645\u0646\u0637\u0642\u0629 \u0627\u0644\u0635\u0646\u0627\u0639\u064a\u0629 \u0641\u064a \u0634\u064a\u0631\u064a\u0641\u064a\u0644\u0627 \u0641\u064a \u0641\u0627\u0644\u0646\u0633\u064a\u0627. \u062d\u0636\u0631 \u0627\u0644\u062d\u062f\u062b \u0631\u064a\u0628\u064a\u0643\u0627 \u062a\u0648\u0631\u0648\u060c \u0648\u0632\u064a\u0631\u0629 \u0627\u0644\u062f\u0648\u0644\u0629 \u0644\u0644\u0635\u0646\u0627\u0639\u0629\u060c \u0648\u0628\u0627\u0643\u064a \u0628\u0627\u0631\u062a\u0648\u0627\u0644\u060c \u0639\u0645\u062f\u0629 \u0634\u064a\u0631\u064a\u0641\u064a\u0644\u0627\u060c \u0628\u0627\u0644\u0625\u0636\u0627\u0641\u0629 \u0625\u0644\u0649 \u0645\u062d\u062a\u0631\u0641\u064a\u0646 \u0628\u0627\u0631\u0632\u064a\u0646 \u0641\u064a \u0642\u0637\u0627\u0639 \u0627\u0644\u062a\u0646\u0642\u0644 \u0627\u0644\u0643\u0647\u0631\u0628\u0627\u0626\u064a \u0648\u0645\u0631\u0648\u062c\u064a\u0646 \u0645\u062a\u062e\u0635\u0635\u064a\u0646. \u0633\u062a\u0633\u0645\u062d \u0627\u0644\u0645\u0646\u0634\u0623\u0629 \u0627\u0644\u062c\u062f\u064a\u062f\u0629 \u0644\u0644\u0625\u0646\u062a\u0627\u062c \u0628\u0640 \u0632\u064a\u0627\u062f\u0629 \u0642\u062f\u0631\u062a\u0646\u0627 \u0627\u0644\u0625\u0646\u062a\u0627\u062c\u064a\u0629\u060c \u0648\u062a\u062d\u0633\u064a\u0646 \u0627\u0644\u0639\u0645\u0644\u064a\u0627\u062a \u0627\u0644\u0635\u0646\u0627\u0639\u064a\u0629 \u0648\u062a\u0639\u0632\u064a\u0632 \u0627\u0644\u0627\u0644\u062a\u0632\u0627\u0645&hellip;","_links":{"self":[{"href":"https:\/\/v2charge.com\/ar\/wp-json\/wp\/v2\/posts\/319873","targetHints":{"allow":["GET"]}}],"collection":[{"href":"https:\/\/v2charge.com\/ar\/wp-json\/wp\/v2\/posts"}],"about":[{"href":"https:\/\/v2charge.com\/ar\/wp-json\/wp\/v2\/types\/post"}],"author":[{"embeddable":true,"href":"https:\/\/v2charge.com\/ar\/wp-json\/wp\/v2\/users\/400"}],"replies":[{"embeddable":true,"href":"https:\/\/v2charge.com\/ar\/wp-json\/wp\/v2\/comments?post=319873"}],"version-history":[{"count":0,"href":"https:\/\/v2charge.com\/ar\/wp-json\/wp\/v2\/posts\/319873\/revisions"}],"wp:featuredmedia":[{"embeddable":true,"href":"https:\/\/v2charge.com\/ar\/wp-json\/wp\/v2\/media\/235818"}],"wp:attachment":[{"href":"https:\/\/v2charge.com\/ar\/wp-json\/wp\/v2\/media?parent=319873"}],"wp:term":[{"taxonomy":"category","embeddable":true,"href":"https:\/\/v2charge.com\/ar\/wp-json\/wp\/v2\/categories?post=319873"},{"taxonomy":"post_tag","embeddable":true,"href":"https:\/\/v2charge.com\/ar\/wp-json\/wp\/v2\/tags?post=319873"}],"curies":[{"name":"wp","href":"https:\/\/api.w.org\/{rel}","templated":true}]}}