{"id":319906,"date":"2025-12-30T09:30:00","date_gmt":"2025-12-30T07:30:00","guid":{"rendered":""},"modified":"2025-12-19T17:52:52","modified_gmt":"2025-12-19T15:52:52","slug":"coches-electricos-mas-vendidos-espana-ar","status":"publish","type":"post","link":"https:\/\/v2charge.com\/ar\/coches-electricos-mas-vendidos-espana-ar\/","title":{"rendered":"\u0627\u0644\u0633\u064a\u0627\u0631\u0627\u062a \u0627\u0644\u0643\u0647\u0631\u0628\u0627\u0626\u064a\u0629 \u0627\u0644\u0623\u0643\u062b\u0631 \u0645\u0628\u064a\u0639\u064b\u0627 \u0641\u064a \u0625\u0633\u0628\u0627\u0646\u064a\u0627 \u0641\u064a 2025"},"content":{"rendered":"<p class=\"my-2 [&amp;+p]:mt-4 [&amp;_strong:has(+br)]:inline-block [&amp;_strong:has(+br)]:pb-2\">\u0641\u064a \u0639\u0627\u0645 2025\u060c \u062d\u0642\u0642\u062a \u0625\u0633\u0628\u0627\u0646\u064a\u0627 \u0625\u0646\u062c\u0627\u0632\u064b\u0627 \u062c\u062f\u064a\u062f\u064b\u0627 \u0641\u064a \u0627\u0644\u062a\u0646\u0642\u0644 \u0627\u0644\u0643\u0647\u0631\u0628\u0627\u0626\u064a: \u0623\u0643\u062b\u0631 \u0645\u0646 <strong>102,000 \u0633\u064a\u0627\u0631\u0629 \u0643\u0647\u0631\u0628\u0627\u0626\u064a\u0629 \u0645\u0633\u062c\u0644\u0629<\/strong>\u060c \u0628\u0632\u064a\u0627\u062f\u0629 \u0642\u062f\u0631\u0647\u0627 <strong>83% \u0645\u0642\u0627\u0631\u0646\u0629 \u0628\u0627\u0644\u0639\u0627\u0645 \u0627\u0644\u0633\u0627\u0628\u0642<\/strong>. \u062a\u0624\u0643\u062f \u0647\u0630\u0647 \u0627\u0644\u062e\u0637\u0648\u0629 \u0627\u062a\u062c\u0627\u0647\u064b\u0627 \u0644\u0627 \u0631\u062c\u0639\u0629 \u0641\u064a\u0647: \u0627\u0644\u0633\u0627\u0626\u0642\u0648\u0646 \u064a\u062b\u0642\u0648\u0646 \u0628\u0634\u0643\u0644 \u0645\u062a\u0632\u0627\u064a\u062f \u0641\u064a \u0627\u0644\u0637\u0627\u0642\u0629 \u0627\u0644\u0646\u0638\u064a\u0641\u0629 \u0648\u062a\u0642\u0646\u064a\u0629 \u0627\u0644\u0634\u062d\u0646 \u0627\u0644\u0630\u0643\u064a.<\/p>\n<p class=\"my-2 [&amp;+p]:mt-4 [&amp;_strong:has(+br)]:inline-block [&amp;_strong:has(+br)]:pb-2\">\u0641\u064a <strong>V2C<\/strong>\u060c \u0628\u0635\u0641\u062a\u0646\u0627 \u0645\u0635\u0646\u0639\u064a\u0646 \u0644\u0640 <strong><a href=\"https:\/\/v2charge.com\/ar\/\">\u0634\u0648\u0627\u062d\u0646 \u0627\u0644\u0633\u064a\u0627\u0631\u0627\u062a \u0627\u0644\u0643\u0647\u0631\u0628\u0627\u0626\u064a\u0629<\/a><\/strong> \u0627\u0644\u0645\u0635\u0645\u0645\u0629 \u0648\u0627\u0644\u0645\u0635\u0646\u0639\u0629 \u0641\u064a \u0625\u0633\u0628\u0627\u0646\u064a\u0627\u060c \u0646\u0639\u0644\u0645 \u0623\u0646 \u0627\u0644\u0628\u0646\u064a\u0629 \u0627\u0644\u062a\u062d\u062a\u064a\u0629 \u0627\u0644\u0645\u0646\u0632\u0644\u064a\u0629 \u0648\u0627\u0644\u062a\u062c\u0627\u0631\u064a\u0629 \u062a\u0639\u0632\u0632 \u0645\u0646 \u0627\u0639\u062a\u0645\u0627\u062f \u0627\u0644\u0633\u064a\u0627\u0631\u0629 \u0627\u0644\u0643\u0647\u0631\u0628\u0627\u0626\u064a\u0629 \u0628\u0634\u0643\u0644 \u062d\u0642\u064a\u0642\u064a.<\/p>\n<h2 class=\"mb-2 mt-4 font-display font-semimedium text-base first:mt-0\">\u0645\u0627 \u0647\u064a \u0627\u0644\u0633\u064a\u0627\u0631\u0629 \u0627\u0644\u0643\u0647\u0631\u0628\u0627\u0626\u064a\u0629 \u0627\u0644\u0623\u0643\u062b\u0631 \u0645\u0628\u064a\u0639\u064b\u0627 \u0641\u064a \u0625\u0633\u0628\u0627\u0646\u064a\u0627 \u0641\u064a \u0639\u0627\u0645 2025\u061f<\/h2>\n<p class=\"my-2 [&amp;+p]:mt-4 [&amp;_strong:has(+br)]:inline-block [&amp;_strong:has(+br)]:pb-2\">\u0627\u0644\u0633\u064a\u0627\u0631\u0629 \u0627\u0644\u0643\u0647\u0631\u0628\u0627\u0626\u064a\u0629 \u0627\u0644\u0623\u0643\u062b\u0631 \u0645\u0628\u064a\u0639\u064b\u0627 \u0641\u064a \u0625\u0633\u0628\u0627\u0646\u064a\u0627 \u0641\u064a \u0639\u0627\u0645 2025 \u0647\u064a <strong>Tesla Model 3<\/strong>\u060c \u0645\u0639 <strong>\u0645\u0627 \u064a\u0642\u0631\u0628 \u0645\u0646 9,000 \u0648\u062d\u062f\u0629 \u0645\u0633\u062c\u0644\u0629<\/strong>. \u0645\u062f\u0649 \u0642\u064a\u0627\u062f\u062a\u0647\u0627 \u0627\u0644\u0630\u064a \u064a\u062a\u062c\u0627\u0648\u0632 500 \u0643\u0645\u060c \u0648\u0643\u0641\u0627\u0621\u062a\u0647\u0627 \u0627\u0644\u0637\u0627\u0642\u064a\u0629 \u0648\u062a\u0648\u0627\u0632\u0646\u0647\u0627 \u0628\u064a\u0646 \u0627\u0644\u062a\u0643\u0644\u0641\u0629 \u0648\u0627\u0644\u0623\u062f\u0627\u0621 \u064a\u0628\u0642\u064a\u0647\u0627 \u0641\u064a \u0627\u0644\u0635\u062f\u0627\u0631\u0629.<\/p>\n<p class=\"my-2 [&amp;+p]:mt-4 [&amp;_strong:has(+br)]:inline-block [&amp;_strong:has(+br)]:pb-2\">\u0627\u0644\u0646\u0645\u0627\u0630\u062c \u0627\u0644\u0623\u0643\u062b\u0631 \u062a\u0645\u064a\u0632\u064b\u0627 \u0641\u064a \u0627\u0644\u0633\u0648\u0642 \u0643\u0627\u0646\u062a:<\/p>\n<ul>\n<li class=\"my-2 [&amp;+p]:mt-4 [&amp;_strong:has(+br)]:inline-block [&amp;_strong:has(+br)]:pb-2\">Tesla Model 3<\/li>\n<li class=\"my-2 [&amp;+p]:mt-4 [&amp;_strong:has(+br)]:inline-block [&amp;_strong:has(+br)]:pb-2\">KIA EV3<\/li>\n<li class=\"my-2 [&amp;+p]:mt-4 [&amp;_strong:has(+br)]:inline-block [&amp;_strong:has(+br)]:pb-2\">Tesla Model Y<\/li>\n<\/ul>\n<p class=\"my-2 [&amp;+p]:mt-4 [&amp;_strong:has(+br)]:inline-block [&amp;_strong:has(+br)]:pb-2\">\u062a\u0639\u0643\u0633 \u0647\u0630\u0647 \u0627\u0644\u0623\u0631\u0642\u0627\u0645 \u062a\u063a\u064a\u064a\u0631\u064b\u0627 \u0648\u0627\u0636\u062d\u064b\u0627 \u0641\u064a \u0627\u0644\u0639\u0642\u0644\u064a\u0629: \u0644\u0645 \u064a\u0639\u062f \u0627\u0644\u0645\u0633\u062a\u062e\u062f\u0645\u0648\u0646 \u064a\u0628\u062d\u062b\u0648\u0646 \u0641\u0642\u0637 \u0639\u0646 \u0627\u0644\u062a\u0648\u0641\u064a\u0631\u060c \u0628\u0644 \u0623\u064a\u0636\u064b\u0627 \u0639\u0646 \u0627\u0644\u062a\u0643\u0646\u0648\u0644\u0648\u062c\u064a\u0627 \u0648\u0627\u0644\u0623\u062f\u0627\u0621 \u0648\u0627\u0644\u0627\u0633\u062a\u062f\u0627\u0645\u0629.<\/p>\n<h2 id=\"top-10-coches-elctricos-ms-vendidos-en-espaa-en-20\" class=\"mb-2 mt-4 font-display font-semimedium text-base first:mt-0 md:text-lg [hr+&amp;]:mt-4\">\u0623\u0641\u0636\u0644 10 \u0633\u064a\u0627\u0631\u0627\u062a \u0643\u0647\u0631\u0628\u0627\u0626\u064a\u0629 \u0645\u0628\u064a\u0639\u064b\u0627 \u0641\u064a \u0625\u0633\u0628\u0627\u0646\u064a\u0627 \u0641\u064a \u0639\u0627\u0645 2025<\/h2>\n<p class=\"my-2 [&amp;+p]:mt-4 [&amp;_strong:has(+br)]:inline-block [&amp;_strong:has(+br)]:pb-2\">\u0647\u0630\u0647 \u0647\u064a \u0627\u0644\u0646\u0645\u0627\u0630\u062c \u0627\u0644\u062a\u064a \u062a\u062a\u0635\u062f\u0631 \u0633\u0648\u0642 \u0627\u0644\u0633\u064a\u0627\u0631\u0627\u062a \u0627\u0644\u0643\u0647\u0631\u0628\u0627\u0626\u064a\u0629 \u0641\u064a \u0625\u0633\u0628\u0627\u0646\u064a\u0627 \u0641\u064a \u0639\u0627\u0645 2025\u060c \u0645\u0639 \u0623\u0631\u0642\u0627\u0645 \u062a\u0633\u062c\u064a\u0644 \u062a\u062d\u062f\u062f \u0627\u062a\u062c\u0627\u0647 \u0627\u0644\u0637\u0644\u0628 \u0648\u0646\u0648\u0639 \u0627\u0644\u0633\u064a\u0627\u0631\u0629 \u0627\u0644\u062a\u064a \u064a\u062e\u062a\u0627\u0631\u0647\u0627 \u0627\u0644\u0645\u0633\u062a\u062e\u062f\u0645\u0648\u0646.<span aria-label=\"Los coches el\u00e9ctricos m\u00e1s vendidos en Espa\u00f1a en 2025 - LugEnergywww.lugenergy.com \u203a ... \u203a Informaci\u00f3n sobre Veh\u00edculos El\u00e9ctricos\" data-state=\"closed\">\u200b<\/span><\/p>\n<div class=\"group relative\">\n<div class=\"w-full overflow-x-auto md:max-w-[90vw] border-subtlest ring-subtlest divide-subtlest bg-transparent\">\n<table class=\"border-subtler my-[1em] w-full table-auto border-separate border-spacing-0 border-l border-t\">\n<thead class=\"bg-subtler\">\n<tr>\n<th class=\"border-subtler p-sm break-normal border-b border-r text-left align-top\">\u0627\u0644\u0645\u0631\u0643\u0632<\/th>\n<th class=\"border-subtler p-sm break-normal border-b border-r text-left align-top\">\u0627\u0644\u0646\u0645\u0648\u0630\u062c<\/th>\n<th class=\"border-subtler p-sm break-normal border-b border-r text-left align-top\">\u0627\u0644\u0645\u0628\u064a\u0639\u0627\u062a 2025<\/th>\n<th class=\"border-subtler p-sm break-normal border-b border-r text-left align-top\">\u062a\u0639\u0644\u064a\u0642 \u0631\u0626\u064a\u0633\u064a \u0644\u0644\u0645\u0633\u062a\u062e\u062f\u0645<\/th>\n<\/tr>\n<\/thead>\n<tbody>\n<tr>\n<td class=\"px-sm border-subtler min-w-[48px] break-normal border-b border-r\">1<\/td>\n<td class=\"px-sm border-subtler min-w-[48px] break-normal border-b border-r\">Tesla Model 3<\/td>\n<td class=\"px-sm border-subtler min-w-[48px] break-normal border-b border-r\">8,985<\/td>\n<td class=\"px-sm border-subtler min-w-[48px] break-normal border-b border-r\">\u0633\u064a\u0627\u0631\u0629 \u0633\u064a\u062f\u0627\u0646 \u0643\u0647\u0631\u0628\u0627\u0626\u064a\u0629 \u0639\u0627\u0644\u064a\u0629 \u0627\u0644\u0645\u062f\u0649 \u0648\u0645\u0631\u062c\u0639 \u0641\u064a \u0627\u0644\u0643\u0641\u0627\u0621\u0629 <span class=\"whitespace-nowrap\"><span aria-label=\"Los coches el\u00e9ctricos m\u00e1s vendidos en Espa\u00f1a en 2025 - LugEnergywww.lugenergy.com \u203a ... \u203a Informaci\u00f3n sobre Veh\u00edculos El\u00e9ctricos\" data-state=\"closed\">\u200b<\/span>.<\/span><\/td>\n<\/tr>\n<tr>\n<td class=\"px-sm border-subtler min-w-[48px] break-normal border-b border-r\">2<\/td>\n<td class=\"px-sm border-subtler min-w-[48px] break-normal border-b border-r\">KIA EV3<\/td>\n<td class=\"px-sm border-subtler min-w-[48px] break-normal border-b border-r\">5,262<\/td>\n<td class=\"px-sm border-subtler min-w-[48px] break-normal border-b border-r\">\u0633\u064a\u0627\u0631\u0629 SUV \u0645\u062f\u0645\u062c\u0629 \u0645\u062a\u0648\u0627\u0632\u0646\u0629 \u062c\u062f\u064b\u0627 \u0644\u0644\u0627\u0633\u062a\u062e\u062f\u0627\u0645 \u0627\u0644\u0639\u0627\u0626\u0644\u064a \u0648\u0627\u0644\u064a\u0648\u0645\u064a <span class=\"whitespace-nowrap\"><span aria-label=\"Los coches el\u00e9ctricos m\u00e1s vendidos en Espa\u00f1a en 2025 - LugEnergywww.lugenergy.com \u203a ... \u203a Informaci\u00f3n sobre Veh\u00edculos El\u00e9ctricos\" data-state=\"closed\">\u200b<\/span>.<\/span><\/td>\n<\/tr>\n<tr>\n<td class=\"px-sm border-subtler min-w-[48px] break-normal border-b border-r\">3<\/td>\n<td class=\"px-sm border-subtler min-w-[48px] break-normal border-b border-r\">Tesla Model Y<\/td>\n<td class=\"px-sm border-subtler min-w-[48px] break-normal border-b border-r\">5,177<\/td>\n<td class=\"px-sm border-subtler min-w-[48px] break-normal border-b border-r\">\u0633\u064a\u0627\u0631\u0629 SUV \u0639\u0627\u0626\u0644\u064a\u0629 \u0630\u0627\u062a \u0645\u062f\u0649 \u0643\u0628\u064a\u0631 \u0648\u062a\u0631\u0643\u064a\u0632 \u062a\u0642\u0646\u064a <span class=\"whitespace-nowrap\"><span aria-label=\"Los coches el\u00e9ctricos m\u00e1s vendidos en Espa\u00f1a en 2025 - LugEnergywww.lugenergy.com \u203a ... \u203a Informaci\u00f3n sobre Veh\u00edculos El\u00e9ctricos\" data-state=\"closed\">\u200b<\/span>.<\/span><\/td>\n<\/tr>\n<tr>\n<td class=\"px-sm border-subtler min-w-[48px] break-normal border-b border-r\">4<\/td>\n<td class=\"px-sm border-subtler min-w-[48px] break-normal border-b border-r\">Renault 5 E-Tech El\u00e9ctrico<\/td>\n<td class=\"px-sm border-subtler min-w-[48px] break-normal border-b border-r\">3,919<\/td>\n<td class=\"px-sm border-subtler min-w-[48px] break-normal border-b border-r\">\u0633\u064a\u0627\u0631\u0629 \u062d\u0636\u0631\u064a\u0629 \u0641\u0639\u0627\u0644\u0629 \u0628\u062a\u0635\u0645\u064a\u0645 \u0623\u064a\u0642\u0648\u0646\u064a \u0648\u0627\u0633\u062a\u062e\u062f\u0627\u0645 \u0639\u0645\u0644\u064a \u062c\u062f\u064b\u0627 <span class=\"whitespace-nowrap\"><span aria-label=\"Los coches el\u00e9ctricos m\u00e1s vendidos en Espa\u00f1a en 2025 - LugEnergywww.lugenergy.com \u203a ... \u203a Informaci\u00f3n sobre Veh\u00edculos El\u00e9ctricos\" data-state=\"closed\">\u200b<\/span>.<\/span><\/td>\n<\/tr>\n<tr>\n<td class=\"px-sm border-subtler min-w-[48px] break-normal border-b border-r\">5<\/td>\n<td class=\"px-sm border-subtler min-w-[48px] break-normal border-b border-r\">BYD Dolphin Surf<\/td>\n<td class=\"px-sm border-subtler min-w-[48px] break-normal border-b border-r\">3,484<\/td>\n<td class=\"px-sm border-subtler min-w-[48px] break-normal border-b border-r\">\u0633\u064a\u0627\u0631\u0629 \u0645\u062f\u0645\u062c\u0629 \u0645\u064a\u0633\u0648\u0631\u0629 \u0627\u0644\u062a\u0643\u0644\u0641\u0629\u060c \u0645\u0635\u0645\u0645\u0629 \u0644\u0644\u0645\u062f\u064a\u0646\u0629 \u0648\u0627\u0644\u0645\u0646\u0627\u0637\u0642 \u0627\u0644\u062d\u0636\u0631\u064a\u0629 <span class=\"whitespace-nowrap\"><span aria-label=\"Los coches el\u00e9ctricos m\u00e1s vendidos en Espa\u00f1a en 2025 - LugEnergywww.lugenergy.com \u203a ... \u203a Informaci\u00f3n sobre Veh\u00edculos El\u00e9ctricos\" data-state=\"closed\">\u200b<\/span>.<\/span><\/td>\n<\/tr>\n<tr>\n<td class=\"px-sm border-subtler min-w-[48px] break-normal border-b border-r\">6<\/td>\n<td class=\"px-sm border-subtler min-w-[48px] break-normal border-b border-r\">Toyota bZ4X<\/td>\n<td class=\"px-sm border-subtler min-w-[48px] break-normal border-b border-r\">2,646<\/td>\n<td class=\"px-sm border-subtler min-w-[48px] break-normal border-b border-r\">\u0633\u064a\u0627\u0631\u0629 SUV \u0648\u0627\u0633\u0639\u0629 \u0645\u0648\u062c\u0647\u0629 \u0644\u0644\u0637\u0631\u064a\u0642 \u0648\u0627\u0644\u0633\u0641\u0631 \u0627\u0644\u0645\u062a\u0643\u0631\u0631 <span class=\"whitespace-nowrap\"><span aria-label=\"Los coches el\u00e9ctricos m\u00e1s vendidos en Espa\u00f1a en 2025 - LugEnergywww.lugenergy.com \u203a ... \u203a Informaci\u00f3n sobre Veh\u00edculos El\u00e9ctricos\" data-state=\"closed\">\u200b<\/span>.<\/span><\/td>\n<\/tr>\n<tr>\n<td class=\"px-sm border-subtler min-w-[48px] break-normal border-b border-r\">7<\/td>\n<td class=\"px-sm border-subtler min-w-[48px] break-normal border-b border-r\">Citro\u00ebn \u00eb-C3<\/td>\n<td class=\"px-sm border-subtler min-w-[48px] break-normal border-b border-r\">2,553<\/td>\n<td class=\"px-sm border-subtler min-w-[48px] break-normal border-b border-r\">\u0633\u064a\u0627\u0631\u0629 \u0643\u0647\u0631\u0628\u0627\u0626\u064a\u0629 \u062d\u0636\u0631\u064a\u0629 \u062a\u062a\u064a\u062d \u0627\u0644\u0648\u0635\u0648\u0644 \u0625\u0644\u0649 \u0627\u0644\u0633\u064a\u0627\u0631\u0629 \u0627\u0644\u0643\u0647\u0631\u0628\u0627\u0626\u064a\u0629 \u0628\u0633\u0639\u0631 \u0645\u0646\u0627\u0633\u0628 <span class=\"whitespace-nowrap\"><span aria-label=\"Los coches el\u00e9ctricos m\u00e1s vendidos en Espa\u00f1a en 2025 - LugEnergywww.lugenergy.com \u203a ... \u203a Informaci\u00f3n sobre Veh\u00edculos El\u00e9ctricos\" data-state=\"closed\">\u200b<\/span>.<\/span><\/td>\n<\/tr>\n<tr>\n<td class=\"px-sm border-subtler min-w-[48px] break-normal border-b border-r\">8<\/td>\n<td class=\"px-sm border-subtler min-w-[48px] break-normal border-b border-r\">BYD Atto 3<\/td>\n<td class=\"px-sm border-subtler min-w-[48px] break-normal border-b border-r\">2,319<\/td>\n<td class=\"px-sm border-subtler min-w-[48px] break-normal border-b border-r\">\u0633\u064a\u0627\u0631\u0629 SUV \u0645\u0646 \u0627\u0644\u0641\u0626\u0629 C \u0645\u0639 \u0645\u0633\u0627\u062d\u0629 \u062c\u064a\u062f\u0629 \u0648\u0631\u0627\u062d\u0629 <span class=\"whitespace-nowrap\"><span aria-label=\"Los coches el\u00e9ctricos m\u00e1s vendidos en Espa\u00f1a en 2025 - LugEnergywww.lugenergy.com \u203a ... \u203a Informaci\u00f3n sobre Veh\u00edculos El\u00e9ctricos\" data-state=\"closed\">\u200b<\/span>.<\/span><\/td>\n<\/tr>\n<tr>\n<td class=\"px-sm border-subtler min-w-[48px] break-normal border-b border-r\">9<\/td>\n<td class=\"px-sm border-subtler min-w-[48px] break-normal border-b border-r\">BYD Atto 2<\/td>\n<td class=\"px-sm border-subtler min-w-[48px] break-normal border-b border-r\">2,258<\/td>\n<td class=\"px-sm border-subtler min-w-[48px] break-normal border-b border-r\">\u0633\u064a\u0627\u0631\u0629 B-SUV \u0641\u0639\u0627\u0644\u0629 \u0644\u0644\u0627\u0633\u062a\u062e\u062f\u0627\u0645 \u0627\u0644\u0645\u062e\u062a\u0644\u0637 \u062d\u0636\u0631\u064a-\u0637\u0631\u0642\u064a <span class=\"whitespace-nowrap\"><span aria-label=\"Los coches el\u00e9ctricos m\u00e1s vendidos en Espa\u00f1a en 2025 - LugEnergywww.lugenergy.com \u203a ... \u203a Informaci\u00f3n sobre Veh\u00edculos El\u00e9ctricos\" data-state=\"closed\">\u200b<\/span>.<\/span><\/td>\n<\/tr>\n<tr>\n<td class=\"px-sm border-subtler min-w-[48px] break-normal border-b border-r\">10<\/td>\n<td class=\"px-sm border-subtler min-w-[48px] break-normal border-b border-r\">Hyundai Inster<\/td>\n<td class=\"px-sm border-subtler min-w-[48px] break-normal border-b border-r\">2,093<\/td>\n<td class=\"px-sm border-subtler min-w-[48px] break-normal border-b border-r\">\u0633\u064a\u0627\u0631\u0629 \u062d\u0636\u0631\u064a\u0629 \u0630\u0643\u064a\u0629 \u0645\u0648\u062c\u0647\u0629 \u0644\u0644\u0645\u062f\u064a\u0646\u0629 \u0648\u0627\u0644\u0645\u0646\u0627\u0637\u0642 \u0627\u0644\u0645\u062d\u064a\u0637\u0629 \u0628\u0647\u0627<\/td>\n<\/tr>\n<\/tbody>\n<\/table>\n<span style=\"font-size: inherit;\">\u200b<\/span><\/div>\n<\/div>\n<h3 class=\"mb-2 mt-4 font-display font-semimedium text-base first:mt-0\">Tesla Model 3 (8,985 \u0648\u062d\u062f\u0629 \u0645\u0628\u0627\u0639\u0629)<\/h3>\n<p class=\"my-2 [&amp;+p]:mt-4 [&amp;_strong:has(+br)]:inline-block [&amp;_strong:has(+br)]:pb-2\">\u062a\u062a\u0635\u062f\u0631 \u0633\u064a\u0627\u0631\u0629 \u0627\u0644\u0633\u064a\u062f\u0627\u0646 \u0627\u0644\u0643\u0647\u0631\u0628\u0627\u0626\u064a\u0629 \u0627\u0644\u0642\u0627\u0626\u0645\u0629 \u0628\u062a\u0635\u0645\u064a\u0645\u0647\u0627 \u0627\u0644\u062f\u064a\u0646\u0627\u0645\u064a\u0643\u064a \u0627\u0644\u0647\u0648\u0627\u0626\u064a \u0648\u062a\u0642\u0646\u064a\u062a\u0647\u0627 \u0627\u0644\u0645\u062a\u0637\u0648\u0631\u0629. \u062a\u0642\u062f\u0645 \u0645\u062f\u0649 WLTP \u064a\u062a\u0631\u0627\u0648\u062d \u0628\u064a\u0646 <strong>530-750 \u0643\u0645<\/strong> \u062d\u0633\u0628 \u0627\u0644\u0628\u0637\u0627\u0631\u064a\u0629 \u0648\u0627\u0644\u0625\u0635\u062f\u0627\u0631\u060c \u0628\u0623\u0633\u0639\u0627\u0631 \u062a\u0628\u062f\u0623 \u0645\u0646 <strong>40,000-55,000 \u20ac<\/strong>. \u0627\u0633\u062a\u0647\u0644\u0627\u0643\u0647\u0627 \u0627\u0644\u0641\u0639\u0644\u064a \u064a\u062a\u0631\u0627\u0648\u062d \u0628\u064a\u0646 <strong>12-13 kWh\/100 \u0643\u0645<\/strong>\u060c \u0645\u0639 \u062a\u0633\u0627\u0631\u0639 \u0645\u0630\u0647\u0644 \u0645\u0646 <strong>0-100 \u0643\u0645\/\u0633<\/strong> \u0641\u064a <strong>3-6 \u062b\u0648\u0627\u0646\u064d<\/strong> \u0648\u062e\u064a\u0627\u0631\u0627\u062a \u0644\u0644\u062f\u0641\u0639 \u0627\u0644\u062e\u0644\u0641\u064a \u0623\u0648 \u0627\u0644\u0643\u0644\u064a. \u0645\u062b\u0627\u0644\u064a\u0629 \u0644\u0644\u0633\u0627\u0626\u0642\u064a\u0646 \u0627\u0644\u0630\u064a\u0646 \u064a\u0628\u062d\u062b\u0648\u0646 \u0639\u0646 \u062a\u0648\u0627\u0632\u0646 \u0628\u064a\u0646 \u0627\u0644\u0643\u0641\u0627\u0621\u0629 \u0648\u0627\u0644\u0623\u062f\u0627\u0621 \u0627\u0644\u0631\u064a\u0627\u0636\u064a \u0648\u0627\u0644\u0633\u0641\u0631 \u0628\u062f\u0648\u0646 \u0642\u0644\u0642.<\/p>\n<p class=\"my-2 [&amp;+p]:mt-4 [&amp;_strong:has(+br)]:inline-block [&amp;_strong:has(+br)]:pb-2\"><span class=\"inline-flex\" data-state=\"closed\">\u200b<img decoding=\"async\" class=\"alignnone size-full wp-image-245410\" src=\"https:\/\/v2charge.com\/wp-content\/uploads\/2025\/08\/mejores-coches-electricos-tesla-model-3-performance-ludicrous.jpg\" alt=\"Los 10 mejores coches el\u00e9ctricos de 2025: gu\u00eda pr\u00e1ctica para elegir el mejor coche el\u00e9ctrico calidad-precio\" width=\"1200\" height=\"700\" srcset=\"https:\/\/v2charge.com\/wp-content\/uploads\/2025\/08\/mejores-coches-electricos-tesla-model-3-performance-ludicrous.jpg 1200w, https:\/\/v2charge.com\/wp-content\/uploads\/2025\/08\/mejores-coches-electricos-tesla-model-3-performance-ludicrous-300x175.jpg 300w, https:\/\/v2charge.com\/wp-content\/uploads\/2025\/08\/mejores-coches-electricos-tesla-model-3-performance-ludicrous-1024x597.jpg 1024w, https:\/\/v2charge.com\/wp-content\/uploads\/2025\/08\/mejores-coches-electricos-tesla-model-3-performance-ludicrous-768x448.jpg 768w, https:\/\/v2charge.com\/wp-content\/uploads\/2025\/08\/mejores-coches-electricos-tesla-model-3-performance-ludicrous-50x29.jpg 50w\" sizes=\"(max-width: 1200px) 100vw, 1200px\" \/><\/span><\/p>\n<ul>\n<li class=\"my-2 [&amp;+p]:mt-4 [&amp;_strong:has(+br)]:inline-block [&amp;_strong:has(+br)]:pb-2\"><strong>\u0627\u0644\u0645\u062f\u0649 \u0627\u0644\u0623\u0642\u0635\u0649<\/strong>: \u062d\u062a\u0649 750 \u0643\u0645 WLTP.<\/li>\n<li class=\"my-2 [&amp;+p]:mt-4 [&amp;_strong:has(+br)]:inline-block [&amp;_strong:has(+br)]:pb-2\"><strong>\u0627\u0644\u0627\u0633\u062a\u0647\u0644\u0627\u0643 \u0627\u0644\u0641\u0639\u0627\u0644<\/strong>: 12-13 kWh\/100 \u0643\u0645.<\/li>\n<li class=\"my-2 [&amp;+p]:mt-4 [&amp;_strong:has(+br)]:inline-block [&amp;_strong:has(+br)]:pb-2\"><strong>\u0627\u0644\u0623\u062f\u0627\u0621<\/strong>: 0-100 \u0643\u0645\/\u0633 \u0641\u064a 3-6 \u062b\u0648\u0627\u0646\u064d\u061b \u062d\u062a\u0649 250 \u0643\u064a\u0644\u0648 \u0648\u0627\u0637 DC.<\/li>\n<\/ul>\n<h3 class=\"mb-2 mt-4 font-display font-semimedium text-base first:mt-0\">KIA EV3 (5,262 \u0648\u062d\u062f\u0629 \u0645\u0628\u0627\u0639\u0629)<\/h3>\n<p class=\"my-2 [&amp;+p]:mt-4 [&amp;_strong:has(+br)]:inline-block [&amp;_strong:has(+br)]:pb-2\">\u062a\u062d\u062f\u062b \u0647\u0630\u0647 \u0627\u0644\u0633\u064a\u0627\u0631\u0629 SUV \u0627\u0644\u0645\u062f\u0645\u062c\u0629 \u062b\u0648\u0631\u0629 \u0641\u064a \u0641\u0626\u0629 \u0627\u0644\u0639\u0627\u0626\u0644\u0629 \u0645\u0639 \u0645\u062f\u0649 \u064a\u0635\u0644 \u0625\u0644\u0649 436 \u0643\u0645 \u0641\u064a \u0627\u0644\u0628\u0637\u0627\u0631\u064a\u0629 \u0627\u0644\u0642\u064a\u0627\u0633\u064a\u0629 \u0648\u062d\u062a\u0649 605 \u0643\u0645 \u0641\u064a \u0627\u0644\u0646\u0633\u062e\u0629 \u0637\u0648\u064a\u0644\u0629 \u0627\u0644\u0645\u062f\u0649\u060c \u0628\u0623\u0633\u0639\u0627\u0631 \u062a\u062a\u0631\u0627\u0648\u062d \u0628\u064a\u0646 <strong>22,000-45,000 \u20ac<\/strong> \u062d\u0633\u0628 \u0627\u0644\u062a\u062c\u0647\u064a\u0632. \u062a\u0633\u062c\u0644 \u0627\u0633\u062a\u0647\u0644\u0627\u0643\u064b\u0627 \u064a\u062a\u0631\u0627\u0648\u062d \u0628\u064a\u0646 <strong>14-17 kWh\/100<\/strong> <strong>\u0643\u0645<\/strong> \u0648\u062a\u0642\u062f\u0645 <strong>204 \u062d\u0635\u0627\u0646<\/strong> \u0645\u0639 \u062f\u0641\u0639 \u0623\u0645\u0627\u0645\u064a\u060c \u0645\u0639 \u0627\u0644\u062a\u0631\u0643\u064a\u0632 \u0639\u0644\u0649 \u0627\u0644\u0631\u0627\u062d\u0629 \u0648\u0627\u0644\u0645\u0633\u0627\u062d\u0629 \u0627\u0644\u062f\u0627\u062e\u0644\u064a\u0629. \u062a\u062c\u0639\u0644 \u0634\u062d\u0646\u062a\u0647\u0627 \u0627\u0644\u0633\u0631\u064a\u0639\u0629 <strong>(100-130 \u0643\u064a\u0644\u0648 \u0648\u0627\u0637 DC)<\/strong> \u0645\u0646\u0647\u0627 \u0645\u062a\u0639\u062f\u062f\u0629 \u0627\u0644\u0627\u0633\u062a\u062e\u062f\u0627\u0645\u0627\u062a \u0644\u0644\u0645\u062f\u064a\u0646\u0629 \u0648\u0627\u0644\u0637\u0631\u064a\u0642\u060c \u0645\u0639 \u0635\u0646\u062f\u0648\u0642 \u0623\u0645\u062a\u0639\u0629 \u0648\u0627\u0633\u0639 \u0648\u062a\u0635\u0645\u064a\u0645 \u0639\u0635\u0631\u064a.<\/p>\n<p class=\"my-2 [&amp;+p]:mt-4 [&amp;_strong:has(+br)]:inline-block [&amp;_strong:has(+br)]:pb-2\"><span aria-label=\"Los coches el\u00e9ctricos m\u00e1s vendidos en Espa\u00f1a en 2025 - LugEnergywww.lugenergy.com \u203a ... \u203a Informaci\u00f3n sobre Veh\u00edculos El\u00e9ctricos\" data-state=\"closed\"><img decoding=\"async\" class=\"alignnone size-full wp-image-228337\" src=\"https:\/\/v2charge.com\/wp-content\/uploads\/2025\/06\/kia-ev3-precio-espana-coche-electrico.jpg\" alt=\"\" width=\"960\" height=\"560\" srcset=\"https:\/\/v2charge.com\/wp-content\/uploads\/2025\/06\/kia-ev3-precio-espana-coche-electrico.jpg 960w, https:\/\/v2charge.com\/wp-content\/uploads\/2025\/06\/kia-ev3-precio-espana-coche-electrico-300x175.jpg 300w, https:\/\/v2charge.com\/wp-content\/uploads\/2025\/06\/kia-ev3-precio-espana-coche-electrico-768x448.jpg 768w, https:\/\/v2charge.com\/wp-content\/uploads\/2025\/06\/kia-ev3-precio-espana-coche-electrico-50x29.jpg 50w\" sizes=\"(max-width: 960px) 100vw, 960px\" \/>\u200b<\/span><\/p>\n<ul>\n<li class=\"my-2 [&amp;+p]:mt-4 [&amp;_strong:has(+br)]:inline-block [&amp;_strong:has(+br)]:pb-2\"><strong>\u0627\u0644\u0645\u062f\u0649 \u0627\u0644\u0623\u0642\u0635\u0649<\/strong>: 605 \u0643\u0645 WLTP (\u0637\u0648\u064a\u0644 \u0627\u0644\u0645\u062f\u0649).<\/li>\n<li class=\"my-2 [&amp;+p]:mt-4 [&amp;_strong:has(+br)]:inline-block [&amp;_strong:has(+br)]:pb-2\"><strong>\u0627\u0644\u0627\u0633\u062a\u0647\u0644\u0627\u0643<\/strong>: 14-17 kWh\/100 \u0643\u0645.<\/li>\n<li class=\"my-2 [&amp;+p]:mt-4 [&amp;_strong:has(+br)]:inline-block [&amp;_strong:has(+br)]:pb-2\"><strong>\u0627\u0644\u0623\u062f\u0627\u0621<\/strong>: 204 \u062d\u0635\u0627\u0646\u061b 10-80% \u0641\u064a 30 \u062f\u0642\u064a\u0642\u0629 DC.<\/li>\n<li class=\"my-2 [&amp;+p]:mt-4 [&amp;_strong:has(+br)]:inline-block [&amp;_strong:has(+br)]:pb-2\"><strong>\u0646\u0642\u0637\u0629 \u0627\u0644\u0642\u0648\u0629<\/strong>: \u062a\u0639\u062f\u062f\u064a\u0629 \u0627\u0644\u0627\u0633\u062a\u062e\u062f\u0627\u0645 \u0627\u0644\u0639\u0627\u0626\u0644\u064a \u0628\u0633\u0639\u0631 \u062a\u0646\u0627\u0641\u0633\u064a.<\/li>\n<\/ul>\n<h3 class=\"mb-2 mt-4 font-display font-semimedium text-base first:mt-0\">Tesla Model Y (5,177 \u0648\u062d\u062f\u0629 \u0645\u0628\u0627\u0639\u0629)<\/h3>\n<p class=\"my-2 [&amp;+p]:mt-4 [&amp;_strong:has(+br)]:inline-block [&amp;_strong:has(+br)]:pb-2\">\u0633\u064a\u0627\u0631\u0629 SUV \u0648\u0627\u0633\u0639\u0629 \u0648\u062a\u0642\u0646\u064a\u0629\u060c \u062a\u0645 \u062a\u062d\u062f\u064a\u062b\u0647\u0627 \u0644\u062a\u062c\u0627\u0648\u0632 <strong>600 \u0643\u0645 WLTP<\/strong> \u0641\u064a \u0627\u0644\u0646\u0633\u062e \u0627\u0644\u0639\u0644\u064a\u0627\u060c \u0628\u0623\u0633\u0639\u0627\u0631 \u062a\u0628\u062f\u0623 \u0645\u0646 <strong>45,000-65,000 \u20ac<\/strong>. \u0627\u0633\u062a\u0647\u0644\u0627\u0643\u0647\u0627 <strong>14-16 kWh\/100 \u0643\u0645<\/strong> \u0645\u0644\u062d\u0648\u0638 \u0644\u062d\u062c\u0645\u0647\u0627\u060c \u0645\u062f\u0639\u0648\u0645\u064b\u0627 \u0628\u0623\u0643\u062b\u0631 \u0645\u0646 <strong>300 \u062d\u0635\u0627\u0646<\/strong> \u0641\u064a \u0627\u0644\u0646\u0633\u062e \u0639\u0627\u0644\u064a\u0629 \u0627\u0644\u0623\u062f\u0627\u0621 \u0648\u0627\u0644\u062f\u0641\u0639 \u0627\u0644\u0643\u0644\u064a. \u062a\u0642\u062f\u0645 \u0633\u0639\u0629 \u062a\u062d\u0645\u064a\u0644 \u0643\u0628\u064a\u0631\u0629 \u0648\u062a\u0633\u0627\u0631\u0639\u0627\u062a \u0633\u0631\u064a\u0639\u0629\u060c \u0645\u062b\u0627\u0644\u064a\u0629 \u0644\u0644\u0639\u0627\u0626\u0644\u0627\u062a \u0627\u0644\u062a\u064a \u062a\u062c\u0645\u0639 \u0628\u064a\u0646 \u0627\u0644\u0627\u0633\u062a\u062e\u062f\u0627\u0645 \u0627\u0644\u064a\u0648\u0645\u064a \u0648\u0627\u0644\u0631\u062d\u0644\u0627\u062a \u0627\u0644\u0637\u0648\u064a\u0644\u0629.<\/p>\n<p class=\"my-2 [&amp;+p]:mt-4 [&amp;_strong:has(+br)]:inline-block [&amp;_strong:has(+br)]:pb-2\"><span aria-label=\"Los coches el\u00e9ctricos m\u00e1s vendidos en Espa\u00f1a en 2025 - LugEnergywww.lugenergy.com \u203a ... \u203a Informaci\u00f3n sobre Veh\u00edculos El\u00e9ctricos\" data-state=\"closed\"><img decoding=\"async\" class=\"alignnone size-full wp-image-245421\" src=\"https:\/\/v2charge.com\/wp-content\/uploads\/2025\/08\/mejores-coches-electricos-tesla-model-y-juniper.jpg\" alt=\"Los 10 mejores coches el\u00e9ctricos de 2025: gu\u00eda pr\u00e1ctica para elegir el mejor coche el\u00e9ctrico calidad-precio\" width=\"960\" height=\"560\" srcset=\"https:\/\/v2charge.com\/wp-content\/uploads\/2025\/08\/mejores-coches-electricos-tesla-model-y-juniper.jpg 960w, https:\/\/v2charge.com\/wp-content\/uploads\/2025\/08\/mejores-coches-electricos-tesla-model-y-juniper-300x175.jpg 300w, https:\/\/v2charge.com\/wp-content\/uploads\/2025\/08\/mejores-coches-electricos-tesla-model-y-juniper-768x448.jpg 768w, https:\/\/v2charge.com\/wp-content\/uploads\/2025\/08\/mejores-coches-electricos-tesla-model-y-juniper-50x29.jpg 50w\" sizes=\"(max-width: 960px) 100vw, 960px\" \/>\u200b<\/span><\/p>\n<ul>\n<li class=\"my-2 [&amp;+p]:mt-4 [&amp;_strong:has(+br)]:inline-block [&amp;_strong:has(+br)]:pb-2\"><strong>\u0627\u0644\u0645\u062f\u0649 \u0627\u0644\u0623\u0642\u0635\u0649<\/strong>: 600+ \u0643\u0645 WLTP.<\/li>\n<li class=\"my-2 [&amp;+p]:mt-4 [&amp;_strong:has(+br)]:inline-block [&amp;_strong:has(+br)]:pb-2\"><strong>\u0627\u0644\u0627\u0633\u062a\u0647\u0644\u0627\u0643<\/strong>: 14-16 kWh\/100 \u0643\u0645.<\/li>\n<li class=\"my-2 [&amp;+p]:mt-4 [&amp;_strong:has(+br)]:inline-block [&amp;_strong:has(+br)]:pb-2\"><strong>\u0627\u0644\u0623\u062f\u0627\u0621<\/strong>: &gt;300 \u062d\u0635\u0627\u0646\u061b \u0645\u0646\u062d\u0646\u064a\u0627\u062a \u0634\u062d\u0646 \u0633\u0631\u064a\u0639\u0629.<\/li>\n<\/ul>\n<h3 class=\"mb-2 mt-4 font-display font-semimedium text-base first:mt-0\">Renault 5 E-Tech El\u00e9ctrico (3,919 \u0648\u062d\u062f\u0629 \u0645\u0628\u0627\u0639\u0629)<\/h3>\n<p class=\"my-2 [&amp;+p]:mt-4 [&amp;_strong:has(+br)]:inline-block [&amp;_strong:has(+br)]:pb-2\">\u062a\u0633\u062a\u0639\u064a\u062f \u0627\u0644\u0623\u064a\u0642\u0648\u0646\u0629 \u0627\u0644\u062d\u0636\u0631\u064a\u0629 \u0645\u0639 \u0645\u062f\u0649 \u064a\u062a\u0631\u0627\u0648\u062d \u0628\u064a\u0646 <strong>300-400+ \u0643\u0645<\/strong> \u0648\u0623\u0633\u0639\u0627\u0631 \u0645\u0639\u0642\u0648\u0644\u0629 \u062a\u062a\u0631\u0627\u0648\u062d \u0628\u064a\u0646 <strong>23,000-30,000 \u20ac<\/strong>. \u0642\u0648\u0649 \u062a\u062a\u0631\u0627\u0648\u062d \u0628\u064a\u0646 <strong>95-150 \u062d\u0635\u0627\u0646<\/strong> \u062a\u062c\u0639\u0644\u0647\u0627 \u0645\u0648\u062c\u0647\u0629 \u0644\u0644\u0645\u062f\u064a\u0646\u0629\u060c \u0645\u0639 \u0627\u0633\u062a\u0647\u0644\u0627\u0643 \u0645\u0646\u062e\u0641\u0636 \u0648\u0642\u062f\u0631\u0629 \u0639\u0644\u0649 \u0627\u0644\u0645\u0646\u0627\u0648\u0631\u0629 \u0627\u0633\u062a\u062b\u0646\u0627\u0626\u064a\u0629. \u062a\u062f\u0639\u0645 \u062d\u062a\u0649 <strong>100 \u0643\u064a\u0644\u0648 \u0648\u0627\u0637 DC<\/strong> \u0644\u0644\u0631\u062d\u0644\u0627\u062a \u0628\u064a\u0646 \u0627\u0644\u0645\u062f\u0646\u060c \u0645\u0639 \u062a\u0635\u0645\u064a\u0645\u0647\u0627 \u0627\u0644\u0639\u0635\u0631\u064a \u0627\u0644\u0643\u0644\u0627\u0633\u064a\u0643\u064a \u0648\u0643\u0641\u0627\u0621\u062a\u0647\u0627 \u0641\u064a \u0627\u0644\u0628\u064a\u0626\u0627\u062a \u0627\u0644\u064a\u0648\u0645\u064a\u0629.<\/p>\n<p><img decoding=\"async\" class=\"alignnone size-full wp-image-216987\" src=\"https:\/\/v2charge.com\/wp-content\/uploads\/2025\/04\/renault-5-electrico-colores.jpg\" alt=\"\" width=\"960\" height=\"560\" srcset=\"https:\/\/v2charge.com\/wp-content\/uploads\/2025\/04\/renault-5-electrico-colores.jpg 960w, https:\/\/v2charge.com\/wp-content\/uploads\/2025\/04\/renault-5-electrico-colores-300x175.jpg 300w, https:\/\/v2charge.com\/wp-content\/uploads\/2025\/04\/renault-5-electrico-colores-768x448.jpg 768w, https:\/\/v2charge.com\/wp-content\/uploads\/2025\/04\/renault-5-electrico-colores-50x29.jpg 50w\" sizes=\"(max-width: 960px) 100vw, 960px\" \/><\/p>\n<ul>\n<li class=\"my-2 [&amp;+p]:mt-4 [&amp;_strong:has(+br)]:inline-block [&amp;_strong:has(+br)]:pb-2\"><strong>\u0627\u0644\u0645\u062f\u0649 \u0627\u0644\u0623\u0642\u0635\u0649<\/strong>: 400+ \u0643\u0645 WLTP.<\/li>\n<li class=\"my-2 [&amp;+p]:mt-4 [&amp;_strong:has(+br)]:inline-block [&amp;_strong:has(+br)]:pb-2\"><strong>\u0627\u0644\u0627\u0633\u062a\u0647\u0644\u0627\u0643<\/strong>: \u0645\u0646\u062e\u0641\u0636 \u062c\u062f\u064b\u0627 \u0641\u064a \u0627\u0644\u0645\u062f\u064a\u0646\u0629.<\/li>\n<li class=\"my-2 [&amp;+p]:mt-4 [&amp;_strong:has(+br)]:inline-block [&amp;_strong:has(+br)]:pb-2\"><strong>\u0627\u0644\u0623\u062f\u0627\u0621<\/strong>: 95-150 \u062d\u0635\u0627\u0646\u061b \u0631\u0634\u064a\u0642\u0629 \u0641\u064a \u0627\u0644\u0645\u062f\u064a\u0646\u0629.<\/li>\n<\/ul>\n<h3 class=\"mb-2 mt-4 font-display font-semimedium text-base first:mt-0\">BYD Dolphin Surf (3,484 \u0648\u062d\u062f\u0629 \u0645\u0628\u0627\u0639\u0629)<\/h3>\n<p class=\"my-2 [&amp;+p]:mt-4 [&amp;_strong:has(+br)]:inline-block [&amp;_strong:has(+br)]:pb-2\">\u0633\u064a\u0627\u0631\u0629 \u0645\u062f\u0645\u062c\u0629 \u0645\u064a\u0633\u0648\u0631\u0629 \u0627\u0644\u062a\u0643\u0644\u0641\u0629 \u0645\u0639 \u0645\u062f\u0649 \u064a\u062a\u0631\u0627\u0648\u062d \u0628\u064a\u0646 <strong>265-320 \u0643\u0645 WLTP<\/strong> \u0648\u0623\u0633\u0639\u0627\u0631 \u062a\u062a\u0631\u0627\u0648\u062d \u0628\u064a\u0646 <strong>19,000-27,000 \u20ac<\/strong>\u060c \u0645\u0632\u0648\u062f\u0629 \u0628\u0640 <strong>90-150 \u062d\u0635\u0627\u0646<\/strong> \u0644\u0644\u0631\u0634\u0627\u0642\u0629 \u0641\u064a \u0627\u0644\u0645\u062f\u064a\u0646\u0629. \u0627\u0633\u062a\u0647\u0644\u0627\u0643\u0647\u0627 \u0627\u0644\u0641\u0639\u0627\u0644 \u0648\u0634\u062d\u0646\u0647\u0627 \u0628\u0640<strong> 65-85 \u0643\u064a\u0644\u0648 \u0648\u0627\u0637 DC<\/strong> \u064a\u062c\u0639\u0644\u0647\u0627 \u062e\u064a\u0627\u0631\u064b\u0627 \u0627\u0642\u062a\u0635\u0627\u062f\u064a\u064b\u0627\u060c \u0645\u0639 \u062a\u062c\u0647\u064a\u0632 \u062c\u064a\u062f \u0642\u064a\u0627\u0633\u064a \u0648\u062a\u0631\u0643\u064a\u0632 \u0639\u0644\u0649 \u0627\u0644\u062a\u0646\u0642\u0644 \u0627\u0644\u064a\u0648\u0645\u064a \u0628\u062f\u0648\u0646 \u062a\u0639\u0642\u064a\u062f\u0627\u062a.<\/p>\n<p class=\"my-2 [&amp;+p]:mt-4 [&amp;_strong:has(+br)]:inline-block [&amp;_strong:has(+br)]:pb-2\"><span aria-label=\"Los coches el\u00e9ctricos m\u00e1s vendidos en Espa\u00f1a en 2025 - LugEnergywww.lugenergy.com \u203a ... \u203a Informaci\u00f3n sobre Veh\u00edculos El\u00e9ctricos\" data-state=\"closed\"><img decoding=\"async\" class=\"alignnone size-full wp-image-290527\" src=\"https:\/\/v2charge.com\/wp-content\/uploads\/2025\/12\/byd-dolphin-surf-precio-modelos.jpg\" alt=\"Todo sobre el BYD Dolphin Surf, precios, caracter\u00edsticas y m\u00e1s, sobre uno de los veh\u00edculos el\u00e9ctricos m\u00e1s vendidos en Espa\u00f1a.\" width=\"960\" height=\"560\" srcset=\"https:\/\/v2charge.com\/wp-content\/uploads\/2025\/12\/byd-dolphin-surf-precio-modelos.jpg 960w, https:\/\/v2charge.com\/wp-content\/uploads\/2025\/12\/byd-dolphin-surf-precio-modelos-300x175.jpg 300w, https:\/\/v2charge.com\/wp-content\/uploads\/2025\/12\/byd-dolphin-surf-precio-modelos-768x448.jpg 768w, https:\/\/v2charge.com\/wp-content\/uploads\/2025\/12\/byd-dolphin-surf-precio-modelos-50x29.jpg 50w\" sizes=\"(max-width: 960px) 100vw, 960px\" \/>\u200b<\/span><\/p>\n<ul>\n<li class=\"my-2 [&amp;+p]:mt-4 [&amp;_strong:has(+br)]:inline-block [&amp;_strong:has(+br)]:pb-2\"><strong>\u0627\u0644\u0645\u062f\u0649 \u0627\u0644\u0623\u0642\u0635\u0649<\/strong>: 320 \u0643\u0645 WLTP.<\/li>\n<li class=\"my-2 [&amp;+p]:mt-4 [&amp;_strong:has(+br)]:inline-block [&amp;_strong:has(+br)]:pb-2\"><strong>\u0627\u0644\u0627\u0633\u062a\u0647\u0644\u0627\u0643<\/strong>: \u0641\u0639\u0627\u0644 \u0641\u064a \u0627\u0644\u0645\u062f\u064a\u0646\u0629.<\/li>\n<li class=\"my-2 [&amp;+p]:mt-4 [&amp;_strong:has(+br)]:inline-block [&amp;_strong:has(+br)]:pb-2\"><strong>\u0627\u0644\u0623\u062f\u0627\u0621<\/strong>: 90-150 \u062d\u0635\u0627\u0646\u061b \u0627\u0633\u062a\u062c\u0627\u0628\u0629 \u0631\u0634\u064a\u0642\u0629.<\/li>\n<\/ul>\n<h3 class=\"mb-2 mt-4 font-display font-semimedium text-base first:mt-0\">Toyota bZ4X (2,646 \u0648\u062d\u062f\u0629 \u0645\u0628\u0627\u0639\u0629)<\/h3>\n<p class=\"my-2 [&amp;+p]:mt-4 [&amp;_strong:has(+br)]:inline-block [&amp;_strong:has(+br)]:pb-2\">\u0633\u064a\u0627\u0631\u0629 SUV \u0645\u0648\u062b\u0648\u0642\u0629 \u0645\u0639 \u0645\u062f\u0649 \u064a\u062a\u0631\u0627\u0648\u062d \u0628\u064a\u0646 <strong>450-570 \u0643\u0645 WLTP<\/strong> \u0648\u0623\u0633\u0639\u0627\u0631 \u062a\u062a\u0631\u0627\u0648\u062d \u0628\u064a\u0646 <strong>39,000-55,000 \u20ac<\/strong>\u060c <strong>\u062a\u0642\u062f\u0645 220-340 \u062d\u0635\u0627\u0646<\/strong> \u0641\u064a \u0627\u0644\u0646\u0633\u062e AWD. \u0627\u0633\u062a\u0647\u0644\u0627\u0643\u0647\u0627 \u0627\u0644\u0645\u0646\u062e\u0641\u0636 \u0644\u0641\u0626\u062a\u0647\u0627 \u0648\u0642\u062f\u0631\u062a\u0647\u0627 \u0639\u0644\u0649 \u0627\u0644\u0634\u062d\u0646 \u062d\u062a\u0649 <strong>150 \u0643\u064a\u0644\u0648 \u0648\u0627\u0637 DC<\/strong> \u062a\u062c\u0639\u0644\u0647\u0627 \u0645\u0646\u0627\u0633\u0628\u0629 \u0644\u0644\u0637\u0631\u064a\u0642\u060c \u0645\u0639 \u0627\u0644\u062a\u0631\u0643\u064a\u0632 \u0639\u0644\u0649 \u0627\u0644\u0631\u0627\u062d\u0629 \u0648\u0627\u0644\u0645\u0633\u0627\u062d\u0629 \u0648\u0627\u0644\u0623\u0645\u0627\u0646 \u0641\u064a \u0627\u0644\u0631\u062d\u0644\u0627\u062a \u0627\u0644\u0637\u0648\u064a\u0644\u0629.<\/p>\n<p class=\"my-2 [&amp;+p]:mt-4 [&amp;_strong:has(+br)]:inline-block [&amp;_strong:has(+br)]:pb-2\"><span aria-label=\"Los coches el\u00e9ctricos m\u00e1s vendidos en Espa\u00f1a en 2025 - LugEnergywww.lugenergy.com \u203a ... \u203a Informaci\u00f3n sobre Veh\u00edculos El\u00e9ctricos\" data-state=\"closed\">\u200b<img decoding=\"async\" class=\"alignnone size-full wp-image-236542\" src=\"https:\/\/v2charge.com\/wp-content\/uploads\/2025\/07\/toyota-bz4x-precio-4x4-electrico-vivienda.jpg\" alt=\"Nuevo Toyota bZ4X 2025: Precio, autonom\u00eda y todas las caracter\u00edsticas del 4x4 el\u00e9ctrico de Toyota\" width=\"960\" height=\"560\" srcset=\"https:\/\/v2charge.com\/wp-content\/uploads\/2025\/07\/toyota-bz4x-precio-4x4-electrico-vivienda.jpg 960w, https:\/\/v2charge.com\/wp-content\/uploads\/2025\/07\/toyota-bz4x-precio-4x4-electrico-vivienda-300x175.jpg 300w, https:\/\/v2charge.com\/wp-content\/uploads\/2025\/07\/toyota-bz4x-precio-4x4-electrico-vivienda-768x448.jpg 768w, https:\/\/v2charge.com\/wp-content\/uploads\/2025\/07\/toyota-bz4x-precio-4x4-electrico-vivienda-50x29.jpg 50w\" sizes=\"(max-width: 960px) 100vw, 960px\" \/><\/span><\/p>\n<ul>\n<li class=\"my-2 [&amp;+p]:mt-4 [&amp;_strong:has(+br)]:inline-block [&amp;_strong:has(+br)]:pb-2\"><strong>\u0627\u0644\u0645\u062f\u0649 \u0627\u0644\u0623\u0642\u0635\u0649<\/strong>: 570 \u0643\u0645 WLTP.<\/li>\n<li class=\"my-2 [&amp;+p]:mt-4 [&amp;_strong:has(+br)]:inline-block [&amp;_strong:has(+br)]:pb-2\"><strong>\u0627\u0644\u0627\u0633\u062a\u0647\u0644\u0627\u0643<\/strong>: \u0645\u0646\u062e\u0641\u0636 \u0644\u0633\u064a\u0627\u0631\u0629 SUV \u0643\u0628\u064a\u0631\u0629.<\/li>\n<li class=\"my-2 [&amp;+p]:mt-4 [&amp;_strong:has(+br)]:inline-block [&amp;_strong:has(+br)]:pb-2\"><strong>\u0627\u0644\u0623\u062f\u0627\u0621<\/strong>: 220-340 \u062d\u0635\u0627\u0646\u061b \u062f\u0641\u0639 \u0643\u0644\u064a.<\/li>\n<\/ul>\n<h3 class=\"mb-2 mt-4 font-display font-semimedium text-base first:mt-0\">Citro\u00ebn \u00eb-C3 (2,553 \u0648\u062d\u062f\u0629 \u0645\u0628\u0627\u0639\u0629)<\/h3>\n<p class=\"my-2 [&amp;+p]:mt-4 [&amp;_strong:has(+br)]:inline-block [&amp;_strong:has(+br)]:pb-2\">\u0633\u064a\u0627\u0631\u0629 \u062d\u0636\u0631\u064a\u0629 \u062f\u064a\u0645\u0642\u0631\u0627\u0637\u064a\u0629 \u0645\u0639 \u0645\u062f\u0649 <strong>~300 \u0643\u0645 WLTP<\/strong> \u0628\u0633\u0639\u0631 <strong>16,000-22,000 \u20ac<\/strong \u0645\u0639 \u0627\u0644\u0645\u0633\u0627\u0639\u062f\u0627\u062a\u060c \u0648<strong>110-115 \u062d\u0635\u0627\u0646<\/strong> \u0643\u0627\u0641\u064a\u0629 \u0644\u0644\u0645\u062f\u064a\u0646\u0629. \u0627\u0633\u062a\u0647\u0644\u0627\u0643 \u0645\u0646\u062e\u0641\u0636 \u0648<strong>100 \u0643\u064a\u0644\u0648 \u0648\u0627\u0637 DC<\/strong> \u064a\u062c\u0639\u0644\u0647\u0627 \u0639\u0645\u0644\u064a\u0629\u060c \u0645\u0639 \u062a\u0643\u0627\u0644\u064a\u0641 \u0627\u0633\u062a\u062e\u062f\u0627\u0645 \u0645\u0646\u062e\u0641\u0636\u0629 \u0648\u062a\u0635\u0645\u064a\u0645 \u0633\u0647\u0644 \u0627\u0644\u0648\u0635\u0648\u0644.<\/p>\n<p class=\"my-2 [&amp;+p]:mt-4 [&amp;_strong:has(+br)]:inline-block [&amp;_strong:has(+br)]:pb-2\"><span aria-label=\"Los coches el\u00e9ctricos m\u00e1s vendidos en Espa\u00f1a en 2025 - LugEnergywww.lugenergy.com \u203a ... \u203a Informaci\u00f3n sobre Veh\u00edculos El\u00e9ctricos\" data-state=\"closed\"><img decoding=\"async\" class=\"alignnone size-full wp-image-170701\" src=\"https:\/\/v2charge.com\/wp-content\/uploads\/2024\/07\/citroen-c3-aircross-precio.jpg\" alt=\"Citro\u00ebn C3 El\u00e9ctrico 2024: La Nueva Apuesta de Citro\u00ebn para la Movilidad Sostenible\" width=\"960\" height=\"560\" srcset=\"https:\/\/v2charge.com\/wp-content\/uploads\/2024\/07\/citroen-c3-aircross-precio.jpg 960w, https:\/\/v2charge.com\/wp-content\/uploads\/2024\/07\/citroen-c3-aircross-precio-300x175.jpg 300w, https:\/\/v2charge.com\/wp-content\/uploads\/2024\/07\/citroen-c3-aircross-precio-768x448.jpg 768w\" sizes=\"(max-width: 960px) 100vw, 960px\" \/>\u200b<\/span><\/p>\n<ul>\n<li class=\"my-2 [&amp;+p]:mt-4 [&amp;_strong:has(+br)]:inline-block [&amp;_strong:has(+br)]:pb-2\"><strong>\u0627\u0644\u0645\u062f\u0649 \u0627\u0644\u0623\u0642\u0635\u0649<\/strong>: 300 \u0643\u0645 WLTP.<\/li>\n<li class=\"my-2 [&amp;+p]:mt-4 [&amp;_strong:has(+br)]:inline-block [&amp;_strong:has(+br)]:pb-2\"><strong>\u0627\u0644\u0627\u0633\u062a\u0647\u0644\u0627\u0643<\/strong>: \u0627\u0642\u062a\u0635\u0627\u062f\u064a \u062c\u062f\u064b\u0627.<\/li>\n<li class=\"my-2 [&amp;+p]:mt-4 [&amp;_strong:has(+br)]:inline-block [&amp;_strong:has(+br)]:pb-2\"><strong>\u0627\u0644\u0623\u062f\u0627\u0621<\/strong>: 110-115 \u062d\u0635\u0627\u0646\u061b \u062d\u0636\u0631\u064a \u0628\u062d\u062a.<\/li>\n<\/ul>\n<h3 class=\"mb-2 mt-4 font-display font-semimedium text-base first:mt-0\">BYD Atto 3 (2,319 \u0648\u062d\u062f\u0629 \u0645\u0628\u0627\u0639\u0629)<\/h3>\n<p class=\"my-2 [&amp;+p]:mt-4 [&amp;_strong:has(+br)]:inline-block [&amp;_strong:has(+br)]:pb-2\">\u0633\u064a\u0627\u0631\u0629 SUV \u0645\u0646 \u0627\u0644\u0641\u0626\u0629 C \u0645\u0639 \u0645\u062f\u0649 <strong>~420 \u0643\u0645 WLTP \u0648\u0633\u0639\u0631 33,000-40,000 \u20ac<\/strong>\u060c \u062a\u0642\u062f\u0645 <strong>200 \u062d\u0635\u0627\u0646<\/strong> \u0645\u0648\u062c\u0647\u0629 \u0646\u062d\u0648 \u0627\u0644\u0631\u0627\u062d\u0629. \u0634\u062d\u0646 \u0628\u0640<strong> 90-100 \u0643\u064a\u0644\u0648 \u0648\u0627\u0637 DC<\/strong> \u0648\u0645\u0633\u0627\u062d\u0629 \u0639\u0627\u0626\u0644\u064a\u0629 \u062a\u0628\u0631\u0632\u0647\u0627 \u0644\u0644\u0627\u0633\u062a\u062e\u062f\u0627\u0645 \u0627\u0644\u0645\u062e\u062a\u0644\u0637.<\/p>\n<p class=\"my-2 [&amp;+p]:mt-4 [&amp;_strong:has(+br)]:inline-block [&amp;_strong:has(+br)]:pb-2\"><span aria-label=\"Los coches el\u00e9ctricos m\u00e1s vendidos en Espa\u00f1a en 2025 - LugEnergywww.lugenergy.com \u203a ... \u203a Informaci\u00f3n sobre Veh\u00edculos El\u00e9ctricos\" data-state=\"closed\"><img decoding=\"async\" class=\"alignnone size-full wp-image-223671\" src=\"https:\/\/v2charge.com\/wp-content\/uploads\/2025\/05\/precio-byd-modelos-coche-electrico-hibrido-byd-atto-3.jpg\" alt=\"Precios BYD en 2025: An\u00e1lisis completo y soluciones de carga eficientes\" width=\"960\" height=\"560\" srcset=\"https:\/\/v2charge.com\/wp-content\/uploads\/2025\/05\/precio-byd-modelos-coche-electrico-hibrido-byd-atto-3.jpg 960w, https:\/\/v2charge.com\/wp-content\/uploads\/2025\/05\/precio-byd-modelos-coche-electrico-hibrido-byd-atto-3-300x175.jpg 300w, https:\/\/v2charge.com\/wp-content\/uploads\/2025\/05\/precio-byd-modelos-coche-electrico-hibrido-byd-atto-3-768x448.jpg 768w, https:\/\/v2charge.com\/wp-content\/uploads\/2025\/05\/precio-byd-modelos-coche-electrico-hibrido-byd-atto-3-50x29.jpg 50w\" sizes=\"(max-width: 960px) 100vw, 960px\" \/>\u200b<\/span><\/p>\n<ul>\n<li class=\"my-2 [&amp;+p]:mt-4 [&amp;_strong:has(+br)]:inline-block [&amp;_strong:has(+br)]:pb-2\"><strong>\u0627\u0644\u0645\u062f\u0649 \u0627\u0644\u0623\u0642\u0635\u0649<\/strong>: 420 \u0643\u0645 WLTP.<\/li>\n<li class=\"my-2 [&amp;+p]:mt-4 [&amp;_strong:has(+br)]:inline-block [&amp;_strong:has(+br)]:pb-2\"><strong>\u0627\u0644\u0627\u0633\u062a\u0647\u0644\u0627\u0643<\/strong>: \u0641\u0639\u0627\u0644 \u0639\u0627\u0626\u0644\u064a\u064b\u0627.<\/li>\n<li class=\"my-2 [&amp;+p]:mt-4 [&amp;_strong:has(+br)]:inline-block [&amp;_strong:has(+br)]:pb-2\"><strong>\u0627\u0644\u0623\u062f\u0627\u0621<\/strong>: 200 \u062d\u0635\u0627\u0646\u061b \u0633\u0644\u0633 \u0639\u0644\u0649 \u0627\u0644\u0637\u0631\u064a\u0642.<\/li>\n<\/ul>\n<h3 class=\"mb-2 mt-4 font-display font-semimedium text-base first:mt-0\">BYD Atto 2 (2,258 \u0648\u062d\u062f\u0629 \u0645\u0628\u0627\u0639\u0629)<\/h3>\n<p class=\"my-2 [&amp;+p]:mt-4 [&amp;_strong:has(+br)]:inline-block [&amp;_strong:has(+br)]:pb-2\">\u0633\u064a\u0627\u0631\u0629 B-SUV \u0645\u0639 \u0645\u062f\u0649 <strong>~430 \u0643\u0645 WLTP \u0628\u0633\u0639\u0631 25,000-35,000 \u20ac<\/strong>\u060c \u0642\u0648\u0629 \u0645\u062a\u0648\u0633\u0637\u0629 \u0645\u0646 \u0623\u062c\u0644 \u0627\u0644\u0643\u0641\u0627\u0621\u0629. <strong>80-90 \u0643\u064a\u0644\u0648 \u0648\u0627\u0637 DC<\/strong> \u0648\u0633\u0644\u0648\u0643 \u0646\u0628\u064a\u0644 \u064a\u062c\u0639\u0644\u0647\u0627 \u0645\u0646\u0627\u0633\u0628\u0629 \u0644\u0644\u0627\u0633\u062a\u062e\u062f\u0627\u0645 \u0627\u0644\u064a\u0648\u0645\u064a \u0648\u0627\u0644\u0631\u062d\u0644\u0627\u062a \u0627\u0644\u0639\u0631\u0636\u064a\u0629.<\/p>\n<p class=\"my-2 [&amp;+p]:mt-4 [&amp;_strong:has(+br)]:inline-block [&amp;_strong:has(+br)]:pb-2\"><span aria-label=\"Los coches el\u00e9ctricos m\u00e1s vendidos en Espa\u00f1a en 2025 - LugEnergywww.lugenergy.com \u203a ... \u203a Informaci\u00f3n sobre Veh\u00edculos El\u00e9ctricos\" data-state=\"closed\"><img decoding=\"async\" class=\"alignnone size-full wp-image-223726\" src=\"https:\/\/v2charge.com\/wp-content\/uploads\/2025\/05\/precio-byd-modelos-coche-electrico-hibrido-byd-atto-2.jpg\" alt=\"Precios BYD en 2025: An\u00e1lisis completo y soluciones de carga eficientes\" width=\"960\" height=\"560\" srcset=\"https:\/\/v2charge.com\/wp-content\/uploads\/2025\/05\/precio-byd-modelos-coche-electrico-hibrido-byd-atto-2.jpg 960w, https:\/\/v2charge.com\/wp-content\/uploads\/2025\/05\/precio-byd-modelos-coche-electrico-hibrido-byd-atto-2-300x175.jpg 300w, https:\/\/v2charge.com\/wp-content\/uploads\/2025\/05\/precio-byd-modelos-coche-electrico-hibrido-byd-atto-2-768x448.jpg 768w, https:\/\/v2charge.com\/wp-content\/uploads\/2025\/05\/precio-byd-modelos-coche-electrico-hibrido-byd-atto-2-50x29.jpg 50w\" sizes=\"(max-width: 960px) 100vw, 960px\" \/>\u200b<\/span><\/p>\n<ul>\n<li class=\"my-2 [&amp;+p]:mt-4 [&amp;_strong:has(+br)]:inline-block [&amp;_strong:has(+br)]:pb-2\"><strong>\u0627\u0644\u0645\u062f\u0649 \u0627\u0644\u0623\u0642\u0635\u0649<\/strong>: 430 \u0643\u0645 WLTP.<\/li>\n<li class=\"my-2 [&amp;+p]:mt-4 [&amp;_strong:has(+br)]:inline-block [&amp;_strong:has(+br)]:pb-2\"><strong>\u0627\u0644\u0627\u0633\u062a\u0647\u0644\u0627\u0643<\/strong>: \u0645\u0648\u062c\u0647 \u0646\u062d\u0648 \u0627\u0644\u0631\u0627\u062d\u0629.<\/li>\n<li class=\"my-2 [&amp;+p]:mt-4 [&amp;_strong:has(+br)]:inline-block [&amp;_strong:has(+br)]:pb-2\"><strong>\u0627\u0644\u0623\u062f\u0627\u0621<\/strong>: \u0642\u0648\u0629 \u0645\u062a\u0648\u0633\u0637\u0629\u061b \u0645\u062a\u0639\u062f\u062f\u0629 \u0627\u0644\u0627\u0633\u062a\u062e\u062f\u0627\u0645\u0627\u062a.<\/li>\n<\/ul>\n<h3 class=\"mb-2 mt-4 font-display font-semimedium text-base first:mt-0\">Hyundai Inster (2,093 \u0648\u062d\u062f\u0629 \u0645\u0628\u0627\u0639\u0629)<\/h3>\n<p class=\"my-2 [&amp;+p]:mt-4 [&amp;_strong:has(+br)]:inline-block [&amp;_strong:has(+br)]:pb-2\">\u0633\u064a\u0627\u0631\u0629 \u062d\u0636\u0631\u064a\u0629 \u0641\u0627\u062e\u0631\u0629 \u0645\u0639 \u0645\u062f\u0649 <strong>370 \u0643\u0645 WLTP \u0648\u0633\u0639\u0631 21,000-25,000 \u20ac\u060c 100-115 \u062d\u0635\u0627\u0646<\/strong> \u0644\u0644\u0627\u0633\u062a\u062e\u062f\u0627\u0645 \u0641\u064a \u0627\u0644\u0645\u0646\u0627\u0637\u0642 \u0627\u0644\u0645\u062d\u064a\u0637\u0629. \u062a\u0648\u0641\u0631 \u0633\u0639\u0629 \u062c\u064a\u062f\u0629 \u0648\u0634\u062d\u0646 \u0628\u0640 80-100 \u0643\u064a\u0644\u0648 \u0648\u0627\u0637 \u0641\u064a \u0634\u0643\u0644 \u0645\u062f\u0645\u062c.<\/p>\n<p class=\"my-2 [&amp;+p]:mt-4 [&amp;_strong:has(+br)]:inline-block [&amp;_strong:has(+br)]:pb-2\"><span aria-label=\"Los coches el\u00e9ctricos m\u00e1s vendidos en Espa\u00f1a en 2025 - LugEnergywww.lugenergy.com \u203a ... \u203a Informaci\u00f3n sobre Veh\u00edculos El\u00e9ctricos\" data-state=\"closed\"><img decoding=\"async\" class=\"alignnone size-full wp-image-244138\" src=\"https:\/\/v2charge.com\/wp-content\/uploads\/2025\/08\/coches-electricos-baratos-hyundai-inster-electrico.jpg\" alt=\"\" width=\"960\" height=\"560\" srcset=\"https:\/\/v2charge.com\/wp-content\/uploads\/2025\/08\/coches-electricos-baratos-hyundai-inster-electrico.jpg 960w, https:\/\/v2charge.com\/wp-content\/uploads\/2025\/08\/coches-electricos-baratos-hyundai-inster-electrico-300x175.jpg 300w, https:\/\/v2charge.com\/wp-content\/uploads\/2025\/08\/coches-electricos-baratos-hyundai-inster-electrico-768x448.jpg 768w, https:\/\/v2charge.com\/wp-content\/uploads\/2025\/08\/coches-electricos-baratos-hyundai-inster-electrico-50x29.jpg 50w\" sizes=\"(max-width: 960px) 100vw, 960px\" \/>\u200b<\/span><\/p>\n<ul>\n<li class=\"my-2 [&amp;+p]:mt-4 [&amp;_strong:has(+br)]:inline-block [&amp;_strong:has(+br)]:pb-2\"><strong>\u0627\u0644\u0645\u062f\u0649 \u0627\u0644\u0623\u0642\u0635\u0649<\/strong>: 370 \u0643\u0645 WLTP.<\/li>\n<li class=\"my-2 [&amp;+p]:mt-4 [&amp;_strong:has(+br)]:inline-block [&amp;_strong:has(+br)]:pb-2\"><strong>\u0627\u0644\u0627\u0633\u062a\u0647\u0644\u0627\u0643<\/strong>: \u0645\u0646\u062e\u0641\u0636 \u0641\u064a \u0627\u0644\u0645\u0646\u0627\u0637\u0642 \u0627\u0644\u0645\u062d\u064a\u0637\u0629.<\/li>\n<li class=\"my-2 [&amp;+p]:mt-4 [&amp;_strong:has(+br)]:inline-block [&amp;_strong:has(+br)]:pb-2\"><strong>\u0627\u0644\u0623\u062f\u0627\u0621<\/strong>: 100-115 \u062d\u0635\u0627\u0646\u061b \u0639\u0645\u0644\u064a.<\/li>\n<\/ul>\n<h2 class=\"mb-2 mt-4 font-display font-semimedium text-base first:mt-0\">\u0645\u0627 \u0647\u064a \u0627\u0644\u0639\u0648\u0627\u0645\u0644 \u0627\u0644\u062a\u064a \u062a\u0641\u0633\u0631 \u0646\u062c\u0627\u062d \u0627\u0644\u0633\u064a\u0627\u0631\u0627\u062a \u0627\u0644\u0643\u0647\u0631\u0628\u0627\u0626\u064a\u0629 \u0627\u0644\u0623\u0643\u062b\u0631 \u0645\u0628\u064a\u0639\u064b\u0627\u061f<\/h2>\n<p class=\"my-2 [&amp;+p]:mt-4 [&amp;_strong:has(+br)]:inline-block [&amp;_strong:has(+br)]:pb-2\">\u064a\u0633\u062a\u062c\u064a\u0628 \u0646\u0645\u0648 \u0627\u0644\u0633\u0648\u0642 \u0627\u0644\u0643\u0647\u0631\u0628\u0627\u0626\u064a \u0644\u062b\u0644\u0627\u062b\u0629 \u0645\u062d\u0631\u0643\u0627\u062a \u0631\u0626\u064a\u0633\u064a\u0629. \u0641\u064a <strong>V2C<\/strong>\u060c \u0646\u0631\u0627\u0647\u0627 \u0643\u0639\u0644\u0627\u0645\u0627\u062a \u0646\u0636\u062c \u0644\u0644\u0646\u0638\u0627\u0645 \u0627\u0644\u0628\u064a\u0626\u064a:<\/p>\n<ul>\n<li class=\"my-2 [&amp;+p]:mt-4 [&amp;_strong:has(+br)]:inline-block [&amp;_strong:has(+br)]:pb-2\"><strong>\u0645\u062f\u0649 \u062d\u0642\u064a\u0642\u064a \u0623\u0643\u0628\u0631.<\/strong> \u062a\u062a\u064a\u062d \u062a\u0642\u0646\u064a\u0629 \u0627\u0644\u0628\u0637\u0627\u0631\u064a\u0627\u062a \u0645\u062f\u0649 \u064a\u062a\u062c\u0627\u0648\u0632 500 \u0643\u0645\u060c \u0645\u0645\u0627 \u064a\u0642\u0644\u0644 \u0645\u0646 \u0642\u0644\u0642 \u0627\u0644\u0634\u062d\u0646.<\/li>\n<li class=\"my-2 [&amp;+p]:mt-4 [&amp;_strong:has(+br)]:inline-block [&amp;_strong:has(+br)]:pb-2\"><strong>\u062a\u0648\u0633\u0639 \u0627\u0644\u0628\u0646\u064a\u0629 \u0627\u0644\u062a\u062d\u062a\u064a\u0629 \u0644\u0644\u0634\u062d\u0646.<\/strong> \u062a\u062a\u064a\u062d \u062a\u0648\u0627\u0641\u0631 <strong>\u0634\u0648\u0627\u062d\u0646 \u0627\u0644\u0633\u064a\u0627\u0631\u0627\u062a \u0627\u0644\u0643\u0647\u0631\u0628\u0627\u0626\u064a\u0629<\/strong> \u0627\u0644\u0645\u0646\u0632\u0644\u064a\u0629 \u0627\u0644\u0645\u062a\u0632\u0627\u064a\u062f \u062a\u062c\u0631\u0628\u0629 \u0639\u0645\u0644\u064a\u0629 \u0648\u0645\u064a\u0633\u0648\u0631\u0629.<\/li>\n<li class=\"my-2 [&amp;+p]:mt-4 [&amp;_strong:has(+br)]:inline-block [&amp;_strong:has(+br)]:pb-2\"><strong>\u0627\u0644\u062f\u0639\u0645 \u0627\u0644\u0639\u0627\u0645.<\/strong> \u062a\u0639\u0632\u0632 <strong>\u0627\u0644\u0645\u0633\u0627\u0639\u062f\u0627\u062a \u0644\u062a\u0631\u0643\u064a\u0628 \u0634\u0627\u062d\u0646 \u0627\u0644\u0633\u064a\u0627\u0631\u0629 \u0627\u0644\u0643\u0647\u0631\u0628\u0627\u0626\u064a\u0629<\/strong>\u060c \u062c\u0646\u0628\u064b\u0627 \u0625\u0644\u0649 \u062c\u0646\u0628 \u0645\u0639 \u0627\u0644\u062d\u0648\u0627\u0641\u0632 \u0644\u0644\u062a\u0646\u0642\u0644 \u0627\u0644\u0645\u0633\u062a\u062f\u0627\u0645\u060c \u0627\u0644\u0648\u0635\u0648\u0644 \u0627\u0644\u0639\u0627\u0645 \u0625\u0644\u0649 \u0647\u0630\u0647 \u0627\u0644\u062a\u0642\u0646\u064a\u0629.<\/li>\n<\/ul>\n<p class=\"my-2 [&amp;+p]:mt-4 [&amp;_strong:has(+br)]:inline-block [&amp;_strong:has(+br)]:pb-2\">\u0644\u0642\u062f \u0633\u0645\u062d\u062a \u0647\u0630\u0647 \u0627\u0644\u062a\u0631\u0643\u064a\u0628\u0629 \u0645\u0646 \u0627\u0644\u0627\u0628\u062a\u0643\u0627\u0631 \u0648\u0627\u0644\u062f\u0639\u0645 \u0628\u062a\u0639\u0632\u064a\u0632 \u0627\u0644\u0633\u064a\u0627\u0631\u0629 \u0627\u0644\u0643\u0647\u0631\u0628\u0627\u0626\u064a\u0629 \u0643\u0628\u062f\u064a\u0644 \u064a\u0648\u0645\u064a \u0633\u0648\u0627\u0621 \u0641\u064a \u0627\u0644\u0628\u064a\u0626\u0627\u062a \u0627\u0644\u062d\u0636\u0631\u064a\u0629 \u0623\u0648 \u0628\u064a\u0646 \u0627\u0644\u0645\u062f\u0646.<\/p>\n<p><\/p>\n<figure class=\"wp-block-image\"><a href=\"https:\/\/v2charge.com\/ar\/store\/es\/producto\/trydan\/\"><img decoding=\"async\" width=\"818\" height=\"818\" class=\"wp-image-244163\" src=\"https:\/\/v2charge.com\/wp-content\/uploads\/2025\/08\/cargador-coche-electrico-mas-inteligente-descubre-trydan.jpg\" alt=\"\" srcset=\"https:\/\/v2charge.com\/wp-content\/uploads\/2025\/08\/cargador-coche-electrico-mas-inteligente-descubre-trydan.jpg 818w, https:\/\/v2charge.com\/wp-content\/uploads\/2025\/08\/cargador-coche-electrico-mas-inteligente-descubre-trydan-300x300.jpg 300w, https:\/\/v2charge.com\/wp-content\/uploads\/2025\/08\/cargador-coche-electrico-mas-inteligente-descubre-trydan-150x150.jpg 150w, https:\/\/v2charge.com\/wp-content\/uploads\/2025\/08\/cargador-coche-electrico-mas-inteligente-descubre-trydan-768x768.jpg 768w, https:\/\/v2charge.com\/wp-content\/uploads\/2025\/08\/cargador-coche-electrico-mas-inteligente-descubre-trydan-50x50.jpg 50w\" sizes=\"(max-width: 818px) 100vw, 818px\" \/><\/a><\/figure>\n<p><\/p>\n<h2 class=\"mb-2 mt-4 font-display font-semimedium text-base first:mt-0\">\u0645\u0627 \u0647\u0648 \u0623\u0641\u0636\u0644 \u0633\u064a\u0627\u0631\u0629 \u0643\u0647\u0631\u0628\u0627\u0626\u064a\u0629 \u0641\u064a \u0625\u0633\u0628\u0627\u0646\u064a\u0627 \u0627\u0644\u0622\u0646\u061f<\/h2>\n<p class=\"my-2 [&amp;+p]:mt-4 [&amp;_strong:has(+br)]:inline-block [&amp;_strong:has(+br)]:pb-2\">\u0627\u0644\u0625\u062c\u0627\u0628\u0629 \u062a\u0639\u062a\u0645\u062f \u0639\u0644\u0649 \u0645\u0644\u0641 \u062a\u0639\u0631\u064a\u0641 \u0627\u0644\u0633\u0627\u0626\u0642. \u0628\u0639\u0636\u0647\u0645 \u064a\u0641\u0636\u0644 \u0645\u062f\u0649 \u0627\u0644\u0633\u064a\u0631\u060c \u0628\u064a\u0646\u0645\u0627 \u064a\u0628\u062d\u062b \u0622\u062e\u0631\u0648\u0646 \u0639\u0646 \u0627\u0644\u0643\u0641\u0627\u0621\u0629 \u0623\u0648 \u0627\u0644\u0633\u0639\u0631. \u0645\u0627 \u0647\u0648 \u0648\u0627\u0636\u062d \u0647\u0648 \u0623\u0646 \u062a\u0631\u0643\u064a\u0628 \u0646\u0638\u0627\u0645 \u0634\u062d\u0646 \u0645\u0646\u0627\u0633\u0628 \u0647\u0648 \u0627\u0644\u0639\u0627\u0645\u0644 \u0627\u0644\u062d\u0642\u064a\u0642\u064a \u0627\u0644\u0630\u064a \u064a\u0639\u0638\u0645 \u0627\u0644\u062a\u062c\u0631\u0628\u0629.<\/p>\n<p class=\"my-2 [&amp;+p]:mt-4 [&amp;_strong:has(+br)]:inline-block [&amp;_strong:has(+br)]:pb-2\">\u064a\u064f\u0642\u062f\u0651\u0631 \u0627\u0644\u0633\u0627\u0626\u0642\u0648\u0646 \u0628\u0634\u0643\u0644 \u062e\u0627\u0635:<\/p>\n<ul>\n<li class=\"my-2 [&amp;+p]:mt-4 [&amp;_strong:has(+br)]:inline-block [&amp;_strong:has(+br)]:pb-2\">\u0645\u062f\u0649 \u062d\u0642\u064a\u0642\u064a \u064a\u062a\u062c\u0627\u0648\u0632 <strong>400 \u0643\u0645<\/strong>.<\/li>\n<li class=\"my-2 [&amp;+p]:mt-4 [&amp;_strong:has(+br)]:inline-block [&amp;_strong:has(+br)]:pb-2\">\u0633\u0639\u0631 \u062a\u0646\u0627\u0641\u0633\u064a\u060c \u062e\u0627\u0635\u0629 \u0645\u0639 <strong>\u0627\u0644\u0645\u0633\u0627\u0639\u062f\u0627\u062a \u0644\u0634\u0631\u0627\u0621 \u0633\u064a\u0627\u0631\u0629 \u0647\u062c\u064a\u0646\u0629<\/strong> \u0623\u0648 \u0643\u0647\u0631\u0628\u0627\u0626\u064a\u0629.<\/li>\n<li class=\"my-2 [&amp;+p]:mt-4 [&amp;_strong:has(+br)]:inline-block [&amp;_strong:has(+br)]:pb-2\">\u0627\u0633\u062a\u0647\u0644\u0627\u0643 \u0637\u0627\u0642\u0629 \u0645\u0646\u062e\u0641\u0636 (\u0623\u0642\u0644 \u0645\u0646 <strong>15 \u0643\u064a\u0644\u0648\u0627\u062a \u0633\u0627\u0639\u0629\/100 \u0643\u0645<\/strong>).<\/li>\n<li class=\"my-2 [&amp;+p]:mt-4 [&amp;_strong:has(+br)]:inline-block [&amp;_strong:has(+br)]:pb-2\">\u0625\u0645\u0643\u0627\u0646\u064a\u0629 \u0627\u0644\u0634\u062d\u0646 \u0627\u0644\u0633\u0631\u064a\u0639 \u0648\u0627\u0644\u0622\u0645\u0646 \u0641\u064a \u0627\u0644\u0628\u064a\u0626\u0629 \u0627\u0644\u0645\u0646\u0632\u0644\u064a\u0629 \u0623\u0648 \u0627\u0644\u0639\u0645\u0644\u064a\u0629.<\/li>\n<\/ul>\n<h2 class=\"mb-2 mt-4 font-display font-semimedium text-base first:mt-0\">\u0627\u0644\u0628\u0646\u064a\u0629 \u0627\u0644\u062a\u062d\u062a\u064a\u0629 \u0644\u0644\u0634\u062d\u0646\u060c \u0645\u062d\u0631\u0643 \u0627\u0644\u062a\u0646\u0642\u0644 \u0627\u0644\u0643\u0647\u0631\u0628\u0627\u0626\u064a<\/h2>\n<p class=\"my-2 [&amp;+p]:mt-4 [&amp;_strong:has(+br)]:inline-block [&amp;_strong:has(+br)]:pb-2\">\u0644\u0627 \u064a\u0645\u0643\u0646 \u0641\u0647\u0645 \u0627\u0632\u062f\u0647\u0627\u0631 <strong>\u0627\u0644\u0633\u064a\u0627\u0631\u0627\u062a \u0627\u0644\u0643\u0647\u0631\u0628\u0627\u0626\u064a\u0629 \u0627\u0644\u0623\u0643\u062b\u0631 \u0645\u0628\u064a\u0639\u064b\u0627 \u0641\u064a \u0625\u0633\u0628\u0627\u0646\u064a\u0627<\/strong> \u0628\u062f\u0648\u0646 \u0634\u0628\u0643\u0629 \u0634\u062d\u0646 \u0642\u0648\u064a\u0629 \u0648\u0641\u0639\u0627\u0644\u0629. \u0641\u064a <strong>V2C<\/strong>\u060c \u0646\u0631\u0627\u0647\u0646 \u0639\u0644\u0649 \u062d\u0644\u0648\u0644 \u062a\u0643\u0646\u0648\u0644\u0648\u062c\u064a\u0629 \u0644\u0644\u0634\u062d\u0646 \u0627\u0644\u0630\u0643\u064a \u0627\u0644\u062a\u064a \u062a\u0639\u0645\u0644 \u0639\u0644\u0649 \u062a\u062d\u0633\u064a\u0646 \u0627\u0633\u062a\u0647\u0644\u0627\u0643 \u0627\u0644\u0637\u0627\u0642\u0629 \u0648\u062a\u062a\u0643\u0627\u0645\u0644 \u0641\u064a \u0627\u0644\u0645\u0646\u0627\u0632\u0644 \u0648\u0627\u0644\u0634\u0631\u0643\u0627\u062a \u0648\u0627\u0644\u0623\u0633\u0627\u0637\u064a\u0644 \u0627\u0644\u0645\u0647\u0646\u064a\u0629.<\/p>\n<p class=\"my-2 [&amp;+p]:mt-4 [&amp;_strong:has(+br)]:inline-block [&amp;_strong:has(+br)]:pb-2\">\u0627\u0645\u062a\u0644\u0627\u0643 \u0634\u0627\u062d\u0646 \u0633\u064a\u0627\u0631\u0629 \u0643\u0647\u0631\u0628\u0627\u0626\u064a\u0629 \u0645\u0646 <strong>V2C<\/strong> \u064a\u062a\u064a\u062d \u0644\u0643 <strong>\u0627\u0644\u0634\u062d\u0646 \u0628\u0634\u0643\u0644 \u0622\u0645\u0646<\/strong>\u060c \u0648<strong>\u0628\u0631\u0645\u062c\u0629 \u0623\u0648\u0642\u0627\u062a \u0627\u0644\u0634\u062d\u0646 \u0627\u0644\u0645\u0646\u062e\u0641\u0636\u0629<\/strong> \u0648<strong>\u0645\u0631\u0627\u0642\u0628\u0629 \u0627\u0644\u0637\u0627\u0642\u0629 \u0641\u064a \u0627\u0644\u0648\u0642\u062a \u0627\u0644\u062d\u0642\u064a\u0642\u064a<\/strong>. \u0628\u0627\u0644\u0625\u0636\u0627\u0641\u0629 \u0625\u0644\u0649 \u0630\u0644\u0643\u060c \u062a\u0634\u0645\u0644 \u062d\u0644\u0648\u0644\u0646\u0627 \u0627\u0644\u0643\u0627\u0645\u0644\u0629 \u0644\u062a\u0631\u0643\u064a\u0628 \u0634\u0627\u062d\u0646 \u0627\u0644\u0633\u064a\u0627\u0631\u0629 \u0627\u0644\u0643\u0647\u0631\u0628\u0627\u0626\u064a\u0629 \u062f\u0631\u0627\u0633\u0629 \u0641\u0646\u064a\u0629\u060c \u062a\u0631\u0643\u064a\u0628 \u0627\u062d\u062a\u0631\u0627\u0641\u064a\u060c \u0648\u062f\u0639\u0645 \u0645\u0633\u062a\u0645\u0631 \u0641\u064a \u0625\u0633\u0628\u0627\u0646\u064a\u0627.<\/p>\n<h2 class=\"mb-2 mt-4 font-display font-semimedium text-base first:mt-0\">\u0627\u0628\u062d\u062b \u0639\u0646 \u0623\u0642\u0631\u0628 \u0645\u064f\u0631\u0643\u0628 V2C \u0625\u0644\u064a\u0643<\/h2>\n<p class=\"my-2 [&amp;+p]:mt-4 [&amp;_strong:has(+br)]:inline-block [&amp;_strong:has(+br)]:pb-2\">\u0627\u0644\u0634\u062d\u0646 \u0627\u0644\u0645\u0646\u0632\u0644\u064a \u0647\u0648 \u0627\u0644\u062e\u0637\u0648\u0629 \u0627\u0644\u0646\u0647\u0627\u0626\u064a\u0629 \u0646\u062d\u0648 \u062a\u0646\u0642\u0644 \u0641\u0639\u0627\u0644 \u0648\u062e\u0627\u0644\u064d \u0645\u0646 \u0627\u0644\u0627\u0646\u0628\u0639\u0627\u062b\u0627\u062a. \u0641\u064a <strong>V2C<\/strong>\u060c \u0646\u0633\u0627\u0639\u062f\u0643 \u0639\u0644\u0649 \u0627\u062a\u062e\u0627\u0630 \u0647\u0630\u0647 \u0627\u0644\u062e\u0637\u0648\u0629 \u0645\u0639 \u0627\u0644\u062a\u0643\u0646\u0648\u0644\u0648\u062c\u064a\u0627 \u0627\u0644\u0645\u0637\u0648\u0631\u0629 \u0648\u0627\u0644\u0645\u0635\u0646\u0639\u0629 \u0641\u064a \u0625\u0633\u0628\u0627\u0646\u064a\u0627.<\/p>\n<p class=\"my-2 [&amp;+p]:mt-4 [&amp;_strong:has(+br)]:inline-block [&amp;_strong:has(+br)]:pb-2\">\u0625\u0630\u0627 \u0643\u0646\u062a \u062a\u0641\u0643\u0631 \u0641\u064a \u0627\u0644\u0627\u0646\u0636\u0645\u0627\u0645 \u0625\u0644\u0649 \u0627\u0644\u062a\u063a\u064a\u064a\u0631\u060c \u0627\u0628\u062d\u062b \u0639\u0646 <strong><a href=\"https:\/\/v2charge.com\/ar\/encuentra-tu-instalador-ar\/\">\u0645\u0631\u0643\u0628 \u0646\u0642\u0637\u0629 \u0627\u0644\u0634\u062d\u0646<\/a> V2C<\/strong> \u0648\u0627\u0643\u062a\u0634\u0641 \u0643\u064a\u0641 \u062a\u062c\u0639\u0644 \u0637\u0627\u0642\u062a\u0643 \u062a\u0639\u0645\u0644 \u0645\u0646 \u0623\u062c\u0644\u0643.<\/p>\n<figure class=\"wp-block-image\"><a href=\"https:\/\/v2charge.com\/ar\/encuentra-tu-instalador-ar\/\"><img decoding=\"async\" width=\"960\" height=\"960\" src=\"https:\/\/v2charge.com\/wp-content\/uploads\/2025\/08\/buscas-instalador-cargador-coche-electrico.jpg\" alt=\"Encuentra tu instalador de cargador de coche el\u00e9ctrico\" class=\"wp-image-243962\" srcset=\"https:\/\/v2charge.com\/wp-content\/uploads\/2025\/08\/buscas-instalador-cargador-coche-electrico.jpg 960w, https:\/\/v2charge.com\/wp-content\/uploads\/2025\/08\/buscas-instalador-cargador-coche-electrico-300x300.jpg 300w, https:\/\/v2charge.com\/wp-content\/uploads\/2025\/08\/buscas-instalador-cargador-coche-electrico-150x150.jpg 150w, https:\/\/v2charge.com\/wp-content\/uploads\/2025\/08\/buscas-instalador-cargador-coche-electrico-768x768.jpg 768w, https:\/\/v2charge.com\/wp-content\/uploads\/2025\/08\/buscas-instalador-cargador-coche-electrico-50x50.jpg 50w\" sizes=\"(max-width: 960px) 100vw, 960px\" \/><\/a><\/figure>\n","protected":false},"excerpt":{"rendered":"<p>\u0641\u064a \u0639\u0627\u0645 2025\u060c \u062d\u0642\u0642\u062a \u0625\u0633\u0628\u0627\u0646\u064a\u0627 \u0625\u0646\u062c\u0627\u0632\u064b\u0627 \u062c\u062f\u064a\u062f\u064b\u0627 \u0641\u064a \u0627\u0644\u062a\u0646\u0642\u0644 \u0627\u0644\u0643\u0647\u0631\u0628\u0627\u0626\u064a: \u0623\u0643\u062b\u0631 \u0645\u0646 102,000 \u0633\u064a\u0627\u0631\u0629 \u0643\u0647\u0631\u0628\u0627\u0626\u064a\u0629 \u0645\u0633\u062c\u0644\u0629\u060c \u0628\u0632\u064a\u0627\u062f\u0629 \u0642\u062f\u0631\u0647\u0627 83% \u0645\u0642\u0627\u0631\u0646\u0629 \u0628\u0627\u0644\u0639\u0627\u0645 \u0627\u0644\u0633\u0627\u0628\u0642. \u062a\u0624\u0643\u062f \u0647\u0630\u0647 \u0627\u0644\u062e\u0637\u0648\u0629 \u0627\u062a\u062c\u0627\u0647\u064b\u0627 \u0644\u0627 \u0631\u062c\u0639\u0629 \u0641\u064a\u0647: \u0627\u0644\u0633\u0627\u0626\u0642\u0648\u0646 \u064a\u062b\u0642\u0648\u0646 \u0628\u0634\u0643\u0644 \u0645\u062a\u0632\u0627\u064a\u062f \u0641\u064a \u0627\u0644\u0637\u0627\u0642\u0629 \u0627\u0644\u0646\u0638\u064a\u0641\u0629 \u0648\u062a\u0642\u0646\u064a\u0629 \u0627\u0644\u0634\u062d\u0646 \u0627\u0644\u0630\u0643\u064a. \u0641\u064a V2C\u060c \u0628\u0635\u0641\u062a\u0646\u0627 \u0645\u0635\u0646\u0639\u064a\u0646 \u0644\u0640 \u0634\u0648\u0627\u062d\u0646 \u0627\u0644\u0633\u064a\u0627\u0631\u0627\u062a \u0627\u0644\u0643\u0647\u0631\u0628\u0627\u0626\u064a\u0629 \u0627\u0644\u0645\u0635\u0645\u0645\u0629 \u0648\u0627\u0644\u0645\u0635\u0646\u0639\u0629 \u0641\u064a \u0625\u0633\u0628\u0627\u0646\u064a\u0627\u060c \u0646\u0639\u0644\u0645 \u0623\u0646 \u0627\u0644\u0628\u0646\u064a\u0629 \u0627\u0644\u062a\u062d\u062a\u064a\u0629 &#8230; <a title=\"\u0627\u0644\u0633\u064a\u0627\u0631\u0627\u062a \u0627\u0644\u0643\u0647\u0631\u0628\u0627\u0626\u064a\u0629 \u0627\u0644\u0623\u0643\u062b\u0631 \u0645\u0628\u064a\u0639\u064b\u0627 \u0641\u064a \u0625\u0633\u0628\u0627\u0646\u064a\u0627 \u0641\u064a 2025\" class=\"read-more\" href=\"https:\/\/v2charge.com\/ar\/coches-electricos-mas-vendidos-espana-ar\/\" aria-label=\"Read more about \u0627\u0644\u0633\u064a\u0627\u0631\u0627\u062a \u0627\u0644\u0643\u0647\u0631\u0628\u0627\u0626\u064a\u0629 \u0627\u0644\u0623\u0643\u062b\u0631 \u0645\u0628\u064a\u0639\u064b\u0627 \u0641\u064a \u0625\u0633\u0628\u0627\u0646\u064a\u0627 \u0641\u064a 2025\">Read more<\/a><\/p>\n","protected":false},"author":400,"featured_media":291771,"comment_status":"closed","ping_status":"closed","sticky":false,"template":"","format":"standard","meta":{"_eb_attr":"","content-type":"","_uag_custom_page_level_css":"","footnotes":""},"categories":[],"tags":[],"class_list":["post-319906","post","type-post","status-publish","format-standard","has-post-thumbnail","hentry"],"yoast_head":"<!-- This site is optimized with the Yoast SEO plugin v25.3.1 - https:\/\/yoast.com\/wordpress\/plugins\/seo\/ -->\n<title>\u0623\u0641\u0636\u0644 10 \u0633\u064a\u0627\u0631\u0627\u062a \u0643\u0647\u0631\u0628\u0627\u0626\u064a\u0629 \u0627\u0644\u0623\u0643\u062b\u0631 \u0645\u0628\u064a\u0639\u064b\u0627 \u0641\u064a \u0625\u0633\u0628\u0627\u0646\u064a\u0627 2025<\/title>\n<meta name=\"description\" content=\"\u062a\u0635\u0646\u064a\u0641 \u0645\u062d\u062f\u062b \u0644\u0623\u0641\u0636\u0644 \u0627\u0644\u0633\u064a\u0627\u0631\u0627\u062a \u0627\u0644\u0643\u0647\u0631\u0628\u0627\u0626\u064a\u0629 \u0645\u0646 \u062d\u064a\u062b \u0627\u0644\u0645\u0628\u064a\u0639\u0627\u062a \u0641\u064a \u0625\u0633\u0628\u0627\u0646\u064a\u0627 \u062e\u0644\u0627\u0644 \u0639\u0627\u0645 2025\u060c \u0645\u062f\u0649 \u0627\u0644\u0633\u064a\u0631\u060c \u0627\u0644\u0623\u0633\u0639\u0627\u0631\u060c \u0648\u0627\u0644\u062e\u0635\u0627\u0626\u0635 \u0627\u0644\u062a\u0642\u0646\u064a\u0629.\" \/>\n<meta name=\"robots\" content=\"index, follow, max-snippet:-1, max-image-preview:large, max-video-preview:-1\" \/>\n<link rel=\"canonical\" href=\"https:\/\/v2charge.com\/ar\/coches-electricos-mas-vendidos-espana-ar\/\" \/>\n<meta property=\"og:locale\" content=\"ar_AR\" \/>\n<meta property=\"og:type\" content=\"article\" \/>\n<meta property=\"og:title\" content=\"\u0623\u0641\u0636\u0644 10 \u0633\u064a\u0627\u0631\u0627\u062a \u0643\u0647\u0631\u0628\u0627\u0626\u064a\u0629 \u0627\u0644\u0623\u0643\u062b\u0631 \u0645\u0628\u064a\u0639\u064b\u0627 \u0641\u064a \u0625\u0633\u0628\u0627\u0646\u064a\u0627 2025\" \/>\n<meta property=\"og:description\" content=\"\u062a\u0635\u0646\u064a\u0641 \u0645\u062d\u062f\u062b \u0644\u0623\u0641\u0636\u0644 \u0627\u0644\u0633\u064a\u0627\u0631\u0627\u062a \u0627\u0644\u0643\u0647\u0631\u0628\u0627\u0626\u064a\u0629 \u0645\u0646 \u062d\u064a\u062b \u0627\u0644\u0645\u0628\u064a\u0639\u0627\u062a \u0641\u064a \u0625\u0633\u0628\u0627\u0646\u064a\u0627 \u062e\u0644\u0627\u0644 \u0639\u0627\u0645 2025\u060c \u0645\u062f\u0649 \u0627\u0644\u0633\u064a\u0631\u060c \u0627\u0644\u0623\u0633\u0639\u0627\u0631\u060c \u0648\u0627\u0644\u062e\u0635\u0627\u0626\u0635 \u0627\u0644\u062a\u0642\u0646\u064a\u0629.\" \/>\n<meta property=\"og:url\" content=\"https:\/\/v2charge.com\/ar\/coches-electricos-mas-vendidos-espana-ar\/\" \/>\n<meta property=\"og:site_name\" content=\"V2C\" \/>\n<meta property=\"article:publisher\" content=\"https:\/\/www.facebook.com\/V2C.Charge\" \/>\n<meta property=\"article:published_time\" content=\"2025-12-30T07:30:00+00:00\" \/>\n<meta property=\"og:image\" content=\"https:\/\/v2charge.com\/wp-content\/uploads\/2025\/12\/coches-electricos-mas-vendidos-espana.jpg\" \/>\n\t<meta property=\"og:image:width\" content=\"960\" \/>\n\t<meta property=\"og:image:height\" content=\"560\" \/>\n\t<meta property=\"og:image:type\" content=\"image\/jpeg\" \/>\n<meta name=\"author\" content=\"V2C\" \/>\n<meta name=\"twitter:card\" content=\"summary_large_image\" \/>\n<meta name=\"twitter:creator\" content=\"@V2C_Charge\" \/>\n<meta name=\"twitter:site\" content=\"@V2C_Charge\" \/>\n<meta name=\"twitter:label1\" content=\"Written by\" \/>\n\t<meta name=\"twitter:data1\" content=\"V2C\" \/>\n\t<meta name=\"twitter:label2\" content=\"Est. reading time\" \/>\n\t<meta name=\"twitter:data2\" content=\"9 \u062f\u0642\u0627\u0626\u0642\" \/>\n<script type=\"application\/ld+json\" class=\"yoast-schema-graph\">{\"@context\":\"https:\/\/schema.org\",\"@graph\":[{\"@type\":\"Article\",\"@id\":\"https:\/\/v2charge.com\/ar\/coches-electricos-mas-vendidos-espana-ar\/#article\",\"isPartOf\":{\"@id\":\"https:\/\/v2charge.com\/ar\/coches-electricos-mas-vendidos-espana-ar\/\"},\"author\":{\"name\":\"V2C\",\"@id\":\"https:\/\/v2charge.com\/ar\/#\/schema\/person\/d6f210a94a856acdddec347b2127fd0f\"},\"headline\":\"\u0627\u0644\u0633\u064a\u0627\u0631\u0627\u062a \u0627\u0644\u0643\u0647\u0631\u0628\u0627\u0626\u064a\u0629 \u0627\u0644\u0623\u0643\u062b\u0631 \u0645\u0628\u064a\u0639\u064b\u0627 \u0641\u064a \u0625\u0633\u0628\u0627\u0646\u064a\u0627 \u0641\u064a 2025\",\"datePublished\":\"2025-12-30T07:30:00+00:00\",\"mainEntityOfPage\":{\"@id\":\"https:\/\/v2charge.com\/ar\/coches-electricos-mas-vendidos-espana-ar\/\"},\"wordCount\":123,\"publisher\":{\"@id\":\"https:\/\/v2charge.com\/ar\/#organization\"},\"image\":{\"@id\":\"https:\/\/v2charge.com\/ar\/coches-electricos-mas-vendidos-espana-ar\/#primaryimage\"},\"thumbnailUrl\":\"https:\/\/v2charge.com\/wp-content\/uploads\/2025\/12\/coches-electricos-mas-vendidos-espana.jpg\",\"inLanguage\":\"ar\"},{\"@type\":\"WebPage\",\"@id\":\"https:\/\/v2charge.com\/ar\/coches-electricos-mas-vendidos-espana-ar\/\",\"url\":\"https:\/\/v2charge.com\/ar\/coches-electricos-mas-vendidos-espana-ar\/\",\"name\":\"\u0623\u0641\u0636\u0644 10 \u0633\u064a\u0627\u0631\u0627\u062a \u0643\u0647\u0631\u0628\u0627\u0626\u064a\u0629 \u0627\u0644\u0623\u0643\u062b\u0631 \u0645\u0628\u064a\u0639\u064b\u0627 \u0641\u064a \u0625\u0633\u0628\u0627\u0646\u064a\u0627 2025\",\"isPartOf\":{\"@id\":\"https:\/\/v2charge.com\/ar\/#website\"},\"primaryImageOfPage\":{\"@id\":\"https:\/\/v2charge.com\/ar\/coches-electricos-mas-vendidos-espana-ar\/#primaryimage\"},\"image\":{\"@id\":\"https:\/\/v2charge.com\/ar\/coches-electricos-mas-vendidos-espana-ar\/#primaryimage\"},\"thumbnailUrl\":\"https:\/\/v2charge.com\/wp-content\/uploads\/2025\/12\/coches-electricos-mas-vendidos-espana.jpg\",\"datePublished\":\"2025-12-30T07:30:00+00:00\",\"description\":\"\u062a\u0635\u0646\u064a\u0641 \u0645\u062d\u062f\u062b \u0644\u0623\u0641\u0636\u0644 \u0627\u0644\u0633\u064a\u0627\u0631\u0627\u062a \u0627\u0644\u0643\u0647\u0631\u0628\u0627\u0626\u064a\u0629 \u0645\u0646 \u062d\u064a\u062b \u0627\u0644\u0645\u0628\u064a\u0639\u0627\u062a \u0641\u064a \u0625\u0633\u0628\u0627\u0646\u064a\u0627 \u062e\u0644\u0627\u0644 \u0639\u0627\u0645 2025\u060c \u0645\u062f\u0649 \u0627\u0644\u0633\u064a\u0631\u060c \u0627\u0644\u0623\u0633\u0639\u0627\u0631\u060c \u0648\u0627\u0644\u062e\u0635\u0627\u0626\u0635 \u0627\u0644\u062a\u0642\u0646\u064a\u0629.\",\"breadcrumb\":{\"@id\":\"https:\/\/v2charge.com\/ar\/coches-electricos-mas-vendidos-espana-ar\/#breadcrumb\"},\"inLanguage\":\"ar\",\"potentialAction\":[{\"@type\":\"ReadAction\",\"target\":[\"https:\/\/v2charge.com\/ar\/coches-electricos-mas-vendidos-espana-ar\/\"]}]},{\"@type\":\"ImageObject\",\"inLanguage\":\"ar\",\"@id\":\"https:\/\/v2charge.com\/ar\/coches-electricos-mas-vendidos-espana-ar\/#primaryimage\",\"url\":\"https:\/\/v2charge.com\/wp-content\/uploads\/2025\/12\/coches-electricos-mas-vendidos-espana.jpg\",\"contentUrl\":\"https:\/\/v2charge.com\/wp-content\/uploads\/2025\/12\/coches-electricos-mas-vendidos-espana.jpg\",\"width\":960,\"height\":560},{\"@type\":\"BreadcrumbList\",\"@id\":\"https:\/\/v2charge.com\/ar\/coches-electricos-mas-vendidos-espana-ar\/#breadcrumb\",\"itemListElement\":[{\"@type\":\"ListItem\",\"position\":1,\"name\":\"V2C\",\"item\":\"https:\/\/v2charge.com\/ar\/\"},{\"@type\":\"ListItem\",\"position\":2,\"name\":\"\u0627\u0644\u0633\u064a\u0627\u0631\u0627\u062a \u0627\u0644\u0643\u0647\u0631\u0628\u0627\u0626\u064a\u0629 \u0627\u0644\u0623\u0643\u062b\u0631 \u0645\u0628\u064a\u0639\u064b\u0627 \u0641\u064a \u0625\u0633\u0628\u0627\u0646\u064a\u0627 \u0641\u064a 2025\"}]},{\"@type\":\"WebSite\",\"@id\":\"https:\/\/v2charge.com\/ar\/#website\",\"url\":\"https:\/\/v2charge.com\/ar\/\",\"name\":\"V2C\",\"description\":\"#CargandoElMa\u00f1ana\",\"publisher\":{\"@id\":\"https:\/\/v2charge.com\/ar\/#organization\"},\"potentialAction\":[{\"@type\":\"SearchAction\",\"target\":{\"@type\":\"EntryPoint\",\"urlTemplate\":\"https:\/\/v2charge.com\/ar\/?s={search_term_string}\"},\"query-input\":{\"@type\":\"PropertyValueSpecification\",\"valueRequired\":true,\"valueName\":\"search_term_string\"}}],\"inLanguage\":\"ar\"},{\"@type\":\"Organization\",\"@id\":\"https:\/\/v2charge.com\/ar\/#organization\",\"name\":\"V2C\",\"url\":\"https:\/\/v2charge.com\/ar\/\",\"logo\":{\"@type\":\"ImageObject\",\"inLanguage\":\"ar\",\"@id\":\"https:\/\/v2charge.com\/ar\/#\/schema\/logo\/image\/\",\"url\":\"https:\/\/v2charge.com\/wp-content\/uploads\/2024\/11\/cropped-v2c-charge-logo-menu.png\",\"contentUrl\":\"https:\/\/v2charge.com\/wp-content\/uploads\/2024\/11\/cropped-v2c-charge-logo-menu.png\",\"width\":984,\"height\":431,\"caption\":\"V2C\"},\"image\":{\"@id\":\"https:\/\/v2charge.com\/ar\/#\/schema\/logo\/image\/\"},\"sameAs\":[\"https:\/\/www.facebook.com\/V2C.Charge\",\"https:\/\/x.com\/V2C_Charge\",\"https:\/\/www.instagram.com\/v2c.charge\/\",\"https:\/\/www.youtube.com\/@V2C\",\"https:\/\/www.linkedin.com\/company\/v2c-chargers\/\"]},{\"@type\":\"Person\",\"@id\":\"https:\/\/v2charge.com\/ar\/#\/schema\/person\/d6f210a94a856acdddec347b2127fd0f\",\"name\":\"V2C\",\"image\":{\"@type\":\"ImageObject\",\"inLanguage\":\"ar\",\"@id\":\"https:\/\/v2charge.com\/ar\/#\/schema\/person\/image\/\",\"url\":\"https:\/\/secure.gravatar.com\/avatar\/a91128c4c0d2f4d63bd586301fdec6cc9aa49c885839b25d1c62700f529f267c?s=96&d=mm&r=g\",\"contentUrl\":\"https:\/\/secure.gravatar.com\/avatar\/a91128c4c0d2f4d63bd586301fdec6cc9aa49c885839b25d1c62700f529f267c?s=96&d=mm&r=g\",\"caption\":\"V2C\"}}]}<\/script>\n<!-- \/ Yoast SEO plugin. -->","yoast_head_json":{"title":"\u0623\u0641\u0636\u0644 10 \u0633\u064a\u0627\u0631\u0627\u062a \u0643\u0647\u0631\u0628\u0627\u0626\u064a\u0629 \u0627\u0644\u0623\u0643\u062b\u0631 \u0645\u0628\u064a\u0639\u064b\u0627 \u0641\u064a \u0625\u0633\u0628\u0627\u0646\u064a\u0627 2025","description":"\u062a\u0635\u0646\u064a\u0641 \u0645\u062d\u062f\u062b \u0644\u0623\u0641\u0636\u0644 \u0627\u0644\u0633\u064a\u0627\u0631\u0627\u062a \u0627\u0644\u0643\u0647\u0631\u0628\u0627\u0626\u064a\u0629 \u0645\u0646 \u062d\u064a\u062b \u0627\u0644\u0645\u0628\u064a\u0639\u0627\u062a \u0641\u064a \u0625\u0633\u0628\u0627\u0646\u064a\u0627 \u062e\u0644\u0627\u0644 \u0639\u0627\u0645 2025\u060c \u0645\u062f\u0649 \u0627\u0644\u0633\u064a\u0631\u060c \u0627\u0644\u0623\u0633\u0639\u0627\u0631\u060c \u0648\u0627\u0644\u062e\u0635\u0627\u0626\u0635 \u0627\u0644\u062a\u0642\u0646\u064a\u0629.","robots":{"index":"index","follow":"follow","max-snippet":"max-snippet:-1","max-image-preview":"max-image-preview:large","max-video-preview":"max-video-preview:-1"},"canonical":"https:\/\/v2charge.com\/ar\/coches-electricos-mas-vendidos-espana-ar\/","og_locale":"ar_AR","og_type":"article","og_title":"\u0623\u0641\u0636\u0644 10 \u0633\u064a\u0627\u0631\u0627\u062a \u0643\u0647\u0631\u0628\u0627\u0626\u064a\u0629 \u0627\u0644\u0623\u0643\u062b\u0631 \u0645\u0628\u064a\u0639\u064b\u0627 \u0641\u064a \u0625\u0633\u0628\u0627\u0646\u064a\u0627 2025","og_description":"\u062a\u0635\u0646\u064a\u0641 \u0645\u062d\u062f\u062b \u0644\u0623\u0641\u0636\u0644 \u0627\u0644\u0633\u064a\u0627\u0631\u0627\u062a \u0627\u0644\u0643\u0647\u0631\u0628\u0627\u0626\u064a\u0629 \u0645\u0646 \u062d\u064a\u062b \u0627\u0644\u0645\u0628\u064a\u0639\u0627\u062a \u0641\u064a \u0625\u0633\u0628\u0627\u0646\u064a\u0627 \u062e\u0644\u0627\u0644 \u0639\u0627\u0645 2025\u060c \u0645\u062f\u0649 \u0627\u0644\u0633\u064a\u0631\u060c \u0627\u0644\u0623\u0633\u0639\u0627\u0631\u060c \u0648\u0627\u0644\u062e\u0635\u0627\u0626\u0635 \u0627\u0644\u062a\u0642\u0646\u064a\u0629.","og_url":"https:\/\/v2charge.com\/ar\/coches-electricos-mas-vendidos-espana-ar\/","og_site_name":"V2C","article_publisher":"https:\/\/www.facebook.com\/V2C.Charge","article_published_time":"2025-12-30T07:30:00+00:00","og_image":[{"width":960,"height":560,"url":"https:\/\/v2charge.com\/wp-content\/uploads\/2025\/12\/coches-electricos-mas-vendidos-espana.jpg","type":"image\/jpeg"}],"author":"V2C","twitter_card":"summary_large_image","twitter_creator":"@V2C_Charge","twitter_site":"@V2C_Charge","twitter_misc":{"Written by":"V2C","Est. reading time":"9 \u062f\u0642\u0627\u0626\u0642"},"schema":{"@context":"https:\/\/schema.org","@graph":[{"@type":"Article","@id":"https:\/\/v2charge.com\/ar\/coches-electricos-mas-vendidos-espana-ar\/#article","isPartOf":{"@id":"https:\/\/v2charge.com\/ar\/coches-electricos-mas-vendidos-espana-ar\/"},"author":{"name":"V2C","@id":"https:\/\/v2charge.com\/ar\/#\/schema\/person\/d6f210a94a856acdddec347b2127fd0f"},"headline":"\u0627\u0644\u0633\u064a\u0627\u0631\u0627\u062a \u0627\u0644\u0643\u0647\u0631\u0628\u0627\u0626\u064a\u0629 \u0627\u0644\u0623\u0643\u062b\u0631 \u0645\u0628\u064a\u0639\u064b\u0627 \u0641\u064a \u0625\u0633\u0628\u0627\u0646\u064a\u0627 \u0641\u064a 2025","datePublished":"2025-12-30T07:30:00+00:00","mainEntityOfPage":{"@id":"https:\/\/v2charge.com\/ar\/coches-electricos-mas-vendidos-espana-ar\/"},"wordCount":123,"publisher":{"@id":"https:\/\/v2charge.com\/ar\/#organization"},"image":{"@id":"https:\/\/v2charge.com\/ar\/coches-electricos-mas-vendidos-espana-ar\/#primaryimage"},"thumbnailUrl":"https:\/\/v2charge.com\/wp-content\/uploads\/2025\/12\/coches-electricos-mas-vendidos-espana.jpg","inLanguage":"ar"},{"@type":"WebPage","@id":"https:\/\/v2charge.com\/ar\/coches-electricos-mas-vendidos-espana-ar\/","url":"https:\/\/v2charge.com\/ar\/coches-electricos-mas-vendidos-espana-ar\/","name":"\u0623\u0641\u0636\u0644 10 \u0633\u064a\u0627\u0631\u0627\u062a \u0643\u0647\u0631\u0628\u0627\u0626\u064a\u0629 \u0627\u0644\u0623\u0643\u062b\u0631 \u0645\u0628\u064a\u0639\u064b\u0627 \u0641\u064a \u0625\u0633\u0628\u0627\u0646\u064a\u0627 2025","isPartOf":{"@id":"https:\/\/v2charge.com\/ar\/#website"},"primaryImageOfPage":{"@id":"https:\/\/v2charge.com\/ar\/coches-electricos-mas-vendidos-espana-ar\/#primaryimage"},"image":{"@id":"https:\/\/v2charge.com\/ar\/coches-electricos-mas-vendidos-espana-ar\/#primaryimage"},"thumbnailUrl":"https:\/\/v2charge.com\/wp-content\/uploads\/2025\/12\/coches-electricos-mas-vendidos-espana.jpg","datePublished":"2025-12-30T07:30:00+00:00","description":"\u062a\u0635\u0646\u064a\u0641 \u0645\u062d\u062f\u062b \u0644\u0623\u0641\u0636\u0644 \u0627\u0644\u0633\u064a\u0627\u0631\u0627\u062a \u0627\u0644\u0643\u0647\u0631\u0628\u0627\u0626\u064a\u0629 \u0645\u0646 \u062d\u064a\u062b \u0627\u0644\u0645\u0628\u064a\u0639\u0627\u062a \u0641\u064a \u0625\u0633\u0628\u0627\u0646\u064a\u0627 \u062e\u0644\u0627\u0644 \u0639\u0627\u0645 2025\u060c \u0645\u062f\u0649 \u0627\u0644\u0633\u064a\u0631\u060c \u0627\u0644\u0623\u0633\u0639\u0627\u0631\u060c \u0648\u0627\u0644\u062e\u0635\u0627\u0626\u0635 \u0627\u0644\u062a\u0642\u0646\u064a\u0629.","breadcrumb":{"@id":"https:\/\/v2charge.com\/ar\/coches-electricos-mas-vendidos-espana-ar\/#breadcrumb"},"inLanguage":"ar","potentialAction":[{"@type":"ReadAction","target":["https:\/\/v2charge.com\/ar\/coches-electricos-mas-vendidos-espana-ar\/"]}]},{"@type":"ImageObject","inLanguage":"ar","@id":"https:\/\/v2charge.com\/ar\/coches-electricos-mas-vendidos-espana-ar\/#primaryimage","url":"https:\/\/v2charge.com\/wp-content\/uploads\/2025\/12\/coches-electricos-mas-vendidos-espana.jpg","contentUrl":"https:\/\/v2charge.com\/wp-content\/uploads\/2025\/12\/coches-electricos-mas-vendidos-espana.jpg","width":960,"height":560},{"@type":"BreadcrumbList","@id":"https:\/\/v2charge.com\/ar\/coches-electricos-mas-vendidos-espana-ar\/#breadcrumb","itemListElement":[{"@type":"ListItem","position":1,"name":"V2C","item":"https:\/\/v2charge.com\/ar\/"},{"@type":"ListItem","position":2,"name":"\u0627\u0644\u0633\u064a\u0627\u0631\u0627\u062a \u0627\u0644\u0643\u0647\u0631\u0628\u0627\u0626\u064a\u0629 \u0627\u0644\u0623\u0643\u062b\u0631 \u0645\u0628\u064a\u0639\u064b\u0627 \u0641\u064a \u0625\u0633\u0628\u0627\u0646\u064a\u0627 \u0641\u064a 2025"}]},{"@type":"WebSite","@id":"https:\/\/v2charge.com\/ar\/#website","url":"https:\/\/v2charge.com\/ar\/","name":"V2C","description":"#CargandoElMa\u00f1ana","publisher":{"@id":"https:\/\/v2charge.com\/ar\/#organization"},"potentialAction":[{"@type":"SearchAction","target":{"@type":"EntryPoint","urlTemplate":"https:\/\/v2charge.com\/ar\/?s={search_term_string}"},"query-input":{"@type":"PropertyValueSpecification","valueRequired":true,"valueName":"search_term_string"}}],"inLanguage":"ar"},{"@type":"Organization","@id":"https:\/\/v2charge.com\/ar\/#organization","name":"V2C","url":"https:\/\/v2charge.com\/ar\/","logo":{"@type":"ImageObject","inLanguage":"ar","@id":"https:\/\/v2charge.com\/ar\/#\/schema\/logo\/image\/","url":"https:\/\/v2charge.com\/wp-content\/uploads\/2024\/11\/cropped-v2c-charge-logo-menu.png","contentUrl":"https:\/\/v2charge.com\/wp-content\/uploads\/2024\/11\/cropped-v2c-charge-logo-menu.png","width":984,"height":431,"caption":"V2C"},"image":{"@id":"https:\/\/v2charge.com\/ar\/#\/schema\/logo\/image\/"},"sameAs":["https:\/\/www.facebook.com\/V2C.Charge","https:\/\/x.com\/V2C_Charge","https:\/\/www.instagram.com\/v2c.charge\/","https:\/\/www.youtube.com\/@V2C","https:\/\/www.linkedin.com\/company\/v2c-chargers\/"]},{"@type":"Person","@id":"https:\/\/v2charge.com\/ar\/#\/schema\/person\/d6f210a94a856acdddec347b2127fd0f","name":"V2C","image":{"@type":"ImageObject","inLanguage":"ar","@id":"https:\/\/v2charge.com\/ar\/#\/schema\/person\/image\/","url":"https:\/\/secure.gravatar.com\/avatar\/a91128c4c0d2f4d63bd586301fdec6cc9aa49c885839b25d1c62700f529f267c?s=96&d=mm&r=g","contentUrl":"https:\/\/secure.gravatar.com\/avatar\/a91128c4c0d2f4d63bd586301fdec6cc9aa49c885839b25d1c62700f529f267c?s=96&d=mm&r=g","caption":"V2C"}}]}},"uagb_featured_image_src":{"full":["https:\/\/v2charge.com\/wp-content\/uploads\/2025\/12\/coches-electricos-mas-vendidos-espana.jpg",960,560,false],"thumbnail":["https:\/\/v2charge.com\/wp-content\/uploads\/2025\/12\/coches-electricos-mas-vendidos-espana-150x150.jpg",150,150,true],"medium":["https:\/\/v2charge.com\/wp-content\/uploads\/2025\/12\/coches-electricos-mas-vendidos-espana-300x175.jpg",300,175,true],"medium_large":["https:\/\/v2charge.com\/wp-content\/uploads\/2025\/12\/coches-electricos-mas-vendidos-espana-768x448.jpg",768,448,true],"large":["https:\/\/v2charge.com\/wp-content\/uploads\/2025\/12\/coches-electricos-mas-vendidos-espana.jpg",960,560,false],"gs-tiny":["https:\/\/v2charge.com\/wp-content\/uploads\/2025\/12\/coches-electricos-mas-vendidos-espana-50x29.jpg",50,29,true],"xl":["https:\/\/v2charge.com\/wp-content\/uploads\/2025\/12\/coches-electricos-mas-vendidos-espana.jpg",960,560,false],"xxl":["https:\/\/v2charge.com\/wp-content\/uploads\/2025\/12\/coches-electricos-mas-vendidos-espana.jpg",960,560,false],"xxxl":["https:\/\/v2charge.com\/wp-content\/uploads\/2025\/12\/coches-electricos-mas-vendidos-espana.jpg",960,560,false],"xxxxl":["https:\/\/v2charge.com\/wp-content\/uploads\/2025\/12\/coches-electricos-mas-vendidos-espana.jpg",960,560,false],"xxxxxl":["https:\/\/v2charge.com\/wp-content\/uploads\/2025\/12\/coches-electricos-mas-vendidos-espana.jpg",960,560,false],"1536x1536":["https:\/\/v2charge.com\/wp-content\/uploads\/2025\/12\/coches-electricos-mas-vendidos-espana.jpg",960,560,false],"2048x2048":["https:\/\/v2charge.com\/wp-content\/uploads\/2025\/12\/coches-electricos-mas-vendidos-espana.jpg",960,560,false]},"uagb_author_info":{"display_name":"V2C","author_link":"https:\/\/v2charge.com\/ar\/author\/marketing\/"},"uagb_comment_info":0,"uagb_excerpt":"\u0641\u064a \u0639\u0627\u0645 2025\u060c \u062d\u0642\u0642\u062a \u0625\u0633\u0628\u0627\u0646\u064a\u0627 \u0625\u0646\u062c\u0627\u0632\u064b\u0627 \u062c\u062f\u064a\u062f\u064b\u0627 \u0641\u064a \u0627\u0644\u062a\u0646\u0642\u0644 \u0627\u0644\u0643\u0647\u0631\u0628\u0627\u0626\u064a: \u0623\u0643\u062b\u0631 \u0645\u0646 102,000 \u0633\u064a\u0627\u0631\u0629 \u0643\u0647\u0631\u0628\u0627\u0626\u064a\u0629 \u0645\u0633\u062c\u0644\u0629\u060c \u0628\u0632\u064a\u0627\u062f\u0629 \u0642\u062f\u0631\u0647\u0627 83% \u0645\u0642\u0627\u0631\u0646\u0629 \u0628\u0627\u0644\u0639\u0627\u0645 \u0627\u0644\u0633\u0627\u0628\u0642. \u062a\u0624\u0643\u062f \u0647\u0630\u0647 \u0627\u0644\u062e\u0637\u0648\u0629 \u0627\u062a\u062c\u0627\u0647\u064b\u0627 \u0644\u0627 \u0631\u062c\u0639\u0629 \u0641\u064a\u0647: \u0627\u0644\u0633\u0627\u0626\u0642\u0648\u0646 \u064a\u062b\u0642\u0648\u0646 \u0628\u0634\u0643\u0644 \u0645\u062a\u0632\u0627\u064a\u062f \u0641\u064a \u0627\u0644\u0637\u0627\u0642\u0629 \u0627\u0644\u0646\u0638\u064a\u0641\u0629 \u0648\u062a\u0642\u0646\u064a\u0629 \u0627\u0644\u0634\u062d\u0646 \u0627\u0644\u0630\u0643\u064a. \u0641\u064a V2C\u060c \u0628\u0635\u0641\u062a\u0646\u0627 \u0645\u0635\u0646\u0639\u064a\u0646 \u0644\u0640 \u0634\u0648\u0627\u062d\u0646 \u0627\u0644\u0633\u064a\u0627\u0631\u0627\u062a \u0627\u0644\u0643\u0647\u0631\u0628\u0627\u0626\u064a\u0629 \u0627\u0644\u0645\u0635\u0645\u0645\u0629 \u0648\u0627\u0644\u0645\u0635\u0646\u0639\u0629 \u0641\u064a \u0625\u0633\u0628\u0627\u0646\u064a\u0627\u060c \u0646\u0639\u0644\u0645 \u0623\u0646 \u0627\u0644\u0628\u0646\u064a\u0629 \u0627\u0644\u062a\u062d\u062a\u064a\u0629&hellip;","_links":{"self":[{"href":"https:\/\/v2charge.com\/ar\/wp-json\/wp\/v2\/posts\/319906","targetHints":{"allow":["GET"]}}],"collection":[{"href":"https:\/\/v2charge.com\/ar\/wp-json\/wp\/v2\/posts"}],"about":[{"href":"https:\/\/v2charge.com\/ar\/wp-json\/wp\/v2\/types\/post"}],"author":[{"embeddable":true,"href":"https:\/\/v2charge.com\/ar\/wp-json\/wp\/v2\/users\/400"}],"replies":[{"embeddable":true,"href":"https:\/\/v2charge.com\/ar\/wp-json\/wp\/v2\/comments?post=319906"}],"version-history":[{"count":0,"href":"https:\/\/v2charge.com\/ar\/wp-json\/wp\/v2\/posts\/319906\/revisions"}],"wp:featuredmedia":[{"embeddable":true,"href":"https:\/\/v2charge.com\/ar\/wp-json\/wp\/v2\/media\/291771"}],"wp:attachment":[{"href":"https:\/\/v2charge.com\/ar\/wp-json\/wp\/v2\/media?parent=319906"}],"wp:term":[{"taxonomy":"category","embeddable":true,"href":"https:\/\/v2charge.com\/ar\/wp-json\/wp\/v2\/categories?post=319906"},{"taxonomy":"post_tag","embeddable":true,"href":"https:\/\/v2charge.com\/ar\/wp-json\/wp\/v2\/tags?post=319906"}],"curies":[{"name":"wp","href":"https:\/\/api.w.org\/{rel}","templated":true}]}}