{"id":309851,"date":"2018-02-19T10:58:16","date_gmt":"2018-02-19T10:58:16","guid":{"rendered":""},"modified":"2023-05-31T08:28:14","modified_gmt":"2023-05-31T08:28:14","slug":"preus-dels-punts-de-recarrega-de-cotxes-electrics","status":"publish","type":"post","link":"https:\/\/v2charge.com\/ca\/preus-dels-punts-de-recarrega-de-cotxes-electrics\/","title":{"rendered":"Preus dels punts de rec\u00e0rrega de cotxes el\u00e8ctrics"},"content":{"rendered":"<h2><strong>Quant costa un punt de rec\u00e0rrega per a cotxes el\u00e8ctrics a Espanya?<\/strong><\/h2>\n<p>La rec\u00e0rrega d&#8217;un cotxe el\u00e8ctric es pot realitzar en garatges privats, garatges comunitaris, empreses p\u00fabliques i privades i a la via p\u00fablica. Per a una major seguretat en les rec\u00e0rregues dels cotxes el\u00e8ctrics, \u00e9s recomanable adquirir un<strong> punt de rec\u00e0rrega de qualitat i adequat per a cada model de cotxe el\u00e8ctric<\/strong>.<\/p>\n<p>A l&#8217;hora d&#8217;adquirir un punt de rec\u00e0rrega, hem de saber que existeixen punts de rec\u00e0rrega en paret tamb\u00e9 anomenats wallbox, punts de rec\u00e0rrega port\u00e0tils i punts de rec\u00e0rrega ubicats a la via p\u00fablica anomenats postes. Hi ha diversos models per a cadascuna d&#8217;aquestes categories.<strong> Quant costen els punts de rec\u00e0rrega i per a quins models de cotxes s\u00f3n compatibles?<\/strong><\/p>\n<h2><strong><u>Preu dels punts de rec\u00e0rrega per a cotxes el\u00e8ctrics port\u00e0tils.<\/u><\/strong><\/h2>\n<p>Els punts de rec\u00e0rrega port\u00e0tils permeten recarregar en connectors dom\u00e8stics i industrials existents al mercat. A trav\u00e9s d&#8217;una centraleta de control, permeten realitzar una c\u00e0rrega segura &nbsp;per al cotxe el\u00e8ctric. Els models m\u00e9s habituals s\u00f3n:<\/p>\n<h3><strong>-EV Portable SAE J1772 32 Amperis: Punt de Rec\u00e0rrega Port\u00e0til EV Portable, SAE J1772 velocitat variable fins a 32 amperis.<\/strong><\/h3>\n<ul>\n<li>Connector: Connector Industrial CETAC CEE 32 Amp. 1F+N+TT.<\/li>\n<li>Intensitat: Entre 6 i 32 Amperis. Velocitat Variable.<\/li>\n<li>Dimensions: 4 metres de m\u00e0nega per un costat i 0.5 per l&#8217;altre costat.<\/li>\n<\/ul>\n<h3><strong>&nbsp;-EV Portable IEC 62196 32 Amperis: Punt de Rec\u00e0rrega Port\u00e0til EV Portable, IEC 62196 (mennekes) velocitat variable fins a 32 amperis.<\/strong><\/h3>\n<ul>\n<li>Connector: Connector Industrial CETAC CEE 32 Amp. 3F+N+TT.<\/li>\n<li>Intensitat: Entre 6 i 32 Amperis. Velocitat Variable.<\/li>\n<li>Dimensions: 4 metres de m\u00e0nega per un costat i 0.5 per l&#8217;altre costat.<\/li>\n<\/ul>\n<h3><strong>-EV Portable SAE J1772 16 Amperis: Punt de Rec\u00e0rrega Port\u00e0til EV Portable, SAE J1772 velocitat variable fins a 16 amperis.<\/strong><\/h3>\n<ul>\n<li>Connector: Connector Industrial CETAC CEE 16 Amp. 1F+N+TT.<\/li>\n<li>Intensitat: Entre 6 i 32 Amperis. Velocitat Variable.<\/li>\n<li>Dimensions: 4 metres de m\u00e0nega per un costat i 0.5 per l&#8217;altre costat.<\/li>\n<\/ul>\n<h3><strong>-EV Portable IEC 62196 16 Amperis: Punt de Rec\u00e0rrega Port\u00e0til EV Portable, IEC 62196 (mennekes) velocitat variable fins a 16 amperis.<\/strong><\/h3>\n<ul>\n<li>Connector: Connector Industrial CETAC CEE 16 Amp. 1F+N+TT.<\/li>\n<li>Intensitat: Entre 6 i 32 Amperis. Velocitat Variable.<\/li>\n<li>Dimensions: 4 metres de m\u00e0nega per un costat i 0.5 per l&#8217;altre costat.<\/li>\n<\/ul>\n<h2><strong><u>Punts de Rec\u00e0rrega Wallbox de Paret<\/u><\/strong><\/h2>\n<p>Els punts de rec\u00e0rrega de paret o Wallbox permeten recarregar qualsevol tipus de cotxe el\u00e8ctric d&#8217;una manera segura i en diferents ubicacions, garatges p\u00fablics, privats o empreses. Els models disponibles per a la rec\u00e0rrega en paret s\u00f3n:<\/p>\n<h3><strong>UP Wallbox fins a 20 Amperis SAE J1772: Punt de Rec\u00e0rrega de Paret Wallbox SAE J1772 fins a 20 amperis.<\/strong><\/h3>\n<ul>\n<li>Connector:&nbsp;SAE J1772 fins a 20 amperis.<\/li>\n<li>Intensitat:&nbsp;Entre 6 i 20 Amperis. Velocitat Variable a trav\u00e9s del display.<\/li>\n<li>Dimensions:&nbsp;320x210x138 mm<\/li>\n<\/ul>\n<h3><strong>UP Wallbox fins a 20 Amperis IEC 62196: Punt de Rec\u00e0rrega de Paret Wallbox IEC 62196 (mennekes) fins a 20 amperis.<\/strong><\/h3>\n<ul>\n<li>Connector:&nbsp;IEC 62196 fins a 20 amperis.<\/li>\n<li>Intensitat:&nbsp;Entre 6 i 20 Amperis. Velocitat Variable a trav\u00e9s del display.<\/li>\n<li>Dimensions:&nbsp;320x210x138 mm.<\/li>\n<\/ul>\n<h3><strong>UP Wallbox fins a 32 Amperis SAE J1772. Punt de Rec\u00e0rrega de Paret Wallbox SAE J1772 fins a 32 amperis.<\/strong><\/h3>\n<ul>\n<li>Connector: SAE J1772 fins a 32 amperis.<\/li>\n<li>Intensitat: Entre 6 i 32 Amperis. Velocitat Variable a trav\u00e9s del display.<\/li>\n<li>Dimensions: 320x210x138 mm<\/li>\n<\/ul>\n<h3><strong>UP Wallbox fins a 32 Amperis IEC 62196. Punt de Rec\u00e0rrega de Paret Wallbox IEC 62196 (mennekes) fins a 32 amperis.<\/strong><\/h3>\n<ul>\n<li>Connector: IEC 62196 fins a 32 amperis. 400V. Trif\u00e0sic.<\/li>\n<li>Intensitat: Entre 6 i 32 Amperis. Velocitat Variable a trav\u00e9s del display.<\/li>\n<li>Dimensions: 320x210x138 mm<\/li>\n<\/ul>\n","protected":false},"excerpt":{"rendered":"<p>Quant costa un punt de rec\u00e0rrega per a cotxes el\u00e8ctrics a Espanya? La rec\u00e0rrega d&#8217;un cotxe el\u00e8ctric es pot realitzar en garatges privats, garatges comunitaris, empreses p\u00fabliques i privades i a la via p\u00fablica. Per a una major seguretat en les rec\u00e0rregues dels cotxes el\u00e8ctrics, \u00e9s recomanable adquirir un punt de rec\u00e0rrega de qualitat i &#8230; <a title=\"Preus dels punts de rec\u00e0rrega de cotxes el\u00e8ctrics\" class=\"read-more\" href=\"https:\/\/v2charge.com\/ca\/preus-dels-punts-de-recarrega-de-cotxes-electrics\/\" aria-label=\"M\u00e9s informaci\u00f3 sobre Preus dels punts de rec\u00e0rrega de cotxes el\u00e8ctrics\">Llegiu m\u00e9s<\/a><\/p>\n","protected":false},"author":1,"featured_media":64029,"comment_status":"closed","ping_status":"closed","sticky":false,"template":"","format":"standard","meta":{"_eb_attr":"","content-type":"","_uag_custom_page_level_css":"","footnotes":""},"categories":[],"tags":[],"class_list":["post-309851","post","type-post","status-publish","format-standard","has-post-thumbnail","hentry"],"yoast_head":"<!-- This site is optimized with the Yoast SEO plugin v25.3.1 - https:\/\/yoast.com\/wordpress\/plugins\/seo\/ -->\n<title>Preus de Wallbox preus de punts de rec\u00e0rrega cotxes<\/title>\n<meta name=\"description\" content=\"Quant costa un wallbox o carregador per a cotxes el\u00e8ctrics? \u2705 Informaci\u00f3 i preus de punts de rec\u00e0rrega en paret per a cotxes el\u00e8ctrics i punts de rec\u00e0rrega port\u00e0tils per a cotxes el\u00e8ctrics.\" \/>\n<meta name=\"robots\" content=\"index, follow, max-snippet:-1, max-image-preview:large, max-video-preview:-1\" \/>\n<link rel=\"canonical\" href=\"https:\/\/v2charge.com\/ca\/preus-dels-punts-de-recarrega-de-cotxes-electrics\/\" \/>\n<meta property=\"og:locale\" content=\"ca_ES\" \/>\n<meta property=\"og:type\" content=\"article\" \/>\n<meta property=\"og:title\" content=\"Preus de Wallbox preus de punts de rec\u00e0rrega cotxes\" \/>\n<meta property=\"og:description\" content=\"Quant costa un wallbox o carregador per a cotxes el\u00e8ctrics? \u2705 Informaci\u00f3 i preus de punts de rec\u00e0rrega en paret per a cotxes el\u00e8ctrics i punts de rec\u00e0rrega port\u00e0tils per a cotxes el\u00e8ctrics.\" \/>\n<meta property=\"og:url\" content=\"https:\/\/v2charge.com\/ca\/preus-dels-punts-de-recarrega-de-cotxes-electrics\/\" \/>\n<meta property=\"og:site_name\" content=\"V2C\" \/>\n<meta property=\"article:publisher\" content=\"https:\/\/www.facebook.com\/V2C.Charge\" \/>\n<meta property=\"article:published_time\" content=\"2018-02-19T10:58:16+00:00\" \/>\n<meta property=\"article:modified_time\" content=\"2023-05-31T08:28:14+00:00\" \/>\n<meta property=\"og:image\" content=\"https:\/\/v2charge.com\/wp-content\/uploads\/2018\/02\/precio-puntos-recarga-wallboxok-1.jpg\" \/>\n\t<meta property=\"og:image:width\" content=\"600\" \/>\n\t<meta property=\"og:image:height\" content=\"400\" \/>\n\t<meta property=\"og:image:type\" content=\"image\/jpeg\" \/>\n<meta name=\"author\" content=\"V2C\" \/>\n<meta name=\"twitter:card\" content=\"summary_large_image\" \/>\n<meta name=\"twitter:creator\" content=\"@V2C_Charge\" \/>\n<meta name=\"twitter:site\" content=\"@V2C_Charge\" \/>\n<meta name=\"twitter:label1\" content=\"Escrit per\" \/>\n\t<meta name=\"twitter:data1\" content=\"V2C\" \/>\n\t<meta name=\"twitter:label2\" content=\"Temps estimat de lectura\" \/>\n\t<meta name=\"twitter:data2\" content=\"3 minuts\" \/>\n<script type=\"application\/ld+json\" class=\"yoast-schema-graph\">{\"@context\":\"https:\/\/schema.org\",\"@graph\":[{\"@type\":\"Article\",\"@id\":\"https:\/\/v2charge.com\/ca\/preus-dels-punts-de-recarrega-de-cotxes-electrics\/#article\",\"isPartOf\":{\"@id\":\"https:\/\/v2charge.com\/ca\/preus-dels-punts-de-recarrega-de-cotxes-electrics\/\"},\"author\":{\"name\":\"V2C\",\"@id\":\"https:\/\/v2charge.com\/ca\/#\/schema\/person\/f29e67a85380accce2b8b9139c993f42\"},\"headline\":\"Preus dels punts de rec\u00e0rrega de cotxes el\u00e8ctrics\",\"datePublished\":\"2018-02-19T10:58:16+00:00\",\"dateModified\":\"2023-05-31T08:28:14+00:00\",\"mainEntityOfPage\":{\"@id\":\"https:\/\/v2charge.com\/ca\/preus-dels-punts-de-recarrega-de-cotxes-electrics\/\"},\"wordCount\":618,\"publisher\":{\"@id\":\"https:\/\/v2charge.com\/ca\/#organization\"},\"image\":{\"@id\":\"https:\/\/v2charge.com\/ca\/preus-dels-punts-de-recarrega-de-cotxes-electrics\/#primaryimage\"},\"thumbnailUrl\":\"https:\/\/v2charge.com\/wp-content\/uploads\/2018\/02\/precio-puntos-recarga-wallboxok-1.jpg\",\"inLanguage\":\"ca\"},{\"@type\":\"WebPage\",\"@id\":\"https:\/\/v2charge.com\/ca\/preus-dels-punts-de-recarrega-de-cotxes-electrics\/\",\"url\":\"https:\/\/v2charge.com\/ca\/preus-dels-punts-de-recarrega-de-cotxes-electrics\/\",\"name\":\"Preus de Wallbox preus de punts de rec\u00e0rrega cotxes\",\"isPartOf\":{\"@id\":\"https:\/\/v2charge.com\/ca\/#website\"},\"primaryImageOfPage\":{\"@id\":\"https:\/\/v2charge.com\/ca\/preus-dels-punts-de-recarrega-de-cotxes-electrics\/#primaryimage\"},\"image\":{\"@id\":\"https:\/\/v2charge.com\/ca\/preus-dels-punts-de-recarrega-de-cotxes-electrics\/#primaryimage\"},\"thumbnailUrl\":\"https:\/\/v2charge.com\/wp-content\/uploads\/2018\/02\/precio-puntos-recarga-wallboxok-1.jpg\",\"datePublished\":\"2018-02-19T10:58:16+00:00\",\"dateModified\":\"2023-05-31T08:28:14+00:00\",\"description\":\"Quant costa un wallbox o carregador per a cotxes el\u00e8ctrics? \u2705 Informaci\u00f3 i preus de punts de rec\u00e0rrega en paret per a cotxes el\u00e8ctrics i punts de rec\u00e0rrega port\u00e0tils per a cotxes el\u00e8ctrics.\",\"breadcrumb\":{\"@id\":\"https:\/\/v2charge.com\/ca\/preus-dels-punts-de-recarrega-de-cotxes-electrics\/#breadcrumb\"},\"inLanguage\":\"ca\",\"potentialAction\":[{\"@type\":\"ReadAction\",\"target\":[\"https:\/\/v2charge.com\/ca\/preus-dels-punts-de-recarrega-de-cotxes-electrics\/\"]}]},{\"@type\":\"ImageObject\",\"inLanguage\":\"ca\",\"@id\":\"https:\/\/v2charge.com\/ca\/preus-dels-punts-de-recarrega-de-cotxes-electrics\/#primaryimage\",\"url\":\"https:\/\/v2charge.com\/wp-content\/uploads\/2018\/02\/precio-puntos-recarga-wallboxok-1.jpg\",\"contentUrl\":\"https:\/\/v2charge.com\/wp-content\/uploads\/2018\/02\/precio-puntos-recarga-wallboxok-1.jpg\",\"width\":600,\"height\":400},{\"@type\":\"BreadcrumbList\",\"@id\":\"https:\/\/v2charge.com\/ca\/preus-dels-punts-de-recarrega-de-cotxes-electrics\/#breadcrumb\",\"itemListElement\":[{\"@type\":\"ListItem\",\"position\":1,\"name\":\"V2C\",\"item\":\"https:\/\/v2charge.com\/ca\/\"},{\"@type\":\"ListItem\",\"position\":2,\"name\":\"Preus dels punts de rec\u00e0rrega de cotxes el\u00e8ctrics\"}]},{\"@type\":\"WebSite\",\"@id\":\"https:\/\/v2charge.com\/ca\/#website\",\"url\":\"https:\/\/v2charge.com\/ca\/\",\"name\":\"V2C\",\"description\":\"#CargandoElMa\u00f1ana\",\"publisher\":{\"@id\":\"https:\/\/v2charge.com\/ca\/#organization\"},\"potentialAction\":[{\"@type\":\"SearchAction\",\"target\":{\"@type\":\"EntryPoint\",\"urlTemplate\":\"https:\/\/v2charge.com\/ca\/?s={search_term_string}\"},\"query-input\":{\"@type\":\"PropertyValueSpecification\",\"valueRequired\":true,\"valueName\":\"search_term_string\"}}],\"inLanguage\":\"ca\"},{\"@type\":\"Organization\",\"@id\":\"https:\/\/v2charge.com\/ca\/#organization\",\"name\":\"V2C\",\"url\":\"https:\/\/v2charge.com\/ca\/\",\"logo\":{\"@type\":\"ImageObject\",\"inLanguage\":\"ca\",\"@id\":\"https:\/\/v2charge.com\/ca\/#\/schema\/logo\/image\/\",\"url\":\"https:\/\/v2charge.com\/wp-content\/uploads\/2024\/11\/cropped-v2c-charge-logo-menu.png\",\"contentUrl\":\"https:\/\/v2charge.com\/wp-content\/uploads\/2024\/11\/cropped-v2c-charge-logo-menu.png\",\"width\":984,\"height\":431,\"caption\":\"V2C\"},\"image\":{\"@id\":\"https:\/\/v2charge.com\/ca\/#\/schema\/logo\/image\/\"},\"sameAs\":[\"https:\/\/www.facebook.com\/V2C.Charge\",\"https:\/\/x.com\/V2C_Charge\",\"https:\/\/www.instagram.com\/v2c.charge\/\",\"https:\/\/www.youtube.com\/@V2C\",\"https:\/\/www.linkedin.com\/company\/v2c-chargers\/\"]},{\"@type\":\"Person\",\"@id\":\"https:\/\/v2charge.com\/ca\/#\/schema\/person\/f29e67a85380accce2b8b9139c993f42\",\"name\":\"V2C\",\"image\":{\"@type\":\"ImageObject\",\"inLanguage\":\"ca\",\"@id\":\"https:\/\/v2charge.com\/ca\/#\/schema\/person\/image\/\",\"url\":\"https:\/\/secure.gravatar.com\/avatar\/6b569efe71f377f865d3c6d7d046c620e6ecf71400555f6ac3a8d31ade20562b?s=96&d=mm&r=g\",\"contentUrl\":\"https:\/\/secure.gravatar.com\/avatar\/6b569efe71f377f865d3c6d7d046c620e6ecf71400555f6ac3a8d31ade20562b?s=96&d=mm&r=g\",\"caption\":\"V2C\"}}]}<\/script>\n<!-- \/ Yoast SEO plugin. -->","yoast_head_json":{"title":"Preus de Wallbox preus de punts de rec\u00e0rrega cotxes","description":"Quant costa un wallbox o carregador per a cotxes el\u00e8ctrics? \u2705 Informaci\u00f3 i preus de punts de rec\u00e0rrega en paret per a cotxes el\u00e8ctrics i punts de rec\u00e0rrega port\u00e0tils per a cotxes el\u00e8ctrics.","robots":{"index":"index","follow":"follow","max-snippet":"max-snippet:-1","max-image-preview":"max-image-preview:large","max-video-preview":"max-video-preview:-1"},"canonical":"https:\/\/v2charge.com\/ca\/preus-dels-punts-de-recarrega-de-cotxes-electrics\/","og_locale":"ca_ES","og_type":"article","og_title":"Preus de Wallbox preus de punts de rec\u00e0rrega cotxes","og_description":"Quant costa un wallbox o carregador per a cotxes el\u00e8ctrics? \u2705 Informaci\u00f3 i preus de punts de rec\u00e0rrega en paret per a cotxes el\u00e8ctrics i punts de rec\u00e0rrega port\u00e0tils per a cotxes el\u00e8ctrics.","og_url":"https:\/\/v2charge.com\/ca\/preus-dels-punts-de-recarrega-de-cotxes-electrics\/","og_site_name":"V2C","article_publisher":"https:\/\/www.facebook.com\/V2C.Charge","article_published_time":"2018-02-19T10:58:16+00:00","article_modified_time":"2023-05-31T08:28:14+00:00","og_image":[{"width":600,"height":400,"url":"https:\/\/v2charge.com\/wp-content\/uploads\/2018\/02\/precio-puntos-recarga-wallboxok-1.jpg","type":"image\/jpeg"}],"author":"V2C","twitter_card":"summary_large_image","twitter_creator":"@V2C_Charge","twitter_site":"@V2C_Charge","twitter_misc":{"Escrit per":"V2C","Temps estimat de lectura":"3 minuts"},"schema":{"@context":"https:\/\/schema.org","@graph":[{"@type":"Article","@id":"https:\/\/v2charge.com\/ca\/preus-dels-punts-de-recarrega-de-cotxes-electrics\/#article","isPartOf":{"@id":"https:\/\/v2charge.com\/ca\/preus-dels-punts-de-recarrega-de-cotxes-electrics\/"},"author":{"name":"V2C","@id":"https:\/\/v2charge.com\/ca\/#\/schema\/person\/f29e67a85380accce2b8b9139c993f42"},"headline":"Preus dels punts de rec\u00e0rrega de cotxes el\u00e8ctrics","datePublished":"2018-02-19T10:58:16+00:00","dateModified":"2023-05-31T08:28:14+00:00","mainEntityOfPage":{"@id":"https:\/\/v2charge.com\/ca\/preus-dels-punts-de-recarrega-de-cotxes-electrics\/"},"wordCount":618,"publisher":{"@id":"https:\/\/v2charge.com\/ca\/#organization"},"image":{"@id":"https:\/\/v2charge.com\/ca\/preus-dels-punts-de-recarrega-de-cotxes-electrics\/#primaryimage"},"thumbnailUrl":"https:\/\/v2charge.com\/wp-content\/uploads\/2018\/02\/precio-puntos-recarga-wallboxok-1.jpg","inLanguage":"ca"},{"@type":"WebPage","@id":"https:\/\/v2charge.com\/ca\/preus-dels-punts-de-recarrega-de-cotxes-electrics\/","url":"https:\/\/v2charge.com\/ca\/preus-dels-punts-de-recarrega-de-cotxes-electrics\/","name":"Preus de Wallbox preus de punts de rec\u00e0rrega cotxes","isPartOf":{"@id":"https:\/\/v2charge.com\/ca\/#website"},"primaryImageOfPage":{"@id":"https:\/\/v2charge.com\/ca\/preus-dels-punts-de-recarrega-de-cotxes-electrics\/#primaryimage"},"image":{"@id":"https:\/\/v2charge.com\/ca\/preus-dels-punts-de-recarrega-de-cotxes-electrics\/#primaryimage"},"thumbnailUrl":"https:\/\/v2charge.com\/wp-content\/uploads\/2018\/02\/precio-puntos-recarga-wallboxok-1.jpg","datePublished":"2018-02-19T10:58:16+00:00","dateModified":"2023-05-31T08:28:14+00:00","description":"Quant costa un wallbox o carregador per a cotxes el\u00e8ctrics? \u2705 Informaci\u00f3 i preus de punts de rec\u00e0rrega en paret per a cotxes el\u00e8ctrics i punts de rec\u00e0rrega port\u00e0tils per a cotxes el\u00e8ctrics.","breadcrumb":{"@id":"https:\/\/v2charge.com\/ca\/preus-dels-punts-de-recarrega-de-cotxes-electrics\/#breadcrumb"},"inLanguage":"ca","potentialAction":[{"@type":"ReadAction","target":["https:\/\/v2charge.com\/ca\/preus-dels-punts-de-recarrega-de-cotxes-electrics\/"]}]},{"@type":"ImageObject","inLanguage":"ca","@id":"https:\/\/v2charge.com\/ca\/preus-dels-punts-de-recarrega-de-cotxes-electrics\/#primaryimage","url":"https:\/\/v2charge.com\/wp-content\/uploads\/2018\/02\/precio-puntos-recarga-wallboxok-1.jpg","contentUrl":"https:\/\/v2charge.com\/wp-content\/uploads\/2018\/02\/precio-puntos-recarga-wallboxok-1.jpg","width":600,"height":400},{"@type":"BreadcrumbList","@id":"https:\/\/v2charge.com\/ca\/preus-dels-punts-de-recarrega-de-cotxes-electrics\/#breadcrumb","itemListElement":[{"@type":"ListItem","position":1,"name":"V2C","item":"https:\/\/v2charge.com\/ca\/"},{"@type":"ListItem","position":2,"name":"Preus dels punts de rec\u00e0rrega de cotxes el\u00e8ctrics"}]},{"@type":"WebSite","@id":"https:\/\/v2charge.com\/ca\/#website","url":"https:\/\/v2charge.com\/ca\/","name":"V2C","description":"#CargandoElMa\u00f1ana","publisher":{"@id":"https:\/\/v2charge.com\/ca\/#organization"},"potentialAction":[{"@type":"SearchAction","target":{"@type":"EntryPoint","urlTemplate":"https:\/\/v2charge.com\/ca\/?s={search_term_string}"},"query-input":{"@type":"PropertyValueSpecification","valueRequired":true,"valueName":"search_term_string"}}],"inLanguage":"ca"},{"@type":"Organization","@id":"https:\/\/v2charge.com\/ca\/#organization","name":"V2C","url":"https:\/\/v2charge.com\/ca\/","logo":{"@type":"ImageObject","inLanguage":"ca","@id":"https:\/\/v2charge.com\/ca\/#\/schema\/logo\/image\/","url":"https:\/\/v2charge.com\/wp-content\/uploads\/2024\/11\/cropped-v2c-charge-logo-menu.png","contentUrl":"https:\/\/v2charge.com\/wp-content\/uploads\/2024\/11\/cropped-v2c-charge-logo-menu.png","width":984,"height":431,"caption":"V2C"},"image":{"@id":"https:\/\/v2charge.com\/ca\/#\/schema\/logo\/image\/"},"sameAs":["https:\/\/www.facebook.com\/V2C.Charge","https:\/\/x.com\/V2C_Charge","https:\/\/www.instagram.com\/v2c.charge\/","https:\/\/www.youtube.com\/@V2C","https:\/\/www.linkedin.com\/company\/v2c-chargers\/"]},{"@type":"Person","@id":"https:\/\/v2charge.com\/ca\/#\/schema\/person\/f29e67a85380accce2b8b9139c993f42","name":"V2C","image":{"@type":"ImageObject","inLanguage":"ca","@id":"https:\/\/v2charge.com\/ca\/#\/schema\/person\/image\/","url":"https:\/\/secure.gravatar.com\/avatar\/6b569efe71f377f865d3c6d7d046c620e6ecf71400555f6ac3a8d31ade20562b?s=96&d=mm&r=g","contentUrl":"https:\/\/secure.gravatar.com\/avatar\/6b569efe71f377f865d3c6d7d046c620e6ecf71400555f6ac3a8d31ade20562b?s=96&d=mm&r=g","caption":"V2C"}}]}},"uagb_featured_image_src":{"full":["https:\/\/v2charge.com\/wp-content\/uploads\/2018\/02\/precio-puntos-recarga-wallboxok-1.jpg",600,400,false],"thumbnail":["https:\/\/v2charge.com\/wp-content\/uploads\/2018\/02\/precio-puntos-recarga-wallboxok-1-150x150.jpg",150,150,true],"medium":["https:\/\/v2charge.com\/wp-content\/uploads\/2018\/02\/precio-puntos-recarga-wallboxok-1-300x200.jpg",300,200,true],"medium_large":["https:\/\/v2charge.com\/wp-content\/uploads\/2018\/02\/precio-puntos-recarga-wallboxok-1.jpg",600,400,false],"large":["https:\/\/v2charge.com\/wp-content\/uploads\/2018\/02\/precio-puntos-recarga-wallboxok-1.jpg",600,400,false],"gs-tiny":["https:\/\/v2charge.com\/wp-content\/uploads\/2018\/02\/precio-puntos-recarga-wallboxok-1.jpg",50,33,false],"xl":["https:\/\/v2charge.com\/wp-content\/uploads\/2018\/02\/precio-puntos-recarga-wallboxok-1.jpg",600,400,false],"xxl":["https:\/\/v2charge.com\/wp-content\/uploads\/2018\/02\/precio-puntos-recarga-wallboxok-1.jpg",600,400,false],"xxxl":["https:\/\/v2charge.com\/wp-content\/uploads\/2018\/02\/precio-puntos-recarga-wallboxok-1.jpg",600,400,false],"xxxxl":["https:\/\/v2charge.com\/wp-content\/uploads\/2018\/02\/precio-puntos-recarga-wallboxok-1.jpg",600,400,false],"xxxxxl":["https:\/\/v2charge.com\/wp-content\/uploads\/2018\/02\/precio-puntos-recarga-wallboxok-1.jpg",600,400,false],"1536x1536":["https:\/\/v2charge.com\/wp-content\/uploads\/2018\/02\/precio-puntos-recarga-wallboxok-1.jpg",600,400,false],"2048x2048":["https:\/\/v2charge.com\/wp-content\/uploads\/2018\/02\/precio-puntos-recarga-wallboxok-1.jpg",600,400,false]},"uagb_author_info":{"display_name":"V2C","author_link":"https:\/\/v2charge.com\/ca\/author\/root_k4eu7ki8\/"},"uagb_comment_info":0,"uagb_excerpt":"Quant costa un punt de rec\u00e0rrega per a cotxes el\u00e8ctrics a Espanya? La rec\u00e0rrega d&#8217;un cotxe el\u00e8ctric es pot realitzar en garatges privats, garatges comunitaris, empreses p\u00fabliques i privades i a la via p\u00fablica. Per a una major seguretat en les rec\u00e0rregues dels cotxes el\u00e8ctrics, \u00e9s recomanable adquirir un punt de rec\u00e0rrega de qualitat i&hellip;","_links":{"self":[{"href":"https:\/\/v2charge.com\/ca\/wp-json\/wp\/v2\/posts\/309851","targetHints":{"allow":["GET"]}}],"collection":[{"href":"https:\/\/v2charge.com\/ca\/wp-json\/wp\/v2\/posts"}],"about":[{"href":"https:\/\/v2charge.com\/ca\/wp-json\/wp\/v2\/types\/post"}],"author":[{"embeddable":true,"href":"https:\/\/v2charge.com\/ca\/wp-json\/wp\/v2\/users\/1"}],"replies":[{"embeddable":true,"href":"https:\/\/v2charge.com\/ca\/wp-json\/wp\/v2\/comments?post=309851"}],"version-history":[{"count":0,"href":"https:\/\/v2charge.com\/ca\/wp-json\/wp\/v2\/posts\/309851\/revisions"}],"wp:featuredmedia":[{"embeddable":true,"href":"https:\/\/v2charge.com\/ca\/wp-json\/wp\/v2\/media\/64029"}],"wp:attachment":[{"href":"https:\/\/v2charge.com\/ca\/wp-json\/wp\/v2\/media?parent=309851"}],"wp:term":[{"taxonomy":"category","embeddable":true,"href":"https:\/\/v2charge.com\/ca\/wp-json\/wp\/v2\/categories?post=309851"},{"taxonomy":"post_tag","embeddable":true,"href":"https:\/\/v2charge.com\/ca\/wp-json\/wp\/v2\/tags?post=309851"}],"curies":[{"name":"wp","href":"https:\/\/api.w.org\/{rel}","templated":true}]}}