{"id":309855,"date":"2018-03-05T15:28:40","date_gmt":"2018-03-05T15:28:40","guid":{"rendered":""},"modified":"2023-05-31T08:27:43","modified_gmt":"2023-05-31T08:27:43","slug":"la-comunitat-de-madrid-subvenciona-amb-2-milions-d-euros-el-2018-la-renovacio-de-flotes-amb-vehicles-menys-contaminants","status":"publish","type":"post","link":"https:\/\/v2charge.com\/ca\/la-comunitat-de-madrid-subvenciona-amb-2-milions-d-euros-el-2018-la-renovacio-de-flotes-amb-vehicles-menys-contaminants\/","title":{"rendered":"La Comunitat de Madrid subvenciona amb 2 milions d&#8217;euros el 2018 la renovaci\u00f3 de flotes amb vehicles menys contaminants."},"content":{"rendered":"<p>La Comunitat subvencionar\u00e0 amb 2 milions d&#8217;euros el 2018 la renovaci\u00f3 de flotes amb vehicles menys contaminants.<\/p>\n<ul>\n<li>El Govern regional subvencionar\u00e0 el 2018 exclusivament a vehicles de categoria CERO i ECO<\/li>\n<li>El 2017 gr\u00e0cies al PIVCEM s&#8217;ha renovat un 43,9 % m\u00e9s de vehicles de repartiment comercial<\/li>\n<li>El Pla PIAM ha perm\u00e8s renovar a la Comunitat 522 taxis, un 10 % m\u00e9s que en l&#8217;\u00faltim any.<\/li>\n<\/ul>\n<p><!--more--><\/p>\n<p>El Govern de la Comunitat de Madrid subvencionar\u00e0 novament, amb dos milions d&#8217;euros el 2018, <strong>la renovaci\u00f3 i adquisici\u00f3 de vehicles comercials lleugers i de taxi<\/strong>. Aquests dos milions d&#8217;euros de subvenci\u00f3 estan destinats al Pla d&#8217;Incentius al Vehicle Comercial Lleuger Eficient, Auxiliar i de Serveis de la Comunitat de Madrid, m\u00e9s conegut com a Pla PIVCEM, i al Pla d&#8217;Incentius d&#8217;Auto-taxi de Madrid, denominat Pla PIAM, ambd\u00f3s dotats amb un mili\u00f3 d&#8217;euros cadascun. Aix\u00ed ho ha assenyalat el conseller de Medi Ambient, Administraci\u00f3 Local i Ordenaci\u00f3 del Territori, <strong>Pedro Roll\u00e1n<\/strong>, qui ha visitat aquest mat\u00ed al Parc Forestal de Valdebernardo, alguns dels nous vehicles adquirits a trav\u00e9s d&#8217;aquests dos Plans. <strong>\u201cLa principal novetat per a l&#8217;any 2018 resideix en qu\u00e8 el Govern regional finan\u00e7ar\u00e0 exclusivament aquells vehicles CERO i ECO, a m\u00e9s dels vehicles de categoria C en euro-taxis i vehicles de la categoria N2 de fins a 12.000 quilos\u201d<\/strong>, ha assenyalat. \u201cAquest any a m\u00e9s ja s&#8217;estan emprant els distintius de la DGT i s&#8217;atorgaran ajudes PIAM no nom\u00e9s a professionals en r\u00e8gim d&#8217;aut\u00f2noms sin\u00f3 tamb\u00e9 a PIMES. \u201cAquestes mesures s\u00f3n de summa import\u00e0ncia a l&#8217;hora de contribuir a millorar la qualitat de l&#8217;aire que respiren els ciutadans madrilenys. El 2017, gr\u00e0cies al PIAM, s&#8217;ha aconseguit una reducci\u00f3 d&#8217;emissions de 24,4 tones d&#8217;\u00f2xids de nitrogen i de 5.470,8 tones de CO2 a l&#8217;any. Per la seva banda, el PIVCEM suposa actualment una reducci\u00f3 d&#8217;emissions a l&#8217;atmosfera de 710 quilograms d&#8217;\u00f2xids de nitrogen i 28 tones de CO2 a l&#8217;any\u201d, ha assenyalat el conseller.<\/p>\n<p><strong>AJUDES D&#8217;UN MILI\u00d3 D&#8217;EUROS AL PIVCEM DES DE 2015<\/strong><\/p>\n<p>Des de 2015, el Govern regional ha destinat un mili\u00f3 d&#8217;euros al Pla d&#8217;Incentius al Vehicle Comercial Lleuger Eficient, Auxiliar i de Serveis (PIVCEM), per a la renovaci\u00f3 de vehicles contaminants per altres m\u00e9s ecol\u00f2gics i menys contaminants. El 2017, gr\u00e0cies a aquesta subvenci\u00f3, s&#8217;han renovat 308 vehicles comercials de 173 empreses. En total s\u00f3n 94 vehicles m\u00e9s i 81 nous beneficiaris respecte a l&#8217;any 2016, la qual cosa ha suposat un increment del 43,9 %.<\/p>\n<p>La Comunitat de Madrid ha concedit 3.000 euros d&#8217;ajuda com a mitjana per cada canvi de vehicle, aportant fins a un 35 % com a m\u00e0xim del cost del vehicle el\u00e8ctric. Aquestes ajudes, que s&#8217;atorguen des de 2015, han possibilitat que 651 vehicles comercials s&#8217;hagin renovat, contribuint a millorar la qualitat de l&#8217;aire que es respira a la regi\u00f3.<\/p>\n<p><strong>UN 10 % M\u00c9S DE TAXIS RENOVATS EL 2017 <\/strong><\/p>\n<p>Roll\u00e1n ha informat al seu torn sobre la renovaci\u00f3 de les flotes de taxi en aquest \u00faltim any. El Pla d&#8217;Incentius d&#8217;Auto-taxi de Madrid, PIAM, ha fet possible la renovaci\u00f3 de 522 taxis el 2017, la qual cosa suposa un 10 % m\u00e9s que el 2016. El PIAM s&#8217;aplica des del 2013, des d&#8217;aleshores ha perm\u00e8s la renovaci\u00f3 de 2.185 taxis, la qual cosa suposa m\u00e9s del 13 % de la flota de taxis que existeix a la Comunitat de Madrid, ha indicat. En definitiva, gr\u00e0cies als 2 milions d&#8217;euros que ha destinat el Govern regional per a l&#8217;adquisici\u00f3 de vehicles el\u00e8ctrics el 2017 s&#8217;han pogut renovar 1.015 vehicles.<\/p>\n<p>Des del passat divendres, 2 de mar\u00e7, es troba publicada al Butllet\u00ed Oficial de la Comunitat de Madrid (BOCM) la modificaci\u00f3 de les bases reguladores, on figuren les principals novetats i requisits dels dos plans d&#8217;ajudes.<\/p>\n<p>La Comunitat de Madrid est\u00e0 tramitant la convocat\u00f2ria per a la selecci\u00f3, en r\u00e8gim de p\u00fablica concurr\u00e8ncia, de l&#8217;entitat col\u00b7laboradora per a la gesti\u00f3 de les ajudes. Aquestes abracen des dels 2.000 als 10.000 euros per vehicle i es podran subvencionar fins a cinc vehicles per sol\u00b7licitant o empresa.<\/p>\n<p>Totes aquestes mesures es troben emmarcades dins del comprom\u00eds 252 del programa electoral de la presidenta de la Comunitat de Madrid, Cristina Cifuentes, on es recull el comprom\u00eds de \u2018reduir les emissions en el transport de viatgers i mercaderies dins de l&#8217;estrat\u00e8gia de Qualitat de l&#8217;Aire i Canvi Clim\u00e0tic, Pla Blau+\u2019.<\/p>\n<p>Lectura recomanada: <a href=\"https:\/\/www.v2charge.com\/ca\/quins-punts-de-recarrega-per-a-empreses-existeixen-al-mercat\/\">Punts de rec\u00e0rrega per a empreses.&nbsp;<\/a><\/p>\n<p>Imatge: El Pa\u00eds.<\/p>\n","protected":false},"excerpt":{"rendered":"<p>La Comunitat subvencionar\u00e0 amb 2 milions d&#8217;euros el 2018 la renovaci\u00f3 de flotes amb vehicles menys contaminants. El Govern regional subvencionar\u00e0 el 2018 exclusivament a vehicles de categoria CERO i ECO El 2017 gr\u00e0cies al PIVCEM s&#8217;ha renovat un 43,9 % m\u00e9s de vehicles de repartiment comercial El Pla PIAM ha perm\u00e8s renovar a la &#8230; <a title=\"La Comunitat de Madrid subvenciona amb 2 milions d&#8217;euros el 2018 la renovaci\u00f3 de flotes amb vehicles menys contaminants.\" class=\"read-more\" href=\"https:\/\/v2charge.com\/ca\/la-comunitat-de-madrid-subvenciona-amb-2-milions-d-euros-el-2018-la-renovacio-de-flotes-amb-vehicles-menys-contaminants\/\" aria-label=\"M\u00e9s informaci\u00f3 sobre La Comunitat de Madrid subvenciona amb 2 milions d&#8217;euros el 2018 la renovaci\u00f3 de flotes amb vehicles menys contaminants.\">Llegiu m\u00e9s<\/a><\/p>\n","protected":false},"author":1,"featured_media":63997,"comment_status":"closed","ping_status":"closed","sticky":false,"template":"","format":"standard","meta":{"_eb_attr":"","content-type":"","_uag_custom_page_level_css":"","footnotes":""},"categories":[],"tags":[],"class_list":["post-309855","post","type-post","status-publish","format-standard","has-post-thumbnail","hentry"],"yoast_head":"<!-- This site is optimized with the Yoast SEO plugin v25.3.1 - https:\/\/yoast.com\/wordpress\/plugins\/seo\/ -->\n<title>Ajuts per a cotxes el\u00e8ctrics a MADRID | V2C<\/title>\n<meta name=\"description\" content=\"Ajuts cotxes el\u00e8ctrics a MADRID. La Comunitat subvencionar\u00e0 amb 2 milions d&#039;euros el 2018 la renovaci\u00f3 de flotes amb vehicles menys contaminants. Cotxes El\u00e8ctrics.\" \/>\n<meta name=\"robots\" content=\"index, follow, max-snippet:-1, max-image-preview:large, max-video-preview:-1\" \/>\n<link rel=\"canonical\" href=\"https:\/\/v2charge.com\/ca\/la-comunitat-de-madrid-subvenciona-amb-2-milions-d-euros-el-2018-la-renovacio-de-flotes-amb-vehicles-menys-contaminants\/\" \/>\n<meta property=\"og:locale\" content=\"ca_ES\" \/>\n<meta property=\"og:type\" content=\"article\" \/>\n<meta property=\"og:title\" content=\"Ajuts per a cotxes el\u00e8ctrics a MADRID | V2C\" \/>\n<meta property=\"og:description\" content=\"Ajuts cotxes el\u00e8ctrics a MADRID. La Comunitat subvencionar\u00e0 amb 2 milions d&#039;euros el 2018 la renovaci\u00f3 de flotes amb vehicles menys contaminants. Cotxes El\u00e8ctrics.\" \/>\n<meta property=\"og:url\" content=\"https:\/\/v2charge.com\/ca\/la-comunitat-de-madrid-subvenciona-amb-2-milions-d-euros-el-2018-la-renovacio-de-flotes-amb-vehicles-menys-contaminants\/\" \/>\n<meta property=\"og:site_name\" content=\"V2C\" \/>\n<meta property=\"article:publisher\" content=\"https:\/\/www.facebook.com\/V2C.Charge\" \/>\n<meta property=\"article:published_time\" content=\"2018-03-05T15:28:40+00:00\" \/>\n<meta property=\"article:modified_time\" content=\"2023-05-31T08:27:43+00:00\" \/>\n<meta property=\"og:image\" content=\"https:\/\/v2charge.com\/wp-content\/uploads\/2018\/03\/ordenanza-madrid-vehiculo-electrico-1.jpg\" \/>\n\t<meta property=\"og:image:width\" content=\"600\" \/>\n\t<meta property=\"og:image:height\" content=\"400\" \/>\n\t<meta property=\"og:image:type\" content=\"image\/jpeg\" \/>\n<meta name=\"author\" content=\"V2C\" \/>\n<meta name=\"twitter:card\" content=\"summary_large_image\" \/>\n<meta name=\"twitter:creator\" content=\"@V2C_Charge\" \/>\n<meta name=\"twitter:site\" content=\"@V2C_Charge\" \/>\n<meta name=\"twitter:label1\" content=\"Escrit per\" \/>\n\t<meta name=\"twitter:data1\" content=\"V2C\" \/>\n\t<meta name=\"twitter:label2\" content=\"Temps estimat de lectura\" \/>\n\t<meta name=\"twitter:data2\" content=\"4 minuts\" \/>\n<script type=\"application\/ld+json\" class=\"yoast-schema-graph\">{\"@context\":\"https:\/\/schema.org\",\"@graph\":[{\"@type\":\"Article\",\"@id\":\"https:\/\/v2charge.com\/ca\/la-comunitat-de-madrid-subvenciona-amb-2-milions-d-euros-el-2018-la-renovacio-de-flotes-amb-vehicles-menys-contaminants\/#article\",\"isPartOf\":{\"@id\":\"https:\/\/v2charge.com\/ca\/la-comunitat-de-madrid-subvenciona-amb-2-milions-d-euros-el-2018-la-renovacio-de-flotes-amb-vehicles-menys-contaminants\/\"},\"author\":{\"name\":\"V2C\",\"@id\":\"https:\/\/v2charge.com\/ca\/#\/schema\/person\/f29e67a85380accce2b8b9139c993f42\"},\"headline\":\"La Comunitat de Madrid subvenciona amb 2 milions d&#8217;euros el 2018 la renovaci\u00f3 de flotes amb vehicles menys contaminants.\",\"datePublished\":\"2018-03-05T15:28:40+00:00\",\"dateModified\":\"2023-05-31T08:27:43+00:00\",\"mainEntityOfPage\":{\"@id\":\"https:\/\/v2charge.com\/ca\/la-comunitat-de-madrid-subvenciona-amb-2-milions-d-euros-el-2018-la-renovacio-de-flotes-amb-vehicles-menys-contaminants\/\"},\"wordCount\":786,\"publisher\":{\"@id\":\"https:\/\/v2charge.com\/ca\/#organization\"},\"image\":{\"@id\":\"https:\/\/v2charge.com\/ca\/la-comunitat-de-madrid-subvenciona-amb-2-milions-d-euros-el-2018-la-renovacio-de-flotes-amb-vehicles-menys-contaminants\/#primaryimage\"},\"thumbnailUrl\":\"https:\/\/v2charge.com\/wp-content\/uploads\/2018\/03\/ordenanza-madrid-vehiculo-electrico-1.jpg\",\"inLanguage\":\"ca\"},{\"@type\":\"WebPage\",\"@id\":\"https:\/\/v2charge.com\/ca\/la-comunitat-de-madrid-subvenciona-amb-2-milions-d-euros-el-2018-la-renovacio-de-flotes-amb-vehicles-menys-contaminants\/\",\"url\":\"https:\/\/v2charge.com\/ca\/la-comunitat-de-madrid-subvenciona-amb-2-milions-d-euros-el-2018-la-renovacio-de-flotes-amb-vehicles-menys-contaminants\/\",\"name\":\"Ajuts per a cotxes el\u00e8ctrics a MADRID | V2C\",\"isPartOf\":{\"@id\":\"https:\/\/v2charge.com\/ca\/#website\"},\"primaryImageOfPage\":{\"@id\":\"https:\/\/v2charge.com\/ca\/la-comunitat-de-madrid-subvenciona-amb-2-milions-d-euros-el-2018-la-renovacio-de-flotes-amb-vehicles-menys-contaminants\/#primaryimage\"},\"image\":{\"@id\":\"https:\/\/v2charge.com\/ca\/la-comunitat-de-madrid-subvenciona-amb-2-milions-d-euros-el-2018-la-renovacio-de-flotes-amb-vehicles-menys-contaminants\/#primaryimage\"},\"thumbnailUrl\":\"https:\/\/v2charge.com\/wp-content\/uploads\/2018\/03\/ordenanza-madrid-vehiculo-electrico-1.jpg\",\"datePublished\":\"2018-03-05T15:28:40+00:00\",\"dateModified\":\"2023-05-31T08:27:43+00:00\",\"description\":\"Ajuts cotxes el\u00e8ctrics a MADRID. La Comunitat subvencionar\u00e0 amb 2 milions d'euros el 2018 la renovaci\u00f3 de flotes amb vehicles menys contaminants. Cotxes El\u00e8ctrics.\",\"breadcrumb\":{\"@id\":\"https:\/\/v2charge.com\/ca\/la-comunitat-de-madrid-subvenciona-amb-2-milions-d-euros-el-2018-la-renovacio-de-flotes-amb-vehicles-menys-contaminants\/#breadcrumb\"},\"inLanguage\":\"ca\",\"potentialAction\":[{\"@type\":\"ReadAction\",\"target\":[\"https:\/\/v2charge.com\/ca\/la-comunitat-de-madrid-subvenciona-amb-2-milions-d-euros-el-2018-la-renovacio-de-flotes-amb-vehicles-menys-contaminants\/\"]}]},{\"@type\":\"ImageObject\",\"inLanguage\":\"ca\",\"@id\":\"https:\/\/v2charge.com\/ca\/la-comunitat-de-madrid-subvenciona-amb-2-milions-d-euros-el-2018-la-renovacio-de-flotes-amb-vehicles-menys-contaminants\/#primaryimage\",\"url\":\"https:\/\/v2charge.com\/wp-content\/uploads\/2018\/03\/ordenanza-madrid-vehiculo-electrico-1.jpg\",\"contentUrl\":\"https:\/\/v2charge.com\/wp-content\/uploads\/2018\/03\/ordenanza-madrid-vehiculo-electrico-1.jpg\",\"width\":600,\"height\":400},{\"@type\":\"BreadcrumbList\",\"@id\":\"https:\/\/v2charge.com\/ca\/la-comunitat-de-madrid-subvenciona-amb-2-milions-d-euros-el-2018-la-renovacio-de-flotes-amb-vehicles-menys-contaminants\/#breadcrumb\",\"itemListElement\":[{\"@type\":\"ListItem\",\"position\":1,\"name\":\"V2C\",\"item\":\"https:\/\/v2charge.com\/ca\/\"},{\"@type\":\"ListItem\",\"position\":2,\"name\":\"La Comunitat de Madrid subvenciona amb 2 milions d&#8217;euros el 2018 la renovaci\u00f3 de flotes amb vehicles menys contaminants.\"}]},{\"@type\":\"WebSite\",\"@id\":\"https:\/\/v2charge.com\/ca\/#website\",\"url\":\"https:\/\/v2charge.com\/ca\/\",\"name\":\"V2C\",\"description\":\"#CargandoElMa\u00f1ana\",\"publisher\":{\"@id\":\"https:\/\/v2charge.com\/ca\/#organization\"},\"potentialAction\":[{\"@type\":\"SearchAction\",\"target\":{\"@type\":\"EntryPoint\",\"urlTemplate\":\"https:\/\/v2charge.com\/ca\/?s={search_term_string}\"},\"query-input\":{\"@type\":\"PropertyValueSpecification\",\"valueRequired\":true,\"valueName\":\"search_term_string\"}}],\"inLanguage\":\"ca\"},{\"@type\":\"Organization\",\"@id\":\"https:\/\/v2charge.com\/ca\/#organization\",\"name\":\"V2C\",\"url\":\"https:\/\/v2charge.com\/ca\/\",\"logo\":{\"@type\":\"ImageObject\",\"inLanguage\":\"ca\",\"@id\":\"https:\/\/v2charge.com\/ca\/#\/schema\/logo\/image\/\",\"url\":\"https:\/\/v2charge.com\/wp-content\/uploads\/2024\/11\/cropped-v2c-charge-logo-menu.png\",\"contentUrl\":\"https:\/\/v2charge.com\/wp-content\/uploads\/2024\/11\/cropped-v2c-charge-logo-menu.png\",\"width\":984,\"height\":431,\"caption\":\"V2C\"},\"image\":{\"@id\":\"https:\/\/v2charge.com\/ca\/#\/schema\/logo\/image\/\"},\"sameAs\":[\"https:\/\/www.facebook.com\/V2C.Charge\",\"https:\/\/x.com\/V2C_Charge\",\"https:\/\/www.instagram.com\/v2c.charge\/\",\"https:\/\/www.youtube.com\/@V2C\",\"https:\/\/www.linkedin.com\/company\/v2c-chargers\/\"]},{\"@type\":\"Person\",\"@id\":\"https:\/\/v2charge.com\/ca\/#\/schema\/person\/f29e67a85380accce2b8b9139c993f42\",\"name\":\"V2C\",\"image\":{\"@type\":\"ImageObject\",\"inLanguage\":\"ca\",\"@id\":\"https:\/\/v2charge.com\/ca\/#\/schema\/person\/image\/\",\"url\":\"https:\/\/secure.gravatar.com\/avatar\/6b569efe71f377f865d3c6d7d046c620e6ecf71400555f6ac3a8d31ade20562b?s=96&d=mm&r=g\",\"contentUrl\":\"https:\/\/secure.gravatar.com\/avatar\/6b569efe71f377f865d3c6d7d046c620e6ecf71400555f6ac3a8d31ade20562b?s=96&d=mm&r=g\",\"caption\":\"V2C\"}}]}<\/script>\n<!-- \/ Yoast SEO plugin. -->","yoast_head_json":{"title":"Ajuts per a cotxes el\u00e8ctrics a MADRID | V2C","description":"Ajuts cotxes el\u00e8ctrics a MADRID. La Comunitat subvencionar\u00e0 amb 2 milions d'euros el 2018 la renovaci\u00f3 de flotes amb vehicles menys contaminants. Cotxes El\u00e8ctrics.","robots":{"index":"index","follow":"follow","max-snippet":"max-snippet:-1","max-image-preview":"max-image-preview:large","max-video-preview":"max-video-preview:-1"},"canonical":"https:\/\/v2charge.com\/ca\/la-comunitat-de-madrid-subvenciona-amb-2-milions-d-euros-el-2018-la-renovacio-de-flotes-amb-vehicles-menys-contaminants\/","og_locale":"ca_ES","og_type":"article","og_title":"Ajuts per a cotxes el\u00e8ctrics a MADRID | V2C","og_description":"Ajuts cotxes el\u00e8ctrics a MADRID. La Comunitat subvencionar\u00e0 amb 2 milions d'euros el 2018 la renovaci\u00f3 de flotes amb vehicles menys contaminants. Cotxes El\u00e8ctrics.","og_url":"https:\/\/v2charge.com\/ca\/la-comunitat-de-madrid-subvenciona-amb-2-milions-d-euros-el-2018-la-renovacio-de-flotes-amb-vehicles-menys-contaminants\/","og_site_name":"V2C","article_publisher":"https:\/\/www.facebook.com\/V2C.Charge","article_published_time":"2018-03-05T15:28:40+00:00","article_modified_time":"2023-05-31T08:27:43+00:00","og_image":[{"width":600,"height":400,"url":"https:\/\/v2charge.com\/wp-content\/uploads\/2018\/03\/ordenanza-madrid-vehiculo-electrico-1.jpg","type":"image\/jpeg"}],"author":"V2C","twitter_card":"summary_large_image","twitter_creator":"@V2C_Charge","twitter_site":"@V2C_Charge","twitter_misc":{"Escrit per":"V2C","Temps estimat de lectura":"4 minuts"},"schema":{"@context":"https:\/\/schema.org","@graph":[{"@type":"Article","@id":"https:\/\/v2charge.com\/ca\/la-comunitat-de-madrid-subvenciona-amb-2-milions-d-euros-el-2018-la-renovacio-de-flotes-amb-vehicles-menys-contaminants\/#article","isPartOf":{"@id":"https:\/\/v2charge.com\/ca\/la-comunitat-de-madrid-subvenciona-amb-2-milions-d-euros-el-2018-la-renovacio-de-flotes-amb-vehicles-menys-contaminants\/"},"author":{"name":"V2C","@id":"https:\/\/v2charge.com\/ca\/#\/schema\/person\/f29e67a85380accce2b8b9139c993f42"},"headline":"La Comunitat de Madrid subvenciona amb 2 milions d&#8217;euros el 2018 la renovaci\u00f3 de flotes amb vehicles menys contaminants.","datePublished":"2018-03-05T15:28:40+00:00","dateModified":"2023-05-31T08:27:43+00:00","mainEntityOfPage":{"@id":"https:\/\/v2charge.com\/ca\/la-comunitat-de-madrid-subvenciona-amb-2-milions-d-euros-el-2018-la-renovacio-de-flotes-amb-vehicles-menys-contaminants\/"},"wordCount":786,"publisher":{"@id":"https:\/\/v2charge.com\/ca\/#organization"},"image":{"@id":"https:\/\/v2charge.com\/ca\/la-comunitat-de-madrid-subvenciona-amb-2-milions-d-euros-el-2018-la-renovacio-de-flotes-amb-vehicles-menys-contaminants\/#primaryimage"},"thumbnailUrl":"https:\/\/v2charge.com\/wp-content\/uploads\/2018\/03\/ordenanza-madrid-vehiculo-electrico-1.jpg","inLanguage":"ca"},{"@type":"WebPage","@id":"https:\/\/v2charge.com\/ca\/la-comunitat-de-madrid-subvenciona-amb-2-milions-d-euros-el-2018-la-renovacio-de-flotes-amb-vehicles-menys-contaminants\/","url":"https:\/\/v2charge.com\/ca\/la-comunitat-de-madrid-subvenciona-amb-2-milions-d-euros-el-2018-la-renovacio-de-flotes-amb-vehicles-menys-contaminants\/","name":"Ajuts per a cotxes el\u00e8ctrics a MADRID | V2C","isPartOf":{"@id":"https:\/\/v2charge.com\/ca\/#website"},"primaryImageOfPage":{"@id":"https:\/\/v2charge.com\/ca\/la-comunitat-de-madrid-subvenciona-amb-2-milions-d-euros-el-2018-la-renovacio-de-flotes-amb-vehicles-menys-contaminants\/#primaryimage"},"image":{"@id":"https:\/\/v2charge.com\/ca\/la-comunitat-de-madrid-subvenciona-amb-2-milions-d-euros-el-2018-la-renovacio-de-flotes-amb-vehicles-menys-contaminants\/#primaryimage"},"thumbnailUrl":"https:\/\/v2charge.com\/wp-content\/uploads\/2018\/03\/ordenanza-madrid-vehiculo-electrico-1.jpg","datePublished":"2018-03-05T15:28:40+00:00","dateModified":"2023-05-31T08:27:43+00:00","description":"Ajuts cotxes el\u00e8ctrics a MADRID. La Comunitat subvencionar\u00e0 amb 2 milions d'euros el 2018 la renovaci\u00f3 de flotes amb vehicles menys contaminants. Cotxes El\u00e8ctrics.","breadcrumb":{"@id":"https:\/\/v2charge.com\/ca\/la-comunitat-de-madrid-subvenciona-amb-2-milions-d-euros-el-2018-la-renovacio-de-flotes-amb-vehicles-menys-contaminants\/#breadcrumb"},"inLanguage":"ca","potentialAction":[{"@type":"ReadAction","target":["https:\/\/v2charge.com\/ca\/la-comunitat-de-madrid-subvenciona-amb-2-milions-d-euros-el-2018-la-renovacio-de-flotes-amb-vehicles-menys-contaminants\/"]}]},{"@type":"ImageObject","inLanguage":"ca","@id":"https:\/\/v2charge.com\/ca\/la-comunitat-de-madrid-subvenciona-amb-2-milions-d-euros-el-2018-la-renovacio-de-flotes-amb-vehicles-menys-contaminants\/#primaryimage","url":"https:\/\/v2charge.com\/wp-content\/uploads\/2018\/03\/ordenanza-madrid-vehiculo-electrico-1.jpg","contentUrl":"https:\/\/v2charge.com\/wp-content\/uploads\/2018\/03\/ordenanza-madrid-vehiculo-electrico-1.jpg","width":600,"height":400},{"@type":"BreadcrumbList","@id":"https:\/\/v2charge.com\/ca\/la-comunitat-de-madrid-subvenciona-amb-2-milions-d-euros-el-2018-la-renovacio-de-flotes-amb-vehicles-menys-contaminants\/#breadcrumb","itemListElement":[{"@type":"ListItem","position":1,"name":"V2C","item":"https:\/\/v2charge.com\/ca\/"},{"@type":"ListItem","position":2,"name":"La Comunitat de Madrid subvenciona amb 2 milions d&#8217;euros el 2018 la renovaci\u00f3 de flotes amb vehicles menys contaminants."}]},{"@type":"WebSite","@id":"https:\/\/v2charge.com\/ca\/#website","url":"https:\/\/v2charge.com\/ca\/","name":"V2C","description":"#CargandoElMa\u00f1ana","publisher":{"@id":"https:\/\/v2charge.com\/ca\/#organization"},"potentialAction":[{"@type":"SearchAction","target":{"@type":"EntryPoint","urlTemplate":"https:\/\/v2charge.com\/ca\/?s={search_term_string}"},"query-input":{"@type":"PropertyValueSpecification","valueRequired":true,"valueName":"search_term_string"}}],"inLanguage":"ca"},{"@type":"Organization","@id":"https:\/\/v2charge.com\/ca\/#organization","name":"V2C","url":"https:\/\/v2charge.com\/ca\/","logo":{"@type":"ImageObject","inLanguage":"ca","@id":"https:\/\/v2charge.com\/ca\/#\/schema\/logo\/image\/","url":"https:\/\/v2charge.com\/wp-content\/uploads\/2024\/11\/cropped-v2c-charge-logo-menu.png","contentUrl":"https:\/\/v2charge.com\/wp-content\/uploads\/2024\/11\/cropped-v2c-charge-logo-menu.png","width":984,"height":431,"caption":"V2C"},"image":{"@id":"https:\/\/v2charge.com\/ca\/#\/schema\/logo\/image\/"},"sameAs":["https:\/\/www.facebook.com\/V2C.Charge","https:\/\/x.com\/V2C_Charge","https:\/\/www.instagram.com\/v2c.charge\/","https:\/\/www.youtube.com\/@V2C","https:\/\/www.linkedin.com\/company\/v2c-chargers\/"]},{"@type":"Person","@id":"https:\/\/v2charge.com\/ca\/#\/schema\/person\/f29e67a85380accce2b8b9139c993f42","name":"V2C","image":{"@type":"ImageObject","inLanguage":"ca","@id":"https:\/\/v2charge.com\/ca\/#\/schema\/person\/image\/","url":"https:\/\/secure.gravatar.com\/avatar\/6b569efe71f377f865d3c6d7d046c620e6ecf71400555f6ac3a8d31ade20562b?s=96&d=mm&r=g","contentUrl":"https:\/\/secure.gravatar.com\/avatar\/6b569efe71f377f865d3c6d7d046c620e6ecf71400555f6ac3a8d31ade20562b?s=96&d=mm&r=g","caption":"V2C"}}]}},"uagb_featured_image_src":{"full":["https:\/\/v2charge.com\/wp-content\/uploads\/2018\/03\/ordenanza-madrid-vehiculo-electrico-1.jpg",600,400,false],"thumbnail":["https:\/\/v2charge.com\/wp-content\/uploads\/2018\/03\/ordenanza-madrid-vehiculo-electrico-1-150x150.jpg",150,150,true],"medium":["https:\/\/v2charge.com\/wp-content\/uploads\/2018\/03\/ordenanza-madrid-vehiculo-electrico-1-300x200.jpg",300,200,true],"medium_large":["https:\/\/v2charge.com\/wp-content\/uploads\/2018\/03\/ordenanza-madrid-vehiculo-electrico-1.jpg",600,400,false],"large":["https:\/\/v2charge.com\/wp-content\/uploads\/2018\/03\/ordenanza-madrid-vehiculo-electrico-1.jpg",600,400,false],"gs-tiny":["https:\/\/v2charge.com\/wp-content\/uploads\/2018\/03\/ordenanza-madrid-vehiculo-electrico-1.jpg",50,33,false],"xl":["https:\/\/v2charge.com\/wp-content\/uploads\/2018\/03\/ordenanza-madrid-vehiculo-electrico-1.jpg",600,400,false],"xxl":["https:\/\/v2charge.com\/wp-content\/uploads\/2018\/03\/ordenanza-madrid-vehiculo-electrico-1.jpg",600,400,false],"xxxl":["https:\/\/v2charge.com\/wp-content\/uploads\/2018\/03\/ordenanza-madrid-vehiculo-electrico-1.jpg",600,400,false],"xxxxl":["https:\/\/v2charge.com\/wp-content\/uploads\/2018\/03\/ordenanza-madrid-vehiculo-electrico-1.jpg",600,400,false],"xxxxxl":["https:\/\/v2charge.com\/wp-content\/uploads\/2018\/03\/ordenanza-madrid-vehiculo-electrico-1.jpg",600,400,false],"1536x1536":["https:\/\/v2charge.com\/wp-content\/uploads\/2018\/03\/ordenanza-madrid-vehiculo-electrico-1.jpg",600,400,false],"2048x2048":["https:\/\/v2charge.com\/wp-content\/uploads\/2018\/03\/ordenanza-madrid-vehiculo-electrico-1.jpg",600,400,false]},"uagb_author_info":{"display_name":"V2C","author_link":"https:\/\/v2charge.com\/ca\/author\/root_k4eu7ki8\/"},"uagb_comment_info":0,"uagb_excerpt":"La Comunitat subvencionar\u00e0 amb 2 milions d&#8217;euros el 2018 la renovaci\u00f3 de flotes amb vehicles menys contaminants. El Govern regional subvencionar\u00e0 el 2018 exclusivament a vehicles de categoria CERO i ECO El 2017 gr\u00e0cies al PIVCEM s&#8217;ha renovat un 43,9 % m\u00e9s de vehicles de repartiment comercial El Pla PIAM ha perm\u00e8s renovar a la&hellip;","_links":{"self":[{"href":"https:\/\/v2charge.com\/ca\/wp-json\/wp\/v2\/posts\/309855","targetHints":{"allow":["GET"]}}],"collection":[{"href":"https:\/\/v2charge.com\/ca\/wp-json\/wp\/v2\/posts"}],"about":[{"href":"https:\/\/v2charge.com\/ca\/wp-json\/wp\/v2\/types\/post"}],"author":[{"embeddable":true,"href":"https:\/\/v2charge.com\/ca\/wp-json\/wp\/v2\/users\/1"}],"replies":[{"embeddable":true,"href":"https:\/\/v2charge.com\/ca\/wp-json\/wp\/v2\/comments?post=309855"}],"version-history":[{"count":0,"href":"https:\/\/v2charge.com\/ca\/wp-json\/wp\/v2\/posts\/309855\/revisions"}],"wp:featuredmedia":[{"embeddable":true,"href":"https:\/\/v2charge.com\/ca\/wp-json\/wp\/v2\/media\/63997"}],"wp:attachment":[{"href":"https:\/\/v2charge.com\/ca\/wp-json\/wp\/v2\/media?parent=309855"}],"wp:term":[{"taxonomy":"category","embeddable":true,"href":"https:\/\/v2charge.com\/ca\/wp-json\/wp\/v2\/categories?post=309855"},{"taxonomy":"post_tag","embeddable":true,"href":"https:\/\/v2charge.com\/ca\/wp-json\/wp\/v2\/tags?post=309855"}],"curies":[{"name":"wp","href":"https:\/\/api.w.org\/{rel}","templated":true}]}}