{"id":309858,"date":"2018-03-14T17:07:24","date_gmt":"2018-03-14T17:07:24","guid":{"rendered":""},"modified":"2023-05-31T08:27:24","modified_gmt":"2023-05-31T08:27:24","slug":"punto-recarga-coche-electrico-elegir-empresa-ca","status":"publish","type":"post","link":"https:\/\/v2charge.com\/ca\/punto-recarga-coche-electrico-elegir-empresa-ca\/","title":{"rendered":"Quin punt de rec\u00e0rrega per a cotxe el\u00e8ctric triar per a la teva empresa?"},"content":{"rendered":"<p>2018 \u00e9s l&#8217;any en qu\u00e8 la majoria de ciutats europees i aqu\u00ed a Espanya ciutats com Madrid i Barcelona posaran en pr\u00e0ctica els seus protocols de contaminaci\u00f3 a causa de l&#8217;increment de la contaminaci\u00f3. Aix\u00ed, <strong>les restriccions al tr\u00e0nsit de vehicles a les ciutats seran constants<\/strong>.<\/p>\n<p>No obstant aix\u00f2, els vehicles el\u00e8ctrics quedaran exempts d&#8217;aquestes restriccions, de fet les <strong>avantatges de tenir un cotxe el\u00e8ctric a Madrid s\u00f3n nombroses<\/strong>. Els cotxes el\u00e8ctrics paguen menys impostos, estan exempts del pagament de l&#8217;estacionament regulat, tenen acc\u00e9s lliure a \u00c0rees de Prioritat Residencial (APR), durant els episodis d&#8217;alta contaminaci\u00f3 tindran avantatges, i a m\u00e9s els cotxes el\u00e8ctrics poden utilitzar el carril Bus-Vao.<\/p>\n<p>Per totes aquestes raons, les empreses estan incorporant cada vegada m\u00e9s vehicles el\u00e8ctrics a les seves flotes, els cotxes el\u00e8ctrics s\u00f3n ideals per fer funcions de repartiment en el cas de les ecommerce, els cotxes el\u00e8ctrics s\u00f3n la millor soluci\u00f3 per als empleats, i en qualsevol cas s\u00f3n l&#8217;opci\u00f3 per evitar aquestes restriccions al tr\u00e0nsit.<\/p>\n<p>Davant d&#8217;aquest nou panorama sorgeixen moltes dubtes pel que fa als cotxes el\u00e8ctrics i \u00e9s per aix\u00f2 que la majoria de preguntes que rebem \u00e9s sobre quin tipus de carregadors han de comprar les empreses per a les seves gammes de vehicles.<\/p>\n<p>Aix\u00ed que anem a explicar els diferents escenaris per poder resoldre les dubtes sobre quin tipus de carregador utilitzen cadascun dels models de vehicles el\u00e8ctrics habituals a les flotes d&#8217;empreses.<\/p>\n<p>Les empreses poden optar per<a href=\"https:\/\/www.v2charge.com\/ca\/tipus-de-connectors-per-a-vehicles-electrics\/\"> tres tipus de punts de rec\u00e0rrega<\/a>, punts de rec\u00e0rrega en paret o <a href=\"https:\/\/www.v2charge.com\/ca\/que-es-un-wallbox-ca\/\">wallbox<\/a>, punts de rec\u00e0rrega port\u00e0tils o postes de rec\u00e0rrega.<\/p>\n<p>Segons la pot\u00e8ncia a la qual es pot recarregar el cotxe el\u00e8ctric i la pot\u00e8ncia disponible a la instal\u00b7laci\u00f3 on vagis a posar el punt de rec\u00e0rrega, en l&#8217;horari que tinguis pensat recarregar.<\/p>\n<p>Tipus de connectors per a cotxes el\u00e8ctrics.<\/p>\n<p><strong>&nbsp;<\/strong><strong>Kia Soul Kia Soul EV MY18.<\/strong><\/p>\n<ul>\n<li>Tipus de carregador per al cotxe el\u00e8ctric Kia Soul Kia Soul EV MY18. l Kia Soul EV disposa d&#8217;un connector del Tipus 1 (Cable SAE J1772)<\/li>\n<li>El temps de c\u00e0rrega completa del Kia Soul EV podr\u00e0 anar des d&#8217;unes 7 hores (carregant en mode 3, 16-32 Amperis) a 10 hores, carregant en mode 2 o des de carregadors port\u00e0tils.<\/li>\n<li>El c\u00e0lcul del cost aproximat de recarregar un Kia Soul el\u00e8ctric dependr\u00e0 sempre de la tarifa contractada a la vivenda; no obstant aix\u00f2, aproximant, el cost seria de 1.2 \u20ac en una tarifa est\u00e0ndard (0,13 \u20ac\/KW) i de 0.60 \u20ac en una tarifa nocturna (0.06\u20ac\/kW).<\/li>\n<li>El KIA SOUL el\u00e8ctric disposa d&#8217;una autonomia de 212 km. amb una c\u00e0rrega completa gr\u00e0cies a la seva capacitat de bateria de 27 kwh.<\/li>\n<\/ul>\n<p><strong>&nbsp;<\/strong><strong>Nissan Leaf el\u00e8ctric.<\/strong><\/p>\n<ul>\n<li>El NISSAN LEAF disposa d&#8217;un connector de Tipus 1 (Cable SAE J1772).<\/li>\n<li>El temps de rec\u00e0rrega per Nissan Leaf dependr\u00e0 de la capacitat de c\u00e0rrega de la bateria del nostre Nissan Leaf, el temps de c\u00e0rrega completa en un punt de rec\u00e0rrega de mode 2 pot oscil\u00b7lar entre 11 i 13 hores. En un punt de rec\u00e0rrega de tipus 3 amb una presa trif\u00e0sica, el temps de rec\u00e0rrega completa disminueix a 4-7 hores.<\/li>\n<li>Cost de Rec\u00e0rrega NISSAN LEAF. El c\u00e0lcul del cost aproximat de recarregar un NISSAN LEAF dependr\u00e0 sempre de la tarifa contractada a la teva vivenda; no obstant aix\u00f2, aproximant, el cost seria de 0.8 \u20ac en una tarifa est\u00e0ndard (0,13 \u20ac\/KW) i de 0.4\u20ac en una tarifa nocturna (0.06\u20ac\/kW).<\/li>\n<li>Autonomia NISSAN LEAF. El NISSAN LEAF disposa d&#8217;una autonomia de fins a 278 km. gr\u00e0cies a la seva capacitat de c\u00e0rrega de (de 24 a 40 kmh.)<\/li>\n<\/ul>\n<p><strong>&nbsp;<\/strong><strong>Nissan e-NV200 EVALIA el\u00e8ctric.<\/strong><\/p>\n<ul>\n<li>El NISSAN e-NV200 EVALIA disposa d&#8217;un connector de Tipus 1 (Cable SAE J1772).<\/li>\n<li>El temps total de rec\u00e0rrega de la Nissan e-NV200 EVALIA \u00e9s d&#8217;unes 8 hores carregant a 32A en monof\u00e0sic; i d&#8217;unes 4 hores carregant amb presa trif\u00e0sica.<\/li>\n<li>Cost de Rec\u00e0rrega NISSAN e-NV200 EVALIA. El c\u00e0lcul del cost aproximat de recarregar un Nissan e-NV200 EVALIA dependr\u00e0 sempre de la tarifa contractada a la vivenda; no obstant aix\u00f2, aproximant, el cost seria de 0.8 \u20ac en una tarifa est\u00e0ndard (0,13 \u20ac\/KW) i de 0.4\u20ac en una tarifa nocturna (0.06\u20ac\/kW).<\/li>\n<li>El Nissan e-NV200 EVALIA disposa d&#8217;una autonomia de 170 km.<\/li>\n<\/ul>\n<p><strong>Mitsubishi I-MIEV el\u00e8ctric.<\/strong><\/p>\n<ul>\n<li>El MITSUBISHI I-MIEV disposa d&#8217;un connector que \u00e9s conegut com el Tipus 2 (tamb\u00e9 anomenat Mennekes \u2013 IEC 62196 \u2013 Camale\u00f3).<\/li>\n<li>Temps de Rec\u00e0rrega MITSUBISHI I-MIEV. El MITSUBISHI I-MIEV realitza una c\u00e0rrega completa de la seva bateria de capacitat 16 kwh en 8 hores (c\u00e0rrega en mode 2 monof\u00e0sica, 10A).<\/li>\n<li>Cost de Rec\u00e0rrega MITSUBISHI I-MIEV. El c\u00e0lcul del cost aproximat de recarregar un MITSUBISHI I-MIEV dependr\u00e0 sempre de la tarifa contractada a la vivenda; no obstant aix\u00f2, aproximant, el cost seria de 0.8 \u20ac en una tarifa est\u00e0ndard (0,13 \u20ac\/KW) i de 0.4\u20ac en una tarifa nocturna (0.06\u20ac\/kW).<\/li>\n<li>Autonomia MITSUBISHI I-MIEV. El MITSUBISHI I-MIEV t\u00e9 una bateria de 16kwh., la qual li d\u00f3na una autonomia d&#8217;uns 160 km.<\/li>\n<\/ul>\n<p><strong>Peugeot iON el\u00e8ctric.<\/strong><\/p>\n<ul>\n<li>El PEUGEOT ION disposa d&#8217;un connector de Tipus 1 (Cable SAE J1772).<\/li>\n<li>El Peugeot iON realitza una c\u00e0rrega completa de la bateria en un per\u00edode de 6 a 11 hores en una presa monof\u00e0sica de 8A \u2013 14 A.<\/li>\n<li>El c\u00e0lcul del cost aproximat de recarregar un PEUGEOT ION dependr\u00e0 sempre de la tarifa contractada a la vivenda; no obstant aix\u00f2, aproximant, el cost seria de 1.20 \u20ac en una tarifa est\u00e0ndard (0,13 \u20ac\/KW) i de 0.60 \u20ac en una tarifa nocturna (0.06\u20ac\/kW).<\/li>\n<li>El PEUGEOT ION disposa d&#8217;una bateria que permet fins a 167 km. d&#8217;autonomia.<\/li>\n<\/ul>\n<p><strong>Citro\u00ebn C-Zero El\u00e8ctric.<\/strong><\/p>\n<ul>\n<li>El CITRO\u00cbN C-ZERO disposa d&#8217;un connector del Tipus 1 (Cable SAE J1772).<\/li>\n<li>La pot\u00e8ncia de rec\u00e0rrega del CITRO\u00cbN C-ZERO permet una c\u00e0rrega completa en 6 hores en mode 3 (230V a 16A) i una rec\u00e0rrega del 80% en 30 minuts en mode 4 (c\u00e0rrega r\u00e0pida en postes p\u00fablics a 400V \/ 32 Amperis).<\/li>\n<li>Cost de Rec\u00e0rrega un CITRO\u00cbN C-ZERO. El c\u00e0lcul del cost aproximat de recarregar un CITRO\u00cbN C-ZERO dependr\u00e0 sempre de la tarifa contractada a la teva vivenda; no obstant aix\u00f2, aproximant, el cost seria de 0.80 \u20ac en una tarifa est\u00e0ndard (0,13 \u20ac\/KW) i de 0.40 \u20ac en una tarifa nocturna (0.06\u20ac\/kW).<\/li>\n<li>Autonomia CITRO\u00cbN C-ZERO. El CITRO\u00cbN C ZERO disposa d&#8217;una autonomia de 150 km., la qual suposa un ampli marge per als trajectes urbans o interurbans diaris.<\/li>\n<\/ul>\n<p><strong>CITRO\u00cbN E-BERLINGO el\u00e8ctric.<\/strong><\/p>\n<ul>\n<li>El CITRO\u00cbN E-BERLINGO disposa d&#8217;un connector del Tipus 1 (Cable SAE J1772 \u2013 Yakazi).<\/li>\n<li>El Citro\u00ebn E Berlingo pot realitzar una c\u00e0rrega completa en 8 hores amb una instal\u00b7laci\u00f3 de mode 3 (7.7kW, presa trif\u00e0sica) o en 11 hores amb un punt de rec\u00e0rrega en mode 2 (2.2 KW, presa monof\u00e0sica). El temps de rec\u00e0rrega final dependr\u00e0 de la combinaci\u00f3 dels diferents factors: capacitat del cotxe, caracter\u00edstiques de la instal\u00b7laci\u00f3, tipus de presa, etc.<\/li>\n<li>El c\u00e0lcul del cost aproximat de recarregar un CITRO\u00cbN E-BERLINGO el\u00e8ctric dependr\u00e0 sempre de la tarifa contractada a la teva vivenda; no obstant aix\u00f2, aproximant, el cost seria de 0.80 \u20ac en una tarifa est\u00e0ndard (0,13 \u20ac\/KW) i de 0.40 \u20ac en una tarifa nocturna (0.06\u20ac\/kW).<\/li>\n<li>El CITRO\u00cbN E-BERLINGO disposa d&#8217;una autonomia de 150 km., la qual suposa un ampli marge per a trajectes urbans i interurbans diaris.<\/li>\n<\/ul>\n<p><strong>Ford Focus El\u00e8ctric.<\/strong><\/p>\n<ul>\n<li>El Ford Focus El\u00e8ctric disposa d&#8217;un connector de Tipus 1 (cable SAE J1772).<\/li>\n<li>El Ford Focus el\u00e8ctric permet recarregar a 6.6kW en corrent cont\u00ednua a 120V i 240V. Tamb\u00e9 permet la c\u00e0rrega r\u00e0pida en Corrent Cont\u00ednua.<\/li>\n<li>El c\u00e0lcul del cost estimat de rec\u00e0rrega d&#8217;un Ford Focus el\u00e8ctric dependr\u00e0 sempre de la tarifa contractada a la vivenda; no obstant aix\u00f2, aproximant, el cost seria de 1 \u20ac en una tarifa est\u00e0ndard (0,13 \u20ac\/KW) i de 0.60 \u20ac en una tarifa nocturna (0.06\u20ac\/kW).<\/li>\n<li>La bateria del Ford Focus el\u00e8ctric t\u00e9 una capacitat de 35 kWh., la qual suposa una autonomia d&#8217;uns 160 km. en trajectes urbans.<\/li>\n<\/ul>\n<p><strong>Hyundai IONIQ el\u00e8ctric.<\/strong><\/p>\n<ul>\n<li>El Hyundai IONIQ disposa d&#8217;un connector del Tipus 2 (Mennekes \u2013 IEC 62196 \u2013 Camale\u00f3).<\/li>\n<li>El temps de c\u00e0rrega del Hyundai IONIQ el\u00e8ctric ser\u00e0 d&#8217;unes 12 hores en el mode 2 de rec\u00e0rrega i d&#8217;unes 4 hores i mitja en mode 3 en c\u00e0rrega trif\u00e0sica.<\/li>\n<li>El c\u00e0lcul del cost aproximat de recarregar un Hyundai IONIQ dependr\u00e0 sempre de la tarifa contractada a la vivenda; no obstant aix\u00f2, aproximant, el cost seria de 0.8 \u20ac en una tarifa est\u00e0ndard (0,13 \u20ac\/KW) i de 0.4\u20ac en una tarifa nocturna (0.06\u20ac\/kW).<\/li>\n<li>El Hyundai IONIQ disposa d&#8217;una bateria que fa fins a 280 km. i una capacitat de c\u00e0rrega de 28kwh.<\/li>\n<\/ul>\n<p>En un pr\u00f2xim article ampliarem la informaci\u00f3 sobre els<a href=\"https:\/\/www.v2charge.com\/ca\/punto-recarga-coche-electrico-elegir-empresa-ca\/\"> punts de rec\u00e0rrega de cotxes el\u00e8ctrics segons el model de cotxe el\u00e8ctric.<\/a><\/p>\n","protected":false},"excerpt":{"rendered":"<p>2018 \u00e9s l&#8217;any en qu\u00e8 la majoria de ciutats europees i aqu\u00ed a Espanya ciutats com Madrid i Barcelona posaran en pr\u00e0ctica els seus protocols de contaminaci\u00f3 a causa de l&#8217;increment de la contaminaci\u00f3. Aix\u00ed, les restriccions al tr\u00e0nsit de vehicles a les ciutats seran constants. No obstant aix\u00f2, els vehicles el\u00e8ctrics quedaran exempts d&#8217;aquestes &#8230; <a title=\"Quin punt de rec\u00e0rrega per a cotxe el\u00e8ctric triar per a la teva empresa?\" class=\"read-more\" href=\"https:\/\/v2charge.com\/ca\/punto-recarga-coche-electrico-elegir-empresa-ca\/\" aria-label=\"M\u00e9s informaci\u00f3 sobre Quin punt de rec\u00e0rrega per a cotxe el\u00e8ctric triar per a la teva empresa?\">Llegiu m\u00e9s<\/a><\/p>\n","protected":false},"author":1,"featured_media":63975,"comment_status":"closed","ping_status":"closed","sticky":false,"template":"","format":"standard","meta":{"_eb_attr":"","content-type":"","_uag_custom_page_level_css":"","footnotes":""},"categories":[],"tags":[],"class_list":["post-309858","post","type-post","status-publish","format-standard","has-post-thumbnail","hentry"],"yoast_head":"<!-- This site is optimized with the Yoast SEO plugin v25.3.1 - https:\/\/yoast.com\/wordpress\/plugins\/seo\/ -->\n<title>Punts de rec\u00e0rrega per a cotxes el\u00e8ctrics d&#039;empresa | V2C<\/title>\n<meta name=\"description\" content=\"Vols saber quin tipus de punt de rec\u00e0rrega per a cotxes el\u00e8ctrics necessita la teva empresa? En aquest article pots consultar el punt de rec\u00e0rrega per a cada vehicle el\u00e8ctric que vas a introduir a la teva empresa.\" \/>\n<meta name=\"robots\" content=\"index, follow, max-snippet:-1, max-image-preview:large, max-video-preview:-1\" \/>\n<link rel=\"canonical\" href=\"https:\/\/v2charge.com\/ca\/punto-recarga-coche-electrico-elegir-empresa-ca\/\" \/>\n<meta property=\"og:locale\" content=\"ca_ES\" \/>\n<meta property=\"og:type\" content=\"article\" \/>\n<meta property=\"og:title\" content=\"Punts de rec\u00e0rrega per a cotxes el\u00e8ctrics d&#039;empresa | V2C\" \/>\n<meta property=\"og:description\" content=\"Vols saber quin tipus de punt de rec\u00e0rrega per a cotxes el\u00e8ctrics necessita la teva empresa? En aquest article pots consultar el punt de rec\u00e0rrega per a cada vehicle el\u00e8ctric que vas a introduir a la teva empresa.\" \/>\n<meta property=\"og:url\" content=\"https:\/\/v2charge.com\/ca\/punto-recarga-coche-electrico-elegir-empresa-ca\/\" \/>\n<meta property=\"og:site_name\" content=\"V2C\" \/>\n<meta property=\"article:publisher\" content=\"https:\/\/www.facebook.com\/V2C.Charge\" \/>\n<meta property=\"article:published_time\" content=\"2018-03-14T17:07:24+00:00\" \/>\n<meta property=\"article:modified_time\" content=\"2023-05-31T08:27:24+00:00\" \/>\n<meta property=\"og:image\" content=\"https:\/\/v2charge.com\/wp-content\/uploads\/2018\/03\/Citroen-E-Berlingo-empresa-1.jpg\" \/>\n\t<meta property=\"og:image:width\" content=\"380\" \/>\n\t<meta property=\"og:image:height\" content=\"366\" \/>\n\t<meta property=\"og:image:type\" content=\"image\/jpeg\" \/>\n<meta name=\"author\" content=\"V2C\" \/>\n<meta name=\"twitter:card\" content=\"summary_large_image\" \/>\n<meta name=\"twitter:creator\" content=\"@V2C_Charge\" \/>\n<meta name=\"twitter:site\" content=\"@V2C_Charge\" \/>\n<meta name=\"twitter:label1\" content=\"Escrit per\" \/>\n\t<meta name=\"twitter:data1\" content=\"V2C\" \/>\n\t<meta name=\"twitter:label2\" content=\"Temps estimat de lectura\" \/>\n\t<meta name=\"twitter:data2\" content=\"7 minuts\" \/>\n<script type=\"application\/ld+json\" class=\"yoast-schema-graph\">{\"@context\":\"https:\/\/schema.org\",\"@graph\":[{\"@type\":\"Article\",\"@id\":\"https:\/\/v2charge.com\/ca\/punto-recarga-coche-electrico-elegir-empresa-ca\/#article\",\"isPartOf\":{\"@id\":\"https:\/\/v2charge.com\/ca\/punto-recarga-coche-electrico-elegir-empresa-ca\/\"},\"author\":{\"name\":\"V2C\",\"@id\":\"https:\/\/v2charge.com\/ca\/#\/schema\/person\/f29e67a85380accce2b8b9139c993f42\"},\"headline\":\"Quin punt de rec\u00e0rrega per a cotxe el\u00e8ctric triar per a la teva empresa?\",\"datePublished\":\"2018-03-14T17:07:24+00:00\",\"dateModified\":\"2023-05-31T08:27:24+00:00\",\"mainEntityOfPage\":{\"@id\":\"https:\/\/v2charge.com\/ca\/punto-recarga-coche-electrico-elegir-empresa-ca\/\"},\"wordCount\":1512,\"publisher\":{\"@id\":\"https:\/\/v2charge.com\/ca\/#organization\"},\"image\":{\"@id\":\"https:\/\/v2charge.com\/ca\/punto-recarga-coche-electrico-elegir-empresa-ca\/#primaryimage\"},\"thumbnailUrl\":\"https:\/\/v2charge.com\/wp-content\/uploads\/2018\/03\/Citroen-E-Berlingo-empresa-1.jpg\",\"inLanguage\":\"ca\"},{\"@type\":\"WebPage\",\"@id\":\"https:\/\/v2charge.com\/ca\/punto-recarga-coche-electrico-elegir-empresa-ca\/\",\"url\":\"https:\/\/v2charge.com\/ca\/punto-recarga-coche-electrico-elegir-empresa-ca\/\",\"name\":\"Punts de rec\u00e0rrega per a cotxes el\u00e8ctrics d'empresa | V2C\",\"isPartOf\":{\"@id\":\"https:\/\/v2charge.com\/ca\/#website\"},\"primaryImageOfPage\":{\"@id\":\"https:\/\/v2charge.com\/ca\/punto-recarga-coche-electrico-elegir-empresa-ca\/#primaryimage\"},\"image\":{\"@id\":\"https:\/\/v2charge.com\/ca\/punto-recarga-coche-electrico-elegir-empresa-ca\/#primaryimage\"},\"thumbnailUrl\":\"https:\/\/v2charge.com\/wp-content\/uploads\/2018\/03\/Citroen-E-Berlingo-empresa-1.jpg\",\"datePublished\":\"2018-03-14T17:07:24+00:00\",\"dateModified\":\"2023-05-31T08:27:24+00:00\",\"description\":\"Vols saber quin tipus de punt de rec\u00e0rrega per a cotxes el\u00e8ctrics necessita la teva empresa? En aquest article pots consultar el punt de rec\u00e0rrega per a cada vehicle el\u00e8ctric que vas a introduir a la teva empresa.\",\"breadcrumb\":{\"@id\":\"https:\/\/v2charge.com\/ca\/punto-recarga-coche-electrico-elegir-empresa-ca\/#breadcrumb\"},\"inLanguage\":\"ca\",\"potentialAction\":[{\"@type\":\"ReadAction\",\"target\":[\"https:\/\/v2charge.com\/ca\/punto-recarga-coche-electrico-elegir-empresa-ca\/\"]}]},{\"@type\":\"ImageObject\",\"inLanguage\":\"ca\",\"@id\":\"https:\/\/v2charge.com\/ca\/punto-recarga-coche-electrico-elegir-empresa-ca\/#primaryimage\",\"url\":\"https:\/\/v2charge.com\/wp-content\/uploads\/2018\/03\/Citroen-E-Berlingo-empresa-1.jpg\",\"contentUrl\":\"https:\/\/v2charge.com\/wp-content\/uploads\/2018\/03\/Citroen-E-Berlingo-empresa-1.jpg\",\"width\":380,\"height\":366},{\"@type\":\"BreadcrumbList\",\"@id\":\"https:\/\/v2charge.com\/ca\/punto-recarga-coche-electrico-elegir-empresa-ca\/#breadcrumb\",\"itemListElement\":[{\"@type\":\"ListItem\",\"position\":1,\"name\":\"V2C\",\"item\":\"https:\/\/v2charge.com\/ca\/\"},{\"@type\":\"ListItem\",\"position\":2,\"name\":\"Quin punt de rec\u00e0rrega per a cotxe el\u00e8ctric triar per a la teva empresa?\"}]},{\"@type\":\"WebSite\",\"@id\":\"https:\/\/v2charge.com\/ca\/#website\",\"url\":\"https:\/\/v2charge.com\/ca\/\",\"name\":\"V2C\",\"description\":\"#CargandoElMa\u00f1ana\",\"publisher\":{\"@id\":\"https:\/\/v2charge.com\/ca\/#organization\"},\"potentialAction\":[{\"@type\":\"SearchAction\",\"target\":{\"@type\":\"EntryPoint\",\"urlTemplate\":\"https:\/\/v2charge.com\/ca\/?s={search_term_string}\"},\"query-input\":{\"@type\":\"PropertyValueSpecification\",\"valueRequired\":true,\"valueName\":\"search_term_string\"}}],\"inLanguage\":\"ca\"},{\"@type\":\"Organization\",\"@id\":\"https:\/\/v2charge.com\/ca\/#organization\",\"name\":\"V2C\",\"url\":\"https:\/\/v2charge.com\/ca\/\",\"logo\":{\"@type\":\"ImageObject\",\"inLanguage\":\"ca\",\"@id\":\"https:\/\/v2charge.com\/ca\/#\/schema\/logo\/image\/\",\"url\":\"https:\/\/v2charge.com\/wp-content\/uploads\/2024\/11\/cropped-v2c-charge-logo-menu.png\",\"contentUrl\":\"https:\/\/v2charge.com\/wp-content\/uploads\/2024\/11\/cropped-v2c-charge-logo-menu.png\",\"width\":984,\"height\":431,\"caption\":\"V2C\"},\"image\":{\"@id\":\"https:\/\/v2charge.com\/ca\/#\/schema\/logo\/image\/\"},\"sameAs\":[\"https:\/\/www.facebook.com\/V2C.Charge\",\"https:\/\/x.com\/V2C_Charge\",\"https:\/\/www.instagram.com\/v2c.charge\/\",\"https:\/\/www.youtube.com\/@V2C\",\"https:\/\/www.linkedin.com\/company\/v2c-chargers\/\"]},{\"@type\":\"Person\",\"@id\":\"https:\/\/v2charge.com\/ca\/#\/schema\/person\/f29e67a85380accce2b8b9139c993f42\",\"name\":\"V2C\",\"image\":{\"@type\":\"ImageObject\",\"inLanguage\":\"ca\",\"@id\":\"https:\/\/v2charge.com\/ca\/#\/schema\/person\/image\/\",\"url\":\"https:\/\/secure.gravatar.com\/avatar\/6b569efe71f377f865d3c6d7d046c620e6ecf71400555f6ac3a8d31ade20562b?s=96&d=mm&r=g\",\"contentUrl\":\"https:\/\/secure.gravatar.com\/avatar\/6b569efe71f377f865d3c6d7d046c620e6ecf71400555f6ac3a8d31ade20562b?s=96&d=mm&r=g\",\"caption\":\"V2C\"}}]}<\/script>\n<!-- \/ Yoast SEO plugin. -->","yoast_head_json":{"title":"Punts de rec\u00e0rrega per a cotxes el\u00e8ctrics d'empresa | V2C","description":"Vols saber quin tipus de punt de rec\u00e0rrega per a cotxes el\u00e8ctrics necessita la teva empresa? En aquest article pots consultar el punt de rec\u00e0rrega per a cada vehicle el\u00e8ctric que vas a introduir a la teva empresa.","robots":{"index":"index","follow":"follow","max-snippet":"max-snippet:-1","max-image-preview":"max-image-preview:large","max-video-preview":"max-video-preview:-1"},"canonical":"https:\/\/v2charge.com\/ca\/punto-recarga-coche-electrico-elegir-empresa-ca\/","og_locale":"ca_ES","og_type":"article","og_title":"Punts de rec\u00e0rrega per a cotxes el\u00e8ctrics d'empresa | V2C","og_description":"Vols saber quin tipus de punt de rec\u00e0rrega per a cotxes el\u00e8ctrics necessita la teva empresa? En aquest article pots consultar el punt de rec\u00e0rrega per a cada vehicle el\u00e8ctric que vas a introduir a la teva empresa.","og_url":"https:\/\/v2charge.com\/ca\/punto-recarga-coche-electrico-elegir-empresa-ca\/","og_site_name":"V2C","article_publisher":"https:\/\/www.facebook.com\/V2C.Charge","article_published_time":"2018-03-14T17:07:24+00:00","article_modified_time":"2023-05-31T08:27:24+00:00","og_image":[{"width":380,"height":366,"url":"https:\/\/v2charge.com\/wp-content\/uploads\/2018\/03\/Citroen-E-Berlingo-empresa-1.jpg","type":"image\/jpeg"}],"author":"V2C","twitter_card":"summary_large_image","twitter_creator":"@V2C_Charge","twitter_site":"@V2C_Charge","twitter_misc":{"Escrit per":"V2C","Temps estimat de lectura":"7 minuts"},"schema":{"@context":"https:\/\/schema.org","@graph":[{"@type":"Article","@id":"https:\/\/v2charge.com\/ca\/punto-recarga-coche-electrico-elegir-empresa-ca\/#article","isPartOf":{"@id":"https:\/\/v2charge.com\/ca\/punto-recarga-coche-electrico-elegir-empresa-ca\/"},"author":{"name":"V2C","@id":"https:\/\/v2charge.com\/ca\/#\/schema\/person\/f29e67a85380accce2b8b9139c993f42"},"headline":"Quin punt de rec\u00e0rrega per a cotxe el\u00e8ctric triar per a la teva empresa?","datePublished":"2018-03-14T17:07:24+00:00","dateModified":"2023-05-31T08:27:24+00:00","mainEntityOfPage":{"@id":"https:\/\/v2charge.com\/ca\/punto-recarga-coche-electrico-elegir-empresa-ca\/"},"wordCount":1512,"publisher":{"@id":"https:\/\/v2charge.com\/ca\/#organization"},"image":{"@id":"https:\/\/v2charge.com\/ca\/punto-recarga-coche-electrico-elegir-empresa-ca\/#primaryimage"},"thumbnailUrl":"https:\/\/v2charge.com\/wp-content\/uploads\/2018\/03\/Citroen-E-Berlingo-empresa-1.jpg","inLanguage":"ca"},{"@type":"WebPage","@id":"https:\/\/v2charge.com\/ca\/punto-recarga-coche-electrico-elegir-empresa-ca\/","url":"https:\/\/v2charge.com\/ca\/punto-recarga-coche-electrico-elegir-empresa-ca\/","name":"Punts de rec\u00e0rrega per a cotxes el\u00e8ctrics d'empresa | V2C","isPartOf":{"@id":"https:\/\/v2charge.com\/ca\/#website"},"primaryImageOfPage":{"@id":"https:\/\/v2charge.com\/ca\/punto-recarga-coche-electrico-elegir-empresa-ca\/#primaryimage"},"image":{"@id":"https:\/\/v2charge.com\/ca\/punto-recarga-coche-electrico-elegir-empresa-ca\/#primaryimage"},"thumbnailUrl":"https:\/\/v2charge.com\/wp-content\/uploads\/2018\/03\/Citroen-E-Berlingo-empresa-1.jpg","datePublished":"2018-03-14T17:07:24+00:00","dateModified":"2023-05-31T08:27:24+00:00","description":"Vols saber quin tipus de punt de rec\u00e0rrega per a cotxes el\u00e8ctrics necessita la teva empresa? En aquest article pots consultar el punt de rec\u00e0rrega per a cada vehicle el\u00e8ctric que vas a introduir a la teva empresa.","breadcrumb":{"@id":"https:\/\/v2charge.com\/ca\/punto-recarga-coche-electrico-elegir-empresa-ca\/#breadcrumb"},"inLanguage":"ca","potentialAction":[{"@type":"ReadAction","target":["https:\/\/v2charge.com\/ca\/punto-recarga-coche-electrico-elegir-empresa-ca\/"]}]},{"@type":"ImageObject","inLanguage":"ca","@id":"https:\/\/v2charge.com\/ca\/punto-recarga-coche-electrico-elegir-empresa-ca\/#primaryimage","url":"https:\/\/v2charge.com\/wp-content\/uploads\/2018\/03\/Citroen-E-Berlingo-empresa-1.jpg","contentUrl":"https:\/\/v2charge.com\/wp-content\/uploads\/2018\/03\/Citroen-E-Berlingo-empresa-1.jpg","width":380,"height":366},{"@type":"BreadcrumbList","@id":"https:\/\/v2charge.com\/ca\/punto-recarga-coche-electrico-elegir-empresa-ca\/#breadcrumb","itemListElement":[{"@type":"ListItem","position":1,"name":"V2C","item":"https:\/\/v2charge.com\/ca\/"},{"@type":"ListItem","position":2,"name":"Quin punt de rec\u00e0rrega per a cotxe el\u00e8ctric triar per a la teva empresa?"}]},{"@type":"WebSite","@id":"https:\/\/v2charge.com\/ca\/#website","url":"https:\/\/v2charge.com\/ca\/","name":"V2C","description":"#CargandoElMa\u00f1ana","publisher":{"@id":"https:\/\/v2charge.com\/ca\/#organization"},"potentialAction":[{"@type":"SearchAction","target":{"@type":"EntryPoint","urlTemplate":"https:\/\/v2charge.com\/ca\/?s={search_term_string}"},"query-input":{"@type":"PropertyValueSpecification","valueRequired":true,"valueName":"search_term_string"}}],"inLanguage":"ca"},{"@type":"Organization","@id":"https:\/\/v2charge.com\/ca\/#organization","name":"V2C","url":"https:\/\/v2charge.com\/ca\/","logo":{"@type":"ImageObject","inLanguage":"ca","@id":"https:\/\/v2charge.com\/ca\/#\/schema\/logo\/image\/","url":"https:\/\/v2charge.com\/wp-content\/uploads\/2024\/11\/cropped-v2c-charge-logo-menu.png","contentUrl":"https:\/\/v2charge.com\/wp-content\/uploads\/2024\/11\/cropped-v2c-charge-logo-menu.png","width":984,"height":431,"caption":"V2C"},"image":{"@id":"https:\/\/v2charge.com\/ca\/#\/schema\/logo\/image\/"},"sameAs":["https:\/\/www.facebook.com\/V2C.Charge","https:\/\/x.com\/V2C_Charge","https:\/\/www.instagram.com\/v2c.charge\/","https:\/\/www.youtube.com\/@V2C","https:\/\/www.linkedin.com\/company\/v2c-chargers\/"]},{"@type":"Person","@id":"https:\/\/v2charge.com\/ca\/#\/schema\/person\/f29e67a85380accce2b8b9139c993f42","name":"V2C","image":{"@type":"ImageObject","inLanguage":"ca","@id":"https:\/\/v2charge.com\/ca\/#\/schema\/person\/image\/","url":"https:\/\/secure.gravatar.com\/avatar\/6b569efe71f377f865d3c6d7d046c620e6ecf71400555f6ac3a8d31ade20562b?s=96&d=mm&r=g","contentUrl":"https:\/\/secure.gravatar.com\/avatar\/6b569efe71f377f865d3c6d7d046c620e6ecf71400555f6ac3a8d31ade20562b?s=96&d=mm&r=g","caption":"V2C"}}]}},"uagb_featured_image_src":{"full":["https:\/\/v2charge.com\/wp-content\/uploads\/2018\/03\/Citroen-E-Berlingo-empresa-1.jpg",380,366,false],"thumbnail":["https:\/\/v2charge.com\/wp-content\/uploads\/2018\/03\/Citroen-E-Berlingo-empresa-1-150x150.jpg",150,150,true],"medium":["https:\/\/v2charge.com\/wp-content\/uploads\/2018\/03\/Citroen-E-Berlingo-empresa-1-300x289.jpg",300,289,true],"medium_large":["https:\/\/v2charge.com\/wp-content\/uploads\/2018\/03\/Citroen-E-Berlingo-empresa-1.jpg",380,366,false],"large":["https:\/\/v2charge.com\/wp-content\/uploads\/2018\/03\/Citroen-E-Berlingo-empresa-1.jpg",380,366,false],"gs-tiny":["https:\/\/v2charge.com\/wp-content\/uploads\/2018\/03\/Citroen-E-Berlingo-empresa-1.jpg",50,48,false],"xl":["https:\/\/v2charge.com\/wp-content\/uploads\/2018\/03\/Citroen-E-Berlingo-empresa-1.jpg",380,366,false],"xxl":["https:\/\/v2charge.com\/wp-content\/uploads\/2018\/03\/Citroen-E-Berlingo-empresa-1.jpg",380,366,false],"xxxl":["https:\/\/v2charge.com\/wp-content\/uploads\/2018\/03\/Citroen-E-Berlingo-empresa-1.jpg",380,366,false],"xxxxl":["https:\/\/v2charge.com\/wp-content\/uploads\/2018\/03\/Citroen-E-Berlingo-empresa-1.jpg",380,366,false],"xxxxxl":["https:\/\/v2charge.com\/wp-content\/uploads\/2018\/03\/Citroen-E-Berlingo-empresa-1.jpg",380,366,false],"1536x1536":["https:\/\/v2charge.com\/wp-content\/uploads\/2018\/03\/Citroen-E-Berlingo-empresa-1.jpg",380,366,false],"2048x2048":["https:\/\/v2charge.com\/wp-content\/uploads\/2018\/03\/Citroen-E-Berlingo-empresa-1.jpg",380,366,false]},"uagb_author_info":{"display_name":"V2C","author_link":"https:\/\/v2charge.com\/ca\/author\/root_k4eu7ki8\/"},"uagb_comment_info":0,"uagb_excerpt":"2018 \u00e9s l&#8217;any en qu\u00e8 la majoria de ciutats europees i aqu\u00ed a Espanya ciutats com Madrid i Barcelona posaran en pr\u00e0ctica els seus protocols de contaminaci\u00f3 a causa de l&#8217;increment de la contaminaci\u00f3. Aix\u00ed, les restriccions al tr\u00e0nsit de vehicles a les ciutats seran constants. No obstant aix\u00f2, els vehicles el\u00e8ctrics quedaran exempts d&#8217;aquestes&hellip;","_links":{"self":[{"href":"https:\/\/v2charge.com\/ca\/wp-json\/wp\/v2\/posts\/309858","targetHints":{"allow":["GET"]}}],"collection":[{"href":"https:\/\/v2charge.com\/ca\/wp-json\/wp\/v2\/posts"}],"about":[{"href":"https:\/\/v2charge.com\/ca\/wp-json\/wp\/v2\/types\/post"}],"author":[{"embeddable":true,"href":"https:\/\/v2charge.com\/ca\/wp-json\/wp\/v2\/users\/1"}],"replies":[{"embeddable":true,"href":"https:\/\/v2charge.com\/ca\/wp-json\/wp\/v2\/comments?post=309858"}],"version-history":[{"count":0,"href":"https:\/\/v2charge.com\/ca\/wp-json\/wp\/v2\/posts\/309858\/revisions"}],"wp:featuredmedia":[{"embeddable":true,"href":"https:\/\/v2charge.com\/ca\/wp-json\/wp\/v2\/media\/63975"}],"wp:attachment":[{"href":"https:\/\/v2charge.com\/ca\/wp-json\/wp\/v2\/media?parent=309858"}],"wp:term":[{"taxonomy":"category","embeddable":true,"href":"https:\/\/v2charge.com\/ca\/wp-json\/wp\/v2\/categories?post=309858"},{"taxonomy":"post_tag","embeddable":true,"href":"https:\/\/v2charge.com\/ca\/wp-json\/wp\/v2\/tags?post=309858"}],"curies":[{"name":"wp","href":"https:\/\/api.w.org\/{rel}","templated":true}]}}