{"id":309866,"date":"2018-03-29T09:23:14","date_gmt":"2018-03-29T09:23:14","guid":{"rendered":""},"modified":"2023-07-19T07:19:46","modified_gmt":"2023-07-19T07:19:46","slug":"esta-la-ciutat-de-madrid-preparada-per-al-cotxe-electric","status":"publish","type":"post","link":"https:\/\/v2charge.com\/ca\/esta-la-ciutat-de-madrid-preparada-per-al-cotxe-electric\/","title":{"rendered":"Est\u00e0 la ciutat de Madrid preparada per al cotxe el\u00e8ctric?"},"content":{"rendered":"<p>Madrid \u00e9s una de les ciutats espanyoles que activa protocols anticontaminaci\u00f3 quan es superen els nivells de contaminaci\u00f3. L&#8217;Ajuntament de Madrid considera que la contaminaci\u00f3 \u00e9s un seri\u00f3s problema per a la salut p\u00fablica per ser un agent causant de malalties. La ciutat realitza un seguiment dels nivells de contaminaci\u00f3 on si dues estacions superen els nivells de NO2 durant un temps establert s&#8217;activen els escenaris en el protocol i els haur\u00e0 de comunicar 24 hores abans perqu\u00e8 els ciutadans compleixin les restriccions de circulaci\u00f3.<\/p>\n<h2>Quins escenaris aplica la ciutat de Madrid quan activa el protocol anticontaminaci\u00f3?<\/h2>\n<h3>Escenari 1<\/h3>\n<ul>\n<li>Mesures: Limitaci\u00f3 a 70km\/h a la M30 i als accessos.<\/li>\n<li>Excepcions: Cap<\/li>\n<\/ul>\n<h3>Escenari 2.<\/h3>\n<ul>\n<li>Mesures: Es prohibeix aparcar a les places SER als vehicles no residents.<\/li>\n<li>Excepcions:<\/li>\n<li>Residents al seu barri.<\/li>\n<ul>\n<li>Petits aut\u00f2noms certificats en el S.E.R.<\/li>\n<li>Persones amb mobilitat redu\u00efda.<\/li>\n<li>Vehicles \u201czero emissions\u201d.<\/li>\n<\/ul>\n<\/ul>\n<h3>Escenari 3.<\/h3>\n<ul>\n<li>Mesures: Es permet circular als vehicles de matr\u00edcula parell els dies parells i matr\u00edcula senar els senars a l&#8217;interior de la M30.<\/li>\n<li>Excepcions:<\/li>\n<ul>\n<li>Motocicletes, tricicles, ciclomotors i bicicletes.<\/li>\n<li>Transports p\u00fablics col\u00b7lectius,<\/li>\n<li>Vehicles amb 3 o m\u00e9s passatgers,<\/li>\n<li>Vehicles nets.<\/li>\n<\/ul>\n<\/ul>\n<h3>Escenari 4.<\/h3>\n<ul>\n<li>Mesures: Es limita el 50% de la circulaci\u00f3 a l&#8217;interior de la M30 i a la M30.<\/li>\n<li>Excepcions:<\/li>\n<ul>\n<li>Taxis amb passatgers, eco taxis,<\/li>\n<li>Motocicletes, tricicles, ciclomotors i bicicletes.<\/li>\n<li>Transports p\u00fablics col\u00b7lectius,<\/li>\n<li>Vehicles amb 3 o m\u00e9s passatgers,<\/li>\n<li>Vehicles nets.<\/li>\n<\/ul>\n<\/ul>\n<p>Davant d&#8217;aquestes restriccions al tr\u00e0nsit s\u00f3n molts els madrilenys que es plantegen comprar un vehicle el\u00e8ctric per realitzar els seus despla\u00e7aments. A Madrid els usuaris del cotxe el\u00e8ctric augmenten, l&#8217;\u00fas que es fa del cotxe el\u00e8ctric a Madrid \u00e9s variat, des de fam\u00edlies fins a empreses, un p\u00fablic per tant ampli i variat.<\/p>\n<h2>Per qu\u00e8 els diferents p\u00fablics han arribat a plantejar-se comprar un cotxe el\u00e8ctric?<\/h2>\n<p>Els diferents usuaris es plantegen el tipus d&#8217;\u00fas que faran del vehicle el\u00e8ctric i si l&#8217;autonomia de les bateries permetria cobrir les seves necessitats di\u00e0ries. A ciutats com Madrid, la majoria dels despla\u00e7aments dels habitants es realitzen dins de la mateixa ciutat, els despla\u00e7aments urbans a Madrid suposen un 77% del total. Els despla\u00e7aments privats solen ser despla\u00e7aments a la feina o compres, aquests despla\u00e7aments no solen superar els 36 minuts de mitjana a Espanya. Davant d&#8217;aquests dades podem considerar que el vehicle el\u00e8ctric cobriria les nostres necessitats de despla\u00e7ament si vivim en una gran ciutat.<\/p>\n<h2>Ens compensa canviar a un vehicle el\u00e8ctric si vivim a Madrid?<\/h2>\n<p>Per respondre a aquesta pregunta hem de considerar no nom\u00e9s el cost d&#8217;adquisici\u00f3 del vehicle sin\u00f3 que hem de tenir en compte altres costos com els impostos de matriculaci\u00f3 i circulaci\u00f3, el consum de combustible, el manteniment, el cost d&#8217;aparcament a la via p\u00fablica, etc.<\/p>\n<p>La ciutat de Madrid permet als conductors de vehicles el\u00e8ctrics, tant cotxes el\u00e8ctrics com furgonetes el\u00e8ctriques, circular pel centre de les ciutats malgrat estar activat el protocol anticontaminaci\u00f3 i a m\u00e9s permet aparcar a zones SER de forma gratu\u00efta. Aquestes avantatges fan que cada vegada sigui m\u00e9s atractiva la idea d&#8217;adquirir un vehicle el\u00e8ctric tant per gaudir de despla\u00e7aments en fam\u00edlia com per realitzar despla\u00e7aments per motius de feina.<\/p>\n<h2>Poden els vehicles el\u00e8ctrics aparcar a la zona S.E.R?<\/h2>\n<p>S\u00ed. Els vehicles el\u00e8ctrics estan exempts de les limitacions del Servei d&#8217;Estacionament Regulada i poden aparcar a la zona del S.E.R. disposant de l&#8217;Autoritzaci\u00f3 Zero Emissions, sense necessitat d&#8217;obtenir el tiquet d&#8217;aparcament.<\/p>\n<h2>Poden els vehicles el\u00e8ctrics circular pel carril bus?<\/h2>\n<p>No, el transport p\u00fablic \u00e9s prioritari per a la mobilitat de la Ciutat de Madrid i els vehicles el\u00e8ctrics, tenint avantatges importants respecte als vehicles de combusti\u00f3, no les tenen davant del transport col\u00b7lectiu.<\/p>\n<h2>Poden accedir a les \u00c0rees de Prioritat Residencial (APR) els vehicles el\u00e8ctrics?<\/h2>\n<p>A partir de l&#8217;<strong>1 d&#8217;agost de 2015<\/strong> s&#8217;aplicaran uns <strong>nous criteris d&#8217;acc\u00e9s i funcionament<\/strong> a les \u00c0rees de Prioritat Residencial de Madrid (APR), aprovats mitjan\u00e7ant decret n\u00fam. 22 de 28 de gener de 2015 del Delegat de l&#8217;\u00c0rea de Govern de Medi Ambient i Mobilitat de l&#8217;Ajuntament de Madrid.<\/p>\n<p>Aquesta nova regulaci\u00f3 permet l&#8217;acc\u00e9s sense autoritzaci\u00f3 a aquestes zones, dels vehicles que no siguin de combusti\u00f3 interna (el\u00e8ctrics, de pila de combustible o d&#8217;emissions directes nul\u00b7les), els vehicles h\u00edbrids endollables i els vehicles el\u00e8ctrics de rang est\u00e8s, sempre que, pr\u00e8via sol\u00b7licitud, hagin obtingut l&#8217;autoritzaci\u00f3 corresponent d&#8217;estacionament del SER atorgada per l&#8217;Ajuntament de Madrid.<\/p>\n<h2>Es pot instal\u00b7lar un punt de rec\u00e0rrega en una pla\u00e7a d&#8217;aparcament a Madrid?<\/h2>\n<p>Amb la modificaci\u00f3 de la Llei de Propietat Horitzontal, el propietari d&#8217;una pla\u00e7a d&#8217;aparcament en una comunitat de ve\u00efns haur\u00e0 de notificar la instal\u00b7laci\u00f3 d&#8217;un punt de rec\u00e0rrega a la comunitat, si b\u00e9 no necessita la seva aprovaci\u00f3 en Junta. Per preservar les condicions de seguretat de la instal\u00b7laci\u00f3, recorre a empreses especialitzades.<\/p>\n<h2>Quants punts de rec\u00e0rrega p\u00fablica t\u00e9 la ciutat de Madrid?<\/h2>\n<p>Madrid nom\u00e9s compta amb <a href=\"https:\/\/www.v2charge.com\/ca\/punts-de-recarrega-per-a-cotxes-electrics-a-madrid\/\">24 punts p\u00fablics de rec\u00e0rrega de cotxes el\u00e8ctrics<\/a>. A la Comunitat de Madrid hi ha 324 punts de rec\u00e0rrega per cotxes el\u00e8ctrics, dels quals \u00fanicament 24 s\u00f3n p\u00fablics. Segons la Direcci\u00f3 General de Tr\u00e0nsit, a la regi\u00f3 hi ha registrats 5.313 vehicles d&#8217;aquestes caracter\u00edstiques, la qual cosa suposa un punt de rec\u00e0rrega per cada 16 cotxes i un p\u00fablic per cada 221. L&#8217;Ajuntament de Madrid s&#8217;ha comprom\u00e8s a instal\u00b7lar 15 punts m\u00e9s per al 2020.<\/p>\n<p>Davant d&#8217;aquests dades els professionals del sector s\u00f3n partidaris de la necessitat d&#8217;augmentar els punts de rec\u00e0rrega per cotxes el\u00e8ctrics a la ciutat de Madrid. De fet, la falta d&#8217;aquests punts de rec\u00e0rrega sol ser una barrera de compra del vehicle el\u00e8ctric.<\/p>\n<p>Els usuaris es veuen obligats a instal\u00b7lar-se <a href=\"https:\/\/www.v2charge.com\/ca\/punts-de-recarrega-de-cotxes-electrics-per-a-la-paret\/\">punts de rec\u00e0rrega a les seves cases o en garatges comunitaris.<\/a><\/p>\n","protected":false},"excerpt":{"rendered":"<p>Madrid \u00e9s una de les ciutats espanyoles que activa protocols anticontaminaci\u00f3 quan es superen els nivells de contaminaci\u00f3. L&#8217;Ajuntament de Madrid considera que la contaminaci\u00f3 \u00e9s un seri\u00f3s problema per a la salut p\u00fablica per ser un agent causant de malalties. La ciutat realitza un seguiment dels nivells de contaminaci\u00f3 on si dues estacions superen &#8230; <a title=\"Est\u00e0 la ciutat de Madrid preparada per al cotxe el\u00e8ctric?\" class=\"read-more\" href=\"https:\/\/v2charge.com\/ca\/esta-la-ciutat-de-madrid-preparada-per-al-cotxe-electric\/\" aria-label=\"M\u00e9s informaci\u00f3 sobre Est\u00e0 la ciutat de Madrid preparada per al cotxe el\u00e8ctric?\">Llegiu m\u00e9s<\/a><\/p>\n","protected":false},"author":1,"featured_media":63879,"comment_status":"closed","ping_status":"closed","sticky":false,"template":"","format":"standard","meta":{"_eb_attr":"","content-type":"","_uag_custom_page_level_css":"","footnotes":""},"categories":[],"tags":[],"class_list":["post-309866","post","type-post","status-publish","format-standard","has-post-thumbnail","hentry"],"yoast_head":"<!-- This site is optimized with the Yoast SEO plugin v25.3.1 - https:\/\/yoast.com\/wordpress\/plugins\/seo\/ -->\n<title>Est\u00e0 la ciutat de Madrid preparada per al cotxe el\u00e8ctric? - V2C<\/title>\n<meta name=\"description\" content=\"\u00bfEst\u00e0 Madrid preparada per a l&#039;arribada del cotxe el\u00e8ctric? Quines avantatges t\u00e9 circular amb cotxe el\u00e8ctric a la ciutat de Madrid? \u00c9s rendible per a les empreses comprar un cotxe el\u00e8ctric?\" \/>\n<meta name=\"robots\" content=\"index, follow, max-snippet:-1, max-image-preview:large, max-video-preview:-1\" \/>\n<link rel=\"canonical\" href=\"https:\/\/v2charge.com\/ca\/esta-la-ciutat-de-madrid-preparada-per-al-cotxe-electric\/\" \/>\n<meta property=\"og:locale\" content=\"ca_ES\" \/>\n<meta property=\"og:type\" content=\"article\" \/>\n<meta property=\"og:title\" content=\"Est\u00e0 la ciutat de Madrid preparada per al cotxe el\u00e8ctric? - V2C\" \/>\n<meta property=\"og:description\" content=\"\u00bfEst\u00e0 Madrid preparada per a l&#039;arribada del cotxe el\u00e8ctric? Quines avantatges t\u00e9 circular amb cotxe el\u00e8ctric a la ciutat de Madrid? \u00c9s rendible per a les empreses comprar un cotxe el\u00e8ctric?\" \/>\n<meta property=\"og:url\" content=\"https:\/\/v2charge.com\/ca\/esta-la-ciutat-de-madrid-preparada-per-al-cotxe-electric\/\" \/>\n<meta property=\"og:site_name\" content=\"V2C\" \/>\n<meta property=\"article:publisher\" content=\"https:\/\/www.facebook.com\/V2C.Charge\" \/>\n<meta property=\"article:published_time\" content=\"2018-03-29T09:23:14+00:00\" \/>\n<meta property=\"article:modified_time\" content=\"2023-07-19T07:19:46+00:00\" \/>\n<meta property=\"og:image\" content=\"https:\/\/v2charge.com\/wp-content\/uploads\/2018\/03\/coche-electrico-madrid-1.jpg\" \/>\n\t<meta property=\"og:image:width\" content=\"600\" \/>\n\t<meta property=\"og:image:height\" content=\"400\" \/>\n\t<meta property=\"og:image:type\" content=\"image\/jpeg\" \/>\n<meta name=\"author\" content=\"V2C\" \/>\n<meta name=\"twitter:card\" content=\"summary_large_image\" \/>\n<meta name=\"twitter:creator\" content=\"@V2C_Charge\" \/>\n<meta name=\"twitter:site\" content=\"@V2C_Charge\" \/>\n<meta name=\"twitter:label1\" content=\"Escrit per\" \/>\n\t<meta name=\"twitter:data1\" content=\"V2C\" \/>\n\t<meta name=\"twitter:label2\" content=\"Temps estimat de lectura\" \/>\n\t<meta name=\"twitter:data2\" content=\"5 minuts\" \/>\n<script type=\"application\/ld+json\" class=\"yoast-schema-graph\">{\"@context\":\"https:\/\/schema.org\",\"@graph\":[{\"@type\":\"Article\",\"@id\":\"https:\/\/v2charge.com\/ca\/esta-la-ciutat-de-madrid-preparada-per-al-cotxe-electric\/#article\",\"isPartOf\":{\"@id\":\"https:\/\/v2charge.com\/ca\/esta-la-ciutat-de-madrid-preparada-per-al-cotxe-electric\/\"},\"author\":{\"name\":\"V2C\",\"@id\":\"https:\/\/v2charge.com\/ca\/#\/schema\/person\/f29e67a85380accce2b8b9139c993f42\"},\"headline\":\"Est\u00e0 la ciutat de Madrid preparada per al cotxe el\u00e8ctric?\",\"datePublished\":\"2018-03-29T09:23:14+00:00\",\"dateModified\":\"2023-07-19T07:19:46+00:00\",\"mainEntityOfPage\":{\"@id\":\"https:\/\/v2charge.com\/ca\/esta-la-ciutat-de-madrid-preparada-per-al-cotxe-electric\/\"},\"wordCount\":1051,\"publisher\":{\"@id\":\"https:\/\/v2charge.com\/ca\/#organization\"},\"image\":{\"@id\":\"https:\/\/v2charge.com\/ca\/esta-la-ciutat-de-madrid-preparada-per-al-cotxe-electric\/#primaryimage\"},\"thumbnailUrl\":\"https:\/\/v2charge.com\/wp-content\/uploads\/2018\/03\/coche-electrico-madrid-1.jpg\",\"inLanguage\":\"ca\"},{\"@type\":\"WebPage\",\"@id\":\"https:\/\/v2charge.com\/ca\/esta-la-ciutat-de-madrid-preparada-per-al-cotxe-electric\/\",\"url\":\"https:\/\/v2charge.com\/ca\/esta-la-ciutat-de-madrid-preparada-per-al-cotxe-electric\/\",\"name\":\"Est\u00e0 la ciutat de Madrid preparada per al cotxe el\u00e8ctric? - V2C\",\"isPartOf\":{\"@id\":\"https:\/\/v2charge.com\/ca\/#website\"},\"primaryImageOfPage\":{\"@id\":\"https:\/\/v2charge.com\/ca\/esta-la-ciutat-de-madrid-preparada-per-al-cotxe-electric\/#primaryimage\"},\"image\":{\"@id\":\"https:\/\/v2charge.com\/ca\/esta-la-ciutat-de-madrid-preparada-per-al-cotxe-electric\/#primaryimage\"},\"thumbnailUrl\":\"https:\/\/v2charge.com\/wp-content\/uploads\/2018\/03\/coche-electrico-madrid-1.jpg\",\"datePublished\":\"2018-03-29T09:23:14+00:00\",\"dateModified\":\"2023-07-19T07:19:46+00:00\",\"description\":\"\u00bfEst\u00e0 Madrid preparada per a l'arribada del cotxe el\u00e8ctric? Quines avantatges t\u00e9 circular amb cotxe el\u00e8ctric a la ciutat de Madrid? \u00c9s rendible per a les empreses comprar un cotxe el\u00e8ctric?\",\"breadcrumb\":{\"@id\":\"https:\/\/v2charge.com\/ca\/esta-la-ciutat-de-madrid-preparada-per-al-cotxe-electric\/#breadcrumb\"},\"inLanguage\":\"ca\",\"potentialAction\":[{\"@type\":\"ReadAction\",\"target\":[\"https:\/\/v2charge.com\/ca\/esta-la-ciutat-de-madrid-preparada-per-al-cotxe-electric\/\"]}]},{\"@type\":\"ImageObject\",\"inLanguage\":\"ca\",\"@id\":\"https:\/\/v2charge.com\/ca\/esta-la-ciutat-de-madrid-preparada-per-al-cotxe-electric\/#primaryimage\",\"url\":\"https:\/\/v2charge.com\/wp-content\/uploads\/2018\/03\/coche-electrico-madrid-1.jpg\",\"contentUrl\":\"https:\/\/v2charge.com\/wp-content\/uploads\/2018\/03\/coche-electrico-madrid-1.jpg\",\"width\":600,\"height\":400},{\"@type\":\"BreadcrumbList\",\"@id\":\"https:\/\/v2charge.com\/ca\/esta-la-ciutat-de-madrid-preparada-per-al-cotxe-electric\/#breadcrumb\",\"itemListElement\":[{\"@type\":\"ListItem\",\"position\":1,\"name\":\"V2C\",\"item\":\"https:\/\/v2charge.com\/ca\/\"},{\"@type\":\"ListItem\",\"position\":2,\"name\":\"Est\u00e0 la ciutat de Madrid preparada per al cotxe el\u00e8ctric?\"}]},{\"@type\":\"WebSite\",\"@id\":\"https:\/\/v2charge.com\/ca\/#website\",\"url\":\"https:\/\/v2charge.com\/ca\/\",\"name\":\"V2C\",\"description\":\"#CargandoElMa\u00f1ana\",\"publisher\":{\"@id\":\"https:\/\/v2charge.com\/ca\/#organization\"},\"potentialAction\":[{\"@type\":\"SearchAction\",\"target\":{\"@type\":\"EntryPoint\",\"urlTemplate\":\"https:\/\/v2charge.com\/ca\/?s={search_term_string}\"},\"query-input\":{\"@type\":\"PropertyValueSpecification\",\"valueRequired\":true,\"valueName\":\"search_term_string\"}}],\"inLanguage\":\"ca\"},{\"@type\":\"Organization\",\"@id\":\"https:\/\/v2charge.com\/ca\/#organization\",\"name\":\"V2C\",\"url\":\"https:\/\/v2charge.com\/ca\/\",\"logo\":{\"@type\":\"ImageObject\",\"inLanguage\":\"ca\",\"@id\":\"https:\/\/v2charge.com\/ca\/#\/schema\/logo\/image\/\",\"url\":\"https:\/\/v2charge.com\/wp-content\/uploads\/2024\/11\/cropped-v2c-charge-logo-menu.png\",\"contentUrl\":\"https:\/\/v2charge.com\/wp-content\/uploads\/2024\/11\/cropped-v2c-charge-logo-menu.png\",\"width\":984,\"height\":431,\"caption\":\"V2C\"},\"image\":{\"@id\":\"https:\/\/v2charge.com\/ca\/#\/schema\/logo\/image\/\"},\"sameAs\":[\"https:\/\/www.facebook.com\/V2C.Charge\",\"https:\/\/x.com\/V2C_Charge\",\"https:\/\/www.instagram.com\/v2c.charge\/\",\"https:\/\/www.youtube.com\/@V2C\",\"https:\/\/www.linkedin.com\/company\/v2c-chargers\/\"]},{\"@type\":\"Person\",\"@id\":\"https:\/\/v2charge.com\/ca\/#\/schema\/person\/f29e67a85380accce2b8b9139c993f42\",\"name\":\"V2C\",\"image\":{\"@type\":\"ImageObject\",\"inLanguage\":\"ca\",\"@id\":\"https:\/\/v2charge.com\/ca\/#\/schema\/person\/image\/\",\"url\":\"https:\/\/secure.gravatar.com\/avatar\/6b569efe71f377f865d3c6d7d046c620e6ecf71400555f6ac3a8d31ade20562b?s=96&d=mm&r=g\",\"contentUrl\":\"https:\/\/secure.gravatar.com\/avatar\/6b569efe71f377f865d3c6d7d046c620e6ecf71400555f6ac3a8d31ade20562b?s=96&d=mm&r=g\",\"caption\":\"V2C\"}}]}<\/script>\n<!-- \/ Yoast SEO plugin. -->","yoast_head_json":{"title":"Est\u00e0 la ciutat de Madrid preparada per al cotxe el\u00e8ctric? - V2C","description":"\u00bfEst\u00e0 Madrid preparada per a l'arribada del cotxe el\u00e8ctric? Quines avantatges t\u00e9 circular amb cotxe el\u00e8ctric a la ciutat de Madrid? \u00c9s rendible per a les empreses comprar un cotxe el\u00e8ctric?","robots":{"index":"index","follow":"follow","max-snippet":"max-snippet:-1","max-image-preview":"max-image-preview:large","max-video-preview":"max-video-preview:-1"},"canonical":"https:\/\/v2charge.com\/ca\/esta-la-ciutat-de-madrid-preparada-per-al-cotxe-electric\/","og_locale":"ca_ES","og_type":"article","og_title":"Est\u00e0 la ciutat de Madrid preparada per al cotxe el\u00e8ctric? - V2C","og_description":"\u00bfEst\u00e0 Madrid preparada per a l'arribada del cotxe el\u00e8ctric? Quines avantatges t\u00e9 circular amb cotxe el\u00e8ctric a la ciutat de Madrid? \u00c9s rendible per a les empreses comprar un cotxe el\u00e8ctric?","og_url":"https:\/\/v2charge.com\/ca\/esta-la-ciutat-de-madrid-preparada-per-al-cotxe-electric\/","og_site_name":"V2C","article_publisher":"https:\/\/www.facebook.com\/V2C.Charge","article_published_time":"2018-03-29T09:23:14+00:00","article_modified_time":"2023-07-19T07:19:46+00:00","og_image":[{"width":600,"height":400,"url":"https:\/\/v2charge.com\/wp-content\/uploads\/2018\/03\/coche-electrico-madrid-1.jpg","type":"image\/jpeg"}],"author":"V2C","twitter_card":"summary_large_image","twitter_creator":"@V2C_Charge","twitter_site":"@V2C_Charge","twitter_misc":{"Escrit per":"V2C","Temps estimat de lectura":"5 minuts"},"schema":{"@context":"https:\/\/schema.org","@graph":[{"@type":"Article","@id":"https:\/\/v2charge.com\/ca\/esta-la-ciutat-de-madrid-preparada-per-al-cotxe-electric\/#article","isPartOf":{"@id":"https:\/\/v2charge.com\/ca\/esta-la-ciutat-de-madrid-preparada-per-al-cotxe-electric\/"},"author":{"name":"V2C","@id":"https:\/\/v2charge.com\/ca\/#\/schema\/person\/f29e67a85380accce2b8b9139c993f42"},"headline":"Est\u00e0 la ciutat de Madrid preparada per al cotxe el\u00e8ctric?","datePublished":"2018-03-29T09:23:14+00:00","dateModified":"2023-07-19T07:19:46+00:00","mainEntityOfPage":{"@id":"https:\/\/v2charge.com\/ca\/esta-la-ciutat-de-madrid-preparada-per-al-cotxe-electric\/"},"wordCount":1051,"publisher":{"@id":"https:\/\/v2charge.com\/ca\/#organization"},"image":{"@id":"https:\/\/v2charge.com\/ca\/esta-la-ciutat-de-madrid-preparada-per-al-cotxe-electric\/#primaryimage"},"thumbnailUrl":"https:\/\/v2charge.com\/wp-content\/uploads\/2018\/03\/coche-electrico-madrid-1.jpg","inLanguage":"ca"},{"@type":"WebPage","@id":"https:\/\/v2charge.com\/ca\/esta-la-ciutat-de-madrid-preparada-per-al-cotxe-electric\/","url":"https:\/\/v2charge.com\/ca\/esta-la-ciutat-de-madrid-preparada-per-al-cotxe-electric\/","name":"Est\u00e0 la ciutat de Madrid preparada per al cotxe el\u00e8ctric? - V2C","isPartOf":{"@id":"https:\/\/v2charge.com\/ca\/#website"},"primaryImageOfPage":{"@id":"https:\/\/v2charge.com\/ca\/esta-la-ciutat-de-madrid-preparada-per-al-cotxe-electric\/#primaryimage"},"image":{"@id":"https:\/\/v2charge.com\/ca\/esta-la-ciutat-de-madrid-preparada-per-al-cotxe-electric\/#primaryimage"},"thumbnailUrl":"https:\/\/v2charge.com\/wp-content\/uploads\/2018\/03\/coche-electrico-madrid-1.jpg","datePublished":"2018-03-29T09:23:14+00:00","dateModified":"2023-07-19T07:19:46+00:00","description":"\u00bfEst\u00e0 Madrid preparada per a l'arribada del cotxe el\u00e8ctric? Quines avantatges t\u00e9 circular amb cotxe el\u00e8ctric a la ciutat de Madrid? \u00c9s rendible per a les empreses comprar un cotxe el\u00e8ctric?","breadcrumb":{"@id":"https:\/\/v2charge.com\/ca\/esta-la-ciutat-de-madrid-preparada-per-al-cotxe-electric\/#breadcrumb"},"inLanguage":"ca","potentialAction":[{"@type":"ReadAction","target":["https:\/\/v2charge.com\/ca\/esta-la-ciutat-de-madrid-preparada-per-al-cotxe-electric\/"]}]},{"@type":"ImageObject","inLanguage":"ca","@id":"https:\/\/v2charge.com\/ca\/esta-la-ciutat-de-madrid-preparada-per-al-cotxe-electric\/#primaryimage","url":"https:\/\/v2charge.com\/wp-content\/uploads\/2018\/03\/coche-electrico-madrid-1.jpg","contentUrl":"https:\/\/v2charge.com\/wp-content\/uploads\/2018\/03\/coche-electrico-madrid-1.jpg","width":600,"height":400},{"@type":"BreadcrumbList","@id":"https:\/\/v2charge.com\/ca\/esta-la-ciutat-de-madrid-preparada-per-al-cotxe-electric\/#breadcrumb","itemListElement":[{"@type":"ListItem","position":1,"name":"V2C","item":"https:\/\/v2charge.com\/ca\/"},{"@type":"ListItem","position":2,"name":"Est\u00e0 la ciutat de Madrid preparada per al cotxe el\u00e8ctric?"}]},{"@type":"WebSite","@id":"https:\/\/v2charge.com\/ca\/#website","url":"https:\/\/v2charge.com\/ca\/","name":"V2C","description":"#CargandoElMa\u00f1ana","publisher":{"@id":"https:\/\/v2charge.com\/ca\/#organization"},"potentialAction":[{"@type":"SearchAction","target":{"@type":"EntryPoint","urlTemplate":"https:\/\/v2charge.com\/ca\/?s={search_term_string}"},"query-input":{"@type":"PropertyValueSpecification","valueRequired":true,"valueName":"search_term_string"}}],"inLanguage":"ca"},{"@type":"Organization","@id":"https:\/\/v2charge.com\/ca\/#organization","name":"V2C","url":"https:\/\/v2charge.com\/ca\/","logo":{"@type":"ImageObject","inLanguage":"ca","@id":"https:\/\/v2charge.com\/ca\/#\/schema\/logo\/image\/","url":"https:\/\/v2charge.com\/wp-content\/uploads\/2024\/11\/cropped-v2c-charge-logo-menu.png","contentUrl":"https:\/\/v2charge.com\/wp-content\/uploads\/2024\/11\/cropped-v2c-charge-logo-menu.png","width":984,"height":431,"caption":"V2C"},"image":{"@id":"https:\/\/v2charge.com\/ca\/#\/schema\/logo\/image\/"},"sameAs":["https:\/\/www.facebook.com\/V2C.Charge","https:\/\/x.com\/V2C_Charge","https:\/\/www.instagram.com\/v2c.charge\/","https:\/\/www.youtube.com\/@V2C","https:\/\/www.linkedin.com\/company\/v2c-chargers\/"]},{"@type":"Person","@id":"https:\/\/v2charge.com\/ca\/#\/schema\/person\/f29e67a85380accce2b8b9139c993f42","name":"V2C","image":{"@type":"ImageObject","inLanguage":"ca","@id":"https:\/\/v2charge.com\/ca\/#\/schema\/person\/image\/","url":"https:\/\/secure.gravatar.com\/avatar\/6b569efe71f377f865d3c6d7d046c620e6ecf71400555f6ac3a8d31ade20562b?s=96&d=mm&r=g","contentUrl":"https:\/\/secure.gravatar.com\/avatar\/6b569efe71f377f865d3c6d7d046c620e6ecf71400555f6ac3a8d31ade20562b?s=96&d=mm&r=g","caption":"V2C"}}]}},"uagb_featured_image_src":{"full":["https:\/\/v2charge.com\/wp-content\/uploads\/2018\/03\/coche-electrico-madrid-1.jpg",600,400,false],"thumbnail":["https:\/\/v2charge.com\/wp-content\/uploads\/2018\/03\/coche-electrico-madrid-1-150x150.jpg",150,150,true],"medium":["https:\/\/v2charge.com\/wp-content\/uploads\/2018\/03\/coche-electrico-madrid-1-300x200.jpg",300,200,true],"medium_large":["https:\/\/v2charge.com\/wp-content\/uploads\/2018\/03\/coche-electrico-madrid-1.jpg",600,400,false],"large":["https:\/\/v2charge.com\/wp-content\/uploads\/2018\/03\/coche-electrico-madrid-1.jpg",600,400,false],"gs-tiny":["https:\/\/v2charge.com\/wp-content\/uploads\/2018\/03\/coche-electrico-madrid-1.jpg",50,33,false],"xl":["https:\/\/v2charge.com\/wp-content\/uploads\/2018\/03\/coche-electrico-madrid-1.jpg",600,400,false],"xxl":["https:\/\/v2charge.com\/wp-content\/uploads\/2018\/03\/coche-electrico-madrid-1.jpg",600,400,false],"xxxl":["https:\/\/v2charge.com\/wp-content\/uploads\/2018\/03\/coche-electrico-madrid-1.jpg",600,400,false],"xxxxl":["https:\/\/v2charge.com\/wp-content\/uploads\/2018\/03\/coche-electrico-madrid-1.jpg",600,400,false],"xxxxxl":["https:\/\/v2charge.com\/wp-content\/uploads\/2018\/03\/coche-electrico-madrid-1.jpg",600,400,false],"1536x1536":["https:\/\/v2charge.com\/wp-content\/uploads\/2018\/03\/coche-electrico-madrid-1.jpg",600,400,false],"2048x2048":["https:\/\/v2charge.com\/wp-content\/uploads\/2018\/03\/coche-electrico-madrid-1.jpg",600,400,false]},"uagb_author_info":{"display_name":"V2C","author_link":"https:\/\/v2charge.com\/ca\/author\/root_k4eu7ki8\/"},"uagb_comment_info":0,"uagb_excerpt":"Madrid \u00e9s una de les ciutats espanyoles que activa protocols anticontaminaci\u00f3 quan es superen els nivells de contaminaci\u00f3. L&#8217;Ajuntament de Madrid considera que la contaminaci\u00f3 \u00e9s un seri\u00f3s problema per a la salut p\u00fablica per ser un agent causant de malalties. La ciutat realitza un seguiment dels nivells de contaminaci\u00f3 on si dues estacions superen&hellip;","_links":{"self":[{"href":"https:\/\/v2charge.com\/ca\/wp-json\/wp\/v2\/posts\/309866","targetHints":{"allow":["GET"]}}],"collection":[{"href":"https:\/\/v2charge.com\/ca\/wp-json\/wp\/v2\/posts"}],"about":[{"href":"https:\/\/v2charge.com\/ca\/wp-json\/wp\/v2\/types\/post"}],"author":[{"embeddable":true,"href":"https:\/\/v2charge.com\/ca\/wp-json\/wp\/v2\/users\/1"}],"replies":[{"embeddable":true,"href":"https:\/\/v2charge.com\/ca\/wp-json\/wp\/v2\/comments?post=309866"}],"version-history":[{"count":0,"href":"https:\/\/v2charge.com\/ca\/wp-json\/wp\/v2\/posts\/309866\/revisions"}],"wp:featuredmedia":[{"embeddable":true,"href":"https:\/\/v2charge.com\/ca\/wp-json\/wp\/v2\/media\/63879"}],"wp:attachment":[{"href":"https:\/\/v2charge.com\/ca\/wp-json\/wp\/v2\/media?parent=309866"}],"wp:term":[{"taxonomy":"category","embeddable":true,"href":"https:\/\/v2charge.com\/ca\/wp-json\/wp\/v2\/categories?post=309866"},{"taxonomy":"post_tag","embeddable":true,"href":"https:\/\/v2charge.com\/ca\/wp-json\/wp\/v2\/tags?post=309866"}],"curies":[{"name":"wp","href":"https:\/\/api.w.org\/{rel}","templated":true}]}}