{"id":309878,"date":"2018-06-29T09:21:32","date_gmt":"2018-06-29T09:21:32","guid":{"rendered":""},"modified":"2023-05-30T06:22:25","modified_gmt":"2023-05-30T06:22:25","slug":"wallbox-per-a-smart-electric-la-nova-flota","status":"publish","type":"post","link":"https:\/\/v2charge.com\/ca\/wallbox-per-a-smart-electric-la-nova-flota\/","title":{"rendered":"Wallbox per a Smart electric, la nova flota"},"content":{"rendered":"<p>La nova flota dels <strong>cotxes el\u00e8ctrics de Smart<\/strong> va cam\u00ed de l&#8217;exclusivitat.<\/p>\n<p>Aquests cotxes el\u00e8ctrics disposen de <strong>diverses versions<\/strong>: de quatre portes -ForFour-, de dues portes -ForTwo- i de dues portes descapotable -ForTwo Cabrio-.<\/p>\n<p>El propulsor utilitzat per les tres versions \u00e9s un el\u00e8ctric de 82 CV i 160 Nm de parell motor m\u00e0xim alimentat per una <strong>bateria d&#8217;ion-liti amb 17,6 kWh de capacitat<\/strong>. La seva rec\u00e0rrega del 20% al 80% dura aproximadament 6 hores en un endoll convencional o 3 hores i mitja en un wallbox. Un dels afegits que ofereix Smart \u00e9s la monitoritzaci\u00f3 del proc\u00e9s de c\u00e0rrega mitjan\u00e7ant l&#8217;aplicaci\u00f3 per a smartphone Smart Control.<\/p>\n<h2>Quin punt de rec\u00e0rrega comprar per a un Smart el\u00e8ctric?<\/h2>\n<p>El <strong>SMART FORTWO<\/strong> disposa d&#8217;un connector de Tipus 2 (Mennekes \u2013 IEC 62196 \u2013 Camale\u00f3)<\/p>\n<p>El <strong>SMART FORFOUR<\/strong> el\u00e8ctric disposa d&#8217;un connector de Tipus 2 (Mennekes \u2013 IEC 62196 \u2013 Camale\u00f3)<\/p>\n<p><img decoding=\"async\" class=\"alignnone size-full wp-image-9555\" src=\"https:\/\/www.wallboxok.com\/wp-content\/uploads\/2018\/06\/WALLBOX-smartforfour.jpg\" alt=\"\" width=\"500\" height=\"300\" \/><\/p>\n<h2>Quina autonomia t\u00e9 un Smart el\u00e8ctric?<\/h2>\n<p>Autonomia de Smart ForTwo: 160 km<\/p>\n<p>Autonomia ForTwo Cabrio: 155 km<\/p>\n<p>Autonomia ForFour: 155 km<\/p>\n<h2>Quina velocitat aconsegueix un Smart el\u00e8ctric?<\/h2>\n<p>Els Smart el\u00e8ctrics s\u00f3n capa\u00e7os d&#8217;aconseguir els <strong>130 km\/h com a velocitat punta<\/strong>.<\/p>\n<p>L&#8217;acceleraci\u00f3 de 0 a 100 km\/h canvia segons el model escollit; en qualsevol cas, oscil\u00b7la entre els 11,5 i els 12,7 segons.<\/p>\n<h2>On comprar un punt de rec\u00e0rrega per a Smart?<\/h2>\n<p>Consulta aqu\u00ed si vols comprar un punt de rec\u00e0rrega per a <a href=\"https:\/\/www.v2charge.com\/ca\/wallbox-smart-fortwo-electrico-puntos-recarga-smart-fortwo-electrico\/\">SMART FORTWO<\/a><\/p>\n<p>Consulta aqu\u00ed si vols comprar un punt de rec\u00e0rrega per a <a href=\"https:\/\/www.v2charge.com\/ca\/wallbox-smartforfour\/\">SMART FORFOUR<\/a><\/p>\n","protected":false},"excerpt":{"rendered":"<p>La nova flota dels cotxes el\u00e8ctrics de Smart va cam\u00ed de l&#8217;exclusivitat. Aquests cotxes el\u00e8ctrics disposen de diverses versions: de quatre portes -ForFour-, de dues portes -ForTwo- i de dues portes descapotable -ForTwo Cabrio-. El propulsor utilitzat per les tres versions \u00e9s un el\u00e8ctric de 82 CV i 160 Nm de parell motor m\u00e0xim alimentat &#8230; <a title=\"Wallbox per a Smart electric, la nova flota\" class=\"read-more\" href=\"https:\/\/v2charge.com\/ca\/wallbox-per-a-smart-electric-la-nova-flota\/\" aria-label=\"M\u00e9s informaci\u00f3 sobre Wallbox per a Smart electric, la nova flota\">Llegiu m\u00e9s<\/a><\/p>\n","protected":false},"author":1,"featured_media":63746,"comment_status":"closed","ping_status":"closed","sticky":false,"template":"","format":"standard","meta":{"_eb_attr":"","content-type":"","_uag_custom_page_level_css":"","footnotes":""},"categories":[],"tags":[],"class_list":["post-309878","post","type-post","status-publish","format-standard","has-post-thumbnail","hentry"],"yoast_head":"<!-- This site is optimized with the Yoast SEO plugin v25.3.1 - https:\/\/yoast.com\/wordpress\/plugins\/seo\/ -->\n<title>Wallbox Smart i altres carregadors per a vehicles el\u00e8ctrics Smart<\/title>\n<meta name=\"description\" content=\"Necessites comprar un wallbox per al teu Smart el\u00e8ctric? Punts de rec\u00e0rrega per SMART | La millor opci\u00f3 de c\u00e0rrega \u2705\" \/>\n<meta name=\"robots\" content=\"index, follow, max-snippet:-1, max-image-preview:large, max-video-preview:-1\" \/>\n<link rel=\"canonical\" href=\"https:\/\/v2charge.com\/ca\/wallbox-per-a-smart-electric-la-nova-flota\/\" \/>\n<meta property=\"og:locale\" content=\"ca_ES\" \/>\n<meta property=\"og:type\" content=\"article\" \/>\n<meta property=\"og:title\" content=\"Wallbox Smart i altres carregadors per a vehicles el\u00e8ctrics Smart\" \/>\n<meta property=\"og:description\" content=\"Necessites comprar un wallbox per al teu Smart el\u00e8ctric? Punts de rec\u00e0rrega per SMART | La millor opci\u00f3 de c\u00e0rrega \u2705\" \/>\n<meta property=\"og:url\" content=\"https:\/\/v2charge.com\/ca\/wallbox-per-a-smart-electric-la-nova-flota\/\" \/>\n<meta property=\"og:site_name\" content=\"V2C\" \/>\n<meta property=\"article:publisher\" content=\"https:\/\/www.facebook.com\/V2C.Charge\" \/>\n<meta property=\"article:published_time\" content=\"2018-06-29T09:21:32+00:00\" \/>\n<meta property=\"article:modified_time\" content=\"2023-05-30T06:22:25+00:00\" \/>\n<meta property=\"og:image\" content=\"https:\/\/v2charge.com\/wp-content\/uploads\/2018\/06\/Untitled-1-1-1.jpg\" \/>\n\t<meta property=\"og:image:width\" content=\"685\" \/>\n\t<meta property=\"og:image:height\" content=\"500\" \/>\n\t<meta property=\"og:image:type\" content=\"image\/jpeg\" \/>\n<meta name=\"author\" content=\"V2C\" \/>\n<meta name=\"twitter:card\" content=\"summary_large_image\" \/>\n<meta name=\"twitter:creator\" content=\"@V2C_Charge\" \/>\n<meta name=\"twitter:site\" content=\"@V2C_Charge\" \/>\n<meta name=\"twitter:label1\" content=\"Escrit per\" \/>\n\t<meta name=\"twitter:data1\" content=\"V2C\" \/>\n\t<meta name=\"twitter:label2\" content=\"Temps estimat de lectura\" \/>\n\t<meta name=\"twitter:data2\" content=\"2 minuts\" \/>\n<script type=\"application\/ld+json\" class=\"yoast-schema-graph\">{\"@context\":\"https:\/\/schema.org\",\"@graph\":[{\"@type\":\"Article\",\"@id\":\"https:\/\/v2charge.com\/ca\/wallbox-per-a-smart-electric-la-nova-flota\/#article\",\"isPartOf\":{\"@id\":\"https:\/\/v2charge.com\/ca\/wallbox-per-a-smart-electric-la-nova-flota\/\"},\"author\":{\"name\":\"V2C\",\"@id\":\"https:\/\/v2charge.com\/ca\/#\/schema\/person\/f29e67a85380accce2b8b9139c993f42\"},\"headline\":\"Wallbox per a Smart electric, la nova flota\",\"datePublished\":\"2018-06-29T09:21:32+00:00\",\"dateModified\":\"2023-05-30T06:22:25+00:00\",\"mainEntityOfPage\":{\"@id\":\"https:\/\/v2charge.com\/ca\/wallbox-per-a-smart-electric-la-nova-flota\/\"},\"wordCount\":259,\"publisher\":{\"@id\":\"https:\/\/v2charge.com\/ca\/#organization\"},\"image\":{\"@id\":\"https:\/\/v2charge.com\/ca\/wallbox-per-a-smart-electric-la-nova-flota\/#primaryimage\"},\"thumbnailUrl\":\"https:\/\/v2charge.com\/wp-content\/uploads\/2018\/06\/Untitled-1-1-1.jpg\",\"inLanguage\":\"ca\"},{\"@type\":\"WebPage\",\"@id\":\"https:\/\/v2charge.com\/ca\/wallbox-per-a-smart-electric-la-nova-flota\/\",\"url\":\"https:\/\/v2charge.com\/ca\/wallbox-per-a-smart-electric-la-nova-flota\/\",\"name\":\"Wallbox Smart i altres carregadors per a vehicles el\u00e8ctrics Smart\",\"isPartOf\":{\"@id\":\"https:\/\/v2charge.com\/ca\/#website\"},\"primaryImageOfPage\":{\"@id\":\"https:\/\/v2charge.com\/ca\/wallbox-per-a-smart-electric-la-nova-flota\/#primaryimage\"},\"image\":{\"@id\":\"https:\/\/v2charge.com\/ca\/wallbox-per-a-smart-electric-la-nova-flota\/#primaryimage\"},\"thumbnailUrl\":\"https:\/\/v2charge.com\/wp-content\/uploads\/2018\/06\/Untitled-1-1-1.jpg\",\"datePublished\":\"2018-06-29T09:21:32+00:00\",\"dateModified\":\"2023-05-30T06:22:25+00:00\",\"description\":\"Necessites comprar un wallbox per al teu Smart el\u00e8ctric? Punts de rec\u00e0rrega per SMART | La millor opci\u00f3 de c\u00e0rrega \u2705\",\"breadcrumb\":{\"@id\":\"https:\/\/v2charge.com\/ca\/wallbox-per-a-smart-electric-la-nova-flota\/#breadcrumb\"},\"inLanguage\":\"ca\",\"potentialAction\":[{\"@type\":\"ReadAction\",\"target\":[\"https:\/\/v2charge.com\/ca\/wallbox-per-a-smart-electric-la-nova-flota\/\"]}]},{\"@type\":\"ImageObject\",\"inLanguage\":\"ca\",\"@id\":\"https:\/\/v2charge.com\/ca\/wallbox-per-a-smart-electric-la-nova-flota\/#primaryimage\",\"url\":\"https:\/\/v2charge.com\/wp-content\/uploads\/2018\/06\/Untitled-1-1-1.jpg\",\"contentUrl\":\"https:\/\/v2charge.com\/wp-content\/uploads\/2018\/06\/Untitled-1-1-1.jpg\",\"width\":685,\"height\":500},{\"@type\":\"BreadcrumbList\",\"@id\":\"https:\/\/v2charge.com\/ca\/wallbox-per-a-smart-electric-la-nova-flota\/#breadcrumb\",\"itemListElement\":[{\"@type\":\"ListItem\",\"position\":1,\"name\":\"V2C\",\"item\":\"https:\/\/v2charge.com\/ca\/\"},{\"@type\":\"ListItem\",\"position\":2,\"name\":\"Wallbox per a Smart electric, la nova flota\"}]},{\"@type\":\"WebSite\",\"@id\":\"https:\/\/v2charge.com\/ca\/#website\",\"url\":\"https:\/\/v2charge.com\/ca\/\",\"name\":\"V2C\",\"description\":\"#CargandoElMa\u00f1ana\",\"publisher\":{\"@id\":\"https:\/\/v2charge.com\/ca\/#organization\"},\"potentialAction\":[{\"@type\":\"SearchAction\",\"target\":{\"@type\":\"EntryPoint\",\"urlTemplate\":\"https:\/\/v2charge.com\/ca\/?s={search_term_string}\"},\"query-input\":{\"@type\":\"PropertyValueSpecification\",\"valueRequired\":true,\"valueName\":\"search_term_string\"}}],\"inLanguage\":\"ca\"},{\"@type\":\"Organization\",\"@id\":\"https:\/\/v2charge.com\/ca\/#organization\",\"name\":\"V2C\",\"url\":\"https:\/\/v2charge.com\/ca\/\",\"logo\":{\"@type\":\"ImageObject\",\"inLanguage\":\"ca\",\"@id\":\"https:\/\/v2charge.com\/ca\/#\/schema\/logo\/image\/\",\"url\":\"https:\/\/v2charge.com\/wp-content\/uploads\/2024\/11\/cropped-v2c-charge-logo-menu.png\",\"contentUrl\":\"https:\/\/v2charge.com\/wp-content\/uploads\/2024\/11\/cropped-v2c-charge-logo-menu.png\",\"width\":984,\"height\":431,\"caption\":\"V2C\"},\"image\":{\"@id\":\"https:\/\/v2charge.com\/ca\/#\/schema\/logo\/image\/\"},\"sameAs\":[\"https:\/\/www.facebook.com\/V2C.Charge\",\"https:\/\/x.com\/V2C_Charge\",\"https:\/\/www.instagram.com\/v2c.charge\/\",\"https:\/\/www.youtube.com\/@V2C\",\"https:\/\/www.linkedin.com\/company\/v2c-chargers\/\"]},{\"@type\":\"Person\",\"@id\":\"https:\/\/v2charge.com\/ca\/#\/schema\/person\/f29e67a85380accce2b8b9139c993f42\",\"name\":\"V2C\",\"image\":{\"@type\":\"ImageObject\",\"inLanguage\":\"ca\",\"@id\":\"https:\/\/v2charge.com\/ca\/#\/schema\/person\/image\/\",\"url\":\"https:\/\/secure.gravatar.com\/avatar\/6b569efe71f377f865d3c6d7d046c620e6ecf71400555f6ac3a8d31ade20562b?s=96&d=mm&r=g\",\"contentUrl\":\"https:\/\/secure.gravatar.com\/avatar\/6b569efe71f377f865d3c6d7d046c620e6ecf71400555f6ac3a8d31ade20562b?s=96&d=mm&r=g\",\"caption\":\"V2C\"}}]}<\/script>\n<!-- \/ Yoast SEO plugin. -->","yoast_head_json":{"title":"Wallbox Smart i altres carregadors per a vehicles el\u00e8ctrics Smart","description":"Necessites comprar un wallbox per al teu Smart el\u00e8ctric? Punts de rec\u00e0rrega per SMART | La millor opci\u00f3 de c\u00e0rrega \u2705","robots":{"index":"index","follow":"follow","max-snippet":"max-snippet:-1","max-image-preview":"max-image-preview:large","max-video-preview":"max-video-preview:-1"},"canonical":"https:\/\/v2charge.com\/ca\/wallbox-per-a-smart-electric-la-nova-flota\/","og_locale":"ca_ES","og_type":"article","og_title":"Wallbox Smart i altres carregadors per a vehicles el\u00e8ctrics Smart","og_description":"Necessites comprar un wallbox per al teu Smart el\u00e8ctric? Punts de rec\u00e0rrega per SMART | La millor opci\u00f3 de c\u00e0rrega \u2705","og_url":"https:\/\/v2charge.com\/ca\/wallbox-per-a-smart-electric-la-nova-flota\/","og_site_name":"V2C","article_publisher":"https:\/\/www.facebook.com\/V2C.Charge","article_published_time":"2018-06-29T09:21:32+00:00","article_modified_time":"2023-05-30T06:22:25+00:00","og_image":[{"width":685,"height":500,"url":"https:\/\/v2charge.com\/wp-content\/uploads\/2018\/06\/Untitled-1-1-1.jpg","type":"image\/jpeg"}],"author":"V2C","twitter_card":"summary_large_image","twitter_creator":"@V2C_Charge","twitter_site":"@V2C_Charge","twitter_misc":{"Escrit per":"V2C","Temps estimat de lectura":"2 minuts"},"schema":{"@context":"https:\/\/schema.org","@graph":[{"@type":"Article","@id":"https:\/\/v2charge.com\/ca\/wallbox-per-a-smart-electric-la-nova-flota\/#article","isPartOf":{"@id":"https:\/\/v2charge.com\/ca\/wallbox-per-a-smart-electric-la-nova-flota\/"},"author":{"name":"V2C","@id":"https:\/\/v2charge.com\/ca\/#\/schema\/person\/f29e67a85380accce2b8b9139c993f42"},"headline":"Wallbox per a Smart electric, la nova flota","datePublished":"2018-06-29T09:21:32+00:00","dateModified":"2023-05-30T06:22:25+00:00","mainEntityOfPage":{"@id":"https:\/\/v2charge.com\/ca\/wallbox-per-a-smart-electric-la-nova-flota\/"},"wordCount":259,"publisher":{"@id":"https:\/\/v2charge.com\/ca\/#organization"},"image":{"@id":"https:\/\/v2charge.com\/ca\/wallbox-per-a-smart-electric-la-nova-flota\/#primaryimage"},"thumbnailUrl":"https:\/\/v2charge.com\/wp-content\/uploads\/2018\/06\/Untitled-1-1-1.jpg","inLanguage":"ca"},{"@type":"WebPage","@id":"https:\/\/v2charge.com\/ca\/wallbox-per-a-smart-electric-la-nova-flota\/","url":"https:\/\/v2charge.com\/ca\/wallbox-per-a-smart-electric-la-nova-flota\/","name":"Wallbox Smart i altres carregadors per a vehicles el\u00e8ctrics Smart","isPartOf":{"@id":"https:\/\/v2charge.com\/ca\/#website"},"primaryImageOfPage":{"@id":"https:\/\/v2charge.com\/ca\/wallbox-per-a-smart-electric-la-nova-flota\/#primaryimage"},"image":{"@id":"https:\/\/v2charge.com\/ca\/wallbox-per-a-smart-electric-la-nova-flota\/#primaryimage"},"thumbnailUrl":"https:\/\/v2charge.com\/wp-content\/uploads\/2018\/06\/Untitled-1-1-1.jpg","datePublished":"2018-06-29T09:21:32+00:00","dateModified":"2023-05-30T06:22:25+00:00","description":"Necessites comprar un wallbox per al teu Smart el\u00e8ctric? Punts de rec\u00e0rrega per SMART | La millor opci\u00f3 de c\u00e0rrega \u2705","breadcrumb":{"@id":"https:\/\/v2charge.com\/ca\/wallbox-per-a-smart-electric-la-nova-flota\/#breadcrumb"},"inLanguage":"ca","potentialAction":[{"@type":"ReadAction","target":["https:\/\/v2charge.com\/ca\/wallbox-per-a-smart-electric-la-nova-flota\/"]}]},{"@type":"ImageObject","inLanguage":"ca","@id":"https:\/\/v2charge.com\/ca\/wallbox-per-a-smart-electric-la-nova-flota\/#primaryimage","url":"https:\/\/v2charge.com\/wp-content\/uploads\/2018\/06\/Untitled-1-1-1.jpg","contentUrl":"https:\/\/v2charge.com\/wp-content\/uploads\/2018\/06\/Untitled-1-1-1.jpg","width":685,"height":500},{"@type":"BreadcrumbList","@id":"https:\/\/v2charge.com\/ca\/wallbox-per-a-smart-electric-la-nova-flota\/#breadcrumb","itemListElement":[{"@type":"ListItem","position":1,"name":"V2C","item":"https:\/\/v2charge.com\/ca\/"},{"@type":"ListItem","position":2,"name":"Wallbox per a Smart electric, la nova flota"}]},{"@type":"WebSite","@id":"https:\/\/v2charge.com\/ca\/#website","url":"https:\/\/v2charge.com\/ca\/","name":"V2C","description":"#CargandoElMa\u00f1ana","publisher":{"@id":"https:\/\/v2charge.com\/ca\/#organization"},"potentialAction":[{"@type":"SearchAction","target":{"@type":"EntryPoint","urlTemplate":"https:\/\/v2charge.com\/ca\/?s={search_term_string}"},"query-input":{"@type":"PropertyValueSpecification","valueRequired":true,"valueName":"search_term_string"}}],"inLanguage":"ca"},{"@type":"Organization","@id":"https:\/\/v2charge.com\/ca\/#organization","name":"V2C","url":"https:\/\/v2charge.com\/ca\/","logo":{"@type":"ImageObject","inLanguage":"ca","@id":"https:\/\/v2charge.com\/ca\/#\/schema\/logo\/image\/","url":"https:\/\/v2charge.com\/wp-content\/uploads\/2024\/11\/cropped-v2c-charge-logo-menu.png","contentUrl":"https:\/\/v2charge.com\/wp-content\/uploads\/2024\/11\/cropped-v2c-charge-logo-menu.png","width":984,"height":431,"caption":"V2C"},"image":{"@id":"https:\/\/v2charge.com\/ca\/#\/schema\/logo\/image\/"},"sameAs":["https:\/\/www.facebook.com\/V2C.Charge","https:\/\/x.com\/V2C_Charge","https:\/\/www.instagram.com\/v2c.charge\/","https:\/\/www.youtube.com\/@V2C","https:\/\/www.linkedin.com\/company\/v2c-chargers\/"]},{"@type":"Person","@id":"https:\/\/v2charge.com\/ca\/#\/schema\/person\/f29e67a85380accce2b8b9139c993f42","name":"V2C","image":{"@type":"ImageObject","inLanguage":"ca","@id":"https:\/\/v2charge.com\/ca\/#\/schema\/person\/image\/","url":"https:\/\/secure.gravatar.com\/avatar\/6b569efe71f377f865d3c6d7d046c620e6ecf71400555f6ac3a8d31ade20562b?s=96&d=mm&r=g","contentUrl":"https:\/\/secure.gravatar.com\/avatar\/6b569efe71f377f865d3c6d7d046c620e6ecf71400555f6ac3a8d31ade20562b?s=96&d=mm&r=g","caption":"V2C"}}]}},"uagb_featured_image_src":{"full":["https:\/\/v2charge.com\/wp-content\/uploads\/2018\/06\/Untitled-1-1-1.jpg",685,500,false],"thumbnail":["https:\/\/v2charge.com\/wp-content\/uploads\/2018\/06\/Untitled-1-1-1-150x150.jpg",150,150,true],"medium":["https:\/\/v2charge.com\/wp-content\/uploads\/2018\/06\/Untitled-1-1-1-300x219.jpg",300,219,true],"medium_large":["https:\/\/v2charge.com\/wp-content\/uploads\/2018\/06\/Untitled-1-1-1.jpg",685,500,false],"large":["https:\/\/v2charge.com\/wp-content\/uploads\/2018\/06\/Untitled-1-1-1.jpg",685,500,false],"gs-tiny":["https:\/\/v2charge.com\/wp-content\/uploads\/2018\/06\/Untitled-1-1-1.jpg",50,36,false],"xl":["https:\/\/v2charge.com\/wp-content\/uploads\/2018\/06\/Untitled-1-1-1.jpg",685,500,false],"xxl":["https:\/\/v2charge.com\/wp-content\/uploads\/2018\/06\/Untitled-1-1-1.jpg",685,500,false],"xxxl":["https:\/\/v2charge.com\/wp-content\/uploads\/2018\/06\/Untitled-1-1-1.jpg",685,500,false],"xxxxl":["https:\/\/v2charge.com\/wp-content\/uploads\/2018\/06\/Untitled-1-1-1.jpg",685,500,false],"xxxxxl":["https:\/\/v2charge.com\/wp-content\/uploads\/2018\/06\/Untitled-1-1-1.jpg",685,500,false],"1536x1536":["https:\/\/v2charge.com\/wp-content\/uploads\/2018\/06\/Untitled-1-1-1.jpg",685,500,false],"2048x2048":["https:\/\/v2charge.com\/wp-content\/uploads\/2018\/06\/Untitled-1-1-1.jpg",685,500,false]},"uagb_author_info":{"display_name":"V2C","author_link":"https:\/\/v2charge.com\/ca\/author\/root_k4eu7ki8\/"},"uagb_comment_info":0,"uagb_excerpt":"La nova flota dels cotxes el\u00e8ctrics de Smart va cam\u00ed de l&#8217;exclusivitat. Aquests cotxes el\u00e8ctrics disposen de diverses versions: de quatre portes -ForFour-, de dues portes -ForTwo- i de dues portes descapotable -ForTwo Cabrio-. El propulsor utilitzat per les tres versions \u00e9s un el\u00e8ctric de 82 CV i 160 Nm de parell motor m\u00e0xim alimentat&hellip;","_links":{"self":[{"href":"https:\/\/v2charge.com\/ca\/wp-json\/wp\/v2\/posts\/309878","targetHints":{"allow":["GET"]}}],"collection":[{"href":"https:\/\/v2charge.com\/ca\/wp-json\/wp\/v2\/posts"}],"about":[{"href":"https:\/\/v2charge.com\/ca\/wp-json\/wp\/v2\/types\/post"}],"author":[{"embeddable":true,"href":"https:\/\/v2charge.com\/ca\/wp-json\/wp\/v2\/users\/1"}],"replies":[{"embeddable":true,"href":"https:\/\/v2charge.com\/ca\/wp-json\/wp\/v2\/comments?post=309878"}],"version-history":[{"count":0,"href":"https:\/\/v2charge.com\/ca\/wp-json\/wp\/v2\/posts\/309878\/revisions"}],"wp:featuredmedia":[{"embeddable":true,"href":"https:\/\/v2charge.com\/ca\/wp-json\/wp\/v2\/media\/63746"}],"wp:attachment":[{"href":"https:\/\/v2charge.com\/ca\/wp-json\/wp\/v2\/media?parent=309878"}],"wp:term":[{"taxonomy":"category","embeddable":true,"href":"https:\/\/v2charge.com\/ca\/wp-json\/wp\/v2\/categories?post=309878"},{"taxonomy":"post_tag","embeddable":true,"href":"https:\/\/v2charge.com\/ca\/wp-json\/wp\/v2\/tags?post=309878"}],"curies":[{"name":"wp","href":"https:\/\/api.w.org\/{rel}","templated":true}]}}