{"id":309894,"date":"2018-07-05T08:49:08","date_gmt":"2018-07-05T08:49:08","guid":{"rendered":""},"modified":"2023-07-19T07:03:38","modified_gmt":"2023-07-19T07:03:38","slug":"suv-electrics-tesla-model-3-a-canada-i-furgonetes-electriques-mercedes-benz","status":"publish","type":"post","link":"https:\/\/v2charge.com\/ca\/suv-electrics-tesla-model-3-a-canada-i-furgonetes-electriques-mercedes-benz\/","title":{"rendered":"SUV el\u00e8ctrics, Tesla Model 3 a Canad\u00e0 i furgonetes el\u00e8ctriques Mercedes-Benz."},"content":{"rendered":"<p>SUV el\u00e8ctrics, Tesla Model 3 al Canad\u00e0 i furgonetes el\u00e8ctriques Mercedes-Benz.<br \/>\nL&#8217;any 2019 es perfila com l&#8217;any de l&#8217;SUV el\u00e8ctric. Les xifres de vendes canadencs per al model 3 de Tesla continuen el seu bon ritme al maig. Mercedes-Benz presenta <a href=\"https:\/\/v2charge.com\/ca\/furgonetes-electriques-amb-molta-autonomia-per-a-la-teva-empresa\/\" title=\"furgonetes de repartiment el\u00e8ctriques\">furgonetes de repartiment el\u00e8ctriques<\/a> a Alemanya. I un nou projecte de llei t\u00e9 com a objectiu ampliar els cr\u00e8dits fiscals federals d&#8217;autom\u00f2bils el\u00e8ctrics.<\/p>\n<p>Tesla Model 3 va vendre 456 unitats al maig i va establir un nou r\u00e8cord de vendes al Canad\u00e0. Les vendes van continuar creixent fins al juny. Mercedes-Benz ha llan\u00e7at furgonetes de repartiment el\u00e8ctriques a Alemanya. El bo d&#8217;aquesta furgoneta el\u00e8ctrica \u00e9s que est\u00e0 dissenyada per configurar-la segons el seu cicle de treball.<\/p>\n<p>Per\u00f2 aquestes dues novetats de cotxes el\u00e8ctrics no s\u00f3n casos a\u00efllats, recopilem la gran quantitat de tot terrenys el\u00e8ctrics i crossover que sortiran al mercat el 2019. I \u00e9s que les marques d&#8217;autom\u00f2bils ja estan treballant amb vista a l&#8217;any model 2019, i per les novetats que han presentat podem dir que es perfila com l&#8217;any del <strong>SUV el\u00e8ctric.<\/strong><\/p>\n<p>Fins ara, els cotxes el\u00e8ctrics han consistit principalment en petits hatchbacks o cars autom\u00f2bils de luxe, amb un SUV ultra car, el Tesla Model X.&nbsp; A poc a poc les marques van dissenyant cotxes a l&#8217;abast de tots els bols. I \u00e9s que segons els analistes, un dels principals problemes que es presenten per poder dur a terme la transici\u00f3 definitiva al cotxe el\u00e8ctric \u00e9s que els usuaris necessiten tenir m\u00e9s opcions on triar. Sembla que les marques han pres bona nota d&#8217;aquests consells perqu\u00e8 el 2019 es presenten almenys nou models nous d&#8217;SUV el\u00e8ctrics.  <\/p>\n<h2>Quins SUV el\u00e8ctrics es presenten el 2019?<\/h2>\n<h3>Jaguar I-Pace<\/h3>\n<p>L&#8217;I-Pace acaba de sortir a la venda als EE. UU. Amb un rang de 240 milles des d&#8217;una bateria de 90 kwh i 394 cavalls de pot\u00e8ncia amb dos motors el\u00e8ctrics.<\/p>\n<p>Una mica m\u00e9s petit que un Tesla Model X, l&#8217;I-Pace nom\u00e9s t\u00e9 capacitat per a cinc, i t\u00e9 portes davanteres i posteriors convencionals que s&#8217;obren al primer intent. Els primers a provar-los&nbsp; indiquen que l&#8217;I-Pace t\u00e9 un interior millor acabat i pot ser un millor company de ball en carreteres sinuoses que el model X m\u00e9s gran. Informaci\u00f3 sobre<a href=\"https:\/\/www.v2charge.com\/ca\/jaguar-electrico-i-pace-punto-recarga\/\"> punt de rec\u00e0rrega per jaguar i pace<\/a><\/p>\n<p><img decoding=\"async\" class=\"size-full wp-image-9602 aligncenter\" src=\"https:\/\/www.v2charge.com\/wp-content\/uploads\/2018\/07\/Jaguar-I-Pace.jpg\" alt=\"\" width=\"800\" height=\"600\">  <\/p>\n<h3>Audi e-tron<\/h3>\n<p>Un altre SUV per a cinc passatgers, una mica m\u00e9s petit que el Tesla Model X, l&#8217;e-tron.<\/p>\n<p>Pel que fa a la seva mida podem avan\u00e7ar que se situa entre els Q5 i Q7 d&#8217;Audi. S&#8217;espera que la seva bateria de 95 kwh atorgui al vehicle un abast d&#8217;aproximadament 248 milles, i Audi diu que l&#8217;e-tron ser\u00e0 el primer cotxe el\u00e8ctric configurat per utilitzar c\u00e0rrega completa de 150 kw.<\/p>\n<p>La producci\u00f3 de l&#8217;e-tron estava programada per a finals d&#8217;agost, per\u00f2 la presentaci\u00f3 ha estat posposada despr\u00e9s de la detenci\u00f3&nbsp; del CEO d&#8217;Audi pel esc\u00e0ndol de les emissions de di\u00e8sel.<\/p>\n<p><img decoding=\"async\" class=\"size-full wp-image-9603 aligncenter\" src=\"https:\/\/www.v2charge.com\/wp-content\/uploads\/2018\/07\/Audi-e-tron.jpg\" alt=\"\" width=\"800\" height=\"600\">  <\/p>\n<h3>Mercedes EQ<\/h3>\n<p>Mercedes ha anunciat que el seu SUV el\u00e8ctric EQC, que s&#8217;espera que es fabriqui a Fran\u00e7a, far\u00e0 el seu debut oficial el 4 de setembre, una setmana despr\u00e9s que hagu\u00e9s de debutar l&#8217;Audi e-Tron.<\/p>\n<p>La companyia ja ha comen\u00e7at a rebre reserves per la compra d&#8217;aquest SUV el\u00e8ctric a Noruega. Es creu que tindr\u00e0 un abast de 250 milles. Mercedes tamb\u00e9 espera aprofitar la nova tecnologia de c\u00e0rrega r\u00e0pida per reposar aproximadament 62 milles d&#8217;abast en nom\u00e9s cinc minuts.<\/p>\n<p><img decoding=\"async\" class=\"size-full wp-image-9604 aligncenter\" src=\"https:\/\/www.v2charge.com\/wp-content\/uploads\/2018\/07\/mercedes-electrico.jpg\" alt=\"\" width=\"800\" height=\"600\">  <\/p>\n<h3>Volvo XC40<\/h3>\n<p>Aquesta setmana vam saber que el primer autom\u00f2bil totalment el\u00e8ctric de Volvo ser\u00e0 el petit XC40. Els membres de la companyia esperen que arribi a 240 milles i que costi uns $35,000 als EE. UU.&nbsp; Volvo tamb\u00e9 oferir\u00e0 una gamma d&#8217;h\u00edbrids endollables per a tots els seus altres models.<\/p>\n<p><img decoding=\"async\" class=\"size-full wp-image-9605 aligncenter\" src=\"https:\/\/www.v2charge.com\/wp-content\/uploads\/2018\/07\/volvo-electrico.jpg\" alt=\"\" width=\"800\" height=\"600\">  <\/p>\n<h3>BMW iX3<\/h3>\n<p>BMW va revelar el seu nou iX3 al sal\u00f3 de l&#8217;autom\u00f2bil de Pequ\u00edn a l&#8217;abril. Igual que l&#8217;Audi e-tron, assolir\u00e0 250 milles amb una c\u00e0rrega. A difer\u00e8ncia dels anteriors models de BMW, l&#8217;iX3 es basar\u00e0 en l&#8217;X3 amb el seu cos d&#8217;acer (no de fibra de carboni). Tindr\u00e0 un motor el\u00e8ctric de 270 cavalls de pot\u00e8ncia i pot carregar fins a 150 kw o una mica m\u00e9s r\u00e0pid que els Superchargers d&#8217;avui.<\/p>\n<p><img decoding=\"async\" class=\"size-full wp-image-9606 aligncenter\" src=\"https:\/\/www.v2charge.com\/wp-content\/uploads\/2018\/07\/bmw-electrico-nuevo.jpg\" alt=\"\" width=\"800\" height=\"600\">  <\/p>\n<h3>Hyundai Kona Electric<\/h3>\n<p>Un altre SUV amb abast de 250 milles, el Kona \u00e9s m\u00e9s petit i m\u00e9s barat que els seus competidors europeus. Hyundai diu que tindr\u00e0 un paquet de bateries refrigerat per l\u00edquid de 64 kwh que es troba sota del pis, motor el\u00e8ctric de 201 cavalls de pot\u00e8ncia i que obtindr\u00e0 117 MPGe, m\u00e9s que el Nissan Leaf. Per fer espai per al paquet de bateries, el Kona el\u00e8ctric tindr\u00e0 una suspensi\u00f3 posterior independent que hauria de millorar la conducci\u00f3 en comparaci\u00f3 amb el Kona de tracci\u00f3 davantera est\u00e0ndard.<\/p>\n<p><img decoding=\"async\" class=\"size-full wp-image-9607 aligncenter\" src=\"https:\/\/www.v2charge.com\/wp-content\/uploads\/2018\/07\/suv-electrico-barato.jpg\" alt=\"\" width=\"800\" height=\"600\">  <\/p>\n<h3>Kia Niro EV<\/h3>\n<p>Pot ser discutible si el Niro \u00e9s realment un SUV o un hatchback petit, per\u00f2 encaixa en la l\u00ednia de molts altres cotxes en aquesta llista amb un estil de carrosseria amb port\u00f3 posterior i tracci\u00f3 en dues rodes (davantera, en el cas del Niro). S&#8217;espera que tingui un abast de 236 milles des del seu paquet de bateries de 39.2 kwh i un motor el\u00e8ctric de 201 hp. El Niro ja est\u00e0 a la venda com un h\u00edbrid i un h\u00edbrid endollable. Kia diu que la seva versi\u00f3 del Hyundai Kona sortir\u00e0 a la venda a finals d&#8217;aquest any.<\/p>\n<p><img decoding=\"async\" class=\"size-full wp-image-9608 aligncenter\" src=\"https:\/\/www.v2charge.com\/wp-content\/uploads\/2018\/07\/kia-suv-electrico.jpg\" alt=\"\" width=\"800\" height=\"600\">  <\/p>\n<h3>Ford Mach 1<\/h3>\n<p>Ford ha insinuat que produir\u00e0 un SUV totalment el\u00e8ctric de 300 milles al estil del Mustang a partir del 2020. El vehicle tindr\u00e0 com a objectiu recrear l&#8217;aura de rendiment fora de carretera del F-150 Raptor i pot basar-se en l&#8217;arquitectura del proper Ford Escape.  <\/p>\n<h3>Tesla Model Y<\/h3>\n<p>Assumint que Tesla surti triomfant del seu &#8220;infern de producci\u00f3&#8221; amb el seu Model 3, el seu pr\u00f2xim objectiu ser\u00e0 desenvolupar el Model Y, un SUV basat en el Model 3, complet amb les portes &#8220;ala de halc\u00f3&#8221; del Model X. El model Y ser\u00e0 m\u00e9s petit que el model X, i probablement es limitar\u00e0 a cinc passatgers. \u00c9s probable que el preu sigui una mica m\u00e9s alt que el Model 3, per\u00f2 molt m\u00e9s econ\u00f2mic que el Model X.<\/p>\n","protected":false},"excerpt":{"rendered":"<p>SUV el\u00e8ctrics, Tesla Model 3 al Canad\u00e0 i furgonetes el\u00e8ctriques Mercedes-Benz. L&#8217;any 2019 es perfila com l&#8217;any de l&#8217;SUV el\u00e8ctric. Les xifres de vendes canadencs per al model 3 de Tesla continuen el seu bon ritme al maig. Mercedes-Benz presenta furgonetes de repartiment el\u00e8ctriques a Alemanya. I un nou projecte de llei t\u00e9 com a &#8230; <a title=\"SUV el\u00e8ctrics, Tesla Model 3 a Canad\u00e0 i furgonetes el\u00e8ctriques Mercedes-Benz.\" class=\"read-more\" href=\"https:\/\/v2charge.com\/ca\/suv-electrics-tesla-model-3-a-canada-i-furgonetes-electriques-mercedes-benz\/\" aria-label=\"M\u00e9s informaci\u00f3 sobre SUV el\u00e8ctrics, Tesla Model 3 a Canad\u00e0 i furgonetes el\u00e8ctriques Mercedes-Benz.\">Llegiu m\u00e9s<\/a><\/p>\n","protected":false},"author":1,"featured_media":63707,"comment_status":"closed","ping_status":"closed","sticky":false,"template":"","format":"standard","meta":{"_eb_attr":"","content-type":"","_uag_custom_page_level_css":"","footnotes":""},"categories":[],"tags":[],"class_list":["post-309894","post","type-post","status-publish","format-standard","has-post-thumbnail","hentry"],"yoast_head":"<!-- This site is optimized with the Yoast SEO plugin v25.3.1 - https:\/\/yoast.com\/wordpress\/plugins\/seo\/ -->\n<title>SUV el\u00e8ctrics que sortiran el 2019 | V2C punts de rec\u00e0rrega<\/title>\n<meta name=\"description\" content=\"SUV el\u00e8ctrics que sortiran el 2019 | V2C punts de rec\u00e0rrega. Els SUV el\u00e8ctrics seran els cotxes el\u00e8ctrics que triomfaran el 2019. V2C.\" \/>\n<meta name=\"robots\" content=\"index, follow, max-snippet:-1, max-image-preview:large, max-video-preview:-1\" \/>\n<link rel=\"canonical\" href=\"https:\/\/v2charge.com\/ca\/suv-electrics-tesla-model-3-a-canada-i-furgonetes-electriques-mercedes-benz\/\" \/>\n<meta property=\"og:locale\" content=\"ca_ES\" \/>\n<meta property=\"og:type\" content=\"article\" \/>\n<meta property=\"og:title\" content=\"SUV el\u00e8ctrics que sortiran el 2019 | V2C punts de rec\u00e0rrega\" \/>\n<meta property=\"og:description\" content=\"SUV el\u00e8ctrics que sortiran el 2019 | V2C punts de rec\u00e0rrega. Els SUV el\u00e8ctrics seran els cotxes el\u00e8ctrics que triomfaran el 2019. V2C.\" \/>\n<meta property=\"og:url\" content=\"https:\/\/v2charge.com\/ca\/suv-electrics-tesla-model-3-a-canada-i-furgonetes-electriques-mercedes-benz\/\" \/>\n<meta property=\"og:site_name\" content=\"V2C\" \/>\n<meta property=\"article:publisher\" content=\"https:\/\/www.facebook.com\/V2C.Charge\" \/>\n<meta property=\"article:published_time\" content=\"2018-07-05T08:49:08+00:00\" \/>\n<meta property=\"article:modified_time\" content=\"2023-07-19T07:03:38+00:00\" \/>\n<meta property=\"og:image\" content=\"https:\/\/v2charge.com\/wp-content\/uploads\/2018\/07\/SUV-electrico-1.jpg\" \/>\n\t<meta property=\"og:image:width\" content=\"800\" \/>\n\t<meta property=\"og:image:height\" content=\"600\" \/>\n\t<meta property=\"og:image:type\" content=\"image\/jpeg\" \/>\n<meta name=\"author\" content=\"V2C\" \/>\n<meta name=\"twitter:card\" content=\"summary_large_image\" \/>\n<meta name=\"twitter:creator\" content=\"@V2C_Charge\" \/>\n<meta name=\"twitter:site\" content=\"@V2C_Charge\" \/>\n<meta name=\"twitter:label1\" content=\"Escrit per\" \/>\n\t<meta name=\"twitter:data1\" content=\"V2C\" \/>\n\t<meta name=\"twitter:label2\" content=\"Temps estimat de lectura\" \/>\n\t<meta name=\"twitter:data2\" content=\"7 minuts\" \/>\n<script type=\"application\/ld+json\" class=\"yoast-schema-graph\">{\"@context\":\"https:\/\/schema.org\",\"@graph\":[{\"@type\":\"Article\",\"@id\":\"https:\/\/v2charge.com\/ca\/suv-electrics-tesla-model-3-a-canada-i-furgonetes-electriques-mercedes-benz\/#article\",\"isPartOf\":{\"@id\":\"https:\/\/v2charge.com\/ca\/suv-electrics-tesla-model-3-a-canada-i-furgonetes-electriques-mercedes-benz\/\"},\"author\":{\"name\":\"V2C\",\"@id\":\"https:\/\/v2charge.com\/ca\/#\/schema\/person\/f29e67a85380accce2b8b9139c993f42\"},\"headline\":\"SUV el\u00e8ctrics, Tesla Model 3 a Canad\u00e0 i furgonetes el\u00e8ctriques Mercedes-Benz.\",\"datePublished\":\"2018-07-05T08:49:08+00:00\",\"dateModified\":\"2023-07-19T07:03:38+00:00\",\"mainEntityOfPage\":{\"@id\":\"https:\/\/v2charge.com\/ca\/suv-electrics-tesla-model-3-a-canada-i-furgonetes-electriques-mercedes-benz\/\"},\"wordCount\":1103,\"publisher\":{\"@id\":\"https:\/\/v2charge.com\/ca\/#organization\"},\"image\":{\"@id\":\"https:\/\/v2charge.com\/ca\/suv-electrics-tesla-model-3-a-canada-i-furgonetes-electriques-mercedes-benz\/#primaryimage\"},\"thumbnailUrl\":\"https:\/\/v2charge.com\/wp-content\/uploads\/2018\/07\/SUV-electrico-1.jpg\",\"inLanguage\":\"ca\"},{\"@type\":\"WebPage\",\"@id\":\"https:\/\/v2charge.com\/ca\/suv-electrics-tesla-model-3-a-canada-i-furgonetes-electriques-mercedes-benz\/\",\"url\":\"https:\/\/v2charge.com\/ca\/suv-electrics-tesla-model-3-a-canada-i-furgonetes-electriques-mercedes-benz\/\",\"name\":\"SUV el\u00e8ctrics que sortiran el 2019 | V2C punts de rec\u00e0rrega\",\"isPartOf\":{\"@id\":\"https:\/\/v2charge.com\/ca\/#website\"},\"primaryImageOfPage\":{\"@id\":\"https:\/\/v2charge.com\/ca\/suv-electrics-tesla-model-3-a-canada-i-furgonetes-electriques-mercedes-benz\/#primaryimage\"},\"image\":{\"@id\":\"https:\/\/v2charge.com\/ca\/suv-electrics-tesla-model-3-a-canada-i-furgonetes-electriques-mercedes-benz\/#primaryimage\"},\"thumbnailUrl\":\"https:\/\/v2charge.com\/wp-content\/uploads\/2018\/07\/SUV-electrico-1.jpg\",\"datePublished\":\"2018-07-05T08:49:08+00:00\",\"dateModified\":\"2023-07-19T07:03:38+00:00\",\"description\":\"SUV el\u00e8ctrics que sortiran el 2019 | V2C punts de rec\u00e0rrega. Els SUV el\u00e8ctrics seran els cotxes el\u00e8ctrics que triomfaran el 2019. V2C.\",\"breadcrumb\":{\"@id\":\"https:\/\/v2charge.com\/ca\/suv-electrics-tesla-model-3-a-canada-i-furgonetes-electriques-mercedes-benz\/#breadcrumb\"},\"inLanguage\":\"ca\",\"potentialAction\":[{\"@type\":\"ReadAction\",\"target\":[\"https:\/\/v2charge.com\/ca\/suv-electrics-tesla-model-3-a-canada-i-furgonetes-electriques-mercedes-benz\/\"]}]},{\"@type\":\"ImageObject\",\"inLanguage\":\"ca\",\"@id\":\"https:\/\/v2charge.com\/ca\/suv-electrics-tesla-model-3-a-canada-i-furgonetes-electriques-mercedes-benz\/#primaryimage\",\"url\":\"https:\/\/v2charge.com\/wp-content\/uploads\/2018\/07\/SUV-electrico-1.jpg\",\"contentUrl\":\"https:\/\/v2charge.com\/wp-content\/uploads\/2018\/07\/SUV-electrico-1.jpg\",\"width\":800,\"height\":600},{\"@type\":\"BreadcrumbList\",\"@id\":\"https:\/\/v2charge.com\/ca\/suv-electrics-tesla-model-3-a-canada-i-furgonetes-electriques-mercedes-benz\/#breadcrumb\",\"itemListElement\":[{\"@type\":\"ListItem\",\"position\":1,\"name\":\"V2C\",\"item\":\"https:\/\/v2charge.com\/ca\/\"},{\"@type\":\"ListItem\",\"position\":2,\"name\":\"SUV el\u00e8ctrics, Tesla Model 3 a Canad\u00e0 i furgonetes el\u00e8ctriques Mercedes-Benz.\"}]},{\"@type\":\"WebSite\",\"@id\":\"https:\/\/v2charge.com\/ca\/#website\",\"url\":\"https:\/\/v2charge.com\/ca\/\",\"name\":\"V2C\",\"description\":\"#CargandoElMa\u00f1ana\",\"publisher\":{\"@id\":\"https:\/\/v2charge.com\/ca\/#organization\"},\"potentialAction\":[{\"@type\":\"SearchAction\",\"target\":{\"@type\":\"EntryPoint\",\"urlTemplate\":\"https:\/\/v2charge.com\/ca\/?s={search_term_string}\"},\"query-input\":{\"@type\":\"PropertyValueSpecification\",\"valueRequired\":true,\"valueName\":\"search_term_string\"}}],\"inLanguage\":\"ca\"},{\"@type\":\"Organization\",\"@id\":\"https:\/\/v2charge.com\/ca\/#organization\",\"name\":\"V2C\",\"url\":\"https:\/\/v2charge.com\/ca\/\",\"logo\":{\"@type\":\"ImageObject\",\"inLanguage\":\"ca\",\"@id\":\"https:\/\/v2charge.com\/ca\/#\/schema\/logo\/image\/\",\"url\":\"https:\/\/v2charge.com\/wp-content\/uploads\/2024\/11\/cropped-v2c-charge-logo-menu.png\",\"contentUrl\":\"https:\/\/v2charge.com\/wp-content\/uploads\/2024\/11\/cropped-v2c-charge-logo-menu.png\",\"width\":984,\"height\":431,\"caption\":\"V2C\"},\"image\":{\"@id\":\"https:\/\/v2charge.com\/ca\/#\/schema\/logo\/image\/\"},\"sameAs\":[\"https:\/\/www.facebook.com\/V2C.Charge\",\"https:\/\/x.com\/V2C_Charge\",\"https:\/\/www.instagram.com\/v2c.charge\/\",\"https:\/\/www.youtube.com\/@V2C\",\"https:\/\/www.linkedin.com\/company\/v2c-chargers\/\"]},{\"@type\":\"Person\",\"@id\":\"https:\/\/v2charge.com\/ca\/#\/schema\/person\/f29e67a85380accce2b8b9139c993f42\",\"name\":\"V2C\",\"image\":{\"@type\":\"ImageObject\",\"inLanguage\":\"ca\",\"@id\":\"https:\/\/v2charge.com\/ca\/#\/schema\/person\/image\/\",\"url\":\"https:\/\/secure.gravatar.com\/avatar\/6b569efe71f377f865d3c6d7d046c620e6ecf71400555f6ac3a8d31ade20562b?s=96&d=mm&r=g\",\"contentUrl\":\"https:\/\/secure.gravatar.com\/avatar\/6b569efe71f377f865d3c6d7d046c620e6ecf71400555f6ac3a8d31ade20562b?s=96&d=mm&r=g\",\"caption\":\"V2C\"}}]}<\/script>\n<!-- \/ Yoast SEO plugin. -->","yoast_head_json":{"title":"SUV el\u00e8ctrics que sortiran el 2019 | V2C punts de rec\u00e0rrega","description":"SUV el\u00e8ctrics que sortiran el 2019 | V2C punts de rec\u00e0rrega. Els SUV el\u00e8ctrics seran els cotxes el\u00e8ctrics que triomfaran el 2019. V2C.","robots":{"index":"index","follow":"follow","max-snippet":"max-snippet:-1","max-image-preview":"max-image-preview:large","max-video-preview":"max-video-preview:-1"},"canonical":"https:\/\/v2charge.com\/ca\/suv-electrics-tesla-model-3-a-canada-i-furgonetes-electriques-mercedes-benz\/","og_locale":"ca_ES","og_type":"article","og_title":"SUV el\u00e8ctrics que sortiran el 2019 | V2C punts de rec\u00e0rrega","og_description":"SUV el\u00e8ctrics que sortiran el 2019 | V2C punts de rec\u00e0rrega. Els SUV el\u00e8ctrics seran els cotxes el\u00e8ctrics que triomfaran el 2019. V2C.","og_url":"https:\/\/v2charge.com\/ca\/suv-electrics-tesla-model-3-a-canada-i-furgonetes-electriques-mercedes-benz\/","og_site_name":"V2C","article_publisher":"https:\/\/www.facebook.com\/V2C.Charge","article_published_time":"2018-07-05T08:49:08+00:00","article_modified_time":"2023-07-19T07:03:38+00:00","og_image":[{"width":800,"height":600,"url":"https:\/\/v2charge.com\/wp-content\/uploads\/2018\/07\/SUV-electrico-1.jpg","type":"image\/jpeg"}],"author":"V2C","twitter_card":"summary_large_image","twitter_creator":"@V2C_Charge","twitter_site":"@V2C_Charge","twitter_misc":{"Escrit per":"V2C","Temps estimat de lectura":"7 minuts"},"schema":{"@context":"https:\/\/schema.org","@graph":[{"@type":"Article","@id":"https:\/\/v2charge.com\/ca\/suv-electrics-tesla-model-3-a-canada-i-furgonetes-electriques-mercedes-benz\/#article","isPartOf":{"@id":"https:\/\/v2charge.com\/ca\/suv-electrics-tesla-model-3-a-canada-i-furgonetes-electriques-mercedes-benz\/"},"author":{"name":"V2C","@id":"https:\/\/v2charge.com\/ca\/#\/schema\/person\/f29e67a85380accce2b8b9139c993f42"},"headline":"SUV el\u00e8ctrics, Tesla Model 3 a Canad\u00e0 i furgonetes el\u00e8ctriques Mercedes-Benz.","datePublished":"2018-07-05T08:49:08+00:00","dateModified":"2023-07-19T07:03:38+00:00","mainEntityOfPage":{"@id":"https:\/\/v2charge.com\/ca\/suv-electrics-tesla-model-3-a-canada-i-furgonetes-electriques-mercedes-benz\/"},"wordCount":1103,"publisher":{"@id":"https:\/\/v2charge.com\/ca\/#organization"},"image":{"@id":"https:\/\/v2charge.com\/ca\/suv-electrics-tesla-model-3-a-canada-i-furgonetes-electriques-mercedes-benz\/#primaryimage"},"thumbnailUrl":"https:\/\/v2charge.com\/wp-content\/uploads\/2018\/07\/SUV-electrico-1.jpg","inLanguage":"ca"},{"@type":"WebPage","@id":"https:\/\/v2charge.com\/ca\/suv-electrics-tesla-model-3-a-canada-i-furgonetes-electriques-mercedes-benz\/","url":"https:\/\/v2charge.com\/ca\/suv-electrics-tesla-model-3-a-canada-i-furgonetes-electriques-mercedes-benz\/","name":"SUV el\u00e8ctrics que sortiran el 2019 | V2C punts de rec\u00e0rrega","isPartOf":{"@id":"https:\/\/v2charge.com\/ca\/#website"},"primaryImageOfPage":{"@id":"https:\/\/v2charge.com\/ca\/suv-electrics-tesla-model-3-a-canada-i-furgonetes-electriques-mercedes-benz\/#primaryimage"},"image":{"@id":"https:\/\/v2charge.com\/ca\/suv-electrics-tesla-model-3-a-canada-i-furgonetes-electriques-mercedes-benz\/#primaryimage"},"thumbnailUrl":"https:\/\/v2charge.com\/wp-content\/uploads\/2018\/07\/SUV-electrico-1.jpg","datePublished":"2018-07-05T08:49:08+00:00","dateModified":"2023-07-19T07:03:38+00:00","description":"SUV el\u00e8ctrics que sortiran el 2019 | V2C punts de rec\u00e0rrega. Els SUV el\u00e8ctrics seran els cotxes el\u00e8ctrics que triomfaran el 2019. V2C.","breadcrumb":{"@id":"https:\/\/v2charge.com\/ca\/suv-electrics-tesla-model-3-a-canada-i-furgonetes-electriques-mercedes-benz\/#breadcrumb"},"inLanguage":"ca","potentialAction":[{"@type":"ReadAction","target":["https:\/\/v2charge.com\/ca\/suv-electrics-tesla-model-3-a-canada-i-furgonetes-electriques-mercedes-benz\/"]}]},{"@type":"ImageObject","inLanguage":"ca","@id":"https:\/\/v2charge.com\/ca\/suv-electrics-tesla-model-3-a-canada-i-furgonetes-electriques-mercedes-benz\/#primaryimage","url":"https:\/\/v2charge.com\/wp-content\/uploads\/2018\/07\/SUV-electrico-1.jpg","contentUrl":"https:\/\/v2charge.com\/wp-content\/uploads\/2018\/07\/SUV-electrico-1.jpg","width":800,"height":600},{"@type":"BreadcrumbList","@id":"https:\/\/v2charge.com\/ca\/suv-electrics-tesla-model-3-a-canada-i-furgonetes-electriques-mercedes-benz\/#breadcrumb","itemListElement":[{"@type":"ListItem","position":1,"name":"V2C","item":"https:\/\/v2charge.com\/ca\/"},{"@type":"ListItem","position":2,"name":"SUV el\u00e8ctrics, Tesla Model 3 a Canad\u00e0 i furgonetes el\u00e8ctriques Mercedes-Benz."}]},{"@type":"WebSite","@id":"https:\/\/v2charge.com\/ca\/#website","url":"https:\/\/v2charge.com\/ca\/","name":"V2C","description":"#CargandoElMa\u00f1ana","publisher":{"@id":"https:\/\/v2charge.com\/ca\/#organization"},"potentialAction":[{"@type":"SearchAction","target":{"@type":"EntryPoint","urlTemplate":"https:\/\/v2charge.com\/ca\/?s={search_term_string}"},"query-input":{"@type":"PropertyValueSpecification","valueRequired":true,"valueName":"search_term_string"}}],"inLanguage":"ca"},{"@type":"Organization","@id":"https:\/\/v2charge.com\/ca\/#organization","name":"V2C","url":"https:\/\/v2charge.com\/ca\/","logo":{"@type":"ImageObject","inLanguage":"ca","@id":"https:\/\/v2charge.com\/ca\/#\/schema\/logo\/image\/","url":"https:\/\/v2charge.com\/wp-content\/uploads\/2024\/11\/cropped-v2c-charge-logo-menu.png","contentUrl":"https:\/\/v2charge.com\/wp-content\/uploads\/2024\/11\/cropped-v2c-charge-logo-menu.png","width":984,"height":431,"caption":"V2C"},"image":{"@id":"https:\/\/v2charge.com\/ca\/#\/schema\/logo\/image\/"},"sameAs":["https:\/\/www.facebook.com\/V2C.Charge","https:\/\/x.com\/V2C_Charge","https:\/\/www.instagram.com\/v2c.charge\/","https:\/\/www.youtube.com\/@V2C","https:\/\/www.linkedin.com\/company\/v2c-chargers\/"]},{"@type":"Person","@id":"https:\/\/v2charge.com\/ca\/#\/schema\/person\/f29e67a85380accce2b8b9139c993f42","name":"V2C","image":{"@type":"ImageObject","inLanguage":"ca","@id":"https:\/\/v2charge.com\/ca\/#\/schema\/person\/image\/","url":"https:\/\/secure.gravatar.com\/avatar\/6b569efe71f377f865d3c6d7d046c620e6ecf71400555f6ac3a8d31ade20562b?s=96&d=mm&r=g","contentUrl":"https:\/\/secure.gravatar.com\/avatar\/6b569efe71f377f865d3c6d7d046c620e6ecf71400555f6ac3a8d31ade20562b?s=96&d=mm&r=g","caption":"V2C"}}]}},"uagb_featured_image_src":{"full":["https:\/\/v2charge.com\/wp-content\/uploads\/2018\/07\/SUV-electrico-1.jpg",800,600,false],"thumbnail":["https:\/\/v2charge.com\/wp-content\/uploads\/2018\/07\/SUV-electrico-1-150x150.jpg",150,150,true],"medium":["https:\/\/v2charge.com\/wp-content\/uploads\/2018\/07\/SUV-electrico-1-300x225.jpg",300,225,true],"medium_large":["https:\/\/v2charge.com\/wp-content\/uploads\/2018\/07\/SUV-electrico-1-768x576.jpg",768,576,true],"large":["https:\/\/v2charge.com\/wp-content\/uploads\/2018\/07\/SUV-electrico-1.jpg",800,600,false],"gs-tiny":["https:\/\/v2charge.com\/wp-content\/uploads\/2018\/07\/SUV-electrico-1.jpg",50,38,false],"xl":["https:\/\/v2charge.com\/wp-content\/uploads\/2018\/07\/SUV-electrico-1.jpg",800,600,false],"xxl":["https:\/\/v2charge.com\/wp-content\/uploads\/2018\/07\/SUV-electrico-1.jpg",800,600,false],"xxxl":["https:\/\/v2charge.com\/wp-content\/uploads\/2018\/07\/SUV-electrico-1.jpg",800,600,false],"xxxxl":["https:\/\/v2charge.com\/wp-content\/uploads\/2018\/07\/SUV-electrico-1.jpg",800,600,false],"xxxxxl":["https:\/\/v2charge.com\/wp-content\/uploads\/2018\/07\/SUV-electrico-1.jpg",800,600,false],"1536x1536":["https:\/\/v2charge.com\/wp-content\/uploads\/2018\/07\/SUV-electrico-1.jpg",800,600,false],"2048x2048":["https:\/\/v2charge.com\/wp-content\/uploads\/2018\/07\/SUV-electrico-1.jpg",800,600,false]},"uagb_author_info":{"display_name":"V2C","author_link":"https:\/\/v2charge.com\/ca\/author\/root_k4eu7ki8\/"},"uagb_comment_info":0,"uagb_excerpt":"SUV el\u00e8ctrics, Tesla Model 3 al Canad\u00e0 i furgonetes el\u00e8ctriques Mercedes-Benz. L&#8217;any 2019 es perfila com l&#8217;any de l&#8217;SUV el\u00e8ctric. Les xifres de vendes canadencs per al model 3 de Tesla continuen el seu bon ritme al maig. Mercedes-Benz presenta furgonetes de repartiment el\u00e8ctriques a Alemanya. I un nou projecte de llei t\u00e9 com a&hellip;","_links":{"self":[{"href":"https:\/\/v2charge.com\/ca\/wp-json\/wp\/v2\/posts\/309894","targetHints":{"allow":["GET"]}}],"collection":[{"href":"https:\/\/v2charge.com\/ca\/wp-json\/wp\/v2\/posts"}],"about":[{"href":"https:\/\/v2charge.com\/ca\/wp-json\/wp\/v2\/types\/post"}],"author":[{"embeddable":true,"href":"https:\/\/v2charge.com\/ca\/wp-json\/wp\/v2\/users\/1"}],"replies":[{"embeddable":true,"href":"https:\/\/v2charge.com\/ca\/wp-json\/wp\/v2\/comments?post=309894"}],"version-history":[{"count":0,"href":"https:\/\/v2charge.com\/ca\/wp-json\/wp\/v2\/posts\/309894\/revisions"}],"wp:featuredmedia":[{"embeddable":true,"href":"https:\/\/v2charge.com\/ca\/wp-json\/wp\/v2\/media\/63707"}],"wp:attachment":[{"href":"https:\/\/v2charge.com\/ca\/wp-json\/wp\/v2\/media?parent=309894"}],"wp:term":[{"taxonomy":"category","embeddable":true,"href":"https:\/\/v2charge.com\/ca\/wp-json\/wp\/v2\/categories?post=309894"},{"taxonomy":"post_tag","embeddable":true,"href":"https:\/\/v2charge.com\/ca\/wp-json\/wp\/v2\/tags?post=309894"}],"curies":[{"name":"wp","href":"https:\/\/api.w.org\/{rel}","templated":true}]}}