{"id":309911,"date":"2018-08-09T10:36:59","date_gmt":"2018-08-09T10:36:59","guid":{"rendered":""},"modified":"2024-07-08T09:06:43","modified_gmt":"2024-07-08T07:06:43","slug":"punts-de-recarrega-per-als-cotxes-electrics-mes-economics-d-espanya","status":"publish","type":"post","link":"https:\/\/v2charge.com\/ca\/punts-de-recarrega-per-als-cotxes-electrics-mes-economics-d-espanya\/","title":{"rendered":"Punts de rec\u00e0rrega per als cotxes el\u00e8ctrics m\u00e9s econ\u00f2mics d&#8217;Espanya"},"content":{"rendered":"<p>Per recarregar un cotxe el\u00e8ctric hem de tenir en compte el tipus de connector que utilitza el model de cotxe el\u00e8ctric. Existeix el tipus de connector Tipus 1 i el tipus de <strong><a href=\"https:\/\/v2charge.com\/ca\/conector-mennekes-tipus-2-caracteristiques-i-avantatges\/\">connector Mennekes Tipus 2<\/a><\/strong>. En aquesta taula podr\u00e0s consultar quin tipus de connector fan servir els cotxes el\u00e8ctrics m\u00e9s econ\u00f2mics que pots comprar a Espanya.<\/p>\n<div style=\"overflow-x: auto;\">\n<table class=\"tabla-datos\">\n<thead><\/thead>\n<tbody>\n<tr>\n<td><strong><span style=\"color: #0066b2;\">MODEL<\/span><\/strong><\/td>\n<td><strong><span style=\"color: #0066b2;\">MOTOR<\/span><\/strong><\/td>\n<td>\n<p class=\"vc_custom_heading\"><strong><span style=\"color: #0066b2;\">TIPUS DE CONNECTOR<\/span><\/strong><\/p>\n<\/td>\n<td><strong><span style=\"color: #0066b2;\">BATERIA<\/span><\/strong><\/td>\n<td><strong><span style=\"color: #0066b2;\">AUTONOMIA<\/span><\/strong><\/td>\n<td><strong><span style=\"color: #0066b2;\">PREU<\/span><\/strong><\/td>\n<\/tr>\n<tr>\n<td>\u00a0Renault ZOE<\/td>\n<td>68 kW (92 CV)<\/td>\n<td>\n<p class=\"vc_custom_heading\">TIPUS 2 (MENNEKES \u2013 IEC 62196)<\/p>\n<\/td>\n<td>41 kWh<\/td>\n<td>300 km<\/td>\n<td>21.630 euros<\/td>\n<\/tr>\n<tr>\n<td>Citro\u00ebn C-Z\u00e9ro<\/td>\n<td>49 kW (67 CV)<\/td>\n<td>TIPUS 1 (Cable SAE J1772)<\/td>\n<td>15,2 kWh<\/td>\n<td>100 km<\/td>\n<td>21.870 euros<\/td>\n<\/tr>\n<tr>\n<td>Tazzari EV Zero EM2 Space<\/td>\n<td>30 kW (41 CV)<\/td>\n<td>TIPUS 2 (MENNEKES \u2013 IEC 62196)<\/td>\n<td>15 kWh<\/td>\n<td>100 km (200 a 50 km\/h)<\/td>\n<td>22.800 euros<\/td>\n<\/tr>\n<tr>\n<td>Citro\u00ebn e-M\u00e9hari<\/td>\n<td>50 kW (68 CV)<\/td>\n<td>TIPUS 1 (Cable SAE J1772)<\/td>\n<td>30 kWh<\/td>\n<td>120 km<\/td>\n<td>23.706 euros<\/td>\n<\/tr>\n<tr>\n<td>smart EQ fortwo<\/td>\n<td>60 kW (82 CV)<\/td>\n<td>TIPUS 2 (MENNEKES \u2013 IEC 62196)<\/td>\n<td>17,6 kWh<\/td>\n<td>100 km<\/td>\n<td>23.737 euros<\/td>\n<\/tr>\n<tr>\n<td>Kia Soul EV<\/td>\n<td>81,4 kW (111 CV)<\/td>\n<td>TIPUS 1 (Cable SAE J1772)<\/td>\n<td>27 kWh<\/td>\n<td>150 km<\/td>\n<td>33.550 euros (23.876 eur)<\/td>\n<\/tr>\n<tr>\n<td>Hyundai Ioniq Electric<\/td>\n<td>88 kW (120 CV)<\/td>\n<td>TIPUS 2 (MENNEKES \u2013 IEC 62196)<\/td>\n<td>28 kWh<\/td>\n<td>200 km<\/td>\n<td>34.925 euros (24.225 eur)<\/td>\n<\/tr>\n<tr>\n<td>smart EQ forfour<\/td>\n<td>60 kW (82 CV)<\/td>\n<td>TIPUS 2 (MENNEKES \u2013 IEC 62196)<\/td>\n<td>17,6 kWh<\/td>\n<td>100 km<\/td>\n<td>24.402 euros<\/td>\n<\/tr>\n<tr>\n<td>Mitsubishi i-MiEV<\/td>\n<td>49 kW (67 CV)<\/td>\n<td>TIPUS 1 (Cable SAE J1772)<\/td>\n<td>15,2 kWh<\/td>\n<td>100 km<\/td>\n<td>25.000 euros<\/td>\n<\/tr>\n<tr>\n<td>Peugeot iOn<\/td>\n<td>49 kW (67 CV)<\/td>\n<td>TIPUS 1 (Cable SAE J1772)<\/td>\n<td>15,2 kWh<\/td>\n<td>100 km<\/td>\n<td>26.450 euros<\/td>\n<\/tr>\n<tr>\n<td>smart EQ fortwo cabrio<\/td>\n<td>60 kW (82 CV)<\/td>\n<td>TIPUS 2 (MENNEKES \u2013 IEC 62196)<\/td>\n<td>17,6 kWh<\/td>\n<td>100 km<\/td>\n<td>27.167 euros<\/td>\n<\/tr>\n<tr>\n<td>Volkswagen e-up!<\/td>\n<td>60 kW (82 CV)<\/td>\n<td>TIPUS 2 (MENNEKES \u2013 IEC 62196)<\/td>\n<td>18,7 kWh<\/td>\n<td>100 km<\/td>\n<td>28.380 euros<\/td>\n<\/tr>\n<tr>\n<td>Nissan Leaf 2018 (acabament Visia)<\/td>\n<td>110 kW (150 CV)<\/td>\n<td>TIPUS 2 (MENNEKES \u2013 IEC 62196)<\/td>\n<td>40 kWh<\/td>\n<td>270 km<\/td>\n<td>30.300 euros<\/td>\n<\/tr>\n<tr>\n<td>BMW i3 94Ah<\/td>\n<td>125 kW (170CV)<\/td>\n<td>TIPUS 2 (MENNEKES \u2013 IEC 62196)<\/td>\n<td>27,2 kWh<\/td>\n<td>185 km<\/td>\n<td>38.200 euros<\/td>\n<\/tr>\n<tr>\n<td>Volkswagen e-Golf<\/td>\n<td>100 kW (136 CV)<\/td>\n<td>TIPUS 2 (MENNEKES \u2013 IEC 62196)<\/td>\n<td>35,8 kWh<\/td>\n<td>200 km<\/td>\n<td>38.435 euros<\/td>\n<\/tr>\n<\/tbody>\n<\/table>\n<\/div>\n<p>La font del contingut sobre models, bateries, autonomia i preu \u00e9s de<a href=\"http:\/\/www.xataka.com\" rel=\"nofollow\">\u00a0https:\/\/www.xataka.com\/automovil\/los-coches-electricos-mas-baratos-y-con-mas-autonomia-que-ya-se-pueden-comprar<\/a><\/p>\n<p>La font de contingut sobre el tipus de connector \u00e9s de la <a href=\"https:\/\/www.lugenergy.com\/puntos-recarga-coches-electricos\/\">empresa instal\u00b7ladora de punts de rec\u00e0rrega Lugenergy<\/a><\/p>\n<p>Si est\u00e0s interessat a comprar un punt de rec\u00e0rrega per cotxe el\u00e8ctric pots visitar la nostra p\u00e0gina de <strong><a href=\"https:\/\/v2charge.com\/ca\/e-carregadors\/\">e-chargers<\/a><\/strong> els models que tenim disponibles i les caracter\u00edstiques de cadascun d&#8217;ells.<\/p>\n","protected":false},"excerpt":{"rendered":"<p>Per recarregar un cotxe el\u00e8ctric hem de tenir en compte el tipus de connector que utilitza el model de cotxe el\u00e8ctric. Existeix el tipus de connector Tipus 1 i el tipus de connector Mennekes Tipus 2. En aquesta taula podr\u00e0s consultar quin tipus de connector fan servir els cotxes el\u00e8ctrics m\u00e9s econ\u00f2mics que pots comprar &#8230; <a title=\"Punts de rec\u00e0rrega per als cotxes el\u00e8ctrics m\u00e9s econ\u00f2mics d&#8217;Espanya\" class=\"read-more\" href=\"https:\/\/v2charge.com\/ca\/punts-de-recarrega-per-als-cotxes-electrics-mes-economics-d-espanya\/\" aria-label=\"M\u00e9s informaci\u00f3 sobre Punts de rec\u00e0rrega per als cotxes el\u00e8ctrics m\u00e9s econ\u00f2mics d&#8217;Espanya\">Llegiu m\u00e9s<\/a><\/p>\n","protected":false},"author":1,"featured_media":63611,"comment_status":"closed","ping_status":"closed","sticky":false,"template":"","format":"standard","meta":{"_eb_attr":"","content-type":"","_uag_custom_page_level_css":"","footnotes":""},"categories":[],"tags":[],"class_list":["post-309911","post","type-post","status-publish","format-standard","has-post-thumbnail","hentry"],"yoast_head":"<!-- This site is optimized with the Yoast SEO plugin v25.3.1 - https:\/\/yoast.com\/wordpress\/plugins\/seo\/ -->\n<title>Marques de cotxes el\u00e8ctrics i tipus de connectors | V2C<\/title>\n<meta name=\"description\" content=\"Els cotxes el\u00e8ctrics m\u00e9s venuts a Espanya i el punt de rec\u00e0rrega que necessiten. Vols saber com carregar el teu model de cotxe el\u00e8ctric?\" \/>\n<meta name=\"robots\" content=\"index, follow, max-snippet:-1, max-image-preview:large, max-video-preview:-1\" \/>\n<link rel=\"canonical\" href=\"https:\/\/v2charge.com\/ca\/punts-de-recarrega-per-als-cotxes-electrics-mes-economics-d-espanya\/\" \/>\n<meta property=\"og:locale\" content=\"ca_ES\" \/>\n<meta property=\"og:type\" content=\"article\" \/>\n<meta property=\"og:title\" content=\"Marques de cotxes el\u00e8ctrics i tipus de connectors | V2C\" \/>\n<meta property=\"og:description\" content=\"Els cotxes el\u00e8ctrics m\u00e9s venuts a Espanya i el punt de rec\u00e0rrega que necessiten. Vols saber com carregar el teu model de cotxe el\u00e8ctric?\" \/>\n<meta property=\"og:url\" content=\"https:\/\/v2charge.com\/ca\/punts-de-recarrega-per-als-cotxes-electrics-mes-economics-d-espanya\/\" \/>\n<meta property=\"og:site_name\" content=\"V2C\" \/>\n<meta property=\"article:publisher\" content=\"https:\/\/www.facebook.com\/V2C.Charge\" \/>\n<meta property=\"article:published_time\" content=\"2018-08-09T10:36:59+00:00\" \/>\n<meta property=\"article:modified_time\" content=\"2024-07-08T07:06:43+00:00\" \/>\n<meta property=\"og:image\" content=\"https:\/\/v2charge.com\/wp-content\/uploads\/2018\/08\/punto-recarga-renault-zoe.jpg\" \/>\n\t<meta property=\"og:image:width\" content=\"800\" \/>\n\t<meta property=\"og:image:height\" content=\"600\" \/>\n\t<meta property=\"og:image:type\" content=\"image\/jpeg\" \/>\n<meta name=\"author\" content=\"V2C\" \/>\n<meta name=\"twitter:card\" content=\"summary_large_image\" \/>\n<meta name=\"twitter:creator\" content=\"@V2C_Charge\" \/>\n<meta name=\"twitter:site\" content=\"@V2C_Charge\" \/>\n<meta name=\"twitter:label1\" content=\"Escrit per\" \/>\n\t<meta name=\"twitter:data1\" content=\"V2C\" \/>\n\t<meta name=\"twitter:label2\" content=\"Temps estimat de lectura\" \/>\n\t<meta name=\"twitter:data2\" content=\"3 minuts\" \/>\n<script type=\"application\/ld+json\" class=\"yoast-schema-graph\">{\"@context\":\"https:\/\/schema.org\",\"@graph\":[{\"@type\":\"Article\",\"@id\":\"https:\/\/v2charge.com\/ca\/punts-de-recarrega-per-als-cotxes-electrics-mes-economics-d-espanya\/#article\",\"isPartOf\":{\"@id\":\"https:\/\/v2charge.com\/ca\/punts-de-recarrega-per-als-cotxes-electrics-mes-economics-d-espanya\/\"},\"author\":{\"name\":\"V2C\",\"@id\":\"https:\/\/v2charge.com\/ca\/#\/schema\/person\/f29e67a85380accce2b8b9139c993f42\"},\"headline\":\"Punts de rec\u00e0rrega per als cotxes el\u00e8ctrics m\u00e9s econ\u00f2mics d&#8217;Espanya\",\"datePublished\":\"2018-08-09T10:36:59+00:00\",\"dateModified\":\"2024-07-08T07:06:43+00:00\",\"mainEntityOfPage\":{\"@id\":\"https:\/\/v2charge.com\/ca\/punts-de-recarrega-per-als-cotxes-electrics-mes-economics-d-espanya\/\"},\"wordCount\":335,\"publisher\":{\"@id\":\"https:\/\/v2charge.com\/ca\/#organization\"},\"image\":{\"@id\":\"https:\/\/v2charge.com\/ca\/punts-de-recarrega-per-als-cotxes-electrics-mes-economics-d-espanya\/#primaryimage\"},\"thumbnailUrl\":\"https:\/\/v2charge.com\/wp-content\/uploads\/2018\/08\/punto-recarga-renault-zoe.jpg\",\"inLanguage\":\"ca\"},{\"@type\":\"WebPage\",\"@id\":\"https:\/\/v2charge.com\/ca\/punts-de-recarrega-per-als-cotxes-electrics-mes-economics-d-espanya\/\",\"url\":\"https:\/\/v2charge.com\/ca\/punts-de-recarrega-per-als-cotxes-electrics-mes-economics-d-espanya\/\",\"name\":\"Marques de cotxes el\u00e8ctrics i tipus de connectors | V2C\",\"isPartOf\":{\"@id\":\"https:\/\/v2charge.com\/ca\/#website\"},\"primaryImageOfPage\":{\"@id\":\"https:\/\/v2charge.com\/ca\/punts-de-recarrega-per-als-cotxes-electrics-mes-economics-d-espanya\/#primaryimage\"},\"image\":{\"@id\":\"https:\/\/v2charge.com\/ca\/punts-de-recarrega-per-als-cotxes-electrics-mes-economics-d-espanya\/#primaryimage\"},\"thumbnailUrl\":\"https:\/\/v2charge.com\/wp-content\/uploads\/2018\/08\/punto-recarga-renault-zoe.jpg\",\"datePublished\":\"2018-08-09T10:36:59+00:00\",\"dateModified\":\"2024-07-08T07:06:43+00:00\",\"description\":\"Els cotxes el\u00e8ctrics m\u00e9s venuts a Espanya i el punt de rec\u00e0rrega que necessiten. Vols saber com carregar el teu model de cotxe el\u00e8ctric?\",\"breadcrumb\":{\"@id\":\"https:\/\/v2charge.com\/ca\/punts-de-recarrega-per-als-cotxes-electrics-mes-economics-d-espanya\/#breadcrumb\"},\"inLanguage\":\"ca\",\"potentialAction\":[{\"@type\":\"ReadAction\",\"target\":[\"https:\/\/v2charge.com\/ca\/punts-de-recarrega-per-als-cotxes-electrics-mes-economics-d-espanya\/\"]}]},{\"@type\":\"ImageObject\",\"inLanguage\":\"ca\",\"@id\":\"https:\/\/v2charge.com\/ca\/punts-de-recarrega-per-als-cotxes-electrics-mes-economics-d-espanya\/#primaryimage\",\"url\":\"https:\/\/v2charge.com\/wp-content\/uploads\/2018\/08\/punto-recarga-renault-zoe.jpg\",\"contentUrl\":\"https:\/\/v2charge.com\/wp-content\/uploads\/2018\/08\/punto-recarga-renault-zoe.jpg\",\"width\":800,\"height\":600},{\"@type\":\"BreadcrumbList\",\"@id\":\"https:\/\/v2charge.com\/ca\/punts-de-recarrega-per-als-cotxes-electrics-mes-economics-d-espanya\/#breadcrumb\",\"itemListElement\":[{\"@type\":\"ListItem\",\"position\":1,\"name\":\"V2C\",\"item\":\"https:\/\/v2charge.com\/ca\/\"},{\"@type\":\"ListItem\",\"position\":2,\"name\":\"e-mobility\",\"item\":\"https:\/\/v2charge.com\/eu\/e-mobility\/\"},{\"@type\":\"ListItem\",\"position\":3,\"name\":\"Punts de rec\u00e0rrega per als cotxes el\u00e8ctrics m\u00e9s econ\u00f2mics d&#8217;Espanya\"}]},{\"@type\":\"WebSite\",\"@id\":\"https:\/\/v2charge.com\/ca\/#website\",\"url\":\"https:\/\/v2charge.com\/ca\/\",\"name\":\"V2C\",\"description\":\"#CargandoElMa\u00f1ana\",\"publisher\":{\"@id\":\"https:\/\/v2charge.com\/ca\/#organization\"},\"potentialAction\":[{\"@type\":\"SearchAction\",\"target\":{\"@type\":\"EntryPoint\",\"urlTemplate\":\"https:\/\/v2charge.com\/ca\/?s={search_term_string}\"},\"query-input\":{\"@type\":\"PropertyValueSpecification\",\"valueRequired\":true,\"valueName\":\"search_term_string\"}}],\"inLanguage\":\"ca\"},{\"@type\":\"Organization\",\"@id\":\"https:\/\/v2charge.com\/ca\/#organization\",\"name\":\"V2C\",\"url\":\"https:\/\/v2charge.com\/ca\/\",\"logo\":{\"@type\":\"ImageObject\",\"inLanguage\":\"ca\",\"@id\":\"https:\/\/v2charge.com\/ca\/#\/schema\/logo\/image\/\",\"url\":\"https:\/\/v2charge.com\/wp-content\/uploads\/2024\/11\/cropped-v2c-charge-logo-menu.png\",\"contentUrl\":\"https:\/\/v2charge.com\/wp-content\/uploads\/2024\/11\/cropped-v2c-charge-logo-menu.png\",\"width\":984,\"height\":431,\"caption\":\"V2C\"},\"image\":{\"@id\":\"https:\/\/v2charge.com\/ca\/#\/schema\/logo\/image\/\"},\"sameAs\":[\"https:\/\/www.facebook.com\/V2C.Charge\",\"https:\/\/x.com\/V2C_Charge\",\"https:\/\/www.instagram.com\/v2c.charge\/\",\"https:\/\/www.youtube.com\/@V2C\",\"https:\/\/www.linkedin.com\/company\/v2c-chargers\/\"]},{\"@type\":\"Person\",\"@id\":\"https:\/\/v2charge.com\/ca\/#\/schema\/person\/f29e67a85380accce2b8b9139c993f42\",\"name\":\"V2C\",\"image\":{\"@type\":\"ImageObject\",\"inLanguage\":\"ca\",\"@id\":\"https:\/\/v2charge.com\/ca\/#\/schema\/person\/image\/\",\"url\":\"https:\/\/secure.gravatar.com\/avatar\/6b569efe71f377f865d3c6d7d046c620e6ecf71400555f6ac3a8d31ade20562b?s=96&d=mm&r=g\",\"contentUrl\":\"https:\/\/secure.gravatar.com\/avatar\/6b569efe71f377f865d3c6d7d046c620e6ecf71400555f6ac3a8d31ade20562b?s=96&d=mm&r=g\",\"caption\":\"V2C\"}}]}<\/script>\n<!-- \/ Yoast SEO plugin. -->","yoast_head_json":{"title":"Marques de cotxes el\u00e8ctrics i tipus de connectors | V2C","description":"Els cotxes el\u00e8ctrics m\u00e9s venuts a Espanya i el punt de rec\u00e0rrega que necessiten. Vols saber com carregar el teu model de cotxe el\u00e8ctric?","robots":{"index":"index","follow":"follow","max-snippet":"max-snippet:-1","max-image-preview":"max-image-preview:large","max-video-preview":"max-video-preview:-1"},"canonical":"https:\/\/v2charge.com\/ca\/punts-de-recarrega-per-als-cotxes-electrics-mes-economics-d-espanya\/","og_locale":"ca_ES","og_type":"article","og_title":"Marques de cotxes el\u00e8ctrics i tipus de connectors | V2C","og_description":"Els cotxes el\u00e8ctrics m\u00e9s venuts a Espanya i el punt de rec\u00e0rrega que necessiten. Vols saber com carregar el teu model de cotxe el\u00e8ctric?","og_url":"https:\/\/v2charge.com\/ca\/punts-de-recarrega-per-als-cotxes-electrics-mes-economics-d-espanya\/","og_site_name":"V2C","article_publisher":"https:\/\/www.facebook.com\/V2C.Charge","article_published_time":"2018-08-09T10:36:59+00:00","article_modified_time":"2024-07-08T07:06:43+00:00","og_image":[{"width":800,"height":600,"url":"https:\/\/v2charge.com\/wp-content\/uploads\/2018\/08\/punto-recarga-renault-zoe.jpg","type":"image\/jpeg"}],"author":"V2C","twitter_card":"summary_large_image","twitter_creator":"@V2C_Charge","twitter_site":"@V2C_Charge","twitter_misc":{"Escrit per":"V2C","Temps estimat de lectura":"3 minuts"},"schema":{"@context":"https:\/\/schema.org","@graph":[{"@type":"Article","@id":"https:\/\/v2charge.com\/ca\/punts-de-recarrega-per-als-cotxes-electrics-mes-economics-d-espanya\/#article","isPartOf":{"@id":"https:\/\/v2charge.com\/ca\/punts-de-recarrega-per-als-cotxes-electrics-mes-economics-d-espanya\/"},"author":{"name":"V2C","@id":"https:\/\/v2charge.com\/ca\/#\/schema\/person\/f29e67a85380accce2b8b9139c993f42"},"headline":"Punts de rec\u00e0rrega per als cotxes el\u00e8ctrics m\u00e9s econ\u00f2mics d&#8217;Espanya","datePublished":"2018-08-09T10:36:59+00:00","dateModified":"2024-07-08T07:06:43+00:00","mainEntityOfPage":{"@id":"https:\/\/v2charge.com\/ca\/punts-de-recarrega-per-als-cotxes-electrics-mes-economics-d-espanya\/"},"wordCount":335,"publisher":{"@id":"https:\/\/v2charge.com\/ca\/#organization"},"image":{"@id":"https:\/\/v2charge.com\/ca\/punts-de-recarrega-per-als-cotxes-electrics-mes-economics-d-espanya\/#primaryimage"},"thumbnailUrl":"https:\/\/v2charge.com\/wp-content\/uploads\/2018\/08\/punto-recarga-renault-zoe.jpg","inLanguage":"ca"},{"@type":"WebPage","@id":"https:\/\/v2charge.com\/ca\/punts-de-recarrega-per-als-cotxes-electrics-mes-economics-d-espanya\/","url":"https:\/\/v2charge.com\/ca\/punts-de-recarrega-per-als-cotxes-electrics-mes-economics-d-espanya\/","name":"Marques de cotxes el\u00e8ctrics i tipus de connectors | V2C","isPartOf":{"@id":"https:\/\/v2charge.com\/ca\/#website"},"primaryImageOfPage":{"@id":"https:\/\/v2charge.com\/ca\/punts-de-recarrega-per-als-cotxes-electrics-mes-economics-d-espanya\/#primaryimage"},"image":{"@id":"https:\/\/v2charge.com\/ca\/punts-de-recarrega-per-als-cotxes-electrics-mes-economics-d-espanya\/#primaryimage"},"thumbnailUrl":"https:\/\/v2charge.com\/wp-content\/uploads\/2018\/08\/punto-recarga-renault-zoe.jpg","datePublished":"2018-08-09T10:36:59+00:00","dateModified":"2024-07-08T07:06:43+00:00","description":"Els cotxes el\u00e8ctrics m\u00e9s venuts a Espanya i el punt de rec\u00e0rrega que necessiten. Vols saber com carregar el teu model de cotxe el\u00e8ctric?","breadcrumb":{"@id":"https:\/\/v2charge.com\/ca\/punts-de-recarrega-per-als-cotxes-electrics-mes-economics-d-espanya\/#breadcrumb"},"inLanguage":"ca","potentialAction":[{"@type":"ReadAction","target":["https:\/\/v2charge.com\/ca\/punts-de-recarrega-per-als-cotxes-electrics-mes-economics-d-espanya\/"]}]},{"@type":"ImageObject","inLanguage":"ca","@id":"https:\/\/v2charge.com\/ca\/punts-de-recarrega-per-als-cotxes-electrics-mes-economics-d-espanya\/#primaryimage","url":"https:\/\/v2charge.com\/wp-content\/uploads\/2018\/08\/punto-recarga-renault-zoe.jpg","contentUrl":"https:\/\/v2charge.com\/wp-content\/uploads\/2018\/08\/punto-recarga-renault-zoe.jpg","width":800,"height":600},{"@type":"BreadcrumbList","@id":"https:\/\/v2charge.com\/ca\/punts-de-recarrega-per-als-cotxes-electrics-mes-economics-d-espanya\/#breadcrumb","itemListElement":[{"@type":"ListItem","position":1,"name":"V2C","item":"https:\/\/v2charge.com\/ca\/"},{"@type":"ListItem","position":2,"name":"e-mobility","item":"https:\/\/v2charge.com\/eu\/e-mobility\/"},{"@type":"ListItem","position":3,"name":"Punts de rec\u00e0rrega per als cotxes el\u00e8ctrics m\u00e9s econ\u00f2mics d&#8217;Espanya"}]},{"@type":"WebSite","@id":"https:\/\/v2charge.com\/ca\/#website","url":"https:\/\/v2charge.com\/ca\/","name":"V2C","description":"#CargandoElMa\u00f1ana","publisher":{"@id":"https:\/\/v2charge.com\/ca\/#organization"},"potentialAction":[{"@type":"SearchAction","target":{"@type":"EntryPoint","urlTemplate":"https:\/\/v2charge.com\/ca\/?s={search_term_string}"},"query-input":{"@type":"PropertyValueSpecification","valueRequired":true,"valueName":"search_term_string"}}],"inLanguage":"ca"},{"@type":"Organization","@id":"https:\/\/v2charge.com\/ca\/#organization","name":"V2C","url":"https:\/\/v2charge.com\/ca\/","logo":{"@type":"ImageObject","inLanguage":"ca","@id":"https:\/\/v2charge.com\/ca\/#\/schema\/logo\/image\/","url":"https:\/\/v2charge.com\/wp-content\/uploads\/2024\/11\/cropped-v2c-charge-logo-menu.png","contentUrl":"https:\/\/v2charge.com\/wp-content\/uploads\/2024\/11\/cropped-v2c-charge-logo-menu.png","width":984,"height":431,"caption":"V2C"},"image":{"@id":"https:\/\/v2charge.com\/ca\/#\/schema\/logo\/image\/"},"sameAs":["https:\/\/www.facebook.com\/V2C.Charge","https:\/\/x.com\/V2C_Charge","https:\/\/www.instagram.com\/v2c.charge\/","https:\/\/www.youtube.com\/@V2C","https:\/\/www.linkedin.com\/company\/v2c-chargers\/"]},{"@type":"Person","@id":"https:\/\/v2charge.com\/ca\/#\/schema\/person\/f29e67a85380accce2b8b9139c993f42","name":"V2C","image":{"@type":"ImageObject","inLanguage":"ca","@id":"https:\/\/v2charge.com\/ca\/#\/schema\/person\/image\/","url":"https:\/\/secure.gravatar.com\/avatar\/6b569efe71f377f865d3c6d7d046c620e6ecf71400555f6ac3a8d31ade20562b?s=96&d=mm&r=g","contentUrl":"https:\/\/secure.gravatar.com\/avatar\/6b569efe71f377f865d3c6d7d046c620e6ecf71400555f6ac3a8d31ade20562b?s=96&d=mm&r=g","caption":"V2C"}}]}},"uagb_featured_image_src":{"full":["https:\/\/v2charge.com\/wp-content\/uploads\/2018\/08\/punto-recarga-renault-zoe.jpg",800,600,false],"thumbnail":["https:\/\/v2charge.com\/wp-content\/uploads\/2018\/08\/punto-recarga-renault-zoe-150x150.jpg",150,150,true],"medium":["https:\/\/v2charge.com\/wp-content\/uploads\/2018\/08\/punto-recarga-renault-zoe-300x225.jpg",300,225,true],"medium_large":["https:\/\/v2charge.com\/wp-content\/uploads\/2018\/08\/punto-recarga-renault-zoe-768x576.jpg",768,576,true],"large":["https:\/\/v2charge.com\/wp-content\/uploads\/2018\/08\/punto-recarga-renault-zoe.jpg",800,600,false],"gs-tiny":["https:\/\/v2charge.com\/wp-content\/uploads\/2018\/08\/punto-recarga-renault-zoe.jpg",50,38,false],"xl":["https:\/\/v2charge.com\/wp-content\/uploads\/2018\/08\/punto-recarga-renault-zoe.jpg",800,600,false],"xxl":["https:\/\/v2charge.com\/wp-content\/uploads\/2018\/08\/punto-recarga-renault-zoe.jpg",800,600,false],"xxxl":["https:\/\/v2charge.com\/wp-content\/uploads\/2018\/08\/punto-recarga-renault-zoe.jpg",800,600,false],"xxxxl":["https:\/\/v2charge.com\/wp-content\/uploads\/2018\/08\/punto-recarga-renault-zoe.jpg",800,600,false],"xxxxxl":["https:\/\/v2charge.com\/wp-content\/uploads\/2018\/08\/punto-recarga-renault-zoe.jpg",800,600,false],"1536x1536":["https:\/\/v2charge.com\/wp-content\/uploads\/2018\/08\/punto-recarga-renault-zoe.jpg",800,600,false],"2048x2048":["https:\/\/v2charge.com\/wp-content\/uploads\/2018\/08\/punto-recarga-renault-zoe.jpg",800,600,false]},"uagb_author_info":{"display_name":"V2C","author_link":"https:\/\/v2charge.com\/ca\/author\/root_k4eu7ki8\/"},"uagb_comment_info":0,"uagb_excerpt":"Per recarregar un cotxe el\u00e8ctric hem de tenir en compte el tipus de connector que utilitza el model de cotxe el\u00e8ctric. Existeix el tipus de connector Tipus 1 i el tipus de connector Mennekes Tipus 2. En aquesta taula podr\u00e0s consultar quin tipus de connector fan servir els cotxes el\u00e8ctrics m\u00e9s econ\u00f2mics que pots comprar&hellip;","_links":{"self":[{"href":"https:\/\/v2charge.com\/ca\/wp-json\/wp\/v2\/posts\/309911","targetHints":{"allow":["GET"]}}],"collection":[{"href":"https:\/\/v2charge.com\/ca\/wp-json\/wp\/v2\/posts"}],"about":[{"href":"https:\/\/v2charge.com\/ca\/wp-json\/wp\/v2\/types\/post"}],"author":[{"embeddable":true,"href":"https:\/\/v2charge.com\/ca\/wp-json\/wp\/v2\/users\/1"}],"replies":[{"embeddable":true,"href":"https:\/\/v2charge.com\/ca\/wp-json\/wp\/v2\/comments?post=309911"}],"version-history":[{"count":0,"href":"https:\/\/v2charge.com\/ca\/wp-json\/wp\/v2\/posts\/309911\/revisions"}],"wp:featuredmedia":[{"embeddable":true,"href":"https:\/\/v2charge.com\/ca\/wp-json\/wp\/v2\/media\/63611"}],"wp:attachment":[{"href":"https:\/\/v2charge.com\/ca\/wp-json\/wp\/v2\/media?parent=309911"}],"wp:term":[{"taxonomy":"category","embeddable":true,"href":"https:\/\/v2charge.com\/ca\/wp-json\/wp\/v2\/categories?post=309911"},{"taxonomy":"post_tag","embeddable":true,"href":"https:\/\/v2charge.com\/ca\/wp-json\/wp\/v2\/tags?post=309911"}],"curies":[{"name":"wp","href":"https:\/\/api.w.org\/{rel}","templated":true}]}}