{"id":309955,"date":"2019-05-07T15:29:52","date_gmt":"2019-05-07T15:29:52","guid":{"rendered":""},"modified":"2023-05-31T08:16:16","modified_gmt":"2023-05-31T08:16:16","slug":"balance-dinamic-de-carrega-per-a-instal-lacio-fotovoltaica","status":"publish","type":"post","link":"https:\/\/v2charge.com\/ca\/balance-dinamic-de-carrega-per-a-instal-lacio-fotovoltaica\/","title":{"rendered":"Balance din\u00e0mic de c\u00e0rrega per a instal\u00b7laci\u00f3 Fotovoltaica"},"content":{"rendered":"<p>Gr\u00e0cies a l&#8217;afegit del balance din\u00e0mic de c\u00e0rrega o\u00a0<a href=\"https:\/\/www.v2charge.com\/ca\/control-dinamic-potencia\/\">control din\u00e0mic de pot\u00e8ncia<\/a>\u00a0a alguns punts de rec\u00e0rrega com el <a href=\"https:\/\/www.v2charge.com\/ca\/productos\/dark-wallbox-punto-de-recarga-coches-electricos\/\">Dark Wallbox<\/a>, ara podem realitzar la c\u00e0rrega del nostre vehicle el\u00e8ctric aprofitant al m\u00e0xim les energies renovables i les plaques solars.<\/p>\n<p>El control din\u00e0mic de pot\u00e8ncia per a instal\u00b7lacions fotovoltaiques \u00e9s un sensor intel\u00b7ligent que permet regular la pot\u00e8ncia transformada pels inversors fotovoltaiques i l&#8217;energia de la xarxa contractada mentre es carrega el nostre cotxe.<\/p>\n<h2>Com funciona?<\/h2>\n<p>Per poder controlar la pot\u00e8ncia a subministrar al vehicle, el punt de c\u00e0rrega ha de monitoritzar en tot moment el consum que realitzen els dispositius de la casa.<\/p>\n<p>Quan configurem el wallbox per primera vegada anotem la pot\u00e8ncia m\u00e0xima disponible des de la xarxa el\u00e8ctrica, la pot\u00e8ncia contractada.<\/p>\n<p>Per saber quina electricitat subministrar\u00e0 al vehicle, el punt de c\u00e0rrega t\u00e9 en compte en tot moment:<\/p>\n<p>&#8211; El consum de la llar<\/p>\n<p>&#8211; El consum del vehicle<\/p>\n<p>&#8211; La generaci\u00f3 d&#8217;electricitat des de la instal\u00b7laci\u00f3 fotovoltaica<\/p>\n<h2>Tipus de c\u00e0rrega<\/h2>\n<p>La generaci\u00f3 d&#8217;electricitat a trav\u00e9s de la nostra instal\u00b7laci\u00f3 fotovoltaica ens permet diversos usos mitjan\u00e7ant el balance din\u00e0mic de c\u00e0rrega:<\/p>\n<p>&#8211; <strong>Cargar el nostre vehicle \u00fanicament amb l&#8217;excedent de generaci\u00f3 el\u00e8ctrica solar:<\/strong>\u00a0En aquest cas, pr\u00e0cticament evitem que es consumeixi pr\u00e0cticament de la xarxa el\u00e8ctrica.\u00a0El wallbox mesura en cada moment l&#8217;excedent que generen les plaques, aix\u00f2 \u00e9s: la generaci\u00f3 fotovoltaica descomptant el consum de la llar. El sistema comprova si l&#8217;electricitat disponible generada per les plaques, despr\u00e9s de descomptar el consum de la vivenda, \u00e9s superior a la pot\u00e8ncia m\u00ednima del vehicle. En cas afirmatiu, se li enviar\u00e0 tota la pot\u00e8ncia excedent de fotovoltaica al vehicle. Si no hi ha suficient pot\u00e8ncia, es detindr\u00e0 la c\u00e0rrega del vehicle fins a disposar de suficient pot\u00e8ncia.<\/p>\n<p>&#8211; <strong>Cargar el nostre vehicle amb un marge de seguretat:<\/strong>\u00a0En cas de no tenir suficient pot\u00e8ncia d&#8217;instal\u00b7laci\u00f3 fotovoltaica, es prendr\u00e0 el m\u00ednim d&#8217;electricitat de la xarxa el\u00e8ctrica perqu\u00e8 el vehicle mai pari de carregar.\u00a0Aix\u00f2 \u00e9s especialment interessant per a casos en qu\u00e8 busquem que el vehicle es carregui idealment de l&#8217;energia de la llum solar, per\u00f2 vulguem assegurar que el cotxe es carregui sense riscos. Per exemple, si es nubla el cel i no hi ha suficient pot\u00e8ncia solar excedent, mitjan\u00e7ant aquesta configuraci\u00f3 el vehicle seguir\u00e0 carregant (sempre que l&#8217;electricitat consumida de la xarxa el\u00e8ctrica no sobrepassi la pot\u00e8ncia contractada).<\/p>\n<p>&#8211; <strong>Realitzar una c\u00e0rrega a m\u00e0xima pot\u00e8ncia combinant l&#8217;excedent i la pot\u00e8ncia contractada disponible:\u00a0<\/strong>Aix\u00f2 permet carregar fins i tot per sobre de la pot\u00e8ncia contractada, cosa que \u00e9s molt interessant per alguna vegada en qu\u00e8 tinguem una urg\u00e8ncia. En aquesta configuraci\u00f3, el Dark constantment monitoritza l&#8217;excedent de fotovoltaica i la pot\u00e8ncia disponible de la xarxa el\u00e8ctrica i ho assigna completament al vehicle el\u00e8ctric, permetent que la c\u00e0rrega sigui m\u00e9s r\u00e0pida del que permetria la instal\u00b7laci\u00f3 fotovoltaica i la xarxa el\u00e8ctrica per separat.<\/p>\n<h2>Consum zero<\/h2>\n<p>L&#8217;objectiu principal d&#8217;aquest sensor \u00e9s\u00a0<strong>reducir el consum de l&#8217;energia de la xarxa <\/strong>i donar prioritat a la pot\u00e8ncia generada per les plaques solars, permetent apropar-nos o fins i tot arribar al consum zero. Aix\u00f2 comporta una <strong>reducci\u00f3 en la factura <\/strong>i, per descomptat, el <a href=\"https:\/\/www.recargacocheselectricos.com\/la-eficiencia-energetica-necesidad-vital\"><strong>\u00fas d&#8217;electricitat 100% neta <\/strong><\/a>tant per a la casa com per al cotxe el\u00e8ctric.<\/p>\n<p>A m\u00e9s, mitjan\u00e7ant les tres configuracions assenyalades, el sistema de balance din\u00e0mic de c\u00e0rrega de V2C permet en tot moment un ajust de la pot\u00e8ncia subministrada al vehicle, segons la configuraci\u00f3 seleccionada. La versatilitat del punt de c\u00e0rrega \u00e9s ideal per a qualsevol usuari que disposi d&#8217;instal\u00b7laci\u00f3 fotovoltaica i vehicle el\u00e8ctric.<\/p>\n","protected":false},"excerpt":{"rendered":"<p>Gr\u00e0cies a l&#8217;afegit del balance din\u00e0mic de c\u00e0rrega o\u00a0control din\u00e0mic de pot\u00e8ncia\u00a0a alguns punts de rec\u00e0rrega com el Dark Wallbox, ara podem realitzar la c\u00e0rrega del nostre vehicle el\u00e8ctric aprofitant al m\u00e0xim les energies renovables i les plaques solars. El control din\u00e0mic de pot\u00e8ncia per a instal\u00b7lacions fotovoltaiques \u00e9s un sensor intel\u00b7ligent que permet regular &#8230; <a title=\"Balance din\u00e0mic de c\u00e0rrega per a instal\u00b7laci\u00f3 Fotovoltaica\" class=\"read-more\" href=\"https:\/\/v2charge.com\/ca\/balance-dinamic-de-carrega-per-a-instal-lacio-fotovoltaica\/\" aria-label=\"M\u00e9s informaci\u00f3 sobre Balance din\u00e0mic de c\u00e0rrega per a instal\u00b7laci\u00f3 Fotovoltaica\">Llegiu m\u00e9s<\/a><\/p>\n","protected":false},"author":1,"featured_media":63079,"comment_status":"closed","ping_status":"closed","sticky":false,"template":"","format":"standard","meta":{"_eb_attr":"","content-type":"","_uag_custom_page_level_css":"","footnotes":""},"categories":[],"tags":[],"class_list":["post-309955","post","type-post","status-publish","format-standard","has-post-thumbnail","hentry"],"yoast_head":"<!-- This site is optimized with the Yoast SEO plugin v25.3.1 - https:\/\/yoast.com\/wordpress\/plugins\/seo\/ -->\n<title>Balance din\u00e0mic de c\u00e0rrega per a instal\u00b7laci\u00f3 Fotovoltaica - V2C<\/title>\n<meta name=\"description\" content=\"El sistema de balance din\u00e0mic de c\u00e0rrega de V2C permet en tot moment un ajust de la pot\u00e8ncia subministrada al vehicle\" \/>\n<meta name=\"robots\" content=\"index, follow, max-snippet:-1, max-image-preview:large, max-video-preview:-1\" \/>\n<link rel=\"canonical\" href=\"https:\/\/v2charge.com\/ca\/balance-dinamic-de-carrega-per-a-instal-lacio-fotovoltaica\/\" \/>\n<meta property=\"og:locale\" content=\"ca_ES\" \/>\n<meta property=\"og:type\" content=\"article\" \/>\n<meta property=\"og:title\" content=\"Balance din\u00e0mic de c\u00e0rrega per a instal\u00b7laci\u00f3 Fotovoltaica - V2C\" \/>\n<meta property=\"og:description\" content=\"El sistema de balance din\u00e0mic de c\u00e0rrega de V2C permet en tot moment un ajust de la pot\u00e8ncia subministrada al vehicle\" \/>\n<meta property=\"og:url\" content=\"https:\/\/v2charge.com\/ca\/balance-dinamic-de-carrega-per-a-instal-lacio-fotovoltaica\/\" \/>\n<meta property=\"og:site_name\" content=\"V2C\" \/>\n<meta property=\"article:publisher\" content=\"https:\/\/www.facebook.com\/V2C.Charge\" \/>\n<meta property=\"article:published_time\" content=\"2019-05-07T15:29:52+00:00\" \/>\n<meta property=\"article:modified_time\" content=\"2023-05-31T08:16:16+00:00\" \/>\n<meta property=\"og:image\" content=\"https:\/\/v2charge.com\/wp-content\/uploads\/2019\/05\/FOTOVOLTAICA2_opt-1.jpg\" \/>\n\t<meta property=\"og:image:width\" content=\"400\" \/>\n\t<meta property=\"og:image:height\" content=\"400\" \/>\n\t<meta property=\"og:image:type\" content=\"image\/jpeg\" \/>\n<meta name=\"author\" content=\"V2C\" \/>\n<meta name=\"twitter:card\" content=\"summary_large_image\" \/>\n<meta name=\"twitter:creator\" content=\"@V2C_Charge\" \/>\n<meta name=\"twitter:site\" content=\"@V2C_Charge\" \/>\n<meta name=\"twitter:label1\" content=\"Escrit per\" \/>\n\t<meta name=\"twitter:data1\" content=\"V2C\" \/>\n\t<meta name=\"twitter:label2\" content=\"Temps estimat de lectura\" \/>\n\t<meta name=\"twitter:data2\" content=\"3 minuts\" \/>\n<script type=\"application\/ld+json\" class=\"yoast-schema-graph\">{\"@context\":\"https:\/\/schema.org\",\"@graph\":[{\"@type\":\"Article\",\"@id\":\"https:\/\/v2charge.com\/ca\/balance-dinamic-de-carrega-per-a-instal-lacio-fotovoltaica\/#article\",\"isPartOf\":{\"@id\":\"https:\/\/v2charge.com\/ca\/balance-dinamic-de-carrega-per-a-instal-lacio-fotovoltaica\/\"},\"author\":{\"name\":\"V2C\",\"@id\":\"https:\/\/v2charge.com\/ca\/#\/schema\/person\/f29e67a85380accce2b8b9139c993f42\"},\"headline\":\"Balance din\u00e0mic de c\u00e0rrega per a instal\u00b7laci\u00f3 Fotovoltaica\",\"datePublished\":\"2019-05-07T15:29:52+00:00\",\"dateModified\":\"2023-05-31T08:16:16+00:00\",\"mainEntityOfPage\":{\"@id\":\"https:\/\/v2charge.com\/ca\/balance-dinamic-de-carrega-per-a-instal-lacio-fotovoltaica\/\"},\"wordCount\":687,\"publisher\":{\"@id\":\"https:\/\/v2charge.com\/ca\/#organization\"},\"image\":{\"@id\":\"https:\/\/v2charge.com\/ca\/balance-dinamic-de-carrega-per-a-instal-lacio-fotovoltaica\/#primaryimage\"},\"thumbnailUrl\":\"https:\/\/v2charge.com\/wp-content\/uploads\/2019\/05\/FOTOVOLTAICA2_opt-1.jpg\",\"inLanguage\":\"ca\"},{\"@type\":\"WebPage\",\"@id\":\"https:\/\/v2charge.com\/ca\/balance-dinamic-de-carrega-per-a-instal-lacio-fotovoltaica\/\",\"url\":\"https:\/\/v2charge.com\/ca\/balance-dinamic-de-carrega-per-a-instal-lacio-fotovoltaica\/\",\"name\":\"Balance din\u00e0mic de c\u00e0rrega per a instal\u00b7laci\u00f3 Fotovoltaica - V2C\",\"isPartOf\":{\"@id\":\"https:\/\/v2charge.com\/ca\/#website\"},\"primaryImageOfPage\":{\"@id\":\"https:\/\/v2charge.com\/ca\/balance-dinamic-de-carrega-per-a-instal-lacio-fotovoltaica\/#primaryimage\"},\"image\":{\"@id\":\"https:\/\/v2charge.com\/ca\/balance-dinamic-de-carrega-per-a-instal-lacio-fotovoltaica\/#primaryimage\"},\"thumbnailUrl\":\"https:\/\/v2charge.com\/wp-content\/uploads\/2019\/05\/FOTOVOLTAICA2_opt-1.jpg\",\"datePublished\":\"2019-05-07T15:29:52+00:00\",\"dateModified\":\"2023-05-31T08:16:16+00:00\",\"description\":\"El sistema de balance din\u00e0mic de c\u00e0rrega de V2C permet en tot moment un ajust de la pot\u00e8ncia subministrada al vehicle\",\"breadcrumb\":{\"@id\":\"https:\/\/v2charge.com\/ca\/balance-dinamic-de-carrega-per-a-instal-lacio-fotovoltaica\/#breadcrumb\"},\"inLanguage\":\"ca\",\"potentialAction\":[{\"@type\":\"ReadAction\",\"target\":[\"https:\/\/v2charge.com\/ca\/balance-dinamic-de-carrega-per-a-instal-lacio-fotovoltaica\/\"]}]},{\"@type\":\"ImageObject\",\"inLanguage\":\"ca\",\"@id\":\"https:\/\/v2charge.com\/ca\/balance-dinamic-de-carrega-per-a-instal-lacio-fotovoltaica\/#primaryimage\",\"url\":\"https:\/\/v2charge.com\/wp-content\/uploads\/2019\/05\/FOTOVOLTAICA2_opt-1.jpg\",\"contentUrl\":\"https:\/\/v2charge.com\/wp-content\/uploads\/2019\/05\/FOTOVOLTAICA2_opt-1.jpg\",\"width\":400,\"height\":400},{\"@type\":\"BreadcrumbList\",\"@id\":\"https:\/\/v2charge.com\/ca\/balance-dinamic-de-carrega-per-a-instal-lacio-fotovoltaica\/#breadcrumb\",\"itemListElement\":[{\"@type\":\"ListItem\",\"position\":1,\"name\":\"V2C\",\"item\":\"https:\/\/v2charge.com\/ca\/\"},{\"@type\":\"ListItem\",\"position\":2,\"name\":\"Balance din\u00e0mic de c\u00e0rrega per a instal\u00b7laci\u00f3 Fotovoltaica\"}]},{\"@type\":\"WebSite\",\"@id\":\"https:\/\/v2charge.com\/ca\/#website\",\"url\":\"https:\/\/v2charge.com\/ca\/\",\"name\":\"V2C\",\"description\":\"#CargandoElMa\u00f1ana\",\"publisher\":{\"@id\":\"https:\/\/v2charge.com\/ca\/#organization\"},\"potentialAction\":[{\"@type\":\"SearchAction\",\"target\":{\"@type\":\"EntryPoint\",\"urlTemplate\":\"https:\/\/v2charge.com\/ca\/?s={search_term_string}\"},\"query-input\":{\"@type\":\"PropertyValueSpecification\",\"valueRequired\":true,\"valueName\":\"search_term_string\"}}],\"inLanguage\":\"ca\"},{\"@type\":\"Organization\",\"@id\":\"https:\/\/v2charge.com\/ca\/#organization\",\"name\":\"V2C\",\"url\":\"https:\/\/v2charge.com\/ca\/\",\"logo\":{\"@type\":\"ImageObject\",\"inLanguage\":\"ca\",\"@id\":\"https:\/\/v2charge.com\/ca\/#\/schema\/logo\/image\/\",\"url\":\"https:\/\/v2charge.com\/wp-content\/uploads\/2024\/11\/cropped-v2c-charge-logo-menu.png\",\"contentUrl\":\"https:\/\/v2charge.com\/wp-content\/uploads\/2024\/11\/cropped-v2c-charge-logo-menu.png\",\"width\":984,\"height\":431,\"caption\":\"V2C\"},\"image\":{\"@id\":\"https:\/\/v2charge.com\/ca\/#\/schema\/logo\/image\/\"},\"sameAs\":[\"https:\/\/www.facebook.com\/V2C.Charge\",\"https:\/\/x.com\/V2C_Charge\",\"https:\/\/www.instagram.com\/v2c.charge\/\",\"https:\/\/www.youtube.com\/@V2C\",\"https:\/\/www.linkedin.com\/company\/v2c-chargers\/\"]},{\"@type\":\"Person\",\"@id\":\"https:\/\/v2charge.com\/ca\/#\/schema\/person\/f29e67a85380accce2b8b9139c993f42\",\"name\":\"V2C\",\"image\":{\"@type\":\"ImageObject\",\"inLanguage\":\"ca\",\"@id\":\"https:\/\/v2charge.com\/ca\/#\/schema\/person\/image\/\",\"url\":\"https:\/\/secure.gravatar.com\/avatar\/6b569efe71f377f865d3c6d7d046c620e6ecf71400555f6ac3a8d31ade20562b?s=96&d=mm&r=g\",\"contentUrl\":\"https:\/\/secure.gravatar.com\/avatar\/6b569efe71f377f865d3c6d7d046c620e6ecf71400555f6ac3a8d31ade20562b?s=96&d=mm&r=g\",\"caption\":\"V2C\"}}]}<\/script>\n<!-- \/ Yoast SEO plugin. -->","yoast_head_json":{"title":"Balance din\u00e0mic de c\u00e0rrega per a instal\u00b7laci\u00f3 Fotovoltaica - V2C","description":"El sistema de balance din\u00e0mic de c\u00e0rrega de V2C permet en tot moment un ajust de la pot\u00e8ncia subministrada al vehicle","robots":{"index":"index","follow":"follow","max-snippet":"max-snippet:-1","max-image-preview":"max-image-preview:large","max-video-preview":"max-video-preview:-1"},"canonical":"https:\/\/v2charge.com\/ca\/balance-dinamic-de-carrega-per-a-instal-lacio-fotovoltaica\/","og_locale":"ca_ES","og_type":"article","og_title":"Balance din\u00e0mic de c\u00e0rrega per a instal\u00b7laci\u00f3 Fotovoltaica - V2C","og_description":"El sistema de balance din\u00e0mic de c\u00e0rrega de V2C permet en tot moment un ajust de la pot\u00e8ncia subministrada al vehicle","og_url":"https:\/\/v2charge.com\/ca\/balance-dinamic-de-carrega-per-a-instal-lacio-fotovoltaica\/","og_site_name":"V2C","article_publisher":"https:\/\/www.facebook.com\/V2C.Charge","article_published_time":"2019-05-07T15:29:52+00:00","article_modified_time":"2023-05-31T08:16:16+00:00","og_image":[{"width":400,"height":400,"url":"https:\/\/v2charge.com\/wp-content\/uploads\/2019\/05\/FOTOVOLTAICA2_opt-1.jpg","type":"image\/jpeg"}],"author":"V2C","twitter_card":"summary_large_image","twitter_creator":"@V2C_Charge","twitter_site":"@V2C_Charge","twitter_misc":{"Escrit per":"V2C","Temps estimat de lectura":"3 minuts"},"schema":{"@context":"https:\/\/schema.org","@graph":[{"@type":"Article","@id":"https:\/\/v2charge.com\/ca\/balance-dinamic-de-carrega-per-a-instal-lacio-fotovoltaica\/#article","isPartOf":{"@id":"https:\/\/v2charge.com\/ca\/balance-dinamic-de-carrega-per-a-instal-lacio-fotovoltaica\/"},"author":{"name":"V2C","@id":"https:\/\/v2charge.com\/ca\/#\/schema\/person\/f29e67a85380accce2b8b9139c993f42"},"headline":"Balance din\u00e0mic de c\u00e0rrega per a instal\u00b7laci\u00f3 Fotovoltaica","datePublished":"2019-05-07T15:29:52+00:00","dateModified":"2023-05-31T08:16:16+00:00","mainEntityOfPage":{"@id":"https:\/\/v2charge.com\/ca\/balance-dinamic-de-carrega-per-a-instal-lacio-fotovoltaica\/"},"wordCount":687,"publisher":{"@id":"https:\/\/v2charge.com\/ca\/#organization"},"image":{"@id":"https:\/\/v2charge.com\/ca\/balance-dinamic-de-carrega-per-a-instal-lacio-fotovoltaica\/#primaryimage"},"thumbnailUrl":"https:\/\/v2charge.com\/wp-content\/uploads\/2019\/05\/FOTOVOLTAICA2_opt-1.jpg","inLanguage":"ca"},{"@type":"WebPage","@id":"https:\/\/v2charge.com\/ca\/balance-dinamic-de-carrega-per-a-instal-lacio-fotovoltaica\/","url":"https:\/\/v2charge.com\/ca\/balance-dinamic-de-carrega-per-a-instal-lacio-fotovoltaica\/","name":"Balance din\u00e0mic de c\u00e0rrega per a instal\u00b7laci\u00f3 Fotovoltaica - V2C","isPartOf":{"@id":"https:\/\/v2charge.com\/ca\/#website"},"primaryImageOfPage":{"@id":"https:\/\/v2charge.com\/ca\/balance-dinamic-de-carrega-per-a-instal-lacio-fotovoltaica\/#primaryimage"},"image":{"@id":"https:\/\/v2charge.com\/ca\/balance-dinamic-de-carrega-per-a-instal-lacio-fotovoltaica\/#primaryimage"},"thumbnailUrl":"https:\/\/v2charge.com\/wp-content\/uploads\/2019\/05\/FOTOVOLTAICA2_opt-1.jpg","datePublished":"2019-05-07T15:29:52+00:00","dateModified":"2023-05-31T08:16:16+00:00","description":"El sistema de balance din\u00e0mic de c\u00e0rrega de V2C permet en tot moment un ajust de la pot\u00e8ncia subministrada al vehicle","breadcrumb":{"@id":"https:\/\/v2charge.com\/ca\/balance-dinamic-de-carrega-per-a-instal-lacio-fotovoltaica\/#breadcrumb"},"inLanguage":"ca","potentialAction":[{"@type":"ReadAction","target":["https:\/\/v2charge.com\/ca\/balance-dinamic-de-carrega-per-a-instal-lacio-fotovoltaica\/"]}]},{"@type":"ImageObject","inLanguage":"ca","@id":"https:\/\/v2charge.com\/ca\/balance-dinamic-de-carrega-per-a-instal-lacio-fotovoltaica\/#primaryimage","url":"https:\/\/v2charge.com\/wp-content\/uploads\/2019\/05\/FOTOVOLTAICA2_opt-1.jpg","contentUrl":"https:\/\/v2charge.com\/wp-content\/uploads\/2019\/05\/FOTOVOLTAICA2_opt-1.jpg","width":400,"height":400},{"@type":"BreadcrumbList","@id":"https:\/\/v2charge.com\/ca\/balance-dinamic-de-carrega-per-a-instal-lacio-fotovoltaica\/#breadcrumb","itemListElement":[{"@type":"ListItem","position":1,"name":"V2C","item":"https:\/\/v2charge.com\/ca\/"},{"@type":"ListItem","position":2,"name":"Balance din\u00e0mic de c\u00e0rrega per a instal\u00b7laci\u00f3 Fotovoltaica"}]},{"@type":"WebSite","@id":"https:\/\/v2charge.com\/ca\/#website","url":"https:\/\/v2charge.com\/ca\/","name":"V2C","description":"#CargandoElMa\u00f1ana","publisher":{"@id":"https:\/\/v2charge.com\/ca\/#organization"},"potentialAction":[{"@type":"SearchAction","target":{"@type":"EntryPoint","urlTemplate":"https:\/\/v2charge.com\/ca\/?s={search_term_string}"},"query-input":{"@type":"PropertyValueSpecification","valueRequired":true,"valueName":"search_term_string"}}],"inLanguage":"ca"},{"@type":"Organization","@id":"https:\/\/v2charge.com\/ca\/#organization","name":"V2C","url":"https:\/\/v2charge.com\/ca\/","logo":{"@type":"ImageObject","inLanguage":"ca","@id":"https:\/\/v2charge.com\/ca\/#\/schema\/logo\/image\/","url":"https:\/\/v2charge.com\/wp-content\/uploads\/2024\/11\/cropped-v2c-charge-logo-menu.png","contentUrl":"https:\/\/v2charge.com\/wp-content\/uploads\/2024\/11\/cropped-v2c-charge-logo-menu.png","width":984,"height":431,"caption":"V2C"},"image":{"@id":"https:\/\/v2charge.com\/ca\/#\/schema\/logo\/image\/"},"sameAs":["https:\/\/www.facebook.com\/V2C.Charge","https:\/\/x.com\/V2C_Charge","https:\/\/www.instagram.com\/v2c.charge\/","https:\/\/www.youtube.com\/@V2C","https:\/\/www.linkedin.com\/company\/v2c-chargers\/"]},{"@type":"Person","@id":"https:\/\/v2charge.com\/ca\/#\/schema\/person\/f29e67a85380accce2b8b9139c993f42","name":"V2C","image":{"@type":"ImageObject","inLanguage":"ca","@id":"https:\/\/v2charge.com\/ca\/#\/schema\/person\/image\/","url":"https:\/\/secure.gravatar.com\/avatar\/6b569efe71f377f865d3c6d7d046c620e6ecf71400555f6ac3a8d31ade20562b?s=96&d=mm&r=g","contentUrl":"https:\/\/secure.gravatar.com\/avatar\/6b569efe71f377f865d3c6d7d046c620e6ecf71400555f6ac3a8d31ade20562b?s=96&d=mm&r=g","caption":"V2C"}}]}},"uagb_featured_image_src":{"full":["https:\/\/v2charge.com\/wp-content\/uploads\/2019\/05\/FOTOVOLTAICA2_opt-1.jpg",400,400,false],"thumbnail":["https:\/\/v2charge.com\/wp-content\/uploads\/2019\/05\/FOTOVOLTAICA2_opt-1-150x150.jpg",150,150,true],"medium":["https:\/\/v2charge.com\/wp-content\/uploads\/2019\/05\/FOTOVOLTAICA2_opt-1-300x300.jpg",300,300,true],"medium_large":["https:\/\/v2charge.com\/wp-content\/uploads\/2019\/05\/FOTOVOLTAICA2_opt-1.jpg",400,400,false],"large":["https:\/\/v2charge.com\/wp-content\/uploads\/2019\/05\/FOTOVOLTAICA2_opt-1.jpg",400,400,false],"gs-tiny":["https:\/\/v2charge.com\/wp-content\/uploads\/2019\/05\/FOTOVOLTAICA2_opt-1.jpg",50,50,false],"xl":["https:\/\/v2charge.com\/wp-content\/uploads\/2019\/05\/FOTOVOLTAICA2_opt-1.jpg",400,400,false],"xxl":["https:\/\/v2charge.com\/wp-content\/uploads\/2019\/05\/FOTOVOLTAICA2_opt-1.jpg",400,400,false],"xxxl":["https:\/\/v2charge.com\/wp-content\/uploads\/2019\/05\/FOTOVOLTAICA2_opt-1.jpg",400,400,false],"xxxxl":["https:\/\/v2charge.com\/wp-content\/uploads\/2019\/05\/FOTOVOLTAICA2_opt-1.jpg",400,400,false],"xxxxxl":["https:\/\/v2charge.com\/wp-content\/uploads\/2019\/05\/FOTOVOLTAICA2_opt-1.jpg",400,400,false],"1536x1536":["https:\/\/v2charge.com\/wp-content\/uploads\/2019\/05\/FOTOVOLTAICA2_opt-1.jpg",400,400,false],"2048x2048":["https:\/\/v2charge.com\/wp-content\/uploads\/2019\/05\/FOTOVOLTAICA2_opt-1.jpg",400,400,false]},"uagb_author_info":{"display_name":"V2C","author_link":"https:\/\/v2charge.com\/ca\/author\/root_k4eu7ki8\/"},"uagb_comment_info":0,"uagb_excerpt":"Gr\u00e0cies a l&#8217;afegit del balance din\u00e0mic de c\u00e0rrega o\u00a0control din\u00e0mic de pot\u00e8ncia\u00a0a alguns punts de rec\u00e0rrega com el Dark Wallbox, ara podem realitzar la c\u00e0rrega del nostre vehicle el\u00e8ctric aprofitant al m\u00e0xim les energies renovables i les plaques solars. El control din\u00e0mic de pot\u00e8ncia per a instal\u00b7lacions fotovoltaiques \u00e9s un sensor intel\u00b7ligent que permet regular&hellip;","_links":{"self":[{"href":"https:\/\/v2charge.com\/ca\/wp-json\/wp\/v2\/posts\/309955","targetHints":{"allow":["GET"]}}],"collection":[{"href":"https:\/\/v2charge.com\/ca\/wp-json\/wp\/v2\/posts"}],"about":[{"href":"https:\/\/v2charge.com\/ca\/wp-json\/wp\/v2\/types\/post"}],"author":[{"embeddable":true,"href":"https:\/\/v2charge.com\/ca\/wp-json\/wp\/v2\/users\/1"}],"replies":[{"embeddable":true,"href":"https:\/\/v2charge.com\/ca\/wp-json\/wp\/v2\/comments?post=309955"}],"version-history":[{"count":0,"href":"https:\/\/v2charge.com\/ca\/wp-json\/wp\/v2\/posts\/309955\/revisions"}],"wp:featuredmedia":[{"embeddable":true,"href":"https:\/\/v2charge.com\/ca\/wp-json\/wp\/v2\/media\/63079"}],"wp:attachment":[{"href":"https:\/\/v2charge.com\/ca\/wp-json\/wp\/v2\/media?parent=309955"}],"wp:term":[{"taxonomy":"category","embeddable":true,"href":"https:\/\/v2charge.com\/ca\/wp-json\/wp\/v2\/categories?post=309955"},{"taxonomy":"post_tag","embeddable":true,"href":"https:\/\/v2charge.com\/ca\/wp-json\/wp\/v2\/tags?post=309955"}],"curies":[{"name":"wp","href":"https:\/\/api.w.org\/{rel}","templated":true}]}}