{"id":309977,"date":"2019-10-08T13:54:18","date_gmt":"2019-10-08T13:54:18","guid":{"rendered":""},"modified":"2023-05-31T08:15:36","modified_gmt":"2023-05-31T08:15:36","slug":"velocitats-de-temps-de-recarrega-d-un-vehicle-electric","status":"publish","type":"post","link":"https:\/\/v2charge.com\/ca\/velocitats-de-temps-de-recarrega-d-un-vehicle-electric\/","title":{"rendered":"Velocitats de temps de rec\u00e0rrega d&#8217;un vehicle el\u00e8ctric"},"content":{"rendered":"<p>\u00c9s una de les preguntes m\u00e9s freq\u00fcents que es fa la gent en adquirir el seu nou vehicle el\u00e8ctric i que t\u00e9 la intenci\u00f3 de comprar-se un carregador.&nbsp;La realitat \u00e9s que la velocitat de c\u00e0rrega d&#8217;un cotxe el\u00e8ctric dep\u00e8n de molts factors, com la capacitat de la bateria del propi vehicle, la pot\u00e8ncia del punt de rec\u00e0rrega i la pot\u00e8ncia m\u00e0xima que pot ser recarregat cada cotxe. En aquest post et vam a explicar les <strong>diferents velocitats de temps de rec\u00e0rrega d&#8217;un vehicle el\u00e8ctric<\/strong>.<\/p>\n<p>La rec\u00e0rrega d&#8217;un cotxe el\u00e8ctric \u00e9s directament proporcional. Si el nostre cotxe t\u00e9 m\u00e9s capacitat, trigar\u00e0 m\u00e9s a carregar-se. Per\u00f2, tamb\u00e9 tindr\u00e0 m\u00e9s temps de durada la nostra bateria i, per tant, m\u00e9s autonomia.<\/p>\n<h2>C\u00e0rrega dom\u00e8stica<\/h2>\n<p>Aquest tipus de c\u00e0rrega \u00e9s el que generalment solen aportar els fabricants d&#8217;autom\u00f2bils un cop compres el cotxe. T\u00e9 una presa <strong>Schu\u0308ko<\/strong> i no \u00e9s recomanable utilitzar-la di\u00e0riament.<\/p>\n<h2>C\u00e0rrega lenta<\/h2>\n<p>Aquest tipus utilitza un m\u00e0xim de <strong>16A i 3,7 kW<\/strong>. Normalment, \u00e9s la que s&#8217;acostuma a emprar en habitatges o en llocs on el vehicle passa molt de temps estacionat, ja que requereix una pot\u00e8ncia petita. No requereix augmentar la pot\u00e8ncia contractada.<\/p>\n<p><img decoding=\"async\" class=\"size-medium wp-image-15513 aligncenter\" src=\"https:\/\/www.wallboxok.com\/wp-content\/uploads\/2019\/10\/Sin-t\u00edtulo-1-300x300.jpg\" alt=\"Les diferents velocitats de rec\u00e0rrega d'un vehicle el\u00e8ctric\" width=\"300\" height=\"300\"><\/p>\n<h2>C\u00e0rrega semi-r\u00e0pida<\/h2>\n<p>Aquesta c\u00e0rrega utilitza des de <strong>7,4 kW<\/strong> fins als <strong>22kW<\/strong>. Aquest tipus ens serviria en aquells llocs en els quals volem un temps de c\u00e0rrega relativament r\u00e0pid. Molt habitual en els aparcaments d&#8217;empreses, i fins i tot, a casa nostra.<\/p>\n<h2>C\u00e0rrega r\u00e0pida<\/h2>\n<p>La c\u00e0rrega r\u00e0pida necessita una adequaci\u00f3 de la xarxa el\u00e8ctrica. Per aix\u00f2, la nostra marca no proporciona carregadors que ofereixen aquestes&nbsp;<strong>velocitats de temps de rec\u00e0rrega<\/strong> per la dificultat que aix\u00f2 suposa.<\/p>\n<p>Com veieu, totes les necessitats de tenir el nostre vehicle el\u00e8ctric amb c\u00e0rrega poden estar cobertes. Nom\u00e9s hem de sol\u00b7licitar als instal\u00b7ladors on i com ho volem, ells ens proporcionaran la soluci\u00f3 que necessitem en tots els casos.&nbsp;Cal tenir en compte que, davant qualsevol dubte, sempre poden preguntar al nostre servei d&#8217;atenci\u00f3 al client.<\/p>\n","protected":false},"excerpt":{"rendered":"<p>\u00c9s una de les preguntes m\u00e9s freq\u00fcents que es fa la gent en adquirir el seu nou vehicle el\u00e8ctric i que t\u00e9 la intenci\u00f3 de comprar-se un carregador.&nbsp;La realitat \u00e9s que la velocitat de c\u00e0rrega d&#8217;un cotxe el\u00e8ctric dep\u00e8n de molts factors, com la capacitat de la bateria del propi vehicle, la pot\u00e8ncia del punt &#8230; <a title=\"Velocitats de temps de rec\u00e0rrega d&#8217;un vehicle el\u00e8ctric\" class=\"read-more\" href=\"https:\/\/v2charge.com\/ca\/velocitats-de-temps-de-recarrega-d-un-vehicle-electric\/\" aria-label=\"M\u00e9s informaci\u00f3 sobre Velocitats de temps de rec\u00e0rrega d&#8217;un vehicle el\u00e8ctric\">Llegiu m\u00e9s<\/a><\/p>\n","protected":false},"author":1,"featured_media":63019,"comment_status":"closed","ping_status":"closed","sticky":false,"template":"","format":"standard","meta":{"_eb_attr":"","content-type":"","_uag_custom_page_level_css":"","footnotes":""},"categories":[],"tags":[],"class_list":["post-309977","post","type-post","status-publish","format-standard","has-post-thumbnail","hentry"],"yoast_head":"<!-- This site is optimized with the Yoast SEO plugin v25.3.1 - https:\/\/yoast.com\/wordpress\/plugins\/seo\/ -->\n<title>Diferents Velocitats de Temps de Rec\u00e0rrega del Vehicle El\u00e8ctric<\/title>\n<meta name=\"description\" content=\"Carga Lenta, Dom\u00e8stica, Semi-R\u00e0pida i R\u00e0pida | Coneix els detalls dels Diferents Temps de Rec\u00e0rrega d&#039;un Vehicle El\u00e8ctric\" \/>\n<meta name=\"robots\" content=\"index, follow, max-snippet:-1, max-image-preview:large, max-video-preview:-1\" \/>\n<link rel=\"canonical\" href=\"https:\/\/v2charge.com\/ca\/velocitats-de-temps-de-recarrega-d-un-vehicle-electric\/\" \/>\n<meta property=\"og:locale\" content=\"ca_ES\" \/>\n<meta property=\"og:type\" content=\"article\" \/>\n<meta property=\"og:title\" content=\"Diferents Velocitats de Temps de Rec\u00e0rrega del Vehicle El\u00e8ctric\" \/>\n<meta property=\"og:description\" content=\"Carga Lenta, Dom\u00e8stica, Semi-R\u00e0pida i R\u00e0pida | Coneix els detalls dels Diferents Temps de Rec\u00e0rrega d&#039;un Vehicle El\u00e8ctric\" \/>\n<meta property=\"og:url\" content=\"https:\/\/v2charge.com\/ca\/velocitats-de-temps-de-recarrega-d-un-vehicle-electric\/\" \/>\n<meta property=\"og:site_name\" content=\"V2C\" \/>\n<meta property=\"article:publisher\" content=\"https:\/\/www.facebook.com\/V2C.Charge\" \/>\n<meta property=\"article:published_time\" content=\"2019-10-08T13:54:18+00:00\" \/>\n<meta property=\"article:modified_time\" content=\"2023-05-31T08:15:36+00:00\" \/>\n<meta property=\"og:image\" content=\"https:\/\/v2charge.com\/wp-content\/uploads\/2019\/10\/plug-in-2783574_1920-1-1.jpg\" \/>\n\t<meta property=\"og:image:width\" content=\"1920\" \/>\n\t<meta property=\"og:image:height\" content=\"1440\" \/>\n\t<meta property=\"og:image:type\" content=\"image\/jpeg\" \/>\n<meta name=\"author\" content=\"V2C\" \/>\n<meta name=\"twitter:card\" content=\"summary_large_image\" \/>\n<meta name=\"twitter:creator\" content=\"@V2C_Charge\" \/>\n<meta name=\"twitter:site\" content=\"@V2C_Charge\" \/>\n<meta name=\"twitter:label1\" content=\"Escrit per\" \/>\n\t<meta name=\"twitter:data1\" content=\"V2C\" \/>\n\t<meta name=\"twitter:label2\" content=\"Temps estimat de lectura\" \/>\n\t<meta name=\"twitter:data2\" content=\"2 minuts\" \/>\n<script type=\"application\/ld+json\" class=\"yoast-schema-graph\">{\"@context\":\"https:\/\/schema.org\",\"@graph\":[{\"@type\":\"Article\",\"@id\":\"https:\/\/v2charge.com\/ca\/velocitats-de-temps-de-recarrega-d-un-vehicle-electric\/#article\",\"isPartOf\":{\"@id\":\"https:\/\/v2charge.com\/ca\/velocitats-de-temps-de-recarrega-d-un-vehicle-electric\/\"},\"author\":{\"name\":\"V2C\",\"@id\":\"https:\/\/v2charge.com\/ca\/#\/schema\/person\/f29e67a85380accce2b8b9139c993f42\"},\"headline\":\"Velocitats de temps de rec\u00e0rrega d&#8217;un vehicle el\u00e8ctric\",\"datePublished\":\"2019-10-08T13:54:18+00:00\",\"dateModified\":\"2023-05-31T08:15:36+00:00\",\"mainEntityOfPage\":{\"@id\":\"https:\/\/v2charge.com\/ca\/velocitats-de-temps-de-recarrega-d-un-vehicle-electric\/\"},\"wordCount\":387,\"publisher\":{\"@id\":\"https:\/\/v2charge.com\/ca\/#organization\"},\"image\":{\"@id\":\"https:\/\/v2charge.com\/ca\/velocitats-de-temps-de-recarrega-d-un-vehicle-electric\/#primaryimage\"},\"thumbnailUrl\":\"https:\/\/v2charge.com\/wp-content\/uploads\/2019\/10\/plug-in-2783574_1920-1-1.jpg\",\"inLanguage\":\"ca\"},{\"@type\":\"WebPage\",\"@id\":\"https:\/\/v2charge.com\/ca\/velocitats-de-temps-de-recarrega-d-un-vehicle-electric\/\",\"url\":\"https:\/\/v2charge.com\/ca\/velocitats-de-temps-de-recarrega-d-un-vehicle-electric\/\",\"name\":\"Diferents Velocitats de Temps de Rec\u00e0rrega del Vehicle El\u00e8ctric\",\"isPartOf\":{\"@id\":\"https:\/\/v2charge.com\/ca\/#website\"},\"primaryImageOfPage\":{\"@id\":\"https:\/\/v2charge.com\/ca\/velocitats-de-temps-de-recarrega-d-un-vehicle-electric\/#primaryimage\"},\"image\":{\"@id\":\"https:\/\/v2charge.com\/ca\/velocitats-de-temps-de-recarrega-d-un-vehicle-electric\/#primaryimage\"},\"thumbnailUrl\":\"https:\/\/v2charge.com\/wp-content\/uploads\/2019\/10\/plug-in-2783574_1920-1-1.jpg\",\"datePublished\":\"2019-10-08T13:54:18+00:00\",\"dateModified\":\"2023-05-31T08:15:36+00:00\",\"description\":\"Carga Lenta, Dom\u00e8stica, Semi-R\u00e0pida i R\u00e0pida | Coneix els detalls dels Diferents Temps de Rec\u00e0rrega d'un Vehicle El\u00e8ctric\",\"breadcrumb\":{\"@id\":\"https:\/\/v2charge.com\/ca\/velocitats-de-temps-de-recarrega-d-un-vehicle-electric\/#breadcrumb\"},\"inLanguage\":\"ca\",\"potentialAction\":[{\"@type\":\"ReadAction\",\"target\":[\"https:\/\/v2charge.com\/ca\/velocitats-de-temps-de-recarrega-d-un-vehicle-electric\/\"]}]},{\"@type\":\"ImageObject\",\"inLanguage\":\"ca\",\"@id\":\"https:\/\/v2charge.com\/ca\/velocitats-de-temps-de-recarrega-d-un-vehicle-electric\/#primaryimage\",\"url\":\"https:\/\/v2charge.com\/wp-content\/uploads\/2019\/10\/plug-in-2783574_1920-1-1.jpg\",\"contentUrl\":\"https:\/\/v2charge.com\/wp-content\/uploads\/2019\/10\/plug-in-2783574_1920-1-1.jpg\",\"width\":1920,\"height\":1440},{\"@type\":\"BreadcrumbList\",\"@id\":\"https:\/\/v2charge.com\/ca\/velocitats-de-temps-de-recarrega-d-un-vehicle-electric\/#breadcrumb\",\"itemListElement\":[{\"@type\":\"ListItem\",\"position\":1,\"name\":\"V2C\",\"item\":\"https:\/\/v2charge.com\/ca\/\"},{\"@type\":\"ListItem\",\"position\":2,\"name\":\"Velocitats de temps de rec\u00e0rrega d&#8217;un vehicle el\u00e8ctric\"}]},{\"@type\":\"WebSite\",\"@id\":\"https:\/\/v2charge.com\/ca\/#website\",\"url\":\"https:\/\/v2charge.com\/ca\/\",\"name\":\"V2C\",\"description\":\"#CargandoElMa\u00f1ana\",\"publisher\":{\"@id\":\"https:\/\/v2charge.com\/ca\/#organization\"},\"potentialAction\":[{\"@type\":\"SearchAction\",\"target\":{\"@type\":\"EntryPoint\",\"urlTemplate\":\"https:\/\/v2charge.com\/ca\/?s={search_term_string}\"},\"query-input\":{\"@type\":\"PropertyValueSpecification\",\"valueRequired\":true,\"valueName\":\"search_term_string\"}}],\"inLanguage\":\"ca\"},{\"@type\":\"Organization\",\"@id\":\"https:\/\/v2charge.com\/ca\/#organization\",\"name\":\"V2C\",\"url\":\"https:\/\/v2charge.com\/ca\/\",\"logo\":{\"@type\":\"ImageObject\",\"inLanguage\":\"ca\",\"@id\":\"https:\/\/v2charge.com\/ca\/#\/schema\/logo\/image\/\",\"url\":\"https:\/\/v2charge.com\/wp-content\/uploads\/2024\/11\/cropped-v2c-charge-logo-menu.png\",\"contentUrl\":\"https:\/\/v2charge.com\/wp-content\/uploads\/2024\/11\/cropped-v2c-charge-logo-menu.png\",\"width\":984,\"height\":431,\"caption\":\"V2C\"},\"image\":{\"@id\":\"https:\/\/v2charge.com\/ca\/#\/schema\/logo\/image\/\"},\"sameAs\":[\"https:\/\/www.facebook.com\/V2C.Charge\",\"https:\/\/x.com\/V2C_Charge\",\"https:\/\/www.instagram.com\/v2c.charge\/\",\"https:\/\/www.youtube.com\/@V2C\",\"https:\/\/www.linkedin.com\/company\/v2c-chargers\/\"]},{\"@type\":\"Person\",\"@id\":\"https:\/\/v2charge.com\/ca\/#\/schema\/person\/f29e67a85380accce2b8b9139c993f42\",\"name\":\"V2C\",\"image\":{\"@type\":\"ImageObject\",\"inLanguage\":\"ca\",\"@id\":\"https:\/\/v2charge.com\/ca\/#\/schema\/person\/image\/\",\"url\":\"https:\/\/secure.gravatar.com\/avatar\/6b569efe71f377f865d3c6d7d046c620e6ecf71400555f6ac3a8d31ade20562b?s=96&d=mm&r=g\",\"contentUrl\":\"https:\/\/secure.gravatar.com\/avatar\/6b569efe71f377f865d3c6d7d046c620e6ecf71400555f6ac3a8d31ade20562b?s=96&d=mm&r=g\",\"caption\":\"V2C\"}}]}<\/script>\n<!-- \/ Yoast SEO plugin. -->","yoast_head_json":{"title":"Diferents Velocitats de Temps de Rec\u00e0rrega del Vehicle El\u00e8ctric","description":"Carga Lenta, Dom\u00e8stica, Semi-R\u00e0pida i R\u00e0pida | Coneix els detalls dels Diferents Temps de Rec\u00e0rrega d'un Vehicle El\u00e8ctric","robots":{"index":"index","follow":"follow","max-snippet":"max-snippet:-1","max-image-preview":"max-image-preview:large","max-video-preview":"max-video-preview:-1"},"canonical":"https:\/\/v2charge.com\/ca\/velocitats-de-temps-de-recarrega-d-un-vehicle-electric\/","og_locale":"ca_ES","og_type":"article","og_title":"Diferents Velocitats de Temps de Rec\u00e0rrega del Vehicle El\u00e8ctric","og_description":"Carga Lenta, Dom\u00e8stica, Semi-R\u00e0pida i R\u00e0pida | Coneix els detalls dels Diferents Temps de Rec\u00e0rrega d'un Vehicle El\u00e8ctric","og_url":"https:\/\/v2charge.com\/ca\/velocitats-de-temps-de-recarrega-d-un-vehicle-electric\/","og_site_name":"V2C","article_publisher":"https:\/\/www.facebook.com\/V2C.Charge","article_published_time":"2019-10-08T13:54:18+00:00","article_modified_time":"2023-05-31T08:15:36+00:00","og_image":[{"width":1920,"height":1440,"url":"https:\/\/v2charge.com\/wp-content\/uploads\/2019\/10\/plug-in-2783574_1920-1-1.jpg","type":"image\/jpeg"}],"author":"V2C","twitter_card":"summary_large_image","twitter_creator":"@V2C_Charge","twitter_site":"@V2C_Charge","twitter_misc":{"Escrit per":"V2C","Temps estimat de lectura":"2 minuts"},"schema":{"@context":"https:\/\/schema.org","@graph":[{"@type":"Article","@id":"https:\/\/v2charge.com\/ca\/velocitats-de-temps-de-recarrega-d-un-vehicle-electric\/#article","isPartOf":{"@id":"https:\/\/v2charge.com\/ca\/velocitats-de-temps-de-recarrega-d-un-vehicle-electric\/"},"author":{"name":"V2C","@id":"https:\/\/v2charge.com\/ca\/#\/schema\/person\/f29e67a85380accce2b8b9139c993f42"},"headline":"Velocitats de temps de rec\u00e0rrega d&#8217;un vehicle el\u00e8ctric","datePublished":"2019-10-08T13:54:18+00:00","dateModified":"2023-05-31T08:15:36+00:00","mainEntityOfPage":{"@id":"https:\/\/v2charge.com\/ca\/velocitats-de-temps-de-recarrega-d-un-vehicle-electric\/"},"wordCount":387,"publisher":{"@id":"https:\/\/v2charge.com\/ca\/#organization"},"image":{"@id":"https:\/\/v2charge.com\/ca\/velocitats-de-temps-de-recarrega-d-un-vehicle-electric\/#primaryimage"},"thumbnailUrl":"https:\/\/v2charge.com\/wp-content\/uploads\/2019\/10\/plug-in-2783574_1920-1-1.jpg","inLanguage":"ca"},{"@type":"WebPage","@id":"https:\/\/v2charge.com\/ca\/velocitats-de-temps-de-recarrega-d-un-vehicle-electric\/","url":"https:\/\/v2charge.com\/ca\/velocitats-de-temps-de-recarrega-d-un-vehicle-electric\/","name":"Diferents Velocitats de Temps de Rec\u00e0rrega del Vehicle El\u00e8ctric","isPartOf":{"@id":"https:\/\/v2charge.com\/ca\/#website"},"primaryImageOfPage":{"@id":"https:\/\/v2charge.com\/ca\/velocitats-de-temps-de-recarrega-d-un-vehicle-electric\/#primaryimage"},"image":{"@id":"https:\/\/v2charge.com\/ca\/velocitats-de-temps-de-recarrega-d-un-vehicle-electric\/#primaryimage"},"thumbnailUrl":"https:\/\/v2charge.com\/wp-content\/uploads\/2019\/10\/plug-in-2783574_1920-1-1.jpg","datePublished":"2019-10-08T13:54:18+00:00","dateModified":"2023-05-31T08:15:36+00:00","description":"Carga Lenta, Dom\u00e8stica, Semi-R\u00e0pida i R\u00e0pida | Coneix els detalls dels Diferents Temps de Rec\u00e0rrega d'un Vehicle El\u00e8ctric","breadcrumb":{"@id":"https:\/\/v2charge.com\/ca\/velocitats-de-temps-de-recarrega-d-un-vehicle-electric\/#breadcrumb"},"inLanguage":"ca","potentialAction":[{"@type":"ReadAction","target":["https:\/\/v2charge.com\/ca\/velocitats-de-temps-de-recarrega-d-un-vehicle-electric\/"]}]},{"@type":"ImageObject","inLanguage":"ca","@id":"https:\/\/v2charge.com\/ca\/velocitats-de-temps-de-recarrega-d-un-vehicle-electric\/#primaryimage","url":"https:\/\/v2charge.com\/wp-content\/uploads\/2019\/10\/plug-in-2783574_1920-1-1.jpg","contentUrl":"https:\/\/v2charge.com\/wp-content\/uploads\/2019\/10\/plug-in-2783574_1920-1-1.jpg","width":1920,"height":1440},{"@type":"BreadcrumbList","@id":"https:\/\/v2charge.com\/ca\/velocitats-de-temps-de-recarrega-d-un-vehicle-electric\/#breadcrumb","itemListElement":[{"@type":"ListItem","position":1,"name":"V2C","item":"https:\/\/v2charge.com\/ca\/"},{"@type":"ListItem","position":2,"name":"Velocitats de temps de rec\u00e0rrega d&#8217;un vehicle el\u00e8ctric"}]},{"@type":"WebSite","@id":"https:\/\/v2charge.com\/ca\/#website","url":"https:\/\/v2charge.com\/ca\/","name":"V2C","description":"#CargandoElMa\u00f1ana","publisher":{"@id":"https:\/\/v2charge.com\/ca\/#organization"},"potentialAction":[{"@type":"SearchAction","target":{"@type":"EntryPoint","urlTemplate":"https:\/\/v2charge.com\/ca\/?s={search_term_string}"},"query-input":{"@type":"PropertyValueSpecification","valueRequired":true,"valueName":"search_term_string"}}],"inLanguage":"ca"},{"@type":"Organization","@id":"https:\/\/v2charge.com\/ca\/#organization","name":"V2C","url":"https:\/\/v2charge.com\/ca\/","logo":{"@type":"ImageObject","inLanguage":"ca","@id":"https:\/\/v2charge.com\/ca\/#\/schema\/logo\/image\/","url":"https:\/\/v2charge.com\/wp-content\/uploads\/2024\/11\/cropped-v2c-charge-logo-menu.png","contentUrl":"https:\/\/v2charge.com\/wp-content\/uploads\/2024\/11\/cropped-v2c-charge-logo-menu.png","width":984,"height":431,"caption":"V2C"},"image":{"@id":"https:\/\/v2charge.com\/ca\/#\/schema\/logo\/image\/"},"sameAs":["https:\/\/www.facebook.com\/V2C.Charge","https:\/\/x.com\/V2C_Charge","https:\/\/www.instagram.com\/v2c.charge\/","https:\/\/www.youtube.com\/@V2C","https:\/\/www.linkedin.com\/company\/v2c-chargers\/"]},{"@type":"Person","@id":"https:\/\/v2charge.com\/ca\/#\/schema\/person\/f29e67a85380accce2b8b9139c993f42","name":"V2C","image":{"@type":"ImageObject","inLanguage":"ca","@id":"https:\/\/v2charge.com\/ca\/#\/schema\/person\/image\/","url":"https:\/\/secure.gravatar.com\/avatar\/6b569efe71f377f865d3c6d7d046c620e6ecf71400555f6ac3a8d31ade20562b?s=96&d=mm&r=g","contentUrl":"https:\/\/secure.gravatar.com\/avatar\/6b569efe71f377f865d3c6d7d046c620e6ecf71400555f6ac3a8d31ade20562b?s=96&d=mm&r=g","caption":"V2C"}}]}},"uagb_featured_image_src":{"full":["https:\/\/v2charge.com\/wp-content\/uploads\/2019\/10\/plug-in-2783574_1920-1-1.jpg",1920,1440,false],"thumbnail":["https:\/\/v2charge.com\/wp-content\/uploads\/2019\/10\/plug-in-2783574_1920-1-1-150x150.jpg",150,150,true],"medium":["https:\/\/v2charge.com\/wp-content\/uploads\/2019\/10\/plug-in-2783574_1920-1-1-300x225.jpg",300,225,true],"medium_large":["https:\/\/v2charge.com\/wp-content\/uploads\/2019\/10\/plug-in-2783574_1920-1-1-768x576.jpg",768,576,true],"large":["https:\/\/v2charge.com\/wp-content\/uploads\/2019\/10\/plug-in-2783574_1920-1-1-1024x768.jpg",1024,768,true],"gs-tiny":["https:\/\/v2charge.com\/wp-content\/uploads\/2019\/10\/plug-in-2783574_1920-1-1.jpg",50,38,false],"xl":["https:\/\/v2charge.com\/wp-content\/uploads\/2019\/10\/plug-in-2783574_1920-1-1.jpg",1600,1200,false],"xxl":["https:\/\/v2charge.com\/wp-content\/uploads\/2019\/10\/plug-in-2783574_1920-1-1.jpg",1920,1440,false],"xxxl":["https:\/\/v2charge.com\/wp-content\/uploads\/2019\/10\/plug-in-2783574_1920-1-1.jpg",1920,1440,false],"xxxxl":["https:\/\/v2charge.com\/wp-content\/uploads\/2019\/10\/plug-in-2783574_1920-1-1.jpg",1920,1440,false],"xxxxxl":["https:\/\/v2charge.com\/wp-content\/uploads\/2019\/10\/plug-in-2783574_1920-1-1.jpg",1920,1440,false],"1536x1536":["https:\/\/v2charge.com\/wp-content\/uploads\/2019\/10\/plug-in-2783574_1920-1-1-1536x1152.jpg",1536,1152,true],"2048x2048":["https:\/\/v2charge.com\/wp-content\/uploads\/2019\/10\/plug-in-2783574_1920-1-1.jpg",1920,1440,false]},"uagb_author_info":{"display_name":"V2C","author_link":"https:\/\/v2charge.com\/ca\/author\/root_k4eu7ki8\/"},"uagb_comment_info":0,"uagb_excerpt":"\u00c9s una de les preguntes m\u00e9s freq\u00fcents que es fa la gent en adquirir el seu nou vehicle el\u00e8ctric i que t\u00e9 la intenci\u00f3 de comprar-se un carregador.&nbsp;La realitat \u00e9s que la velocitat de c\u00e0rrega d&#8217;un cotxe el\u00e8ctric dep\u00e8n de molts factors, com la capacitat de la bateria del propi vehicle, la pot\u00e8ncia del punt&hellip;","_links":{"self":[{"href":"https:\/\/v2charge.com\/ca\/wp-json\/wp\/v2\/posts\/309977","targetHints":{"allow":["GET"]}}],"collection":[{"href":"https:\/\/v2charge.com\/ca\/wp-json\/wp\/v2\/posts"}],"about":[{"href":"https:\/\/v2charge.com\/ca\/wp-json\/wp\/v2\/types\/post"}],"author":[{"embeddable":true,"href":"https:\/\/v2charge.com\/ca\/wp-json\/wp\/v2\/users\/1"}],"replies":[{"embeddable":true,"href":"https:\/\/v2charge.com\/ca\/wp-json\/wp\/v2\/comments?post=309977"}],"version-history":[{"count":0,"href":"https:\/\/v2charge.com\/ca\/wp-json\/wp\/v2\/posts\/309977\/revisions"}],"wp:featuredmedia":[{"embeddable":true,"href":"https:\/\/v2charge.com\/ca\/wp-json\/wp\/v2\/media\/63019"}],"wp:attachment":[{"href":"https:\/\/v2charge.com\/ca\/wp-json\/wp\/v2\/media?parent=309977"}],"wp:term":[{"taxonomy":"category","embeddable":true,"href":"https:\/\/v2charge.com\/ca\/wp-json\/wp\/v2\/categories?post=309977"},{"taxonomy":"post_tag","embeddable":true,"href":"https:\/\/v2charge.com\/ca\/wp-json\/wp\/v2\/tags?post=309977"}],"curies":[{"name":"wp","href":"https:\/\/api.w.org\/{rel}","templated":true}]}}