{"id":309985,"date":"2023-05-29T09:49:09","date_gmt":"2023-05-29T09:49:09","guid":{"rendered":""},"modified":"2023-07-19T07:20:31","modified_gmt":"2023-07-19T07:20:31","slug":"dudas-comprar-coche-electrico-ca","status":"publish","type":"post","link":"https:\/\/v2charge.com\/ca\/dudas-comprar-coche-electrico-ca\/","title":{"rendered":"Les 3 dubtes que et planteges abans de comprar un cotxe el\u00e8ctric"},"content":{"rendered":"<p>Hem decidit desfer-nos del nostre cotxe de combusti\u00f3. Genial! Ja hem donat el primer pas: prendre una decisi\u00f3. I, en aquest cas, hem decidit moure&#8217;ns pel m\u00f3n de manera sostenible amb zero emissions.<\/p>\n<p>Si est\u00e0s en &#8220;aquest moment&#8221;, sens dubte t&#8217;hauran sorgit nombroses <a href=\"https:\/\/v2charge.com\/ca\/comprar-punts-de-recarrega-preguntes-frequents\/\" title=\"Preguntes freq\u00fcents a l'hora de comprar un cotxe el\u00e8ctric\">preguntes que solen sorgir abans de comprar un cotxe el\u00e8ctric<\/a>. <em>Quin cotxe em compro? Quina autonomia ha de tenir? Necessito un cotxe amb molts quil\u00f2metres, amb el seu corresponent cost, o puc moure&#8217;m amb un PHEV?<\/em><\/p>\n<p>Des de la nostra experi\u00e8ncia, hi ha <b>3 dubtes que es repeteixen freq\u00fcentment<\/b> en aquest moment. Per aix\u00f2, en aquest article intentarem donar el nostre punt de vista i tenint en compte diversos escenaris possibles per resoldre&#8217;ls.<\/p>\n<h2>L&#8217;autonomia<\/h2>\n<p>Aqu\u00ed comen\u00e7arem parlant dels <strong>PHEV (h\u00edbrids endollables)<\/strong>, els quals tenen una bateria mitjana de 9kWh-13kWh i et proporcionen uns <strong>20-30 quil\u00f2metres d&#8217;autonomia<\/strong>. No s\u00f3n l&#8217;opci\u00f3 m\u00e9s ECO, ja que la major part del temps, en despla\u00e7aments mitjans, haurem de circular amb el motor de combusti\u00f3. A m\u00e9s, una bateria petita no \u00e9s sin\u00f2nim d&#8217;un preu m\u00e9s baix, ja que haur\u00e0s de suportar el <b>cost de dos motors<\/b>, un de combusti\u00f3 i un altre el\u00e8ctric.<\/p>\n<p>L&#8217;opci\u00f3 qualitat-preu m\u00e9s \u00f2ptima seria un <b>100% el\u00e8ctric<\/b>, i aqu\u00ed \u00e9s on apareixen m\u00faltiples opcions. A m\u00e9s, ens trobem amb un port de c\u00e0rrega de tipus 2 (IEC 62196-2) -en el 90% dels casos- que \u00e9s, precisament, el connector est\u00e0ndard europeu.<\/p>\n<p><img decoding=\"async\" class=\"size-full wp-image-17779 aligncenter\" src=\"https:\/\/www.v2charge.com\/wp-content\/uploads\/2020\/05\/autonomia-duda-coche-electrico.jpg\" alt=\"autonomia cotxe el\u00e8ctric pregunta abans de comprar cotxe el\u00e8ctric\" width=\"600\" height=\"400\"><\/p>\n<h3>Quina autonomia hauria de tenir el meu cotxe el\u00e8ctric?<\/h3>\n<p>Per a persones que realitzen di\u00e0riament entre 10 i 50 quil\u00f2metres, \u00e9s recomanable un cotxe amb unes <b>30kWh-40kWh<\/b> d&#8217;autonomia, ja que pot <a href=\"https:\/\/v2charge.com\/ca\/puedo-recargar-mi-coche-electrico-en-casa-ca\/\" title=\"\u00bfPuc carregar el meu cotxe el\u00e8ctric a casa?\">carregar el seu cotxe al punt de c\u00e0rrega de casa seva<\/a> di\u00e0riament, o, si ho desitja, pot efectuar les rec\u00e0rregues <b>cada dos o tres dies<\/b>. S\u00f3n vehicles que poden allargar la seva <b>autonomia fins als 200-350 quil\u00f2metres<\/b> c\u00f2modament i el preu es troba dins de la mitjana del sector.<\/p>\n<p>Si, al contrari, la teva feina t&#8217;obliga a realitzar una mitjana de <strong>200-400km al dia<\/strong>, l&#8217;opci\u00f3 \u00f2ptima \u00e9s que la capacitat de la bateria del teu futur cotxe oscil\u00b7li entre <strong>64kWh-75kWh<\/strong>. En aquest barem hi ha cada dia m\u00e9s cotxes que, gr\u00e0cies a les seves constants actualitzacions i millores, aconsegueixen allargar l&#8217;autonomia del cotxe amb cada nova versi\u00f3 del programari.<\/p>\n<p>Es tracta de cotxes amb un valor de mercat m\u00e9s alt que els anteriors, per\u00f2 les seves prestacions mereixen \u00e0mpliament la pena.<\/p>\n<h2>Connector del vehicle i punt de c\u00e0rrega<\/h2>\n<p>Com hem dit, el 90% dels models de vehicles el\u00e8ctrics que circulen per Europa ho fan amb un <strong>connector de tipus 2 (IEC 62196-2)<\/strong>. Aix\u00f2 no \u00e9s una q\u00fcesti\u00f3 balad\u00ed ja que, en instal\u00b7lar un punt de c\u00e0rrega al nostre aparcament, l&#8217;ideal \u00e9s que sigui el m\u00e9s est\u00e0ndard possible per garantir la compatibilitat amb altres cotxes familiars o amb futurs models de vehicle propi.<\/p>\n<p><img decoding=\"async\" class=\"size-full wp-image-17778 aligncenter\" src=\"https:\/\/www.v2charge.com\/wp-content\/uploads\/2020\/05\/dudas-comprar-coche-electrico.jpg\" alt=\"connector i punt de c\u00e0rrega cotxe el\u00e8ctric\" width=\"600\" height=\"400\"><\/p>\n<p>A ning\u00fa li agrada haver de tornar a gastar diners per adaptar el seu punt de c\u00e0rrega a les necessitats del seu nou vehicle.<\/p>\n<p>Un detall a tenir en compte \u00e9s que el punt de c\u00e0rrega compti amb <a href=\"https:\/\/v2charge.com\/ca\/control-dinamic-potencia\/\" title=\"\u00bfQu\u00e8 \u00e9s el control din\u00e0mic de pot\u00e8ncia?\">control din\u00e0mic de pot\u00e8ncia<\/a>. D&#8217;aquesta manera, podem estalviar-nos el fet de tenir que contractar m\u00e9s pot\u00e8ncia amb la nostra comercialitzadora, o sacrificar alguns consums energ\u00e8tics a la vivenda per no patir talls de llum al carregar el nostre cotxe. \u00c9s el que ofereix, precisament, el nostre <a href=\"https:\/\/v2charge.com\/ca\/trydan-carregador-electric\/\" title=\"Cargador Trydan amb control din\u00e0mic de pot\u00e8ncia\">punt de c\u00e0rrega Trydan<\/a>.<\/p>\n<h2>El preu<\/h2>\n<p>Com no. Si est\u00e0s interessat a passar-te a la mobilitat el\u00e8ctrica, segur que est\u00e0s comparant el preu dels diferents vehicles el\u00e8ctrics que hi ha actualment al mercat. Malgrat que hi ha una gamma alta de vehicles que superen la barrera del que es considera accessible per a molts usuaris, \u00e9s cert que durant els \u00faltims anys s&#8217;han llan\u00e7at altres models que <b>no s&#8217;allunyen per res del preu com\u00fa d&#8217;un cotxe de combusti\u00f3<\/b>.<\/p>\n<p>Hi ha cotxes el\u00e8ctrics amb grans prestacions amb un preu de sortida d&#8217;uns <strong>20.000 euros<\/strong>. Per\u00f2, a m\u00e9s&#8230; has pensat tot el que t&#8217;estalviar\u00e0s a <strong>llarg termini<\/strong> sense haver de passar per la gasolinera? El preu de l&#8217;electricitat \u00e9s molt m\u00e9s baix que qualsevol combustible.<\/p>\n<p>Carregant el teu vehicle el\u00e8ctric amb un punt de c\u00e0rrega al teu garatge podries rec\u00f3rrer <b>100 quil\u00f2metres gastant gaireb\u00e9 1 euro<\/b>. Per aix\u00f2, encara que el cost d&#8217;adquisici\u00f3 d&#8217;un el\u00e8ctric sigui superior a un de combusti\u00f3, podr\u00e0s recuperar la difer\u00e8ncia (i m\u00e9s) carregant-lo amb un punt de c\u00e0rrega i oblidant-te de la gasolina o gasoil.<\/p>\n<p><img decoding=\"async\" class=\"size-full wp-image-17780 aligncenter\" src=\"https:\/\/www.v2charge.com\/wp-content\/uploads\/2020\/05\/precio-coche-electrico.jpg\" alt=\"preu cotxe el\u00e8ctric\" width=\"600\" height=\"400\"><\/p>\n<p>Tamb\u00e9 pots abaratar el cost del vehicle el\u00e8ctric i de la instal\u00b7laci\u00f3 del punt de c\u00e0rrega amb les diferents <strong>ajudes p\u00fabliques<\/strong>, com el <a href=\"https:\/\/www.idae.es\/ayudas-y-financiacion\/para-movilidad-y-vehiculos\/programa-moves-iii\" title=\"Pla MOVES\" target=\"_blank\" rel=\"nofollow noopener\">PLA MOVES III<\/a>, que aporta ajudes econ\u00f2miques per a l&#8217;adquisici\u00f3 d&#8217;un vehicle el\u00e8ctric i aix\u00ed promoure la mobilitat sostenible.<\/p>\n<p>I aix\u00f2 no \u00e9s tot! Assumir el cost d&#8217;un cotxe el\u00e8ctric tamb\u00e9 et permetr\u00e0 gaudir dels seus avantatges, que no s\u00f3n poques:<\/p>\n<ul>\n<li>Circular\u00e0s lliurement per les ciutats: Comptar\u00e0s amb l&#8217;<b>etiqueta zero emissions<\/b> que et permet circular sense restriccions pels centres urbans.<\/li>\n<li>Aparcar\u00e0s gratis: disposar\u00e0s d&#8217;<strong>aparcament gratu\u00eft<\/strong> a les zones regulades.<\/li>\n<li>Estar\u00e0s exempt de pagar el <b>Impost de Matriculaci\u00f3<\/b>.<\/li>\n<li>Comptar\u00e0s amb fins a un 75% de descompte en l&#8217;<b>Impost de Circulaci\u00f3<\/b>.<\/li>\n<\/ul>\n<p>Esperem haver-te resolt els t\u00edpics dubtes que sorgeixen al plantejar-se comprar un cotxe el\u00e8ctric. La resta, dependr\u00e0 nom\u00e9s de tu. La part m\u00e9s divertida de l&#8217;elecci\u00f3 \u00e9s, precisament, el proc\u00e9s. Et recomanem que <b>provis diversos models<\/b> en diferents concessionaris per descobrir quin model de conducci\u00f3 va m\u00e9s amb la teva manera d&#8217;entendre l&#8217;asfalt i&#8230; a gaudir del silenci i la suavitat de la conducci\u00f3 sostenible!<\/p>\n","protected":false},"excerpt":{"rendered":"<p>Hem decidit desfer-nos del nostre cotxe de combusti\u00f3. Genial! Ja hem donat el primer pas: prendre una decisi\u00f3. I, en aquest cas, hem decidit moure&#8217;ns pel m\u00f3n de manera sostenible amb zero emissions. Si est\u00e0s en &#8220;aquest moment&#8221;, sens dubte t&#8217;hauran sorgit nombroses preguntes que solen sorgir abans de comprar un cotxe el\u00e8ctric. Quin cotxe &#8230; <a title=\"Les 3 dubtes que et planteges abans de comprar un cotxe el\u00e8ctric\" class=\"read-more\" href=\"https:\/\/v2charge.com\/ca\/dudas-comprar-coche-electrico-ca\/\" aria-label=\"M\u00e9s informaci\u00f3 sobre Les 3 dubtes que et planteges abans de comprar un cotxe el\u00e8ctric\">Llegiu m\u00e9s<\/a><\/p>\n","protected":false},"author":1,"featured_media":62892,"comment_status":"closed","ping_status":"closed","sticky":false,"template":"","format":"standard","meta":{"_eb_attr":"","content-type":"","_uag_custom_page_level_css":"","footnotes":""},"categories":[],"tags":[],"class_list":["post-309985","post","type-post","status-publish","format-standard","has-post-thumbnail","hentry"],"yoast_head":"<!-- This site is optimized with the Yoast SEO plugin v25.3.1 - https:\/\/yoast.com\/wordpress\/plugins\/seo\/ -->\n<title>Les 3 Dubtes M\u00e9s Comuns abans de comprar un Cotxe El\u00e8ctric<\/title>\n<meta name=\"description\" content=\"\u21e8 Resolem les 3 dubtes que a tots ens sorgeixen abans de comprar un Cotxe El\u00e8ctric. [Autonomia, Cargadors i Preu] | V2C BLOG.\" \/>\n<meta name=\"robots\" content=\"index, follow, max-snippet:-1, max-image-preview:large, max-video-preview:-1\" \/>\n<link rel=\"canonical\" href=\"https:\/\/v2charge.com\/ca\/dudas-comprar-coche-electrico-ca\/\" \/>\n<meta property=\"og:locale\" content=\"ca_ES\" \/>\n<meta property=\"og:type\" content=\"article\" \/>\n<meta property=\"og:title\" content=\"Les 3 Dubtes M\u00e9s Comuns abans de comprar un Cotxe El\u00e8ctric\" \/>\n<meta property=\"og:description\" content=\"\u21e8 Resolem les 3 dubtes que a tots ens sorgeixen abans de comprar un Cotxe El\u00e8ctric. [Autonomia, Cargadors i Preu] | V2C BLOG.\" \/>\n<meta property=\"og:url\" content=\"https:\/\/v2charge.com\/ca\/dudas-comprar-coche-electrico-ca\/\" \/>\n<meta property=\"og:site_name\" content=\"V2C\" \/>\n<meta property=\"article:publisher\" content=\"https:\/\/www.facebook.com\/V2C.Charge\" \/>\n<meta property=\"article:published_time\" content=\"2023-05-29T09:49:09+00:00\" \/>\n<meta property=\"article:modified_time\" content=\"2023-07-19T07:20:31+00:00\" \/>\n<meta property=\"og:image\" content=\"https:\/\/v2charge.com\/wp-content\/uploads\/2020\/05\/dudas-preguntas-coche-electrico-1.jpg\" \/>\n\t<meta property=\"og:image:width\" content=\"800\" \/>\n\t<meta property=\"og:image:height\" content=\"533\" \/>\n\t<meta property=\"og:image:type\" content=\"image\/jpeg\" \/>\n<meta name=\"author\" content=\"V2C\" \/>\n<meta name=\"twitter:card\" content=\"summary_large_image\" \/>\n<meta name=\"twitter:creator\" content=\"@V2C_Charge\" \/>\n<meta name=\"twitter:site\" content=\"@V2C_Charge\" \/>\n<meta name=\"twitter:label1\" content=\"Escrit per\" \/>\n\t<meta name=\"twitter:data1\" content=\"V2C\" \/>\n\t<meta name=\"twitter:label2\" content=\"Temps estimat de lectura\" \/>\n\t<meta name=\"twitter:data2\" content=\"5 minuts\" \/>\n<script type=\"application\/ld+json\" class=\"yoast-schema-graph\">{\"@context\":\"https:\/\/schema.org\",\"@graph\":[{\"@type\":\"Article\",\"@id\":\"https:\/\/v2charge.com\/ca\/dudas-comprar-coche-electrico-ca\/#article\",\"isPartOf\":{\"@id\":\"https:\/\/v2charge.com\/ca\/dudas-comprar-coche-electrico-ca\/\"},\"author\":{\"name\":\"V2C\",\"@id\":\"https:\/\/v2charge.com\/ca\/#\/schema\/person\/f29e67a85380accce2b8b9139c993f42\"},\"headline\":\"Les 3 dubtes que et planteges abans de comprar un cotxe el\u00e8ctric\",\"datePublished\":\"2023-05-29T09:49:09+00:00\",\"dateModified\":\"2023-07-19T07:20:31+00:00\",\"mainEntityOfPage\":{\"@id\":\"https:\/\/v2charge.com\/ca\/dudas-comprar-coche-electrico-ca\/\"},\"wordCount\":1030,\"publisher\":{\"@id\":\"https:\/\/v2charge.com\/ca\/#organization\"},\"image\":{\"@id\":\"https:\/\/v2charge.com\/ca\/dudas-comprar-coche-electrico-ca\/#primaryimage\"},\"thumbnailUrl\":\"https:\/\/v2charge.com\/wp-content\/uploads\/2020\/05\/dudas-preguntas-coche-electrico-1.jpg\",\"inLanguage\":\"ca\"},{\"@type\":\"WebPage\",\"@id\":\"https:\/\/v2charge.com\/ca\/dudas-comprar-coche-electrico-ca\/\",\"url\":\"https:\/\/v2charge.com\/ca\/dudas-comprar-coche-electrico-ca\/\",\"name\":\"Les 3 Dubtes M\u00e9s Comuns abans de comprar un Cotxe El\u00e8ctric\",\"isPartOf\":{\"@id\":\"https:\/\/v2charge.com\/ca\/#website\"},\"primaryImageOfPage\":{\"@id\":\"https:\/\/v2charge.com\/ca\/dudas-comprar-coche-electrico-ca\/#primaryimage\"},\"image\":{\"@id\":\"https:\/\/v2charge.com\/ca\/dudas-comprar-coche-electrico-ca\/#primaryimage\"},\"thumbnailUrl\":\"https:\/\/v2charge.com\/wp-content\/uploads\/2020\/05\/dudas-preguntas-coche-electrico-1.jpg\",\"datePublished\":\"2023-05-29T09:49:09+00:00\",\"dateModified\":\"2023-07-19T07:20:31+00:00\",\"description\":\"\u21e8 Resolem les 3 dubtes que a tots ens sorgeixen abans de comprar un Cotxe El\u00e8ctric. [Autonomia, Cargadors i Preu] | V2C BLOG.\",\"breadcrumb\":{\"@id\":\"https:\/\/v2charge.com\/ca\/dudas-comprar-coche-electrico-ca\/#breadcrumb\"},\"inLanguage\":\"ca\",\"potentialAction\":[{\"@type\":\"ReadAction\",\"target\":[\"https:\/\/v2charge.com\/ca\/dudas-comprar-coche-electrico-ca\/\"]}]},{\"@type\":\"ImageObject\",\"inLanguage\":\"ca\",\"@id\":\"https:\/\/v2charge.com\/ca\/dudas-comprar-coche-electrico-ca\/#primaryimage\",\"url\":\"https:\/\/v2charge.com\/wp-content\/uploads\/2020\/05\/dudas-preguntas-coche-electrico-1.jpg\",\"contentUrl\":\"https:\/\/v2charge.com\/wp-content\/uploads\/2020\/05\/dudas-preguntas-coche-electrico-1.jpg\",\"width\":800,\"height\":533},{\"@type\":\"BreadcrumbList\",\"@id\":\"https:\/\/v2charge.com\/ca\/dudas-comprar-coche-electrico-ca\/#breadcrumb\",\"itemListElement\":[{\"@type\":\"ListItem\",\"position\":1,\"name\":\"V2C\",\"item\":\"https:\/\/v2charge.com\/ca\/\"},{\"@type\":\"ListItem\",\"position\":2,\"name\":\"Sin categor\u00eda\",\"item\":\"https:\/\/v2charge.com\/sl\/sin-categoria\/\"},{\"@type\":\"ListItem\",\"position\":3,\"name\":\"Informaci\u00f3n\",\"item\":\"https:\/\/v2charge.com\/es\/e-mobility\/informacion\/\"},{\"@type\":\"ListItem\",\"position\":4,\"name\":\"Les 3 dubtes que et planteges abans de comprar un cotxe el\u00e8ctric\"}]},{\"@type\":\"WebSite\",\"@id\":\"https:\/\/v2charge.com\/ca\/#website\",\"url\":\"https:\/\/v2charge.com\/ca\/\",\"name\":\"V2C\",\"description\":\"#CargandoElMa\u00f1ana\",\"publisher\":{\"@id\":\"https:\/\/v2charge.com\/ca\/#organization\"},\"potentialAction\":[{\"@type\":\"SearchAction\",\"target\":{\"@type\":\"EntryPoint\",\"urlTemplate\":\"https:\/\/v2charge.com\/ca\/?s={search_term_string}\"},\"query-input\":{\"@type\":\"PropertyValueSpecification\",\"valueRequired\":true,\"valueName\":\"search_term_string\"}}],\"inLanguage\":\"ca\"},{\"@type\":\"Organization\",\"@id\":\"https:\/\/v2charge.com\/ca\/#organization\",\"name\":\"V2C\",\"url\":\"https:\/\/v2charge.com\/ca\/\",\"logo\":{\"@type\":\"ImageObject\",\"inLanguage\":\"ca\",\"@id\":\"https:\/\/v2charge.com\/ca\/#\/schema\/logo\/image\/\",\"url\":\"https:\/\/v2charge.com\/wp-content\/uploads\/2024\/11\/cropped-v2c-charge-logo-menu.png\",\"contentUrl\":\"https:\/\/v2charge.com\/wp-content\/uploads\/2024\/11\/cropped-v2c-charge-logo-menu.png\",\"width\":984,\"height\":431,\"caption\":\"V2C\"},\"image\":{\"@id\":\"https:\/\/v2charge.com\/ca\/#\/schema\/logo\/image\/\"},\"sameAs\":[\"https:\/\/www.facebook.com\/V2C.Charge\",\"https:\/\/x.com\/V2C_Charge\",\"https:\/\/www.instagram.com\/v2c.charge\/\",\"https:\/\/www.youtube.com\/@V2C\",\"https:\/\/www.linkedin.com\/company\/v2c-chargers\/\"]},{\"@type\":\"Person\",\"@id\":\"https:\/\/v2charge.com\/ca\/#\/schema\/person\/f29e67a85380accce2b8b9139c993f42\",\"name\":\"V2C\",\"image\":{\"@type\":\"ImageObject\",\"inLanguage\":\"ca\",\"@id\":\"https:\/\/v2charge.com\/ca\/#\/schema\/person\/image\/\",\"url\":\"https:\/\/secure.gravatar.com\/avatar\/6b569efe71f377f865d3c6d7d046c620e6ecf71400555f6ac3a8d31ade20562b?s=96&d=mm&r=g\",\"contentUrl\":\"https:\/\/secure.gravatar.com\/avatar\/6b569efe71f377f865d3c6d7d046c620e6ecf71400555f6ac3a8d31ade20562b?s=96&d=mm&r=g\",\"caption\":\"V2C\"}}]}<\/script>\n<!-- \/ Yoast SEO plugin. -->","yoast_head_json":{"title":"Les 3 Dubtes M\u00e9s Comuns abans de comprar un Cotxe El\u00e8ctric","description":"\u21e8 Resolem les 3 dubtes que a tots ens sorgeixen abans de comprar un Cotxe El\u00e8ctric. [Autonomia, Cargadors i Preu] | V2C BLOG.","robots":{"index":"index","follow":"follow","max-snippet":"max-snippet:-1","max-image-preview":"max-image-preview:large","max-video-preview":"max-video-preview:-1"},"canonical":"https:\/\/v2charge.com\/ca\/dudas-comprar-coche-electrico-ca\/","og_locale":"ca_ES","og_type":"article","og_title":"Les 3 Dubtes M\u00e9s Comuns abans de comprar un Cotxe El\u00e8ctric","og_description":"\u21e8 Resolem les 3 dubtes que a tots ens sorgeixen abans de comprar un Cotxe El\u00e8ctric. [Autonomia, Cargadors i Preu] | V2C BLOG.","og_url":"https:\/\/v2charge.com\/ca\/dudas-comprar-coche-electrico-ca\/","og_site_name":"V2C","article_publisher":"https:\/\/www.facebook.com\/V2C.Charge","article_published_time":"2023-05-29T09:49:09+00:00","article_modified_time":"2023-07-19T07:20:31+00:00","og_image":[{"width":800,"height":533,"url":"https:\/\/v2charge.com\/wp-content\/uploads\/2020\/05\/dudas-preguntas-coche-electrico-1.jpg","type":"image\/jpeg"}],"author":"V2C","twitter_card":"summary_large_image","twitter_creator":"@V2C_Charge","twitter_site":"@V2C_Charge","twitter_misc":{"Escrit per":"V2C","Temps estimat de lectura":"5 minuts"},"schema":{"@context":"https:\/\/schema.org","@graph":[{"@type":"Article","@id":"https:\/\/v2charge.com\/ca\/dudas-comprar-coche-electrico-ca\/#article","isPartOf":{"@id":"https:\/\/v2charge.com\/ca\/dudas-comprar-coche-electrico-ca\/"},"author":{"name":"V2C","@id":"https:\/\/v2charge.com\/ca\/#\/schema\/person\/f29e67a85380accce2b8b9139c993f42"},"headline":"Les 3 dubtes que et planteges abans de comprar un cotxe el\u00e8ctric","datePublished":"2023-05-29T09:49:09+00:00","dateModified":"2023-07-19T07:20:31+00:00","mainEntityOfPage":{"@id":"https:\/\/v2charge.com\/ca\/dudas-comprar-coche-electrico-ca\/"},"wordCount":1030,"publisher":{"@id":"https:\/\/v2charge.com\/ca\/#organization"},"image":{"@id":"https:\/\/v2charge.com\/ca\/dudas-comprar-coche-electrico-ca\/#primaryimage"},"thumbnailUrl":"https:\/\/v2charge.com\/wp-content\/uploads\/2020\/05\/dudas-preguntas-coche-electrico-1.jpg","inLanguage":"ca"},{"@type":"WebPage","@id":"https:\/\/v2charge.com\/ca\/dudas-comprar-coche-electrico-ca\/","url":"https:\/\/v2charge.com\/ca\/dudas-comprar-coche-electrico-ca\/","name":"Les 3 Dubtes M\u00e9s Comuns abans de comprar un Cotxe El\u00e8ctric","isPartOf":{"@id":"https:\/\/v2charge.com\/ca\/#website"},"primaryImageOfPage":{"@id":"https:\/\/v2charge.com\/ca\/dudas-comprar-coche-electrico-ca\/#primaryimage"},"image":{"@id":"https:\/\/v2charge.com\/ca\/dudas-comprar-coche-electrico-ca\/#primaryimage"},"thumbnailUrl":"https:\/\/v2charge.com\/wp-content\/uploads\/2020\/05\/dudas-preguntas-coche-electrico-1.jpg","datePublished":"2023-05-29T09:49:09+00:00","dateModified":"2023-07-19T07:20:31+00:00","description":"\u21e8 Resolem les 3 dubtes que a tots ens sorgeixen abans de comprar un Cotxe El\u00e8ctric. [Autonomia, Cargadors i Preu] | V2C BLOG.","breadcrumb":{"@id":"https:\/\/v2charge.com\/ca\/dudas-comprar-coche-electrico-ca\/#breadcrumb"},"inLanguage":"ca","potentialAction":[{"@type":"ReadAction","target":["https:\/\/v2charge.com\/ca\/dudas-comprar-coche-electrico-ca\/"]}]},{"@type":"ImageObject","inLanguage":"ca","@id":"https:\/\/v2charge.com\/ca\/dudas-comprar-coche-electrico-ca\/#primaryimage","url":"https:\/\/v2charge.com\/wp-content\/uploads\/2020\/05\/dudas-preguntas-coche-electrico-1.jpg","contentUrl":"https:\/\/v2charge.com\/wp-content\/uploads\/2020\/05\/dudas-preguntas-coche-electrico-1.jpg","width":800,"height":533},{"@type":"BreadcrumbList","@id":"https:\/\/v2charge.com\/ca\/dudas-comprar-coche-electrico-ca\/#breadcrumb","itemListElement":[{"@type":"ListItem","position":1,"name":"V2C","item":"https:\/\/v2charge.com\/ca\/"},{"@type":"ListItem","position":2,"name":"Sin categor\u00eda","item":"https:\/\/v2charge.com\/sl\/sin-categoria\/"},{"@type":"ListItem","position":3,"name":"Informaci\u00f3n","item":"https:\/\/v2charge.com\/es\/e-mobility\/informacion\/"},{"@type":"ListItem","position":4,"name":"Les 3 dubtes que et planteges abans de comprar un cotxe el\u00e8ctric"}]},{"@type":"WebSite","@id":"https:\/\/v2charge.com\/ca\/#website","url":"https:\/\/v2charge.com\/ca\/","name":"V2C","description":"#CargandoElMa\u00f1ana","publisher":{"@id":"https:\/\/v2charge.com\/ca\/#organization"},"potentialAction":[{"@type":"SearchAction","target":{"@type":"EntryPoint","urlTemplate":"https:\/\/v2charge.com\/ca\/?s={search_term_string}"},"query-input":{"@type":"PropertyValueSpecification","valueRequired":true,"valueName":"search_term_string"}}],"inLanguage":"ca"},{"@type":"Organization","@id":"https:\/\/v2charge.com\/ca\/#organization","name":"V2C","url":"https:\/\/v2charge.com\/ca\/","logo":{"@type":"ImageObject","inLanguage":"ca","@id":"https:\/\/v2charge.com\/ca\/#\/schema\/logo\/image\/","url":"https:\/\/v2charge.com\/wp-content\/uploads\/2024\/11\/cropped-v2c-charge-logo-menu.png","contentUrl":"https:\/\/v2charge.com\/wp-content\/uploads\/2024\/11\/cropped-v2c-charge-logo-menu.png","width":984,"height":431,"caption":"V2C"},"image":{"@id":"https:\/\/v2charge.com\/ca\/#\/schema\/logo\/image\/"},"sameAs":["https:\/\/www.facebook.com\/V2C.Charge","https:\/\/x.com\/V2C_Charge","https:\/\/www.instagram.com\/v2c.charge\/","https:\/\/www.youtube.com\/@V2C","https:\/\/www.linkedin.com\/company\/v2c-chargers\/"]},{"@type":"Person","@id":"https:\/\/v2charge.com\/ca\/#\/schema\/person\/f29e67a85380accce2b8b9139c993f42","name":"V2C","image":{"@type":"ImageObject","inLanguage":"ca","@id":"https:\/\/v2charge.com\/ca\/#\/schema\/person\/image\/","url":"https:\/\/secure.gravatar.com\/avatar\/6b569efe71f377f865d3c6d7d046c620e6ecf71400555f6ac3a8d31ade20562b?s=96&d=mm&r=g","contentUrl":"https:\/\/secure.gravatar.com\/avatar\/6b569efe71f377f865d3c6d7d046c620e6ecf71400555f6ac3a8d31ade20562b?s=96&d=mm&r=g","caption":"V2C"}}]}},"uagb_featured_image_src":{"full":["https:\/\/v2charge.com\/wp-content\/uploads\/2020\/05\/dudas-preguntas-coche-electrico-1.jpg",800,533,false],"thumbnail":["https:\/\/v2charge.com\/wp-content\/uploads\/2020\/05\/dudas-preguntas-coche-electrico-1-150x150.jpg",150,150,true],"medium":["https:\/\/v2charge.com\/wp-content\/uploads\/2020\/05\/dudas-preguntas-coche-electrico-1-300x200.jpg",300,200,true],"medium_large":["https:\/\/v2charge.com\/wp-content\/uploads\/2020\/05\/dudas-preguntas-coche-electrico-1-768x512.jpg",768,512,true],"large":["https:\/\/v2charge.com\/wp-content\/uploads\/2020\/05\/dudas-preguntas-coche-electrico-1.jpg",800,533,false],"gs-tiny":["https:\/\/v2charge.com\/wp-content\/uploads\/2020\/05\/dudas-preguntas-coche-electrico-1.jpg",50,33,false],"xl":["https:\/\/v2charge.com\/wp-content\/uploads\/2020\/05\/dudas-preguntas-coche-electrico-1.jpg",800,533,false],"xxl":["https:\/\/v2charge.com\/wp-content\/uploads\/2020\/05\/dudas-preguntas-coche-electrico-1.jpg",800,533,false],"xxxl":["https:\/\/v2charge.com\/wp-content\/uploads\/2020\/05\/dudas-preguntas-coche-electrico-1.jpg",800,533,false],"xxxxl":["https:\/\/v2charge.com\/wp-content\/uploads\/2020\/05\/dudas-preguntas-coche-electrico-1.jpg",800,533,false],"xxxxxl":["https:\/\/v2charge.com\/wp-content\/uploads\/2020\/05\/dudas-preguntas-coche-electrico-1.jpg",800,533,false],"1536x1536":["https:\/\/v2charge.com\/wp-content\/uploads\/2020\/05\/dudas-preguntas-coche-electrico-1.jpg",800,533,false],"2048x2048":["https:\/\/v2charge.com\/wp-content\/uploads\/2020\/05\/dudas-preguntas-coche-electrico-1.jpg",800,533,false]},"uagb_author_info":{"display_name":"V2C","author_link":"https:\/\/v2charge.com\/ca\/author\/root_k4eu7ki8\/"},"uagb_comment_info":0,"uagb_excerpt":"Hem decidit desfer-nos del nostre cotxe de combusti\u00f3. Genial! Ja hem donat el primer pas: prendre una decisi\u00f3. I, en aquest cas, hem decidit moure&#8217;ns pel m\u00f3n de manera sostenible amb zero emissions. Si est\u00e0s en &#8220;aquest moment&#8221;, sens dubte t&#8217;hauran sorgit nombroses preguntes que solen sorgir abans de comprar un cotxe el\u00e8ctric. Quin cotxe&hellip;","_links":{"self":[{"href":"https:\/\/v2charge.com\/ca\/wp-json\/wp\/v2\/posts\/309985","targetHints":{"allow":["GET"]}}],"collection":[{"href":"https:\/\/v2charge.com\/ca\/wp-json\/wp\/v2\/posts"}],"about":[{"href":"https:\/\/v2charge.com\/ca\/wp-json\/wp\/v2\/types\/post"}],"author":[{"embeddable":true,"href":"https:\/\/v2charge.com\/ca\/wp-json\/wp\/v2\/users\/1"}],"replies":[{"embeddable":true,"href":"https:\/\/v2charge.com\/ca\/wp-json\/wp\/v2\/comments?post=309985"}],"version-history":[{"count":0,"href":"https:\/\/v2charge.com\/ca\/wp-json\/wp\/v2\/posts\/309985\/revisions"}],"wp:featuredmedia":[{"embeddable":true,"href":"https:\/\/v2charge.com\/ca\/wp-json\/wp\/v2\/media\/62892"}],"wp:attachment":[{"href":"https:\/\/v2charge.com\/ca\/wp-json\/wp\/v2\/media?parent=309985"}],"wp:term":[{"taxonomy":"category","embeddable":true,"href":"https:\/\/v2charge.com\/ca\/wp-json\/wp\/v2\/categories?post=309985"},{"taxonomy":"post_tag","embeddable":true,"href":"https:\/\/v2charge.com\/ca\/wp-json\/wp\/v2\/tags?post=309985"}],"curies":[{"name":"wp","href":"https:\/\/api.w.org\/{rel}","templated":true}]}}