{"id":309989,"date":"2020-10-07T09:18:26","date_gmt":"2020-10-07T09:18:26","guid":{"rendered":""},"modified":"2023-10-04T10:06:59","modified_gmt":"2023-10-04T08:06:59","slug":"la-carrega-rapida-danya-la-bateria-dels-cotxes-electrics","status":"publish","type":"post","link":"https:\/\/v2charge.com\/ca\/la-carrega-rapida-danya-la-bateria-dels-cotxes-electrics\/","title":{"rendered":"La c\u00e0rrega r\u00e0pida danya la bateria dels cotxes el\u00e8ctrics?"},"content":{"rendered":"<p>Carregar la bateria d&#8217;un cotxe el\u00e8ctric sovint desperta moltes dubtes. Una de les m\u00e9s comunes \u00e9s si <strong>la c\u00e0rrega r\u00e0pida pot comportar efectes negatius<\/strong> i resultar perjudicial per a la salut de la bateria. En aquest article desvetllem aquestes dubtes i t&#8217;aclarim per qu\u00e8 \u00e9s millor realitzar la c\u00e0rrega en mode 3 (c\u00e0rrega semi-r\u00e0pida) que en mode 4 (c\u00e0rrega r\u00e0pida).<\/p>\n<h2>Rec\u00e0rrega en corrent alterna Vs. Corrent continua<\/h2>\n<p>Abans de res, has de con\u00e8ixer que existeixen dues maneres de carregar un vehicle el\u00e8ctric: en corrent alterna o corrent continua.<\/p>\n<p>La connexi\u00f3 del vehicle a la xarxa de <strong>corrent alterna<\/strong> es realitza mitjan\u00e7ant un endoll schuko, un adaptador o connector, o el conegut punt de rec\u00e0rrega o <a href=\"https:\/\/www.v2charge.com\/ca\/que-es-un-wallbox-ca\/\">wallbox<\/a>. Per la seva banda, la connexi\u00f3 en <strong>corrent continua<\/strong> es realitza en estacions de c\u00e0rrega fora de la vivenda. Aquesta connexi\u00f3 en corrent continua correspon a la c\u00e0rrega r\u00e0pida.<\/p>\n<p>La c\u00e0rrega r\u00e0pida es caracteritza per carregar a m\u00e9s de 50 kWh i tardar <strong>apenes 20 o 30 minuts a arribar al 80% de la c\u00e0rrega<\/strong>. El connector estandarditzat a Europa per dur a terme aquesta c\u00e0rrega \u00e9s el CCS Combo 2.<\/p>\n<h2>\u00c9s aconsellable la c\u00e0rrega r\u00e0pida?<\/h2>\n<p>Carregar el teu vehicle el\u00e8ctric en nom\u00e9s 20 minuts t\u00e9 les seves conseq\u00fc\u00e8ncies: <strong>les bateries arriben a unes temperatures molt elevades<\/strong> i, despr\u00e9s de for\u00e7a cicles de c\u00e0rrega en aquestes condicions, perden capacitat d&#8217;emmagatzematge.<\/p>\n<p>Hem de ser clars en la resposta: <strong>no \u00e9s aconsellable efectuar c\u00e0rregues r\u00e0pides de manera habitual<\/strong>. Recomanem fer aquesta c\u00e0rrega en ocasions puntuals. Per exemple, en viatges llargs o moments en qu\u00e8 no disposem de molt temps per carregar.<\/p>\n<p>De fet, diversos dels estudis sorgits en els darrers anys indiquen que, despr\u00e9s de 25 cicles de c\u00e0rrega en estacions de c\u00e0rrega r\u00e0pida, les bateries d&#8217;ions de liti dels vehicles el\u00e8ctrics deixen de funcionar correctament.<\/p>\n<h2>La nostra recomanaci\u00f3: C\u00e0rrega Semi-R\u00e0pida en Mode 3<\/h2>\n<p>No nom\u00e9s la c\u00e0rrega extremadament r\u00e0pida t\u00e9 efectes negatius. Tamb\u00e9 la lenta: carregar un vehicle el\u00e8ctric amb un endoll schuko durant m\u00e9s de 20 hores escalfa molt la bateria. Per aix\u00f2, <strong>la millor opci\u00f3 \u00e9s optar per una c\u00e0rrega semi-r\u00e0pida en Mode 3<\/strong>.<\/p>\n<p>Aquesta c\u00e0rrega es realitza a una pot\u00e8ncia de 7,2 kW en instal\u00b7laci\u00f3 monof\u00e0sica o 22 kW en trif\u00e0sica. \u00c9s un punt de rec\u00e0rrega o wallbox amb tots els elements necessaris per carregar el vehicle de manera segura, eficient i sense desgastar la salut de les bateries. Per aix\u00f2, tots <a href=\"https:\/\/v2charge.com\/ca\/e-carregadors\/\"> els punts de rec\u00e0rrega V2C<\/a> empren aquest tipus de c\u00e0rrega, ja que mantenen una <strong>comunicaci\u00f3 directa amb el vehicle<\/strong> per afavorir el seu correcte funcionament.<\/p>\n<p>Si desitges m\u00e9s informaci\u00f3 sobre aquest tema, pots consultar els <a href=\"https:\/\/www.v2charge.com\/ca\/modes-i-tipus-de-recarrega-al-mercat-dels-cotxes-electrics\/\">modes i tipus de rec\u00e0rrega dels cotxes el\u00e8ctrics<\/a>.<\/p>\n","protected":false},"excerpt":{"rendered":"<p>Carregar la bateria d&#8217;un cotxe el\u00e8ctric sovint desperta moltes dubtes. Una de les m\u00e9s comunes \u00e9s si la c\u00e0rrega r\u00e0pida pot comportar efectes negatius i resultar perjudicial per a la salut de la bateria. En aquest article desvetllem aquestes dubtes i t&#8217;aclarim per qu\u00e8 \u00e9s millor realitzar la c\u00e0rrega en mode 3 (c\u00e0rrega semi-r\u00e0pida) que &#8230; <a title=\"La c\u00e0rrega r\u00e0pida danya la bateria dels cotxes el\u00e8ctrics?\" class=\"read-more\" href=\"https:\/\/v2charge.com\/ca\/la-carrega-rapida-danya-la-bateria-dels-cotxes-electrics\/\" aria-label=\"M\u00e9s informaci\u00f3 sobre La c\u00e0rrega r\u00e0pida danya la bateria dels cotxes el\u00e8ctrics?\">Llegiu m\u00e9s<\/a><\/p>\n","protected":false},"author":1,"featured_media":120752,"comment_status":"closed","ping_status":"closed","sticky":false,"template":"","format":"standard","meta":{"_eb_attr":"","content-type":"","_uag_custom_page_level_css":"","footnotes":""},"categories":[],"tags":[],"class_list":["post-309989","post","type-post","status-publish","format-standard","has-post-thumbnail","hentry"],"yoast_head":"<!-- This site is optimized with the Yoast SEO plugin v25.3.1 - https:\/\/yoast.com\/wordpress\/plugins\/seo\/ -->\n<title>\u00bfLa C\u00e0rrega R\u00e0pida danya la bateria dels Cotxes El\u00e8ctrics? | V2C<\/title>\n<meta name=\"description\" content=\"Et expliquem per qu\u00e8 la c\u00e0rrega r\u00e0pida habitual no \u00e9s bona per a la bateria del teu cotxe el\u00e8ctric i et recomanem la millor manera de fer-ho.\" \/>\n<meta name=\"robots\" content=\"index, follow, max-snippet:-1, max-image-preview:large, max-video-preview:-1\" \/>\n<link rel=\"canonical\" href=\"https:\/\/v2charge.com\/ca\/la-carrega-rapida-danya-la-bateria-dels-cotxes-electrics\/\" \/>\n<meta property=\"og:locale\" content=\"ca_ES\" \/>\n<meta property=\"og:type\" content=\"article\" \/>\n<meta property=\"og:title\" content=\"\u00bfLa C\u00e0rrega R\u00e0pida danya la bateria dels Cotxes El\u00e8ctrics? | V2C\" \/>\n<meta property=\"og:description\" content=\"Et expliquem per qu\u00e8 la c\u00e0rrega r\u00e0pida habitual no \u00e9s bona per a la bateria del teu cotxe el\u00e8ctric i et recomanem la millor manera de fer-ho.\" \/>\n<meta property=\"og:url\" content=\"https:\/\/v2charge.com\/ca\/la-carrega-rapida-danya-la-bateria-dels-cotxes-electrics\/\" \/>\n<meta property=\"og:site_name\" content=\"V2C\" \/>\n<meta property=\"article:publisher\" content=\"https:\/\/www.facebook.com\/V2C.Charge\" \/>\n<meta property=\"article:published_time\" content=\"2020-10-07T09:18:26+00:00\" \/>\n<meta property=\"article:modified_time\" content=\"2023-10-04T08:06:59+00:00\" \/>\n<meta property=\"og:image\" content=\"https:\/\/v2charge.com\/wp-content\/uploads\/2020\/10\/carga-rapida-bateria.jpg\" \/>\n\t<meta property=\"og:image:width\" content=\"1200\" \/>\n\t<meta property=\"og:image:height\" content=\"700\" \/>\n\t<meta property=\"og:image:type\" content=\"image\/jpeg\" \/>\n<meta name=\"author\" content=\"V2C\" \/>\n<meta name=\"twitter:card\" content=\"summary_large_image\" \/>\n<meta name=\"twitter:creator\" content=\"@V2C_Charge\" \/>\n<meta name=\"twitter:site\" content=\"@V2C_Charge\" \/>\n<meta name=\"twitter:label1\" content=\"Escrit per\" \/>\n\t<meta name=\"twitter:data1\" content=\"V2C\" \/>\n\t<meta name=\"twitter:label2\" content=\"Temps estimat de lectura\" \/>\n\t<meta name=\"twitter:data2\" content=\"3 minuts\" \/>\n<script type=\"application\/ld+json\" class=\"yoast-schema-graph\">{\"@context\":\"https:\/\/schema.org\",\"@graph\":[{\"@type\":\"Article\",\"@id\":\"https:\/\/v2charge.com\/ca\/la-carrega-rapida-danya-la-bateria-dels-cotxes-electrics\/#article\",\"isPartOf\":{\"@id\":\"https:\/\/v2charge.com\/ca\/la-carrega-rapida-danya-la-bateria-dels-cotxes-electrics\/\"},\"author\":{\"name\":\"V2C\",\"@id\":\"https:\/\/v2charge.com\/ca\/#\/schema\/person\/f29e67a85380accce2b8b9139c993f42\"},\"headline\":\"La c\u00e0rrega r\u00e0pida danya la bateria dels cotxes el\u00e8ctrics?\",\"datePublished\":\"2020-10-07T09:18:26+00:00\",\"dateModified\":\"2023-10-04T08:06:59+00:00\",\"mainEntityOfPage\":{\"@id\":\"https:\/\/v2charge.com\/ca\/la-carrega-rapida-danya-la-bateria-dels-cotxes-electrics\/\"},\"wordCount\":504,\"publisher\":{\"@id\":\"https:\/\/v2charge.com\/ca\/#organization\"},\"image\":{\"@id\":\"https:\/\/v2charge.com\/ca\/la-carrega-rapida-danya-la-bateria-dels-cotxes-electrics\/#primaryimage\"},\"thumbnailUrl\":\"https:\/\/v2charge.com\/wp-content\/uploads\/2020\/10\/carga-rapida-bateria.jpg\",\"inLanguage\":\"ca\"},{\"@type\":\"WebPage\",\"@id\":\"https:\/\/v2charge.com\/ca\/la-carrega-rapida-danya-la-bateria-dels-cotxes-electrics\/\",\"url\":\"https:\/\/v2charge.com\/ca\/la-carrega-rapida-danya-la-bateria-dels-cotxes-electrics\/\",\"name\":\"\u00bfLa C\u00e0rrega R\u00e0pida danya la bateria dels Cotxes El\u00e8ctrics? | V2C\",\"isPartOf\":{\"@id\":\"https:\/\/v2charge.com\/ca\/#website\"},\"primaryImageOfPage\":{\"@id\":\"https:\/\/v2charge.com\/ca\/la-carrega-rapida-danya-la-bateria-dels-cotxes-electrics\/#primaryimage\"},\"image\":{\"@id\":\"https:\/\/v2charge.com\/ca\/la-carrega-rapida-danya-la-bateria-dels-cotxes-electrics\/#primaryimage\"},\"thumbnailUrl\":\"https:\/\/v2charge.com\/wp-content\/uploads\/2020\/10\/carga-rapida-bateria.jpg\",\"datePublished\":\"2020-10-07T09:18:26+00:00\",\"dateModified\":\"2023-10-04T08:06:59+00:00\",\"description\":\"Et expliquem per qu\u00e8 la c\u00e0rrega r\u00e0pida habitual no \u00e9s bona per a la bateria del teu cotxe el\u00e8ctric i et recomanem la millor manera de fer-ho.\",\"breadcrumb\":{\"@id\":\"https:\/\/v2charge.com\/ca\/la-carrega-rapida-danya-la-bateria-dels-cotxes-electrics\/#breadcrumb\"},\"inLanguage\":\"ca\",\"potentialAction\":[{\"@type\":\"ReadAction\",\"target\":[\"https:\/\/v2charge.com\/ca\/la-carrega-rapida-danya-la-bateria-dels-cotxes-electrics\/\"]}]},{\"@type\":\"ImageObject\",\"inLanguage\":\"ca\",\"@id\":\"https:\/\/v2charge.com\/ca\/la-carrega-rapida-danya-la-bateria-dels-cotxes-electrics\/#primaryimage\",\"url\":\"https:\/\/v2charge.com\/wp-content\/uploads\/2020\/10\/carga-rapida-bateria.jpg\",\"contentUrl\":\"https:\/\/v2charge.com\/wp-content\/uploads\/2020\/10\/carga-rapida-bateria.jpg\",\"width\":1200,\"height\":700,\"caption\":\"carga r\u00e1pida da\u00f1a la bater\u00eda de los coches el\u00e9ctricos\"},{\"@type\":\"BreadcrumbList\",\"@id\":\"https:\/\/v2charge.com\/ca\/la-carrega-rapida-danya-la-bateria-dels-cotxes-electrics\/#breadcrumb\",\"itemListElement\":[{\"@type\":\"ListItem\",\"position\":1,\"name\":\"V2C\",\"item\":\"https:\/\/v2charge.com\/ca\/\"},{\"@type\":\"ListItem\",\"position\":2,\"name\":\"e-mobility\",\"item\":\"https:\/\/v2charge.com\/eu\/e-mobility\/\"},{\"@type\":\"ListItem\",\"position\":3,\"name\":\"La c\u00e0rrega r\u00e0pida danya la bateria dels cotxes el\u00e8ctrics?\"}]},{\"@type\":\"WebSite\",\"@id\":\"https:\/\/v2charge.com\/ca\/#website\",\"url\":\"https:\/\/v2charge.com\/ca\/\",\"name\":\"V2C\",\"description\":\"#CargandoElMa\u00f1ana\",\"publisher\":{\"@id\":\"https:\/\/v2charge.com\/ca\/#organization\"},\"potentialAction\":[{\"@type\":\"SearchAction\",\"target\":{\"@type\":\"EntryPoint\",\"urlTemplate\":\"https:\/\/v2charge.com\/ca\/?s={search_term_string}\"},\"query-input\":{\"@type\":\"PropertyValueSpecification\",\"valueRequired\":true,\"valueName\":\"search_term_string\"}}],\"inLanguage\":\"ca\"},{\"@type\":\"Organization\",\"@id\":\"https:\/\/v2charge.com\/ca\/#organization\",\"name\":\"V2C\",\"url\":\"https:\/\/v2charge.com\/ca\/\",\"logo\":{\"@type\":\"ImageObject\",\"inLanguage\":\"ca\",\"@id\":\"https:\/\/v2charge.com\/ca\/#\/schema\/logo\/image\/\",\"url\":\"https:\/\/v2charge.com\/wp-content\/uploads\/2024\/11\/cropped-v2c-charge-logo-menu.png\",\"contentUrl\":\"https:\/\/v2charge.com\/wp-content\/uploads\/2024\/11\/cropped-v2c-charge-logo-menu.png\",\"width\":984,\"height\":431,\"caption\":\"V2C\"},\"image\":{\"@id\":\"https:\/\/v2charge.com\/ca\/#\/schema\/logo\/image\/\"},\"sameAs\":[\"https:\/\/www.facebook.com\/V2C.Charge\",\"https:\/\/x.com\/V2C_Charge\",\"https:\/\/www.instagram.com\/v2c.charge\/\",\"https:\/\/www.youtube.com\/@V2C\",\"https:\/\/www.linkedin.com\/company\/v2c-chargers\/\"]},{\"@type\":\"Person\",\"@id\":\"https:\/\/v2charge.com\/ca\/#\/schema\/person\/f29e67a85380accce2b8b9139c993f42\",\"name\":\"V2C\",\"image\":{\"@type\":\"ImageObject\",\"inLanguage\":\"ca\",\"@id\":\"https:\/\/v2charge.com\/ca\/#\/schema\/person\/image\/\",\"url\":\"https:\/\/secure.gravatar.com\/avatar\/6b569efe71f377f865d3c6d7d046c620e6ecf71400555f6ac3a8d31ade20562b?s=96&d=mm&r=g\",\"contentUrl\":\"https:\/\/secure.gravatar.com\/avatar\/6b569efe71f377f865d3c6d7d046c620e6ecf71400555f6ac3a8d31ade20562b?s=96&d=mm&r=g\",\"caption\":\"V2C\"}}]}<\/script>\n<!-- \/ Yoast SEO plugin. -->","yoast_head_json":{"title":"\u00bfLa C\u00e0rrega R\u00e0pida danya la bateria dels Cotxes El\u00e8ctrics? | V2C","description":"Et expliquem per qu\u00e8 la c\u00e0rrega r\u00e0pida habitual no \u00e9s bona per a la bateria del teu cotxe el\u00e8ctric i et recomanem la millor manera de fer-ho.","robots":{"index":"index","follow":"follow","max-snippet":"max-snippet:-1","max-image-preview":"max-image-preview:large","max-video-preview":"max-video-preview:-1"},"canonical":"https:\/\/v2charge.com\/ca\/la-carrega-rapida-danya-la-bateria-dels-cotxes-electrics\/","og_locale":"ca_ES","og_type":"article","og_title":"\u00bfLa C\u00e0rrega R\u00e0pida danya la bateria dels Cotxes El\u00e8ctrics? | V2C","og_description":"Et expliquem per qu\u00e8 la c\u00e0rrega r\u00e0pida habitual no \u00e9s bona per a la bateria del teu cotxe el\u00e8ctric i et recomanem la millor manera de fer-ho.","og_url":"https:\/\/v2charge.com\/ca\/la-carrega-rapida-danya-la-bateria-dels-cotxes-electrics\/","og_site_name":"V2C","article_publisher":"https:\/\/www.facebook.com\/V2C.Charge","article_published_time":"2020-10-07T09:18:26+00:00","article_modified_time":"2023-10-04T08:06:59+00:00","og_image":[{"width":1200,"height":700,"url":"https:\/\/v2charge.com\/wp-content\/uploads\/2020\/10\/carga-rapida-bateria.jpg","type":"image\/jpeg"}],"author":"V2C","twitter_card":"summary_large_image","twitter_creator":"@V2C_Charge","twitter_site":"@V2C_Charge","twitter_misc":{"Escrit per":"V2C","Temps estimat de lectura":"3 minuts"},"schema":{"@context":"https:\/\/schema.org","@graph":[{"@type":"Article","@id":"https:\/\/v2charge.com\/ca\/la-carrega-rapida-danya-la-bateria-dels-cotxes-electrics\/#article","isPartOf":{"@id":"https:\/\/v2charge.com\/ca\/la-carrega-rapida-danya-la-bateria-dels-cotxes-electrics\/"},"author":{"name":"V2C","@id":"https:\/\/v2charge.com\/ca\/#\/schema\/person\/f29e67a85380accce2b8b9139c993f42"},"headline":"La c\u00e0rrega r\u00e0pida danya la bateria dels cotxes el\u00e8ctrics?","datePublished":"2020-10-07T09:18:26+00:00","dateModified":"2023-10-04T08:06:59+00:00","mainEntityOfPage":{"@id":"https:\/\/v2charge.com\/ca\/la-carrega-rapida-danya-la-bateria-dels-cotxes-electrics\/"},"wordCount":504,"publisher":{"@id":"https:\/\/v2charge.com\/ca\/#organization"},"image":{"@id":"https:\/\/v2charge.com\/ca\/la-carrega-rapida-danya-la-bateria-dels-cotxes-electrics\/#primaryimage"},"thumbnailUrl":"https:\/\/v2charge.com\/wp-content\/uploads\/2020\/10\/carga-rapida-bateria.jpg","inLanguage":"ca"},{"@type":"WebPage","@id":"https:\/\/v2charge.com\/ca\/la-carrega-rapida-danya-la-bateria-dels-cotxes-electrics\/","url":"https:\/\/v2charge.com\/ca\/la-carrega-rapida-danya-la-bateria-dels-cotxes-electrics\/","name":"\u00bfLa C\u00e0rrega R\u00e0pida danya la bateria dels Cotxes El\u00e8ctrics? | V2C","isPartOf":{"@id":"https:\/\/v2charge.com\/ca\/#website"},"primaryImageOfPage":{"@id":"https:\/\/v2charge.com\/ca\/la-carrega-rapida-danya-la-bateria-dels-cotxes-electrics\/#primaryimage"},"image":{"@id":"https:\/\/v2charge.com\/ca\/la-carrega-rapida-danya-la-bateria-dels-cotxes-electrics\/#primaryimage"},"thumbnailUrl":"https:\/\/v2charge.com\/wp-content\/uploads\/2020\/10\/carga-rapida-bateria.jpg","datePublished":"2020-10-07T09:18:26+00:00","dateModified":"2023-10-04T08:06:59+00:00","description":"Et expliquem per qu\u00e8 la c\u00e0rrega r\u00e0pida habitual no \u00e9s bona per a la bateria del teu cotxe el\u00e8ctric i et recomanem la millor manera de fer-ho.","breadcrumb":{"@id":"https:\/\/v2charge.com\/ca\/la-carrega-rapida-danya-la-bateria-dels-cotxes-electrics\/#breadcrumb"},"inLanguage":"ca","potentialAction":[{"@type":"ReadAction","target":["https:\/\/v2charge.com\/ca\/la-carrega-rapida-danya-la-bateria-dels-cotxes-electrics\/"]}]},{"@type":"ImageObject","inLanguage":"ca","@id":"https:\/\/v2charge.com\/ca\/la-carrega-rapida-danya-la-bateria-dels-cotxes-electrics\/#primaryimage","url":"https:\/\/v2charge.com\/wp-content\/uploads\/2020\/10\/carga-rapida-bateria.jpg","contentUrl":"https:\/\/v2charge.com\/wp-content\/uploads\/2020\/10\/carga-rapida-bateria.jpg","width":1200,"height":700,"caption":"carga r\u00e1pida da\u00f1a la bater\u00eda de los coches el\u00e9ctricos"},{"@type":"BreadcrumbList","@id":"https:\/\/v2charge.com\/ca\/la-carrega-rapida-danya-la-bateria-dels-cotxes-electrics\/#breadcrumb","itemListElement":[{"@type":"ListItem","position":1,"name":"V2C","item":"https:\/\/v2charge.com\/ca\/"},{"@type":"ListItem","position":2,"name":"e-mobility","item":"https:\/\/v2charge.com\/eu\/e-mobility\/"},{"@type":"ListItem","position":3,"name":"La c\u00e0rrega r\u00e0pida danya la bateria dels cotxes el\u00e8ctrics?"}]},{"@type":"WebSite","@id":"https:\/\/v2charge.com\/ca\/#website","url":"https:\/\/v2charge.com\/ca\/","name":"V2C","description":"#CargandoElMa\u00f1ana","publisher":{"@id":"https:\/\/v2charge.com\/ca\/#organization"},"potentialAction":[{"@type":"SearchAction","target":{"@type":"EntryPoint","urlTemplate":"https:\/\/v2charge.com\/ca\/?s={search_term_string}"},"query-input":{"@type":"PropertyValueSpecification","valueRequired":true,"valueName":"search_term_string"}}],"inLanguage":"ca"},{"@type":"Organization","@id":"https:\/\/v2charge.com\/ca\/#organization","name":"V2C","url":"https:\/\/v2charge.com\/ca\/","logo":{"@type":"ImageObject","inLanguage":"ca","@id":"https:\/\/v2charge.com\/ca\/#\/schema\/logo\/image\/","url":"https:\/\/v2charge.com\/wp-content\/uploads\/2024\/11\/cropped-v2c-charge-logo-menu.png","contentUrl":"https:\/\/v2charge.com\/wp-content\/uploads\/2024\/11\/cropped-v2c-charge-logo-menu.png","width":984,"height":431,"caption":"V2C"},"image":{"@id":"https:\/\/v2charge.com\/ca\/#\/schema\/logo\/image\/"},"sameAs":["https:\/\/www.facebook.com\/V2C.Charge","https:\/\/x.com\/V2C_Charge","https:\/\/www.instagram.com\/v2c.charge\/","https:\/\/www.youtube.com\/@V2C","https:\/\/www.linkedin.com\/company\/v2c-chargers\/"]},{"@type":"Person","@id":"https:\/\/v2charge.com\/ca\/#\/schema\/person\/f29e67a85380accce2b8b9139c993f42","name":"V2C","image":{"@type":"ImageObject","inLanguage":"ca","@id":"https:\/\/v2charge.com\/ca\/#\/schema\/person\/image\/","url":"https:\/\/secure.gravatar.com\/avatar\/6b569efe71f377f865d3c6d7d046c620e6ecf71400555f6ac3a8d31ade20562b?s=96&d=mm&r=g","contentUrl":"https:\/\/secure.gravatar.com\/avatar\/6b569efe71f377f865d3c6d7d046c620e6ecf71400555f6ac3a8d31ade20562b?s=96&d=mm&r=g","caption":"V2C"}}]}},"uagb_featured_image_src":{"full":["https:\/\/v2charge.com\/wp-content\/uploads\/2020\/10\/carga-rapida-bateria.jpg",1200,700,false],"thumbnail":["https:\/\/v2charge.com\/wp-content\/uploads\/2020\/10\/carga-rapida-bateria-150x150.jpg",150,150,true],"medium":["https:\/\/v2charge.com\/wp-content\/uploads\/2020\/10\/carga-rapida-bateria-300x175.jpg",300,175,true],"medium_large":["https:\/\/v2charge.com\/wp-content\/uploads\/2020\/10\/carga-rapida-bateria-768x448.jpg",768,448,true],"large":["https:\/\/v2charge.com\/wp-content\/uploads\/2020\/10\/carga-rapida-bateria-1024x597.jpg",1024,597,true],"gs-tiny":["https:\/\/v2charge.com\/wp-content\/uploads\/2020\/10\/carga-rapida-bateria.jpg",50,29,false],"xl":["https:\/\/v2charge.com\/wp-content\/uploads\/2020\/10\/carga-rapida-bateria.jpg",1200,700,false],"xxl":["https:\/\/v2charge.com\/wp-content\/uploads\/2020\/10\/carga-rapida-bateria.jpg",1200,700,false],"xxxl":["https:\/\/v2charge.com\/wp-content\/uploads\/2020\/10\/carga-rapida-bateria.jpg",1200,700,false],"xxxxl":["https:\/\/v2charge.com\/wp-content\/uploads\/2020\/10\/carga-rapida-bateria.jpg",1200,700,false],"xxxxxl":["https:\/\/v2charge.com\/wp-content\/uploads\/2020\/10\/carga-rapida-bateria.jpg",1200,700,false],"1536x1536":["https:\/\/v2charge.com\/wp-content\/uploads\/2020\/10\/carga-rapida-bateria.jpg",1200,700,false],"2048x2048":["https:\/\/v2charge.com\/wp-content\/uploads\/2020\/10\/carga-rapida-bateria.jpg",1200,700,false]},"uagb_author_info":{"display_name":"V2C","author_link":"https:\/\/v2charge.com\/ca\/author\/root_k4eu7ki8\/"},"uagb_comment_info":0,"uagb_excerpt":"Carregar la bateria d&#8217;un cotxe el\u00e8ctric sovint desperta moltes dubtes. Una de les m\u00e9s comunes \u00e9s si la c\u00e0rrega r\u00e0pida pot comportar efectes negatius i resultar perjudicial per a la salut de la bateria. En aquest article desvetllem aquestes dubtes i t&#8217;aclarim per qu\u00e8 \u00e9s millor realitzar la c\u00e0rrega en mode 3 (c\u00e0rrega semi-r\u00e0pida) que&hellip;","_links":{"self":[{"href":"https:\/\/v2charge.com\/ca\/wp-json\/wp\/v2\/posts\/309989","targetHints":{"allow":["GET"]}}],"collection":[{"href":"https:\/\/v2charge.com\/ca\/wp-json\/wp\/v2\/posts"}],"about":[{"href":"https:\/\/v2charge.com\/ca\/wp-json\/wp\/v2\/types\/post"}],"author":[{"embeddable":true,"href":"https:\/\/v2charge.com\/ca\/wp-json\/wp\/v2\/users\/1"}],"replies":[{"embeddable":true,"href":"https:\/\/v2charge.com\/ca\/wp-json\/wp\/v2\/comments?post=309989"}],"version-history":[{"count":0,"href":"https:\/\/v2charge.com\/ca\/wp-json\/wp\/v2\/posts\/309989\/revisions"}],"wp:featuredmedia":[{"embeddable":true,"href":"https:\/\/v2charge.com\/ca\/wp-json\/wp\/v2\/media\/120752"}],"wp:attachment":[{"href":"https:\/\/v2charge.com\/ca\/wp-json\/wp\/v2\/media?parent=309989"}],"wp:term":[{"taxonomy":"category","embeddable":true,"href":"https:\/\/v2charge.com\/ca\/wp-json\/wp\/v2\/categories?post=309989"},{"taxonomy":"post_tag","embeddable":true,"href":"https:\/\/v2charge.com\/ca\/wp-json\/wp\/v2\/tags?post=309989"}],"curies":[{"name":"wp","href":"https:\/\/api.w.org\/{rel}","templated":true}]}}