{"id":310080,"date":"2023-11-29T16:19:21","date_gmt":"2023-11-29T14:19:21","guid":{"rendered":""},"modified":"2023-11-29T16:19:32","modified_gmt":"2023-11-29T14:19:32","slug":"primera-formacion-catedra-smart-energy-teruel-ca","status":"publish","type":"post","link":"https:\/\/v2charge.com\/ca\/primera-formacion-catedra-smart-energy-teruel-ca\/","title":{"rendered":"Primera formaci\u00f3 de V2C i la Universitat de Saragossa per la C\u00e0tedra V2C &#8211; Smart Energy"},"content":{"rendered":"<p>Recentment, vam tenir l&#8217;honor de dur a terme, juntament amb la <strong>Universitat de Saragossa<\/strong>, la primera acci\u00f3 formativa de la <a href=\"https:\/\/v2charge.com\/ca\/catedra-v2c-smart-energy-ca\/\">C\u00e0tedra V2C &#8211; Smart Energy<\/a>, celebrada a l&#8217;Escola Universit\u00e0ria Polit\u00e8cnica de Terol (EUPT).<\/p>\n\n<p>Una formaci\u00f3 en la qual abordem els aven\u00e7os destacats en la gesti\u00f3 intel\u00b7ligent i sostenible de l&#8217;energia, especialment en el context dels habitatges i vehicles el\u00e8ctrics.<\/p>\n\n<h2 class=\"wp-block-heading\">Visi\u00f3 i objectius de V2C<\/h2>\n\n<p>El nostre CEO, V\u00edctor Sanchis, va compartir la visi\u00f3 i els objectius de V2C en aquest espai educatiu. Va destacar la<strong> import\u00e0ncia de facilitar la c\u00e0rrega de<\/strong> <strong>vehicles el\u00e8ctrics<\/strong> utilitzant les tarifes m\u00e9s avantatjoses, &#8220;permetent als usuaris activar aquest proc\u00e9s amb nom\u00e9s un clic i eliminant qualsevol complicaci\u00f3 addicional&#8221;.<\/p>\n\n<p>A m\u00e9s, Sanchis tamb\u00e9 va destacar els grans aven\u00e7os que s&#8217;estan aconseguint en aquesta col\u00b7laboraci\u00f3 amb la Universitat de Saragossa. &#8220;S&#8217;est\u00e0 treballant en la investigaci\u00f3 creant models, fent algoritmes, proves i simulacions per obtenir coneixement i aplicar-ho a la vida real. Precisament, <strong>abans de finalitzar l&#8217;any est\u00e0 previst treure al mercat la primera aplicaci\u00f3 per als nostres carregadors intel\u00b7ligents<\/strong>&#8220;, va afirmar Sanchis.<\/p>\n\n<p>Aix\u00ed, estaria m\u00e9s a prop l&#8217;objectiu de la C\u00e0tedra V2C &#8211; Smart Energy, que consisteix a crear un sistema obert que faciliti la gesti\u00f3 del consum d&#8217;energia de manera completament intel\u00b7ligent i aut\u00f2noma en la c\u00e0rrega dels vehicles el\u00e8ctrics.<\/p>\n\n<h2 class=\"wp-block-heading\">Rol Fonamental dels Enginyers<\/h2>\n\n<p>Sanchis va ressaltar el paper essencial dels enginyers en aquest context, explicant com la seva feina en l&#8217;optimitzaci\u00f3 \u00e9s fonamental per aconseguir aquests desenvolupaments tecnol\u00f2gics. Els estudiants d&#8217;Enginyeria Electr\u00f2nica i Autom\u00e0tica, aix\u00ed com d&#8217;Inform\u00e0tica, van tenir l&#8217;oportunitat d&#8217;explorar les <strong>possibilitats professionals<\/strong> dins d&#8217;aquest camp en constant evoluci\u00f3.<\/p>\n\n<h2 class=\"wp-block-heading\">Impacte Educatiu i Col\u00b7laboratiu<\/h2>\n\n<p>Aquesta jornada no nom\u00e9s va beneficiar els estudiants de l&#8217;EUPT, sin\u00f3 que tamb\u00e9 va comptar amb la <strong>col\u00b7laboraci\u00f3 de l&#8217;Escola Universit\u00e0ria Polit\u00e8cnica<\/strong>, la <strong>Fundaci\u00f3 Empresa Universitat de la Universitat de Saragossa<\/strong> (Feuz) i la <strong>Fundaci\u00f3 Universit\u00e0ria Antonio Gargallo<\/strong>. La C\u00e0tedra V2C &#8211; Smart Energy, centrada en Intel\u00b7lig\u00e8ncia Artificial (IA) i establerta a Terol aquest any, dirigida per Piedad Garrido, busca unir talent i desenvolupament pr\u00e0ctic en aquest camp.<\/p>\n\n<h2 class=\"wp-block-heading\">Perspectives a llarg termini<\/h2>\n\n<p>La nostra uni\u00f3 estrat\u00e8gica se centra en la <strong>captaci\u00f3 de talent<\/strong>, oferint oportunitats de pr\u00e0ctiques a l&#8217;empresa, treballs finals de grau o m\u00e0ster i propostes a llarg termini per impulsar la formaci\u00f3.<\/p>\n\n<p>Aquest \u00e9s nom\u00e9s el comen\u00e7ament d&#8217;una emocionant col\u00b7laboraci\u00f3 que busca <strong>promoure la innovaci\u00f3, l&#8217;aprenentatge i l&#8217;avan\u00e7 en la sostenibilitat energ\u00e8tica<\/strong>. Estem desitjant seguir desenvolupant projectes, donant suport a la recerca i contribuint al futur de l&#8217;energia intel\u00b7ligent.<\/p>","protected":false},"excerpt":{"rendered":"<p>Recentment, vam tenir l&#8217;honor de dur a terme, juntament amb la Universitat de Saragossa, la primera acci\u00f3 formativa de la C\u00e0tedra V2C &#8211; Smart Energy, celebrada a l&#8217;Escola Universit\u00e0ria Polit\u00e8cnica de Terol (EUPT). Una formaci\u00f3 en la qual abordem els aven\u00e7os destacats en la gesti\u00f3 intel\u00b7ligent i sostenible de l&#8217;energia, especialment en el context dels &#8230; <a title=\"Primera formaci\u00f3 de V2C i la Universitat de Saragossa per la C\u00e0tedra V2C &#8211; Smart Energy\" class=\"read-more\" href=\"https:\/\/v2charge.com\/ca\/primera-formacion-catedra-smart-energy-teruel-ca\/\" aria-label=\"M\u00e9s informaci\u00f3 sobre Primera formaci\u00f3 de V2C i la Universitat de Saragossa per la C\u00e0tedra V2C &#8211; Smart Energy\">Llegiu m\u00e9s<\/a><\/p>\n","protected":false},"author":400,"featured_media":126389,"comment_status":"closed","ping_status":"closed","sticky":false,"template":"","format":"standard","meta":{"_eb_attr":"","content-type":"","_uag_custom_page_level_css":"","footnotes":""},"categories":[],"tags":[],"class_list":["post-310080","post","type-post","status-publish","format-standard","has-post-thumbnail","hentry"],"yoast_head":"<!-- This site is optimized with the Yoast SEO plugin v25.3.1 - https:\/\/yoast.com\/wordpress\/plugins\/seo\/ -->\n<title>Primera Formaci\u00f3 de la C\u00e0tedra V2C Smart Energy a Terol<\/title>\n<meta name=\"description\" content=\"Primer esdeveniment educatiu de la C\u00e0tedra V2C-Smart Energy a l&#039;EUPT. \u00a1Uniendo innovaci\u00f3n y formaci\u00f3n para un futuro energ\u00e9tico inteligente!\" \/>\n<meta name=\"robots\" content=\"index, follow, max-snippet:-1, max-image-preview:large, max-video-preview:-1\" \/>\n<link rel=\"canonical\" href=\"https:\/\/v2charge.com\/ca\/primera-formacion-catedra-smart-energy-teruel-ca\/\" \/>\n<meta property=\"og:locale\" content=\"ca_ES\" \/>\n<meta property=\"og:type\" content=\"article\" \/>\n<meta property=\"og:title\" content=\"Primera Formaci\u00f3 de la C\u00e0tedra V2C Smart Energy a Terol\" \/>\n<meta property=\"og:description\" content=\"Primer esdeveniment educatiu de la C\u00e0tedra V2C-Smart Energy a l&#039;EUPT. \u00a1Uniendo innovaci\u00f3n y formaci\u00f3n para un futuro energ\u00e9tico inteligente!\" \/>\n<meta property=\"og:url\" content=\"https:\/\/v2charge.com\/ca\/primera-formacion-catedra-smart-energy-teruel-ca\/\" \/>\n<meta property=\"og:site_name\" content=\"V2C\" \/>\n<meta property=\"article:publisher\" content=\"https:\/\/www.facebook.com\/V2C.Charge\" \/>\n<meta property=\"article:published_time\" content=\"2023-11-29T14:19:21+00:00\" \/>\n<meta property=\"article:modified_time\" content=\"2023-11-29T14:19:32+00:00\" \/>\n<meta property=\"og:image\" content=\"https:\/\/v2charge.com\/wp-content\/uploads\/2023\/11\/formacion-catedra-teruel.jpg\" \/>\n\t<meta property=\"og:image:width\" content=\"1200\" \/>\n\t<meta property=\"og:image:height\" content=\"700\" \/>\n\t<meta property=\"og:image:type\" content=\"image\/jpeg\" \/>\n<meta name=\"author\" content=\"V2C\" \/>\n<meta name=\"twitter:card\" content=\"summary_large_image\" \/>\n<meta name=\"twitter:creator\" content=\"@V2C_Charge\" \/>\n<meta name=\"twitter:site\" content=\"@V2C_Charge\" \/>\n<meta name=\"twitter:label1\" content=\"Escrit per\" \/>\n\t<meta name=\"twitter:data1\" content=\"V2C\" \/>\n\t<meta name=\"twitter:label2\" content=\"Temps estimat de lectura\" \/>\n\t<meta name=\"twitter:data2\" content=\"2 minuts\" \/>\n<script type=\"application\/ld+json\" class=\"yoast-schema-graph\">{\"@context\":\"https:\/\/schema.org\",\"@graph\":[{\"@type\":\"Article\",\"@id\":\"https:\/\/v2charge.com\/ca\/primera-formacion-catedra-smart-energy-teruel-ca\/#article\",\"isPartOf\":{\"@id\":\"https:\/\/v2charge.com\/ca\/primera-formacion-catedra-smart-energy-teruel-ca\/\"},\"author\":{\"name\":\"V2C\",\"@id\":\"https:\/\/v2charge.com\/ca\/#\/schema\/person\/d6f210a94a856acdddec347b2127fd0f\"},\"headline\":\"Primera formaci\u00f3 de V2C i la Universitat de Saragossa per la C\u00e0tedra V2C &#8211; Smart Energy\",\"datePublished\":\"2023-11-29T14:19:21+00:00\",\"dateModified\":\"2023-11-29T14:19:32+00:00\",\"mainEntityOfPage\":{\"@id\":\"https:\/\/v2charge.com\/ca\/primera-formacion-catedra-smart-energy-teruel-ca\/\"},\"wordCount\":500,\"publisher\":{\"@id\":\"https:\/\/v2charge.com\/ca\/#organization\"},\"image\":{\"@id\":\"https:\/\/v2charge.com\/ca\/primera-formacion-catedra-smart-energy-teruel-ca\/#primaryimage\"},\"thumbnailUrl\":\"https:\/\/v2charge.com\/wp-content\/uploads\/2023\/11\/formacion-catedra-teruel.jpg\",\"inLanguage\":\"ca\"},{\"@type\":\"WebPage\",\"@id\":\"https:\/\/v2charge.com\/ca\/primera-formacion-catedra-smart-energy-teruel-ca\/\",\"url\":\"https:\/\/v2charge.com\/ca\/primera-formacion-catedra-smart-energy-teruel-ca\/\",\"name\":\"Primera Formaci\u00f3 de la C\u00e0tedra V2C Smart Energy a Terol\",\"isPartOf\":{\"@id\":\"https:\/\/v2charge.com\/ca\/#website\"},\"primaryImageOfPage\":{\"@id\":\"https:\/\/v2charge.com\/ca\/primera-formacion-catedra-smart-energy-teruel-ca\/#primaryimage\"},\"image\":{\"@id\":\"https:\/\/v2charge.com\/ca\/primera-formacion-catedra-smart-energy-teruel-ca\/#primaryimage\"},\"thumbnailUrl\":\"https:\/\/v2charge.com\/wp-content\/uploads\/2023\/11\/formacion-catedra-teruel.jpg\",\"datePublished\":\"2023-11-29T14:19:21+00:00\",\"dateModified\":\"2023-11-29T14:19:32+00:00\",\"description\":\"Primer esdeveniment educatiu de la C\u00e0tedra V2C-Smart Energy a l'EUPT. \u00a1Uniendo innovaci\u00f3n y formaci\u00f3n para un futuro energ\u00e9tico inteligente!\",\"breadcrumb\":{\"@id\":\"https:\/\/v2charge.com\/ca\/primera-formacion-catedra-smart-energy-teruel-ca\/#breadcrumb\"},\"inLanguage\":\"ca\",\"potentialAction\":[{\"@type\":\"ReadAction\",\"target\":[\"https:\/\/v2charge.com\/ca\/primera-formacion-catedra-smart-energy-teruel-ca\/\"]}]},{\"@type\":\"ImageObject\",\"inLanguage\":\"ca\",\"@id\":\"https:\/\/v2charge.com\/ca\/primera-formacion-catedra-smart-energy-teruel-ca\/#primaryimage\",\"url\":\"https:\/\/v2charge.com\/wp-content\/uploads\/2023\/11\/formacion-catedra-teruel.jpg\",\"contentUrl\":\"https:\/\/v2charge.com\/wp-content\/uploads\/2023\/11\/formacion-catedra-teruel.jpg\",\"width\":1200,\"height\":700},{\"@type\":\"BreadcrumbList\",\"@id\":\"https:\/\/v2charge.com\/ca\/primera-formacion-catedra-smart-energy-teruel-ca\/#breadcrumb\",\"itemListElement\":[{\"@type\":\"ListItem\",\"position\":1,\"name\":\"V2C\",\"item\":\"https:\/\/v2charge.com\/ca\/\"},{\"@type\":\"ListItem\",\"position\":2,\"name\":\"Noticias V2C\",\"item\":\"https:\/\/v2charge.com\/es\/noticias-v2c\/\"},{\"@type\":\"ListItem\",\"position\":3,\"name\":\"Primera formaci\u00f3 de V2C i la Universitat de Saragossa per la C\u00e0tedra V2C &#8211; Smart Energy\"}]},{\"@type\":\"WebSite\",\"@id\":\"https:\/\/v2charge.com\/ca\/#website\",\"url\":\"https:\/\/v2charge.com\/ca\/\",\"name\":\"V2C\",\"description\":\"#CargandoElMa\u00f1ana\",\"publisher\":{\"@id\":\"https:\/\/v2charge.com\/ca\/#organization\"},\"potentialAction\":[{\"@type\":\"SearchAction\",\"target\":{\"@type\":\"EntryPoint\",\"urlTemplate\":\"https:\/\/v2charge.com\/ca\/?s={search_term_string}\"},\"query-input\":{\"@type\":\"PropertyValueSpecification\",\"valueRequired\":true,\"valueName\":\"search_term_string\"}}],\"inLanguage\":\"ca\"},{\"@type\":\"Organization\",\"@id\":\"https:\/\/v2charge.com\/ca\/#organization\",\"name\":\"V2C\",\"url\":\"https:\/\/v2charge.com\/ca\/\",\"logo\":{\"@type\":\"ImageObject\",\"inLanguage\":\"ca\",\"@id\":\"https:\/\/v2charge.com\/ca\/#\/schema\/logo\/image\/\",\"url\":\"https:\/\/v2charge.com\/wp-content\/uploads\/2024\/11\/cropped-v2c-charge-logo-menu.png\",\"contentUrl\":\"https:\/\/v2charge.com\/wp-content\/uploads\/2024\/11\/cropped-v2c-charge-logo-menu.png\",\"width\":984,\"height\":431,\"caption\":\"V2C\"},\"image\":{\"@id\":\"https:\/\/v2charge.com\/ca\/#\/schema\/logo\/image\/\"},\"sameAs\":[\"https:\/\/www.facebook.com\/V2C.Charge\",\"https:\/\/x.com\/V2C_Charge\",\"https:\/\/www.instagram.com\/v2c.charge\/\",\"https:\/\/www.youtube.com\/@V2C\",\"https:\/\/www.linkedin.com\/company\/v2c-chargers\/\"]},{\"@type\":\"Person\",\"@id\":\"https:\/\/v2charge.com\/ca\/#\/schema\/person\/d6f210a94a856acdddec347b2127fd0f\",\"name\":\"V2C\",\"image\":{\"@type\":\"ImageObject\",\"inLanguage\":\"ca\",\"@id\":\"https:\/\/v2charge.com\/ca\/#\/schema\/person\/image\/\",\"url\":\"https:\/\/secure.gravatar.com\/avatar\/a91128c4c0d2f4d63bd586301fdec6cc9aa49c885839b25d1c62700f529f267c?s=96&d=mm&r=g\",\"contentUrl\":\"https:\/\/secure.gravatar.com\/avatar\/a91128c4c0d2f4d63bd586301fdec6cc9aa49c885839b25d1c62700f529f267c?s=96&d=mm&r=g\",\"caption\":\"V2C\"}}]}<\/script>\n<!-- \/ Yoast SEO plugin. -->","yoast_head_json":{"title":"Primera Formaci\u00f3 de la C\u00e0tedra V2C Smart Energy a Terol","description":"Primer esdeveniment educatiu de la C\u00e0tedra V2C-Smart Energy a l'EUPT. \u00a1Uniendo innovaci\u00f3n y formaci\u00f3n para un futuro energ\u00e9tico inteligente!","robots":{"index":"index","follow":"follow","max-snippet":"max-snippet:-1","max-image-preview":"max-image-preview:large","max-video-preview":"max-video-preview:-1"},"canonical":"https:\/\/v2charge.com\/ca\/primera-formacion-catedra-smart-energy-teruel-ca\/","og_locale":"ca_ES","og_type":"article","og_title":"Primera Formaci\u00f3 de la C\u00e0tedra V2C Smart Energy a Terol","og_description":"Primer esdeveniment educatiu de la C\u00e0tedra V2C-Smart Energy a l'EUPT. \u00a1Uniendo innovaci\u00f3n y formaci\u00f3n para un futuro energ\u00e9tico inteligente!","og_url":"https:\/\/v2charge.com\/ca\/primera-formacion-catedra-smart-energy-teruel-ca\/","og_site_name":"V2C","article_publisher":"https:\/\/www.facebook.com\/V2C.Charge","article_published_time":"2023-11-29T14:19:21+00:00","article_modified_time":"2023-11-29T14:19:32+00:00","og_image":[{"width":1200,"height":700,"url":"https:\/\/v2charge.com\/wp-content\/uploads\/2023\/11\/formacion-catedra-teruel.jpg","type":"image\/jpeg"}],"author":"V2C","twitter_card":"summary_large_image","twitter_creator":"@V2C_Charge","twitter_site":"@V2C_Charge","twitter_misc":{"Escrit per":"V2C","Temps estimat de lectura":"2 minuts"},"schema":{"@context":"https:\/\/schema.org","@graph":[{"@type":"Article","@id":"https:\/\/v2charge.com\/ca\/primera-formacion-catedra-smart-energy-teruel-ca\/#article","isPartOf":{"@id":"https:\/\/v2charge.com\/ca\/primera-formacion-catedra-smart-energy-teruel-ca\/"},"author":{"name":"V2C","@id":"https:\/\/v2charge.com\/ca\/#\/schema\/person\/d6f210a94a856acdddec347b2127fd0f"},"headline":"Primera formaci\u00f3 de V2C i la Universitat de Saragossa per la C\u00e0tedra V2C &#8211; Smart Energy","datePublished":"2023-11-29T14:19:21+00:00","dateModified":"2023-11-29T14:19:32+00:00","mainEntityOfPage":{"@id":"https:\/\/v2charge.com\/ca\/primera-formacion-catedra-smart-energy-teruel-ca\/"},"wordCount":500,"publisher":{"@id":"https:\/\/v2charge.com\/ca\/#organization"},"image":{"@id":"https:\/\/v2charge.com\/ca\/primera-formacion-catedra-smart-energy-teruel-ca\/#primaryimage"},"thumbnailUrl":"https:\/\/v2charge.com\/wp-content\/uploads\/2023\/11\/formacion-catedra-teruel.jpg","inLanguage":"ca"},{"@type":"WebPage","@id":"https:\/\/v2charge.com\/ca\/primera-formacion-catedra-smart-energy-teruel-ca\/","url":"https:\/\/v2charge.com\/ca\/primera-formacion-catedra-smart-energy-teruel-ca\/","name":"Primera Formaci\u00f3 de la C\u00e0tedra V2C Smart Energy a Terol","isPartOf":{"@id":"https:\/\/v2charge.com\/ca\/#website"},"primaryImageOfPage":{"@id":"https:\/\/v2charge.com\/ca\/primera-formacion-catedra-smart-energy-teruel-ca\/#primaryimage"},"image":{"@id":"https:\/\/v2charge.com\/ca\/primera-formacion-catedra-smart-energy-teruel-ca\/#primaryimage"},"thumbnailUrl":"https:\/\/v2charge.com\/wp-content\/uploads\/2023\/11\/formacion-catedra-teruel.jpg","datePublished":"2023-11-29T14:19:21+00:00","dateModified":"2023-11-29T14:19:32+00:00","description":"Primer esdeveniment educatiu de la C\u00e0tedra V2C-Smart Energy a l'EUPT. \u00a1Uniendo innovaci\u00f3n y formaci\u00f3n para un futuro energ\u00e9tico inteligente!","breadcrumb":{"@id":"https:\/\/v2charge.com\/ca\/primera-formacion-catedra-smart-energy-teruel-ca\/#breadcrumb"},"inLanguage":"ca","potentialAction":[{"@type":"ReadAction","target":["https:\/\/v2charge.com\/ca\/primera-formacion-catedra-smart-energy-teruel-ca\/"]}]},{"@type":"ImageObject","inLanguage":"ca","@id":"https:\/\/v2charge.com\/ca\/primera-formacion-catedra-smart-energy-teruel-ca\/#primaryimage","url":"https:\/\/v2charge.com\/wp-content\/uploads\/2023\/11\/formacion-catedra-teruel.jpg","contentUrl":"https:\/\/v2charge.com\/wp-content\/uploads\/2023\/11\/formacion-catedra-teruel.jpg","width":1200,"height":700},{"@type":"BreadcrumbList","@id":"https:\/\/v2charge.com\/ca\/primera-formacion-catedra-smart-energy-teruel-ca\/#breadcrumb","itemListElement":[{"@type":"ListItem","position":1,"name":"V2C","item":"https:\/\/v2charge.com\/ca\/"},{"@type":"ListItem","position":2,"name":"Noticias V2C","item":"https:\/\/v2charge.com\/es\/noticias-v2c\/"},{"@type":"ListItem","position":3,"name":"Primera formaci\u00f3 de V2C i la Universitat de Saragossa per la C\u00e0tedra V2C &#8211; Smart Energy"}]},{"@type":"WebSite","@id":"https:\/\/v2charge.com\/ca\/#website","url":"https:\/\/v2charge.com\/ca\/","name":"V2C","description":"#CargandoElMa\u00f1ana","publisher":{"@id":"https:\/\/v2charge.com\/ca\/#organization"},"potentialAction":[{"@type":"SearchAction","target":{"@type":"EntryPoint","urlTemplate":"https:\/\/v2charge.com\/ca\/?s={search_term_string}"},"query-input":{"@type":"PropertyValueSpecification","valueRequired":true,"valueName":"search_term_string"}}],"inLanguage":"ca"},{"@type":"Organization","@id":"https:\/\/v2charge.com\/ca\/#organization","name":"V2C","url":"https:\/\/v2charge.com\/ca\/","logo":{"@type":"ImageObject","inLanguage":"ca","@id":"https:\/\/v2charge.com\/ca\/#\/schema\/logo\/image\/","url":"https:\/\/v2charge.com\/wp-content\/uploads\/2024\/11\/cropped-v2c-charge-logo-menu.png","contentUrl":"https:\/\/v2charge.com\/wp-content\/uploads\/2024\/11\/cropped-v2c-charge-logo-menu.png","width":984,"height":431,"caption":"V2C"},"image":{"@id":"https:\/\/v2charge.com\/ca\/#\/schema\/logo\/image\/"},"sameAs":["https:\/\/www.facebook.com\/V2C.Charge","https:\/\/x.com\/V2C_Charge","https:\/\/www.instagram.com\/v2c.charge\/","https:\/\/www.youtube.com\/@V2C","https:\/\/www.linkedin.com\/company\/v2c-chargers\/"]},{"@type":"Person","@id":"https:\/\/v2charge.com\/ca\/#\/schema\/person\/d6f210a94a856acdddec347b2127fd0f","name":"V2C","image":{"@type":"ImageObject","inLanguage":"ca","@id":"https:\/\/v2charge.com\/ca\/#\/schema\/person\/image\/","url":"https:\/\/secure.gravatar.com\/avatar\/a91128c4c0d2f4d63bd586301fdec6cc9aa49c885839b25d1c62700f529f267c?s=96&d=mm&r=g","contentUrl":"https:\/\/secure.gravatar.com\/avatar\/a91128c4c0d2f4d63bd586301fdec6cc9aa49c885839b25d1c62700f529f267c?s=96&d=mm&r=g","caption":"V2C"}}]}},"uagb_featured_image_src":{"full":["https:\/\/v2charge.com\/wp-content\/uploads\/2023\/11\/formacion-catedra-teruel.jpg",1200,700,false],"thumbnail":["https:\/\/v2charge.com\/wp-content\/uploads\/2023\/11\/formacion-catedra-teruel-150x150.jpg",150,150,true],"medium":["https:\/\/v2charge.com\/wp-content\/uploads\/2023\/11\/formacion-catedra-teruel-300x175.jpg",300,175,true],"medium_large":["https:\/\/v2charge.com\/wp-content\/uploads\/2023\/11\/formacion-catedra-teruel-768x448.jpg",768,448,true],"large":["https:\/\/v2charge.com\/wp-content\/uploads\/2023\/11\/formacion-catedra-teruel-1024x597.jpg",1024,597,true],"gs-tiny":["https:\/\/v2charge.com\/wp-content\/uploads\/2023\/11\/formacion-catedra-teruel.jpg",50,29,false],"xl":["https:\/\/v2charge.com\/wp-content\/uploads\/2023\/11\/formacion-catedra-teruel.jpg",1200,700,false],"xxl":["https:\/\/v2charge.com\/wp-content\/uploads\/2023\/11\/formacion-catedra-teruel.jpg",1200,700,false],"xxxl":["https:\/\/v2charge.com\/wp-content\/uploads\/2023\/11\/formacion-catedra-teruel.jpg",1200,700,false],"xxxxl":["https:\/\/v2charge.com\/wp-content\/uploads\/2023\/11\/formacion-catedra-teruel.jpg",1200,700,false],"xxxxxl":["https:\/\/v2charge.com\/wp-content\/uploads\/2023\/11\/formacion-catedra-teruel.jpg",1200,700,false],"1536x1536":["https:\/\/v2charge.com\/wp-content\/uploads\/2023\/11\/formacion-catedra-teruel.jpg",1200,700,false],"2048x2048":["https:\/\/v2charge.com\/wp-content\/uploads\/2023\/11\/formacion-catedra-teruel.jpg",1200,700,false]},"uagb_author_info":{"display_name":"V2C","author_link":"https:\/\/v2charge.com\/ca\/author\/marketing\/"},"uagb_comment_info":0,"uagb_excerpt":"Recentment, vam tenir l&#8217;honor de dur a terme, juntament amb la Universitat de Saragossa, la primera acci\u00f3 formativa de la C\u00e0tedra V2C &#8211; Smart Energy, celebrada a l&#8217;Escola Universit\u00e0ria Polit\u00e8cnica de Terol (EUPT). Una formaci\u00f3 en la qual abordem els aven\u00e7os destacats en la gesti\u00f3 intel\u00b7ligent i sostenible de l&#8217;energia, especialment en el context dels&hellip;","_links":{"self":[{"href":"https:\/\/v2charge.com\/ca\/wp-json\/wp\/v2\/posts\/310080","targetHints":{"allow":["GET"]}}],"collection":[{"href":"https:\/\/v2charge.com\/ca\/wp-json\/wp\/v2\/posts"}],"about":[{"href":"https:\/\/v2charge.com\/ca\/wp-json\/wp\/v2\/types\/post"}],"author":[{"embeddable":true,"href":"https:\/\/v2charge.com\/ca\/wp-json\/wp\/v2\/users\/400"}],"replies":[{"embeddable":true,"href":"https:\/\/v2charge.com\/ca\/wp-json\/wp\/v2\/comments?post=310080"}],"version-history":[{"count":0,"href":"https:\/\/v2charge.com\/ca\/wp-json\/wp\/v2\/posts\/310080\/revisions"}],"wp:featuredmedia":[{"embeddable":true,"href":"https:\/\/v2charge.com\/ca\/wp-json\/wp\/v2\/media\/126389"}],"wp:attachment":[{"href":"https:\/\/v2charge.com\/ca\/wp-json\/wp\/v2\/media?parent=310080"}],"wp:term":[{"taxonomy":"category","embeddable":true,"href":"https:\/\/v2charge.com\/ca\/wp-json\/wp\/v2\/categories?post=310080"},{"taxonomy":"post_tag","embeddable":true,"href":"https:\/\/v2charge.com\/ca\/wp-json\/wp\/v2\/tags?post=310080"}],"curies":[{"name":"wp","href":"https:\/\/api.w.org\/{rel}","templated":true}]}}