{"id":310082,"date":"2023-12-29T09:00:00","date_gmt":"2023-12-29T07:00:00","guid":{"rendered":""},"modified":"2023-12-22T17:14:49","modified_gmt":"2023-12-22T15:14:49","slug":"els-fites-de-v2c-que-han-marcat-el-nostre-2023","status":"publish","type":"post","link":"https:\/\/v2charge.com\/ca\/els-fites-de-v2c-que-han-marcat-el-nostre-2023\/","title":{"rendered":"Els fites de V2C que han marcat el nostre 2023"},"content":{"rendered":"<p>2023 est\u00e0 arribant a la seva fi, i \u00e9s moment de fer una mirada enrere. Aquest any ha marcat un cap\u00edtol emocionant i ple d&#8217;assoliments per a V2C. Hem assolit <strong>fites significatives<\/strong> que han consolidat la nostra pres\u00e8ncia i lideratge en la transici\u00f3 cap a una mobilitat m\u00e9s sostenible. Des d&#8217;associacions estrat\u00e8giques fins a aven\u00e7os tecnol\u00f2gics innovadors, cada pas ens ha apropat m\u00e9s <strong>a la nostra visi\u00f3 d&#8217;un futur de mobilitat ecol\u00f2gica<\/strong>. Al llarg d&#8217;aquest any, hem treballat incansablement per marcar la difer\u00e8ncia al mercat. Cada esdeveniment ha estat un pilar fonamental en el nostre cam\u00ed cap a l&#8217;excel\u00b7l\u00e8ncia en el sector dels vehicles el\u00e8ctrics. \u00a1Acompanya&#8217;ns en aquest recorregut pels fets m\u00e9s destacats del 2023!<\/p>\n\n<h2 class=\"wp-block-heading\">Associaci\u00f3 V2C i Satero als Pa\u00efsos Baixos<\/h2>\n\n<p>Comencem l&#8217;any amb una <a href=\"https:\/\/v2charge.com\/ca\/v2c-i-satero-s-uneixen-per-a-la-distribucio-de-carregadors-de-vehicles-electrics-als-paisos-baixos\/\">associaci\u00f3 estrat\u00e8gica entre V2C i Satero<\/a>. Un acord que no nom\u00e9s representa una <strong>uni\u00f3 empresarial<\/strong> sin\u00f3 un pas ferm cap a l&#8217;<strong>expansi\u00f3 de la nostra gamma d&#8217;e-Chargers als Pa\u00efsos Baixos<\/strong>. Aquesta alian\u00e7a combina l&#8217;experi\u00e8ncia tecnol\u00f2gica de V2C en e-Chargers amb el ampli coneixement del mercat holand\u00e8s en emobility proporcionat per Satero. La meta: oferir als usuaris holandesos acc\u00e9s a la c\u00e0rrega m\u00e9s innovadora i un excel\u00b7lent servei al client, contribuint aix\u00ed a millorar la transici\u00f3 cap a la mobilitat el\u00e8ctrica en un pa\u00eds reconegut mundialment pel seu lideratge en aquest \u00e0mbit.<\/p>\n\n<div class=\"wp-block-image\">\n<figure class=\"aligncenter size-large is-resized\"><img decoding=\"async\" src=\"https:\/\/v2charge.com\/wp-content\/uploads\/2023\/01\/Satero-1024x1024.jpg\" alt=\"\" class=\"wp-image-91900\" width=\"573\" height=\"573\" srcset=\"https:\/\/v2charge.com\/wp-content\/uploads\/2023\/01\/Satero-1024x1024.jpg 1024w, https:\/\/v2charge.com\/wp-content\/uploads\/2023\/01\/Satero-300x300.jpg 300w, https:\/\/v2charge.com\/wp-content\/uploads\/2023\/01\/Satero-150x150.jpg 150w, https:\/\/v2charge.com\/wp-content\/uploads\/2023\/01\/Satero-768x769.jpg 768w, https:\/\/v2charge.com\/wp-content\/uploads\/2023\/01\/Satero-50x50.jpg 50w, https:\/\/v2charge.com\/wp-content\/uploads\/2023\/01\/Satero-100x100.jpg 100w, https:\/\/v2charge.com\/wp-content\/uploads\/2023\/01\/Satero.jpg 1504w\" sizes=\"(max-width: 573px) 100vw, 573px\" \/><\/figure>\n<\/div>\n\n<h2 class=\"wp-block-heading\">Surge Smart Energy, la uni\u00f3 entre V2C i la Universitat de Saragossa<\/h2>\n\n<p>Al mar\u00e7 <a href=\"https:\/\/v2charge.com\/ca\/catedra-v2c-smart-energy-ca\/\">la Universitat de Saragossa i V2C van unir forces<\/a> per innovar en la gesti\u00f3 energ\u00e8tica de la c\u00e0rrega de vehicles el\u00e8ctrics <strong>a trav\u00e9s de la intel\u00b7lig\u00e8ncia artificial (IA)<\/strong>. Aquest emocionant projecte, batejat com a Smart Energy, t\u00e9 com a prop\u00f2sit principal la <strong>reducci\u00f3 del cost de l&#8217;energia el\u00e8ctrica i les emissions de CO2<\/strong>. <br><br>Aquesta uni\u00f3 no nom\u00e9s aspira a potenciar l&#8217;efici\u00e8ncia i sostenibilitat dels e-Chargers de V2C. Tamb\u00e9 a <strong>impulsar la motivaci\u00f3 estudiantil<\/strong> mitjan\u00e7ant cursos formatius en mobilitat el\u00e8ctrica. Aquesta sinergia refor\u00e7a el comprom\u00eds de V2C en liderar la transici\u00f3 cap a la mobilitat el\u00e8ctrica sostenible, consolidant la seva pres\u00e8ncia nacional i internacional en m\u00e9s de deu mercats a trav\u00e9s de solucions tecnol\u00f2giques innovadores.<\/p>\n\n<h2 class=\"wp-block-heading\">V2C a l&#8217;eMobility Expo World Congress:<\/h2>\n\n<p>El mateix mes, vam estar presents a l&#8217;<strong><a href=\"https:\/\/v2charge.com\/ca\/v2c-presenta-les-seves-solucions-per-a-la-mobilitat-del-dema-a-l-emobility-expo-world-congress\/\">eMobility Expo World Congress<\/a><\/strong>, un esdeveniment que va consolidar la nostra posici\u00f3 com a referent en el sector de la mobilitat a nivell global. La participaci\u00f3 en aquest congr\u00e9s celebrat a la Fira de Val\u00e8ncia va permetre a l&#8217;empresa destacar les seves \u00faltimes solucions i tecnologies en mobilitat el\u00e8ctrica. Amb m\u00e9s de <strong>5.794 assistents de 16 pa\u00efsos<\/strong>, aquesta primera edici\u00f3 va ser un rotund \u00e8xit, brindant a V2C l&#8217;oportunitat de refor\u00e7ar relacions amb socis i altres actors del mercat.<\/p>\n\n<div class=\"wp-block-image\">\n<figure class=\"aligncenter size-full\"><img decoding=\"async\" width=\"600\" height=\"451\" src=\"https:\/\/v2charge.com\/wp-content\/uploads\/2023\/04\/emobility-expo-world-congress.jpg\" alt=\"Stand de V2C en emobility expo world congress valencia\" class=\"wp-image-99400\" srcset=\"https:\/\/v2charge.com\/wp-content\/uploads\/2023\/04\/emobility-expo-world-congress.jpg 600w, https:\/\/v2charge.com\/wp-content\/uploads\/2023\/04\/emobility-expo-world-congress-300x226.jpg 300w\" sizes=\"(max-width: 600px) 100vw, 600px\" \/><\/figure>\n<\/div>\n\n<h2 class=\"wp-block-heading\">Integraci\u00f3 de Trydan a Monta, la Plataforma de Gesti\u00f3 L\u00edder a Europa<\/h2>\n\n<p>Al abril, <a href=\"https:\/\/v2charge.com\/ca\/monta-ca\/\"><strong>Trydan s&#8217;ha integrat amb \u00e8xit a Monta<\/strong>,<\/a> la plataforma l\u00edder a Europa per a la gesti\u00f3 de l&#8217;ecosistema de vehicles el\u00e8ctrics. Aquesta integraci\u00f3, realitzada a trav\u00e9s del protocol OCPP 1.6 JSON, ofereix als usuaris de Monta acc\u00e9s a l&#8217;avan\u00e7ada soluci\u00f3 de c\u00e0rrega de Trydan, millorant la facilitat i efici\u00e8ncia en la rec\u00e0rrega. La inclusi\u00f3 de Trydan a Monta reflecteix el comprom\u00eds continu de V2C amb la mobilitat el\u00e8ctrica i la sostenibilitat, oferint una soluci\u00f3 de c\u00e0rrega intel\u00b7ligent i f\u00e0cil d&#8217;usar a <strong>milers d&#8217;usuaris a tota Europa.<\/strong><\/p>\n\n<h2 class=\"wp-block-heading\">Llan\u00e7em Pole Pro<\/h2>\n\n<p>V2C va revolucionar la c\u00e0rrega el\u00e8ctrica <a href=\"https:\/\/v2charge.com\/ca\/nuevo-pole-pro-ca\/\">llan\u00e7ant Pole Pro<\/a> al juny, un <strong>carregador intel\u00b7ligent i vers\u00e0til per a m\u00faltiples usuaris<\/strong>. Connectivitat avan\u00e7ada, gesti\u00f3 din\u00e0mica de la c\u00e0rrega i accessibilitat millorada defineixen aquest nou est\u00e0ndard en la ind\u00fastria. Dissenyat per a empreses, aparcaments i centres comercials, <a href=\"https:\/\/v2charge.com\/ca\/pole-punt-recarrega\/\">Pole Pro<\/a> ofereix una soluci\u00f3 completa i eficient per carregar vehicles el\u00e8ctrics, marcant un hito en la mobilitat sostenible.<\/p>\n\n\n<figure class=\"wp-block-image size-large\"><img decoding=\"async\" width=\"1024\" height=\"597\" src=\"https:\/\/v2charge.com\/wp-content\/uploads\/2023\/06\/nuevo-pole-pro-1024x597.jpg\" alt=\"nuevo pole pro\" class=\"wp-image-107744\" srcset=\"https:\/\/v2charge.com\/wp-content\/uploads\/2023\/06\/nuevo-pole-pro-1024x597.jpg 1024w, https:\/\/v2charge.com\/wp-content\/uploads\/2023\/06\/nuevo-pole-pro-300x175.jpg 300w, https:\/\/v2charge.com\/wp-content\/uploads\/2023\/06\/nuevo-pole-pro-768x448.jpg 768w, https:\/\/v2charge.com\/wp-content\/uploads\/2023\/06\/nuevo-pole-pro.jpg 1200w\" sizes=\"(max-width: 1024px) 100vw, 1024px\" \/><\/figure>\n\n\n<h2 class=\"wp-block-heading\">Participem en Power2Drive 2023<\/h2>\n\n<p><a href=\"https:\/\/v2charge.com\/ca\/v2c-power2drive-2023-ca\/\">V2C <strong>va debutar amb \u00e8xit a Power2Drive<\/strong><\/a><strong> a Munic, esdeveniment l\u00edder en mobilitat el\u00e8ctrica<\/strong>. Vam presentar els nostres \u00faltims aven\u00e7os en tecnologia de c\u00e0rrega, atraient l&#8217;atenci\u00f3 d&#8217;experts i professionals del sector al nostre estand. Vam participar activament en panells i sessions que ens van oferir una visi\u00f3 profunda del futur de la mobilitat sostenible, enfortint aix\u00ed el nostre comprom\u00eds amb la innovaci\u00f3 i la nostra posici\u00f3 destacada al mercat global de carregadors el\u00e8ctrics.<\/p>\n\n\n<figure class=\"wp-block-image size-large\"><img decoding=\"async\" width=\"1024\" height=\"598\" src=\"https:\/\/v2charge.com\/wp-content\/uploads\/2023\/06\/v2c-power-to-drive-1024x598.jpg\" alt=\"v2c en power to drive\" class=\"wp-image-107791\" srcset=\"https:\/\/v2charge.com\/wp-content\/uploads\/2023\/06\/v2c-power-to-drive-1024x598.jpg 1024w, https:\/\/v2charge.com\/wp-content\/uploads\/2023\/06\/v2c-power-to-drive-300x175.jpg 300w, https:\/\/v2charge.com\/wp-content\/uploads\/2023\/06\/v2c-power-to-drive-768x449.jpg 768w, https:\/\/v2charge.com\/wp-content\/uploads\/2023\/06\/v2c-power-to-drive.jpg 1200w\" sizes=\"(max-width: 1024px) 100vw, 1024px\" \/><\/figure>\n\n\n<h2 class=\"wp-block-heading\">Els nostres e-Charges ara s\u00f3n compatibles amb Google Home<\/h2>\n\n<p>Arribant a l&#8217;avantguarda de la comoditat, els carregadors el\u00e8ctrics de <a href=\"https:\/\/v2charge.com\/ca\/v2c-ahora-compatible-google-home-ca\/\">V2C <strong>han passat a ser compatibles amb Google<\/strong><\/a>, permetent-te controlar la c\u00e0rrega del teu vehicle el\u00e8ctric amb ordres de veu a trav\u00e9s de Google Home. Des de <strong>bloquejar o desbloquejar fins a verificar l&#8217;estat de c\u00e0rrega<\/strong>, aquesta integraci\u00f3 facilita el control remot i la supervisi\u00f3 de la c\u00e0rrega. Amb aquesta capacitat d&#8217;interactuar amb els teus dispositius, l&#8217;experi\u00e8ncia de c\u00e0rrega esdev\u00e9 m\u00e9s intu\u00eftiva i accessible, oferint una manera m\u00e9s intel\u00b7ligent i convenient de gestionar la c\u00e0rrega del teu vehicle el\u00e8ctric.<\/p>\n\n<h2 class=\"wp-block-heading\">Acord entre V2C i Octopus<\/h2>\n\n<p>La <a href=\"https:\/\/v2charge.com\/ca\/acuerdo-octopus-energy-v2c-ca\/\">associaci\u00f3 entre V2C i Octopus Energy <\/a>es va produir al setembre i va marcar un hito en la mobilitat sostenible al integrar e-Chargers en les infraestructures solars. Octopus, coneguda pel seu enfocament innovador, es va unir a V2C per oferir als seus clients <strong>la instal\u00b7laci\u00f3 conjunta de plaques solars i carregadors de cotxes el\u00e8ctrics<\/strong>, permetent contractar tarifes solars econ\u00f2miques per excedents d&#8217;energia. Aquest acord representa un avan\u00e7 significatiu cap a una mobilitat m\u00e9s neta, amb el 21% de l&#8217;energia de rec\u00e0rrega provenint de la generaci\u00f3 solar. Els CEOs de totes dues companyies, entusiasmad\u00edssims amb la col\u00b7laboraci\u00f3, van veure aquest hito com el primer pas per a una revoluci\u00f3 en la mobilitat el\u00e8ctrica, promovent un futur m\u00e9s verd i eficient.<\/p>\n\n\n<figure class=\"wp-block-image size-large\"><img decoding=\"async\" width=\"1024\" height=\"597\" src=\"https:\/\/v2charge.com\/wp-content\/uploads\/2023\/09\/acuerdo-octopus-v2c-1024x597.webp\" alt=\"acuerdo octopus v2c\" class=\"wp-image-120441\" srcset=\"https:\/\/v2charge.com\/wp-content\/uploads\/2023\/09\/acuerdo-octopus-v2c-1024x597.webp 1024w, https:\/\/v2charge.com\/wp-content\/uploads\/2023\/09\/acuerdo-octopus-v2c-300x175.webp 300w, https:\/\/v2charge.com\/wp-content\/uploads\/2023\/09\/acuerdo-octopus-v2c-768x448.webp 768w, https:\/\/v2charge.com\/wp-content\/uploads\/2023\/09\/acuerdo-octopus-v2c.webp 1200w\" sizes=\"(max-width: 1024px) 100vw, 1024px\" \/><\/figure>\n\n\n<h2 class=\"wp-block-heading\">V2C i El Magatzem Fotovoltaic: Formaci\u00f3 Exitosa per Impulsar la Mobilitat Sostenible a Granada<\/h2>\n\n<p>Tamb\u00e9 al setembre, <a href=\"https:\/\/v2charge.com\/ca\/formacion-instaladores-v2c-el-almacen-fotovoltaico-ca\/\">V2C es va associar amb El Almac\u00e9n Fotovoltaico<\/a> per organitzar una <strong>formaci\u00f3 per a instal\u00b7ladors<\/strong> d&#8217;e-Chargers a la Cambra de Comer\u00e7 de Granada. Hugo Mestre, Sales Manager de V2C, va liderar la sessi\u00f3 destacant les qualitats \u00faniques del carregador Trydan, presentant el seu funcionament, especificacions t\u00e8cniques i la import\u00e0ncia de la c\u00e0rrega eficient i segura.<\/p>\n\n<p>La col\u00b7laboraci\u00f3 d&#8217;El Almac\u00e9n Fotovoltaico va subratllar la <strong>fiabilitat dels e-Chargers de V2C<\/strong>, enfortint la sinergia entre la tecnologia de c\u00e0rrega i l&#8217;energia solar. L&#8217;assist\u00e8ncia massiva d&#8217;instal\u00b7ladors i col\u00b7laboradors va reflectir l&#8217;inter\u00e8s creixent en solucions sostenibles. Aquest esdeveniment va ser fonamental per avan\u00e7ar cap a una mobilitat m\u00e9s verda, combinant l&#8217;experi\u00e8ncia en carregadors de V2C amb l&#8217;experi\u00e8ncia en energia solar d&#8217;El Almac\u00e9n Fotovoltaico.<\/p>\n\n<h2 class=\"wp-block-heading\">Presentem V2C Installer Panel: la plataforma per gestionar carregadors de manera remota<\/h2>\n\n<p>Al novembre vam presentar <a href=\"https:\/\/v2charge.com\/ca\/v2c-installer-panel-ca\/\">Installer Panel<\/a>, una plataforma que permet als instal\u00b7ladors gestionar e-Chargers de manera remota. Aquesta eina innovadora ofereix <strong>supervisi\u00f3 en temps real,<\/strong> configuraci\u00f3 remota i un historial de c\u00e0rrega detallat. Beneficia als instal\u00b7ladors amb efici\u00e8ncia en la resoluci\u00f3 de problemes i als usuaris finals amb una major fiabilitat en la c\u00e0rrega. Aquesta iniciativa destaca el comprom\u00eds de V2C amb l&#8217;evoluci\u00f3 cap a una mobilitat m\u00e9s sostenible i una millor experi\u00e8ncia per a la seva comunitat.<\/p>\n\n<h2 class=\"wp-block-heading\">Alian\u00e7a entre V2C i SEFA a les Illes Maurici<\/h2>\n\n<p>Aquest mateix mes, vam anunciar la nostra<a href=\"https:\/\/v2charge.com\/ca\/acuerdo-sefa-islas-mauricio-ca\/\"> associaci\u00f3 estrat\u00e8gica amb SEFA<\/a> a les Illes Maurici per ser el seu distribu\u00efdor principal d&#8217;e-Chargers. Aquest acord va marcar un avan\u00e7 crucial per promoure la tecnologia de c\u00e0rrega l\u00edder al mercat, recolzada per serveis integrals a la regi\u00f3. La col\u00b7laboraci\u00f3 refor\u00e7a el comprom\u00eds conjunt de les dues empreses amb la mobilitat el\u00e8ctrica i subratlla l&#8217;expansi\u00f3 global de V2C cap a un futur m\u00e9s sostenible.<\/p>\n\n\n<figure class=\"wp-block-image size-large\"><img decoding=\"async\" width=\"1024\" height=\"597\" src=\"https:\/\/v2charge.com\/wp-content\/uploads\/2023\/11\/acuerdo-v2c-sefa-1024x597.jpg\" alt=\"acuerdo sefa v2c\" class=\"wp-image-126276\" srcset=\"https:\/\/v2charge.com\/wp-content\/uploads\/2023\/11\/acuerdo-v2c-sefa-1024x597.jpg 1024w, https:\/\/v2charge.com\/wp-content\/uploads\/2023\/11\/acuerdo-v2c-sefa-300x175.jpg 300w, https:\/\/v2charge.com\/wp-content\/uploads\/2023\/11\/acuerdo-v2c-sefa-768x448.jpg 768w, https:\/\/v2charge.com\/wp-content\/uploads\/2023\/11\/acuerdo-v2c-sefa.jpg 1200w\" sizes=\"(max-width: 1024px) 100vw, 1024px\" \/><\/figure>\n\n\n<h2 class=\"wp-block-heading\">Primera formaci\u00f3 de V2C i la Universitat de Saragossa per Smart Energy<\/h2>\n\n<p>Poc despr\u00e9s vam celebrar la <a href=\"https:\/\/v2charge.com\/ca\/primera-formacion-catedra-smart-energy-teruel-ca\/\">primera acci\u00f3 formativa<\/a> de la C\u00e0tedra Smart Energy a l&#8217;Escola Universit\u00e0ria Polit\u00e8cnica de Teruel. Es van abordar aven\u00e7os crucials en la gesti\u00f3 intel\u00b7ligent i sostenible de l&#8217;energia. Vam compartir la visi\u00f3 de V2C i es va destacar el paper crucial dels enginyers en aquest camp, brindant aix\u00ed oportunitats als estudiants d&#8217;Enginyeria Electr\u00f2nica i Inform\u00e0tica.<\/p>\n\n<p>Aquesta jornada va marcar l&#8217;inici d&#8217;una alian\u00e7a estrat\u00e8gica que buscava fomentar la innovaci\u00f3, donar suport a la recerca i promoure el desenvolupament en sostenibilitat energ\u00e8tica.<\/p>\n\n<h2 class=\"wp-block-heading\">Trydan va aconseguir nombrosos aven\u00e7os<\/h2>\n\n<p>Al llarg de l&#8217;any 2023, els aven\u00e7os en Trydan han estat notables i han marcat tend\u00e8ncia en la ind\u00fastria de la c\u00e0rrega de vehicles el\u00e8ctrics. La integraci\u00f3 exitosa amb <strong>Google Home<\/strong> permet als usuaris controlar la c\u00e0rrega mitjan\u00e7ant ordres de veu, impulsant la conveni\u00e8ncia i l&#8217;accessibilitat. A m\u00e9s, Trydan va fer un salt cap a l&#8217;efici\u00e8ncia amb la seva <strong>integraci\u00f3 amb l&#8217;inversor h\u00edbrid d&#8217;Ingeteam<\/strong>, permetent carregar vehicles el\u00e8ctrics amb bateries. <br><br>Igualment, Trydan va destacar com a pioner en ser el <strong>primer carregador compatible amb instal\u00b7lacions fotovoltaiques a\u00efllades<\/strong>, liderant la c\u00e0rrega solar i refor\u00e7ant el seu comprom\u00eds amb la sostenibilitat. L&#8217;assoliment de la <strong>c\u00e0rrega trif\u00e0sica mixta<\/strong> i l&#8217;ampliaci\u00f3 de la seva integraci\u00f3 fotovoltaica amb els <strong>microinversors Enphase<\/strong> subratllen la cont\u00ednua innovaci\u00f3 de Trydan per oferir solucions avan\u00e7ades i vers\u00e0tils al mercat de la mobilitat el\u00e8ctrica. Per aquests aven\u00e7os, Trydan \u00e9s el millor carregador el\u00e8ctric del mercat.<\/p>\n\n<p>En conclusi\u00f3, l&#8217;any 2023 ha estat marcat per una s\u00e8rie d&#8217;assoliments notables en la mobilitat el\u00e8ctrica i la tecnologia de c\u00e0rrega de vehicles. Des d&#8217;associacions estrat\u00e8giques fins a aven\u00e7os tecnol\u00f2gics innovadors. V2C ha demostrat el seu comprom\u00eds amb la sostenibilitat, la innovaci\u00f3 i el lideratge en un mercat en constant evoluci\u00f3. Les aliances estrat\u00e8giques, les presentacions en esdeveniments clau i el llan\u00e7ament de solucions revolucion\u00e0ries reflecteixen l&#8217;enfocament de V2C en la creaci\u00f3 d&#8217;un futur m\u00e9s sostenible i eficient en la mobilitat el\u00e8ctrica. Continuarem treballant per seguir assolint \u00e8xits el 2024 i que sigui un any ple de bones not\u00edcies.<\/p>","protected":false},"excerpt":{"rendered":"<p>2023 est\u00e0 arribant a la seva fi, i \u00e9s moment de fer una mirada enrere. Aquest any ha marcat un cap\u00edtol emocionant i ple d&#8217;assoliments per a V2C. Hem assolit fites significatives que han consolidat la nostra pres\u00e8ncia i lideratge en la transici\u00f3 cap a una mobilitat m\u00e9s sostenible. Des d&#8217;associacions estrat\u00e8giques fins a aven\u00e7os &#8230; <a title=\"Els fites de V2C que han marcat el nostre 2023\" class=\"read-more\" href=\"https:\/\/v2charge.com\/ca\/els-fites-de-v2c-que-han-marcat-el-nostre-2023\/\" aria-label=\"M\u00e9s informaci\u00f3 sobre Els fites de V2C que han marcat el nostre 2023\">Llegiu m\u00e9s<\/a><\/p>\n","protected":false},"author":400,"featured_media":120565,"comment_status":"closed","ping_status":"closed","sticky":false,"template":"","format":"standard","meta":{"_eb_attr":"","content-type":"","_uag_custom_page_level_css":"","footnotes":""},"categories":[],"tags":[],"class_list":["post-310082","post","type-post","status-publish","format-standard","has-post-thumbnail","hentry"],"yoast_head":"<!-- This site is optimized with the Yoast SEO plugin v25.3.1 - https:\/\/yoast.com\/wordpress\/plugins\/seo\/ -->\n<title>El que el 2023 ha suposat per a V2C: un rep\u00e0s pel nostre any<\/title>\n<meta name=\"description\" content=\"El 2023 ha estat un any ple d&#039;assoliments per a V2C. Et convidem a fer un rep\u00e0s pels nostres grans \u00e8xits i tot el que hem aconseguit. \u2714\" \/>\n<meta name=\"robots\" content=\"index, follow, max-snippet:-1, max-image-preview:large, max-video-preview:-1\" \/>\n<link rel=\"canonical\" href=\"https:\/\/v2charge.com\/ca\/els-fites-de-v2c-que-han-marcat-el-nostre-2023\/\" \/>\n<meta property=\"og:locale\" content=\"ca_ES\" \/>\n<meta property=\"og:type\" content=\"article\" \/>\n<meta property=\"og:title\" content=\"El que el 2023 ha suposat per a V2C: un rep\u00e0s pel nostre any\" \/>\n<meta property=\"og:description\" content=\"El 2023 ha estat un any ple d&#039;assoliments per a V2C. Et convidem a fer un rep\u00e0s pels nostres grans \u00e8xits i tot el que hem aconseguit. \u2714\" \/>\n<meta property=\"og:url\" content=\"https:\/\/v2charge.com\/ca\/els-fites-de-v2c-que-han-marcat-el-nostre-2023\/\" \/>\n<meta property=\"og:site_name\" content=\"V2C\" \/>\n<meta property=\"article:publisher\" content=\"https:\/\/www.facebook.com\/V2C.Charge\" \/>\n<meta property=\"article:published_time\" content=\"2023-12-29T07:00:00+00:00\" \/>\n<meta property=\"og:image\" content=\"https:\/\/v2charge.com\/wp-content\/uploads\/2023\/09\/pole-pro-bluetooth.webp\" \/>\n\t<meta property=\"og:image:width\" content=\"1245\" \/>\n\t<meta property=\"og:image:height\" content=\"700\" \/>\n\t<meta property=\"og:image:type\" content=\"image\/webp\" \/>\n<meta name=\"author\" content=\"V2C\" \/>\n<meta name=\"twitter:card\" content=\"summary_large_image\" \/>\n<meta name=\"twitter:creator\" content=\"@V2C_Charge\" \/>\n<meta name=\"twitter:site\" content=\"@V2C_Charge\" \/>\n<meta name=\"twitter:label1\" content=\"Escrit per\" \/>\n\t<meta name=\"twitter:data1\" content=\"V2C\" \/>\n\t<meta name=\"twitter:label2\" content=\"Temps estimat de lectura\" \/>\n\t<meta name=\"twitter:data2\" content=\"9 minuts\" \/>\n<script type=\"application\/ld+json\" class=\"yoast-schema-graph\">{\"@context\":\"https:\/\/schema.org\",\"@graph\":[{\"@type\":\"Article\",\"@id\":\"https:\/\/v2charge.com\/ca\/els-fites-de-v2c-que-han-marcat-el-nostre-2023\/#article\",\"isPartOf\":{\"@id\":\"https:\/\/v2charge.com\/ca\/els-fites-de-v2c-que-han-marcat-el-nostre-2023\/\"},\"author\":{\"name\":\"V2C\",\"@id\":\"https:\/\/v2charge.com\/ca\/#\/schema\/person\/d6f210a94a856acdddec347b2127fd0f\"},\"headline\":\"Els fites de V2C que han marcat el nostre 2023\",\"datePublished\":\"2023-12-29T07:00:00+00:00\",\"mainEntityOfPage\":{\"@id\":\"https:\/\/v2charge.com\/ca\/els-fites-de-v2c-que-han-marcat-el-nostre-2023\/\"},\"wordCount\":1838,\"publisher\":{\"@id\":\"https:\/\/v2charge.com\/ca\/#organization\"},\"image\":{\"@id\":\"https:\/\/v2charge.com\/ca\/els-fites-de-v2c-que-han-marcat-el-nostre-2023\/#primaryimage\"},\"thumbnailUrl\":\"https:\/\/v2charge.com\/wp-content\/uploads\/2023\/09\/pole-pro-bluetooth.webp\",\"inLanguage\":\"ca\"},{\"@type\":\"WebPage\",\"@id\":\"https:\/\/v2charge.com\/ca\/els-fites-de-v2c-que-han-marcat-el-nostre-2023\/\",\"url\":\"https:\/\/v2charge.com\/ca\/els-fites-de-v2c-que-han-marcat-el-nostre-2023\/\",\"name\":\"El que el 2023 ha suposat per a V2C: un rep\u00e0s pel nostre any\",\"isPartOf\":{\"@id\":\"https:\/\/v2charge.com\/ca\/#website\"},\"primaryImageOfPage\":{\"@id\":\"https:\/\/v2charge.com\/ca\/els-fites-de-v2c-que-han-marcat-el-nostre-2023\/#primaryimage\"},\"image\":{\"@id\":\"https:\/\/v2charge.com\/ca\/els-fites-de-v2c-que-han-marcat-el-nostre-2023\/#primaryimage\"},\"thumbnailUrl\":\"https:\/\/v2charge.com\/wp-content\/uploads\/2023\/09\/pole-pro-bluetooth.webp\",\"datePublished\":\"2023-12-29T07:00:00+00:00\",\"description\":\"El 2023 ha estat un any ple d'assoliments per a V2C. Et convidem a fer un rep\u00e0s pels nostres grans \u00e8xits i tot el que hem aconseguit. \u2714\",\"breadcrumb\":{\"@id\":\"https:\/\/v2charge.com\/ca\/els-fites-de-v2c-que-han-marcat-el-nostre-2023\/#breadcrumb\"},\"inLanguage\":\"ca\",\"potentialAction\":[{\"@type\":\"ReadAction\",\"target\":[\"https:\/\/v2charge.com\/ca\/els-fites-de-v2c-que-han-marcat-el-nostre-2023\/\"]}]},{\"@type\":\"ImageObject\",\"inLanguage\":\"ca\",\"@id\":\"https:\/\/v2charge.com\/ca\/els-fites-de-v2c-que-han-marcat-el-nostre-2023\/#primaryimage\",\"url\":\"https:\/\/v2charge.com\/wp-content\/uploads\/2023\/09\/pole-pro-bluetooth.webp\",\"contentUrl\":\"https:\/\/v2charge.com\/wp-content\/uploads\/2023\/09\/pole-pro-bluetooth.webp\",\"width\":1245,\"height\":700,\"caption\":\"pole pro con bluetooth\"},{\"@type\":\"BreadcrumbList\",\"@id\":\"https:\/\/v2charge.com\/ca\/els-fites-de-v2c-que-han-marcat-el-nostre-2023\/#breadcrumb\",\"itemListElement\":[{\"@type\":\"ListItem\",\"position\":1,\"name\":\"V2C\",\"item\":\"https:\/\/v2charge.com\/ca\/\"},{\"@type\":\"ListItem\",\"position\":2,\"name\":\"Noticias V2C\",\"item\":\"https:\/\/v2charge.com\/es\/noticias-v2c\/\"},{\"@type\":\"ListItem\",\"position\":3,\"name\":\"Els fites de V2C que han marcat el nostre 2023\"}]},{\"@type\":\"WebSite\",\"@id\":\"https:\/\/v2charge.com\/ca\/#website\",\"url\":\"https:\/\/v2charge.com\/ca\/\",\"name\":\"V2C\",\"description\":\"#CargandoElMa\u00f1ana\",\"publisher\":{\"@id\":\"https:\/\/v2charge.com\/ca\/#organization\"},\"potentialAction\":[{\"@type\":\"SearchAction\",\"target\":{\"@type\":\"EntryPoint\",\"urlTemplate\":\"https:\/\/v2charge.com\/ca\/?s={search_term_string}\"},\"query-input\":{\"@type\":\"PropertyValueSpecification\",\"valueRequired\":true,\"valueName\":\"search_term_string\"}}],\"inLanguage\":\"ca\"},{\"@type\":\"Organization\",\"@id\":\"https:\/\/v2charge.com\/ca\/#organization\",\"name\":\"V2C\",\"url\":\"https:\/\/v2charge.com\/ca\/\",\"logo\":{\"@type\":\"ImageObject\",\"inLanguage\":\"ca\",\"@id\":\"https:\/\/v2charge.com\/ca\/#\/schema\/logo\/image\/\",\"url\":\"https:\/\/v2charge.com\/wp-content\/uploads\/2024\/11\/cropped-v2c-charge-logo-menu.png\",\"contentUrl\":\"https:\/\/v2charge.com\/wp-content\/uploads\/2024\/11\/cropped-v2c-charge-logo-menu.png\",\"width\":984,\"height\":431,\"caption\":\"V2C\"},\"image\":{\"@id\":\"https:\/\/v2charge.com\/ca\/#\/schema\/logo\/image\/\"},\"sameAs\":[\"https:\/\/www.facebook.com\/V2C.Charge\",\"https:\/\/x.com\/V2C_Charge\",\"https:\/\/www.instagram.com\/v2c.charge\/\",\"https:\/\/www.youtube.com\/@V2C\",\"https:\/\/www.linkedin.com\/company\/v2c-chargers\/\"]},{\"@type\":\"Person\",\"@id\":\"https:\/\/v2charge.com\/ca\/#\/schema\/person\/d6f210a94a856acdddec347b2127fd0f\",\"name\":\"V2C\",\"image\":{\"@type\":\"ImageObject\",\"inLanguage\":\"ca\",\"@id\":\"https:\/\/v2charge.com\/ca\/#\/schema\/person\/image\/\",\"url\":\"https:\/\/secure.gravatar.com\/avatar\/a91128c4c0d2f4d63bd586301fdec6cc9aa49c885839b25d1c62700f529f267c?s=96&d=mm&r=g\",\"contentUrl\":\"https:\/\/secure.gravatar.com\/avatar\/a91128c4c0d2f4d63bd586301fdec6cc9aa49c885839b25d1c62700f529f267c?s=96&d=mm&r=g\",\"caption\":\"V2C\"}}]}<\/script>\n<!-- \/ Yoast SEO plugin. -->","yoast_head_json":{"title":"El que el 2023 ha suposat per a V2C: un rep\u00e0s pel nostre any","description":"El 2023 ha estat un any ple d'assoliments per a V2C. Et convidem a fer un rep\u00e0s pels nostres grans \u00e8xits i tot el que hem aconseguit. \u2714","robots":{"index":"index","follow":"follow","max-snippet":"max-snippet:-1","max-image-preview":"max-image-preview:large","max-video-preview":"max-video-preview:-1"},"canonical":"https:\/\/v2charge.com\/ca\/els-fites-de-v2c-que-han-marcat-el-nostre-2023\/","og_locale":"ca_ES","og_type":"article","og_title":"El que el 2023 ha suposat per a V2C: un rep\u00e0s pel nostre any","og_description":"El 2023 ha estat un any ple d'assoliments per a V2C. Et convidem a fer un rep\u00e0s pels nostres grans \u00e8xits i tot el que hem aconseguit. \u2714","og_url":"https:\/\/v2charge.com\/ca\/els-fites-de-v2c-que-han-marcat-el-nostre-2023\/","og_site_name":"V2C","article_publisher":"https:\/\/www.facebook.com\/V2C.Charge","article_published_time":"2023-12-29T07:00:00+00:00","og_image":[{"width":1245,"height":700,"url":"https:\/\/v2charge.com\/wp-content\/uploads\/2023\/09\/pole-pro-bluetooth.webp","type":"image\/webp"}],"author":"V2C","twitter_card":"summary_large_image","twitter_creator":"@V2C_Charge","twitter_site":"@V2C_Charge","twitter_misc":{"Escrit per":"V2C","Temps estimat de lectura":"9 minuts"},"schema":{"@context":"https:\/\/schema.org","@graph":[{"@type":"Article","@id":"https:\/\/v2charge.com\/ca\/els-fites-de-v2c-que-han-marcat-el-nostre-2023\/#article","isPartOf":{"@id":"https:\/\/v2charge.com\/ca\/els-fites-de-v2c-que-han-marcat-el-nostre-2023\/"},"author":{"name":"V2C","@id":"https:\/\/v2charge.com\/ca\/#\/schema\/person\/d6f210a94a856acdddec347b2127fd0f"},"headline":"Els fites de V2C que han marcat el nostre 2023","datePublished":"2023-12-29T07:00:00+00:00","mainEntityOfPage":{"@id":"https:\/\/v2charge.com\/ca\/els-fites-de-v2c-que-han-marcat-el-nostre-2023\/"},"wordCount":1838,"publisher":{"@id":"https:\/\/v2charge.com\/ca\/#organization"},"image":{"@id":"https:\/\/v2charge.com\/ca\/els-fites-de-v2c-que-han-marcat-el-nostre-2023\/#primaryimage"},"thumbnailUrl":"https:\/\/v2charge.com\/wp-content\/uploads\/2023\/09\/pole-pro-bluetooth.webp","inLanguage":"ca"},{"@type":"WebPage","@id":"https:\/\/v2charge.com\/ca\/els-fites-de-v2c-que-han-marcat-el-nostre-2023\/","url":"https:\/\/v2charge.com\/ca\/els-fites-de-v2c-que-han-marcat-el-nostre-2023\/","name":"El que el 2023 ha suposat per a V2C: un rep\u00e0s pel nostre any","isPartOf":{"@id":"https:\/\/v2charge.com\/ca\/#website"},"primaryImageOfPage":{"@id":"https:\/\/v2charge.com\/ca\/els-fites-de-v2c-que-han-marcat-el-nostre-2023\/#primaryimage"},"image":{"@id":"https:\/\/v2charge.com\/ca\/els-fites-de-v2c-que-han-marcat-el-nostre-2023\/#primaryimage"},"thumbnailUrl":"https:\/\/v2charge.com\/wp-content\/uploads\/2023\/09\/pole-pro-bluetooth.webp","datePublished":"2023-12-29T07:00:00+00:00","description":"El 2023 ha estat un any ple d'assoliments per a V2C. Et convidem a fer un rep\u00e0s pels nostres grans \u00e8xits i tot el que hem aconseguit. \u2714","breadcrumb":{"@id":"https:\/\/v2charge.com\/ca\/els-fites-de-v2c-que-han-marcat-el-nostre-2023\/#breadcrumb"},"inLanguage":"ca","potentialAction":[{"@type":"ReadAction","target":["https:\/\/v2charge.com\/ca\/els-fites-de-v2c-que-han-marcat-el-nostre-2023\/"]}]},{"@type":"ImageObject","inLanguage":"ca","@id":"https:\/\/v2charge.com\/ca\/els-fites-de-v2c-que-han-marcat-el-nostre-2023\/#primaryimage","url":"https:\/\/v2charge.com\/wp-content\/uploads\/2023\/09\/pole-pro-bluetooth.webp","contentUrl":"https:\/\/v2charge.com\/wp-content\/uploads\/2023\/09\/pole-pro-bluetooth.webp","width":1245,"height":700,"caption":"pole pro con bluetooth"},{"@type":"BreadcrumbList","@id":"https:\/\/v2charge.com\/ca\/els-fites-de-v2c-que-han-marcat-el-nostre-2023\/#breadcrumb","itemListElement":[{"@type":"ListItem","position":1,"name":"V2C","item":"https:\/\/v2charge.com\/ca\/"},{"@type":"ListItem","position":2,"name":"Noticias V2C","item":"https:\/\/v2charge.com\/es\/noticias-v2c\/"},{"@type":"ListItem","position":3,"name":"Els fites de V2C que han marcat el nostre 2023"}]},{"@type":"WebSite","@id":"https:\/\/v2charge.com\/ca\/#website","url":"https:\/\/v2charge.com\/ca\/","name":"V2C","description":"#CargandoElMa\u00f1ana","publisher":{"@id":"https:\/\/v2charge.com\/ca\/#organization"},"potentialAction":[{"@type":"SearchAction","target":{"@type":"EntryPoint","urlTemplate":"https:\/\/v2charge.com\/ca\/?s={search_term_string}"},"query-input":{"@type":"PropertyValueSpecification","valueRequired":true,"valueName":"search_term_string"}}],"inLanguage":"ca"},{"@type":"Organization","@id":"https:\/\/v2charge.com\/ca\/#organization","name":"V2C","url":"https:\/\/v2charge.com\/ca\/","logo":{"@type":"ImageObject","inLanguage":"ca","@id":"https:\/\/v2charge.com\/ca\/#\/schema\/logo\/image\/","url":"https:\/\/v2charge.com\/wp-content\/uploads\/2024\/11\/cropped-v2c-charge-logo-menu.png","contentUrl":"https:\/\/v2charge.com\/wp-content\/uploads\/2024\/11\/cropped-v2c-charge-logo-menu.png","width":984,"height":431,"caption":"V2C"},"image":{"@id":"https:\/\/v2charge.com\/ca\/#\/schema\/logo\/image\/"},"sameAs":["https:\/\/www.facebook.com\/V2C.Charge","https:\/\/x.com\/V2C_Charge","https:\/\/www.instagram.com\/v2c.charge\/","https:\/\/www.youtube.com\/@V2C","https:\/\/www.linkedin.com\/company\/v2c-chargers\/"]},{"@type":"Person","@id":"https:\/\/v2charge.com\/ca\/#\/schema\/person\/d6f210a94a856acdddec347b2127fd0f","name":"V2C","image":{"@type":"ImageObject","inLanguage":"ca","@id":"https:\/\/v2charge.com\/ca\/#\/schema\/person\/image\/","url":"https:\/\/secure.gravatar.com\/avatar\/a91128c4c0d2f4d63bd586301fdec6cc9aa49c885839b25d1c62700f529f267c?s=96&d=mm&r=g","contentUrl":"https:\/\/secure.gravatar.com\/avatar\/a91128c4c0d2f4d63bd586301fdec6cc9aa49c885839b25d1c62700f529f267c?s=96&d=mm&r=g","caption":"V2C"}}]}},"uagb_featured_image_src":{"full":["https:\/\/v2charge.com\/wp-content\/uploads\/2023\/09\/pole-pro-bluetooth.webp",1245,700,false],"thumbnail":["https:\/\/v2charge.com\/wp-content\/uploads\/2023\/09\/pole-pro-bluetooth-150x150.webp",150,150,true],"medium":["https:\/\/v2charge.com\/wp-content\/uploads\/2023\/09\/pole-pro-bluetooth-300x169.webp",300,169,true],"medium_large":["https:\/\/v2charge.com\/wp-content\/uploads\/2023\/09\/pole-pro-bluetooth-768x432.webp",768,432,true],"large":["https:\/\/v2charge.com\/wp-content\/uploads\/2023\/09\/pole-pro-bluetooth-1024x576.webp",1024,576,true],"gs-tiny":["https:\/\/v2charge.com\/wp-content\/uploads\/2023\/09\/pole-pro-bluetooth.webp",50,28,false],"xl":["https:\/\/v2charge.com\/wp-content\/uploads\/2023\/09\/pole-pro-bluetooth.webp",1245,700,false],"xxl":["https:\/\/v2charge.com\/wp-content\/uploads\/2023\/09\/pole-pro-bluetooth.webp",1245,700,false],"xxxl":["https:\/\/v2charge.com\/wp-content\/uploads\/2023\/09\/pole-pro-bluetooth.webp",1245,700,false],"xxxxl":["https:\/\/v2charge.com\/wp-content\/uploads\/2023\/09\/pole-pro-bluetooth.webp",1245,700,false],"xxxxxl":["https:\/\/v2charge.com\/wp-content\/uploads\/2023\/09\/pole-pro-bluetooth.webp",1245,700,false],"1536x1536":["https:\/\/v2charge.com\/wp-content\/uploads\/2023\/09\/pole-pro-bluetooth.webp",1245,700,false],"2048x2048":["https:\/\/v2charge.com\/wp-content\/uploads\/2023\/09\/pole-pro-bluetooth.webp",1245,700,false]},"uagb_author_info":{"display_name":"V2C","author_link":"https:\/\/v2charge.com\/ca\/author\/marketing\/"},"uagb_comment_info":0,"uagb_excerpt":"2023 est\u00e0 arribant a la seva fi, i \u00e9s moment de fer una mirada enrere. Aquest any ha marcat un cap\u00edtol emocionant i ple d&#8217;assoliments per a V2C. Hem assolit fites significatives que han consolidat la nostra pres\u00e8ncia i lideratge en la transici\u00f3 cap a una mobilitat m\u00e9s sostenible. Des d&#8217;associacions estrat\u00e8giques fins a aven\u00e7os&hellip;","_links":{"self":[{"href":"https:\/\/v2charge.com\/ca\/wp-json\/wp\/v2\/posts\/310082","targetHints":{"allow":["GET"]}}],"collection":[{"href":"https:\/\/v2charge.com\/ca\/wp-json\/wp\/v2\/posts"}],"about":[{"href":"https:\/\/v2charge.com\/ca\/wp-json\/wp\/v2\/types\/post"}],"author":[{"embeddable":true,"href":"https:\/\/v2charge.com\/ca\/wp-json\/wp\/v2\/users\/400"}],"replies":[{"embeddable":true,"href":"https:\/\/v2charge.com\/ca\/wp-json\/wp\/v2\/comments?post=310082"}],"version-history":[{"count":0,"href":"https:\/\/v2charge.com\/ca\/wp-json\/wp\/v2\/posts\/310082\/revisions"}],"wp:featuredmedia":[{"embeddable":true,"href":"https:\/\/v2charge.com\/ca\/wp-json\/wp\/v2\/media\/120565"}],"wp:attachment":[{"href":"https:\/\/v2charge.com\/ca\/wp-json\/wp\/v2\/media?parent=310082"}],"wp:term":[{"taxonomy":"category","embeddable":true,"href":"https:\/\/v2charge.com\/ca\/wp-json\/wp\/v2\/categories?post=310082"},{"taxonomy":"post_tag","embeddable":true,"href":"https:\/\/v2charge.com\/ca\/wp-json\/wp\/v2\/tags?post=310082"}],"curies":[{"name":"wp","href":"https:\/\/api.w.org\/{rel}","templated":true}]}}