{"id":310093,"date":"2024-03-27T11:47:25","date_gmt":"2024-03-27T09:47:25","guid":{"rendered":""},"modified":"2024-03-27T14:09:58","modified_gmt":"2024-03-27T12:09:58","slug":"participacio-exitosa-de-v2c-a-la-fira-autonomy-mobility-world-expo-2024-de-franca","status":"publish","type":"post","link":"https:\/\/v2charge.com\/ca\/participacio-exitosa-de-v2c-a-la-fira-autonomy-mobility-world-expo-2024-de-franca\/","title":{"rendered":"Participaci\u00f3 exitosa de V2C a la fira Autonomy Mobility World Expo 2024 de Fran\u00e7a"},"content":{"rendered":"<p><strong>Autonomy Mobility World Expo<\/strong>,<strong> <\/strong>la gran fira de mobilitat celebrada a Par\u00eds els passats <strong>20 i 21 de mar\u00e7 de 2024<\/strong>, ha confirmat el seu \u00e8xit al comptar en aquesta vuitena edici\u00f3 amb m\u00e9s de <strong>7.000 participants<\/strong>, incloent empreses, startups, institucions i ONG compromeses amb solucions de mobilitat sostenible.<br><br>En aquest sentit, <strong>V2C ha estat present en aquest esdeveniment de refer\u00e8ncia<\/strong> on es destaquen les \u00faltimes innovacions en el camp de la mobilitat neta i eficient. Una pres\u00e8ncia que confirma la voluntat de la companyia de convertir-se en una <strong>marca de refer\u00e8ncia en el mercat franc\u00e8s<\/strong>.<\/p>\n\n<h2 class=\"wp-block-heading\">Trydan de V2C, el carregador que pret\u00e9n revolucionar la c\u00e0rrega de vehicles el\u00e8ctrics a Fran\u00e7a<\/h2>\n\n<p>En aquest ambient din\u00e0mic i ple d&#8217;energia, el<strong> <\/strong><a href=\"https:\/\/v2charge.com\/ca\/trydan-carregador-electric\/\">cargador de cotxe el\u00e8ctric Trydan de V2C<\/a> es va destacar com un <strong>producte revolucionari que promet transformar els vehicles el\u00e8ctrics a Fran\u00e7a<\/strong>. Trydan, a m\u00e9s de fusionar un disseny elegant amb funcionalitats totalment innovadores, incorpora el <strong>tapa al cable de c\u00e0rrega<\/strong>, oferint una c\u00e0rrega molt m\u00e9s f\u00e0cil i c\u00f2moda i complint la normativa francesa.<\/p>\n\n\n<div class=\"wp-block-uagb-image uagb-block-807d14ba wp-block-uagb-image--layout-default wp-block-uagb-image--effect-static wp-block-uagb-image--align-none\"><figure class=\"wp-block-uagb-image__figure\"><img decoding=\"async\" srcset=\"https:\/\/v2charge.com\/wp-content\/uploads\/2023\/07\/potencia-cargar-coche-electrico.jpg ,https:\/\/v2charge.com\/wp-content\/uploads\/2023\/07\/potencia-cargar-coche-electrico.jpg 780w, https:\/\/v2charge.com\/wp-content\/uploads\/2023\/07\/potencia-cargar-coche-electrico.jpg 360w\" sizes=\"auto, (max-width: 480px) 150px\" src=\"https:\/\/v2charge.com\/wp-content\/uploads\/2023\/07\/potencia-cargar-coche-electrico.jpg\" alt=\"potencia que necesitas para cargar un coche el\u00e9ctrico\" class=\"uag-image-114844\" width=\"1200\" height=\"700\" title=\"\" loading=\"lazy\"\/><\/figure><\/div>\n\n\n<h2 class=\"wp-block-heading\">Optimitzant al m\u00e0xim l&#8217;energia solar<\/h2>\n\n<p>Els assistents de l&#8217;Autonomy Mobility Expo 2024 van quedar fascinats per la integraci\u00f3 de l&#8217;e-Charger Trydan <strong>amb energies renovables<\/strong>. Amb el millor sistema d&#8217;integraci\u00f3 fotovoltaica del mercat, els assistents van poder con\u00e8ixer en primera persona com <strong>Trydan pot aprofitar al m\u00e0xim l&#8217;energia produ\u00efda pels panells solars<\/strong>. Aquest carregador de cotxe el\u00e8ctric tamb\u00e9 ofereix funcionalitats exclusives com la c\u00e0rrega amb excedents solars i <strong>la connexi\u00f3 directa amb l&#8217;inversor solar sense necessitat de maquinari addicional<\/strong>.<\/p>\n\n<h2 class=\"wp-block-heading\">Impulsant la mobilitat sostenible i intel\u00b7ligent a nivell internacional<\/h2>\n\n<p>La participaci\u00f3 de V2C en<a href=\"https:\/\/v2charge.com\/ca\/v2c-a-l-autonomy-mobility-world-expo-a-paris-la-fira-imprescindible-de-l-ecosistema-de-l-e-mobilitat\/\"> <strong>Autonomy Mobility World Expo 2024<\/strong><\/a> no nom\u00e9s destaca la innovaci\u00f3 tecnol\u00f2gica de la companyia, sin\u00f3 tamb\u00e9 el comprom\u00eds per la promoci\u00f3 de la mobilitat sostenible a nivell internacional. <strong>Les nostres solucions de c\u00e0rrega per a vehicles el\u00e8ctrics<\/strong>, avan\u00e7ades i respectuoses amb el medi ambient, <strong>contribueixen activament a la<\/strong> <strong>transici\u00f3 cap a un futur m\u00e9s net i sostenible<\/strong> en la ind\u00fastria del transport.<br><br>La seva pres\u00e8ncia en l&#8217;esdeveniment de refer\u00e8ncia d&#8217;e-mobility a Fran\u00e7a \u00e9s una <strong>clara mostra de la voluntat de V2C d&#8217;adquirir una gran import\u00e0ncia en l&#8217;escenari internacional<\/strong> i jugar un paper crucial en la promoci\u00f3 de solucions de c\u00e0rrega innovadores i sostenibles.<\/p>\n\n\n<div class=\"wp-block-uagb-image uagb-block-dcdb8efa wp-block-uagb-image--layout-default wp-block-uagb-image--effect-static wp-block-uagb-image--align-none\"><figure class=\"wp-block-uagb-image__figure\"><img decoding=\"async\" srcset=\"https:\/\/v2charge.com\/wp-content\/uploads\/2021\/11\/trydan-v2c.jpg ,https:\/\/v2charge.com\/wp-content\/uploads\/2021\/11\/trydan-v2c.jpg 780w, https:\/\/v2charge.com\/wp-content\/uploads\/2021\/11\/trydan-v2c.jpg 360w\" sizes=\"auto, (max-width: 480px) 150px\" src=\"https:\/\/v2charge.com\/wp-content\/uploads\/2021\/11\/trydan-v2c.jpg\" alt=\"\" class=\"uag-image-62398\" width=\"1200\" height=\"700\" title=\"\" loading=\"lazy\"\/><\/figure><\/div>\n","protected":false},"excerpt":{"rendered":"<p>Autonomy Mobility World Expo, la gran fira de mobilitat celebrada a Par\u00eds els passats 20 i 21 de mar\u00e7 de 2024, ha confirmat el seu \u00e8xit al comptar en aquesta vuitena edici\u00f3 amb m\u00e9s de 7.000 participants, incloent empreses, startups, institucions i ONG compromeses amb solucions de mobilitat sostenible. En aquest sentit, V2C ha estat &#8230; <a title=\"Participaci\u00f3 exitosa de V2C a la fira Autonomy Mobility World Expo 2024 de Fran\u00e7a\" class=\"read-more\" href=\"https:\/\/v2charge.com\/ca\/participacio-exitosa-de-v2c-a-la-fira-autonomy-mobility-world-expo-2024-de-franca\/\" aria-label=\"M\u00e9s informaci\u00f3 sobre Participaci\u00f3 exitosa de V2C a la fira Autonomy Mobility World Expo 2024 de Fran\u00e7a\">Llegiu m\u00e9s<\/a><\/p>\n","protected":false},"author":400,"featured_media":143230,"comment_status":"closed","ping_status":"closed","sticky":false,"template":"","format":"standard","meta":{"_eb_attr":"","content-type":"","_uag_custom_page_level_css":"","footnotes":""},"categories":[],"tags":[],"class_list":["post-310093","post","type-post","status-publish","format-standard","has-post-thumbnail","hentry"],"yoast_head":"<!-- This site is optimized with the Yoast SEO plugin v25.3.1 - https:\/\/yoast.com\/wordpress\/plugins\/seo\/ -->\n<title>Participaci\u00f3 exitosa de V2C a l&#039;Autonomy Mobility World Expo<\/title>\n<meta name=\"description\" content=\"V2C participa amb gran \u00e8xit a la fira Autonomy Mobility World Expo 2024 celebrada a Par\u00eds | Coneix els detalls\" \/>\n<meta name=\"robots\" content=\"index, follow, max-snippet:-1, max-image-preview:large, max-video-preview:-1\" \/>\n<link rel=\"canonical\" href=\"https:\/\/v2charge.com\/ca\/participacio-exitosa-de-v2c-a-la-fira-autonomy-mobility-world-expo-2024-de-franca\/\" \/>\n<meta property=\"og:locale\" content=\"ca_ES\" \/>\n<meta property=\"og:type\" content=\"article\" \/>\n<meta property=\"og:title\" content=\"Participaci\u00f3 exitosa de V2C a l&#039;Autonomy Mobility World Expo\" \/>\n<meta property=\"og:description\" content=\"V2C participa amb gran \u00e8xit a la fira Autonomy Mobility World Expo 2024 celebrada a Par\u00eds | Coneix els detalls\" \/>\n<meta property=\"og:url\" content=\"https:\/\/v2charge.com\/ca\/participacio-exitosa-de-v2c-a-la-fira-autonomy-mobility-world-expo-2024-de-franca\/\" \/>\n<meta property=\"og:site_name\" content=\"V2C\" \/>\n<meta property=\"article:publisher\" content=\"https:\/\/www.facebook.com\/V2C.Charge\" \/>\n<meta property=\"article:published_time\" content=\"2024-03-27T09:47:25+00:00\" \/>\n<meta property=\"article:modified_time\" content=\"2024-03-27T12:09:58+00:00\" \/>\n<meta property=\"og:image\" content=\"https:\/\/v2charge.com\/wp-content\/uploads\/2024\/03\/trydan-autonomy-mobility-world-expo-2024.jpg\" \/>\n\t<meta property=\"og:image:width\" content=\"1200\" \/>\n\t<meta property=\"og:image:height\" content=\"700\" \/>\n\t<meta property=\"og:image:type\" content=\"image\/jpeg\" \/>\n<meta name=\"author\" content=\"V2C\" \/>\n<meta name=\"twitter:card\" content=\"summary_large_image\" \/>\n<meta name=\"twitter:creator\" content=\"@V2C_Charge\" \/>\n<meta name=\"twitter:site\" content=\"@V2C_Charge\" \/>\n<meta name=\"twitter:label1\" content=\"Escrit per\" \/>\n\t<meta name=\"twitter:data1\" content=\"V2C\" \/>\n\t<meta name=\"twitter:label2\" content=\"Temps estimat de lectura\" \/>\n\t<meta name=\"twitter:data2\" content=\"3 minuts\" \/>\n<script type=\"application\/ld+json\" class=\"yoast-schema-graph\">{\"@context\":\"https:\/\/schema.org\",\"@graph\":[{\"@type\":\"Article\",\"@id\":\"https:\/\/v2charge.com\/ca\/participacio-exitosa-de-v2c-a-la-fira-autonomy-mobility-world-expo-2024-de-franca\/#article\",\"isPartOf\":{\"@id\":\"https:\/\/v2charge.com\/ca\/participacio-exitosa-de-v2c-a-la-fira-autonomy-mobility-world-expo-2024-de-franca\/\"},\"author\":{\"name\":\"V2C\",\"@id\":\"https:\/\/v2charge.com\/ca\/#\/schema\/person\/d6f210a94a856acdddec347b2127fd0f\"},\"headline\":\"Participaci\u00f3 exitosa de V2C a la fira Autonomy Mobility World Expo 2024 de Fran\u00e7a\",\"datePublished\":\"2024-03-27T09:47:25+00:00\",\"dateModified\":\"2024-03-27T12:09:58+00:00\",\"mainEntityOfPage\":{\"@id\":\"https:\/\/v2charge.com\/ca\/participacio-exitosa-de-v2c-a-la-fira-autonomy-mobility-world-expo-2024-de-franca\/\"},\"wordCount\":433,\"publisher\":{\"@id\":\"https:\/\/v2charge.com\/ca\/#organization\"},\"image\":{\"@id\":\"https:\/\/v2charge.com\/ca\/participacio-exitosa-de-v2c-a-la-fira-autonomy-mobility-world-expo-2024-de-franca\/#primaryimage\"},\"thumbnailUrl\":\"https:\/\/v2charge.com\/wp-content\/uploads\/2024\/03\/trydan-autonomy-mobility-world-expo-2024.jpg\",\"inLanguage\":\"ca\"},{\"@type\":\"WebPage\",\"@id\":\"https:\/\/v2charge.com\/ca\/participacio-exitosa-de-v2c-a-la-fira-autonomy-mobility-world-expo-2024-de-franca\/\",\"url\":\"https:\/\/v2charge.com\/ca\/participacio-exitosa-de-v2c-a-la-fira-autonomy-mobility-world-expo-2024-de-franca\/\",\"name\":\"Participaci\u00f3 exitosa de V2C a l'Autonomy Mobility World Expo\",\"isPartOf\":{\"@id\":\"https:\/\/v2charge.com\/ca\/#website\"},\"primaryImageOfPage\":{\"@id\":\"https:\/\/v2charge.com\/ca\/participacio-exitosa-de-v2c-a-la-fira-autonomy-mobility-world-expo-2024-de-franca\/#primaryimage\"},\"image\":{\"@id\":\"https:\/\/v2charge.com\/ca\/participacio-exitosa-de-v2c-a-la-fira-autonomy-mobility-world-expo-2024-de-franca\/#primaryimage\"},\"thumbnailUrl\":\"https:\/\/v2charge.com\/wp-content\/uploads\/2024\/03\/trydan-autonomy-mobility-world-expo-2024.jpg\",\"datePublished\":\"2024-03-27T09:47:25+00:00\",\"dateModified\":\"2024-03-27T12:09:58+00:00\",\"description\":\"V2C participa amb gran \u00e8xit a la fira Autonomy Mobility World Expo 2024 celebrada a Par\u00eds | Coneix els detalls\",\"breadcrumb\":{\"@id\":\"https:\/\/v2charge.com\/ca\/participacio-exitosa-de-v2c-a-la-fira-autonomy-mobility-world-expo-2024-de-franca\/#breadcrumb\"},\"inLanguage\":\"ca\",\"potentialAction\":[{\"@type\":\"ReadAction\",\"target\":[\"https:\/\/v2charge.com\/ca\/participacio-exitosa-de-v2c-a-la-fira-autonomy-mobility-world-expo-2024-de-franca\/\"]}]},{\"@type\":\"ImageObject\",\"inLanguage\":\"ca\",\"@id\":\"https:\/\/v2charge.com\/ca\/participacio-exitosa-de-v2c-a-la-fira-autonomy-mobility-world-expo-2024-de-franca\/#primaryimage\",\"url\":\"https:\/\/v2charge.com\/wp-content\/uploads\/2024\/03\/trydan-autonomy-mobility-world-expo-2024.jpg\",\"contentUrl\":\"https:\/\/v2charge.com\/wp-content\/uploads\/2024\/03\/trydan-autonomy-mobility-world-expo-2024.jpg\",\"width\":1200,\"height\":700},{\"@type\":\"BreadcrumbList\",\"@id\":\"https:\/\/v2charge.com\/ca\/participacio-exitosa-de-v2c-a-la-fira-autonomy-mobility-world-expo-2024-de-franca\/#breadcrumb\",\"itemListElement\":[{\"@type\":\"ListItem\",\"position\":1,\"name\":\"V2C\",\"item\":\"https:\/\/v2charge.com\/ca\/\"},{\"@type\":\"ListItem\",\"position\":2,\"name\":\"Noticias V2C\",\"item\":\"https:\/\/v2charge.com\/es\/noticias-v2c\/\"},{\"@type\":\"ListItem\",\"position\":3,\"name\":\"Participaci\u00f3 exitosa de V2C a la fira Autonomy Mobility World Expo 2024 de Fran\u00e7a\"}]},{\"@type\":\"WebSite\",\"@id\":\"https:\/\/v2charge.com\/ca\/#website\",\"url\":\"https:\/\/v2charge.com\/ca\/\",\"name\":\"V2C\",\"description\":\"#CargandoElMa\u00f1ana\",\"publisher\":{\"@id\":\"https:\/\/v2charge.com\/ca\/#organization\"},\"potentialAction\":[{\"@type\":\"SearchAction\",\"target\":{\"@type\":\"EntryPoint\",\"urlTemplate\":\"https:\/\/v2charge.com\/ca\/?s={search_term_string}\"},\"query-input\":{\"@type\":\"PropertyValueSpecification\",\"valueRequired\":true,\"valueName\":\"search_term_string\"}}],\"inLanguage\":\"ca\"},{\"@type\":\"Organization\",\"@id\":\"https:\/\/v2charge.com\/ca\/#organization\",\"name\":\"V2C\",\"url\":\"https:\/\/v2charge.com\/ca\/\",\"logo\":{\"@type\":\"ImageObject\",\"inLanguage\":\"ca\",\"@id\":\"https:\/\/v2charge.com\/ca\/#\/schema\/logo\/image\/\",\"url\":\"https:\/\/v2charge.com\/wp-content\/uploads\/2024\/11\/cropped-v2c-charge-logo-menu.png\",\"contentUrl\":\"https:\/\/v2charge.com\/wp-content\/uploads\/2024\/11\/cropped-v2c-charge-logo-menu.png\",\"width\":984,\"height\":431,\"caption\":\"V2C\"},\"image\":{\"@id\":\"https:\/\/v2charge.com\/ca\/#\/schema\/logo\/image\/\"},\"sameAs\":[\"https:\/\/www.facebook.com\/V2C.Charge\",\"https:\/\/x.com\/V2C_Charge\",\"https:\/\/www.instagram.com\/v2c.charge\/\",\"https:\/\/www.youtube.com\/@V2C\",\"https:\/\/www.linkedin.com\/company\/v2c-chargers\/\"]},{\"@type\":\"Person\",\"@id\":\"https:\/\/v2charge.com\/ca\/#\/schema\/person\/d6f210a94a856acdddec347b2127fd0f\",\"name\":\"V2C\",\"image\":{\"@type\":\"ImageObject\",\"inLanguage\":\"ca\",\"@id\":\"https:\/\/v2charge.com\/ca\/#\/schema\/person\/image\/\",\"url\":\"https:\/\/secure.gravatar.com\/avatar\/a91128c4c0d2f4d63bd586301fdec6cc9aa49c885839b25d1c62700f529f267c?s=96&d=mm&r=g\",\"contentUrl\":\"https:\/\/secure.gravatar.com\/avatar\/a91128c4c0d2f4d63bd586301fdec6cc9aa49c885839b25d1c62700f529f267c?s=96&d=mm&r=g\",\"caption\":\"V2C\"}}]}<\/script>\n<!-- \/ Yoast SEO plugin. -->","yoast_head_json":{"title":"Participaci\u00f3 exitosa de V2C a l'Autonomy Mobility World Expo","description":"V2C participa amb gran \u00e8xit a la fira Autonomy Mobility World Expo 2024 celebrada a Par\u00eds | Coneix els detalls","robots":{"index":"index","follow":"follow","max-snippet":"max-snippet:-1","max-image-preview":"max-image-preview:large","max-video-preview":"max-video-preview:-1"},"canonical":"https:\/\/v2charge.com\/ca\/participacio-exitosa-de-v2c-a-la-fira-autonomy-mobility-world-expo-2024-de-franca\/","og_locale":"ca_ES","og_type":"article","og_title":"Participaci\u00f3 exitosa de V2C a l'Autonomy Mobility World Expo","og_description":"V2C participa amb gran \u00e8xit a la fira Autonomy Mobility World Expo 2024 celebrada a Par\u00eds | Coneix els detalls","og_url":"https:\/\/v2charge.com\/ca\/participacio-exitosa-de-v2c-a-la-fira-autonomy-mobility-world-expo-2024-de-franca\/","og_site_name":"V2C","article_publisher":"https:\/\/www.facebook.com\/V2C.Charge","article_published_time":"2024-03-27T09:47:25+00:00","article_modified_time":"2024-03-27T12:09:58+00:00","og_image":[{"width":1200,"height":700,"url":"https:\/\/v2charge.com\/wp-content\/uploads\/2024\/03\/trydan-autonomy-mobility-world-expo-2024.jpg","type":"image\/jpeg"}],"author":"V2C","twitter_card":"summary_large_image","twitter_creator":"@V2C_Charge","twitter_site":"@V2C_Charge","twitter_misc":{"Escrit per":"V2C","Temps estimat de lectura":"3 minuts"},"schema":{"@context":"https:\/\/schema.org","@graph":[{"@type":"Article","@id":"https:\/\/v2charge.com\/ca\/participacio-exitosa-de-v2c-a-la-fira-autonomy-mobility-world-expo-2024-de-franca\/#article","isPartOf":{"@id":"https:\/\/v2charge.com\/ca\/participacio-exitosa-de-v2c-a-la-fira-autonomy-mobility-world-expo-2024-de-franca\/"},"author":{"name":"V2C","@id":"https:\/\/v2charge.com\/ca\/#\/schema\/person\/d6f210a94a856acdddec347b2127fd0f"},"headline":"Participaci\u00f3 exitosa de V2C a la fira Autonomy Mobility World Expo 2024 de Fran\u00e7a","datePublished":"2024-03-27T09:47:25+00:00","dateModified":"2024-03-27T12:09:58+00:00","mainEntityOfPage":{"@id":"https:\/\/v2charge.com\/ca\/participacio-exitosa-de-v2c-a-la-fira-autonomy-mobility-world-expo-2024-de-franca\/"},"wordCount":433,"publisher":{"@id":"https:\/\/v2charge.com\/ca\/#organization"},"image":{"@id":"https:\/\/v2charge.com\/ca\/participacio-exitosa-de-v2c-a-la-fira-autonomy-mobility-world-expo-2024-de-franca\/#primaryimage"},"thumbnailUrl":"https:\/\/v2charge.com\/wp-content\/uploads\/2024\/03\/trydan-autonomy-mobility-world-expo-2024.jpg","inLanguage":"ca"},{"@type":"WebPage","@id":"https:\/\/v2charge.com\/ca\/participacio-exitosa-de-v2c-a-la-fira-autonomy-mobility-world-expo-2024-de-franca\/","url":"https:\/\/v2charge.com\/ca\/participacio-exitosa-de-v2c-a-la-fira-autonomy-mobility-world-expo-2024-de-franca\/","name":"Participaci\u00f3 exitosa de V2C a l'Autonomy Mobility World Expo","isPartOf":{"@id":"https:\/\/v2charge.com\/ca\/#website"},"primaryImageOfPage":{"@id":"https:\/\/v2charge.com\/ca\/participacio-exitosa-de-v2c-a-la-fira-autonomy-mobility-world-expo-2024-de-franca\/#primaryimage"},"image":{"@id":"https:\/\/v2charge.com\/ca\/participacio-exitosa-de-v2c-a-la-fira-autonomy-mobility-world-expo-2024-de-franca\/#primaryimage"},"thumbnailUrl":"https:\/\/v2charge.com\/wp-content\/uploads\/2024\/03\/trydan-autonomy-mobility-world-expo-2024.jpg","datePublished":"2024-03-27T09:47:25+00:00","dateModified":"2024-03-27T12:09:58+00:00","description":"V2C participa amb gran \u00e8xit a la fira Autonomy Mobility World Expo 2024 celebrada a Par\u00eds | Coneix els detalls","breadcrumb":{"@id":"https:\/\/v2charge.com\/ca\/participacio-exitosa-de-v2c-a-la-fira-autonomy-mobility-world-expo-2024-de-franca\/#breadcrumb"},"inLanguage":"ca","potentialAction":[{"@type":"ReadAction","target":["https:\/\/v2charge.com\/ca\/participacio-exitosa-de-v2c-a-la-fira-autonomy-mobility-world-expo-2024-de-franca\/"]}]},{"@type":"ImageObject","inLanguage":"ca","@id":"https:\/\/v2charge.com\/ca\/participacio-exitosa-de-v2c-a-la-fira-autonomy-mobility-world-expo-2024-de-franca\/#primaryimage","url":"https:\/\/v2charge.com\/wp-content\/uploads\/2024\/03\/trydan-autonomy-mobility-world-expo-2024.jpg","contentUrl":"https:\/\/v2charge.com\/wp-content\/uploads\/2024\/03\/trydan-autonomy-mobility-world-expo-2024.jpg","width":1200,"height":700},{"@type":"BreadcrumbList","@id":"https:\/\/v2charge.com\/ca\/participacio-exitosa-de-v2c-a-la-fira-autonomy-mobility-world-expo-2024-de-franca\/#breadcrumb","itemListElement":[{"@type":"ListItem","position":1,"name":"V2C","item":"https:\/\/v2charge.com\/ca\/"},{"@type":"ListItem","position":2,"name":"Noticias V2C","item":"https:\/\/v2charge.com\/es\/noticias-v2c\/"},{"@type":"ListItem","position":3,"name":"Participaci\u00f3 exitosa de V2C a la fira Autonomy Mobility World Expo 2024 de Fran\u00e7a"}]},{"@type":"WebSite","@id":"https:\/\/v2charge.com\/ca\/#website","url":"https:\/\/v2charge.com\/ca\/","name":"V2C","description":"#CargandoElMa\u00f1ana","publisher":{"@id":"https:\/\/v2charge.com\/ca\/#organization"},"potentialAction":[{"@type":"SearchAction","target":{"@type":"EntryPoint","urlTemplate":"https:\/\/v2charge.com\/ca\/?s={search_term_string}"},"query-input":{"@type":"PropertyValueSpecification","valueRequired":true,"valueName":"search_term_string"}}],"inLanguage":"ca"},{"@type":"Organization","@id":"https:\/\/v2charge.com\/ca\/#organization","name":"V2C","url":"https:\/\/v2charge.com\/ca\/","logo":{"@type":"ImageObject","inLanguage":"ca","@id":"https:\/\/v2charge.com\/ca\/#\/schema\/logo\/image\/","url":"https:\/\/v2charge.com\/wp-content\/uploads\/2024\/11\/cropped-v2c-charge-logo-menu.png","contentUrl":"https:\/\/v2charge.com\/wp-content\/uploads\/2024\/11\/cropped-v2c-charge-logo-menu.png","width":984,"height":431,"caption":"V2C"},"image":{"@id":"https:\/\/v2charge.com\/ca\/#\/schema\/logo\/image\/"},"sameAs":["https:\/\/www.facebook.com\/V2C.Charge","https:\/\/x.com\/V2C_Charge","https:\/\/www.instagram.com\/v2c.charge\/","https:\/\/www.youtube.com\/@V2C","https:\/\/www.linkedin.com\/company\/v2c-chargers\/"]},{"@type":"Person","@id":"https:\/\/v2charge.com\/ca\/#\/schema\/person\/d6f210a94a856acdddec347b2127fd0f","name":"V2C","image":{"@type":"ImageObject","inLanguage":"ca","@id":"https:\/\/v2charge.com\/ca\/#\/schema\/person\/image\/","url":"https:\/\/secure.gravatar.com\/avatar\/a91128c4c0d2f4d63bd586301fdec6cc9aa49c885839b25d1c62700f529f267c?s=96&d=mm&r=g","contentUrl":"https:\/\/secure.gravatar.com\/avatar\/a91128c4c0d2f4d63bd586301fdec6cc9aa49c885839b25d1c62700f529f267c?s=96&d=mm&r=g","caption":"V2C"}}]}},"uagb_featured_image_src":{"full":["https:\/\/v2charge.com\/wp-content\/uploads\/2024\/03\/trydan-autonomy-mobility-world-expo-2024.jpg",1200,700,false],"thumbnail":["https:\/\/v2charge.com\/wp-content\/uploads\/2024\/03\/trydan-autonomy-mobility-world-expo-2024-150x150.jpg",150,150,true],"medium":["https:\/\/v2charge.com\/wp-content\/uploads\/2024\/03\/trydan-autonomy-mobility-world-expo-2024-300x175.jpg",300,175,true],"medium_large":["https:\/\/v2charge.com\/wp-content\/uploads\/2024\/03\/trydan-autonomy-mobility-world-expo-2024-768x448.jpg",768,448,true],"large":["https:\/\/v2charge.com\/wp-content\/uploads\/2024\/03\/trydan-autonomy-mobility-world-expo-2024-1024x597.jpg",1024,597,true],"gs-tiny":["https:\/\/v2charge.com\/wp-content\/uploads\/2024\/03\/trydan-autonomy-mobility-world-expo-2024.jpg",50,29,false],"xl":["https:\/\/v2charge.com\/wp-content\/uploads\/2024\/03\/trydan-autonomy-mobility-world-expo-2024.jpg",1200,700,false],"xxl":["https:\/\/v2charge.com\/wp-content\/uploads\/2024\/03\/trydan-autonomy-mobility-world-expo-2024.jpg",1200,700,false],"xxxl":["https:\/\/v2charge.com\/wp-content\/uploads\/2024\/03\/trydan-autonomy-mobility-world-expo-2024.jpg",1200,700,false],"xxxxl":["https:\/\/v2charge.com\/wp-content\/uploads\/2024\/03\/trydan-autonomy-mobility-world-expo-2024.jpg",1200,700,false],"xxxxxl":["https:\/\/v2charge.com\/wp-content\/uploads\/2024\/03\/trydan-autonomy-mobility-world-expo-2024.jpg",1200,700,false],"1536x1536":["https:\/\/v2charge.com\/wp-content\/uploads\/2024\/03\/trydan-autonomy-mobility-world-expo-2024.jpg",1200,700,false],"2048x2048":["https:\/\/v2charge.com\/wp-content\/uploads\/2024\/03\/trydan-autonomy-mobility-world-expo-2024.jpg",1200,700,false]},"uagb_author_info":{"display_name":"V2C","author_link":"https:\/\/v2charge.com\/ca\/author\/marketing\/"},"uagb_comment_info":0,"uagb_excerpt":"Autonomy Mobility World Expo, la gran fira de mobilitat celebrada a Par\u00eds els passats 20 i 21 de mar\u00e7 de 2024, ha confirmat el seu \u00e8xit al comptar en aquesta vuitena edici\u00f3 amb m\u00e9s de 7.000 participants, incloent empreses, startups, institucions i ONG compromeses amb solucions de mobilitat sostenible. En aquest sentit, V2C ha estat&hellip;","_links":{"self":[{"href":"https:\/\/v2charge.com\/ca\/wp-json\/wp\/v2\/posts\/310093","targetHints":{"allow":["GET"]}}],"collection":[{"href":"https:\/\/v2charge.com\/ca\/wp-json\/wp\/v2\/posts"}],"about":[{"href":"https:\/\/v2charge.com\/ca\/wp-json\/wp\/v2\/types\/post"}],"author":[{"embeddable":true,"href":"https:\/\/v2charge.com\/ca\/wp-json\/wp\/v2\/users\/400"}],"replies":[{"embeddable":true,"href":"https:\/\/v2charge.com\/ca\/wp-json\/wp\/v2\/comments?post=310093"}],"version-history":[{"count":0,"href":"https:\/\/v2charge.com\/ca\/wp-json\/wp\/v2\/posts\/310093\/revisions"}],"wp:featuredmedia":[{"embeddable":true,"href":"https:\/\/v2charge.com\/ca\/wp-json\/wp\/v2\/media\/143230"}],"wp:attachment":[{"href":"https:\/\/v2charge.com\/ca\/wp-json\/wp\/v2\/media?parent=310093"}],"wp:term":[{"taxonomy":"category","embeddable":true,"href":"https:\/\/v2charge.com\/ca\/wp-json\/wp\/v2\/categories?post=310093"},{"taxonomy":"post_tag","embeddable":true,"href":"https:\/\/v2charge.com\/ca\/wp-json\/wp\/v2\/tags?post=310093"}],"curies":[{"name":"wp","href":"https:\/\/api.w.org\/{rel}","templated":true}]}}