{"id":310096,"date":"2024-04-02T08:08:16","date_gmt":"2024-04-02T06:08:16","guid":{"rendered":""},"modified":"2024-04-02T09:17:57","modified_gmt":"2024-04-02T07:17:57","slug":"pole-pro-s-eleva-cap-al-futur-amb-energia-fotovoltaica","status":"publish","type":"post","link":"https:\/\/v2charge.com\/ca\/pole-pro-s-eleva-cap-al-futur-amb-energia-fotovoltaica\/","title":{"rendered":"Pole Pro s&#8217;eleva cap al futur amb energia fotovoltaica"},"content":{"rendered":"<p><strong>Pole Pro<\/strong>, la soluci\u00f3 de c\u00e0rrega compartida de V2C, fa un pas m\u00e9s enll\u00e0 en oferir una nova funcionalitat: la capacitat de carregar vehicles el\u00e8ctrics amb <strong>energia fotovoltaica<\/strong>. Aquesta nova integraci\u00f3 fotovoltaica de l&#8217;e-Charger obt\u00e9 el m\u00e0xim rendiment possible dels panells solars i permet carregar diversos vehicles de manera simult\u00e0nia <strong>emplicant energia exclusivament solar, de la xarxa o una combinaci\u00f3 de les dues<\/strong>.<\/p>\n\n<p>El carregador \u00e9s capa\u00e7 de mesurar la pot\u00e8ncia de la instal\u00b7laci\u00f3, la demanda dels aparells el\u00e8ctrics de la instal\u00b7laci\u00f3 i dels vehicles el\u00e8ctrics per realitzar de forma exitosa el <strong>control din\u00e0mic de pot\u00e8ncia<\/strong> i carregar de forma intel\u00b7ligent.<\/p>\n\n<p>Aix\u00ed, la integraci\u00f3 permet que <a href=\"https:\/\/v2charge.com\/ca\/pole-punt-recarrega\/\">Pole Pro<\/a> aprofiti l&#8217;energia neta i renovable del sol, reduint aix\u00ed la seva petjada de carboni i oferint <strong>la c\u00e0rrega compartida m\u00e9s sostenible en espais p\u00fablics i privats<\/strong>.<\/p>\n\n\n<figure class=\"wp-block-image size-full\"><img decoding=\"async\" width=\"640\" height=\"330\" src=\"https:\/\/v2charge.com\/wp-content\/uploads\/2023\/06\/empresa-pole-pro.jpg\" alt=\"Pole Pro instalado en parking de empresa\" class=\"wp-image-105939\" srcset=\"https:\/\/v2charge.com\/wp-content\/uploads\/2023\/06\/empresa-pole-pro.jpg 640w, https:\/\/v2charge.com\/wp-content\/uploads\/2023\/06\/empresa-pole-pro-300x155.jpg 300w\" sizes=\"(max-width: 640px) 100vw, 640px\" \/><\/figure>\n\n\n<h2 class=\"wp-block-heading\">C\u00e0rrega amb energia solar a empreses i via p\u00fablica<\/h2>\n\n<p>La integraci\u00f3 de l&#8217;energia solar en Pole Pro no nom\u00e9s impulsa la sostenibilitat ambiental, tamb\u00e9 ofereix <strong>beneficis econ\u00f2mics<\/strong>, millora la imatge de marca i promou l&#8217;accessibilitat i la conveni\u00e8ncia per als usuaris.<\/p>\n\n<p>L&#8217;\u00fas d&#8217;energia fotovoltaica no nom\u00e9s redueix els costos operatius associats amb la c\u00e0rrega de vehicles el\u00e8ctrics, sin\u00f3 que tamb\u00e9 disminueix la depend\u00e8ncia de fonts d&#8217;energia no renovables. A m\u00e9s, en integrar la c\u00e0rrega de vehicles el\u00e8ctrics amb la generaci\u00f3 solar, <strong>Pole Pro es converteix en una opci\u00f3 m\u00e9s atractiva tant per a propietaris de vehicles el\u00e8ctrics com per a gestors de flotes<\/strong>.<\/p>\n\n<h2 class=\"wp-block-heading\">Diferents modes de gesti\u00f3 de l&#8217;energia<\/h2>\n\n<p>La gesti\u00f3 de l&#8217;energia \u00e9s un aspecte fonamental en la integraci\u00f3 de l&#8217;energia solar en la c\u00e0rrega de vehicles el\u00e8ctrics. El e-Charger Pole Pro ofereix diferents <a href=\"https:\/\/v2charge.com\/ca\/area-de-suport\/control-de-potencia\/control-dinamic-de-potencia\/#modos-energia\">modes de gesti\u00f3 de l&#8217;energia<\/a> per optimitzar l&#8217;efici\u00e8ncia i <strong>maximitzar l&#8217;aprofitament de l&#8217;energia solar disponible<\/strong>. Aquests modes inclouen la utilitzaci\u00f3 exclusiva de l&#8217;energia solar o la combinaci\u00f3 amb la xarxa per aprofitar al m\u00e0xim els excedents complementant-los amb la xarxa.<\/p>\n\n<p>Aquesta versatilitat en la gesti\u00f3 de l&#8217;energia permet adaptar-se a totes les necessitats per <strong>maximitzar els beneficis<\/strong> tant ambientals com econ\u00f2mics de la c\u00e0rrega de vehicles el\u00e8ctrics amb energia solar.<\/p>","protected":false},"excerpt":{"rendered":"<p>Pole Pro, la soluci\u00f3 de c\u00e0rrega compartida de V2C, fa un pas m\u00e9s enll\u00e0 en oferir una nova funcionalitat: la capacitat de carregar vehicles el\u00e8ctrics amb energia fotovoltaica. Aquesta nova integraci\u00f3 fotovoltaica de l&#8217;e-Charger obt\u00e9 el m\u00e0xim rendiment possible dels panells solars i permet carregar diversos vehicles de manera simult\u00e0nia emplicant energia exclusivament solar, de &#8230; <a title=\"Pole Pro s&#8217;eleva cap al futur amb energia fotovoltaica\" class=\"read-more\" href=\"https:\/\/v2charge.com\/ca\/pole-pro-s-eleva-cap-al-futur-amb-energia-fotovoltaica\/\" aria-label=\"M\u00e9s informaci\u00f3 sobre Pole Pro s&#8217;eleva cap al futur amb energia fotovoltaica\">Llegiu m\u00e9s<\/a><\/p>\n","protected":false},"author":400,"featured_media":107744,"comment_status":"closed","ping_status":"closed","sticky":false,"template":"","format":"standard","meta":{"_eb_attr":"","content-type":"","_uag_custom_page_level_css":"","footnotes":""},"categories":[],"tags":[],"class_list":["post-310096","post","type-post","status-publish","format-standard","has-post-thumbnail","hentry"],"yoast_head":"<!-- This site is optimized with the Yoast SEO plugin v25.3.1 - https:\/\/yoast.com\/wordpress\/plugins\/seo\/ -->\n<title>Pole Pro s&#039;eleva cap al futur amb energia fotovoltaica<\/title>\n<meta name=\"description\" content=\"El carregador Pole Pro ja \u00e9s compatible amb instal\u00b7lacions fotovoltaiques | Diferents modes d&#039;energia solar - V2C\" \/>\n<meta name=\"robots\" content=\"index, follow, max-snippet:-1, max-image-preview:large, max-video-preview:-1\" \/>\n<link rel=\"canonical\" href=\"https:\/\/v2charge.com\/ca\/pole-pro-s-eleva-cap-al-futur-amb-energia-fotovoltaica\/\" \/>\n<meta property=\"og:locale\" content=\"ca_ES\" \/>\n<meta property=\"og:type\" content=\"article\" \/>\n<meta property=\"og:title\" content=\"Pole Pro s&#039;eleva cap al futur amb energia fotovoltaica\" \/>\n<meta property=\"og:description\" content=\"El carregador Pole Pro ja \u00e9s compatible amb instal\u00b7lacions fotovoltaiques | Diferents modes d&#039;energia solar - V2C\" \/>\n<meta property=\"og:url\" content=\"https:\/\/v2charge.com\/ca\/pole-pro-s-eleva-cap-al-futur-amb-energia-fotovoltaica\/\" \/>\n<meta property=\"og:site_name\" content=\"V2C\" \/>\n<meta property=\"article:publisher\" content=\"https:\/\/www.facebook.com\/V2C.Charge\" \/>\n<meta property=\"article:published_time\" content=\"2024-04-02T06:08:16+00:00\" \/>\n<meta property=\"article:modified_time\" content=\"2024-04-02T07:17:57+00:00\" \/>\n<meta property=\"og:image\" content=\"https:\/\/v2charge.com\/wp-content\/uploads\/2023\/06\/nuevo-pole-pro.jpg\" \/>\n\t<meta property=\"og:image:width\" content=\"1200\" \/>\n\t<meta property=\"og:image:height\" content=\"700\" \/>\n\t<meta property=\"og:image:type\" content=\"image\/jpeg\" \/>\n<meta name=\"author\" content=\"V2C\" \/>\n<meta name=\"twitter:card\" content=\"summary_large_image\" \/>\n<meta name=\"twitter:creator\" content=\"@V2C_Charge\" \/>\n<meta name=\"twitter:site\" content=\"@V2C_Charge\" \/>\n<meta name=\"twitter:label1\" content=\"Escrit per\" \/>\n\t<meta name=\"twitter:data1\" content=\"V2C\" \/>\n\t<meta name=\"twitter:label2\" content=\"Temps estimat de lectura\" \/>\n\t<meta name=\"twitter:data2\" content=\"3 minuts\" \/>\n<script type=\"application\/ld+json\" class=\"yoast-schema-graph\">{\"@context\":\"https:\/\/schema.org\",\"@graph\":[{\"@type\":\"Article\",\"@id\":\"https:\/\/v2charge.com\/ca\/pole-pro-s-eleva-cap-al-futur-amb-energia-fotovoltaica\/#article\",\"isPartOf\":{\"@id\":\"https:\/\/v2charge.com\/ca\/pole-pro-s-eleva-cap-al-futur-amb-energia-fotovoltaica\/\"},\"author\":{\"name\":\"V2C\",\"@id\":\"https:\/\/v2charge.com\/ca\/#\/schema\/person\/d6f210a94a856acdddec347b2127fd0f\"},\"headline\":\"Pole Pro s&#8217;eleva cap al futur amb energia fotovoltaica\",\"datePublished\":\"2024-04-02T06:08:16+00:00\",\"dateModified\":\"2024-04-02T07:17:57+00:00\",\"mainEntityOfPage\":{\"@id\":\"https:\/\/v2charge.com\/ca\/pole-pro-s-eleva-cap-al-futur-amb-energia-fotovoltaica\/\"},\"wordCount\":403,\"publisher\":{\"@id\":\"https:\/\/v2charge.com\/ca\/#organization\"},\"image\":{\"@id\":\"https:\/\/v2charge.com\/ca\/pole-pro-s-eleva-cap-al-futur-amb-energia-fotovoltaica\/#primaryimage\"},\"thumbnailUrl\":\"https:\/\/v2charge.com\/wp-content\/uploads\/2023\/06\/nuevo-pole-pro.jpg\",\"inLanguage\":\"ca\"},{\"@type\":\"WebPage\",\"@id\":\"https:\/\/v2charge.com\/ca\/pole-pro-s-eleva-cap-al-futur-amb-energia-fotovoltaica\/\",\"url\":\"https:\/\/v2charge.com\/ca\/pole-pro-s-eleva-cap-al-futur-amb-energia-fotovoltaica\/\",\"name\":\"Pole Pro s'eleva cap al futur amb energia fotovoltaica\",\"isPartOf\":{\"@id\":\"https:\/\/v2charge.com\/ca\/#website\"},\"primaryImageOfPage\":{\"@id\":\"https:\/\/v2charge.com\/ca\/pole-pro-s-eleva-cap-al-futur-amb-energia-fotovoltaica\/#primaryimage\"},\"image\":{\"@id\":\"https:\/\/v2charge.com\/ca\/pole-pro-s-eleva-cap-al-futur-amb-energia-fotovoltaica\/#primaryimage\"},\"thumbnailUrl\":\"https:\/\/v2charge.com\/wp-content\/uploads\/2023\/06\/nuevo-pole-pro.jpg\",\"datePublished\":\"2024-04-02T06:08:16+00:00\",\"dateModified\":\"2024-04-02T07:17:57+00:00\",\"description\":\"El carregador Pole Pro ja \u00e9s compatible amb instal\u00b7lacions fotovoltaiques | Diferents modes d'energia solar - V2C\",\"breadcrumb\":{\"@id\":\"https:\/\/v2charge.com\/ca\/pole-pro-s-eleva-cap-al-futur-amb-energia-fotovoltaica\/#breadcrumb\"},\"inLanguage\":\"ca\",\"potentialAction\":[{\"@type\":\"ReadAction\",\"target\":[\"https:\/\/v2charge.com\/ca\/pole-pro-s-eleva-cap-al-futur-amb-energia-fotovoltaica\/\"]}]},{\"@type\":\"ImageObject\",\"inLanguage\":\"ca\",\"@id\":\"https:\/\/v2charge.com\/ca\/pole-pro-s-eleva-cap-al-futur-amb-energia-fotovoltaica\/#primaryimage\",\"url\":\"https:\/\/v2charge.com\/wp-content\/uploads\/2023\/06\/nuevo-pole-pro.jpg\",\"contentUrl\":\"https:\/\/v2charge.com\/wp-content\/uploads\/2023\/06\/nuevo-pole-pro.jpg\",\"width\":1200,\"height\":700,\"caption\":\"nuevo pole pro\"},{\"@type\":\"BreadcrumbList\",\"@id\":\"https:\/\/v2charge.com\/ca\/pole-pro-s-eleva-cap-al-futur-amb-energia-fotovoltaica\/#breadcrumb\",\"itemListElement\":[{\"@type\":\"ListItem\",\"position\":1,\"name\":\"V2C\",\"item\":\"https:\/\/v2charge.com\/ca\/\"},{\"@type\":\"ListItem\",\"position\":2,\"name\":\"Noticias V2C\",\"item\":\"https:\/\/v2charge.com\/es\/noticias-v2c\/\"},{\"@type\":\"ListItem\",\"position\":3,\"name\":\"Pole Pro s&#8217;eleva cap al futur amb energia fotovoltaica\"}]},{\"@type\":\"WebSite\",\"@id\":\"https:\/\/v2charge.com\/ca\/#website\",\"url\":\"https:\/\/v2charge.com\/ca\/\",\"name\":\"V2C\",\"description\":\"#CargandoElMa\u00f1ana\",\"publisher\":{\"@id\":\"https:\/\/v2charge.com\/ca\/#organization\"},\"potentialAction\":[{\"@type\":\"SearchAction\",\"target\":{\"@type\":\"EntryPoint\",\"urlTemplate\":\"https:\/\/v2charge.com\/ca\/?s={search_term_string}\"},\"query-input\":{\"@type\":\"PropertyValueSpecification\",\"valueRequired\":true,\"valueName\":\"search_term_string\"}}],\"inLanguage\":\"ca\"},{\"@type\":\"Organization\",\"@id\":\"https:\/\/v2charge.com\/ca\/#organization\",\"name\":\"V2C\",\"url\":\"https:\/\/v2charge.com\/ca\/\",\"logo\":{\"@type\":\"ImageObject\",\"inLanguage\":\"ca\",\"@id\":\"https:\/\/v2charge.com\/ca\/#\/schema\/logo\/image\/\",\"url\":\"https:\/\/v2charge.com\/wp-content\/uploads\/2024\/11\/cropped-v2c-charge-logo-menu.png\",\"contentUrl\":\"https:\/\/v2charge.com\/wp-content\/uploads\/2024\/11\/cropped-v2c-charge-logo-menu.png\",\"width\":984,\"height\":431,\"caption\":\"V2C\"},\"image\":{\"@id\":\"https:\/\/v2charge.com\/ca\/#\/schema\/logo\/image\/\"},\"sameAs\":[\"https:\/\/www.facebook.com\/V2C.Charge\",\"https:\/\/x.com\/V2C_Charge\",\"https:\/\/www.instagram.com\/v2c.charge\/\",\"https:\/\/www.youtube.com\/@V2C\",\"https:\/\/www.linkedin.com\/company\/v2c-chargers\/\"]},{\"@type\":\"Person\",\"@id\":\"https:\/\/v2charge.com\/ca\/#\/schema\/person\/d6f210a94a856acdddec347b2127fd0f\",\"name\":\"V2C\",\"image\":{\"@type\":\"ImageObject\",\"inLanguage\":\"ca\",\"@id\":\"https:\/\/v2charge.com\/ca\/#\/schema\/person\/image\/\",\"url\":\"https:\/\/secure.gravatar.com\/avatar\/a91128c4c0d2f4d63bd586301fdec6cc9aa49c885839b25d1c62700f529f267c?s=96&d=mm&r=g\",\"contentUrl\":\"https:\/\/secure.gravatar.com\/avatar\/a91128c4c0d2f4d63bd586301fdec6cc9aa49c885839b25d1c62700f529f267c?s=96&d=mm&r=g\",\"caption\":\"V2C\"}}]}<\/script>\n<!-- \/ Yoast SEO plugin. -->","yoast_head_json":{"title":"Pole Pro s'eleva cap al futur amb energia fotovoltaica","description":"El carregador Pole Pro ja \u00e9s compatible amb instal\u00b7lacions fotovoltaiques | Diferents modes d'energia solar - V2C","robots":{"index":"index","follow":"follow","max-snippet":"max-snippet:-1","max-image-preview":"max-image-preview:large","max-video-preview":"max-video-preview:-1"},"canonical":"https:\/\/v2charge.com\/ca\/pole-pro-s-eleva-cap-al-futur-amb-energia-fotovoltaica\/","og_locale":"ca_ES","og_type":"article","og_title":"Pole Pro s'eleva cap al futur amb energia fotovoltaica","og_description":"El carregador Pole Pro ja \u00e9s compatible amb instal\u00b7lacions fotovoltaiques | Diferents modes d'energia solar - V2C","og_url":"https:\/\/v2charge.com\/ca\/pole-pro-s-eleva-cap-al-futur-amb-energia-fotovoltaica\/","og_site_name":"V2C","article_publisher":"https:\/\/www.facebook.com\/V2C.Charge","article_published_time":"2024-04-02T06:08:16+00:00","article_modified_time":"2024-04-02T07:17:57+00:00","og_image":[{"width":1200,"height":700,"url":"https:\/\/v2charge.com\/wp-content\/uploads\/2023\/06\/nuevo-pole-pro.jpg","type":"image\/jpeg"}],"author":"V2C","twitter_card":"summary_large_image","twitter_creator":"@V2C_Charge","twitter_site":"@V2C_Charge","twitter_misc":{"Escrit per":"V2C","Temps estimat de lectura":"3 minuts"},"schema":{"@context":"https:\/\/schema.org","@graph":[{"@type":"Article","@id":"https:\/\/v2charge.com\/ca\/pole-pro-s-eleva-cap-al-futur-amb-energia-fotovoltaica\/#article","isPartOf":{"@id":"https:\/\/v2charge.com\/ca\/pole-pro-s-eleva-cap-al-futur-amb-energia-fotovoltaica\/"},"author":{"name":"V2C","@id":"https:\/\/v2charge.com\/ca\/#\/schema\/person\/d6f210a94a856acdddec347b2127fd0f"},"headline":"Pole Pro s&#8217;eleva cap al futur amb energia fotovoltaica","datePublished":"2024-04-02T06:08:16+00:00","dateModified":"2024-04-02T07:17:57+00:00","mainEntityOfPage":{"@id":"https:\/\/v2charge.com\/ca\/pole-pro-s-eleva-cap-al-futur-amb-energia-fotovoltaica\/"},"wordCount":403,"publisher":{"@id":"https:\/\/v2charge.com\/ca\/#organization"},"image":{"@id":"https:\/\/v2charge.com\/ca\/pole-pro-s-eleva-cap-al-futur-amb-energia-fotovoltaica\/#primaryimage"},"thumbnailUrl":"https:\/\/v2charge.com\/wp-content\/uploads\/2023\/06\/nuevo-pole-pro.jpg","inLanguage":"ca"},{"@type":"WebPage","@id":"https:\/\/v2charge.com\/ca\/pole-pro-s-eleva-cap-al-futur-amb-energia-fotovoltaica\/","url":"https:\/\/v2charge.com\/ca\/pole-pro-s-eleva-cap-al-futur-amb-energia-fotovoltaica\/","name":"Pole Pro s'eleva cap al futur amb energia fotovoltaica","isPartOf":{"@id":"https:\/\/v2charge.com\/ca\/#website"},"primaryImageOfPage":{"@id":"https:\/\/v2charge.com\/ca\/pole-pro-s-eleva-cap-al-futur-amb-energia-fotovoltaica\/#primaryimage"},"image":{"@id":"https:\/\/v2charge.com\/ca\/pole-pro-s-eleva-cap-al-futur-amb-energia-fotovoltaica\/#primaryimage"},"thumbnailUrl":"https:\/\/v2charge.com\/wp-content\/uploads\/2023\/06\/nuevo-pole-pro.jpg","datePublished":"2024-04-02T06:08:16+00:00","dateModified":"2024-04-02T07:17:57+00:00","description":"El carregador Pole Pro ja \u00e9s compatible amb instal\u00b7lacions fotovoltaiques | Diferents modes d'energia solar - V2C","breadcrumb":{"@id":"https:\/\/v2charge.com\/ca\/pole-pro-s-eleva-cap-al-futur-amb-energia-fotovoltaica\/#breadcrumb"},"inLanguage":"ca","potentialAction":[{"@type":"ReadAction","target":["https:\/\/v2charge.com\/ca\/pole-pro-s-eleva-cap-al-futur-amb-energia-fotovoltaica\/"]}]},{"@type":"ImageObject","inLanguage":"ca","@id":"https:\/\/v2charge.com\/ca\/pole-pro-s-eleva-cap-al-futur-amb-energia-fotovoltaica\/#primaryimage","url":"https:\/\/v2charge.com\/wp-content\/uploads\/2023\/06\/nuevo-pole-pro.jpg","contentUrl":"https:\/\/v2charge.com\/wp-content\/uploads\/2023\/06\/nuevo-pole-pro.jpg","width":1200,"height":700,"caption":"nuevo pole pro"},{"@type":"BreadcrumbList","@id":"https:\/\/v2charge.com\/ca\/pole-pro-s-eleva-cap-al-futur-amb-energia-fotovoltaica\/#breadcrumb","itemListElement":[{"@type":"ListItem","position":1,"name":"V2C","item":"https:\/\/v2charge.com\/ca\/"},{"@type":"ListItem","position":2,"name":"Noticias V2C","item":"https:\/\/v2charge.com\/es\/noticias-v2c\/"},{"@type":"ListItem","position":3,"name":"Pole Pro s&#8217;eleva cap al futur amb energia fotovoltaica"}]},{"@type":"WebSite","@id":"https:\/\/v2charge.com\/ca\/#website","url":"https:\/\/v2charge.com\/ca\/","name":"V2C","description":"#CargandoElMa\u00f1ana","publisher":{"@id":"https:\/\/v2charge.com\/ca\/#organization"},"potentialAction":[{"@type":"SearchAction","target":{"@type":"EntryPoint","urlTemplate":"https:\/\/v2charge.com\/ca\/?s={search_term_string}"},"query-input":{"@type":"PropertyValueSpecification","valueRequired":true,"valueName":"search_term_string"}}],"inLanguage":"ca"},{"@type":"Organization","@id":"https:\/\/v2charge.com\/ca\/#organization","name":"V2C","url":"https:\/\/v2charge.com\/ca\/","logo":{"@type":"ImageObject","inLanguage":"ca","@id":"https:\/\/v2charge.com\/ca\/#\/schema\/logo\/image\/","url":"https:\/\/v2charge.com\/wp-content\/uploads\/2024\/11\/cropped-v2c-charge-logo-menu.png","contentUrl":"https:\/\/v2charge.com\/wp-content\/uploads\/2024\/11\/cropped-v2c-charge-logo-menu.png","width":984,"height":431,"caption":"V2C"},"image":{"@id":"https:\/\/v2charge.com\/ca\/#\/schema\/logo\/image\/"},"sameAs":["https:\/\/www.facebook.com\/V2C.Charge","https:\/\/x.com\/V2C_Charge","https:\/\/www.instagram.com\/v2c.charge\/","https:\/\/www.youtube.com\/@V2C","https:\/\/www.linkedin.com\/company\/v2c-chargers\/"]},{"@type":"Person","@id":"https:\/\/v2charge.com\/ca\/#\/schema\/person\/d6f210a94a856acdddec347b2127fd0f","name":"V2C","image":{"@type":"ImageObject","inLanguage":"ca","@id":"https:\/\/v2charge.com\/ca\/#\/schema\/person\/image\/","url":"https:\/\/secure.gravatar.com\/avatar\/a91128c4c0d2f4d63bd586301fdec6cc9aa49c885839b25d1c62700f529f267c?s=96&d=mm&r=g","contentUrl":"https:\/\/secure.gravatar.com\/avatar\/a91128c4c0d2f4d63bd586301fdec6cc9aa49c885839b25d1c62700f529f267c?s=96&d=mm&r=g","caption":"V2C"}}]}},"uagb_featured_image_src":{"full":["https:\/\/v2charge.com\/wp-content\/uploads\/2023\/06\/nuevo-pole-pro.jpg",1200,700,false],"thumbnail":["https:\/\/v2charge.com\/wp-content\/uploads\/2023\/06\/nuevo-pole-pro-150x150.jpg",150,150,true],"medium":["https:\/\/v2charge.com\/wp-content\/uploads\/2023\/06\/nuevo-pole-pro-300x175.jpg",300,175,true],"medium_large":["https:\/\/v2charge.com\/wp-content\/uploads\/2023\/06\/nuevo-pole-pro-768x448.jpg",768,448,true],"large":["https:\/\/v2charge.com\/wp-content\/uploads\/2023\/06\/nuevo-pole-pro-1024x597.jpg",1024,597,true],"gs-tiny":["https:\/\/v2charge.com\/wp-content\/uploads\/2023\/06\/nuevo-pole-pro.jpg",50,29,false],"xl":["https:\/\/v2charge.com\/wp-content\/uploads\/2023\/06\/nuevo-pole-pro.jpg",1200,700,false],"xxl":["https:\/\/v2charge.com\/wp-content\/uploads\/2023\/06\/nuevo-pole-pro.jpg",1200,700,false],"xxxl":["https:\/\/v2charge.com\/wp-content\/uploads\/2023\/06\/nuevo-pole-pro.jpg",1200,700,false],"xxxxl":["https:\/\/v2charge.com\/wp-content\/uploads\/2023\/06\/nuevo-pole-pro.jpg",1200,700,false],"xxxxxl":["https:\/\/v2charge.com\/wp-content\/uploads\/2023\/06\/nuevo-pole-pro.jpg",1200,700,false],"1536x1536":["https:\/\/v2charge.com\/wp-content\/uploads\/2023\/06\/nuevo-pole-pro.jpg",1200,700,false],"2048x2048":["https:\/\/v2charge.com\/wp-content\/uploads\/2023\/06\/nuevo-pole-pro.jpg",1200,700,false]},"uagb_author_info":{"display_name":"V2C","author_link":"https:\/\/v2charge.com\/ca\/author\/marketing\/"},"uagb_comment_info":0,"uagb_excerpt":"Pole Pro, la soluci\u00f3 de c\u00e0rrega compartida de V2C, fa un pas m\u00e9s enll\u00e0 en oferir una nova funcionalitat: la capacitat de carregar vehicles el\u00e8ctrics amb energia fotovoltaica. Aquesta nova integraci\u00f3 fotovoltaica de l&#8217;e-Charger obt\u00e9 el m\u00e0xim rendiment possible dels panells solars i permet carregar diversos vehicles de manera simult\u00e0nia emplicant energia exclusivament solar, de&hellip;","_links":{"self":[{"href":"https:\/\/v2charge.com\/ca\/wp-json\/wp\/v2\/posts\/310096","targetHints":{"allow":["GET"]}}],"collection":[{"href":"https:\/\/v2charge.com\/ca\/wp-json\/wp\/v2\/posts"}],"about":[{"href":"https:\/\/v2charge.com\/ca\/wp-json\/wp\/v2\/types\/post"}],"author":[{"embeddable":true,"href":"https:\/\/v2charge.com\/ca\/wp-json\/wp\/v2\/users\/400"}],"replies":[{"embeddable":true,"href":"https:\/\/v2charge.com\/ca\/wp-json\/wp\/v2\/comments?post=310096"}],"version-history":[{"count":0,"href":"https:\/\/v2charge.com\/ca\/wp-json\/wp\/v2\/posts\/310096\/revisions"}],"wp:featuredmedia":[{"embeddable":true,"href":"https:\/\/v2charge.com\/ca\/wp-json\/wp\/v2\/media\/107744"}],"wp:attachment":[{"href":"https:\/\/v2charge.com\/ca\/wp-json\/wp\/v2\/media?parent=310096"}],"wp:term":[{"taxonomy":"category","embeddable":true,"href":"https:\/\/v2charge.com\/ca\/wp-json\/wp\/v2\/categories?post=310096"},{"taxonomy":"post_tag","embeddable":true,"href":"https:\/\/v2charge.com\/ca\/wp-json\/wp\/v2\/tags?post=310096"}],"curies":[{"name":"wp","href":"https:\/\/api.w.org\/{rel}","templated":true}]}}