{"id":310101,"date":"2024-04-18T16:40:52","date_gmt":"2024-04-18T14:40:52","guid":{"rendered":""},"modified":"2025-05-20T15:14:40","modified_gmt":"2025-05-20T13:14:40","slug":"deduccio-irpf-per-a-cotxes-electrics-i-punts-de-recarrega","status":"publish","type":"post","link":"https:\/\/v2charge.com\/ca\/deduccio-irpf-per-a-cotxes-electrics-i-punts-de-recarrega\/","title":{"rendered":"Deducci\u00f3 IRPF per a cotxes el\u00e8ctrics i punts de rec\u00e0rrega"},"content":{"rendered":"<p><span style=\"font-weight: 400;\">Si el 2024 has comprat un punt de rec\u00e0rrega o un cotxe el\u00e8ctric, has de presentar la teva declaraci\u00f3 de la renda. <strong>La nova desgravaci\u00f3 de l&#8217;IRPF de cotxe el\u00e8ctric i punts de rec\u00e0rrega del Govern d&#8217;Espanya et retorna el 15% del cost.<\/strong><\/span><\/p>\n<p><span style=\"font-weight: 400;\">En aquest article et contem com pots deduir l&#8217;IRPF per la compra del teu cotxe el\u00e8ctric i el teu <strong><a href=\"https:\/\/v2charge.com\/ca\/\">carregador de cotxe el\u00e8ctric<\/a><\/strong> a la Declaraci\u00f3 de la Renda.<\/span><\/p>\n<blockquote><p><strong>Actualitzat a 01 d&#8217;abril de 2025:<\/strong> S&#8217;amplia amb car\u00e0cter retroactiu el Pla Moves III fins al 31 de desembre de 2025. Aplicables a les compres realitzades des de l&#8217;1 de gener de 2025.<\/p><\/blockquote>\n<h2><span style=\"font-weight: 400;\">Recupera el 15% del cost del teu punt de rec\u00e0rrega amb l&#8217;ajuda de l&#8217;IRPF per cotxes el\u00e8ctrics<\/span><\/h2>\n<p><span style=\"font-weight: 400;\">Hisenda te l&#8217;ofereix m\u00e9s f\u00e0cil que mai amb ajudes per la compra de punts de rec\u00e0rrega a Espanya. Ja pots beneficiar-te a la Declaraci\u00f3 de la Renda de 2024 de la devoluci\u00f3 del 15% del cost del teu punt de rec\u00e0rrega, i de la instal\u00b7laci\u00f3.<\/span><\/p>\n<h2><span style=\"font-weight: 400;\">Requisits per sol\u00b7licitar la deducci\u00f3 de l&#8217;IRPF del teu cotxe el\u00e8ctric o punt de rec\u00e0rrega a la Declaraci\u00f3 de la Renda<\/span><\/h2>\n<p><span style=\"font-weight: 400;\">Hisenda retorna el 15% del cost de la compra del punt de rec\u00e0rrega i de la instal\u00b7laci\u00f3 que s&#8217;hagi realitzat entre el 30 de juny de 2023 fins al 31 de desembre de 2024. Si la instal\u00b7laci\u00f3 s&#8217;ha realitzat abans del 31 de desembre de 2023, s&#8217;ha de sol\u00b7licitar la deducci\u00f3 de l&#8217;IRPF a la Campanya de la Renda de 2023. D&#8217;altra banda, <strong>si la instal\u00b7laci\u00f3 del punt de rec\u00e0rrega s&#8217;ha realitzat el 2024, l&#8217;ajuda de l&#8217;IRPF per cotxes el\u00e8ctrics i punts de rec\u00e0rrega s&#8217;ha de sol\u00b7licitar en l&#8217;exercici de 2024.<\/strong><\/span><\/p>\n<p><span style=\"font-weight: 400;\">Per tant, per beneficiar-te d&#8217;aquestes deduccions pel teu punt de rec\u00e0rrega el 2024 <strong>has de complir aquests requisits<\/strong>:<\/span><\/p>\n<ul>\n<li style=\"font-weight: 400;\" aria-level=\"1\"><span style=\"font-weight: 400;\">La compra i instal\u00b7laci\u00f3 del punt de rec\u00e0rrega ha d&#8217;haver estat entre el <strong>1 de gener de 2024 i el 31 de desembre de 2024<\/strong>.<\/span><\/li>\n<li style=\"font-weight: 400;\" aria-level=\"1\"><span style=\"font-weight: 400;\">El contribuent ha de <strong>tenir en propietat l&#8217;immoble<\/strong> on s&#8217;ha instal\u00b7lat el punt de rec\u00e0rrega.<\/span><\/li>\n<li style=\"font-weight: 400;\" aria-level=\"1\"><span style=\"font-weight: 400;\">El cost m\u00e0xim sobre el qual s&#8217;aplica la deducci\u00f3 \u00e9s de <strong>4.000\u20ac<\/strong>, per la compra i instal\u00b7laci\u00f3 del punt de rec\u00e0rrega.<\/span><\/li>\n<li style=\"font-weight: 400;\" aria-level=\"1\"><span style=\"font-weight: 400;\">El <strong>sol\u00b7licitant<\/strong> de la deducci\u00f3 ha de ser una <strong>persona f\u00edsica<\/strong>.<\/span><\/li>\n<\/ul>\n<p><span style=\"font-weight: 400;\">Aquesta deducci\u00f3 de l&#8217;IRPF del punt de rec\u00e0rrega es fa segons l&#8217;<em> article 68 de la Llei 35\/2006 de l&#8217;Impost sobre la Renda de les Persones F\u00edsiques<\/em> i de modificaci\u00f3 parcial de les lleis dels<em> Impostos sobre Societats, sobre la Renda de no Residents i sobre el Patrimoni<\/em>.<\/span><\/p>\n<h2><span style=\"font-weight: 400;\">\u00bfCom fer la deducci\u00f3 de l&#8217;IRPF per la compra d&#8217;un cotxe el\u00e8ctric?<\/span><\/h2>\n<p><span style=\"font-weight: 400;\"><strong>El Govern d&#8217;Espanya ha posat en marxa la desgravaci\u00f3 de fins a 3.000\u20ac d&#8217;IRPF per la compra d&#8217;un vehicle el\u00e8ctric.<\/strong> Hisenda et retorna a la Campanya de la Renda de 2023 i 2024 el 15% del cost del teu vehicle el\u00e8ctric. Si has comprat el teu vehicle despr\u00e9s de juny de 2023, <strong>nom\u00e9s has de complir els seg\u00fcents requisits per poder accedir a aquesta deducci\u00f3 pel teu vehicle el\u00e8ctric<\/strong>.<\/span><\/p>\n<p><span style=\"font-weight: 400;\">Si ets amant dels cotxes petits et recomanem que donis un cop d&#8217;ull al nostre top de <strong><a href=\"https:\/\/v2charge.com\/ca\/coches-electricos-pequenos-2024-mejor-precio\/\">cotxes el\u00e8ctrics petits<\/a><\/strong> amb millor qualitat-preu.<\/span><\/p>\n<p><a href=\"https:\/\/v2charge.com\/ca\/trydan-carregador-electric\/\"><img decoding=\"async\" class=\"alignnone size-full wp-image-151492\" src=\"https:\/\/v2charge.com\/wp-content\/uploads\/2024\/05\/descubre-trydan-cargador-coche-electrico.jpg\" alt=\"\" width=\"818\" height=\"248\" srcset=\"https:\/\/v2charge.com\/wp-content\/uploads\/2024\/05\/descubre-trydan-cargador-coche-electrico.jpg 818w, https:\/\/v2charge.com\/wp-content\/uploads\/2024\/05\/descubre-trydan-cargador-coche-electrico-300x91.jpg 300w, https:\/\/v2charge.com\/wp-content\/uploads\/2024\/05\/descubre-trydan-cargador-coche-electrico-768x233.jpg 768w\" sizes=\"(max-width: 818px) 100vw, 818px\" \/><\/a><\/p>\n<h2><span style=\"font-weight: 400;\">Requisits per deduir-se l&#8217;IRPF per la compra d&#8217;un cotxe el\u00e8ctric<\/span><\/h2>\n<p><span style=\"font-weight: 400;\">Igual que per desgravar el teu punt de rec\u00e0rrega a la teva declaraci\u00f3 de la renda, per desgravar el teu cotxe el\u00e8ctric has de tenir en compte quan l&#8217;has comprat. Si has adquirit el vehicle el\u00e8ctric el 2023, es declara en l&#8217;exercici de 2023 i <strong>si has adquirit el vehicle el 2024, has de declarar-lo en l&#8217;exercici de 2024.<\/strong> Si est\u00e0s pensant en comprar un cotxe h\u00edbrid, descobreix els <a href=\"http:\/\/v2charge.com\/ca\/ranking-dels-cotxes-hibrids-mes-fiables-segons-l-ocu-el-2023\/\"><b>cotxes h\u00edbrids m\u00e9s fiables<\/b><\/a><b> de 2023 segons l&#8217;OCU<\/b>.<\/span><\/p>\n<p><span style=\"font-weight: 400;\">A m\u00e9s, has de complir els seg\u00fcents requisits si desitges desgravar l&#8217;IRPF per la compra del teu vehicle el\u00e8ctric a la Declaraci\u00f3 de la Renda el 2024 i beneficiar-te de les ajudes de l&#8217;IRPF:<\/span><\/p>\n<ul>\n<li style=\"font-weight: 400;\" aria-level=\"1\"><strong>La compra del cotxe el\u00e8ctric ha d&#8217;haver-se realitzat entre l&#8217;1 de gener de 2024 i el 31 de desembre de 2024.<\/strong><\/li>\n<li style=\"font-weight: 400;\" aria-level=\"1\"><span style=\"font-weight: 400;\">La deducci\u00f3 de l&#8217;IRPF per desgravar un cotxe el\u00e8ctric es realitzar\u00e0 per un valor m\u00e0xim de <strong>20.000\u20ac<\/strong><\/span><\/li>\n<li style=\"font-weight: 400;\" aria-level=\"1\"><span style=\"font-weight: 400;\">El <strong>vehicle el\u00e8ctric ha de ser per \u00fas particular<\/strong>, el sol\u00b7licitant ha de ser una persona f\u00edsica. No poden beneficiar-se d&#8217;aquesta deducci\u00f3 d&#8217;IRPF els cotxes el\u00e8ctrics per transport de mercaderies o lloguer.<\/span><\/li>\n<\/ul>\n<p>Si t&#8217;interessen els vehicles el\u00e8ctrics, et recomanem que donis un cop d&#8217;ull a un cotxe que va fer hist\u00f2ria, el <strong><a href=\"https:\/\/v2charge.com\/ca\/el-bmw-i8-el-esportiu-hibrid-endollable-amb-el-qual-bmw-va-fer-historia\/\">BMW i8<\/a><\/strong>.<\/p>\n<h2><span style=\"font-weight: 400;\">\u00bfOn est\u00e0 la deducci\u00f3 de l&#8217;IRPF del cotxe el\u00e8ctric i del punt de rec\u00e0rrega a la renda?<\/span><\/h2>\n<p><span style=\"font-weight: 400;\">La deducci\u00f3 de l&#8217;IRPF per la compra de vehicles el\u00e8ctrics i punts de rec\u00e0rrega ha de ser complimentada a la Declaraci\u00f3 de la Renda a l&#8217;apartat \u201c<em><strong>Deduccions Generals<\/strong><\/em>\u201d i dins de l&#8217;apartat \u201c<em><strong>Deducci\u00f3 per l&#8217;adquisici\u00f3 de vehicles el\u00e8ctrics endollables i de pila de combustible i punts de rec\u00e0rrega<\/strong><\/em>\u201d.<br \/>\n<img decoding=\"async\" class=\"alignnone size-full wp-image-148774\" src=\"https:\/\/v2charge.com\/wp-content\/uploads\/2024\/04\/renta-desgravar-irpf-coche-electrico.jpg\" alt=\" Deducci\u00f3 per l'adquisici\u00f3 de vehicles el\u00e8ctrics endollables i de pila de combustible i punts de rec\u00e0rrega\" width=\"671\" height=\"488\" srcset=\"https:\/\/v2charge.com\/wp-content\/uploads\/2024\/04\/renta-desgravar-irpf-coche-electrico.jpg 671w, https:\/\/v2charge.com\/wp-content\/uploads\/2024\/04\/renta-desgravar-irpf-coche-electrico-300x218.jpg 300w\" sizes=\"(max-width: 671px) 100vw, 671px\" \/><br \/>\n<\/span><\/p>\n<h3>Camp a omplir per la deducci\u00f3 de l&#8217;IRPF del teu cotxe el\u00e8ctric<\/h3>\n<p><span style=\"font-weight: 400;\">En el cas de <strong>deduccions<\/strong> per la compra <strong>de vehicles el\u00e8ctrics<\/strong> <strong>s&#8217;han de completar les seg\u00fcents dades per calcular la deducci\u00f3:<\/strong><\/span><\/p>\n<ul>\n<li style=\"font-weight: 400;\" aria-level=\"1\"><span style=\"font-weight: 400;\">La <strong>Categoria de la tipologia del vehicle<\/strong> (Turisme, quadricicle lleuger, quadricicle pesat, motocicleta)<\/span><\/li>\n<li style=\"font-weight: 400;\" aria-level=\"1\"><span style=\"font-weight: 400;\">El <strong>Tipus de vehicle concret<\/strong> (BEV, EREV, PHEV, FCB, FCHV).<\/span><\/li>\n<li style=\"font-weight: 400;\" aria-level=\"1\"><span style=\"font-weight: 400;\">El <strong>NIF\/NIE<\/strong> de la persona\/entitat venedora.<\/span><\/li>\n<li style=\"font-weight: 400;\" aria-level=\"1\"><span style=\"font-weight: 400;\">El <strong>preu de venda del vehicle<\/strong> amb tots els costos inclosos (Impost de matriculaci\u00f3, IVA, etc).<\/span><\/li>\n<li style=\"font-weight: 400;\" aria-level=\"1\"><span style=\"font-weight: 400;\">Les <strong>quantitats subvencionades sol\u00b7licitades<\/strong> (encara que no s&#8217;hagin percebut encara).<\/span><\/li>\n<li style=\"font-weight: 400;\" aria-level=\"1\"><span style=\"font-weight: 400;\">La <strong>forma d&#8217;adquisici\u00f3<\/strong> (matr\u00edcula i data de matriculaci\u00f3 o si es realitza mitjan\u00e7ant l&#8217;entrega d&#8217;una quantitat en compte).<\/span><\/li>\n<\/ul>\n<h3>Exemple de la deducci\u00f3 de l&#8217;IRPF del teu cotxe el\u00e8ctric<\/h3>\n<p><span style=\"font-weight: 400;\">Com es pot veure a la seg\u00fcent imatge, aix\u00ed quedaria aquest apartat de la Declaraci\u00f3 de la Renda en omplir les dades i pr\u00e9mer &#8220;Acceptar&#8221;. <strong>El sistema calcula l&#8217;import de la deducci\u00f3 calculada.<\/strong><\/span><\/p>\n<p><img decoding=\"async\" class=\"alignnone wp-image-148843 size-full\" src=\"https:\/\/v2charge.com\/wp-content\/uploads\/2024\/04\/renta-desgravar-irpf-coche-electrico-1.jpg\" alt=\"S'han de completar les seg\u00fcents dades per sol\u00b7licitar la deducci\u00f3 per la compra de vehicles el\u00e8ctrics \" width=\"671\" height=\"488\" srcset=\"https:\/\/v2charge.com\/wp-content\/uploads\/2024\/04\/renta-desgravar-irpf-coche-electrico-1.jpg 671w, https:\/\/v2charge.com\/wp-content\/uploads\/2024\/04\/renta-desgravar-irpf-coche-electrico-1-300x218.jpg 300w\" sizes=\"(max-width: 671px) 100vw, 671px\" \/><\/p>\n<h3>Camp a omplir per la deducci\u00f3 de l&#8217;IRPF del teu punt de rec\u00e0rrega<\/h3>\n<p><span style=\"font-weight: 400;\">En el cas de <strong>deduccions<\/strong> per la compra i instal\u00b7laci\u00f3 <strong>de<\/strong> <strong>punts de rec\u00e0rrega s&#8217;han de completar les seg\u00fcents dades per calcular la deducci\u00f3.<\/strong><\/span><\/p>\n<ul>\n<li style=\"font-weight: 400;\" aria-level=\"1\"><span style=\"font-weight: 400;\">Les <strong>dades de l&#8217;immoble<\/strong> on s&#8217;ha <strong>instal\u00b7lat<\/strong> el punt de rec\u00e0rrega.<\/span><\/li>\n<li style=\"font-weight: 400;\" aria-level=\"1\"><span style=\"font-weight: 400;\">Les <strong>dades relatives a la instal\u00b7laci\u00f3<\/strong> (NIF de l&#8217;instal\u00b7ladors i la data on es va finalitzar la instal\u00b7laci\u00f3).<\/span><\/li>\n<li style=\"font-weight: 400;\" aria-level=\"1\"><span style=\"font-weight: 400;\">Les <strong>quantitats satisfetes<\/strong> (\u00e9s a dir el cost de la instal\u00b7laci\u00f3 i el punt de rec\u00e0rrega).<\/span><\/li>\n<li style=\"font-weight: 400;\" aria-level=\"1\"><span style=\"font-weight: 400;\">Les <strong>quantitats subvencionades<\/strong> (en aquest apartat nom\u00e9s s&#8217;ompliran les quantitats que ja han estat concedides).<\/span><\/li>\n<\/ul>\n<h3>Exemple de la deducci\u00f3 de l&#8217;IRPF del teu punt de rec\u00e0rrega<\/h3>\n<p>Tal com il\u00b7lustra la imatge adjunta, aquest apartat de la Declaraci\u00f3 de la Renda mostra el resultat un cop ingressades les dades i confirmat prement &#8220;Acceptar&#8221;. <strong>El sistema realitza el c\u00e0lcul de l&#8217;import de la deducci\u00f3 corresponent del 15%.<\/strong><\/p>\n<p><img decoding=\"async\" class=\"alignnone wp-image-148852 size-full\" src=\"https:\/\/v2charge.com\/wp-content\/uploads\/2024\/04\/renta-desgravar-irpf-punto-recarga.jpg\" alt=\"S'han de completar les seg\u00fcents dades per calcular la deducci\u00f3 per la compra i instal\u00b7laci\u00f3 de punts de rec\u00e0rrega\" width=\"635\" height=\"462\" srcset=\"https:\/\/v2charge.com\/wp-content\/uploads\/2024\/04\/renta-desgravar-irpf-punto-recarga.jpg 635w, https:\/\/v2charge.com\/wp-content\/uploads\/2024\/04\/renta-desgravar-irpf-punto-recarga-300x218.jpg 300w\" sizes=\"(max-width: 635px) 100vw, 635px\" \/><\/p>\n<p><span style=\"font-weight: 400;\">Gaudeix de totes les deduccions i ajudes a l&#8217;hora d&#8217;instal\u00b7lar el teu punt de rec\u00e0rrega amb els instal\u00b7ladors professionals de V2C. <\/span><strong><a href=\"https:\/\/v2charge.com\/ca\/troba-instalador\/#contacto\">Troba el teu instal\u00b7lador<\/a><\/strong><span style=\"font-weight: 400;\"> si encara no tens el teu punt de rec\u00e0rrega, <strong>et posem en contacte amb el teu instal\u00b7lador m\u00e9s proper<\/strong>. No dubtis a contactar amb nosaltres si tens qualsevol dubte sobre les deduccions del teu punt de rec\u00e0rrega V2C.<\/span><\/p>\n<p>Si est\u00e0s interessat en cotxes el\u00e8ctrics barats, et recomanem que consultis la nostra guia sobre\u00a0<strong><a href=\"https:\/\/v2charge.com\/ca\/quin-cotxe-electric-de-segona-ma-barat-comprar-guia-de-compra\/\">cotxes el\u00e8ctrics de segona m\u00e0 barats<\/a><\/strong>, et donem totes les pautes a seguir per trobar cotxes barats de segona m\u00e0.<\/p>\n<p><a href=\"https:\/\/v2charge.com\/ca\/trydan-carregador-electric\/\"><img decoding=\"async\" class=\"alignnone size-full wp-image-151482\" src=\"https:\/\/v2charge.com\/wp-content\/uploads\/2024\/05\/descubre-trydan-cargador-coches-inteligente.jpg\" alt=\"\" width=\"818\" height=\"248\" srcset=\"https:\/\/v2charge.com\/wp-content\/uploads\/2024\/05\/descubre-trydan-cargador-coches-inteligente.jpg 818w, https:\/\/v2charge.com\/wp-content\/uploads\/2024\/05\/descubre-trydan-cargador-coches-inteligente-300x91.jpg 300w, https:\/\/v2charge.com\/wp-content\/uploads\/2024\/05\/descubre-trydan-cargador-coches-inteligente-768x233.jpg 768w\" sizes=\"(max-width: 818px) 100vw, 818px\" \/><\/a><\/p>\n","protected":false},"excerpt":{"rendered":"<p>Si el 2024 has comprat un punt de rec\u00e0rrega o un cotxe el\u00e8ctric, has de presentar la teva declaraci\u00f3 de la renda. La nova desgravaci\u00f3 de l&#8217;IRPF de cotxe el\u00e8ctric i punts de rec\u00e0rrega del Govern d&#8217;Espanya et retorna el 15% del cost. En aquest article et contem com pots deduir l&#8217;IRPF per la compra &#8230; <a title=\"Deducci\u00f3 IRPF per a cotxes el\u00e8ctrics i punts de rec\u00e0rrega\" class=\"read-more\" href=\"https:\/\/v2charge.com\/ca\/deduccio-irpf-per-a-cotxes-electrics-i-punts-de-recarrega\/\" aria-label=\"M\u00e9s informaci\u00f3 sobre Deducci\u00f3 IRPF per a cotxes el\u00e8ctrics i punts de rec\u00e0rrega\">Llegiu m\u00e9s<\/a><\/p>\n","protected":false},"author":400,"featured_media":148765,"comment_status":"closed","ping_status":"closed","sticky":false,"template":"","format":"standard","meta":{"_eb_attr":"","content-type":"","_uag_custom_page_level_css":"","footnotes":""},"categories":[],"tags":[],"class_list":["post-310101","post","type-post","status-publish","format-standard","has-post-thumbnail","hentry"],"yoast_head":"<!-- This site is optimized with the Yoast SEO plugin v25.3.1 - https:\/\/yoast.com\/wordpress\/plugins\/seo\/ -->\n<title>Deducci\u00f3 IRPF per a Cotxes El\u00e8ctrics i Punts de C\u00e0rrega<\/title>\n<meta name=\"description\" content=\"\u2714\ufe0f Com desgravarte l&#039;IRPF per la compra d&#039;un cotxe el\u00e8ctric i un punt de rec\u00e0rrega. Deducci\u00f3 del 15% d&#039;IRPF del teu cotxe el\u00e8ctric i punt de rec\u00e0rrega.\" \/>\n<meta name=\"robots\" content=\"index, follow, max-snippet:-1, max-image-preview:large, max-video-preview:-1\" \/>\n<link rel=\"canonical\" href=\"https:\/\/v2charge.com\/ca\/deduccio-irpf-per-a-cotxes-electrics-i-punts-de-recarrega\/\" \/>\n<meta property=\"og:locale\" content=\"ca_ES\" \/>\n<meta property=\"og:type\" content=\"article\" \/>\n<meta property=\"og:title\" content=\"Deducci\u00f3 IRPF per a Cotxes El\u00e8ctrics i Punts de C\u00e0rrega\" \/>\n<meta property=\"og:description\" content=\"\u2714\ufe0f Com desgravarte l&#039;IRPF per la compra d&#039;un cotxe el\u00e8ctric i un punt de rec\u00e0rrega. Deducci\u00f3 del 15% d&#039;IRPF del teu cotxe el\u00e8ctric i punt de rec\u00e0rrega.\" \/>\n<meta property=\"og:url\" content=\"https:\/\/v2charge.com\/ca\/deduccio-irpf-per-a-cotxes-electrics-i-punts-de-recarrega\/\" \/>\n<meta property=\"og:site_name\" content=\"V2C\" \/>\n<meta property=\"article:publisher\" content=\"https:\/\/www.facebook.com\/V2C.Charge\" \/>\n<meta property=\"article:published_time\" content=\"2024-04-18T14:40:52+00:00\" \/>\n<meta property=\"article:modified_time\" content=\"2025-05-20T13:14:40+00:00\" \/>\n<meta property=\"og:image\" content=\"https:\/\/v2charge.com\/wp-content\/uploads\/2024\/04\/desgravacion-irpf-coches-electricos.jpg\" \/>\n\t<meta property=\"og:image:width\" content=\"1200\" \/>\n\t<meta property=\"og:image:height\" content=\"700\" \/>\n\t<meta property=\"og:image:type\" content=\"image\/jpeg\" \/>\n<meta name=\"author\" content=\"V2C\" \/>\n<meta name=\"twitter:card\" content=\"summary_large_image\" \/>\n<meta name=\"twitter:creator\" content=\"@V2C_Charge\" \/>\n<meta name=\"twitter:site\" content=\"@V2C_Charge\" \/>\n<meta name=\"twitter:label1\" content=\"Escrit per\" \/>\n\t<meta name=\"twitter:data1\" content=\"V2C\" \/>\n\t<meta name=\"twitter:label2\" content=\"Temps estimat de lectura\" \/>\n\t<meta name=\"twitter:data2\" content=\"7 minuts\" \/>\n<script type=\"application\/ld+json\" class=\"yoast-schema-graph\">{\"@context\":\"https:\/\/schema.org\",\"@graph\":[{\"@type\":\"Article\",\"@id\":\"https:\/\/v2charge.com\/ca\/deduccio-irpf-per-a-cotxes-electrics-i-punts-de-recarrega\/#article\",\"isPartOf\":{\"@id\":\"https:\/\/v2charge.com\/ca\/deduccio-irpf-per-a-cotxes-electrics-i-punts-de-recarrega\/\"},\"author\":{\"name\":\"V2C\",\"@id\":\"https:\/\/v2charge.com\/ca\/#\/schema\/person\/d6f210a94a856acdddec347b2127fd0f\"},\"headline\":\"Deducci\u00f3 IRPF per a cotxes el\u00e8ctrics i punts de rec\u00e0rrega\",\"datePublished\":\"2024-04-18T14:40:52+00:00\",\"dateModified\":\"2025-05-20T13:14:40+00:00\",\"mainEntityOfPage\":{\"@id\":\"https:\/\/v2charge.com\/ca\/deduccio-irpf-per-a-cotxes-electrics-i-punts-de-recarrega\/\"},\"wordCount\":1341,\"publisher\":{\"@id\":\"https:\/\/v2charge.com\/ca\/#organization\"},\"image\":{\"@id\":\"https:\/\/v2charge.com\/ca\/deduccio-irpf-per-a-cotxes-electrics-i-punts-de-recarrega\/#primaryimage\"},\"thumbnailUrl\":\"https:\/\/v2charge.com\/wp-content\/uploads\/2024\/04\/desgravacion-irpf-coches-electricos.jpg\",\"inLanguage\":\"ca\"},{\"@type\":\"WebPage\",\"@id\":\"https:\/\/v2charge.com\/ca\/deduccio-irpf-per-a-cotxes-electrics-i-punts-de-recarrega\/\",\"url\":\"https:\/\/v2charge.com\/ca\/deduccio-irpf-per-a-cotxes-electrics-i-punts-de-recarrega\/\",\"name\":\"Deducci\u00f3 IRPF per a Cotxes El\u00e8ctrics i Punts de C\u00e0rrega\",\"isPartOf\":{\"@id\":\"https:\/\/v2charge.com\/ca\/#website\"},\"primaryImageOfPage\":{\"@id\":\"https:\/\/v2charge.com\/ca\/deduccio-irpf-per-a-cotxes-electrics-i-punts-de-recarrega\/#primaryimage\"},\"image\":{\"@id\":\"https:\/\/v2charge.com\/ca\/deduccio-irpf-per-a-cotxes-electrics-i-punts-de-recarrega\/#primaryimage\"},\"thumbnailUrl\":\"https:\/\/v2charge.com\/wp-content\/uploads\/2024\/04\/desgravacion-irpf-coches-electricos.jpg\",\"datePublished\":\"2024-04-18T14:40:52+00:00\",\"dateModified\":\"2025-05-20T13:14:40+00:00\",\"description\":\"\u2714\ufe0f Com desgravarte l'IRPF per la compra d'un cotxe el\u00e8ctric i un punt de rec\u00e0rrega. Deducci\u00f3 del 15% d'IRPF del teu cotxe el\u00e8ctric i punt de rec\u00e0rrega.\",\"breadcrumb\":{\"@id\":\"https:\/\/v2charge.com\/ca\/deduccio-irpf-per-a-cotxes-electrics-i-punts-de-recarrega\/#breadcrumb\"},\"inLanguage\":\"ca\",\"potentialAction\":[{\"@type\":\"ReadAction\",\"target\":[\"https:\/\/v2charge.com\/ca\/deduccio-irpf-per-a-cotxes-electrics-i-punts-de-recarrega\/\"]}]},{\"@type\":\"ImageObject\",\"inLanguage\":\"ca\",\"@id\":\"https:\/\/v2charge.com\/ca\/deduccio-irpf-per-a-cotxes-electrics-i-punts-de-recarrega\/#primaryimage\",\"url\":\"https:\/\/v2charge.com\/wp-content\/uploads\/2024\/04\/desgravacion-irpf-coches-electricos.jpg\",\"contentUrl\":\"https:\/\/v2charge.com\/wp-content\/uploads\/2024\/04\/desgravacion-irpf-coches-electricos.jpg\",\"width\":1200,\"height\":700},{\"@type\":\"BreadcrumbList\",\"@id\":\"https:\/\/v2charge.com\/ca\/deduccio-irpf-per-a-cotxes-electrics-i-punts-de-recarrega\/#breadcrumb\",\"itemListElement\":[{\"@type\":\"ListItem\",\"position\":1,\"name\":\"V2C\",\"item\":\"https:\/\/v2charge.com\/ca\/\"},{\"@type\":\"ListItem\",\"position\":2,\"name\":\"Sin categor\u00eda\",\"item\":\"https:\/\/v2charge.com\/sl\/sin-categoria\/\"},{\"@type\":\"ListItem\",\"position\":3,\"name\":\"Informaci\u00f3n\",\"item\":\"https:\/\/v2charge.com\/es\/e-mobility\/informacion\/\"},{\"@type\":\"ListItem\",\"position\":4,\"name\":\"Deducci\u00f3 IRPF per a cotxes el\u00e8ctrics i punts de rec\u00e0rrega\"}]},{\"@type\":\"WebSite\",\"@id\":\"https:\/\/v2charge.com\/ca\/#website\",\"url\":\"https:\/\/v2charge.com\/ca\/\",\"name\":\"V2C\",\"description\":\"#CargandoElMa\u00f1ana\",\"publisher\":{\"@id\":\"https:\/\/v2charge.com\/ca\/#organization\"},\"potentialAction\":[{\"@type\":\"SearchAction\",\"target\":{\"@type\":\"EntryPoint\",\"urlTemplate\":\"https:\/\/v2charge.com\/ca\/?s={search_term_string}\"},\"query-input\":{\"@type\":\"PropertyValueSpecification\",\"valueRequired\":true,\"valueName\":\"search_term_string\"}}],\"inLanguage\":\"ca\"},{\"@type\":\"Organization\",\"@id\":\"https:\/\/v2charge.com\/ca\/#organization\",\"name\":\"V2C\",\"url\":\"https:\/\/v2charge.com\/ca\/\",\"logo\":{\"@type\":\"ImageObject\",\"inLanguage\":\"ca\",\"@id\":\"https:\/\/v2charge.com\/ca\/#\/schema\/logo\/image\/\",\"url\":\"https:\/\/v2charge.com\/wp-content\/uploads\/2024\/11\/cropped-v2c-charge-logo-menu.png\",\"contentUrl\":\"https:\/\/v2charge.com\/wp-content\/uploads\/2024\/11\/cropped-v2c-charge-logo-menu.png\",\"width\":984,\"height\":431,\"caption\":\"V2C\"},\"image\":{\"@id\":\"https:\/\/v2charge.com\/ca\/#\/schema\/logo\/image\/\"},\"sameAs\":[\"https:\/\/www.facebook.com\/V2C.Charge\",\"https:\/\/x.com\/V2C_Charge\",\"https:\/\/www.instagram.com\/v2c.charge\/\",\"https:\/\/www.youtube.com\/@V2C\",\"https:\/\/www.linkedin.com\/company\/v2c-chargers\/\"]},{\"@type\":\"Person\",\"@id\":\"https:\/\/v2charge.com\/ca\/#\/schema\/person\/d6f210a94a856acdddec347b2127fd0f\",\"name\":\"V2C\",\"image\":{\"@type\":\"ImageObject\",\"inLanguage\":\"ca\",\"@id\":\"https:\/\/v2charge.com\/ca\/#\/schema\/person\/image\/\",\"url\":\"https:\/\/secure.gravatar.com\/avatar\/a91128c4c0d2f4d63bd586301fdec6cc9aa49c885839b25d1c62700f529f267c?s=96&d=mm&r=g\",\"contentUrl\":\"https:\/\/secure.gravatar.com\/avatar\/a91128c4c0d2f4d63bd586301fdec6cc9aa49c885839b25d1c62700f529f267c?s=96&d=mm&r=g\",\"caption\":\"V2C\"}}]}<\/script>\n<!-- \/ Yoast SEO plugin. -->","yoast_head_json":{"title":"Deducci\u00f3 IRPF per a Cotxes El\u00e8ctrics i Punts de C\u00e0rrega","description":"\u2714\ufe0f Com desgravarte l'IRPF per la compra d'un cotxe el\u00e8ctric i un punt de rec\u00e0rrega. Deducci\u00f3 del 15% d'IRPF del teu cotxe el\u00e8ctric i punt de rec\u00e0rrega.","robots":{"index":"index","follow":"follow","max-snippet":"max-snippet:-1","max-image-preview":"max-image-preview:large","max-video-preview":"max-video-preview:-1"},"canonical":"https:\/\/v2charge.com\/ca\/deduccio-irpf-per-a-cotxes-electrics-i-punts-de-recarrega\/","og_locale":"ca_ES","og_type":"article","og_title":"Deducci\u00f3 IRPF per a Cotxes El\u00e8ctrics i Punts de C\u00e0rrega","og_description":"\u2714\ufe0f Com desgravarte l'IRPF per la compra d'un cotxe el\u00e8ctric i un punt de rec\u00e0rrega. Deducci\u00f3 del 15% d'IRPF del teu cotxe el\u00e8ctric i punt de rec\u00e0rrega.","og_url":"https:\/\/v2charge.com\/ca\/deduccio-irpf-per-a-cotxes-electrics-i-punts-de-recarrega\/","og_site_name":"V2C","article_publisher":"https:\/\/www.facebook.com\/V2C.Charge","article_published_time":"2024-04-18T14:40:52+00:00","article_modified_time":"2025-05-20T13:14:40+00:00","og_image":[{"width":1200,"height":700,"url":"https:\/\/v2charge.com\/wp-content\/uploads\/2024\/04\/desgravacion-irpf-coches-electricos.jpg","type":"image\/jpeg"}],"author":"V2C","twitter_card":"summary_large_image","twitter_creator":"@V2C_Charge","twitter_site":"@V2C_Charge","twitter_misc":{"Escrit per":"V2C","Temps estimat de lectura":"7 minuts"},"schema":{"@context":"https:\/\/schema.org","@graph":[{"@type":"Article","@id":"https:\/\/v2charge.com\/ca\/deduccio-irpf-per-a-cotxes-electrics-i-punts-de-recarrega\/#article","isPartOf":{"@id":"https:\/\/v2charge.com\/ca\/deduccio-irpf-per-a-cotxes-electrics-i-punts-de-recarrega\/"},"author":{"name":"V2C","@id":"https:\/\/v2charge.com\/ca\/#\/schema\/person\/d6f210a94a856acdddec347b2127fd0f"},"headline":"Deducci\u00f3 IRPF per a cotxes el\u00e8ctrics i punts de rec\u00e0rrega","datePublished":"2024-04-18T14:40:52+00:00","dateModified":"2025-05-20T13:14:40+00:00","mainEntityOfPage":{"@id":"https:\/\/v2charge.com\/ca\/deduccio-irpf-per-a-cotxes-electrics-i-punts-de-recarrega\/"},"wordCount":1341,"publisher":{"@id":"https:\/\/v2charge.com\/ca\/#organization"},"image":{"@id":"https:\/\/v2charge.com\/ca\/deduccio-irpf-per-a-cotxes-electrics-i-punts-de-recarrega\/#primaryimage"},"thumbnailUrl":"https:\/\/v2charge.com\/wp-content\/uploads\/2024\/04\/desgravacion-irpf-coches-electricos.jpg","inLanguage":"ca"},{"@type":"WebPage","@id":"https:\/\/v2charge.com\/ca\/deduccio-irpf-per-a-cotxes-electrics-i-punts-de-recarrega\/","url":"https:\/\/v2charge.com\/ca\/deduccio-irpf-per-a-cotxes-electrics-i-punts-de-recarrega\/","name":"Deducci\u00f3 IRPF per a Cotxes El\u00e8ctrics i Punts de C\u00e0rrega","isPartOf":{"@id":"https:\/\/v2charge.com\/ca\/#website"},"primaryImageOfPage":{"@id":"https:\/\/v2charge.com\/ca\/deduccio-irpf-per-a-cotxes-electrics-i-punts-de-recarrega\/#primaryimage"},"image":{"@id":"https:\/\/v2charge.com\/ca\/deduccio-irpf-per-a-cotxes-electrics-i-punts-de-recarrega\/#primaryimage"},"thumbnailUrl":"https:\/\/v2charge.com\/wp-content\/uploads\/2024\/04\/desgravacion-irpf-coches-electricos.jpg","datePublished":"2024-04-18T14:40:52+00:00","dateModified":"2025-05-20T13:14:40+00:00","description":"\u2714\ufe0f Com desgravarte l'IRPF per la compra d'un cotxe el\u00e8ctric i un punt de rec\u00e0rrega. Deducci\u00f3 del 15% d'IRPF del teu cotxe el\u00e8ctric i punt de rec\u00e0rrega.","breadcrumb":{"@id":"https:\/\/v2charge.com\/ca\/deduccio-irpf-per-a-cotxes-electrics-i-punts-de-recarrega\/#breadcrumb"},"inLanguage":"ca","potentialAction":[{"@type":"ReadAction","target":["https:\/\/v2charge.com\/ca\/deduccio-irpf-per-a-cotxes-electrics-i-punts-de-recarrega\/"]}]},{"@type":"ImageObject","inLanguage":"ca","@id":"https:\/\/v2charge.com\/ca\/deduccio-irpf-per-a-cotxes-electrics-i-punts-de-recarrega\/#primaryimage","url":"https:\/\/v2charge.com\/wp-content\/uploads\/2024\/04\/desgravacion-irpf-coches-electricos.jpg","contentUrl":"https:\/\/v2charge.com\/wp-content\/uploads\/2024\/04\/desgravacion-irpf-coches-electricos.jpg","width":1200,"height":700},{"@type":"BreadcrumbList","@id":"https:\/\/v2charge.com\/ca\/deduccio-irpf-per-a-cotxes-electrics-i-punts-de-recarrega\/#breadcrumb","itemListElement":[{"@type":"ListItem","position":1,"name":"V2C","item":"https:\/\/v2charge.com\/ca\/"},{"@type":"ListItem","position":2,"name":"Sin categor\u00eda","item":"https:\/\/v2charge.com\/sl\/sin-categoria\/"},{"@type":"ListItem","position":3,"name":"Informaci\u00f3n","item":"https:\/\/v2charge.com\/es\/e-mobility\/informacion\/"},{"@type":"ListItem","position":4,"name":"Deducci\u00f3 IRPF per a cotxes el\u00e8ctrics i punts de rec\u00e0rrega"}]},{"@type":"WebSite","@id":"https:\/\/v2charge.com\/ca\/#website","url":"https:\/\/v2charge.com\/ca\/","name":"V2C","description":"#CargandoElMa\u00f1ana","publisher":{"@id":"https:\/\/v2charge.com\/ca\/#organization"},"potentialAction":[{"@type":"SearchAction","target":{"@type":"EntryPoint","urlTemplate":"https:\/\/v2charge.com\/ca\/?s={search_term_string}"},"query-input":{"@type":"PropertyValueSpecification","valueRequired":true,"valueName":"search_term_string"}}],"inLanguage":"ca"},{"@type":"Organization","@id":"https:\/\/v2charge.com\/ca\/#organization","name":"V2C","url":"https:\/\/v2charge.com\/ca\/","logo":{"@type":"ImageObject","inLanguage":"ca","@id":"https:\/\/v2charge.com\/ca\/#\/schema\/logo\/image\/","url":"https:\/\/v2charge.com\/wp-content\/uploads\/2024\/11\/cropped-v2c-charge-logo-menu.png","contentUrl":"https:\/\/v2charge.com\/wp-content\/uploads\/2024\/11\/cropped-v2c-charge-logo-menu.png","width":984,"height":431,"caption":"V2C"},"image":{"@id":"https:\/\/v2charge.com\/ca\/#\/schema\/logo\/image\/"},"sameAs":["https:\/\/www.facebook.com\/V2C.Charge","https:\/\/x.com\/V2C_Charge","https:\/\/www.instagram.com\/v2c.charge\/","https:\/\/www.youtube.com\/@V2C","https:\/\/www.linkedin.com\/company\/v2c-chargers\/"]},{"@type":"Person","@id":"https:\/\/v2charge.com\/ca\/#\/schema\/person\/d6f210a94a856acdddec347b2127fd0f","name":"V2C","image":{"@type":"ImageObject","inLanguage":"ca","@id":"https:\/\/v2charge.com\/ca\/#\/schema\/person\/image\/","url":"https:\/\/secure.gravatar.com\/avatar\/a91128c4c0d2f4d63bd586301fdec6cc9aa49c885839b25d1c62700f529f267c?s=96&d=mm&r=g","contentUrl":"https:\/\/secure.gravatar.com\/avatar\/a91128c4c0d2f4d63bd586301fdec6cc9aa49c885839b25d1c62700f529f267c?s=96&d=mm&r=g","caption":"V2C"}}]}},"uagb_featured_image_src":{"full":["https:\/\/v2charge.com\/wp-content\/uploads\/2024\/04\/desgravacion-irpf-coches-electricos.jpg",1200,700,false],"thumbnail":["https:\/\/v2charge.com\/wp-content\/uploads\/2024\/04\/desgravacion-irpf-coches-electricos-150x150.jpg",150,150,true],"medium":["https:\/\/v2charge.com\/wp-content\/uploads\/2024\/04\/desgravacion-irpf-coches-electricos-300x175.jpg",300,175,true],"medium_large":["https:\/\/v2charge.com\/wp-content\/uploads\/2024\/04\/desgravacion-irpf-coches-electricos-768x448.jpg",768,448,true],"large":["https:\/\/v2charge.com\/wp-content\/uploads\/2024\/04\/desgravacion-irpf-coches-electricos-1024x597.jpg",1024,597,true],"gs-tiny":["https:\/\/v2charge.com\/wp-content\/uploads\/2024\/04\/desgravacion-irpf-coches-electricos.jpg",50,29,false],"xl":["https:\/\/v2charge.com\/wp-content\/uploads\/2024\/04\/desgravacion-irpf-coches-electricos.jpg",1200,700,false],"xxl":["https:\/\/v2charge.com\/wp-content\/uploads\/2024\/04\/desgravacion-irpf-coches-electricos.jpg",1200,700,false],"xxxl":["https:\/\/v2charge.com\/wp-content\/uploads\/2024\/04\/desgravacion-irpf-coches-electricos.jpg",1200,700,false],"xxxxl":["https:\/\/v2charge.com\/wp-content\/uploads\/2024\/04\/desgravacion-irpf-coches-electricos.jpg",1200,700,false],"xxxxxl":["https:\/\/v2charge.com\/wp-content\/uploads\/2024\/04\/desgravacion-irpf-coches-electricos.jpg",1200,700,false],"1536x1536":["https:\/\/v2charge.com\/wp-content\/uploads\/2024\/04\/desgravacion-irpf-coches-electricos.jpg",1200,700,false],"2048x2048":["https:\/\/v2charge.com\/wp-content\/uploads\/2024\/04\/desgravacion-irpf-coches-electricos.jpg",1200,700,false]},"uagb_author_info":{"display_name":"V2C","author_link":"https:\/\/v2charge.com\/ca\/author\/marketing\/"},"uagb_comment_info":0,"uagb_excerpt":"Si el 2024 has comprat un punt de rec\u00e0rrega o un cotxe el\u00e8ctric, has de presentar la teva declaraci\u00f3 de la renda. La nova desgravaci\u00f3 de l&#8217;IRPF de cotxe el\u00e8ctric i punts de rec\u00e0rrega del Govern d&#8217;Espanya et retorna el 15% del cost. En aquest article et contem com pots deduir l&#8217;IRPF per la compra&hellip;","_links":{"self":[{"href":"https:\/\/v2charge.com\/ca\/wp-json\/wp\/v2\/posts\/310101","targetHints":{"allow":["GET"]}}],"collection":[{"href":"https:\/\/v2charge.com\/ca\/wp-json\/wp\/v2\/posts"}],"about":[{"href":"https:\/\/v2charge.com\/ca\/wp-json\/wp\/v2\/types\/post"}],"author":[{"embeddable":true,"href":"https:\/\/v2charge.com\/ca\/wp-json\/wp\/v2\/users\/400"}],"replies":[{"embeddable":true,"href":"https:\/\/v2charge.com\/ca\/wp-json\/wp\/v2\/comments?post=310101"}],"version-history":[{"count":0,"href":"https:\/\/v2charge.com\/ca\/wp-json\/wp\/v2\/posts\/310101\/revisions"}],"wp:featuredmedia":[{"embeddable":true,"href":"https:\/\/v2charge.com\/ca\/wp-json\/wp\/v2\/media\/148765"}],"wp:attachment":[{"href":"https:\/\/v2charge.com\/ca\/wp-json\/wp\/v2\/media?parent=310101"}],"wp:term":[{"taxonomy":"category","embeddable":true,"href":"https:\/\/v2charge.com\/ca\/wp-json\/wp\/v2\/categories?post=310101"},{"taxonomy":"post_tag","embeddable":true,"href":"https:\/\/v2charge.com\/ca\/wp-json\/wp\/v2\/tags?post=310101"}],"curies":[{"name":"wp","href":"https:\/\/api.w.org\/{rel}","templated":true}]}}