{"id":310138,"date":"2024-05-10T16:39:55","date_gmt":"2024-05-10T14:39:55","guid":{"rendered":""},"modified":"2024-06-17T10:07:26","modified_gmt":"2024-06-17T08:07:26","slug":"plan-cambia-madrid-360-ayuda-cargador-coche-electrico-ca","status":"publish","type":"post","link":"https:\/\/v2charge.com\/ca\/plan-cambia-madrid-360-ayuda-cargador-coche-electrico-ca\/","title":{"rendered":"Noves ajudes per instal\u00b7lar carregador de cotxe el\u00e8ctric i compra de cotxe el\u00e8ctric a Madrid: Pla Canvia 360 Madrid"},"content":{"rendered":"<p>El <strong>Pla Canvia 360 Madrid ha anunciat l&#8217;obertura de la convocat\u00f2ria de subvencions el dijous 9 de maig per a la instal\u00b7laci\u00f3 de punts de rec\u00e0rrega de vehicles el\u00e8ctrics<\/strong>. Aquest any, el cr\u00e8dit assignat es triplica, passant de 750.000 euros el 2023 a 2,25 milions d&#8217;euros. A m\u00e9s,<strong> l&#8217;Ajuntament avan\u00e7ar\u00e0 l&#8217;import de la subvenci\u00f3 als sol\u00b7licitants<\/strong>.<\/p>\n<p>Els requisits per optar a aquestes ajudes i les noves subvencions del Pla Canvia 360 destinades a la instal\u00b7laci\u00f3 de punts de rec\u00e0rrega per a cotxes el\u00e8ctrics a Madrid es detallen a continuaci\u00f3.<\/p>\n<h2>Qu\u00e8 s\u00f3n les ajudes del Pla Canvia 360 Madrid en 2024?<\/h2>\n<p>El Pla Canvia 360 Madrid 2024 ofereix <strong>ajudes per impulsar la mobilitat sostenible i l&#8217;efici\u00e8ncia energ\u00e8tica amb un fons de 20 milions d&#8217;euros<\/strong>. Aquestes subvencions abasten la instal\u00b7laci\u00f3 de punts de rec\u00e0rrega per a cotxes el\u00e8ctrics, l&#8217;adquisici\u00f3 de carregadors, la compra de vehicles el\u00e8ctrics i la renovaci\u00f3 de vehicles particulars, entre altres \u00e0rees com la micromobilitat i la substituci\u00f3 de calderes.<\/p>\n<p>Les convocat\u00f2ries van ser <strong>publicades el 9 d&#8217;abril i s&#8217;espera un suport financer significatiu per a vehicles amb classificaci\u00f3 ambiental CERO, ECO i C.<\/strong> Els beneficis espec\u00edfics inclouen una ajuda de fins a 4.500 euros o 8.500 euros amb achatarrament per a vehicles CERO emissions, 2.500 euros o fins a 5.500 euros amb achatarrament per a vehicles ECO, i 2.500 euros amb la &#8220;destrucci\u00f3 volunt\u00e0ria del vehicle&#8221; per a vehicles C.<\/p>\n<h2><span id=\"Les_noves_ajudes_para_instalar_cargador_de_coche_electrico_en_Madrid\">Les noves ajudes per instal\u00b7lar carregador de cotxe el\u00e8ctric a Madrid<\/span><\/h2>\n<p>El <strong>Pla Canvia 360 Madrid 2024 presenta noves ajudes per a la instal\u00b7laci\u00f3 de carregadors de cotxes el\u00e8ctrics a la ciutat a partir del 9 de maig<\/strong>, com a part de la seva estrat\u00e8gia per fomentar la mobilitat sostenible. Aquestes subvencions, dirigides a la infraestructura de rec\u00e0rrega el\u00e8ctrica, estaran disponibles per sol\u00b7licitud des del 9 de maig fins al 8 de juliol.<\/p>\n<p>Amb l&#8217;<strong>objectiu de promoure encara m\u00e9s l&#8217;adopci\u00f3 de vehicles el\u00e8ctrics<\/strong>, l&#8217;\u00c0rea d&#8217;Urbanisme, Medi Ambient i Mobilitat <strong>ha augmentat significativament el fons assignat per a la implementaci\u00f3 d&#8217;aquestes infraestructures el 2024<\/strong>, passant de 750.000 euros el 2023 a una xifra destacada de 2,25 milions d&#8217;euros.<\/p>\n<h3>Fins al 75% de descompte per a residents privats i 90% de descompte per a garatges comunitaris<\/h3>\n<p><strong>La convocat\u00f2ria se centra en la instal\u00b7laci\u00f3 de punts de rec\u00e0rrega en aparcaments d&#8217;\u00fas residencial privats i en garatges comunitaris.<\/strong> Es destinen 500.000 euros per als primers i 750.000 euros per als segons. Els sol\u00b7licitants podran rebre fins al <strong>75 % del cost subvencionable<\/strong>, amb un m\u00e0xim d&#8217;ajuda de <strong>75.000 euros per als aparcaments residencials privats<\/strong>, i <strong>fins al 90 % del cost subvencionable, amb un m\u00e0xim d&#8217;ajuda de 250.000 euros per als garatges comunitaris<\/strong>.<\/p>\n<p>Com a mesura addicional per facilitar la implementaci\u00f3 d&#8217;aquestes infraestructures, l&#8217;Ajuntament de Madrid avan\u00e7ar\u00e0 per primera vegada els diners de la subvenci\u00f3, en conson\u00e0ncia amb el seu comprom\u00eds amb el Pla Canvia 360 i la seva visi\u00f3 de promoure una mobilitat m\u00e9s sostenible a la ciutat.<\/p>\n<p><a href=\"https:\/\/v2charge.com\/ca\/trydan-carregador-electric\/\"><img decoding=\"async\" class=\"alignnone size-full wp-image-151492\" src=\"https:\/\/v2charge.com\/wp-content\/uploads\/2024\/05\/descubre-trydan-cargador-coche-electrico.jpg\" alt=\"\" width=\"818\" height=\"248\" srcset=\"https:\/\/v2charge.com\/wp-content\/uploads\/2024\/05\/descubre-trydan-cargador-coche-electrico.jpg 818w, https:\/\/v2charge.com\/wp-content\/uploads\/2024\/05\/descubre-trydan-cargador-coche-electrico-300x91.jpg 300w, https:\/\/v2charge.com\/wp-content\/uploads\/2024\/05\/descubre-trydan-cargador-coche-electrico-768x233.jpg 768w\" sizes=\"(max-width: 818px) 100vw, 818px\" \/><\/a><\/p>\n<h2><span id=\"Quien_puede_solicitar_la_ayuda_del_Plan_Cambia_360_para_instalar_cargadores_de_coche_electrico_en_Madrid\">Qui pot sol\u00b7licitar l&#8217;ajuda del Pla Canvia 360 per instal\u00b7lar carregadors de cotxe el\u00e8ctric a Madrid?<\/span><\/h2>\n<p><strong>La convocat\u00f2ria de subvencions se centra en la instal\u00b7laci\u00f3 d&#8217;infraestructura de rec\u00e0rrega per a vehicles el\u00e8ctrics i est\u00e0 dirigida principalment a dues \u00e0rees.<\/strong><\/p>\n<h3>Aparcaments per a residents (PAR)<\/h3>\n<p>Inclou concessionaris d&#8217;aparcaments p\u00fablics de titularitat municipal destinats a l&#8217;\u00fas residencial (PAR) i comunitats d&#8217;usuaris o cessi\u00f3 d&#8217;aparcaments p\u00fablics de titularitat municipal per a \u00fas residencial (PAR) que no exerceixin activitat econ\u00f2mica.<\/p>\n<h3>Aparcaments d&#8217;\u00fas residencial privat<\/h3>\n<p>Compr\u00e8n comunitats de propietaris, regides per la Llei 49\/1960, de 21 de juliol, sobre propietat horitzontal, en edificis de m\u00e9s de dues vivendes, que han de complir amb el que s&#8217;estableix en la LGS, en particular amb el que s&#8217;estableix en el seu article 11.3. A m\u00e9s, abasta titulars d&#8217;aparcaments o estacionaments col\u00b7lectius en edificis existents de r\u00e8gim de propietat horitzontal, o comunitats de b\u00e9ns.<\/p>\n<h2><span id=\"Cual_es_el_plazo_de_solicitud_de_la_ayuda_360_para_instalar_cargadores_de_coche_electrico_en_Madrid\">Quin \u00e9s el termini de sol\u00b7licitud de l&#8217;ajuda 360 per instal\u00b7lar carregadors de cotxe el\u00e8ctric a Madrid?<\/span><\/h2>\n<p><strong>El termini per sol\u00b7licitar l&#8217;ajuda 360 destinada a la instal\u00b7laci\u00f3 de carregadors de cotxe el\u00e8ctric a Madrid \u00e9s del 9 de maig al 9 de juliol de 2024.<\/strong><\/p>\n<h2><span id=\"Como_solicitar_la_ayuda_360_para_instalar_un_cargador_de_coche_electrico\">Com sol\u00b7licitar l&#8217;ajuda 360 per instal\u00b7lar un carregador de cotxe el\u00e8ctric?<\/span><\/h2>\n<p><img decoding=\"async\" class=\"wp-image-153351 aligncenter\" src=\"https:\/\/v2charge.com\/wp-content\/uploads\/2024\/05\/madrid-360-tramitar-en-linea.jpg\" alt=\"Pla Canvia Madrid 360 Tramitar en l\u00ednia\" width=\"781\" height=\"680\" srcset=\"https:\/\/v2charge.com\/wp-content\/uploads\/2024\/05\/madrid-360-tramitar-en-linea.jpg 594w, https:\/\/v2charge.com\/wp-content\/uploads\/2024\/05\/madrid-360-tramitar-en-linea-300x261.jpg 300w\" sizes=\"(max-width: 781px) 100vw, 781px\" \/><\/p>\n<p>Per sol\u00b7licitar l&#8217;ajuda 360 per instal\u00b7lar un carregador de cotxe el\u00e8ctric, pots <strong>realitzar la sol\u00b7licitud en l\u00ednia a trav\u00e9s de l&#8217;enlla\u00e7 &#8220;Registre Electr\u00f2nic&#8221; disponible a la secci\u00f3 &#8220;Tramitar en l\u00ednia&#8221;<\/strong> dins del marc del Pla Canvia 360 Madrid 2024.<\/p>\n<p><img decoding=\"async\" class=\"wp-image-153361 aligncenter\" src=\"https:\/\/v2charge.com\/wp-content\/uploads\/2024\/05\/madrid-360-como-solicitar.jpg\" alt=\"Pla Madrid Canvia 360 Iniciar Tr\u00e0mit\" width=\"914\" height=\"567\" srcset=\"https:\/\/v2charge.com\/wp-content\/uploads\/2024\/05\/madrid-360-como-solicitar.jpg 719w, https:\/\/v2charge.com\/wp-content\/uploads\/2024\/05\/madrid-360-como-solicitar-300x186.jpg 300w\" sizes=\"(max-width: 914px) 100vw, 914px\" \/><\/p>\n<h2><span id=\"Requisitos_para_instalar_un_cargador_de_coche_electrico_con_las_ayudas_360_del_Plan_Cambia_360\">Requisits per instal\u00b7lar un carregador de cotxe el\u00e8ctric amb les ajudes 360 del Pla Canvia 360<\/span><\/h2>\n<p>Requisits per instal\u00b7lar un carregador de cotxe el\u00e8ctric amb les ajudes 360 del Pla Canvia 360<br \/>\nPer optar a les ajudes 360 contemplades en el Pla Canvia 360, <strong>els sol\u00b7licitants han de complir amb una s\u00e8rie de requisits espec\u00edfics i presentar la documentaci\u00f3 requerida<\/strong> segons el que s&#8217;estableix en la convocat\u00f2ria.<\/p>\n<p>Les accions subvencionables inclouen la<strong> execuci\u00f3 de preinstal\u00b7lacions i instal\u00b7lacions el\u00e8ctriques per a la rec\u00e0rrega de bateries de vehicles el\u00e8ctrics, aix\u00ed com l&#8217;adquisici\u00f3 i instal\u00b7laci\u00f3 de punts de rec\u00e0rrega de bateries<\/strong>. Aquestes instal\u00b7lacions han de complir amb l&#8217;esquema de rec\u00e0rrega 1.a o 1.b descrits en la instrucci\u00f3 t\u00e8cnica complement\u00e0ria <a href=\"https:\/\/v2charge.com\/ca\/guia-tecnica-d-aplicacio-de-la-itc-bt-52\/\">ITC BT-52 del Reglament Electrot\u00e8cnic de Baixa Tensi\u00f3<\/a>, i han de comptar amb un circuit de rec\u00e0rrega col\u00b7lectiu.<\/p>\n<ul>\n<li>La <strong>infraestructura de rec\u00e0rrega ha d&#8217;estar destinada a aparcaments per a residents (PAR)<\/strong> o a <strong>aparcaments d&#8217;\u00fas residencial privat<\/strong>, i ha d&#8217;estar <strong>ubicada al municipi de Madrid<\/strong>. A m\u00e9s, la contractaci\u00f3 de les prestacions per a l&#8217;execuci\u00f3 de <strong>la<\/strong> <strong>instal\u00b7laci\u00f3 ha de realitzar-se despr\u00e9s de l&#8217;1 de gener de 2023<\/strong>. Si t&#8217;interessa saber <strong><a href=\"https:\/\/v2charge.com\/ca\/cuanto-cuesta-cargar-coche-electrico-ca\/\">quant costa carregar un cotxe el\u00e8ctric<\/a><\/strong> t&#8217;ho resumim a la nostra guia.<\/li>\n<li>Entre els <strong>costos subvencionables<\/strong> s&#8217;inclouen el projecte, l&#8217;obra civil, els costos d&#8217;enginyeria i direcci\u00f3 d&#8217;obra, l&#8217;estaci\u00f3 o estacions de rec\u00e0rrega de tipus SAVE, el sistema de pagament integrat, la senyalitzaci\u00f3 de les estacions de rec\u00e0rrega, el sistema de gesti\u00f3, control i seguretat, i les despeses de gesti\u00f3 administrativa i documental, entre d&#8217;altres.<\/li>\n<li>\u00c9s important destacar que <strong>el beneficiari ha de destinar la instal\u00b7laci\u00f3 de rec\u00e0rrega a la rec\u00e0rrega de bateries de vehicles el\u00e8ctrics durant un m\u00ednim de dos anys des de la seva posada en servei<\/strong>, i podria requerir-se el reintegrament de la subvenci\u00f3 en cas d&#8217;incompliment d&#8217;aquesta obligaci\u00f3.<\/li>\n<\/ul>\n<p>En l&#8217;\u00e0mbit 1, <strong>les instal\u00b7lacions o preinstal\u00b7lacions han de dissenyar-se de manera que permetin alimentar almenys el 10 % de les places de l&#8217;aparcament<\/strong>, amb <strong>un m\u00ednim de 2 punts de rec\u00e0rrega de tipus SAVE<\/strong> (sistema d&#8217;alimentaci\u00f3 espec\u00edfic de vehicle el\u00e8ctric). En l&#8217;\u00e0mbit 2, s&#8217;apliquen requisits similars, amb la mateixa proporci\u00f3 de places de l&#8217;aparcament i punts de rec\u00e0rrega m\u00ednims.<\/p>\n<p><a href=\"https:\/\/v2charge.com\/ca\/trydan-carregador-electric\/\"><img decoding=\"async\" class=\"alignnone size-full wp-image-151482\" src=\"https:\/\/v2charge.com\/wp-content\/uploads\/2024\/05\/descubre-trydan-cargador-coches-inteligente.jpg\" alt=\"\" width=\"818\" height=\"248\" srcset=\"https:\/\/v2charge.com\/wp-content\/uploads\/2024\/05\/descubre-trydan-cargador-coches-inteligente.jpg 818w, https:\/\/v2charge.com\/wp-content\/uploads\/2024\/05\/descubre-trydan-cargador-coches-inteligente-300x91.jpg 300w, https:\/\/v2charge.com\/wp-content\/uploads\/2024\/05\/descubre-trydan-cargador-coches-inteligente-768x233.jpg 768w\" sizes=\"(max-width: 818px) 100vw, 818px\" \/><\/a><\/p>\n<h2><span id=\"Documentacion_necesaria_para_la_solicitud_de_las_ayudas_para_instalar_cargador_de_coche_electrico_en_Madrid\">Documentaci\u00f3 necess\u00e0ria per a la sol\u00b7licitud de les ajudes per instal\u00b7lar carregador de cotxe el\u00e8ctric a Madrid<\/span><\/h2>\n<p>Per sol\u00b7licitar les ajudes dins del marc del Pla Canvia 360 Madrid 2024, es requereix la presentaci\u00f3 de la seg\u00fcent documentaci\u00f3 juntament amb el formulari de sol\u00b7licitud d&#8217;incentiu:<\/p>\n<ol>\n<li><strong>Documentaci\u00f3 acreditativa de les facultats de representaci\u00f3<\/strong>: En el cas de Comunitats de Propietaris, s&#8217;ha d&#8217;adjuntar l&#8217;acta de la Comunitat de Propietaris que indiqui la condici\u00f3 de President\/Administrador.<\/li>\n<li><strong>Declaraci\u00f3 responsable del sol\u00b7licitant de l&#8217;\u00e0rea 1 (PAR)<\/strong>: S&#8217;ha de presentar una declaraci\u00f3 responsable on es confirmi la capacitat del sol\u00b7licitant per dur a terme la instal\u00b7laci\u00f3 a l&#8217;aparcament municipal, incloent la identificaci\u00f3 del mateix i el seu codi PAR.<\/li>\n<li><strong>Mem\u00f2ria T\u00e8cnica o projecte de la instal\u00b7laci\u00f3<\/strong>: Es requereix una mem\u00f2ria t\u00e8cnica o projecte de la instal\u00b7laci\u00f3, signat per un t\u00e8cnic titulat competent conforme al reglament electrot\u00e8cnic de baixa tensi\u00f3. Aquesta ha d&#8217;incloure la ubicaci\u00f3 dels sistemes de rec\u00e0rrega i la seva refer\u00e8ncia en un pl\u00e0nol. La mem\u00f2ria t\u00e8cnica ha de ser elaborada per una empresa instal\u00b7ladora habilitada a nivell nacional, registrada en el Registre Integrat Industrial dins de la categoria corresponent.<\/li>\n<li><strong>Inversi\u00f3 prevista, cost subvencionable i ajuda sol\u00b7licitada<\/strong>: S&#8217;ha de presentar el pressupost detallat de les actuacions incentivables, acceptat pel sol\u00b7licitant. En cas que la despesa subvencionable superi els l\u00edmits establerts per al contracte menor, s&#8217;han d&#8217;adjuntar almenys tres ofertes de diferents prove\u00efdors sol\u00b7licitades pr\u00e8viament a la contractaci\u00f3 de l&#8217;actuaci\u00f3 subvencionable. En cas de no triar l&#8217;oferta m\u00e9s econ\u00f2mica, s&#8217;ha de proporcionar una justificaci\u00f3 detallada d&#8217;aquesta elecci\u00f3.<\/li>\n<\/ol>\n<p>Aquesta documentaci\u00f3 \u00e9s fonamental per al proc\u00e9s de sol\u00b7licitud de les ajudes <strong>destinades a la instal\u00b7laci\u00f3 de carregadors de cotxe el\u00e8ctric en el marc del Pla Canvia 360 Madrid 2024<\/strong>.<\/p>\n<h2><span id=\"Que_requisitos_hay_que_cumplir_para_obtener_las_ayudas_del_Plan_Cambia_360_Madrid\">Quins requisits cal complir per obtenir les ajudes del Pla Canvia 360 Madrid?<\/span><\/h2>\n<p>Abans de procedir amb la sol\u00b7licitud de les ajudes 360, \u00e9s crucial tenir en compte els requisits m\u00ednims necessaris del comprador del cotxe el\u00e8ctric a Madrid:<\/p>\n<ol>\n<li><strong>Ser major d&#8217;edat i residir al municipi de Madrid<\/strong> <strong>en el moment de la publicaci\u00f3 de la convocat\u00f2ria.<\/strong><\/li>\n<li>Estar al <strong>corrent en el pagament de l&#8217;impost sobre vehicles de tracci\u00f3 mec\u00e0nica<\/strong> al municipi de Madrid o haver obtingut l&#8217;exempci\u00f3 de pagament despr\u00e9s de l&#8217;adquisici\u00f3 dels vehicles.<\/li>\n<li><strong>Destinar el vehicle adquirit a l&#8217;\u00fas particular del beneficiari durant un per\u00edode d&#8217;almenys dos anys.<\/strong><\/li>\n<\/ol>\n<p>Requisits i beneficis pels diferents tipus de vehicles el\u00e8ctrics per accedir a l&#8217;ajuda 360:<\/p>\n<ul>\n<li><strong>Per a vehicles el\u00e8ctrics amb etiqueta ECO<\/strong>, com h\u00edbrids, <strong>se&#8217;ls atorgar\u00e0 una ajuda de 2.500\u20ac<\/strong>, a la qual es pot<strong> afegir una suma addicional de 3.000\u20ac si es retira un vehicle<\/strong> amb categoria de qualificaci\u00f3 ambiental A.<\/li>\n<li><strong>En el cas de vehicles el\u00e8ctrics amb etiqueta CERO, s&#8217;obtindr\u00e0 una ajuda de 4.500\u20ac<\/strong>, a la qual es pot sumar altres 4.000\u20ac si es retira un vehicle amb categoria de qualificaci\u00f3 ambiental A.<\/li>\n<\/ul>\n<p>Aquestes <strong>ajudes s&#8217;incrementaran en un 10% en cas de persones amb discapacitat amb mobilitat redu\u00efda que adquireixin un vehicle adaptat<\/strong> o quan la unitat familiar tingui el <strong>t\u00edtol de fam\u00edlia nombrosa<\/strong>. Si ambdues condicions es compleixen, l&#8217;increment ser\u00e0 del 20%.<\/p>\n<p>El vehicle retirat ha de ser de categoria M1, estar al dia en el pagament de l&#8217;Impost de Vehicles de Tracci\u00f3 Mec\u00e0nica a l&#8217;Ajuntament de Madrid, tenir una ITV vigent i ser propietat del beneficiari, qui ha de ser titular de manera ininterrompuda des d&#8217;almenys l&#8217;1 de gener de 2022.<\/p>\n<h3><span id=\"El_Plan_Cambia_360_es_compatible_con_el_Plan_Moves_III_Y_con_otras_ayudas\">El Pla Canvia 360 \u00e9s compatible amb el Pla Moves III? I amb altres ajudes?<\/span><\/h3>\n<p>En principi, <strong>el Pla Canvia 360 no \u00e9s compatible amb el Pla Moves<\/strong>. No obstant aix\u00f2, encara pots accedir a altres ajudes, com la reducci\u00f3 de l&#8217;IRPF en la declaraci\u00f3 de la renda per la compra i instal\u00b7laci\u00f3 d&#8217;un punt de rec\u00e0rrega. <strong>Aquesta mesura, per altra banda, et permet afegir una <a href=\"https:\/\/v2charge.com\/ca\/deduccio-irpf-per-a-cotxes-electrics-i-punts-de-recarrega\/\">deducci\u00f3 de l&#8217;IRPF<\/a> i obtenir un reemborsament de fins a 3.000 euros dels gastos realitzats en la compra.<\/strong><\/p>\n<h3>Qui ha de sol\u00b7licitar el Pla Canvia 360 Madrid?<\/h3>\n<ul>\n<li><strong>Per a la compra d&#8217;un cotxe el\u00e8ctric:<\/strong> Has de dirigir-te a un punt de venda adherit al programa d&#8217;ajudes 360 si desitges comprar un cotxe el\u00e8ctric a la comunitat de Madrid.<\/li>\n<li><strong>Per a la instal\u00b7laci\u00f3 d&#8217;un punt de rec\u00e0rrega a Madrid:<\/strong> Ha de ser el propietari del punt de rec\u00e0rrega qui sol\u00b7liciti l&#8217;ajuda a trav\u00e9s de la plataforma, com ja hem explicat pr\u00e8viament.<\/li>\n<\/ul>\n<h2><span id=\"El_Plan_Cambia_360_agotado_De_que_fondos_dispone_el_Plan_Cambia_360_Madrid\">El Pla Canvia 360 esgotat? De quins fons disposa el Pla Canvia 360 Madrid?<\/span><\/h2>\n<p>El Pla Canvia 360 Madrid compta amb fons destinats a promoure el reempla\u00e7ament de vehicles contaminants per opcions m\u00e9s eficients en energia. No obstant aix\u00f2, <strong>les ajudes per a la compra de vehicles amb etiqueta ECO s&#8217;han esgotat en les primeres hores del seu llan\u00e7ament<\/strong>. Si has adquirit un punt de rec\u00e0rrega i est\u00e0s interessat en les ajudes per a la instal\u00b7laci\u00f3 de carregadors de cotxes el\u00e8ctrics, estaran disponibles a partir del 9 de maig. <strong>\u00c9s recomanable que sol\u00b7licitis la teva ajuda el m\u00e9s aviat possible, ja que els fons podrien esgotar-se r\u00e0pidament tamb\u00e9<\/strong>. No oblidis sol\u00b7licitar el teu pressupost amb nosaltres i t&#8217;ajudarem en tot el proc\u00e9s.<\/p>\n<h2><span id=\"Otras_ayudas_del_Plan_Cambia_360_Madrid\">Altres ajudes del Pla Canvia 360 Madrid<\/span><\/h2>\n<p>El Pla Canvia 360 de Madrid ofereix una varietat d&#8217;ajudes per a la renovaci\u00f3 de vehicles i l&#8217;adquisici\u00f3 de sistemes de climatitzaci\u00f3 eficients. Una de les convocat\u00f2ries m\u00e9s destacades est\u00e0 dirigida a la renovaci\u00f3 de turismes d&#8217;\u00fas particular, amb un pressupost de 14 milions d&#8217;euros disponible fins al 7 de juny. <strong>En aquesta edici\u00f3, s&#8217;impulsa l&#8217;achatarrament<\/strong>, oferint fins a 8.500 euros per la compra d&#8217;un vehicle CERO emissions, 5.500 euros per un ECO i 2.500 euros per un C. A m\u00e9s, <strong>es fa un increment de la subvenci\u00f3 d&#8217;un 10% per a beneficiaris de fam\u00edlia nombrosa i persones amb discapacitat<\/strong>. Tamb\u00e9 s&#8217;han assignat 700.000 euros per a ajudes destinades a vehicles de mercaderies, amb increments de fins a 3.000 euros addicionals en l&#8217;achatarrament de vehicles antics.<\/p>\n<p><strong>Per al sector del taxi, s&#8217;han destinat 1.3 milions d&#8217;euros, amb incentius de fins a 20.000 euros per a l&#8217;adquisici\u00f3 de euro-taxis CERO nous i ECO, i 5.000 euros per auto-taxis nous CERO emissions.<\/strong><\/p>\n<p>A m\u00e9s, s&#8217;han reservat 150.000 euros per a ajudes destinades a vehicles de micromobilitat, com bicicletes i motocicletes el\u00e8ctriques. <strong>Les subvencions cobriran fins al 50% del cost del vehicle<\/strong>, amb un m\u00e0xim de <strong>600 euros per a bicicletes el\u00e8ctriques<\/strong>, <strong>700 euros<\/strong> per a <strong>ciclomotors el\u00e8ctrics<\/strong>, <strong>1.000 euros per a motocicletes el\u00e8ctriques<\/strong> i <strong>2.000 euros per a quads el\u00e8ctrics pesats<\/strong>.<\/p>\n<h2><span id=\"Los_coches_mas_recomendables_para_el_Plan_Cambia_360_Madrid_vehiculos_CERO_ECO_y_C_para_particulares\">Els cotxes m\u00e9s recomanables per al Pla Canvia 360 Madrid: vehicles CERO, ECO i C per a particulars<\/span><\/h2>\n<p><strong>Aqu\u00ed tens una llista de vehicles m\u00e9s recomanats per sol\u00b7licitar amb les ajudes del Pla Canvia 360 Madrid, classificats segons les etiquetes CERO, ECO i C.<\/strong><\/p>\n<h3>Cotxe d&#8217;Etiqueta CERO per a les ajudes 360<\/h3>\n<p><strong>Citro\u00ebn \u00eb-C4<\/strong>: Aquest autom\u00f2bil compacte totalment el\u00e8ctric destaca pel seu disseny avantguardista i el seu avan\u00e7at sistema de propulsi\u00f3 el\u00e8ctrica. Ofereix un ampli espai interior, un alt nivell de confort i una conducci\u00f3 suau i silenciosa. \u00c9s una opci\u00f3 ideal per a qui busca un vehicle ecol\u00f2gic i modern. Pots obtenir una ajuda de fins a 8.500 euros per a la seva adquisici\u00f3.<\/p>\n<h3>Cotxe Etiqueta ECO per a les ajudes 360<\/h3>\n<p><strong>Kia Sportage<\/strong>: Es tracta d&#8217;un SUV compacte que destaca pel seu disseny modern i esportiu, aix\u00ed com pel seu ampli espai interior i la seva bona relaci\u00f3 qualitat-preu. Ofereix un rendiment eficient i una conducci\u00f3 c\u00f2moda, sent una opci\u00f3 vers\u00e0til per a diferents tipus d&#8217;usuaris. Pots rebre una ajuda de fins a 8.500 euros en comprar aquest model.<\/p>\n<h3>Cotxes d&#8217;Etiqueta C per a les ajudes 360<\/h3>\n<p><strong>Dacia Sandero<\/strong>: Aquest autom\u00f2bil compacte ofereix una excel\u00b7lent relaci\u00f3 qualitat-preu. Amb un disseny senzill per\u00f2 funcional i un interior espai\u00f3s i c\u00f2mode, \u00e9s ideal per a aquells que busquen un vehicle econ\u00f2mic i pr\u00e0ctic per al dia a dia. Pots obtenir una ajuda de fins a 5.500 euros per a la seva adquisici\u00f3.<br \/>\n<strong>Toyota Yaris Cross<\/strong>: Un SUV compacte que combina l&#8217;efici\u00e8ncia d&#8217;un vehicle h\u00edbrid amb la versatilitat d&#8217;un crossover. Ofereix un disseny atractiu i modern, un interior ben equipat i una conducci\u00f3 suau i silenciosa. \u00c9s una excel\u00b7lent opci\u00f3 per a qui busca un vehicle amb baix consum de combustible i tecnologia avan\u00e7ada, amb una ajuda de fins a 5.500 euros disponibles.<\/p>\n<p><strong>El Pla Canvia 360 Madrid 2024 est\u00e0 liderant una transformaci\u00f3 integral en la mobilitat urbana cap a la sostenibilitat.<\/strong> Amb una \u00e0mplia gamma d&#8217;ajudes disponibles, des de subvencions per a punts de rec\u00e0rrega fins a incentius per a la compra de vehicles el\u00e8ctrics, <strong>la Comunitat de Madrid es compromet amb un futur m\u00e9s net i eficient<\/strong>.<\/p>\n<p>No esperis m\u00e9s, <strong>uneix-te al moviment cap a una Madrid m\u00e9s verda i sol\u00b7licita la teva ajuda per instal\u00b7lar un carregador de cotxe el\u00e8ctric a Madrid avui mateix<\/strong>. Aprofeita aquesta oportunitat per ser part del canvi i contribuir a fer de Madrid un lloc millor per a tots. <strong>En V2C comptem amb la major xarxa de <a href=\"https:\/\/v2charge.com\/ca\/troba-instalador\/\">instal\u00b7ladors de carregadors de cotxe d&#8217;Espanya<\/a>, troba el teu avui mateix.<\/strong><\/p>\n<p><a href=\"https:\/\/v2charge.com\/ca\/trydan-carregador-electric\/\"><img decoding=\"async\" class=\"alignnone size-full wp-image-151502\" src=\"https:\/\/v2charge.com\/wp-content\/uploads\/2024\/05\/descubre-trydan-cargador-coches-electricos.jpg\" alt=\"\" width=\"818\" height=\"248\" srcset=\"https:\/\/v2charge.com\/wp-content\/uploads\/2024\/05\/descubre-trydan-cargador-coches-electricos.jpg 818w, https:\/\/v2charge.com\/wp-content\/uploads\/2024\/05\/descubre-trydan-cargador-coches-electricos-300x91.jpg 300w, https:\/\/v2charge.com\/wp-content\/uploads\/2024\/05\/descubre-trydan-cargador-coches-electricos-768x233.jpg 768w\" sizes=\"(max-width: 818px) 100vw, 818px\" \/><\/a><\/p>\n","protected":false},"excerpt":{"rendered":"<p>El Pla Canvia 360 Madrid ha anunciat l&#8217;obertura de la convocat\u00f2ria de subvencions el dijous 9 de maig per a la instal\u00b7laci\u00f3 de punts de rec\u00e0rrega de vehicles el\u00e8ctrics. Aquest any, el cr\u00e8dit assignat es triplica, passant de 750.000 euros el 2023 a 2,25 milions d&#8217;euros. A m\u00e9s, l&#8217;Ajuntament avan\u00e7ar\u00e0 l&#8217;import de la subvenci\u00f3 als &#8230; <a title=\"Noves ajudes per instal\u00b7lar carregador de cotxe el\u00e8ctric i compra de cotxe el\u00e8ctric a Madrid: Pla Canvia 360 Madrid\" class=\"read-more\" href=\"https:\/\/v2charge.com\/ca\/plan-cambia-madrid-360-ayuda-cargador-coche-electrico-ca\/\" aria-label=\"M\u00e9s informaci\u00f3 sobre Noves ajudes per instal\u00b7lar carregador de cotxe el\u00e8ctric i compra de cotxe el\u00e8ctric a Madrid: Pla Canvia 360 Madrid\">Llegiu m\u00e9s<\/a><\/p>\n","protected":false},"author":400,"featured_media":153335,"comment_status":"closed","ping_status":"closed","sticky":false,"template":"","format":"standard","meta":{"_eb_attr":"","content-type":"","_uag_custom_page_level_css":"","footnotes":""},"categories":[],"tags":[],"class_list":["post-310138","post","type-post","status-publish","format-standard","has-post-thumbnail","hentry"],"yoast_head":"<!-- This site is optimized with the Yoast SEO plugin v25.3.1 - https:\/\/yoast.com\/wordpress\/plugins\/seo\/ -->\n<title>Nova Ajuda Carregador Cotxe El\u00e8ctric: Pla Canvia 360 Madrid<\/title>\n<meta name=\"description\" content=\"Descobreix la nova ajuda 360 per Instal\u00b7lar Cargador Cotxe El\u00e8ctric a Madrid i Comprar Cotxes El\u00e8ctrics amb el Pla Canvia 360 Madrid.\" \/>\n<meta name=\"robots\" content=\"index, follow, max-snippet:-1, max-image-preview:large, max-video-preview:-1\" \/>\n<link rel=\"canonical\" href=\"https:\/\/v2charge.com\/ca\/plan-cambia-madrid-360-ayuda-cargador-coche-electrico-ca\/\" \/>\n<meta property=\"og:locale\" content=\"ca_ES\" \/>\n<meta property=\"og:type\" content=\"article\" \/>\n<meta property=\"og:title\" content=\"Nova Ajuda Carregador Cotxe El\u00e8ctric: Pla Canvia 360 Madrid\" \/>\n<meta property=\"og:description\" content=\"Descobreix la nova ajuda 360 per Instal\u00b7lar Cargador Cotxe El\u00e8ctric a Madrid i Comprar Cotxes El\u00e8ctrics amb el Pla Canvia 360 Madrid.\" \/>\n<meta property=\"og:url\" content=\"https:\/\/v2charge.com\/ca\/plan-cambia-madrid-360-ayuda-cargador-coche-electrico-ca\/\" \/>\n<meta property=\"og:site_name\" content=\"V2C\" \/>\n<meta property=\"article:publisher\" content=\"https:\/\/www.facebook.com\/V2C.Charge\" \/>\n<meta property=\"article:published_time\" content=\"2024-05-10T14:39:55+00:00\" \/>\n<meta property=\"article:modified_time\" content=\"2024-06-17T08:07:26+00:00\" \/>\n<meta property=\"og:image\" content=\"https:\/\/v2charge.com\/wp-content\/uploads\/2024\/05\/plan-cambia-360-madrid.jpg\" \/>\n\t<meta property=\"og:image:width\" content=\"960\" \/>\n\t<meta property=\"og:image:height\" content=\"560\" \/>\n\t<meta property=\"og:image:type\" content=\"image\/jpeg\" \/>\n<meta name=\"author\" content=\"V2C\" \/>\n<meta name=\"twitter:card\" content=\"summary_large_image\" \/>\n<meta name=\"twitter:creator\" content=\"@V2C_Charge\" \/>\n<meta name=\"twitter:site\" content=\"@V2C_Charge\" \/>\n<meta name=\"twitter:label1\" content=\"Escrit per\" \/>\n\t<meta name=\"twitter:data1\" content=\"V2C\" \/>\n\t<meta name=\"twitter:label2\" content=\"Temps estimat de lectura\" \/>\n\t<meta name=\"twitter:data2\" content=\"13 minuts\" \/>\n<script type=\"application\/ld+json\" class=\"yoast-schema-graph\">{\"@context\":\"https:\/\/schema.org\",\"@graph\":[{\"@type\":\"Article\",\"@id\":\"https:\/\/v2charge.com\/ca\/plan-cambia-madrid-360-ayuda-cargador-coche-electrico-ca\/#article\",\"isPartOf\":{\"@id\":\"https:\/\/v2charge.com\/ca\/plan-cambia-madrid-360-ayuda-cargador-coche-electrico-ca\/\"},\"author\":{\"name\":\"V2C\",\"@id\":\"https:\/\/v2charge.com\/ca\/#\/schema\/person\/d6f210a94a856acdddec347b2127fd0f\"},\"headline\":\"Noves ajudes per instal\u00b7lar carregador de cotxe el\u00e8ctric i compra de cotxe el\u00e8ctric a Madrid: Pla Canvia 360 Madrid\",\"datePublished\":\"2024-05-10T14:39:55+00:00\",\"dateModified\":\"2024-06-17T08:07:26+00:00\",\"mainEntityOfPage\":{\"@id\":\"https:\/\/v2charge.com\/ca\/plan-cambia-madrid-360-ayuda-cargador-coche-electrico-ca\/\"},\"wordCount\":2826,\"publisher\":{\"@id\":\"https:\/\/v2charge.com\/ca\/#organization\"},\"image\":{\"@id\":\"https:\/\/v2charge.com\/ca\/plan-cambia-madrid-360-ayuda-cargador-coche-electrico-ca\/#primaryimage\"},\"thumbnailUrl\":\"https:\/\/v2charge.com\/wp-content\/uploads\/2024\/05\/plan-cambia-360-madrid.jpg\",\"inLanguage\":\"ca\"},{\"@type\":\"WebPage\",\"@id\":\"https:\/\/v2charge.com\/ca\/plan-cambia-madrid-360-ayuda-cargador-coche-electrico-ca\/\",\"url\":\"https:\/\/v2charge.com\/ca\/plan-cambia-madrid-360-ayuda-cargador-coche-electrico-ca\/\",\"name\":\"Nova Ajuda Carregador Cotxe El\u00e8ctric: Pla Canvia 360 Madrid\",\"isPartOf\":{\"@id\":\"https:\/\/v2charge.com\/ca\/#website\"},\"primaryImageOfPage\":{\"@id\":\"https:\/\/v2charge.com\/ca\/plan-cambia-madrid-360-ayuda-cargador-coche-electrico-ca\/#primaryimage\"},\"image\":{\"@id\":\"https:\/\/v2charge.com\/ca\/plan-cambia-madrid-360-ayuda-cargador-coche-electrico-ca\/#primaryimage\"},\"thumbnailUrl\":\"https:\/\/v2charge.com\/wp-content\/uploads\/2024\/05\/plan-cambia-360-madrid.jpg\",\"datePublished\":\"2024-05-10T14:39:55+00:00\",\"dateModified\":\"2024-06-17T08:07:26+00:00\",\"description\":\"Descobreix la nova ajuda 360 per Instal\u00b7lar Cargador Cotxe El\u00e8ctric a Madrid i Comprar Cotxes El\u00e8ctrics amb el Pla Canvia 360 Madrid.\",\"breadcrumb\":{\"@id\":\"https:\/\/v2charge.com\/ca\/plan-cambia-madrid-360-ayuda-cargador-coche-electrico-ca\/#breadcrumb\"},\"inLanguage\":\"ca\",\"potentialAction\":[{\"@type\":\"ReadAction\",\"target\":[\"https:\/\/v2charge.com\/ca\/plan-cambia-madrid-360-ayuda-cargador-coche-electrico-ca\/\"]}]},{\"@type\":\"ImageObject\",\"inLanguage\":\"ca\",\"@id\":\"https:\/\/v2charge.com\/ca\/plan-cambia-madrid-360-ayuda-cargador-coche-electrico-ca\/#primaryimage\",\"url\":\"https:\/\/v2charge.com\/wp-content\/uploads\/2024\/05\/plan-cambia-360-madrid.jpg\",\"contentUrl\":\"https:\/\/v2charge.com\/wp-content\/uploads\/2024\/05\/plan-cambia-360-madrid.jpg\",\"width\":960,\"height\":560},{\"@type\":\"BreadcrumbList\",\"@id\":\"https:\/\/v2charge.com\/ca\/plan-cambia-madrid-360-ayuda-cargador-coche-electrico-ca\/#breadcrumb\",\"itemListElement\":[{\"@type\":\"ListItem\",\"position\":1,\"name\":\"V2C\",\"item\":\"https:\/\/v2charge.com\/ca\/\"},{\"@type\":\"ListItem\",\"position\":2,\"name\":\"Actualidad\",\"item\":\"https:\/\/v2charge.com\/es\/e-mobility\/actualidad\/\"},{\"@type\":\"ListItem\",\"position\":3,\"name\":\"Noves ajudes per instal\u00b7lar carregador de cotxe el\u00e8ctric i compra de cotxe el\u00e8ctric a Madrid: Pla Canvia 360 Madrid\"}]},{\"@type\":\"WebSite\",\"@id\":\"https:\/\/v2charge.com\/ca\/#website\",\"url\":\"https:\/\/v2charge.com\/ca\/\",\"name\":\"V2C\",\"description\":\"#CargandoElMa\u00f1ana\",\"publisher\":{\"@id\":\"https:\/\/v2charge.com\/ca\/#organization\"},\"potentialAction\":[{\"@type\":\"SearchAction\",\"target\":{\"@type\":\"EntryPoint\",\"urlTemplate\":\"https:\/\/v2charge.com\/ca\/?s={search_term_string}\"},\"query-input\":{\"@type\":\"PropertyValueSpecification\",\"valueRequired\":true,\"valueName\":\"search_term_string\"}}],\"inLanguage\":\"ca\"},{\"@type\":\"Organization\",\"@id\":\"https:\/\/v2charge.com\/ca\/#organization\",\"name\":\"V2C\",\"url\":\"https:\/\/v2charge.com\/ca\/\",\"logo\":{\"@type\":\"ImageObject\",\"inLanguage\":\"ca\",\"@id\":\"https:\/\/v2charge.com\/ca\/#\/schema\/logo\/image\/\",\"url\":\"https:\/\/v2charge.com\/wp-content\/uploads\/2024\/11\/cropped-v2c-charge-logo-menu.png\",\"contentUrl\":\"https:\/\/v2charge.com\/wp-content\/uploads\/2024\/11\/cropped-v2c-charge-logo-menu.png\",\"width\":984,\"height\":431,\"caption\":\"V2C\"},\"image\":{\"@id\":\"https:\/\/v2charge.com\/ca\/#\/schema\/logo\/image\/\"},\"sameAs\":[\"https:\/\/www.facebook.com\/V2C.Charge\",\"https:\/\/x.com\/V2C_Charge\",\"https:\/\/www.instagram.com\/v2c.charge\/\",\"https:\/\/www.youtube.com\/@V2C\",\"https:\/\/www.linkedin.com\/company\/v2c-chargers\/\"]},{\"@type\":\"Person\",\"@id\":\"https:\/\/v2charge.com\/ca\/#\/schema\/person\/d6f210a94a856acdddec347b2127fd0f\",\"name\":\"V2C\",\"image\":{\"@type\":\"ImageObject\",\"inLanguage\":\"ca\",\"@id\":\"https:\/\/v2charge.com\/ca\/#\/schema\/person\/image\/\",\"url\":\"https:\/\/secure.gravatar.com\/avatar\/a91128c4c0d2f4d63bd586301fdec6cc9aa49c885839b25d1c62700f529f267c?s=96&d=mm&r=g\",\"contentUrl\":\"https:\/\/secure.gravatar.com\/avatar\/a91128c4c0d2f4d63bd586301fdec6cc9aa49c885839b25d1c62700f529f267c?s=96&d=mm&r=g\",\"caption\":\"V2C\"}}]}<\/script>\n<!-- \/ Yoast SEO plugin. -->","yoast_head_json":{"title":"Nova Ajuda Carregador Cotxe El\u00e8ctric: Pla Canvia 360 Madrid","description":"Descobreix la nova ajuda 360 per Instal\u00b7lar Cargador Cotxe El\u00e8ctric a Madrid i Comprar Cotxes El\u00e8ctrics amb el Pla Canvia 360 Madrid.","robots":{"index":"index","follow":"follow","max-snippet":"max-snippet:-1","max-image-preview":"max-image-preview:large","max-video-preview":"max-video-preview:-1"},"canonical":"https:\/\/v2charge.com\/ca\/plan-cambia-madrid-360-ayuda-cargador-coche-electrico-ca\/","og_locale":"ca_ES","og_type":"article","og_title":"Nova Ajuda Carregador Cotxe El\u00e8ctric: Pla Canvia 360 Madrid","og_description":"Descobreix la nova ajuda 360 per Instal\u00b7lar Cargador Cotxe El\u00e8ctric a Madrid i Comprar Cotxes El\u00e8ctrics amb el Pla Canvia 360 Madrid.","og_url":"https:\/\/v2charge.com\/ca\/plan-cambia-madrid-360-ayuda-cargador-coche-electrico-ca\/","og_site_name":"V2C","article_publisher":"https:\/\/www.facebook.com\/V2C.Charge","article_published_time":"2024-05-10T14:39:55+00:00","article_modified_time":"2024-06-17T08:07:26+00:00","og_image":[{"width":960,"height":560,"url":"https:\/\/v2charge.com\/wp-content\/uploads\/2024\/05\/plan-cambia-360-madrid.jpg","type":"image\/jpeg"}],"author":"V2C","twitter_card":"summary_large_image","twitter_creator":"@V2C_Charge","twitter_site":"@V2C_Charge","twitter_misc":{"Escrit per":"V2C","Temps estimat de lectura":"13 minuts"},"schema":{"@context":"https:\/\/schema.org","@graph":[{"@type":"Article","@id":"https:\/\/v2charge.com\/ca\/plan-cambia-madrid-360-ayuda-cargador-coche-electrico-ca\/#article","isPartOf":{"@id":"https:\/\/v2charge.com\/ca\/plan-cambia-madrid-360-ayuda-cargador-coche-electrico-ca\/"},"author":{"name":"V2C","@id":"https:\/\/v2charge.com\/ca\/#\/schema\/person\/d6f210a94a856acdddec347b2127fd0f"},"headline":"Noves ajudes per instal\u00b7lar carregador de cotxe el\u00e8ctric i compra de cotxe el\u00e8ctric a Madrid: Pla Canvia 360 Madrid","datePublished":"2024-05-10T14:39:55+00:00","dateModified":"2024-06-17T08:07:26+00:00","mainEntityOfPage":{"@id":"https:\/\/v2charge.com\/ca\/plan-cambia-madrid-360-ayuda-cargador-coche-electrico-ca\/"},"wordCount":2826,"publisher":{"@id":"https:\/\/v2charge.com\/ca\/#organization"},"image":{"@id":"https:\/\/v2charge.com\/ca\/plan-cambia-madrid-360-ayuda-cargador-coche-electrico-ca\/#primaryimage"},"thumbnailUrl":"https:\/\/v2charge.com\/wp-content\/uploads\/2024\/05\/plan-cambia-360-madrid.jpg","inLanguage":"ca"},{"@type":"WebPage","@id":"https:\/\/v2charge.com\/ca\/plan-cambia-madrid-360-ayuda-cargador-coche-electrico-ca\/","url":"https:\/\/v2charge.com\/ca\/plan-cambia-madrid-360-ayuda-cargador-coche-electrico-ca\/","name":"Nova Ajuda Carregador Cotxe El\u00e8ctric: Pla Canvia 360 Madrid","isPartOf":{"@id":"https:\/\/v2charge.com\/ca\/#website"},"primaryImageOfPage":{"@id":"https:\/\/v2charge.com\/ca\/plan-cambia-madrid-360-ayuda-cargador-coche-electrico-ca\/#primaryimage"},"image":{"@id":"https:\/\/v2charge.com\/ca\/plan-cambia-madrid-360-ayuda-cargador-coche-electrico-ca\/#primaryimage"},"thumbnailUrl":"https:\/\/v2charge.com\/wp-content\/uploads\/2024\/05\/plan-cambia-360-madrid.jpg","datePublished":"2024-05-10T14:39:55+00:00","dateModified":"2024-06-17T08:07:26+00:00","description":"Descobreix la nova ajuda 360 per Instal\u00b7lar Cargador Cotxe El\u00e8ctric a Madrid i Comprar Cotxes El\u00e8ctrics amb el Pla Canvia 360 Madrid.","breadcrumb":{"@id":"https:\/\/v2charge.com\/ca\/plan-cambia-madrid-360-ayuda-cargador-coche-electrico-ca\/#breadcrumb"},"inLanguage":"ca","potentialAction":[{"@type":"ReadAction","target":["https:\/\/v2charge.com\/ca\/plan-cambia-madrid-360-ayuda-cargador-coche-electrico-ca\/"]}]},{"@type":"ImageObject","inLanguage":"ca","@id":"https:\/\/v2charge.com\/ca\/plan-cambia-madrid-360-ayuda-cargador-coche-electrico-ca\/#primaryimage","url":"https:\/\/v2charge.com\/wp-content\/uploads\/2024\/05\/plan-cambia-360-madrid.jpg","contentUrl":"https:\/\/v2charge.com\/wp-content\/uploads\/2024\/05\/plan-cambia-360-madrid.jpg","width":960,"height":560},{"@type":"BreadcrumbList","@id":"https:\/\/v2charge.com\/ca\/plan-cambia-madrid-360-ayuda-cargador-coche-electrico-ca\/#breadcrumb","itemListElement":[{"@type":"ListItem","position":1,"name":"V2C","item":"https:\/\/v2charge.com\/ca\/"},{"@type":"ListItem","position":2,"name":"Actualidad","item":"https:\/\/v2charge.com\/es\/e-mobility\/actualidad\/"},{"@type":"ListItem","position":3,"name":"Noves ajudes per instal\u00b7lar carregador de cotxe el\u00e8ctric i compra de cotxe el\u00e8ctric a Madrid: Pla Canvia 360 Madrid"}]},{"@type":"WebSite","@id":"https:\/\/v2charge.com\/ca\/#website","url":"https:\/\/v2charge.com\/ca\/","name":"V2C","description":"#CargandoElMa\u00f1ana","publisher":{"@id":"https:\/\/v2charge.com\/ca\/#organization"},"potentialAction":[{"@type":"SearchAction","target":{"@type":"EntryPoint","urlTemplate":"https:\/\/v2charge.com\/ca\/?s={search_term_string}"},"query-input":{"@type":"PropertyValueSpecification","valueRequired":true,"valueName":"search_term_string"}}],"inLanguage":"ca"},{"@type":"Organization","@id":"https:\/\/v2charge.com\/ca\/#organization","name":"V2C","url":"https:\/\/v2charge.com\/ca\/","logo":{"@type":"ImageObject","inLanguage":"ca","@id":"https:\/\/v2charge.com\/ca\/#\/schema\/logo\/image\/","url":"https:\/\/v2charge.com\/wp-content\/uploads\/2024\/11\/cropped-v2c-charge-logo-menu.png","contentUrl":"https:\/\/v2charge.com\/wp-content\/uploads\/2024\/11\/cropped-v2c-charge-logo-menu.png","width":984,"height":431,"caption":"V2C"},"image":{"@id":"https:\/\/v2charge.com\/ca\/#\/schema\/logo\/image\/"},"sameAs":["https:\/\/www.facebook.com\/V2C.Charge","https:\/\/x.com\/V2C_Charge","https:\/\/www.instagram.com\/v2c.charge\/","https:\/\/www.youtube.com\/@V2C","https:\/\/www.linkedin.com\/company\/v2c-chargers\/"]},{"@type":"Person","@id":"https:\/\/v2charge.com\/ca\/#\/schema\/person\/d6f210a94a856acdddec347b2127fd0f","name":"V2C","image":{"@type":"ImageObject","inLanguage":"ca","@id":"https:\/\/v2charge.com\/ca\/#\/schema\/person\/image\/","url":"https:\/\/secure.gravatar.com\/avatar\/a91128c4c0d2f4d63bd586301fdec6cc9aa49c885839b25d1c62700f529f267c?s=96&d=mm&r=g","contentUrl":"https:\/\/secure.gravatar.com\/avatar\/a91128c4c0d2f4d63bd586301fdec6cc9aa49c885839b25d1c62700f529f267c?s=96&d=mm&r=g","caption":"V2C"}}]}},"uagb_featured_image_src":{"full":["https:\/\/v2charge.com\/wp-content\/uploads\/2024\/05\/plan-cambia-360-madrid.jpg",960,560,false],"thumbnail":["https:\/\/v2charge.com\/wp-content\/uploads\/2024\/05\/plan-cambia-360-madrid-150x150.jpg",150,150,true],"medium":["https:\/\/v2charge.com\/wp-content\/uploads\/2024\/05\/plan-cambia-360-madrid-300x175.jpg",300,175,true],"medium_large":["https:\/\/v2charge.com\/wp-content\/uploads\/2024\/05\/plan-cambia-360-madrid-768x448.jpg",768,448,true],"large":["https:\/\/v2charge.com\/wp-content\/uploads\/2024\/05\/plan-cambia-360-madrid.jpg",960,560,false],"gs-tiny":["https:\/\/v2charge.com\/wp-content\/uploads\/2024\/05\/plan-cambia-360-madrid.jpg",50,29,false],"xl":["https:\/\/v2charge.com\/wp-content\/uploads\/2024\/05\/plan-cambia-360-madrid.jpg",960,560,false],"xxl":["https:\/\/v2charge.com\/wp-content\/uploads\/2024\/05\/plan-cambia-360-madrid.jpg",960,560,false],"xxxl":["https:\/\/v2charge.com\/wp-content\/uploads\/2024\/05\/plan-cambia-360-madrid.jpg",960,560,false],"xxxxl":["https:\/\/v2charge.com\/wp-content\/uploads\/2024\/05\/plan-cambia-360-madrid.jpg",960,560,false],"xxxxxl":["https:\/\/v2charge.com\/wp-content\/uploads\/2024\/05\/plan-cambia-360-madrid.jpg",960,560,false],"1536x1536":["https:\/\/v2charge.com\/wp-content\/uploads\/2024\/05\/plan-cambia-360-madrid.jpg",960,560,false],"2048x2048":["https:\/\/v2charge.com\/wp-content\/uploads\/2024\/05\/plan-cambia-360-madrid.jpg",960,560,false]},"uagb_author_info":{"display_name":"V2C","author_link":"https:\/\/v2charge.com\/ca\/author\/marketing\/"},"uagb_comment_info":0,"uagb_excerpt":"El Pla Canvia 360 Madrid ha anunciat l&#8217;obertura de la convocat\u00f2ria de subvencions el dijous 9 de maig per a la instal\u00b7laci\u00f3 de punts de rec\u00e0rrega de vehicles el\u00e8ctrics. Aquest any, el cr\u00e8dit assignat es triplica, passant de 750.000 euros el 2023 a 2,25 milions d&#8217;euros. A m\u00e9s, l&#8217;Ajuntament avan\u00e7ar\u00e0 l&#8217;import de la subvenci\u00f3 als&hellip;","_links":{"self":[{"href":"https:\/\/v2charge.com\/ca\/wp-json\/wp\/v2\/posts\/310138","targetHints":{"allow":["GET"]}}],"collection":[{"href":"https:\/\/v2charge.com\/ca\/wp-json\/wp\/v2\/posts"}],"about":[{"href":"https:\/\/v2charge.com\/ca\/wp-json\/wp\/v2\/types\/post"}],"author":[{"embeddable":true,"href":"https:\/\/v2charge.com\/ca\/wp-json\/wp\/v2\/users\/400"}],"replies":[{"embeddable":true,"href":"https:\/\/v2charge.com\/ca\/wp-json\/wp\/v2\/comments?post=310138"}],"version-history":[{"count":0,"href":"https:\/\/v2charge.com\/ca\/wp-json\/wp\/v2\/posts\/310138\/revisions"}],"wp:featuredmedia":[{"embeddable":true,"href":"https:\/\/v2charge.com\/ca\/wp-json\/wp\/v2\/media\/153335"}],"wp:attachment":[{"href":"https:\/\/v2charge.com\/ca\/wp-json\/wp\/v2\/media?parent=310138"}],"wp:term":[{"taxonomy":"category","embeddable":true,"href":"https:\/\/v2charge.com\/ca\/wp-json\/wp\/v2\/categories?post=310138"},{"taxonomy":"post_tag","embeddable":true,"href":"https:\/\/v2charge.com\/ca\/wp-json\/wp\/v2\/tags?post=310138"}],"curies":[{"name":"wp","href":"https:\/\/api.w.org\/{rel}","templated":true}]}}