{"id":310160,"date":"2017-02-18T14:38:26","date_gmt":"2017-02-18T14:38:26","guid":{"rendered":""},"modified":"2023-07-19T08:07:16","modified_gmt":"2023-07-19T08:07:16","slug":"punts-de-carrega-per-a-empreses","status":"publish","type":"post","link":"https:\/\/v2charge.com\/ca\/punts-de-carrega-per-a-empreses\/","title":{"rendered":"Punts de c\u00e0rrega per a empreses"},"content":{"rendered":"<p>Els punts de c\u00e0rrega per a empreses s&#8217;utilitzen per recarregar vehicles comercials, flotes de vehicles i vehicles personals dels empleats de manera regular. Ocasionalment, tamb\u00e9 s\u00f3n utilitzats per prove\u00efdors, visitants o clients.<\/p>\n<p>Abans d&#8217;instal\u00b7lar els punts de c\u00e0rrega en un edifici comercial o industrial, \u00e9s recomanable realitzar un estudi per a la implementaci\u00f3 dels punts per calcular el cost.<\/p>\n<p>L&#8217;instal\u00b7lador autoritzat ha de dur a terme la instal\u00b7laci\u00f3 del punt de c\u00e0rrega. Per\u00f2, si la instal\u00b7laci\u00f3 necessita una pot\u00e8ncia superior a 50 kW (o 10 kW a l&#8217;exterior), el projecte ha de ser signat per un t\u00e8cnic competent.<\/p>\n<p>El preu dels punts de c\u00e0rrega dep\u00e8n de la velocitat de c\u00e0rrega, les caracter\u00edstiques, cables, etc. Les empreses compten per a la instal\u00b7laci\u00f3 dels punts de c\u00e0rrega amb l&#8217;ajuda del Pla d&#8217;Infraestructures MOVALT. Aquesta ajuda pot cobrir fins al 60% de la inversi\u00f3.<\/p>\n<h2>Estan obligades les empreses a instal\u00b7lar punts de rec\u00e0rrega per a vehicles el\u00e8ctrics?<\/h2>\n<p>El 30 de juny de 2015, va entrar en vigor el Reial decret espanyol 1053\/2014, que aprova una nova Instrucci\u00f3 T\u00e8cnica Complement\u00e0ria (ITC) BT 52 Instal\u00b7lacions amb finalitats especials. Infraestructura per a la rec\u00e0rrega de vehicles el\u00e8ctrics, del Reglament Electro-t\u00e8cnic per a baixa tensi\u00f3 i altres instruccions t\u00e8cniques complement\u00e0ries del mateix es modifiquen.<\/p>\n<p>Aquest Reial decret es va publicar al BOE el 31 de desembre de 2014. A trav\u00e9s de la primera disposici\u00f3 addicional del Reial decret, es prescriuen m\u00edn. disposicions de l&#8217;estructura per a la rec\u00e0rrega de l'&#8221;vehicle el\u00e8ctric&#8221; en edificis o aparcaments de nova construcci\u00f3 i vies p\u00fabliques, sent les seg\u00fcents:<\/p>\n<h2>M\u00edn. disposicions establertes en el Reial decret 1053\/2014, Obligat\u00f2ries en nous edificis o aparcaments.<\/h2>\n<p>Un edifici o aparcament es considera de nova construcci\u00f3 quan presenta el projecte de construcci\u00f3 a l&#8217;Administraci\u00f3 P\u00fablica competent per a la seva tramitaci\u00f3 despr\u00e9s de la data d&#8217;entrada en vigor, \u00e9s a dir, sol\u00b7licitud de llic\u00e8ncia despr\u00e9s del 30 de juny de 2015.<\/p>\n<ol>\n<li><b>Pre-instal\u00b7laci\u00f3<\/b>: En aparcaments o aparcaments col\u00b7lectius en edificis de propietat horitzontal, s&#8217;ha de realitzar un cablejat principal en zones comunit\u00e0ries (mitjan\u00e7ant tubs, canals, safates, etc.), per fer possible realitzar derivacions fins i incloent estacions de c\u00e0rrega situades als espais d&#8217;aparcament, tal com es descriu a la secci\u00f3 3.2 de la (ITC) BT-52.<\/li>\n<li><b>Una estaci\u00f3 de c\u00e0rrega per cada 40 places<\/b>: En aparcaments o aparcaments per a flotes privades, cooperatives o empresarials, o aquells per a oficines, per al seu propi personal o associats, o dip\u00f2sits de vehicles municipals. En aparcaments o aparcaments p\u00fablics permanents.<\/li>\n<\/ol>\n<h2>NOTA<\/h2>\n<p>L&#8217;Objecte i \u00c0mbit d&#8217;aplicaci\u00f3 de la ITC BT 52, tamb\u00e9 incorpora els aparcaments de llars familiars o d&#8217;una sola propietat, proporcionant les disposicions i especificacions t\u00e8cniques per a les instal\u00b7lacions de c\u00e0rrega de vehicles el\u00e8ctrics en aquells casos.<\/p>\n<p>Per\u00f2, aquesta instal\u00b7laci\u00f3 no \u00e9s obligat\u00f2ria en aparcaments familiars o de propietat \u00fanica perqu\u00e8 el reial decret no els inclou, si no s&#8217;ent\u00e9n, que la ITC BT 52<span style=\"color: #ffffff;\">.<\/span> proporciona les dades t\u00e8cniques corresponents per a projectes que incorporen les mateixes.<\/p>\n","protected":false},"excerpt":{"rendered":"<p>Els punts de c\u00e0rrega per a empreses s&#8217;utilitzen per recarregar vehicles comercials, flotes de vehicles i vehicles personals dels empleats de manera regular. Ocasionalment, tamb\u00e9 s\u00f3n utilitzats per prove\u00efdors, visitants o clients. Abans d&#8217;instal\u00b7lar els punts de c\u00e0rrega en un edifici comercial o industrial, \u00e9s recomanable realitzar un estudi per a la implementaci\u00f3 dels punts &#8230; <a title=\"Punts de c\u00e0rrega per a empreses\" class=\"read-more\" href=\"https:\/\/v2charge.com\/ca\/punts-de-carrega-per-a-empreses\/\" aria-label=\"M\u00e9s informaci\u00f3 sobre Punts de c\u00e0rrega per a empreses\">Llegiu m\u00e9s<\/a><\/p>\n","protected":false},"author":1,"featured_media":99384,"comment_status":"closed","ping_status":"closed","sticky":false,"template":"","format":"standard","meta":{"_eb_attr":"","content-type":"","_uag_custom_page_level_css":"","footnotes":""},"categories":[],"tags":[],"class_list":["post-310160","post","type-post","status-publish","format-standard","has-post-thumbnail","hentry"],"yoast_head":"<!-- This site is optimized with the Yoast SEO plugin v25.3.1 - https:\/\/yoast.com\/wordpress\/plugins\/seo\/ -->\n<title>Punts de c\u00e0rrega per a empreses - V2C<\/title>\n<meta name=\"description\" content=\"Els punts de c\u00e0rrega per a empreses estan dissenyats per recarregar vehicles comercials, flotes de vehicles i vehicles personals dels empleats de manera regular.\" \/>\n<meta name=\"robots\" content=\"index, follow, max-snippet:-1, max-image-preview:large, max-video-preview:-1\" \/>\n<link rel=\"canonical\" href=\"https:\/\/v2charge.com\/ca\/punts-de-carrega-per-a-empreses\/\" \/>\n<meta property=\"og:locale\" content=\"ca_ES\" \/>\n<meta property=\"og:type\" content=\"article\" \/>\n<meta property=\"og:title\" content=\"Punts de c\u00e0rrega per a empreses - V2C\" \/>\n<meta property=\"og:description\" content=\"Els punts de c\u00e0rrega per a empreses estan dissenyats per recarregar vehicles comercials, flotes de vehicles i vehicles personals dels empleats de manera regular.\" \/>\n<meta property=\"og:url\" content=\"https:\/\/v2charge.com\/ca\/punts-de-carrega-per-a-empreses\/\" \/>\n<meta property=\"og:site_name\" content=\"V2C\" \/>\n<meta property=\"article:publisher\" content=\"https:\/\/www.facebook.com\/V2C.Charge\" \/>\n<meta property=\"article:published_time\" content=\"2017-02-18T14:38:26+00:00\" \/>\n<meta property=\"article:modified_time\" content=\"2023-07-19T08:07:16+00:00\" \/>\n<meta property=\"og:image\" content=\"https:\/\/v2charge.com\/wp-content\/uploads\/2017\/02\/charging-points-companies.jpg\" \/>\n\t<meta property=\"og:image:width\" content=\"720\" \/>\n\t<meta property=\"og:image:height\" content=\"388\" \/>\n\t<meta property=\"og:image:type\" content=\"image\/jpeg\" \/>\n<meta name=\"author\" content=\"V2C\" \/>\n<meta name=\"twitter:card\" content=\"summary_large_image\" \/>\n<meta name=\"twitter:creator\" content=\"@V2C_Charge\" \/>\n<meta name=\"twitter:site\" content=\"@V2C_Charge\" \/>\n<meta name=\"twitter:label1\" content=\"Escrit per\" \/>\n\t<meta name=\"twitter:data1\" content=\"V2C\" \/>\n\t<meta name=\"twitter:label2\" content=\"Temps estimat de lectura\" \/>\n\t<meta name=\"twitter:data2\" content=\"3 minuts\" \/>\n<script type=\"application\/ld+json\" class=\"yoast-schema-graph\">{\"@context\":\"https:\/\/schema.org\",\"@graph\":[{\"@type\":\"Article\",\"@id\":\"https:\/\/v2charge.com\/ca\/punts-de-carrega-per-a-empreses\/#article\",\"isPartOf\":{\"@id\":\"https:\/\/v2charge.com\/ca\/punts-de-carrega-per-a-empreses\/\"},\"author\":{\"name\":\"V2C\",\"@id\":\"https:\/\/v2charge.com\/ca\/#\/schema\/person\/f29e67a85380accce2b8b9139c993f42\"},\"headline\":\"Punts de c\u00e0rrega per a empreses\",\"datePublished\":\"2017-02-18T14:38:26+00:00\",\"dateModified\":\"2023-07-19T08:07:16+00:00\",\"mainEntityOfPage\":{\"@id\":\"https:\/\/v2charge.com\/ca\/punts-de-carrega-per-a-empreses\/\"},\"wordCount\":552,\"publisher\":{\"@id\":\"https:\/\/v2charge.com\/ca\/#organization\"},\"image\":{\"@id\":\"https:\/\/v2charge.com\/ca\/punts-de-carrega-per-a-empreses\/#primaryimage\"},\"thumbnailUrl\":\"https:\/\/v2charge.com\/wp-content\/uploads\/2017\/02\/charging-points-companies.jpg\",\"inLanguage\":\"ca\"},{\"@type\":\"WebPage\",\"@id\":\"https:\/\/v2charge.com\/ca\/punts-de-carrega-per-a-empreses\/\",\"url\":\"https:\/\/v2charge.com\/ca\/punts-de-carrega-per-a-empreses\/\",\"name\":\"Punts de c\u00e0rrega per a empreses - V2C\",\"isPartOf\":{\"@id\":\"https:\/\/v2charge.com\/ca\/#website\"},\"primaryImageOfPage\":{\"@id\":\"https:\/\/v2charge.com\/ca\/punts-de-carrega-per-a-empreses\/#primaryimage\"},\"image\":{\"@id\":\"https:\/\/v2charge.com\/ca\/punts-de-carrega-per-a-empreses\/#primaryimage\"},\"thumbnailUrl\":\"https:\/\/v2charge.com\/wp-content\/uploads\/2017\/02\/charging-points-companies.jpg\",\"datePublished\":\"2017-02-18T14:38:26+00:00\",\"dateModified\":\"2023-07-19T08:07:16+00:00\",\"description\":\"Els punts de c\u00e0rrega per a empreses estan dissenyats per recarregar vehicles comercials, flotes de vehicles i vehicles personals dels empleats de manera regular.\",\"breadcrumb\":{\"@id\":\"https:\/\/v2charge.com\/ca\/punts-de-carrega-per-a-empreses\/#breadcrumb\"},\"inLanguage\":\"ca\",\"potentialAction\":[{\"@type\":\"ReadAction\",\"target\":[\"https:\/\/v2charge.com\/ca\/punts-de-carrega-per-a-empreses\/\"]}]},{\"@type\":\"ImageObject\",\"inLanguage\":\"ca\",\"@id\":\"https:\/\/v2charge.com\/ca\/punts-de-carrega-per-a-empreses\/#primaryimage\",\"url\":\"https:\/\/v2charge.com\/wp-content\/uploads\/2017\/02\/charging-points-companies.jpg\",\"contentUrl\":\"https:\/\/v2charge.com\/wp-content\/uploads\/2017\/02\/charging-points-companies.jpg\",\"width\":720,\"height\":388,\"caption\":\"charging points for companies\"},{\"@type\":\"BreadcrumbList\",\"@id\":\"https:\/\/v2charge.com\/ca\/punts-de-carrega-per-a-empreses\/#breadcrumb\",\"itemListElement\":[{\"@type\":\"ListItem\",\"position\":1,\"name\":\"V2C\",\"item\":\"https:\/\/v2charge.com\/ca\/\"},{\"@type\":\"ListItem\",\"position\":2,\"name\":\"Punts de c\u00e0rrega per a empreses\"}]},{\"@type\":\"WebSite\",\"@id\":\"https:\/\/v2charge.com\/ca\/#website\",\"url\":\"https:\/\/v2charge.com\/ca\/\",\"name\":\"V2C\",\"description\":\"#CargandoElMa\u00f1ana\",\"publisher\":{\"@id\":\"https:\/\/v2charge.com\/ca\/#organization\"},\"potentialAction\":[{\"@type\":\"SearchAction\",\"target\":{\"@type\":\"EntryPoint\",\"urlTemplate\":\"https:\/\/v2charge.com\/ca\/?s={search_term_string}\"},\"query-input\":{\"@type\":\"PropertyValueSpecification\",\"valueRequired\":true,\"valueName\":\"search_term_string\"}}],\"inLanguage\":\"ca\"},{\"@type\":\"Organization\",\"@id\":\"https:\/\/v2charge.com\/ca\/#organization\",\"name\":\"V2C\",\"url\":\"https:\/\/v2charge.com\/ca\/\",\"logo\":{\"@type\":\"ImageObject\",\"inLanguage\":\"ca\",\"@id\":\"https:\/\/v2charge.com\/ca\/#\/schema\/logo\/image\/\",\"url\":\"https:\/\/v2charge.com\/wp-content\/uploads\/2024\/11\/cropped-v2c-charge-logo-menu.png\",\"contentUrl\":\"https:\/\/v2charge.com\/wp-content\/uploads\/2024\/11\/cropped-v2c-charge-logo-menu.png\",\"width\":984,\"height\":431,\"caption\":\"V2C\"},\"image\":{\"@id\":\"https:\/\/v2charge.com\/ca\/#\/schema\/logo\/image\/\"},\"sameAs\":[\"https:\/\/www.facebook.com\/V2C.Charge\",\"https:\/\/x.com\/V2C_Charge\",\"https:\/\/www.instagram.com\/v2c.charge\/\",\"https:\/\/www.youtube.com\/@V2C\",\"https:\/\/www.linkedin.com\/company\/v2c-chargers\/\"]},{\"@type\":\"Person\",\"@id\":\"https:\/\/v2charge.com\/ca\/#\/schema\/person\/f29e67a85380accce2b8b9139c993f42\",\"name\":\"V2C\",\"image\":{\"@type\":\"ImageObject\",\"inLanguage\":\"ca\",\"@id\":\"https:\/\/v2charge.com\/ca\/#\/schema\/person\/image\/\",\"url\":\"https:\/\/secure.gravatar.com\/avatar\/6b569efe71f377f865d3c6d7d046c620e6ecf71400555f6ac3a8d31ade20562b?s=96&d=mm&r=g\",\"contentUrl\":\"https:\/\/secure.gravatar.com\/avatar\/6b569efe71f377f865d3c6d7d046c620e6ecf71400555f6ac3a8d31ade20562b?s=96&d=mm&r=g\",\"caption\":\"V2C\"}}]}<\/script>\n<!-- \/ Yoast SEO plugin. -->","yoast_head_json":{"title":"Punts de c\u00e0rrega per a empreses - V2C","description":"Els punts de c\u00e0rrega per a empreses estan dissenyats per recarregar vehicles comercials, flotes de vehicles i vehicles personals dels empleats de manera regular.","robots":{"index":"index","follow":"follow","max-snippet":"max-snippet:-1","max-image-preview":"max-image-preview:large","max-video-preview":"max-video-preview:-1"},"canonical":"https:\/\/v2charge.com\/ca\/punts-de-carrega-per-a-empreses\/","og_locale":"ca_ES","og_type":"article","og_title":"Punts de c\u00e0rrega per a empreses - V2C","og_description":"Els punts de c\u00e0rrega per a empreses estan dissenyats per recarregar vehicles comercials, flotes de vehicles i vehicles personals dels empleats de manera regular.","og_url":"https:\/\/v2charge.com\/ca\/punts-de-carrega-per-a-empreses\/","og_site_name":"V2C","article_publisher":"https:\/\/www.facebook.com\/V2C.Charge","article_published_time":"2017-02-18T14:38:26+00:00","article_modified_time":"2023-07-19T08:07:16+00:00","og_image":[{"width":720,"height":388,"url":"https:\/\/v2charge.com\/wp-content\/uploads\/2017\/02\/charging-points-companies.jpg","type":"image\/jpeg"}],"author":"V2C","twitter_card":"summary_large_image","twitter_creator":"@V2C_Charge","twitter_site":"@V2C_Charge","twitter_misc":{"Escrit per":"V2C","Temps estimat de lectura":"3 minuts"},"schema":{"@context":"https:\/\/schema.org","@graph":[{"@type":"Article","@id":"https:\/\/v2charge.com\/ca\/punts-de-carrega-per-a-empreses\/#article","isPartOf":{"@id":"https:\/\/v2charge.com\/ca\/punts-de-carrega-per-a-empreses\/"},"author":{"name":"V2C","@id":"https:\/\/v2charge.com\/ca\/#\/schema\/person\/f29e67a85380accce2b8b9139c993f42"},"headline":"Punts de c\u00e0rrega per a empreses","datePublished":"2017-02-18T14:38:26+00:00","dateModified":"2023-07-19T08:07:16+00:00","mainEntityOfPage":{"@id":"https:\/\/v2charge.com\/ca\/punts-de-carrega-per-a-empreses\/"},"wordCount":552,"publisher":{"@id":"https:\/\/v2charge.com\/ca\/#organization"},"image":{"@id":"https:\/\/v2charge.com\/ca\/punts-de-carrega-per-a-empreses\/#primaryimage"},"thumbnailUrl":"https:\/\/v2charge.com\/wp-content\/uploads\/2017\/02\/charging-points-companies.jpg","inLanguage":"ca"},{"@type":"WebPage","@id":"https:\/\/v2charge.com\/ca\/punts-de-carrega-per-a-empreses\/","url":"https:\/\/v2charge.com\/ca\/punts-de-carrega-per-a-empreses\/","name":"Punts de c\u00e0rrega per a empreses - V2C","isPartOf":{"@id":"https:\/\/v2charge.com\/ca\/#website"},"primaryImageOfPage":{"@id":"https:\/\/v2charge.com\/ca\/punts-de-carrega-per-a-empreses\/#primaryimage"},"image":{"@id":"https:\/\/v2charge.com\/ca\/punts-de-carrega-per-a-empreses\/#primaryimage"},"thumbnailUrl":"https:\/\/v2charge.com\/wp-content\/uploads\/2017\/02\/charging-points-companies.jpg","datePublished":"2017-02-18T14:38:26+00:00","dateModified":"2023-07-19T08:07:16+00:00","description":"Els punts de c\u00e0rrega per a empreses estan dissenyats per recarregar vehicles comercials, flotes de vehicles i vehicles personals dels empleats de manera regular.","breadcrumb":{"@id":"https:\/\/v2charge.com\/ca\/punts-de-carrega-per-a-empreses\/#breadcrumb"},"inLanguage":"ca","potentialAction":[{"@type":"ReadAction","target":["https:\/\/v2charge.com\/ca\/punts-de-carrega-per-a-empreses\/"]}]},{"@type":"ImageObject","inLanguage":"ca","@id":"https:\/\/v2charge.com\/ca\/punts-de-carrega-per-a-empreses\/#primaryimage","url":"https:\/\/v2charge.com\/wp-content\/uploads\/2017\/02\/charging-points-companies.jpg","contentUrl":"https:\/\/v2charge.com\/wp-content\/uploads\/2017\/02\/charging-points-companies.jpg","width":720,"height":388,"caption":"charging points for companies"},{"@type":"BreadcrumbList","@id":"https:\/\/v2charge.com\/ca\/punts-de-carrega-per-a-empreses\/#breadcrumb","itemListElement":[{"@type":"ListItem","position":1,"name":"V2C","item":"https:\/\/v2charge.com\/ca\/"},{"@type":"ListItem","position":2,"name":"Punts de c\u00e0rrega per a empreses"}]},{"@type":"WebSite","@id":"https:\/\/v2charge.com\/ca\/#website","url":"https:\/\/v2charge.com\/ca\/","name":"V2C","description":"#CargandoElMa\u00f1ana","publisher":{"@id":"https:\/\/v2charge.com\/ca\/#organization"},"potentialAction":[{"@type":"SearchAction","target":{"@type":"EntryPoint","urlTemplate":"https:\/\/v2charge.com\/ca\/?s={search_term_string}"},"query-input":{"@type":"PropertyValueSpecification","valueRequired":true,"valueName":"search_term_string"}}],"inLanguage":"ca"},{"@type":"Organization","@id":"https:\/\/v2charge.com\/ca\/#organization","name":"V2C","url":"https:\/\/v2charge.com\/ca\/","logo":{"@type":"ImageObject","inLanguage":"ca","@id":"https:\/\/v2charge.com\/ca\/#\/schema\/logo\/image\/","url":"https:\/\/v2charge.com\/wp-content\/uploads\/2024\/11\/cropped-v2c-charge-logo-menu.png","contentUrl":"https:\/\/v2charge.com\/wp-content\/uploads\/2024\/11\/cropped-v2c-charge-logo-menu.png","width":984,"height":431,"caption":"V2C"},"image":{"@id":"https:\/\/v2charge.com\/ca\/#\/schema\/logo\/image\/"},"sameAs":["https:\/\/www.facebook.com\/V2C.Charge","https:\/\/x.com\/V2C_Charge","https:\/\/www.instagram.com\/v2c.charge\/","https:\/\/www.youtube.com\/@V2C","https:\/\/www.linkedin.com\/company\/v2c-chargers\/"]},{"@type":"Person","@id":"https:\/\/v2charge.com\/ca\/#\/schema\/person\/f29e67a85380accce2b8b9139c993f42","name":"V2C","image":{"@type":"ImageObject","inLanguage":"ca","@id":"https:\/\/v2charge.com\/ca\/#\/schema\/person\/image\/","url":"https:\/\/secure.gravatar.com\/avatar\/6b569efe71f377f865d3c6d7d046c620e6ecf71400555f6ac3a8d31ade20562b?s=96&d=mm&r=g","contentUrl":"https:\/\/secure.gravatar.com\/avatar\/6b569efe71f377f865d3c6d7d046c620e6ecf71400555f6ac3a8d31ade20562b?s=96&d=mm&r=g","caption":"V2C"}}]}},"uagb_featured_image_src":{"full":["https:\/\/v2charge.com\/wp-content\/uploads\/2017\/02\/charging-points-companies.jpg",720,388,false],"thumbnail":["https:\/\/v2charge.com\/wp-content\/uploads\/2017\/02\/charging-points-companies-150x150.jpg",150,150,true],"medium":["https:\/\/v2charge.com\/wp-content\/uploads\/2017\/02\/charging-points-companies-300x162.jpg",300,162,true],"medium_large":["https:\/\/v2charge.com\/wp-content\/uploads\/2017\/02\/charging-points-companies.jpg",720,388,false],"large":["https:\/\/v2charge.com\/wp-content\/uploads\/2017\/02\/charging-points-companies.jpg",720,388,false],"gs-tiny":["https:\/\/v2charge.com\/wp-content\/uploads\/2017\/02\/charging-points-companies.jpg",50,27,false],"xl":["https:\/\/v2charge.com\/wp-content\/uploads\/2017\/02\/charging-points-companies.jpg",720,388,false],"xxl":["https:\/\/v2charge.com\/wp-content\/uploads\/2017\/02\/charging-points-companies.jpg",720,388,false],"xxxl":["https:\/\/v2charge.com\/wp-content\/uploads\/2017\/02\/charging-points-companies.jpg",720,388,false],"xxxxl":["https:\/\/v2charge.com\/wp-content\/uploads\/2017\/02\/charging-points-companies.jpg",720,388,false],"xxxxxl":["https:\/\/v2charge.com\/wp-content\/uploads\/2017\/02\/charging-points-companies.jpg",720,388,false],"1536x1536":["https:\/\/v2charge.com\/wp-content\/uploads\/2017\/02\/charging-points-companies.jpg",720,388,false],"2048x2048":["https:\/\/v2charge.com\/wp-content\/uploads\/2017\/02\/charging-points-companies.jpg",720,388,false]},"uagb_author_info":{"display_name":"V2C","author_link":"https:\/\/v2charge.com\/ca\/author\/root_k4eu7ki8\/"},"uagb_comment_info":0,"uagb_excerpt":"Els punts de c\u00e0rrega per a empreses s&#8217;utilitzen per recarregar vehicles comercials, flotes de vehicles i vehicles personals dels empleats de manera regular. Ocasionalment, tamb\u00e9 s\u00f3n utilitzats per prove\u00efdors, visitants o clients. Abans d&#8217;instal\u00b7lar els punts de c\u00e0rrega en un edifici comercial o industrial, \u00e9s recomanable realitzar un estudi per a la implementaci\u00f3 dels punts&hellip;","_links":{"self":[{"href":"https:\/\/v2charge.com\/ca\/wp-json\/wp\/v2\/posts\/310160","targetHints":{"allow":["GET"]}}],"collection":[{"href":"https:\/\/v2charge.com\/ca\/wp-json\/wp\/v2\/posts"}],"about":[{"href":"https:\/\/v2charge.com\/ca\/wp-json\/wp\/v2\/types\/post"}],"author":[{"embeddable":true,"href":"https:\/\/v2charge.com\/ca\/wp-json\/wp\/v2\/users\/1"}],"replies":[{"embeddable":true,"href":"https:\/\/v2charge.com\/ca\/wp-json\/wp\/v2\/comments?post=310160"}],"version-history":[{"count":0,"href":"https:\/\/v2charge.com\/ca\/wp-json\/wp\/v2\/posts\/310160\/revisions"}],"wp:featuredmedia":[{"embeddable":true,"href":"https:\/\/v2charge.com\/ca\/wp-json\/wp\/v2\/media\/99384"}],"wp:attachment":[{"href":"https:\/\/v2charge.com\/ca\/wp-json\/wp\/v2\/media?parent=310160"}],"wp:term":[{"taxonomy":"category","embeddable":true,"href":"https:\/\/v2charge.com\/ca\/wp-json\/wp\/v2\/categories?post=310160"},{"taxonomy":"post_tag","embeddable":true,"href":"https:\/\/v2charge.com\/ca\/wp-json\/wp\/v2\/tags?post=310160"}],"curies":[{"name":"wp","href":"https:\/\/api.w.org\/{rel}","templated":true}]}}