{"id":310202,"date":"2025-06-14T13:41:00","date_gmt":"2025-06-14T11:41:00","guid":{"rendered":""},"modified":"2025-08-28T11:32:49","modified_gmt":"2025-08-28T09:32:49","slug":"nou-ford-mustang-mach-e-2025-preu-autonomia-i-caracteristiques","status":"publish","type":"post","link":"https:\/\/v2charge.com\/ca\/nou-ford-mustang-mach-e-2025-preu-autonomia-i-caracteristiques\/","title":{"rendered":"Nou Ford Mustang Mach-E 2025: preu, autonomia i caracter\u00edstiques"},"content":{"rendered":"<p><span style=\"font-weight: 400;\">El Ford Mustang Mach-E 2025,<strong> el vehicle el\u00e8ctric de la gamma Mustang<\/strong>, ens mostra un nou concepte amb l&#8217;objectiu de combinar l&#8217;ess\u00e8ncia dels seus anteriors models i la seva tecnologia d&#8217;\u00faltima generaci\u00f3. Aquest model esportiu des que va sortir al mercat ha cridat l&#8217;atenci\u00f3 de gran part del m\u00f3n dels vehicles. Aquesta <strong>nova generaci\u00f3 de models<\/strong> destaca pel seu estil atrevit i din\u00e0mic del cl\u00e0ssic Mustang barrejat amb les innovacions modernes necess\u00e0ries per a un futur sostenible.<\/span><\/p>\n<p><span style=\"font-weight: 400;\">A continuaci\u00f3 t&#8217;expliquem tots els detalls del <strong>Ford Mustang Mach-E 2025<\/strong>. Analitzem el seu preu, caracter\u00edstiques i posici\u00f3 dins del mercat dels cotxes el\u00e8ctrics. Si est\u00e0s pensant en fer el salt a una <strong>mobilitat m\u00e9s sostenible<\/strong>, aqu\u00ed trobar\u00e0s tot el necessari per arribar a una conclusi\u00f3 m\u00e9s detallada.<\/span><\/p>\n<h2><span style=\"font-weight: 400;\">Ford Mustang Mach-E preu a partir de 49.205,86 \u20ac<\/span><\/h2>\n<p><span style=\"font-weight: 400;\">Amb un <strong>preu inicial de 54.045 \u20ac<\/strong>, el Ford Mustang Mach-E est\u00e0 fet a mida per aquells que busquen un esportiu amb molta pot\u00e8ncia. Aquest vehicle el\u00e8ctric es posiciona com l&#8217;alternativa perfecta als potents vehicles de combusti\u00f3. El Ford Mustang Mach-E 2025<strong> barreja disseny<\/strong>, <strong>tecnologia<\/strong> i <strong>rendiment<\/strong> a un cost for\u00e7a elevat per\u00f2 adequat per a cadascuna de les seves caracter\u00edstiques. <\/span><\/p>\n<p><span style=\"font-weight: 400;\">Et mostrem altres versions que t\u00e9 el model Ford Mustang Mach-E 2025 i els seus preus:<\/span><\/p>\n<ul>\n<li style=\"font-weight: 400;\" aria-level=\"1\">El <strong>Ford Mustang Mach-E, disponible des de 54.045 \u20ac,<\/strong> \u00e9s l&#8217;opci\u00f3 m\u00e9s econ\u00f2mica d&#8217;aquesta l\u00ednia. Encara que no compta amb molts extres, ofereix una pot\u00e8ncia decent i una autonomia adequada per a viatges llargs.<\/li>\n<li style=\"font-weight: 400;\" aria-level=\"1\">El <strong>Ford Mustang Mach-E Premium, amb un preu inicial de 67.824 \u20ac,<\/strong> inclou millores i caracter\u00edstiques noves respecte a la versi\u00f3 est\u00e0ndard. Entre aquestes millores es troben una <strong>major autonomia<\/strong> i tecnologies avan\u00e7ades com la <strong>calefacci\u00f3 dels seients<\/strong> i el <strong>FordPass Connect<\/strong>, que permet vincular el teu smartphone amb el cotxe de manera senzilla.<\/li>\n<li style=\"font-weight: 400;\" aria-level=\"1\">A la cima de la gamma es troba el <strong>Ford Mustang Mach-E GT, amb un preu de 81.428 \u20ac<\/strong>. Aquest model est\u00e0 dissenyat per a qui busca el <strong>m\u00e0xim rendiment<\/strong> en un vehicle el\u00e8ctric. \u00c9s una inversi\u00f3 que combina pot\u00e8ncia, tecnologia i luxe, oferint una experi\u00e8ncia de conducci\u00f3 superior.<\/li>\n<\/ul>\n<div class=\"flex flex-grow flex-col max-w-full\">\n<div class=\"min-h-[20px] text-message flex flex-col items-start whitespace-pre-wrap break-words [.text-message+&amp;]:mt-5 juice:w-full juice:items-end overflow-x-auto gap-2\" dir=\"auto\" data-message-author-role=\"assistant\" data-message-id=\"203a6201-3e20-455b-bb00-c26b994f438d\">\n<div class=\"flex w-full flex-col gap-1 juice:empty:hidden juice:first:pt-[3px]\">\n<div class=\"markdown prose w-full break-words dark:prose-invert light\">\n<p><img decoding=\"async\" class=\"alignnone size-full wp-image-160484\" src=\"https:\/\/v2charge.com\/wp-content\/uploads\/2024\/06\/ford-mustang-match-e-precio.jpg\" alt=\"\" width=\"960\" height=\"560\" srcset=\"https:\/\/v2charge.com\/wp-content\/uploads\/2024\/06\/ford-mustang-match-e-precio.jpg 960w, https:\/\/v2charge.com\/wp-content\/uploads\/2024\/06\/ford-mustang-match-e-precio-300x175.jpg 300w, https:\/\/v2charge.com\/wp-content\/uploads\/2024\/06\/ford-mustang-match-e-precio-768x448.jpg 768w\" sizes=\"(max-width: 960px) 100vw, 960px\" \/><\/p>\n<\/div>\n<\/div>\n<\/div>\n<\/div>\n<h2>Caracter\u00edstiques del Ford Mustang Mach-e, la versi\u00f3 el\u00e8ctrica d&#8217;un dels esportius m\u00e9s populars del mercat<\/h2>\n<p>El Ford Mustang Mach-E <strong>combina la tradici\u00f3 de l&#8217;ic\u00f2nic Mustang<\/strong> amb la tecnologia i efici\u00e8ncia dels cotxes el\u00e8ctrics moderns. Segueix llegint per descobrir per qu\u00e8 aquest vehicle ha captat l&#8217;atenci\u00f3 de tants entusiastes dels vehicles el\u00e8ctrics.<\/p>\n<h3>Autonomia des de 470 km: el Ford Mustang Mach-E 2025 preparat per a qualsevol viatge<\/h3>\n<p>Un dels aspectes m\u00e9s importants de qualsevol vehicle el\u00e8ctric \u00e9s la seva autonomia, i el Ford Mustang Mach-E t\u00e9 una autonomia m\u00ednima de <strong>470 km.<\/strong> Segons la versi\u00f3 seleccionada del Mustang Mach-E pot arribar fins i tot als<strong> 760 km d&#8217;autonomia<\/strong>.\u00a0El que el fa ideal tant per a l&#8217;\u00fas diari com per a viatges llargs sense la preocupaci\u00f3 constant de trobar una estaci\u00f3 de c\u00e0rrega.<\/p>\n<h3>El disseny de Ford Mustang Mach-E: El disseny que fusiona el cl\u00e0ssic i modern<\/h3>\n<p>El disseny del Ford Mustang Mach-E <strong>conserva l&#8217;ess\u00e8ncia esportiva del Mustang tradicional<\/strong>. L&#8217;interior del Ford Mustang \u00e9s espai\u00f3s i compta amb tecnologia actualitzada respecte a la versi\u00f3 de 2023, incloent una gran pantalla t\u00e0ctil central que facilita el control de les funcions del vehicle. Els materials de <strong>alta qualitat<\/strong> i els <strong>detalls curosos<\/strong> creen un ambient lux\u00f3s i acollidor.<\/p>\n<h3>Ford Mustang Mach-E 2025: tecnologia avan\u00e7ada per al futur<\/h3>\n<p>El Ford Mustang Mach-E combina el llegat del Mustang amb una visi\u00f3 futurista de la mobilitat el\u00e8ctrica. Les seves <strong>c\u00e0meres,<\/strong>\u00a0<strong>sensores d&#8217;\u00faltima generaci\u00f3<\/strong> i el seu sistema <strong>Ford SYNC 4<\/strong>, connectat al n\u00favol, permeten la planificaci\u00f3 avan\u00e7ada de rutes amb reconeixement de veu integrat.<\/p>\n<h3>Les dimensions del Ford Mustang Mach-E 2025, ofereixen espai i comoditat<\/h3>\n<p>El Ford Mustang Mach-E t\u00e9 un disseny elegant i dimensions generoses: <strong>4,7 m de llarg<\/strong>, <strong>1,8 m d&#8217;ample<\/strong> i <strong>1,6 m d&#8217;alt<\/strong>. Aquestes proporcions ofereixen un millor maneig i tamb\u00e9 un interior espai\u00f3s i confortable. El maleter t\u00e9 una capacitat de <strong>502 litres<\/strong>, suficient per a un esportiu d&#8217;aquest estil, encara que una mica m\u00e9s petit que alguns models anteriors del<strong> Mustang<\/strong>.<\/p>\n<p><img decoding=\"async\" class=\"alignnone size-full wp-image-160474\" src=\"https:\/\/v2charge.com\/wp-content\/uploads\/2024\/06\/ford-mustang-match-e-lights.jpg\" alt=\"Ford Mustang Match E Velocitat\" width=\"960\" height=\"560\" srcset=\"https:\/\/v2charge.com\/wp-content\/uploads\/2024\/06\/ford-mustang-match-e-lights.jpg 960w, https:\/\/v2charge.com\/wp-content\/uploads\/2024\/06\/ford-mustang-match-e-lights-300x175.jpg 300w, https:\/\/v2charge.com\/wp-content\/uploads\/2024\/06\/ford-mustang-match-e-lights-768x448.jpg 768w\" sizes=\"(max-width: 960px) 100vw, 960px\" \/><\/p>\n<h3>El Ford Mustang Mach-E t\u00e9 un rendiment impressionant<\/h3>\n<p>El Ford Mustang Mach-E no nom\u00e9s \u00e9s eficient i atractiu, sin\u00f3 que tamb\u00e9 ofereix un rendiment notable. El model est\u00e0ndard t\u00e9 una pot\u00e8ncia de <strong>269 CV<\/strong>, <strong>acelera de 0 a 100 km\/h en 6,3 segons<\/strong> i arriba a una <strong>velocitat m\u00e0xima de 180 km\/h<\/strong>. Aix\u00f2 garanteix una experi\u00e8ncia de conducci\u00f3 que rivalitza amb molts esportius tradicionals.<\/p>\n<h2>Detalls de c\u00e0rrega i bateria del Ford Mustang Mach-E<\/h2>\n<p>El Ford Mustang Mach-E facilita l&#8217;experi\u00e8ncia de c\u00e0rrega de vehicles el\u00e8ctrics, permetent als conductors gaudir de la mobilitat el\u00e8ctrica de manera pr\u00e0ctica i sense complicacions. Amb la seva <strong>bateria de gran capacitat<\/strong>, pots optar per una <strong>c\u00e0rrega r\u00e0pida ocasional<\/strong> o una c\u00e0rrega lenta a casa, assegurant-te que el teu Ford Mustang Mach-E sempre estigui llest per portar-te a qualsevol dest\u00ed.<\/p>\n<p><a href=\"https:\/\/v2charge.com\/ca\/trydan-carregador-electric\/\"><img decoding=\"async\" class=\"alignnone size-full wp-image-151492\" src=\"https:\/\/v2charge.com\/wp-content\/uploads\/2024\/05\/descubre-trydan-cargador-coche-electrico.jpg\" alt=\"Descobreix Trydan\" width=\"818\" height=\"248\" srcset=\"https:\/\/v2charge.com\/wp-content\/uploads\/2024\/05\/descubre-trydan-cargador-coche-electrico.jpg 818w, https:\/\/v2charge.com\/wp-content\/uploads\/2024\/05\/descubre-trydan-cargador-coche-electrico-300x91.jpg 300w, https:\/\/v2charge.com\/wp-content\/uploads\/2024\/05\/descubre-trydan-cargador-coche-electrico-768x233.jpg 768w\" sizes=\"(max-width: 818px) 100vw, 818px\" \/><\/a><\/p>\n<h3>Quins detalls de c\u00e0rrega t\u00e9 el Ford Mustang Mach-E?<\/h3>\n<p><span style=\"font-weight: 400;\">El Ford Mustang Mach-E est\u00e0 dissenyat per ser f\u00e0cil de carregar i \u00e9s compatible amb molts punts de rec\u00e0rrega. El tipus de bateria del Ford Mustang \u00e9s d&#8217;ions de litio, <\/span>amb una<b> capacitat nominal de 98 kw\/h <\/b>i una<b> capacitat utilitzable de 91 kw\/h<\/b><span style=\"font-weight: 400;\">.<\/span><\/p>\n<h3><span style=\"font-weight: 400;\">Quin connector de c\u00e0rrega utilitza el Ford Mustang Mach-E?<\/span><\/h3>\n<p><span style=\"font-weight: 400;\">Utilitza un <\/span><b>connector de c\u00e0rrega tipus 2 (Mennekes &#8211; IEC 62196)<\/b><span style=\"font-weight: 400;\">, \u00e9s est\u00e0ndard en molts vehicles el\u00e8ctrics moderns a Europa. En estacions de c\u00e0rrega r\u00e0pida, el Mustang Mach-E<\/span> <span style=\"font-weight: 400;\">pot arribar <\/span><b>fins a un 80% de c\u00e0rrega en aproximadament 45 minuts<\/b><span style=\"font-weight: 400;\">, ideal per aquells moments en qu\u00e8 necessites recarregar r\u00e0pidament durant un viatge.<\/span><\/p>\n<p><img decoding=\"async\" class=\"alignnone size-full wp-image-160524\" src=\"https:\/\/v2charge.com\/wp-content\/uploads\/2024\/06\/mustang-carga.jpg\" alt=\"Ford Mustang Match E C\u00e0rrega\" width=\"960\" height=\"560\" srcset=\"https:\/\/v2charge.com\/wp-content\/uploads\/2024\/06\/mustang-carga.jpg 960w, https:\/\/v2charge.com\/wp-content\/uploads\/2024\/06\/mustang-carga-300x175.jpg 300w, https:\/\/v2charge.com\/wp-content\/uploads\/2024\/06\/mustang-carga-768x448.jpg 768w\" sizes=\"(max-width: 960px) 100vw, 960px\" \/><\/p>\n<p><span style=\"font-weight: 400;\">El Ford Mustang Mach-E est\u00e0ndard sol tenir un <strong>temps de rec\u00e0rrega de 14 hores<\/strong> en instal\u00b7lacions monof\u00e0siques i <strong>unes 10 hores en instal\u00b7lacions trif\u00e0siques<\/strong>.<\/span><\/p>\n<ul>\n<li>En una instal\u00b7laci\u00f3 monof\u00e0sica de <strong>AC de 1x32A (7.4 kW)<\/strong>, el temps de c\u00e0rrega \u00e9s aproximadament de <strong>14 hores<\/strong>.<\/li>\n<li>En una instal\u00b7laci\u00f3 trif\u00e0sica de <strong>AC de 3x16A (11 kW)<\/strong>, el temps de c\u00e0rrega \u00e9s d&#8217;al voltant de<strong> 9 hores i 30 minuts<\/strong>.<\/li>\n<li>En una instal\u00b7laci\u00f3 trif\u00e0sica de <strong>AC de 3x32A (22 kW)<\/strong>, el temps de c\u00e0rrega continua sent d&#8217;aproximadament <strong>9 hores i 30 minuts<\/strong>.<\/li>\n<li>En un punt de c\u00e0rrega r\u00e0pida<strong> DC de 150 kW<\/strong>, pot carregar del <strong>0 al 80% en aproximadament 45 minuts<\/strong>.<\/li>\n<\/ul>\n<h3><span style=\"font-weight: 400;\">Instal\u00b7lar un punt de rec\u00e0rrega per al Ford Mustang Mach-E 2025<\/span><\/h3>\n<p><span style=\"font-weight: 400;\">Et recomanem <strong>cuidar al m\u00e0xim la salut de la bateria<\/strong> del teu Ford Mustang Mach-E <strong>instal\u00b7lant un punt de rec\u00e0rrega de qualitat<\/strong>, com Trydan. A V2C comptem amb una xarxa d&#8217;instal\u00b7ladors de punts de rec\u00e0rrega per tota Espanya. <strong><a href=\"https:\/\/v2charge.com\/ca\/troba-instalador\/\">Troba el teu instal\u00b7lador<\/a><\/strong> i gaudeix del teu punt de rec\u00e0rrega Trydan a casa.<\/span><\/p>\n<p><a href=\"https:\/\/v2charge.com\/ca\/troba-instalador\/\"><img decoding=\"async\" class=\"alignnone size-full wp-image-158503\" src=\"https:\/\/v2charge.com\/wp-content\/uploads\/2024\/06\/red-instaladores-cualificados.jpg\" alt=\"\" width=\"818\" height=\"248\" srcset=\"https:\/\/v2charge.com\/wp-content\/uploads\/2024\/06\/red-instaladores-cualificados.jpg 818w, https:\/\/v2charge.com\/wp-content\/uploads\/2024\/06\/red-instaladores-cualificados-300x91.jpg 300w, https:\/\/v2charge.com\/wp-content\/uploads\/2024\/06\/red-instaladores-cualificados-768x233.jpg 768w\" sizes=\"(max-width: 818px) 100vw, 818px\" \/><\/a><\/p>\n","protected":false},"excerpt":{"rendered":"<p>El Ford Mustang Mach-E 2025, el vehicle el\u00e8ctric de la gamma Mustang, ens mostra un nou concepte amb l&#8217;objectiu de combinar l&#8217;ess\u00e8ncia dels seus anteriors models i la seva tecnologia d&#8217;\u00faltima generaci\u00f3. Aquest model esportiu des que va sortir al mercat ha cridat l&#8217;atenci\u00f3 de gran part del m\u00f3n dels vehicles. Aquesta nova generaci\u00f3 de &#8230; <a title=\"Nou Ford Mustang Mach-E 2025: preu, autonomia i caracter\u00edstiques\" class=\"read-more\" href=\"https:\/\/v2charge.com\/ca\/nou-ford-mustang-mach-e-2025-preu-autonomia-i-caracteristiques\/\" aria-label=\"M\u00e9s informaci\u00f3 sobre Nou Ford Mustang Mach-E 2025: preu, autonomia i caracter\u00edstiques\">Llegiu m\u00e9s<\/a><\/p>\n","protected":false},"author":400,"featured_media":160514,"comment_status":"closed","ping_status":"closed","sticky":false,"template":"","format":"standard","meta":{"_eb_attr":"","content-type":"","_uag_custom_page_level_css":"","footnotes":""},"categories":[],"tags":[],"class_list":["post-310202","post","type-post","status-publish","format-standard","has-post-thumbnail","hentry"],"yoast_head":"<!-- This site is optimized with the Yoast SEO plugin v25.3.1 - https:\/\/yoast.com\/wordpress\/plugins\/seo\/ -->\n<title>Ford Mustang Mach-E 2025: Preu, autonomia i caracter\u00edstiques<\/title>\n<meta name=\"description\" content=\"El Nou Ford Mustang Mach-E 2025: Preu, Autonomia i Caracter\u00edstiques. La Versi\u00f3 El\u00e8ctrica del Cl\u00e0ssic Mustang. | Preu des de 54.045 \u20ac\" \/>\n<meta name=\"robots\" content=\"index, follow, max-snippet:-1, max-image-preview:large, max-video-preview:-1\" \/>\n<link rel=\"canonical\" href=\"https:\/\/v2charge.com\/ca\/nou-ford-mustang-mach-e-2025-preu-autonomia-i-caracteristiques\/\" \/>\n<meta property=\"og:locale\" content=\"ca_ES\" \/>\n<meta property=\"og:type\" content=\"article\" \/>\n<meta property=\"og:title\" content=\"Ford Mustang Mach-E 2025: Preu, autonomia i caracter\u00edstiques\" \/>\n<meta property=\"og:description\" content=\"El Nou Ford Mustang Mach-E 2025: Preu, Autonomia i Caracter\u00edstiques. La Versi\u00f3 El\u00e8ctrica del Cl\u00e0ssic Mustang. | Preu des de 54.045 \u20ac\" \/>\n<meta property=\"og:url\" content=\"https:\/\/v2charge.com\/ca\/nou-ford-mustang-mach-e-2025-preu-autonomia-i-caracteristiques\/\" \/>\n<meta property=\"og:site_name\" content=\"V2C\" \/>\n<meta property=\"article:publisher\" content=\"https:\/\/www.facebook.com\/V2C.Charge\" \/>\n<meta property=\"article:published_time\" content=\"2025-06-14T11:41:00+00:00\" \/>\n<meta property=\"article:modified_time\" content=\"2025-08-28T09:32:49+00:00\" \/>\n<meta property=\"og:image\" content=\"https:\/\/v2charge.com\/wp-content\/uploads\/2024\/06\/ford-mustang-match-e-exterior.jpg\" \/>\n\t<meta property=\"og:image:width\" content=\"960\" \/>\n\t<meta property=\"og:image:height\" content=\"560\" \/>\n\t<meta property=\"og:image:type\" content=\"image\/jpeg\" \/>\n<meta name=\"author\" content=\"V2C\" \/>\n<meta name=\"twitter:card\" content=\"summary_large_image\" \/>\n<meta name=\"twitter:creator\" content=\"@V2C_Charge\" \/>\n<meta name=\"twitter:site\" content=\"@V2C_Charge\" \/>\n<meta name=\"twitter:label1\" content=\"Escrit per\" \/>\n\t<meta name=\"twitter:data1\" content=\"V2C\" \/>\n\t<meta name=\"twitter:label2\" content=\"Temps estimat de lectura\" \/>\n\t<meta name=\"twitter:data2\" content=\"7 minuts\" \/>\n<script type=\"application\/ld+json\" class=\"yoast-schema-graph\">{\"@context\":\"https:\/\/schema.org\",\"@graph\":[{\"@type\":\"Article\",\"@id\":\"https:\/\/v2charge.com\/ca\/nou-ford-mustang-mach-e-2025-preu-autonomia-i-caracteristiques\/#article\",\"isPartOf\":{\"@id\":\"https:\/\/v2charge.com\/ca\/nou-ford-mustang-mach-e-2025-preu-autonomia-i-caracteristiques\/\"},\"author\":{\"name\":\"V2C\",\"@id\":\"https:\/\/v2charge.com\/ca\/#\/schema\/person\/d6f210a94a856acdddec347b2127fd0f\"},\"headline\":\"Nou Ford Mustang Mach-E 2025: preu, autonomia i caracter\u00edstiques\",\"datePublished\":\"2025-06-14T11:41:00+00:00\",\"dateModified\":\"2025-08-28T09:32:49+00:00\",\"mainEntityOfPage\":{\"@id\":\"https:\/\/v2charge.com\/ca\/nou-ford-mustang-mach-e-2025-preu-autonomia-i-caracteristiques\/\"},\"wordCount\":1187,\"publisher\":{\"@id\":\"https:\/\/v2charge.com\/ca\/#organization\"},\"image\":{\"@id\":\"https:\/\/v2charge.com\/ca\/nou-ford-mustang-mach-e-2025-preu-autonomia-i-caracteristiques\/#primaryimage\"},\"thumbnailUrl\":\"https:\/\/v2charge.com\/wp-content\/uploads\/2024\/06\/ford-mustang-match-e-exterior.jpg\",\"inLanguage\":\"ca\"},{\"@type\":\"WebPage\",\"@id\":\"https:\/\/v2charge.com\/ca\/nou-ford-mustang-mach-e-2025-preu-autonomia-i-caracteristiques\/\",\"url\":\"https:\/\/v2charge.com\/ca\/nou-ford-mustang-mach-e-2025-preu-autonomia-i-caracteristiques\/\",\"name\":\"Ford Mustang Mach-E 2025: Preu, autonomia i caracter\u00edstiques\",\"isPartOf\":{\"@id\":\"https:\/\/v2charge.com\/ca\/#website\"},\"primaryImageOfPage\":{\"@id\":\"https:\/\/v2charge.com\/ca\/nou-ford-mustang-mach-e-2025-preu-autonomia-i-caracteristiques\/#primaryimage\"},\"image\":{\"@id\":\"https:\/\/v2charge.com\/ca\/nou-ford-mustang-mach-e-2025-preu-autonomia-i-caracteristiques\/#primaryimage\"},\"thumbnailUrl\":\"https:\/\/v2charge.com\/wp-content\/uploads\/2024\/06\/ford-mustang-match-e-exterior.jpg\",\"datePublished\":\"2025-06-14T11:41:00+00:00\",\"dateModified\":\"2025-08-28T09:32:49+00:00\",\"description\":\"El Nou Ford Mustang Mach-E 2025: Preu, Autonomia i Caracter\u00edstiques. La Versi\u00f3 El\u00e8ctrica del Cl\u00e0ssic Mustang. | Preu des de 54.045 \u20ac\",\"breadcrumb\":{\"@id\":\"https:\/\/v2charge.com\/ca\/nou-ford-mustang-mach-e-2025-preu-autonomia-i-caracteristiques\/#breadcrumb\"},\"inLanguage\":\"ca\",\"potentialAction\":[{\"@type\":\"ReadAction\",\"target\":[\"https:\/\/v2charge.com\/ca\/nou-ford-mustang-mach-e-2025-preu-autonomia-i-caracteristiques\/\"]}]},{\"@type\":\"ImageObject\",\"inLanguage\":\"ca\",\"@id\":\"https:\/\/v2charge.com\/ca\/nou-ford-mustang-mach-e-2025-preu-autonomia-i-caracteristiques\/#primaryimage\",\"url\":\"https:\/\/v2charge.com\/wp-content\/uploads\/2024\/06\/ford-mustang-match-e-exterior.jpg\",\"contentUrl\":\"https:\/\/v2charge.com\/wp-content\/uploads\/2024\/06\/ford-mustang-match-e-exterior.jpg\",\"width\":960,\"height\":560,\"caption\":\"Ford Mustang Match E Precio 2024\"},{\"@type\":\"BreadcrumbList\",\"@id\":\"https:\/\/v2charge.com\/ca\/nou-ford-mustang-mach-e-2025-preu-autonomia-i-caracteristiques\/#breadcrumb\",\"itemListElement\":[{\"@type\":\"ListItem\",\"position\":1,\"name\":\"V2C\",\"item\":\"https:\/\/v2charge.com\/ca\/\"},{\"@type\":\"ListItem\",\"position\":2,\"name\":\"Modelos de coches\",\"item\":\"https:\/\/v2charge.com\/es\/e-mobility\/modelos-coches\/\"},{\"@type\":\"ListItem\",\"position\":3,\"name\":\"Nou Ford Mustang Mach-E 2025: preu, autonomia i caracter\u00edstiques\"}]},{\"@type\":\"WebSite\",\"@id\":\"https:\/\/v2charge.com\/ca\/#website\",\"url\":\"https:\/\/v2charge.com\/ca\/\",\"name\":\"V2C\",\"description\":\"#CargandoElMa\u00f1ana\",\"publisher\":{\"@id\":\"https:\/\/v2charge.com\/ca\/#organization\"},\"potentialAction\":[{\"@type\":\"SearchAction\",\"target\":{\"@type\":\"EntryPoint\",\"urlTemplate\":\"https:\/\/v2charge.com\/ca\/?s={search_term_string}\"},\"query-input\":{\"@type\":\"PropertyValueSpecification\",\"valueRequired\":true,\"valueName\":\"search_term_string\"}}],\"inLanguage\":\"ca\"},{\"@type\":\"Organization\",\"@id\":\"https:\/\/v2charge.com\/ca\/#organization\",\"name\":\"V2C\",\"url\":\"https:\/\/v2charge.com\/ca\/\",\"logo\":{\"@type\":\"ImageObject\",\"inLanguage\":\"ca\",\"@id\":\"https:\/\/v2charge.com\/ca\/#\/schema\/logo\/image\/\",\"url\":\"https:\/\/v2charge.com\/wp-content\/uploads\/2024\/11\/cropped-v2c-charge-logo-menu.png\",\"contentUrl\":\"https:\/\/v2charge.com\/wp-content\/uploads\/2024\/11\/cropped-v2c-charge-logo-menu.png\",\"width\":984,\"height\":431,\"caption\":\"V2C\"},\"image\":{\"@id\":\"https:\/\/v2charge.com\/ca\/#\/schema\/logo\/image\/\"},\"sameAs\":[\"https:\/\/www.facebook.com\/V2C.Charge\",\"https:\/\/x.com\/V2C_Charge\",\"https:\/\/www.instagram.com\/v2c.charge\/\",\"https:\/\/www.youtube.com\/@V2C\",\"https:\/\/www.linkedin.com\/company\/v2c-chargers\/\"]},{\"@type\":\"Person\",\"@id\":\"https:\/\/v2charge.com\/ca\/#\/schema\/person\/d6f210a94a856acdddec347b2127fd0f\",\"name\":\"V2C\",\"image\":{\"@type\":\"ImageObject\",\"inLanguage\":\"ca\",\"@id\":\"https:\/\/v2charge.com\/ca\/#\/schema\/person\/image\/\",\"url\":\"https:\/\/secure.gravatar.com\/avatar\/a91128c4c0d2f4d63bd586301fdec6cc9aa49c885839b25d1c62700f529f267c?s=96&d=mm&r=g\",\"contentUrl\":\"https:\/\/secure.gravatar.com\/avatar\/a91128c4c0d2f4d63bd586301fdec6cc9aa49c885839b25d1c62700f529f267c?s=96&d=mm&r=g\",\"caption\":\"V2C\"}}]}<\/script>\n<!-- \/ Yoast SEO plugin. -->","yoast_head_json":{"title":"Ford Mustang Mach-E 2025: Preu, autonomia i caracter\u00edstiques","description":"El Nou Ford Mustang Mach-E 2025: Preu, Autonomia i Caracter\u00edstiques. La Versi\u00f3 El\u00e8ctrica del Cl\u00e0ssic Mustang. | Preu des de 54.045 \u20ac","robots":{"index":"index","follow":"follow","max-snippet":"max-snippet:-1","max-image-preview":"max-image-preview:large","max-video-preview":"max-video-preview:-1"},"canonical":"https:\/\/v2charge.com\/ca\/nou-ford-mustang-mach-e-2025-preu-autonomia-i-caracteristiques\/","og_locale":"ca_ES","og_type":"article","og_title":"Ford Mustang Mach-E 2025: Preu, autonomia i caracter\u00edstiques","og_description":"El Nou Ford Mustang Mach-E 2025: Preu, Autonomia i Caracter\u00edstiques. La Versi\u00f3 El\u00e8ctrica del Cl\u00e0ssic Mustang. | Preu des de 54.045 \u20ac","og_url":"https:\/\/v2charge.com\/ca\/nou-ford-mustang-mach-e-2025-preu-autonomia-i-caracteristiques\/","og_site_name":"V2C","article_publisher":"https:\/\/www.facebook.com\/V2C.Charge","article_published_time":"2025-06-14T11:41:00+00:00","article_modified_time":"2025-08-28T09:32:49+00:00","og_image":[{"width":960,"height":560,"url":"https:\/\/v2charge.com\/wp-content\/uploads\/2024\/06\/ford-mustang-match-e-exterior.jpg","type":"image\/jpeg"}],"author":"V2C","twitter_card":"summary_large_image","twitter_creator":"@V2C_Charge","twitter_site":"@V2C_Charge","twitter_misc":{"Escrit per":"V2C","Temps estimat de lectura":"7 minuts"},"schema":{"@context":"https:\/\/schema.org","@graph":[{"@type":"Article","@id":"https:\/\/v2charge.com\/ca\/nou-ford-mustang-mach-e-2025-preu-autonomia-i-caracteristiques\/#article","isPartOf":{"@id":"https:\/\/v2charge.com\/ca\/nou-ford-mustang-mach-e-2025-preu-autonomia-i-caracteristiques\/"},"author":{"name":"V2C","@id":"https:\/\/v2charge.com\/ca\/#\/schema\/person\/d6f210a94a856acdddec347b2127fd0f"},"headline":"Nou Ford Mustang Mach-E 2025: preu, autonomia i caracter\u00edstiques","datePublished":"2025-06-14T11:41:00+00:00","dateModified":"2025-08-28T09:32:49+00:00","mainEntityOfPage":{"@id":"https:\/\/v2charge.com\/ca\/nou-ford-mustang-mach-e-2025-preu-autonomia-i-caracteristiques\/"},"wordCount":1187,"publisher":{"@id":"https:\/\/v2charge.com\/ca\/#organization"},"image":{"@id":"https:\/\/v2charge.com\/ca\/nou-ford-mustang-mach-e-2025-preu-autonomia-i-caracteristiques\/#primaryimage"},"thumbnailUrl":"https:\/\/v2charge.com\/wp-content\/uploads\/2024\/06\/ford-mustang-match-e-exterior.jpg","inLanguage":"ca"},{"@type":"WebPage","@id":"https:\/\/v2charge.com\/ca\/nou-ford-mustang-mach-e-2025-preu-autonomia-i-caracteristiques\/","url":"https:\/\/v2charge.com\/ca\/nou-ford-mustang-mach-e-2025-preu-autonomia-i-caracteristiques\/","name":"Ford Mustang Mach-E 2025: Preu, autonomia i caracter\u00edstiques","isPartOf":{"@id":"https:\/\/v2charge.com\/ca\/#website"},"primaryImageOfPage":{"@id":"https:\/\/v2charge.com\/ca\/nou-ford-mustang-mach-e-2025-preu-autonomia-i-caracteristiques\/#primaryimage"},"image":{"@id":"https:\/\/v2charge.com\/ca\/nou-ford-mustang-mach-e-2025-preu-autonomia-i-caracteristiques\/#primaryimage"},"thumbnailUrl":"https:\/\/v2charge.com\/wp-content\/uploads\/2024\/06\/ford-mustang-match-e-exterior.jpg","datePublished":"2025-06-14T11:41:00+00:00","dateModified":"2025-08-28T09:32:49+00:00","description":"El Nou Ford Mustang Mach-E 2025: Preu, Autonomia i Caracter\u00edstiques. La Versi\u00f3 El\u00e8ctrica del Cl\u00e0ssic Mustang. | Preu des de 54.045 \u20ac","breadcrumb":{"@id":"https:\/\/v2charge.com\/ca\/nou-ford-mustang-mach-e-2025-preu-autonomia-i-caracteristiques\/#breadcrumb"},"inLanguage":"ca","potentialAction":[{"@type":"ReadAction","target":["https:\/\/v2charge.com\/ca\/nou-ford-mustang-mach-e-2025-preu-autonomia-i-caracteristiques\/"]}]},{"@type":"ImageObject","inLanguage":"ca","@id":"https:\/\/v2charge.com\/ca\/nou-ford-mustang-mach-e-2025-preu-autonomia-i-caracteristiques\/#primaryimage","url":"https:\/\/v2charge.com\/wp-content\/uploads\/2024\/06\/ford-mustang-match-e-exterior.jpg","contentUrl":"https:\/\/v2charge.com\/wp-content\/uploads\/2024\/06\/ford-mustang-match-e-exterior.jpg","width":960,"height":560,"caption":"Ford Mustang Match E Precio 2024"},{"@type":"BreadcrumbList","@id":"https:\/\/v2charge.com\/ca\/nou-ford-mustang-mach-e-2025-preu-autonomia-i-caracteristiques\/#breadcrumb","itemListElement":[{"@type":"ListItem","position":1,"name":"V2C","item":"https:\/\/v2charge.com\/ca\/"},{"@type":"ListItem","position":2,"name":"Modelos de coches","item":"https:\/\/v2charge.com\/es\/e-mobility\/modelos-coches\/"},{"@type":"ListItem","position":3,"name":"Nou Ford Mustang Mach-E 2025: preu, autonomia i caracter\u00edstiques"}]},{"@type":"WebSite","@id":"https:\/\/v2charge.com\/ca\/#website","url":"https:\/\/v2charge.com\/ca\/","name":"V2C","description":"#CargandoElMa\u00f1ana","publisher":{"@id":"https:\/\/v2charge.com\/ca\/#organization"},"potentialAction":[{"@type":"SearchAction","target":{"@type":"EntryPoint","urlTemplate":"https:\/\/v2charge.com\/ca\/?s={search_term_string}"},"query-input":{"@type":"PropertyValueSpecification","valueRequired":true,"valueName":"search_term_string"}}],"inLanguage":"ca"},{"@type":"Organization","@id":"https:\/\/v2charge.com\/ca\/#organization","name":"V2C","url":"https:\/\/v2charge.com\/ca\/","logo":{"@type":"ImageObject","inLanguage":"ca","@id":"https:\/\/v2charge.com\/ca\/#\/schema\/logo\/image\/","url":"https:\/\/v2charge.com\/wp-content\/uploads\/2024\/11\/cropped-v2c-charge-logo-menu.png","contentUrl":"https:\/\/v2charge.com\/wp-content\/uploads\/2024\/11\/cropped-v2c-charge-logo-menu.png","width":984,"height":431,"caption":"V2C"},"image":{"@id":"https:\/\/v2charge.com\/ca\/#\/schema\/logo\/image\/"},"sameAs":["https:\/\/www.facebook.com\/V2C.Charge","https:\/\/x.com\/V2C_Charge","https:\/\/www.instagram.com\/v2c.charge\/","https:\/\/www.youtube.com\/@V2C","https:\/\/www.linkedin.com\/company\/v2c-chargers\/"]},{"@type":"Person","@id":"https:\/\/v2charge.com\/ca\/#\/schema\/person\/d6f210a94a856acdddec347b2127fd0f","name":"V2C","image":{"@type":"ImageObject","inLanguage":"ca","@id":"https:\/\/v2charge.com\/ca\/#\/schema\/person\/image\/","url":"https:\/\/secure.gravatar.com\/avatar\/a91128c4c0d2f4d63bd586301fdec6cc9aa49c885839b25d1c62700f529f267c?s=96&d=mm&r=g","contentUrl":"https:\/\/secure.gravatar.com\/avatar\/a91128c4c0d2f4d63bd586301fdec6cc9aa49c885839b25d1c62700f529f267c?s=96&d=mm&r=g","caption":"V2C"}}]}},"uagb_featured_image_src":{"full":["https:\/\/v2charge.com\/wp-content\/uploads\/2024\/06\/ford-mustang-match-e-exterior.jpg",960,560,false],"thumbnail":["https:\/\/v2charge.com\/wp-content\/uploads\/2024\/06\/ford-mustang-match-e-exterior-150x150.jpg",150,150,true],"medium":["https:\/\/v2charge.com\/wp-content\/uploads\/2024\/06\/ford-mustang-match-e-exterior-300x175.jpg",300,175,true],"medium_large":["https:\/\/v2charge.com\/wp-content\/uploads\/2024\/06\/ford-mustang-match-e-exterior-768x448.jpg",768,448,true],"large":["https:\/\/v2charge.com\/wp-content\/uploads\/2024\/06\/ford-mustang-match-e-exterior.jpg",960,560,false],"gs-tiny":["https:\/\/v2charge.com\/wp-content\/uploads\/2024\/06\/ford-mustang-match-e-exterior.jpg",50,29,false],"xl":["https:\/\/v2charge.com\/wp-content\/uploads\/2024\/06\/ford-mustang-match-e-exterior.jpg",960,560,false],"xxl":["https:\/\/v2charge.com\/wp-content\/uploads\/2024\/06\/ford-mustang-match-e-exterior.jpg",960,560,false],"xxxl":["https:\/\/v2charge.com\/wp-content\/uploads\/2024\/06\/ford-mustang-match-e-exterior.jpg",960,560,false],"xxxxl":["https:\/\/v2charge.com\/wp-content\/uploads\/2024\/06\/ford-mustang-match-e-exterior.jpg",960,560,false],"xxxxxl":["https:\/\/v2charge.com\/wp-content\/uploads\/2024\/06\/ford-mustang-match-e-exterior.jpg",960,560,false],"1536x1536":["https:\/\/v2charge.com\/wp-content\/uploads\/2024\/06\/ford-mustang-match-e-exterior.jpg",960,560,false],"2048x2048":["https:\/\/v2charge.com\/wp-content\/uploads\/2024\/06\/ford-mustang-match-e-exterior.jpg",960,560,false]},"uagb_author_info":{"display_name":"V2C","author_link":"https:\/\/v2charge.com\/ca\/author\/marketing\/"},"uagb_comment_info":0,"uagb_excerpt":"El Ford Mustang Mach-E 2025, el vehicle el\u00e8ctric de la gamma Mustang, ens mostra un nou concepte amb l&#8217;objectiu de combinar l&#8217;ess\u00e8ncia dels seus anteriors models i la seva tecnologia d&#8217;\u00faltima generaci\u00f3. Aquest model esportiu des que va sortir al mercat ha cridat l&#8217;atenci\u00f3 de gran part del m\u00f3n dels vehicles. Aquesta nova generaci\u00f3 de&hellip;","_links":{"self":[{"href":"https:\/\/v2charge.com\/ca\/wp-json\/wp\/v2\/posts\/310202","targetHints":{"allow":["GET"]}}],"collection":[{"href":"https:\/\/v2charge.com\/ca\/wp-json\/wp\/v2\/posts"}],"about":[{"href":"https:\/\/v2charge.com\/ca\/wp-json\/wp\/v2\/types\/post"}],"author":[{"embeddable":true,"href":"https:\/\/v2charge.com\/ca\/wp-json\/wp\/v2\/users\/400"}],"replies":[{"embeddable":true,"href":"https:\/\/v2charge.com\/ca\/wp-json\/wp\/v2\/comments?post=310202"}],"version-history":[{"count":0,"href":"https:\/\/v2charge.com\/ca\/wp-json\/wp\/v2\/posts\/310202\/revisions"}],"wp:featuredmedia":[{"embeddable":true,"href":"https:\/\/v2charge.com\/ca\/wp-json\/wp\/v2\/media\/160514"}],"wp:attachment":[{"href":"https:\/\/v2charge.com\/ca\/wp-json\/wp\/v2\/media?parent=310202"}],"wp:term":[{"taxonomy":"category","embeddable":true,"href":"https:\/\/v2charge.com\/ca\/wp-json\/wp\/v2\/categories?post=310202"},{"taxonomy":"post_tag","embeddable":true,"href":"https:\/\/v2charge.com\/ca\/wp-json\/wp\/v2\/tags?post=310202"}],"curies":[{"name":"wp","href":"https:\/\/api.w.org\/{rel}","templated":true}]}}