{"id":310211,"date":"2018-03-20T16:47:02","date_gmt":"2018-03-20T16:47:02","guid":{"rendered":""},"modified":"2023-11-23T16:15:48","modified_gmt":"2023-11-23T14:15:48","slug":"passar-a-cotxe-electric-que-cal-saber-part-2","status":"publish","type":"post","link":"https:\/\/v2charge.com\/ca\/passar-a-cotxe-electric-que-cal-saber-part-2\/","title":{"rendered":"Passar a cotxe el\u00e8ctric, qu\u00e8 cal saber? (Part 2)"},"content":{"rendered":"<h2>Quins avantatges t\u00e9 obtenir un cotxe el\u00e8ctric?<\/h2>\n<h3>Evitar les restriccions de circulaci\u00f3<\/h3>\n<p>Com s&#8217;ha tractat en l&#8217;article anterior, influ\u00efts per les pol\u00edtiques del Govern, les Ajuntaments de les grans ciutats contaminades restringeixen l&#8217;acc\u00e9s als vehicles contaminants. Per exemple, la ciutat de Par\u00eds prohibeix des de l&#8217;1<sup>er<\/sup> de juliol de 2017 la circulaci\u00f3 dels vehicles di\u00e8sel matriculats abans del 2001 i dels vehicles utilitaris d&#8217;abans del 2002, entre les 8h i les 20h de dilluns a divendres. Aquesta categoria correspon a la categoria 5 de les etiquetes Crit&#8217;air. Els vehicles pesants, autobusos i autocars matriculats abans d&#8217;octubre de 2006, a m\u00e9s, ja no tenen dret a circular a Par\u00eds. A m\u00e9s, el nombre de categories de vehicles prohibits a la circulaci\u00f3 augmentar\u00e0 entre el 2018 i el 2020 segons el pla anti-contaminaci\u00f3 de l&#8217;Alcaldessa de Par\u00eds, Anne Hidalgo.<\/p>\n<p>El nombre de ciutats que apliquen restriccions augmenta, amb m\u00e9s de 20 ciutats franceses afectades com ara Lille, Arras, Dunkerque, Reims o Dijon al nord del pa\u00eds, Estrasburg a l&#8217;est, Rouen a l&#8217;oest, Li\u00f3, Sant Etienne, Grenoble, Montpellier, Aviny\u00f3 al sud-est, o Tolosa, Bord\u00e8u, Baiona i Biarritz al sud-oest.<\/p>\n<h3>Primes governamentals 2018:<\/h3>\n<p>Amb l&#8217;objectiu de motivar la poblaci\u00f3 a adoptar vehicles nets, l&#8217;Estat franc\u00e8s ofereix un bonus i una prima a l&#8217;adquisici\u00f3 d&#8217;un cotxe el\u00e8ctric:<\/p>\n<ul>\n<li><strong>6000\u20ac de bonus a l&#8217;adquisici\u00f3<\/strong>: Ofert per als cotxes particulars i utilitaris lleugers el\u00e8ctrics. L&#8217;import est\u00e0 limitat al 27% del cost d&#8217;adquisici\u00f3 TTC del vehicle, per\u00f2 pot ser revisat a l&#8217;al\u00e7a en cas de lloguer de les bateries del vehicle. Aquesta ajuda s&#8217;ha eliminat per als vehicles que emeten entre 21 i 60 grams de CO\u00b2 per quil\u00f2metre, \u00e9s a dir, per als vehicles h\u00edbrids.<\/li>\n<li><strong>Prima a la reconversi\u00f3<\/strong>: A l&#8217;adquisici\u00f3 d&#8217;un cotxe el\u00e8ctric, la posada a la ferralla d&#8217;un cotxe de gasolina datat de 1997 o anterior o d&#8217;un cotxe di\u00e8sel datat de 2001 o anterior, t&#8217;ofereix una prima de 2500\u20ac.<\/li>\n<\/ul>\n<p>\u00c9s a dir, que per a l&#8217;adquisici\u00f3 d&#8217;un cotxe el\u00e8ctric, el preu pot reduir-se fins a 8500\u20ac com a m\u00e0xim, sempre que l&#8217; comprador posi a la ferralla un cotxe contaminant com s&#8217;ha mencionat anteriorment.<\/p>\n<h3>L&#8217;asseguran\u00e7a<\/h3>\n<p>Les assegurances dels vehicles el\u00e8ctrics s\u00f3n les mateixes que per als vehicles t\u00e8rmics:<\/p>\n<ul>\n<li><strong>Asseguran\u00e7a a tercers<\/strong>: m\u00ednim legal obligatori: responsabilitat civil, que cobreix en cas de danys causats a un tercer.<\/li>\n<li><strong>Asseguran\u00e7a a tercers ampliada<\/strong>: mateixa asseguran\u00e7a amb complements com el trencament de vidres, robatori, incendi, calamarsa, cat\u00e0strofes naturals, esdeveniments clim\u00e0tics, etc.<\/li>\n<li><strong>Asseguran\u00e7a a tot risc<\/strong>: Cobreix la totalitat dels riscos tamb\u00e9 en cas de responsabilitat directa, \u00e9s a dir, si la culpa \u00e9s de l&#8217;assegurat, fins i tot en cas de p\u00e8rdua total de control del vehicle.<\/li>\n<\/ul>\n<p>A m\u00e9s, els seus preus depenen dels mateixos criteris que per als cotxes t\u00e8rmics: Pot\u00e8ncia del vehicle, valor a nou del vehicle, zona geogr\u00e0fica de circulaci\u00f3 i estacionament, l&#8217;\u00fas del vehicle (professional, personal o ambd\u00f3s), el nombre de conductors, l&#8217;edat del conductor, data d&#8217;obtenci\u00f3 del perm\u00eds de conduir, data d&#8217;asseguran\u00e7a i el passat del conductor (accidents anteriors o condemnes).<\/p>\n<p>Tanmateix, algunes assegurances ofereixen avantatges als propietaris de vehicles el\u00e8ctrics. Alguns s\u00f3n en termes de preu com AXA que ofereix un 30% de descompte en l&#8217;asseguran\u00e7a de tots els vehicles 100% el\u00e8ctrics, o altres s\u00f3n en termes d&#8217;ajuda a l&#8217;adquisici\u00f3 com la MAFF que proposa un descompte de 100 \u20ac sobre les quotes d&#8217;asseguran\u00e7a i ofereix un cr\u00e8dit de finan\u00e7ament del vehicle a tipus preferencial.<\/p>\n<p>D&#8217;altra banda, <strong>una gran atenci\u00f3<\/strong> s&#8217;ha de prestar a una cosa: Si la bateria del cotxe tamb\u00e9 est\u00e0 coberta per l&#8217;asseguran\u00e7a. De fet, si es produeix un problema en un cotxe el\u00e8ctric, sovint prov\u00e9 de la bateria, que no sempre est\u00e0 coberta per l&#8217;asseguran\u00e7a.<\/p>\n<p>El problema es presenta sobretot quan la bateria \u00e9s de lloguer. De fet, \u00e9s impossible assegurar un b\u00e9 que no ens pertany. Ara b\u00e9, el fabricant que ven el vehicle no sempre \u00e9s propietari de les bateries tampoc, cal informar-se amb l&#8217;empresa llogatera.<\/p>\n<p>Per descomptat, com les ofertes dels asseguradors canvien cada any, es recomana comparar-les entre elles per trobar la que millor s&#8217;adapti al conductor i al seu cotxe.<\/p>\n<h3>Cost de la targeta de circulaci\u00f3<\/h3>\n<p>Per a l&#8217;adquisici\u00f3 d&#8217;un vehicle el\u00e8ctric nou o de segona m\u00e0, s&#8217;aplica un bonus que nom\u00e9s fa pagar els costos administratius. Aquests costos varien en funci\u00f3 de les regions d&#8217;immatriculaci\u00f3 per\u00f2 s\u00f3n molt econ\u00f2mics o fins i tot gratu\u00efts.<\/p>\n<h3>Manteniment del vehicle<\/h3>\n<p>El manteniment dels cotxes el\u00e8ctrics \u00e9s molt menys important que per als cotxes de gasolina o di\u00e8sel. De fet, la mec\u00e0nica \u00e9s simplificada i fa desapar\u00e8ixer algunes operacions de manteniment com la corretja de distribuci\u00f3, el canvi d&#8217;oli, les espelmes, etc. Tanmateix, hi ha alguns manteniments obligatoris per a la seguretat del cotxe i dels seus passatgers com el canvi d&#8217;escombra de neteja, de pneum\u00e0tics, de discs i de pastilles de fre. No obstant aix\u00f2, cal destacar que els sistemes de recuperaci\u00f3 d&#8217;energia en el fre que equipen cada vegada m\u00e9s vehicles, redueixen l&#8217;\u00fas de les pastilles de fre i les fan durar m\u00e9s temps.<\/p>\n<p>Els fabricants demanen, en canvi, un control anual de l&#8217;estat de la bateria del vehicle.<\/p>\n<p>Per veure l&#8217;\u00faltima part d&#8217;aquest article feu clic <a href=\"https:\/\/www.v2charge.com\/ca\/passar-a-la-cotxe-electric-que-cal-saber-darrera-part\/\">AQUI<\/a><\/p>\n<p>Per veure la part anterior sobre el mercat de l&#8217;autom\u00f2bil el\u00e8ctric, feu clic <a href=\"https:\/\/www.v2charge.com\/ca\/passar-a-cotxe-electric-que-cal-saber\/\">aqu\u00ed.<\/a><\/p>\n","protected":false},"excerpt":{"rendered":"<p>Quins avantatges t\u00e9 obtenir un cotxe el\u00e8ctric? Evitar les restriccions de circulaci\u00f3 Com s&#8217;ha tractat en l&#8217;article anterior, influ\u00efts per les pol\u00edtiques del Govern, les Ajuntaments de les grans ciutats contaminades restringeixen l&#8217;acc\u00e9s als vehicles contaminants. Per exemple, la ciutat de Par\u00eds prohibeix des de l&#8217;1er de juliol de 2017 la circulaci\u00f3 dels vehicles di\u00e8sel &#8230; <a title=\"Passar a cotxe el\u00e8ctric, qu\u00e8 cal saber? (Part 2)\" class=\"read-more\" href=\"https:\/\/v2charge.com\/ca\/passar-a-cotxe-electric-que-cal-saber-part-2\/\" aria-label=\"M\u00e9s informaci\u00f3 sobre Passar a cotxe el\u00e8ctric, qu\u00e8 cal saber? (Part 2)\">Llegiu m\u00e9s<\/a><\/p>\n","protected":false},"author":1,"featured_media":63926,"comment_status":"closed","ping_status":"closed","sticky":false,"template":"","format":"standard","meta":{"_eb_attr":"","content-type":"","_uag_custom_page_level_css":"","footnotes":""},"categories":[],"tags":[],"class_list":["post-310211","post","type-post","status-publish","format-standard","has-post-thumbnail","hentry"],"yoast_head":"<!-- This site is optimized with the Yoast SEO plugin v25.3.1 - https:\/\/yoast.com\/wordpress\/plugins\/seo\/ -->\n<title>Passar a cotxe el\u00e8ctric, qu\u00e8 cal saber? (Part 2) - V2C<\/title>\n<meta name=\"description\" content=\"Si esteu pensant a comprar un cotxe el\u00e8ctric, heu de saber algunes coses. Aqu\u00ed teniu una mica d&#039;informaci\u00f3 que us ser\u00e0 \u00fatil. [Part 2]\" \/>\n<meta name=\"robots\" content=\"index, follow, max-snippet:-1, max-image-preview:large, max-video-preview:-1\" \/>\n<link rel=\"canonical\" href=\"https:\/\/v2charge.com\/ca\/passar-a-cotxe-electric-que-cal-saber-part-2\/\" \/>\n<meta property=\"og:locale\" content=\"ca_ES\" \/>\n<meta property=\"og:type\" content=\"article\" \/>\n<meta property=\"og:title\" content=\"Passar a cotxe el\u00e8ctric, qu\u00e8 cal saber? (Part 2) - V2C\" \/>\n<meta property=\"og:description\" content=\"Si esteu pensant a comprar un cotxe el\u00e8ctric, heu de saber algunes coses. Aqu\u00ed teniu una mica d&#039;informaci\u00f3 que us ser\u00e0 \u00fatil. [Part 2]\" \/>\n<meta property=\"og:url\" content=\"https:\/\/v2charge.com\/ca\/passar-a-cotxe-electric-que-cal-saber-part-2\/\" \/>\n<meta property=\"og:site_name\" content=\"V2C\" \/>\n<meta property=\"article:publisher\" content=\"https:\/\/www.facebook.com\/V2C.Charge\" \/>\n<meta property=\"article:published_time\" content=\"2018-03-20T16:47:02+00:00\" \/>\n<meta property=\"article:modified_time\" content=\"2023-11-23T14:15:48+00:00\" \/>\n<meta property=\"og:image\" content=\"https:\/\/v2charge.com\/wp-content\/uploads\/2018\/03\/coche-electrico.jpg\" \/>\n\t<meta property=\"og:image:width\" content=\"600\" \/>\n\t<meta property=\"og:image:height\" content=\"600\" \/>\n\t<meta property=\"og:image:type\" content=\"image\/jpeg\" \/>\n<meta name=\"author\" content=\"V2C\" \/>\n<meta name=\"twitter:card\" content=\"summary_large_image\" \/>\n<meta name=\"twitter:creator\" content=\"@V2C_Charge\" \/>\n<meta name=\"twitter:site\" content=\"@V2C_Charge\" \/>\n<meta name=\"twitter:label1\" content=\"Escrit per\" \/>\n\t<meta name=\"twitter:data1\" content=\"V2C\" \/>\n\t<meta name=\"twitter:label2\" content=\"Temps estimat de lectura\" \/>\n\t<meta name=\"twitter:data2\" content=\"4 minuts\" \/>\n<script type=\"application\/ld+json\" class=\"yoast-schema-graph\">{\"@context\":\"https:\/\/schema.org\",\"@graph\":[{\"@type\":\"Article\",\"@id\":\"https:\/\/v2charge.com\/ca\/passar-a-cotxe-electric-que-cal-saber-part-2\/#article\",\"isPartOf\":{\"@id\":\"https:\/\/v2charge.com\/ca\/passar-a-cotxe-electric-que-cal-saber-part-2\/\"},\"author\":{\"name\":\"V2C\",\"@id\":\"https:\/\/v2charge.com\/ca\/#\/schema\/person\/f29e67a85380accce2b8b9139c993f42\"},\"headline\":\"Passar a cotxe el\u00e8ctric, qu\u00e8 cal saber? (Part 2)\",\"datePublished\":\"2018-03-20T16:47:02+00:00\",\"dateModified\":\"2023-11-23T14:15:48+00:00\",\"mainEntityOfPage\":{\"@id\":\"https:\/\/v2charge.com\/ca\/passar-a-cotxe-electric-que-cal-saber-part-2\/\"},\"wordCount\":977,\"publisher\":{\"@id\":\"https:\/\/v2charge.com\/ca\/#organization\"},\"image\":{\"@id\":\"https:\/\/v2charge.com\/ca\/passar-a-cotxe-electric-que-cal-saber-part-2\/#primaryimage\"},\"thumbnailUrl\":\"https:\/\/v2charge.com\/wp-content\/uploads\/2018\/03\/coche-electrico.jpg\",\"inLanguage\":\"ca\"},{\"@type\":\"WebPage\",\"@id\":\"https:\/\/v2charge.com\/ca\/passar-a-cotxe-electric-que-cal-saber-part-2\/\",\"url\":\"https:\/\/v2charge.com\/ca\/passar-a-cotxe-electric-que-cal-saber-part-2\/\",\"name\":\"Passar a cotxe el\u00e8ctric, qu\u00e8 cal saber? (Part 2) - V2C\",\"isPartOf\":{\"@id\":\"https:\/\/v2charge.com\/ca\/#website\"},\"primaryImageOfPage\":{\"@id\":\"https:\/\/v2charge.com\/ca\/passar-a-cotxe-electric-que-cal-saber-part-2\/#primaryimage\"},\"image\":{\"@id\":\"https:\/\/v2charge.com\/ca\/passar-a-cotxe-electric-que-cal-saber-part-2\/#primaryimage\"},\"thumbnailUrl\":\"https:\/\/v2charge.com\/wp-content\/uploads\/2018\/03\/coche-electrico.jpg\",\"datePublished\":\"2018-03-20T16:47:02+00:00\",\"dateModified\":\"2023-11-23T14:15:48+00:00\",\"description\":\"Si esteu pensant a comprar un cotxe el\u00e8ctric, heu de saber algunes coses. Aqu\u00ed teniu una mica d'informaci\u00f3 que us ser\u00e0 \u00fatil. [Part 2]\",\"breadcrumb\":{\"@id\":\"https:\/\/v2charge.com\/ca\/passar-a-cotxe-electric-que-cal-saber-part-2\/#breadcrumb\"},\"inLanguage\":\"ca\",\"potentialAction\":[{\"@type\":\"ReadAction\",\"target\":[\"https:\/\/v2charge.com\/ca\/passar-a-cotxe-electric-que-cal-saber-part-2\/\"]}]},{\"@type\":\"ImageObject\",\"inLanguage\":\"ca\",\"@id\":\"https:\/\/v2charge.com\/ca\/passar-a-cotxe-electric-que-cal-saber-part-2\/#primaryimage\",\"url\":\"https:\/\/v2charge.com\/wp-content\/uploads\/2018\/03\/coche-electrico.jpg\",\"contentUrl\":\"https:\/\/v2charge.com\/wp-content\/uploads\/2018\/03\/coche-electrico.jpg\",\"width\":600,\"height\":600},{\"@type\":\"BreadcrumbList\",\"@id\":\"https:\/\/v2charge.com\/ca\/passar-a-cotxe-electric-que-cal-saber-part-2\/#breadcrumb\",\"itemListElement\":[{\"@type\":\"ListItem\",\"position\":1,\"name\":\"V2C\",\"item\":\"https:\/\/v2charge.com\/ca\/\"},{\"@type\":\"ListItem\",\"position\":2,\"name\":\"Passar a cotxe el\u00e8ctric, qu\u00e8 cal saber? (Part 2)\"}]},{\"@type\":\"WebSite\",\"@id\":\"https:\/\/v2charge.com\/ca\/#website\",\"url\":\"https:\/\/v2charge.com\/ca\/\",\"name\":\"V2C\",\"description\":\"#CargandoElMa\u00f1ana\",\"publisher\":{\"@id\":\"https:\/\/v2charge.com\/ca\/#organization\"},\"potentialAction\":[{\"@type\":\"SearchAction\",\"target\":{\"@type\":\"EntryPoint\",\"urlTemplate\":\"https:\/\/v2charge.com\/ca\/?s={search_term_string}\"},\"query-input\":{\"@type\":\"PropertyValueSpecification\",\"valueRequired\":true,\"valueName\":\"search_term_string\"}}],\"inLanguage\":\"ca\"},{\"@type\":\"Organization\",\"@id\":\"https:\/\/v2charge.com\/ca\/#organization\",\"name\":\"V2C\",\"url\":\"https:\/\/v2charge.com\/ca\/\",\"logo\":{\"@type\":\"ImageObject\",\"inLanguage\":\"ca\",\"@id\":\"https:\/\/v2charge.com\/ca\/#\/schema\/logo\/image\/\",\"url\":\"https:\/\/v2charge.com\/wp-content\/uploads\/2024\/11\/cropped-v2c-charge-logo-menu.png\",\"contentUrl\":\"https:\/\/v2charge.com\/wp-content\/uploads\/2024\/11\/cropped-v2c-charge-logo-menu.png\",\"width\":984,\"height\":431,\"caption\":\"V2C\"},\"image\":{\"@id\":\"https:\/\/v2charge.com\/ca\/#\/schema\/logo\/image\/\"},\"sameAs\":[\"https:\/\/www.facebook.com\/V2C.Charge\",\"https:\/\/x.com\/V2C_Charge\",\"https:\/\/www.instagram.com\/v2c.charge\/\",\"https:\/\/www.youtube.com\/@V2C\",\"https:\/\/www.linkedin.com\/company\/v2c-chargers\/\"]},{\"@type\":\"Person\",\"@id\":\"https:\/\/v2charge.com\/ca\/#\/schema\/person\/f29e67a85380accce2b8b9139c993f42\",\"name\":\"V2C\",\"image\":{\"@type\":\"ImageObject\",\"inLanguage\":\"ca\",\"@id\":\"https:\/\/v2charge.com\/ca\/#\/schema\/person\/image\/\",\"url\":\"https:\/\/secure.gravatar.com\/avatar\/6b569efe71f377f865d3c6d7d046c620e6ecf71400555f6ac3a8d31ade20562b?s=96&d=mm&r=g\",\"contentUrl\":\"https:\/\/secure.gravatar.com\/avatar\/6b569efe71f377f865d3c6d7d046c620e6ecf71400555f6ac3a8d31ade20562b?s=96&d=mm&r=g\",\"caption\":\"V2C\"}}]}<\/script>\n<!-- \/ Yoast SEO plugin. -->","yoast_head_json":{"title":"Passar a cotxe el\u00e8ctric, qu\u00e8 cal saber? (Part 2) - V2C","description":"Si esteu pensant a comprar un cotxe el\u00e8ctric, heu de saber algunes coses. Aqu\u00ed teniu una mica d'informaci\u00f3 que us ser\u00e0 \u00fatil. [Part 2]","robots":{"index":"index","follow":"follow","max-snippet":"max-snippet:-1","max-image-preview":"max-image-preview:large","max-video-preview":"max-video-preview:-1"},"canonical":"https:\/\/v2charge.com\/ca\/passar-a-cotxe-electric-que-cal-saber-part-2\/","og_locale":"ca_ES","og_type":"article","og_title":"Passar a cotxe el\u00e8ctric, qu\u00e8 cal saber? (Part 2) - V2C","og_description":"Si esteu pensant a comprar un cotxe el\u00e8ctric, heu de saber algunes coses. Aqu\u00ed teniu una mica d'informaci\u00f3 que us ser\u00e0 \u00fatil. [Part 2]","og_url":"https:\/\/v2charge.com\/ca\/passar-a-cotxe-electric-que-cal-saber-part-2\/","og_site_name":"V2C","article_publisher":"https:\/\/www.facebook.com\/V2C.Charge","article_published_time":"2018-03-20T16:47:02+00:00","article_modified_time":"2023-11-23T14:15:48+00:00","og_image":[{"width":600,"height":600,"url":"https:\/\/v2charge.com\/wp-content\/uploads\/2018\/03\/coche-electrico.jpg","type":"image\/jpeg"}],"author":"V2C","twitter_card":"summary_large_image","twitter_creator":"@V2C_Charge","twitter_site":"@V2C_Charge","twitter_misc":{"Escrit per":"V2C","Temps estimat de lectura":"4 minuts"},"schema":{"@context":"https:\/\/schema.org","@graph":[{"@type":"Article","@id":"https:\/\/v2charge.com\/ca\/passar-a-cotxe-electric-que-cal-saber-part-2\/#article","isPartOf":{"@id":"https:\/\/v2charge.com\/ca\/passar-a-cotxe-electric-que-cal-saber-part-2\/"},"author":{"name":"V2C","@id":"https:\/\/v2charge.com\/ca\/#\/schema\/person\/f29e67a85380accce2b8b9139c993f42"},"headline":"Passar a cotxe el\u00e8ctric, qu\u00e8 cal saber? (Part 2)","datePublished":"2018-03-20T16:47:02+00:00","dateModified":"2023-11-23T14:15:48+00:00","mainEntityOfPage":{"@id":"https:\/\/v2charge.com\/ca\/passar-a-cotxe-electric-que-cal-saber-part-2\/"},"wordCount":977,"publisher":{"@id":"https:\/\/v2charge.com\/ca\/#organization"},"image":{"@id":"https:\/\/v2charge.com\/ca\/passar-a-cotxe-electric-que-cal-saber-part-2\/#primaryimage"},"thumbnailUrl":"https:\/\/v2charge.com\/wp-content\/uploads\/2018\/03\/coche-electrico.jpg","inLanguage":"ca"},{"@type":"WebPage","@id":"https:\/\/v2charge.com\/ca\/passar-a-cotxe-electric-que-cal-saber-part-2\/","url":"https:\/\/v2charge.com\/ca\/passar-a-cotxe-electric-que-cal-saber-part-2\/","name":"Passar a cotxe el\u00e8ctric, qu\u00e8 cal saber? (Part 2) - V2C","isPartOf":{"@id":"https:\/\/v2charge.com\/ca\/#website"},"primaryImageOfPage":{"@id":"https:\/\/v2charge.com\/ca\/passar-a-cotxe-electric-que-cal-saber-part-2\/#primaryimage"},"image":{"@id":"https:\/\/v2charge.com\/ca\/passar-a-cotxe-electric-que-cal-saber-part-2\/#primaryimage"},"thumbnailUrl":"https:\/\/v2charge.com\/wp-content\/uploads\/2018\/03\/coche-electrico.jpg","datePublished":"2018-03-20T16:47:02+00:00","dateModified":"2023-11-23T14:15:48+00:00","description":"Si esteu pensant a comprar un cotxe el\u00e8ctric, heu de saber algunes coses. Aqu\u00ed teniu una mica d'informaci\u00f3 que us ser\u00e0 \u00fatil. [Part 2]","breadcrumb":{"@id":"https:\/\/v2charge.com\/ca\/passar-a-cotxe-electric-que-cal-saber-part-2\/#breadcrumb"},"inLanguage":"ca","potentialAction":[{"@type":"ReadAction","target":["https:\/\/v2charge.com\/ca\/passar-a-cotxe-electric-que-cal-saber-part-2\/"]}]},{"@type":"ImageObject","inLanguage":"ca","@id":"https:\/\/v2charge.com\/ca\/passar-a-cotxe-electric-que-cal-saber-part-2\/#primaryimage","url":"https:\/\/v2charge.com\/wp-content\/uploads\/2018\/03\/coche-electrico.jpg","contentUrl":"https:\/\/v2charge.com\/wp-content\/uploads\/2018\/03\/coche-electrico.jpg","width":600,"height":600},{"@type":"BreadcrumbList","@id":"https:\/\/v2charge.com\/ca\/passar-a-cotxe-electric-que-cal-saber-part-2\/#breadcrumb","itemListElement":[{"@type":"ListItem","position":1,"name":"V2C","item":"https:\/\/v2charge.com\/ca\/"},{"@type":"ListItem","position":2,"name":"Passar a cotxe el\u00e8ctric, qu\u00e8 cal saber? (Part 2)"}]},{"@type":"WebSite","@id":"https:\/\/v2charge.com\/ca\/#website","url":"https:\/\/v2charge.com\/ca\/","name":"V2C","description":"#CargandoElMa\u00f1ana","publisher":{"@id":"https:\/\/v2charge.com\/ca\/#organization"},"potentialAction":[{"@type":"SearchAction","target":{"@type":"EntryPoint","urlTemplate":"https:\/\/v2charge.com\/ca\/?s={search_term_string}"},"query-input":{"@type":"PropertyValueSpecification","valueRequired":true,"valueName":"search_term_string"}}],"inLanguage":"ca"},{"@type":"Organization","@id":"https:\/\/v2charge.com\/ca\/#organization","name":"V2C","url":"https:\/\/v2charge.com\/ca\/","logo":{"@type":"ImageObject","inLanguage":"ca","@id":"https:\/\/v2charge.com\/ca\/#\/schema\/logo\/image\/","url":"https:\/\/v2charge.com\/wp-content\/uploads\/2024\/11\/cropped-v2c-charge-logo-menu.png","contentUrl":"https:\/\/v2charge.com\/wp-content\/uploads\/2024\/11\/cropped-v2c-charge-logo-menu.png","width":984,"height":431,"caption":"V2C"},"image":{"@id":"https:\/\/v2charge.com\/ca\/#\/schema\/logo\/image\/"},"sameAs":["https:\/\/www.facebook.com\/V2C.Charge","https:\/\/x.com\/V2C_Charge","https:\/\/www.instagram.com\/v2c.charge\/","https:\/\/www.youtube.com\/@V2C","https:\/\/www.linkedin.com\/company\/v2c-chargers\/"]},{"@type":"Person","@id":"https:\/\/v2charge.com\/ca\/#\/schema\/person\/f29e67a85380accce2b8b9139c993f42","name":"V2C","image":{"@type":"ImageObject","inLanguage":"ca","@id":"https:\/\/v2charge.com\/ca\/#\/schema\/person\/image\/","url":"https:\/\/secure.gravatar.com\/avatar\/6b569efe71f377f865d3c6d7d046c620e6ecf71400555f6ac3a8d31ade20562b?s=96&d=mm&r=g","contentUrl":"https:\/\/secure.gravatar.com\/avatar\/6b569efe71f377f865d3c6d7d046c620e6ecf71400555f6ac3a8d31ade20562b?s=96&d=mm&r=g","caption":"V2C"}}]}},"uagb_featured_image_src":{"full":["https:\/\/v2charge.com\/wp-content\/uploads\/2018\/03\/coche-electrico.jpg",600,600,false],"thumbnail":["https:\/\/v2charge.com\/wp-content\/uploads\/2018\/03\/coche-electrico-150x150.jpg",150,150,true],"medium":["https:\/\/v2charge.com\/wp-content\/uploads\/2018\/03\/coche-electrico-300x300.jpg",300,300,true],"medium_large":["https:\/\/v2charge.com\/wp-content\/uploads\/2018\/03\/coche-electrico.jpg",600,600,false],"large":["https:\/\/v2charge.com\/wp-content\/uploads\/2018\/03\/coche-electrico.jpg",600,600,false],"gs-tiny":["https:\/\/v2charge.com\/wp-content\/uploads\/2018\/03\/coche-electrico.jpg",50,50,false],"xl":["https:\/\/v2charge.com\/wp-content\/uploads\/2018\/03\/coche-electrico.jpg",600,600,false],"xxl":["https:\/\/v2charge.com\/wp-content\/uploads\/2018\/03\/coche-electrico.jpg",600,600,false],"xxxl":["https:\/\/v2charge.com\/wp-content\/uploads\/2018\/03\/coche-electrico.jpg",600,600,false],"xxxxl":["https:\/\/v2charge.com\/wp-content\/uploads\/2018\/03\/coche-electrico.jpg",600,600,false],"xxxxxl":["https:\/\/v2charge.com\/wp-content\/uploads\/2018\/03\/coche-electrico.jpg",600,600,false],"1536x1536":["https:\/\/v2charge.com\/wp-content\/uploads\/2018\/03\/coche-electrico.jpg",600,600,false],"2048x2048":["https:\/\/v2charge.com\/wp-content\/uploads\/2018\/03\/coche-electrico.jpg",600,600,false]},"uagb_author_info":{"display_name":"V2C","author_link":"https:\/\/v2charge.com\/ca\/author\/root_k4eu7ki8\/"},"uagb_comment_info":0,"uagb_excerpt":"Quins avantatges t\u00e9 obtenir un cotxe el\u00e8ctric? Evitar les restriccions de circulaci\u00f3 Com s&#8217;ha tractat en l&#8217;article anterior, influ\u00efts per les pol\u00edtiques del Govern, les Ajuntaments de les grans ciutats contaminades restringeixen l&#8217;acc\u00e9s als vehicles contaminants. Per exemple, la ciutat de Par\u00eds prohibeix des de l&#8217;1er de juliol de 2017 la circulaci\u00f3 dels vehicles di\u00e8sel&hellip;","_links":{"self":[{"href":"https:\/\/v2charge.com\/ca\/wp-json\/wp\/v2\/posts\/310211","targetHints":{"allow":["GET"]}}],"collection":[{"href":"https:\/\/v2charge.com\/ca\/wp-json\/wp\/v2\/posts"}],"about":[{"href":"https:\/\/v2charge.com\/ca\/wp-json\/wp\/v2\/types\/post"}],"author":[{"embeddable":true,"href":"https:\/\/v2charge.com\/ca\/wp-json\/wp\/v2\/users\/1"}],"replies":[{"embeddable":true,"href":"https:\/\/v2charge.com\/ca\/wp-json\/wp\/v2\/comments?post=310211"}],"version-history":[{"count":0,"href":"https:\/\/v2charge.com\/ca\/wp-json\/wp\/v2\/posts\/310211\/revisions"}],"wp:featuredmedia":[{"embeddable":true,"href":"https:\/\/v2charge.com\/ca\/wp-json\/wp\/v2\/media\/63926"}],"wp:attachment":[{"href":"https:\/\/v2charge.com\/ca\/wp-json\/wp\/v2\/media?parent=310211"}],"wp:term":[{"taxonomy":"category","embeddable":true,"href":"https:\/\/v2charge.com\/ca\/wp-json\/wp\/v2\/categories?post=310211"},{"taxonomy":"post_tag","embeddable":true,"href":"https:\/\/v2charge.com\/ca\/wp-json\/wp\/v2\/tags?post=310211"}],"curies":[{"name":"wp","href":"https:\/\/api.w.org\/{rel}","templated":true}]}}