{"id":310215,"date":"2018-03-21T16:37:20","date_gmt":"2018-03-21T16:37:20","guid":{"rendered":""},"modified":"2023-11-23T16:15:47","modified_gmt":"2023-11-23T14:15:47","slug":"passar-a-la-cotxe-electric-que-cal-saber-darrera-part","status":"publish","type":"post","link":"https:\/\/v2charge.com\/ca\/passar-a-la-cotxe-electric-que-cal-saber-darrera-part\/","title":{"rendered":"Passar a la cotxe el\u00e8ctric, qu\u00e8 cal saber? (Darrera part)"},"content":{"rendered":"<ol start=\"3\">\n<li><strong> Carregar un cotxe el\u00e8ctric&nbsp;<\/strong><\/li>\n<\/ol>\n<p>Cada vehicle el\u00e8ctric ha de carregar-se per poder funcionar durant molt de temps. Hi ha diversos modes i tipus de c\u00e0rrega.<\/p>\n<p>Els modes de c\u00e0rrega estan relacionats amb el nivell de comunicaci\u00f3 entre el vehicle el\u00e8ctric (VE) i el punt de c\u00e0rrega. \u00c9s a dir, estan relacionats amb el control que tenim sobre el proc\u00e9s de c\u00e0rrega. \u00c9s efectivament possible programar-ho, veure l&#8217;estat de c\u00e0rrega, aturar-la, reprendre la c\u00e0rrega o reduir la seva intensitat per regular el consum a la xarxa el\u00e8ctrica. En aquesta part veurem els diferents modes, endolls, tipus i solucions de c\u00e0rrega.<\/p>\n<p><u>3.1 Modes de c\u00e0rrega&nbsp;:<\/u><\/p>\n<p><strong>Mode 1&nbsp;<\/strong>: Endoll dom\u00e8stic de tipus Schuko sense comunicaci\u00f3 entre l&#8217;estructura de c\u00e0rrega i el vehicle. \u00c9s a dir, no hi ha comunicaci\u00f3 amb la xarxa, per tant no controlem el curs de la c\u00e0rrega. Per a aquest mode de c\u00e0rrega s&#8217;utilitza un endoll de corrent convencional.<\/p>\n<p><strong>Mode 2<\/strong>&nbsp;: Endoll dom\u00e8stic de tipus Schuko a la paret amb un sistema de funci\u00f3 pilot incl\u00f2s al cable. Aquest cable compta amb un dispositiu intermedi de control pilot (caixa) que serveix per verificar que el vehicle est\u00e0 correctament connectat a la xarxa.<\/p>\n<p><strong>Mode 3<\/strong>&nbsp;: T\u00e9 un alt grau de comunicaci\u00f3 amb la xarxa. Els dispositius de control i protecci\u00f3 es troben al propi punt de c\u00e0rrega (Wallbox, terminals) i el cable inclou un pilot de comunicaci\u00f3. Per exemple, utilitzen el connector SAE J1772, Mennekes (IEC 62196).<\/p>\n<p><strong>Mode 4<\/strong>&nbsp;: Amb un alt grau de comunicaci\u00f3 amb la xarxa, hi ha un convertidor de corrent continu que s&#8217;aplica nom\u00e9s a la c\u00e0rrega r\u00e0pida (Estaci\u00f3 de c\u00e0rrega). Per exemple, amb el connector CHAdeMO o COMBO DC.<\/p>\n<p><u>3.2 Endolls de c\u00e0rrega&nbsp;:<\/u><\/p>\n<p><strong>L&#8217;endoll dom\u00e8stic&nbsp;:<\/strong><\/p>\n<p><strong><img decoding=\"async\" class=\"attachment-266x266 alignleft\" src=\"https:\/\/www.wallboxok.com\/wp-content\/uploads\/2018\/03\/prise-domestique.jpg\" alt=\"\" width=\"132\" height=\"132\"><\/strong><\/p>\n<p>\u00c9s l&#8217;endoll m\u00e9s est\u00e8s, tant a nivell d&#8217;habitatges com a nivell d&#8217;infraestructures de c\u00e0rrega p\u00fabliques. T\u00e9 una pot\u00e8ncia de 3 kW sobre un corrent monof\u00e0sic que equipa la majoria dels habitatges. Es troba en una infraestructura com una casa, un garatge o un aparcament interior. Aquest endoll permet els modes de c\u00e0rrega 1 i 2 i \u00e9s compatible amb els models recarregables Renault, Citro\u00ebn, Peugeot, Nissan, Tesla, Smart, Opel i Toyota.<\/p>\n<p><strong>L&#8217;endoll de tipus 1<\/strong><\/p>\n<p><strong><img decoding=\"async\" class=\"attachment-266x266 size-266x266 alignleft\" src=\"https:\/\/www.wallboxok.com\/wp-content\/uploads\/2018\/03\/prise-type-1.jpg\" alt=\"\" width=\"150\" height=\"150\"><\/strong><\/p>\n<p>Es troba en aparells de c\u00e0rrega de mode 3 (Wallbox) i es<\/p>\n<p style=\"text-align: left;\">Aquest endoll t\u00e9 una pot\u00e8ncia de 3 a 7 kW sobre un corrent monof\u00e0sic.<\/p>\n<p>&nbsp;<\/p>\n<p style=\"text-align: left;\">connecta amb els models recarregables Bollor\u00e9 Bluecar, Chevrolet, Renault, Citro\u00ebn, Peugeot, Mitsubishi, Nissan, Opel i Toyota.<\/p>\n<p style=\"text-align: left;\"><strong>Endoll de tipus 2<\/strong><\/p>\n<p><img decoding=\"async\" class=\"attachment-266x266 size-266x266 alignleft\" src=\"https:\/\/www.wallboxok.com\/wp-content\/uploads\/2018\/03\/Prise-type-2.jpg\" alt=\"\" width=\"150\" height=\"150\">Aquest endoll est\u00e0 ara validat com a est\u00e0ndard europeu i normalitzat en la majoria dels vehicles de s\u00e8rie com a complement i\/o opci\u00f3 de l&#8217;endoll dom\u00e8stic. Ofereix una pot\u00e8ncia de 3 a 43 kW sobre un corrent trif\u00e0sic que es connecta directament tant a la infraestructura de c\u00e0rrega com al cotxe. Aquest endoll \u00e9s compatible amb tots els models actualment comercialitzats a Europa.<\/p>\n<p><strong>&nbsp;<\/strong><strong>Endoll de tipus 3<\/strong><\/p>\n<p><img decoding=\"async\" class=\"attachment-266x266 size-266x266 alignleft\" src=\"https:\/\/www.wallboxok.com\/wp-content\/uploads\/2018\/03\/Prise-type-3.jpg\" alt=\"\" width=\"150\" height=\"150\">At\u00e8s que l&#8217;endoll de tipus 2 est\u00e0 validat com a est\u00e0ndard europeu, l&#8217;endoll de tipus 3 pr\u00e0cticament no s&#8217;utilitza per\u00f2 encara es troba en alguns punts de c\u00e0rrega. Ofereix una pot\u00e8ncia de 3 a 22 kW sobre un corrent trif\u00e0sic i es connecta directament a la infraestructura en mode 3 (Wallbox, terminals). \u00c9s compatible amb els models recarregables Renault, Citro\u00ebn, Peugeot, Nissan, Tesla, Smart, Opel, Mitsubishi i Toyota.<\/p>\n<p><strong>Endoll de tipus 4 \u2013 CHAdeMO<\/strong><\/p>\n<p><img decoding=\"async\" class=\"attachment-266x266 size-266x266 alignleft\" src=\"https:\/\/www.wallboxok.com\/wp-content\/uploads\/2018\/03\/Prise-type-4-Chademo.jpg\" alt=\"\" width=\"150\" height=\"150\">CHAdeMO \u00e9s l&#8217;endoll creat per la col\u00b7laboraci\u00f3 de la ind\u00fastria automotriu japonesa i dels energ\u00e8tics del mateix pa\u00eds per a la standarditzaci\u00f3 de les normes d&#8217;infraestructura de c\u00e0rrega. El CHAdeMO forma part de la terminal i es connecta al cotxe. Ofereix una pot\u00e8ncia de 50 kW en corrent continu amb un mode de c\u00e0rrega 4 (r\u00e0pida). \u00c9s compatible amb els models recarregables de Peugeot-Citro\u00ebn, Mitsubishi, Kia, Nissan. Tamb\u00e9 \u00e9s compatible amb altres models com els de Tesla gr\u00e0cies a un adaptador.<\/p>\n<p><strong>Endoll de tipus 4 \u2013 Combo CCS (Combined charging system)<\/strong><\/p>\n<p><img decoding=\"async\" class=\"attachment-266x266 alignleft\" src=\"https:\/\/www.wallboxok.com\/wp-content\/uploads\/2018\/03\/Prise-type-4-CCS.jpg\" alt=\"\" width=\"118\" height=\"154\">El connector Combo CCS est\u00e0 compost d&#8217;un connector de tipus 2&nbsp;amb 2 pins addicionals a sota. Per tant, \u00e9s compatible amb tots els connectors de tipus 2 per\u00f2 pot assegurar una c\u00e0rrega de mode 4 superior a 50 kW que podria arribar fins a 170 kW. Aix\u00ed doncs, \u00e9s una c\u00e0rrega molt r\u00e0pida. Els vehicles estan equipats amb un endoll combo de tipus 2 mascle i les infraestructures corresponents amb un combo de tipus 2 femella. Es troba aquest endoll en els models recarregables Volkswagen e-Golf, Opel Ampera-e, Hyundai i BMW.<\/p>\n<p>Avui dia es recomana deixar d&#8217;instal\u00b7lar punts de c\u00e0rrega de tipus 1 per instal\u00b7lar-ne amb endolls de tipus 2, ja que a m\u00e9s de ser m\u00e9s eficients, s\u00f3n compatibles amb el m\u00e0xim de vehicles, i sobretot amb els pr\u00f2xims models.<\/p>\n<p><strong>&nbsp;<img decoding=\"async\" class=\"alignnone size-full wp-image-7159\" src=\"https:\/\/www.wallboxok.com\/wp-content\/uploads\/2018\/03\/Image-explicative-prises.png\" alt=\"\" width=\"644\" height=\"365\"><\/strong><\/p>\n<p><strong>3.3 Tipus de c\u00e0rregues <\/strong><\/p>\n<p>Els tipus de c\u00e0rrega dels cotxes el\u00e8ctrics es classifiquen segons la velocitat de c\u00e0rrega. \u00c9s a dir, en funci\u00f3 del temps que la bateria triga a carregar-se completament en funci\u00f3 de la pot\u00e8ncia disponible. Actualment, hi ha 5 tipus de c\u00e0rrega possibles&nbsp;:<\/p>\n<ul>\n<li><strong>C\u00e0rrega ultra-r\u00e0pida<\/strong>: La seva utilitzaci\u00f3 no \u00e9s habitual ja que sempre est\u00e0 en fase d&#8217;experimentaci\u00f3 amb els seus acumuladors de tipus super condensadors com per a alguns autobusos el\u00e8ctrics.<\/li>\n<\/ul>\n<p>&nbsp;<\/p>\n<ul>\n<li><strong>C\u00e0rrega r\u00e0pida<\/strong>: Demana una gran pot\u00e8ncia entre 44 i 50 quilowatts. La c\u00e0rrega de bateries de 22 a 24 quilowatts\/hora arriba al 80% en aproximadament 30 minuts. Normalment la c\u00e0rrega no arriba al 100% sin\u00f3 m\u00e9s aviat al 80 a 90%.<\/li>\n<\/ul>\n<p>&nbsp;<\/p>\n<ul>\n<li><strong>C\u00e0rrega semi-r\u00e0pida<\/strong>: La durada de c\u00e0rrega oscil\u00b7la entre 1h i 4h amb una pot\u00e8ncia d&#8217;aproximadament 22 quilowatts. Aquesta forma de c\u00e0rrega \u00e9s molt habitual per a cotxes com la Renault Zo\u00e9 que gr\u00e0cies al seu cable Cam\u00e9l\u00e9on \u00e9s compatible amb tots els tipus de c\u00e0rrega.<\/li>\n<\/ul>\n<p>&nbsp;<\/p>\n<ul>\n<li><strong>C\u00e0rrega lenta<\/strong>: Aquesta forma de c\u00e0rrega \u00e9s la que habitualment s&#8217;anomena \u00ab&nbsp;normal&nbsp;\u00bb o \u00ab&nbsp;convencional&nbsp;\u00bb. Amb aquesta, les bateries es carreguen entre 6 i 8 hores amb els seus 16 amperes i una pot\u00e8ncia d&#8217;aproximadament 3.6 quilowatts.<\/li>\n<\/ul>\n<p>&nbsp;<\/p>\n<ul>\n<li><strong>C\u00e0rrega super-lenta<\/strong>: Quan la intensitat del corrent est\u00e0 limitada a 10 amperes o menys quan el punt de c\u00e0rrega o la instal\u00b7laci\u00f3 el\u00e8ctrica no s\u00f3n adequats. La c\u00e0rrega completa de les bateries d&#8217;un cotxe el\u00e8ctric mitj\u00e0 es pot fer entre 10 i 12 hores.<\/li>\n<\/ul>\n<p><strong>&nbsp;<\/strong><\/p>\n<p><u>3.3.1 Cost d&#8217;una c\u00e0rrega<\/u><\/p>\n<p>\u00c9s possible trobar algunes terminals de c\u00e0rrega gratu\u00eftes per\u00f2 comparat amb les que s\u00f3n de pagament, \u00e9s molt m\u00e9s econ\u00f2mic carregar el cotxe a casa en un endoll dom\u00e8stic o una Wallbox. El preu d&#8217;una c\u00e0rrega dep\u00e8n del consum del vostre vehicle en kWh per 100 km i del preu del kWh del prove\u00efdor d&#8217;energia. Un consum mitj\u00e0 es troba entre 12 i 20 kWh\/100 km i un preu mitj\u00e0 del kWh es troba aproximadament a 0.146\u20ac en hora punta i aproximadament a 0.125\u20ac en hora vall.<\/p>\n<p>\u00c9s possible carregar el cotxe el\u00e8ctric gr\u00e0cies a diferents solucions&nbsp;:<\/p>\n<ul>\n<li><a href=\"https:\/\/www.wallboxok.com\/fr\/nos-produits\/up-wallbox\/\">La WallBox&nbsp;<\/a>: La Wallbox \u00e9s un aparell que es fixa a la paret del vostre garatge per carregar el cotxe a casa a la xarxa el\u00e8ctrica de l&#8217;habitatge o del garatge.<\/li>\n<\/ul>\n<p>&nbsp;<\/p>\n<ul>\n<li><a href=\"https:\/\/www.wallboxok.com\/fr\/nos-produits\/pole\/\">La Terminal de c\u00e0rrega&nbsp;<\/a><u>:<\/u> Es troba a les vies p\u00fabliques o als aparcaments. Sovint de c\u00e0rrega r\u00e0pida, tamb\u00e9 est\u00e0 dissenyada per resistir els entorns exteriors.<\/li>\n<\/ul>\n<p>&nbsp;<\/p>\n<ul>\n<li><u><\/u><a href=\"http:\/\/www.evportable.com\/fr\/connaissez-vous\/\">El Cargador port\u00e0til&nbsp;<\/a>: Permet viatjar sense dependre de les estacions de c\u00e0rrega. Petit i lleuger, es connecta a qualsevol endoll de corrent.<\/li>\n<\/ul>\n<p>&nbsp;<\/p>\n<p><u>3.4 Com trobar les terminals de c\u00e0rrega p\u00fabliques&nbsp;? <\/u><\/p>\n<p>El 2018, es troben m\u00e9s de 20&nbsp;000 terminals de c\u00e0rrega p\u00fabliques a Fran\u00e7a i el Govern n&#8217;anuncia aproximadament 45&nbsp;000 el 2020. Hi ha eines per con\u00e8ixer les seves ubicacions exactes.<\/p>\n<p>Per exemple, trobem <a href=\"https:\/\/fr.chargemap.com\/\">Chargemap<\/a>, una aplicaci\u00f3 per a smartphones que referencia les terminals de gaireb\u00e9 50 xarxes diferents, permet filtrar les cerques segons certs criteris com el tipus d&#8217;endoll, i que tamb\u00e9 permet afegir la ubicaci\u00f3 d&#8217;una terminal a l&#8217;aplicaci\u00f3. Tamb\u00e9 hi ha llocs web que referencien les terminals al m\u00f3n com&nbsp;: <a href=\"http:\/\/www.plugshare.com\/\">www.plugshare.com<\/a> o <a href=\"https:\/\/www.openchargemap.org\/site\/\">www.openchargemap.org<\/a><\/p>\n<p>Moltes empreses franceses i internacionals treballen actualment en el desenvolupament de terminals de c\u00e0rrega cada vegada m\u00e9s eficients per equipar les nostres carreteres i les nostres cases per fer-les accessibles a tothom i aix\u00ed facilitar el pas a l&#8217;el\u00e8ctric. &nbsp;\u00c9s el cas de <a href=\"https:\/\/www.wallboxok.com\/fr\/\">WallboxOK<\/a> que preveu instal\u00b7lar diversos centenars de terminals de c\u00e0rrega a trav\u00e9s d&#8217;Europa.<\/p>\n<p>En els garatges comunitaris francesos, el dret a l&#8217;endoll es fa valer. \u00c9s a dir, que tot habitant, fins i tot en propietat compartida, t\u00e9 dret a instal\u00b7lar un endoll de c\u00e0rrega per al seu vehicle al seu lloc d&#8217;aparcament. No obstant aix\u00f2, en un garatge comunitari, heu d&#8217;informar el propietari mitjan\u00e7ant una carta amb ac\u00fas de rebut amb la descripci\u00f3 detallada dels treballs a realitzar i amb una c\u00f2pia per al s\u00edndic de propietat. L&#8217;\u00fanica ra\u00f3 per la qual el s\u00edndic pot emetre un rebuig \u00e9s si l&#8217;execuci\u00f3 dels treballs \u00e9s impossible per una ra\u00f3 seriosa. M\u00e9s informaci\u00f3 <a href=\"http:\/\/www.automobile-propre.com\/dossiers\/recharge\/recharge-coproprietes\/\"><strong>aqu\u00ed<\/strong><\/a><strong><u>. <\/u><\/strong><\/p>\n<p>A m\u00e9s, \u00e9s possible obtenir subvencions per part del programa Advenir que pot finan\u00e7ar de 600 a 1300\u20ac l&#8217;adquisici\u00f3 i la instal\u00b7laci\u00f3 del vostre punt de c\u00e0rrega fins al juny de 2018.&nbsp; M\u00e9s informaci\u00f3 <a href=\"http:\/\/advenir.mobi\/\"><strong>aqu\u00ed.<\/strong><\/a><\/p>\n<p><u>3.4.1 Manteniment&nbsp;dels punts de c\u00e0rrega <\/u><\/p>\n<p>El manteniment dels punts de c\u00e0rrega pot ser assumit per una empresa de manteniment o per l&#8217;empresa venedora mateixa.&nbsp; Sovint es desaconsella intervenir per compte propi en cas de fallada, ja que aix\u00f2 podria anul\u00b7lar la garantia.<\/p>\n<p><strong>&nbsp;<\/strong><\/p>\n<p><strong><u>Conclusi\u00f3<\/u><\/strong><\/p>\n<p>Comprar un vehicle el\u00e8ctric \u00e9s una bona inversi\u00f3?<\/p>\n<p>S\u00ed, comprar un vehicle el\u00e8ctric \u00e9s una bona inversi\u00f3 avui com ho ser\u00e0 tamb\u00e9 en el futur. \u00c9s convenient, per descomptat, que el futur comprador faci la seva pr\u00f2pia comparaci\u00f3 entre la rendibilitat d&#8217;un cotxe el\u00e8ctric i d&#8217;un cotxe de combusti\u00f3 segons les seves pr\u00f2pies necessitats.<\/p>\n<p>La demanda i les vendes augmenten cada any gr\u00e0cies als nous models europeus o americans, per\u00f2 tamb\u00e9 gr\u00e0cies als que provenen de la ind\u00fastria asi\u00e0tica que produeix models cada vegada m\u00e9s eficients.<\/p>\n<p>L&#8217;augment d&#8217;aquesta demanda es deu principalment a l&#8217;estalvi que permet realitzar un vehicle el\u00e8ctric a llarg termini i al Govern que promou els despla\u00e7aments nets i augmenta els impostos i les regulacions sobre els altres vehicles. Tamb\u00e9 \u00e9s per aix\u00f2 que conduir un cotxe el\u00e8ctric proporciona un confort addicional, escapant, per exemple, de les limitacions de circulaci\u00f3 en grans ciutats contaminades com Par\u00eds, Londres o Madrid o de les pujades del preu del petroli.&nbsp; A m\u00e9s, les c\u00e0rregues dels vehicles el\u00e8ctrics s\u00f3n molt barates comparades amb un ple de gasolina.&nbsp; Els seus preus i velocitats de c\u00e0rrega depenen del tipus de material utilitzat i de la seva capacitat. La seva pres\u00e8ncia es desenvolupa a gran velocitat amb cada vegada m\u00e9s llocs p\u00fablics equipats i moltes solucions possibles per tenir el seu propi punt de c\u00e0rrega personal.<\/p>\n<p>Les tecnologies que equipen els cotxes el\u00e8ctrics s\u00f3n entre les m\u00e9s avan\u00e7ades i no deixen de progressar, especialment amb l&#8217;automatitzaci\u00f3 i la intel\u00b7lig\u00e8ncia artificial que ens permetran algun dia anar on vulguem sense conduir el nostre vehicle.<\/p>\n<p>&nbsp;<\/p>\n<p>Per a m\u00e9s detalls sobre el mercat dels cotxes el\u00e8ctrics, feu clic <a href=\"https:\/\/www.wallboxok.com\/fr\/passer-a-la-voiture-electrique-que-faut-il-savoir\/\">aqu\u00ed.<\/a><\/p>\n<p>Per con\u00e8ixer els diferents avantatges d&#8217;un cotxe el\u00e8ctric, feu clic <a href=\"https:\/\/www.wallboxok.com\/fr\/passer-a-la-voiture-electrique-que-faut-il-savoir-partie-2\/\">aqu\u00ed.&nbsp;<\/a><\/p>\n","protected":false},"excerpt":{"rendered":"<p>Carregar un cotxe el\u00e8ctric&nbsp; Cada vehicle el\u00e8ctric ha de carregar-se per poder funcionar durant molt de temps. Hi ha diversos modes i tipus de c\u00e0rrega. Els modes de c\u00e0rrega estan relacionats amb el nivell de comunicaci\u00f3 entre el vehicle el\u00e8ctric (VE) i el punt de c\u00e0rrega. \u00c9s a dir, estan relacionats amb el control que &#8230; <a title=\"Passar a la cotxe el\u00e8ctric, qu\u00e8 cal saber? (Darrera part)\" class=\"read-more\" href=\"https:\/\/v2charge.com\/ca\/passar-a-la-cotxe-electric-que-cal-saber-darrera-part\/\" aria-label=\"M\u00e9s informaci\u00f3 sobre Passar a la cotxe el\u00e8ctric, qu\u00e8 cal saber? (Darrera part)\">Llegiu m\u00e9s<\/a><\/p>\n","protected":false},"author":1,"featured_media":63911,"comment_status":"closed","ping_status":"closed","sticky":false,"template":"","format":"standard","meta":{"_eb_attr":"","content-type":"","_uag_custom_page_level_css":"","footnotes":""},"categories":[],"tags":[],"class_list":["post-310215","post","type-post","status-publish","format-standard","has-post-thumbnail","hentry"],"yoast_head":"<!-- This site is optimized with the Yoast SEO plugin v25.3.1 - https:\/\/yoast.com\/wordpress\/plugins\/seo\/ -->\n<title>Raons per passar a la mobilitat el\u00e8ctrica | V2C<\/title>\n<meta name=\"description\" content=\"Si esteu pensant a comprar un cotxe el\u00e8ctric, heu de saber algunes coses. Aqu\u00ed teniu algunes informacions que us seran \u00fatils.[Derni\u00e8re Partie]\" \/>\n<meta name=\"robots\" content=\"index, follow, max-snippet:-1, max-image-preview:large, max-video-preview:-1\" \/>\n<link rel=\"canonical\" href=\"https:\/\/v2charge.com\/ca\/passar-a-la-cotxe-electric-que-cal-saber-darrera-part\/\" \/>\n<meta property=\"og:locale\" content=\"ca_ES\" \/>\n<meta property=\"og:type\" content=\"article\" \/>\n<meta property=\"og:title\" content=\"Raons per passar a la mobilitat el\u00e8ctrica | V2C\" \/>\n<meta property=\"og:description\" content=\"Si esteu pensant a comprar un cotxe el\u00e8ctric, heu de saber algunes coses. Aqu\u00ed teniu algunes informacions que us seran \u00fatils.[Derni\u00e8re Partie]\" \/>\n<meta property=\"og:url\" content=\"https:\/\/v2charge.com\/ca\/passar-a-la-cotxe-electric-que-cal-saber-darrera-part\/\" \/>\n<meta property=\"og:site_name\" content=\"V2C\" \/>\n<meta property=\"article:publisher\" content=\"https:\/\/www.facebook.com\/V2C.Charge\" \/>\n<meta property=\"article:published_time\" content=\"2018-03-21T16:37:20+00:00\" \/>\n<meta property=\"article:modified_time\" content=\"2023-11-23T14:15:47+00:00\" \/>\n<meta property=\"og:image\" content=\"https:\/\/v2charge.com\/wp-content\/uploads\/2018\/03\/precio-puntos-recarga-wallboxok.jpg\" \/>\n\t<meta property=\"og:image:width\" content=\"600\" \/>\n\t<meta property=\"og:image:height\" content=\"400\" \/>\n\t<meta property=\"og:image:type\" content=\"image\/jpeg\" \/>\n<meta name=\"author\" content=\"V2C\" \/>\n<meta name=\"twitter:card\" content=\"summary_large_image\" \/>\n<meta name=\"twitter:creator\" content=\"@V2C_Charge\" \/>\n<meta name=\"twitter:site\" content=\"@V2C_Charge\" \/>\n<meta name=\"twitter:label1\" content=\"Escrit per\" \/>\n\t<meta name=\"twitter:data1\" content=\"V2C\" \/>\n\t<meta name=\"twitter:label2\" content=\"Temps estimat de lectura\" \/>\n\t<meta name=\"twitter:data2\" content=\"10 minuts\" \/>\n<script type=\"application\/ld+json\" class=\"yoast-schema-graph\">{\"@context\":\"https:\/\/schema.org\",\"@graph\":[{\"@type\":\"Article\",\"@id\":\"https:\/\/v2charge.com\/ca\/passar-a-la-cotxe-electric-que-cal-saber-darrera-part\/#article\",\"isPartOf\":{\"@id\":\"https:\/\/v2charge.com\/ca\/passar-a-la-cotxe-electric-que-cal-saber-darrera-part\/\"},\"author\":{\"name\":\"V2C\",\"@id\":\"https:\/\/v2charge.com\/ca\/#\/schema\/person\/f29e67a85380accce2b8b9139c993f42\"},\"headline\":\"Passar a la cotxe el\u00e8ctric, qu\u00e8 cal saber? (Darrera part)\",\"datePublished\":\"2018-03-21T16:37:20+00:00\",\"dateModified\":\"2023-11-23T14:15:47+00:00\",\"mainEntityOfPage\":{\"@id\":\"https:\/\/v2charge.com\/ca\/passar-a-la-cotxe-electric-que-cal-saber-darrera-part\/\"},\"wordCount\":2016,\"publisher\":{\"@id\":\"https:\/\/v2charge.com\/ca\/#organization\"},\"image\":{\"@id\":\"https:\/\/v2charge.com\/ca\/passar-a-la-cotxe-electric-que-cal-saber-darrera-part\/#primaryimage\"},\"thumbnailUrl\":\"https:\/\/v2charge.com\/wp-content\/uploads\/2018\/03\/precio-puntos-recarga-wallboxok.jpg\",\"inLanguage\":\"ca\"},{\"@type\":\"WebPage\",\"@id\":\"https:\/\/v2charge.com\/ca\/passar-a-la-cotxe-electric-que-cal-saber-darrera-part\/\",\"url\":\"https:\/\/v2charge.com\/ca\/passar-a-la-cotxe-electric-que-cal-saber-darrera-part\/\",\"name\":\"Raons per passar a la mobilitat el\u00e8ctrica | V2C\",\"isPartOf\":{\"@id\":\"https:\/\/v2charge.com\/ca\/#website\"},\"primaryImageOfPage\":{\"@id\":\"https:\/\/v2charge.com\/ca\/passar-a-la-cotxe-electric-que-cal-saber-darrera-part\/#primaryimage\"},\"image\":{\"@id\":\"https:\/\/v2charge.com\/ca\/passar-a-la-cotxe-electric-que-cal-saber-darrera-part\/#primaryimage\"},\"thumbnailUrl\":\"https:\/\/v2charge.com\/wp-content\/uploads\/2018\/03\/precio-puntos-recarga-wallboxok.jpg\",\"datePublished\":\"2018-03-21T16:37:20+00:00\",\"dateModified\":\"2023-11-23T14:15:47+00:00\",\"description\":\"Si esteu pensant a comprar un cotxe el\u00e8ctric, heu de saber algunes coses. Aqu\u00ed teniu algunes informacions que us seran \u00fatils.[Derni\u00e8re Partie]\",\"breadcrumb\":{\"@id\":\"https:\/\/v2charge.com\/ca\/passar-a-la-cotxe-electric-que-cal-saber-darrera-part\/#breadcrumb\"},\"inLanguage\":\"ca\",\"potentialAction\":[{\"@type\":\"ReadAction\",\"target\":[\"https:\/\/v2charge.com\/ca\/passar-a-la-cotxe-electric-que-cal-saber-darrera-part\/\"]}]},{\"@type\":\"ImageObject\",\"inLanguage\":\"ca\",\"@id\":\"https:\/\/v2charge.com\/ca\/passar-a-la-cotxe-electric-que-cal-saber-darrera-part\/#primaryimage\",\"url\":\"https:\/\/v2charge.com\/wp-content\/uploads\/2018\/03\/precio-puntos-recarga-wallboxok.jpg\",\"contentUrl\":\"https:\/\/v2charge.com\/wp-content\/uploads\/2018\/03\/precio-puntos-recarga-wallboxok.jpg\",\"width\":600,\"height\":400},{\"@type\":\"BreadcrumbList\",\"@id\":\"https:\/\/v2charge.com\/ca\/passar-a-la-cotxe-electric-que-cal-saber-darrera-part\/#breadcrumb\",\"itemListElement\":[{\"@type\":\"ListItem\",\"position\":1,\"name\":\"V2C\",\"item\":\"https:\/\/v2charge.com\/ca\/\"},{\"@type\":\"ListItem\",\"position\":2,\"name\":\"e-Mobilit\u00e9\",\"item\":\"https:\/\/v2charge.com\/fr\/e-mobilite\/\"},{\"@type\":\"ListItem\",\"position\":3,\"name\":\"Passar a la cotxe el\u00e8ctric, qu\u00e8 cal saber? (Darrera part)\"}]},{\"@type\":\"WebSite\",\"@id\":\"https:\/\/v2charge.com\/ca\/#website\",\"url\":\"https:\/\/v2charge.com\/ca\/\",\"name\":\"V2C\",\"description\":\"#CargandoElMa\u00f1ana\",\"publisher\":{\"@id\":\"https:\/\/v2charge.com\/ca\/#organization\"},\"potentialAction\":[{\"@type\":\"SearchAction\",\"target\":{\"@type\":\"EntryPoint\",\"urlTemplate\":\"https:\/\/v2charge.com\/ca\/?s={search_term_string}\"},\"query-input\":{\"@type\":\"PropertyValueSpecification\",\"valueRequired\":true,\"valueName\":\"search_term_string\"}}],\"inLanguage\":\"ca\"},{\"@type\":\"Organization\",\"@id\":\"https:\/\/v2charge.com\/ca\/#organization\",\"name\":\"V2C\",\"url\":\"https:\/\/v2charge.com\/ca\/\",\"logo\":{\"@type\":\"ImageObject\",\"inLanguage\":\"ca\",\"@id\":\"https:\/\/v2charge.com\/ca\/#\/schema\/logo\/image\/\",\"url\":\"https:\/\/v2charge.com\/wp-content\/uploads\/2024\/11\/cropped-v2c-charge-logo-menu.png\",\"contentUrl\":\"https:\/\/v2charge.com\/wp-content\/uploads\/2024\/11\/cropped-v2c-charge-logo-menu.png\",\"width\":984,\"height\":431,\"caption\":\"V2C\"},\"image\":{\"@id\":\"https:\/\/v2charge.com\/ca\/#\/schema\/logo\/image\/\"},\"sameAs\":[\"https:\/\/www.facebook.com\/V2C.Charge\",\"https:\/\/x.com\/V2C_Charge\",\"https:\/\/www.instagram.com\/v2c.charge\/\",\"https:\/\/www.youtube.com\/@V2C\",\"https:\/\/www.linkedin.com\/company\/v2c-chargers\/\"]},{\"@type\":\"Person\",\"@id\":\"https:\/\/v2charge.com\/ca\/#\/schema\/person\/f29e67a85380accce2b8b9139c993f42\",\"name\":\"V2C\",\"image\":{\"@type\":\"ImageObject\",\"inLanguage\":\"ca\",\"@id\":\"https:\/\/v2charge.com\/ca\/#\/schema\/person\/image\/\",\"url\":\"https:\/\/secure.gravatar.com\/avatar\/6b569efe71f377f865d3c6d7d046c620e6ecf71400555f6ac3a8d31ade20562b?s=96&d=mm&r=g\",\"contentUrl\":\"https:\/\/secure.gravatar.com\/avatar\/6b569efe71f377f865d3c6d7d046c620e6ecf71400555f6ac3a8d31ade20562b?s=96&d=mm&r=g\",\"caption\":\"V2C\"}}]}<\/script>\n<!-- \/ Yoast SEO plugin. -->","yoast_head_json":{"title":"Raons per passar a la mobilitat el\u00e8ctrica | V2C","description":"Si esteu pensant a comprar un cotxe el\u00e8ctric, heu de saber algunes coses. Aqu\u00ed teniu algunes informacions que us seran \u00fatils.[Derni\u00e8re Partie]","robots":{"index":"index","follow":"follow","max-snippet":"max-snippet:-1","max-image-preview":"max-image-preview:large","max-video-preview":"max-video-preview:-1"},"canonical":"https:\/\/v2charge.com\/ca\/passar-a-la-cotxe-electric-que-cal-saber-darrera-part\/","og_locale":"ca_ES","og_type":"article","og_title":"Raons per passar a la mobilitat el\u00e8ctrica | V2C","og_description":"Si esteu pensant a comprar un cotxe el\u00e8ctric, heu de saber algunes coses. Aqu\u00ed teniu algunes informacions que us seran \u00fatils.[Derni\u00e8re Partie]","og_url":"https:\/\/v2charge.com\/ca\/passar-a-la-cotxe-electric-que-cal-saber-darrera-part\/","og_site_name":"V2C","article_publisher":"https:\/\/www.facebook.com\/V2C.Charge","article_published_time":"2018-03-21T16:37:20+00:00","article_modified_time":"2023-11-23T14:15:47+00:00","og_image":[{"width":600,"height":400,"url":"https:\/\/v2charge.com\/wp-content\/uploads\/2018\/03\/precio-puntos-recarga-wallboxok.jpg","type":"image\/jpeg"}],"author":"V2C","twitter_card":"summary_large_image","twitter_creator":"@V2C_Charge","twitter_site":"@V2C_Charge","twitter_misc":{"Escrit per":"V2C","Temps estimat de lectura":"10 minuts"},"schema":{"@context":"https:\/\/schema.org","@graph":[{"@type":"Article","@id":"https:\/\/v2charge.com\/ca\/passar-a-la-cotxe-electric-que-cal-saber-darrera-part\/#article","isPartOf":{"@id":"https:\/\/v2charge.com\/ca\/passar-a-la-cotxe-electric-que-cal-saber-darrera-part\/"},"author":{"name":"V2C","@id":"https:\/\/v2charge.com\/ca\/#\/schema\/person\/f29e67a85380accce2b8b9139c993f42"},"headline":"Passar a la cotxe el\u00e8ctric, qu\u00e8 cal saber? (Darrera part)","datePublished":"2018-03-21T16:37:20+00:00","dateModified":"2023-11-23T14:15:47+00:00","mainEntityOfPage":{"@id":"https:\/\/v2charge.com\/ca\/passar-a-la-cotxe-electric-que-cal-saber-darrera-part\/"},"wordCount":2016,"publisher":{"@id":"https:\/\/v2charge.com\/ca\/#organization"},"image":{"@id":"https:\/\/v2charge.com\/ca\/passar-a-la-cotxe-electric-que-cal-saber-darrera-part\/#primaryimage"},"thumbnailUrl":"https:\/\/v2charge.com\/wp-content\/uploads\/2018\/03\/precio-puntos-recarga-wallboxok.jpg","inLanguage":"ca"},{"@type":"WebPage","@id":"https:\/\/v2charge.com\/ca\/passar-a-la-cotxe-electric-que-cal-saber-darrera-part\/","url":"https:\/\/v2charge.com\/ca\/passar-a-la-cotxe-electric-que-cal-saber-darrera-part\/","name":"Raons per passar a la mobilitat el\u00e8ctrica | V2C","isPartOf":{"@id":"https:\/\/v2charge.com\/ca\/#website"},"primaryImageOfPage":{"@id":"https:\/\/v2charge.com\/ca\/passar-a-la-cotxe-electric-que-cal-saber-darrera-part\/#primaryimage"},"image":{"@id":"https:\/\/v2charge.com\/ca\/passar-a-la-cotxe-electric-que-cal-saber-darrera-part\/#primaryimage"},"thumbnailUrl":"https:\/\/v2charge.com\/wp-content\/uploads\/2018\/03\/precio-puntos-recarga-wallboxok.jpg","datePublished":"2018-03-21T16:37:20+00:00","dateModified":"2023-11-23T14:15:47+00:00","description":"Si esteu pensant a comprar un cotxe el\u00e8ctric, heu de saber algunes coses. Aqu\u00ed teniu algunes informacions que us seran \u00fatils.[Derni\u00e8re Partie]","breadcrumb":{"@id":"https:\/\/v2charge.com\/ca\/passar-a-la-cotxe-electric-que-cal-saber-darrera-part\/#breadcrumb"},"inLanguage":"ca","potentialAction":[{"@type":"ReadAction","target":["https:\/\/v2charge.com\/ca\/passar-a-la-cotxe-electric-que-cal-saber-darrera-part\/"]}]},{"@type":"ImageObject","inLanguage":"ca","@id":"https:\/\/v2charge.com\/ca\/passar-a-la-cotxe-electric-que-cal-saber-darrera-part\/#primaryimage","url":"https:\/\/v2charge.com\/wp-content\/uploads\/2018\/03\/precio-puntos-recarga-wallboxok.jpg","contentUrl":"https:\/\/v2charge.com\/wp-content\/uploads\/2018\/03\/precio-puntos-recarga-wallboxok.jpg","width":600,"height":400},{"@type":"BreadcrumbList","@id":"https:\/\/v2charge.com\/ca\/passar-a-la-cotxe-electric-que-cal-saber-darrera-part\/#breadcrumb","itemListElement":[{"@type":"ListItem","position":1,"name":"V2C","item":"https:\/\/v2charge.com\/ca\/"},{"@type":"ListItem","position":2,"name":"e-Mobilit\u00e9","item":"https:\/\/v2charge.com\/fr\/e-mobilite\/"},{"@type":"ListItem","position":3,"name":"Passar a la cotxe el\u00e8ctric, qu\u00e8 cal saber? (Darrera part)"}]},{"@type":"WebSite","@id":"https:\/\/v2charge.com\/ca\/#website","url":"https:\/\/v2charge.com\/ca\/","name":"V2C","description":"#CargandoElMa\u00f1ana","publisher":{"@id":"https:\/\/v2charge.com\/ca\/#organization"},"potentialAction":[{"@type":"SearchAction","target":{"@type":"EntryPoint","urlTemplate":"https:\/\/v2charge.com\/ca\/?s={search_term_string}"},"query-input":{"@type":"PropertyValueSpecification","valueRequired":true,"valueName":"search_term_string"}}],"inLanguage":"ca"},{"@type":"Organization","@id":"https:\/\/v2charge.com\/ca\/#organization","name":"V2C","url":"https:\/\/v2charge.com\/ca\/","logo":{"@type":"ImageObject","inLanguage":"ca","@id":"https:\/\/v2charge.com\/ca\/#\/schema\/logo\/image\/","url":"https:\/\/v2charge.com\/wp-content\/uploads\/2024\/11\/cropped-v2c-charge-logo-menu.png","contentUrl":"https:\/\/v2charge.com\/wp-content\/uploads\/2024\/11\/cropped-v2c-charge-logo-menu.png","width":984,"height":431,"caption":"V2C"},"image":{"@id":"https:\/\/v2charge.com\/ca\/#\/schema\/logo\/image\/"},"sameAs":["https:\/\/www.facebook.com\/V2C.Charge","https:\/\/x.com\/V2C_Charge","https:\/\/www.instagram.com\/v2c.charge\/","https:\/\/www.youtube.com\/@V2C","https:\/\/www.linkedin.com\/company\/v2c-chargers\/"]},{"@type":"Person","@id":"https:\/\/v2charge.com\/ca\/#\/schema\/person\/f29e67a85380accce2b8b9139c993f42","name":"V2C","image":{"@type":"ImageObject","inLanguage":"ca","@id":"https:\/\/v2charge.com\/ca\/#\/schema\/person\/image\/","url":"https:\/\/secure.gravatar.com\/avatar\/6b569efe71f377f865d3c6d7d046c620e6ecf71400555f6ac3a8d31ade20562b?s=96&d=mm&r=g","contentUrl":"https:\/\/secure.gravatar.com\/avatar\/6b569efe71f377f865d3c6d7d046c620e6ecf71400555f6ac3a8d31ade20562b?s=96&d=mm&r=g","caption":"V2C"}}]}},"uagb_featured_image_src":{"full":["https:\/\/v2charge.com\/wp-content\/uploads\/2018\/03\/precio-puntos-recarga-wallboxok.jpg",600,400,false],"thumbnail":["https:\/\/v2charge.com\/wp-content\/uploads\/2018\/03\/precio-puntos-recarga-wallboxok-150x150.jpg",150,150,true],"medium":["https:\/\/v2charge.com\/wp-content\/uploads\/2018\/03\/precio-puntos-recarga-wallboxok-300x200.jpg",300,200,true],"medium_large":["https:\/\/v2charge.com\/wp-content\/uploads\/2018\/03\/precio-puntos-recarga-wallboxok.jpg",600,400,false],"large":["https:\/\/v2charge.com\/wp-content\/uploads\/2018\/03\/precio-puntos-recarga-wallboxok.jpg",600,400,false],"gs-tiny":["https:\/\/v2charge.com\/wp-content\/uploads\/2018\/03\/precio-puntos-recarga-wallboxok.jpg",50,33,false],"xl":["https:\/\/v2charge.com\/wp-content\/uploads\/2018\/03\/precio-puntos-recarga-wallboxok.jpg",600,400,false],"xxl":["https:\/\/v2charge.com\/wp-content\/uploads\/2018\/03\/precio-puntos-recarga-wallboxok.jpg",600,400,false],"xxxl":["https:\/\/v2charge.com\/wp-content\/uploads\/2018\/03\/precio-puntos-recarga-wallboxok.jpg",600,400,false],"xxxxl":["https:\/\/v2charge.com\/wp-content\/uploads\/2018\/03\/precio-puntos-recarga-wallboxok.jpg",600,400,false],"xxxxxl":["https:\/\/v2charge.com\/wp-content\/uploads\/2018\/03\/precio-puntos-recarga-wallboxok.jpg",600,400,false],"1536x1536":["https:\/\/v2charge.com\/wp-content\/uploads\/2018\/03\/precio-puntos-recarga-wallboxok.jpg",600,400,false],"2048x2048":["https:\/\/v2charge.com\/wp-content\/uploads\/2018\/03\/precio-puntos-recarga-wallboxok.jpg",600,400,false]},"uagb_author_info":{"display_name":"V2C","author_link":"https:\/\/v2charge.com\/ca\/author\/root_k4eu7ki8\/"},"uagb_comment_info":0,"uagb_excerpt":"Carregar un cotxe el\u00e8ctric&nbsp; Cada vehicle el\u00e8ctric ha de carregar-se per poder funcionar durant molt de temps. Hi ha diversos modes i tipus de c\u00e0rrega. Els modes de c\u00e0rrega estan relacionats amb el nivell de comunicaci\u00f3 entre el vehicle el\u00e8ctric (VE) i el punt de c\u00e0rrega. \u00c9s a dir, estan relacionats amb el control que&hellip;","_links":{"self":[{"href":"https:\/\/v2charge.com\/ca\/wp-json\/wp\/v2\/posts\/310215","targetHints":{"allow":["GET"]}}],"collection":[{"href":"https:\/\/v2charge.com\/ca\/wp-json\/wp\/v2\/posts"}],"about":[{"href":"https:\/\/v2charge.com\/ca\/wp-json\/wp\/v2\/types\/post"}],"author":[{"embeddable":true,"href":"https:\/\/v2charge.com\/ca\/wp-json\/wp\/v2\/users\/1"}],"replies":[{"embeddable":true,"href":"https:\/\/v2charge.com\/ca\/wp-json\/wp\/v2\/comments?post=310215"}],"version-history":[{"count":0,"href":"https:\/\/v2charge.com\/ca\/wp-json\/wp\/v2\/posts\/310215\/revisions"}],"wp:featuredmedia":[{"embeddable":true,"href":"https:\/\/v2charge.com\/ca\/wp-json\/wp\/v2\/media\/63911"}],"wp:attachment":[{"href":"https:\/\/v2charge.com\/ca\/wp-json\/wp\/v2\/media?parent=310215"}],"wp:term":[{"taxonomy":"category","embeddable":true,"href":"https:\/\/v2charge.com\/ca\/wp-json\/wp\/v2\/categories?post=310215"},{"taxonomy":"post_tag","embeddable":true,"href":"https:\/\/v2charge.com\/ca\/wp-json\/wp\/v2\/tags?post=310215"}],"curies":[{"name":"wp","href":"https:\/\/api.w.org\/{rel}","templated":true}]}}