{"id":310218,"date":"2018-07-04T15:56:07","date_gmt":"2018-07-04T15:56:07","guid":{"rendered":""},"modified":"2023-07-19T07:29:58","modified_gmt":"2023-07-19T07:29:58","slug":"entrevista-amb-wiebe-wakker","status":"publish","type":"post","link":"https:\/\/v2charge.com\/ca\/entrevista-amb-wiebe-wakker\/","title":{"rendered":"Entrevista amb Wiebe Wakker"},"content":{"rendered":"<p><strong>Wiebe Wakker<\/strong> \u00e9s un holand\u00e8s que viatja pel m\u00f3n amb un cotxe el\u00e8ctric. La iniciativa <strong>Plug Me In<\/strong> presenta un viatge per carretera amb un gir. \u00c9s <strong>&#8220;<\/strong><em><strong>una aventura amb prop\u00f2sit&nbsp;destinada a inspirar, educar i accelerar la transici\u00f3 cap a un futur amb zero emissions de carboni.<\/em>&#8220;<\/strong><\/p>\n<p>Aqu\u00ed podeu llegir l&#8217;entrevista amb Wiebe Wakker<\/p>\n<h2>Quin \u00e9s l&#8217;objectiu del teu projecte?<\/h2>\n<p>Amb Plug Me In intento fer la meva part en l&#8217;acceleraci\u00f3 de la transici\u00f3 cap a un futur amb zero emissions de carboni. Els vehicles el\u00e8ctrics s\u00f3n una part de la soluci\u00f3, per\u00f2 la transici\u00f3 tamb\u00e9 va molt lenta, principalment a causa dels molts prejudicis sobre els EV. La gent pensa que no s\u00f3n fiables o que no poden cobrir llargues dist\u00e0ncies. Si puc demostrar que puc conduir des d&#8217;Holanda fins a l&#8217;altre costat del m\u00f3n, per qu\u00e8 no haur\u00edem de poder utilitzar-ho cada dia?<\/p>\n<h2>Com ho financies?<\/h2>\n<p>Plug Me In es basa en la col\u00b7laboraci\u00f3 entre persones. La gent em pot oferir un lloc per dormir, un \u00e0pat o un lloc per carregar el cotxe. A trav\u00e9s d&#8217;aquestes persones tamb\u00e9 es decideix la ruta, i aix\u00f2 m&#8217;ha fet zigzaguejar per Europa, \u00c0sia i Oceania, creuant 33 pa\u00efsos fins ara. Aix\u00ed \u00e9s com em despla\u00e7o. Passa que no menjo durant uns quants dies o truco a la porta d&#8217;alg\u00fa per preguntar-li si est\u00e0 b\u00e9 carregar el cotxe. De vegades necessito diners per pagar visats o l&#8217;enviament del cotxe. Vaig estar 2 mesos a Dubai per reunir aquests diners i despr\u00e9s uns quants mesos a Mal\u00e0isia per poder pagar l&#8217;enviament a Austr\u00e0lia.<\/p>\n<h2>Quina \u00e9s la primera cosa que fas quan arribes a un nou lloc?<\/h2>\n<p>Gaudir!<\/p>\n<h2>Nom\u00e9s et atures per carregar el cotxe, o et prens el temps per visitar llocs bonics?<\/h2>\n<p>Definitivament em prenc temps per veure llocs. \u00c9s genial poder anar gaireb\u00e9 a tot arreu amb el meu cotxe el\u00e8ctric, ja que pots trobar electricitat gaireb\u00e9 a tot arreu. Tinc molta sort d&#8217;haver vist alguns dels llocs m\u00e9s bonics del m\u00f3n. Dep\u00e8n una mica del temps, per\u00f2. De vegades nom\u00e9s viatjo a trav\u00e9s i de vegades realment em prenc temps per veure llocs.<\/p>\n<h2>Com t&#8217;organitzes amb la c\u00e0rrega del cotxe? Has trobat alguna dificultat?<\/h2>\n<p>Al principi ho vaig planificar tot amb cura perqu\u00e8 tenia aquesta cosa anomenada <strong><em>ansietat d&#8217;autonomia<\/em><\/strong>. Per\u00f2 una vegada no va ser possible organitzar les coses i simplement vaig conduir cap a un lloc i vaig trobar un lloc per carregar. Aix\u00f2 ho anomeno &#8216;Excitaci\u00f3 d&#8217;Autonomia&#8217;, comen\u00e7o a conduir i quan nom\u00e9s em queda un 10% de bateria, en aquell moment miro al mapa i veig si hi ha un poble\/ciutat\/casa de carretera a prop i connecto el cotxe per carregar. Sempre funciona.<\/p>\n<p><img decoding=\"async\" class=\"size-full wp-image-9590 aligncenter\" src=\"https:\/\/www.wallboxok.com\/wp-content\/uploads\/2018\/07\/cargador-portatil-coche-electrico-viajes.jpg\" alt=\"\" width=\"513\" height=\"468\"><\/p>\n<h2>Funciona b\u00e9 l&#8217;EV Portable?<\/h2>\n<p>S\u00ed, ha estat el meu carregador principal i el faig servir gaireb\u00e9 cada dia. Trobo que \u00e9s molt convenient que pugui canviar f\u00e0cilment entre endoll de paret o c\u00e0rrega trif\u00e0sica. El disseny tamb\u00e9 \u00e9s molt millor que els altres cables que utilitzo com a reserva.<\/p>\n<h2>Abans de comen\u00e7ar el teu gran viatge, tenies coneixements sobre com funcionava un cotxe el\u00e8ctric? Quin model de cotxe utilitzes? Ho recomanaries?<\/h2>\n<p>De fet, no tenia coneixements sobre cotxes. Nom\u00e9s 2 setmanes abans de marxar, vaig aprendre a canviar una roda i potser la meva falta de coneixements \u00e9s el meu avantatge perqu\u00e8 alg\u00fa que hagu\u00e9s sabut m\u00e9s sobre aquest cotxe probablement no ho hauria fet. Utilitzo un VW Golf convertit del 2009. \u00c9s un dels vehicles el\u00e8ctrics de primera generaci\u00f3. Originalment era el cotxe d&#8217;una companyia d&#8217;utilities holandesa. Volien EV per investigar la tecnologia V2G, per\u00f2 no hi havia cotxes disponibles, aix\u00ed que van convertir 50 d&#8217;aquests cotxes a totalment el\u00e8ctrics. M\u00e9s tard va passar a mans de Marcel de Bundles i em va deixar aquest cotxe per a aquest projecte. Definitivament recomano aquest cotxe. \u00c9s fiable, l&#8217;autonomia \u00e9s bona (200 km) i hi ha prou espai per a tot el equipatge. Si est\u00e0s interessat en aquest cotxe, tinc males not\u00edcies, nom\u00e9s es van fabricar 50 d&#8217;aquests cotxes.<\/p>\n<h2>Per qu\u00e8 no vas escollir un Tesla per tenir una major autonomia?<\/h2>\n<p>No estava en la posici\u00f3 afortunada de triar un cotxe. Aquest projecte era el meu projecte de graduaci\u00f3 i com a estudiant pobre no podia permetre&#8217;m un cotxe el\u00e8ctric i necessitava un patrocinador. Vaig tenir sort de trobar Marcel de Bundles que va patrocinar aquest cotxe. A m\u00e9s, volia demostrar que aquest viatge \u00e9s possible amb cotxes el\u00e8ctrics &#8216;normals&#8217;, aix\u00ed que de fet prefereixo aquest a un Tesla.<\/p>\n<h2>Per qu\u00e8 fer aquest viatge sol?<\/h2>\n<p>Volia desafiar-me a mi mateix. Crec que si est\u00e0s sol, creixes m\u00e9s ja que has de fer front a molts desafiaments pel teu compte.<\/p>\n<h2>Com reacciona la poblaci\u00f3 davant la teva hist\u00f2ria, el teu viatge i els teus objectius?<\/h2>\n<p>Incre\u00efble! Estic aclaparat per totes les reaccions que rebo. Tothom est\u00e0 super emocionat amb el que estic fent perqu\u00e8 \u00e9s aventurer, interessant i una mica boig. La gent ho considera una bona promoci\u00f3 per als EV i la sostenibilitat i estan molt contents d&#8217;ajudar-me. Ja m\u00e9s de 1.500 persones de 45 pa\u00efsos han ofert ajuda.<\/p>\n<h2>\u00c9s un viatge tan llarg el que est\u00e0s fent, segur que has guanyat moltes experi\u00e8ncies diverses. Ha passat que el teu cotxe hagi tingut un pneum\u00e0tic punxat, un accident o que t&#8217;hagin multat?<\/h2>\n<p>Nom\u00e9s he tingut 1 pneum\u00e0tic punxat fins ara i mai un accident. Tot i aix\u00f2, he rebut algunes multes per exc\u00e9s de velocitat i aparcament a Europa.<\/p>\n<h2>Hem vist que no et vas aturar a Espanya, va ser perqu\u00e8 ning\u00fa et va oferir quedar-te all\u00e0 o perqu\u00e8 no formava part del teu pla?<\/h2>\n<p>Malauradament, ning\u00fa em va oferir quedar-me all\u00e0 \ud83d\ude41<\/p>\n<h2>Sabem que aquesta aventura est\u00e0 a prop de la fi ja que has arribat a Austr\u00e0lia. Est\u00e0s pensant a continuar el teu viatge a Am\u00e8rica o a \u00c0sia?<\/h2>\n<p>S\u00ed, estic pensant a creuar tot el m\u00f3n. Anar al cap de Sud-am\u00e8rica despr\u00e9s d&#8217;Austr\u00e0lia i despr\u00e9s continuar el meu cam\u00ed cap a Alaska. Per\u00f2 decidir\u00e9 aix\u00f2 quan arribi a Sydney. En aquell moment, haur\u00e9 estat viatjant durant gaireb\u00e9 3 anys i potser estar\u00e9 massa cansat.<\/p>\n<p>Gr\u00e0cies, molt, per respondre aquestes preguntes. Segur que has inspirat a moltes persones. Estem desitjant veure el teu documental perqu\u00e8 pugui inspirar encara m\u00e9s gent.<\/p>\n<p><strong>Que tinguis un bon viatge!<\/strong><\/p>\n<p>M\u00e9s informaci\u00f3 sobre <a href=\"http:\/\/www.evportable.com\/es\/\">Ev portable<\/a><\/p>\n","protected":false},"excerpt":{"rendered":"<p>Wiebe Wakker \u00e9s un holand\u00e8s que viatja pel m\u00f3n amb un cotxe el\u00e8ctric. La iniciativa Plug Me In presenta un viatge per carretera amb un gir. \u00c9s &#8220;una aventura amb prop\u00f2sit&nbsp;destinada a inspirar, educar i accelerar la transici\u00f3 cap a un futur amb zero emissions de carboni.&#8220; Aqu\u00ed podeu llegir l&#8217;entrevista amb Wiebe Wakker Quin &#8230; <a title=\"Entrevista amb Wiebe Wakker\" class=\"read-more\" href=\"https:\/\/v2charge.com\/ca\/entrevista-amb-wiebe-wakker\/\" aria-label=\"M\u00e9s informaci\u00f3 sobre Entrevista amb Wiebe Wakker\">Llegiu m\u00e9s<\/a><\/p>\n","protected":false},"author":1,"featured_media":63715,"comment_status":"closed","ping_status":"closed","sticky":false,"template":"","format":"standard","meta":{"_eb_attr":"","content-type":"","_uag_custom_page_level_css":"","footnotes":""},"categories":[],"tags":[],"class_list":["post-310218","post","type-post","status-publish","format-standard","has-post-thumbnail","hentry"],"yoast_head":"<!-- This site is optimized with the Yoast SEO plugin v25.3.1 - https:\/\/yoast.com\/wordpress\/plugins\/seo\/ -->\n<title>Entrevista amb Wiebe Wakker - V2C<\/title>\n<meta name=\"description\" content=\"Wiebe Wakker \u00e9s un holand\u00e8s que viatja pel m\u00f3n amb un cotxe el\u00e8ctric. Llegeix la nostra entrevista amb ell aqu\u00ed i descobreix tot sobre la iniciativa Plug Me In.\" \/>\n<meta name=\"robots\" content=\"index, follow, max-snippet:-1, max-image-preview:large, max-video-preview:-1\" \/>\n<link rel=\"canonical\" href=\"https:\/\/v2charge.com\/ca\/entrevista-amb-wiebe-wakker\/\" \/>\n<meta property=\"og:locale\" content=\"ca_ES\" \/>\n<meta property=\"og:type\" content=\"article\" \/>\n<meta property=\"og:title\" content=\"Entrevista amb Wiebe Wakker - V2C\" \/>\n<meta property=\"og:description\" content=\"Wiebe Wakker \u00e9s un holand\u00e8s que viatja pel m\u00f3n amb un cotxe el\u00e8ctric. Llegeix la nostra entrevista amb ell aqu\u00ed i descobreix tot sobre la iniciativa Plug Me In.\" \/>\n<meta property=\"og:url\" content=\"https:\/\/v2charge.com\/ca\/entrevista-amb-wiebe-wakker\/\" \/>\n<meta property=\"og:site_name\" content=\"V2C\" \/>\n<meta property=\"article:publisher\" content=\"https:\/\/www.facebook.com\/V2C.Charge\" \/>\n<meta property=\"article:published_time\" content=\"2018-07-04T15:56:07+00:00\" \/>\n<meta property=\"article:modified_time\" content=\"2023-07-19T07:29:58+00:00\" \/>\n<meta property=\"og:image\" content=\"https:\/\/v2charge.com\/wp-content\/uploads\/2018\/07\/evse-portable-travel-electriccar-1-1.jpg\" \/>\n\t<meta property=\"og:image:width\" content=\"800\" \/>\n\t<meta property=\"og:image:height\" content=\"600\" \/>\n\t<meta property=\"og:image:type\" content=\"image\/jpeg\" \/>\n<meta name=\"author\" content=\"V2C\" \/>\n<meta name=\"twitter:card\" content=\"summary_large_image\" \/>\n<meta name=\"twitter:creator\" content=\"@V2C_Charge\" \/>\n<meta name=\"twitter:site\" content=\"@V2C_Charge\" \/>\n<meta name=\"twitter:label1\" content=\"Escrit per\" \/>\n\t<meta name=\"twitter:data1\" content=\"V2C\" \/>\n\t<meta name=\"twitter:label2\" content=\"Temps estimat de lectura\" \/>\n\t<meta name=\"twitter:data2\" content=\"6 minuts\" \/>\n<script type=\"application\/ld+json\" class=\"yoast-schema-graph\">{\"@context\":\"https:\/\/schema.org\",\"@graph\":[{\"@type\":\"Article\",\"@id\":\"https:\/\/v2charge.com\/ca\/entrevista-amb-wiebe-wakker\/#article\",\"isPartOf\":{\"@id\":\"https:\/\/v2charge.com\/ca\/entrevista-amb-wiebe-wakker\/\"},\"author\":{\"name\":\"V2C\",\"@id\":\"https:\/\/v2charge.com\/ca\/#\/schema\/person\/f29e67a85380accce2b8b9139c993f42\"},\"headline\":\"Entrevista amb Wiebe Wakker\",\"datePublished\":\"2018-07-04T15:56:07+00:00\",\"dateModified\":\"2023-07-19T07:29:58+00:00\",\"mainEntityOfPage\":{\"@id\":\"https:\/\/v2charge.com\/ca\/entrevista-amb-wiebe-wakker\/\"},\"wordCount\":1135,\"publisher\":{\"@id\":\"https:\/\/v2charge.com\/ca\/#organization\"},\"image\":{\"@id\":\"https:\/\/v2charge.com\/ca\/entrevista-amb-wiebe-wakker\/#primaryimage\"},\"thumbnailUrl\":\"https:\/\/v2charge.com\/wp-content\/uploads\/2018\/07\/evse-portable-travel-electriccar-1-1.jpg\",\"inLanguage\":\"ca\"},{\"@type\":\"WebPage\",\"@id\":\"https:\/\/v2charge.com\/ca\/entrevista-amb-wiebe-wakker\/\",\"url\":\"https:\/\/v2charge.com\/ca\/entrevista-amb-wiebe-wakker\/\",\"name\":\"Entrevista amb Wiebe Wakker - V2C\",\"isPartOf\":{\"@id\":\"https:\/\/v2charge.com\/ca\/#website\"},\"primaryImageOfPage\":{\"@id\":\"https:\/\/v2charge.com\/ca\/entrevista-amb-wiebe-wakker\/#primaryimage\"},\"image\":{\"@id\":\"https:\/\/v2charge.com\/ca\/entrevista-amb-wiebe-wakker\/#primaryimage\"},\"thumbnailUrl\":\"https:\/\/v2charge.com\/wp-content\/uploads\/2018\/07\/evse-portable-travel-electriccar-1-1.jpg\",\"datePublished\":\"2018-07-04T15:56:07+00:00\",\"dateModified\":\"2023-07-19T07:29:58+00:00\",\"description\":\"Wiebe Wakker \u00e9s un holand\u00e8s que viatja pel m\u00f3n amb un cotxe el\u00e8ctric. Llegeix la nostra entrevista amb ell aqu\u00ed i descobreix tot sobre la iniciativa Plug Me In.\",\"breadcrumb\":{\"@id\":\"https:\/\/v2charge.com\/ca\/entrevista-amb-wiebe-wakker\/#breadcrumb\"},\"inLanguage\":\"ca\",\"potentialAction\":[{\"@type\":\"ReadAction\",\"target\":[\"https:\/\/v2charge.com\/ca\/entrevista-amb-wiebe-wakker\/\"]}]},{\"@type\":\"ImageObject\",\"inLanguage\":\"ca\",\"@id\":\"https:\/\/v2charge.com\/ca\/entrevista-amb-wiebe-wakker\/#primaryimage\",\"url\":\"https:\/\/v2charge.com\/wp-content\/uploads\/2018\/07\/evse-portable-travel-electriccar-1-1.jpg\",\"contentUrl\":\"https:\/\/v2charge.com\/wp-content\/uploads\/2018\/07\/evse-portable-travel-electriccar-1-1.jpg\",\"width\":800,\"height\":600},{\"@type\":\"BreadcrumbList\",\"@id\":\"https:\/\/v2charge.com\/ca\/entrevista-amb-wiebe-wakker\/#breadcrumb\",\"itemListElement\":[{\"@type\":\"ListItem\",\"position\":1,\"name\":\"V2C\",\"item\":\"https:\/\/v2charge.com\/ca\/\"},{\"@type\":\"ListItem\",\"position\":2,\"name\":\"Entrevista amb Wiebe Wakker\"}]},{\"@type\":\"WebSite\",\"@id\":\"https:\/\/v2charge.com\/ca\/#website\",\"url\":\"https:\/\/v2charge.com\/ca\/\",\"name\":\"V2C\",\"description\":\"#CargandoElMa\u00f1ana\",\"publisher\":{\"@id\":\"https:\/\/v2charge.com\/ca\/#organization\"},\"potentialAction\":[{\"@type\":\"SearchAction\",\"target\":{\"@type\":\"EntryPoint\",\"urlTemplate\":\"https:\/\/v2charge.com\/ca\/?s={search_term_string}\"},\"query-input\":{\"@type\":\"PropertyValueSpecification\",\"valueRequired\":true,\"valueName\":\"search_term_string\"}}],\"inLanguage\":\"ca\"},{\"@type\":\"Organization\",\"@id\":\"https:\/\/v2charge.com\/ca\/#organization\",\"name\":\"V2C\",\"url\":\"https:\/\/v2charge.com\/ca\/\",\"logo\":{\"@type\":\"ImageObject\",\"inLanguage\":\"ca\",\"@id\":\"https:\/\/v2charge.com\/ca\/#\/schema\/logo\/image\/\",\"url\":\"https:\/\/v2charge.com\/wp-content\/uploads\/2024\/11\/cropped-v2c-charge-logo-menu.png\",\"contentUrl\":\"https:\/\/v2charge.com\/wp-content\/uploads\/2024\/11\/cropped-v2c-charge-logo-menu.png\",\"width\":984,\"height\":431,\"caption\":\"V2C\"},\"image\":{\"@id\":\"https:\/\/v2charge.com\/ca\/#\/schema\/logo\/image\/\"},\"sameAs\":[\"https:\/\/www.facebook.com\/V2C.Charge\",\"https:\/\/x.com\/V2C_Charge\",\"https:\/\/www.instagram.com\/v2c.charge\/\",\"https:\/\/www.youtube.com\/@V2C\",\"https:\/\/www.linkedin.com\/company\/v2c-chargers\/\"]},{\"@type\":\"Person\",\"@id\":\"https:\/\/v2charge.com\/ca\/#\/schema\/person\/f29e67a85380accce2b8b9139c993f42\",\"name\":\"V2C\",\"image\":{\"@type\":\"ImageObject\",\"inLanguage\":\"ca\",\"@id\":\"https:\/\/v2charge.com\/ca\/#\/schema\/person\/image\/\",\"url\":\"https:\/\/secure.gravatar.com\/avatar\/6b569efe71f377f865d3c6d7d046c620e6ecf71400555f6ac3a8d31ade20562b?s=96&d=mm&r=g\",\"contentUrl\":\"https:\/\/secure.gravatar.com\/avatar\/6b569efe71f377f865d3c6d7d046c620e6ecf71400555f6ac3a8d31ade20562b?s=96&d=mm&r=g\",\"caption\":\"V2C\"}}]}<\/script>\n<!-- \/ Yoast SEO plugin. -->","yoast_head_json":{"title":"Entrevista amb Wiebe Wakker - V2C","description":"Wiebe Wakker \u00e9s un holand\u00e8s que viatja pel m\u00f3n amb un cotxe el\u00e8ctric. Llegeix la nostra entrevista amb ell aqu\u00ed i descobreix tot sobre la iniciativa Plug Me In.","robots":{"index":"index","follow":"follow","max-snippet":"max-snippet:-1","max-image-preview":"max-image-preview:large","max-video-preview":"max-video-preview:-1"},"canonical":"https:\/\/v2charge.com\/ca\/entrevista-amb-wiebe-wakker\/","og_locale":"ca_ES","og_type":"article","og_title":"Entrevista amb Wiebe Wakker - V2C","og_description":"Wiebe Wakker \u00e9s un holand\u00e8s que viatja pel m\u00f3n amb un cotxe el\u00e8ctric. Llegeix la nostra entrevista amb ell aqu\u00ed i descobreix tot sobre la iniciativa Plug Me In.","og_url":"https:\/\/v2charge.com\/ca\/entrevista-amb-wiebe-wakker\/","og_site_name":"V2C","article_publisher":"https:\/\/www.facebook.com\/V2C.Charge","article_published_time":"2018-07-04T15:56:07+00:00","article_modified_time":"2023-07-19T07:29:58+00:00","og_image":[{"width":800,"height":600,"url":"https:\/\/v2charge.com\/wp-content\/uploads\/2018\/07\/evse-portable-travel-electriccar-1-1.jpg","type":"image\/jpeg"}],"author":"V2C","twitter_card":"summary_large_image","twitter_creator":"@V2C_Charge","twitter_site":"@V2C_Charge","twitter_misc":{"Escrit per":"V2C","Temps estimat de lectura":"6 minuts"},"schema":{"@context":"https:\/\/schema.org","@graph":[{"@type":"Article","@id":"https:\/\/v2charge.com\/ca\/entrevista-amb-wiebe-wakker\/#article","isPartOf":{"@id":"https:\/\/v2charge.com\/ca\/entrevista-amb-wiebe-wakker\/"},"author":{"name":"V2C","@id":"https:\/\/v2charge.com\/ca\/#\/schema\/person\/f29e67a85380accce2b8b9139c993f42"},"headline":"Entrevista amb Wiebe Wakker","datePublished":"2018-07-04T15:56:07+00:00","dateModified":"2023-07-19T07:29:58+00:00","mainEntityOfPage":{"@id":"https:\/\/v2charge.com\/ca\/entrevista-amb-wiebe-wakker\/"},"wordCount":1135,"publisher":{"@id":"https:\/\/v2charge.com\/ca\/#organization"},"image":{"@id":"https:\/\/v2charge.com\/ca\/entrevista-amb-wiebe-wakker\/#primaryimage"},"thumbnailUrl":"https:\/\/v2charge.com\/wp-content\/uploads\/2018\/07\/evse-portable-travel-electriccar-1-1.jpg","inLanguage":"ca"},{"@type":"WebPage","@id":"https:\/\/v2charge.com\/ca\/entrevista-amb-wiebe-wakker\/","url":"https:\/\/v2charge.com\/ca\/entrevista-amb-wiebe-wakker\/","name":"Entrevista amb Wiebe Wakker - V2C","isPartOf":{"@id":"https:\/\/v2charge.com\/ca\/#website"},"primaryImageOfPage":{"@id":"https:\/\/v2charge.com\/ca\/entrevista-amb-wiebe-wakker\/#primaryimage"},"image":{"@id":"https:\/\/v2charge.com\/ca\/entrevista-amb-wiebe-wakker\/#primaryimage"},"thumbnailUrl":"https:\/\/v2charge.com\/wp-content\/uploads\/2018\/07\/evse-portable-travel-electriccar-1-1.jpg","datePublished":"2018-07-04T15:56:07+00:00","dateModified":"2023-07-19T07:29:58+00:00","description":"Wiebe Wakker \u00e9s un holand\u00e8s que viatja pel m\u00f3n amb un cotxe el\u00e8ctric. Llegeix la nostra entrevista amb ell aqu\u00ed i descobreix tot sobre la iniciativa Plug Me In.","breadcrumb":{"@id":"https:\/\/v2charge.com\/ca\/entrevista-amb-wiebe-wakker\/#breadcrumb"},"inLanguage":"ca","potentialAction":[{"@type":"ReadAction","target":["https:\/\/v2charge.com\/ca\/entrevista-amb-wiebe-wakker\/"]}]},{"@type":"ImageObject","inLanguage":"ca","@id":"https:\/\/v2charge.com\/ca\/entrevista-amb-wiebe-wakker\/#primaryimage","url":"https:\/\/v2charge.com\/wp-content\/uploads\/2018\/07\/evse-portable-travel-electriccar-1-1.jpg","contentUrl":"https:\/\/v2charge.com\/wp-content\/uploads\/2018\/07\/evse-portable-travel-electriccar-1-1.jpg","width":800,"height":600},{"@type":"BreadcrumbList","@id":"https:\/\/v2charge.com\/ca\/entrevista-amb-wiebe-wakker\/#breadcrumb","itemListElement":[{"@type":"ListItem","position":1,"name":"V2C","item":"https:\/\/v2charge.com\/ca\/"},{"@type":"ListItem","position":2,"name":"Entrevista amb Wiebe Wakker"}]},{"@type":"WebSite","@id":"https:\/\/v2charge.com\/ca\/#website","url":"https:\/\/v2charge.com\/ca\/","name":"V2C","description":"#CargandoElMa\u00f1ana","publisher":{"@id":"https:\/\/v2charge.com\/ca\/#organization"},"potentialAction":[{"@type":"SearchAction","target":{"@type":"EntryPoint","urlTemplate":"https:\/\/v2charge.com\/ca\/?s={search_term_string}"},"query-input":{"@type":"PropertyValueSpecification","valueRequired":true,"valueName":"search_term_string"}}],"inLanguage":"ca"},{"@type":"Organization","@id":"https:\/\/v2charge.com\/ca\/#organization","name":"V2C","url":"https:\/\/v2charge.com\/ca\/","logo":{"@type":"ImageObject","inLanguage":"ca","@id":"https:\/\/v2charge.com\/ca\/#\/schema\/logo\/image\/","url":"https:\/\/v2charge.com\/wp-content\/uploads\/2024\/11\/cropped-v2c-charge-logo-menu.png","contentUrl":"https:\/\/v2charge.com\/wp-content\/uploads\/2024\/11\/cropped-v2c-charge-logo-menu.png","width":984,"height":431,"caption":"V2C"},"image":{"@id":"https:\/\/v2charge.com\/ca\/#\/schema\/logo\/image\/"},"sameAs":["https:\/\/www.facebook.com\/V2C.Charge","https:\/\/x.com\/V2C_Charge","https:\/\/www.instagram.com\/v2c.charge\/","https:\/\/www.youtube.com\/@V2C","https:\/\/www.linkedin.com\/company\/v2c-chargers\/"]},{"@type":"Person","@id":"https:\/\/v2charge.com\/ca\/#\/schema\/person\/f29e67a85380accce2b8b9139c993f42","name":"V2C","image":{"@type":"ImageObject","inLanguage":"ca","@id":"https:\/\/v2charge.com\/ca\/#\/schema\/person\/image\/","url":"https:\/\/secure.gravatar.com\/avatar\/6b569efe71f377f865d3c6d7d046c620e6ecf71400555f6ac3a8d31ade20562b?s=96&d=mm&r=g","contentUrl":"https:\/\/secure.gravatar.com\/avatar\/6b569efe71f377f865d3c6d7d046c620e6ecf71400555f6ac3a8d31ade20562b?s=96&d=mm&r=g","caption":"V2C"}}]}},"uagb_featured_image_src":{"full":["https:\/\/v2charge.com\/wp-content\/uploads\/2018\/07\/evse-portable-travel-electriccar-1-1.jpg",800,600,false],"thumbnail":["https:\/\/v2charge.com\/wp-content\/uploads\/2018\/07\/evse-portable-travel-electriccar-1-1-150x150.jpg",150,150,true],"medium":["https:\/\/v2charge.com\/wp-content\/uploads\/2018\/07\/evse-portable-travel-electriccar-1-1-300x225.jpg",300,225,true],"medium_large":["https:\/\/v2charge.com\/wp-content\/uploads\/2018\/07\/evse-portable-travel-electriccar-1-1-768x576.jpg",768,576,true],"large":["https:\/\/v2charge.com\/wp-content\/uploads\/2018\/07\/evse-portable-travel-electriccar-1-1.jpg",800,600,false],"gs-tiny":["https:\/\/v2charge.com\/wp-content\/uploads\/2018\/07\/evse-portable-travel-electriccar-1-1.jpg",50,38,false],"xl":["https:\/\/v2charge.com\/wp-content\/uploads\/2018\/07\/evse-portable-travel-electriccar-1-1.jpg",800,600,false],"xxl":["https:\/\/v2charge.com\/wp-content\/uploads\/2018\/07\/evse-portable-travel-electriccar-1-1.jpg",800,600,false],"xxxl":["https:\/\/v2charge.com\/wp-content\/uploads\/2018\/07\/evse-portable-travel-electriccar-1-1.jpg",800,600,false],"xxxxl":["https:\/\/v2charge.com\/wp-content\/uploads\/2018\/07\/evse-portable-travel-electriccar-1-1.jpg",800,600,false],"xxxxxl":["https:\/\/v2charge.com\/wp-content\/uploads\/2018\/07\/evse-portable-travel-electriccar-1-1.jpg",800,600,false],"1536x1536":["https:\/\/v2charge.com\/wp-content\/uploads\/2018\/07\/evse-portable-travel-electriccar-1-1.jpg",800,600,false],"2048x2048":["https:\/\/v2charge.com\/wp-content\/uploads\/2018\/07\/evse-portable-travel-electriccar-1-1.jpg",800,600,false]},"uagb_author_info":{"display_name":"V2C","author_link":"https:\/\/v2charge.com\/ca\/author\/root_k4eu7ki8\/"},"uagb_comment_info":0,"uagb_excerpt":"Wiebe Wakker \u00e9s un holand\u00e8s que viatja pel m\u00f3n amb un cotxe el\u00e8ctric. La iniciativa Plug Me In presenta un viatge per carretera amb un gir. \u00c9s &#8220;una aventura amb prop\u00f2sit&nbsp;destinada a inspirar, educar i accelerar la transici\u00f3 cap a un futur amb zero emissions de carboni.&#8220; Aqu\u00ed podeu llegir l&#8217;entrevista amb Wiebe Wakker Quin&hellip;","_links":{"self":[{"href":"https:\/\/v2charge.com\/ca\/wp-json\/wp\/v2\/posts\/310218","targetHints":{"allow":["GET"]}}],"collection":[{"href":"https:\/\/v2charge.com\/ca\/wp-json\/wp\/v2\/posts"}],"about":[{"href":"https:\/\/v2charge.com\/ca\/wp-json\/wp\/v2\/types\/post"}],"author":[{"embeddable":true,"href":"https:\/\/v2charge.com\/ca\/wp-json\/wp\/v2\/users\/1"}],"replies":[{"embeddable":true,"href":"https:\/\/v2charge.com\/ca\/wp-json\/wp\/v2\/comments?post=310218"}],"version-history":[{"count":0,"href":"https:\/\/v2charge.com\/ca\/wp-json\/wp\/v2\/posts\/310218\/revisions"}],"wp:featuredmedia":[{"embeddable":true,"href":"https:\/\/v2charge.com\/ca\/wp-json\/wp\/v2\/media\/63715"}],"wp:attachment":[{"href":"https:\/\/v2charge.com\/ca\/wp-json\/wp\/v2\/media?parent=310218"}],"wp:term":[{"taxonomy":"category","embeddable":true,"href":"https:\/\/v2charge.com\/ca\/wp-json\/wp\/v2\/categories?post=310218"},{"taxonomy":"post_tag","embeddable":true,"href":"https:\/\/v2charge.com\/ca\/wp-json\/wp\/v2\/tags?post=310218"}],"curies":[{"name":"wp","href":"https:\/\/api.w.org\/{rel}","templated":true}]}}