{"id":310222,"date":"2024-07-02T10:00:00","date_gmt":"2024-07-02T08:00:00","guid":{"rendered":""},"modified":"2025-09-12T10:05:19","modified_gmt":"2025-09-12T08:05:19","slug":"quant-temps-triga-a-pagar-el-pla-moves-iii","status":"publish","type":"post","link":"https:\/\/v2charge.com\/ca\/quant-temps-triga-a-pagar-el-pla-moves-iii\/","title":{"rendered":"Quant temps triga a pagar el Pla Moves III?"},"content":{"rendered":"<p>El <strong>Pla Moves III en 2025<\/strong> ha estat una eina essencial per <strong>fomentar la mobilitat sostenible a Espanya<\/strong>, proporcionant subvencions tant per a la compra de vehicles el\u00e8ctrics com per a la instal\u00b7laci\u00f3 d&#8217;infraestructura de rec\u00e0rrega. No obstant aix\u00f2, un dels principals interrogants dels beneficiaris \u00e9s <strong>el temps que triga a fer-se efectiu el pagament d&#8217;aquestes ajudes<\/strong>. En aquest article, examinarem quant temps es triga a rebre els diners del Pla Moves III i altres aspectes relacionats amb la seva gesti\u00f3 i tributaci\u00f3.<\/p>\n<blockquote>\n<p><strong>Actualitzat a 22 d&#8217;agost de 2025:<\/strong> S&#8217;amplia amb car\u00e0cter retroactiu el Pla Moves III fins al 31 de desembre de 2025. Aplicables a les compres realitzades des de l&#8217;1 de gener de 2025.<\/p>\n<\/blockquote>\n<h2>El temps de pagament del Pla Moves III varia entre vuit mesos i un any, depenent de la comunitat aut\u00f2noma<\/h2>\n<p>L&#8217;espera per rebre la subvenci\u00f3 del Pla Moves III pot ser llarga. D&#8217;acord amb la nostra experi\u00e8ncia i la d&#8217;altres beneficiaris, el <strong>temps mitj\u00e0 oscil\u00b7la entre vuit i dotze mesos<\/strong> des de la presentaci\u00f3 de la sol\u00b7licitud fins que es realitza el pagament. Aquest termini pot variar significativament segons la Comunitat Aut\u00f2noma (CCAA), ja que cadascuna t\u00e9 els seus propis procediments i temps de tramitaci\u00f3.<\/p>\n<p>El temps espec\u00edfic en qu\u00e8 es rep el pagament del Pla Moves III dep\u00e8n de diversos factors, incloent la <strong>presentaci\u00f3 correcta de la documentaci\u00f3<\/strong> i la <strong>gesti\u00f3 administrativa<\/strong> de la CCAA corresponent. En general, s&#8217;estima que l&#8217;espera \u00e9s d&#8217;entre vuit i dotze mesos despr\u00e9s d&#8217;haver entregat tots els documents requerits. Aquest per\u00edode inclou el temps necessari per <strong>la revisi\u00f3 i aprovaci\u00f3<\/strong> de la sol\u00b7licitud per part de les autoritats, aix\u00ed com la disponibilitat de fons al pressupost de la comunitat aut\u00f2noma.<\/p>\n<p><a href=\"https:\/\/v2charge.com\/ca\/troba-instalador\/\"><img decoding=\"async\" class=\"alignnone size-full wp-image-244177\" src=\"https:\/\/v2charge.com\/wp-content\/uploads\/2025\/08\/encontrar-instalador-trydan-casa.jpg\" alt=\"\" width=\"818\" height=\"344\" srcset=\"https:\/\/v2charge.com\/wp-content\/uploads\/2025\/08\/encontrar-instalador-trydan-casa.jpg 818w, https:\/\/v2charge.com\/wp-content\/uploads\/2025\/08\/encontrar-instalador-trydan-casa-300x126.jpg 300w, https:\/\/v2charge.com\/wp-content\/uploads\/2025\/08\/encontrar-instalador-trydan-casa-768x323.jpg 768w, https:\/\/v2charge.com\/wp-content\/uploads\/2025\/08\/encontrar-instalador-trydan-casa-50x21.jpg 50w\" sizes=\"(max-width: 818px) 100vw, 818px\" \/><\/a><\/p>\n<p>Et recomanem que donis un cop d&#8217;ull al nou <strong><a href=\"https:\/\/v2charge.com\/ca\/polestar-4-el-suv-electric-que-redefineix-l-autonomia-i-la-carrega-intel-ligent\/\">Polestar 4: preu<\/a><\/strong>, caracter\u00edstiques i tot el que necessites saber sobre aquest sofisticat cotxe el\u00e8ctric.<\/p>\n<h3>Quant temps triga el Pla Moves III a pagar a Andalusia?<\/h3>\n<p>A Andalusia, el proc\u00e9s per rebre la subvenci\u00f3 del Pla Moves III sol ser m\u00e9s r\u00e0pid que en altres regions d&#8217;Espanya. Els beneficiaris han informat d&#8217;un temps d&#8217;espera d&#8217;<strong>aproximadament vuit mesos<\/strong> des de la presentaci\u00f3 de la sol\u00b7licitud completa. Aquest termini \u00e9s relativament curt en comparaci\u00f3 amb altres Comunitats Aut\u00f2nomes, on el proc\u00e9s pot allargar-se fins a un any.<\/p>\n<p>Et recomanem que donis un cop d&#8217;ull al nou <strong><a href=\"https:\/\/v2charge.com\/ca\/nou-mg-hs-phev-2025-el-hibrid-endollable-suv-mes-accessible-del-mercat\/\">MG HS PHEV<\/a><\/strong>, el SUV h\u00edbrid endollable m\u00e9s barat de la seva gamma.<\/p>\n<h3>Quant temps triga el Pla Moves III a pagar a la Comunitat de Madrid?<\/h3>\n<p>Per als sol\u00b7licitants del Pla Moves III a la Comunitat de Madrid, el temps d&#8217;espera per rebre la subvenci\u00f3 sol ser una mica m\u00e9s llarg. <strong>El proc\u00e9s pot allargar-se entre deu i dotze mesos<\/strong>. La major durada en aquesta regi\u00f3 es deu a la alta demanda de sol\u00b7licituds i als procediments administratius espec\u00edfics de la comunitat.<\/p>\n<p>Si t&#8217;interessa la mobilitat el\u00e8ctrica et recomanem la nostra guia dels <strong><a href=\"https:\/\/v2charge.com\/ca\/els-10-cotxes-hibrids-endollables-mes-barats-de-2025-eficiencia-mobilitat-i-estalvi\/\">h\u00edbrids endollables m\u00e9s barats<\/a><\/strong> del mercat.<\/p>\n<h3>Quant temps triga el Pla Moves III a pagar a Catalunya?<\/h3>\n<p>A Catalunya, els beneficiaris del Pla Moves III poden esperar un temps d&#8217;espera intermedi per a la tramitaci\u00f3 i pagament de la subvenci\u00f3. El temps mitj\u00e0 \u00e9s de<strong> fins a onze mesos<\/strong>. Aquest termini reflecteix la gesti\u00f3 eficient per\u00f2 encara prolongada que caracteritza la tramitaci\u00f3 d&#8217;aquestes ajudes en aquesta Comunitat Aut\u00f2noma.<\/p>\n<p><img decoding=\"async\" class=\"alignnone size-full wp-image-162160\" src=\"https:\/\/v2charge.com\/wp-content\/uploads\/2024\/06\/plan-moves-iii-2024-ampliacion-requisitos.jpg\" alt=\"Ampliaci\u00f3 Pla Moves III 2024 Requisits\" width=\"960\" height=\"560\" srcset=\"https:\/\/v2charge.com\/wp-content\/uploads\/2024\/06\/plan-moves-iii-2024-ampliacion-requisitos.jpg 960w, https:\/\/v2charge.com\/wp-content\/uploads\/2024\/06\/plan-moves-iii-2024-ampliacion-requisitos-300x175.jpg 300w, https:\/\/v2charge.com\/wp-content\/uploads\/2024\/06\/plan-moves-iii-2024-ampliacion-requisitos-768x448.jpg 768w\" sizes=\"(max-width: 960px) 100vw, 960px\" \/><\/p>\n<h2>Quan s&#8217;ha de declarar a Hisenda el que paga el Pla Moves III?<\/h2>\n<p>\u00c9s crucial tenir en compte que les subvencions del Pla Moves III s&#8217;han de declarar en l&#8217;exercici fiscal corresponent a l&#8217;any en qu\u00e8 s&#8217;han rebut. Per tant, si has rebut la subvenci\u00f3 el 2024, haur\u00e0s d&#8217;incloure-la en la teva Declaraci\u00f3 de la Renda d&#8217;aquell mateix any. Aix\u00f2 implica que, al realitzar la declaraci\u00f3 en la campanya fiscal de 2025, <strong>haur\u00e0s de reflectir l&#8217;ajuda rebuda durant el 2023<\/strong>.<\/p>\n<p><span style=\"font-weight: 400;\">Recorda llegir la nostra guia de <\/span><a href=\"https:\/\/v2charge.com\/ca\/caes-cotxe-electric-la-nova-ajuda-per-canviar-a-un-cotxe-electric\/\"><b>ajudes cae de cotxe el\u00e8ctric<\/b><\/a><span style=\"font-weight: 400;\"> i descobreix com aconseguir fins a 1.000 \u20ac per la compra de cotxe el\u00e8ctric.<\/span><\/p>\n<p>En cas que encara no hagis rebut la subvenci\u00f3, haur\u00e0s d&#8217;esperar fins a la campanya de la renda de l&#8217;any en qu\u00e8 finalment rebis els diners. Per exemple, si la subvenci\u00f3 se t&#8217;atorga el 2025, <strong>haur\u00e0s de declarar-la en la Declaraci\u00f3 de la Renda d&#8217;aquell any<\/strong>, que es presenta en la campanya de 2026. Si est\u00e0s buscant un cotxe el\u00e8ctric, et recomanem que revisis la nostra guia dels <strong><a href=\"https:\/\/v2charge.com\/ca\/coches-electricos-mas-baratos-2024\/\">cotxes el\u00e8ctrics m\u00e9s barats<\/a> de 2025.<\/strong><\/p>\n<p>\u00c9s fonamental estar atent a la recepci\u00f3 d&#8217;aquestes ajudes i assegurar-se d&#8217;incloure-les en la declaraci\u00f3 d&#8217;impostos de l&#8217;any correcte per complir amb les obligacions fiscals i evitar possibles sancions.<\/p>\n<h3>Quina quantitat s&#8217;ha de retornar a Hisenda del Pla Moves III?<\/h3>\n<p>Un cop que es rep <strong>la subvenci\u00f3 del Pla Moves III<\/strong>, \u00e9s important tenir en compte les obligacions fiscals associades. Les ajudes rebudes s&#8217;han de declarar en la Declaraci\u00f3 de la Renda, i la quantitat a retornar a Hisenda dependr\u00e0 dels ingressos del beneficiari. A continuaci\u00f3, es detallen les taxes impositives aplicables:<\/p>\n<ul>\n<li><strong>Ingressos fins a 12.450 euros<\/strong>: Aproximadament el <strong>19%<\/strong> de l&#8217;ajuda rebuda.<\/li>\n<li><strong>Ingressos entre 12.450 i 20.200 euros<\/strong>: Un tipus impositiu del <strong>24%<\/strong> sobre la subvenci\u00f3.<\/li>\n<li><strong>Ingressos entre 20.200 i 35.200 euros<\/strong>: Fins al<strong> 30%<\/strong> de l&#8217;import del Pla Moves III.<\/li>\n<\/ul>\n<p>Descobreix la marca m\u00e9s sol\u00b7licitada dels \u00faltims anys, consulta la nostra guia de tots els models i <strong><a href=\"https:\/\/v2charge.com\/ca\/preus-de-byd-el-2025-cotxes-electrics-i-hibrids-caracteristiques-i-autonomia\/\">preus de BYD<\/a><\/strong>.<\/p>\n<h3>Com es tributa el Pla Moves III?<\/h3>\n<p>Les ajudes rebudes del Pla Moves III s&#8217;han de declarar en la Declaraci\u00f3 de la Renda, <strong>espec\u00edficament en la casella 0301<\/strong>, sota l&#8217;apartat de <em>\u00abAltres guanys i p\u00e8rdues patrimonials que no deriven de la transmissi\u00f3 d&#8217;elements patrimonials\u00bb<\/em>. \u00c9s crucial reflectir aquesta subvenci\u00f3 correctament per evitar problemes amb Hisenda.<\/p>\n<h2>Altres aspectes del Pla Moves III<\/h2>\n<p>Aquests s\u00f3n alguns dels aspectes m\u00e9s importants que els sol\u00b7licitants del <strong><a href=\"https:\/\/v2charge.com\/ca\/ampliacion-plan-moves-iii-2024-requisitos-ca\/\">Pla Moves 2024<\/a><\/strong> han de con\u00e8ixer, des de <strong>la disponibilitat de fons<\/strong> fins als <strong>requisits espec\u00edfics<\/strong> per beneficiar-se de les ajudes. Comprendre aquests punts \u00e9s fonamental per aquells que desitgen aprofitar al m\u00e0xim les oportunitats que ofereix aquest programa governamental.<\/p>\n<p>Si t&#8217;interessa comprar un vehicle el\u00e8ctric et recomanem que donis un cop d&#8217;ull a la nostra guia de <strong><a href=\"https:\/\/v2charge.com\/ca\/deduccio-irpf-per-a-cotxes-electrics-i-punts-de-recarrega\/\">deducci\u00f3 d&#8217;IRPF per la compra de cotxe el\u00e8ctric<\/a> i punts de rec\u00e0rrega.<\/strong><\/p>\n<h3>Quin \u00e9s el futur del Pla Moves III?<\/h3>\n<p>Amb l&#8217;\u00faltima pr\u00f2rroga aprovada pel Govern, el <strong>Pla Moves III en 2025 est\u00e0 vigent fins al 31 de desembre<\/strong>. Aquesta extensi\u00f3 t\u00e9 com a objectiu continuar fomentant la mobilitat el\u00e8ctrica i avan\u00e7ar cap a un parc automobil\u00edstic m\u00e9s sostenible. Actualment, s&#8217;est\u00e0 a l&#8217;espera de not\u00edcies sobre el proper Pla Moves IV. Si ets amant de la mobilitat el\u00e8ctrica, descobreix el <b data-stringify-type=\"bold\"><a class=\"c-link\" href=\"https:\/\/v2charge.com\/ca\/el-nou-mg7-preu-a-espanya-data-de-llancament-i-caracteristiques\/\" target=\"_blank\" rel=\"noopener noreferrer\" data-stringify-link=\"https:\/\/v2charge.com\/es\/mg7-precio-espana-fecha-lanzamiento\/\" data-sk=\"tooltip_parent\">MG7<\/a><\/b>, un dels cotxes el\u00e8ctrics m\u00e9s esperats, el nou <strong><a href=\"https:\/\/v2charge.com\/ca\/descobreix-el-byd-song-l-dm-i-el-nou-suv-hibrid-endollable-de-byd\/\">BYD Song L<\/a> <\/strong>que revolucionar\u00e0 el mercat el\u00e8ctric o el nou <strong><a href=\"https:\/\/v2charge.com\/ca\/descobreix-el-byd-song-l-dm-i-el-nou-suv-hibrid-endollable-de-byd\/\">MG4 el\u00e8ctric<\/a><\/strong>, el nou SUV de MG, una revoluci\u00f3 de disseny i efici\u00e8ncia a un preu incre\u00efble.<\/p>\n<p>Et recomanem la nostra guia sobre el <strong><a href=\"https:\/\/v2charge.com\/ca\/precio-instalar-cargador-coche-electrico-cat\/\">preu d&#8217;instal\u00b7lar un carregador per cotxe el\u00e8ctric<\/a><\/strong> si est\u00e0s pensant a canviar a la mobilitat el\u00e8ctrica.<\/p>\n<h3>Com saber si queden fons al Pla Moves III?<\/h3>\n<p>Per con\u00e8ixer si encara hi ha fons disponibles al Pla Moves III a la teva comunitat aut\u00f2noma, \u00e9s recomanable <strong>contactar directament amb les autoritats competents<\/strong> de cada CCAA. Per exemple, a la Comunitat Valenciana, es pot enviar un correu a l&#8217;entitat corresponent per obtenir informaci\u00f3 actualitzada sobre l&#8217;estat de les subvencions. Busca l&#8217;entitat competent de la teva comunitat aut\u00f2noma per obtenir m\u00e9s informaci\u00f3.<\/p>\n<p><span style=\"font-weight: 400;\">Si t&#8217;agrada la mobilitat el\u00e8ctrica, et recomanem el nostre article sobre el nou <\/span><a href=\"https:\/\/v2charge.com\/ca\/mg-es5-2025-tecnologia-preu-i-solucions-de-recarrega-amb-v2c-per-al-suv-electric-lider-a-espanya\/\"><b>MG ES5<\/b><\/a><span style=\"font-weight: 400;\">, el vehicle el\u00e8ctric de MG per nom\u00e9s 19.999 \u20ac.<\/span><\/p>\n<h3>Quant temps ha de tenir un cotxe per ser achatarrat?<\/h3>\n<p>Per beneficiar-se de les ajudes del Pla Moves III, \u00e9s necessari complir amb certs requisits, especialment si es vol optar pel <strong>descompte addicional per achatarrament<\/strong>. El cotxe que es vol achatarrar ha de tenir <strong>m\u00e9s de deu anys<\/strong> i haver passat la<strong> ITV<\/strong> (Inspecci\u00f3 T\u00e8cnica de Vehicles) vigent. A m\u00e9s, la persona que realitzi el proc\u00e9s ha de ser la titular del vehicle, o en el seu defecte, un familiar de primer grau. Et recomanem que llegeixis la nostra guia sobre els <b data-stringify-type=\"bold\"><a class=\"c-link\" href=\"https:\/\/v2charge.com\/ca\/coches-electricos-pequenos-2024-mejor-precio\/\" target=\"_blank\" rel=\"noopener noreferrer\" data-stringify-link=\"https:\/\/v2charge.com\/es\/coches-electricos-pequenos-2024-mejor-precio\/\" data-sk=\"tooltip_parent\">cotxes el\u00e8ctrics petits<\/a><\/b> i barats de 2025, aquest tipus de cotxes s\u00f3n els m\u00e9s interessants per a les ciutats, per als usuaris amb un pressupost m\u00e9s ajustat.<\/p>\n<p><span style=\"font-weight: 400;\">A m\u00e9s, si t&#8217;interessen les \u00faltimes novetats sobre mobilitat el\u00e8ctrica, et recomanem que donis un cop d&#8217;ull al nou <\/span><a href=\"https:\/\/v2charge.com\/ca\/bmw-presenta-el-nou-bmw-ix3-2026-i-inaugura-l-era-neue-klasse\/\"><b>BMW iX3 2025<\/b><\/a> <b>de la Neue Klasse<\/b><span style=\"font-weight: 400;\"> presentat oficialment a l&#8217;IAA Mobility 2025 per BMW.<\/span><\/p>\n<h2>A pesar de la demora en els pagaments, el Pla Moves III \u00e9s una oportunitat excel\u00b7lent per a la mobilitat el\u00e8ctrica<\/h2>\n<p>El Pla Moves III \u00e9s <strong>una excel\u00b7lent oportunitat<\/strong> per a aquells interessats en adquirir vehicles el\u00e8ctrics o h\u00edbrids endollables i contribuir a la sostenibilitat ambiental. No obstant aix\u00f2, \u00e9s fonamental estar <strong>preparat per a un proc\u00e9s d&#8217;espera<\/strong> que pot durar fins a un any per rebre les ajudes. A m\u00e9s, \u00e9s important con\u00e8ixer les implicacions fiscals i complir amb els requisits necessaris per maximitzar els beneficis del pla.<\/p>\n<p>No dubtis a deixar-nos un comentari o contactar amb nosaltres i t&#8217;ajudarem en tot el proc\u00e9s. Disposem d&#8217;una \u00e0mplia xarxa d&#8217;instal\u00b7ladors de <strong><a href=\"https:\/\/v2charge.com\/ca\/\">carregadors de cotxe el\u00e8ctric<\/a> <\/strong>que podran ajudar-te en tot.<\/p>\n<div class=\"wp-block-uagb-image uagb-block-123108f3 wp-block-uagb-image--layout-default wp-block-uagb-image--effect-static wp-block-uagb-image--align-none\"><figure class=\"wp-block-uagb-image__figure\"><a class=\"\" href=\"https:\/\/v2charge.com\/ca\/troba-instalador\/\" target=\"\" rel=\"noopener\"><img decoding=\"async\" srcset=\"https:\/\/v2charge.com\/wp-content\/uploads\/2025\/08\/buscas-instalador-cargador-coche-electrico.jpg ,https:\/\/v2charge.com\/wp-content\/uploads\/2025\/08\/buscas-instalador-cargador-coche-electrico.jpg 780w, https:\/\/v2charge.com\/wp-content\/uploads\/2025\/08\/buscas-instalador-cargador-coche-electrico.jpg 360w\" sizes=\"auto, (max-width: 480px) 150px\" src=\"https:\/\/v2charge.com\/wp-content\/uploads\/2025\/08\/buscas-instalador-cargador-coche-electrico.jpg\" alt=\"Encuentra tu instalador de cargador de coche el\u00e9ctrico\" class=\"uag-image-243962\" width=\"960\" height=\"960\" title=\"Encuentra tu instalador de cargador de coche el\u00e9ctrico\" loading=\"lazy\" role=\"img\"\/><\/a><\/figure><\/div>\n","protected":false},"excerpt":{"rendered":"<p>El Pla Moves III en 2025 ha estat una eina essencial per fomentar la mobilitat sostenible a Espanya, proporcionant subvencions tant per a la compra de vehicles el\u00e8ctrics com per a la instal\u00b7laci\u00f3 d&#8217;infraestructura de rec\u00e0rrega. No obstant aix\u00f2, un dels principals interrogants dels beneficiaris \u00e9s el temps que triga a fer-se efectiu el pagament &#8230; <a title=\"Quant temps triga a pagar el Pla Moves III?\" class=\"read-more\" href=\"https:\/\/v2charge.com\/ca\/quant-temps-triga-a-pagar-el-pla-moves-iii\/\" aria-label=\"M\u00e9s informaci\u00f3 sobre Quant temps triga a pagar el Pla Moves III?\">Llegiu m\u00e9s<\/a><\/p>\n","protected":false},"author":400,"featured_media":163696,"comment_status":"closed","ping_status":"closed","sticky":false,"template":"","format":"standard","meta":{"_eb_attr":"","content-type":"","_uag_custom_page_level_css":"","footnotes":""},"categories":[],"tags":[],"class_list":["post-310222","post","type-post","status-publish","format-standard","has-post-thumbnail","hentry"],"yoast_head":"<!-- This site is optimized with the Yoast SEO plugin v25.3.1 - https:\/\/yoast.com\/wordpress\/plugins\/seo\/ -->\n<title>Quant temps triga a pagar el Pla Moves III?<\/title>\n<meta name=\"description\" content=\"En cada comunitat aut\u00f2noma pot ser diferent, et contem tot el que sabem sobre quant triga a pagar el Pla Moves III.\" \/>\n<meta name=\"robots\" content=\"index, follow, max-snippet:-1, max-image-preview:large, max-video-preview:-1\" \/>\n<link rel=\"canonical\" href=\"https:\/\/v2charge.com\/ca\/quant-temps-triga-a-pagar-el-pla-moves-iii\/\" \/>\n<meta property=\"og:locale\" content=\"ca_ES\" \/>\n<meta property=\"og:type\" content=\"article\" \/>\n<meta property=\"og:title\" content=\"Quant temps triga a pagar el Pla Moves III?\" \/>\n<meta property=\"og:description\" content=\"En cada comunitat aut\u00f2noma pot ser diferent, et contem tot el que sabem sobre quant triga a pagar el Pla Moves III.\" \/>\n<meta property=\"og:url\" content=\"https:\/\/v2charge.com\/ca\/quant-temps-triga-a-pagar-el-pla-moves-iii\/\" \/>\n<meta property=\"og:site_name\" content=\"V2C\" \/>\n<meta property=\"article:publisher\" content=\"https:\/\/www.facebook.com\/V2C.Charge\" \/>\n<meta property=\"article:published_time\" content=\"2024-07-02T08:00:00+00:00\" \/>\n<meta property=\"article:modified_time\" content=\"2025-09-12T08:05:19+00:00\" \/>\n<meta property=\"og:image\" content=\"https:\/\/v2charge.com\/wp-content\/uploads\/2024\/06\/cuanto-tardan-pagar-plan-moves-iii.jpg\" \/>\n\t<meta property=\"og:image:width\" content=\"960\" \/>\n\t<meta property=\"og:image:height\" content=\"560\" \/>\n\t<meta property=\"og:image:type\" content=\"image\/jpeg\" \/>\n<meta name=\"author\" content=\"V2C\" \/>\n<meta name=\"twitter:card\" content=\"summary_large_image\" \/>\n<meta name=\"twitter:creator\" content=\"@V2C_Charge\" \/>\n<meta name=\"twitter:site\" content=\"@V2C_Charge\" \/>\n<meta name=\"twitter:label1\" content=\"Escrit per\" \/>\n\t<meta name=\"twitter:data1\" content=\"V2C\" \/>\n\t<meta name=\"twitter:label2\" content=\"Temps estimat de lectura\" \/>\n\t<meta name=\"twitter:data2\" content=\"8 minuts\" \/>\n<script type=\"application\/ld+json\" class=\"yoast-schema-graph\">{\"@context\":\"https:\/\/schema.org\",\"@graph\":[{\"@type\":\"Article\",\"@id\":\"https:\/\/v2charge.com\/ca\/quant-temps-triga-a-pagar-el-pla-moves-iii\/#article\",\"isPartOf\":{\"@id\":\"https:\/\/v2charge.com\/ca\/quant-temps-triga-a-pagar-el-pla-moves-iii\/\"},\"author\":{\"name\":\"V2C\",\"@id\":\"https:\/\/v2charge.com\/ca\/#\/schema\/person\/d6f210a94a856acdddec347b2127fd0f\"},\"headline\":\"Quant temps triga a pagar el Pla Moves III?\",\"datePublished\":\"2024-07-02T08:00:00+00:00\",\"dateModified\":\"2025-09-12T08:05:19+00:00\",\"mainEntityOfPage\":{\"@id\":\"https:\/\/v2charge.com\/ca\/quant-temps-triga-a-pagar-el-pla-moves-iii\/\"},\"wordCount\":1658,\"publisher\":{\"@id\":\"https:\/\/v2charge.com\/ca\/#organization\"},\"image\":{\"@id\":\"https:\/\/v2charge.com\/ca\/quant-temps-triga-a-pagar-el-pla-moves-iii\/#primaryimage\"},\"thumbnailUrl\":\"https:\/\/v2charge.com\/wp-content\/uploads\/2024\/06\/cuanto-tardan-pagar-plan-moves-iii.jpg\",\"inLanguage\":\"ca\"},{\"@type\":\"WebPage\",\"@id\":\"https:\/\/v2charge.com\/ca\/quant-temps-triga-a-pagar-el-pla-moves-iii\/\",\"url\":\"https:\/\/v2charge.com\/ca\/quant-temps-triga-a-pagar-el-pla-moves-iii\/\",\"name\":\"Quant temps triga a pagar el Pla Moves III?\",\"isPartOf\":{\"@id\":\"https:\/\/v2charge.com\/ca\/#website\"},\"primaryImageOfPage\":{\"@id\":\"https:\/\/v2charge.com\/ca\/quant-temps-triga-a-pagar-el-pla-moves-iii\/#primaryimage\"},\"image\":{\"@id\":\"https:\/\/v2charge.com\/ca\/quant-temps-triga-a-pagar-el-pla-moves-iii\/#primaryimage\"},\"thumbnailUrl\":\"https:\/\/v2charge.com\/wp-content\/uploads\/2024\/06\/cuanto-tardan-pagar-plan-moves-iii.jpg\",\"datePublished\":\"2024-07-02T08:00:00+00:00\",\"dateModified\":\"2025-09-12T08:05:19+00:00\",\"description\":\"En cada comunitat aut\u00f2noma pot ser diferent, et contem tot el que sabem sobre quant triga a pagar el Pla Moves III.\",\"breadcrumb\":{\"@id\":\"https:\/\/v2charge.com\/ca\/quant-temps-triga-a-pagar-el-pla-moves-iii\/#breadcrumb\"},\"inLanguage\":\"ca\",\"potentialAction\":[{\"@type\":\"ReadAction\",\"target\":[\"https:\/\/v2charge.com\/ca\/quant-temps-triga-a-pagar-el-pla-moves-iii\/\"]}]},{\"@type\":\"ImageObject\",\"inLanguage\":\"ca\",\"@id\":\"https:\/\/v2charge.com\/ca\/quant-temps-triga-a-pagar-el-pla-moves-iii\/#primaryimage\",\"url\":\"https:\/\/v2charge.com\/wp-content\/uploads\/2024\/06\/cuanto-tardan-pagar-plan-moves-iii.jpg\",\"contentUrl\":\"https:\/\/v2charge.com\/wp-content\/uploads\/2024\/06\/cuanto-tardan-pagar-plan-moves-iii.jpg\",\"width\":960,\"height\":560,\"caption\":\"Cu\u00e1nto tardan en pagar el Plan Moves III\"},{\"@type\":\"BreadcrumbList\",\"@id\":\"https:\/\/v2charge.com\/ca\/quant-temps-triga-a-pagar-el-pla-moves-iii\/#breadcrumb\",\"itemListElement\":[{\"@type\":\"ListItem\",\"position\":1,\"name\":\"V2C\",\"item\":\"https:\/\/v2charge.com\/ca\/\"},{\"@type\":\"ListItem\",\"position\":2,\"name\":\"Informaci\u00f3n\",\"item\":\"https:\/\/v2charge.com\/es\/e-mobility\/informacion\/\"},{\"@type\":\"ListItem\",\"position\":3,\"name\":\"Quant temps triga a pagar el Pla Moves III?\"}]},{\"@type\":\"WebSite\",\"@id\":\"https:\/\/v2charge.com\/ca\/#website\",\"url\":\"https:\/\/v2charge.com\/ca\/\",\"name\":\"V2C\",\"description\":\"#CargandoElMa\u00f1ana\",\"publisher\":{\"@id\":\"https:\/\/v2charge.com\/ca\/#organization\"},\"potentialAction\":[{\"@type\":\"SearchAction\",\"target\":{\"@type\":\"EntryPoint\",\"urlTemplate\":\"https:\/\/v2charge.com\/ca\/?s={search_term_string}\"},\"query-input\":{\"@type\":\"PropertyValueSpecification\",\"valueRequired\":true,\"valueName\":\"search_term_string\"}}],\"inLanguage\":\"ca\"},{\"@type\":\"Organization\",\"@id\":\"https:\/\/v2charge.com\/ca\/#organization\",\"name\":\"V2C\",\"url\":\"https:\/\/v2charge.com\/ca\/\",\"logo\":{\"@type\":\"ImageObject\",\"inLanguage\":\"ca\",\"@id\":\"https:\/\/v2charge.com\/ca\/#\/schema\/logo\/image\/\",\"url\":\"https:\/\/v2charge.com\/wp-content\/uploads\/2024\/11\/cropped-v2c-charge-logo-menu.png\",\"contentUrl\":\"https:\/\/v2charge.com\/wp-content\/uploads\/2024\/11\/cropped-v2c-charge-logo-menu.png\",\"width\":984,\"height\":431,\"caption\":\"V2C\"},\"image\":{\"@id\":\"https:\/\/v2charge.com\/ca\/#\/schema\/logo\/image\/\"},\"sameAs\":[\"https:\/\/www.facebook.com\/V2C.Charge\",\"https:\/\/x.com\/V2C_Charge\",\"https:\/\/www.instagram.com\/v2c.charge\/\",\"https:\/\/www.youtube.com\/@V2C\",\"https:\/\/www.linkedin.com\/company\/v2c-chargers\/\"]},{\"@type\":\"Person\",\"@id\":\"https:\/\/v2charge.com\/ca\/#\/schema\/person\/d6f210a94a856acdddec347b2127fd0f\",\"name\":\"V2C\",\"image\":{\"@type\":\"ImageObject\",\"inLanguage\":\"ca\",\"@id\":\"https:\/\/v2charge.com\/ca\/#\/schema\/person\/image\/\",\"url\":\"https:\/\/secure.gravatar.com\/avatar\/a91128c4c0d2f4d63bd586301fdec6cc9aa49c885839b25d1c62700f529f267c?s=96&d=mm&r=g\",\"contentUrl\":\"https:\/\/secure.gravatar.com\/avatar\/a91128c4c0d2f4d63bd586301fdec6cc9aa49c885839b25d1c62700f529f267c?s=96&d=mm&r=g\",\"caption\":\"V2C\"}}]}<\/script>\n<!-- \/ Yoast SEO plugin. -->","yoast_head_json":{"title":"Quant temps triga a pagar el Pla Moves III?","description":"En cada comunitat aut\u00f2noma pot ser diferent, et contem tot el que sabem sobre quant triga a pagar el Pla Moves III.","robots":{"index":"index","follow":"follow","max-snippet":"max-snippet:-1","max-image-preview":"max-image-preview:large","max-video-preview":"max-video-preview:-1"},"canonical":"https:\/\/v2charge.com\/ca\/quant-temps-triga-a-pagar-el-pla-moves-iii\/","og_locale":"ca_ES","og_type":"article","og_title":"Quant temps triga a pagar el Pla Moves III?","og_description":"En cada comunitat aut\u00f2noma pot ser diferent, et contem tot el que sabem sobre quant triga a pagar el Pla Moves III.","og_url":"https:\/\/v2charge.com\/ca\/quant-temps-triga-a-pagar-el-pla-moves-iii\/","og_site_name":"V2C","article_publisher":"https:\/\/www.facebook.com\/V2C.Charge","article_published_time":"2024-07-02T08:00:00+00:00","article_modified_time":"2025-09-12T08:05:19+00:00","og_image":[{"width":960,"height":560,"url":"https:\/\/v2charge.com\/wp-content\/uploads\/2024\/06\/cuanto-tardan-pagar-plan-moves-iii.jpg","type":"image\/jpeg"}],"author":"V2C","twitter_card":"summary_large_image","twitter_creator":"@V2C_Charge","twitter_site":"@V2C_Charge","twitter_misc":{"Escrit per":"V2C","Temps estimat de lectura":"8 minuts"},"schema":{"@context":"https:\/\/schema.org","@graph":[{"@type":"Article","@id":"https:\/\/v2charge.com\/ca\/quant-temps-triga-a-pagar-el-pla-moves-iii\/#article","isPartOf":{"@id":"https:\/\/v2charge.com\/ca\/quant-temps-triga-a-pagar-el-pla-moves-iii\/"},"author":{"name":"V2C","@id":"https:\/\/v2charge.com\/ca\/#\/schema\/person\/d6f210a94a856acdddec347b2127fd0f"},"headline":"Quant temps triga a pagar el Pla Moves III?","datePublished":"2024-07-02T08:00:00+00:00","dateModified":"2025-09-12T08:05:19+00:00","mainEntityOfPage":{"@id":"https:\/\/v2charge.com\/ca\/quant-temps-triga-a-pagar-el-pla-moves-iii\/"},"wordCount":1658,"publisher":{"@id":"https:\/\/v2charge.com\/ca\/#organization"},"image":{"@id":"https:\/\/v2charge.com\/ca\/quant-temps-triga-a-pagar-el-pla-moves-iii\/#primaryimage"},"thumbnailUrl":"https:\/\/v2charge.com\/wp-content\/uploads\/2024\/06\/cuanto-tardan-pagar-plan-moves-iii.jpg","inLanguage":"ca"},{"@type":"WebPage","@id":"https:\/\/v2charge.com\/ca\/quant-temps-triga-a-pagar-el-pla-moves-iii\/","url":"https:\/\/v2charge.com\/ca\/quant-temps-triga-a-pagar-el-pla-moves-iii\/","name":"Quant temps triga a pagar el Pla Moves III?","isPartOf":{"@id":"https:\/\/v2charge.com\/ca\/#website"},"primaryImageOfPage":{"@id":"https:\/\/v2charge.com\/ca\/quant-temps-triga-a-pagar-el-pla-moves-iii\/#primaryimage"},"image":{"@id":"https:\/\/v2charge.com\/ca\/quant-temps-triga-a-pagar-el-pla-moves-iii\/#primaryimage"},"thumbnailUrl":"https:\/\/v2charge.com\/wp-content\/uploads\/2024\/06\/cuanto-tardan-pagar-plan-moves-iii.jpg","datePublished":"2024-07-02T08:00:00+00:00","dateModified":"2025-09-12T08:05:19+00:00","description":"En cada comunitat aut\u00f2noma pot ser diferent, et contem tot el que sabem sobre quant triga a pagar el Pla Moves III.","breadcrumb":{"@id":"https:\/\/v2charge.com\/ca\/quant-temps-triga-a-pagar-el-pla-moves-iii\/#breadcrumb"},"inLanguage":"ca","potentialAction":[{"@type":"ReadAction","target":["https:\/\/v2charge.com\/ca\/quant-temps-triga-a-pagar-el-pla-moves-iii\/"]}]},{"@type":"ImageObject","inLanguage":"ca","@id":"https:\/\/v2charge.com\/ca\/quant-temps-triga-a-pagar-el-pla-moves-iii\/#primaryimage","url":"https:\/\/v2charge.com\/wp-content\/uploads\/2024\/06\/cuanto-tardan-pagar-plan-moves-iii.jpg","contentUrl":"https:\/\/v2charge.com\/wp-content\/uploads\/2024\/06\/cuanto-tardan-pagar-plan-moves-iii.jpg","width":960,"height":560,"caption":"Cu\u00e1nto tardan en pagar el Plan Moves III"},{"@type":"BreadcrumbList","@id":"https:\/\/v2charge.com\/ca\/quant-temps-triga-a-pagar-el-pla-moves-iii\/#breadcrumb","itemListElement":[{"@type":"ListItem","position":1,"name":"V2C","item":"https:\/\/v2charge.com\/ca\/"},{"@type":"ListItem","position":2,"name":"Informaci\u00f3n","item":"https:\/\/v2charge.com\/es\/e-mobility\/informacion\/"},{"@type":"ListItem","position":3,"name":"Quant temps triga a pagar el Pla Moves III?"}]},{"@type":"WebSite","@id":"https:\/\/v2charge.com\/ca\/#website","url":"https:\/\/v2charge.com\/ca\/","name":"V2C","description":"#CargandoElMa\u00f1ana","publisher":{"@id":"https:\/\/v2charge.com\/ca\/#organization"},"potentialAction":[{"@type":"SearchAction","target":{"@type":"EntryPoint","urlTemplate":"https:\/\/v2charge.com\/ca\/?s={search_term_string}"},"query-input":{"@type":"PropertyValueSpecification","valueRequired":true,"valueName":"search_term_string"}}],"inLanguage":"ca"},{"@type":"Organization","@id":"https:\/\/v2charge.com\/ca\/#organization","name":"V2C","url":"https:\/\/v2charge.com\/ca\/","logo":{"@type":"ImageObject","inLanguage":"ca","@id":"https:\/\/v2charge.com\/ca\/#\/schema\/logo\/image\/","url":"https:\/\/v2charge.com\/wp-content\/uploads\/2024\/11\/cropped-v2c-charge-logo-menu.png","contentUrl":"https:\/\/v2charge.com\/wp-content\/uploads\/2024\/11\/cropped-v2c-charge-logo-menu.png","width":984,"height":431,"caption":"V2C"},"image":{"@id":"https:\/\/v2charge.com\/ca\/#\/schema\/logo\/image\/"},"sameAs":["https:\/\/www.facebook.com\/V2C.Charge","https:\/\/x.com\/V2C_Charge","https:\/\/www.instagram.com\/v2c.charge\/","https:\/\/www.youtube.com\/@V2C","https:\/\/www.linkedin.com\/company\/v2c-chargers\/"]},{"@type":"Person","@id":"https:\/\/v2charge.com\/ca\/#\/schema\/person\/d6f210a94a856acdddec347b2127fd0f","name":"V2C","image":{"@type":"ImageObject","inLanguage":"ca","@id":"https:\/\/v2charge.com\/ca\/#\/schema\/person\/image\/","url":"https:\/\/secure.gravatar.com\/avatar\/a91128c4c0d2f4d63bd586301fdec6cc9aa49c885839b25d1c62700f529f267c?s=96&d=mm&r=g","contentUrl":"https:\/\/secure.gravatar.com\/avatar\/a91128c4c0d2f4d63bd586301fdec6cc9aa49c885839b25d1c62700f529f267c?s=96&d=mm&r=g","caption":"V2C"}}]}},"uagb_featured_image_src":{"full":["https:\/\/v2charge.com\/wp-content\/uploads\/2024\/06\/cuanto-tardan-pagar-plan-moves-iii.jpg",960,560,false],"thumbnail":["https:\/\/v2charge.com\/wp-content\/uploads\/2024\/06\/cuanto-tardan-pagar-plan-moves-iii-150x150.jpg",150,150,true],"medium":["https:\/\/v2charge.com\/wp-content\/uploads\/2024\/06\/cuanto-tardan-pagar-plan-moves-iii-300x175.jpg",300,175,true],"medium_large":["https:\/\/v2charge.com\/wp-content\/uploads\/2024\/06\/cuanto-tardan-pagar-plan-moves-iii-768x448.jpg",768,448,true],"large":["https:\/\/v2charge.com\/wp-content\/uploads\/2024\/06\/cuanto-tardan-pagar-plan-moves-iii.jpg",960,560,false],"gs-tiny":["https:\/\/v2charge.com\/wp-content\/uploads\/2024\/06\/cuanto-tardan-pagar-plan-moves-iii.jpg",50,29,false],"xl":["https:\/\/v2charge.com\/wp-content\/uploads\/2024\/06\/cuanto-tardan-pagar-plan-moves-iii.jpg",960,560,false],"xxl":["https:\/\/v2charge.com\/wp-content\/uploads\/2024\/06\/cuanto-tardan-pagar-plan-moves-iii.jpg",960,560,false],"xxxl":["https:\/\/v2charge.com\/wp-content\/uploads\/2024\/06\/cuanto-tardan-pagar-plan-moves-iii.jpg",960,560,false],"xxxxl":["https:\/\/v2charge.com\/wp-content\/uploads\/2024\/06\/cuanto-tardan-pagar-plan-moves-iii.jpg",960,560,false],"xxxxxl":["https:\/\/v2charge.com\/wp-content\/uploads\/2024\/06\/cuanto-tardan-pagar-plan-moves-iii.jpg",960,560,false],"1536x1536":["https:\/\/v2charge.com\/wp-content\/uploads\/2024\/06\/cuanto-tardan-pagar-plan-moves-iii.jpg",960,560,false],"2048x2048":["https:\/\/v2charge.com\/wp-content\/uploads\/2024\/06\/cuanto-tardan-pagar-plan-moves-iii.jpg",960,560,false]},"uagb_author_info":{"display_name":"V2C","author_link":"https:\/\/v2charge.com\/ca\/author\/marketing\/"},"uagb_comment_info":0,"uagb_excerpt":"El Pla Moves III en 2025 ha estat una eina essencial per fomentar la mobilitat sostenible a Espanya, proporcionant subvencions tant per a la compra de vehicles el\u00e8ctrics com per a la instal\u00b7laci\u00f3 d&#8217;infraestructura de rec\u00e0rrega. No obstant aix\u00f2, un dels principals interrogants dels beneficiaris \u00e9s el temps que triga a fer-se efectiu el pagament&hellip;","_links":{"self":[{"href":"https:\/\/v2charge.com\/ca\/wp-json\/wp\/v2\/posts\/310222","targetHints":{"allow":["GET"]}}],"collection":[{"href":"https:\/\/v2charge.com\/ca\/wp-json\/wp\/v2\/posts"}],"about":[{"href":"https:\/\/v2charge.com\/ca\/wp-json\/wp\/v2\/types\/post"}],"author":[{"embeddable":true,"href":"https:\/\/v2charge.com\/ca\/wp-json\/wp\/v2\/users\/400"}],"replies":[{"embeddable":true,"href":"https:\/\/v2charge.com\/ca\/wp-json\/wp\/v2\/comments?post=310222"}],"version-history":[{"count":0,"href":"https:\/\/v2charge.com\/ca\/wp-json\/wp\/v2\/posts\/310222\/revisions"}],"wp:featuredmedia":[{"embeddable":true,"href":"https:\/\/v2charge.com\/ca\/wp-json\/wp\/v2\/media\/163696"}],"wp:attachment":[{"href":"https:\/\/v2charge.com\/ca\/wp-json\/wp\/v2\/media?parent=310222"}],"wp:term":[{"taxonomy":"category","embeddable":true,"href":"https:\/\/v2charge.com\/ca\/wp-json\/wp\/v2\/categories?post=310222"},{"taxonomy":"post_tag","embeddable":true,"href":"https:\/\/v2charge.com\/ca\/wp-json\/wp\/v2\/tags?post=310222"}],"curies":[{"name":"wp","href":"https:\/\/api.w.org\/{rel}","templated":true}]}}