{"id":310225,"date":"2019-02-18T12:14:15","date_gmt":"2019-02-18T12:14:15","guid":{"rendered":""},"modified":"2023-07-19T10:27:13","modified_gmt":"2023-07-19T10:27:13","slug":"guia-de-carrega-per-al-bmw-i3","status":"publish","type":"post","link":"https:\/\/v2charge.com\/ca\/guia-de-carrega-per-al-bmw-i3\/","title":{"rendered":"Guia de c\u00e0rrega per al BMW i3."},"content":{"rendered":"<p>El <b>BMW i3<\/b> \u00e9s un dels cotxes el\u00e8ctrics m\u00e9s populars a Espanya i Europa. \u00c9s l&#8217;\u00fanic disponible tant com a EV pur com a l&#8217;i3 REX amb autonomia ampliada. Una actualitzaci\u00f3 de la bateria al juliol de 2016 va millorar l&#8217;autonomia oficial de l&#8217;EV a 300Km dels 189 km de la generaci\u00f3 anterior. Aquesta actualitzaci\u00f3 el va situar entre els millors de la seva classe, quan es parla de capacitat amb una sola c\u00e0rrega. A m\u00e9s, BMW ha fet una actualitzaci\u00f3 estilitzada amb un disseny m\u00e9s agut, i ha introdu\u00eft una versi\u00f3 m\u00e9s esportiva del BMW i3.<\/p>\n<h2>Com carregar un BMW i3?<\/h2>\n<p>La gamma BMW i3 utilitza l&#8217;est\u00e0ndard de c\u00e0rrega CCS, que consisteix en un port d&#8217;entrada combinat AC i DC. El cotxe el\u00e8ctric BMW t\u00e9 un connector de Tipus 2 amb una wallbox o un port\u00e0til. Tamb\u00e9 pot carregar en punts de CA r\u00e0pids i en punts de c\u00e0rrega p\u00fablics.<br \/>\nLes seccions superior i inferior de l&#8217;entrada s&#8217;utilitzen per al transport d&#8217;alta pot\u00e8ncia durant la c\u00e0rrega r\u00e0pida en DC. L&#8217;entrada de c\u00e0rrega CCS del BMW i3 es troba al panell 3\/4 a l&#8217;exterior.<\/p>\n<p>El BMW i3 es pot carregar lentament, r\u00e0pidament i de manera r\u00e0pida. La c\u00e0rrega lenta requereix un cable de 3 pins a Tipus 2 i la c\u00e0rrega r\u00e0pida un cable de Tipus 2 a Tipus 2, un dels quals, normalment, ve amb el vehicle. Per a la c\u00e0rrega r\u00e0pida, el vehicle utilitza un connector CCS fix que forma part de la unitat de c\u00e0rrega.<\/p>\n<p>Carregar en AC o DC requereix que el conductor de l&#8217;EV connecti els connectors a l&#8217;entrada correcta. Despr\u00e9s d&#8217;aix\u00f2, el cotxe &#8220;comunica&#8221; amb la unitat de c\u00e0rrega per assegurar-se que:<\/p>\n<ul>\n<li>hi ha un subministrament de pot\u00e8ncia suficient,<\/li>\n<li>no hi ha fallades i<\/li>\n<li>\u00e9s segur comen\u00e7ar a carregar.<\/li>\n<\/ul>\n<p>Si est\u00e0s carregant en un punt de c\u00e0rrega privat a casa o al lloc de treball, el vehicle ho reconeixer\u00e0 i comen\u00e7ar\u00e0 a carregar autom\u00e0ticament.<\/p>\n<p>Quan es carrega en carregadors p\u00fablics, pot ser necessari un proc\u00e9s d&#8217;activaci\u00f3 per comen\u00e7ar a carregar. Depenent del prove\u00efdor de la xarxa, el proc\u00e9s d&#8217;activaci\u00f3 pot requerir l&#8217;\u00fas d&#8217;una targeta RFID o d&#8217;una aplicaci\u00f3 per a tel\u00e8fons intel\u00b7ligents, sovint vinculada a un compte que s&#8217;ha configurat anteriorment. Les unitats de pagament sense contacte que funcionen amb pagament per \u00fas s&#8217;estan convertint en m\u00e9s comunes en les unitats m\u00e9s noves.<\/p>\n<h2>Quant temps es triga a carregar un BMW i3?<\/h2>\n<p>La taula seg\u00fcent mostra els temps aproximats necessaris per carregar un BMW i3 de 94 Ah. Els temps s\u00f3n per a un 100% per a tots menys per a la c\u00e0rrega r\u00e0pida, que es mostra per al 0-80%, ja que la majoria dels carregadors r\u00e0pids redueixen o tallen la pot\u00e8ncia molt abans d&#8217;arribar al 100% de c\u00e0rrega per protegir la bateria i maximitzar l&#8217;efici\u00e8ncia.<\/p>\n<p>Tingues en compte que els temps mostrats s\u00f3n nom\u00e9s una guia de c\u00e0rrega, ja que molt rarament un EV haur\u00e0 de ser carregat completament des del 0%. Altres factors que poden variar el temps de c\u00e0rrega inclouen:<\/p>\n<ul>\n<li>La temperatura ambient<\/li>\n<li>Les c\u00e0rregues d&#8217;energia al vehicle<\/li>\n<li>Qualsevol restricci\u00f3 de c\u00e0rrega superior i inferior per prolongar la vida de la bateria i protegir-la de possibles danys<\/li>\n<li>Les taxes de c\u00e0rrega disminueixen a mesura que s&#8217;arriba a la c\u00e0rrega m\u00e0xima.<\/li>\n<\/ul>\n<p>R\u00e0pid 43kW (1 hora) 0-80%<\/p>\n<p>R\u00e0pid 22kW (2 hores) 0-100%<\/p>\n<p>R\u00e0pid 7kW (6 hores) 0-100%<\/p>\n<p>Lent 3kW (13.5 hores) 0-100%<\/p>\n<h2>Carregant un BMW i3 a casa<\/h2>\n<p>Pel que fa al BMW i3 i la seva c\u00e0rrega, la millor soluci\u00f3 \u00e9s carregar-lo a casa. Sovint \u00e9s la manera m\u00e9s convenient, econ\u00f2mica i fiable de carregar.<\/p>\n<p>La majoria dels carregadors dom\u00e8stics tenen una pot\u00e8ncia de 3 kW o 7 kW. Els punts de c\u00e0rrega wallbox s\u00f3n unitats de rec\u00e0rrega de gran pot\u00e8ncia, muntades a la paret, que normalment costen m\u00e9s que les opcions m\u00e9s lentes de 3kW. Encara que poden ser una mica m\u00e9s cares pel seu preu, tamb\u00e9 tenen un gran avantatge: redueixen el temps necessari per carregar completament un EV a la meitat del temps.<\/p>\n<p>Si vols saber m\u00e9s sobre els punts de c\u00e0rrega per a un BMW i3, contacta&#8217;ns. Et proporcionarem tota la informaci\u00f3 necess\u00e0ria sobre els punts de c\u00e0rrega i la seva instal\u00b7laci\u00f3.<\/p>\n","protected":false},"excerpt":{"rendered":"<p>El BMW i3 \u00e9s un dels cotxes el\u00e8ctrics m\u00e9s populars a Espanya i Europa. \u00c9s l&#8217;\u00fanic disponible tant com a EV pur com a l&#8217;i3 REX amb autonomia ampliada. Una actualitzaci\u00f3 de la bateria al juliol de 2016 va millorar l&#8217;autonomia oficial de l&#8217;EV a 300Km dels 189 km de la generaci\u00f3 anterior. Aquesta actualitzaci\u00f3 &#8230; <a title=\"Guia de c\u00e0rrega per al BMW i3.\" class=\"read-more\" href=\"https:\/\/v2charge.com\/ca\/guia-de-carrega-per-al-bmw-i3\/\" aria-label=\"M\u00e9s informaci\u00f3 sobre Guia de c\u00e0rrega per al BMW i3.\">Llegiu m\u00e9s<\/a><\/p>\n","protected":false},"author":1,"featured_media":63376,"comment_status":"closed","ping_status":"closed","sticky":false,"template":"","format":"standard","meta":{"_eb_attr":"","content-type":"","_uag_custom_page_level_css":"","footnotes":""},"categories":[],"tags":[],"class_list":["post-310225","post","type-post","status-publish","format-standard","has-post-thumbnail","hentry"],"yoast_head":"<!-- This site is optimized with the Yoast SEO plugin v25.3.1 - https:\/\/yoast.com\/wordpress\/plugins\/seo\/ -->\n<title>Guia de c\u00e0rrega per al BMW i3. - V2C<\/title>\n<meta name=\"description\" content=\"El BMW i3 \u00e9s un dels cotxes el\u00e8ctrics m\u00e9s populars a Espanya i Europa. Es troba entre els millors de la seva classe, quan es parla de capacitat.\" \/>\n<meta name=\"robots\" content=\"index, follow, max-snippet:-1, max-image-preview:large, max-video-preview:-1\" \/>\n<link rel=\"canonical\" href=\"https:\/\/v2charge.com\/ca\/guia-de-carrega-per-al-bmw-i3\/\" \/>\n<meta property=\"og:locale\" content=\"ca_ES\" \/>\n<meta property=\"og:type\" content=\"article\" \/>\n<meta property=\"og:title\" content=\"Guia de c\u00e0rrega per al BMW i3. - V2C\" \/>\n<meta property=\"og:description\" content=\"El BMW i3 \u00e9s un dels cotxes el\u00e8ctrics m\u00e9s populars a Espanya i Europa. Es troba entre els millors de la seva classe, quan es parla de capacitat.\" \/>\n<meta property=\"og:url\" content=\"https:\/\/v2charge.com\/ca\/guia-de-carrega-per-al-bmw-i3\/\" \/>\n<meta property=\"og:site_name\" content=\"V2C\" \/>\n<meta property=\"article:publisher\" content=\"https:\/\/www.facebook.com\/V2C.Charge\" \/>\n<meta property=\"article:published_time\" content=\"2019-02-18T12:14:15+00:00\" \/>\n<meta property=\"article:modified_time\" content=\"2023-07-19T10:27:13+00:00\" \/>\n<meta property=\"og:image\" content=\"https:\/\/v2charge.com\/wp-content\/uploads\/2019\/02\/recarga-bmwi3.jpg\" \/>\n\t<meta property=\"og:image:width\" content=\"900\" \/>\n\t<meta property=\"og:image:height\" content=\"500\" \/>\n\t<meta property=\"og:image:type\" content=\"image\/jpeg\" \/>\n<meta name=\"author\" content=\"V2C\" \/>\n<meta name=\"twitter:card\" content=\"summary_large_image\" \/>\n<meta name=\"twitter:creator\" content=\"@V2C_Charge\" \/>\n<meta name=\"twitter:site\" content=\"@V2C_Charge\" \/>\n<meta name=\"twitter:label1\" content=\"Escrit per\" \/>\n\t<meta name=\"twitter:data1\" content=\"V2C\" \/>\n\t<meta name=\"twitter:label2\" content=\"Temps estimat de lectura\" \/>\n\t<meta name=\"twitter:data2\" content=\"3 minuts\" \/>\n<script type=\"application\/ld+json\" class=\"yoast-schema-graph\">{\"@context\":\"https:\/\/schema.org\",\"@graph\":[{\"@type\":\"Article\",\"@id\":\"https:\/\/v2charge.com\/ca\/guia-de-carrega-per-al-bmw-i3\/#article\",\"isPartOf\":{\"@id\":\"https:\/\/v2charge.com\/ca\/guia-de-carrega-per-al-bmw-i3\/\"},\"author\":{\"name\":\"V2C\",\"@id\":\"https:\/\/v2charge.com\/ca\/#\/schema\/person\/f29e67a85380accce2b8b9139c993f42\"},\"headline\":\"Guia de c\u00e0rrega per al BMW i3.\",\"datePublished\":\"2019-02-18T12:14:15+00:00\",\"dateModified\":\"2023-07-19T10:27:13+00:00\",\"mainEntityOfPage\":{\"@id\":\"https:\/\/v2charge.com\/ca\/guia-de-carrega-per-al-bmw-i3\/\"},\"wordCount\":790,\"publisher\":{\"@id\":\"https:\/\/v2charge.com\/ca\/#organization\"},\"image\":{\"@id\":\"https:\/\/v2charge.com\/ca\/guia-de-carrega-per-al-bmw-i3\/#primaryimage\"},\"thumbnailUrl\":\"https:\/\/v2charge.com\/wp-content\/uploads\/2019\/02\/recarga-bmwi3.jpg\",\"inLanguage\":\"ca\"},{\"@type\":\"WebPage\",\"@id\":\"https:\/\/v2charge.com\/ca\/guia-de-carrega-per-al-bmw-i3\/\",\"url\":\"https:\/\/v2charge.com\/ca\/guia-de-carrega-per-al-bmw-i3\/\",\"name\":\"Guia de c\u00e0rrega per al BMW i3. - V2C\",\"isPartOf\":{\"@id\":\"https:\/\/v2charge.com\/ca\/#website\"},\"primaryImageOfPage\":{\"@id\":\"https:\/\/v2charge.com\/ca\/guia-de-carrega-per-al-bmw-i3\/#primaryimage\"},\"image\":{\"@id\":\"https:\/\/v2charge.com\/ca\/guia-de-carrega-per-al-bmw-i3\/#primaryimage\"},\"thumbnailUrl\":\"https:\/\/v2charge.com\/wp-content\/uploads\/2019\/02\/recarga-bmwi3.jpg\",\"datePublished\":\"2019-02-18T12:14:15+00:00\",\"dateModified\":\"2023-07-19T10:27:13+00:00\",\"description\":\"El BMW i3 \u00e9s un dels cotxes el\u00e8ctrics m\u00e9s populars a Espanya i Europa. Es troba entre els millors de la seva classe, quan es parla de capacitat.\",\"breadcrumb\":{\"@id\":\"https:\/\/v2charge.com\/ca\/guia-de-carrega-per-al-bmw-i3\/#breadcrumb\"},\"inLanguage\":\"ca\",\"potentialAction\":[{\"@type\":\"ReadAction\",\"target\":[\"https:\/\/v2charge.com\/ca\/guia-de-carrega-per-al-bmw-i3\/\"]}]},{\"@type\":\"ImageObject\",\"inLanguage\":\"ca\",\"@id\":\"https:\/\/v2charge.com\/ca\/guia-de-carrega-per-al-bmw-i3\/#primaryimage\",\"url\":\"https:\/\/v2charge.com\/wp-content\/uploads\/2019\/02\/recarga-bmwi3.jpg\",\"contentUrl\":\"https:\/\/v2charge.com\/wp-content\/uploads\/2019\/02\/recarga-bmwi3.jpg\",\"width\":900,\"height\":500},{\"@type\":\"BreadcrumbList\",\"@id\":\"https:\/\/v2charge.com\/ca\/guia-de-carrega-per-al-bmw-i3\/#breadcrumb\",\"itemListElement\":[{\"@type\":\"ListItem\",\"position\":1,\"name\":\"V2C\",\"item\":\"https:\/\/v2charge.com\/ca\/\"},{\"@type\":\"ListItem\",\"position\":2,\"name\":\"Guia de c\u00e0rrega per al BMW i3.\"}]},{\"@type\":\"WebSite\",\"@id\":\"https:\/\/v2charge.com\/ca\/#website\",\"url\":\"https:\/\/v2charge.com\/ca\/\",\"name\":\"V2C\",\"description\":\"#CargandoElMa\u00f1ana\",\"publisher\":{\"@id\":\"https:\/\/v2charge.com\/ca\/#organization\"},\"potentialAction\":[{\"@type\":\"SearchAction\",\"target\":{\"@type\":\"EntryPoint\",\"urlTemplate\":\"https:\/\/v2charge.com\/ca\/?s={search_term_string}\"},\"query-input\":{\"@type\":\"PropertyValueSpecification\",\"valueRequired\":true,\"valueName\":\"search_term_string\"}}],\"inLanguage\":\"ca\"},{\"@type\":\"Organization\",\"@id\":\"https:\/\/v2charge.com\/ca\/#organization\",\"name\":\"V2C\",\"url\":\"https:\/\/v2charge.com\/ca\/\",\"logo\":{\"@type\":\"ImageObject\",\"inLanguage\":\"ca\",\"@id\":\"https:\/\/v2charge.com\/ca\/#\/schema\/logo\/image\/\",\"url\":\"https:\/\/v2charge.com\/wp-content\/uploads\/2024\/11\/cropped-v2c-charge-logo-menu.png\",\"contentUrl\":\"https:\/\/v2charge.com\/wp-content\/uploads\/2024\/11\/cropped-v2c-charge-logo-menu.png\",\"width\":984,\"height\":431,\"caption\":\"V2C\"},\"image\":{\"@id\":\"https:\/\/v2charge.com\/ca\/#\/schema\/logo\/image\/\"},\"sameAs\":[\"https:\/\/www.facebook.com\/V2C.Charge\",\"https:\/\/x.com\/V2C_Charge\",\"https:\/\/www.instagram.com\/v2c.charge\/\",\"https:\/\/www.youtube.com\/@V2C\",\"https:\/\/www.linkedin.com\/company\/v2c-chargers\/\"]},{\"@type\":\"Person\",\"@id\":\"https:\/\/v2charge.com\/ca\/#\/schema\/person\/f29e67a85380accce2b8b9139c993f42\",\"name\":\"V2C\",\"image\":{\"@type\":\"ImageObject\",\"inLanguage\":\"ca\",\"@id\":\"https:\/\/v2charge.com\/ca\/#\/schema\/person\/image\/\",\"url\":\"https:\/\/secure.gravatar.com\/avatar\/6b569efe71f377f865d3c6d7d046c620e6ecf71400555f6ac3a8d31ade20562b?s=96&d=mm&r=g\",\"contentUrl\":\"https:\/\/secure.gravatar.com\/avatar\/6b569efe71f377f865d3c6d7d046c620e6ecf71400555f6ac3a8d31ade20562b?s=96&d=mm&r=g\",\"caption\":\"V2C\"}}]}<\/script>\n<!-- \/ Yoast SEO plugin. -->","yoast_head_json":{"title":"Guia de c\u00e0rrega per al BMW i3. - V2C","description":"El BMW i3 \u00e9s un dels cotxes el\u00e8ctrics m\u00e9s populars a Espanya i Europa. Es troba entre els millors de la seva classe, quan es parla de capacitat.","robots":{"index":"index","follow":"follow","max-snippet":"max-snippet:-1","max-image-preview":"max-image-preview:large","max-video-preview":"max-video-preview:-1"},"canonical":"https:\/\/v2charge.com\/ca\/guia-de-carrega-per-al-bmw-i3\/","og_locale":"ca_ES","og_type":"article","og_title":"Guia de c\u00e0rrega per al BMW i3. - V2C","og_description":"El BMW i3 \u00e9s un dels cotxes el\u00e8ctrics m\u00e9s populars a Espanya i Europa. Es troba entre els millors de la seva classe, quan es parla de capacitat.","og_url":"https:\/\/v2charge.com\/ca\/guia-de-carrega-per-al-bmw-i3\/","og_site_name":"V2C","article_publisher":"https:\/\/www.facebook.com\/V2C.Charge","article_published_time":"2019-02-18T12:14:15+00:00","article_modified_time":"2023-07-19T10:27:13+00:00","og_image":[{"width":900,"height":500,"url":"https:\/\/v2charge.com\/wp-content\/uploads\/2019\/02\/recarga-bmwi3.jpg","type":"image\/jpeg"}],"author":"V2C","twitter_card":"summary_large_image","twitter_creator":"@V2C_Charge","twitter_site":"@V2C_Charge","twitter_misc":{"Escrit per":"V2C","Temps estimat de lectura":"3 minuts"},"schema":{"@context":"https:\/\/schema.org","@graph":[{"@type":"Article","@id":"https:\/\/v2charge.com\/ca\/guia-de-carrega-per-al-bmw-i3\/#article","isPartOf":{"@id":"https:\/\/v2charge.com\/ca\/guia-de-carrega-per-al-bmw-i3\/"},"author":{"name":"V2C","@id":"https:\/\/v2charge.com\/ca\/#\/schema\/person\/f29e67a85380accce2b8b9139c993f42"},"headline":"Guia de c\u00e0rrega per al BMW i3.","datePublished":"2019-02-18T12:14:15+00:00","dateModified":"2023-07-19T10:27:13+00:00","mainEntityOfPage":{"@id":"https:\/\/v2charge.com\/ca\/guia-de-carrega-per-al-bmw-i3\/"},"wordCount":790,"publisher":{"@id":"https:\/\/v2charge.com\/ca\/#organization"},"image":{"@id":"https:\/\/v2charge.com\/ca\/guia-de-carrega-per-al-bmw-i3\/#primaryimage"},"thumbnailUrl":"https:\/\/v2charge.com\/wp-content\/uploads\/2019\/02\/recarga-bmwi3.jpg","inLanguage":"ca"},{"@type":"WebPage","@id":"https:\/\/v2charge.com\/ca\/guia-de-carrega-per-al-bmw-i3\/","url":"https:\/\/v2charge.com\/ca\/guia-de-carrega-per-al-bmw-i3\/","name":"Guia de c\u00e0rrega per al BMW i3. - V2C","isPartOf":{"@id":"https:\/\/v2charge.com\/ca\/#website"},"primaryImageOfPage":{"@id":"https:\/\/v2charge.com\/ca\/guia-de-carrega-per-al-bmw-i3\/#primaryimage"},"image":{"@id":"https:\/\/v2charge.com\/ca\/guia-de-carrega-per-al-bmw-i3\/#primaryimage"},"thumbnailUrl":"https:\/\/v2charge.com\/wp-content\/uploads\/2019\/02\/recarga-bmwi3.jpg","datePublished":"2019-02-18T12:14:15+00:00","dateModified":"2023-07-19T10:27:13+00:00","description":"El BMW i3 \u00e9s un dels cotxes el\u00e8ctrics m\u00e9s populars a Espanya i Europa. Es troba entre els millors de la seva classe, quan es parla de capacitat.","breadcrumb":{"@id":"https:\/\/v2charge.com\/ca\/guia-de-carrega-per-al-bmw-i3\/#breadcrumb"},"inLanguage":"ca","potentialAction":[{"@type":"ReadAction","target":["https:\/\/v2charge.com\/ca\/guia-de-carrega-per-al-bmw-i3\/"]}]},{"@type":"ImageObject","inLanguage":"ca","@id":"https:\/\/v2charge.com\/ca\/guia-de-carrega-per-al-bmw-i3\/#primaryimage","url":"https:\/\/v2charge.com\/wp-content\/uploads\/2019\/02\/recarga-bmwi3.jpg","contentUrl":"https:\/\/v2charge.com\/wp-content\/uploads\/2019\/02\/recarga-bmwi3.jpg","width":900,"height":500},{"@type":"BreadcrumbList","@id":"https:\/\/v2charge.com\/ca\/guia-de-carrega-per-al-bmw-i3\/#breadcrumb","itemListElement":[{"@type":"ListItem","position":1,"name":"V2C","item":"https:\/\/v2charge.com\/ca\/"},{"@type":"ListItem","position":2,"name":"Guia de c\u00e0rrega per al BMW i3."}]},{"@type":"WebSite","@id":"https:\/\/v2charge.com\/ca\/#website","url":"https:\/\/v2charge.com\/ca\/","name":"V2C","description":"#CargandoElMa\u00f1ana","publisher":{"@id":"https:\/\/v2charge.com\/ca\/#organization"},"potentialAction":[{"@type":"SearchAction","target":{"@type":"EntryPoint","urlTemplate":"https:\/\/v2charge.com\/ca\/?s={search_term_string}"},"query-input":{"@type":"PropertyValueSpecification","valueRequired":true,"valueName":"search_term_string"}}],"inLanguage":"ca"},{"@type":"Organization","@id":"https:\/\/v2charge.com\/ca\/#organization","name":"V2C","url":"https:\/\/v2charge.com\/ca\/","logo":{"@type":"ImageObject","inLanguage":"ca","@id":"https:\/\/v2charge.com\/ca\/#\/schema\/logo\/image\/","url":"https:\/\/v2charge.com\/wp-content\/uploads\/2024\/11\/cropped-v2c-charge-logo-menu.png","contentUrl":"https:\/\/v2charge.com\/wp-content\/uploads\/2024\/11\/cropped-v2c-charge-logo-menu.png","width":984,"height":431,"caption":"V2C"},"image":{"@id":"https:\/\/v2charge.com\/ca\/#\/schema\/logo\/image\/"},"sameAs":["https:\/\/www.facebook.com\/V2C.Charge","https:\/\/x.com\/V2C_Charge","https:\/\/www.instagram.com\/v2c.charge\/","https:\/\/www.youtube.com\/@V2C","https:\/\/www.linkedin.com\/company\/v2c-chargers\/"]},{"@type":"Person","@id":"https:\/\/v2charge.com\/ca\/#\/schema\/person\/f29e67a85380accce2b8b9139c993f42","name":"V2C","image":{"@type":"ImageObject","inLanguage":"ca","@id":"https:\/\/v2charge.com\/ca\/#\/schema\/person\/image\/","url":"https:\/\/secure.gravatar.com\/avatar\/6b569efe71f377f865d3c6d7d046c620e6ecf71400555f6ac3a8d31ade20562b?s=96&d=mm&r=g","contentUrl":"https:\/\/secure.gravatar.com\/avatar\/6b569efe71f377f865d3c6d7d046c620e6ecf71400555f6ac3a8d31ade20562b?s=96&d=mm&r=g","caption":"V2C"}}]}},"uagb_featured_image_src":{"full":["https:\/\/v2charge.com\/wp-content\/uploads\/2019\/02\/recarga-bmwi3.jpg",900,500,false],"thumbnail":["https:\/\/v2charge.com\/wp-content\/uploads\/2019\/02\/recarga-bmwi3-150x150.jpg",150,150,true],"medium":["https:\/\/v2charge.com\/wp-content\/uploads\/2019\/02\/recarga-bmwi3-300x167.jpg",300,167,true],"medium_large":["https:\/\/v2charge.com\/wp-content\/uploads\/2019\/02\/recarga-bmwi3-768x427.jpg",768,427,true],"large":["https:\/\/v2charge.com\/wp-content\/uploads\/2019\/02\/recarga-bmwi3.jpg",900,500,false],"gs-tiny":["https:\/\/v2charge.com\/wp-content\/uploads\/2019\/02\/recarga-bmwi3.jpg",50,28,false],"xl":["https:\/\/v2charge.com\/wp-content\/uploads\/2019\/02\/recarga-bmwi3.jpg",900,500,false],"xxl":["https:\/\/v2charge.com\/wp-content\/uploads\/2019\/02\/recarga-bmwi3.jpg",900,500,false],"xxxl":["https:\/\/v2charge.com\/wp-content\/uploads\/2019\/02\/recarga-bmwi3.jpg",900,500,false],"xxxxl":["https:\/\/v2charge.com\/wp-content\/uploads\/2019\/02\/recarga-bmwi3.jpg",900,500,false],"xxxxxl":["https:\/\/v2charge.com\/wp-content\/uploads\/2019\/02\/recarga-bmwi3.jpg",900,500,false],"1536x1536":["https:\/\/v2charge.com\/wp-content\/uploads\/2019\/02\/recarga-bmwi3.jpg",900,500,false],"2048x2048":["https:\/\/v2charge.com\/wp-content\/uploads\/2019\/02\/recarga-bmwi3.jpg",900,500,false]},"uagb_author_info":{"display_name":"V2C","author_link":"https:\/\/v2charge.com\/ca\/author\/root_k4eu7ki8\/"},"uagb_comment_info":0,"uagb_excerpt":"El BMW i3 \u00e9s un dels cotxes el\u00e8ctrics m\u00e9s populars a Espanya i Europa. \u00c9s l&#8217;\u00fanic disponible tant com a EV pur com a l&#8217;i3 REX amb autonomia ampliada. Una actualitzaci\u00f3 de la bateria al juliol de 2016 va millorar l&#8217;autonomia oficial de l&#8217;EV a 300Km dels 189 km de la generaci\u00f3 anterior. Aquesta actualitzaci\u00f3&hellip;","_links":{"self":[{"href":"https:\/\/v2charge.com\/ca\/wp-json\/wp\/v2\/posts\/310225","targetHints":{"allow":["GET"]}}],"collection":[{"href":"https:\/\/v2charge.com\/ca\/wp-json\/wp\/v2\/posts"}],"about":[{"href":"https:\/\/v2charge.com\/ca\/wp-json\/wp\/v2\/types\/post"}],"author":[{"embeddable":true,"href":"https:\/\/v2charge.com\/ca\/wp-json\/wp\/v2\/users\/1"}],"replies":[{"embeddable":true,"href":"https:\/\/v2charge.com\/ca\/wp-json\/wp\/v2\/comments?post=310225"}],"version-history":[{"count":0,"href":"https:\/\/v2charge.com\/ca\/wp-json\/wp\/v2\/posts\/310225\/revisions"}],"wp:featuredmedia":[{"embeddable":true,"href":"https:\/\/v2charge.com\/ca\/wp-json\/wp\/v2\/media\/63376"}],"wp:attachment":[{"href":"https:\/\/v2charge.com\/ca\/wp-json\/wp\/v2\/media?parent=310225"}],"wp:term":[{"taxonomy":"category","embeddable":true,"href":"https:\/\/v2charge.com\/ca\/wp-json\/wp\/v2\/categories?post=310225"},{"taxonomy":"post_tag","embeddable":true,"href":"https:\/\/v2charge.com\/ca\/wp-json\/wp\/v2\/tags?post=310225"}],"curies":[{"name":"wp","href":"https:\/\/api.w.org\/{rel}","templated":true}]}}