{"id":310268,"date":"2024-04-19T12:24:55","date_gmt":"2024-04-19T10:24:55","guid":{"rendered":""},"modified":"2024-09-23T16:39:33","modified_gmt":"2024-09-23T14:39:33","slug":"totes-les-ajudes-de-l-estat-per-a-l-adquisicio-d-un-cotxe-electric-el-2024","status":"publish","type":"post","link":"https:\/\/v2charge.com\/ca\/totes-les-ajudes-de-l-estat-per-a-l-adquisicio-d-un-cotxe-electric-el-2024\/","title":{"rendered":"Totes les ajudes de l&#8217;Estat per a l&#8217;adquisici\u00f3 d&#8217;un cotxe el\u00e8ctric el 2024"},"content":{"rendered":"<p><span style=\"font-weight: 400;\">En el marc de la seva pol\u00edtica de transici\u00f3 energ\u00e8tica i de lluita contra el canvi clim\u00e0tic, el govern franc\u00e8s ha posat en marxa <strong>diversos dispositius de suport financer per permetre que un m\u00e0xim de ciutadans francesos comprin un cotxe el\u00e8ctric.<\/strong> Aquests dispositius tenen com a objectiu acompanyar la poblaci\u00f3 cap a una <strong>mobilitat m\u00e9s sostenible<\/strong> i, sens dubte, continuaran jugant un paper essencial en aquesta transici\u00f3.&nbsp;<\/span><\/p>\n<p>En aquest article, descobriu una visi\u00f3 general de <strong>totes les ajudes disponibles per comprar un cotxe el\u00e8ctric<\/strong> el 2024.<\/p>\n<h2>El bonus ecol\u00f2gic &#8211; Ajuda regional cotxe el\u00e8ctric<\/h2>\n<p><span style=\"font-weight: 400;\">Posat en marxa el 2008, <strong>el bonus ecol\u00f2gic<\/strong> \u00e9s una prima financera que permet lluitar contra les emissions de gasos d&#8217;efecte hivernacle. Juga un paper crucial en el creixement del mercat de vehicles el\u00e8ctrics a Fran\u00e7a. L&#8217;objectiu \u00e9s oferir als francesos la possibilitat <strong>de comprar un cotxe el\u00e8ctric nou. Oferint una incentiu financer atractiu, anima els consumidors a fer el pas i optar per vehicles el\u00e8ctrics en lloc de vehicles tradicionals de combusti\u00f3.<\/strong> Al llarg dels anys, s&#8217;ha ajustat per adaptar-se a les evolucions del mercat automobil\u00edstic i als aven\u00e7os tecnol\u00f2gics. En aquest sentit, el govern continua donant suport financerament a l&#8217;adquisici\u00f3 de cotxes el\u00e8ctrics, alhora que fomenta la innovaci\u00f3 i el desenvolupament de la <strong>mobilitat el\u00e8ctrica. Us recomanem llegir la nostra guia per saber <a href=\"https:\/\/v2charge.com\/ca\/quina-borne-de-recarrega-triar-per-a-casa\/\">quin carregador triar per a casa<\/a>.<\/strong><\/span><\/p>\n<h3>Les condicions ajuda regional per als cotxes el\u00e8ctrics<\/h3>\n<p><span style=\"font-weight: 400;\">Per beneficiar-se del <strong>bonus ecol\u00f2gic<\/strong>, l&#8217; comprador ha de <strong>respectar certes condicions<\/strong>:&nbsp;<\/span><\/p>\n<ul>\n<li><span style=\"font-weight: 400;\">ser major d&#8217;edat i estar domiciliat a Fran\u00e7a<\/span><\/li>\n<li><span style=\"font-weight: 400;\">el preu del vehicle el\u00e8ctric ha de ser inferior a 47 000\u20ac (sense opcions)<\/span><\/li>\n<li><span style=\"font-weight: 400;\">vehicle nou&nbsp;<\/span><\/li>\n<li><span style=\"font-weight: 400;\">no vendre el cotxe en els 6 mesos seg\u00fcents a la seva compra o haver recorregut un m\u00ednim de 6000 km&nbsp;&nbsp;<\/span><\/li>\n<li><span style=\"font-weight: 400;\">estar matriculat a Fran\u00e7a<\/span><\/li>\n<li><span style=\"font-weight: 400;\">el CO2 em\u00e8s pel vehicle ha de ser igual a 0 g\/km<\/span><\/li>\n<\/ul>\n<p><span style=\"font-weight: 400;\">El 2024, <strong>el bonus ecol\u00f2gic pot arribar fins a 7 000 euros<\/strong> per <strong>l&#8217;adquisici\u00f3 d&#8217;un cotxe el\u00e8ctric<\/strong> nou, per\u00f2 varia en funci\u00f3 del nivell del ingr\u00e9s fiscal de refer\u00e8ncia:&nbsp;<\/span><\/p>\n<ul>\n<li><span style=\"font-weight: 400;\">Ingressos fiscals de refer\u00e8ncia per part inferior o igual a 15 400\u20ac \u2192&nbsp; prima de 7 000\u20ac<\/span><\/li>\n<li><span style=\"font-weight: 400;\">Ingressos fiscals de refer\u00e8ncia per part superior a 15 400\u20ac \u2192&nbsp; prima de 4 000\u20ac<\/span><\/li>\n<\/ul>\n<p><span style=\"font-weight: 400;\"><strong>NOTA<\/strong>: aquesta ajuda no podr\u00e0 superar el 27% del cost d&#8217;adquisici\u00f3.&nbsp;<\/span><\/p>\n<p><strong><a href=\"https:\/\/score-environnemental-bonus.ademe.fr\/?ept-publisher=DGE&amp;ept-\">La llista dels cotxes el\u00e8ctrics elegibles per al bonus ecol\u00f2gic<\/a><\/strong><\/p>\n<p><span style=\"font-weight: 400;\">L&#8217;import d&#8217;aquesta prima pot ser dedu\u00eft directament pel concessionari. Si no \u00e9s aix\u00ed, \u00e9s primordial fer <\/span><strong><a href=\"https:\/\/www.primealaconversion.gouv.fr\/dboneco\/accueil\/access.html\">una sol\u00b7licitud en els 6 mesos seg\u00fcents a la data de compra del vehicle.<\/a><\/strong><\/p>\n<p><\/p>\n<div class=\"wp-block-uagb-image uagb-block-2877be4d wp-block-uagb-image--layout-default wp-block-uagb-image--effect-static wp-block-uagb-image--align-none\"><figure class=\"wp-block-uagb-image__figure\"><a class=\"\" href=\"https:\/\/v2charge.com\/ca\/troba-instalador\/\" target=\"\" rel=\"noopener\"><img decoding=\"async\" srcset=\"https:\/\/v2charge.com\/wp-content\/uploads\/2024\/06\/installator-borne-recharge-voiture-electrique.jpg ,https:\/\/v2charge.com\/wp-content\/uploads\/2024\/06\/installator-borne-recharge-voiture-electrique.jpg 780w, https:\/\/v2charge.com\/wp-content\/uploads\/2024\/06\/installator-borne-recharge-voiture-electrique.jpg 360w\" sizes=\"auto, (max-width: 480px) 150px\" src=\"https:\/\/v2charge.com\/wp-content\/uploads\/2024\/06\/installator-borne-recharge-voiture-electrique.jpg\" alt=\"\" class=\"uag-image-162653\" width=\"960\" height=\"560\" title=\"installator-borne-recharge-voiture-electrique\" loading=\"lazy\" role=\"img\"\/><\/a><\/figure><\/div>\n<p>\u00a0<\/p>\n<h2><strong>Prima per a la conversi\u00f3 ajuda regional cotxe el\u00e8ctric<\/strong><\/h2>\n<p><span style=\"font-weight: 400;\"><strong>La prima per a la conversi\u00f3<\/strong> \u00e9s una ajuda financera implementada pel govern franc\u00e8s per animar els propietaris de vehicles antics a passar a vehicles m\u00e9s nets, com ara els cotxes el\u00e8ctrics. En oferir una ajuda significativa als propietaris de vehicles antics, <strong>anima els consumidors a fer el pas i optar per vehicles el\u00e8ctrics<\/strong>, contribuint aix\u00ed a reduir les emissions de gasos d&#8217;efecte hivernacle i <strong><a href=\"https:\/\/v2charge.com\/ca\/como-ayudan-coches-electricos-medio-ambiente-ca\/\">tenir un impacte positiu sobre el medi ambient.<\/a><\/strong>\u00a0<\/span><\/p>\n<h3>Les condicions ajuda regional cotxe el\u00e8ctric<\/h3>\n<p><span style=\"font-weight: 400;\">Per beneficiar-se de la <strong>prima per a la conversi\u00f3,<\/strong> cal complir les seg\u00fcents condicions:\u00a0<\/span><\/p>\n<ul>\n<li><span style=\"font-weight: 400;\">ser una persona f\u00edsica major d&#8217;edat i domiciliada a Fran\u00e7a\u00a0<\/span><\/li>\n<li><span style=\"font-weight: 400;\">tenir un ingr\u00e9s fiscal per part inferior o igual a 24.900\u20ac\u00a0<\/span><\/li>\n<li><span style=\"font-weight: 400;\">posseir un cotxe di\u00e8sel a desballestar matriculat abans de 2011 o un cotxe de gasolina a desballestar matriculat abans de 2006 que posseeixi des de fa m\u00e9s d&#8217;un any<\/span><\/li>\n<li><span style=\"font-weight: 400;\">cotxe no embargat<\/span><\/li>\n<\/ul>\n<p><span style=\"font-weight: 400;\">En 2024, <strong>la prima per a la conversi\u00f3 pot arribar fins a 5.000\u20ac per a l&#8217;adquisici\u00f3 d&#8217;un cotxe el\u00e8ctric nou o d&#8217;ocasi\u00f3<\/strong> i varia en funci\u00f3 del nivell d&#8217;ingr\u00e9s fiscal de refer\u00e8ncia:\u00a0<\/span><\/p>\n<ul>\n<li><span style=\"font-weight: 400;\">Ingressos fiscals de refer\u00e8ncia inferiors a 7.100\u20ac \u2192\u00a0 prima de 5.000\u20ac<\/span><\/li>\n<li><span style=\"font-weight: 400;\">Ingressos fiscals de refer\u00e8ncia inferiors a 15.400\u20ac :\u00a0<\/span><span style=\"font-weight: 400;\">1.500\u20ac i <\/span><span style=\"font-weight: 400;\">5.000\u20ac si realitza m\u00e9s de 12.000 km a l&#8217;any en el marc de la seva activitat professional o si el seu lloc de treball es troba a 30 km de la seva resid\u00e8ncia<\/span><\/li>\n<li><span style=\"font-weight: 400;\">Ingressos fiscals de refer\u00e8ncia entre 15.400\u20ac i 24.900\u20ac \u2192 <\/span><span style=\"font-weight: 400;\">prima de 1.500\u20ac<\/span><span style=\"font-weight: 400;\">\u00a0<\/span><\/li>\n<\/ul>\n<p><span style=\"font-weight: 400;\"><strong>El preu del vehicle el\u00e8ctric<\/strong> ha de ser inferior a 47.000\u20ac i pesar menys de 2,4 tones. Per a l&#8217;adquisici\u00f3 d&#8217;un cotxe el\u00e8ctric nou, el CO2 em\u00e8s pel vehicle ha de ser igual a 0 g\/km i tenir un eco-puntuaci\u00f3 superior o igual a 60. Per a l&#8217;adquisici\u00f3 d&#8217;un cotxe el\u00e8ctric d&#8217;ocasi\u00f3, el Crit&#8217;Air ha de ser de 0 i estar matriculat des de fa 1 any.\u00a0<\/span><\/p>\n<p><span style=\"font-weight: 400;\"><strong>NOTA<\/strong> : aquesta ajuda no pot superar el 80% de l&#8217;import total del vehicle.<\/span><\/p>\n<p><span style=\"font-weight: 400;\">L&#8217;ajuda pot ser dedu\u00efda directament sobre el preu d&#8217;adquisici\u00f3 IVA incl\u00f2s pel venedor professional del vehicle. En el cas que el venedor professional no anticipi aquesta prima per a la conversi\u00f3, ha de realitzar <strong><a href=\"https:\/\/www.service-public.fr\/particuliers\/vosdroits\/R49929\">una sol\u00b7licitud en l\u00ednia<\/a><\/strong> dins dels 6 mesos posteriors a l&#8217;adquisici\u00f3.<\/span><\/p>\n<p><span style=\"font-weight: 400;\"><strong>NOTA<\/strong> : aquesta ajuda pot ser acumulable amb el bonus ecol\u00f2gic.<\/span><\/p>\n<p>Si es pregunta quant pot costar la instal\u00b7laci\u00f3 d&#8217;un <strong><a href=\"https:\/\/v2charge.com\/ca\/\">carregador per a cotxe el\u00e8ctric<\/a><\/strong>, consulti el nostre article sobre <strong><a href=\"https:\/\/v2charge.com\/ca\/precio-instalar-cargador-coche-electrico-cat\/\">Instal\u00b7laci\u00f3 d&#8217;una estaci\u00f3 de c\u00e0rrega per a cotxe el\u00e8ctric: preus<\/a><\/strong> i etapes de la instal\u00b7laci\u00f3.<\/p>\n<p><a href=\"https:\/\/v2charge.com\/ca\/trydan-carregador-electric\/\"><img decoding=\"async\" class=\"alignnone size-full wp-image-150427\" src=\"https:\/\/v2charge.com\/wp-content\/uploads\/2024\/04\/trydan-voiture-electrique.jpg\" alt=\"Veure Trydan cotxe el\u00e8ctric\" width=\"818\" height=\"248\" srcset=\"https:\/\/v2charge.com\/wp-content\/uploads\/2024\/04\/trydan-voiture-electrique.jpg 818w, https:\/\/v2charge.com\/wp-content\/uploads\/2024\/04\/trydan-voiture-electrique-300x91.jpg 300w, https:\/\/v2charge.com\/wp-content\/uploads\/2024\/04\/trydan-voiture-electrique-768x233.jpg 768w\" sizes=\"(max-width: 818px) 100vw, 818px\" \/><\/a><\/p>\n<h2><strong>L\u2019ajuda al leasing cotxe el\u00e8ctric<\/strong><\/h2>\n<p><span style=\"font-weight: 400;\"><strong>L&#8217;ajuda al leasing per a cotxe el\u00e8ctric<\/strong> \u00e9s una iniciativa implementada per animar l&#8217;adquisici\u00f3 de vehicles el\u00e8ctrics mitjan\u00e7ant contractes de lloguer a llarg termini. A difer\u00e8ncia de l&#8217;adquisici\u00f3 tradicional, el leasing permet als consumidors llogar un vehicle durant un per\u00edode determinat. Per beneficiar-se de l\u2019ajuda, la durada del leasing ha de ser d&#8217;almenys 3 anys.\u00a0<\/span><\/p>\n<h3>Les condicions ajuda regional cotxe el\u00e8ctric<\/h3>\n<p><span style=\"font-weight: 400;\">En general, l&#8217;import de l&#8217;ajuda al leasing permet pagar un lloguer de 100\u20ac o menys i pot arribar fins a 150\u20ac per a cotxes familiars. Les condicions per poder-ne beneficiar-se:<\/span><\/p>\n<ul>\n<li><span style=\"font-weight: 400;\">ser persona major d&#8217;edat que resideix a Fran\u00e7a<\/span><\/li>\n<li style=\"font-weight: 400;\" aria-level=\"1\"><span style=\"font-weight: 400;\">tenir un ingr\u00e9s fiscal de refer\u00e8ncia per part inferior a 15.400 euros.<\/span><\/li>\n<li style=\"font-weight: 400;\" aria-level=\"1\"><span style=\"font-weight: 400;\">residir a una dist\u00e0ncia de m\u00e9s de 15 quil\u00f2metres del seu lloc de treball i utilitzar el seu vehicle personal per despla\u00e7ar-se o rec\u00f3rrer m\u00e9s de 8.000 quil\u00f2metres a l&#8217;any en cotxe en el marc de la seva activitat professional.<\/span><\/li>\n<\/ul>\n<p><span style=\"font-weight: 400;\">Tanmateix, la primera fase d&#8217;aquest dispositiu es va aturar al febrer de 2024, aix\u00ed que haur\u00e0 d&#8217;esperar fins al 2025 per poder-ne gaudir.<\/span><\/p>\n<h2><strong>Majora en les Zones de Baixes Emissions (ZBE)<\/strong><\/h2>\n<p><span style=\"font-weight: 400;\"><strong>Les Zones de Baixes Emissions<\/strong> (ZBE) s&#8217;han convertit en pilars de la pol\u00edtica ambiental en moltes ciutats i regions de Fran\u00e7a. A m\u00e9s de <strong>limitar l&#8217;acc\u00e9s dels vehicles m\u00e9s contaminants<\/strong>, aquestes zones ofereixen sovint <strong>incentius addicionals per promoure l&#8217;adquisici\u00f3 de vehicles el\u00e8ctrics<\/strong>. L&#8217;Estat atorga una prima addicional de 1.000\u20ac. En el cas que benefici\u00ef d&#8217;una ajuda local, pot obtenir una prima addicional de fins a 2.000\u20ac.<\/span><\/p>\n<h2><strong>Ajudes regionals cotxe el\u00e8ctric i locals\u00a0<\/strong><\/h2>\n<p><span style=\"font-weight: 400;\">Ajuts locals i regionals s&#8217;afegeixen a les ajudes nacionals. <\/span><span style=\"font-weight: 400;\"><strong>Moltes regions ofereixen subvencions directes per a l&#8217;adquisici\u00f3 d&#8217;un cotxe el\u00e8ctric<\/strong>. Aquestes ajudes poden adoptar la forma de primes a l&#8217;adquisici\u00f3 i descomptes sobre el preu d&#8217;adquisici\u00f3. L<strong>os imports i els criteris d&#8217;elegibilitat varien d&#8217;una regi\u00f3 a l&#8217;altra.<\/strong> Algunes regions ofereixen exoneracions fiscals per als vehicles el\u00e8ctrics, especialment pel que fa a l&#8217;impost sobre la matr\u00edcula o l&#8217;impost de circulaci\u00f3. Les autoritats locals tamb\u00e9 poden oferir avantatges relacionats amb l&#8217;\u00fas de vehicles el\u00e8ctrics, com ara descomptes en les taxes d&#8217;aparcament, l&#8217;acc\u00e9s gratu\u00eft o a preu redu\u00eft a les vies de circulaci\u00f3 reservades per a vehicles nets, o facilitats de c\u00e0rrega el\u00e8ctrica gratu\u00efta o a preu redu\u00eft.<\/span><\/p>\n<p><span style=\"font-weight: 400;\"><strong><a href=\"https:\/\/jechangemavoiture.gouv.fr\/jcmv\/aide-achat.html?content=aides-locales\">El detall de les ajudes de totes les regions franceses<\/a><\/strong><\/span><\/p>\n<h2><strong>Cr\u00e8dit cotxe el\u00e8ctric a tipus redu\u00eft\u00a0<\/strong><\/h2>\n<p><span style=\"font-weight: 400;\"><strong>Els cr\u00e8dits a tipus redu\u00eft per a l&#8217;adquisici\u00f3 d&#8217;un vehicle el\u00e8ctric<\/strong> a Fran\u00e7a el 2024 ofereixen una soluci\u00f3 financera atractiva als consumidors que desitgen fer el pas cap a la <strong>mobilitat el\u00e8ctrica<\/strong>. Comparant les diferents opcions de pr\u00e9stecs disponibles i cercant les millors condicions, els consumidors poden trobar el finan\u00e7ament adequat per a la seva adquisici\u00f3 mentre es beneficien d&#8217;un tipus d&#8217;inter\u00e8s redu\u00eft. Es recomana als interessats que s&#8217;informin a les bancs (pr\u00e9stec autom\u00f2bil verd, pr\u00e9stec ecol\u00f2gic), les autoritats locals i els prove\u00efdors de cr\u00e8dits per obtenir informaci\u00f3 espec\u00edfica sobre les opcions disponibles.<\/span><\/p>\n<h2><strong>Per qu\u00e8 comprar un cotxe el\u00e8ctric?<\/strong><\/h2>\n<p><span style=\"font-weight: 400;\"><strong>Totes les primes implementades pel govern franc\u00e8s i les autoritats locals demostren el comprom\u00eds continu del govern franc\u00e8s per promoure la mobilitat el\u00e8ctrica<\/strong> i reduir les emissions de gasos d&#8217;efecte hivernacle en el sector del transport. En 2024, l&#8217;adquisici\u00f3 d&#8217;un <\/span><b>cotxe el\u00e8ctric<\/b><span style=\"font-weight: 400;\"> no \u00e9s nom\u00e9s una elecci\u00f3 ecol\u00f2gica, sin\u00f3 tamb\u00e9 una elecci\u00f3 econ\u00f2mica. Aquesta gamma completa d&#8217;ajudes fa que aquesta transici\u00f3 cap a una mobilitat m\u00e9s sostenible i respectuosa amb el medi ambient sigui accessible a un major nombre de ciutadans.<\/span><\/p>\n<p>Si est\u00e0 interessat en la <strong><a href=\"https:\/\/v2charge.com\/ca\/troba-instalador\/\">instal\u00b7laci\u00f3 d&#8217;una estaci\u00f3 de c\u00e0rrega<\/a><\/strong> el\u00e8ctrica, a V2C, l&#8217;acompanyem per trobar un instal\u00b7lador i beneficiar-se de les <strong><a href=\"https:\/\/v2charge.com\/ca\/les-ajuts-per-instal-lar-una-estacio-de-carrega-a-casa-el-2024\/\">ajudes 2024 a la instal\u00b7laci\u00f3 d&#8217;una estaci\u00f3 de c\u00e0rrega<\/a><\/strong> per a particulars: el <strong><a href=\"https:\/\/v2charge.com\/ca\/credit-d-impost-per-a-una-estacio-de-carrega-el-2024\/\">Cr\u00e8dit d&#8217;Impost<\/a><\/strong> i de la <a href=\"https:\/\/v2charge.com\/ca\/prime-advenir-2024-que-es-i-com-sol-licitar-la\/\"><strong>Prima Advenir 2024<\/strong><\/a>. <span data-sheets-root=\"1\">Sap qu\u00e8 \u00e9s la certificaci\u00f3 IRVE? Descobreixi en el nostre article la <a class=\"in-cell-link\" href=\"https:\/\/v2charge.com\/ca\/que-es-la-qualificacio-irve\/\" target=\"_blank\" rel=\"noopener\"><strong>significaci\u00f3 de l&#8217;IRVE<\/strong><\/a> i per qu\u00e8 \u00e9s tan important.<\/span><\/p>\n<p><span style=\"font-weight: 400;\">Descobreixi tots els <a href=\"https:\/\/v2charge.com\/ca\/meilleur-voiture-electrique-pas-chere-2024\/\">cotxes el\u00e8ctrics m\u00e9s barats<\/a> del 2024.<\/span><\/p>\n<div class=\"wp-block-uagb-image uagb-block-60b453cf wp-block-uagb-image--layout-default wp-block-uagb-image--effect-static wp-block-uagb-image--align-none uag-hide-desktop\"><figure class=\"wp-block-uagb-image__figure\"><a class=\"\" href=\"https:\/\/v2charge.com\/ca\/troba-instalador\/\" target=\"\" rel=\"noopener\"><img decoding=\"async\" srcset=\"https:\/\/v2charge.com\/wp-content\/uploads\/2024\/06\/installator-borne-recharge-voiture-electrique.jpg ,https:\/\/v2charge.com\/wp-content\/uploads\/2024\/06\/installator-borne-recharge-voiture-electrique.jpg 780w, https:\/\/v2charge.com\/wp-content\/uploads\/2024\/06\/installator-borne-recharge-voiture-electrique.jpg 360w\" sizes=\"auto, (max-width: 480px) 150px\" src=\"https:\/\/v2charge.com\/wp-content\/uploads\/2024\/06\/installator-borne-recharge-voiture-electrique.jpg\" alt=\"\" class=\"uag-image-162653\" width=\"960\" height=\"560\" title=\"installator-borne-recharge-voiture-electrique\" loading=\"lazy\" role=\"img\"\/><\/a><\/figure><\/div>\n\n\n\n<div class=\"wp-block-uagb-image uagb-block-fd88f6b0 wp-block-uagb-image--layout-default wp-block-uagb-image--effect-static wp-block-uagb-image--align-none uag-hide-tab uag-hide-mob\"><figure class=\"wp-block-uagb-image__figure\"><a class=\"\" href=\"https:\/\/v2charge.com\/ca\/troba-instalador\/\" target=\"\" rel=\"noopener\"><img decoding=\"async\" srcset=\"https:\/\/v2charge.com\/wp-content\/uploads\/2024\/06\/installator-bornes-recharge-voiture-electrique.jpg ,https:\/\/v2charge.com\/wp-content\/uploads\/2024\/06\/installator-bornes-recharge-voiture-electrique.jpg 780w, https:\/\/v2charge.com\/wp-content\/uploads\/2024\/06\/installator-bornes-recharge-voiture-electrique.jpg 360w\" sizes=\"auto, (max-width: 480px) 150px\" src=\"https:\/\/v2charge.com\/wp-content\/uploads\/2024\/06\/installator-bornes-recharge-voiture-electrique.jpg\" alt=\"\" class=\"uag-image-162663\" width=\"960\" height=\"560\" title=\"installator-bornes-recharge-voiture-electrique\" loading=\"lazy\" role=\"img\"\/><\/a><\/figure><\/div>\n","protected":false},"excerpt":{"rendered":"<p>En el marc de la seva pol\u00edtica de transici\u00f3 energ\u00e8tica i de lluita contra el canvi clim\u00e0tic, el govern franc\u00e8s ha posat en marxa diversos dispositius de suport financer per permetre que un m\u00e0xim de ciutadans francesos comprin un cotxe el\u00e8ctric. Aquests dispositius tenen com a objectiu acompanyar la poblaci\u00f3 cap a una mobilitat m\u00e9s &#8230; <a title=\"Totes les ajudes de l&#8217;Estat per a l&#8217;adquisici\u00f3 d&#8217;un cotxe el\u00e8ctric el 2024\" class=\"read-more\" href=\"https:\/\/v2charge.com\/ca\/totes-les-ajudes-de-l-estat-per-a-l-adquisicio-d-un-cotxe-electric-el-2024\/\" aria-label=\"M\u00e9s informaci\u00f3 sobre Totes les ajudes de l&#8217;Estat per a l&#8217;adquisici\u00f3 d&#8217;un cotxe el\u00e8ctric el 2024\">Llegiu m\u00e9s<\/a><\/p>\n","protected":false},"author":400,"featured_media":149226,"comment_status":"closed","ping_status":"closed","sticky":false,"template":"","format":"standard","meta":{"_eb_attr":"","content-type":"","_uag_custom_page_level_css":"","footnotes":""},"categories":[],"tags":[],"class_list":["post-310268","post","type-post","status-publish","format-standard","has-post-thumbnail","hentry"],"yoast_head":"<!-- This site is optimized with the Yoast SEO plugin v25.3.1 - https:\/\/yoast.com\/wordpress\/plugins\/seo\/ -->\n<title>Les ajuts de l&#039;Estat per a l&#039;adquisici\u00f3 d&#039;un vehicle el\u00e8ctric el 2024<\/title>\n<meta name=\"description\" content=\"Descobreix en aquest article, totes les primes per acompanyar-te en l&#039;adquisici\u00f3 d&#039;un cotxe el\u00e8ctric a Fran\u00e7a el 2024.\" \/>\n<meta name=\"robots\" content=\"index, follow, max-snippet:-1, max-image-preview:large, max-video-preview:-1\" \/>\n<link rel=\"canonical\" href=\"https:\/\/v2charge.com\/ca\/totes-les-ajudes-de-l-estat-per-a-l-adquisicio-d-un-cotxe-electric-el-2024\/\" \/>\n<meta property=\"og:locale\" content=\"ca_ES\" \/>\n<meta property=\"og:type\" content=\"article\" \/>\n<meta property=\"og:title\" content=\"Les ajuts de l&#039;Estat per a l&#039;adquisici\u00f3 d&#039;un vehicle el\u00e8ctric el 2024\" \/>\n<meta property=\"og:description\" content=\"Descobreix en aquest article, totes les primes per acompanyar-te en l&#039;adquisici\u00f3 d&#039;un cotxe el\u00e8ctric a Fran\u00e7a el 2024.\" \/>\n<meta property=\"og:url\" content=\"https:\/\/v2charge.com\/ca\/totes-les-ajudes-de-l-estat-per-a-l-adquisicio-d-un-cotxe-electric-el-2024\/\" \/>\n<meta property=\"og:site_name\" content=\"V2C\" \/>\n<meta property=\"article:publisher\" content=\"https:\/\/www.facebook.com\/V2C.Charge\" \/>\n<meta property=\"article:published_time\" content=\"2024-04-19T10:24:55+00:00\" \/>\n<meta property=\"article:modified_time\" content=\"2024-09-23T14:39:33+00:00\" \/>\n<meta property=\"og:image\" content=\"https:\/\/v2charge.com\/wp-content\/uploads\/2024\/04\/aides-achat-voiture-electrique.jpg\" \/>\n\t<meta property=\"og:image:width\" content=\"1200\" \/>\n\t<meta property=\"og:image:height\" content=\"700\" \/>\n\t<meta property=\"og:image:type\" content=\"image\/jpeg\" \/>\n<meta name=\"author\" content=\"V2C\" \/>\n<meta name=\"twitter:card\" content=\"summary_large_image\" \/>\n<meta name=\"twitter:creator\" content=\"@V2C_Charge\" \/>\n<meta name=\"twitter:site\" content=\"@V2C_Charge\" \/>\n<meta name=\"twitter:label1\" content=\"Escrit per\" \/>\n\t<meta name=\"twitter:data1\" content=\"V2C\" \/>\n\t<meta name=\"twitter:label2\" content=\"Temps estimat de lectura\" \/>\n\t<meta name=\"twitter:data2\" content=\"8 minuts\" \/>\n<script type=\"application\/ld+json\" class=\"yoast-schema-graph\">{\"@context\":\"https:\/\/schema.org\",\"@graph\":[{\"@type\":\"Article\",\"@id\":\"https:\/\/v2charge.com\/ca\/totes-les-ajudes-de-l-estat-per-a-l-adquisicio-d-un-cotxe-electric-el-2024\/#article\",\"isPartOf\":{\"@id\":\"https:\/\/v2charge.com\/ca\/totes-les-ajudes-de-l-estat-per-a-l-adquisicio-d-un-cotxe-electric-el-2024\/\"},\"author\":{\"name\":\"V2C\",\"@id\":\"https:\/\/v2charge.com\/ca\/#\/schema\/person\/d6f210a94a856acdddec347b2127fd0f\"},\"headline\":\"Totes les ajudes de l&#8217;Estat per a l&#8217;adquisici\u00f3 d&#8217;un cotxe el\u00e8ctric el 2024\",\"datePublished\":\"2024-04-19T10:24:55+00:00\",\"dateModified\":\"2024-09-23T14:39:33+00:00\",\"mainEntityOfPage\":{\"@id\":\"https:\/\/v2charge.com\/ca\/totes-les-ajudes-de-l-estat-per-a-l-adquisicio-d-un-cotxe-electric-el-2024\/\"},\"wordCount\":1669,\"publisher\":{\"@id\":\"https:\/\/v2charge.com\/ca\/#organization\"},\"image\":{\"@id\":\"https:\/\/v2charge.com\/ca\/totes-les-ajudes-de-l-estat-per-a-l-adquisicio-d-un-cotxe-electric-el-2024\/#primaryimage\"},\"thumbnailUrl\":\"https:\/\/v2charge.com\/wp-content\/uploads\/2024\/04\/aides-achat-voiture-electrique.jpg\",\"inLanguage\":\"ca\"},{\"@type\":\"WebPage\",\"@id\":\"https:\/\/v2charge.com\/ca\/totes-les-ajudes-de-l-estat-per-a-l-adquisicio-d-un-cotxe-electric-el-2024\/\",\"url\":\"https:\/\/v2charge.com\/ca\/totes-les-ajudes-de-l-estat-per-a-l-adquisicio-d-un-cotxe-electric-el-2024\/\",\"name\":\"Les ajuts de l'Estat per a l'adquisici\u00f3 d'un vehicle el\u00e8ctric el 2024\",\"isPartOf\":{\"@id\":\"https:\/\/v2charge.com\/ca\/#website\"},\"primaryImageOfPage\":{\"@id\":\"https:\/\/v2charge.com\/ca\/totes-les-ajudes-de-l-estat-per-a-l-adquisicio-d-un-cotxe-electric-el-2024\/#primaryimage\"},\"image\":{\"@id\":\"https:\/\/v2charge.com\/ca\/totes-les-ajudes-de-l-estat-per-a-l-adquisicio-d-un-cotxe-electric-el-2024\/#primaryimage\"},\"thumbnailUrl\":\"https:\/\/v2charge.com\/wp-content\/uploads\/2024\/04\/aides-achat-voiture-electrique.jpg\",\"datePublished\":\"2024-04-19T10:24:55+00:00\",\"dateModified\":\"2024-09-23T14:39:33+00:00\",\"description\":\"Descobreix en aquest article, totes les primes per acompanyar-te en l'adquisici\u00f3 d'un cotxe el\u00e8ctric a Fran\u00e7a el 2024.\",\"breadcrumb\":{\"@id\":\"https:\/\/v2charge.com\/ca\/totes-les-ajudes-de-l-estat-per-a-l-adquisicio-d-un-cotxe-electric-el-2024\/#breadcrumb\"},\"inLanguage\":\"ca\",\"potentialAction\":[{\"@type\":\"ReadAction\",\"target\":[\"https:\/\/v2charge.com\/ca\/totes-les-ajudes-de-l-estat-per-a-l-adquisicio-d-un-cotxe-electric-el-2024\/\"]}]},{\"@type\":\"ImageObject\",\"inLanguage\":\"ca\",\"@id\":\"https:\/\/v2charge.com\/ca\/totes-les-ajudes-de-l-estat-per-a-l-adquisicio-d-un-cotxe-electric-el-2024\/#primaryimage\",\"url\":\"https:\/\/v2charge.com\/wp-content\/uploads\/2024\/04\/aides-achat-voiture-electrique.jpg\",\"contentUrl\":\"https:\/\/v2charge.com\/wp-content\/uploads\/2024\/04\/aides-achat-voiture-electrique.jpg\",\"width\":1200,\"height\":700},{\"@type\":\"BreadcrumbList\",\"@id\":\"https:\/\/v2charge.com\/ca\/totes-les-ajudes-de-l-estat-per-a-l-adquisicio-d-un-cotxe-electric-el-2024\/#breadcrumb\",\"itemListElement\":[{\"@type\":\"ListItem\",\"position\":1,\"name\":\"V2C\",\"item\":\"https:\/\/v2charge.com\/ca\/\"},{\"@type\":\"ListItem\",\"position\":2,\"name\":\"Aides et subventions\",\"item\":\"https:\/\/v2charge.com\/fr\/aides-subventions\/\"},{\"@type\":\"ListItem\",\"position\":3,\"name\":\"Totes les ajudes de l&#8217;Estat per a l&#8217;adquisici\u00f3 d&#8217;un cotxe el\u00e8ctric el 2024\"}]},{\"@type\":\"WebSite\",\"@id\":\"https:\/\/v2charge.com\/ca\/#website\",\"url\":\"https:\/\/v2charge.com\/ca\/\",\"name\":\"V2C\",\"description\":\"#CargandoElMa\u00f1ana\",\"publisher\":{\"@id\":\"https:\/\/v2charge.com\/ca\/#organization\"},\"potentialAction\":[{\"@type\":\"SearchAction\",\"target\":{\"@type\":\"EntryPoint\",\"urlTemplate\":\"https:\/\/v2charge.com\/ca\/?s={search_term_string}\"},\"query-input\":{\"@type\":\"PropertyValueSpecification\",\"valueRequired\":true,\"valueName\":\"search_term_string\"}}],\"inLanguage\":\"ca\"},{\"@type\":\"Organization\",\"@id\":\"https:\/\/v2charge.com\/ca\/#organization\",\"name\":\"V2C\",\"url\":\"https:\/\/v2charge.com\/ca\/\",\"logo\":{\"@type\":\"ImageObject\",\"inLanguage\":\"ca\",\"@id\":\"https:\/\/v2charge.com\/ca\/#\/schema\/logo\/image\/\",\"url\":\"https:\/\/v2charge.com\/wp-content\/uploads\/2024\/11\/cropped-v2c-charge-logo-menu.png\",\"contentUrl\":\"https:\/\/v2charge.com\/wp-content\/uploads\/2024\/11\/cropped-v2c-charge-logo-menu.png\",\"width\":984,\"height\":431,\"caption\":\"V2C\"},\"image\":{\"@id\":\"https:\/\/v2charge.com\/ca\/#\/schema\/logo\/image\/\"},\"sameAs\":[\"https:\/\/www.facebook.com\/V2C.Charge\",\"https:\/\/x.com\/V2C_Charge\",\"https:\/\/www.instagram.com\/v2c.charge\/\",\"https:\/\/www.youtube.com\/@V2C\",\"https:\/\/www.linkedin.com\/company\/v2c-chargers\/\"]},{\"@type\":\"Person\",\"@id\":\"https:\/\/v2charge.com\/ca\/#\/schema\/person\/d6f210a94a856acdddec347b2127fd0f\",\"name\":\"V2C\",\"image\":{\"@type\":\"ImageObject\",\"inLanguage\":\"ca\",\"@id\":\"https:\/\/v2charge.com\/ca\/#\/schema\/person\/image\/\",\"url\":\"https:\/\/secure.gravatar.com\/avatar\/a91128c4c0d2f4d63bd586301fdec6cc9aa49c885839b25d1c62700f529f267c?s=96&d=mm&r=g\",\"contentUrl\":\"https:\/\/secure.gravatar.com\/avatar\/a91128c4c0d2f4d63bd586301fdec6cc9aa49c885839b25d1c62700f529f267c?s=96&d=mm&r=g\",\"caption\":\"V2C\"}}]}<\/script>\n<!-- \/ Yoast SEO plugin. -->","yoast_head_json":{"title":"Les ajuts de l'Estat per a l'adquisici\u00f3 d'un vehicle el\u00e8ctric el 2024","description":"Descobreix en aquest article, totes les primes per acompanyar-te en l'adquisici\u00f3 d'un cotxe el\u00e8ctric a Fran\u00e7a el 2024.","robots":{"index":"index","follow":"follow","max-snippet":"max-snippet:-1","max-image-preview":"max-image-preview:large","max-video-preview":"max-video-preview:-1"},"canonical":"https:\/\/v2charge.com\/ca\/totes-les-ajudes-de-l-estat-per-a-l-adquisicio-d-un-cotxe-electric-el-2024\/","og_locale":"ca_ES","og_type":"article","og_title":"Les ajuts de l'Estat per a l'adquisici\u00f3 d'un vehicle el\u00e8ctric el 2024","og_description":"Descobreix en aquest article, totes les primes per acompanyar-te en l'adquisici\u00f3 d'un cotxe el\u00e8ctric a Fran\u00e7a el 2024.","og_url":"https:\/\/v2charge.com\/ca\/totes-les-ajudes-de-l-estat-per-a-l-adquisicio-d-un-cotxe-electric-el-2024\/","og_site_name":"V2C","article_publisher":"https:\/\/www.facebook.com\/V2C.Charge","article_published_time":"2024-04-19T10:24:55+00:00","article_modified_time":"2024-09-23T14:39:33+00:00","og_image":[{"width":1200,"height":700,"url":"https:\/\/v2charge.com\/wp-content\/uploads\/2024\/04\/aides-achat-voiture-electrique.jpg","type":"image\/jpeg"}],"author":"V2C","twitter_card":"summary_large_image","twitter_creator":"@V2C_Charge","twitter_site":"@V2C_Charge","twitter_misc":{"Escrit per":"V2C","Temps estimat de lectura":"8 minuts"},"schema":{"@context":"https:\/\/schema.org","@graph":[{"@type":"Article","@id":"https:\/\/v2charge.com\/ca\/totes-les-ajudes-de-l-estat-per-a-l-adquisicio-d-un-cotxe-electric-el-2024\/#article","isPartOf":{"@id":"https:\/\/v2charge.com\/ca\/totes-les-ajudes-de-l-estat-per-a-l-adquisicio-d-un-cotxe-electric-el-2024\/"},"author":{"name":"V2C","@id":"https:\/\/v2charge.com\/ca\/#\/schema\/person\/d6f210a94a856acdddec347b2127fd0f"},"headline":"Totes les ajudes de l&#8217;Estat per a l&#8217;adquisici\u00f3 d&#8217;un cotxe el\u00e8ctric el 2024","datePublished":"2024-04-19T10:24:55+00:00","dateModified":"2024-09-23T14:39:33+00:00","mainEntityOfPage":{"@id":"https:\/\/v2charge.com\/ca\/totes-les-ajudes-de-l-estat-per-a-l-adquisicio-d-un-cotxe-electric-el-2024\/"},"wordCount":1669,"publisher":{"@id":"https:\/\/v2charge.com\/ca\/#organization"},"image":{"@id":"https:\/\/v2charge.com\/ca\/totes-les-ajudes-de-l-estat-per-a-l-adquisicio-d-un-cotxe-electric-el-2024\/#primaryimage"},"thumbnailUrl":"https:\/\/v2charge.com\/wp-content\/uploads\/2024\/04\/aides-achat-voiture-electrique.jpg","inLanguage":"ca"},{"@type":"WebPage","@id":"https:\/\/v2charge.com\/ca\/totes-les-ajudes-de-l-estat-per-a-l-adquisicio-d-un-cotxe-electric-el-2024\/","url":"https:\/\/v2charge.com\/ca\/totes-les-ajudes-de-l-estat-per-a-l-adquisicio-d-un-cotxe-electric-el-2024\/","name":"Les ajuts de l'Estat per a l'adquisici\u00f3 d'un vehicle el\u00e8ctric el 2024","isPartOf":{"@id":"https:\/\/v2charge.com\/ca\/#website"},"primaryImageOfPage":{"@id":"https:\/\/v2charge.com\/ca\/totes-les-ajudes-de-l-estat-per-a-l-adquisicio-d-un-cotxe-electric-el-2024\/#primaryimage"},"image":{"@id":"https:\/\/v2charge.com\/ca\/totes-les-ajudes-de-l-estat-per-a-l-adquisicio-d-un-cotxe-electric-el-2024\/#primaryimage"},"thumbnailUrl":"https:\/\/v2charge.com\/wp-content\/uploads\/2024\/04\/aides-achat-voiture-electrique.jpg","datePublished":"2024-04-19T10:24:55+00:00","dateModified":"2024-09-23T14:39:33+00:00","description":"Descobreix en aquest article, totes les primes per acompanyar-te en l'adquisici\u00f3 d'un cotxe el\u00e8ctric a Fran\u00e7a el 2024.","breadcrumb":{"@id":"https:\/\/v2charge.com\/ca\/totes-les-ajudes-de-l-estat-per-a-l-adquisicio-d-un-cotxe-electric-el-2024\/#breadcrumb"},"inLanguage":"ca","potentialAction":[{"@type":"ReadAction","target":["https:\/\/v2charge.com\/ca\/totes-les-ajudes-de-l-estat-per-a-l-adquisicio-d-un-cotxe-electric-el-2024\/"]}]},{"@type":"ImageObject","inLanguage":"ca","@id":"https:\/\/v2charge.com\/ca\/totes-les-ajudes-de-l-estat-per-a-l-adquisicio-d-un-cotxe-electric-el-2024\/#primaryimage","url":"https:\/\/v2charge.com\/wp-content\/uploads\/2024\/04\/aides-achat-voiture-electrique.jpg","contentUrl":"https:\/\/v2charge.com\/wp-content\/uploads\/2024\/04\/aides-achat-voiture-electrique.jpg","width":1200,"height":700},{"@type":"BreadcrumbList","@id":"https:\/\/v2charge.com\/ca\/totes-les-ajudes-de-l-estat-per-a-l-adquisicio-d-un-cotxe-electric-el-2024\/#breadcrumb","itemListElement":[{"@type":"ListItem","position":1,"name":"V2C","item":"https:\/\/v2charge.com\/ca\/"},{"@type":"ListItem","position":2,"name":"Aides et subventions","item":"https:\/\/v2charge.com\/fr\/aides-subventions\/"},{"@type":"ListItem","position":3,"name":"Totes les ajudes de l&#8217;Estat per a l&#8217;adquisici\u00f3 d&#8217;un cotxe el\u00e8ctric el 2024"}]},{"@type":"WebSite","@id":"https:\/\/v2charge.com\/ca\/#website","url":"https:\/\/v2charge.com\/ca\/","name":"V2C","description":"#CargandoElMa\u00f1ana","publisher":{"@id":"https:\/\/v2charge.com\/ca\/#organization"},"potentialAction":[{"@type":"SearchAction","target":{"@type":"EntryPoint","urlTemplate":"https:\/\/v2charge.com\/ca\/?s={search_term_string}"},"query-input":{"@type":"PropertyValueSpecification","valueRequired":true,"valueName":"search_term_string"}}],"inLanguage":"ca"},{"@type":"Organization","@id":"https:\/\/v2charge.com\/ca\/#organization","name":"V2C","url":"https:\/\/v2charge.com\/ca\/","logo":{"@type":"ImageObject","inLanguage":"ca","@id":"https:\/\/v2charge.com\/ca\/#\/schema\/logo\/image\/","url":"https:\/\/v2charge.com\/wp-content\/uploads\/2024\/11\/cropped-v2c-charge-logo-menu.png","contentUrl":"https:\/\/v2charge.com\/wp-content\/uploads\/2024\/11\/cropped-v2c-charge-logo-menu.png","width":984,"height":431,"caption":"V2C"},"image":{"@id":"https:\/\/v2charge.com\/ca\/#\/schema\/logo\/image\/"},"sameAs":["https:\/\/www.facebook.com\/V2C.Charge","https:\/\/x.com\/V2C_Charge","https:\/\/www.instagram.com\/v2c.charge\/","https:\/\/www.youtube.com\/@V2C","https:\/\/www.linkedin.com\/company\/v2c-chargers\/"]},{"@type":"Person","@id":"https:\/\/v2charge.com\/ca\/#\/schema\/person\/d6f210a94a856acdddec347b2127fd0f","name":"V2C","image":{"@type":"ImageObject","inLanguage":"ca","@id":"https:\/\/v2charge.com\/ca\/#\/schema\/person\/image\/","url":"https:\/\/secure.gravatar.com\/avatar\/a91128c4c0d2f4d63bd586301fdec6cc9aa49c885839b25d1c62700f529f267c?s=96&d=mm&r=g","contentUrl":"https:\/\/secure.gravatar.com\/avatar\/a91128c4c0d2f4d63bd586301fdec6cc9aa49c885839b25d1c62700f529f267c?s=96&d=mm&r=g","caption":"V2C"}}]}},"uagb_featured_image_src":{"full":["https:\/\/v2charge.com\/wp-content\/uploads\/2024\/04\/aides-achat-voiture-electrique.jpg",1200,700,false],"thumbnail":["https:\/\/v2charge.com\/wp-content\/uploads\/2024\/04\/aides-achat-voiture-electrique-150x150.jpg",150,150,true],"medium":["https:\/\/v2charge.com\/wp-content\/uploads\/2024\/04\/aides-achat-voiture-electrique-300x175.jpg",300,175,true],"medium_large":["https:\/\/v2charge.com\/wp-content\/uploads\/2024\/04\/aides-achat-voiture-electrique-768x448.jpg",768,448,true],"large":["https:\/\/v2charge.com\/wp-content\/uploads\/2024\/04\/aides-achat-voiture-electrique-1024x597.jpg",1024,597,true],"gs-tiny":["https:\/\/v2charge.com\/wp-content\/uploads\/2024\/04\/aides-achat-voiture-electrique.jpg",50,29,false],"xl":["https:\/\/v2charge.com\/wp-content\/uploads\/2024\/04\/aides-achat-voiture-electrique.jpg",1200,700,false],"xxl":["https:\/\/v2charge.com\/wp-content\/uploads\/2024\/04\/aides-achat-voiture-electrique.jpg",1200,700,false],"xxxl":["https:\/\/v2charge.com\/wp-content\/uploads\/2024\/04\/aides-achat-voiture-electrique.jpg",1200,700,false],"xxxxl":["https:\/\/v2charge.com\/wp-content\/uploads\/2024\/04\/aides-achat-voiture-electrique.jpg",1200,700,false],"xxxxxl":["https:\/\/v2charge.com\/wp-content\/uploads\/2024\/04\/aides-achat-voiture-electrique.jpg",1200,700,false],"1536x1536":["https:\/\/v2charge.com\/wp-content\/uploads\/2024\/04\/aides-achat-voiture-electrique.jpg",1200,700,false],"2048x2048":["https:\/\/v2charge.com\/wp-content\/uploads\/2024\/04\/aides-achat-voiture-electrique.jpg",1200,700,false]},"uagb_author_info":{"display_name":"V2C","author_link":"https:\/\/v2charge.com\/ca\/author\/marketing\/"},"uagb_comment_info":0,"uagb_excerpt":"En el marc de la seva pol\u00edtica de transici\u00f3 energ\u00e8tica i de lluita contra el canvi clim\u00e0tic, el govern franc\u00e8s ha posat en marxa diversos dispositius de suport financer per permetre que un m\u00e0xim de ciutadans francesos comprin un cotxe el\u00e8ctric. Aquests dispositius tenen com a objectiu acompanyar la poblaci\u00f3 cap a una mobilitat m\u00e9s&hellip;","_links":{"self":[{"href":"https:\/\/v2charge.com\/ca\/wp-json\/wp\/v2\/posts\/310268","targetHints":{"allow":["GET"]}}],"collection":[{"href":"https:\/\/v2charge.com\/ca\/wp-json\/wp\/v2\/posts"}],"about":[{"href":"https:\/\/v2charge.com\/ca\/wp-json\/wp\/v2\/types\/post"}],"author":[{"embeddable":true,"href":"https:\/\/v2charge.com\/ca\/wp-json\/wp\/v2\/users\/400"}],"replies":[{"embeddable":true,"href":"https:\/\/v2charge.com\/ca\/wp-json\/wp\/v2\/comments?post=310268"}],"version-history":[{"count":0,"href":"https:\/\/v2charge.com\/ca\/wp-json\/wp\/v2\/posts\/310268\/revisions"}],"wp:featuredmedia":[{"embeddable":true,"href":"https:\/\/v2charge.com\/ca\/wp-json\/wp\/v2\/media\/149226"}],"wp:attachment":[{"href":"https:\/\/v2charge.com\/ca\/wp-json\/wp\/v2\/media?parent=310268"}],"wp:term":[{"taxonomy":"category","embeddable":true,"href":"https:\/\/v2charge.com\/ca\/wp-json\/wp\/v2\/categories?post=310268"},{"taxonomy":"post_tag","embeddable":true,"href":"https:\/\/v2charge.com\/ca\/wp-json\/wp\/v2\/tags?post=310268"}],"curies":[{"name":"wp","href":"https:\/\/api.w.org\/{rel}","templated":true}]}}