{"id":310284,"date":"2024-09-30T10:00:00","date_gmt":"2024-09-30T08:00:00","guid":{"rendered":""},"modified":"2025-04-04T13:36:34","modified_gmt":"2025-04-04T11:36:34","slug":"subvencion-cargador-coche-electrico-cat","status":"publish","type":"post","link":"https:\/\/v2charge.com\/ca\/subvencion-cargador-coche-electrico-cat\/","title":{"rendered":"La subvenci\u00f3 per a la instal\u00b7laci\u00f3 d&#8217;un carregador de cotxe el\u00e8ctric: Tot el que necessites saber"},"content":{"rendered":"<p>El mercat dels cotxes el\u00e8ctrics est\u00e0 creixent r\u00e0pidament a Espanya. El 2022, <strong>les matriculacions de vehicles el\u00e8ctrics van augmentar un 57%<\/strong>, una senyal clara de l&#8217;impuls cap a una mobilitat m\u00e9s sostenible. Aquest creixement porta amb si noves necessitats, com la millora de la infraestructura de c\u00e0rrega a Espanya i la <strong>instal\u00b7laci\u00f3 de carregadors de cotxe el\u00e8ctric<\/strong>. Aqu\u00ed \u00e9s on entren en joc les subvencions del <strong>Pla Moves III<\/strong>, que permeten reduir considerablement el cost d&#8217;instal\u00b7laci\u00f3.<\/p>\n<blockquote>\n<p><strong>Actualitzat a 01 d&#8217;abril de 2025:<\/strong> S&#8217;amplia amb car\u00e0cter retroactiu el Pla Moves III fins al 31 de desembre de 2025. Aplicables a les compres realitzades des de l&#8217;1 de gener de 2025.<\/p>\n<\/blockquote>\n<p>Com a experts en mobilitat el\u00e8ctrica i fabricants de <a href=\"https:\/\/v2charge.com\/ca\/\"><strong>carregadors de cotxe el\u00e8ctric<\/strong><\/a>, a V2C hem volgut resumir tot el que vas a necessitar per sol\u00b7licitar les ajudes en aquest article. Recorda que pots comentar o contactar amb nosaltres si tens qualsevol dubte.<\/p>\n<h2>Com funciona la subvenci\u00f3 per comprar i instal\u00b7lar carregadors de cotxe el\u00e8ctric?<\/h2>\n<p>El <a href=\"https:\/\/v2charge.com\/ca\/ampliacion-plan-moves-iii-2024-requisitos-ca\/\"><strong>Pla MOVES III<\/strong><\/a>, promogut pel Govern d&#8217;Espanya i gestionat a trav\u00e9s de l&#8217;<strong>Institut per la Diversificaci\u00f3 i Estalvi de l&#8217;Energia (IDAE)<\/strong>, ofereix ajudes per a la instal\u00b7laci\u00f3 de punts de rec\u00e0rrega. Aquestes ajudes poden arribar fins al <strong>80% del cost de la instal\u00b7laci\u00f3<\/strong>, la qual cosa suposa un gran estalvi tant per a particulars com per a empreses.<\/p>\n<p>Per als particulars, el <strong>import m\u00e0xim que poden rebre \u00e9s de 5.000 euros per expedient<\/strong>. Aix\u00f2 significa que, depenent del pressupost i de la ubicaci\u00f3 del sol\u00b7licitant, \u00e9s possible reduir considerablement les despeses associades a la instal\u00b7laci\u00f3 d&#8217;un carregador a casa o en un garatge comunitari. Encara que <strong>el cost inicial pot semblar elevat, aquestes ajudes converteixen la inversi\u00f3 en alguna cosa m\u00e9s assequible<\/strong>.<\/p>\n<h2>Requisits per obtenir les subvencions per la instal\u00b7laci\u00f3 de carregadors de cotxe el\u00e8ctric<\/h2>\n<p>Per accedir a la subvenci\u00f3 per la instal\u00b7laci\u00f3 del carregador de cotxe el\u00e8ctric, \u00e9s necessari complir amb alguns requisits que varien segons la comunitat aut\u00f2noma. En termes generals, aquests s\u00f3n els principals documents que solen sol\u00b7licitar:<\/p>\n<ul>\n<li><strong>Mem\u00f2ria descriptiva<\/strong>: Detallant la inversi\u00f3, el cost subvencionable i l&#8217;ajuda sol\u00b7licitada.<\/li>\n<li><strong>Declaraci\u00f3 responsable<\/strong>: Confirmant que es compleixen les obligacions del beneficiari.<\/li>\n<li><strong>Certificats<\/strong>: D&#8217;estar al corrent amb la <strong>Seguretat Social<\/strong> i l&#8217;<strong>Ag\u00e8ncia Tribut\u00e0ria<\/strong>.<\/li>\n<li><strong>C\u00f2pia del DNI\/NIE<\/strong>: Document d&#8217;identitat del sol\u00b7licitant.<\/li>\n<\/ul>\n<p>\u00c9s important destacar que, en algunes regions com <strong>Madrid<\/strong>, <strong>Andalusia<\/strong> o <strong>Gal\u00edcia<\/strong>, les empreses instal\u00b7ladors s\u00f3n les encarregades de sol\u00b7licitar l&#8217;ajuda. En altres comunitats, \u00e9s el propi beneficiari qui ha de gestionar la sol\u00b7licitud.<\/p>\n<p><img decoding=\"async\" class=\"alignnone size-full wp-image-178928\" src=\"https:\/\/v2charge.com\/wp-content\/uploads\/2024\/09\/subvencion-cargador-coche-electrico-ayudas.jpg\" alt=\"subvenci\u00f3 per la instal\u00b7laci\u00f3 d'un carregador de cotxe el\u00e8ctric\" width=\"960\" height=\"560\" srcset=\"https:\/\/v2charge.com\/wp-content\/uploads\/2024\/09\/subvencion-cargador-coche-electrico-ayudas.jpg 960w, https:\/\/v2charge.com\/wp-content\/uploads\/2024\/09\/subvencion-cargador-coche-electrico-ayudas-300x175.jpg 300w, https:\/\/v2charge.com\/wp-content\/uploads\/2024\/09\/subvencion-cargador-coche-electrico-ayudas-768x448.jpg 768w\" sizes=\"(max-width: 960px) 100vw, 960px\" \/><\/p>\n<h2>Quant pots estalviar amb la subvenci\u00f3 d&#8217;instal\u00b7laci\u00f3 de carregador de cotxe el\u00e8ctric?<\/h2>\n<p>El <strong>estalvi potencial<\/strong> <strong>varia segons el tipus de sol\u00b7licitant i el lloc d&#8217;instal\u00b7laci\u00f3<\/strong>. A continuaci\u00f3, es detallen les ajudes disponibles en funci\u00f3 del perfil del sol\u00b7licitant i la ubicaci\u00f3 del carregador:<\/p>\n<table>\n<thead>\n<tr>\n<th><strong>Sol\u00b7licitant<\/strong><\/th>\n<th><strong>Ajuda<\/strong><\/th>\n<th><strong>Municipis &lt; 5.000 hab.<\/strong><\/th>\n<th><strong>M\u00e0xim concedit<\/strong><\/th>\n<\/tr>\n<\/thead>\n<tbody>\n<tr>\n<td>Aut\u00f2noms, particulars, comunitats de propietaris, sense activitat econ\u00f2mica<\/td>\n<td>70% del pressupost abans d&#8217;IVA<\/td>\n<td>80% del pressupost abans d&#8217;IVA<\/td>\n<td>5.000 euros\/expedient<\/td>\n<\/tr>\n<tr>\n<td>Empreses i entitats p\u00fabliques amb activitat econ\u00f2mica, acc\u00e9s p\u00fablic, \u226550kW<\/td>\n<td>20% (50% per pimes)<\/td>\n<td>30%-50% (segons mida)<\/td>\n<td>800.000 \u20ac\/expedient<\/td>\n<\/tr>\n<tr>\n<td>Empreses i entitats p\u00fabliques, acc\u00e9s privat o p\u00fablic &lt;50kW<\/td>\n<td>20%-30%<\/td>\n<td>20%-40%<\/td>\n<td>800.000 \u20ac\/expedient<\/td>\n<\/tr>\n<tr>\n<td>PYMES (acc\u00e9s p\u00fablic, &lt;50kW)<\/td>\n<td>45%-55%<\/td>\n<td>50%-60%<\/td>\n<td>800.000 \u20ac\/expedient<\/td>\n<\/tr>\n<\/tbody>\n<\/table>\n<p>Com es pot veure, els <strong>particulars<\/strong> i <strong>aut\u00f2noms<\/strong> poden rebre ajudes de <strong>fins al 80% del pressupost si viuen en municipis amb menys de 5.000 habitants<\/strong>, mentre que les <strong>empreses<\/strong> i <strong>entitats p\u00fabliques<\/strong> poden beneficiar-se de subvencions m\u00e9s modestes, encara que tamb\u00e9 significatives.<\/p>\n<h2>Subvencions per instal\u00b7lar carregadors de cotxe el\u00e8ctric en garatges comunitaris<\/h2>\n<p>Una de les preguntes m\u00e9s freq\u00fcents \u00e9s si es pot instal\u00b7lar un carregador en un <strong>garatge comunitari<\/strong> i com influeix aix\u00f2 en les ajudes. La bona not\u00edcia \u00e9s que la <strong>comunitat de propietaris no pot oposar-se<\/strong> a la instal\u00b7laci\u00f3 d&#8217;un punt de rec\u00e0rrega privat, sempre que es compleixin els requisits legals.<\/p>\n<p>El cost de la instal\u00b7laci\u00f3 corre a c\u00e0rrec del ve\u00ed interessat, per\u00f2 el <strong>Pla MOVES III<\/strong> tamb\u00e9 contempla subvencions per a aquest tipus d&#8217;instal\u00b7lacions.<\/p>\n<h2>Passos per sol\u00b7licitar la subvenci\u00f3<\/h2>\n<p>El proc\u00e9s de sol\u00b7licitud de la subvenci\u00f3 \u00e9s alguna cosa que varia segons la comunitat aut\u00f2noma, per\u00f2 en general segueix un esquema similar a tot el pa\u00eds:<\/p>\n<ol>\n<li><strong>Comprovar l&#8217;elegibilitat<\/strong>: Assegura&#8217;t que compleixes amb els requisits.<\/li>\n<li><strong>Aplegar la documentaci\u00f3<\/strong>: Com s&#8217;ha esmentat abans, la mem\u00f2ria descriptiva, certificats i declaracions s\u00f3n essencials.<\/li>\n<li><strong>Presentar la sol\u00b7licitud<\/strong>: Aix\u00f2 es pot fer en l\u00ednia o en persona, depenent de la comunitat.<\/li>\n<li><strong>Avan\u00e7ar el cost de la instal\u00b7laci\u00f3<\/strong>: Igual que amb la compra d&#8217;un cotxe el\u00e8ctric, el sol\u00b7licitant haur\u00e0 d&#8217;avan\u00e7ar els diners de la instal\u00b7laci\u00f3. Un cop aprovada la sol\u00b7licitud, es rebr\u00e0 el reemborsament corresponent.<\/li>\n<\/ol>\n<p>\u00c9s important tenir en compte que els temps d&#8217;espera per rebre la subvenci\u00f3 poden ser llargs, arribant en alguns casos a <strong>18 mesos<\/strong> o fins i tot <strong>dos anys<\/strong>. T&#8217;expliquem tots els detalls en el nostre article sobre <strong><a href=\"https:\/\/v2charge.com\/ca\/quant-temps-triga-a-pagar-el-pla-moves-iii\/\">quant tardan a pagar el Pla Moves III<\/a><\/strong>.<\/p>\n<h2>Consideracions fiscals per la subvenci\u00f3 instal\u00b7laci\u00f3 carregador cotxe el\u00e8ctric<\/h2>\n<p>Per als particulars, la subvenci\u00f3 es considera una <strong>guany patrimonial<\/strong> a efectes de l&#8217;<strong>Impost sobre la Renda de les Persones F\u00edsiques (IRPF)<\/strong>. Aix\u00f2 significa que part dels diners rebuts haur\u00e0 de ser retornat en la declaraci\u00f3 de la renda, depenent del nivell d&#8217;ingressos del sol\u00b7licitant.<\/p>\n<p>Per exemple, si un particular rep l&#8217;ajuda m\u00e0xima de <strong>5.000 euros<\/strong>, haur\u00e0 de retornar aproximadament <strong>950 euros<\/strong>, ja que tributa al <strong>19%<\/strong> com a m\u00ednim. Encara que aquesta quantitat varia segons el tram impositiu de cada contribuent, segueix sent un suport financer significatiu.<\/p>\n<p>T&#8217;expliquem tots els detalls de com has <strong><a href=\"https:\/\/v2charge.com\/ca\/com-declarar-el-pla-moves-en-la-declaracio-de-la-renda\/\">declarar el Pla Moves en la declaraci\u00f3 de la renda<\/a><\/strong> en el nostre article.<\/p>\n<p><img decoding=\"async\" class=\"alignnone size-full wp-image-178918\" src=\"https:\/\/v2charge.com\/wp-content\/uploads\/2024\/09\/subvencion-cargador-coche-electrico-plan-moves.jpg\" alt=\"subvenci\u00f3 per la instal\u00b7laci\u00f3 d'un carregador de cotxe el\u00e8ctric\" width=\"960\" height=\"560\" srcset=\"https:\/\/v2charge.com\/wp-content\/uploads\/2024\/09\/subvencion-cargador-coche-electrico-plan-moves.jpg 960w, https:\/\/v2charge.com\/wp-content\/uploads\/2024\/09\/subvencion-cargador-coche-electrico-plan-moves-300x175.jpg 300w, https:\/\/v2charge.com\/wp-content\/uploads\/2024\/09\/subvencion-cargador-coche-electrico-plan-moves-768x448.jpg 768w\" sizes=\"(max-width: 960px) 100vw, 960px\" \/><\/p>\n<h2>Val la pena instal\u00b7lar un carregador privat amb subvenci\u00f3?<\/h2>\n<p>Definitivament. La instal\u00b7laci\u00f3 d&#8217;un carregador privat no nom\u00e9s permet <strong>estalviar<\/strong> en costos de rec\u00e0rrega a llarg termini, sin\u00f3 que tamb\u00e9 facilita una major autonomia i comoditat per als usuaris de vehicles el\u00e8ctrics. Les subvencions del <strong>Pla MOVES III<\/strong> converteixen aquesta inversi\u00f3 en alguna cosa molt m\u00e9s assequible, reduint considerablement el cost inicial.<\/p>\n<p>Per a qui resideix en zones rurals o petites localitats, les ajudes poden ser encara m\u00e9s generoses, la qual cosa incentiva l&#8217;adopci\u00f3 de tecnologies m\u00e9s netes fins i tot en regions menys urbanitzades.<\/p>\n<h2>Fins a un 80% de descompte amb el Pla Moves III per instal\u00b7lar un punt de rec\u00e0rrega<\/h2>\n<p>El <strong>Pla MOVES III<\/strong> \u00e9s una excel\u00b7lent oportunitat per reduir el cost de la <strong>instal\u00b7laci\u00f3 d&#8217;un carregador de cotxe el\u00e8ctric<\/strong>. Tant si vius en una vivenda particular com en un garatge comunitari, les subvencions poden arribar fins al <strong>80% del pressupost<\/strong>. Encara que el proc\u00e9s pot semblar burocr\u00e0tic, els beneficis econ\u00f2mics i la comoditat a llarg termini fan que la inversi\u00f3 valgui la pena. A m\u00e9s, \u00e9s important actuar abans de la data l\u00edmit, el <strong>31 de desembre de 2025<\/strong>, per aprofitar al m\u00e0xim aquesta ajuda.<\/p>\n<h2>Preguntes freq\u00fcents sobre les subvencions<\/h2>\n<p>Si encara et queden dubtes sobre les subvencions, et resumim en les seg\u00fcents preguntes freq\u00fcents que solen realitzar els nostres clients amb les dades m\u00e9s importants d&#8217;aquest article. Recorda que si tens qualsevol dubte pots contactar amb nosaltres o enviar-nos un comentari en aquest article i responem totes les teves dubtes.<\/p>\n<h3>Quina \u00e9s l&#8217;ajuda m\u00e0xima per particulars en la instal\u00b7laci\u00f3 d&#8217;un carregador el\u00e8ctric?<\/h3>\n<p>Els particulars poden rebre fins a <strong>5.000 euros<\/strong> per expedient, cobrint un m\u00e0xim del <strong>80% del cost<\/strong> en municipis de menys de 5.000 habitants.<\/p>\n<h3>Puc instal\u00b7lar un carregador al meu garatge comunitari sense l&#8217;aprovaci\u00f3 dels ve\u00efns?<\/h3>\n<p>S\u00ed, la comunitat no pot oposar-se a la instal\u00b7laci\u00f3 d&#8217;un punt de rec\u00e0rrega privat.<\/p>\n<h3>Com tributen les ajudes per la instal\u00b7laci\u00f3 de carregadors el\u00e8ctrics?<\/h3>\n<p>Les ajudes es consideren <strong>guanys patrimonials<\/strong>, tributant al <strong>19%<\/strong> com a m\u00ednim en la declaraci\u00f3 de la renda.<\/p>\n<h3>Qui gestiona la sol\u00b7licitud de l&#8217;ajuda: el beneficiari o l&#8217;empresa instal\u00b7ladora?<\/h3>\n<p>Dep\u00e8n de la comunitat aut\u00f2noma. En algunes, l&#8217;empresa instal\u00b7ladora \u00e9s l&#8217;encarregada de gestionar la sol\u00b7licitud, mentre que en altres, el beneficiari ha de fer-ho directament.<\/p>\n<h3>Quant temps tarda a arribar la subvenci\u00f3?<\/h3>\n<p>El temps d&#8217;espera pot variar, per\u00f2 sol ser entre <strong>18 mesos i dos anys<\/strong>.<\/p>\n<h3>Les empreses tamb\u00e9 poden sol\u00b7licitar la subvenci\u00f3?<\/h3>\n<p>S\u00ed, les empreses poden accedir a ajudes de <strong>fins al 50% del pressupost<\/strong> depenent de la mida de la companyia i el tipus d&#8217;instal\u00b7laci\u00f3.<\/p>\n<div class=\"wp-block-uagb-image uagb-block-1a18c336 wp-block-uagb-image--layout-default wp-block-uagb-image--effect-static wp-block-uagb-image--align-none uag-hide-desktop\"><figure class=\"wp-block-uagb-image__figure\"><a class=\"\" href=\"https:\/\/v2charge.com\/ca\/trydan-carregador-electric\/\" target=\"\" rel=\"noopener\"><img decoding=\"async\" srcset=\"https:\/\/v2charge.com\/wp-content\/uploads\/2024\/06\/necesitas-cargador-coche-electrico.jpg ,https:\/\/v2charge.com\/wp-content\/uploads\/2024\/06\/necesitas-cargador-coche-electrico.jpg 780w, https:\/\/v2charge.com\/wp-content\/uploads\/2024\/06\/necesitas-cargador-coche-electrico.jpg 360w\" sizes=\"auto, (max-width: 480px) 150px\" src=\"https:\/\/v2charge.com\/wp-content\/uploads\/2024\/06\/necesitas-cargador-coche-electrico.jpg\" alt=\"\u00bfNecesitas un cargador de coche el\u00e9ctrico?\" class=\"uag-image-160960\" width=\"818\" height=\"818\" title=\"necesitas-cargador-coche-electrico\" loading=\"lazy\" role=\"img\"\/><\/a><\/figure><\/div>\n\n\n\n<div class=\"wp-block-uagb-image uagb-block-60810aee wp-block-uagb-image--layout-default wp-block-uagb-image--effect-static wp-block-uagb-image--align-none uag-hide-tab uag-hide-mob\"><figure class=\"wp-block-uagb-image__figure\"><a class=\"\" href=\"https:\/\/v2charge.com\/ca\/trydan-carregador-electric\/\" target=\"\" rel=\"noopener\"><img decoding=\"async\" srcset=\"https:\/\/v2charge.com\/wp-content\/uploads\/2024\/06\/necesitas-un-cargador-coche-electrico.jpg ,https:\/\/v2charge.com\/wp-content\/uploads\/2024\/06\/necesitas-un-cargador-coche-electrico.jpg 780w, https:\/\/v2charge.com\/wp-content\/uploads\/2024\/06\/necesitas-un-cargador-coche-electrico.jpg 360w\" sizes=\"auto, (max-width: 480px) 150px\" src=\"https:\/\/v2charge.com\/wp-content\/uploads\/2024\/06\/necesitas-un-cargador-coche-electrico.jpg\" alt=\"\u00bfNecesitas un cargador de coche el\u00e9ctrico? Descubre Trydan\" class=\"uag-image-160908\" width=\"818\" height=\"248\" title=\"necesitas-un-cargador-coche-electrico\" loading=\"lazy\" role=\"img\"\/><\/a><\/figure><\/div>\n","protected":false},"excerpt":{"rendered":"<p>El mercat dels cotxes el\u00e8ctrics est\u00e0 creixent r\u00e0pidament a Espanya. El 2022, les matriculacions de vehicles el\u00e8ctrics van augmentar un 57%, una senyal clara de l&#8217;impuls cap a una mobilitat m\u00e9s sostenible. Aquest creixement porta amb si noves necessitats, com la millora de la infraestructura de c\u00e0rrega a Espanya i la instal\u00b7laci\u00f3 de carregadors de &#8230; <a title=\"La subvenci\u00f3 per a la instal\u00b7laci\u00f3 d&#8217;un carregador de cotxe el\u00e8ctric: Tot el que necessites saber\" class=\"read-more\" href=\"https:\/\/v2charge.com\/ca\/subvencion-cargador-coche-electrico-cat\/\" aria-label=\"M\u00e9s informaci\u00f3 sobre La subvenci\u00f3 per a la instal\u00b7laci\u00f3 d&#8217;un carregador de cotxe el\u00e8ctric: Tot el que necessites saber\">Llegiu m\u00e9s<\/a><\/p>\n","protected":false},"author":400,"featured_media":178908,"comment_status":"closed","ping_status":"closed","sticky":false,"template":"","format":"standard","meta":{"_eb_attr":"","content-type":"","_uag_custom_page_level_css":"","footnotes":""},"categories":[],"tags":[],"class_list":["post-310284","post","type-post","status-publish","format-standard","has-post-thumbnail","hentry"],"yoast_head":"<!-- This site is optimized with the Yoast SEO plugin v25.3.1 - https:\/\/yoast.com\/wordpress\/plugins\/seo\/ -->\n<title>Subvenci\u00f3 per a la instal\u00b7laci\u00f3 d&#039;un carregador de cotxe el\u00e8ctric<\/title>\n<meta name=\"description\" content=\"Descobreix com obtenir una subvenci\u00f3 per a la instal\u00b7laci\u00f3 d&#039;un carregador de cotxe el\u00e8ctric. Estalvia fins al 80% en la teva instal\u00b7laci\u00f3!\" \/>\n<meta name=\"robots\" content=\"index, follow, max-snippet:-1, max-image-preview:large, max-video-preview:-1\" \/>\n<link rel=\"canonical\" href=\"https:\/\/v2charge.com\/ca\/subvencion-cargador-coche-electrico-cat\/\" \/>\n<meta property=\"og:locale\" content=\"ca_ES\" \/>\n<meta property=\"og:type\" content=\"article\" \/>\n<meta property=\"og:title\" content=\"Subvenci\u00f3 per a la instal\u00b7laci\u00f3 d&#039;un carregador de cotxe el\u00e8ctric\" \/>\n<meta property=\"og:description\" content=\"Descobreix com obtenir una subvenci\u00f3 per a la instal\u00b7laci\u00f3 d&#039;un carregador de cotxe el\u00e8ctric. Estalvia fins al 80% en la teva instal\u00b7laci\u00f3!\" \/>\n<meta property=\"og:url\" content=\"https:\/\/v2charge.com\/ca\/subvencion-cargador-coche-electrico-cat\/\" \/>\n<meta property=\"og:site_name\" content=\"V2C\" \/>\n<meta property=\"article:publisher\" content=\"https:\/\/www.facebook.com\/V2C.Charge\" \/>\n<meta property=\"article:published_time\" content=\"2024-09-30T08:00:00+00:00\" \/>\n<meta property=\"article:modified_time\" content=\"2025-04-04T11:36:34+00:00\" \/>\n<meta property=\"og:image\" content=\"https:\/\/v2charge.com\/wp-content\/uploads\/2024\/09\/subvencion-cargador-coche-electrico.jpg\" \/>\n\t<meta property=\"og:image:width\" content=\"960\" \/>\n\t<meta property=\"og:image:height\" content=\"560\" \/>\n\t<meta property=\"og:image:type\" content=\"image\/jpeg\" \/>\n<meta name=\"author\" content=\"V2C\" \/>\n<meta name=\"twitter:card\" content=\"summary_large_image\" \/>\n<meta name=\"twitter:creator\" content=\"@V2C_Charge\" \/>\n<meta name=\"twitter:site\" content=\"@V2C_Charge\" \/>\n<meta name=\"twitter:label1\" content=\"Escrit per\" \/>\n\t<meta name=\"twitter:data1\" content=\"V2C\" \/>\n\t<meta name=\"twitter:label2\" content=\"Temps estimat de lectura\" \/>\n\t<meta name=\"twitter:data2\" content=\"8 minuts\" \/>\n<script type=\"application\/ld+json\" class=\"yoast-schema-graph\">{\"@context\":\"https:\/\/schema.org\",\"@graph\":[{\"@type\":\"Article\",\"@id\":\"https:\/\/v2charge.com\/ca\/subvencion-cargador-coche-electrico-cat\/#article\",\"isPartOf\":{\"@id\":\"https:\/\/v2charge.com\/ca\/subvencion-cargador-coche-electrico-cat\/\"},\"author\":{\"name\":\"V2C\",\"@id\":\"https:\/\/v2charge.com\/ca\/#\/schema\/person\/d6f210a94a856acdddec347b2127fd0f\"},\"headline\":\"La subvenci\u00f3 per a la instal\u00b7laci\u00f3 d&#8217;un carregador de cotxe el\u00e8ctric: Tot el que necessites saber\",\"datePublished\":\"2024-09-30T08:00:00+00:00\",\"dateModified\":\"2025-04-04T11:36:34+00:00\",\"mainEntityOfPage\":{\"@id\":\"https:\/\/v2charge.com\/ca\/subvencion-cargador-coche-electrico-cat\/\"},\"wordCount\":1517,\"publisher\":{\"@id\":\"https:\/\/v2charge.com\/ca\/#organization\"},\"image\":{\"@id\":\"https:\/\/v2charge.com\/ca\/subvencion-cargador-coche-electrico-cat\/#primaryimage\"},\"thumbnailUrl\":\"https:\/\/v2charge.com\/wp-content\/uploads\/2024\/09\/subvencion-cargador-coche-electrico.jpg\",\"inLanguage\":\"ca\"},{\"@type\":\"WebPage\",\"@id\":\"https:\/\/v2charge.com\/ca\/subvencion-cargador-coche-electrico-cat\/\",\"url\":\"https:\/\/v2charge.com\/ca\/subvencion-cargador-coche-electrico-cat\/\",\"name\":\"Subvenci\u00f3 per a la instal\u00b7laci\u00f3 d'un carregador de cotxe el\u00e8ctric\",\"isPartOf\":{\"@id\":\"https:\/\/v2charge.com\/ca\/#website\"},\"primaryImageOfPage\":{\"@id\":\"https:\/\/v2charge.com\/ca\/subvencion-cargador-coche-electrico-cat\/#primaryimage\"},\"image\":{\"@id\":\"https:\/\/v2charge.com\/ca\/subvencion-cargador-coche-electrico-cat\/#primaryimage\"},\"thumbnailUrl\":\"https:\/\/v2charge.com\/wp-content\/uploads\/2024\/09\/subvencion-cargador-coche-electrico.jpg\",\"datePublished\":\"2024-09-30T08:00:00+00:00\",\"dateModified\":\"2025-04-04T11:36:34+00:00\",\"description\":\"Descobreix com obtenir una subvenci\u00f3 per a la instal\u00b7laci\u00f3 d'un carregador de cotxe el\u00e8ctric. Estalvia fins al 80% en la teva instal\u00b7laci\u00f3!\",\"breadcrumb\":{\"@id\":\"https:\/\/v2charge.com\/ca\/subvencion-cargador-coche-electrico-cat\/#breadcrumb\"},\"inLanguage\":\"ca\",\"potentialAction\":[{\"@type\":\"ReadAction\",\"target\":[\"https:\/\/v2charge.com\/ca\/subvencion-cargador-coche-electrico-cat\/\"]}]},{\"@type\":\"ImageObject\",\"inLanguage\":\"ca\",\"@id\":\"https:\/\/v2charge.com\/ca\/subvencion-cargador-coche-electrico-cat\/#primaryimage\",\"url\":\"https:\/\/v2charge.com\/wp-content\/uploads\/2024\/09\/subvencion-cargador-coche-electrico.jpg\",\"contentUrl\":\"https:\/\/v2charge.com\/wp-content\/uploads\/2024\/09\/subvencion-cargador-coche-electrico.jpg\",\"width\":960,\"height\":560,\"caption\":\"subvenci\u00f3n para la instalaci\u00f3n de un cargador de coche el\u00e9ctrico\"},{\"@type\":\"BreadcrumbList\",\"@id\":\"https:\/\/v2charge.com\/ca\/subvencion-cargador-coche-electrico-cat\/#breadcrumb\",\"itemListElement\":[{\"@type\":\"ListItem\",\"position\":1,\"name\":\"V2C\",\"item\":\"https:\/\/v2charge.com\/ca\/\"},{\"@type\":\"ListItem\",\"position\":2,\"name\":\"Sin categor\u00eda\",\"item\":\"https:\/\/v2charge.com\/sl\/sin-categoria\/\"},{\"@type\":\"ListItem\",\"position\":3,\"name\":\"Actualidad\",\"item\":\"https:\/\/v2charge.com\/es\/e-mobility\/actualidad\/\"},{\"@type\":\"ListItem\",\"position\":4,\"name\":\"La subvenci\u00f3 per a la instal\u00b7laci\u00f3 d&#8217;un carregador de cotxe el\u00e8ctric: Tot el que necessites saber\"}]},{\"@type\":\"WebSite\",\"@id\":\"https:\/\/v2charge.com\/ca\/#website\",\"url\":\"https:\/\/v2charge.com\/ca\/\",\"name\":\"V2C\",\"description\":\"#CargandoElMa\u00f1ana\",\"publisher\":{\"@id\":\"https:\/\/v2charge.com\/ca\/#organization\"},\"potentialAction\":[{\"@type\":\"SearchAction\",\"target\":{\"@type\":\"EntryPoint\",\"urlTemplate\":\"https:\/\/v2charge.com\/ca\/?s={search_term_string}\"},\"query-input\":{\"@type\":\"PropertyValueSpecification\",\"valueRequired\":true,\"valueName\":\"search_term_string\"}}],\"inLanguage\":\"ca\"},{\"@type\":\"Organization\",\"@id\":\"https:\/\/v2charge.com\/ca\/#organization\",\"name\":\"V2C\",\"url\":\"https:\/\/v2charge.com\/ca\/\",\"logo\":{\"@type\":\"ImageObject\",\"inLanguage\":\"ca\",\"@id\":\"https:\/\/v2charge.com\/ca\/#\/schema\/logo\/image\/\",\"url\":\"https:\/\/v2charge.com\/wp-content\/uploads\/2024\/11\/cropped-v2c-charge-logo-menu.png\",\"contentUrl\":\"https:\/\/v2charge.com\/wp-content\/uploads\/2024\/11\/cropped-v2c-charge-logo-menu.png\",\"width\":984,\"height\":431,\"caption\":\"V2C\"},\"image\":{\"@id\":\"https:\/\/v2charge.com\/ca\/#\/schema\/logo\/image\/\"},\"sameAs\":[\"https:\/\/www.facebook.com\/V2C.Charge\",\"https:\/\/x.com\/V2C_Charge\",\"https:\/\/www.instagram.com\/v2c.charge\/\",\"https:\/\/www.youtube.com\/@V2C\",\"https:\/\/www.linkedin.com\/company\/v2c-chargers\/\"]},{\"@type\":\"Person\",\"@id\":\"https:\/\/v2charge.com\/ca\/#\/schema\/person\/d6f210a94a856acdddec347b2127fd0f\",\"name\":\"V2C\",\"image\":{\"@type\":\"ImageObject\",\"inLanguage\":\"ca\",\"@id\":\"https:\/\/v2charge.com\/ca\/#\/schema\/person\/image\/\",\"url\":\"https:\/\/secure.gravatar.com\/avatar\/a91128c4c0d2f4d63bd586301fdec6cc9aa49c885839b25d1c62700f529f267c?s=96&d=mm&r=g\",\"contentUrl\":\"https:\/\/secure.gravatar.com\/avatar\/a91128c4c0d2f4d63bd586301fdec6cc9aa49c885839b25d1c62700f529f267c?s=96&d=mm&r=g\",\"caption\":\"V2C\"}}]}<\/script>\n<!-- \/ Yoast SEO plugin. -->","yoast_head_json":{"title":"Subvenci\u00f3 per a la instal\u00b7laci\u00f3 d'un carregador de cotxe el\u00e8ctric","description":"Descobreix com obtenir una subvenci\u00f3 per a la instal\u00b7laci\u00f3 d'un carregador de cotxe el\u00e8ctric. Estalvia fins al 80% en la teva instal\u00b7laci\u00f3!","robots":{"index":"index","follow":"follow","max-snippet":"max-snippet:-1","max-image-preview":"max-image-preview:large","max-video-preview":"max-video-preview:-1"},"canonical":"https:\/\/v2charge.com\/ca\/subvencion-cargador-coche-electrico-cat\/","og_locale":"ca_ES","og_type":"article","og_title":"Subvenci\u00f3 per a la instal\u00b7laci\u00f3 d'un carregador de cotxe el\u00e8ctric","og_description":"Descobreix com obtenir una subvenci\u00f3 per a la instal\u00b7laci\u00f3 d'un carregador de cotxe el\u00e8ctric. Estalvia fins al 80% en la teva instal\u00b7laci\u00f3!","og_url":"https:\/\/v2charge.com\/ca\/subvencion-cargador-coche-electrico-cat\/","og_site_name":"V2C","article_publisher":"https:\/\/www.facebook.com\/V2C.Charge","article_published_time":"2024-09-30T08:00:00+00:00","article_modified_time":"2025-04-04T11:36:34+00:00","og_image":[{"width":960,"height":560,"url":"https:\/\/v2charge.com\/wp-content\/uploads\/2024\/09\/subvencion-cargador-coche-electrico.jpg","type":"image\/jpeg"}],"author":"V2C","twitter_card":"summary_large_image","twitter_creator":"@V2C_Charge","twitter_site":"@V2C_Charge","twitter_misc":{"Escrit per":"V2C","Temps estimat de lectura":"8 minuts"},"schema":{"@context":"https:\/\/schema.org","@graph":[{"@type":"Article","@id":"https:\/\/v2charge.com\/ca\/subvencion-cargador-coche-electrico-cat\/#article","isPartOf":{"@id":"https:\/\/v2charge.com\/ca\/subvencion-cargador-coche-electrico-cat\/"},"author":{"name":"V2C","@id":"https:\/\/v2charge.com\/ca\/#\/schema\/person\/d6f210a94a856acdddec347b2127fd0f"},"headline":"La subvenci\u00f3 per a la instal\u00b7laci\u00f3 d&#8217;un carregador de cotxe el\u00e8ctric: Tot el que necessites saber","datePublished":"2024-09-30T08:00:00+00:00","dateModified":"2025-04-04T11:36:34+00:00","mainEntityOfPage":{"@id":"https:\/\/v2charge.com\/ca\/subvencion-cargador-coche-electrico-cat\/"},"wordCount":1517,"publisher":{"@id":"https:\/\/v2charge.com\/ca\/#organization"},"image":{"@id":"https:\/\/v2charge.com\/ca\/subvencion-cargador-coche-electrico-cat\/#primaryimage"},"thumbnailUrl":"https:\/\/v2charge.com\/wp-content\/uploads\/2024\/09\/subvencion-cargador-coche-electrico.jpg","inLanguage":"ca"},{"@type":"WebPage","@id":"https:\/\/v2charge.com\/ca\/subvencion-cargador-coche-electrico-cat\/","url":"https:\/\/v2charge.com\/ca\/subvencion-cargador-coche-electrico-cat\/","name":"Subvenci\u00f3 per a la instal\u00b7laci\u00f3 d'un carregador de cotxe el\u00e8ctric","isPartOf":{"@id":"https:\/\/v2charge.com\/ca\/#website"},"primaryImageOfPage":{"@id":"https:\/\/v2charge.com\/ca\/subvencion-cargador-coche-electrico-cat\/#primaryimage"},"image":{"@id":"https:\/\/v2charge.com\/ca\/subvencion-cargador-coche-electrico-cat\/#primaryimage"},"thumbnailUrl":"https:\/\/v2charge.com\/wp-content\/uploads\/2024\/09\/subvencion-cargador-coche-electrico.jpg","datePublished":"2024-09-30T08:00:00+00:00","dateModified":"2025-04-04T11:36:34+00:00","description":"Descobreix com obtenir una subvenci\u00f3 per a la instal\u00b7laci\u00f3 d'un carregador de cotxe el\u00e8ctric. Estalvia fins al 80% en la teva instal\u00b7laci\u00f3!","breadcrumb":{"@id":"https:\/\/v2charge.com\/ca\/subvencion-cargador-coche-electrico-cat\/#breadcrumb"},"inLanguage":"ca","potentialAction":[{"@type":"ReadAction","target":["https:\/\/v2charge.com\/ca\/subvencion-cargador-coche-electrico-cat\/"]}]},{"@type":"ImageObject","inLanguage":"ca","@id":"https:\/\/v2charge.com\/ca\/subvencion-cargador-coche-electrico-cat\/#primaryimage","url":"https:\/\/v2charge.com\/wp-content\/uploads\/2024\/09\/subvencion-cargador-coche-electrico.jpg","contentUrl":"https:\/\/v2charge.com\/wp-content\/uploads\/2024\/09\/subvencion-cargador-coche-electrico.jpg","width":960,"height":560,"caption":"subvenci\u00f3n para la instalaci\u00f3n de un cargador de coche el\u00e9ctrico"},{"@type":"BreadcrumbList","@id":"https:\/\/v2charge.com\/ca\/subvencion-cargador-coche-electrico-cat\/#breadcrumb","itemListElement":[{"@type":"ListItem","position":1,"name":"V2C","item":"https:\/\/v2charge.com\/ca\/"},{"@type":"ListItem","position":2,"name":"Sin categor\u00eda","item":"https:\/\/v2charge.com\/sl\/sin-categoria\/"},{"@type":"ListItem","position":3,"name":"Actualidad","item":"https:\/\/v2charge.com\/es\/e-mobility\/actualidad\/"},{"@type":"ListItem","position":4,"name":"La subvenci\u00f3 per a la instal\u00b7laci\u00f3 d&#8217;un carregador de cotxe el\u00e8ctric: Tot el que necessites saber"}]},{"@type":"WebSite","@id":"https:\/\/v2charge.com\/ca\/#website","url":"https:\/\/v2charge.com\/ca\/","name":"V2C","description":"#CargandoElMa\u00f1ana","publisher":{"@id":"https:\/\/v2charge.com\/ca\/#organization"},"potentialAction":[{"@type":"SearchAction","target":{"@type":"EntryPoint","urlTemplate":"https:\/\/v2charge.com\/ca\/?s={search_term_string}"},"query-input":{"@type":"PropertyValueSpecification","valueRequired":true,"valueName":"search_term_string"}}],"inLanguage":"ca"},{"@type":"Organization","@id":"https:\/\/v2charge.com\/ca\/#organization","name":"V2C","url":"https:\/\/v2charge.com\/ca\/","logo":{"@type":"ImageObject","inLanguage":"ca","@id":"https:\/\/v2charge.com\/ca\/#\/schema\/logo\/image\/","url":"https:\/\/v2charge.com\/wp-content\/uploads\/2024\/11\/cropped-v2c-charge-logo-menu.png","contentUrl":"https:\/\/v2charge.com\/wp-content\/uploads\/2024\/11\/cropped-v2c-charge-logo-menu.png","width":984,"height":431,"caption":"V2C"},"image":{"@id":"https:\/\/v2charge.com\/ca\/#\/schema\/logo\/image\/"},"sameAs":["https:\/\/www.facebook.com\/V2C.Charge","https:\/\/x.com\/V2C_Charge","https:\/\/www.instagram.com\/v2c.charge\/","https:\/\/www.youtube.com\/@V2C","https:\/\/www.linkedin.com\/company\/v2c-chargers\/"]},{"@type":"Person","@id":"https:\/\/v2charge.com\/ca\/#\/schema\/person\/d6f210a94a856acdddec347b2127fd0f","name":"V2C","image":{"@type":"ImageObject","inLanguage":"ca","@id":"https:\/\/v2charge.com\/ca\/#\/schema\/person\/image\/","url":"https:\/\/secure.gravatar.com\/avatar\/a91128c4c0d2f4d63bd586301fdec6cc9aa49c885839b25d1c62700f529f267c?s=96&d=mm&r=g","contentUrl":"https:\/\/secure.gravatar.com\/avatar\/a91128c4c0d2f4d63bd586301fdec6cc9aa49c885839b25d1c62700f529f267c?s=96&d=mm&r=g","caption":"V2C"}}]}},"uagb_featured_image_src":{"full":["https:\/\/v2charge.com\/wp-content\/uploads\/2024\/09\/subvencion-cargador-coche-electrico.jpg",960,560,false],"thumbnail":["https:\/\/v2charge.com\/wp-content\/uploads\/2024\/09\/subvencion-cargador-coche-electrico-150x150.jpg",150,150,true],"medium":["https:\/\/v2charge.com\/wp-content\/uploads\/2024\/09\/subvencion-cargador-coche-electrico-300x175.jpg",300,175,true],"medium_large":["https:\/\/v2charge.com\/wp-content\/uploads\/2024\/09\/subvencion-cargador-coche-electrico-768x448.jpg",768,448,true],"large":["https:\/\/v2charge.com\/wp-content\/uploads\/2024\/09\/subvencion-cargador-coche-electrico.jpg",960,560,false],"gs-tiny":["https:\/\/v2charge.com\/wp-content\/uploads\/2024\/09\/subvencion-cargador-coche-electrico.jpg",50,29,false],"xl":["https:\/\/v2charge.com\/wp-content\/uploads\/2024\/09\/subvencion-cargador-coche-electrico.jpg",960,560,false],"xxl":["https:\/\/v2charge.com\/wp-content\/uploads\/2024\/09\/subvencion-cargador-coche-electrico.jpg",960,560,false],"xxxl":["https:\/\/v2charge.com\/wp-content\/uploads\/2024\/09\/subvencion-cargador-coche-electrico.jpg",960,560,false],"xxxxl":["https:\/\/v2charge.com\/wp-content\/uploads\/2024\/09\/subvencion-cargador-coche-electrico.jpg",960,560,false],"xxxxxl":["https:\/\/v2charge.com\/wp-content\/uploads\/2024\/09\/subvencion-cargador-coche-electrico.jpg",960,560,false],"1536x1536":["https:\/\/v2charge.com\/wp-content\/uploads\/2024\/09\/subvencion-cargador-coche-electrico.jpg",960,560,false],"2048x2048":["https:\/\/v2charge.com\/wp-content\/uploads\/2024\/09\/subvencion-cargador-coche-electrico.jpg",960,560,false]},"uagb_author_info":{"display_name":"V2C","author_link":"https:\/\/v2charge.com\/ca\/author\/marketing\/"},"uagb_comment_info":0,"uagb_excerpt":"El mercat dels cotxes el\u00e8ctrics est\u00e0 creixent r\u00e0pidament a Espanya. El 2022, les matriculacions de vehicles el\u00e8ctrics van augmentar un 57%, una senyal clara de l&#8217;impuls cap a una mobilitat m\u00e9s sostenible. Aquest creixement porta amb si noves necessitats, com la millora de la infraestructura de c\u00e0rrega a Espanya i la instal\u00b7laci\u00f3 de carregadors de&hellip;","_links":{"self":[{"href":"https:\/\/v2charge.com\/ca\/wp-json\/wp\/v2\/posts\/310284","targetHints":{"allow":["GET"]}}],"collection":[{"href":"https:\/\/v2charge.com\/ca\/wp-json\/wp\/v2\/posts"}],"about":[{"href":"https:\/\/v2charge.com\/ca\/wp-json\/wp\/v2\/types\/post"}],"author":[{"embeddable":true,"href":"https:\/\/v2charge.com\/ca\/wp-json\/wp\/v2\/users\/400"}],"replies":[{"embeddable":true,"href":"https:\/\/v2charge.com\/ca\/wp-json\/wp\/v2\/comments?post=310284"}],"version-history":[{"count":0,"href":"https:\/\/v2charge.com\/ca\/wp-json\/wp\/v2\/posts\/310284\/revisions"}],"wp:featuredmedia":[{"embeddable":true,"href":"https:\/\/v2charge.com\/ca\/wp-json\/wp\/v2\/media\/178908"}],"wp:attachment":[{"href":"https:\/\/v2charge.com\/ca\/wp-json\/wp\/v2\/media?parent=310284"}],"wp:term":[{"taxonomy":"category","embeddable":true,"href":"https:\/\/v2charge.com\/ca\/wp-json\/wp\/v2\/categories?post=310284"},{"taxonomy":"post_tag","embeddable":true,"href":"https:\/\/v2charge.com\/ca\/wp-json\/wp\/v2\/tags?post=310284"}],"curies":[{"name":"wp","href":"https:\/\/api.w.org\/{rel}","templated":true}]}}