{"id":310286,"date":"2024-09-19T10:30:00","date_gmt":"2024-09-19T08:30:00","guid":{"rendered":""},"modified":"2024-09-19T12:28:14","modified_gmt":"2024-09-19T10:28:14","slug":"el-tesla-model-x-la-joia-tecnologica-dels-suv-electrics","status":"publish","type":"post","link":"https:\/\/v2charge.com\/ca\/el-tesla-model-x-la-joia-tecnologica-dels-suv-electrics\/","title":{"rendered":"El Tesla Model X: la joia tecnol\u00f2gica dels SUV el\u00e8ctrics"},"content":{"rendered":"<p>El Tesla Model X s&#8217;ha convertit en <strong>un referent dins del segment dels SUV el\u00e8ctrics.<\/strong> Aquest vehicle destaca pel seu imponent disseny i les seves altes prestacions, a m\u00e9s de per la seva tecnologia avan\u00e7ada que incorpora. Tesla ha sabut posicionar-se com un dels fabricants m\u00e9s innovadors del m\u00f3n, i el Model X n&#8217;\u00e9s prova.<\/p>\n<h2>Caracter\u00edstiques de pel\u00b7l\u00edcula, el Tesla Model X el 2024<\/h2>\n<p>Una de les caracter\u00edstiques que converteix el Tesla Model X en un vehicle tan especial \u00e9s la seva <strong>capacitat de<\/strong>&nbsp;<strong>rec\u00f3rrer entre 585 i 625 km amb una sola c\u00e0rrega<\/strong>, cosa que el situa al capdavant dels vehicles el\u00e8ctrics en termes d&#8217;autonomia. Amb una <strong>acceleraci\u00f3 de 0 a 100 km\/h en nom\u00e9s 2,6 segons<\/strong> en la seva versi\u00f3 m\u00e9s potent, el Tesla Model X \u00e9s un cotxe r\u00e0pid, eficient i respectu\u00f3s amb el medi ambient. A m\u00e9s, amb el seu ampli espai interior i les opcions de <strong>configuraci\u00f3 de 5, 6 o 7 places<\/strong>, <strong>\u00e9s ideal tant per a fam\u00edlies com per a aquells que busquen un SUV premium<\/strong>.<\/p>\n<p><img decoding=\"async\" class=\"alignnone size-full wp-image-179002\" src=\"https:\/\/v2charge.com\/wp-content\/uploads\/2024\/09\/tesla-model-x-precio.jpg\" alt=\"Tesla Model X Preu Espanya\" width=\"960\" height=\"560\" srcset=\"https:\/\/v2charge.com\/wp-content\/uploads\/2024\/09\/tesla-model-x-precio.jpg 960w, https:\/\/v2charge.com\/wp-content\/uploads\/2024\/09\/tesla-model-x-precio-300x175.jpg 300w, https:\/\/v2charge.com\/wp-content\/uploads\/2024\/09\/tesla-model-x-precio-768x448.jpg 768w\" sizes=\"(max-width: 960px) 100vw, 960px\" \/><\/p>\n<h2>Preu del Tesla Model X a Espanya<\/h2>\n<p>El Tesla Model X t\u00e9 un <strong>preu de sortida que ronda els 100.970 \u20ac<\/strong>, una inversi\u00f3 considerable, per\u00f2 justificada per les prestacions i caracter\u00edstiques que ofereix aquest SUV de luxe. El cost pot augmentar depenent de les versions i configuracions addicionals que es tri\u00efn. Malgrat el seu preu elevat, les opinions d&#8217;experts coincideixen que el vehicle val cada euro per la tecnologia i el rendiment que ofereix.<\/p>\n<h3>Preu del Tesla Model X de segona m\u00e0 des de 50.000 \u20ac<\/h3>\n<p>Pots disposar d&#8217;aquest lux\u00f3s <strong>model d&#8217;ocasi\u00f3 o de segona m\u00e0 des de 50.000 \u20ac<\/strong>, una inversi\u00f3 interessant per a un dels cotxes el\u00e8ctrics m\u00e9s atractius del mercat.<\/p>\n<h2>Les opinions sobre el Tesla Model X<\/h2>\n<p>Pel que fa a la valoraci\u00f3 general, el Tesla Model X <strong>ha obtingut molt reconeixement en plataformes d&#8217;opini\u00f3 de cotxes<\/strong>, destacant per la seva r\u00e0pida acceleraci\u00f3, ampli espai interior i maleter, i una impressionant dotaci\u00f3 tecnol\u00f2gica. No obstant aix\u00f2, <strong>tamb\u00e9 s&#8217;ha assenyalat que t\u00e9 un preu elevat<\/strong> <strong>i que la capacitat off-road \u00e9s limitada<\/strong>, cosa que pot ser un inconvenient per a alguns usuaris.<\/p>\n<h2>Interior i maleter del Tesla Model X<\/h2>\n<p>Un dels aspectes m\u00e9s destacats del<strong> Tesla Model X \u00e9s el seu interior.<\/strong> Gr\u00e0cies a les seves grans dimensions <em>(5.057 mm de llarg, 1.999 mm d&#8217;ample i 1.684 mm d&#8217;alt)<\/em>, l&#8217;espai dins de l&#8217;habitacle \u00e9s gener\u00f3s. El maleter posterior ofereix una capacitat de 357 litres amb tots els seients en \u00fas, i pot arribar als 2.166 litres si es pleguen els seients posteriors. A m\u00e9s, compta amb un maleter davanter de 187 litres, la qual cosa proporciona un espai addicional per emmagatzemar objectes.<\/p>\n<p>El interior est\u00e0 dissenyat pensant en el confort i la funcionalitat. El <strong>Tesla Model X permet una configuraci\u00f3 flexible<\/strong>, <strong>podent optar per 5, 6 o 7 places<\/strong> segons les necessitats del conductor. La seva disposici\u00f3 intel\u00b7ligent de l&#8217;espai el converteix en un vehicle vers\u00e0til i pr\u00e0ctic per al dia a dia o llargs viatges.<\/p>\n<p><img decoding=\"async\" class=\"alignnone size-full wp-image-179012\" src=\"https:\/\/v2charge.com\/wp-content\/uploads\/2024\/09\/tesla-model-x-precio-europe.jpg\" alt=\"Tesla Model X Preu Espanya\" width=\"960\" height=\"560\" srcset=\"https:\/\/v2charge.com\/wp-content\/uploads\/2024\/09\/tesla-model-x-precio-europe.jpg 960w, https:\/\/v2charge.com\/wp-content\/uploads\/2024\/09\/tesla-model-x-precio-europe-300x175.jpg 300w, https:\/\/v2charge.com\/wp-content\/uploads\/2024\/09\/tesla-model-x-precio-europe-768x448.jpg 768w\" sizes=\"(max-width: 960px) 100vw, 960px\" \/><\/p>\n<h2>Mesures i acabats del Tesla Model X<\/h2>\n<p>Les mesures del Tesla Model X reflecteixen l&#8217;amplitud d&#8217;aquest SUV. <strong>Amb m\u00e9s de 5 metres de llarg i prop de 2 metres d&#8217;ample<\/strong>, \u00e9s un vehicle que imposa a la carretera. El seu disseny \u00e9s elegant i aerodin\u00e0mic, amb acabats d&#8217;alta qualitat que destaquen tant a l&#8217;exterior com a l&#8217;interior. Tesla ha millorat notablement la qualitat dels materials en els darrers anys, i aix\u00f2 es reflecteix en el confort i luxe que ofereix el Model X.<\/p>\n<p>A m\u00e9s, el Tesla Model X ofereix una s\u00e8rie de colors que permeten al conductor <strong>personalitzar el seu vehicle<\/strong> al seu gust. Les opcions van des del <strong>cl\u00e0ssic negre fins a tons m\u00e9s cridaners com el blanc perla o el vermell multicapa<\/strong>. Les rodes tamb\u00e9 s\u00f3n personalitzables, amb mides que oscil\u00b7len entre les <strong>20 i les 22 polzades<\/strong>, la qual cosa afegeix un toc personal al disseny exterior del vehicle.<\/p>\n<h2>El Tesla Model X a prova<\/h2>\n<p>En la<strong> p\u00e0gina web de Tesla i altres canals oficials, pots trobar diversos v\u00eddeos que mostren el rendiment i caracter\u00edstiques del Tesla Model X<\/strong>. Veure el cotxe en acci\u00f3 \u00e9s una excel\u00b7lent manera d&#8217;apreciar la seva acceleraci\u00f3, maniobrabilitat i la tecnologia d&#8217;avantguarda que el caracteritza. <strong>Tesla ha invertit en tecnologia d&#8217;entreteniment i visualitzaci\u00f3<\/strong> per permetre que els usuaris tinguin acc\u00e9s a totes les funcions del cotxe de manera intu\u00eftiva.<\/p>\n<p><img decoding=\"async\" class=\"alignnone size-full wp-image-179032\" src=\"https:\/\/v2charge.com\/wp-content\/uploads\/2024\/09\/tesla-model-x-interior.jpg\" alt=\"Tesla Model X Preu Espanya\" width=\"960\" height=\"560\" srcset=\"https:\/\/v2charge.com\/wp-content\/uploads\/2024\/09\/tesla-model-x-interior.jpg 960w, https:\/\/v2charge.com\/wp-content\/uploads\/2024\/09\/tesla-model-x-interior-300x175.jpg 300w, https:\/\/v2charge.com\/wp-content\/uploads\/2024\/09\/tesla-model-x-interior-768x448.jpg 768w\" sizes=\"(max-width: 960px) 100vw, 960px\" \/><\/p>\n<p><strong>Quan es tracta de l&#8217;experi\u00e8ncia de conducci\u00f3, el Tesla Model X no decepciona<\/strong>. El seu sistema de tracci\u00f3 total i els seus motors el\u00e8ctrics, que en la seva versi\u00f3 m\u00e9s potent (<strong>Plaid<\/strong>) arriben als 1.020 CV, ofereixen una conducci\u00f3 suau i sense esfor\u00e7. El vehicle \u00e9s <strong>capaz d&#8217;accelerar de 0 a 100 km\/h en nom\u00e9s 2,6 segons<\/strong>, cosa que el converteix en un dels SUV m\u00e9s r\u00e0pids del mercat.<\/p>\n<p>A m\u00e9s, la seva suspensi\u00f3 pneum\u00e0tica adaptativa permet ajustar l&#8217;altura del vehicle en funci\u00f3 de les condicions del terreny, proporcionant una major estabilitat i confort durant la conducci\u00f3. No obstant aix\u00f2, <strong>un dels aspectes que m\u00e9s valoren els conductors del Model X \u00e9s el seu sistema d&#8217;assist\u00e8ncia de conducci\u00f3 &#8220;Autopilot&#8221;<\/strong>, que ajuda a mantenir el cotxe en el seu carril, adaptar la velocitat i frenar autom\u00e0ticament quan \u00e9s necessari.<\/p>\n<h2>Quins motors t\u00e9 el Tesla Model X?<\/h2>\n<p>El Tesla Model X ofereix dues versions: <strong>Gran Autonomia i Plaid<\/strong>. La versi\u00f3 de Gran Autonomia compta amb dos motors el\u00e8ctrics que generen una <strong>pot\u00e8ncia combinada de 670 CV<\/strong>.<strong> Acelera de 0 a 100 km\/h en 3,9 segons<\/strong> i t\u00e9 una <strong>velocitat m\u00e0xima de 250 km\/h<\/strong>.<\/p>\n<p>Per la seva banda, la <strong>versi\u00f3 Plaid<\/strong> \u00e9s encara m\u00e9s impressionant, amb <strong>tres motors el\u00e8ctrics que arriben als 1.020 CV<\/strong>, permetent-li accelerar de<strong> 0 a 100 km\/h en nom\u00e9s 2,6 segons<\/strong> i assolir una <strong>velocitat de 262 km\/h<\/strong>.<\/p>\n<p>Totes dues versions estan equipades amb tracci\u00f3 total, la qual cosa assegura una experi\u00e8ncia de conducci\u00f3 segura i eficient, fins i tot en condicions clim\u00e0tiques adverses. A m\u00e9s, el Tesla Model X \u00e9s capa\u00e7 de desactivar un dels motors per optimitzar el consum d&#8217;energia quan no es requereix tota la pot\u00e8ncia.<\/p>\n<p><img decoding=\"async\" class=\"alignnone size-full wp-image-179022\" src=\"https:\/\/v2charge.com\/wp-content\/uploads\/2024\/09\/tesla-model-x-wheels.jpg\" alt=\"Tesla Model X Preu Espanya\" width=\"960\" height=\"560\" srcset=\"https:\/\/v2charge.com\/wp-content\/uploads\/2024\/09\/tesla-model-x-wheels.jpg 960w, https:\/\/v2charge.com\/wp-content\/uploads\/2024\/09\/tesla-model-x-wheels-300x175.jpg 300w, https:\/\/v2charge.com\/wp-content\/uploads\/2024\/09\/tesla-model-x-wheels-768x448.jpg 768w\" sizes=\"(max-width: 960px) 100vw, 960px\" \/><\/p>\n<h2>Autonomia i c\u00e0rrega del Tesla Model X<\/h2>\n<p>La bateria del Tesla Model X t\u00e9 <strong>una capacitat de 100 kWh<\/strong>, la qual cosa <strong>li permet rec\u00f3rrer entre 547 i 625 km amb una sola c\u00e0rrega<\/strong>, depenent de la versi\u00f3. En termes de rec\u00e0rrega, el vehicle \u00e9s compatible amb els Supercarregadors de Tesla. A m\u00e9s, a V2C els nostres carregadors estan dissenyats perqu\u00e8 puguis carregar el teu Tesla Model X de manera r\u00e0pida i eficient a casa. Dissenyats i fabricats a Espanya amb la darrera tecnologia, assegurant una c\u00e0rrega segura i r\u00e0pida perqu\u00e8 el teu cotxe estigui sempre llest per a la carretera.<\/p>\n<h2>Instal\u00b7laci\u00f3 de punts de rec\u00e0rrega per al Tesla Model X<\/h2>\n<p>En <strong>V2C comptem amb una xarxa de <a href=\"https:\/\/v2charge.com\/ca\/troba-instalador\/\">instal\u00b7ladors professionals de carregadors de cotxe<\/a><\/strong>, que t&#8217;ajudaran a instal\u00b7lar el punt de rec\u00e0rrega perfecte per al teu Tesla Model X a casa o a la teva empresa. La nostra tecnologia garanteix que el proc\u00e9s de c\u00e0rrega sigui eficient i segur, adaptant-se a les necessitats espec\u00edfiques del teu vehicle.<\/p>\n<h2>El lux\u00f3s SUV familiar de Tesla, el Tesla Model X perfecte per a qualsevol situaci\u00f3<\/h2>\n<p>El <strong>Tesla Model X \u00e9s una veritable joia tecnol\u00f2gica que redefineix el que significa conduir un SUV el\u00e8ctric<\/strong>. Amb la seva impressionant autonomia, prestacions d&#8217;alt nivell i tecnologia d&#8217;avantguarda, \u00e9s una opci\u00f3 ideal per a aquells que busquen combinar sostenibilitat amb luxe i rendiment.<\/p>\n<p>Si ja tens o est\u00e0s pensant en adquirir un Tesla Model X, no oblidis que <strong>a V2C t&#8217;oferim la millor soluci\u00f3 de c\u00e0rrega per a la teva llar o empresa<\/strong>. Confia en els nostres instal\u00b7ladors certificats per gaudir d&#8217;una experi\u00e8ncia de c\u00e0rrega segura i eficient. Si t&#8217;interessa saber tots els detalls dels models de Tesla et recomanem la nostra&nbsp;<a href=\"https:\/\/v2charge.com\/ca\/comparacion-modelos-tesla-ca\/\"><strong>comparaci\u00f3 de Models Tesla<\/strong><\/a>.<\/p>\n<div class=\"wp-block-uagb-image uagb-block-1a18c336 wp-block-uagb-image--layout-default wp-block-uagb-image--effect-static wp-block-uagb-image--align-none uag-hide-desktop\"><figure class=\"wp-block-uagb-image__figure\"><a class=\"\" href=\"https:\/\/v2charge.com\/ca\/trydan-carregador-electric\/\" target=\"\" rel=\"noopener\"><img decoding=\"async\" srcset=\"https:\/\/v2charge.com\/wp-content\/uploads\/2024\/06\/necesitas-cargador-coche-electrico.jpg ,https:\/\/v2charge.com\/wp-content\/uploads\/2024\/06\/necesitas-cargador-coche-electrico.jpg 780w, https:\/\/v2charge.com\/wp-content\/uploads\/2024\/06\/necesitas-cargador-coche-electrico.jpg 360w\" sizes=\"auto, (max-width: 480px) 150px\" src=\"https:\/\/v2charge.com\/wp-content\/uploads\/2024\/06\/necesitas-cargador-coche-electrico.jpg\" alt=\"\u00bfNecesitas un cargador de coche el\u00e9ctrico?\" class=\"uag-image-160960\" width=\"818\" height=\"818\" title=\"necesitas-cargador-coche-electrico\" loading=\"lazy\" role=\"img\"\/><\/a><\/figure><\/div>\n\n\n\n<div class=\"wp-block-uagb-image uagb-block-60810aee wp-block-uagb-image--layout-default wp-block-uagb-image--effect-static wp-block-uagb-image--align-none uag-hide-tab uag-hide-mob\"><figure class=\"wp-block-uagb-image__figure\"><a class=\"\" href=\"https:\/\/v2charge.com\/ca\/trydan-carregador-electric\/\" target=\"\" rel=\"noopener\"><img decoding=\"async\" srcset=\"https:\/\/v2charge.com\/wp-content\/uploads\/2024\/06\/necesitas-un-cargador-coche-electrico.jpg ,https:\/\/v2charge.com\/wp-content\/uploads\/2024\/06\/necesitas-un-cargador-coche-electrico.jpg 780w, https:\/\/v2charge.com\/wp-content\/uploads\/2024\/06\/necesitas-un-cargador-coche-electrico.jpg 360w\" sizes=\"auto, (max-width: 480px) 150px\" src=\"https:\/\/v2charge.com\/wp-content\/uploads\/2024\/06\/necesitas-un-cargador-coche-electrico.jpg\" alt=\"\u00bfNecesitas un cargador de coche el\u00e9ctrico? Descubre Trydan\" class=\"uag-image-160908\" width=\"818\" height=\"248\" title=\"necesitas-un-cargador-coche-electrico\" loading=\"lazy\" role=\"img\"\/><\/a><\/figure><\/div>\n","protected":false},"excerpt":{"rendered":"<p>El Tesla Model X s&#8217;ha convertit en un referent dins del segment dels SUV el\u00e8ctrics. Aquest vehicle destaca pel seu imponent disseny i les seves altes prestacions, a m\u00e9s de per la seva tecnologia avan\u00e7ada que incorpora. Tesla ha sabut posicionar-se com un dels fabricants m\u00e9s innovadors del m\u00f3n, i el Model X n&#8217;\u00e9s prova. &#8230; <a title=\"El Tesla Model X: la joia tecnol\u00f2gica dels SUV el\u00e8ctrics\" class=\"read-more\" href=\"https:\/\/v2charge.com\/ca\/el-tesla-model-x-la-joia-tecnologica-dels-suv-electrics\/\" aria-label=\"M\u00e9s informaci\u00f3 sobre El Tesla Model X: la joia tecnol\u00f2gica dels SUV el\u00e8ctrics\">Llegiu m\u00e9s<\/a><\/p>\n","protected":false},"author":400,"featured_media":178992,"comment_status":"closed","ping_status":"closed","sticky":false,"template":"","format":"standard","meta":{"_eb_attr":"","content-type":"","_uag_custom_page_level_css":"","footnotes":""},"categories":[],"tags":[],"class_list":["post-310286","post","type-post","status-publish","format-standard","has-post-thumbnail","hentry"],"yoast_head":"<!-- This site is optimized with the Yoast SEO plugin v25.3.1 - https:\/\/yoast.com\/wordpress\/plugins\/seo\/ -->\n<title>El Tesla Model X: la joia tecnol\u00f2gica dels SUV el\u00e8ctrics<\/title>\n<meta name=\"description\" content=\"Tots els detalls del Tesla Model X Model, un SUV el\u00e8ctric amb preu, autonomia, disseny innovador i alta tecnologia.\" \/>\n<meta name=\"robots\" content=\"index, follow, max-snippet:-1, max-image-preview:large, max-video-preview:-1\" \/>\n<link rel=\"canonical\" href=\"https:\/\/v2charge.com\/ca\/el-tesla-model-x-la-joia-tecnologica-dels-suv-electrics\/\" \/>\n<meta property=\"og:locale\" content=\"ca_ES\" \/>\n<meta property=\"og:type\" content=\"article\" \/>\n<meta property=\"og:title\" content=\"El Tesla Model X: la joia tecnol\u00f2gica dels SUV el\u00e8ctrics\" \/>\n<meta property=\"og:description\" content=\"Tots els detalls del Tesla Model X Model, un SUV el\u00e8ctric amb preu, autonomia, disseny innovador i alta tecnologia.\" \/>\n<meta property=\"og:url\" content=\"https:\/\/v2charge.com\/ca\/el-tesla-model-x-la-joia-tecnologica-dels-suv-electrics\/\" \/>\n<meta property=\"og:site_name\" content=\"V2C\" \/>\n<meta property=\"article:publisher\" content=\"https:\/\/www.facebook.com\/V2C.Charge\" \/>\n<meta property=\"article:published_time\" content=\"2024-09-19T08:30:00+00:00\" \/>\n<meta property=\"article:modified_time\" content=\"2024-09-19T10:28:14+00:00\" \/>\n<meta property=\"og:image\" content=\"https:\/\/v2charge.com\/wp-content\/uploads\/2024\/09\/tesla-model-x-doors.jpg\" \/>\n\t<meta property=\"og:image:width\" content=\"960\" \/>\n\t<meta property=\"og:image:height\" content=\"560\" \/>\n\t<meta property=\"og:image:type\" content=\"image\/jpeg\" \/>\n<meta name=\"author\" content=\"V2C\" \/>\n<meta name=\"twitter:card\" content=\"summary_large_image\" \/>\n<meta name=\"twitter:creator\" content=\"@V2C_Charge\" \/>\n<meta name=\"twitter:site\" content=\"@V2C_Charge\" \/>\n<meta name=\"twitter:label1\" content=\"Escrit per\" \/>\n\t<meta name=\"twitter:data1\" content=\"V2C\" \/>\n\t<meta name=\"twitter:label2\" content=\"Temps estimat de lectura\" \/>\n\t<meta name=\"twitter:data2\" content=\"8 minuts\" \/>\n<script type=\"application\/ld+json\" class=\"yoast-schema-graph\">{\"@context\":\"https:\/\/schema.org\",\"@graph\":[{\"@type\":\"Article\",\"@id\":\"https:\/\/v2charge.com\/ca\/el-tesla-model-x-la-joia-tecnologica-dels-suv-electrics\/#article\",\"isPartOf\":{\"@id\":\"https:\/\/v2charge.com\/ca\/el-tesla-model-x-la-joia-tecnologica-dels-suv-electrics\/\"},\"author\":{\"name\":\"V2C\",\"@id\":\"https:\/\/v2charge.com\/ca\/#\/schema\/person\/d6f210a94a856acdddec347b2127fd0f\"},\"headline\":\"El Tesla Model X: la joia tecnol\u00f2gica dels SUV el\u00e8ctrics\",\"datePublished\":\"2024-09-19T08:30:00+00:00\",\"dateModified\":\"2024-09-19T10:28:14+00:00\",\"mainEntityOfPage\":{\"@id\":\"https:\/\/v2charge.com\/ca\/el-tesla-model-x-la-joia-tecnologica-dels-suv-electrics\/\"},\"wordCount\":1400,\"publisher\":{\"@id\":\"https:\/\/v2charge.com\/ca\/#organization\"},\"image\":{\"@id\":\"https:\/\/v2charge.com\/ca\/el-tesla-model-x-la-joia-tecnologica-dels-suv-electrics\/#primaryimage\"},\"thumbnailUrl\":\"https:\/\/v2charge.com\/wp-content\/uploads\/2024\/09\/tesla-model-x-doors.jpg\",\"inLanguage\":\"ca\"},{\"@type\":\"WebPage\",\"@id\":\"https:\/\/v2charge.com\/ca\/el-tesla-model-x-la-joia-tecnologica-dels-suv-electrics\/\",\"url\":\"https:\/\/v2charge.com\/ca\/el-tesla-model-x-la-joia-tecnologica-dels-suv-electrics\/\",\"name\":\"El Tesla Model X: la joia tecnol\u00f2gica dels SUV el\u00e8ctrics\",\"isPartOf\":{\"@id\":\"https:\/\/v2charge.com\/ca\/#website\"},\"primaryImageOfPage\":{\"@id\":\"https:\/\/v2charge.com\/ca\/el-tesla-model-x-la-joia-tecnologica-dels-suv-electrics\/#primaryimage\"},\"image\":{\"@id\":\"https:\/\/v2charge.com\/ca\/el-tesla-model-x-la-joia-tecnologica-dels-suv-electrics\/#primaryimage\"},\"thumbnailUrl\":\"https:\/\/v2charge.com\/wp-content\/uploads\/2024\/09\/tesla-model-x-doors.jpg\",\"datePublished\":\"2024-09-19T08:30:00+00:00\",\"dateModified\":\"2024-09-19T10:28:14+00:00\",\"description\":\"Tots els detalls del Tesla Model X Model, un SUV el\u00e8ctric amb preu, autonomia, disseny innovador i alta tecnologia.\",\"breadcrumb\":{\"@id\":\"https:\/\/v2charge.com\/ca\/el-tesla-model-x-la-joia-tecnologica-dels-suv-electrics\/#breadcrumb\"},\"inLanguage\":\"ca\",\"potentialAction\":[{\"@type\":\"ReadAction\",\"target\":[\"https:\/\/v2charge.com\/ca\/el-tesla-model-x-la-joia-tecnologica-dels-suv-electrics\/\"]}]},{\"@type\":\"ImageObject\",\"inLanguage\":\"ca\",\"@id\":\"https:\/\/v2charge.com\/ca\/el-tesla-model-x-la-joia-tecnologica-dels-suv-electrics\/#primaryimage\",\"url\":\"https:\/\/v2charge.com\/wp-content\/uploads\/2024\/09\/tesla-model-x-doors.jpg\",\"contentUrl\":\"https:\/\/v2charge.com\/wp-content\/uploads\/2024\/09\/tesla-model-x-doors.jpg\",\"width\":960,\"height\":560,\"caption\":\"Tesla Model X Precio Espa\u00f1a\"},{\"@type\":\"BreadcrumbList\",\"@id\":\"https:\/\/v2charge.com\/ca\/el-tesla-model-x-la-joia-tecnologica-dels-suv-electrics\/#breadcrumb\",\"itemListElement\":[{\"@type\":\"ListItem\",\"position\":1,\"name\":\"V2C\",\"item\":\"https:\/\/v2charge.com\/ca\/\"},{\"@type\":\"ListItem\",\"position\":2,\"name\":\"Modelos de coches\",\"item\":\"https:\/\/v2charge.com\/es\/e-mobility\/modelos-coches\/\"},{\"@type\":\"ListItem\",\"position\":3,\"name\":\"El Tesla Model X: la joia tecnol\u00f2gica dels SUV el\u00e8ctrics\"}]},{\"@type\":\"WebSite\",\"@id\":\"https:\/\/v2charge.com\/ca\/#website\",\"url\":\"https:\/\/v2charge.com\/ca\/\",\"name\":\"V2C\",\"description\":\"#CargandoElMa\u00f1ana\",\"publisher\":{\"@id\":\"https:\/\/v2charge.com\/ca\/#organization\"},\"potentialAction\":[{\"@type\":\"SearchAction\",\"target\":{\"@type\":\"EntryPoint\",\"urlTemplate\":\"https:\/\/v2charge.com\/ca\/?s={search_term_string}\"},\"query-input\":{\"@type\":\"PropertyValueSpecification\",\"valueRequired\":true,\"valueName\":\"search_term_string\"}}],\"inLanguage\":\"ca\"},{\"@type\":\"Organization\",\"@id\":\"https:\/\/v2charge.com\/ca\/#organization\",\"name\":\"V2C\",\"url\":\"https:\/\/v2charge.com\/ca\/\",\"logo\":{\"@type\":\"ImageObject\",\"inLanguage\":\"ca\",\"@id\":\"https:\/\/v2charge.com\/ca\/#\/schema\/logo\/image\/\",\"url\":\"https:\/\/v2charge.com\/wp-content\/uploads\/2024\/11\/cropped-v2c-charge-logo-menu.png\",\"contentUrl\":\"https:\/\/v2charge.com\/wp-content\/uploads\/2024\/11\/cropped-v2c-charge-logo-menu.png\",\"width\":984,\"height\":431,\"caption\":\"V2C\"},\"image\":{\"@id\":\"https:\/\/v2charge.com\/ca\/#\/schema\/logo\/image\/\"},\"sameAs\":[\"https:\/\/www.facebook.com\/V2C.Charge\",\"https:\/\/x.com\/V2C_Charge\",\"https:\/\/www.instagram.com\/v2c.charge\/\",\"https:\/\/www.youtube.com\/@V2C\",\"https:\/\/www.linkedin.com\/company\/v2c-chargers\/\"]},{\"@type\":\"Person\",\"@id\":\"https:\/\/v2charge.com\/ca\/#\/schema\/person\/d6f210a94a856acdddec347b2127fd0f\",\"name\":\"V2C\",\"image\":{\"@type\":\"ImageObject\",\"inLanguage\":\"ca\",\"@id\":\"https:\/\/v2charge.com\/ca\/#\/schema\/person\/image\/\",\"url\":\"https:\/\/secure.gravatar.com\/avatar\/a91128c4c0d2f4d63bd586301fdec6cc9aa49c885839b25d1c62700f529f267c?s=96&d=mm&r=g\",\"contentUrl\":\"https:\/\/secure.gravatar.com\/avatar\/a91128c4c0d2f4d63bd586301fdec6cc9aa49c885839b25d1c62700f529f267c?s=96&d=mm&r=g\",\"caption\":\"V2C\"}}]}<\/script>\n<!-- \/ Yoast SEO plugin. -->","yoast_head_json":{"title":"El Tesla Model X: la joia tecnol\u00f2gica dels SUV el\u00e8ctrics","description":"Tots els detalls del Tesla Model X Model, un SUV el\u00e8ctric amb preu, autonomia, disseny innovador i alta tecnologia.","robots":{"index":"index","follow":"follow","max-snippet":"max-snippet:-1","max-image-preview":"max-image-preview:large","max-video-preview":"max-video-preview:-1"},"canonical":"https:\/\/v2charge.com\/ca\/el-tesla-model-x-la-joia-tecnologica-dels-suv-electrics\/","og_locale":"ca_ES","og_type":"article","og_title":"El Tesla Model X: la joia tecnol\u00f2gica dels SUV el\u00e8ctrics","og_description":"Tots els detalls del Tesla Model X Model, un SUV el\u00e8ctric amb preu, autonomia, disseny innovador i alta tecnologia.","og_url":"https:\/\/v2charge.com\/ca\/el-tesla-model-x-la-joia-tecnologica-dels-suv-electrics\/","og_site_name":"V2C","article_publisher":"https:\/\/www.facebook.com\/V2C.Charge","article_published_time":"2024-09-19T08:30:00+00:00","article_modified_time":"2024-09-19T10:28:14+00:00","og_image":[{"width":960,"height":560,"url":"https:\/\/v2charge.com\/wp-content\/uploads\/2024\/09\/tesla-model-x-doors.jpg","type":"image\/jpeg"}],"author":"V2C","twitter_card":"summary_large_image","twitter_creator":"@V2C_Charge","twitter_site":"@V2C_Charge","twitter_misc":{"Escrit per":"V2C","Temps estimat de lectura":"8 minuts"},"schema":{"@context":"https:\/\/schema.org","@graph":[{"@type":"Article","@id":"https:\/\/v2charge.com\/ca\/el-tesla-model-x-la-joia-tecnologica-dels-suv-electrics\/#article","isPartOf":{"@id":"https:\/\/v2charge.com\/ca\/el-tesla-model-x-la-joia-tecnologica-dels-suv-electrics\/"},"author":{"name":"V2C","@id":"https:\/\/v2charge.com\/ca\/#\/schema\/person\/d6f210a94a856acdddec347b2127fd0f"},"headline":"El Tesla Model X: la joia tecnol\u00f2gica dels SUV el\u00e8ctrics","datePublished":"2024-09-19T08:30:00+00:00","dateModified":"2024-09-19T10:28:14+00:00","mainEntityOfPage":{"@id":"https:\/\/v2charge.com\/ca\/el-tesla-model-x-la-joia-tecnologica-dels-suv-electrics\/"},"wordCount":1400,"publisher":{"@id":"https:\/\/v2charge.com\/ca\/#organization"},"image":{"@id":"https:\/\/v2charge.com\/ca\/el-tesla-model-x-la-joia-tecnologica-dels-suv-electrics\/#primaryimage"},"thumbnailUrl":"https:\/\/v2charge.com\/wp-content\/uploads\/2024\/09\/tesla-model-x-doors.jpg","inLanguage":"ca"},{"@type":"WebPage","@id":"https:\/\/v2charge.com\/ca\/el-tesla-model-x-la-joia-tecnologica-dels-suv-electrics\/","url":"https:\/\/v2charge.com\/ca\/el-tesla-model-x-la-joia-tecnologica-dels-suv-electrics\/","name":"El Tesla Model X: la joia tecnol\u00f2gica dels SUV el\u00e8ctrics","isPartOf":{"@id":"https:\/\/v2charge.com\/ca\/#website"},"primaryImageOfPage":{"@id":"https:\/\/v2charge.com\/ca\/el-tesla-model-x-la-joia-tecnologica-dels-suv-electrics\/#primaryimage"},"image":{"@id":"https:\/\/v2charge.com\/ca\/el-tesla-model-x-la-joia-tecnologica-dels-suv-electrics\/#primaryimage"},"thumbnailUrl":"https:\/\/v2charge.com\/wp-content\/uploads\/2024\/09\/tesla-model-x-doors.jpg","datePublished":"2024-09-19T08:30:00+00:00","dateModified":"2024-09-19T10:28:14+00:00","description":"Tots els detalls del Tesla Model X Model, un SUV el\u00e8ctric amb preu, autonomia, disseny innovador i alta tecnologia.","breadcrumb":{"@id":"https:\/\/v2charge.com\/ca\/el-tesla-model-x-la-joia-tecnologica-dels-suv-electrics\/#breadcrumb"},"inLanguage":"ca","potentialAction":[{"@type":"ReadAction","target":["https:\/\/v2charge.com\/ca\/el-tesla-model-x-la-joia-tecnologica-dels-suv-electrics\/"]}]},{"@type":"ImageObject","inLanguage":"ca","@id":"https:\/\/v2charge.com\/ca\/el-tesla-model-x-la-joia-tecnologica-dels-suv-electrics\/#primaryimage","url":"https:\/\/v2charge.com\/wp-content\/uploads\/2024\/09\/tesla-model-x-doors.jpg","contentUrl":"https:\/\/v2charge.com\/wp-content\/uploads\/2024\/09\/tesla-model-x-doors.jpg","width":960,"height":560,"caption":"Tesla Model X Precio Espa\u00f1a"},{"@type":"BreadcrumbList","@id":"https:\/\/v2charge.com\/ca\/el-tesla-model-x-la-joia-tecnologica-dels-suv-electrics\/#breadcrumb","itemListElement":[{"@type":"ListItem","position":1,"name":"V2C","item":"https:\/\/v2charge.com\/ca\/"},{"@type":"ListItem","position":2,"name":"Modelos de coches","item":"https:\/\/v2charge.com\/es\/e-mobility\/modelos-coches\/"},{"@type":"ListItem","position":3,"name":"El Tesla Model X: la joia tecnol\u00f2gica dels SUV el\u00e8ctrics"}]},{"@type":"WebSite","@id":"https:\/\/v2charge.com\/ca\/#website","url":"https:\/\/v2charge.com\/ca\/","name":"V2C","description":"#CargandoElMa\u00f1ana","publisher":{"@id":"https:\/\/v2charge.com\/ca\/#organization"},"potentialAction":[{"@type":"SearchAction","target":{"@type":"EntryPoint","urlTemplate":"https:\/\/v2charge.com\/ca\/?s={search_term_string}"},"query-input":{"@type":"PropertyValueSpecification","valueRequired":true,"valueName":"search_term_string"}}],"inLanguage":"ca"},{"@type":"Organization","@id":"https:\/\/v2charge.com\/ca\/#organization","name":"V2C","url":"https:\/\/v2charge.com\/ca\/","logo":{"@type":"ImageObject","inLanguage":"ca","@id":"https:\/\/v2charge.com\/ca\/#\/schema\/logo\/image\/","url":"https:\/\/v2charge.com\/wp-content\/uploads\/2024\/11\/cropped-v2c-charge-logo-menu.png","contentUrl":"https:\/\/v2charge.com\/wp-content\/uploads\/2024\/11\/cropped-v2c-charge-logo-menu.png","width":984,"height":431,"caption":"V2C"},"image":{"@id":"https:\/\/v2charge.com\/ca\/#\/schema\/logo\/image\/"},"sameAs":["https:\/\/www.facebook.com\/V2C.Charge","https:\/\/x.com\/V2C_Charge","https:\/\/www.instagram.com\/v2c.charge\/","https:\/\/www.youtube.com\/@V2C","https:\/\/www.linkedin.com\/company\/v2c-chargers\/"]},{"@type":"Person","@id":"https:\/\/v2charge.com\/ca\/#\/schema\/person\/d6f210a94a856acdddec347b2127fd0f","name":"V2C","image":{"@type":"ImageObject","inLanguage":"ca","@id":"https:\/\/v2charge.com\/ca\/#\/schema\/person\/image\/","url":"https:\/\/secure.gravatar.com\/avatar\/a91128c4c0d2f4d63bd586301fdec6cc9aa49c885839b25d1c62700f529f267c?s=96&d=mm&r=g","contentUrl":"https:\/\/secure.gravatar.com\/avatar\/a91128c4c0d2f4d63bd586301fdec6cc9aa49c885839b25d1c62700f529f267c?s=96&d=mm&r=g","caption":"V2C"}}]}},"uagb_featured_image_src":{"full":["https:\/\/v2charge.com\/wp-content\/uploads\/2024\/09\/tesla-model-x-doors.jpg",960,560,false],"thumbnail":["https:\/\/v2charge.com\/wp-content\/uploads\/2024\/09\/tesla-model-x-doors-150x150.jpg",150,150,true],"medium":["https:\/\/v2charge.com\/wp-content\/uploads\/2024\/09\/tesla-model-x-doors-300x175.jpg",300,175,true],"medium_large":["https:\/\/v2charge.com\/wp-content\/uploads\/2024\/09\/tesla-model-x-doors-768x448.jpg",768,448,true],"large":["https:\/\/v2charge.com\/wp-content\/uploads\/2024\/09\/tesla-model-x-doors.jpg",960,560,false],"gs-tiny":["https:\/\/v2charge.com\/wp-content\/uploads\/2024\/09\/tesla-model-x-doors.jpg",50,29,false],"xl":["https:\/\/v2charge.com\/wp-content\/uploads\/2024\/09\/tesla-model-x-doors.jpg",960,560,false],"xxl":["https:\/\/v2charge.com\/wp-content\/uploads\/2024\/09\/tesla-model-x-doors.jpg",960,560,false],"xxxl":["https:\/\/v2charge.com\/wp-content\/uploads\/2024\/09\/tesla-model-x-doors.jpg",960,560,false],"xxxxl":["https:\/\/v2charge.com\/wp-content\/uploads\/2024\/09\/tesla-model-x-doors.jpg",960,560,false],"xxxxxl":["https:\/\/v2charge.com\/wp-content\/uploads\/2024\/09\/tesla-model-x-doors.jpg",960,560,false],"1536x1536":["https:\/\/v2charge.com\/wp-content\/uploads\/2024\/09\/tesla-model-x-doors.jpg",960,560,false],"2048x2048":["https:\/\/v2charge.com\/wp-content\/uploads\/2024\/09\/tesla-model-x-doors.jpg",960,560,false]},"uagb_author_info":{"display_name":"V2C","author_link":"https:\/\/v2charge.com\/ca\/author\/marketing\/"},"uagb_comment_info":0,"uagb_excerpt":"El Tesla Model X s&#8217;ha convertit en un referent dins del segment dels SUV el\u00e8ctrics. Aquest vehicle destaca pel seu imponent disseny i les seves altes prestacions, a m\u00e9s de per la seva tecnologia avan\u00e7ada que incorpora. Tesla ha sabut posicionar-se com un dels fabricants m\u00e9s innovadors del m\u00f3n, i el Model X n&#8217;\u00e9s prova.&hellip;","_links":{"self":[{"href":"https:\/\/v2charge.com\/ca\/wp-json\/wp\/v2\/posts\/310286","targetHints":{"allow":["GET"]}}],"collection":[{"href":"https:\/\/v2charge.com\/ca\/wp-json\/wp\/v2\/posts"}],"about":[{"href":"https:\/\/v2charge.com\/ca\/wp-json\/wp\/v2\/types\/post"}],"author":[{"embeddable":true,"href":"https:\/\/v2charge.com\/ca\/wp-json\/wp\/v2\/users\/400"}],"replies":[{"embeddable":true,"href":"https:\/\/v2charge.com\/ca\/wp-json\/wp\/v2\/comments?post=310286"}],"version-history":[{"count":0,"href":"https:\/\/v2charge.com\/ca\/wp-json\/wp\/v2\/posts\/310286\/revisions"}],"wp:featuredmedia":[{"embeddable":true,"href":"https:\/\/v2charge.com\/ca\/wp-json\/wp\/v2\/media\/178992"}],"wp:attachment":[{"href":"https:\/\/v2charge.com\/ca\/wp-json\/wp\/v2\/media?parent=310286"}],"wp:term":[{"taxonomy":"category","embeddable":true,"href":"https:\/\/v2charge.com\/ca\/wp-json\/wp\/v2\/categories?post=310286"},{"taxonomy":"post_tag","embeddable":true,"href":"https:\/\/v2charge.com\/ca\/wp-json\/wp\/v2\/tags?post=310286"}],"curies":[{"name":"wp","href":"https:\/\/api.w.org\/{rel}","templated":true}]}}