{"id":310288,"date":"2024-09-27T10:00:00","date_gmt":"2024-09-27T08:00:00","guid":{"rendered":""},"modified":"2026-03-02T17:22:03","modified_gmt":"2026-03-02T15:22:03","slug":"tesla-model-2-el-nou-cotxe-electric-de-tesla-per-menys-de-25-000-euros","status":"publish","type":"post","link":"https:\/\/v2charge.com\/ca\/tesla-model-2-el-nou-cotxe-electric-de-tesla-per-menys-de-25-000-euros\/","title":{"rendered":"Tesla Model 2: el nou cotxe el\u00e8ctric de Tesla per menys de 25.000 euros"},"content":{"rendered":"<p>El mercat dels cotxes el\u00e8ctrics est\u00e0 en constant evoluci\u00f3, i <strong>Tesla, una vegada m\u00e9s, es posiciona com a l\u00edder en la innovaci\u00f3 amb el seu esperat Tesla Model 2<\/strong>. Amb un preu estimat de <strong>25.000 euros<\/strong>, aquest vehicle promet fer que els cotxes el\u00e8ctrics siguin m\u00e9s accessibles per al gran p\u00fablic. A mesura que ens apropem a la seva <strong>possible llan\u00e7ament el 2026<\/strong>, sorgeixen m\u00faltiples interrogants sobre les seves caracter\u00edstiques, autonomia i, sobretot, la seva data d&#8217;arribada. A continuaci\u00f3, et contem tota la informaci\u00f3 disponible sobre aquest prometedor model i <strong>com pot marcar un abans i un despr\u00e9s en la ind\u00fastria automotriu<\/strong>.<\/p>\n<h2>Tesla Model 2: un cotxe el\u00e8ctric per a les masses<\/h2>\n<p>El <strong>Tesla Model 2 ha estat mencionat com el vehicle que podria portar la mobilitat el\u00e8ctrica al seg\u00fcent nivell<\/strong>. Mentre els models actuals com el Tesla Model 3 i Model Y han dominat el mercat, el repte m\u00e9s gran per a Tesla ha estat oferir un cotxe de menor preu, sense comprometre la tecnologia o la qualitat que caracteritza la marca.<\/p>\n<p>En la seva intervenci\u00f3 durant el<strong> Battery Day 2020<\/strong>, <strong>Elon Musk va presentar l&#8217;ambiciosa idea d&#8217;un cotxe el\u00e8ctric compacte<\/strong>, completament aut\u00f2nom i amb un preu assequible. Encara que han passat diversos anys des d&#8217;aquest anunci, i encara no hem vist la materialitzaci\u00f3 del Model 2, Tesla continua treballant en aix\u00f2. D&#8217;acord amb informes recents, el Tesla Model 2 podria arribar <strong>a mitjans del 2026<\/strong>.<\/p>\n<h2>Disseny compacte i tecnol\u00f2gic<\/h2>\n<p><strong>A pesar que encara no hem vist imatges oficials del disseny final<\/strong>, els primers esbossos i rumors indiquen que el Tesla Model 2 podria seguir la <strong>l\u00ednia est\u00e8tica dels seus predecessors<\/strong>, amb una estructura compacta similar al Tesla Model 3, per\u00f2 m\u00e9s redu\u00efda. Aquest disseny no nom\u00e9s respon a una tend\u00e8ncia de fer vehicles m\u00e9s manejables en entorns urbans, sin\u00f3 tamb\u00e9 de reduir costos de producci\u00f3 sense perdre funcionalitat.<\/p>\n<p><img decoding=\"async\" class=\"alignnone size-full wp-image-179372\" src=\"https:\/\/v2charge.com\/wp-content\/uploads\/2024\/09\/tesla-model-2.jpg\" alt=\"Tesla Model 2\" width=\"960\" height=\"560\" srcset=\"https:\/\/v2charge.com\/wp-content\/uploads\/2024\/09\/tesla-model-2.jpg 960w, https:\/\/v2charge.com\/wp-content\/uploads\/2024\/09\/tesla-model-2-300x175.jpg 300w, https:\/\/v2charge.com\/wp-content\/uploads\/2024\/09\/tesla-model-2-768x448.jpg 768w\" sizes=\"(max-width: 960px) 100vw, 960px\" \/><\/p>\n<p><strong>Aquest nou vehicle es beneficiar\u00e0 de la producci\u00f3 a gran escala a les f\u00e0briques de Tesla a Berl\u00edn i Xangai<\/strong>, cosa que permetr\u00e0 reduir els preus significativament. Aquestes instal\u00b7lacions, equipades amb l&#8217;avan\u00e7ada tecnologia de producci\u00f3 de Giga Press, permetran muntar peces de manera m\u00e9s eficient, cosa que hauria de traduir-se en un cotxe m\u00e9s assequible per al consumidor.<\/p>\n<h2>Tecnologia i autonomia del Tesla Model 2<\/h2>\n<p>Un aspecte crucial per a qualsevol cotxe el\u00e8ctric \u00e9s la seva autonomia. <strong>Es preveu que el Tesla Model 2 ofereixi una bateria de 50 kWh<\/strong>, capa\u00e7 de proporcionar una autonomia propera als <strong>400 km segons el cicle WLTP<\/strong>, encara que en condicions reals podr\u00edem estar parlant d&#8217;uns <strong>350 km<\/strong>. Aquesta xifra, encara que inferior a la de models com el Tesla Model 3, continua sent competitiva per a un vehicle en aquest rang de preus.<\/p>\n<p>A m\u00e9s, igual que la resta de la gamma Tesla, el Model 2 vindr\u00e0 equipat amb el sistema de programari de la companyia, que inclou <strong>funcions avan\u00e7ades d&#8217;assist\u00e8ncia al conductor<\/strong> i, potencialment, capacitats de conducci\u00f3 aut\u00f2noma en el futur. Aix\u00f2 \u00e9s una aposta segura per a Tesla, que ha centrat bona part del seu \u00e8xit en el seu programari, diferenciant-se d&#8217;altres fabricants.<\/p><\/p>\n<figure class=\"wp-block-image\"><a href=\"https:\/\/v2charge.com\/ca\/troba-instalador\/\"><img decoding=\"async\" width=\"960\" height=\"960\" class=\"wp-image-243962\" src=\"https:\/\/v2charge.com\/wp-content\/uploads\/2025\/08\/buscas-instalador-cargador-coche-electrico.jpg\" alt=\"Encuentra tu instalador de cargador de coche el\u00e9ctrico\" srcset=\"https:\/\/v2charge.com\/wp-content\/uploads\/2025\/08\/buscas-instalador-cargador-coche-electrico.jpg 960w, https:\/\/v2charge.com\/wp-content\/uploads\/2025\/08\/buscas-instalador-cargador-coche-electrico-300x300.jpg 300w, https:\/\/v2charge.com\/wp-content\/uploads\/2025\/08\/buscas-instalador-cargador-coche-electrico-150x150.jpg 150w, https:\/\/v2charge.com\/wp-content\/uploads\/2025\/08\/buscas-instalador-cargador-coche-electrico-768x768.jpg 768w, https:\/\/v2charge.com\/wp-content\/uploads\/2025\/08\/buscas-instalador-cargador-coche-electrico-50x50.jpg 50w\" sizes=\"(max-width: 960px) 100vw, 960px\" \/><\/a><\/figure>\n<p><\/p>\n<h2>Bateries: l&#8217;element clau<\/h2>\n<p>Un dels principals desafiaments per<strong> baixar el preu dels cotxes el\u00e8ctrics \u00e9s el cost de les bateries<\/strong>. Tesla ha estat treballant en noves tecnologies per <strong>reduir aquest cost<\/strong>, i el Tesla Model 2 podria beneficiar-se d&#8217;aquests aven\u00e7os. Es rumoreja que utilitzar\u00e0 les<strong> bateries de tipus 4680, <\/strong>les quals prometen una major capacitat i efici\u00e8ncia en comparaci\u00f3 amb les bateries actuals.<\/p>\n<p>No obstant aix\u00f2, <strong>la producci\u00f3 d&#8217;aquestes bateries ha presentat alguns obstacles<\/strong>, i aix\u00f2 podria ser un dels factors que <strong>han retardat el llan\u00e7ament del Model 2<\/strong>. La companyia est\u00e0 treballant per superar aquests desafiaments, per\u00f2 la pregunta continua a l&#8217;aire: podr\u00e0 Tesla oferir un cotxe el\u00e8ctric per <strong>25,000 euros mantenint una bona autonomia<\/strong>? Nosaltres esperem que s\u00ed, i que aviat puguem gaudir de models de cotxes el\u00e8ctrics molt m\u00e9s assequibles.<\/p>\n<h2>Data de llan\u00e7ament: Quan arribar\u00e0 el Tesla Model 2?<\/h2>\n<p>Encara que inicialment <strong>es parlava que el Tesla Model 2 podria llan\u00e7ar-se el 2023<\/strong>, ara sabem que l&#8217;espera ser\u00e0 m\u00e9s llarga. Els \u00faltims informes suggereixen que el vehicle <strong>no veur\u00e0 la llum fins a mitjans de 2026<\/strong>. Aix\u00f2, encara que decebedor per a alguns, \u00e9s comprensible donada la complexitat de desenvolupar un cotxe el\u00e8ctric assequible i massiu sense comprometre la qualitat.<\/p>\n<p><img decoding=\"async\" class=\"alignnone size-full wp-image-179382\" src=\"https:\/\/v2charge.com\/wp-content\/uploads\/2024\/09\/tesla-model-2-side.jpg\" alt=\"Tesla Model 2\" width=\"960\" height=\"560\" srcset=\"https:\/\/v2charge.com\/wp-content\/uploads\/2024\/09\/tesla-model-2-side.jpg 960w, https:\/\/v2charge.com\/wp-content\/uploads\/2024\/09\/tesla-model-2-side-300x175.jpg 300w, https:\/\/v2charge.com\/wp-content\/uploads\/2024\/09\/tesla-model-2-side-768x448.jpg 768w\" sizes=\"(max-width: 960px) 100vw, 960px\" \/><\/p>\n<p>La producci\u00f3 inicial es dur\u00e0 a terme a la Gigafactory de Xangai, amb <strong>possibles expansions a la f\u00e0brica de Berl\u00edn m\u00e9s endavant<\/strong>. Aquest enfocament de producci\u00f3 global permetr\u00e0 a Tesla satisfer la demanda internacional de manera m\u00e9s eficient i reduir els costos associats al transport i els aranzels.<\/p>\n<h2>Quins altres factors faran que el Tesla Model 2 tingui un preu de 25.000 \u20ac?<\/h2>\n<p>Una de <strong>les grans preguntes \u00e9s com Tesla aconseguir\u00e0 reduir el cost de producci\u00f3 per fer rendible un cotxe de 25,000 euros<\/strong>. La clau rau en la fabricaci\u00f3 en massa i en la simplificaci\u00f3 de components. Tesla ja ha mostrat la seva capacitat per reduir costos amb la introducci\u00f3 de <strong>Giga Press<\/strong>, una m\u00e0quina que permet fabricar grans peces del cotxe en una sola fase, reduint el nombre de peces individuals i el temps d&#8217;assemblatge.<\/p>\n<p>A m\u00e9s,<strong> l&#8217;aposta de Tesla per la intel\u00b7lig\u00e8ncia artificial<\/strong> i el <strong>programari com a servei ser\u00e0 crucial<\/strong>. Elon Musk ha mencionat en diverses ocasions que Tesla est\u00e0 disposada a reduir els seus marges en la venda de vehicles, centrant-se en els ingressos a llarg termini a trav\u00e9s de serveis de subscripci\u00f3, com la conducci\u00f3 aut\u00f2noma total.<\/p>\n<h2>Instal\u00b7laci\u00f3 de carregadors el\u00e8ctrics: el complement perfecte per al teu Tesla Model 2<\/h2>\n<p>En V2C, <strong>sabem que el futur de la mobilitat el\u00e8ctrica no nom\u00e9s dep\u00e8n dels cotxes<\/strong>, <strong>sin\u00f3 tamb\u00e9 de la infraestructura de c\u00e0rrega.<\/strong> Si est\u00e0s pensant en adquirir un Tesla Model 2 o qualsevol altre vehicle el\u00e8ctric, comptar amb un punt de rec\u00e0rrega a casa teva o al teu lloc de treball ser\u00e0 essencial per aprofitar al m\u00e0xim l&#8217;autonomia del teu cotxe.<\/p>\n<p>Nosaltres <strong>ofereixem una \u00e0mplia gamma de <a href=\"https:\/\/v2charge.com\/ca\/\">carregadors de cotxe el\u00e8ctric<\/a> intel\u00b7ligents, dissenyats i fabricats a Espanya<\/strong>, que s&#8217;adapten a les teves necessitats de rec\u00e0rrega. Els nostres productes estan dissenyats per ser eficients, f\u00e0cils d&#8217;usar i, sobretot, fiables. A m\u00e9s, comptem amb una xarxa d&#8217;instal\u00b7ladors professionals a tota Espanya que poden assegurar-se que el teu carregador estigui instal\u00b7lat de manera r\u00e0pida i segura.<\/p>\n<p><\/p>\n<figure class=\"wp-block-image\"><a href=\"https:\/\/v2charge.com\/store\/es\/es\/producto\/trydan\/\"><img decoding=\"async\" width=\"818\" height=\"818\" class=\"wp-image-244163\" src=\"https:\/\/v2charge.com\/wp-content\/uploads\/2025\/08\/cargador-coche-electrico-mas-inteligente-descubre-trydan.jpg\" alt=\"\" srcset=\"https:\/\/v2charge.com\/wp-content\/uploads\/2025\/08\/cargador-coche-electrico-mas-inteligente-descubre-trydan.jpg 818w, https:\/\/v2charge.com\/wp-content\/uploads\/2025\/08\/cargador-coche-electrico-mas-inteligente-descubre-trydan-300x300.jpg 300w, https:\/\/v2charge.com\/wp-content\/uploads\/2025\/08\/cargador-coche-electrico-mas-inteligente-descubre-trydan-150x150.jpg 150w, https:\/\/v2charge.com\/wp-content\/uploads\/2025\/08\/cargador-coche-electrico-mas-inteligente-descubre-trydan-768x768.jpg 768w, https:\/\/v2charge.com\/wp-content\/uploads\/2025\/08\/cargador-coche-electrico-mas-inteligente-descubre-trydan-50x50.jpg 50w\" sizes=\"(max-width: 818px) 100vw, 818px\" \/><\/a><\/figure>\n<p><\/p>\n\n<!-- Schema Article -->\n<script type=\"application\/ld+json\">\n{\n  \"@context\": \"https:\/\/schema.org\",\n  \"@type\": \"Article\",\n  \"headline\": \"Tesla Model 2: El nou cotxe el\u00e8ctric de Tesla per al 2026\",\n  \"description\": \"Descobreix totes les caracter\u00edstiques del proper model de Tesla, el Tesla Model 2 per menys de 25.000 \u20ac i la seva data de llan\u00e7ament.\",\n  \"image\": {\n    \"@type\": \"ImageObject\",\n    \"url\": \"https:\/\/v2charge.com\/wp-content\/uploads\/2024\/09\/tesla-model-2-lanzamiento.jpg\"\n  },\n  \"author\": {\n    \"@type\": \"Organization\",\n    \"name\": \"V2C\"\n  },\n  \"publisher\": {\n    \"@type\": \"Organization\",\n    \"name\": \"V2C\",\n    \"logo\": {\n      \"@type\": \"ImageObject\",\n      \"url\": \"https:\/\/v2charge.com\/wp-content\/uploads\/2023\/03\/logo-v2c.svg\"\n    }\n  },\n  \"datePublished\": \"2024-09-27\",\n  \"dateModified\": \"2024-09-27\",\n  \"mainEntityOfPage\": {\n    \"@type\": \"WebPage\",\n    \"@id\": \"https:\/\/v2charge.com\/es\/tesla-model-2-fecha-lanzamiento\/\"\n  }\n}\n<\/script>\n\n<!-- Schema FAQ -->\n<script type=\"application\/ld+json\">\n{\n  \"@context\": \"https:\/\/schema.org\",\n  \"@type\": \"FAQPage\",\n  \"mainEntity\": [\n    {\n      \"@type\": \"Question\",\n      \"name\": \"Quan es llan\u00e7ar\u00e0 el Tesla Model 2?\",\n      \"acceptedAnswer\": {\n        \"@type\": \"Answer\",\n        \"text\": \"Els \u00faltims informes indiquen que el Tesla Model 2 podria llan\u00e7ar-se a mitjans del 2026, amb producci\u00f3 inicial a la Gigafactory de Xangai.\"\n      }\n    },\n    {\n      \"@type\": \"Question\",\n      \"name\": \"Quin ser\u00e0 el preu del Tesla Model 2?\",\n      \"acceptedAnswer\": {\n        \"@type\": \"Answer\",\n        \"text\": \"El Tesla Model 2 tindr\u00e0 un preu estimat de 25.000 euros, amb l'objectiu de fer la mobilitat el\u00e8ctrica m\u00e9s accessible.\"\n      }\n    },\n    {\n      \"@type\": \"Question\",\n      \"name\": \"Quina autonomia tindr\u00e0 el Tesla Model 2?\",\n      \"acceptedAnswer\": {\n        \"@type\": \"Answer\",\n        \"text\": \"S'espera que compti amb una bateria de 50 kWh i una autonomia propera als 400 km segons el cicle WLTP, aproximadament 350 km en condicions reals.\"\n      }\n    },\n    {\n      \"@type\": \"Question\",\n      \"name\": \"Quin tipus de bateries utilitzar\u00e0 el Tesla Model 2?\",\n      \"acceptedAnswer\": {\n        \"@type\": \"Answer\",\n        \"text\": \"Es rumoreja que incorporar\u00e0 bateries tipus 4680, dissenyades per oferir una major efici\u00e8ncia i reduir costos de producci\u00f3.\"\n      }\n    },\n    {\n      \"@type\": \"Question\",\n      \"name\": \"On es fabricar\u00e0 el Tesla Model 2?\",\n      \"acceptedAnswer\": {\n        \"@type\": \"Answer\",\n        \"text\": \"La producci\u00f3 inicial est\u00e0 prevista a la Gigafactory de Xangai, amb possible expansi\u00f3 a la f\u00e0brica de Berl\u00edn.\"\n      }\n    }\n  ]\n}\n<\/script>","protected":false},"excerpt":{"rendered":"<p>El mercat dels cotxes el\u00e8ctrics est\u00e0 en constant evoluci\u00f3, i Tesla, una vegada m\u00e9s, es posiciona com a l\u00edder en la innovaci\u00f3 amb el seu esperat Tesla Model 2. Amb un preu estimat de 25.000 euros, aquest vehicle promet fer que els cotxes el\u00e8ctrics siguin m\u00e9s accessibles per al gran p\u00fablic. A mesura que ens &#8230; <a title=\"Tesla Model 2: el nou cotxe el\u00e8ctric de Tesla per menys de 25.000 euros\" class=\"read-more\" href=\"https:\/\/v2charge.com\/ca\/tesla-model-2-el-nou-cotxe-electric-de-tesla-per-menys-de-25-000-euros\/\" aria-label=\"M\u00e9s informaci\u00f3 sobre Tesla Model 2: el nou cotxe el\u00e8ctric de Tesla per menys de 25.000 euros\">Llegiu m\u00e9s<\/a><\/p>\n","protected":false},"author":400,"featured_media":179352,"comment_status":"open","ping_status":"open","sticky":false,"template":"","format":"standard","meta":{"_eb_attr":"","content-type":"","_uag_custom_page_level_css":"","footnotes":""},"categories":[],"tags":[],"class_list":["post-310288","post","type-post","status-publish","format-standard","has-post-thumbnail","hentry"],"yoast_head":"<!-- This site is optimized with the Yoast SEO plugin v25.3.1 - https:\/\/yoast.com\/wordpress\/plugins\/seo\/ -->\n<title>Tesla Model 2: El nou cotxe el\u00e8ctric de Tesla per al 2026<\/title>\n<meta name=\"description\" content=\"Descobreix totes les caracter\u00edstiques del proper model de Tesla, el Tesla Model 2 per menys de 25.000 \u20ac i la seva data de llan\u00e7ament.\" \/>\n<meta name=\"robots\" content=\"index, follow, max-snippet:-1, max-image-preview:large, max-video-preview:-1\" \/>\n<link rel=\"canonical\" href=\"https:\/\/v2charge.com\/ca\/tesla-model-2-el-nou-cotxe-electric-de-tesla-per-menys-de-25-000-euros\/\" \/>\n<meta property=\"og:locale\" content=\"ca_ES\" \/>\n<meta property=\"og:type\" content=\"article\" \/>\n<meta property=\"og:title\" content=\"Tesla Model 2: El nou cotxe el\u00e8ctric de Tesla per al 2026\" \/>\n<meta property=\"og:description\" content=\"Descobreix totes les caracter\u00edstiques del proper model de Tesla, el Tesla Model 2 per menys de 25.000 \u20ac i la seva data de llan\u00e7ament.\" \/>\n<meta property=\"og:url\" content=\"https:\/\/v2charge.com\/ca\/tesla-model-2-el-nou-cotxe-electric-de-tesla-per-menys-de-25-000-euros\/\" \/>\n<meta property=\"og:site_name\" content=\"V2C\" \/>\n<meta property=\"article:publisher\" content=\"https:\/\/www.facebook.com\/V2C.Charge\" \/>\n<meta property=\"article:published_time\" content=\"2024-09-27T08:00:00+00:00\" \/>\n<meta property=\"article:modified_time\" content=\"2026-03-02T15:22:03+00:00\" \/>\n<meta property=\"og:image\" content=\"https:\/\/v2charge.com\/wp-content\/uploads\/2024\/09\/tesla-model-2-lanzamiento.jpg\" \/>\n\t<meta property=\"og:image:width\" content=\"960\" \/>\n\t<meta property=\"og:image:height\" content=\"560\" \/>\n\t<meta property=\"og:image:type\" content=\"image\/jpeg\" \/>\n<meta name=\"author\" content=\"V2C\" \/>\n<meta name=\"twitter:card\" content=\"summary_large_image\" \/>\n<meta name=\"twitter:creator\" content=\"@V2C_Charge\" \/>\n<meta name=\"twitter:site\" content=\"@V2C_Charge\" \/>\n<meta name=\"twitter:label1\" content=\"Escrit per\" \/>\n\t<meta name=\"twitter:data1\" content=\"V2C\" \/>\n\t<meta name=\"twitter:label2\" content=\"Temps estimat de lectura\" \/>\n\t<meta name=\"twitter:data2\" content=\"6 minuts\" \/>\n<script type=\"application\/ld+json\" class=\"yoast-schema-graph\">{\"@context\":\"https:\/\/schema.org\",\"@graph\":[{\"@type\":\"Article\",\"@id\":\"https:\/\/v2charge.com\/ca\/tesla-model-2-el-nou-cotxe-electric-de-tesla-per-menys-de-25-000-euros\/#article\",\"isPartOf\":{\"@id\":\"https:\/\/v2charge.com\/ca\/tesla-model-2-el-nou-cotxe-electric-de-tesla-per-menys-de-25-000-euros\/\"},\"author\":{\"name\":\"V2C\",\"@id\":\"https:\/\/v2charge.com\/ca\/#\/schema\/person\/d6f210a94a856acdddec347b2127fd0f\"},\"headline\":\"Tesla Model 2: el nou cotxe el\u00e8ctric de Tesla per menys de 25.000 euros\",\"datePublished\":\"2024-09-27T08:00:00+00:00\",\"dateModified\":\"2026-03-02T15:22:03+00:00\",\"mainEntityOfPage\":{\"@id\":\"https:\/\/v2charge.com\/ca\/tesla-model-2-el-nou-cotxe-electric-de-tesla-per-menys-de-25-000-euros\/\"},\"wordCount\":1122,\"commentCount\":0,\"publisher\":{\"@id\":\"https:\/\/v2charge.com\/ca\/#organization\"},\"image\":{\"@id\":\"https:\/\/v2charge.com\/ca\/tesla-model-2-el-nou-cotxe-electric-de-tesla-per-menys-de-25-000-euros\/#primaryimage\"},\"thumbnailUrl\":\"https:\/\/v2charge.com\/wp-content\/uploads\/2024\/09\/tesla-model-2-lanzamiento.jpg\",\"inLanguage\":\"ca\",\"potentialAction\":[{\"@type\":\"CommentAction\",\"name\":\"Comment\",\"target\":[\"https:\/\/v2charge.com\/ca\/tesla-model-2-el-nou-cotxe-electric-de-tesla-per-menys-de-25-000-euros\/#respond\"]}]},{\"@type\":\"WebPage\",\"@id\":\"https:\/\/v2charge.com\/ca\/tesla-model-2-el-nou-cotxe-electric-de-tesla-per-menys-de-25-000-euros\/\",\"url\":\"https:\/\/v2charge.com\/ca\/tesla-model-2-el-nou-cotxe-electric-de-tesla-per-menys-de-25-000-euros\/\",\"name\":\"Tesla Model 2: El nou cotxe el\u00e8ctric de Tesla per al 2026\",\"isPartOf\":{\"@id\":\"https:\/\/v2charge.com\/ca\/#website\"},\"primaryImageOfPage\":{\"@id\":\"https:\/\/v2charge.com\/ca\/tesla-model-2-el-nou-cotxe-electric-de-tesla-per-menys-de-25-000-euros\/#primaryimage\"},\"image\":{\"@id\":\"https:\/\/v2charge.com\/ca\/tesla-model-2-el-nou-cotxe-electric-de-tesla-per-menys-de-25-000-euros\/#primaryimage\"},\"thumbnailUrl\":\"https:\/\/v2charge.com\/wp-content\/uploads\/2024\/09\/tesla-model-2-lanzamiento.jpg\",\"datePublished\":\"2024-09-27T08:00:00+00:00\",\"dateModified\":\"2026-03-02T15:22:03+00:00\",\"description\":\"Descobreix totes les caracter\u00edstiques del proper model de Tesla, el Tesla Model 2 per menys de 25.000 \u20ac i la seva data de llan\u00e7ament.\",\"breadcrumb\":{\"@id\":\"https:\/\/v2charge.com\/ca\/tesla-model-2-el-nou-cotxe-electric-de-tesla-per-menys-de-25-000-euros\/#breadcrumb\"},\"inLanguage\":\"ca\",\"potentialAction\":[{\"@type\":\"ReadAction\",\"target\":[\"https:\/\/v2charge.com\/ca\/tesla-model-2-el-nou-cotxe-electric-de-tesla-per-menys-de-25-000-euros\/\"]}]},{\"@type\":\"ImageObject\",\"inLanguage\":\"ca\",\"@id\":\"https:\/\/v2charge.com\/ca\/tesla-model-2-el-nou-cotxe-electric-de-tesla-per-menys-de-25-000-euros\/#primaryimage\",\"url\":\"https:\/\/v2charge.com\/wp-content\/uploads\/2024\/09\/tesla-model-2-lanzamiento.jpg\",\"contentUrl\":\"https:\/\/v2charge.com\/wp-content\/uploads\/2024\/09\/tesla-model-2-lanzamiento.jpg\",\"width\":960,\"height\":560,\"caption\":\"Tesla Model 2\"},{\"@type\":\"BreadcrumbList\",\"@id\":\"https:\/\/v2charge.com\/ca\/tesla-model-2-el-nou-cotxe-electric-de-tesla-per-menys-de-25-000-euros\/#breadcrumb\",\"itemListElement\":[{\"@type\":\"ListItem\",\"position\":1,\"name\":\"V2C\",\"item\":\"https:\/\/v2charge.com\/ca\/\"},{\"@type\":\"ListItem\",\"position\":2,\"name\":\"Modelos de coches\",\"item\":\"https:\/\/v2charge.com\/es\/e-mobility\/modelos-coches\/\"},{\"@type\":\"ListItem\",\"position\":3,\"name\":\"Tesla Model 2: el nou cotxe el\u00e8ctric de Tesla per menys de 25.000 euros\"}]},{\"@type\":\"WebSite\",\"@id\":\"https:\/\/v2charge.com\/ca\/#website\",\"url\":\"https:\/\/v2charge.com\/ca\/\",\"name\":\"V2C\",\"description\":\"#CargandoElMa\u00f1ana\",\"publisher\":{\"@id\":\"https:\/\/v2charge.com\/ca\/#organization\"},\"potentialAction\":[{\"@type\":\"SearchAction\",\"target\":{\"@type\":\"EntryPoint\",\"urlTemplate\":\"https:\/\/v2charge.com\/ca\/?s={search_term_string}\"},\"query-input\":{\"@type\":\"PropertyValueSpecification\",\"valueRequired\":true,\"valueName\":\"search_term_string\"}}],\"inLanguage\":\"ca\"},{\"@type\":\"Organization\",\"@id\":\"https:\/\/v2charge.com\/ca\/#organization\",\"name\":\"V2C\",\"url\":\"https:\/\/v2charge.com\/ca\/\",\"logo\":{\"@type\":\"ImageObject\",\"inLanguage\":\"ca\",\"@id\":\"https:\/\/v2charge.com\/ca\/#\/schema\/logo\/image\/\",\"url\":\"https:\/\/v2charge.com\/wp-content\/uploads\/2024\/11\/cropped-v2c-charge-logo-menu.png\",\"contentUrl\":\"https:\/\/v2charge.com\/wp-content\/uploads\/2024\/11\/cropped-v2c-charge-logo-menu.png\",\"width\":984,\"height\":431,\"caption\":\"V2C\"},\"image\":{\"@id\":\"https:\/\/v2charge.com\/ca\/#\/schema\/logo\/image\/\"},\"sameAs\":[\"https:\/\/www.facebook.com\/V2C.Charge\",\"https:\/\/x.com\/V2C_Charge\",\"https:\/\/www.instagram.com\/v2c.charge\/\",\"https:\/\/www.youtube.com\/@V2C\",\"https:\/\/www.linkedin.com\/company\/v2c-chargers\/\"]},{\"@type\":\"Person\",\"@id\":\"https:\/\/v2charge.com\/ca\/#\/schema\/person\/d6f210a94a856acdddec347b2127fd0f\",\"name\":\"V2C\",\"image\":{\"@type\":\"ImageObject\",\"inLanguage\":\"ca\",\"@id\":\"https:\/\/v2charge.com\/ca\/#\/schema\/person\/image\/\",\"url\":\"https:\/\/secure.gravatar.com\/avatar\/a91128c4c0d2f4d63bd586301fdec6cc9aa49c885839b25d1c62700f529f267c?s=96&d=mm&r=g\",\"contentUrl\":\"https:\/\/secure.gravatar.com\/avatar\/a91128c4c0d2f4d63bd586301fdec6cc9aa49c885839b25d1c62700f529f267c?s=96&d=mm&r=g\",\"caption\":\"V2C\"}}]}<\/script>\n<!-- \/ Yoast SEO plugin. -->","yoast_head_json":{"title":"Tesla Model 2: El nou cotxe el\u00e8ctric de Tesla per al 2026","description":"Descobreix totes les caracter\u00edstiques del proper model de Tesla, el Tesla Model 2 per menys de 25.000 \u20ac i la seva data de llan\u00e7ament.","robots":{"index":"index","follow":"follow","max-snippet":"max-snippet:-1","max-image-preview":"max-image-preview:large","max-video-preview":"max-video-preview:-1"},"canonical":"https:\/\/v2charge.com\/ca\/tesla-model-2-el-nou-cotxe-electric-de-tesla-per-menys-de-25-000-euros\/","og_locale":"ca_ES","og_type":"article","og_title":"Tesla Model 2: El nou cotxe el\u00e8ctric de Tesla per al 2026","og_description":"Descobreix totes les caracter\u00edstiques del proper model de Tesla, el Tesla Model 2 per menys de 25.000 \u20ac i la seva data de llan\u00e7ament.","og_url":"https:\/\/v2charge.com\/ca\/tesla-model-2-el-nou-cotxe-electric-de-tesla-per-menys-de-25-000-euros\/","og_site_name":"V2C","article_publisher":"https:\/\/www.facebook.com\/V2C.Charge","article_published_time":"2024-09-27T08:00:00+00:00","article_modified_time":"2026-03-02T15:22:03+00:00","og_image":[{"width":960,"height":560,"url":"https:\/\/v2charge.com\/wp-content\/uploads\/2024\/09\/tesla-model-2-lanzamiento.jpg","type":"image\/jpeg"}],"author":"V2C","twitter_card":"summary_large_image","twitter_creator":"@V2C_Charge","twitter_site":"@V2C_Charge","twitter_misc":{"Escrit per":"V2C","Temps estimat de lectura":"6 minuts"},"schema":{"@context":"https:\/\/schema.org","@graph":[{"@type":"Article","@id":"https:\/\/v2charge.com\/ca\/tesla-model-2-el-nou-cotxe-electric-de-tesla-per-menys-de-25-000-euros\/#article","isPartOf":{"@id":"https:\/\/v2charge.com\/ca\/tesla-model-2-el-nou-cotxe-electric-de-tesla-per-menys-de-25-000-euros\/"},"author":{"name":"V2C","@id":"https:\/\/v2charge.com\/ca\/#\/schema\/person\/d6f210a94a856acdddec347b2127fd0f"},"headline":"Tesla Model 2: el nou cotxe el\u00e8ctric de Tesla per menys de 25.000 euros","datePublished":"2024-09-27T08:00:00+00:00","dateModified":"2026-03-02T15:22:03+00:00","mainEntityOfPage":{"@id":"https:\/\/v2charge.com\/ca\/tesla-model-2-el-nou-cotxe-electric-de-tesla-per-menys-de-25-000-euros\/"},"wordCount":1122,"commentCount":0,"publisher":{"@id":"https:\/\/v2charge.com\/ca\/#organization"},"image":{"@id":"https:\/\/v2charge.com\/ca\/tesla-model-2-el-nou-cotxe-electric-de-tesla-per-menys-de-25-000-euros\/#primaryimage"},"thumbnailUrl":"https:\/\/v2charge.com\/wp-content\/uploads\/2024\/09\/tesla-model-2-lanzamiento.jpg","inLanguage":"ca","potentialAction":[{"@type":"CommentAction","name":"Comment","target":["https:\/\/v2charge.com\/ca\/tesla-model-2-el-nou-cotxe-electric-de-tesla-per-menys-de-25-000-euros\/#respond"]}]},{"@type":"WebPage","@id":"https:\/\/v2charge.com\/ca\/tesla-model-2-el-nou-cotxe-electric-de-tesla-per-menys-de-25-000-euros\/","url":"https:\/\/v2charge.com\/ca\/tesla-model-2-el-nou-cotxe-electric-de-tesla-per-menys-de-25-000-euros\/","name":"Tesla Model 2: El nou cotxe el\u00e8ctric de Tesla per al 2026","isPartOf":{"@id":"https:\/\/v2charge.com\/ca\/#website"},"primaryImageOfPage":{"@id":"https:\/\/v2charge.com\/ca\/tesla-model-2-el-nou-cotxe-electric-de-tesla-per-menys-de-25-000-euros\/#primaryimage"},"image":{"@id":"https:\/\/v2charge.com\/ca\/tesla-model-2-el-nou-cotxe-electric-de-tesla-per-menys-de-25-000-euros\/#primaryimage"},"thumbnailUrl":"https:\/\/v2charge.com\/wp-content\/uploads\/2024\/09\/tesla-model-2-lanzamiento.jpg","datePublished":"2024-09-27T08:00:00+00:00","dateModified":"2026-03-02T15:22:03+00:00","description":"Descobreix totes les caracter\u00edstiques del proper model de Tesla, el Tesla Model 2 per menys de 25.000 \u20ac i la seva data de llan\u00e7ament.","breadcrumb":{"@id":"https:\/\/v2charge.com\/ca\/tesla-model-2-el-nou-cotxe-electric-de-tesla-per-menys-de-25-000-euros\/#breadcrumb"},"inLanguage":"ca","potentialAction":[{"@type":"ReadAction","target":["https:\/\/v2charge.com\/ca\/tesla-model-2-el-nou-cotxe-electric-de-tesla-per-menys-de-25-000-euros\/"]}]},{"@type":"ImageObject","inLanguage":"ca","@id":"https:\/\/v2charge.com\/ca\/tesla-model-2-el-nou-cotxe-electric-de-tesla-per-menys-de-25-000-euros\/#primaryimage","url":"https:\/\/v2charge.com\/wp-content\/uploads\/2024\/09\/tesla-model-2-lanzamiento.jpg","contentUrl":"https:\/\/v2charge.com\/wp-content\/uploads\/2024\/09\/tesla-model-2-lanzamiento.jpg","width":960,"height":560,"caption":"Tesla Model 2"},{"@type":"BreadcrumbList","@id":"https:\/\/v2charge.com\/ca\/tesla-model-2-el-nou-cotxe-electric-de-tesla-per-menys-de-25-000-euros\/#breadcrumb","itemListElement":[{"@type":"ListItem","position":1,"name":"V2C","item":"https:\/\/v2charge.com\/ca\/"},{"@type":"ListItem","position":2,"name":"Modelos de coches","item":"https:\/\/v2charge.com\/es\/e-mobility\/modelos-coches\/"},{"@type":"ListItem","position":3,"name":"Tesla Model 2: el nou cotxe el\u00e8ctric de Tesla per menys de 25.000 euros"}]},{"@type":"WebSite","@id":"https:\/\/v2charge.com\/ca\/#website","url":"https:\/\/v2charge.com\/ca\/","name":"V2C","description":"#CargandoElMa\u00f1ana","publisher":{"@id":"https:\/\/v2charge.com\/ca\/#organization"},"potentialAction":[{"@type":"SearchAction","target":{"@type":"EntryPoint","urlTemplate":"https:\/\/v2charge.com\/ca\/?s={search_term_string}"},"query-input":{"@type":"PropertyValueSpecification","valueRequired":true,"valueName":"search_term_string"}}],"inLanguage":"ca"},{"@type":"Organization","@id":"https:\/\/v2charge.com\/ca\/#organization","name":"V2C","url":"https:\/\/v2charge.com\/ca\/","logo":{"@type":"ImageObject","inLanguage":"ca","@id":"https:\/\/v2charge.com\/ca\/#\/schema\/logo\/image\/","url":"https:\/\/v2charge.com\/wp-content\/uploads\/2024\/11\/cropped-v2c-charge-logo-menu.png","contentUrl":"https:\/\/v2charge.com\/wp-content\/uploads\/2024\/11\/cropped-v2c-charge-logo-menu.png","width":984,"height":431,"caption":"V2C"},"image":{"@id":"https:\/\/v2charge.com\/ca\/#\/schema\/logo\/image\/"},"sameAs":["https:\/\/www.facebook.com\/V2C.Charge","https:\/\/x.com\/V2C_Charge","https:\/\/www.instagram.com\/v2c.charge\/","https:\/\/www.youtube.com\/@V2C","https:\/\/www.linkedin.com\/company\/v2c-chargers\/"]},{"@type":"Person","@id":"https:\/\/v2charge.com\/ca\/#\/schema\/person\/d6f210a94a856acdddec347b2127fd0f","name":"V2C","image":{"@type":"ImageObject","inLanguage":"ca","@id":"https:\/\/v2charge.com\/ca\/#\/schema\/person\/image\/","url":"https:\/\/secure.gravatar.com\/avatar\/a91128c4c0d2f4d63bd586301fdec6cc9aa49c885839b25d1c62700f529f267c?s=96&d=mm&r=g","contentUrl":"https:\/\/secure.gravatar.com\/avatar\/a91128c4c0d2f4d63bd586301fdec6cc9aa49c885839b25d1c62700f529f267c?s=96&d=mm&r=g","caption":"V2C"}}]}},"uagb_featured_image_src":{"full":["https:\/\/v2charge.com\/wp-content\/uploads\/2024\/09\/tesla-model-2-lanzamiento.jpg",960,560,false],"thumbnail":["https:\/\/v2charge.com\/wp-content\/uploads\/2024\/09\/tesla-model-2-lanzamiento-150x150.jpg",150,150,true],"medium":["https:\/\/v2charge.com\/wp-content\/uploads\/2024\/09\/tesla-model-2-lanzamiento-300x175.jpg",300,175,true],"medium_large":["https:\/\/v2charge.com\/wp-content\/uploads\/2024\/09\/tesla-model-2-lanzamiento-768x448.jpg",768,448,true],"large":["https:\/\/v2charge.com\/wp-content\/uploads\/2024\/09\/tesla-model-2-lanzamiento.jpg",960,560,false],"gs-tiny":["https:\/\/v2charge.com\/wp-content\/uploads\/2024\/09\/tesla-model-2-lanzamiento.jpg",50,29,false],"xl":["https:\/\/v2charge.com\/wp-content\/uploads\/2024\/09\/tesla-model-2-lanzamiento.jpg",960,560,false],"xxl":["https:\/\/v2charge.com\/wp-content\/uploads\/2024\/09\/tesla-model-2-lanzamiento.jpg",960,560,false],"xxxl":["https:\/\/v2charge.com\/wp-content\/uploads\/2024\/09\/tesla-model-2-lanzamiento.jpg",960,560,false],"xxxxl":["https:\/\/v2charge.com\/wp-content\/uploads\/2024\/09\/tesla-model-2-lanzamiento.jpg",960,560,false],"xxxxxl":["https:\/\/v2charge.com\/wp-content\/uploads\/2024\/09\/tesla-model-2-lanzamiento.jpg",960,560,false],"1536x1536":["https:\/\/v2charge.com\/wp-content\/uploads\/2024\/09\/tesla-model-2-lanzamiento.jpg",960,560,false],"2048x2048":["https:\/\/v2charge.com\/wp-content\/uploads\/2024\/09\/tesla-model-2-lanzamiento.jpg",960,560,false]},"uagb_author_info":{"display_name":"V2C","author_link":"https:\/\/v2charge.com\/ca\/author\/marketing\/"},"uagb_comment_info":0,"uagb_excerpt":"El mercat dels cotxes el\u00e8ctrics est\u00e0 en constant evoluci\u00f3, i Tesla, una vegada m\u00e9s, es posiciona com a l\u00edder en la innovaci\u00f3 amb el seu esperat Tesla Model 2. Amb un preu estimat de 25.000 euros, aquest vehicle promet fer que els cotxes el\u00e8ctrics siguin m\u00e9s accessibles per al gran p\u00fablic. A mesura que ens&hellip;","_links":{"self":[{"href":"https:\/\/v2charge.com\/ca\/wp-json\/wp\/v2\/posts\/310288","targetHints":{"allow":["GET"]}}],"collection":[{"href":"https:\/\/v2charge.com\/ca\/wp-json\/wp\/v2\/posts"}],"about":[{"href":"https:\/\/v2charge.com\/ca\/wp-json\/wp\/v2\/types\/post"}],"author":[{"embeddable":true,"href":"https:\/\/v2charge.com\/ca\/wp-json\/wp\/v2\/users\/400"}],"replies":[{"embeddable":true,"href":"https:\/\/v2charge.com\/ca\/wp-json\/wp\/v2\/comments?post=310288"}],"version-history":[{"count":0,"href":"https:\/\/v2charge.com\/ca\/wp-json\/wp\/v2\/posts\/310288\/revisions"}],"wp:featuredmedia":[{"embeddable":true,"href":"https:\/\/v2charge.com\/ca\/wp-json\/wp\/v2\/media\/179352"}],"wp:attachment":[{"href":"https:\/\/v2charge.com\/ca\/wp-json\/wp\/v2\/media?parent=310288"}],"wp:term":[{"taxonomy":"category","embeddable":true,"href":"https:\/\/v2charge.com\/ca\/wp-json\/wp\/v2\/categories?post=310288"},{"taxonomy":"post_tag","embeddable":true,"href":"https:\/\/v2charge.com\/ca\/wp-json\/wp\/v2\/tags?post=310288"}],"curies":[{"name":"wp","href":"https:\/\/api.w.org\/{rel}","templated":true}]}}