{"id":310314,"date":"2025-04-07T15:18:24","date_gmt":"2025-04-07T13:18:24","guid":{"rendered":""},"modified":"2025-04-07T15:18:25","modified_gmt":"2025-04-07T13:18:25","slug":"bmw-ce04-el-scooter-electric-de-bmw-que-marca-el-futur-urba","status":"publish","type":"post","link":"https:\/\/v2charge.com\/ca\/bmw-ce04-el-scooter-electric-de-bmw-que-marca-el-futur-urba\/","title":{"rendered":"BMW CE04: El scooter el\u00e8ctric de BMW que marca el futur urb\u00e0"},"content":{"rendered":"<p class=\"\" data-start=\"604\" data-end=\"945\">L&#8217;electrificaci\u00f3 ja no \u00e9s una predicci\u00f3. \u00c9s una revoluci\u00f3 que avan\u00e7a a tota velocitat, i al cor d&#8217;aquesta evoluci\u00f3 es troba la <strong data-start=\"744\" data-end=\"756\">BMW CE04<\/strong>, una moto el\u00e8ctrica amb car\u00e0cter futurista i ADN alemany. A V2C, com a experts en infraestructures de c\u00e0rrega per a vehicles el\u00e8ctrics, no nom\u00e9s observem aquesta transformaci\u00f3: la liderem.<\/p>\n<p class=\"\" data-start=\"947\" data-end=\"1305\">Des de la nostra experi\u00e8ncia fabricant <strong data-start=\"997\" data-end=\"1040\">carregadors de cotxe el\u00e8ctric a Espanya<\/strong>, sabem que el veritable avan\u00e7 no est\u00e0 nom\u00e9s en els vehicles el\u00e8ctrics, sin\u00f3 en la infraestructura que els sost\u00e9. Avui et contem per qu\u00e8 la CE04 \u00e9s una de les propostes m\u00e9s potents del mercat i com podem ajudar-te a tenir-la sempre llesta per rodar.<\/p>\n<h2 class=\"\" data-start=\"1312\" data-end=\"1358\">Disseny i est\u00e8tica disruptiva de la BMW CE04<\/h2>\n<p class=\"\" data-start=\"1360\" data-end=\"1500\">La BMW CE04 no s&#8217;assembla a cap altra moto urbana. Oblida els convencionalismes: aquest model trenca les regles del disseny sobre dues rodes.<\/p>\n<p class=\"\" data-start=\"1502\" data-end=\"1778\">Amb el seu cos allargat, formes geom\u00e8triques netes i un centre de gravetat optimitzat, el scooter fusiona el funcional amb l&#8217;est\u00e8tic. Disponible en tons com el <strong data-start=\"1666\" data-end=\"1696\">gris Magallanes metal\u00b7litzat<\/strong> i blanc brillant, es nota que va ser pensat per a qui no passa desapercebut.<\/p>\n<p class=\"\" data-start=\"1780\" data-end=\"1953\">Els <strong data-start=\"1784\" data-end=\"1806\">seients flotants<\/strong>, el compartiment lateral de c\u00e0rrega i una ergonomia centrada en la comoditat urbana confirmen que aquesta moto no nom\u00e9s \u00e9s diferent, \u00e9s intel\u00b7ligent.<\/p>\n<p data-start=\"1780\" data-end=\"1953\"><img decoding=\"async\" class=\"alignnone size-full wp-image-213826\" src=\"https:\/\/v2charge.com\/wp-content\/uploads\/2025\/04\/moto-electrica-bmw-ce-04-.jpg\" alt=\"\" width=\"960\" height=\"560\" srcset=\"https:\/\/v2charge.com\/wp-content\/uploads\/2025\/04\/moto-electrica-bmw-ce-04-.jpg 960w, https:\/\/v2charge.com\/wp-content\/uploads\/2025\/04\/moto-electrica-bmw-ce-04--300x175.jpg 300w, https:\/\/v2charge.com\/wp-content\/uploads\/2025\/04\/moto-electrica-bmw-ce-04--768x448.jpg 768w, https:\/\/v2charge.com\/wp-content\/uploads\/2025\/04\/moto-electrica-bmw-ce-04--50x29.jpg 50w\" sizes=\"(max-width: 960px) 100vw, 960px\" \/><\/p>\n<h2 class=\"\" data-start=\"1960\" data-end=\"2005\">Motor el\u00e8ctric potent amb \u00e0nima esportiva<\/h2>\n<p class=\"\" data-start=\"2007\" data-end=\"2219\">Oblida&#8217;t del soroll i les vibracions. La BMW CE04 ofereix una acceleraci\u00f3 gaireb\u00e9 instant\u00e0nia gr\u00e0cies al seu motor sincr\u00f2nic d&#8217;imant permanent refrigerat per l\u00edquid. Per\u00f2 el que realment impressiona s\u00f3n les seves xifres:<\/p>\n<ul data-start=\"2221\" data-end=\"2433\">\n<li class=\"\" data-start=\"2221\" data-end=\"2259\">\n<p class=\"\" data-start=\"2223\" data-end=\"2259\"><strong data-start=\"2223\" data-end=\"2243\">Pot\u00e8ncia m\u00e0xima:<\/strong> 31 kW (42 CV)<\/p>\n<\/li>\n<li class=\"\" data-start=\"2260\" data-end=\"2313\">\n<p class=\"\" data-start=\"2262\" data-end=\"2313\"><strong data-start=\"2262\" data-end=\"2278\">Acceleraci\u00f3:<\/strong> 0 a 50 km\/h en nom\u00e9s 2,6 segons<\/p>\n<\/li>\n<li class=\"\" data-start=\"2314\" data-end=\"2348\">\n<p class=\"\" data-start=\"2316\" data-end=\"2348\"><strong data-start=\"2316\" data-end=\"2337\">Velocitat m\u00e0xima:<\/strong> 120 km\/h<\/p>\n<\/li>\n<li class=\"\" data-start=\"2349\" data-end=\"2393\">\n<p class=\"\" data-start=\"2351\" data-end=\"2393\"><strong data-start=\"2351\" data-end=\"2365\">Autonomia:<\/strong> fins a 130 km (cicle WMTC)<\/p>\n<\/li>\n<li class=\"\" data-start=\"2394\" data-end=\"2433\">\n<p class=\"\" data-start=\"2396\" data-end=\"2433\"><strong data-start=\"2396\" data-end=\"2418\">Consum el\u00e8ctric:<\/strong> 7,7 kWh\/100 km<\/p>\n<\/li>\n<\/ul>\n<p class=\"\" data-start=\"2435\" data-end=\"2559\">I per a qui no tingui el carnet A, hi ha una versi\u00f3 d&#8217;11 kW (15 CV) ideal per a llic\u00e8ncies A1 o perm\u00eds B amb antiguitat.<\/p>\n<h2 class=\"\" data-start=\"2566\" data-end=\"2623\">Solucions de c\u00e0rrega per la BMW CE04 a casa o empresa<\/h2>\n<p class=\"\" data-start=\"2625\" data-end=\"2872\">Aqu\u00ed \u00e9s on entrem nosaltres. A <strong data-start=\"2661\" data-end=\"2668\">V2C<\/strong> entenem que una moto el\u00e8ctrica com la CE04 nom\u00e9s \u00e9s tan \u00fatil com la infraestructura que la recolza. Per aix\u00f2 desenvolupem carregadors dom\u00e8stics i professionals dissenyats 100% a Espanya.<\/p>\n<p class=\"\" data-start=\"2874\" data-end=\"3046\">La <strong data-start=\"2877\" data-end=\"2909\">BMW CE04 admet c\u00e0rrega r\u00e0pida<\/strong>, podent assolir el 80% de la seva bateria en nom\u00e9s 65 minuts amb els carregadors adequats. Amb una instal\u00b7laci\u00f3 intel\u00b7ligent i els carregadors de V2C, pots:<\/p>\n<ul>\n<li data-start=\"3050\" data-end=\"3091\">Recargar de nit amb tarifes redu\u00efdes<\/li>\n<li data-start=\"3094\" data-end=\"3132\">Supervisar el consum des del teu m\u00f2bil<\/li>\n<li data-start=\"3135\" data-end=\"3172\">Programar la c\u00e0rrega segons el teu horari<\/li>\n<li data-start=\"3175\" data-end=\"3220\">Assegurar compatibilitat i seguretat el\u00e8ctrica<\/li>\n<li data-start=\"3222\" data-end=\"3358\">La nostra tecnologia de c\u00e0rrega s&#8217;adapta a la teva rutina. I si tens una empresa, tamb\u00e9 dissenyem solucions per a flotes el\u00e8ctriques urbanes.<\/li>\n<\/ul>\n<h2 class=\"\" data-start=\"3365\" data-end=\"3414\">Tecnologia connectada al servei del conductor<\/h2>\n<p class=\"\" data-start=\"3416\" data-end=\"3548\">BMW no es conforma amb posar una bateria i un motor. La CE04 incorpora un ecosistema digital que eleva l&#8217;experi\u00e8ncia de conducci\u00f3:<\/p>\n<ul>\n<li data-start=\"3552\" data-end=\"3605\"><strong data-start=\"3552\" data-end=\"3578\">Pantalla TFT de 10,25\u201d<\/strong> amb navegaci\u00f3 integrada<\/li>\n<li data-start=\"3608\" data-end=\"3688\"><strong data-start=\"3608\" data-end=\"3638\">App BMW Motorrad Connected<\/strong> per control de c\u00e0rrega, autonomia i diagn\u00f2stics<\/li>\n<li data-start=\"3691\" data-end=\"3723\"><strong data-start=\"3691\" data-end=\"3700\">USB-C<\/strong> per carregar el m\u00f2bil<\/li>\n<li data-start=\"3726\" data-end=\"3762\"><strong data-start=\"3726\" data-end=\"3762\">Sistema de trucada d&#8217;emerg\u00e8ncia<\/strong><\/li>\n<\/ul>\n<p class=\"\" data-start=\"3764\" data-end=\"3881\">\u00c9s una moto que es comunica amb tu. Literalment. Perqu\u00e8 el futur de la mobilitat tamb\u00e9 passa per la connectivitat.<\/p>\n<p data-start=\"3764\" data-end=\"3881\"><img decoding=\"async\" class=\"alignnone size-full wp-image-213837\" src=\"https:\/\/v2charge.com\/wp-content\/uploads\/2025\/04\/moto-electrica-bmw-ce-04-black.jpg\" alt=\"\" width=\"960\" height=\"560\" srcset=\"https:\/\/v2charge.com\/wp-content\/uploads\/2025\/04\/moto-electrica-bmw-ce-04-black.jpg 960w, https:\/\/v2charge.com\/wp-content\/uploads\/2025\/04\/moto-electrica-bmw-ce-04-black-300x175.jpg 300w, https:\/\/v2charge.com\/wp-content\/uploads\/2025\/04\/moto-electrica-bmw-ce-04-black-768x448.jpg 768w, https:\/\/v2charge.com\/wp-content\/uploads\/2025\/04\/moto-electrica-bmw-ce-04-black-50x29.jpg 50w\" sizes=\"(max-width: 960px) 100vw, 960px\" \/><\/p>\n<h2 class=\"\" data-start=\"3888\" data-end=\"3923\">L&#8217;alternativa juvenil: BMW CE02<\/h2>\n<p class=\"\" data-start=\"3925\" data-end=\"4060\">Pensant en un p\u00fablic m\u00e9s jove, BMW llan\u00e7a tamb\u00e9 la <strong data-start=\"3980\" data-end=\"3988\">CE02<\/strong>, una moto el\u00e8ctrica compacta i assequible, ideal per a trajectes urbans:<\/p>\n<ul>\n<li data-start=\"4064\" data-end=\"4111\">Versions de 4 kW (45 km\/h) i 11 kW (95 km\/h)<\/li>\n<li data-start=\"4114\" data-end=\"4138\">Autonomia: fins a 90 km<\/li>\n<li data-start=\"4141\" data-end=\"4181\">C\u00e0rrega completa: entre 90 i 160 minuts<\/li>\n<li data-start=\"4184\" data-end=\"4204\">Preu des de 8.400 \u20ac<\/li>\n<\/ul>\n<p class=\"\" data-start=\"4206\" data-end=\"4310\">Perfecta per a qui s&#8217;inicia en l&#8217;electromobilitat sense renunciar al disseny i la tecnologia alemanya.<\/p>\n<h2 class=\"\" data-start=\"4317\" data-end=\"4388\">Ajuts i subvencions disponibles per a motos el\u00e8ctriques i carregadors<\/h2>\n<p class=\"\" data-start=\"4390\" data-end=\"4600\">L&#8217;auge de la mobilitat el\u00e8ctrica no ha passat desapercebut per a les administracions. Avui, tant el Govern d&#8217;Espanya com les Comunitats Aut\u00f2nomes ofereixen <strong data-start=\"4550\" data-end=\"4572\">subvencions clau<\/strong> com el <strong data-start=\"4581\" data-end=\"4599\">Pla MOVES III<\/strong>.<\/p>\n<p class=\"\" data-start=\"4602\" data-end=\"4624\">Amb aquesta ajuda pots:<\/p>\n<ul>\n<li data-start=\"4628\" data-end=\"4684\">Estalviar fins a <strong data-start=\"4642\" data-end=\"4653\">1.300 \u20ac<\/strong> en la compra d&#8217;una BMW CE04<\/li>\n<li data-start=\"4687\" data-end=\"4757\">Finan\u00e7ar fins al <strong data-start=\"4706\" data-end=\"4755\">70% del cost d&#8217;instal\u00b7laci\u00f3 del carregador V2C<\/strong><\/li>\n<li data-start=\"4760\" data-end=\"4807\">Sol\u00b7licitar bonificacions fiscals en IRPF o IBI<\/li>\n<\/ul>\n<p class=\"\" data-start=\"4809\" data-end=\"4939\">Des de V2C gestionem tota la documentaci\u00f3 per tu. Perqu\u00e8 l&#8217;\u00faltim que volem \u00e9s que un paperassa freni la teva transici\u00f3 el\u00e8ctrica.<\/p>\n<h2 class=\"\" data-start=\"4946\" data-end=\"4970\">Preu de la BMW CE04<\/h2>\n<p class=\"\" data-start=\"4972\" data-end=\"5131\">La BMW CE04 parteix d&#8217;un preu de <strong data-start=\"5006\" data-end=\"5018\">12.050 \u20ac<\/strong>, depenent de versions i extres. Encara que a simple vista pot semblar una inversi\u00f3 elevada, el cert \u00e9s que:<\/p>\n<ul>\n<li data-start=\"5135\" data-end=\"5157\">No requereix gasolina<\/li>\n<li data-start=\"5160\" data-end=\"5190\">T\u00e9 molt poc manteniment<\/li>\n<li data-start=\"5193\" data-end=\"5265\">La bateria ofereix m\u00e9s de 1.000 cicles de c\u00e0rrega sense deteriorament perceptible<\/li>\n<\/ul>\n<h2 class=\"\" data-start=\"5339\" data-end=\"5386\">Per qu\u00e8 triar la BMW CE04 i un carregador V2C<\/h2>\n<p class=\"\" data-start=\"5388\" data-end=\"5584\"><strong data-start=\"5388\" data-end=\"5433\">Val la pena invertir en una BMW CE04?<\/strong> La resposta \u00e9s s\u00ed. Per\u00f2 m\u00e9s encara, <strong data-start=\"5468\" data-end=\"5499\">val la pena fer-ho b\u00e9<\/strong>, acompanyant la teva moto d&#8217;una infraestructura de c\u00e0rrega intel\u00b7ligent, fiable i adaptada.<\/p>\n<p class=\"\" data-start=\"5586\" data-end=\"5777\">A V2C no venem nom\u00e9s carregadors. Creem sistemes eficients, segurs i sostenibles per a la teva vida el\u00e8ctrica. Fabricuem a Espanya. Instal\u00b7lem a tota Espanya. I assessorem amb transpar\u00e8ncia.<\/p>\n<h2 class=\"\" data-start=\"5784\" data-end=\"5825\">Preguntes freq\u00fcents sobre la BMW CE04<\/h2>\n<p>Respostes curtes a les preguntes m\u00e9s freq\u00fcents dels nostres clients sobre carregadors el\u00e8ctrics i la nova BMW CE04. Si t&#8217;interessen les motos, et recomanem la nostra guia de les <strong><a href=\"https:\/\/v2charge.com\/ca\/les-10-millors-motos-electriques-descobreix-el-millor-scooter-electric\/\">10 millors motos el\u00e8ctriques del moment<\/a><\/strong>.<\/p>\n<h3 data-start=\"5827\" data-end=\"6011\">Quin carnet necessito per conduir la BMW CE04?<\/h3>\n<p class=\"\" data-start=\"5827\" data-end=\"6011\">Per a la versi\u00f3 de 31 kW necessites el carnet A2 o A. La versi\u00f3 d&#8217;11 kW es pot conduir amb A1 o B amb tres anys d&#8217;experi\u00e8ncia.<\/p>\n<h3 data-start=\"6013\" data-end=\"6143\">Quant triga a carregar-se la BMW CE04?<\/h3>\n<p class=\"\" data-start=\"6013\" data-end=\"6143\">Amb c\u00e0rrega r\u00e0pida, un 80% en 65 minuts. Amb un carregador dom\u00e8stic, entre 4 i 5 hores.<\/p>\n<h3 data-start=\"6145\" data-end=\"6323\">Quins ajuts hi ha per comprar una BMW CE04?<\/h3>\n<p class=\"\" data-start=\"6145\" data-end=\"6323\">El Pla MOVES III permet accedir a descomptes de fins a 1.300 \u20ac en la compra i fins al 70% en la instal\u00b7laci\u00f3 de punts de c\u00e0rrega.<\/p>\n<h3 data-start=\"6325\" data-end=\"6501\">\u00c9s rendible enfront d&#8217;un scooter de gasolina?<\/h3>\n<p class=\"\" data-start=\"6325\" data-end=\"6501\">S\u00ed. Encara que el preu inicial \u00e9s m\u00e9s alt, es compensa amb un menor cost per quil\u00f2metre, menor manteniment i beneficis fiscals.<\/p>\n<h3 data-start=\"6503\" data-end=\"6663\">Quina autonomia t\u00e9 en \u00fas real?<\/h3>\n<p class=\"\" data-start=\"6503\" data-end=\"6663\">La CE04 pot rec\u00f3rrer entre 110 i 130 km per c\u00e0rrega, depenent de l&#8217;estil de conducci\u00f3 i les condicions del tr\u00e0nsit.<\/p>\n<h3 data-start=\"6665\" data-end=\"6844\">Puc instal\u00b7lar un carregador al meu garatge comunitari?<\/h3>\n<p class=\"\" data-start=\"6665\" data-end=\"6844\">S\u00ed. A V2C t&#8217;ajudem amb la gesti\u00f3 legal i t\u00e8cnica per instal\u00b7lar carregadors fins i tot en places de garatge compartides amb la nostra xarxa de <strong><a href=\"https:\/\/v2charge.com\/ca\/troba-instalador\/\">instal\u00b7ladors de punts de rec\u00e0rrega<\/a><\/strong>.<\/p>\n<h2 class=\"\" data-start=\"6851\" data-end=\"6864\">La moto el\u00e8ctrica de BMW que est\u00e0 canviant el m\u00f3n de la mobilitat el\u00e8ctrica<\/h2>\n<p class=\"\" data-start=\"6866\" data-end=\"7076\">La <strong data-start=\"6869\" data-end=\"6881\">BMW CE04<\/strong> no \u00e9s nom\u00e9s una moto el\u00e8ctrica. \u00c9s una visi\u00f3 del futur que ja est\u00e0 present. Combina disseny agosarat, pot\u00e8ncia eficient i tecnologia avan\u00e7ada, redefinint el que significa moure&#8217;s per la ciutat.<\/p>\n<p class=\"\" data-start=\"7078\" data-end=\"7428\">A V2C, estem conven\u00e7uts que l&#8217;electromobilitat va m\u00e9s enll\u00e0 del vehicle. Per aix\u00f2 oferim <strong data-start=\"7177\" data-end=\"7204\">carregadors intel\u00b7ligents<\/strong>, fabricats aqu\u00ed, a Espanya, perqu\u00e8 sempre tinguis l&#8217;energia que la teva BMW CE04 necessita. I ho fem amb atenci\u00f3 personalitzada, instal\u00b7laci\u00f3 professional i la confian\u00e7a d&#8217;una marca que aposta per un futur sense emissions.<\/p>\n<p data-start=\"7078\" data-end=\"7428\"><a href=\"https:\/\/v2charge.com\/ca\/troba-instalador\/\"><img decoding=\"async\" class=\"alignnone size-full wp-image-184255\" src=\"https:\/\/v2charge.com\/wp-content\/uploads\/2024\/10\/instaladores-cargador-coche-electrico.jpg\" alt=\"Instal\u00b7ladors carregador cotxe el\u00e8ctric i cotxe h\u00edbrid\" width=\"818\" height=\"818\" srcset=\"https:\/\/v2charge.com\/wp-content\/uploads\/2024\/10\/instaladores-cargador-coche-electrico.jpg 818w, https:\/\/v2charge.com\/wp-content\/uploads\/2024\/10\/instaladores-cargador-coche-electrico-300x300.jpg 300w, https:\/\/v2charge.com\/wp-content\/uploads\/2024\/10\/instaladores-cargador-coche-electrico-150x150.jpg 150w, https:\/\/v2charge.com\/wp-content\/uploads\/2024\/10\/instaladores-cargador-coche-electrico-768x768.jpg 768w\" sizes=\"(max-width: 818px) 100vw, 818px\" \/><\/a><\/p>\n","protected":false},"excerpt":{"rendered":"<p>L&#8217;electrificaci\u00f3 ja no \u00e9s una predicci\u00f3. \u00c9s una revoluci\u00f3 que avan\u00e7a a tota velocitat, i al cor d&#8217;aquesta evoluci\u00f3 es troba la BMW CE04, una moto el\u00e8ctrica amb car\u00e0cter futurista i ADN alemany. A V2C, com a experts en infraestructures de c\u00e0rrega per a vehicles el\u00e8ctrics, no nom\u00e9s observem aquesta transformaci\u00f3: la liderem. Des de &#8230; <a title=\"BMW CE04: El scooter el\u00e8ctric de BMW que marca el futur urb\u00e0\" class=\"read-more\" href=\"https:\/\/v2charge.com\/ca\/bmw-ce04-el-scooter-electric-de-bmw-que-marca-el-futur-urba\/\" aria-label=\"M\u00e9s informaci\u00f3 sobre BMW CE04: El scooter el\u00e8ctric de BMW que marca el futur urb\u00e0\">Llegiu m\u00e9s<\/a><\/p>\n","protected":false},"author":400,"featured_media":213815,"comment_status":"closed","ping_status":"closed","sticky":false,"template":"","format":"standard","meta":{"_eb_attr":"","content-type":"","_uag_custom_page_level_css":"","footnotes":""},"categories":[],"tags":[],"class_list":["post-310314","post","type-post","status-publish","format-standard","has-post-thumbnail","hentry"],"yoast_head":"<!-- This site is optimized with the Yoast SEO plugin v25.3.1 - https:\/\/yoast.com\/wordpress\/plugins\/seo\/ -->\n<title>BMW CE04 la Millor Moto El\u00e8ctrica de BMW<\/title>\n<meta name=\"description\" content=\"Descobreix la BMW CE04, la moto el\u00e8ctrica de BMW que redefineix la mobilitat urbana amb tecnologia, disseny i autonomia excepcionals.\" \/>\n<meta name=\"robots\" content=\"index, follow, max-snippet:-1, max-image-preview:large, max-video-preview:-1\" \/>\n<link rel=\"canonical\" href=\"https:\/\/v2charge.com\/ca\/bmw-ce04-el-scooter-electric-de-bmw-que-marca-el-futur-urba\/\" \/>\n<meta property=\"og:locale\" content=\"ca_ES\" \/>\n<meta property=\"og:type\" content=\"article\" \/>\n<meta property=\"og:title\" content=\"BMW CE04 la Millor Moto El\u00e8ctrica de BMW\" \/>\n<meta property=\"og:description\" content=\"Descobreix la BMW CE04, la moto el\u00e8ctrica de BMW que redefineix la mobilitat urbana amb tecnologia, disseny i autonomia excepcionals.\" \/>\n<meta property=\"og:url\" content=\"https:\/\/v2charge.com\/ca\/bmw-ce04-el-scooter-electric-de-bmw-que-marca-el-futur-urba\/\" \/>\n<meta property=\"og:site_name\" content=\"V2C\" \/>\n<meta property=\"article:publisher\" content=\"https:\/\/www.facebook.com\/V2C.Charge\" \/>\n<meta property=\"article:published_time\" content=\"2025-04-07T13:18:24+00:00\" \/>\n<meta property=\"article:modified_time\" content=\"2025-04-07T13:18:25+00:00\" \/>\n<meta property=\"og:image\" content=\"https:\/\/v2charge.com\/wp-content\/uploads\/2025\/04\/bmw-ce-04-moto-electrica-bmw.jpg\" \/>\n\t<meta property=\"og:image:width\" content=\"960\" \/>\n\t<meta property=\"og:image:height\" content=\"560\" \/>\n\t<meta property=\"og:image:type\" content=\"image\/jpeg\" \/>\n<meta name=\"author\" content=\"V2C\" \/>\n<meta name=\"twitter:card\" content=\"summary_large_image\" \/>\n<meta name=\"twitter:creator\" content=\"@V2C_Charge\" \/>\n<meta name=\"twitter:site\" content=\"@V2C_Charge\" \/>\n<meta name=\"twitter:label1\" content=\"Escrit per\" \/>\n\t<meta name=\"twitter:data1\" content=\"V2C\" \/>\n\t<meta name=\"twitter:label2\" content=\"Temps estimat de lectura\" \/>\n\t<meta name=\"twitter:data2\" content=\"6 minuts\" \/>\n<script type=\"application\/ld+json\" class=\"yoast-schema-graph\">{\"@context\":\"https:\/\/schema.org\",\"@graph\":[{\"@type\":\"Article\",\"@id\":\"https:\/\/v2charge.com\/ca\/bmw-ce04-el-scooter-electric-de-bmw-que-marca-el-futur-urba\/#article\",\"isPartOf\":{\"@id\":\"https:\/\/v2charge.com\/ca\/bmw-ce04-el-scooter-electric-de-bmw-que-marca-el-futur-urba\/\"},\"author\":{\"name\":\"V2C\",\"@id\":\"https:\/\/v2charge.com\/ca\/#\/schema\/person\/d6f210a94a856acdddec347b2127fd0f\"},\"headline\":\"BMW CE04: El scooter el\u00e8ctric de BMW que marca el futur urb\u00e0\",\"datePublished\":\"2025-04-07T13:18:24+00:00\",\"dateModified\":\"2025-04-07T13:18:25+00:00\",\"mainEntityOfPage\":{\"@id\":\"https:\/\/v2charge.com\/ca\/bmw-ce04-el-scooter-electric-de-bmw-que-marca-el-futur-urba\/\"},\"wordCount\":1246,\"publisher\":{\"@id\":\"https:\/\/v2charge.com\/ca\/#organization\"},\"image\":{\"@id\":\"https:\/\/v2charge.com\/ca\/bmw-ce04-el-scooter-electric-de-bmw-que-marca-el-futur-urba\/#primaryimage\"},\"thumbnailUrl\":\"https:\/\/v2charge.com\/wp-content\/uploads\/2025\/04\/bmw-ce-04-moto-electrica-bmw.jpg\",\"inLanguage\":\"ca\"},{\"@type\":\"WebPage\",\"@id\":\"https:\/\/v2charge.com\/ca\/bmw-ce04-el-scooter-electric-de-bmw-que-marca-el-futur-urba\/\",\"url\":\"https:\/\/v2charge.com\/ca\/bmw-ce04-el-scooter-electric-de-bmw-que-marca-el-futur-urba\/\",\"name\":\"BMW CE04 la Millor Moto El\u00e8ctrica de BMW\",\"isPartOf\":{\"@id\":\"https:\/\/v2charge.com\/ca\/#website\"},\"primaryImageOfPage\":{\"@id\":\"https:\/\/v2charge.com\/ca\/bmw-ce04-el-scooter-electric-de-bmw-que-marca-el-futur-urba\/#primaryimage\"},\"image\":{\"@id\":\"https:\/\/v2charge.com\/ca\/bmw-ce04-el-scooter-electric-de-bmw-que-marca-el-futur-urba\/#primaryimage\"},\"thumbnailUrl\":\"https:\/\/v2charge.com\/wp-content\/uploads\/2025\/04\/bmw-ce-04-moto-electrica-bmw.jpg\",\"datePublished\":\"2025-04-07T13:18:24+00:00\",\"dateModified\":\"2025-04-07T13:18:25+00:00\",\"description\":\"Descobreix la BMW CE04, la moto el\u00e8ctrica de BMW que redefineix la mobilitat urbana amb tecnologia, disseny i autonomia excepcionals.\",\"breadcrumb\":{\"@id\":\"https:\/\/v2charge.com\/ca\/bmw-ce04-el-scooter-electric-de-bmw-que-marca-el-futur-urba\/#breadcrumb\"},\"inLanguage\":\"ca\",\"potentialAction\":[{\"@type\":\"ReadAction\",\"target\":[\"https:\/\/v2charge.com\/ca\/bmw-ce04-el-scooter-electric-de-bmw-que-marca-el-futur-urba\/\"]}]},{\"@type\":\"ImageObject\",\"inLanguage\":\"ca\",\"@id\":\"https:\/\/v2charge.com\/ca\/bmw-ce04-el-scooter-electric-de-bmw-que-marca-el-futur-urba\/#primaryimage\",\"url\":\"https:\/\/v2charge.com\/wp-content\/uploads\/2025\/04\/bmw-ce-04-moto-electrica-bmw.jpg\",\"contentUrl\":\"https:\/\/v2charge.com\/wp-content\/uploads\/2025\/04\/bmw-ce-04-moto-electrica-bmw.jpg\",\"width\":960,\"height\":560,\"caption\":\"Moto el\u00e9ctrica BMW CE04 Black\"},{\"@type\":\"BreadcrumbList\",\"@id\":\"https:\/\/v2charge.com\/ca\/bmw-ce04-el-scooter-electric-de-bmw-que-marca-el-futur-urba\/#breadcrumb\",\"itemListElement\":[{\"@type\":\"ListItem\",\"position\":1,\"name\":\"V2C\",\"item\":\"https:\/\/v2charge.com\/ca\/\"},{\"@type\":\"ListItem\",\"position\":2,\"name\":\"Coches el\u00e9ctricos\",\"item\":\"https:\/\/v2charge.com\/es\/coches-electricos\/\"},{\"@type\":\"ListItem\",\"position\":3,\"name\":\"BMW CE04: El scooter el\u00e8ctric de BMW que marca el futur urb\u00e0\"}]},{\"@type\":\"WebSite\",\"@id\":\"https:\/\/v2charge.com\/ca\/#website\",\"url\":\"https:\/\/v2charge.com\/ca\/\",\"name\":\"V2C\",\"description\":\"#CargandoElMa\u00f1ana\",\"publisher\":{\"@id\":\"https:\/\/v2charge.com\/ca\/#organization\"},\"potentialAction\":[{\"@type\":\"SearchAction\",\"target\":{\"@type\":\"EntryPoint\",\"urlTemplate\":\"https:\/\/v2charge.com\/ca\/?s={search_term_string}\"},\"query-input\":{\"@type\":\"PropertyValueSpecification\",\"valueRequired\":true,\"valueName\":\"search_term_string\"}}],\"inLanguage\":\"ca\"},{\"@type\":\"Organization\",\"@id\":\"https:\/\/v2charge.com\/ca\/#organization\",\"name\":\"V2C\",\"url\":\"https:\/\/v2charge.com\/ca\/\",\"logo\":{\"@type\":\"ImageObject\",\"inLanguage\":\"ca\",\"@id\":\"https:\/\/v2charge.com\/ca\/#\/schema\/logo\/image\/\",\"url\":\"https:\/\/v2charge.com\/wp-content\/uploads\/2024\/11\/cropped-v2c-charge-logo-menu.png\",\"contentUrl\":\"https:\/\/v2charge.com\/wp-content\/uploads\/2024\/11\/cropped-v2c-charge-logo-menu.png\",\"width\":984,\"height\":431,\"caption\":\"V2C\"},\"image\":{\"@id\":\"https:\/\/v2charge.com\/ca\/#\/schema\/logo\/image\/\"},\"sameAs\":[\"https:\/\/www.facebook.com\/V2C.Charge\",\"https:\/\/x.com\/V2C_Charge\",\"https:\/\/www.instagram.com\/v2c.charge\/\",\"https:\/\/www.youtube.com\/@V2C\",\"https:\/\/www.linkedin.com\/company\/v2c-chargers\/\"]},{\"@type\":\"Person\",\"@id\":\"https:\/\/v2charge.com\/ca\/#\/schema\/person\/d6f210a94a856acdddec347b2127fd0f\",\"name\":\"V2C\",\"image\":{\"@type\":\"ImageObject\",\"inLanguage\":\"ca\",\"@id\":\"https:\/\/v2charge.com\/ca\/#\/schema\/person\/image\/\",\"url\":\"https:\/\/secure.gravatar.com\/avatar\/a91128c4c0d2f4d63bd586301fdec6cc9aa49c885839b25d1c62700f529f267c?s=96&d=mm&r=g\",\"contentUrl\":\"https:\/\/secure.gravatar.com\/avatar\/a91128c4c0d2f4d63bd586301fdec6cc9aa49c885839b25d1c62700f529f267c?s=96&d=mm&r=g\",\"caption\":\"V2C\"}}]}<\/script>\n<!-- \/ Yoast SEO plugin. -->","yoast_head_json":{"title":"BMW CE04 la Millor Moto El\u00e8ctrica de BMW","description":"Descobreix la BMW CE04, la moto el\u00e8ctrica de BMW que redefineix la mobilitat urbana amb tecnologia, disseny i autonomia excepcionals.","robots":{"index":"index","follow":"follow","max-snippet":"max-snippet:-1","max-image-preview":"max-image-preview:large","max-video-preview":"max-video-preview:-1"},"canonical":"https:\/\/v2charge.com\/ca\/bmw-ce04-el-scooter-electric-de-bmw-que-marca-el-futur-urba\/","og_locale":"ca_ES","og_type":"article","og_title":"BMW CE04 la Millor Moto El\u00e8ctrica de BMW","og_description":"Descobreix la BMW CE04, la moto el\u00e8ctrica de BMW que redefineix la mobilitat urbana amb tecnologia, disseny i autonomia excepcionals.","og_url":"https:\/\/v2charge.com\/ca\/bmw-ce04-el-scooter-electric-de-bmw-que-marca-el-futur-urba\/","og_site_name":"V2C","article_publisher":"https:\/\/www.facebook.com\/V2C.Charge","article_published_time":"2025-04-07T13:18:24+00:00","article_modified_time":"2025-04-07T13:18:25+00:00","og_image":[{"width":960,"height":560,"url":"https:\/\/v2charge.com\/wp-content\/uploads\/2025\/04\/bmw-ce-04-moto-electrica-bmw.jpg","type":"image\/jpeg"}],"author":"V2C","twitter_card":"summary_large_image","twitter_creator":"@V2C_Charge","twitter_site":"@V2C_Charge","twitter_misc":{"Escrit per":"V2C","Temps estimat de lectura":"6 minuts"},"schema":{"@context":"https:\/\/schema.org","@graph":[{"@type":"Article","@id":"https:\/\/v2charge.com\/ca\/bmw-ce04-el-scooter-electric-de-bmw-que-marca-el-futur-urba\/#article","isPartOf":{"@id":"https:\/\/v2charge.com\/ca\/bmw-ce04-el-scooter-electric-de-bmw-que-marca-el-futur-urba\/"},"author":{"name":"V2C","@id":"https:\/\/v2charge.com\/ca\/#\/schema\/person\/d6f210a94a856acdddec347b2127fd0f"},"headline":"BMW CE04: El scooter el\u00e8ctric de BMW que marca el futur urb\u00e0","datePublished":"2025-04-07T13:18:24+00:00","dateModified":"2025-04-07T13:18:25+00:00","mainEntityOfPage":{"@id":"https:\/\/v2charge.com\/ca\/bmw-ce04-el-scooter-electric-de-bmw-que-marca-el-futur-urba\/"},"wordCount":1246,"publisher":{"@id":"https:\/\/v2charge.com\/ca\/#organization"},"image":{"@id":"https:\/\/v2charge.com\/ca\/bmw-ce04-el-scooter-electric-de-bmw-que-marca-el-futur-urba\/#primaryimage"},"thumbnailUrl":"https:\/\/v2charge.com\/wp-content\/uploads\/2025\/04\/bmw-ce-04-moto-electrica-bmw.jpg","inLanguage":"ca"},{"@type":"WebPage","@id":"https:\/\/v2charge.com\/ca\/bmw-ce04-el-scooter-electric-de-bmw-que-marca-el-futur-urba\/","url":"https:\/\/v2charge.com\/ca\/bmw-ce04-el-scooter-electric-de-bmw-que-marca-el-futur-urba\/","name":"BMW CE04 la Millor Moto El\u00e8ctrica de BMW","isPartOf":{"@id":"https:\/\/v2charge.com\/ca\/#website"},"primaryImageOfPage":{"@id":"https:\/\/v2charge.com\/ca\/bmw-ce04-el-scooter-electric-de-bmw-que-marca-el-futur-urba\/#primaryimage"},"image":{"@id":"https:\/\/v2charge.com\/ca\/bmw-ce04-el-scooter-electric-de-bmw-que-marca-el-futur-urba\/#primaryimage"},"thumbnailUrl":"https:\/\/v2charge.com\/wp-content\/uploads\/2025\/04\/bmw-ce-04-moto-electrica-bmw.jpg","datePublished":"2025-04-07T13:18:24+00:00","dateModified":"2025-04-07T13:18:25+00:00","description":"Descobreix la BMW CE04, la moto el\u00e8ctrica de BMW que redefineix la mobilitat urbana amb tecnologia, disseny i autonomia excepcionals.","breadcrumb":{"@id":"https:\/\/v2charge.com\/ca\/bmw-ce04-el-scooter-electric-de-bmw-que-marca-el-futur-urba\/#breadcrumb"},"inLanguage":"ca","potentialAction":[{"@type":"ReadAction","target":["https:\/\/v2charge.com\/ca\/bmw-ce04-el-scooter-electric-de-bmw-que-marca-el-futur-urba\/"]}]},{"@type":"ImageObject","inLanguage":"ca","@id":"https:\/\/v2charge.com\/ca\/bmw-ce04-el-scooter-electric-de-bmw-que-marca-el-futur-urba\/#primaryimage","url":"https:\/\/v2charge.com\/wp-content\/uploads\/2025\/04\/bmw-ce-04-moto-electrica-bmw.jpg","contentUrl":"https:\/\/v2charge.com\/wp-content\/uploads\/2025\/04\/bmw-ce-04-moto-electrica-bmw.jpg","width":960,"height":560,"caption":"Moto el\u00e9ctrica BMW CE04 Black"},{"@type":"BreadcrumbList","@id":"https:\/\/v2charge.com\/ca\/bmw-ce04-el-scooter-electric-de-bmw-que-marca-el-futur-urba\/#breadcrumb","itemListElement":[{"@type":"ListItem","position":1,"name":"V2C","item":"https:\/\/v2charge.com\/ca\/"},{"@type":"ListItem","position":2,"name":"Coches el\u00e9ctricos","item":"https:\/\/v2charge.com\/es\/coches-electricos\/"},{"@type":"ListItem","position":3,"name":"BMW CE04: El scooter el\u00e8ctric de BMW que marca el futur urb\u00e0"}]},{"@type":"WebSite","@id":"https:\/\/v2charge.com\/ca\/#website","url":"https:\/\/v2charge.com\/ca\/","name":"V2C","description":"#CargandoElMa\u00f1ana","publisher":{"@id":"https:\/\/v2charge.com\/ca\/#organization"},"potentialAction":[{"@type":"SearchAction","target":{"@type":"EntryPoint","urlTemplate":"https:\/\/v2charge.com\/ca\/?s={search_term_string}"},"query-input":{"@type":"PropertyValueSpecification","valueRequired":true,"valueName":"search_term_string"}}],"inLanguage":"ca"},{"@type":"Organization","@id":"https:\/\/v2charge.com\/ca\/#organization","name":"V2C","url":"https:\/\/v2charge.com\/ca\/","logo":{"@type":"ImageObject","inLanguage":"ca","@id":"https:\/\/v2charge.com\/ca\/#\/schema\/logo\/image\/","url":"https:\/\/v2charge.com\/wp-content\/uploads\/2024\/11\/cropped-v2c-charge-logo-menu.png","contentUrl":"https:\/\/v2charge.com\/wp-content\/uploads\/2024\/11\/cropped-v2c-charge-logo-menu.png","width":984,"height":431,"caption":"V2C"},"image":{"@id":"https:\/\/v2charge.com\/ca\/#\/schema\/logo\/image\/"},"sameAs":["https:\/\/www.facebook.com\/V2C.Charge","https:\/\/x.com\/V2C_Charge","https:\/\/www.instagram.com\/v2c.charge\/","https:\/\/www.youtube.com\/@V2C","https:\/\/www.linkedin.com\/company\/v2c-chargers\/"]},{"@type":"Person","@id":"https:\/\/v2charge.com\/ca\/#\/schema\/person\/d6f210a94a856acdddec347b2127fd0f","name":"V2C","image":{"@type":"ImageObject","inLanguage":"ca","@id":"https:\/\/v2charge.com\/ca\/#\/schema\/person\/image\/","url":"https:\/\/secure.gravatar.com\/avatar\/a91128c4c0d2f4d63bd586301fdec6cc9aa49c885839b25d1c62700f529f267c?s=96&d=mm&r=g","contentUrl":"https:\/\/secure.gravatar.com\/avatar\/a91128c4c0d2f4d63bd586301fdec6cc9aa49c885839b25d1c62700f529f267c?s=96&d=mm&r=g","caption":"V2C"}}]}},"uagb_featured_image_src":{"full":["https:\/\/v2charge.com\/wp-content\/uploads\/2025\/04\/bmw-ce-04-moto-electrica-bmw.jpg",960,560,false],"thumbnail":["https:\/\/v2charge.com\/wp-content\/uploads\/2025\/04\/bmw-ce-04-moto-electrica-bmw-150x150.jpg",150,150,true],"medium":["https:\/\/v2charge.com\/wp-content\/uploads\/2025\/04\/bmw-ce-04-moto-electrica-bmw-300x175.jpg",300,175,true],"medium_large":["https:\/\/v2charge.com\/wp-content\/uploads\/2025\/04\/bmw-ce-04-moto-electrica-bmw-768x448.jpg",768,448,true],"large":["https:\/\/v2charge.com\/wp-content\/uploads\/2025\/04\/bmw-ce-04-moto-electrica-bmw.jpg",960,560,false],"gs-tiny":["https:\/\/v2charge.com\/wp-content\/uploads\/2025\/04\/bmw-ce-04-moto-electrica-bmw-50x29.jpg",50,29,true],"xl":["https:\/\/v2charge.com\/wp-content\/uploads\/2025\/04\/bmw-ce-04-moto-electrica-bmw.jpg",960,560,false],"xxl":["https:\/\/v2charge.com\/wp-content\/uploads\/2025\/04\/bmw-ce-04-moto-electrica-bmw.jpg",960,560,false],"xxxl":["https:\/\/v2charge.com\/wp-content\/uploads\/2025\/04\/bmw-ce-04-moto-electrica-bmw.jpg",960,560,false],"xxxxl":["https:\/\/v2charge.com\/wp-content\/uploads\/2025\/04\/bmw-ce-04-moto-electrica-bmw.jpg",960,560,false],"xxxxxl":["https:\/\/v2charge.com\/wp-content\/uploads\/2025\/04\/bmw-ce-04-moto-electrica-bmw.jpg",960,560,false],"1536x1536":["https:\/\/v2charge.com\/wp-content\/uploads\/2025\/04\/bmw-ce-04-moto-electrica-bmw.jpg",960,560,false],"2048x2048":["https:\/\/v2charge.com\/wp-content\/uploads\/2025\/04\/bmw-ce-04-moto-electrica-bmw.jpg",960,560,false]},"uagb_author_info":{"display_name":"V2C","author_link":"https:\/\/v2charge.com\/ca\/author\/marketing\/"},"uagb_comment_info":0,"uagb_excerpt":"L&#8217;electrificaci\u00f3 ja no \u00e9s una predicci\u00f3. \u00c9s una revoluci\u00f3 que avan\u00e7a a tota velocitat, i al cor d&#8217;aquesta evoluci\u00f3 es troba la BMW CE04, una moto el\u00e8ctrica amb car\u00e0cter futurista i ADN alemany. A V2C, com a experts en infraestructures de c\u00e0rrega per a vehicles el\u00e8ctrics, no nom\u00e9s observem aquesta transformaci\u00f3: la liderem. Des de&hellip;","_links":{"self":[{"href":"https:\/\/v2charge.com\/ca\/wp-json\/wp\/v2\/posts\/310314","targetHints":{"allow":["GET"]}}],"collection":[{"href":"https:\/\/v2charge.com\/ca\/wp-json\/wp\/v2\/posts"}],"about":[{"href":"https:\/\/v2charge.com\/ca\/wp-json\/wp\/v2\/types\/post"}],"author":[{"embeddable":true,"href":"https:\/\/v2charge.com\/ca\/wp-json\/wp\/v2\/users\/400"}],"replies":[{"embeddable":true,"href":"https:\/\/v2charge.com\/ca\/wp-json\/wp\/v2\/comments?post=310314"}],"version-history":[{"count":0,"href":"https:\/\/v2charge.com\/ca\/wp-json\/wp\/v2\/posts\/310314\/revisions"}],"wp:featuredmedia":[{"embeddable":true,"href":"https:\/\/v2charge.com\/ca\/wp-json\/wp\/v2\/media\/213815"}],"wp:attachment":[{"href":"https:\/\/v2charge.com\/ca\/wp-json\/wp\/v2\/media?parent=310314"}],"wp:term":[{"taxonomy":"category","embeddable":true,"href":"https:\/\/v2charge.com\/ca\/wp-json\/wp\/v2\/categories?post=310314"},{"taxonomy":"post_tag","embeddable":true,"href":"https:\/\/v2charge.com\/ca\/wp-json\/wp\/v2\/tags?post=310314"}],"curies":[{"name":"wp","href":"https:\/\/api.w.org\/{rel}","templated":true}]}}