{"id":310323,"date":"2025-05-29T13:09:50","date_gmt":"2025-05-29T11:09:50","guid":{"rendered":""},"modified":"2025-08-19T11:15:45","modified_gmt":"2025-08-19T09:15:45","slug":"blade-2-0-byd-nueva-bateria-coche-electrico-cat","status":"publish","type":"post","link":"https:\/\/v2charge.com\/ca\/blade-2-0-byd-nueva-bateria-coche-electrico-cat\/","title":{"rendered":"Blade 2.0 BYD: La nova bateria de BYD que transformar\u00e0 la mobilitat el\u00e8ctrica el 2025"},"content":{"rendered":"<p data-start=\"1035\" data-end=\"1479\">La segona generaci\u00f3 de bateries LFP de BYD, la <strong data-start=\"1084\" data-end=\"1097\">Blade 2.0<\/strong>, promet m\u00e9s autonomia, major vida \u00fatil i una seguretat sense precedents. El seu disseny estructural, capa\u00e7 de resistir m\u00e9s de <strong data-start=\"1219\" data-end=\"1244\">300\u00b0C sense incendiar-se<\/strong>, la converteix en una refer\u00e8ncia tecnol\u00f2gica sense rival. I el m\u00e9s important: aquesta innovaci\u00f3 no nom\u00e9s millora els vehicles el\u00e8ctrics. Tamb\u00e9 exigeix repensar la infraestructura de c\u00e0rrega, on nosaltres a <strong data-start=\"1448\" data-end=\"1455\">V2C<\/strong> marquem la difer\u00e8ncia.<\/p>\n<h2 data-start=\"1486\" data-end=\"1537\">Qu\u00e8 \u00e9s exactament la bateria blade 2.0 de BYD?<\/h2>\n<p data-start=\"1539\" data-end=\"1831\">La <strong data-start=\"1542\" data-end=\"1555\">blade 2.0<\/strong> \u00e9s una evoluci\u00f3 de la bateria LFP de BYD que millora la densitat energ\u00e8tica, la resist\u00e8ncia t\u00e8rmica i la sostenibilitat. Substitueix materials pol\u00e8mics com el n\u00edquel o el cobalt, i ofereix una autonomia de fins a <strong data-start=\"1760\" data-end=\"1770\">690 km<\/strong> amb m\u00e9s de <strong data-start=\"1782\" data-end=\"1807\">3.000 cicles de c\u00e0rrega<\/strong> sense degradaci\u00f3 severa.<\/p>\n<p data-start=\"1539\" data-end=\"1831\"><img decoding=\"async\" class=\"alignnone size-full wp-image-225890\" src=\"https:\/\/v2charge.com\/wp-content\/uploads\/2025\/05\/blade-2-byd-bateria-segura-caracteristicas.jpg\" alt=\"Blade 2.0 BYD: La nova bateria de BYD que transformar\u00e0 la mobilitat el\u00e8ctrica el 2025\" width=\"960\" height=\"560\" srcset=\"https:\/\/v2charge.com\/wp-content\/uploads\/2025\/05\/blade-2-byd-bateria-segura-caracteristicas.jpg 960w, https:\/\/v2charge.com\/wp-content\/uploads\/2025\/05\/blade-2-byd-bateria-segura-caracteristicas-300x175.jpg 300w, https:\/\/v2charge.com\/wp-content\/uploads\/2025\/05\/blade-2-byd-bateria-segura-caracteristicas-768x448.jpg 768w, https:\/\/v2charge.com\/wp-content\/uploads\/2025\/05\/blade-2-byd-bateria-segura-caracteristicas-50x29.jpg 50w\" sizes=\"(max-width: 960px) 100vw, 960px\" \/><\/p>\n<h3 data-start=\"1833\" data-end=\"1858\">Caracter\u00edstiques clau de la nova bateria blade 2.0<\/h3>\n<ul>\n<li data-start=\"1862\" data-end=\"1921\">Tecnologia LFP (liti-ferrofosfat) sense cobalt ni n\u00edquel<\/li>\n<li data-start=\"1924\" data-end=\"1978\">Autonomia millorada: fins a 690 km en entorns urbans<\/li>\n<li data-start=\"1981\" data-end=\"2018\">C\u00e0rrega r\u00e0pida: versions de fins a 8C<\/li>\n<li data-start=\"2021\" data-end=\"2067\">Vida \u00fatil: m\u00e9s de 1,2 milions de quil\u00f2metres<\/li>\n<li data-start=\"2070\" data-end=\"2147\">Seguretat avan\u00e7ada: supera proves extremes de perforaci\u00f3, impacte i calor<\/li>\n<\/ul>\n<h2 data-start=\"2154\" data-end=\"2224\">Quines millores introdueix la blade 2.0 respecte a la seva versi\u00f3 anterior?<\/h2>\n<p data-start=\"2226\" data-end=\"2482\">La millora m\u00e9s evident \u00e9s el seu <strong data-start=\"2255\" data-end=\"2297\">augment del 40% en densitat energ\u00e8tica<\/strong>, permetent reduir espai i pes sense comprometre pot\u00e8ncia. A m\u00e9s, el seu cost de producci\u00f3 ha baixat un <strong data-start=\"2404\" data-end=\"2411\">15%<\/strong>, fent m\u00e9s accessible l&#8217;electrificaci\u00f3 del parc automobil\u00edstic.<\/p>\n<ul>\n<li data-start=\"2486\" data-end=\"2508\">Menor volum i pes<\/li>\n<li data-start=\"2511\" data-end=\"2547\">Major resist\u00e8ncia al calor extrem<\/li>\n<li data-start=\"2550\" data-end=\"2582\">C\u00e0rrega i desc\u00e0rrega m\u00e9s eficient<\/li>\n<li data-start=\"2585\" data-end=\"2632\">Nou disseny estructural en forma de fulla<\/li>\n<\/ul>\n<h2 data-start=\"2639\" data-end=\"2693\">Per qu\u00e8 \u00e9s la bateria blade 2.0 BYD la m\u00e9s segura?<\/h2>\n<p data-start=\"2695\" data-end=\"2865\">A V2C entenem que la seguretat energ\u00e8tica comen\u00e7a a la bateria, per\u00f2 s&#8217;est\u00e9n fins al punt de c\u00e0rrega. La <strong data-start=\"2809\" data-end=\"2822\">Blade 2.0<\/strong> de BYD ha superat amb \u00e8xit proves com:<\/p>\n<ul>\n<li data-start=\"2869\" data-end=\"2916\">Prova de penetraci\u00f3 amb un clau: resisteix sense combusti\u00f3<\/li>\n<li data-start=\"2919\" data-end=\"2940\">Caigudes des d&#8217;al\u00e7ada<\/li>\n<li data-start=\"2943\" data-end=\"2969\">Immersi\u00f3 en aigua salada<\/li>\n<li data-start=\"2972\" data-end=\"2996\">Aplastament mec\u00e0nic<\/li>\n<\/ul>\n<p data-start=\"2998\" data-end=\"3060\">Aix\u00f2 garanteix un \u00fas fiable, fins i tot en condicions cr\u00edtiques.<\/p>\n<h2 data-start=\"3067\" data-end=\"3117\">Quanta autonomia real ofereix la blade 2.0 BYD?<\/h2>\n<p data-start=\"3119\" data-end=\"3351\">Gr\u00e0cies a la seva efici\u00e8ncia de conversi\u00f3 energ\u00e8tica, la Blade 2.0 permet rec\u00f3rrer <strong data-start=\"3199\" data-end=\"3219\">fins a un 20% m\u00e9s<\/strong> en condicions reals enfront de la seva antecessora. A m\u00e9s, mant\u00e9 el seu rendiment fins i tot en temperatures extremes de <strong data-start=\"3334\" data-end=\"3350\">-35\u00baC a 55\u00baC<\/strong>.<\/p>\n<ul>\n<li data-start=\"3368\" data-end=\"3396\">Menys p\u00e8rdues energ\u00e8tiques<\/li>\n<li data-start=\"3399\" data-end=\"3425\">Millor rendiment urb\u00e0<\/li>\n<li data-start=\"3428\" data-end=\"3464\">Alta efici\u00e8ncia en climes adversos<\/li>\n<\/ul>\n<h2 data-start=\"3471\" data-end=\"3532\">Quines especificacions t\u00e8cniques diferencien la blade 2.0?<\/h2>\n<p data-start=\"3534\" data-end=\"3613\">BYD comercialitzar\u00e0 dues versions per adaptar-se a diferents tipus de vehicles:<\/p>\n<h3 data-start=\"3615\" data-end=\"3634\">Blade 2.0 curta<\/h3>\n<ul>\n<li data-start=\"3637\" data-end=\"3658\">Densitat: 160 Wh\/kg<\/li>\n<li data-start=\"3661\" data-end=\"3676\">Desc\u00e0rrega: 16C<\/li>\n<li data-start=\"3679\" data-end=\"3696\">C\u00e0rrega: fins a 8C<\/li>\n<\/ul>\n<h3 data-start=\"3698\" data-end=\"3717\">Blade 2.0 llarga<\/h3>\n<ul>\n<li data-start=\"3720\" data-end=\"3747\">Densitat: fins a 210 Wh\/kg<\/li>\n<li data-start=\"3750\" data-end=\"3764\">Desc\u00e0rrega: 8C<\/li>\n<li data-start=\"3767\" data-end=\"3784\">C\u00e0rrega: fins a 3C<\/li>\n<\/ul>\n<p data-start=\"3786\" data-end=\"3859\">Una arquitectura flexible per a un mercat el\u00e8ctric cada cop m\u00e9s divers.<\/p>\n<p data-start=\"3786\" data-end=\"3859\"><img decoding=\"async\" class=\"alignnone size-full wp-image-225879\" src=\"https:\/\/v2charge.com\/wp-content\/uploads\/2025\/05\/blade-2-byd-bateria-segura.jpg\" alt=\"Blade 2.0 BYD: La nova bateria de BYD que transformar\u00e0 la mobilitat el\u00e8ctrica el 2025\" width=\"960\" height=\"560\" srcset=\"https:\/\/v2charge.com\/wp-content\/uploads\/2025\/05\/blade-2-byd-bateria-segura.jpg 960w, https:\/\/v2charge.com\/wp-content\/uploads\/2025\/05\/blade-2-byd-bateria-segura-300x175.jpg 300w, https:\/\/v2charge.com\/wp-content\/uploads\/2025\/05\/blade-2-byd-bateria-segura-768x448.jpg 768w, https:\/\/v2charge.com\/wp-content\/uploads\/2025\/05\/blade-2-byd-bateria-segura-50x29.jpg 50w\" sizes=\"(max-width: 960px) 100vw, 960px\" \/><\/p>\n<h2 data-start=\"3866\" data-end=\"3938\">Reduir\u00e0 la bateria blade 2.0 BYD el cost dels cotxes el\u00e8ctrics?<\/h2>\n<p data-start=\"3940\" data-end=\"4093\">S\u00ed. El seu proc\u00e9s de producci\u00f3 m\u00e9s econ\u00f2mic permet reduir el preu final dels vehicles fins a un <strong data-start=\"4044\" data-end=\"4051\">15%<\/strong>, sense comprometre qualitat ni prestacions.<\/p>\n<h2 data-start=\"4100\" data-end=\"4149\">Quina \u00e9s la vida \u00fatil de la bateria blade 2.0?<\/h2>\n<p data-start=\"4151\" data-end=\"4316\">Dissenyada per superar els <strong data-start=\"4177\" data-end=\"4199\">1,2 milions de km<\/strong> o <strong data-start=\"4202\" data-end=\"4227\">3.000 cicles de c\u00e0rrega<\/strong>, la Blade 2.0 \u00e9s ideal per a usuaris que recorren llargues dist\u00e0ncies o flotes intensives.<\/p>\n<p data-start=\"4318\" data-end=\"4475\"><strong data-start=\"4318\" data-end=\"4340\">Recomanaci\u00f3 V2C:<\/strong> Realitzar una <strong data-start=\"4354\" data-end=\"4397\">instal\u00b7laci\u00f3 carregador de cotxe el\u00e8ctric<\/strong> amb capacitat de c\u00e0rrega r\u00e0pida per treure el m\u00e0xim partit a aquesta tecnologia.<\/p>\n<h2 data-start=\"4482\" data-end=\"4554\">Com afecta la blade 2.0 a la sostenibilitat del vehicle el\u00e8ctric?<\/h2>\n<ul>\n<li data-start=\"4558\" data-end=\"4613\">No cont\u00e9 metalls cr\u00edtics com el n\u00edquel o cobalt<\/li>\n<li data-start=\"4616\" data-end=\"4665\">La seva producci\u00f3 t\u00e9 una menor empremta de carboni<\/li>\n<li data-start=\"4668\" data-end=\"4697\">Alta capacitat de reciclatge<\/li>\n<li data-start=\"4700\" data-end=\"4749\">Reducci\u00f3 de volum i pes total de la bateria<\/li>\n<\/ul>\n<h2 data-start=\"4756\" data-end=\"4803\">En qu\u00e8 es diferencia d&#8217;altres bateries LFP?<\/h2>\n<ul>\n<li data-start=\"4807\" data-end=\"4841\">Disseny estructural tipus fulla<\/li>\n<li data-start=\"4844\" data-end=\"4871\">Major densitat energ\u00e8tica<\/li>\n<li data-start=\"4874\" data-end=\"4902\">Major resist\u00e8ncia al calor<\/li>\n<li data-start=\"4905\" data-end=\"4938\">Millor capacitat de c\u00e0rrega r\u00e0pida<\/li>\n<\/ul>\n<h2 data-start=\"4945\" data-end=\"4984\">Quan estar\u00e0 disponible a Europa?<\/h2>\n<p data-start=\"4986\" data-end=\"5174\">Segons BYD, la Blade 2.0 arribar\u00e0 al mercat europeu a mitjans de <strong data-start=\"5051\" data-end=\"5059\">2025<\/strong>, comen\u00e7ant pels seus models propis. A V2C ja ens estem preparant per a la seva integraci\u00f3 amb els nostres carregadors.<\/p>\n<h2 data-start=\"5635\" data-end=\"5705\">\u00c9s la blade 2.0 compatible amb motos el\u00e8ctriques o cotxes h\u00edbrids?<\/h2>\n<ul>\n<li data-start=\"5707\" data-end=\"5852\"><strong data-start=\"5707\" data-end=\"5728\">Motos el\u00e8ctriques:<\/strong> Encara no, per\u00f2 podria ser viable en scooters compactes.<\/li>\n<li data-start=\"5854\" data-end=\"6044\"><strong data-start=\"5854\" data-end=\"5881\">Cotxes h\u00edbrids (PHEV):<\/strong> Totalment compatible. Gr\u00e0cies a la seva longevitat i rendiment t\u00e8rmic, \u00e9s ideal per a h\u00edbrids d&#8217;alta gamma.<\/li>\n<\/ul>\n<h2 data-start=\"6342\" data-end=\"6388\">Preguntes freq\u00fcents sobre la blade 2.0 BYD<\/h2>\n<p>Respostes curtes i clares a les preguntes m\u00e9s freq\u00fcents dels amants de la mobilitat el\u00e8ctrica sobre les noves bateries de BYD.<\/p>\n<h3 data-start=\"6390\" data-end=\"6541\">\u00c9s compatible amb qualsevol cotxe el\u00e8ctric?<\/h3>\n<p data-start=\"6390\" data-end=\"6541\">Actualment, est\u00e0 dissenyada per a models BYD, per\u00f2 es preveu una obertura cap a tercers fabricants.<\/p>\n<h3 data-start=\"6543\" data-end=\"6676\">Puc instal\u00b7lar un carregador r\u00e0pid a casa per utilitzar-la?<\/h3>\n<p data-start=\"6543\" data-end=\"6676\">S\u00ed. V2C ofereix carregadors preparats per a alta pot\u00e8ncia i c\u00e0rrega r\u00e0pida.<\/p>\n<h3 data-start=\"6678\" data-end=\"6799\">Requereix manteniment especial?<\/h3>\n<p data-start=\"6678\" data-end=\"6799\">No. El seu disseny compacte i robust elimina la necessitat de manteniment peri\u00f2dic.<\/p>\n<h3 data-start=\"6801\" data-end=\"6932\">Pot carregar-se completament en menys de 10 minuts?<\/h3>\n<p data-start=\"6801\" data-end=\"6932\">La versi\u00f3 curta s\u00ed, en condicions ideals i amb carregadors adequats.<\/p>\n<h3 data-start=\"6934\" data-end=\"7069\">Quin impacte t\u00e9 en el medi ambient?<\/h3>\n<p data-start=\"6934\" data-end=\"7069\">Molt menor que bateries convencionals: ni cobalt, ni n\u00edquel, i producci\u00f3 m\u00e9s neta.<\/p>\n<h3 data-start=\"7071\" data-end=\"7232\">Quin \u00e9s el preu estimat dels vehicles amb Blade 2.0?<\/h3>\n<p data-start=\"7071\" data-end=\"7232\">S&#8217;espera una reducci\u00f3 de cost de fins al 15% respecte a models amb bateries tradicionals.<\/p>\n<h2 data-start=\"7239\" data-end=\"7303\">Blade 2.0 BYD i el futur de la c\u00e0rrega intel\u00b7ligent<\/h2>\n<p data-start=\"7305\" data-end=\"7619\">A V2C creiem que la veritable innovaci\u00f3 no nom\u00e9s resideix en l&#8217;autonomia o l&#8217;efici\u00e8ncia, sin\u00f3 en <strong data-start=\"7404\" data-end=\"7446\">com millora l&#8217;experi\u00e8ncia de l&#8217;usuari<\/strong>. L&#8217;arribada de la <strong data-start=\"7465\" data-end=\"7482\">blade 2.0 BYD<\/strong> ens impulsa a seguir evolucionant la nostra oferta tecnol\u00f2gica: carregadors m\u00e9s potents, compatibles, sostenibles i fabricats a Espanya.<\/p>\n<p data-start=\"7621\" data-end=\"7812\">Si est\u00e0s pensant en electrificar la teva mobilitat, t&#8217;invitem a contactar amb la nostra xarxa d&#8217;instal\u00b7ladors professionals i accedir a les nostres solucions de c\u00e0rrega intel\u00b7ligents i 100% nacionals.<\/p>\n<p data-start=\"6946\" data-end=\"7309\"><a class=\"\" href=\"https:\/\/v2charge.com\/ca\/troba-instalador\/\" target=\"\" rel=\"noopener\"><img decoding=\"async\" class=\"uag-image-243962\" title=\"Troba el teu instal\u00b7lador de carregador de cotxe el\u00e8ctric\" role=\"img\" src=\"https:\/\/v2charge.com\/wp-content\/uploads\/2025\/08\/buscas-instalador-cargador-coche-electrico.jpg\" sizes=\"(max-width: 480px) 150px\" srcset=\"https:\/\/v2charge.com\/wp-content\/uploads\/2025\/08\/buscas-instalador-cargador-coche-electrico.jpg ,https:\/\/v2charge.com\/wp-content\/uploads\/2025\/08\/buscas-instalador-cargador-coche-electrico.jpg 780w, https:\/\/v2charge.com\/wp-content\/uploads\/2025\/08\/buscas-instalador-cargador-coche-electrico.jpg 360w\" alt=\"Troba el teu instal\u00b7lador de carregador de cotxe el\u00e8ctric\" width=\"818\" height=\"818\" \/><\/a><\/p>\n<p><\/p>\n","protected":false},"excerpt":{"rendered":"<p>La segona generaci\u00f3 de bateries LFP de BYD, la Blade 2.0, promet m\u00e9s autonomia, major vida \u00fatil i una seguretat sense precedents. El seu disseny estructural, capa\u00e7 de resistir m\u00e9s de 300\u00b0C sense incendiar-se, la converteix en una refer\u00e8ncia tecnol\u00f2gica sense rival. I el m\u00e9s important: aquesta innovaci\u00f3 no nom\u00e9s millora els vehicles el\u00e8ctrics. Tamb\u00e9 &#8230; <a title=\"Blade 2.0 BYD: La nova bateria de BYD que transformar\u00e0 la mobilitat el\u00e8ctrica el 2025\" class=\"read-more\" href=\"https:\/\/v2charge.com\/ca\/blade-2-0-byd-nueva-bateria-coche-electrico-cat\/\" aria-label=\"M\u00e9s informaci\u00f3 sobre Blade 2.0 BYD: La nova bateria de BYD que transformar\u00e0 la mobilitat el\u00e8ctrica el 2025\">Llegiu m\u00e9s<\/a><\/p>\n","protected":false},"author":400,"featured_media":225867,"comment_status":"closed","ping_status":"closed","sticky":false,"template":"","format":"standard","meta":{"_eb_attr":"","content-type":"","_uag_custom_page_level_css":"","footnotes":""},"categories":[],"tags":[],"class_list":["post-310323","post","type-post","status-publish","format-standard","has-post-thumbnail","hentry"],"yoast_head":"<!-- This site is optimized with the Yoast SEO plugin v25.3.1 - https:\/\/yoast.com\/wordpress\/plugins\/seo\/ -->\n<title>Blade 2.0 BYD: La nova bateria de BYD per a cotxes el\u00e8ctrics<\/title>\n<meta name=\"description\" content=\"Descobreix com la nova bateria blade 2.0 BYD redefineix seguretat, autonomia i sostenibilitat en mobilitat el\u00e8ctrica.\" \/>\n<meta name=\"robots\" content=\"index, follow, max-snippet:-1, max-image-preview:large, max-video-preview:-1\" \/>\n<link rel=\"canonical\" href=\"https:\/\/v2charge.com\/ca\/blade-2-0-byd-nueva-bateria-coche-electrico-cat\/\" \/>\n<meta property=\"og:locale\" content=\"ca_ES\" \/>\n<meta property=\"og:type\" content=\"article\" \/>\n<meta property=\"og:title\" content=\"Blade 2.0 BYD: La nova bateria de BYD per a cotxes el\u00e8ctrics\" \/>\n<meta property=\"og:description\" content=\"Descobreix com la nova bateria blade 2.0 BYD redefineix seguretat, autonomia i sostenibilitat en mobilitat el\u00e8ctrica.\" \/>\n<meta property=\"og:url\" content=\"https:\/\/v2charge.com\/ca\/blade-2-0-byd-nueva-bateria-coche-electrico-cat\/\" \/>\n<meta property=\"og:site_name\" content=\"V2C\" \/>\n<meta property=\"article:publisher\" content=\"https:\/\/www.facebook.com\/V2C.Charge\" \/>\n<meta property=\"article:published_time\" content=\"2025-05-29T11:09:50+00:00\" \/>\n<meta property=\"article:modified_time\" content=\"2025-08-19T09:15:45+00:00\" \/>\n<meta property=\"og:image\" content=\"https:\/\/v2charge.com\/wp-content\/uploads\/2025\/05\/blade-2-byd-bateria-segura-coche-electrico.jpg\" \/>\n\t<meta property=\"og:image:width\" content=\"960\" \/>\n\t<meta property=\"og:image:height\" content=\"560\" \/>\n\t<meta property=\"og:image:type\" content=\"image\/jpeg\" \/>\n<meta name=\"author\" content=\"V2C\" \/>\n<meta name=\"twitter:card\" content=\"summary_large_image\" \/>\n<meta name=\"twitter:creator\" content=\"@V2C_Charge\" \/>\n<meta name=\"twitter:site\" content=\"@V2C_Charge\" \/>\n<meta name=\"twitter:label1\" content=\"Escrit per\" \/>\n\t<meta name=\"twitter:data1\" content=\"V2C\" \/>\n\t<meta name=\"twitter:label2\" content=\"Temps estimat de lectura\" \/>\n\t<meta name=\"twitter:data2\" content=\"5 minuts\" \/>\n<script type=\"application\/ld+json\" class=\"yoast-schema-graph\">{\"@context\":\"https:\/\/schema.org\",\"@graph\":[{\"@type\":\"Article\",\"@id\":\"https:\/\/v2charge.com\/ca\/blade-2-0-byd-nueva-bateria-coche-electrico-cat\/#article\",\"isPartOf\":{\"@id\":\"https:\/\/v2charge.com\/ca\/blade-2-0-byd-nueva-bateria-coche-electrico-cat\/\"},\"author\":{\"name\":\"V2C\",\"@id\":\"https:\/\/v2charge.com\/ca\/#\/schema\/person\/d6f210a94a856acdddec347b2127fd0f\"},\"headline\":\"Blade 2.0 BYD: La nova bateria de BYD que transformar\u00e0 la mobilitat el\u00e8ctrica el 2025\",\"datePublished\":\"2025-05-29T11:09:50+00:00\",\"dateModified\":\"2025-08-19T09:15:45+00:00\",\"mainEntityOfPage\":{\"@id\":\"https:\/\/v2charge.com\/ca\/blade-2-0-byd-nueva-bateria-coche-electrico-cat\/\"},\"wordCount\":1015,\"publisher\":{\"@id\":\"https:\/\/v2charge.com\/ca\/#organization\"},\"image\":{\"@id\":\"https:\/\/v2charge.com\/ca\/blade-2-0-byd-nueva-bateria-coche-electrico-cat\/#primaryimage\"},\"thumbnailUrl\":\"https:\/\/v2charge.com\/wp-content\/uploads\/2025\/05\/blade-2-byd-bateria-segura-coche-electrico.jpg\",\"inLanguage\":\"ca\"},{\"@type\":\"WebPage\",\"@id\":\"https:\/\/v2charge.com\/ca\/blade-2-0-byd-nueva-bateria-coche-electrico-cat\/\",\"url\":\"https:\/\/v2charge.com\/ca\/blade-2-0-byd-nueva-bateria-coche-electrico-cat\/\",\"name\":\"Blade 2.0 BYD: La nova bateria de BYD per a cotxes el\u00e8ctrics\",\"isPartOf\":{\"@id\":\"https:\/\/v2charge.com\/ca\/#website\"},\"primaryImageOfPage\":{\"@id\":\"https:\/\/v2charge.com\/ca\/blade-2-0-byd-nueva-bateria-coche-electrico-cat\/#primaryimage\"},\"image\":{\"@id\":\"https:\/\/v2charge.com\/ca\/blade-2-0-byd-nueva-bateria-coche-electrico-cat\/#primaryimage\"},\"thumbnailUrl\":\"https:\/\/v2charge.com\/wp-content\/uploads\/2025\/05\/blade-2-byd-bateria-segura-coche-electrico.jpg\",\"datePublished\":\"2025-05-29T11:09:50+00:00\",\"dateModified\":\"2025-08-19T09:15:45+00:00\",\"description\":\"Descobreix com la nova bateria blade 2.0 BYD redefineix seguretat, autonomia i sostenibilitat en mobilitat el\u00e8ctrica.\",\"breadcrumb\":{\"@id\":\"https:\/\/v2charge.com\/ca\/blade-2-0-byd-nueva-bateria-coche-electrico-cat\/#breadcrumb\"},\"inLanguage\":\"ca\",\"potentialAction\":[{\"@type\":\"ReadAction\",\"target\":[\"https:\/\/v2charge.com\/ca\/blade-2-0-byd-nueva-bateria-coche-electrico-cat\/\"]}]},{\"@type\":\"ImageObject\",\"inLanguage\":\"ca\",\"@id\":\"https:\/\/v2charge.com\/ca\/blade-2-0-byd-nueva-bateria-coche-electrico-cat\/#primaryimage\",\"url\":\"https:\/\/v2charge.com\/wp-content\/uploads\/2025\/05\/blade-2-byd-bateria-segura-coche-electrico.jpg\",\"contentUrl\":\"https:\/\/v2charge.com\/wp-content\/uploads\/2025\/05\/blade-2-byd-bateria-segura-coche-electrico.jpg\",\"width\":960,\"height\":560,\"caption\":\"Blade 2.0 BYD: La nueva bater\u00eda de BYD que transformar\u00e1 la movilidad el\u00e9ctrica en 2025\"},{\"@type\":\"BreadcrumbList\",\"@id\":\"https:\/\/v2charge.com\/ca\/blade-2-0-byd-nueva-bateria-coche-electrico-cat\/#breadcrumb\",\"itemListElement\":[{\"@type\":\"ListItem\",\"position\":1,\"name\":\"V2C\",\"item\":\"https:\/\/v2charge.com\/ca\/\"},{\"@type\":\"ListItem\",\"position\":2,\"name\":\"Coches el\u00e9ctricos\",\"item\":\"https:\/\/v2charge.com\/es\/coches-electricos\/\"},{\"@type\":\"ListItem\",\"position\":3,\"name\":\"Blade 2.0 BYD: La nova bateria de BYD que transformar\u00e0 la mobilitat el\u00e8ctrica el 2025\"}]},{\"@type\":\"WebSite\",\"@id\":\"https:\/\/v2charge.com\/ca\/#website\",\"url\":\"https:\/\/v2charge.com\/ca\/\",\"name\":\"V2C\",\"description\":\"#CargandoElMa\u00f1ana\",\"publisher\":{\"@id\":\"https:\/\/v2charge.com\/ca\/#organization\"},\"potentialAction\":[{\"@type\":\"SearchAction\",\"target\":{\"@type\":\"EntryPoint\",\"urlTemplate\":\"https:\/\/v2charge.com\/ca\/?s={search_term_string}\"},\"query-input\":{\"@type\":\"PropertyValueSpecification\",\"valueRequired\":true,\"valueName\":\"search_term_string\"}}],\"inLanguage\":\"ca\"},{\"@type\":\"Organization\",\"@id\":\"https:\/\/v2charge.com\/ca\/#organization\",\"name\":\"V2C\",\"url\":\"https:\/\/v2charge.com\/ca\/\",\"logo\":{\"@type\":\"ImageObject\",\"inLanguage\":\"ca\",\"@id\":\"https:\/\/v2charge.com\/ca\/#\/schema\/logo\/image\/\",\"url\":\"https:\/\/v2charge.com\/wp-content\/uploads\/2024\/11\/cropped-v2c-charge-logo-menu.png\",\"contentUrl\":\"https:\/\/v2charge.com\/wp-content\/uploads\/2024\/11\/cropped-v2c-charge-logo-menu.png\",\"width\":984,\"height\":431,\"caption\":\"V2C\"},\"image\":{\"@id\":\"https:\/\/v2charge.com\/ca\/#\/schema\/logo\/image\/\"},\"sameAs\":[\"https:\/\/www.facebook.com\/V2C.Charge\",\"https:\/\/x.com\/V2C_Charge\",\"https:\/\/www.instagram.com\/v2c.charge\/\",\"https:\/\/www.youtube.com\/@V2C\",\"https:\/\/www.linkedin.com\/company\/v2c-chargers\/\"]},{\"@type\":\"Person\",\"@id\":\"https:\/\/v2charge.com\/ca\/#\/schema\/person\/d6f210a94a856acdddec347b2127fd0f\",\"name\":\"V2C\",\"image\":{\"@type\":\"ImageObject\",\"inLanguage\":\"ca\",\"@id\":\"https:\/\/v2charge.com\/ca\/#\/schema\/person\/image\/\",\"url\":\"https:\/\/secure.gravatar.com\/avatar\/a91128c4c0d2f4d63bd586301fdec6cc9aa49c885839b25d1c62700f529f267c?s=96&d=mm&r=g\",\"contentUrl\":\"https:\/\/secure.gravatar.com\/avatar\/a91128c4c0d2f4d63bd586301fdec6cc9aa49c885839b25d1c62700f529f267c?s=96&d=mm&r=g\",\"caption\":\"V2C\"}}]}<\/script>\n<!-- \/ Yoast SEO plugin. -->","yoast_head_json":{"title":"Blade 2.0 BYD: La nova bateria de BYD per a cotxes el\u00e8ctrics","description":"Descobreix com la nova bateria blade 2.0 BYD redefineix seguretat, autonomia i sostenibilitat en mobilitat el\u00e8ctrica.","robots":{"index":"index","follow":"follow","max-snippet":"max-snippet:-1","max-image-preview":"max-image-preview:large","max-video-preview":"max-video-preview:-1"},"canonical":"https:\/\/v2charge.com\/ca\/blade-2-0-byd-nueva-bateria-coche-electrico-cat\/","og_locale":"ca_ES","og_type":"article","og_title":"Blade 2.0 BYD: La nova bateria de BYD per a cotxes el\u00e8ctrics","og_description":"Descobreix com la nova bateria blade 2.0 BYD redefineix seguretat, autonomia i sostenibilitat en mobilitat el\u00e8ctrica.","og_url":"https:\/\/v2charge.com\/ca\/blade-2-0-byd-nueva-bateria-coche-electrico-cat\/","og_site_name":"V2C","article_publisher":"https:\/\/www.facebook.com\/V2C.Charge","article_published_time":"2025-05-29T11:09:50+00:00","article_modified_time":"2025-08-19T09:15:45+00:00","og_image":[{"width":960,"height":560,"url":"https:\/\/v2charge.com\/wp-content\/uploads\/2025\/05\/blade-2-byd-bateria-segura-coche-electrico.jpg","type":"image\/jpeg"}],"author":"V2C","twitter_card":"summary_large_image","twitter_creator":"@V2C_Charge","twitter_site":"@V2C_Charge","twitter_misc":{"Escrit per":"V2C","Temps estimat de lectura":"5 minuts"},"schema":{"@context":"https:\/\/schema.org","@graph":[{"@type":"Article","@id":"https:\/\/v2charge.com\/ca\/blade-2-0-byd-nueva-bateria-coche-electrico-cat\/#article","isPartOf":{"@id":"https:\/\/v2charge.com\/ca\/blade-2-0-byd-nueva-bateria-coche-electrico-cat\/"},"author":{"name":"V2C","@id":"https:\/\/v2charge.com\/ca\/#\/schema\/person\/d6f210a94a856acdddec347b2127fd0f"},"headline":"Blade 2.0 BYD: La nova bateria de BYD que transformar\u00e0 la mobilitat el\u00e8ctrica el 2025","datePublished":"2025-05-29T11:09:50+00:00","dateModified":"2025-08-19T09:15:45+00:00","mainEntityOfPage":{"@id":"https:\/\/v2charge.com\/ca\/blade-2-0-byd-nueva-bateria-coche-electrico-cat\/"},"wordCount":1015,"publisher":{"@id":"https:\/\/v2charge.com\/ca\/#organization"},"image":{"@id":"https:\/\/v2charge.com\/ca\/blade-2-0-byd-nueva-bateria-coche-electrico-cat\/#primaryimage"},"thumbnailUrl":"https:\/\/v2charge.com\/wp-content\/uploads\/2025\/05\/blade-2-byd-bateria-segura-coche-electrico.jpg","inLanguage":"ca"},{"@type":"WebPage","@id":"https:\/\/v2charge.com\/ca\/blade-2-0-byd-nueva-bateria-coche-electrico-cat\/","url":"https:\/\/v2charge.com\/ca\/blade-2-0-byd-nueva-bateria-coche-electrico-cat\/","name":"Blade 2.0 BYD: La nova bateria de BYD per a cotxes el\u00e8ctrics","isPartOf":{"@id":"https:\/\/v2charge.com\/ca\/#website"},"primaryImageOfPage":{"@id":"https:\/\/v2charge.com\/ca\/blade-2-0-byd-nueva-bateria-coche-electrico-cat\/#primaryimage"},"image":{"@id":"https:\/\/v2charge.com\/ca\/blade-2-0-byd-nueva-bateria-coche-electrico-cat\/#primaryimage"},"thumbnailUrl":"https:\/\/v2charge.com\/wp-content\/uploads\/2025\/05\/blade-2-byd-bateria-segura-coche-electrico.jpg","datePublished":"2025-05-29T11:09:50+00:00","dateModified":"2025-08-19T09:15:45+00:00","description":"Descobreix com la nova bateria blade 2.0 BYD redefineix seguretat, autonomia i sostenibilitat en mobilitat el\u00e8ctrica.","breadcrumb":{"@id":"https:\/\/v2charge.com\/ca\/blade-2-0-byd-nueva-bateria-coche-electrico-cat\/#breadcrumb"},"inLanguage":"ca","potentialAction":[{"@type":"ReadAction","target":["https:\/\/v2charge.com\/ca\/blade-2-0-byd-nueva-bateria-coche-electrico-cat\/"]}]},{"@type":"ImageObject","inLanguage":"ca","@id":"https:\/\/v2charge.com\/ca\/blade-2-0-byd-nueva-bateria-coche-electrico-cat\/#primaryimage","url":"https:\/\/v2charge.com\/wp-content\/uploads\/2025\/05\/blade-2-byd-bateria-segura-coche-electrico.jpg","contentUrl":"https:\/\/v2charge.com\/wp-content\/uploads\/2025\/05\/blade-2-byd-bateria-segura-coche-electrico.jpg","width":960,"height":560,"caption":"Blade 2.0 BYD: La nueva bater\u00eda de BYD que transformar\u00e1 la movilidad el\u00e9ctrica en 2025"},{"@type":"BreadcrumbList","@id":"https:\/\/v2charge.com\/ca\/blade-2-0-byd-nueva-bateria-coche-electrico-cat\/#breadcrumb","itemListElement":[{"@type":"ListItem","position":1,"name":"V2C","item":"https:\/\/v2charge.com\/ca\/"},{"@type":"ListItem","position":2,"name":"Coches el\u00e9ctricos","item":"https:\/\/v2charge.com\/es\/coches-electricos\/"},{"@type":"ListItem","position":3,"name":"Blade 2.0 BYD: La nova bateria de BYD que transformar\u00e0 la mobilitat el\u00e8ctrica el 2025"}]},{"@type":"WebSite","@id":"https:\/\/v2charge.com\/ca\/#website","url":"https:\/\/v2charge.com\/ca\/","name":"V2C","description":"#CargandoElMa\u00f1ana","publisher":{"@id":"https:\/\/v2charge.com\/ca\/#organization"},"potentialAction":[{"@type":"SearchAction","target":{"@type":"EntryPoint","urlTemplate":"https:\/\/v2charge.com\/ca\/?s={search_term_string}"},"query-input":{"@type":"PropertyValueSpecification","valueRequired":true,"valueName":"search_term_string"}}],"inLanguage":"ca"},{"@type":"Organization","@id":"https:\/\/v2charge.com\/ca\/#organization","name":"V2C","url":"https:\/\/v2charge.com\/ca\/","logo":{"@type":"ImageObject","inLanguage":"ca","@id":"https:\/\/v2charge.com\/ca\/#\/schema\/logo\/image\/","url":"https:\/\/v2charge.com\/wp-content\/uploads\/2024\/11\/cropped-v2c-charge-logo-menu.png","contentUrl":"https:\/\/v2charge.com\/wp-content\/uploads\/2024\/11\/cropped-v2c-charge-logo-menu.png","width":984,"height":431,"caption":"V2C"},"image":{"@id":"https:\/\/v2charge.com\/ca\/#\/schema\/logo\/image\/"},"sameAs":["https:\/\/www.facebook.com\/V2C.Charge","https:\/\/x.com\/V2C_Charge","https:\/\/www.instagram.com\/v2c.charge\/","https:\/\/www.youtube.com\/@V2C","https:\/\/www.linkedin.com\/company\/v2c-chargers\/"]},{"@type":"Person","@id":"https:\/\/v2charge.com\/ca\/#\/schema\/person\/d6f210a94a856acdddec347b2127fd0f","name":"V2C","image":{"@type":"ImageObject","inLanguage":"ca","@id":"https:\/\/v2charge.com\/ca\/#\/schema\/person\/image\/","url":"https:\/\/secure.gravatar.com\/avatar\/a91128c4c0d2f4d63bd586301fdec6cc9aa49c885839b25d1c62700f529f267c?s=96&d=mm&r=g","contentUrl":"https:\/\/secure.gravatar.com\/avatar\/a91128c4c0d2f4d63bd586301fdec6cc9aa49c885839b25d1c62700f529f267c?s=96&d=mm&r=g","caption":"V2C"}}]}},"uagb_featured_image_src":{"full":["https:\/\/v2charge.com\/wp-content\/uploads\/2025\/05\/blade-2-byd-bateria-segura-coche-electrico.jpg",960,560,false],"thumbnail":["https:\/\/v2charge.com\/wp-content\/uploads\/2025\/05\/blade-2-byd-bateria-segura-coche-electrico-150x150.jpg",150,150,true],"medium":["https:\/\/v2charge.com\/wp-content\/uploads\/2025\/05\/blade-2-byd-bateria-segura-coche-electrico-300x175.jpg",300,175,true],"medium_large":["https:\/\/v2charge.com\/wp-content\/uploads\/2025\/05\/blade-2-byd-bateria-segura-coche-electrico-768x448.jpg",768,448,true],"large":["https:\/\/v2charge.com\/wp-content\/uploads\/2025\/05\/blade-2-byd-bateria-segura-coche-electrico.jpg",960,560,false],"gs-tiny":["https:\/\/v2charge.com\/wp-content\/uploads\/2025\/05\/blade-2-byd-bateria-segura-coche-electrico-50x29.jpg",50,29,true],"xl":["https:\/\/v2charge.com\/wp-content\/uploads\/2025\/05\/blade-2-byd-bateria-segura-coche-electrico.jpg",960,560,false],"xxl":["https:\/\/v2charge.com\/wp-content\/uploads\/2025\/05\/blade-2-byd-bateria-segura-coche-electrico.jpg",960,560,false],"xxxl":["https:\/\/v2charge.com\/wp-content\/uploads\/2025\/05\/blade-2-byd-bateria-segura-coche-electrico.jpg",960,560,false],"xxxxl":["https:\/\/v2charge.com\/wp-content\/uploads\/2025\/05\/blade-2-byd-bateria-segura-coche-electrico.jpg",960,560,false],"xxxxxl":["https:\/\/v2charge.com\/wp-content\/uploads\/2025\/05\/blade-2-byd-bateria-segura-coche-electrico.jpg",960,560,false],"1536x1536":["https:\/\/v2charge.com\/wp-content\/uploads\/2025\/05\/blade-2-byd-bateria-segura-coche-electrico.jpg",960,560,false],"2048x2048":["https:\/\/v2charge.com\/wp-content\/uploads\/2025\/05\/blade-2-byd-bateria-segura-coche-electrico.jpg",960,560,false]},"uagb_author_info":{"display_name":"V2C","author_link":"https:\/\/v2charge.com\/ca\/author\/marketing\/"},"uagb_comment_info":0,"uagb_excerpt":"La segona generaci\u00f3 de bateries LFP de BYD, la Blade 2.0, promet m\u00e9s autonomia, major vida \u00fatil i una seguretat sense precedents. El seu disseny estructural, capa\u00e7 de resistir m\u00e9s de 300\u00b0C sense incendiar-se, la converteix en una refer\u00e8ncia tecnol\u00f2gica sense rival. I el m\u00e9s important: aquesta innovaci\u00f3 no nom\u00e9s millora els vehicles el\u00e8ctrics. Tamb\u00e9&hellip;","_links":{"self":[{"href":"https:\/\/v2charge.com\/ca\/wp-json\/wp\/v2\/posts\/310323","targetHints":{"allow":["GET"]}}],"collection":[{"href":"https:\/\/v2charge.com\/ca\/wp-json\/wp\/v2\/posts"}],"about":[{"href":"https:\/\/v2charge.com\/ca\/wp-json\/wp\/v2\/types\/post"}],"author":[{"embeddable":true,"href":"https:\/\/v2charge.com\/ca\/wp-json\/wp\/v2\/users\/400"}],"replies":[{"embeddable":true,"href":"https:\/\/v2charge.com\/ca\/wp-json\/wp\/v2\/comments?post=310323"}],"version-history":[{"count":0,"href":"https:\/\/v2charge.com\/ca\/wp-json\/wp\/v2\/posts\/310323\/revisions"}],"wp:featuredmedia":[{"embeddable":true,"href":"https:\/\/v2charge.com\/ca\/wp-json\/wp\/v2\/media\/225867"}],"wp:attachment":[{"href":"https:\/\/v2charge.com\/ca\/wp-json\/wp\/v2\/media?parent=310323"}],"wp:term":[{"taxonomy":"category","embeddable":true,"href":"https:\/\/v2charge.com\/ca\/wp-json\/wp\/v2\/categories?post=310323"},{"taxonomy":"post_tag","embeddable":true,"href":"https:\/\/v2charge.com\/ca\/wp-json\/wp\/v2\/tags?post=310323"}],"curies":[{"name":"wp","href":"https:\/\/api.w.org\/{rel}","templated":true}]}}