{"id":310338,"date":"2025-07-14T10:30:00","date_gmt":"2025-07-14T08:30:00","guid":{"rendered":""},"modified":"2025-08-19T11:14:21","modified_gmt":"2025-08-19T09:14:21","slug":"nuevo-mobilize-duo-cuadriciclo-ligero-electrico-cat","status":"publish","type":"post","link":"https:\/\/v2charge.com\/ca\/nuevo-mobilize-duo-cuadriciclo-ligero-electrico-cat\/","title":{"rendered":"El nou Mobilize Duo, el quadraciclo lleuger 100% el\u00e8ctric successor del Renault Twizy"},"content":{"rendered":"<p class=\"my-0\">Segons l&#8217;\u00faltim informe sobre mobilitat urbana, <strong>m\u00e9s del 60% dels trajectes diaris a Espanya es realitzen en dist\u00e0ncies inferiors a 10 km<\/strong>. Aquesta realitat impulsa la demanda de microvehicles el\u00e8ctrics eficients, com <strong>el Mobilize Duo, el veritable successor del Renault Twizy<\/strong>.<\/p>\n<p class=\"my-0\">Des de V2C, com a <strong>dissenyadors i fabricants de carregadors de cotxe el\u00e8ctric a Espanya<\/strong>, analitzem com aquest model redefineix la mobilitat urbana i com una soluci\u00f3 de c\u00e0rrega intel\u00b7ligent potencia l&#8217;experi\u00e8ncia d&#8217;\u00fas d&#8217;aquest vehicle.<\/p>\n<h2 id=\"qu-es-el-mobilize-duo-i-por-qu-es-el-sucesor-del-r\" class=\"mb-2 mt-6 text-base font-[500] first:mt-0 md:text-lg dark:font-[475] [hr+&amp;]:mt-4\">Qu\u00e8 \u00e9s el Mobilize Duo i per qu\u00e8 \u00e9s el successor del Renault Twizy?<\/h2>\n<p class=\"my-0\">El Mobilize Duo \u00e9s un quadraciclo 100% el\u00e8ctric dissenyat per revolucionar la mobilitat urbana, recollint el testimoni del m\u00edtic Renault Twizy i portant-lo un pas m\u00e9s enll\u00e0. Compacte, segur i amb dues versions adaptades a diferents perfils d&#8217;usuari, el Mobilize Duo es posiciona com la refer\u00e8ncia en despla\u00e7aments urbans sostenibles.<\/p>\n<ul>\n<li class=\"my-0\">Quadraciclo el\u00e8ctric ultracompacte <strong>(2,43 m de llarg, 1,30 m d&#8217;ample)<\/strong><\/li>\n<li class=\"my-0\">Disponible en dues versions: 45 Neo <strong>(sense carnet B, des de 15 anys)<\/strong> i 80 Evo <strong>(amb carnet B, fins a 80 km\/h)<\/strong><\/li>\n<li class=\"my-0\">Fins a <strong>161 km<\/strong> d&#8217;autonomia homologada<\/li>\n<li class=\"my-0\">Disseny sostenible: <strong>m\u00e9s del 40% de materials reciclats<\/strong><\/li>\n<li class=\"my-0\">Acc\u00e9s a ajudes per instal\u00b7lar carregador de cotxe el\u00e8ctric i ajudes per comprar cotxe h\u00edbrid<\/li>\n<\/ul>\n<p class=\"my-0\">El Mobilize Duo no nom\u00e9s hereta l&#8217;esperit del Twizy, sin\u00f3 que el millora en <strong>confort, seguretat i efici\u00e8ncia<\/strong>, alineant-se amb la visi\u00f3 de V2C d&#8217;una mobilitat urbana neta i connectada.<\/p>\n<h2 id=\"cules-son-las-caractersticas-tcnicas-ms-destacadas\" class=\"mb-2 mt-6 text-base font-[500] first:mt-0 md:text-lg dark:font-[475] [hr+&amp;]:mt-4\">Quines s\u00f3n les caracter\u00edstiques t\u00e8cniques m\u00e9s destacades del Renault Mobilize Duo?<\/h2>\n<p class=\"my-0\">El Renault Mobilize Duo destaca per la seva proposta tecnol\u00f2gica i la seva practicitat per al dia a dia a la ciutat. La seva <strong>bateria de 10,3 kWh<\/strong> permet una autonomia suficient per trajectes urbans, i el seu sistema de c\u00e0rrega \u00e9s tan senzill com connectar un smartphone.<\/p>\n<ul>\n<li class=\"my-0\">Autonomia: fins a <strong>161 km (WLTP)<\/strong><\/li>\n<li class=\"my-0\"><strong>Dos places<\/strong> en t\u00e0ndem, amb portes tipus \u00e9litro per facilitar l&#8217;acc\u00e9s en espais redu\u00efts<\/li>\n<li class=\"my-0\"><strong>Airbag de s\u00e8rie<\/strong> i <strong>estructura refor\u00e7ada<\/strong> per m\u00e0xima seguretat<\/li>\n<li class=\"my-0\">C\u00e0rrega amb <strong>enxufament Schuko<\/strong> o <strong>opci\u00f3 de cable tipus 2<\/strong> per rec\u00e0rrega m\u00e9s r\u00e0pida o p\u00fablica<\/li>\n<li class=\"my-0\">Consum eficient: <strong>des de 8,8 kWh\/100 km<\/strong><\/li>\n<\/ul>\n<p class=\"my-0\">A V2C, <strong>els nostres <a href=\"https:\/\/v2charge.com\/ca\/\">carregadors de cotxe el\u00e8ctric<\/a> estan optimitzats per vehicles com el Mobilize Duo<\/strong>, garantint una rec\u00e0rrega r\u00e0pida, segura i eficient tant a les llars com a les empreses.<\/p>\n<p><img decoding=\"async\" class=\"alignnone size-full wp-image-236791\" src=\"https:\/\/v2charge.com\/wp-content\/uploads\/2025\/07\/mobilize-duo-exterior.jpg\" alt=\"El nou Mobilize Duo, el quadraciclo lleuger 100% el\u00e8ctric successor del Renault Twizy\" width=\"960\" height=\"560\" srcset=\"https:\/\/v2charge.com\/wp-content\/uploads\/2025\/07\/mobilize-duo-exterior.jpg 960w, https:\/\/v2charge.com\/wp-content\/uploads\/2025\/07\/mobilize-duo-exterior-300x175.jpg 300w, https:\/\/v2charge.com\/wp-content\/uploads\/2025\/07\/mobilize-duo-exterior-768x448.jpg 768w, https:\/\/v2charge.com\/wp-content\/uploads\/2025\/07\/mobilize-duo-exterior-50x29.jpg 50w\" sizes=\"(max-width: 960px) 100vw, 960px\" \/><\/p>\n<h2 id=\"cul-es-el-precio-del-mobilize-duo-y-qu-opciones-de\" class=\"mb-2 mt-6 text-base font-[500] first:mt-0 md:text-lg dark:font-[475] [hr+&amp;]:mt-4\">Quin \u00e9s el preu del Mobilize Duo i quines opcions de finan\u00e7ament existeixen?<\/h2>\n<p class=\"my-0\">El mobilize duo <strong>preu parteix de 9.990 euros per a la versi\u00f3 45 Neo i 12.990 euros per a la 80 Evo<\/strong> (preus al comptat, IVA incl\u00f2s, sense ajudes). A m\u00e9s, existeixen opcions de <strong>finan\u00e7ament<\/strong> molt competitives, amb quotes <strong>des de 1 \u20ac\/dia<\/strong> i asseguran\u00e7a inclosa el primer any, gr\u00e0cies a l&#8217;anticipaci\u00f3 d&#8217;ajudes per instal\u00b7lar carregador de cotxe el\u00e8ctric i el Pla Moves.<\/p>\n<ul>\n<li class=\"my-0\"><strong>Mobilize Duo 45 Neo<\/strong>: des de 9.990 \u20ac o 1 \u20ac\/dia<\/li>\n<li class=\"my-0\"><strong>Mobilize Duo 80 Evo<\/strong>: des de 12.990 \u20ac o 2,5 \u20ac\/dia<\/li>\n<li class=\"my-0\"><strong>Possibilitat d&#8217;adelantament d&#8217;ajudes p\u00fabliques<\/strong> (fins a 1.600 \u20ac o 2.000 \u20ac segons versi\u00f3)<\/li>\n<li class=\"my-0\"><strong>Asseguran\u00e7a a tot risc<\/strong> inclosa el primer any<\/li>\n<\/ul>\n<p class=\"my-0\">Una inversi\u00f3 accessible que, unida a les ajudes per comprar cotxe el\u00e8ctric, facilita la transici\u00f3 cap a la mobilitat el\u00e8ctrica.<\/p>\n<h2 id=\"qu-ventajas-ofrece-el-mobilize-duo-frente-a-otros\" class=\"mb-2 mt-6 text-base font-[500] first:mt-0 md:text-lg dark:font-[475] [hr+&amp;]:mt-4\">Quines avantatges ofereix el Mobilize Duo davant d&#8217;altres microvehicles urbans?<\/h2>\n<p class=\"my-0\">El nou renault twizy, ara rebatejat com Mobilize Duo, ofereix avantatges diferencials que el converteixen en l&#8217;opci\u00f3 m\u00e9s intel\u00b7ligent per a la ciutat.<\/p>\n<ul>\n<li class=\"my-0\"><strong>Maniobrabilitat extrema<\/strong>: aparca en qualsevol espai, fins i tot tres en una pla\u00e7a est\u00e0ndard<\/li>\n<li class=\"my-0\"><strong>Seguretat superior<\/strong>: airbag, cinturons amb limitador de for\u00e7a, estructura tancada<\/li>\n<li class=\"my-0\"><strong>Sostenibilitat real<\/strong>: fabricaci\u00f3 amb materials reciclats i baixes emissions de carboni<\/li>\n<li class=\"my-0\"><strong>Connectivitat avan\u00e7ada<\/strong>: obertura sense clau, control remot i localitzaci\u00f3 per app MyDuo<\/li>\n<li class=\"my-0\"><strong>Facilitat de rec\u00e0rrega<\/strong>: compatible amb qualsevol carregador de cotxe el\u00e8ctric V2C<\/li>\n<\/ul>\n<p class=\"my-0\">A V2C, apostem per <strong>solucions de rec\u00e0rrega intel\u00b7ligents que maximitzen el potencial de vehicles urbans<\/strong> com el Mobilize Duo, integrant la tecnologia m\u00e9s avan\u00e7ada en cada punt de rec\u00e0rrega. Descobreix tots <strong><a href=\"https:\/\/v2charge.com\/ca\/e-carregadors\/\">els nostres e-Chargers<\/a><\/strong> i tria el millor que s&#8217;adapti a tu o troba el teu <strong><a href=\"https:\/\/v2charge.com\/ca\/troba-instalador\/\">instal\u00b7lador de punt de rec\u00e0rrega<\/a><\/strong> m\u00e9s proper.<\/p>\n<p><img decoding=\"async\" class=\"alignnone size-full wp-image-236813\" src=\"https:\/\/v2charge.com\/wp-content\/uploads\/2025\/07\/mobilize-duo-precio.jpg\" alt=\"El nou Mobilize Duo, el quadraciclo lleuger 100% el\u00e8ctric successor del Renault Twizy\" width=\"960\" height=\"560\" srcset=\"https:\/\/v2charge.com\/wp-content\/uploads\/2025\/07\/mobilize-duo-precio.jpg 960w, https:\/\/v2charge.com\/wp-content\/uploads\/2025\/07\/mobilize-duo-precio-300x175.jpg 300w, https:\/\/v2charge.com\/wp-content\/uploads\/2025\/07\/mobilize-duo-precio-768x448.jpg 768w, https:\/\/v2charge.com\/wp-content\/uploads\/2025\/07\/mobilize-duo-precio-50x29.jpg 50w\" sizes=\"(max-width: 960px) 100vw, 960px\" \/><\/p>\n<h2>Difer\u00e8ncies entre el nou Renault Twizy i el Mobilize Duo en disseny i tecnologia<\/h2>\n<p><span style=\"font-weight: 400;\">El <strong>Mobilize Duo pren el relleu del Renault Twizy<\/strong> i el transforma en una proposta molt m\u00e9s madura i adaptada a les necessitats reals de la ciutat. El Twizy va ser un pioner, s\u00ed, per\u00f2 el seu <strong>concepte obert i minimalista<\/strong> tenia limitacions evidents per al dia a dia. El Duo, en canvi, sembla escoltar les demandes dels usuaris i respon amb solucions intel\u00b7ligents.<\/span><\/p>\n<h2 class=\"mb-xs mt-5 text-base font-[500] first:mt-0 dark:font-[475]\">Disseny exterior i interior<\/h2>\n<p class=\"my-0\">El Mobilize Duo millora notablement el disseny respecte al Twizy, oferint un <strong>vehicle m\u00e9s espai\u00f3s<\/strong>, modern i <strong>pensat per al confort<\/strong> i la practicitat urbana.<\/p>\n<ul>\n<li class=\"my-0\">M\u00e9s llarg i ample per a major estabilitat i espai interior<\/li>\n<li class=\"my-0\">Est\u00e8tica moderna amb opcions personalitzables<\/li>\n<li class=\"my-0\">Portes tipus \u00e9litro tancades que faciliten l&#8217;acc\u00e9s i milloren l&#8217;a\u00efllament<\/li>\n<li class=\"my-0\">\u00das de materials reciclats i comprom\u00eds amb la sostenibilitat<\/li>\n<\/ul>\n<h2 class=\"mb-xs mt-5 text-base font-[500] first:mt-0 dark:font-[475]\">Tecnologia i equipament<\/h2>\n<p class=\"my-0\">La tecnologia del Mobilize Duo fa un salt qualitatiu, <strong>integrant connectivitat avan\u00e7ada<\/strong> i sistemes que milloren l&#8217;experi\u00e8ncia de conducci\u00f3 i la seguretat.<\/p>\n<ul>\n<li class=\"my-0\"><strong>Quadre digital<\/strong> i suport per smartphone com a centre d&#8217;infoentreteniment<\/li>\n<li class=\"my-0\">Aplicaci\u00f3 <strong>MyDuo<\/strong> per obertura sense clau i control remot<\/li>\n<li class=\"my-0\"><strong>Airbag de s\u00e8rie<\/strong> i cinturons amb pretensor per a major seguretat<\/li>\n<li class=\"my-0\"><strong>Climatitzaci\u00f3<\/strong> i confort adaptats a l&#8217;\u00fas diari<\/li>\n<\/ul>\n<p><img decoding=\"async\" class=\"alignnone size-full wp-image-236802\" src=\"https:\/\/v2charge.com\/wp-content\/uploads\/2025\/07\/mobilize-duo-interior.jpg\" alt=\"El nou Mobilize Duo, el quadraciclo lleuger 100% el\u00e8ctric successor del Renault Twizy\" width=\"960\" height=\"560\" srcset=\"https:\/\/v2charge.com\/wp-content\/uploads\/2025\/07\/mobilize-duo-interior.jpg 960w, https:\/\/v2charge.com\/wp-content\/uploads\/2025\/07\/mobilize-duo-interior-300x175.jpg 300w, https:\/\/v2charge.com\/wp-content\/uploads\/2025\/07\/mobilize-duo-interior-768x448.jpg 768w, https:\/\/v2charge.com\/wp-content\/uploads\/2025\/07\/mobilize-duo-interior-50x29.jpg 50w\" sizes=\"(max-width: 960px) 100vw, 960px\" \/><\/p>\n<h2 class=\"mb-xs mt-5 text-base font-[500] first:mt-0 dark:font-[475]\">C\u00e0rrega i autonomia<\/h2>\n<p class=\"my-0\">El Mobilize Duo ofereix una autonomia superior i opcions de rec\u00e0rrega m\u00e9s flexibles, pensades per adaptar-se a la vida urbana sense complicacions.<\/p>\n<ul>\n<li class=\"my-0\">Bateria de <strong>10,3 kWh amb fins a 161 km d&#8217;autonomia<\/strong><\/li>\n<li class=\"my-0\">Rec\u00e0rrega en <strong>enxufament normal o c\u00e0rrega tipus 2<\/strong><\/li>\n<li class=\"my-0\">Actualitzacions remotes de programari per millorar el vehicle amb el temps<\/li>\n<\/ul>\n<table>\n<tbody>\n<tr>\n<td><b>Caracter\u00edstica<\/b><\/td>\n<td><b>Renault Twizy<\/b><\/td>\n<td><b>Mobilize Duo<\/b><\/td>\n<\/tr>\n<tr>\n<td><span style=\"font-weight: 400;\">Longitud \/ Amplada<\/span><\/td>\n<td><span style=\"font-weight: 400;\">2,33 m \/ 1,19 m<\/span><\/td>\n<td><span style=\"font-weight: 400;\">2,43 m \/ 1,30 m<\/span><\/td>\n<\/tr>\n<tr>\n<td><span style=\"font-weight: 400;\">Portes<\/span><\/td>\n<td><span style=\"font-weight: 400;\">Opcionales, obertes<\/span><\/td>\n<td><span style=\"font-weight: 400;\">Acristalades, tipus \u00e9litro<\/span><\/td>\n<\/tr>\n<tr>\n<td><span style=\"font-weight: 400;\">Materials reciclats<\/span><\/td>\n<td><span style=\"font-weight: 400;\">Limitat<\/span><\/td>\n<td><span style=\"font-weight: 400;\">&gt;40% de la carrosseria<\/span><\/td>\n<\/tr>\n<tr>\n<td><span style=\"font-weight: 400;\">Airbag<\/span><\/td>\n<td><span style=\"font-weight: 400;\">No<\/span><\/td>\n<td><span style=\"font-weight: 400;\">S\u00ed, conductor<\/span><\/td>\n<\/tr>\n<tr>\n<td><span style=\"font-weight: 400;\">Climatitzaci\u00f3<\/span><\/td>\n<td><span style=\"font-weight: 400;\">No<\/span><\/td>\n<td><span style=\"font-weight: 400;\">S\u00ed (segons versi\u00f3)<\/span><\/td>\n<\/tr>\n<tr>\n<td><span style=\"font-weight: 400;\">Autonomia<\/span><\/td>\n<td><span style=\"font-weight: 400;\">Fins a 100 km<\/span><\/td>\n<td><span style=\"font-weight: 400;\">Fins a 161 km<\/span><\/td>\n<\/tr>\n<tr>\n<td><span style=\"font-weight: 400;\">Connectivitat<\/span><\/td>\n<td><span style=\"font-weight: 400;\">No<\/span><\/td>\n<td><span style=\"font-weight: 400;\">App MyDuo, suport smartphone<\/span><\/td>\n<\/tr>\n<tr>\n<td><span style=\"font-weight: 400;\">Actualitzacions remotes<\/span><\/td>\n<td><span style=\"font-weight: 400;\">No<\/span><\/td>\n<td><span style=\"font-weight: 400;\">S\u00ed (FOTA)<\/span><\/td>\n<\/tr>\n<\/tbody>\n<\/table>\n<p><span style=\"font-weight: 400;\">El Mobilize Duo supera el Renault Twizy en aspectes clau de <strong>disseny, seguretat, tecnologia i sostenibilitat<\/strong>. El seu habitacle tancat, major autonomia, connectivitat avan\u00e7ada i equipament de confort el converteixen en la refer\u00e8ncia actual de la micro mobilitat urbana el\u00e8ctrica, adaptant-se millor a les necessitats i expectatives de l&#8217;usuari modern.<\/span><\/p>\n<h2 id=\"cmo-mejorar-la-experiencia-de-uso-del-mobilize-duo\" class=\"mb-2 mt-6 text-base font-[500] first:mt-0 md:text-lg dark:font-[475] [hr+&amp;]:mt-4\">Com millorar l&#8217;experi\u00e8ncia d&#8217;\u00fas del Mobilize Duo amb V2C?<\/h2>\n<p class=\"my-0\">L&#8217;experi\u00e8ncia d&#8217;usuari amb el Mobilize Duo es multiplica quan es combina amb <strong>una infraestructura de c\u00e0rrega eficient<\/strong> i adaptada. A V2C, dissenyem i fabriquem a Espanya solucions de c\u00e0rrega per a tot tipus de vehicles el\u00e8ctrics que s&#8217;integren perfectament en qualsevol entorn, ja sigui residencial, comunitari o empresarial.<\/p>\n<ul>\n<li class=\"my-0\"><strong>Carregadors de cotxes el\u00e8ctrics intel\u00b7ligents<\/strong> i connectats, compatibles amb tots els models el\u00e8ctrics<\/li>\n<li class=\"my-0\">Disposem d&#8217;una \u00e0mplia <strong>xarxa d&#8217;instal\u00b7ladors de carregadors de cotxe el\u00e8ctric<\/strong><\/li>\n<li class=\"my-0\">Assessorament personalitzat per aprofitar <strong>totes les ajudes per<\/strong> <strong>instal\u00b7lar carregador de cotxe el\u00e8ctric<\/strong><\/li>\n<li class=\"my-0\">Xarxa de <strong><a href=\"https:\/\/v2charge.com\/ca\/troba-instalador\/\">instal\u00b7ladors de carregadors de cotxes el\u00e8ctrics<\/a><\/strong> homologats a tota Espanya<\/li>\n<\/ul>\n<p class=\"my-0\">El nostre comprom\u00eds \u00e9s que cada usuari del Mobilize Duo gaudeixi d&#8217;una rec\u00e0rrega c\u00f2moda, segura i eficient, potenciant al m\u00e0xim les avantatges de la mobilitat el\u00e8ctrica.<\/p>\n<h2 id=\"qu-ayudas-existen-para-comprar-e-instalar-un-mobil\" class=\"mb-2 mt-6 text-base font-[500] first:mt-0 md:text-lg dark:font-[475] [hr+&amp;]:mt-4\">Quines ajudes existeixen per comprar un Mobilize Duo?<\/h2>\n<p class=\"my-0\">En comprar un Mobilize Duo pots sol\u00b7licitar el <strong><a href=\"https:\/\/v2charge.com\/ca\/ultimes-noticies-del-pla-moves-iii-2025-tot-el-que-necessites-saber\/\">Pla Moves III en 2025<\/a><\/strong>, tant per la compra del vehicle com per la instal\u00b7laci\u00f3 d&#8217;infraestructures de c\u00e0rrega.<\/p>\n<ul>\n<li class=\"my-0\"><strong>Pla Moves III<\/strong>: fins a 2.000 \u20ac d&#8217;ajuda directa per la compra<\/li>\n<li class=\"my-0\"><strong>Ajudes per instal\u00b7lar carregador de cotxe<\/strong> el\u00e8ctric a vivendes i empreses<\/li>\n<li class=\"my-0\">Subvencions espec\u00edfiques per a joves i flotes urbanes<\/li>\n<\/ul>\n<p class=\"my-0\">Et recomanem que el teu instal\u00b7lador professional de carregador de cotxe el\u00e8ctric t&#8217;assessori en la millor elecci\u00f3 del teu punt de rec\u00e0rrega per complir totes les normatives i sol\u00b7licitar totes les ajudes disponibles.<\/p>\n<h2 class=\"mb-2 mt-6 text-base font-[500] first:mt-0 md:text-lg dark:font-[475] [hr+&amp;]:mt-4\">Troba el teu instal\u00b7lador de punt de rec\u00e0rrega V2C per al teu Mobilize Duo<\/h2>\n<p class=\"my-0\">A V2C creiem que la <strong>mobilitat el\u00e8ctrica<\/strong> nom\u00e9s t\u00e9 sentit si va acompanyada d&#8217;una infraestructura de c\u00e0rrega de qualitat. Per aix\u00f2, posem a la teva disposici\u00f3 la nostra xarxa professional d&#8217;<strong><a href=\"https:\/\/v2charge.com\/ca\/troba-instalador\/\">instal\u00b7ladors de carregadors de cotxe el\u00e8ctric<\/a><\/strong> perqu\u00e8 trobis la soluci\u00f3 perfecta i gaudeixis de totes les avantatges del Mobilize Duo. Contacta amb nosaltres i fes el salt a la mobilitat urbana intel\u00b7ligent amb la garantia tecnol\u00f2gica de V2C.<\/p>\n<p data-start=\"6946\" data-end=\"7309\"><a class=\"\" href=\"https:\/\/v2charge.com\/ca\/troba-instalador\/\" target=\"\" rel=\"noopener\"><img decoding=\"async\" class=\"uag-image-243962\" title=\"Troba el teu instal\u00b7lador de carregador de cotxe el\u00e8ctric\" role=\"img\" src=\"https:\/\/v2charge.com\/wp-content\/uploads\/2025\/08\/buscas-instalador-cargador-coche-electrico.jpg\" sizes=\"(max-width: 480px) 150px\" srcset=\"https:\/\/v2charge.com\/wp-content\/uploads\/2025\/08\/buscas-instalador-cargador-coche-electrico.jpg ,https:\/\/v2charge.com\/wp-content\/uploads\/2025\/08\/buscas-instalador-cargador-coche-electrico.jpg 780w, https:\/\/v2charge.com\/wp-content\/uploads\/2025\/08\/buscas-instalador-cargador-coche-electrico.jpg 360w\" alt=\"Troba el teu instal\u00b7lador de carregador de cotxe el\u00e8ctric\" width=\"818\" height=\"818\" \/><\/a><\/p>\n<p data-start=\"6946\" data-end=\"7309\">\n","protected":false},"excerpt":{"rendered":"<p>Segons l&#8217;\u00faltim informe sobre mobilitat urbana, m\u00e9s del 60% dels trajectes diaris a Espanya es realitzen en dist\u00e0ncies inferiors a 10 km. Aquesta realitat impulsa la demanda de microvehicles el\u00e8ctrics eficients, com el Mobilize Duo, el veritable successor del Renault Twizy. Des de V2C, com a dissenyadors i fabricants de carregadors de cotxe el\u00e8ctric a &#8230; <a title=\"El nou Mobilize Duo, el quadraciclo lleuger 100% el\u00e8ctric successor del Renault Twizy\" class=\"read-more\" href=\"https:\/\/v2charge.com\/ca\/nuevo-mobilize-duo-cuadriciclo-ligero-electrico-cat\/\" aria-label=\"M\u00e9s informaci\u00f3 sobre El nou Mobilize Duo, el quadraciclo lleuger 100% el\u00e8ctric successor del Renault Twizy\">Llegiu m\u00e9s<\/a><\/p>\n","protected":false},"author":400,"featured_media":236780,"comment_status":"closed","ping_status":"closed","sticky":false,"template":"","format":"standard","meta":{"_eb_attr":"","content-type":"","_uag_custom_page_level_css":"","footnotes":""},"categories":[],"tags":[],"class_list":["post-310338","post","type-post","status-publish","format-standard","has-post-thumbnail","hentry"],"yoast_head":"<!-- This site is optimized with the Yoast SEO plugin v25.3.1 - https:\/\/yoast.com\/wordpress\/plugins\/seo\/ -->\n<title>Nou Mobilize Duo: Preu i Caracter\u00edstiques vs Renault Twizy<\/title>\n<meta name=\"description\" content=\"Tot sobre el nou Mobilize Duo, el successor del Renault Twizy. Preu, caracter\u00edstiques, com optimitzar l&#039;experi\u00e8ncia de c\u00e0rrega.\" \/>\n<meta name=\"robots\" content=\"index, follow, max-snippet:-1, max-image-preview:large, max-video-preview:-1\" \/>\n<link rel=\"canonical\" href=\"https:\/\/v2charge.com\/ca\/nuevo-mobilize-duo-cuadriciclo-ligero-electrico-cat\/\" \/>\n<meta property=\"og:locale\" content=\"ca_ES\" \/>\n<meta property=\"og:type\" content=\"article\" \/>\n<meta property=\"og:title\" content=\"Nou Mobilize Duo: Preu i Caracter\u00edstiques vs Renault Twizy\" \/>\n<meta property=\"og:description\" content=\"Tot sobre el nou Mobilize Duo, el successor del Renault Twizy. Preu, caracter\u00edstiques, com optimitzar l&#039;experi\u00e8ncia de c\u00e0rrega.\" \/>\n<meta property=\"og:url\" content=\"https:\/\/v2charge.com\/ca\/nuevo-mobilize-duo-cuadriciclo-ligero-electrico-cat\/\" \/>\n<meta property=\"og:site_name\" content=\"V2C\" \/>\n<meta property=\"article:publisher\" content=\"https:\/\/www.facebook.com\/V2C.Charge\" \/>\n<meta property=\"article:published_time\" content=\"2025-07-14T08:30:00+00:00\" \/>\n<meta property=\"article:modified_time\" content=\"2025-08-19T09:14:21+00:00\" \/>\n<meta property=\"og:image\" content=\"https:\/\/v2charge.com\/wp-content\/uploads\/2025\/07\/mobilize-duo-caracteristicas.jpg\" \/>\n\t<meta property=\"og:image:width\" content=\"960\" \/>\n\t<meta property=\"og:image:height\" content=\"560\" \/>\n\t<meta property=\"og:image:type\" content=\"image\/jpeg\" \/>\n<meta name=\"author\" content=\"V2C\" \/>\n<meta name=\"twitter:card\" content=\"summary_large_image\" \/>\n<meta name=\"twitter:creator\" content=\"@V2C_Charge\" \/>\n<meta name=\"twitter:site\" content=\"@V2C_Charge\" \/>\n<meta name=\"twitter:label1\" content=\"Escrit per\" \/>\n\t<meta name=\"twitter:data1\" content=\"V2C\" \/>\n\t<meta name=\"twitter:label2\" content=\"Temps estimat de lectura\" \/>\n\t<meta name=\"twitter:data2\" content=\"8 minuts\" \/>\n<script type=\"application\/ld+json\" class=\"yoast-schema-graph\">{\"@context\":\"https:\/\/schema.org\",\"@graph\":[{\"@type\":\"Article\",\"@id\":\"https:\/\/v2charge.com\/ca\/nuevo-mobilize-duo-cuadriciclo-ligero-electrico-cat\/#article\",\"isPartOf\":{\"@id\":\"https:\/\/v2charge.com\/ca\/nuevo-mobilize-duo-cuadriciclo-ligero-electrico-cat\/\"},\"author\":{\"name\":\"V2C\",\"@id\":\"https:\/\/v2charge.com\/ca\/#\/schema\/person\/d6f210a94a856acdddec347b2127fd0f\"},\"headline\":\"El nou Mobilize Duo, el quadraciclo lleuger 100% el\u00e8ctric successor del Renault Twizy\",\"datePublished\":\"2025-07-14T08:30:00+00:00\",\"dateModified\":\"2025-08-19T09:14:21+00:00\",\"mainEntityOfPage\":{\"@id\":\"https:\/\/v2charge.com\/ca\/nuevo-mobilize-duo-cuadriciclo-ligero-electrico-cat\/\"},\"wordCount\":1478,\"publisher\":{\"@id\":\"https:\/\/v2charge.com\/ca\/#organization\"},\"image\":{\"@id\":\"https:\/\/v2charge.com\/ca\/nuevo-mobilize-duo-cuadriciclo-ligero-electrico-cat\/#primaryimage\"},\"thumbnailUrl\":\"https:\/\/v2charge.com\/wp-content\/uploads\/2025\/07\/mobilize-duo-caracteristicas.jpg\",\"inLanguage\":\"ca\"},{\"@type\":\"WebPage\",\"@id\":\"https:\/\/v2charge.com\/ca\/nuevo-mobilize-duo-cuadriciclo-ligero-electrico-cat\/\",\"url\":\"https:\/\/v2charge.com\/ca\/nuevo-mobilize-duo-cuadriciclo-ligero-electrico-cat\/\",\"name\":\"Nou Mobilize Duo: Preu i Caracter\u00edstiques vs Renault Twizy\",\"isPartOf\":{\"@id\":\"https:\/\/v2charge.com\/ca\/#website\"},\"primaryImageOfPage\":{\"@id\":\"https:\/\/v2charge.com\/ca\/nuevo-mobilize-duo-cuadriciclo-ligero-electrico-cat\/#primaryimage\"},\"image\":{\"@id\":\"https:\/\/v2charge.com\/ca\/nuevo-mobilize-duo-cuadriciclo-ligero-electrico-cat\/#primaryimage\"},\"thumbnailUrl\":\"https:\/\/v2charge.com\/wp-content\/uploads\/2025\/07\/mobilize-duo-caracteristicas.jpg\",\"datePublished\":\"2025-07-14T08:30:00+00:00\",\"dateModified\":\"2025-08-19T09:14:21+00:00\",\"description\":\"Tot sobre el nou Mobilize Duo, el successor del Renault Twizy. Preu, caracter\u00edstiques, com optimitzar l'experi\u00e8ncia de c\u00e0rrega.\",\"breadcrumb\":{\"@id\":\"https:\/\/v2charge.com\/ca\/nuevo-mobilize-duo-cuadriciclo-ligero-electrico-cat\/#breadcrumb\"},\"inLanguage\":\"ca\",\"potentialAction\":[{\"@type\":\"ReadAction\",\"target\":[\"https:\/\/v2charge.com\/ca\/nuevo-mobilize-duo-cuadriciclo-ligero-electrico-cat\/\"]}]},{\"@type\":\"ImageObject\",\"inLanguage\":\"ca\",\"@id\":\"https:\/\/v2charge.com\/ca\/nuevo-mobilize-duo-cuadriciclo-ligero-electrico-cat\/#primaryimage\",\"url\":\"https:\/\/v2charge.com\/wp-content\/uploads\/2025\/07\/mobilize-duo-caracteristicas.jpg\",\"contentUrl\":\"https:\/\/v2charge.com\/wp-content\/uploads\/2025\/07\/mobilize-duo-caracteristicas.jpg\",\"width\":960,\"height\":560,\"caption\":\"El nuevo Mobilize Duo, el cuadriciclo ligero 100% el\u00e9ctrico sucesor del Renault Twizy\"},{\"@type\":\"BreadcrumbList\",\"@id\":\"https:\/\/v2charge.com\/ca\/nuevo-mobilize-duo-cuadriciclo-ligero-electrico-cat\/#breadcrumb\",\"itemListElement\":[{\"@type\":\"ListItem\",\"position\":1,\"name\":\"V2C\",\"item\":\"https:\/\/v2charge.com\/ca\/\"},{\"@type\":\"ListItem\",\"position\":2,\"name\":\"Coches el\u00e9ctricos\",\"item\":\"https:\/\/v2charge.com\/es\/coches-electricos\/\"},{\"@type\":\"ListItem\",\"position\":3,\"name\":\"El nou Mobilize Duo, el quadraciclo lleuger 100% el\u00e8ctric successor del Renault Twizy\"}]},{\"@type\":\"WebSite\",\"@id\":\"https:\/\/v2charge.com\/ca\/#website\",\"url\":\"https:\/\/v2charge.com\/ca\/\",\"name\":\"V2C\",\"description\":\"#CargandoElMa\u00f1ana\",\"publisher\":{\"@id\":\"https:\/\/v2charge.com\/ca\/#organization\"},\"potentialAction\":[{\"@type\":\"SearchAction\",\"target\":{\"@type\":\"EntryPoint\",\"urlTemplate\":\"https:\/\/v2charge.com\/ca\/?s={search_term_string}\"},\"query-input\":{\"@type\":\"PropertyValueSpecification\",\"valueRequired\":true,\"valueName\":\"search_term_string\"}}],\"inLanguage\":\"ca\"},{\"@type\":\"Organization\",\"@id\":\"https:\/\/v2charge.com\/ca\/#organization\",\"name\":\"V2C\",\"url\":\"https:\/\/v2charge.com\/ca\/\",\"logo\":{\"@type\":\"ImageObject\",\"inLanguage\":\"ca\",\"@id\":\"https:\/\/v2charge.com\/ca\/#\/schema\/logo\/image\/\",\"url\":\"https:\/\/v2charge.com\/wp-content\/uploads\/2024\/11\/cropped-v2c-charge-logo-menu.png\",\"contentUrl\":\"https:\/\/v2charge.com\/wp-content\/uploads\/2024\/11\/cropped-v2c-charge-logo-menu.png\",\"width\":984,\"height\":431,\"caption\":\"V2C\"},\"image\":{\"@id\":\"https:\/\/v2charge.com\/ca\/#\/schema\/logo\/image\/\"},\"sameAs\":[\"https:\/\/www.facebook.com\/V2C.Charge\",\"https:\/\/x.com\/V2C_Charge\",\"https:\/\/www.instagram.com\/v2c.charge\/\",\"https:\/\/www.youtube.com\/@V2C\",\"https:\/\/www.linkedin.com\/company\/v2c-chargers\/\"]},{\"@type\":\"Person\",\"@id\":\"https:\/\/v2charge.com\/ca\/#\/schema\/person\/d6f210a94a856acdddec347b2127fd0f\",\"name\":\"V2C\",\"image\":{\"@type\":\"ImageObject\",\"inLanguage\":\"ca\",\"@id\":\"https:\/\/v2charge.com\/ca\/#\/schema\/person\/image\/\",\"url\":\"https:\/\/secure.gravatar.com\/avatar\/a91128c4c0d2f4d63bd586301fdec6cc9aa49c885839b25d1c62700f529f267c?s=96&d=mm&r=g\",\"contentUrl\":\"https:\/\/secure.gravatar.com\/avatar\/a91128c4c0d2f4d63bd586301fdec6cc9aa49c885839b25d1c62700f529f267c?s=96&d=mm&r=g\",\"caption\":\"V2C\"}}]}<\/script>\n<!-- \/ Yoast SEO plugin. -->","yoast_head_json":{"title":"Nou Mobilize Duo: Preu i Caracter\u00edstiques vs Renault Twizy","description":"Tot sobre el nou Mobilize Duo, el successor del Renault Twizy. Preu, caracter\u00edstiques, com optimitzar l'experi\u00e8ncia de c\u00e0rrega.","robots":{"index":"index","follow":"follow","max-snippet":"max-snippet:-1","max-image-preview":"max-image-preview:large","max-video-preview":"max-video-preview:-1"},"canonical":"https:\/\/v2charge.com\/ca\/nuevo-mobilize-duo-cuadriciclo-ligero-electrico-cat\/","og_locale":"ca_ES","og_type":"article","og_title":"Nou Mobilize Duo: Preu i Caracter\u00edstiques vs Renault Twizy","og_description":"Tot sobre el nou Mobilize Duo, el successor del Renault Twizy. Preu, caracter\u00edstiques, com optimitzar l'experi\u00e8ncia de c\u00e0rrega.","og_url":"https:\/\/v2charge.com\/ca\/nuevo-mobilize-duo-cuadriciclo-ligero-electrico-cat\/","og_site_name":"V2C","article_publisher":"https:\/\/www.facebook.com\/V2C.Charge","article_published_time":"2025-07-14T08:30:00+00:00","article_modified_time":"2025-08-19T09:14:21+00:00","og_image":[{"width":960,"height":560,"url":"https:\/\/v2charge.com\/wp-content\/uploads\/2025\/07\/mobilize-duo-caracteristicas.jpg","type":"image\/jpeg"}],"author":"V2C","twitter_card":"summary_large_image","twitter_creator":"@V2C_Charge","twitter_site":"@V2C_Charge","twitter_misc":{"Escrit per":"V2C","Temps estimat de lectura":"8 minuts"},"schema":{"@context":"https:\/\/schema.org","@graph":[{"@type":"Article","@id":"https:\/\/v2charge.com\/ca\/nuevo-mobilize-duo-cuadriciclo-ligero-electrico-cat\/#article","isPartOf":{"@id":"https:\/\/v2charge.com\/ca\/nuevo-mobilize-duo-cuadriciclo-ligero-electrico-cat\/"},"author":{"name":"V2C","@id":"https:\/\/v2charge.com\/ca\/#\/schema\/person\/d6f210a94a856acdddec347b2127fd0f"},"headline":"El nou Mobilize Duo, el quadraciclo lleuger 100% el\u00e8ctric successor del Renault Twizy","datePublished":"2025-07-14T08:30:00+00:00","dateModified":"2025-08-19T09:14:21+00:00","mainEntityOfPage":{"@id":"https:\/\/v2charge.com\/ca\/nuevo-mobilize-duo-cuadriciclo-ligero-electrico-cat\/"},"wordCount":1478,"publisher":{"@id":"https:\/\/v2charge.com\/ca\/#organization"},"image":{"@id":"https:\/\/v2charge.com\/ca\/nuevo-mobilize-duo-cuadriciclo-ligero-electrico-cat\/#primaryimage"},"thumbnailUrl":"https:\/\/v2charge.com\/wp-content\/uploads\/2025\/07\/mobilize-duo-caracteristicas.jpg","inLanguage":"ca"},{"@type":"WebPage","@id":"https:\/\/v2charge.com\/ca\/nuevo-mobilize-duo-cuadriciclo-ligero-electrico-cat\/","url":"https:\/\/v2charge.com\/ca\/nuevo-mobilize-duo-cuadriciclo-ligero-electrico-cat\/","name":"Nou Mobilize Duo: Preu i Caracter\u00edstiques vs Renault Twizy","isPartOf":{"@id":"https:\/\/v2charge.com\/ca\/#website"},"primaryImageOfPage":{"@id":"https:\/\/v2charge.com\/ca\/nuevo-mobilize-duo-cuadriciclo-ligero-electrico-cat\/#primaryimage"},"image":{"@id":"https:\/\/v2charge.com\/ca\/nuevo-mobilize-duo-cuadriciclo-ligero-electrico-cat\/#primaryimage"},"thumbnailUrl":"https:\/\/v2charge.com\/wp-content\/uploads\/2025\/07\/mobilize-duo-caracteristicas.jpg","datePublished":"2025-07-14T08:30:00+00:00","dateModified":"2025-08-19T09:14:21+00:00","description":"Tot sobre el nou Mobilize Duo, el successor del Renault Twizy. Preu, caracter\u00edstiques, com optimitzar l'experi\u00e8ncia de c\u00e0rrega.","breadcrumb":{"@id":"https:\/\/v2charge.com\/ca\/nuevo-mobilize-duo-cuadriciclo-ligero-electrico-cat\/#breadcrumb"},"inLanguage":"ca","potentialAction":[{"@type":"ReadAction","target":["https:\/\/v2charge.com\/ca\/nuevo-mobilize-duo-cuadriciclo-ligero-electrico-cat\/"]}]},{"@type":"ImageObject","inLanguage":"ca","@id":"https:\/\/v2charge.com\/ca\/nuevo-mobilize-duo-cuadriciclo-ligero-electrico-cat\/#primaryimage","url":"https:\/\/v2charge.com\/wp-content\/uploads\/2025\/07\/mobilize-duo-caracteristicas.jpg","contentUrl":"https:\/\/v2charge.com\/wp-content\/uploads\/2025\/07\/mobilize-duo-caracteristicas.jpg","width":960,"height":560,"caption":"El nuevo Mobilize Duo, el cuadriciclo ligero 100% el\u00e9ctrico sucesor del Renault Twizy"},{"@type":"BreadcrumbList","@id":"https:\/\/v2charge.com\/ca\/nuevo-mobilize-duo-cuadriciclo-ligero-electrico-cat\/#breadcrumb","itemListElement":[{"@type":"ListItem","position":1,"name":"V2C","item":"https:\/\/v2charge.com\/ca\/"},{"@type":"ListItem","position":2,"name":"Coches el\u00e9ctricos","item":"https:\/\/v2charge.com\/es\/coches-electricos\/"},{"@type":"ListItem","position":3,"name":"El nou Mobilize Duo, el quadraciclo lleuger 100% el\u00e8ctric successor del Renault Twizy"}]},{"@type":"WebSite","@id":"https:\/\/v2charge.com\/ca\/#website","url":"https:\/\/v2charge.com\/ca\/","name":"V2C","description":"#CargandoElMa\u00f1ana","publisher":{"@id":"https:\/\/v2charge.com\/ca\/#organization"},"potentialAction":[{"@type":"SearchAction","target":{"@type":"EntryPoint","urlTemplate":"https:\/\/v2charge.com\/ca\/?s={search_term_string}"},"query-input":{"@type":"PropertyValueSpecification","valueRequired":true,"valueName":"search_term_string"}}],"inLanguage":"ca"},{"@type":"Organization","@id":"https:\/\/v2charge.com\/ca\/#organization","name":"V2C","url":"https:\/\/v2charge.com\/ca\/","logo":{"@type":"ImageObject","inLanguage":"ca","@id":"https:\/\/v2charge.com\/ca\/#\/schema\/logo\/image\/","url":"https:\/\/v2charge.com\/wp-content\/uploads\/2024\/11\/cropped-v2c-charge-logo-menu.png","contentUrl":"https:\/\/v2charge.com\/wp-content\/uploads\/2024\/11\/cropped-v2c-charge-logo-menu.png","width":984,"height":431,"caption":"V2C"},"image":{"@id":"https:\/\/v2charge.com\/ca\/#\/schema\/logo\/image\/"},"sameAs":["https:\/\/www.facebook.com\/V2C.Charge","https:\/\/x.com\/V2C_Charge","https:\/\/www.instagram.com\/v2c.charge\/","https:\/\/www.youtube.com\/@V2C","https:\/\/www.linkedin.com\/company\/v2c-chargers\/"]},{"@type":"Person","@id":"https:\/\/v2charge.com\/ca\/#\/schema\/person\/d6f210a94a856acdddec347b2127fd0f","name":"V2C","image":{"@type":"ImageObject","inLanguage":"ca","@id":"https:\/\/v2charge.com\/ca\/#\/schema\/person\/image\/","url":"https:\/\/secure.gravatar.com\/avatar\/a91128c4c0d2f4d63bd586301fdec6cc9aa49c885839b25d1c62700f529f267c?s=96&d=mm&r=g","contentUrl":"https:\/\/secure.gravatar.com\/avatar\/a91128c4c0d2f4d63bd586301fdec6cc9aa49c885839b25d1c62700f529f267c?s=96&d=mm&r=g","caption":"V2C"}}]}},"uagb_featured_image_src":{"full":["https:\/\/v2charge.com\/wp-content\/uploads\/2025\/07\/mobilize-duo-caracteristicas.jpg",960,560,false],"thumbnail":["https:\/\/v2charge.com\/wp-content\/uploads\/2025\/07\/mobilize-duo-caracteristicas-150x150.jpg",150,150,true],"medium":["https:\/\/v2charge.com\/wp-content\/uploads\/2025\/07\/mobilize-duo-caracteristicas-300x175.jpg",300,175,true],"medium_large":["https:\/\/v2charge.com\/wp-content\/uploads\/2025\/07\/mobilize-duo-caracteristicas-768x448.jpg",768,448,true],"large":["https:\/\/v2charge.com\/wp-content\/uploads\/2025\/07\/mobilize-duo-caracteristicas.jpg",960,560,false],"gs-tiny":["https:\/\/v2charge.com\/wp-content\/uploads\/2025\/07\/mobilize-duo-caracteristicas-50x29.jpg",50,29,true],"xl":["https:\/\/v2charge.com\/wp-content\/uploads\/2025\/07\/mobilize-duo-caracteristicas.jpg",960,560,false],"xxl":["https:\/\/v2charge.com\/wp-content\/uploads\/2025\/07\/mobilize-duo-caracteristicas.jpg",960,560,false],"xxxl":["https:\/\/v2charge.com\/wp-content\/uploads\/2025\/07\/mobilize-duo-caracteristicas.jpg",960,560,false],"xxxxl":["https:\/\/v2charge.com\/wp-content\/uploads\/2025\/07\/mobilize-duo-caracteristicas.jpg",960,560,false],"xxxxxl":["https:\/\/v2charge.com\/wp-content\/uploads\/2025\/07\/mobilize-duo-caracteristicas.jpg",960,560,false],"1536x1536":["https:\/\/v2charge.com\/wp-content\/uploads\/2025\/07\/mobilize-duo-caracteristicas.jpg",960,560,false],"2048x2048":["https:\/\/v2charge.com\/wp-content\/uploads\/2025\/07\/mobilize-duo-caracteristicas.jpg",960,560,false]},"uagb_author_info":{"display_name":"V2C","author_link":"https:\/\/v2charge.com\/ca\/author\/marketing\/"},"uagb_comment_info":0,"uagb_excerpt":"Segons l&#8217;\u00faltim informe sobre mobilitat urbana, m\u00e9s del 60% dels trajectes diaris a Espanya es realitzen en dist\u00e0ncies inferiors a 10 km. Aquesta realitat impulsa la demanda de microvehicles el\u00e8ctrics eficients, com el Mobilize Duo, el veritable successor del Renault Twizy. Des de V2C, com a dissenyadors i fabricants de carregadors de cotxe el\u00e8ctric a&hellip;","_links":{"self":[{"href":"https:\/\/v2charge.com\/ca\/wp-json\/wp\/v2\/posts\/310338","targetHints":{"allow":["GET"]}}],"collection":[{"href":"https:\/\/v2charge.com\/ca\/wp-json\/wp\/v2\/posts"}],"about":[{"href":"https:\/\/v2charge.com\/ca\/wp-json\/wp\/v2\/types\/post"}],"author":[{"embeddable":true,"href":"https:\/\/v2charge.com\/ca\/wp-json\/wp\/v2\/users\/400"}],"replies":[{"embeddable":true,"href":"https:\/\/v2charge.com\/ca\/wp-json\/wp\/v2\/comments?post=310338"}],"version-history":[{"count":0,"href":"https:\/\/v2charge.com\/ca\/wp-json\/wp\/v2\/posts\/310338\/revisions"}],"wp:featuredmedia":[{"embeddable":true,"href":"https:\/\/v2charge.com\/ca\/wp-json\/wp\/v2\/media\/236780"}],"wp:attachment":[{"href":"https:\/\/v2charge.com\/ca\/wp-json\/wp\/v2\/media?parent=310338"}],"wp:term":[{"taxonomy":"category","embeddable":true,"href":"https:\/\/v2charge.com\/ca\/wp-json\/wp\/v2\/categories?post=310338"},{"taxonomy":"post_tag","embeddable":true,"href":"https:\/\/v2charge.com\/ca\/wp-json\/wp\/v2\/tags?post=310338"}],"curies":[{"name":"wp","href":"https:\/\/api.w.org\/{rel}","templated":true}]}}