{"id":310339,"date":"2025-07-22T10:30:00","date_gmt":"2025-07-22T08:30:00","guid":{"rendered":""},"modified":"2025-08-19T11:12:52","modified_gmt":"2025-08-19T09:12:52","slug":"conector-combo-css-2-sistema-carga-combinado-cat","status":"publish","type":"post","link":"https:\/\/v2charge.com\/ca\/conector-combo-css-2-sistema-carga-combinado-cat\/","title":{"rendered":"Tot sobre el sistema de c\u00e0rrega combinat Combo CSS 2 per carregar el teu cotxe el\u00e8ctric"},"content":{"rendered":"<p class=\"my-0\">Segons la <strong>Comissi\u00f3 Europea<\/strong>, <em>m\u00e9s del 80% dels punts de rec\u00e0rrega r\u00e0pida instal\u00b7lats a la Uni\u00f3 Europea ja utilitzen el sistema CCS Combo 2<\/em>, consolidant-se com l&#8217;est\u00e0ndard preferit per a la c\u00e0rrega de vehicles el\u00e8ctrics. Aquesta xifra reflecteix la import\u00e0ncia d&#8217;escollir solucions d&#8217;avantguarda com les que desenvolupem a V2C, on el connector CCS2 \u00e9s protagonista de la nostra proposta tecnol\u00f2gica de c\u00e0rrega r\u00e0pida.<\/p>\n<p>Te expliquem totes les avantatges d&#8217;aquest cable de c\u00e0rrega i per qu\u00e8 \u00e9s l&#8217;est\u00e0ndard europeu actual.<\/p>\n<h2 id=\"qu-es-el-sistema-de-carga-combinado-ccs-y-por-qu-e\" class=\"mb-2 mt-6 text-base font-[500] first:mt-0 md:text-lg dark:font-[475] [hr+&amp;]:mt-4\">Qu\u00e8 \u00e9s el sistema de c\u00e0rrega combinat CCS i per qu\u00e8 \u00e9s l&#8217;est\u00e0ndard a Europa?<\/h2>\n<p class=\"my-0\">El\u00a0<strong>CCS (Combined Charging System)<\/strong>, tamb\u00e9 conegut com\u00a0<strong>Combo 2<\/strong>\u00a0o\u00a0<strong>CCS2<\/strong>, \u00e9s l&#8217;est\u00e0ndard europeu per a la c\u00e0rrega de vehicles el\u00e8ctrics, permetent tant c\u00e0rrega en corrent alterna (CA) com en corrent cont\u00ednua (CC). La seva principal avantatge \u00e9s la flexibilitat: amb un sol connector, l&#8217;usuari pot accedir a c\u00e0rregues lentes i r\u00e0pides, adaptant-se a qualsevol necessitat i entorn<span class=\"whitespace-nowrap\">.<\/span><\/p>\n<p><img decoding=\"async\" class=\"alignnone size-full wp-image-237241\" src=\"https:\/\/v2charge.com\/wp-content\/uploads\/2025\/07\/conector-combo-ccs-2.jpg\" alt=\"Tot sobre el sistema de c\u00e0rrega combinat Combo CSS 2 per carregar el teu cotxe el\u00e8ctric\" width=\"960\" height=\"560\" srcset=\"https:\/\/v2charge.com\/wp-content\/uploads\/2025\/07\/conector-combo-ccs-2.jpg 960w, https:\/\/v2charge.com\/wp-content\/uploads\/2025\/07\/conector-combo-ccs-2-300x175.jpg 300w, https:\/\/v2charge.com\/wp-content\/uploads\/2025\/07\/conector-combo-ccs-2-768x448.jpg 768w, https:\/\/v2charge.com\/wp-content\/uploads\/2025\/07\/conector-combo-ccs-2-50x29.jpg 50w\" sizes=\"(max-width: 960px) 100vw, 960px\" \/><\/p>\n<ul>\n<li class=\"my-0\"><strong>Versatilitat:<\/strong>\u00a0Permet c\u00e0rrega en CA i CC amb un \u00fanic connector.<\/li>\n<li class=\"my-0\"><strong>Efic\u00e0cia:<\/strong>\u00a0Redueix dr\u00e0sticament els temps de rec\u00e0rrega en CC.<\/li>\n<li class=\"my-0\"><strong>Compatibilitat:<\/strong>\u00a0\u00c9s l&#8217;est\u00e0ndard a la Uni\u00f3 Europea per punts p\u00fablics i privats.<\/li>\n<li class=\"my-0\"><strong>Seguretat:<\/strong>\u00a0Incorpora sistemes de protecci\u00f3 i control de temperatura.<\/li>\n<li class=\"my-0\"><strong>Normativa:<\/strong>\u00a0Complert amb la IEC 62196, garantint interoperabilitat.<\/li>\n<\/ul>\n<p class=\"my-0\">A V2C, som fabricants de <strong><a href=\"https:\/\/v2charge.com\/ca\/\">carregadors de cotxe el\u00e8ctric<\/a><\/strong> i apostem per la tecnologia CCS2 en els nostres carregadors, facilitant la transici\u00f3 cap a una mobilitat el\u00e8ctrica eficient i universal.<\/p>\n<h2 id=\"qu-diferencia-hay-entre-conector-ccs-ccs2-y-conect\" class=\"mb-2 mt-6 text-base font-[500] first:mt-0 md:text-lg dark:font-[475] [hr+&amp;]:mt-4\">Quina difer\u00e8ncia hi ha entre connector CCS, CCS2 i connector tipus 2 per cotxe el\u00e8ctric?<\/h2>\n<p class=\"my-0\">El\u00a0<strong>connector CCS<\/strong>\u00a0\u00e9s una evoluci\u00f3 del\u00a0<strong>connector tipus 2<\/strong>, afegint dos pins addicionals per a c\u00e0rrega r\u00e0pida en corrent cont\u00ednua. El\u00a0<strong>CCS2<\/strong>\u00a0\u00e9s la versi\u00f3 europea del sistema, mentre que el tipus 2 s&#8217;utilitza principalment per a c\u00e0rrega en corrent alterna<span class=\"whitespace-nowrap\">.<\/span><\/p>\n<p><img decoding=\"async\" class=\"alignnone size-full wp-image-237252\" src=\"https:\/\/v2charge.com\/wp-content\/uploads\/2025\/07\/cargador-carga-rapida-conector-combo-ccs-2.jpg\" alt=\"Tot sobre el sistema de c\u00e0rrega combinat Combo CSS 2 per carregar el teu cotxe el\u00e8ctric\" width=\"960\" height=\"560\" srcset=\"https:\/\/v2charge.com\/wp-content\/uploads\/2025\/07\/cargador-carga-rapida-conector-combo-ccs-2.jpg 960w, https:\/\/v2charge.com\/wp-content\/uploads\/2025\/07\/cargador-carga-rapida-conector-combo-ccs-2-300x175.jpg 300w, https:\/\/v2charge.com\/wp-content\/uploads\/2025\/07\/cargador-carga-rapida-conector-combo-ccs-2-768x448.jpg 768w, https:\/\/v2charge.com\/wp-content\/uploads\/2025\/07\/cargador-carga-rapida-conector-combo-ccs-2-50x29.jpg 50w\" sizes=\"(max-width: 960px) 100vw, 960px\" \/><\/p>\n<div class=\"group relative\">\n<div class=\"w-full overflow-x-auto md:max-w-[90vw] border-borderMain\/50 ring-borderMain\/50 divide-borderMain\/50 dark:divide-borderMainDark\/50 dark:ring-borderMainDark\/50 dark:border-borderMainDark\/50 bg-transparent\">\n<table class=\"border-borderMain dark:border-borderMainDark my-[1em] w-full table-auto border\">\n<thead class=\"bg-offset dark:bg-offsetDark\">\n<tr>\n<th class=\"border-borderMain px-sm py-sm dark:border-borderMainDark break-normal border text-left align-top\">Caracter\u00edstica<\/th>\n<th class=\"border-borderMain px-sm py-sm dark:border-borderMainDark break-normal border text-left align-top\">Connector tipus 2<\/th>\n<th class=\"border-borderMain px-sm py-sm dark:border-borderMainDark break-normal border text-left align-top\">Connector CCS2 (Combo 2)<\/th>\n<\/tr>\n<\/thead>\n<tbody>\n<tr>\n<td class=\"border-borderMain px-sm dark:border-borderMainDark min-w-[48px] break-normal border\">Tipus de c\u00e0rrega<\/td>\n<td class=\"border-borderMain px-sm dark:border-borderMainDark min-w-[48px] break-normal border\">Nom\u00e9s CA<\/td>\n<td class=\"border-borderMain px-sm dark:border-borderMainDark min-w-[48px] break-normal border\">CA i CC<\/td>\n<\/tr>\n<tr>\n<td class=\"border-borderMain px-sm dark:border-borderMainDark min-w-[48px] break-normal border\">Pot\u00e8ncia m\u00e0xima (CA)<\/td>\n<td class=\"border-borderMain px-sm dark:border-borderMainDark min-w-[48px] break-normal border\">Fins a 43 kW<\/td>\n<td class=\"border-borderMain px-sm dark:border-borderMainDark min-w-[48px] break-normal border\">Fins a 43 kW (CA)<\/td>\n<\/tr>\n<tr>\n<td class=\"border-borderMain px-sm dark:border-borderMainDark min-w-[48px] break-normal border\">Pot\u00e8ncia m\u00e0xima (CC)<\/td>\n<td class=\"border-borderMain px-sm dark:border-borderMainDark min-w-[48px] break-normal border\">No disponible<\/td>\n<td class=\"border-borderMain px-sm dark:border-borderMainDark min-w-[48px] break-normal border\">Fins a 350 kW (segons estaci\u00f3)<\/td>\n<\/tr>\n<tr>\n<td class=\"border-borderMain px-sm dark:border-borderMainDark min-w-[48px] break-normal border\">\u00das principal<\/td>\n<td class=\"border-borderMain px-sm dark:border-borderMainDark min-w-[48px] break-normal border\">Europa (dom\u00e8stic\/p\u00fablic)<\/td>\n<td class=\"border-borderMain px-sm dark:border-borderMainDark min-w-[48px] break-normal border\">Europa (p\u00fablic i r\u00e0pid)<\/td>\n<\/tr>\n<tr>\n<td class=\"border-borderMain px-sm dark:border-borderMainDark min-w-[48px] break-normal border\">Compatibilitat<\/td>\n<td class=\"border-borderMain px-sm dark:border-borderMainDark min-w-[48px] break-normal border\">Vehicles europeus<\/td>\n<td class=\"border-borderMain px-sm dark:border-borderMainDark min-w-[48px] break-normal border\">Vehicles europeus moderns<\/td>\n<\/tr>\n<\/tbody>\n<\/table>\n<\/div>\n<\/div>\n<ul>\n<li class=\"my-0\"><strong>CCS2<\/strong>\u00a0integra la c\u00e0rrega r\u00e0pida en CC i la c\u00e0rrega convencional en CA.<\/li>\n<li class=\"my-0\">El\u00a0<strong>connector tipus 2<\/strong>\u00a0\u00e9s ideal per a rec\u00e0rrega dom\u00e8stica o semip\u00fablica.<\/li>\n<li class=\"my-0\">El\u00a0<strong>connector CCS2<\/strong>\u00a0\u00e9s imprescindible per a c\u00e0rrega ultrar\u00e0pida en vies p\u00fabliques i estacions de servei.<\/li>\n<\/ul>\n<h2 id=\"cmo-funciona-el-conector-ccs2-y-qu-ventajas-ofrece\" class=\"mb-2 mt-6 text-base font-[500] first:mt-0 md:text-lg dark:font-[475] [hr+&amp;]:mt-4\">Com funciona el connector CCS2 i quines avantatges ofereix davant CHAdeMO?<\/h2>\n<p class=\"my-0\">El\u00a0<strong>connector CCS2<\/strong>\u00a0permet carregar un cotxe el\u00e8ctric amb pot\u00e8ncies molt superiors a les dels sistemes tradicionals, gr\u00e0cies al seu disseny que combina el connector tipus 2 amb dos pins d&#8217;alta pot\u00e8ncia per a corrent cont\u00ednua. Davant del\u00a0<strong>connector CHAdeMO<\/strong>, el CCS2 ofereix una major compatibilitat a Europa i una integraci\u00f3 m\u00e9s senzilla amb la infraestructura existent<span class=\"whitespace-nowrap\">.<\/span><\/p>\n<ul>\n<li class=\"my-0\"><strong>C\u00e0rrega ultrar\u00e0pida:<\/strong>\u00a0CCS2 suporta pot\u00e8ncies de fins a 350 kW, mentre que CHAdeMO sol limitar-se a 100 kW.<\/li>\n<li class=\"my-0\"><strong>Est\u00e0ndard europeu:<\/strong>\u00a0CCS2 \u00e9s obligatori en noves instal\u00b7lacions p\u00fabliques.<\/li>\n<li class=\"my-0\"><strong>Interoperabilitat:<\/strong>\u00a0Permet c\u00e0rrega en CA i CC, facilitant la gesti\u00f3 de diferents tipus de vehicles.<\/li>\n<li class=\"my-0\"><strong>Gesti\u00f3 intel\u00b7ligent:<\/strong>\u00a0Protocols avan\u00e7ats per a comunicaci\u00f3 vehicle-carregador, optimitzant la seguretat i el rendiment.<\/li>\n<\/ul>\n<p class=\"my-0\">A V2C, el nostre <strong><a href=\"https:\/\/v2charge.com\/ca\/area-de-suport\/suport-denka\/\">carregador r\u00e0pid Denka<\/a><\/strong>, incorpora el connector CCS2, assegurant compatibilitat amb la majoria de vehicles el\u00e8ctrics del mercat.<\/p>\n<h2 id=\"qu-es-el-ccs-y-cmo-se-integra-en-los-cargadores-v2\" class=\"mb-2 mt-6 text-base font-[500] first:mt-0 md:text-lg dark:font-[475] [hr+&amp;]:mt-4\">Com s&#8217;integra el connector CCS 2 als carregadors V2C?<\/h2>\n<p class=\"my-0\">A V2C, integrem el sistema CCS2 als nostres productes per oferir una experi\u00e8ncia de c\u00e0rrega r\u00e0pida, segura i connectada<span class=\"whitespace-nowrap\">.<\/span><\/p>\n<p><strong>Avantatges que ofereix als nostres carregadors de cotxe el\u00e8ctric aquest connector:<\/strong><\/p>\n<ul>\n<li class=\"my-0\"><strong>Comunicaci\u00f3 intel\u00b7ligent:<\/strong>\u00a0El carregador i el vehicle intercanvien informaci\u00f3 per ajustar la pot\u00e8ncia i protegir la bateria.<\/li>\n<li class=\"my-0\"><strong>Control remot:<\/strong>\u00a0Monitoritzaci\u00f3 i gesti\u00f3 des de l&#8217;App V2C Cloud.<\/li>\n<li class=\"my-0\"><strong>Compatibilitat total:<\/strong>\u00a0Complert amb els est\u00e0ndards europeus i suport per a actualitzacions de firmware.<\/li>\n<\/ul>\n<h2 id=\"denka-nuestro-cargador-ccs2-rpido-compacto-y-conec\" class=\"mb-2 mt-6 text-base font-[500] first:mt-0 md:text-lg dark:font-[475] [hr+&amp;]:mt-4\">Denka: El nostre carregador r\u00e0pid, compacte i connectat amb el connector combo CCS 2<\/h2>\n<p class=\"my-0\">Denka \u00e9s el nostre primer\u00a0<strong>carregador de cotxe el\u00e8ctric<\/strong>\u00a0r\u00e0pid amb tecnologia CCS2, dissenyat i fabricat a Espanya. Ofereix opcions de 20 kW o 40 kW, adaptant-se a les necessitats de cada usuari i facilitant una major rotaci\u00f3 de vehicles en punts de rec\u00e0rrega p\u00fablics o privats.<\/p>\n<p><img decoding=\"async\" class=\"alignnone size-full wp-image-214246\" src=\"https:\/\/v2charge.com\/wp-content\/uploads\/2025\/04\/denka-product-fast-charger.jpg\" alt=\"Denka V2C - DC Charger\" width=\"1100\" height=\"707\" srcset=\"https:\/\/v2charge.com\/wp-content\/uploads\/2025\/04\/denka-product-fast-charger.jpg 1100w, https:\/\/v2charge.com\/wp-content\/uploads\/2025\/04\/denka-product-fast-charger-300x193.jpg 300w, https:\/\/v2charge.com\/wp-content\/uploads\/2025\/04\/denka-product-fast-charger-1024x658.jpg 1024w, https:\/\/v2charge.com\/wp-content\/uploads\/2025\/04\/denka-product-fast-charger-768x494.jpg 768w, https:\/\/v2charge.com\/wp-content\/uploads\/2025\/04\/denka-product-fast-charger-50x32.jpg 50w\" sizes=\"(max-width: 1100px) 100vw, 1100px\" \/><\/p>\n<ul>\n<li class=\"my-0\"><strong>C\u00e0rrega r\u00e0pida:<\/strong>\u00a0Fins a 40 kW per minimitzar els temps d&#8217;espera.<\/li>\n<li class=\"my-0\"><strong>Disseny compacte:<\/strong>\u00a0Ideal per a espais urbans o comercials.<\/li>\n<li class=\"my-0\"><strong>Connectivitat avan\u00e7ada:<\/strong>\u00a0WiFi, Ethernet, 4G i gesti\u00f3 a trav\u00e9s de V2C Cloud.<\/li>\n<li class=\"my-0\"><strong>Gesti\u00f3 intel\u00b7ligent:<\/strong>\u00a0Suport per a RFID, Plug &amp; Charge, i protocols OCPP 1.6J, Modbus TCP\/RTU i ISO 15118.<\/li>\n<li class=\"my-0\"><strong>Integraci\u00f3 senzilla:<\/strong>\u00a0Perfecte per a estacions de servei, aparcaments i centres comercials.<\/li>\n<li><strong>Inclou mode de pagament V2C Payments<\/strong> per gestionar tots els pagaments en un sol lloc.<\/li>\n<\/ul>\n<h2 id=\"encuentra-tu-instalador-profesional-de-punto-de-re\" class=\"mb-2 mt-6 text-base font-[500] first:mt-0 md:text-lg dark:font-[475] [hr+&amp;]:mt-4\">T&#8217;interessa instal\u00b7lar un punt de rec\u00e0rrega de c\u00e0rrega r\u00e0pida? Troba el teu instal\u00b7lador professional de punt de rec\u00e0rrega V2C per a la teva empresa<\/h2>\n<p class=\"my-0\">A V2C comptem amb la xarxa dels millors instal\u00b7ladors de punts de rec\u00e0rrega del pa\u00eds, ja siguis una empresa, aut\u00f2nom o particular, ells t&#8217;ajudaran durant tot el proc\u00e9s de compra, instal\u00b7laci\u00f3 i sol\u00b7licitud d&#8217;ajudes. Pots estalviar fins a un 80% en la instal\u00b7laci\u00f3 dels teus punts de rec\u00e0rrega amb el <strong><a href=\"https:\/\/v2charge.com\/ca\/ultimes-noticies-del-pla-moves-iii-2025-tot-el-que-necessites-saber\/\">Pla Moves III el 2025<\/a><\/strong>.<\/p>\n<p class=\"\" data-start=\"6946\" data-end=\"7309\"><a class=\"\" href=\"https:\/\/v2charge.com\/ca\/troba-instalador\/\" target=\"\" rel=\"noopener\" data-wplink-edit=\"true\"><img decoding=\"async\" class=\"uag-image-243962\" title=\"Troba el teu instal\u00b7lador de carregador de cotxe el\u00e8ctric\" role=\"img\" src=\"https:\/\/v2charge.com\/wp-content\/uploads\/2025\/08\/buscas-instalador-cargador-coche-electrico.jpg\" sizes=\"(max-width: 480px) 150px\" srcset=\"https:\/\/v2charge.com\/wp-content\/uploads\/2025\/08\/buscas-instalador-cargador-coche-electrico.jpg ,https:\/\/v2charge.com\/wp-content\/uploads\/2025\/08\/buscas-instalador-cargador-coche-electrico.jpg 780w, https:\/\/v2charge.com\/wp-content\/uploads\/2025\/08\/buscas-instalador-cargador-coche-electrico.jpg 360w\" alt=\"Troba el teu instal\u00b7lador de carregador de cotxe el\u00e8ctric\" width=\"818\" height=\"818\" \/><\/a><\/p>\n","protected":false},"excerpt":{"rendered":"<p>Segons la Comissi\u00f3 Europea, m\u00e9s del 80% dels punts de rec\u00e0rrega r\u00e0pida instal\u00b7lats a la Uni\u00f3 Europea ja utilitzen el sistema CCS Combo 2, consolidant-se com l&#8217;est\u00e0ndard preferit per a la c\u00e0rrega de vehicles el\u00e8ctrics. Aquesta xifra reflecteix la import\u00e0ncia d&#8217;escollir solucions d&#8217;avantguarda com les que desenvolupem a V2C, on el connector CCS2 \u00e9s protagonista &#8230; <a title=\"Tot sobre el sistema de c\u00e0rrega combinat Combo CSS 2 per carregar el teu cotxe el\u00e8ctric\" class=\"read-more\" href=\"https:\/\/v2charge.com\/ca\/conector-combo-css-2-sistema-carga-combinado-cat\/\" aria-label=\"M\u00e9s informaci\u00f3 sobre Tot sobre el sistema de c\u00e0rrega combinat Combo CSS 2 per carregar el teu cotxe el\u00e8ctric\">Llegiu m\u00e9s<\/a><\/p>\n","protected":false},"author":400,"featured_media":237230,"comment_status":"closed","ping_status":"closed","sticky":false,"template":"","format":"standard","meta":{"_eb_attr":"","content-type":"","_uag_custom_page_level_css":"","footnotes":""},"categories":[],"tags":[],"class_list":["post-310339","post","type-post","status-publish","format-standard","has-post-thumbnail","hentry"],"yoast_head":"<!-- This site is optimized with the Yoast SEO plugin v25.3.1 - https:\/\/yoast.com\/wordpress\/plugins\/seo\/ -->\n<title>Qu\u00e8 \u00e9s el Connector Combo CCS 2? Caracter\u00edstiques i avantatges CSS 2<\/title>\n<meta name=\"description\" content=\"Tot sobre el Connector Combo CCS 2: Sistema de c\u00e0rrega combinat CCS 2 (Combo 2) i els avantatges del connector CCS de c\u00e0rrega de cotxe el\u00e8ctric.\" \/>\n<meta name=\"robots\" content=\"index, follow, max-snippet:-1, max-image-preview:large, max-video-preview:-1\" \/>\n<link rel=\"canonical\" href=\"https:\/\/v2charge.com\/ca\/conector-combo-css-2-sistema-carga-combinado-cat\/\" \/>\n<meta property=\"og:locale\" content=\"ca_ES\" \/>\n<meta property=\"og:type\" content=\"article\" \/>\n<meta property=\"og:title\" content=\"Qu\u00e8 \u00e9s el Connector Combo CCS 2? Caracter\u00edstiques i avantatges CSS 2\" \/>\n<meta property=\"og:description\" content=\"Tot sobre el Connector Combo CCS 2: Sistema de c\u00e0rrega combinat CCS 2 (Combo 2) i els avantatges del connector CCS de c\u00e0rrega de cotxe el\u00e8ctric.\" \/>\n<meta property=\"og:url\" content=\"https:\/\/v2charge.com\/ca\/conector-combo-css-2-sistema-carga-combinado-cat\/\" \/>\n<meta property=\"og:site_name\" content=\"V2C\" \/>\n<meta property=\"article:publisher\" content=\"https:\/\/www.facebook.com\/V2C.Charge\" \/>\n<meta property=\"article:published_time\" content=\"2025-07-22T08:30:00+00:00\" \/>\n<meta property=\"article:modified_time\" content=\"2025-08-19T09:12:52+00:00\" \/>\n<meta property=\"og:image\" content=\"https:\/\/v2charge.com\/wp-content\/uploads\/2025\/07\/conector-combo-ccs-2-carga-rapida.jpg\" \/>\n\t<meta property=\"og:image:width\" content=\"960\" \/>\n\t<meta property=\"og:image:height\" content=\"560\" \/>\n\t<meta property=\"og:image:type\" content=\"image\/jpeg\" \/>\n<meta name=\"author\" content=\"V2C\" \/>\n<meta name=\"twitter:card\" content=\"summary_large_image\" \/>\n<meta name=\"twitter:creator\" content=\"@V2C_Charge\" \/>\n<meta name=\"twitter:site\" content=\"@V2C_Charge\" \/>\n<meta name=\"twitter:label1\" content=\"Escrit per\" \/>\n\t<meta name=\"twitter:data1\" content=\"V2C\" \/>\n\t<meta name=\"twitter:label2\" content=\"Temps estimat de lectura\" \/>\n\t<meta name=\"twitter:data2\" content=\"5 minuts\" \/>\n<script type=\"application\/ld+json\" class=\"yoast-schema-graph\">{\"@context\":\"https:\/\/schema.org\",\"@graph\":[{\"@type\":\"Article\",\"@id\":\"https:\/\/v2charge.com\/ca\/conector-combo-css-2-sistema-carga-combinado-cat\/#article\",\"isPartOf\":{\"@id\":\"https:\/\/v2charge.com\/ca\/conector-combo-css-2-sistema-carga-combinado-cat\/\"},\"author\":{\"name\":\"V2C\",\"@id\":\"https:\/\/v2charge.com\/ca\/#\/schema\/person\/d6f210a94a856acdddec347b2127fd0f\"},\"headline\":\"Tot sobre el sistema de c\u00e0rrega combinat Combo CSS 2 per carregar el teu cotxe el\u00e8ctric\",\"datePublished\":\"2025-07-22T08:30:00+00:00\",\"dateModified\":\"2025-08-19T09:12:52+00:00\",\"mainEntityOfPage\":{\"@id\":\"https:\/\/v2charge.com\/ca\/conector-combo-css-2-sistema-carga-combinado-cat\/\"},\"wordCount\":952,\"publisher\":{\"@id\":\"https:\/\/v2charge.com\/ca\/#organization\"},\"image\":{\"@id\":\"https:\/\/v2charge.com\/ca\/conector-combo-css-2-sistema-carga-combinado-cat\/#primaryimage\"},\"thumbnailUrl\":\"https:\/\/v2charge.com\/wp-content\/uploads\/2025\/07\/conector-combo-ccs-2-carga-rapida.jpg\",\"inLanguage\":\"ca\"},{\"@type\":\"WebPage\",\"@id\":\"https:\/\/v2charge.com\/ca\/conector-combo-css-2-sistema-carga-combinado-cat\/\",\"url\":\"https:\/\/v2charge.com\/ca\/conector-combo-css-2-sistema-carga-combinado-cat\/\",\"name\":\"Qu\u00e8 \u00e9s el Connector Combo CCS 2? Caracter\u00edstiques i avantatges CSS 2\",\"isPartOf\":{\"@id\":\"https:\/\/v2charge.com\/ca\/#website\"},\"primaryImageOfPage\":{\"@id\":\"https:\/\/v2charge.com\/ca\/conector-combo-css-2-sistema-carga-combinado-cat\/#primaryimage\"},\"image\":{\"@id\":\"https:\/\/v2charge.com\/ca\/conector-combo-css-2-sistema-carga-combinado-cat\/#primaryimage\"},\"thumbnailUrl\":\"https:\/\/v2charge.com\/wp-content\/uploads\/2025\/07\/conector-combo-ccs-2-carga-rapida.jpg\",\"datePublished\":\"2025-07-22T08:30:00+00:00\",\"dateModified\":\"2025-08-19T09:12:52+00:00\",\"description\":\"Tot sobre el Connector Combo CCS 2: Sistema de c\u00e0rrega combinat CCS 2 (Combo 2) i els avantatges del connector CCS de c\u00e0rrega de cotxe el\u00e8ctric.\",\"breadcrumb\":{\"@id\":\"https:\/\/v2charge.com\/ca\/conector-combo-css-2-sistema-carga-combinado-cat\/#breadcrumb\"},\"inLanguage\":\"ca\",\"potentialAction\":[{\"@type\":\"ReadAction\",\"target\":[\"https:\/\/v2charge.com\/ca\/conector-combo-css-2-sistema-carga-combinado-cat\/\"]}]},{\"@type\":\"ImageObject\",\"inLanguage\":\"ca\",\"@id\":\"https:\/\/v2charge.com\/ca\/conector-combo-css-2-sistema-carga-combinado-cat\/#primaryimage\",\"url\":\"https:\/\/v2charge.com\/wp-content\/uploads\/2025\/07\/conector-combo-ccs-2-carga-rapida.jpg\",\"contentUrl\":\"https:\/\/v2charge.com\/wp-content\/uploads\/2025\/07\/conector-combo-ccs-2-carga-rapida.jpg\",\"width\":960,\"height\":560,\"caption\":\"Todo sobre el sistema de carga combinado Combo CSS 2 para cargar tu coche el\u00e9ctrico\"},{\"@type\":\"BreadcrumbList\",\"@id\":\"https:\/\/v2charge.com\/ca\/conector-combo-css-2-sistema-carga-combinado-cat\/#breadcrumb\",\"itemListElement\":[{\"@type\":\"ListItem\",\"position\":1,\"name\":\"V2C\",\"item\":\"https:\/\/v2charge.com\/ca\/\"},{\"@type\":\"ListItem\",\"position\":2,\"name\":\"Coches el\u00e9ctricos\",\"item\":\"https:\/\/v2charge.com\/es\/coches-electricos\/\"},{\"@type\":\"ListItem\",\"position\":3,\"name\":\"Tot sobre el sistema de c\u00e0rrega combinat Combo CSS 2 per carregar el teu cotxe el\u00e8ctric\"}]},{\"@type\":\"WebSite\",\"@id\":\"https:\/\/v2charge.com\/ca\/#website\",\"url\":\"https:\/\/v2charge.com\/ca\/\",\"name\":\"V2C\",\"description\":\"#CargandoElMa\u00f1ana\",\"publisher\":{\"@id\":\"https:\/\/v2charge.com\/ca\/#organization\"},\"potentialAction\":[{\"@type\":\"SearchAction\",\"target\":{\"@type\":\"EntryPoint\",\"urlTemplate\":\"https:\/\/v2charge.com\/ca\/?s={search_term_string}\"},\"query-input\":{\"@type\":\"PropertyValueSpecification\",\"valueRequired\":true,\"valueName\":\"search_term_string\"}}],\"inLanguage\":\"ca\"},{\"@type\":\"Organization\",\"@id\":\"https:\/\/v2charge.com\/ca\/#organization\",\"name\":\"V2C\",\"url\":\"https:\/\/v2charge.com\/ca\/\",\"logo\":{\"@type\":\"ImageObject\",\"inLanguage\":\"ca\",\"@id\":\"https:\/\/v2charge.com\/ca\/#\/schema\/logo\/image\/\",\"url\":\"https:\/\/v2charge.com\/wp-content\/uploads\/2024\/11\/cropped-v2c-charge-logo-menu.png\",\"contentUrl\":\"https:\/\/v2charge.com\/wp-content\/uploads\/2024\/11\/cropped-v2c-charge-logo-menu.png\",\"width\":984,\"height\":431,\"caption\":\"V2C\"},\"image\":{\"@id\":\"https:\/\/v2charge.com\/ca\/#\/schema\/logo\/image\/\"},\"sameAs\":[\"https:\/\/www.facebook.com\/V2C.Charge\",\"https:\/\/x.com\/V2C_Charge\",\"https:\/\/www.instagram.com\/v2c.charge\/\",\"https:\/\/www.youtube.com\/@V2C\",\"https:\/\/www.linkedin.com\/company\/v2c-chargers\/\"]},{\"@type\":\"Person\",\"@id\":\"https:\/\/v2charge.com\/ca\/#\/schema\/person\/d6f210a94a856acdddec347b2127fd0f\",\"name\":\"V2C\",\"image\":{\"@type\":\"ImageObject\",\"inLanguage\":\"ca\",\"@id\":\"https:\/\/v2charge.com\/ca\/#\/schema\/person\/image\/\",\"url\":\"https:\/\/secure.gravatar.com\/avatar\/a91128c4c0d2f4d63bd586301fdec6cc9aa49c885839b25d1c62700f529f267c?s=96&d=mm&r=g\",\"contentUrl\":\"https:\/\/secure.gravatar.com\/avatar\/a91128c4c0d2f4d63bd586301fdec6cc9aa49c885839b25d1c62700f529f267c?s=96&d=mm&r=g\",\"caption\":\"V2C\"}}]}<\/script>\n<!-- \/ Yoast SEO plugin. -->","yoast_head_json":{"title":"Qu\u00e8 \u00e9s el Connector Combo CCS 2? Caracter\u00edstiques i avantatges CSS 2","description":"Tot sobre el Connector Combo CCS 2: Sistema de c\u00e0rrega combinat CCS 2 (Combo 2) i els avantatges del connector CCS de c\u00e0rrega de cotxe el\u00e8ctric.","robots":{"index":"index","follow":"follow","max-snippet":"max-snippet:-1","max-image-preview":"max-image-preview:large","max-video-preview":"max-video-preview:-1"},"canonical":"https:\/\/v2charge.com\/ca\/conector-combo-css-2-sistema-carga-combinado-cat\/","og_locale":"ca_ES","og_type":"article","og_title":"Qu\u00e8 \u00e9s el Connector Combo CCS 2? Caracter\u00edstiques i avantatges CSS 2","og_description":"Tot sobre el Connector Combo CCS 2: Sistema de c\u00e0rrega combinat CCS 2 (Combo 2) i els avantatges del connector CCS de c\u00e0rrega de cotxe el\u00e8ctric.","og_url":"https:\/\/v2charge.com\/ca\/conector-combo-css-2-sistema-carga-combinado-cat\/","og_site_name":"V2C","article_publisher":"https:\/\/www.facebook.com\/V2C.Charge","article_published_time":"2025-07-22T08:30:00+00:00","article_modified_time":"2025-08-19T09:12:52+00:00","og_image":[{"width":960,"height":560,"url":"https:\/\/v2charge.com\/wp-content\/uploads\/2025\/07\/conector-combo-ccs-2-carga-rapida.jpg","type":"image\/jpeg"}],"author":"V2C","twitter_card":"summary_large_image","twitter_creator":"@V2C_Charge","twitter_site":"@V2C_Charge","twitter_misc":{"Escrit per":"V2C","Temps estimat de lectura":"5 minuts"},"schema":{"@context":"https:\/\/schema.org","@graph":[{"@type":"Article","@id":"https:\/\/v2charge.com\/ca\/conector-combo-css-2-sistema-carga-combinado-cat\/#article","isPartOf":{"@id":"https:\/\/v2charge.com\/ca\/conector-combo-css-2-sistema-carga-combinado-cat\/"},"author":{"name":"V2C","@id":"https:\/\/v2charge.com\/ca\/#\/schema\/person\/d6f210a94a856acdddec347b2127fd0f"},"headline":"Tot sobre el sistema de c\u00e0rrega combinat Combo CSS 2 per carregar el teu cotxe el\u00e8ctric","datePublished":"2025-07-22T08:30:00+00:00","dateModified":"2025-08-19T09:12:52+00:00","mainEntityOfPage":{"@id":"https:\/\/v2charge.com\/ca\/conector-combo-css-2-sistema-carga-combinado-cat\/"},"wordCount":952,"publisher":{"@id":"https:\/\/v2charge.com\/ca\/#organization"},"image":{"@id":"https:\/\/v2charge.com\/ca\/conector-combo-css-2-sistema-carga-combinado-cat\/#primaryimage"},"thumbnailUrl":"https:\/\/v2charge.com\/wp-content\/uploads\/2025\/07\/conector-combo-ccs-2-carga-rapida.jpg","inLanguage":"ca"},{"@type":"WebPage","@id":"https:\/\/v2charge.com\/ca\/conector-combo-css-2-sistema-carga-combinado-cat\/","url":"https:\/\/v2charge.com\/ca\/conector-combo-css-2-sistema-carga-combinado-cat\/","name":"Qu\u00e8 \u00e9s el Connector Combo CCS 2? Caracter\u00edstiques i avantatges CSS 2","isPartOf":{"@id":"https:\/\/v2charge.com\/ca\/#website"},"primaryImageOfPage":{"@id":"https:\/\/v2charge.com\/ca\/conector-combo-css-2-sistema-carga-combinado-cat\/#primaryimage"},"image":{"@id":"https:\/\/v2charge.com\/ca\/conector-combo-css-2-sistema-carga-combinado-cat\/#primaryimage"},"thumbnailUrl":"https:\/\/v2charge.com\/wp-content\/uploads\/2025\/07\/conector-combo-ccs-2-carga-rapida.jpg","datePublished":"2025-07-22T08:30:00+00:00","dateModified":"2025-08-19T09:12:52+00:00","description":"Tot sobre el Connector Combo CCS 2: Sistema de c\u00e0rrega combinat CCS 2 (Combo 2) i els avantatges del connector CCS de c\u00e0rrega de cotxe el\u00e8ctric.","breadcrumb":{"@id":"https:\/\/v2charge.com\/ca\/conector-combo-css-2-sistema-carga-combinado-cat\/#breadcrumb"},"inLanguage":"ca","potentialAction":[{"@type":"ReadAction","target":["https:\/\/v2charge.com\/ca\/conector-combo-css-2-sistema-carga-combinado-cat\/"]}]},{"@type":"ImageObject","inLanguage":"ca","@id":"https:\/\/v2charge.com\/ca\/conector-combo-css-2-sistema-carga-combinado-cat\/#primaryimage","url":"https:\/\/v2charge.com\/wp-content\/uploads\/2025\/07\/conector-combo-ccs-2-carga-rapida.jpg","contentUrl":"https:\/\/v2charge.com\/wp-content\/uploads\/2025\/07\/conector-combo-ccs-2-carga-rapida.jpg","width":960,"height":560,"caption":"Todo sobre el sistema de carga combinado Combo CSS 2 para cargar tu coche el\u00e9ctrico"},{"@type":"BreadcrumbList","@id":"https:\/\/v2charge.com\/ca\/conector-combo-css-2-sistema-carga-combinado-cat\/#breadcrumb","itemListElement":[{"@type":"ListItem","position":1,"name":"V2C","item":"https:\/\/v2charge.com\/ca\/"},{"@type":"ListItem","position":2,"name":"Coches el\u00e9ctricos","item":"https:\/\/v2charge.com\/es\/coches-electricos\/"},{"@type":"ListItem","position":3,"name":"Tot sobre el sistema de c\u00e0rrega combinat Combo CSS 2 per carregar el teu cotxe el\u00e8ctric"}]},{"@type":"WebSite","@id":"https:\/\/v2charge.com\/ca\/#website","url":"https:\/\/v2charge.com\/ca\/","name":"V2C","description":"#CargandoElMa\u00f1ana","publisher":{"@id":"https:\/\/v2charge.com\/ca\/#organization"},"potentialAction":[{"@type":"SearchAction","target":{"@type":"EntryPoint","urlTemplate":"https:\/\/v2charge.com\/ca\/?s={search_term_string}"},"query-input":{"@type":"PropertyValueSpecification","valueRequired":true,"valueName":"search_term_string"}}],"inLanguage":"ca"},{"@type":"Organization","@id":"https:\/\/v2charge.com\/ca\/#organization","name":"V2C","url":"https:\/\/v2charge.com\/ca\/","logo":{"@type":"ImageObject","inLanguage":"ca","@id":"https:\/\/v2charge.com\/ca\/#\/schema\/logo\/image\/","url":"https:\/\/v2charge.com\/wp-content\/uploads\/2024\/11\/cropped-v2c-charge-logo-menu.png","contentUrl":"https:\/\/v2charge.com\/wp-content\/uploads\/2024\/11\/cropped-v2c-charge-logo-menu.png","width":984,"height":431,"caption":"V2C"},"image":{"@id":"https:\/\/v2charge.com\/ca\/#\/schema\/logo\/image\/"},"sameAs":["https:\/\/www.facebook.com\/V2C.Charge","https:\/\/x.com\/V2C_Charge","https:\/\/www.instagram.com\/v2c.charge\/","https:\/\/www.youtube.com\/@V2C","https:\/\/www.linkedin.com\/company\/v2c-chargers\/"]},{"@type":"Person","@id":"https:\/\/v2charge.com\/ca\/#\/schema\/person\/d6f210a94a856acdddec347b2127fd0f","name":"V2C","image":{"@type":"ImageObject","inLanguage":"ca","@id":"https:\/\/v2charge.com\/ca\/#\/schema\/person\/image\/","url":"https:\/\/secure.gravatar.com\/avatar\/a91128c4c0d2f4d63bd586301fdec6cc9aa49c885839b25d1c62700f529f267c?s=96&d=mm&r=g","contentUrl":"https:\/\/secure.gravatar.com\/avatar\/a91128c4c0d2f4d63bd586301fdec6cc9aa49c885839b25d1c62700f529f267c?s=96&d=mm&r=g","caption":"V2C"}}]}},"uagb_featured_image_src":{"full":["https:\/\/v2charge.com\/wp-content\/uploads\/2025\/07\/conector-combo-ccs-2-carga-rapida.jpg",960,560,false],"thumbnail":["https:\/\/v2charge.com\/wp-content\/uploads\/2025\/07\/conector-combo-ccs-2-carga-rapida-150x150.jpg",150,150,true],"medium":["https:\/\/v2charge.com\/wp-content\/uploads\/2025\/07\/conector-combo-ccs-2-carga-rapida-300x175.jpg",300,175,true],"medium_large":["https:\/\/v2charge.com\/wp-content\/uploads\/2025\/07\/conector-combo-ccs-2-carga-rapida-768x448.jpg",768,448,true],"large":["https:\/\/v2charge.com\/wp-content\/uploads\/2025\/07\/conector-combo-ccs-2-carga-rapida.jpg",960,560,false],"gs-tiny":["https:\/\/v2charge.com\/wp-content\/uploads\/2025\/07\/conector-combo-ccs-2-carga-rapida-50x29.jpg",50,29,true],"xl":["https:\/\/v2charge.com\/wp-content\/uploads\/2025\/07\/conector-combo-ccs-2-carga-rapida.jpg",960,560,false],"xxl":["https:\/\/v2charge.com\/wp-content\/uploads\/2025\/07\/conector-combo-ccs-2-carga-rapida.jpg",960,560,false],"xxxl":["https:\/\/v2charge.com\/wp-content\/uploads\/2025\/07\/conector-combo-ccs-2-carga-rapida.jpg",960,560,false],"xxxxl":["https:\/\/v2charge.com\/wp-content\/uploads\/2025\/07\/conector-combo-ccs-2-carga-rapida.jpg",960,560,false],"xxxxxl":["https:\/\/v2charge.com\/wp-content\/uploads\/2025\/07\/conector-combo-ccs-2-carga-rapida.jpg",960,560,false],"1536x1536":["https:\/\/v2charge.com\/wp-content\/uploads\/2025\/07\/conector-combo-ccs-2-carga-rapida.jpg",960,560,false],"2048x2048":["https:\/\/v2charge.com\/wp-content\/uploads\/2025\/07\/conector-combo-ccs-2-carga-rapida.jpg",960,560,false]},"uagb_author_info":{"display_name":"V2C","author_link":"https:\/\/v2charge.com\/ca\/author\/marketing\/"},"uagb_comment_info":0,"uagb_excerpt":"Segons la Comissi\u00f3 Europea, m\u00e9s del 80% dels punts de rec\u00e0rrega r\u00e0pida instal\u00b7lats a la Uni\u00f3 Europea ja utilitzen el sistema CCS Combo 2, consolidant-se com l&#8217;est\u00e0ndard preferit per a la c\u00e0rrega de vehicles el\u00e8ctrics. Aquesta xifra reflecteix la import\u00e0ncia d&#8217;escollir solucions d&#8217;avantguarda com les que desenvolupem a V2C, on el connector CCS2 \u00e9s protagonista&hellip;","_links":{"self":[{"href":"https:\/\/v2charge.com\/ca\/wp-json\/wp\/v2\/posts\/310339","targetHints":{"allow":["GET"]}}],"collection":[{"href":"https:\/\/v2charge.com\/ca\/wp-json\/wp\/v2\/posts"}],"about":[{"href":"https:\/\/v2charge.com\/ca\/wp-json\/wp\/v2\/types\/post"}],"author":[{"embeddable":true,"href":"https:\/\/v2charge.com\/ca\/wp-json\/wp\/v2\/users\/400"}],"replies":[{"embeddable":true,"href":"https:\/\/v2charge.com\/ca\/wp-json\/wp\/v2\/comments?post=310339"}],"version-history":[{"count":0,"href":"https:\/\/v2charge.com\/ca\/wp-json\/wp\/v2\/posts\/310339\/revisions"}],"wp:featuredmedia":[{"embeddable":true,"href":"https:\/\/v2charge.com\/ca\/wp-json\/wp\/v2\/media\/237230"}],"wp:attachment":[{"href":"https:\/\/v2charge.com\/ca\/wp-json\/wp\/v2\/media?parent=310339"}],"wp:term":[{"taxonomy":"category","embeddable":true,"href":"https:\/\/v2charge.com\/ca\/wp-json\/wp\/v2\/categories?post=310339"},{"taxonomy":"post_tag","embeddable":true,"href":"https:\/\/v2charge.com\/ca\/wp-json\/wp\/v2\/tags?post=310339"}],"curies":[{"name":"wp","href":"https:\/\/api.w.org\/{rel}","templated":true}]}}