{"id":310340,"date":"2025-07-24T10:30:00","date_gmt":"2025-07-24T08:30:00","guid":{"rendered":""},"modified":"2025-08-21T10:24:06","modified_gmt":"2025-08-21T08:24:06","slug":"xpeng-g6-2025-el-suv-electric-amb-carrega-ultra-rapida-i-tecnologia-avancada","status":"publish","type":"post","link":"https:\/\/v2charge.com\/ca\/xpeng-g6-2025-el-suv-electric-amb-carrega-ultra-rapida-i-tecnologia-avancada\/","title":{"rendered":"XPENG G6 2025: El SUV el\u00e8ctric amb c\u00e0rrega ultra r\u00e0pida i tecnologia avan\u00e7ada"},"content":{"rendered":"<p>En V2C, com a l\u00edders en el disseny i fabricaci\u00f3 de carregadors per a cotxes el\u00e8ctrics a Espanya, observem com la prefer\u00e8ncia dels consumidors s&#8217;inclina cada cop m\u00e9s cap als <strong>SUV el\u00e8ctrics<\/strong>. El <strong>XPENG G6 ha irromput amb for\u00e7a al mercat<\/strong>, fins al punt que, segons H\u00edbrids i El\u00e8ctrics, <strong>\u201caquest SUV est\u00e0 plantant cara a Tesla\u201d<\/strong>.<\/p>\n<p>En aquest article et contem per qu\u00e8 l&#8217;XPENG G6 est\u00e0 revolucionant el segment i com la nostra tecnologia de c\u00e0rrega contribueix a potenciar l&#8217;experi\u00e8ncia de conducci\u00f3 el\u00e8ctrica, fent que cada viatge sigui m\u00e9s eficient, c\u00f2mode i sostenible.<\/p>\n<h2 id=\"qu-es-el-xpeng-g6-2025-i-per-qu-est-revolucionant\" class=\"mb-2 mt-6 text-base font-[500] first:mt-0 md:text-lg dark:font-[475] [hr+&amp;]:mt-4\">Qu\u00e8 \u00e9s l&#8217;XPENG G6 2025 i per qu\u00e8 est\u00e0 revolucionant el segment SUV?<\/h2>\n<p class=\"my-0\">L&#8217;XPENG G6 2025 \u00e9s un SUV el\u00e8ctric de darrera generaci\u00f3 que destaca per la seva autonomia m\u00e0xima de <strong>570 km<\/strong>, la seva avan\u00e7ada plataforma de <strong>800V<\/strong> i el seu equipament tecnol\u00f2gic d&#8217;alt nivell. Aquest model es posiciona com una de les opcions m\u00e9s competitives per a qui busca efici\u00e8ncia, prestacions i una experi\u00e8ncia premium en mobilitat el\u00e8ctrica.<\/p>\n<ul>\n<li class=\"my-0\">Autonomia homologada de <strong>435 a 570 km (WLTP)<\/strong><\/li>\n<li class=\"my-0\">Plataforma <strong>SEPA 2.0 de 800V<\/strong> per c\u00e0rrega ultra r\u00e0pida<\/li>\n<li class=\"my-0\">Acceleraci\u00f3 de <strong>0 a 100 km\/h en 4,1 segons<\/strong> (versi\u00f3 Performance)<\/li>\n<li class=\"my-0\">Interior premium amb sistema multim\u00e8dia de <strong>15 polzades<\/strong> i so <strong>XOPERA de 18 altaveus<\/strong><\/li>\n<li class=\"my-0\">Seguretat:<strong> 5 estrelles Euro NCAP 2024<\/strong> i sistemes avan\u00e7ats ADAS<\/li>\n<\/ul>\n<p class=\"my-0\">A V2C, sabem que un cotxe el\u00e8ctric com l&#8217;XPENG G6 nom\u00e9s desplega tot el seu potencial amb un bon carregador de cotxe el\u00e8ctric i una xarxa de rec\u00e0rrega eficient. La nostra tecnologia de c\u00e0rrega intel\u00b7ligent est\u00e0 preparada per aprofitar al<strong> m\u00e0xim la capacitat de c\u00e0rrega dom\u00e8stica de fins a 11 kW del G6<\/strong>, garantint rapidesa, seguretat i efici\u00e8ncia en cada rec\u00e0rrega.<\/p>\n<p><img decoding=\"async\" class=\"alignnone size-full wp-image-237422\" src=\"https:\/\/v2charge.com\/wp-content\/uploads\/2025\/07\/xpeng-g6-precio-caracteristicas.jpg\" alt=\"XPENG G6 2025: El SUV el\u00e8ctric amb c\u00e0rrega ultra r\u00e0pida i tecnologia avan\u00e7ada\" width=\"960\" height=\"560\" srcset=\"https:\/\/v2charge.com\/wp-content\/uploads\/2025\/07\/xpeng-g6-precio-caracteristicas.jpg 960w, https:\/\/v2charge.com\/wp-content\/uploads\/2025\/07\/xpeng-g6-precio-caracteristicas-300x175.jpg 300w, https:\/\/v2charge.com\/wp-content\/uploads\/2025\/07\/xpeng-g6-precio-caracteristicas-768x448.jpg 768w, https:\/\/v2charge.com\/wp-content\/uploads\/2025\/07\/xpeng-g6-precio-caracteristicas-50x29.jpg 50w\" sizes=\"(max-width: 960px) 100vw, 960px\" \/><\/p>\n<h2 id=\"cunto-cuesta-el-xpeng-g6-2025-precios-y-versiones\" class=\"mb-2 mt-6 text-base font-[500] first:mt-0 md:text-lg dark:font-[475] [hr+&amp;]:mt-4\">Quant costa l&#8217;XPENG G6 2025: Preus i versions a Espanya<\/h2>\n<p class=\"my-0\">L&#8217;<strong>XPENG G6 2025<\/strong> es comercialitza a Espanya amb preus que oscil\u00b7len entre <strong>44.586 \u20ac i 57.164 \u20ac<\/strong>, depenent de la versi\u00f3 i l&#8217;equipament seleccionat. Aquest rang el converteix en una de les alternatives m\u00e9s atractives del mercat en relaci\u00f3 qualitat-preu.<\/p>\n<ul>\n<li class=\"my-0\"><strong>Standard Range RWD<\/strong>: des de 44.586 \u20ac<\/li>\n<li class=\"my-0\"><strong>Long Range RWD<\/strong>: des de 48.965 \u20ac<\/li>\n<li class=\"my-0\"><strong>Performance AWD<\/strong>: des de 57.164 \u20ac<\/li>\n<\/ul>\n<p class=\"my-0\">A m\u00e9s, existeixen opcions de finan\u00e7ament competitives i, gr\u00e0cies a les ajudes per instal\u00b7lar carregador de cotxe el\u00e8ctric, la inversi\u00f3 en mobilitat el\u00e8ctrica resulta encara m\u00e9s accessible. A V2C posem a la teva disposici\u00f3 la nostra xarxa nacional de <strong><a href=\"https:\/\/v2charge.com\/ca\/troba-instalador\/\">instal\u00b7ladors de carregador de cotxe el\u00e8ctric<\/a><\/strong>. T&#8217;ajudaran des de la selecci\u00f3 del millor carregador segons les teves necessitats, durant la instal\u00b7laci\u00f3 i per sol\u00b7licitar el <strong><a href=\"https:\/\/v2charge.com\/ca\/ultimes-noticies-del-pla-moves-iii-2025-tot-el-que-necessites-saber\/\">Pla Moves III 2025<\/a><\/strong>.<\/p>\n<h2 id=\"qu-motores-i-autonoma-ofereix-el-xpeng-g6-2025\" class=\"mb-2 mt-6 text-base font-[500] first:mt-0 md:text-lg dark:font-[475] [hr+&amp;]:mt-4\">Quins motors i autonomia ofereix l&#8217;XPENG G6 2025<\/h2>\n<p class=\"my-0\">L&#8217;XPENG G6 2025 s&#8217;ofereix en tres configuracions mec\u00e0niques que responen a diferents necessitats d&#8217;autonomia i pot\u00e8ncia, totes amb zero emissions i un consum molt eficient.<\/p>\n<ul>\n<li class=\"my-0\"><strong>Standard Range RWD:<\/strong> 258 CV, bateria LFP de <strong>66 kWh<\/strong>, autonomia fins a 435 km<\/li>\n<li class=\"my-0\"><strong>Long Range RWD: <\/strong>286 CV, bateria NCM de <strong>88 kWh<\/strong>, autonomia fins a 570 km<\/li>\n<li class=\"my-0\"><strong>Performance AWD: <\/strong>476 CV, bateria NCM de <strong>88 kWh<\/strong>, autonomia fins a 550 km<\/li>\n<\/ul>\n<p class=\"my-0\">En tots els casos, la c\u00e0rrega r\u00e0pida en <strong>corrent cont\u00ednua arriba fins a 280 kW<\/strong>, permetent passar del <strong>10% al 80% de bateria en nom\u00e9s 20 minuts<\/strong>. Per a la c\u00e0rrega dom\u00e8stica, <strong>la capacitat m\u00e0xima \u00e9s de 11 kW<\/strong>, ideal per aprofitar al m\u00e0xim un carregador de cotxe el\u00e8ctric V2C instal\u00b7lat a casa o empresa.<\/p>\n<p><img decoding=\"async\" class=\"alignnone size-full wp-image-237378\" src=\"https:\/\/v2charge.com\/wp-content\/uploads\/2025\/07\/xpeng-g6-bateria.jpg\" alt=\"\" width=\"960\" height=\"560\" srcset=\"https:\/\/v2charge.com\/wp-content\/uploads\/2025\/07\/xpeng-g6-bateria.jpg 960w, https:\/\/v2charge.com\/wp-content\/uploads\/2025\/07\/xpeng-g6-bateria-300x175.jpg 300w, https:\/\/v2charge.com\/wp-content\/uploads\/2025\/07\/xpeng-g6-bateria-768x448.jpg 768w, https:\/\/v2charge.com\/wp-content\/uploads\/2025\/07\/xpeng-g6-bateria-50x29.jpg 50w\" sizes=\"(max-width: 960px) 100vw, 960px\" \/><\/p>\n<h2>Interior de l&#8217;XPENG G6: Espai, tecnologia i confort premium<\/h2>\n<p class=\"my-0\">L&#8217;interior de l&#8217;XPENG G6 <strong>destaca pel seu disseny minimalista i modern<\/strong>, amb materials d&#8217;alta qualitat i una configuraci\u00f3 pensada per oferir el m\u00e0xim confort i funcionalitat. L&#8217;habitacle \u00e9s ampli, amb <strong>seients davanters i posteriors calefactats, ventilats i amb ajustament el\u00e8ctric<\/strong>, a m\u00e9s d&#8217;un <strong>teulat panor\u00e0mic<\/strong> de vidre que aporta lluminositat i sensaci\u00f3 d&#8217;espai. La consola central incorpora <strong>dues bases de c\u00e0rrega sense fils de 50 W<\/strong>, un sistema multim\u00e8dia amb <strong>pantalla t\u00e0ctil de 14,96 polzades<\/strong> i un quadre d&#8217;instruments digital de <strong>10,2 polzades<\/strong>, tot gestionat per un potent processador per a una experi\u00e8ncia fluida i connectada<span class=\"whitespace-nowrap\">.<\/span><\/p>\n<p><img decoding=\"async\" class=\"alignnone size-full wp-image-237389\" src=\"https:\/\/v2charge.com\/wp-content\/uploads\/2025\/07\/xpeng-g6-interiores.jpg\" alt=\"XPENG G6 2025: El SUV el\u00e8ctric amb c\u00e0rrega ultra r\u00e0pida i tecnologia avan\u00e7ada\" width=\"960\" height=\"560\" srcset=\"https:\/\/v2charge.com\/wp-content\/uploads\/2025\/07\/xpeng-g6-interiores.jpg 960w, https:\/\/v2charge.com\/wp-content\/uploads\/2025\/07\/xpeng-g6-interiores-300x175.jpg 300w, https:\/\/v2charge.com\/wp-content\/uploads\/2025\/07\/xpeng-g6-interiores-768x448.jpg 768w, https:\/\/v2charge.com\/wp-content\/uploads\/2025\/07\/xpeng-g6-interiores-50x29.jpg 50w\" sizes=\"(max-width: 960px) 100vw, 960px\" \/><\/p>\n<ul>\n<li class=\"my-0\">Seients davanters i posteriors calefactats i ventilats, amb ajustament el\u00e8ctric<\/li>\n<li class=\"my-0\">Teulat panor\u00e0mic de vidre de s\u00e8rie<\/li>\n<li class=\"my-0\">Dues carregadores sense fils de 50 W i m\u00faltiples ports USB<\/li>\n<li class=\"my-0\">Sistema de so XOPERA amb 18 altaveus i 960 W<\/li>\n<li class=\"my-0\">Maleter de 571 litres, ampliable a 1.374 litres amb seients abatuts<\/li>\n<li class=\"my-0\">Il\u00b7luminaci\u00f3 ambiental personalitzable i climatitzador bizona amb bomba de calor<\/li>\n<\/ul>\n<h2>Exterior i seguretat de l&#8217;XPENG G6: Disseny distintiu i m\u00e0xima protecci\u00f3<\/h2>\n<p class=\"my-0\">L&#8217;exterior de l&#8217;XPENG G6 <strong>combina l\u00ednies modernes i aerodin\u00e0miques amb detalls funcionals com el port\u00f3 posterior el\u00e8ctric i fars Full-LED<\/strong>. La carrosseria tipus SUV coup\u00e9, la pres\u00e8ncia d&#8217;aler\u00f3 al teulat i les llandes de disseny reforcen el seu car\u00e0cter distintiu. En mat\u00e8ria de seguretat,<strong> el G6 ha obtingut la m\u00e0xima puntuaci\u00f3 (5 estrelles) en Euro NCAP<\/strong>, gr\u00e0cies a una estructura robusta i a un complet paquet d&#8217;assistents a la conducci\u00f3, que inclou <strong>control de creuer adaptatiu<\/strong>, <strong>frenada autom\u00e0tica<\/strong> d&#8217;emerg\u00e8ncia, <strong>reconeixement de senyals<\/strong> i <strong>c\u00e0mera de visi\u00f3 360\u00ba<\/strong><span class=\"whitespace-nowrap\">.<\/span><\/p>\n<p><img decoding=\"async\" class=\"alignnone size-full wp-image-237411\" src=\"https:\/\/v2charge.com\/wp-content\/uploads\/2025\/07\/xpeng-g6-seguridad.jpg\" alt=\"XPENG G6 2025: El SUV el\u00e8ctric amb c\u00e0rrega ultra r\u00e0pida i tecnologia avan\u00e7ada\" width=\"960\" height=\"560\" srcset=\"https:\/\/v2charge.com\/wp-content\/uploads\/2025\/07\/xpeng-g6-seguridad.jpg 960w, https:\/\/v2charge.com\/wp-content\/uploads\/2025\/07\/xpeng-g6-seguridad-300x175.jpg 300w, https:\/\/v2charge.com\/wp-content\/uploads\/2025\/07\/xpeng-g6-seguridad-768x448.jpg 768w, https:\/\/v2charge.com\/wp-content\/uploads\/2025\/07\/xpeng-g6-seguridad-50x29.jpg 50w\" sizes=\"(max-width: 960px) 100vw, 960px\" \/><\/p>\n<ul>\n<li class=\"my-0\">Disseny SUV coup\u00e9 amb l\u00ednies aerodin\u00e0miques i port\u00f3 posterior el\u00e8ctric<\/li>\n<li class=\"my-0\">Fars Full-LED i llandes d&#8217;aliatge de disseny exclusiu<\/li>\n<li class=\"my-0\">5 estrelles Euro NCAP en seguretat<\/li>\n<li class=\"my-0\">Set airbags, control de creuer adaptatiu i assistent de manteniment de carril<\/li>\n<li class=\"my-0\">C\u00e0mera de visi\u00f3 360\u00ba i sistemes avan\u00e7ats de prevenci\u00f3 de col\u00b7lisions<\/li>\n<li class=\"my-0\">Garantia de 5 anys o 120.000 km per al vehicle i 8 anys o 160.000 km per a la bateria<\/li>\n<\/ul>\n<p class=\"my-0\">L&#8217;XPENG G6 no nom\u00e9s atrau per la seva est\u00e8tica, sin\u00f3 que ofereix un entorn segur i tecnol\u00f2gicament avan\u00e7at tant per al conductor com per als passatgers.<\/p>\n<h2>Quant triga a carregar un XPENG G6?<\/h2>\n<p>L&#8217;XPENG G6 2025 ofereix solucions de c\u00e0rrega adaptades a diferents necessitats, des de la c\u00e0rrega dom\u00e8stica fins a la c\u00e0rrega ultra r\u00e0pida a la carretera. Gr\u00e0cies a la seva arquitectura el\u00e8ctrica de 800V i compatibilitat amb sistemes de darrera generaci\u00f3, els temps de rec\u00e0rrega s&#8217;optimitzen per facilitar la mobilitat di\u00e0ria i els viatges llargs.<\/p>\n<p>En resum:<\/p>\n<ul>\n<li><strong>C\u00e0rrega dom\u00e8stica<\/strong> (AC): <strong>Fins a 11 kW<\/strong>, amb connector Tipus 2. Permet carregar completament la bateria <strong>en unes 9,5 hores<\/strong>, ideal per recarregar durant la nit a casa o a l&#8217;empresa.<\/li>\n<li>C\u00e0rrega r\u00e0pida (DC, carregadors p\u00fablics): <strong>Fins a 215 kW per a la bateria LFP de 66 kWh<\/strong> (10-80% en 18 minuts) i fins a 280 kW per a la bateria NCM de 88 kWh (10-80% en menys de 20 minuts).<\/li>\n<li>Compatibilitat: Port de c\u00e0rrega CCS2 a Europa, compatible amb la majoria d&#8217;infraestructures p\u00fabliques i privades.<\/li>\n<\/ul>\n<p>L&#8217;XPENG G6 pot carregar a una <strong>velocitat de fins a 51 km\/h en trif\u00e0sica dom\u00e8stica<\/strong>, el que es tradueix en una autonomia llesta cada mat\u00ed despr\u00e9s d&#8217;una nit de c\u00e0rrega<span class=\"whitespace-nowrap\">.<\/span>\u00a0Per a trajectes llargs,<strong> la c\u00e0rrega ultra r\u00e0pida permet recuperar fins al 80% de la bateria en menys de 20 minuts<\/strong>, situant-se entre els referents del mercat<span class=\"whitespace-nowrap\">.<\/span><\/p>\n<h2 id=\"cmo-es-la-experiencia-de-carga-i-uso-diari-con-el\" class=\"mb-2 mt-6 text-base font-[500] first:mt-0 md:text-lg dark:font-[475] [hr+&amp;]:mt-4\">Com \u00e9s l&#8217;experi\u00e8ncia de c\u00e0rrega amb el teu XPENG G6 i els carregadors V2C?<\/h2>\n<p class=\"my-0\">A V2C, els nostres carregadors intel\u00b7ligents permeten programar la <strong>c\u00e0rrega en horaris vall<\/strong>, monitoritzar el <strong>consum en temps real<\/strong> i <strong>gestionar l&#8217;energia<\/strong> per maximitzar l&#8217;estalvi i la sostenibilitat.<\/p>\n<ul>\n<li class=\"my-0\">Tecnologia de c\u00e0rrega intel\u00b7ligent compatible amb la m\u00e0xima pot\u00e8ncia dom\u00e8stica del G6<\/li>\n<li class=\"my-0\">Instal\u00b7laci\u00f3 professional i personalitzada a tota Espanya<\/li>\n<li class=\"my-0\">Suport t\u00e8cnic especialitzat i atenci\u00f3 postvenda directa<\/li>\n<li class=\"my-0\">Integraci\u00f3 amb sistemes de gesti\u00f3 energ\u00e8tica i energies renovables<\/li>\n<\/ul>\n<p class=\"my-0\">Optar per un carregador de cotxe el\u00e8ctric de V2C \u00e9s apostar per la <strong>fiabilitat, l&#8217;efici\u00e8ncia i la tranquil\u00b7litat de comptar amb un producte dissenyat i produ\u00eft a Espanya<\/strong>, amb la garantia d&#8217;un fabricant l\u00edder en solucions de rec\u00e0rrega.<\/p>\n<h2 id=\"encuentra-tu-instalador-de-punto-de-recarga-v2c-y\" class=\"mb-2 mt-6 text-base font-[500] first:mt-0 md:text-lg dark:font-[475] [hr+&amp;]:mt-4\">Troba el teu instal\u00b7lador de punt de rec\u00e0rrega V2C i fes el salt a la mobilitat el\u00e8ctrica<\/h2>\n<p class=\"my-0\">Si est\u00e0s pensant a fer el pas al XPENG G6 2025 o vols optimitzar la teva infraestructura de rec\u00e0rrega, a V2C <strong>posem a la teva disposici\u00f3 una xarxa professional d&#8217;<a href=\"https:\/\/v2charge.com\/ca\/troba-instalador\/\">instal\u00b7ladors de punts de rec\u00e0rrega certificats<\/a><\/strong>. T&#8217;ajudem a escollir la millor soluci\u00f3, gestionar les ajudes per instal\u00b7lar carregador de cotxe el\u00e8ctric i gaudir de la mobilitat el\u00e8ctrica amb la m\u00e0xima confian\u00e7a.<\/p>\n<p class=\"my-0\">Contacta amb nosaltres i descobreix com un carregador de cotxe el\u00e8ctric V2C transforma la teva experi\u00e8ncia amb l&#8217;XPENG G6 2025. <strong>La mobilitat del futur ja \u00e9s aqu\u00ed, i a V2C t&#8217;acompanyem en cada quil\u00f2metre.<\/strong><\/p>\n<p data-start=\"6946\" data-end=\"7309\"><a class=\"\" href=\"https:\/\/v2charge.com\/ca\/troba-instalador\/\" target=\"\" rel=\"noopener\" data-wplink-edit=\"true\"><img decoding=\"async\" class=\"uag-image-243962\" title=\"Troba el teu instal\u00b7lador de carregador de cotxe el\u00e8ctric\" role=\"img\" src=\"https:\/\/v2charge.com\/wp-content\/uploads\/2025\/08\/buscas-instalador-cargador-coche-electrico.jpg\" sizes=\"(max-width: 480px) 150px\" srcset=\"https:\/\/v2charge.com\/wp-content\/uploads\/2025\/08\/buscas-instalador-cargador-coche-electrico.jpg ,https:\/\/v2charge.com\/wp-content\/uploads\/2025\/08\/buscas-instalador-cargador-coche-electrico.jpg 780w, https:\/\/v2charge.com\/wp-content\/uploads\/2025\/08\/buscas-instalador-cargador-coche-electrico.jpg 360w\" alt=\"Troba el teu instal\u00b7lador de carregador de cotxe el\u00e8ctric\" width=\"818\" height=\"818\" \/><\/a><\/p>\n","protected":false},"excerpt":{"rendered":"<p>En V2C, com a l\u00edders en el disseny i fabricaci\u00f3 de carregadors per a cotxes el\u00e8ctrics a Espanya, observem com la prefer\u00e8ncia dels consumidors s&#8217;inclina cada cop m\u00e9s cap als SUV el\u00e8ctrics. El XPENG G6 ha irromput amb for\u00e7a al mercat, fins al punt que, segons H\u00edbrids i El\u00e8ctrics, \u201caquest SUV est\u00e0 plantant cara a &#8230; <a title=\"XPENG G6 2025: El SUV el\u00e8ctric amb c\u00e0rrega ultra r\u00e0pida i tecnologia avan\u00e7ada\" class=\"read-more\" href=\"https:\/\/v2charge.com\/ca\/xpeng-g6-2025-el-suv-electric-amb-carrega-ultra-rapida-i-tecnologia-avancada\/\" aria-label=\"M\u00e9s informaci\u00f3 sobre XPENG G6 2025: El SUV el\u00e8ctric amb c\u00e0rrega ultra r\u00e0pida i tecnologia avan\u00e7ada\">Llegiu m\u00e9s<\/a><\/p>\n","protected":false},"author":400,"featured_media":237433,"comment_status":"closed","ping_status":"closed","sticky":false,"template":"","format":"standard","meta":{"_eb_attr":"","content-type":"","_uag_custom_page_level_css":"","footnotes":""},"categories":[],"tags":[],"class_list":["post-310340","post","type-post","status-publish","format-standard","has-post-thumbnail","hentry"],"yoast_head":"<!-- This site is optimized with the Yoast SEO plugin v25.3.1 - https:\/\/yoast.com\/wordpress\/plugins\/seo\/ -->\n<title>XPENG G6 2025 | Preu, autonomia i c\u00e0rrega a casa amb V2C \u26a1<\/title>\n<meta name=\"description\" content=\"Descobreix el XPENG G6 2025, el SUV el\u00e8ctric amb fins a 570 km d&#039;autonomia i c\u00e0rrega ultra r\u00e0pida de 280 kW. Preus, versions i c\u00e0rrega a casa.\" \/>\n<meta name=\"robots\" content=\"index, follow, max-snippet:-1, max-image-preview:large, max-video-preview:-1\" \/>\n<link rel=\"canonical\" href=\"https:\/\/v2charge.com\/ca\/xpeng-g6-2025-el-suv-electric-amb-carrega-ultra-rapida-i-tecnologia-avancada\/\" \/>\n<meta property=\"og:locale\" content=\"ca_ES\" \/>\n<meta property=\"og:type\" content=\"article\" \/>\n<meta property=\"og:title\" content=\"XPENG G6 2025 | Preu, autonomia i c\u00e0rrega a casa amb V2C \u26a1\" \/>\n<meta property=\"og:description\" content=\"Descobreix el XPENG G6 2025, el SUV el\u00e8ctric amb fins a 570 km d&#039;autonomia i c\u00e0rrega ultra r\u00e0pida de 280 kW. Preus, versions i c\u00e0rrega a casa.\" \/>\n<meta property=\"og:url\" content=\"https:\/\/v2charge.com\/ca\/xpeng-g6-2025-el-suv-electric-amb-carrega-ultra-rapida-i-tecnologia-avancada\/\" \/>\n<meta property=\"og:site_name\" content=\"V2C\" \/>\n<meta property=\"article:publisher\" content=\"https:\/\/www.facebook.com\/V2C.Charge\" \/>\n<meta property=\"article:published_time\" content=\"2025-07-24T08:30:00+00:00\" \/>\n<meta property=\"article:modified_time\" content=\"2025-08-21T08:24:06+00:00\" \/>\n<meta property=\"og:image\" content=\"https:\/\/v2charge.com\/wp-content\/uploads\/2025\/07\/xpeng-g6-precio.jpg\" \/>\n\t<meta property=\"og:image:width\" content=\"960\" \/>\n\t<meta property=\"og:image:height\" content=\"560\" \/>\n\t<meta property=\"og:image:type\" content=\"image\/jpeg\" \/>\n<meta name=\"author\" content=\"V2C\" \/>\n<meta name=\"twitter:card\" content=\"summary_large_image\" \/>\n<meta name=\"twitter:creator\" content=\"@V2C_Charge\" \/>\n<meta name=\"twitter:site\" content=\"@V2C_Charge\" \/>\n<meta name=\"twitter:label1\" content=\"Escrit per\" \/>\n\t<meta name=\"twitter:data1\" content=\"V2C\" \/>\n\t<meta name=\"twitter:label2\" content=\"Temps estimat de lectura\" \/>\n\t<meta name=\"twitter:data2\" content=\"8 minuts\" \/>\n<script type=\"application\/ld+json\" class=\"yoast-schema-graph\">{\"@context\":\"https:\/\/schema.org\",\"@graph\":[{\"@type\":\"Article\",\"@id\":\"https:\/\/v2charge.com\/ca\/xpeng-g6-2025-el-suv-electric-amb-carrega-ultra-rapida-i-tecnologia-avancada\/#article\",\"isPartOf\":{\"@id\":\"https:\/\/v2charge.com\/ca\/xpeng-g6-2025-el-suv-electric-amb-carrega-ultra-rapida-i-tecnologia-avancada\/\"},\"author\":{\"name\":\"V2C\",\"@id\":\"https:\/\/v2charge.com\/ca\/#\/schema\/person\/d6f210a94a856acdddec347b2127fd0f\"},\"headline\":\"XPENG G6 2025: El SUV el\u00e8ctric amb c\u00e0rrega ultra r\u00e0pida i tecnologia avan\u00e7ada\",\"datePublished\":\"2025-07-24T08:30:00+00:00\",\"dateModified\":\"2025-08-21T08:24:06+00:00\",\"mainEntityOfPage\":{\"@id\":\"https:\/\/v2charge.com\/ca\/xpeng-g6-2025-el-suv-electric-amb-carrega-ultra-rapida-i-tecnologia-avancada\/\"},\"wordCount\":1484,\"publisher\":{\"@id\":\"https:\/\/v2charge.com\/ca\/#organization\"},\"image\":{\"@id\":\"https:\/\/v2charge.com\/ca\/xpeng-g6-2025-el-suv-electric-amb-carrega-ultra-rapida-i-tecnologia-avancada\/#primaryimage\"},\"thumbnailUrl\":\"https:\/\/v2charge.com\/wp-content\/uploads\/2025\/07\/xpeng-g6-precio.jpg\",\"inLanguage\":\"ca\"},{\"@type\":\"WebPage\",\"@id\":\"https:\/\/v2charge.com\/ca\/xpeng-g6-2025-el-suv-electric-amb-carrega-ultra-rapida-i-tecnologia-avancada\/\",\"url\":\"https:\/\/v2charge.com\/ca\/xpeng-g6-2025-el-suv-electric-amb-carrega-ultra-rapida-i-tecnologia-avancada\/\",\"name\":\"XPENG G6 2025 | Preu, autonomia i c\u00e0rrega a casa amb V2C \u26a1\",\"isPartOf\":{\"@id\":\"https:\/\/v2charge.com\/ca\/#website\"},\"primaryImageOfPage\":{\"@id\":\"https:\/\/v2charge.com\/ca\/xpeng-g6-2025-el-suv-electric-amb-carrega-ultra-rapida-i-tecnologia-avancada\/#primaryimage\"},\"image\":{\"@id\":\"https:\/\/v2charge.com\/ca\/xpeng-g6-2025-el-suv-electric-amb-carrega-ultra-rapida-i-tecnologia-avancada\/#primaryimage\"},\"thumbnailUrl\":\"https:\/\/v2charge.com\/wp-content\/uploads\/2025\/07\/xpeng-g6-precio.jpg\",\"datePublished\":\"2025-07-24T08:30:00+00:00\",\"dateModified\":\"2025-08-21T08:24:06+00:00\",\"description\":\"Descobreix el XPENG G6 2025, el SUV el\u00e8ctric amb fins a 570 km d'autonomia i c\u00e0rrega ultra r\u00e0pida de 280 kW. Preus, versions i c\u00e0rrega a casa.\",\"breadcrumb\":{\"@id\":\"https:\/\/v2charge.com\/ca\/xpeng-g6-2025-el-suv-electric-amb-carrega-ultra-rapida-i-tecnologia-avancada\/#breadcrumb\"},\"inLanguage\":\"ca\",\"potentialAction\":[{\"@type\":\"ReadAction\",\"target\":[\"https:\/\/v2charge.com\/ca\/xpeng-g6-2025-el-suv-electric-amb-carrega-ultra-rapida-i-tecnologia-avancada\/\"]}]},{\"@type\":\"ImageObject\",\"inLanguage\":\"ca\",\"@id\":\"https:\/\/v2charge.com\/ca\/xpeng-g6-2025-el-suv-electric-amb-carrega-ultra-rapida-i-tecnologia-avancada\/#primaryimage\",\"url\":\"https:\/\/v2charge.com\/wp-content\/uploads\/2025\/07\/xpeng-g6-precio.jpg\",\"contentUrl\":\"https:\/\/v2charge.com\/wp-content\/uploads\/2025\/07\/xpeng-g6-precio.jpg\",\"width\":960,\"height\":560,\"caption\":\"XPENG G6 2025: El SUV el\u00e9ctrico con carga ultra r\u00e1pida y tecnolog\u00eda avanzada\"},{\"@type\":\"BreadcrumbList\",\"@id\":\"https:\/\/v2charge.com\/ca\/xpeng-g6-2025-el-suv-electric-amb-carrega-ultra-rapida-i-tecnologia-avancada\/#breadcrumb\",\"itemListElement\":[{\"@type\":\"ListItem\",\"position\":1,\"name\":\"V2C\",\"item\":\"https:\/\/v2charge.com\/ca\/\"},{\"@type\":\"ListItem\",\"position\":2,\"name\":\"Coches el\u00e9ctricos\",\"item\":\"https:\/\/v2charge.com\/es\/coches-electricos\/\"},{\"@type\":\"ListItem\",\"position\":3,\"name\":\"XPENG G6 2025: El SUV el\u00e8ctric amb c\u00e0rrega ultra r\u00e0pida i tecnologia avan\u00e7ada\"}]},{\"@type\":\"WebSite\",\"@id\":\"https:\/\/v2charge.com\/ca\/#website\",\"url\":\"https:\/\/v2charge.com\/ca\/\",\"name\":\"V2C\",\"description\":\"#CargandoElMa\u00f1ana\",\"publisher\":{\"@id\":\"https:\/\/v2charge.com\/ca\/#organization\"},\"potentialAction\":[{\"@type\":\"SearchAction\",\"target\":{\"@type\":\"EntryPoint\",\"urlTemplate\":\"https:\/\/v2charge.com\/ca\/?s={search_term_string}\"},\"query-input\":{\"@type\":\"PropertyValueSpecification\",\"valueRequired\":true,\"valueName\":\"search_term_string\"}}],\"inLanguage\":\"ca\"},{\"@type\":\"Organization\",\"@id\":\"https:\/\/v2charge.com\/ca\/#organization\",\"name\":\"V2C\",\"url\":\"https:\/\/v2charge.com\/ca\/\",\"logo\":{\"@type\":\"ImageObject\",\"inLanguage\":\"ca\",\"@id\":\"https:\/\/v2charge.com\/ca\/#\/schema\/logo\/image\/\",\"url\":\"https:\/\/v2charge.com\/wp-content\/uploads\/2024\/11\/cropped-v2c-charge-logo-menu.png\",\"contentUrl\":\"https:\/\/v2charge.com\/wp-content\/uploads\/2024\/11\/cropped-v2c-charge-logo-menu.png\",\"width\":984,\"height\":431,\"caption\":\"V2C\"},\"image\":{\"@id\":\"https:\/\/v2charge.com\/ca\/#\/schema\/logo\/image\/\"},\"sameAs\":[\"https:\/\/www.facebook.com\/V2C.Charge\",\"https:\/\/x.com\/V2C_Charge\",\"https:\/\/www.instagram.com\/v2c.charge\/\",\"https:\/\/www.youtube.com\/@V2C\",\"https:\/\/www.linkedin.com\/company\/v2c-chargers\/\"]},{\"@type\":\"Person\",\"@id\":\"https:\/\/v2charge.com\/ca\/#\/schema\/person\/d6f210a94a856acdddec347b2127fd0f\",\"name\":\"V2C\",\"image\":{\"@type\":\"ImageObject\",\"inLanguage\":\"ca\",\"@id\":\"https:\/\/v2charge.com\/ca\/#\/schema\/person\/image\/\",\"url\":\"https:\/\/secure.gravatar.com\/avatar\/a91128c4c0d2f4d63bd586301fdec6cc9aa49c885839b25d1c62700f529f267c?s=96&d=mm&r=g\",\"contentUrl\":\"https:\/\/secure.gravatar.com\/avatar\/a91128c4c0d2f4d63bd586301fdec6cc9aa49c885839b25d1c62700f529f267c?s=96&d=mm&r=g\",\"caption\":\"V2C\"}}]}<\/script>\n<!-- \/ Yoast SEO plugin. -->","yoast_head_json":{"title":"XPENG G6 2025 | Preu, autonomia i c\u00e0rrega a casa amb V2C \u26a1","description":"Descobreix el XPENG G6 2025, el SUV el\u00e8ctric amb fins a 570 km d'autonomia i c\u00e0rrega ultra r\u00e0pida de 280 kW. Preus, versions i c\u00e0rrega a casa.","robots":{"index":"index","follow":"follow","max-snippet":"max-snippet:-1","max-image-preview":"max-image-preview:large","max-video-preview":"max-video-preview:-1"},"canonical":"https:\/\/v2charge.com\/ca\/xpeng-g6-2025-el-suv-electric-amb-carrega-ultra-rapida-i-tecnologia-avancada\/","og_locale":"ca_ES","og_type":"article","og_title":"XPENG G6 2025 | Preu, autonomia i c\u00e0rrega a casa amb V2C \u26a1","og_description":"Descobreix el XPENG G6 2025, el SUV el\u00e8ctric amb fins a 570 km d'autonomia i c\u00e0rrega ultra r\u00e0pida de 280 kW. Preus, versions i c\u00e0rrega a casa.","og_url":"https:\/\/v2charge.com\/ca\/xpeng-g6-2025-el-suv-electric-amb-carrega-ultra-rapida-i-tecnologia-avancada\/","og_site_name":"V2C","article_publisher":"https:\/\/www.facebook.com\/V2C.Charge","article_published_time":"2025-07-24T08:30:00+00:00","article_modified_time":"2025-08-21T08:24:06+00:00","og_image":[{"width":960,"height":560,"url":"https:\/\/v2charge.com\/wp-content\/uploads\/2025\/07\/xpeng-g6-precio.jpg","type":"image\/jpeg"}],"author":"V2C","twitter_card":"summary_large_image","twitter_creator":"@V2C_Charge","twitter_site":"@V2C_Charge","twitter_misc":{"Escrit per":"V2C","Temps estimat de lectura":"8 minuts"},"schema":{"@context":"https:\/\/schema.org","@graph":[{"@type":"Article","@id":"https:\/\/v2charge.com\/ca\/xpeng-g6-2025-el-suv-electric-amb-carrega-ultra-rapida-i-tecnologia-avancada\/#article","isPartOf":{"@id":"https:\/\/v2charge.com\/ca\/xpeng-g6-2025-el-suv-electric-amb-carrega-ultra-rapida-i-tecnologia-avancada\/"},"author":{"name":"V2C","@id":"https:\/\/v2charge.com\/ca\/#\/schema\/person\/d6f210a94a856acdddec347b2127fd0f"},"headline":"XPENG G6 2025: El SUV el\u00e8ctric amb c\u00e0rrega ultra r\u00e0pida i tecnologia avan\u00e7ada","datePublished":"2025-07-24T08:30:00+00:00","dateModified":"2025-08-21T08:24:06+00:00","mainEntityOfPage":{"@id":"https:\/\/v2charge.com\/ca\/xpeng-g6-2025-el-suv-electric-amb-carrega-ultra-rapida-i-tecnologia-avancada\/"},"wordCount":1484,"publisher":{"@id":"https:\/\/v2charge.com\/ca\/#organization"},"image":{"@id":"https:\/\/v2charge.com\/ca\/xpeng-g6-2025-el-suv-electric-amb-carrega-ultra-rapida-i-tecnologia-avancada\/#primaryimage"},"thumbnailUrl":"https:\/\/v2charge.com\/wp-content\/uploads\/2025\/07\/xpeng-g6-precio.jpg","inLanguage":"ca"},{"@type":"WebPage","@id":"https:\/\/v2charge.com\/ca\/xpeng-g6-2025-el-suv-electric-amb-carrega-ultra-rapida-i-tecnologia-avancada\/","url":"https:\/\/v2charge.com\/ca\/xpeng-g6-2025-el-suv-electric-amb-carrega-ultra-rapida-i-tecnologia-avancada\/","name":"XPENG G6 2025 | Preu, autonomia i c\u00e0rrega a casa amb V2C \u26a1","isPartOf":{"@id":"https:\/\/v2charge.com\/ca\/#website"},"primaryImageOfPage":{"@id":"https:\/\/v2charge.com\/ca\/xpeng-g6-2025-el-suv-electric-amb-carrega-ultra-rapida-i-tecnologia-avancada\/#primaryimage"},"image":{"@id":"https:\/\/v2charge.com\/ca\/xpeng-g6-2025-el-suv-electric-amb-carrega-ultra-rapida-i-tecnologia-avancada\/#primaryimage"},"thumbnailUrl":"https:\/\/v2charge.com\/wp-content\/uploads\/2025\/07\/xpeng-g6-precio.jpg","datePublished":"2025-07-24T08:30:00+00:00","dateModified":"2025-08-21T08:24:06+00:00","description":"Descobreix el XPENG G6 2025, el SUV el\u00e8ctric amb fins a 570 km d'autonomia i c\u00e0rrega ultra r\u00e0pida de 280 kW. Preus, versions i c\u00e0rrega a casa.","breadcrumb":{"@id":"https:\/\/v2charge.com\/ca\/xpeng-g6-2025-el-suv-electric-amb-carrega-ultra-rapida-i-tecnologia-avancada\/#breadcrumb"},"inLanguage":"ca","potentialAction":[{"@type":"ReadAction","target":["https:\/\/v2charge.com\/ca\/xpeng-g6-2025-el-suv-electric-amb-carrega-ultra-rapida-i-tecnologia-avancada\/"]}]},{"@type":"ImageObject","inLanguage":"ca","@id":"https:\/\/v2charge.com\/ca\/xpeng-g6-2025-el-suv-electric-amb-carrega-ultra-rapida-i-tecnologia-avancada\/#primaryimage","url":"https:\/\/v2charge.com\/wp-content\/uploads\/2025\/07\/xpeng-g6-precio.jpg","contentUrl":"https:\/\/v2charge.com\/wp-content\/uploads\/2025\/07\/xpeng-g6-precio.jpg","width":960,"height":560,"caption":"XPENG G6 2025: El SUV el\u00e9ctrico con carga ultra r\u00e1pida y tecnolog\u00eda avanzada"},{"@type":"BreadcrumbList","@id":"https:\/\/v2charge.com\/ca\/xpeng-g6-2025-el-suv-electric-amb-carrega-ultra-rapida-i-tecnologia-avancada\/#breadcrumb","itemListElement":[{"@type":"ListItem","position":1,"name":"V2C","item":"https:\/\/v2charge.com\/ca\/"},{"@type":"ListItem","position":2,"name":"Coches el\u00e9ctricos","item":"https:\/\/v2charge.com\/es\/coches-electricos\/"},{"@type":"ListItem","position":3,"name":"XPENG G6 2025: El SUV el\u00e8ctric amb c\u00e0rrega ultra r\u00e0pida i tecnologia avan\u00e7ada"}]},{"@type":"WebSite","@id":"https:\/\/v2charge.com\/ca\/#website","url":"https:\/\/v2charge.com\/ca\/","name":"V2C","description":"#CargandoElMa\u00f1ana","publisher":{"@id":"https:\/\/v2charge.com\/ca\/#organization"},"potentialAction":[{"@type":"SearchAction","target":{"@type":"EntryPoint","urlTemplate":"https:\/\/v2charge.com\/ca\/?s={search_term_string}"},"query-input":{"@type":"PropertyValueSpecification","valueRequired":true,"valueName":"search_term_string"}}],"inLanguage":"ca"},{"@type":"Organization","@id":"https:\/\/v2charge.com\/ca\/#organization","name":"V2C","url":"https:\/\/v2charge.com\/ca\/","logo":{"@type":"ImageObject","inLanguage":"ca","@id":"https:\/\/v2charge.com\/ca\/#\/schema\/logo\/image\/","url":"https:\/\/v2charge.com\/wp-content\/uploads\/2024\/11\/cropped-v2c-charge-logo-menu.png","contentUrl":"https:\/\/v2charge.com\/wp-content\/uploads\/2024\/11\/cropped-v2c-charge-logo-menu.png","width":984,"height":431,"caption":"V2C"},"image":{"@id":"https:\/\/v2charge.com\/ca\/#\/schema\/logo\/image\/"},"sameAs":["https:\/\/www.facebook.com\/V2C.Charge","https:\/\/x.com\/V2C_Charge","https:\/\/www.instagram.com\/v2c.charge\/","https:\/\/www.youtube.com\/@V2C","https:\/\/www.linkedin.com\/company\/v2c-chargers\/"]},{"@type":"Person","@id":"https:\/\/v2charge.com\/ca\/#\/schema\/person\/d6f210a94a856acdddec347b2127fd0f","name":"V2C","image":{"@type":"ImageObject","inLanguage":"ca","@id":"https:\/\/v2charge.com\/ca\/#\/schema\/person\/image\/","url":"https:\/\/secure.gravatar.com\/avatar\/a91128c4c0d2f4d63bd586301fdec6cc9aa49c885839b25d1c62700f529f267c?s=96&d=mm&r=g","contentUrl":"https:\/\/secure.gravatar.com\/avatar\/a91128c4c0d2f4d63bd586301fdec6cc9aa49c885839b25d1c62700f529f267c?s=96&d=mm&r=g","caption":"V2C"}}]}},"uagb_featured_image_src":{"full":["https:\/\/v2charge.com\/wp-content\/uploads\/2025\/07\/xpeng-g6-precio.jpg",960,560,false],"thumbnail":["https:\/\/v2charge.com\/wp-content\/uploads\/2025\/07\/xpeng-g6-precio-150x150.jpg",150,150,true],"medium":["https:\/\/v2charge.com\/wp-content\/uploads\/2025\/07\/xpeng-g6-precio-300x175.jpg",300,175,true],"medium_large":["https:\/\/v2charge.com\/wp-content\/uploads\/2025\/07\/xpeng-g6-precio-768x448.jpg",768,448,true],"large":["https:\/\/v2charge.com\/wp-content\/uploads\/2025\/07\/xpeng-g6-precio.jpg",960,560,false],"gs-tiny":["https:\/\/v2charge.com\/wp-content\/uploads\/2025\/07\/xpeng-g6-precio-50x29.jpg",50,29,true],"xl":["https:\/\/v2charge.com\/wp-content\/uploads\/2025\/07\/xpeng-g6-precio.jpg",960,560,false],"xxl":["https:\/\/v2charge.com\/wp-content\/uploads\/2025\/07\/xpeng-g6-precio.jpg",960,560,false],"xxxl":["https:\/\/v2charge.com\/wp-content\/uploads\/2025\/07\/xpeng-g6-precio.jpg",960,560,false],"xxxxl":["https:\/\/v2charge.com\/wp-content\/uploads\/2025\/07\/xpeng-g6-precio.jpg",960,560,false],"xxxxxl":["https:\/\/v2charge.com\/wp-content\/uploads\/2025\/07\/xpeng-g6-precio.jpg",960,560,false],"1536x1536":["https:\/\/v2charge.com\/wp-content\/uploads\/2025\/07\/xpeng-g6-precio.jpg",960,560,false],"2048x2048":["https:\/\/v2charge.com\/wp-content\/uploads\/2025\/07\/xpeng-g6-precio.jpg",960,560,false]},"uagb_author_info":{"display_name":"V2C","author_link":"https:\/\/v2charge.com\/ca\/author\/marketing\/"},"uagb_comment_info":0,"uagb_excerpt":"En V2C, com a l\u00edders en el disseny i fabricaci\u00f3 de carregadors per a cotxes el\u00e8ctrics a Espanya, observem com la prefer\u00e8ncia dels consumidors s&#8217;inclina cada cop m\u00e9s cap als SUV el\u00e8ctrics. El XPENG G6 ha irromput amb for\u00e7a al mercat, fins al punt que, segons H\u00edbrids i El\u00e8ctrics, \u201caquest SUV est\u00e0 plantant cara a&hellip;","_links":{"self":[{"href":"https:\/\/v2charge.com\/ca\/wp-json\/wp\/v2\/posts\/310340","targetHints":{"allow":["GET"]}}],"collection":[{"href":"https:\/\/v2charge.com\/ca\/wp-json\/wp\/v2\/posts"}],"about":[{"href":"https:\/\/v2charge.com\/ca\/wp-json\/wp\/v2\/types\/post"}],"author":[{"embeddable":true,"href":"https:\/\/v2charge.com\/ca\/wp-json\/wp\/v2\/users\/400"}],"replies":[{"embeddable":true,"href":"https:\/\/v2charge.com\/ca\/wp-json\/wp\/v2\/comments?post=310340"}],"version-history":[{"count":0,"href":"https:\/\/v2charge.com\/ca\/wp-json\/wp\/v2\/posts\/310340\/revisions"}],"wp:featuredmedia":[{"embeddable":true,"href":"https:\/\/v2charge.com\/ca\/wp-json\/wp\/v2\/media\/237433"}],"wp:attachment":[{"href":"https:\/\/v2charge.com\/ca\/wp-json\/wp\/v2\/media?parent=310340"}],"wp:term":[{"taxonomy":"category","embeddable":true,"href":"https:\/\/v2charge.com\/ca\/wp-json\/wp\/v2\/categories?post=310340"},{"taxonomy":"post_tag","embeddable":true,"href":"https:\/\/v2charge.com\/ca\/wp-json\/wp\/v2\/tags?post=310340"}],"curies":[{"name":"wp","href":"https:\/\/api.w.org\/{rel}","templated":true}]}}