{"id":310362,"date":"2025-12-30T09:30:00","date_gmt":"2025-12-30T07:30:00","guid":{"rendered":""},"modified":"2025-12-19T17:52:52","modified_gmt":"2025-12-19T15:52:52","slug":"els-cotxes-electrics-mes-venuts-a-espanya-el-2025","status":"publish","type":"post","link":"https:\/\/v2charge.com\/ca\/els-cotxes-electrics-mes-venuts-a-espanya-el-2025\/","title":{"rendered":"Els cotxes el\u00e8ctrics m\u00e9s venuts a Espanya el 2025"},"content":{"rendered":"<p class=\"my-2 [&amp;+p]:mt-4 [&amp;_strong:has(+br)]:inline-block [&amp;_strong:has(+br)]:pb-2\">El 2025, Espanya va assolir un nou fita en mobilitat el\u00e8ctrica: m\u00e9s de <strong>102.000 cotxes el\u00e8ctrics matriculats<\/strong>, un increment del <strong>83\u202f% respecte a l&#8217;any anterior<\/strong>. Aquest avan\u00e7 confirma una tend\u00e8ncia irreversible: els conductors confien cada cop m\u00e9s en l&#8217;energia neta i en la tecnologia de c\u00e0rrega intel\u00b7ligent.<\/p>\n<p class=\"my-2 [&amp;+p]:mt-4 [&amp;_strong:has(+br)]:inline-block [&amp;_strong:has(+br)]:pb-2\">A <strong>V2C<\/strong>, com a fabricants de <strong><a href=\"https:\/\/v2charge.com\/ca\/\">carregadors de cotxe el\u00e8ctric<\/a><\/strong> dissenyats i produ\u00efts a Espanya, sabem que la infraestructura dom\u00e8stica i empresarial impulsa l&#8217;adopci\u00f3 real del vehicle el\u00e8ctric.<\/p>\n<h2 class=\"mb-2 mt-4 font-display font-semimedium text-base first:mt-0\">Quin \u00e9s el cotxe el\u00e8ctric m\u00e9s venut a Espanya el 2025?<\/h2>\n<p class=\"my-2 [&amp;+p]:mt-4 [&amp;_strong:has(+br)]:inline-block [&amp;_strong:has(+br)]:pb-2\">El cotxe el\u00e8ctric m\u00e9s venut a Espanya el 2025 \u00e9s el <strong>Tesla Model 3<\/strong>, amb <strong>quasi 9.000 unitats registrades<\/strong>. La seva autonomia superior a 500\u202fkm, la seva efici\u00e8ncia energ\u00e8tica i el seu equilibri entre cost i prestacions el mantenen en el lideratge.<\/p>\n<p class=\"my-2 [&amp;+p]:mt-4 [&amp;_strong:has(+br)]:inline-block [&amp;_strong:has(+br)]:pb-2\">Els models m\u00e9s destacats del mercat han estat:<\/p>\n<ul>\n<li class=\"my-2 [&amp;+p]:mt-4 [&amp;_strong:has(+br)]:inline-block [&amp;_strong:has(+br)]:pb-2\">Tesla Model 3<\/li>\n<li class=\"my-2 [&amp;+p]:mt-4 [&amp;_strong:has(+br)]:inline-block [&amp;_strong:has(+br)]:pb-2\">KIA EV3<\/li>\n<li class=\"my-2 [&amp;+p]:mt-4 [&amp;_strong:has(+br)]:inline-block [&amp;_strong:has(+br)]:pb-2\">Tesla Model Y<\/li>\n<\/ul>\n<p class=\"my-2 [&amp;+p]:mt-4 [&amp;_strong:has(+br)]:inline-block [&amp;_strong:has(+br)]:pb-2\">Aquestes xifres reflecteixen un canvi clar de mentalitat: els usuaris ja no nom\u00e9s busquen estalvi, sin\u00f3 tamb\u00e9 tecnologia, prestacions i sostenibilitat.<\/p>\n<h2 id=\"top-10-coches-elctricos-ms-vendidos-en-espaa-en-20\" class=\"mb-2 mt-4 font-display font-semimedium text-base first:mt-0 md:text-lg [hr+&amp;]:mt-4\">Top 10 cotxes el\u00e8ctrics m\u00e9s venuts a Espanya el 2025<\/h2>\n<p class=\"my-2 [&amp;+p]:mt-4 [&amp;_strong:has(+br)]:inline-block [&amp;_strong:has(+br)]:pb-2\">Aquests s\u00f3n els models que lideren el mercat espanyol de vehicle el\u00e8ctric el 2025, amb xifres de matriculaci\u00f3 que marquen la pauta de la demanda i del tipus de cotxe que els usuaris estan triant.<span aria-label=\"Els cotxes el\u00e8ctrics m\u00e9s venuts a Espanya el 2025 - LugEnergywww.lugenergy.com \u203a ... \u203a Informaci\u00f3 sobre Vehicles El\u00e8ctrics\" data-state=\"closed\">\u200b<\/span><\/p>\n<div class=\"group relative\">\n<div class=\"w-full overflow-x-auto md:max-w-[90vw] border-subtlest ring-subtlest divide-subtlest bg-transparent\">\n<table class=\"border-subtler my-[1em] w-full table-auto border-separate border-spacing-0 border-l border-t\">\n<thead class=\"bg-subtler\">\n<tr>\n<th class=\"border-subtler p-sm break-normal border-b border-r text-left align-top\">Posici\u00f3<\/th>\n<th class=\"border-subtler p-sm break-normal border-b border-r text-left align-top\">Model<\/th>\n<th class=\"border-subtler p-sm break-normal border-b border-r text-left align-top\">Vendes 2025<\/th>\n<th class=\"border-subtler p-sm break-normal border-b border-r text-left align-top\">Comentari clau per a l&#8217;usuari<\/th>\n<\/tr>\n<\/thead>\n<tbody>\n<tr>\n<td class=\"px-sm border-subtler min-w-[48px] break-normal border-b border-r\">1<\/td>\n<td class=\"px-sm border-subtler min-w-[48px] break-normal border-b border-r\">Tesla Model 3<\/td>\n<td class=\"px-sm border-subtler min-w-[48px] break-normal border-b border-r\">8.985<\/td>\n<td class=\"px-sm border-subtler min-w-[48px] break-normal border-b border-r\">Berlina el\u00e8ctrica d&#8217;alta autonomia i refer\u00e8ncia en efici\u00e8ncia <span class=\"whitespace-nowrap\"><span aria-label=\"Els cotxes el\u00e8ctrics m\u00e9s venuts a Espanya el 2025 - LugEnergywww.lugenergy.com \u203a ... \u203a Informaci\u00f3 sobre Vehicles El\u00e8ctrics\" data-state=\"closed\">\u200b<\/span>.<\/span><\/td>\n<\/tr>\n<tr>\n<td class=\"px-sm border-subtler min-w-[48px] break-normal border-b border-r\">2<\/td>\n<td class=\"px-sm border-subtler min-w-[48px] break-normal border-b border-r\">KIA EV3<\/td>\n<td class=\"px-sm border-subtler min-w-[48px] break-normal border-b border-r\">5.262<\/td>\n<td class=\"px-sm border-subtler min-w-[48px] break-normal border-b border-r\">SUV compacte molt equilibrat per a \u00fas familiar i diari <span class=\"whitespace-nowrap\"><span aria-label=\"Els cotxes el\u00e8ctrics m\u00e9s venuts a Espanya el 2025 - LugEnergywww.lugenergy.com \u203a ... \u203a Informaci\u00f3 sobre Vehicles El\u00e8ctrics\" data-state=\"closed\">\u200b<\/span>.<\/span><\/td>\n<\/tr>\n<tr>\n<td class=\"px-sm border-subtler min-w-[48px] break-normal border-b border-r\">3<\/td>\n<td class=\"px-sm border-subtler min-w-[48px] break-normal border-b border-r\">Tesla Model Y<\/td>\n<td class=\"px-sm border-subtler min-w-[48px] break-normal border-b border-r\">5.177<\/td>\n<td class=\"px-sm border-subtler min-w-[48px] break-normal border-b border-r\">SUV familiar amb gran autonomia i enfocament tecnol\u00f2gic <span class=\"whitespace-nowrap\"><span aria-label=\"Els cotxes el\u00e8ctrics m\u00e9s venuts a Espanya el 2025 - LugEnergywww.lugenergy.com \u203a ... \u203a Informaci\u00f3 sobre Vehicles El\u00e8ctrics\" data-state=\"closed\">\u200b<\/span>.<\/span><\/td>\n<\/tr>\n<tr>\n<td class=\"px-sm border-subtler min-w-[48px] break-normal border-b border-r\">4<\/td>\n<td class=\"px-sm border-subtler min-w-[48px] break-normal border-b border-r\">Renault 5 E-Tech El\u00e8ctric<\/td>\n<td class=\"px-sm border-subtler min-w-[48px] break-normal border-b border-r\">3.919<\/td>\n<td class=\"px-sm border-subtler min-w-[48px] break-normal border-b border-r\">Utilitari urb\u00e0 eficient amb disseny ic\u00f2nic i \u00fas molt pr\u00e0ctic <span class=\"whitespace-nowrap\"><span aria-label=\"Els cotxes el\u00e8ctrics m\u00e9s venuts a Espanya el 2025 - LugEnergywww.lugenergy.com \u203a ... \u203a Informaci\u00f3 sobre Vehicles El\u00e8ctrics\" data-state=\"closed\">\u200b<\/span>.<\/span><\/td>\n<\/tr>\n<tr>\n<td class=\"px-sm border-subtler min-w-[48px] break-normal border-b border-r\">5<\/td>\n<td class=\"px-sm border-subtler min-w-[48px] break-normal border-b border-r\">BYD Dolphin Surf<\/td>\n<td class=\"px-sm border-subtler min-w-[48px] break-normal border-b border-r\">3.484<\/td>\n<td class=\"px-sm border-subtler min-w-[48px] break-normal border-b border-r\">Compacte accessible, pensat per a ciutat i \u00e0rea metropolitana <span class=\"whitespace-nowrap\"><span aria-label=\"Els cotxes el\u00e8ctrics m\u00e9s venuts a Espanya el 2025 - LugEnergywww.lugenergy.com \u203a ... \u203a Informaci\u00f3 sobre Vehicles El\u00e8ctrics\" data-state=\"closed\">\u200b<\/span>.<\/span><\/td>\n<\/tr>\n<tr>\n<td class=\"px-sm border-subtler min-w-[48px] break-normal border-b border-r\">6<\/td>\n<td class=\"px-sm border-subtler min-w-[48px] break-normal border-b border-r\">Toyota bZ4X<\/td>\n<td class=\"px-sm border-subtler min-w-[48px] break-normal border-b border-r\">2.646<\/td>\n<td class=\"px-sm border-subtler min-w-[48px] break-normal border-b border-r\">SUV ampli orientat a carretera i viatges freq\u00fcents <span class=\"whitespace-nowrap\"><span aria-label=\"Els cotxes el\u00e8ctrics m\u00e9s venuts a Espanya el 2025 - LugEnergywww.lugenergy.com \u203a ... \u203a Informaci\u00f3 sobre Vehicles El\u00e8ctrics\" data-state=\"closed\">\u200b<\/span>.<\/span><\/td>\n<\/tr>\n<tr>\n<td class=\"px-sm border-subtler min-w-[48px] break-normal border-b border-r\">7<\/td>\n<td class=\"px-sm border-subtler min-w-[48px] break-normal border-b border-r\">Citro\u00ebn \u00eb-C3<\/td>\n<td class=\"px-sm border-subtler min-w-[48px] break-normal border-b border-r\">2.553<\/td>\n<td class=\"px-sm border-subtler min-w-[48px] break-normal border-b border-r\">El\u00e8ctric urb\u00e0 que democratitza l&#8217;acc\u00e9s al VE per preu <span class=\"whitespace-nowrap\"><span aria-label=\"Els cotxes el\u00e8ctrics m\u00e9s venuts a Espanya el 2025 - LugEnergywww.lugenergy.com \u203a ... \u203a Informaci\u00f3 sobre Vehicles El\u00e8ctrics\" data-state=\"closed\">\u200b<\/span>.<\/span><\/td>\n<\/tr>\n<tr>\n<td class=\"px-sm border-subtler min-w-[48px] break-normal border-b border-r\">8<\/td>\n<td class=\"px-sm border-subtler min-w-[48px] break-normal border-b border-r\">BYD Atto 3<\/td>\n<td class=\"px-sm border-subtler min-w-[48px] break-normal border-b border-r\">2.319<\/td>\n<td class=\"px-sm border-subtler min-w-[48px] break-normal border-b border-r\">SUV del segment C amb bona habitabilitat i confort <span class=\"whitespace-nowrap\"><span aria-label=\"Els cotxes el\u00e8ctrics m\u00e9s venuts a Espanya el 2025 - LugEnergywww.lugenergy.com \u203a ... \u203a Informaci\u00f3 sobre Vehicles El\u00e8ctrics\" data-state=\"closed\">\u200b<\/span>.<\/span><\/td>\n<\/tr>\n<tr>\n<td class=\"px-sm border-subtler min-w-[48px] break-normal border-b border-r\">9<\/td>\n<td class=\"px-sm border-subtler min-w-[48px] break-normal border-b border-r\">BYD Atto 2<\/td>\n<td class=\"px-sm border-subtler min-w-[48px] break-normal border-b border-r\">2.258<\/td>\n<td class=\"px-sm border-subtler min-w-[48px] break-normal border-b border-r\">B-SUV eficient per a \u00fas mixt urb\u00e0-carretera <span class=\"whitespace-nowrap\"><span aria-label=\"Els cotxes el\u00e8ctrics m\u00e9s venuts a Espanya el 2025 - LugEnergywww.lugenergy.com \u203a ... \u203a Informaci\u00f3 sobre Vehicles El\u00e8ctrics\" data-state=\"closed\">\u200b<\/span>.<\/span><\/td>\n<\/tr>\n<tr>\n<td class=\"px-sm border-subtler min-w-[48px] break-normal border-b border-r\">10<\/td>\n<td class=\"px-sm border-subtler min-w-[48px] break-normal border-b border-r\">Hyundai Inster<\/td>\n<td class=\"px-sm border-subtler min-w-[48px] break-normal border-b border-r\">2.093<\/td>\n<td class=\"px-sm border-subtler min-w-[48px] break-normal border-b border-r\">Urb\u00e0 intel\u00b7ligent orientat a ciutat i entorn periurb\u00e0<\/td>\n<\/tr>\n<\/tbody>\n<\/table>\n<span style=\"font-size: inherit;\">\u200b<\/span><\/div>\n<\/div>\n<h3 class=\"mb-2 mt-4 font-display font-semimedium text-base first:mt-0\">Tesla Model 3 (8.985 unitats venudes)<\/h3>\n<p class=\"my-2 [&amp;+p]:mt-4 [&amp;_strong:has(+br)]:inline-block [&amp;_strong:has(+br)]:pb-2\">La berlina el\u00e8ctrica per excel\u00b7l\u00e8ncia lidera el r\u00e0nquing amb un disseny aerodin\u00e0mic i tecnologia puntera. Ofereix autonomies WLTP de <strong>530-750 km<\/strong> segons bateria i versi\u00f3, amb preus que parteixen de <strong>40.000-55.000 \u20ac<\/strong>. El seu consum real se situa en <strong>12-13 kWh\/100 km<\/strong>, combinat amb acceleracions impressionants de <strong>0-100 km\/h<\/strong> en <strong>3-6 segons<\/strong> i opcions de tracci\u00f3 posterior o total. Ideal per a conductors que busquen equilibri entre efici\u00e8ncia, prestacions esportives i viatges sense preocupacions.<\/p>\n<p class=\"my-2 [&amp;+p]:mt-4 [&amp;_strong:has(+br)]:inline-block [&amp;_strong:has(+br)]:pb-2\"><span class=\"inline-flex\" data-state=\"closed\">\u200b<img decoding=\"async\" class=\"alignnone size-full wp-image-245410\" src=\"https:\/\/v2charge.com\/wp-content\/uploads\/2025\/08\/mejores-coches-electricos-tesla-model-3-performance-ludicrous.jpg\" alt=\"Els 10 millors cotxes el\u00e8ctrics de 2025: guia pr\u00e0ctica per escollir el millor cotxe el\u00e8ctric qualitat-preu\" width=\"1200\" height=\"700\" srcset=\"https:\/\/v2charge.com\/wp-content\/uploads\/2025\/08\/mejores-coches-electricos-tesla-model-3-performance-ludicrous.jpg 1200w, https:\/\/v2charge.com\/wp-content\/uploads\/2025\/08\/mejores-coches-electricos-tesla-model-3-performance-ludicrous-300x175.jpg 300w, https:\/\/v2charge.com\/wp-content\/uploads\/2025\/08\/mejores-coches-electricos-tesla-model-3-performance-ludicrous-1024x597.jpg 1024w, https:\/\/v2charge.com\/wp-content\/uploads\/2025\/08\/mejores-coches-electricos-tesla-model-3-performance-ludicrous-768x448.jpg 768w, https:\/\/v2charge.com\/wp-content\/uploads\/2025\/08\/mejores-coches-electricos-tesla-model-3-performance-ludicrous-50x29.jpg 50w\" sizes=\"(max-width: 1200px) 100vw, 1200px\" \/><\/span><\/p>\n<ul>\n<li class=\"my-2 [&amp;+p]:mt-4 [&amp;_strong:has(+br)]:inline-block [&amp;_strong:has(+br)]:pb-2\"><strong>Autonomia m\u00e0xima<\/strong>: Fins a 750 km WLTP.<\/li>\n<li class=\"my-2 [&amp;+p]:mt-4 [&amp;_strong:has(+br)]:inline-block [&amp;_strong:has(+br)]:pb-2\"><strong>Consum eficient<\/strong>: 12-13 kWh\/100 km.<\/li>\n<li class=\"my-2 [&amp;+p]:mt-4 [&amp;_strong:has(+br)]:inline-block [&amp;_strong:has(+br)]:pb-2\"><strong>Prestacions<\/strong>: 0-100 km\/h en 3-6 s; fins a 250 kW DC.<\/li>\n<\/ul>\n<h3 class=\"mb-2 mt-4 font-display font-semimedium text-base first:mt-0\">KIA EV3 (5.262 unitats venudes)<\/h3>\n<p class=\"my-2 [&amp;+p]:mt-4 [&amp;_strong:has(+br)]:inline-block [&amp;_strong:has(+br)]:pb-2\">Aquest SUV compacte revoluciona el segment familiar amb autonomies de 436 km en bateria est\u00e0ndard i fins a 605 km en long range, a preus de <strong>22.000-45.000 \u20ac<\/strong> segons acabat. Registra consums de <strong>14-17 kWh\/100<\/strong> <strong>km<\/strong> i entrega uns <strong>204 CV<\/strong> amb tracci\u00f3 davantera, prioritzant comoditat i espai interior. La seva c\u00e0rrega r\u00e0pida <strong>(100-130 kW DC)<\/strong> el fa vers\u00e0til per a ciutat i carretera, amb un maleter gener\u00f3s i disseny modern.<\/p>\n<p class=\"my-2 [&amp;+p]:mt-4 [&amp;_strong:has(+br)]:inline-block [&amp;_strong:has(+br)]:pb-2\"><span aria-label=\"Els cotxes el\u00e8ctrics m\u00e9s venuts a Espanya el 2025 - LugEnergywww.lugenergy.com \u203a ... \u203a Informaci\u00f3 sobre Vehicles El\u00e8ctrics\" data-state=\"closed\"><img decoding=\"async\" class=\"alignnone size-full wp-image-228337\" src=\"https:\/\/v2charge.com\/wp-content\/uploads\/2025\/06\/kia-ev3-precio-espana-coche-electrico.jpg\" alt=\"\" width=\"960\" height=\"560\" srcset=\"https:\/\/v2charge.com\/wp-content\/uploads\/2025\/06\/kia-ev3-precio-espana-coche-electrico.jpg 960w, https:\/\/v2charge.com\/wp-content\/uploads\/2025\/06\/kia-ev3-precio-espana-coche-electrico-300x175.jpg 300w, https:\/\/v2charge.com\/wp-content\/uploads\/2025\/06\/kia-ev3-precio-espana-coche-electrico-768x448.jpg 768w, https:\/\/v2charge.com\/wp-content\/uploads\/2025\/06\/kia-ev3-precio-espana-coche-electrico-50x29.jpg 50w\" sizes=\"(max-width: 960px) 100vw, 960px\" \/>\u200b<\/span><\/p>\n<ul>\n<li class=\"my-2 [&amp;+p]:mt-4 [&amp;_strong:has(+br)]:inline-block [&amp;_strong:has(+br)]:pb-2\"><strong>Autonomia m\u00e0xima<\/strong>: 605 km WLTP (long range).<\/li>\n<li class=\"my-2 [&amp;+p]:mt-4 [&amp;_strong:has(+br)]:inline-block [&amp;_strong:has(+br)]:pb-2\"><strong>Consum<\/strong>: 14-17 kWh\/100 km.<\/li>\n<li class=\"my-2 [&amp;+p]:mt-4 [&amp;_strong:has(+br)]:inline-block [&amp;_strong:has(+br)]:pb-2\"><strong>Prestacions<\/strong>: 204 CV; 10-80% en 30 min DC.<\/li>\n<li class=\"my-2 [&amp;+p]:mt-4 [&amp;_strong:has(+br)]:inline-block [&amp;_strong:has(+br)]:pb-2\"><strong>Punt fort<\/strong>: Polival\u00e8ncia familiar a preu competitiu.<\/li>\n<\/ul>\n<h3 class=\"mb-2 mt-4 font-display font-semimedium text-base first:mt-0\">Tesla Model Y (5.177 unitats venudes)<\/h3>\n<p class=\"my-2 [&amp;+p]:mt-4 [&amp;_strong:has(+br)]:inline-block [&amp;_strong:has(+br)]:pb-2\">SUV espai\u00f3s i tecnol\u00f2gic, actualitzat per superar els <strong>600 km WLTP<\/strong> en versions top, amb <strong>preus des de 45.000-65.000 \u20ac<\/strong>. El seu consum de <strong>14-16 kWh\/100 km<\/strong> \u00e9s notable per la seva mida, impulsat per m\u00e9s de <strong>300 CV<\/strong> en variants d&#8217;alt rendiment i tracci\u00f3 total. Ofereix gran capacitat de c\u00e0rrega i acceleracions r\u00e0pides, perfecte per a fam\u00edlies que combinen \u00fas diari amb escapades llargues.<\/p>\n<p class=\"my-2 [&amp;+p]:mt-4 [&amp;_strong:has(+br)]:inline-block [&amp;_strong:has(+br)]:pb-2\"><span aria-label=\"Els cotxes el\u00e8ctrics m\u00e9s venuts a Espanya el 2025 - LugEnergywww.lugenergy.com \u203a ... \u203a Informaci\u00f3 sobre Vehicles El\u00e8ctrics\" data-state=\"closed\"><img decoding=\"async\" class=\"alignnone size-full wp-image-245421\" src=\"https:\/\/v2charge.com\/wp-content\/uploads\/2025\/08\/mejores-coches-electricos-tesla-model-y-juniper.jpg\" alt=\"Els 10 millors cotxes el\u00e8ctrics de 2025: guia pr\u00e0ctica per escollir el millor cotxe el\u00e8ctric qualitat-preu\" width=\"960\" height=\"560\" srcset=\"https:\/\/v2charge.com\/wp-content\/uploads\/2025\/08\/mejores-coches-electricos-tesla-model-y-juniper.jpg 960w, https:\/\/v2charge.com\/wp-content\/uploads\/2025\/08\/mejores-coches-electricos-tesla-model-y-juniper-300x175.jpg 300w, https:\/\/v2charge.com\/wp-content\/uploads\/2025\/08\/mejores-coches-electricos-tesla-model-y-juniper-768x448.jpg 768w, https:\/\/v2charge.com\/wp-content\/uploads\/2025\/08\/mejores-coches-electricos-tesla-model-y-juniper-50x29.jpg 50w\" sizes=\"(max-width: 960px) 100vw, 960px\" \/>\u200b<\/span><\/p>\n<ul>\n<li class=\"my-2 [&amp;+p]:mt-4 [&amp;_strong:has(+br)]:inline-block [&amp;_strong:has(+br)]:pb-2\"><strong>Autonomia m\u00e0xima<\/strong>: 600+ km WLTP.<\/li>\n<li class=\"my-2 [&amp;+p]:mt-4 [&amp;_strong:has(+br)]:inline-block [&amp;_strong:has(+br)]:pb-2\"><strong>Consum<\/strong>: 14-16 kWh\/100 km.<\/li>\n<li class=\"my-2 [&amp;+p]:mt-4 [&amp;_strong:has(+br)]:inline-block [&amp;_strong:has(+br)]:pb-2\"><strong>Prestacions<\/strong>: &gt;300 CV; corbes de c\u00e0rrega r\u00e0pides.<\/li>\n<\/ul>\n<h3 class=\"mb-2 mt-4 font-display font-semimedium text-base first:mt-0\">Renault 5 E-Tech El\u00e8ctric (3.919 unitats venudes)<\/h3>\n<p class=\"my-2 [&amp;+p]:mt-4 [&amp;_strong:has(+br)]:inline-block [&amp;_strong:has(+br)]:pb-2\">Revive l&#8217;icona urbana amb autonomies de <strong>300-400+ km<\/strong> i preus accessibles de <strong>23.000-30.000 \u20ac<\/strong>. Pot\u00e8ncies entre <strong>95-150 CV<\/strong> el orienten a ciutat, amb consums baixos i maniobrabilitat excepcional. Suporta fins a <strong>100 kW DC<\/strong> per a viatges interurbans, destacant pel seu disseny retro-modern i efici\u00e8ncia en entorns quotidians.<\/p>\n<p><img decoding=\"async\" class=\"alignnone size-full wp-image-216987\" src=\"https:\/\/v2charge.com\/wp-content\/uploads\/2025\/04\/renault-5-electrico-colores.jpg\" alt=\"\" width=\"960\" height=\"560\" srcset=\"https:\/\/v2charge.com\/wp-content\/uploads\/2025\/04\/renault-5-electrico-colores.jpg 960w, https:\/\/v2charge.com\/wp-content\/uploads\/2025\/04\/renault-5-electrico-colores-300x175.jpg 300w, https:\/\/v2charge.com\/wp-content\/uploads\/2025\/04\/renault-5-electrico-colores-768x448.jpg 768w, https:\/\/v2charge.com\/wp-content\/uploads\/2025\/04\/renault-5-electrico-colores-50x29.jpg 50w\" sizes=\"(max-width: 960px) 100vw, 960px\" \/><\/p>\n<ul>\n<li class=\"my-2 [&amp;+p]:mt-4 [&amp;_strong:has(+br)]:inline-block [&amp;_strong:has(+br)]:pb-2\"><strong>Autonomia m\u00e0xima<\/strong>: 400+ km WLTP.<\/li>\n<li class=\"my-2 [&amp;+p]:mt-4 [&amp;_strong:has(+br)]:inline-block [&amp;_strong:has(+br)]:pb-2\"><strong>Consum<\/strong>: Molt baix en urb\u00e0.<\/li>\n<li class=\"my-2 [&amp;+p]:mt-4 [&amp;_strong:has(+br)]:inline-block [&amp;_strong:has(+br)]:pb-2\"><strong>Prestacions<\/strong>: 95-150 CV; \u00e0gil a ciutat.<\/li>\n<\/ul>\n<h3 class=\"mb-2 mt-4 font-display font-semimedium text-base first:mt-0\">BYD Dolphin Surf (3.484 unitats venudes)<\/h3>\n<p class=\"my-2 [&amp;+p]:mt-4 [&amp;_strong:has(+br)]:inline-block [&amp;_strong:has(+br)]:pb-2\">Compacte assequible amb <strong>265-320 km WLTP<\/strong> i <strong>preus de 19.000-27.000 \u20ac<\/strong>, equipa <strong>90-150 CV<\/strong> per a agilitat urbana. El seu consum eficient i c\u00e0rrega de <strong>65-85 kW DC<\/strong> el posicionen com a opci\u00f3 econ\u00f2mica, amb bon equipament de s\u00e8rie i enfocament en mobilitat di\u00e0ria sense complicacions.<\/p>\n<p class=\"my-2 [&amp;+p]:mt-4 [&amp;_strong:has(+br)]:inline-block [&amp;_strong:has(+br)]:pb-2\"><span aria-label=\"Els cotxes el\u00e8ctrics m\u00e9s venuts a Espanya el 2025 - LugEnergywww.lugenergy.com \u203a ... \u203a Informaci\u00f3 sobre Vehicles El\u00e8ctrics\" data-state=\"closed\"><img decoding=\"async\" class=\"alignnone size-full wp-image-290527\" src=\"https:\/\/v2charge.com\/wp-content\/uploads\/2025\/12\/byd-dolphin-surf-precio-modelos.jpg\" alt=\"Tot sobre el BYD Dolphin Surf, preus, caracter\u00edstiques i m\u00e9s, sobre un dels vehicles el\u00e8ctrics m\u00e9s venuts a Espanya.\" width=\"960\" height=\"560\" srcset=\"https:\/\/v2charge.com\/wp-content\/uploads\/2025\/12\/byd-dolphin-surf-precio-modelos.jpg 960w, https:\/\/v2charge.com\/wp-content\/uploads\/2025\/12\/byd-dolphin-surf-precio-modelos-300x175.jpg 300w, https:\/\/v2charge.com\/wp-content\/uploads\/2025\/12\/byd-dolphin-surf-precio-modelos-768x448.jpg 768w, https:\/\/v2charge.com\/wp-content\/uploads\/2025\/12\/byd-dolphin-surf-precio-modelos-50x29.jpg 50w\" sizes=\"(max-width: 960px) 100vw, 960px\" \/>\u200b<\/span><\/p>\n<ul>\n<li class=\"my-2 [&amp;+p]:mt-4 [&amp;_strong:has(+br)]:inline-block [&amp;_strong:has(+br)]:pb-2\"><strong>Autonomia m\u00e0xima<\/strong>: 320 km WLTP.<\/li>\n<li class=\"my-2 [&amp;+p]:mt-4 [&amp;_strong:has(+br)]:inline-block [&amp;_strong:has(+br)]:pb-2\"><strong>Consum<\/strong>: Eficient a ciutat.<\/li>\n<li class=\"my-2 [&amp;+p]:mt-4 [&amp;_strong:has(+br)]:inline-block [&amp;_strong:has(+br)]:pb-2\"><strong>Prestacions<\/strong>: 90-150 CV; resposta \u00e0gil.<\/li>\n<\/ul>\n<h3 class=\"mb-2 mt-4 font-display font-semimedium text-base first:mt-0\">Toyota bZ4X (2.646 unitats venudes)<\/h3>\n<p class=\"my-2 [&amp;+p]:mt-4 [&amp;_strong:has(+br)]:inline-block [&amp;_strong:has(+br)]:pb-2\">SUV fiable amb <strong>450-570 km WLTP<\/strong> i preus de <strong>39.000-55.000 \u20ac<\/strong>, <strong>entrega 220-340 CV<\/strong> en versions AWD. Consum contingut per a la seva categoria i fins a <strong>150 kW DC<\/strong> l&#8217;adapten a carretera, prioritzant confort, espai i seguretat en viatges extensos.<\/p>\n<p class=\"my-2 [&amp;+p]:mt-4 [&amp;_strong:has(+br)]:inline-block [&amp;_strong:has(+br)]:pb-2\"><span aria-label=\"Els cotxes el\u00e8ctrics m\u00e9s venuts a Espanya el 2025 - LugEnergywww.lugenergy.com \u203a ... \u203a Informaci\u00f3 sobre Vehicles El\u00e8ctrics\" data-state=\"closed\">\u200b<img decoding=\"async\" class=\"alignnone size-full wp-image-236542\" src=\"https:\/\/v2charge.com\/wp-content\/uploads\/2025\/07\/toyota-bz4x-precio-4x4-electrico-vivienda.jpg\" alt=\"Nou Toyota bZ4X 2025: Preu, autonomia i totes les caracter\u00edstiques del 4x4 el\u00e8ctric de Toyota\" width=\"960\" height=\"560\" srcset=\"https:\/\/v2charge.com\/wp-content\/uploads\/2025\/07\/toyota-bz4x-precio-4x4-electrico-vivienda.jpg 960w, https:\/\/v2charge.com\/wp-content\/uploads\/2025\/07\/toyota-bz4x-precio-4x4-electrico-vivienda-300x175.jpg 300w, https:\/\/v2charge.com\/wp-content\/uploads\/2025\/07\/toyota-bz4x-precio-4x4-electrico-vivienda-768x448.jpg 768w, https:\/\/v2charge.com\/wp-content\/uploads\/2025\/07\/toyota-bz4x-precio-4x4-electrico-vivienda-50x29.jpg 50w\" sizes=\"(max-width: 960px) 100vw, 960px\" \/><\/span><\/p>\n<ul>\n<li class=\"my-2 [&amp;+p]:mt-4 [&amp;_strong:has(+br)]:inline-block [&amp;_strong:has(+br)]:pb-2\"><strong>Autonomia m\u00e0xima<\/strong>: 570 km WLTP.<\/li>\n<li class=\"my-2 [&amp;+p]:mt-4 [&amp;_strong:has(+br)]:inline-block [&amp;_strong:has(+br)]:pb-2\"><strong>Consum<\/strong>: Baix per a SUV gran.<\/li>\n<li class=\"my-2 [&amp;+p]:mt-4 [&amp;_strong:has(+br)]:inline-block [&amp;_strong:has(+br)]:pb-2\"><strong>Prestacions<\/strong>: 220-340 CV; tracci\u00f3 total.<\/li>\n<\/ul>\n<h3 class=\"mb-2 mt-4 font-display font-semimedium text-base first:mt-0\">Citro\u00ebn \u00eb-C3 (2.553 unitats venudes)<\/h3>\n<p class=\"my-2 [&amp;+p]:mt-4 [&amp;_strong:has(+br)]:inline-block [&amp;_strong:has(+br)]:pb-2\">Urb\u00e0 democr\u00e0tic amb <strong>~300 km WLTP<\/strong> a <strong>16.000-22.000 \u20ac<\/strong> amb ajudes, i <strong>110-115 CV<\/strong> suficients per a ciutat. Baix consum i <strong>100 kW DC<\/strong> el fan pr\u00e0ctic, amb costos d&#8217;\u00fas m\u00ednims i disseny accessible.<\/p>\n<p class=\"my-2 [&amp;+p]:mt-4 [&amp;_strong:has(+br)]:inline-block [&amp;_strong:has(+br)]:pb-2\"><span aria-label=\"Els cotxes el\u00e8ctrics m\u00e9s venuts a Espanya el 2025 - LugEnergywww.lugenergy.com \u203a ... \u203a Informaci\u00f3 sobre Vehicles El\u00e8ctrics\" data-state=\"closed\"><img decoding=\"async\" class=\"alignnone size-full wp-image-170701\" src=\"https:\/\/v2charge.com\/wp-content\/uploads\/2024\/07\/citroen-c3-aircross-precio.jpg\" alt=\"Citro\u00ebn C3 El\u00e8ctric 2024: La Nova Apostar de Citro\u00ebn per la Mobilitat Sostenible\" width=\"960\" height=\"560\" srcset=\"https:\/\/v2charge.com\/wp-content\/uploads\/2024\/07\/citroen-c3-aircross-precio.jpg 960w, https:\/\/v2charge.com\/wp-content\/uploads\/2024\/07\/citroen-c3-aircross-precio-300x175.jpg 300w, https:\/\/v2charge.com\/wp-content\/uploads\/2024\/07\/citroen-c3-aircross-precio-768x448.jpg 768w\" sizes=\"(max-width: 960px) 100vw, 960px\" \/>\u200b<\/span><\/p>\n<ul>\n<li class=\"my-2 [&amp;+p]:mt-4 [&amp;_strong:has(+br)]:inline-block [&amp;_strong:has(+br)]:pb-2\"><strong>Autonomia m\u00e0xima<\/strong>: 300 km WLTP.<\/li>\n<li class=\"my-2 [&amp;+p]:mt-4 [&amp;_strong:has(+br)]:inline-block [&amp;_strong:has(+br)]:pb-2\"><strong>Consum<\/strong>: Molt econ\u00f2mic.<\/li>\n<li class=\"my-2 [&amp;+p]:mt-4 [&amp;_strong:has(+br)]:inline-block [&amp;_strong:has(+br)]:pb-2\"><strong>Prestacions<\/strong>: 110-115 CV; urb\u00e0 pur.<\/li>\n<\/ul>\n<h3 class=\"mb-2 mt-4 font-display font-semimedium text-base first:mt-0\">BYD Atto 3 (2.319 unitats venudes)<\/h3>\n<p class=\"my-2 [&amp;+p]:mt-4 [&amp;_strong:has(+br)]:inline-block [&amp;_strong:has(+br)]:pb-2\">SUV del segment C amb <strong>~420 km WLTP i 33.000-40.000 \u20ac<\/strong>, ofereix <strong>200 CV<\/strong> enfocats en confort. C\u00e0rrega de <strong>90-100 kW DC<\/strong> i espai familiar el destaquen en \u00fas mixt.<\/p>\n<p class=\"my-2 [&amp;+p]:mt-4 [&amp;_strong:has(+br)]:inline-block [&amp;_strong:has(+br)]:pb-2\"><span aria-label=\"Els cotxes el\u00e8ctrics m\u00e9s venuts a Espanya el 2025 - LugEnergywww.lugenergy.com \u203a ... \u203a Informaci\u00f3 sobre Vehicles El\u00e8ctrics\" data-state=\"closed\"><img decoding=\"async\" class=\"alignnone size-full wp-image-223671\" src=\"https:\/\/v2charge.com\/wp-content\/uploads\/2025\/05\/precio-byd-modelos-coche-electrico-hibrido-byd-atto-3.jpg\" alt=\"Preus BYD el 2025: An\u00e0lisi complet i solucions de c\u00e0rrega eficients\" width=\"960\" height=\"560\" srcset=\"https:\/\/v2charge.com\/wp-content\/uploads\/2025\/05\/precio-byd-modelos-coche-electrico-hibrido-byd-atto-3.jpg 960w, https:\/\/v2charge.com\/wp-content\/uploads\/2025\/05\/precio-byd-modelos-coche-electrico-hibrido-byd-atto-3-300x175.jpg 300w, https:\/\/v2charge.com\/wp-content\/uploads\/2025\/05\/precio-byd-modelos-coche-electrico-hibrido-byd-atto-3-768x448.jpg 768w, https:\/\/v2charge.com\/wp-content\/uploads\/2025\/05\/precio-byd-modelos-coche-electrico-hibrido-byd-atto-3-50x29.jpg 50w\" sizes=\"(max-width: 960px) 100vw, 960px\" \/>\u200b<\/span><\/p>\n<ul>\n<li class=\"my-2 [&amp;+p]:mt-4 [&amp;_strong:has(+br)]:inline-block [&amp;_strong:has(+br)]:pb-2\"><strong>Autonomia m\u00e0xima<\/strong>: 420 km WLTP.<\/li>\n<li class=\"my-2 [&amp;+p]:mt-4 [&amp;_strong:has(+br)]:inline-block [&amp;_strong:has(+br)]:pb-2\"><strong>Consum<\/strong>: Eficient familiar.<\/li>\n<li class=\"my-2 [&amp;+p]:mt-4 [&amp;_strong:has(+br)]:inline-block [&amp;_strong:has(+br)]:pb-2\"><strong>Prestacions<\/strong>: 200 CV; suau a carretera.<\/li>\n<\/ul>\n<h3 class=\"mb-2 mt-4 font-display font-semimedium text-base first:mt-0\">BYD Atto 2 (2.258 unitats venudes)<\/h3>\n<p class=\"my-2 [&amp;+p]:mt-4 [&amp;_strong:has(+br)]:inline-block [&amp;_strong:has(+br)]:pb-2\">B-SUV amb <strong>~430 km WLTP a 25.000-35.000 \u20ac<\/strong>, pot\u00e8ncia interm\u00e8dia per a efici\u00e8ncia. <strong>80-90 kW DC<\/strong> i comportament noble l&#8217;adapten a diari i ocasionals.<\/p>\n<p class=\"my-2 [&amp;+p]:mt-4 [&amp;_strong:has(+br)]:inline-block [&amp;_strong:has(+br)]:pb-2\"><span aria-label=\"Els cotxes el\u00e8ctrics m\u00e9s venuts a Espanya el 2025 - LugEnergywww.lugenergy.com \u203a ... \u203a Informaci\u00f3 sobre Vehicles El\u00e8ctrics\" data-state=\"closed\"><img decoding=\"async\" class=\"alignnone size-full wp-image-223726\" src=\"https:\/\/v2charge.com\/wp-content\/uploads\/2025\/05\/precio-byd-modelos-coche-electrico-hibrido-byd-atto-2.jpg\" alt=\"Preus BYD el 2025: An\u00e0lisi complet i solucions de c\u00e0rrega eficients\" width=\"960\" height=\"560\" srcset=\"https:\/\/v2charge.com\/wp-content\/uploads\/2025\/05\/precio-byd-modelos-coche-electrico-hibrido-byd-atto-2.jpg 960w, https:\/\/v2charge.com\/wp-content\/uploads\/2025\/05\/precio-byd-modelos-coche-electrico-hibrido-byd-atto-2-300x175.jpg 300w, https:\/\/v2charge.com\/wp-content\/uploads\/2025\/05\/precio-byd-modelos-coche-electrico-hibrido-byd-atto-2-768x448.jpg 768w, https:\/\/v2charge.com\/wp-content\/uploads\/2025\/05\/precio-byd-modelos-coche-electrico-hibrido-byd-atto-2-50x29.jpg 50w\" sizes=\"(max-width: 960px) 100vw, 960px\" \/>\u200b<\/span><\/p>\n<ul>\n<li class=\"my-2 [&amp;+p]:mt-4 [&amp;_strong:has(+br)]:inline-block [&amp;_strong:has(+br)]:pb-2\"><strong>Autonomia m\u00e0xima<\/strong>: 430 km WLTP.<\/li>\n<li class=\"my-2 [&amp;+p]:mt-4 [&amp;_strong:has(+br)]:inline-block [&amp;_strong:has(+br)]:pb-2\"><strong>Consum<\/strong>: Orientat confort.<\/li>\n<li class=\"my-2 [&amp;+p]:mt-4 [&amp;_strong:has(+br)]:inline-block [&amp;_strong:has(+br)]:pb-2\"><strong>Prestacions<\/strong>: Pot\u00e8ncia mitjana; vers\u00e0til.<\/li>\n<\/ul>\n<h3 class=\"mb-2 mt-4 font-display font-semimedium text-base first:mt-0\">Hyundai Inster (2.093 unitats venudes)<\/h3>\n<p class=\"my-2 [&amp;+p]:mt-4 [&amp;_strong:has(+br)]:inline-block [&amp;_strong:has(+br)]:pb-2\">Urb\u00e0 premium amb <strong>370 km WLTP i 21.000-25.000 \u20ac, 100-115 CV<\/strong> per a periurb\u00e0. Bona habitabilitat i 80-100 kW DC en format compacte.<\/p>\n<p class=\"my-2 [&amp;+p]:mt-4 [&amp;_strong:has(+br)]:inline-block [&amp;_strong:has(+br)]:pb-2\"><span aria-label=\"Els cotxes el\u00e8ctrics m\u00e9s venuts a Espanya el 2025 - LugEnergywww.lugenergy.com \u203a ... \u203a Informaci\u00f3 sobre Vehicles El\u00e8ctrics\" data-state=\"closed\"><img decoding=\"async\" class=\"alignnone size-full wp-image-244138\" src=\"https:\/\/v2charge.com\/wp-content\/uploads\/2025\/08\/coches-electricos-baratos-hyundai-inster-electrico.jpg\" alt=\"\" width=\"960\" height=\"560\" srcset=\"https:\/\/v2charge.com\/wp-content\/uploads\/2025\/08\/coches-electricos-baratos-hyundai-inster-electrico.jpg 960w, https:\/\/v2charge.com\/wp-content\/uploads\/2025\/08\/coches-electricos-baratos-hyundai-inster-electrico-300x175.jpg 300w, https:\/\/v2charge.com\/wp-content\/uploads\/2025\/08\/coches-electricos-baratos-hyundai-inster-electrico-768x448.jpg 768w, https:\/\/v2charge.com\/wp-content\/uploads\/2025\/08\/coches-electricos-baratos-hyundai-inster-electrico-50x29.jpg 50w\" sizes=\"(max-width: 960px) 100vw, 960px\" \/>\u200b<\/span><\/p>\n<ul>\n<li class=\"my-2 [&amp;+p]:mt-4 [&amp;_strong:has(+br)]:inline-block [&amp;_strong:has(+br)]:pb-2\"><strong>Autonomia m\u00e0xima<\/strong>: 370 km WLTP.<\/li>\n<li class=\"my-2 [&amp;+p]:mt-4 [&amp;_strong:has(+br)]:inline-block [&amp;_strong:has(+br)]:pb-2\"><strong>Consum<\/strong>: Baix periurb\u00e0.<\/li>\n<li class=\"my-2 [&amp;+p]:mt-4 [&amp;_strong:has(+br)]:inline-block [&amp;_strong:has(+br)]:pb-2\"><strong>Prestacions<\/strong>: 100-115 CV; pr\u00e0ctic.<\/li>\n<\/ul>\n<h2 class=\"mb-2 mt-4 font-display font-semimedium text-base first:mt-0\">Quins factors expliquen l&#8217;\u00e8xit dels cotxes el\u00e8ctrics m\u00e9s venuts?<\/h2>\n<p class=\"my-2 [&amp;+p]:mt-4 [&amp;_strong:has(+br)]:inline-block [&amp;_strong:has(+br)]:pb-2\">El creixement del mercat el\u00e8ctric respon a tres impulsors clau. A <strong>V2C<\/strong>, els observem com a senyals de maduresa de l&#8217;ecosistema:<\/p>\n<ul>\n<li class=\"my-2 [&amp;+p]:mt-4 [&amp;_strong:has(+br)]:inline-block [&amp;_strong:has(+br)]:pb-2\"><strong>Major autonomia real.<\/strong> La tecnologia de bateries permet autonomies per sobre dels 500\u202fkm, reduint l&#8217;ansietat de c\u00e0rrega.<\/li>\n<li class=\"my-2 [&amp;+p]:mt-4 [&amp;_strong:has(+br)]:inline-block [&amp;_strong:has(+br)]:pb-2\"><strong>Expansi\u00f3 de la infraestructura de c\u00e0rrega.<\/strong> La creixent disponibilitat de <strong>carregadors de cotxe el\u00e8ctric<\/strong> dom\u00e8stics facilita una experi\u00e8ncia pr\u00e0ctica i assequible.<\/li>\n<li class=\"my-2 [&amp;+p]:mt-4 [&amp;_strong:has(+br)]:inline-block [&amp;_strong:has(+br)]:pb-2\"><strong>Suport p\u00fablic.<\/strong> Les <strong>ajudes per instal\u00b7lar carregador cotxe el\u00e8ctric<\/strong>, juntament amb els incentius a la mobilitat sostenible, impulsen l&#8217;acc\u00e9s generalitzat a aquesta tecnologia.<\/li>\n<\/ul>\n<p class=\"my-2 [&amp;+p]:mt-4 [&amp;_strong:has(+br)]:inline-block [&amp;_strong:has(+br)]:pb-2\">Aquesta combinaci\u00f3 d&#8217;innovaci\u00f3 i suport ha perm\u00e8s consolidar el vehicle el\u00e8ctric com una alternativa quotidiana tant en entorns urbans com interurbans.<\/p>\n<p><\/p>\n<figure class=\"wp-block-image\"><a href=\"https:\/\/v2charge.com\/store\/es\/es\/producto\/trydan\/\"><img decoding=\"async\" width=\"818\" height=\"818\" class=\"wp-image-244163\" src=\"https:\/\/v2charge.com\/wp-content\/uploads\/2025\/08\/cargador-coche-electrico-mas-inteligente-descubre-trydan.jpg\" alt=\"\" srcset=\"https:\/\/v2charge.com\/wp-content\/uploads\/2025\/08\/cargador-coche-electrico-mas-inteligente-descubre-trydan.jpg 818w, https:\/\/v2charge.com\/wp-content\/uploads\/2025\/08\/cargador-coche-electrico-mas-inteligente-descubre-trydan-300x300.jpg 300w, https:\/\/v2charge.com\/wp-content\/uploads\/2025\/08\/cargador-coche-electrico-mas-inteligente-descubre-trydan-150x150.jpg 150w, https:\/\/v2charge.com\/wp-content\/uploads\/2025\/08\/cargador-coche-electrico-mas-inteligente-descubre-trydan-768x768.jpg 768w, https:\/\/v2charge.com\/wp-content\/uploads\/2025\/08\/cargador-coche-electrico-mas-inteligente-descubre-trydan-50x50.jpg 50w\" sizes=\"(max-width: 818px) 100vw, 818px\" \/><\/a><\/figure>\n<p><\/p>\n<h2 class=\"mb-2 mt-4 font-display font-semimedium text-base first:mt-0\">Quin \u00e9s el millor cotxe el\u00e8ctric a Espanya ara mateix?<\/h2>\n<p class=\"my-2 [&amp;+p]:mt-4 [&amp;_strong:has(+br)]:inline-block [&amp;_strong:has(+br)]:pb-2\">La resposta dep\u00e8n del perfil del conductor. Alguns prioritzen l&#8217;autonomia, altres busquen efici\u00e8ncia o preu. El que s\u00ed est\u00e0 clar \u00e9s que la instal\u00b7laci\u00f3 d&#8217;un sistema de rec\u00e0rrega adequat \u00e9s el veritable factor que maximitza l&#8217;experi\u00e8ncia.<\/p>\n<p class=\"my-2 [&amp;+p]:mt-4 [&amp;_strong:has(+br)]:inline-block [&amp;_strong:has(+br)]:pb-2\">Els conductors valoren especialment:<\/p>\n<ul>\n<li class=\"my-2 [&amp;+p]:mt-4 [&amp;_strong:has(+br)]:inline-block [&amp;_strong:has(+br)]:pb-2\">Autonomia real superior a <strong>400\u202fkm<\/strong>.<\/li>\n<li class=\"my-2 [&amp;+p]:mt-4 [&amp;_strong:has(+br)]:inline-block [&amp;_strong:has(+br)]:pb-2\">Preu competitiu, especialment amb <strong>ajudes per comprar cotxe h\u00edbrid<\/strong> o el\u00e8ctric.<\/li>\n<li class=\"my-2 [&amp;+p]:mt-4 [&amp;_strong:has(+br)]:inline-block [&amp;_strong:has(+br)]:pb-2\">Baix consum energ\u00e8tic (menys de <strong>15\u202fkWh\/100\u202fkm<\/strong>).<\/li>\n<li class=\"my-2 [&amp;+p]:mt-4 [&amp;_strong:has(+br)]:inline-block [&amp;_strong:has(+br)]:pb-2\">Possibilitat de rec\u00e0rrega r\u00e0pida i segura en l&#8217;entorn dom\u00e8stic o laboral.<\/li>\n<\/ul>\n<h2 class=\"mb-2 mt-4 font-display font-semimedium text-base first:mt-0\">La infraestructura de c\u00e0rrega, motor de la mobilitat el\u00e8ctrica<\/h2>\n<p class=\"my-2 [&amp;+p]:mt-4 [&amp;_strong:has(+br)]:inline-block [&amp;_strong:has(+br)]:pb-2\">L&#8217;auge dels <strong>cotxes el\u00e8ctrics m\u00e9s venuts a Espanya<\/strong> no s&#8217;entendria sense una xarxa de c\u00e0rrega robusta i eficient. A <strong>V2C<\/strong> <strong>apostem per solucions tecnol\u00f2giques de c\u00e0rrega intel\u00b7ligent<\/strong> que optimitzen el consum energ\u00e8tic i s&#8217;integren en llars, empreses i flotes professionals.<\/p>\n<p class=\"my-2 [&amp;+p]:mt-4 [&amp;_strong:has(+br)]:inline-block [&amp;_strong:has(+br)]:pb-2\">Disposar d&#8217;un carregador de cotxe el\u00e8ctric V2C permet <strong>carregar de manera segura<\/strong>, <strong>programar horaris vall<\/strong> i <strong>monitoritzar l&#8217;energia en temps real<\/strong>. A m\u00e9s, les nostres solucions completes d&#8217;<strong>instal\u00b7laci\u00f3 de carregador de cotxe el\u00e8ctric<\/strong> inclouen estudi t\u00e8cnic, instal\u00b7laci\u00f3 professional i assist\u00e8ncia cont\u00ednua a Espanya.<\/p>\n<h2 class=\"mb-2 mt-4 font-display font-semimedium text-base first:mt-0\">Troba el teu instal\u00b7ladors V2C m\u00e9s proper<\/h2>\n<p class=\"my-2 [&amp;+p]:mt-4 [&amp;_strong:has(+br)]:inline-block [&amp;_strong:has(+br)]:pb-2\">La rec\u00e0rrega dom\u00e8stica \u00e9s el pas definitiu cap a una mobilitat eficient i lliure d&#8217;emissions. A <strong>V2C<\/strong>, t&#8217;ajudem a fer-ho amb tecnologia desenvolupada i produ\u00efda a Espanya.<\/p>\n<p class=\"my-2 [&amp;+p]:mt-4 [&amp;_strong:has(+br)]:inline-block [&amp;_strong:has(+br)]:pb-2\">Si est\u00e0s pensant a sumar-te al canvi, troba el teu <strong><a href=\"https:\/\/v2charge.com\/ca\/troba-instalador\/\">instal\u00b7lador de punt de rec\u00e0rrega<\/a> V2C<\/strong> i descobreix com fer que la teva energia treballi per tu.<\/p>\n<figure class=\"wp-block-image\"><a href=\"https:\/\/v2charge.com\/ca\/troba-instalador\/\"><img decoding=\"async\" width=\"960\" height=\"960\" src=\"https:\/\/v2charge.com\/wp-content\/uploads\/2025\/08\/buscas-instalador-cargador-coche-electrico.jpg\" alt=\"Encuentra tu instalador de cargador de coche el\u00e9ctrico\" class=\"wp-image-243962\" srcset=\"https:\/\/v2charge.com\/wp-content\/uploads\/2025\/08\/buscas-instalador-cargador-coche-electrico.jpg 960w, https:\/\/v2charge.com\/wp-content\/uploads\/2025\/08\/buscas-instalador-cargador-coche-electrico-300x300.jpg 300w, https:\/\/v2charge.com\/wp-content\/uploads\/2025\/08\/buscas-instalador-cargador-coche-electrico-150x150.jpg 150w, https:\/\/v2charge.com\/wp-content\/uploads\/2025\/08\/buscas-instalador-cargador-coche-electrico-768x768.jpg 768w, https:\/\/v2charge.com\/wp-content\/uploads\/2025\/08\/buscas-instalador-cargador-coche-electrico-50x50.jpg 50w\" sizes=\"(max-width: 960px) 100vw, 960px\" \/><\/a><\/figure>\n","protected":false},"excerpt":{"rendered":"<p>El 2025, Espanya va assolir un nou fita en mobilitat el\u00e8ctrica: m\u00e9s de 102.000 cotxes el\u00e8ctrics matriculats, un increment del 83\u202f% respecte a l&#8217;any anterior. Aquest avan\u00e7 confirma una tend\u00e8ncia irreversible: els conductors confien cada cop m\u00e9s en l&#8217;energia neta i en la tecnologia de c\u00e0rrega intel\u00b7ligent. A V2C, com a fabricants de carregadors de &#8230; <a title=\"Els cotxes el\u00e8ctrics m\u00e9s venuts a Espanya el 2025\" class=\"read-more\" href=\"https:\/\/v2charge.com\/ca\/els-cotxes-electrics-mes-venuts-a-espanya-el-2025\/\" aria-label=\"M\u00e9s informaci\u00f3 sobre Els cotxes el\u00e8ctrics m\u00e9s venuts a Espanya el 2025\">Llegiu m\u00e9s<\/a><\/p>\n","protected":false},"author":400,"featured_media":291771,"comment_status":"closed","ping_status":"closed","sticky":false,"template":"","format":"standard","meta":{"_eb_attr":"","content-type":"","_uag_custom_page_level_css":"","footnotes":""},"categories":[],"tags":[],"class_list":["post-310362","post","type-post","status-publish","format-standard","has-post-thumbnail","hentry"],"yoast_head":"<!-- This site is optimized with the Yoast SEO plugin v25.3.1 - https:\/\/yoast.com\/wordpress\/plugins\/seo\/ -->\n<title>Top 10 cotxes el\u00e8ctrics m\u00e9s venuts a Espanya 2025<\/title>\n<meta name=\"description\" content=\"Ranking actualitzat dels cotxes el\u00e8ctrics l\u00edders en vendes a Espanya durant 2025, autonomia, preus i caracter\u00edstiques t\u00e8cniques.\" \/>\n<meta name=\"robots\" content=\"index, follow, max-snippet:-1, max-image-preview:large, max-video-preview:-1\" \/>\n<link rel=\"canonical\" href=\"https:\/\/v2charge.com\/ca\/els-cotxes-electrics-mes-venuts-a-espanya-el-2025\/\" \/>\n<meta property=\"og:locale\" content=\"ca_ES\" \/>\n<meta property=\"og:type\" content=\"article\" \/>\n<meta property=\"og:title\" content=\"Top 10 cotxes el\u00e8ctrics m\u00e9s venuts a Espanya 2025\" \/>\n<meta property=\"og:description\" content=\"Ranking actualitzat dels cotxes el\u00e8ctrics l\u00edders en vendes a Espanya durant 2025, autonomia, preus i caracter\u00edstiques t\u00e8cniques.\" \/>\n<meta property=\"og:url\" content=\"https:\/\/v2charge.com\/ca\/els-cotxes-electrics-mes-venuts-a-espanya-el-2025\/\" \/>\n<meta property=\"og:site_name\" content=\"V2C\" \/>\n<meta property=\"article:publisher\" content=\"https:\/\/www.facebook.com\/V2C.Charge\" \/>\n<meta property=\"article:published_time\" content=\"2025-12-30T07:30:00+00:00\" \/>\n<meta property=\"og:image\" content=\"https:\/\/v2charge.com\/wp-content\/uploads\/2025\/12\/coches-electricos-mas-vendidos-espana.jpg\" \/>\n\t<meta property=\"og:image:width\" content=\"960\" \/>\n\t<meta property=\"og:image:height\" content=\"560\" \/>\n\t<meta property=\"og:image:type\" content=\"image\/jpeg\" \/>\n<meta name=\"author\" content=\"V2C\" \/>\n<meta name=\"twitter:card\" content=\"summary_large_image\" \/>\n<meta name=\"twitter:creator\" content=\"@V2C_Charge\" \/>\n<meta name=\"twitter:site\" content=\"@V2C_Charge\" \/>\n<meta name=\"twitter:label1\" content=\"Escrit per\" \/>\n\t<meta name=\"twitter:data1\" content=\"V2C\" \/>\n\t<meta name=\"twitter:label2\" content=\"Temps estimat de lectura\" \/>\n\t<meta name=\"twitter:data2\" content=\"9 minuts\" \/>\n<script type=\"application\/ld+json\" class=\"yoast-schema-graph\">{\"@context\":\"https:\/\/schema.org\",\"@graph\":[{\"@type\":\"Article\",\"@id\":\"https:\/\/v2charge.com\/ca\/els-cotxes-electrics-mes-venuts-a-espanya-el-2025\/#article\",\"isPartOf\":{\"@id\":\"https:\/\/v2charge.com\/ca\/els-cotxes-electrics-mes-venuts-a-espanya-el-2025\/\"},\"author\":{\"name\":\"V2C\",\"@id\":\"https:\/\/v2charge.com\/ca\/#\/schema\/person\/d6f210a94a856acdddec347b2127fd0f\"},\"headline\":\"Els cotxes el\u00e8ctrics m\u00e9s venuts a Espanya el 2025\",\"datePublished\":\"2025-12-30T07:30:00+00:00\",\"mainEntityOfPage\":{\"@id\":\"https:\/\/v2charge.com\/ca\/els-cotxes-electrics-mes-venuts-a-espanya-el-2025\/\"},\"wordCount\":1475,\"publisher\":{\"@id\":\"https:\/\/v2charge.com\/ca\/#organization\"},\"image\":{\"@id\":\"https:\/\/v2charge.com\/ca\/els-cotxes-electrics-mes-venuts-a-espanya-el-2025\/#primaryimage\"},\"thumbnailUrl\":\"https:\/\/v2charge.com\/wp-content\/uploads\/2025\/12\/coches-electricos-mas-vendidos-espana.jpg\",\"inLanguage\":\"ca\"},{\"@type\":\"WebPage\",\"@id\":\"https:\/\/v2charge.com\/ca\/els-cotxes-electrics-mes-venuts-a-espanya-el-2025\/\",\"url\":\"https:\/\/v2charge.com\/ca\/els-cotxes-electrics-mes-venuts-a-espanya-el-2025\/\",\"name\":\"Top 10 cotxes el\u00e8ctrics m\u00e9s venuts a Espanya 2025\",\"isPartOf\":{\"@id\":\"https:\/\/v2charge.com\/ca\/#website\"},\"primaryImageOfPage\":{\"@id\":\"https:\/\/v2charge.com\/ca\/els-cotxes-electrics-mes-venuts-a-espanya-el-2025\/#primaryimage\"},\"image\":{\"@id\":\"https:\/\/v2charge.com\/ca\/els-cotxes-electrics-mes-venuts-a-espanya-el-2025\/#primaryimage\"},\"thumbnailUrl\":\"https:\/\/v2charge.com\/wp-content\/uploads\/2025\/12\/coches-electricos-mas-vendidos-espana.jpg\",\"datePublished\":\"2025-12-30T07:30:00+00:00\",\"description\":\"Ranking actualitzat dels cotxes el\u00e8ctrics l\u00edders en vendes a Espanya durant 2025, autonomia, preus i caracter\u00edstiques t\u00e8cniques.\",\"breadcrumb\":{\"@id\":\"https:\/\/v2charge.com\/ca\/els-cotxes-electrics-mes-venuts-a-espanya-el-2025\/#breadcrumb\"},\"inLanguage\":\"ca\",\"potentialAction\":[{\"@type\":\"ReadAction\",\"target\":[\"https:\/\/v2charge.com\/ca\/els-cotxes-electrics-mes-venuts-a-espanya-el-2025\/\"]}]},{\"@type\":\"ImageObject\",\"inLanguage\":\"ca\",\"@id\":\"https:\/\/v2charge.com\/ca\/els-cotxes-electrics-mes-venuts-a-espanya-el-2025\/#primaryimage\",\"url\":\"https:\/\/v2charge.com\/wp-content\/uploads\/2025\/12\/coches-electricos-mas-vendidos-espana.jpg\",\"contentUrl\":\"https:\/\/v2charge.com\/wp-content\/uploads\/2025\/12\/coches-electricos-mas-vendidos-espana.jpg\",\"width\":960,\"height\":560},{\"@type\":\"BreadcrumbList\",\"@id\":\"https:\/\/v2charge.com\/ca\/els-cotxes-electrics-mes-venuts-a-espanya-el-2025\/#breadcrumb\",\"itemListElement\":[{\"@type\":\"ListItem\",\"position\":1,\"name\":\"V2C\",\"item\":\"https:\/\/v2charge.com\/ca\/\"},{\"@type\":\"ListItem\",\"position\":2,\"name\":\"Els cotxes el\u00e8ctrics m\u00e9s venuts a Espanya el 2025\"}]},{\"@type\":\"WebSite\",\"@id\":\"https:\/\/v2charge.com\/ca\/#website\",\"url\":\"https:\/\/v2charge.com\/ca\/\",\"name\":\"V2C\",\"description\":\"#CargandoElMa\u00f1ana\",\"publisher\":{\"@id\":\"https:\/\/v2charge.com\/ca\/#organization\"},\"potentialAction\":[{\"@type\":\"SearchAction\",\"target\":{\"@type\":\"EntryPoint\",\"urlTemplate\":\"https:\/\/v2charge.com\/ca\/?s={search_term_string}\"},\"query-input\":{\"@type\":\"PropertyValueSpecification\",\"valueRequired\":true,\"valueName\":\"search_term_string\"}}],\"inLanguage\":\"ca\"},{\"@type\":\"Organization\",\"@id\":\"https:\/\/v2charge.com\/ca\/#organization\",\"name\":\"V2C\",\"url\":\"https:\/\/v2charge.com\/ca\/\",\"logo\":{\"@type\":\"ImageObject\",\"inLanguage\":\"ca\",\"@id\":\"https:\/\/v2charge.com\/ca\/#\/schema\/logo\/image\/\",\"url\":\"https:\/\/v2charge.com\/wp-content\/uploads\/2024\/11\/cropped-v2c-charge-logo-menu.png\",\"contentUrl\":\"https:\/\/v2charge.com\/wp-content\/uploads\/2024\/11\/cropped-v2c-charge-logo-menu.png\",\"width\":984,\"height\":431,\"caption\":\"V2C\"},\"image\":{\"@id\":\"https:\/\/v2charge.com\/ca\/#\/schema\/logo\/image\/\"},\"sameAs\":[\"https:\/\/www.facebook.com\/V2C.Charge\",\"https:\/\/x.com\/V2C_Charge\",\"https:\/\/www.instagram.com\/v2c.charge\/\",\"https:\/\/www.youtube.com\/@V2C\",\"https:\/\/www.linkedin.com\/company\/v2c-chargers\/\"]},{\"@type\":\"Person\",\"@id\":\"https:\/\/v2charge.com\/ca\/#\/schema\/person\/d6f210a94a856acdddec347b2127fd0f\",\"name\":\"V2C\",\"image\":{\"@type\":\"ImageObject\",\"inLanguage\":\"ca\",\"@id\":\"https:\/\/v2charge.com\/ca\/#\/schema\/person\/image\/\",\"url\":\"https:\/\/secure.gravatar.com\/avatar\/a91128c4c0d2f4d63bd586301fdec6cc9aa49c885839b25d1c62700f529f267c?s=96&d=mm&r=g\",\"contentUrl\":\"https:\/\/secure.gravatar.com\/avatar\/a91128c4c0d2f4d63bd586301fdec6cc9aa49c885839b25d1c62700f529f267c?s=96&d=mm&r=g\",\"caption\":\"V2C\"}}]}<\/script>\n<!-- \/ Yoast SEO plugin. -->","yoast_head_json":{"title":"Top 10 cotxes el\u00e8ctrics m\u00e9s venuts a Espanya 2025","description":"Ranking actualitzat dels cotxes el\u00e8ctrics l\u00edders en vendes a Espanya durant 2025, autonomia, preus i caracter\u00edstiques t\u00e8cniques.","robots":{"index":"index","follow":"follow","max-snippet":"max-snippet:-1","max-image-preview":"max-image-preview:large","max-video-preview":"max-video-preview:-1"},"canonical":"https:\/\/v2charge.com\/ca\/els-cotxes-electrics-mes-venuts-a-espanya-el-2025\/","og_locale":"ca_ES","og_type":"article","og_title":"Top 10 cotxes el\u00e8ctrics m\u00e9s venuts a Espanya 2025","og_description":"Ranking actualitzat dels cotxes el\u00e8ctrics l\u00edders en vendes a Espanya durant 2025, autonomia, preus i caracter\u00edstiques t\u00e8cniques.","og_url":"https:\/\/v2charge.com\/ca\/els-cotxes-electrics-mes-venuts-a-espanya-el-2025\/","og_site_name":"V2C","article_publisher":"https:\/\/www.facebook.com\/V2C.Charge","article_published_time":"2025-12-30T07:30:00+00:00","og_image":[{"width":960,"height":560,"url":"https:\/\/v2charge.com\/wp-content\/uploads\/2025\/12\/coches-electricos-mas-vendidos-espana.jpg","type":"image\/jpeg"}],"author":"V2C","twitter_card":"summary_large_image","twitter_creator":"@V2C_Charge","twitter_site":"@V2C_Charge","twitter_misc":{"Escrit per":"V2C","Temps estimat de lectura":"9 minuts"},"schema":{"@context":"https:\/\/schema.org","@graph":[{"@type":"Article","@id":"https:\/\/v2charge.com\/ca\/els-cotxes-electrics-mes-venuts-a-espanya-el-2025\/#article","isPartOf":{"@id":"https:\/\/v2charge.com\/ca\/els-cotxes-electrics-mes-venuts-a-espanya-el-2025\/"},"author":{"name":"V2C","@id":"https:\/\/v2charge.com\/ca\/#\/schema\/person\/d6f210a94a856acdddec347b2127fd0f"},"headline":"Els cotxes el\u00e8ctrics m\u00e9s venuts a Espanya el 2025","datePublished":"2025-12-30T07:30:00+00:00","mainEntityOfPage":{"@id":"https:\/\/v2charge.com\/ca\/els-cotxes-electrics-mes-venuts-a-espanya-el-2025\/"},"wordCount":1475,"publisher":{"@id":"https:\/\/v2charge.com\/ca\/#organization"},"image":{"@id":"https:\/\/v2charge.com\/ca\/els-cotxes-electrics-mes-venuts-a-espanya-el-2025\/#primaryimage"},"thumbnailUrl":"https:\/\/v2charge.com\/wp-content\/uploads\/2025\/12\/coches-electricos-mas-vendidos-espana.jpg","inLanguage":"ca"},{"@type":"WebPage","@id":"https:\/\/v2charge.com\/ca\/els-cotxes-electrics-mes-venuts-a-espanya-el-2025\/","url":"https:\/\/v2charge.com\/ca\/els-cotxes-electrics-mes-venuts-a-espanya-el-2025\/","name":"Top 10 cotxes el\u00e8ctrics m\u00e9s venuts a Espanya 2025","isPartOf":{"@id":"https:\/\/v2charge.com\/ca\/#website"},"primaryImageOfPage":{"@id":"https:\/\/v2charge.com\/ca\/els-cotxes-electrics-mes-venuts-a-espanya-el-2025\/#primaryimage"},"image":{"@id":"https:\/\/v2charge.com\/ca\/els-cotxes-electrics-mes-venuts-a-espanya-el-2025\/#primaryimage"},"thumbnailUrl":"https:\/\/v2charge.com\/wp-content\/uploads\/2025\/12\/coches-electricos-mas-vendidos-espana.jpg","datePublished":"2025-12-30T07:30:00+00:00","description":"Ranking actualitzat dels cotxes el\u00e8ctrics l\u00edders en vendes a Espanya durant 2025, autonomia, preus i caracter\u00edstiques t\u00e8cniques.","breadcrumb":{"@id":"https:\/\/v2charge.com\/ca\/els-cotxes-electrics-mes-venuts-a-espanya-el-2025\/#breadcrumb"},"inLanguage":"ca","potentialAction":[{"@type":"ReadAction","target":["https:\/\/v2charge.com\/ca\/els-cotxes-electrics-mes-venuts-a-espanya-el-2025\/"]}]},{"@type":"ImageObject","inLanguage":"ca","@id":"https:\/\/v2charge.com\/ca\/els-cotxes-electrics-mes-venuts-a-espanya-el-2025\/#primaryimage","url":"https:\/\/v2charge.com\/wp-content\/uploads\/2025\/12\/coches-electricos-mas-vendidos-espana.jpg","contentUrl":"https:\/\/v2charge.com\/wp-content\/uploads\/2025\/12\/coches-electricos-mas-vendidos-espana.jpg","width":960,"height":560},{"@type":"BreadcrumbList","@id":"https:\/\/v2charge.com\/ca\/els-cotxes-electrics-mes-venuts-a-espanya-el-2025\/#breadcrumb","itemListElement":[{"@type":"ListItem","position":1,"name":"V2C","item":"https:\/\/v2charge.com\/ca\/"},{"@type":"ListItem","position":2,"name":"Els cotxes el\u00e8ctrics m\u00e9s venuts a Espanya el 2025"}]},{"@type":"WebSite","@id":"https:\/\/v2charge.com\/ca\/#website","url":"https:\/\/v2charge.com\/ca\/","name":"V2C","description":"#CargandoElMa\u00f1ana","publisher":{"@id":"https:\/\/v2charge.com\/ca\/#organization"},"potentialAction":[{"@type":"SearchAction","target":{"@type":"EntryPoint","urlTemplate":"https:\/\/v2charge.com\/ca\/?s={search_term_string}"},"query-input":{"@type":"PropertyValueSpecification","valueRequired":true,"valueName":"search_term_string"}}],"inLanguage":"ca"},{"@type":"Organization","@id":"https:\/\/v2charge.com\/ca\/#organization","name":"V2C","url":"https:\/\/v2charge.com\/ca\/","logo":{"@type":"ImageObject","inLanguage":"ca","@id":"https:\/\/v2charge.com\/ca\/#\/schema\/logo\/image\/","url":"https:\/\/v2charge.com\/wp-content\/uploads\/2024\/11\/cropped-v2c-charge-logo-menu.png","contentUrl":"https:\/\/v2charge.com\/wp-content\/uploads\/2024\/11\/cropped-v2c-charge-logo-menu.png","width":984,"height":431,"caption":"V2C"},"image":{"@id":"https:\/\/v2charge.com\/ca\/#\/schema\/logo\/image\/"},"sameAs":["https:\/\/www.facebook.com\/V2C.Charge","https:\/\/x.com\/V2C_Charge","https:\/\/www.instagram.com\/v2c.charge\/","https:\/\/www.youtube.com\/@V2C","https:\/\/www.linkedin.com\/company\/v2c-chargers\/"]},{"@type":"Person","@id":"https:\/\/v2charge.com\/ca\/#\/schema\/person\/d6f210a94a856acdddec347b2127fd0f","name":"V2C","image":{"@type":"ImageObject","inLanguage":"ca","@id":"https:\/\/v2charge.com\/ca\/#\/schema\/person\/image\/","url":"https:\/\/secure.gravatar.com\/avatar\/a91128c4c0d2f4d63bd586301fdec6cc9aa49c885839b25d1c62700f529f267c?s=96&d=mm&r=g","contentUrl":"https:\/\/secure.gravatar.com\/avatar\/a91128c4c0d2f4d63bd586301fdec6cc9aa49c885839b25d1c62700f529f267c?s=96&d=mm&r=g","caption":"V2C"}}]}},"uagb_featured_image_src":{"full":["https:\/\/v2charge.com\/wp-content\/uploads\/2025\/12\/coches-electricos-mas-vendidos-espana.jpg",960,560,false],"thumbnail":["https:\/\/v2charge.com\/wp-content\/uploads\/2025\/12\/coches-electricos-mas-vendidos-espana-150x150.jpg",150,150,true],"medium":["https:\/\/v2charge.com\/wp-content\/uploads\/2025\/12\/coches-electricos-mas-vendidos-espana-300x175.jpg",300,175,true],"medium_large":["https:\/\/v2charge.com\/wp-content\/uploads\/2025\/12\/coches-electricos-mas-vendidos-espana-768x448.jpg",768,448,true],"large":["https:\/\/v2charge.com\/wp-content\/uploads\/2025\/12\/coches-electricos-mas-vendidos-espana.jpg",960,560,false],"gs-tiny":["https:\/\/v2charge.com\/wp-content\/uploads\/2025\/12\/coches-electricos-mas-vendidos-espana-50x29.jpg",50,29,true],"xl":["https:\/\/v2charge.com\/wp-content\/uploads\/2025\/12\/coches-electricos-mas-vendidos-espana.jpg",960,560,false],"xxl":["https:\/\/v2charge.com\/wp-content\/uploads\/2025\/12\/coches-electricos-mas-vendidos-espana.jpg",960,560,false],"xxxl":["https:\/\/v2charge.com\/wp-content\/uploads\/2025\/12\/coches-electricos-mas-vendidos-espana.jpg",960,560,false],"xxxxl":["https:\/\/v2charge.com\/wp-content\/uploads\/2025\/12\/coches-electricos-mas-vendidos-espana.jpg",960,560,false],"xxxxxl":["https:\/\/v2charge.com\/wp-content\/uploads\/2025\/12\/coches-electricos-mas-vendidos-espana.jpg",960,560,false],"1536x1536":["https:\/\/v2charge.com\/wp-content\/uploads\/2025\/12\/coches-electricos-mas-vendidos-espana.jpg",960,560,false],"2048x2048":["https:\/\/v2charge.com\/wp-content\/uploads\/2025\/12\/coches-electricos-mas-vendidos-espana.jpg",960,560,false]},"uagb_author_info":{"display_name":"V2C","author_link":"https:\/\/v2charge.com\/ca\/author\/marketing\/"},"uagb_comment_info":0,"uagb_excerpt":"El 2025, Espanya va assolir un nou fita en mobilitat el\u00e8ctrica: m\u00e9s de 102.000 cotxes el\u00e8ctrics matriculats, un increment del 83\u202f% respecte a l&#8217;any anterior. Aquest avan\u00e7 confirma una tend\u00e8ncia irreversible: els conductors confien cada cop m\u00e9s en l&#8217;energia neta i en la tecnologia de c\u00e0rrega intel\u00b7ligent. A V2C, com a fabricants de carregadors de&hellip;","_links":{"self":[{"href":"https:\/\/v2charge.com\/ca\/wp-json\/wp\/v2\/posts\/310362","targetHints":{"allow":["GET"]}}],"collection":[{"href":"https:\/\/v2charge.com\/ca\/wp-json\/wp\/v2\/posts"}],"about":[{"href":"https:\/\/v2charge.com\/ca\/wp-json\/wp\/v2\/types\/post"}],"author":[{"embeddable":true,"href":"https:\/\/v2charge.com\/ca\/wp-json\/wp\/v2\/users\/400"}],"replies":[{"embeddable":true,"href":"https:\/\/v2charge.com\/ca\/wp-json\/wp\/v2\/comments?post=310362"}],"version-history":[{"count":0,"href":"https:\/\/v2charge.com\/ca\/wp-json\/wp\/v2\/posts\/310362\/revisions"}],"wp:featuredmedia":[{"embeddable":true,"href":"https:\/\/v2charge.com\/ca\/wp-json\/wp\/v2\/media\/291771"}],"wp:attachment":[{"href":"https:\/\/v2charge.com\/ca\/wp-json\/wp\/v2\/media?parent=310362"}],"wp:term":[{"taxonomy":"category","embeddable":true,"href":"https:\/\/v2charge.com\/ca\/wp-json\/wp\/v2\/categories?post=310362"},{"taxonomy":"post_tag","embeddable":true,"href":"https:\/\/v2charge.com\/ca\/wp-json\/wp\/v2\/tags?post=310362"}],"curies":[{"name":"wp","href":"https:\/\/api.w.org\/{rel}","templated":true}]}}