{"id":310376,"date":"2024-05-17T17:02:27","date_gmt":"2024-05-17T15:02:27","guid":{"rendered":""},"modified":"2024-07-08T09:51:36","modified_gmt":"2024-07-08T07:51:36","slug":"la-revolucio-agrifotovoltaica-integrar-energia-i-agricultura-a-italia","status":"publish","type":"post","link":"https:\/\/v2charge.com\/ca\/la-revolucio-agrifotovoltaica-integrar-energia-i-agricultura-a-italia\/","title":{"rendered":"La revoluci\u00f3 agrifotovoltaica: integrar energia i agricultura a It\u00e0lia"},"content":{"rendered":"<p><span style=\"font-weight: 400;\">L&#8217;energia solar ha aportat nombrosos beneficis arreu del m\u00f3n, per\u00f2 hi ha una tend\u00e8ncia emergent que combina l&#8217;agricultura amb la producci\u00f3 d&#8217;energia: l&#8217;agrifotovoltaic.<strong> Aquesta tecnologia innovadora representa una de les solucions m\u00e9s integrades entre agricultura i fotovoltaic.<\/strong> Descobrim a continuaci\u00f3 tots els detalls de l\u2019agrifotovoltaic i les seves oportunitats per a It\u00e0lia.<\/span><\/p>\n<h2>Qu\u00e8 \u00e9s l&#8217;Agrifotovoltaic<\/h2>\n<p><span style=\"font-weight: 400;\">L\u2019agrifotovoltaic, conegut tamb\u00e9 com a agrivoltaic, agri-pv i agrisolar, consisteix <strong>en la combinaci\u00f3 de la producci\u00f3 d&#8217;energia renovable amb el cultiu de terrenys agr\u00edcoles<\/strong>. A difer\u00e8ncia dels sistemes fotovoltaics tradicionals, els sistemes agrivoltaics estan dissenyats tenint en compte les necessitats dels cultius subjacents, <strong>fomentant una sinergia profitosa entre les pr\u00e0ctiques agr\u00edcoles i la generaci\u00f3 d&#8217;energia solar<\/strong>.<\/span><\/p>\n<h2>Com Funciona l&#8217;Agrifotovoltaic<\/h2>\n<p><span style=\"font-weight: 400;\">Els sistemes agrivoltaics funcionen transformant la llum solar en energia el\u00e8ctrica mitjan\u00e7ant panells fotovoltaics instal\u00b7lats sobre estructures elevades que permeten el cultiu del terreny subjacents. <strong> Aquesta configuraci\u00f3 permet que les plantes es benefici\u00efn d&#8217;un ambient protegit i regulat<\/strong>, mentre que els panells produeixen energia.<\/span><\/p>\n<h3><span style=\"font-weight: 400;\">Components Essencials de l\u2019Agrifotovoltaic<\/span><\/h3>\n<ul>\n<li style=\"font-weight: 400;\" aria-level=\"1\"><b>Fixacions<\/b><span style=\"font-weight: 400;\">: Essencials per a la posada en marxa i la construcci\u00f3 de les estructures agrifotovoltaiques, les fixacions inclouen remaches, arandeles, barres roscades i cargols. \u00c9s preferible utilitzar fixacions galvanitzades en calent per garantir la longevitat dels sistemes.<\/span><\/li>\n<li style=\"font-weight: 400;\" aria-level=\"1\"><b>M\u00f2duls Fotovoltaics<\/b><span style=\"font-weight: 400;\">: Instal\u00b7lats a una al\u00e7ada que permet les pr\u00e0ctiques agr\u00edcoles subjacents, redueixen la demanda d&#8217;aigua i l&#8217;estr\u00e8s t\u00e8rmic sobre els cultius.<\/span><\/li>\n<\/ul>\n<h2><span style=\"font-weight: 400;\">Tipologies de Sistemes Agrivoltaics<\/span><\/h2>\n<ol>\n<li style=\"font-weight: 400;\" aria-level=\"1\"><b>Hivernacles Fotovoltaics<\/b><span style=\"font-weight: 400;\">: Els hivernacles fotovoltaics utilitzen panells semi-transparents que permeten el creixement de les plantes subjacents i la producci\u00f3 d&#8217;energia el\u00e8ctrica. <strong> Aquesta tipologia permet aprofitar al m\u00e0xim la llum solar per ambdues funcions<\/strong>, sense compromisos entre agricultura i energia.<\/span><\/li>\n<li style=\"font-weight: 400;\" aria-level=\"1\"><b>Sistemes Fotovoltaics a Terra<\/b><span style=\"font-weight: 400;\">: Els sistemes fotovoltaics a terra preveuen el posicionament dels panells directament sobre el terreny, integrant-los amb altres cultius. Aquesta soluci\u00f3 \u00e9s molt difosa i permet combinar efica\u00e7ment la producci\u00f3 agr\u00edcola amb la producci\u00f3 energ\u00e8tica.<\/span><\/li>\n<li style=\"font-weight: 400;\" aria-level=\"1\"><b>Parcs Agrivoltaics<\/b><span style=\"font-weight: 400;\">: Els parcs agrivoltaics s\u00f3n grans sistemes fotovoltaics combinats amb activitats agr\u00edcoles en terrenys de baixa qualitat, no adequats per a l\u2019agricultura tradicional. Aquests sistemes fomenten l&#8217;\u00fas sostenible del terreny, permetent la producci\u00f3 d&#8217;energia neta i l\u2019activitat agr\u00edcola.<\/span><\/li>\n<\/ol>\n<h3><span style=\"font-weight: 400;\">Altres Contextos d&#8217;Aplicaci\u00f3<\/span><\/h3>\n<p><span style=\"font-weight: 400;\">Els panells solars s&#8217;instal\u00b7len principalment en \u00e0rees rurals amb al\u00e7ades i geometries que permeten el desenvolupament de les activitats agr\u00edcoles i ramaderes habituals a sota i entre les superf\u00edcies. No obstant aix\u00f2, el sistema agrifotovoltaic troba aplicaci\u00f3 tamb\u00e9 en altres contextos, incloent:<\/span><\/p>\n<ul>\n<li style=\"font-weight: 400;\" aria-level=\"1\"><b>Bassins h\u00eddrics<\/b><\/li>\n<li style=\"font-weight: 400;\" aria-level=\"1\"><b>\u00c0rees marginals, abandonades o degradades<\/b><\/li>\n<li style=\"font-weight: 400;\" aria-level=\"1\"><b>Edificis i construccions rurals d&#8217;\u00fas instrumental<\/b><\/li>\n<\/ul>\n<p><span style=\"font-weight: 400;\">Aquesta innovadora tipologia de sistema fotovoltaic troba espai tamb\u00e9 en l\u2019\u00e0mbit de les comunitats energ\u00e8tiques.<\/span><\/p>\n<p><img decoding=\"async\" class=\"alignnone wp-image-155161 size-full\" src=\"https:\/\/v2charge.com\/wp-content\/uploads\/2024\/05\/agrifotovoltaica-panelli-solare.jpg\" alt=\"Revoluci\u00f3 Agrifotovoltaica: Integrar Energia i Agricultura a It\u00e0lia\" width=\"960\" height=\"560\" srcset=\"https:\/\/v2charge.com\/wp-content\/uploads\/2024\/05\/agrifotovoltaica-panelli-solare.jpg 960w, https:\/\/v2charge.com\/wp-content\/uploads\/2024\/05\/agrifotovoltaica-panelli-solare-300x175.jpg 300w, https:\/\/v2charge.com\/wp-content\/uploads\/2024\/05\/agrifotovoltaica-panelli-solare-768x448.jpg 768w\" sizes=\"(max-width: 960px) 100vw, 960px\" \/><\/p>\n<h2><span style=\"font-weight: 400;\">Avantatges de l&#8217;Agrifotovoltaic<\/span><\/h2>\n<p><span style=\"font-weight: 400;\">L&#8217;agrifotovoltaic ofereix nombrosos avantatges tant per al medi ambient com per als agricultors, <strong>representant una de les innovacions m\u00e9s prometedores<\/strong> en el camp de les energies renovables i l&#8217;agricultura.<\/span><\/p>\n<p><b>Conservaci\u00f3 de la Humitat del S\u00f2l: <\/b><span style=\"font-weight: 400;\">Els panells solars redueixen l&#8217;evaporaci\u00f3, ajudant a conservar la humitat del s\u00f2l i disminuint la necessitat d&#8217;irrigaci\u00f3. Aquest efecte \u00e9s particularment avantatj\u00f3s en regions amb escassa disponibilitat d&#8217;aigua.<\/span><\/p>\n<p><b>Protecci\u00f3 contra les Intemperies: <\/b><span style=\"font-weight: 400;\">Els cultius estan protegits de condicions clim\u00e0tiques adverses com la calamarsa i les pluges excessives gr\u00e0cies a la cobertura que ofereixen els panells. Aquesta protecci\u00f3 redueix els danys als cultius, garantint una major seguretat i estabilitat de la producci\u00f3 agr\u00edcola.<\/span><\/p>\n<p><b>Increment de la Biodiversitat: <\/b><span style=\"font-weight: 400;\">L&#8217;ombra creada pels panells fotovoltaics genera un microclima favorable per a algunes esp\u00e8cies de plantes i animals. Aquest microclima contribueix a augmentar la biodiversitat a la zona, fomentant la pres\u00e8ncia de diverses esp\u00e8cies vegetals i animals.<\/span><\/p>\n<p><b>Sostenibilitat Ambiental: <\/b><span style=\"font-weight: 400;\">L&#8217;agrifotovoltaic combina la producci\u00f3 d&#8217;energia neta amb pr\u00e0ctiques agr\u00edcoles sostenibles, contribuint a la lluita contra els canvis clim\u00e0tics. La integraci\u00f3 entre agricultura i producci\u00f3 d&#8217;energia renovable representa una soluci\u00f3 sostenible per al futur del nostre planeta.<\/span><\/p>\n<p><b>Protecci\u00f3 dels Cultius: <\/b><span style=\"font-weight: 400;\">Els panells solars ofereixen ombra, reduint la demanda d&#8217;aigua i l&#8217;estr\u00e8s t\u00e8rmic sobre els cultius. A m\u00e9s, protegeixen les collites de calamarsa, precipitacions intenses i condicions clim\u00e0tiques extremes, millorant la resili\u00e8ncia de les activitats agr\u00edcoles.<\/span><\/p>\n<p><b>Preservaci\u00f3 dels Terrenys: <\/b><span style=\"font-weight: 400;\">El sistema agrifotovoltaic permet mantenir els terrenys destinats a l&#8217;\u00fas agr\u00edcola i ramader, evitant la compet\u00e8ncia entre producci\u00f3 d&#8217;energia i cultiu. Aquest model virtu\u00f3s de producci\u00f3 permet un \u00fas multifuncional dels terrenys.<\/span><\/p>\n<p><b>Regulaci\u00f3 de les Aig\u00fces Pluvials: <\/b><span style=\"font-weight: 400;\">L&#8217;agrifotovoltaic contribueix a la regulaci\u00f3 de les aig\u00fces pluvials, reduint el risc d&#8217;erosi\u00f3 i millorant la gesti\u00f3 dels recursos h\u00eddrics.<\/span><\/p>\n<p><b>Suport a les Plantes: <\/b><span style=\"font-weight: 400;\">L&#8217;estructura dels panells solars ofereix un suport f\u00edsic a les plantes, millorant les condicions de creixement i augmentant la productivitat agr\u00edcola.<\/span><\/p>\n<p><b>Marc Normatiu: <\/b><span style=\"font-weight: 400;\">Malgrat els nombrosos beneficis, actualment a It\u00e0lia manca un marc normatiu de refer\u00e8ncia clar amb l\u00ednies directrius precises per a la implementaci\u00f3 de l&#8217;agrifotovoltaic. No obstant aix\u00f2, el Pla Nacional de Recuperaci\u00f3 i Resili\u00e8ncia (PNRR) ha previst el &#8220;parc agrisolar&#8221; entre les seves partides, assignant fons espec\u00edfics per promoure aquesta tecnologia innovadora.<\/span><\/p>\n<p><span style=\"font-weight: 400;\">L&#8217;agrifotovoltaic, amb <strong>la seva capacitat de combinar efica\u00e7ment la producci\u00f3 d&#8217;energia i el cultiu<\/strong>, es demostra com una soluci\u00f3 sostenible per al futur del nostre planeta, aportant beneficis tangibles a l&#8217;agricultura i al medi ambient. <\/span>Puc consultar tots els <a href=\"https:\/\/v2charge.com\/ca\/incentivi-auto-2024-ecobonus\">incentius auto 2024<\/a> el\u00e8ctriques per obtenir el millor preu.<\/p>\n<p><img decoding=\"async\" class=\"alignnone wp-image-155171 size-full\" src=\"https:\/\/v2charge.com\/wp-content\/uploads\/2024\/05\/panelli-solare-agrifotovoltaica.jpg\" alt=\"Revoluci\u00f3 Agrifotovoltaica: Integrar Energia i Agricultura a It\u00e0lia\" width=\"960\" height=\"560\" srcset=\"https:\/\/v2charge.com\/wp-content\/uploads\/2024\/05\/panelli-solare-agrifotovoltaica.jpg 960w, https:\/\/v2charge.com\/wp-content\/uploads\/2024\/05\/panelli-solare-agrifotovoltaica-300x175.jpg 300w, https:\/\/v2charge.com\/wp-content\/uploads\/2024\/05\/panelli-solare-agrifotovoltaica-768x448.jpg 768w\" sizes=\"(max-width: 960px) 100vw, 960px\" \/><\/p>\n<h2><span style=\"font-weight: 400;\">Incentius del PNRR una Oportunitat per a It\u00e0lia<\/span><\/h2>\n<p><span style=\"font-weight: 400;\">La configuraci\u00f3 geogr\u00e0fica d&#8217;It\u00e0lia, amb \u00e0mplies superf\u00edcies agr\u00edcoles i una elevada radiaci\u00f3 solar, fa que el pa\u00eds sigui ideal per a la difusi\u00f3 de l&#8217;agrifotovoltaic. <strong>El Pla Nacional de Recuperaci\u00f3 i Resili\u00e8ncia (PNRR) ha assignat m\u00e9s de 1 mili\u00f3 d&#8217;euros en incentius per sostenir la instal\u00b7laci\u00f3 de sistemes agrivoltaics avan\u00e7ats<\/strong>, amb l&#8217;objectiu d&#8217;instal\u00b7lar almenys 1,04 gigawatts de capacitat abans del 2026.<\/span><\/p>\n<ul>\n<li style=\"font-weight: 400;\" aria-level=\"1\"><b>Fons del PNRR<\/b><span style=\"font-weight: 400;\">: M\u00e9s de 1 mili\u00f3 d&#8217;euros en incentius fins al 40% dels costos admissibles.<\/span><\/li>\n<li style=\"font-weight: 400;\" aria-level=\"1\"><b>Decret del Ministre<\/b><span style=\"font-weight: 400;\">: Signat per promoure l&#8217;agrifotovoltaic innovador a It\u00e0lia.<\/span><\/li>\n<li style=\"font-weight: 400;\" aria-level=\"1\"><b>Objectiu<\/b><span style=\"font-weight: 400;\">: Instal\u00b7lar 1,04 gigawatts de sistemes avan\u00e7ats abans de juny de 2026.<\/span><\/li>\n<\/ul>\n<h3>Impacte sobre l&#8217;Agricultura i la Comunitat<\/h3>\n<p><span style=\"font-weight: 400;\">L&#8217;agrifotovoltaic preserva els terrenys agr\u00edcoles i ramaders i suporta les activitats agr\u00edcoles creant h\u00e0bitats favorables per a insectes pol\u00b7linitzadors.<strong> Exemples com els parcs solars de Los Naranjos i Las Corchas a Espanya mostren com l&#8217;agrifotovoltaic pot integrar l&#8217;alimentaci\u00f3 d&#8217;ovelles i la producci\u00f3 de mel<\/strong>, oferint beneficis ambientals i econ\u00f2mics.<\/span><\/p>\n<h3>Parcs Solars i Impacte sobre les Comunitats Locals<\/h3>\n<p><span style=\"font-weight: 400;\">Els parcs solars de Los Naranjos i Las Corchas s\u00f3n exemples d&#8217;\u00fas eficient de l&#8217;agrifotovoltaic, integrant activitats agr\u00edcoles o de ramaderia sota els panells solars. <strong>Les ovelles pasturen sota els panells, contribuint al manteniment del terreny eliminant les males herbes<\/strong>.<\/span><\/p>\n<p>Si esteu interessats en pr\u00e0ctiques agr\u00edcoles m\u00e9s netes, us recomanem llegir el nostre article sobre el <strong><a href=\"https:\/\/v2charge.com\/ca\/tractor-electric-innovacio-en-l-agricultura-moderna\/\">tractor el\u00e8ctric<\/a><\/strong>.<\/p>\n<h3>Fotovoltaic i It\u00e0lia: El Potencial del PNRR<\/h3>\n<p><span style=\"font-weight: 400;\"><strong>El Pla Nacional de Recuperaci\u00f3 i Resili\u00e8ncia (PNRR) \u00e9s el programa a trav\u00e9s del qual el govern itali\u00e0 pret\u00e9n gestionar els fons del Next Generation EU<\/strong>. El PNRR disposa de m\u00e9s de 1 mili\u00f3 d&#8217;euros en incentius per a l&#8217;agrifotovoltaic innovador, <strong>amb contribucions de capital fins al 40% dels costos admissibles<\/strong>. El decret signat pel Ministre de Medi Ambient i Seguretat Energ\u00e8tica, Gilberto Pichetto Fratin, <strong>t\u00e9 com a objectiu promoure solucions constructives innovadores<\/strong>, preferentment amb estructures verticals i m\u00f2duls d&#8217;alta efici\u00e8ncia, que permeten la coexist\u00e8ncia de producci\u00f3 d&#8217;energia i activitats agr\u00edcoles, millorant-ne la rendibilitat.<\/span><\/p>\n<p><span style=\"font-weight: 400;\">Per garantir un ampli acc\u00e9s als incentius, s&#8217;han establert quotes separades per al sector agr\u00edcola:<\/span><\/p>\n<ul>\n<li style=\"font-weight: 400;\" aria-level=\"1\"><b>300 MW<\/b><span style=\"font-weight: 400;\"> reservats per a sistemes fins a 1 megawatt en el sector agr\u00edcola, amb acc\u00e9s mitjan\u00e7ant registres.<\/span><\/li>\n<li style=\"font-weight: 400;\" aria-level=\"1\"><b>740 MW<\/b><span style=\"font-weight: 400;\"> oberts al sector agr\u00edcola i a associacions empresarials temporals, amb acc\u00e9s mitjan\u00e7ant procediments competitius per a sistemes de qualsevol pot\u00e8ncia. <strong>El Gestor dels Serveis Energ\u00e8tics (GSE) ser\u00e0 responsable de la gesti\u00f3 dels incentius.<\/strong><\/span><\/li>\n<\/ul>\n<h3>Elegibilitat de les Empreses Agr\u00edcoles Italianes<\/h3>\n<p><span style=\"font-weight: 400;\">Segons l&#8217;an\u00e0lisi de CRIF, que ha utilitzat la suite d&#8217;indicadors &#8220;PNRR-Index&#8221;, <strong>moltes de les m\u00e9s de 5 milions d&#8217;empreses agr\u00edcoles italianes podrien ser elegibles per als fons de la convocat\u00f2ria &#8220;Parc Agrisolar&#8221;<\/strong>, valorant l&#8217;ecosistema de dades, know-how i plataformes digitals per avaluar l&#8217;elegibilitat de les empreses per als inversions del PNRR.<\/span><\/p>\n<p><span style=\"font-weight: 400;\">En conclusi\u00f3, <strong>l&#8217;agrifotovoltaic representa una revoluci\u00f3 en la integraci\u00f3 entre energia i agricultura<\/strong>, oferint una soluci\u00f3 innovadora i sostenible per a It\u00e0lia. Aquesta tecnologia no nom\u00e9s fomenta la producci\u00f3 d&#8217;energia renovable, sin\u00f3 tamb\u00e9 la conservaci\u00f3 dels terrenys agr\u00edcoles, la protecci\u00f3 dels cultius i la promoci\u00f3 de la biodiversitat. <strong>Malgrat l&#8217;actual manca d&#8217;un marc normatiu definit<\/strong>, el comprom\u00eds del govern itali\u00e0 a trav\u00e9s del Pla Nacional de Recuperaci\u00f3 i Resili\u00e8ncia (PNRR) ofereix una oportunitat significativa per a l&#8217;adopci\u00f3 difusa de l&#8217;agrifotovoltaic al pa\u00eds. <strong>Amb incentius financers i suport normatiu<\/strong>, It\u00e0lia pot liderar el cam\u00ed cap a un futur m\u00e9s sostenible, harmonitzant la producci\u00f3 d&#8217;energia amb les necessitats agr\u00edcoles i ambientals.<\/span><\/p>\n<figure class=\"wp-block-image\"><a href=\"https:\/\/v2charge.com\/ca\/area-de-suport\/suport-trydan\/\"><img decoding=\"async\" width=\"818\" height=\"248\" src=\"https:\/\/v2charge.com\/wp-content\/uploads\/2024\/04\/trydan-caricatore-auto-elettriche.jpg\" alt=\"Nuovi incentivi auto elettriche 2024\" class=\"wp-image-150383\" srcset=\"https:\/\/v2charge.com\/wp-content\/uploads\/2024\/04\/trydan-caricatore-auto-elettriche.jpg 818w, https:\/\/v2charge.com\/wp-content\/uploads\/2024\/04\/trydan-caricatore-auto-elettriche-300x91.jpg 300w, https:\/\/v2charge.com\/wp-content\/uploads\/2024\/04\/trydan-caricatore-auto-elettriche-768x233.jpg 768w\" sizes=\"(max-width: 818px) 100vw, 818px\" \/><\/a><\/figure>\n","protected":false},"excerpt":{"rendered":"<p>L&#8217;energia solar ha aportat nombrosos beneficis arreu del m\u00f3n, per\u00f2 hi ha una tend\u00e8ncia emergent que combina l&#8217;agricultura amb la producci\u00f3 d&#8217;energia: l&#8217;agrifotovoltaic. Aquesta tecnologia innovadora representa una de les solucions m\u00e9s integrades entre agricultura i fotovoltaic. Descobrim a continuaci\u00f3 tots els detalls de l\u2019agrifotovoltaic i les seves oportunitats per a It\u00e0lia. Qu\u00e8 \u00e9s l&#8217;Agrifotovoltaic &#8230; <a title=\"La revoluci\u00f3 agrifotovoltaica: integrar energia i agricultura a It\u00e0lia\" class=\"read-more\" href=\"https:\/\/v2charge.com\/ca\/la-revolucio-agrifotovoltaica-integrar-energia-i-agricultura-a-italia\/\" aria-label=\"M\u00e9s informaci\u00f3 sobre La revoluci\u00f3 agrifotovoltaica: integrar energia i agricultura a It\u00e0lia\">Llegiu m\u00e9s<\/a><\/p>\n","protected":false},"author":400,"featured_media":155151,"comment_status":"closed","ping_status":"closed","sticky":false,"template":"","format":"standard","meta":{"_eb_attr":"","content-type":"","_uag_custom_page_level_css":"","footnotes":""},"categories":[],"tags":[],"class_list":["post-310376","post","type-post","status-publish","format-standard","has-post-thumbnail","hentry"],"yoast_head":"<!-- This site is optimized with the Yoast SEO plugin v25.3.1 - https:\/\/yoast.com\/wordpress\/plugins\/seo\/ -->\n<title>La Revoluci\u00f3 Agrifotovoltaica: Integrar Energia i Agricultura<\/title>\n<meta name=\"description\" content=\"Agrifotovoltaic: Transformar Terrenys Agr\u00edcoles en Fonts d&#039;Energia Renovable a It\u00e0lia. Qu\u00e8 \u00e9s, Com Funciona i els avantatges.\" \/>\n<meta name=\"robots\" content=\"index, follow, max-snippet:-1, max-image-preview:large, max-video-preview:-1\" \/>\n<link rel=\"canonical\" href=\"https:\/\/v2charge.com\/ca\/la-revolucio-agrifotovoltaica-integrar-energia-i-agricultura-a-italia\/\" \/>\n<meta property=\"og:locale\" content=\"ca_ES\" \/>\n<meta property=\"og:type\" content=\"article\" \/>\n<meta property=\"og:title\" content=\"La Revoluci\u00f3 Agrifotovoltaica: Integrar Energia i Agricultura\" \/>\n<meta property=\"og:description\" content=\"Agrifotovoltaic: Transformar Terrenys Agr\u00edcoles en Fonts d&#039;Energia Renovable a It\u00e0lia. Qu\u00e8 \u00e9s, Com Funciona i els avantatges.\" \/>\n<meta property=\"og:url\" content=\"https:\/\/v2charge.com\/ca\/la-revolucio-agrifotovoltaica-integrar-energia-i-agricultura-a-italia\/\" \/>\n<meta property=\"og:site_name\" content=\"V2C\" \/>\n<meta property=\"article:publisher\" content=\"https:\/\/www.facebook.com\/V2C.Charge\" \/>\n<meta property=\"article:published_time\" content=\"2024-05-17T15:02:27+00:00\" \/>\n<meta property=\"article:modified_time\" content=\"2024-07-08T07:51:36+00:00\" \/>\n<meta property=\"og:image\" content=\"https:\/\/v2charge.com\/wp-content\/uploads\/2024\/05\/agrifotovoltaica-panelli-solare-italia.jpg\" \/>\n\t<meta property=\"og:image:width\" content=\"960\" \/>\n\t<meta property=\"og:image:height\" content=\"560\" \/>\n\t<meta property=\"og:image:type\" content=\"image\/jpeg\" \/>\n<meta name=\"author\" content=\"V2C\" \/>\n<meta name=\"twitter:card\" content=\"summary_large_image\" \/>\n<meta name=\"twitter:creator\" content=\"@V2C_Charge\" \/>\n<meta name=\"twitter:site\" content=\"@V2C_Charge\" \/>\n<meta name=\"twitter:label1\" content=\"Escrit per\" \/>\n\t<meta name=\"twitter:data1\" content=\"V2C\" \/>\n\t<meta name=\"twitter:label2\" content=\"Temps estimat de lectura\" \/>\n\t<meta name=\"twitter:data2\" content=\"7 minuts\" \/>\n<script type=\"application\/ld+json\" class=\"yoast-schema-graph\">{\"@context\":\"https:\/\/schema.org\",\"@graph\":[{\"@type\":\"Article\",\"@id\":\"https:\/\/v2charge.com\/ca\/la-revolucio-agrifotovoltaica-integrar-energia-i-agricultura-a-italia\/#article\",\"isPartOf\":{\"@id\":\"https:\/\/v2charge.com\/ca\/la-revolucio-agrifotovoltaica-integrar-energia-i-agricultura-a-italia\/\"},\"author\":{\"name\":\"V2C\",\"@id\":\"https:\/\/v2charge.com\/ca\/#\/schema\/person\/d6f210a94a856acdddec347b2127fd0f\"},\"headline\":\"La revoluci\u00f3 agrifotovoltaica: integrar energia i agricultura a It\u00e0lia\",\"datePublished\":\"2024-05-17T15:02:27+00:00\",\"dateModified\":\"2024-07-08T07:51:36+00:00\",\"mainEntityOfPage\":{\"@id\":\"https:\/\/v2charge.com\/ca\/la-revolucio-agrifotovoltaica-integrar-energia-i-agricultura-a-italia\/\"},\"wordCount\":1589,\"publisher\":{\"@id\":\"https:\/\/v2charge.com\/ca\/#organization\"},\"image\":{\"@id\":\"https:\/\/v2charge.com\/ca\/la-revolucio-agrifotovoltaica-integrar-energia-i-agricultura-a-italia\/#primaryimage\"},\"thumbnailUrl\":\"https:\/\/v2charge.com\/wp-content\/uploads\/2024\/05\/agrifotovoltaica-panelli-solare-italia.jpg\",\"inLanguage\":\"ca\"},{\"@type\":\"WebPage\",\"@id\":\"https:\/\/v2charge.com\/ca\/la-revolucio-agrifotovoltaica-integrar-energia-i-agricultura-a-italia\/\",\"url\":\"https:\/\/v2charge.com\/ca\/la-revolucio-agrifotovoltaica-integrar-energia-i-agricultura-a-italia\/\",\"name\":\"La Revoluci\u00f3 Agrifotovoltaica: Integrar Energia i Agricultura\",\"isPartOf\":{\"@id\":\"https:\/\/v2charge.com\/ca\/#website\"},\"primaryImageOfPage\":{\"@id\":\"https:\/\/v2charge.com\/ca\/la-revolucio-agrifotovoltaica-integrar-energia-i-agricultura-a-italia\/#primaryimage\"},\"image\":{\"@id\":\"https:\/\/v2charge.com\/ca\/la-revolucio-agrifotovoltaica-integrar-energia-i-agricultura-a-italia\/#primaryimage\"},\"thumbnailUrl\":\"https:\/\/v2charge.com\/wp-content\/uploads\/2024\/05\/agrifotovoltaica-panelli-solare-italia.jpg\",\"datePublished\":\"2024-05-17T15:02:27+00:00\",\"dateModified\":\"2024-07-08T07:51:36+00:00\",\"description\":\"Agrifotovoltaic: Transformar Terrenys Agr\u00edcoles en Fonts d'Energia Renovable a It\u00e0lia. Qu\u00e8 \u00e9s, Com Funciona i els avantatges.\",\"breadcrumb\":{\"@id\":\"https:\/\/v2charge.com\/ca\/la-revolucio-agrifotovoltaica-integrar-energia-i-agricultura-a-italia\/#breadcrumb\"},\"inLanguage\":\"ca\",\"potentialAction\":[{\"@type\":\"ReadAction\",\"target\":[\"https:\/\/v2charge.com\/ca\/la-revolucio-agrifotovoltaica-integrar-energia-i-agricultura-a-italia\/\"]}]},{\"@type\":\"ImageObject\",\"inLanguage\":\"ca\",\"@id\":\"https:\/\/v2charge.com\/ca\/la-revolucio-agrifotovoltaica-integrar-energia-i-agricultura-a-italia\/#primaryimage\",\"url\":\"https:\/\/v2charge.com\/wp-content\/uploads\/2024\/05\/agrifotovoltaica-panelli-solare-italia.jpg\",\"contentUrl\":\"https:\/\/v2charge.com\/wp-content\/uploads\/2024\/05\/agrifotovoltaica-panelli-solare-italia.jpg\",\"width\":960,\"height\":560,\"caption\":\"Rivoluzione Agrifotovoltaica: Integrare Energia e Agricoltura in Italia\"},{\"@type\":\"BreadcrumbList\",\"@id\":\"https:\/\/v2charge.com\/ca\/la-revolucio-agrifotovoltaica-integrar-energia-i-agricultura-a-italia\/#breadcrumb\",\"itemListElement\":[{\"@type\":\"ListItem\",\"position\":1,\"name\":\"V2C\",\"item\":\"https:\/\/v2charge.com\/ca\/\"},{\"@type\":\"ListItem\",\"position\":2,\"name\":\"e-Mobility\",\"item\":\"https:\/\/v2charge.com\/it\/e-mobility\/\"},{\"@type\":\"ListItem\",\"position\":3,\"name\":\"La revoluci\u00f3 agrifotovoltaica: integrar energia i agricultura a It\u00e0lia\"}]},{\"@type\":\"WebSite\",\"@id\":\"https:\/\/v2charge.com\/ca\/#website\",\"url\":\"https:\/\/v2charge.com\/ca\/\",\"name\":\"V2C\",\"description\":\"#CargandoElMa\u00f1ana\",\"publisher\":{\"@id\":\"https:\/\/v2charge.com\/ca\/#organization\"},\"potentialAction\":[{\"@type\":\"SearchAction\",\"target\":{\"@type\":\"EntryPoint\",\"urlTemplate\":\"https:\/\/v2charge.com\/ca\/?s={search_term_string}\"},\"query-input\":{\"@type\":\"PropertyValueSpecification\",\"valueRequired\":true,\"valueName\":\"search_term_string\"}}],\"inLanguage\":\"ca\"},{\"@type\":\"Organization\",\"@id\":\"https:\/\/v2charge.com\/ca\/#organization\",\"name\":\"V2C\",\"url\":\"https:\/\/v2charge.com\/ca\/\",\"logo\":{\"@type\":\"ImageObject\",\"inLanguage\":\"ca\",\"@id\":\"https:\/\/v2charge.com\/ca\/#\/schema\/logo\/image\/\",\"url\":\"https:\/\/v2charge.com\/wp-content\/uploads\/2024\/11\/cropped-v2c-charge-logo-menu.png\",\"contentUrl\":\"https:\/\/v2charge.com\/wp-content\/uploads\/2024\/11\/cropped-v2c-charge-logo-menu.png\",\"width\":984,\"height\":431,\"caption\":\"V2C\"},\"image\":{\"@id\":\"https:\/\/v2charge.com\/ca\/#\/schema\/logo\/image\/\"},\"sameAs\":[\"https:\/\/www.facebook.com\/V2C.Charge\",\"https:\/\/x.com\/V2C_Charge\",\"https:\/\/www.instagram.com\/v2c.charge\/\",\"https:\/\/www.youtube.com\/@V2C\",\"https:\/\/www.linkedin.com\/company\/v2c-chargers\/\"]},{\"@type\":\"Person\",\"@id\":\"https:\/\/v2charge.com\/ca\/#\/schema\/person\/d6f210a94a856acdddec347b2127fd0f\",\"name\":\"V2C\",\"image\":{\"@type\":\"ImageObject\",\"inLanguage\":\"ca\",\"@id\":\"https:\/\/v2charge.com\/ca\/#\/schema\/person\/image\/\",\"url\":\"https:\/\/secure.gravatar.com\/avatar\/a91128c4c0d2f4d63bd586301fdec6cc9aa49c885839b25d1c62700f529f267c?s=96&d=mm&r=g\",\"contentUrl\":\"https:\/\/secure.gravatar.com\/avatar\/a91128c4c0d2f4d63bd586301fdec6cc9aa49c885839b25d1c62700f529f267c?s=96&d=mm&r=g\",\"caption\":\"V2C\"}}]}<\/script>\n<!-- \/ Yoast SEO plugin. -->","yoast_head_json":{"title":"La Revoluci\u00f3 Agrifotovoltaica: Integrar Energia i Agricultura","description":"Agrifotovoltaic: Transformar Terrenys Agr\u00edcoles en Fonts d'Energia Renovable a It\u00e0lia. Qu\u00e8 \u00e9s, Com Funciona i els avantatges.","robots":{"index":"index","follow":"follow","max-snippet":"max-snippet:-1","max-image-preview":"max-image-preview:large","max-video-preview":"max-video-preview:-1"},"canonical":"https:\/\/v2charge.com\/ca\/la-revolucio-agrifotovoltaica-integrar-energia-i-agricultura-a-italia\/","og_locale":"ca_ES","og_type":"article","og_title":"La Revoluci\u00f3 Agrifotovoltaica: Integrar Energia i Agricultura","og_description":"Agrifotovoltaic: Transformar Terrenys Agr\u00edcoles en Fonts d'Energia Renovable a It\u00e0lia. Qu\u00e8 \u00e9s, Com Funciona i els avantatges.","og_url":"https:\/\/v2charge.com\/ca\/la-revolucio-agrifotovoltaica-integrar-energia-i-agricultura-a-italia\/","og_site_name":"V2C","article_publisher":"https:\/\/www.facebook.com\/V2C.Charge","article_published_time":"2024-05-17T15:02:27+00:00","article_modified_time":"2024-07-08T07:51:36+00:00","og_image":[{"width":960,"height":560,"url":"https:\/\/v2charge.com\/wp-content\/uploads\/2024\/05\/agrifotovoltaica-panelli-solare-italia.jpg","type":"image\/jpeg"}],"author":"V2C","twitter_card":"summary_large_image","twitter_creator":"@V2C_Charge","twitter_site":"@V2C_Charge","twitter_misc":{"Escrit per":"V2C","Temps estimat de lectura":"7 minuts"},"schema":{"@context":"https:\/\/schema.org","@graph":[{"@type":"Article","@id":"https:\/\/v2charge.com\/ca\/la-revolucio-agrifotovoltaica-integrar-energia-i-agricultura-a-italia\/#article","isPartOf":{"@id":"https:\/\/v2charge.com\/ca\/la-revolucio-agrifotovoltaica-integrar-energia-i-agricultura-a-italia\/"},"author":{"name":"V2C","@id":"https:\/\/v2charge.com\/ca\/#\/schema\/person\/d6f210a94a856acdddec347b2127fd0f"},"headline":"La revoluci\u00f3 agrifotovoltaica: integrar energia i agricultura a It\u00e0lia","datePublished":"2024-05-17T15:02:27+00:00","dateModified":"2024-07-08T07:51:36+00:00","mainEntityOfPage":{"@id":"https:\/\/v2charge.com\/ca\/la-revolucio-agrifotovoltaica-integrar-energia-i-agricultura-a-italia\/"},"wordCount":1589,"publisher":{"@id":"https:\/\/v2charge.com\/ca\/#organization"},"image":{"@id":"https:\/\/v2charge.com\/ca\/la-revolucio-agrifotovoltaica-integrar-energia-i-agricultura-a-italia\/#primaryimage"},"thumbnailUrl":"https:\/\/v2charge.com\/wp-content\/uploads\/2024\/05\/agrifotovoltaica-panelli-solare-italia.jpg","inLanguage":"ca"},{"@type":"WebPage","@id":"https:\/\/v2charge.com\/ca\/la-revolucio-agrifotovoltaica-integrar-energia-i-agricultura-a-italia\/","url":"https:\/\/v2charge.com\/ca\/la-revolucio-agrifotovoltaica-integrar-energia-i-agricultura-a-italia\/","name":"La Revoluci\u00f3 Agrifotovoltaica: Integrar Energia i Agricultura","isPartOf":{"@id":"https:\/\/v2charge.com\/ca\/#website"},"primaryImageOfPage":{"@id":"https:\/\/v2charge.com\/ca\/la-revolucio-agrifotovoltaica-integrar-energia-i-agricultura-a-italia\/#primaryimage"},"image":{"@id":"https:\/\/v2charge.com\/ca\/la-revolucio-agrifotovoltaica-integrar-energia-i-agricultura-a-italia\/#primaryimage"},"thumbnailUrl":"https:\/\/v2charge.com\/wp-content\/uploads\/2024\/05\/agrifotovoltaica-panelli-solare-italia.jpg","datePublished":"2024-05-17T15:02:27+00:00","dateModified":"2024-07-08T07:51:36+00:00","description":"Agrifotovoltaic: Transformar Terrenys Agr\u00edcoles en Fonts d'Energia Renovable a It\u00e0lia. Qu\u00e8 \u00e9s, Com Funciona i els avantatges.","breadcrumb":{"@id":"https:\/\/v2charge.com\/ca\/la-revolucio-agrifotovoltaica-integrar-energia-i-agricultura-a-italia\/#breadcrumb"},"inLanguage":"ca","potentialAction":[{"@type":"ReadAction","target":["https:\/\/v2charge.com\/ca\/la-revolucio-agrifotovoltaica-integrar-energia-i-agricultura-a-italia\/"]}]},{"@type":"ImageObject","inLanguage":"ca","@id":"https:\/\/v2charge.com\/ca\/la-revolucio-agrifotovoltaica-integrar-energia-i-agricultura-a-italia\/#primaryimage","url":"https:\/\/v2charge.com\/wp-content\/uploads\/2024\/05\/agrifotovoltaica-panelli-solare-italia.jpg","contentUrl":"https:\/\/v2charge.com\/wp-content\/uploads\/2024\/05\/agrifotovoltaica-panelli-solare-italia.jpg","width":960,"height":560,"caption":"Rivoluzione Agrifotovoltaica: Integrare Energia e Agricoltura in Italia"},{"@type":"BreadcrumbList","@id":"https:\/\/v2charge.com\/ca\/la-revolucio-agrifotovoltaica-integrar-energia-i-agricultura-a-italia\/#breadcrumb","itemListElement":[{"@type":"ListItem","position":1,"name":"V2C","item":"https:\/\/v2charge.com\/ca\/"},{"@type":"ListItem","position":2,"name":"e-Mobility","item":"https:\/\/v2charge.com\/it\/e-mobility\/"},{"@type":"ListItem","position":3,"name":"La revoluci\u00f3 agrifotovoltaica: integrar energia i agricultura a It\u00e0lia"}]},{"@type":"WebSite","@id":"https:\/\/v2charge.com\/ca\/#website","url":"https:\/\/v2charge.com\/ca\/","name":"V2C","description":"#CargandoElMa\u00f1ana","publisher":{"@id":"https:\/\/v2charge.com\/ca\/#organization"},"potentialAction":[{"@type":"SearchAction","target":{"@type":"EntryPoint","urlTemplate":"https:\/\/v2charge.com\/ca\/?s={search_term_string}"},"query-input":{"@type":"PropertyValueSpecification","valueRequired":true,"valueName":"search_term_string"}}],"inLanguage":"ca"},{"@type":"Organization","@id":"https:\/\/v2charge.com\/ca\/#organization","name":"V2C","url":"https:\/\/v2charge.com\/ca\/","logo":{"@type":"ImageObject","inLanguage":"ca","@id":"https:\/\/v2charge.com\/ca\/#\/schema\/logo\/image\/","url":"https:\/\/v2charge.com\/wp-content\/uploads\/2024\/11\/cropped-v2c-charge-logo-menu.png","contentUrl":"https:\/\/v2charge.com\/wp-content\/uploads\/2024\/11\/cropped-v2c-charge-logo-menu.png","width":984,"height":431,"caption":"V2C"},"image":{"@id":"https:\/\/v2charge.com\/ca\/#\/schema\/logo\/image\/"},"sameAs":["https:\/\/www.facebook.com\/V2C.Charge","https:\/\/x.com\/V2C_Charge","https:\/\/www.instagram.com\/v2c.charge\/","https:\/\/www.youtube.com\/@V2C","https:\/\/www.linkedin.com\/company\/v2c-chargers\/"]},{"@type":"Person","@id":"https:\/\/v2charge.com\/ca\/#\/schema\/person\/d6f210a94a856acdddec347b2127fd0f","name":"V2C","image":{"@type":"ImageObject","inLanguage":"ca","@id":"https:\/\/v2charge.com\/ca\/#\/schema\/person\/image\/","url":"https:\/\/secure.gravatar.com\/avatar\/a91128c4c0d2f4d63bd586301fdec6cc9aa49c885839b25d1c62700f529f267c?s=96&d=mm&r=g","contentUrl":"https:\/\/secure.gravatar.com\/avatar\/a91128c4c0d2f4d63bd586301fdec6cc9aa49c885839b25d1c62700f529f267c?s=96&d=mm&r=g","caption":"V2C"}}]}},"uagb_featured_image_src":{"full":["https:\/\/v2charge.com\/wp-content\/uploads\/2024\/05\/agrifotovoltaica-panelli-solare-italia.jpg",960,560,false],"thumbnail":["https:\/\/v2charge.com\/wp-content\/uploads\/2024\/05\/agrifotovoltaica-panelli-solare-italia-150x150.jpg",150,150,true],"medium":["https:\/\/v2charge.com\/wp-content\/uploads\/2024\/05\/agrifotovoltaica-panelli-solare-italia-300x175.jpg",300,175,true],"medium_large":["https:\/\/v2charge.com\/wp-content\/uploads\/2024\/05\/agrifotovoltaica-panelli-solare-italia-768x448.jpg",768,448,true],"large":["https:\/\/v2charge.com\/wp-content\/uploads\/2024\/05\/agrifotovoltaica-panelli-solare-italia.jpg",960,560,false],"gs-tiny":["https:\/\/v2charge.com\/wp-content\/uploads\/2024\/05\/agrifotovoltaica-panelli-solare-italia.jpg",50,29,false],"xl":["https:\/\/v2charge.com\/wp-content\/uploads\/2024\/05\/agrifotovoltaica-panelli-solare-italia.jpg",960,560,false],"xxl":["https:\/\/v2charge.com\/wp-content\/uploads\/2024\/05\/agrifotovoltaica-panelli-solare-italia.jpg",960,560,false],"xxxl":["https:\/\/v2charge.com\/wp-content\/uploads\/2024\/05\/agrifotovoltaica-panelli-solare-italia.jpg",960,560,false],"xxxxl":["https:\/\/v2charge.com\/wp-content\/uploads\/2024\/05\/agrifotovoltaica-panelli-solare-italia.jpg",960,560,false],"xxxxxl":["https:\/\/v2charge.com\/wp-content\/uploads\/2024\/05\/agrifotovoltaica-panelli-solare-italia.jpg",960,560,false],"1536x1536":["https:\/\/v2charge.com\/wp-content\/uploads\/2024\/05\/agrifotovoltaica-panelli-solare-italia.jpg",960,560,false],"2048x2048":["https:\/\/v2charge.com\/wp-content\/uploads\/2024\/05\/agrifotovoltaica-panelli-solare-italia.jpg",960,560,false]},"uagb_author_info":{"display_name":"V2C","author_link":"https:\/\/v2charge.com\/ca\/author\/marketing\/"},"uagb_comment_info":0,"uagb_excerpt":"L&#8217;energia solar ha aportat nombrosos beneficis arreu del m\u00f3n, per\u00f2 hi ha una tend\u00e8ncia emergent que combina l&#8217;agricultura amb la producci\u00f3 d&#8217;energia: l&#8217;agrifotovoltaic. Aquesta tecnologia innovadora representa una de les solucions m\u00e9s integrades entre agricultura i fotovoltaic. Descobrim a continuaci\u00f3 tots els detalls de l\u2019agrifotovoltaic i les seves oportunitats per a It\u00e0lia. Qu\u00e8 \u00e9s l&#8217;Agrifotovoltaic&hellip;","_links":{"self":[{"href":"https:\/\/v2charge.com\/ca\/wp-json\/wp\/v2\/posts\/310376","targetHints":{"allow":["GET"]}}],"collection":[{"href":"https:\/\/v2charge.com\/ca\/wp-json\/wp\/v2\/posts"}],"about":[{"href":"https:\/\/v2charge.com\/ca\/wp-json\/wp\/v2\/types\/post"}],"author":[{"embeddable":true,"href":"https:\/\/v2charge.com\/ca\/wp-json\/wp\/v2\/users\/400"}],"replies":[{"embeddable":true,"href":"https:\/\/v2charge.com\/ca\/wp-json\/wp\/v2\/comments?post=310376"}],"version-history":[{"count":0,"href":"https:\/\/v2charge.com\/ca\/wp-json\/wp\/v2\/posts\/310376\/revisions"}],"wp:featuredmedia":[{"embeddable":true,"href":"https:\/\/v2charge.com\/ca\/wp-json\/wp\/v2\/media\/155151"}],"wp:attachment":[{"href":"https:\/\/v2charge.com\/ca\/wp-json\/wp\/v2\/media?parent=310376"}],"wp:term":[{"taxonomy":"category","embeddable":true,"href":"https:\/\/v2charge.com\/ca\/wp-json\/wp\/v2\/categories?post=310376"},{"taxonomy":"post_tag","embeddable":true,"href":"https:\/\/v2charge.com\/ca\/wp-json\/wp\/v2\/tags?post=310376"}],"curies":[{"name":"wp","href":"https:\/\/api.w.org\/{rel}","templated":true}]}}