{"id":310395,"date":"2024-09-20T15:53:50","date_gmt":"2024-09-20T13:53:50","guid":{"rendered":""},"modified":"2024-09-20T15:55:29","modified_gmt":"2024-09-20T13:55:29","slug":"borne-recharge-intelligente-photovoltaique-cat","status":"publish","type":"post","link":"https:\/\/v2charge.com\/ca\/borne-recharge-intelligente-photovoltaique-cat\/","title":{"rendered":"La borne de rec\u00e0rrega intel\u00b7ligent fotovoltaica: una revoluci\u00f3 per a la rec\u00e0rrega dels vehicles el\u00e8ctrics"},"content":{"rendered":"<p>.En un context marcat per l&#8217;augment de l&#8217;electrificaci\u00f3 i la presa de consci\u00e8ncia ambiental, <strong>la borne de rec\u00e0rrega intel\u00b7ligent fotovoltaica<\/strong> s&#8217;imposa com una soluci\u00f3 innovadora i sostenible per als vehicles el\u00e8ctrics (VE). En integrar-se de manera \u00f2ptima als sistemes solars existents, aquesta tecnologia permet maximitzar l&#8217;explotaci\u00f3 de l&#8217;energia solar, alhora que redueix els costos energ\u00e8tics i limita l&#8217;empremta de carboni.<\/p>\n<h2>L&#8217;import\u00e0ncia creixent de les bornes de rec\u00e0rrega intel\u00b7ligents fotovoltaiques<\/h2>\n<p><span style=\"font-size: inherit; color: var(--contrast);\">Amb l&#8217;augment dels vehicles el\u00e8ctrics, les bornes de rec\u00e0rrega han vist la seva popularitat cr\u00e9ixer per respondre a la demanda creixent. Tanmateix, no totes s\u00f3n iguals.<\/span><strong style=\"font-size: inherit; color: var(--contrast);\">La borne de rec\u00e0rrega intel\u00b7ligent fotovoltaica<\/strong><span style=\"font-size: inherit; color: var(--contrast);\"> es destaca per la seva capacitat de maximitzar l&#8217;explotaci\u00f3 de l&#8217;energia solar, un avantatge essencial en una \u00e8poca on la sostenibilitat s&#8217;ha convertit en un repte major.<\/span><\/p>\n<p>Aquesta tecnologia avan\u00e7ada permet no nom\u00e9s recarregar un vehicle el\u00e8ctric aprofitant l&#8217;energia solar produ\u00efda per panells fotovoltaics, sin\u00f3 tamb\u00e9 gestionar intel\u00b7ligentment l&#8217;energia en funci\u00f3 de les necessitats de l&#8217;usuari i de les condicions meteorol\u00f2giques. Per exemple, pot prioritzar l&#8217;\u00fas del super\u00e0vit d&#8217;energia solar per a la rec\u00e0rrega o combinar aquesta \u00faltima amb l&#8217;electricitat de la xarxa, en funci\u00f3 de les prefer\u00e8ncies definides per l&#8217;usuari.<\/p>\n<h3>Borne de rec\u00e0rrega 7 kW monof\u00e0sica intel\u00b7ligent fotovoltaica: Un comprom\u00eds ideal per als particulars<\/h3>\n<p>La pot\u00e8ncia d&#8217;una borne de rec\u00e0rrega constitueix un criteri essencial en l&#8217;elecci\u00f3 de l&#8217;equip. <strong>La borne monof\u00e0sica de 7 kW<\/strong> \u00e9s sovint preferida pels usuaris residencials, oferint un bon equilibri entre rapidesa de c\u00e0rrega i consum energ\u00e8tic. S&#8217;adapta especialment a les llars dotades de sistemes fotovoltaics de mida mitjana, permetent optimitzar l&#8217;\u00fas de l&#8217;energia solar per recarregar un vehicle el\u00e8ctric, especialment durant les per\u00edodes de baixa consumici\u00f3 dom\u00e8stica.<\/p>\n<p><a href=\"https:\/\/v2charge.com\/ca\/store\/fr\/produit\/trydan\/\"> <img decoding=\"async\" class=\"size-full wp-image-178799 aligncenter\" src=\"https:\/\/v2charge.com\/wp-content\/uploads\/2024\/09\/trydan-borne-intelligente-photovoltaique.jpg\" alt=\"\" width=\"600\" height=\"600\" srcset=\"https:\/\/v2charge.com\/wp-content\/uploads\/2024\/09\/trydan-borne-intelligente-photovoltaique.jpg 600w, https:\/\/v2charge.com\/wp-content\/uploads\/2024\/09\/trydan-borne-intelligente-photovoltaique-300x300.jpg 300w, https:\/\/v2charge.com\/wp-content\/uploads\/2024\/09\/trydan-borne-intelligente-photovoltaique-150x150.jpg 150w\" sizes=\"(max-width: 600px) 100vw, 600px\" \/><\/a><\/p>\n<p style=\"text-align: center;\"><a href=\"https:\/\/v2charge.com\/ca\/store\/fr\/produit\/trydan\/\"><strong>Trydan, borne de rec\u00e0rrega 7,4kW a partir de 782,39 \u20ac<\/strong><\/a><\/p>\n<p style=\"text-align: center;\"><a href=\"https:\/\/v2charge.com\/ca\/store\/fr\/produit\/trydan\/\"><img decoding=\"async\" class=\"alignnone  wp-image-178813\" src=\"https:\/\/v2charge.com\/wp-content\/uploads\/2024\/09\/borne-recharge-photolvaique-trydan.png\" alt=\"\" width=\"506\" height=\"53\" srcset=\"https:\/\/v2charge.com\/wp-content\/uploads\/2024\/09\/borne-recharge-photolvaique-trydan.png 640w, https:\/\/v2charge.com\/wp-content\/uploads\/2024\/09\/borne-recharge-photolvaique-trydan-300x31.png 300w\" sizes=\"(max-width: 506px) 100vw, 506px\" \/><\/a><\/p>\n<h3>Borne de rec\u00e0rrega trif\u00e0sica 22 kW intel\u00b7ligent fotovoltaica: Una opci\u00f3 per a instal\u00b7lacions m\u00e9s robustes<\/h3>\n<p>Per als usuaris equipats amb una instal\u00b7laci\u00f3 el\u00e8ctrica trif\u00e0sica, la <strong>borne de rec\u00e0rrega trif\u00e0sica de 22 kW<\/strong> constitueix una soluci\u00f3 de rec\u00e0rrega r\u00e0pida i eficient. Aquest model \u00e9s ideal per a les llars que disposen de sistemes fotovoltaics d&#8217;alta capacitat, capa\u00e7os de generar i emmagatzemar una quantitat important d&#8217;energia. En repartir la c\u00e0rrega en diverses fases, aquesta borne permet una gesti\u00f3 energ\u00e8tica optimitzada, reduint la sol\u00b7licitud d&#8217;un sol circuit i refor\u00e7ant aix\u00ed la fiabilitat de la instal\u00b7laci\u00f3.<\/p>\n<p><a href=\"https:\/\/v2charge.com\/ca\/store\/fr\/produit\/trydan\/\"><img decoding=\"async\" class=\"size-full wp-image-178799 aligncenter\" src=\"https:\/\/v2charge.com\/wp-content\/uploads\/2024\/09\/trydan-borne-intelligente-photovoltaique.jpg\" alt=\"\" width=\"600\" height=\"600\" srcset=\"https:\/\/v2charge.com\/wp-content\/uploads\/2024\/09\/trydan-borne-intelligente-photovoltaique.jpg 600w, https:\/\/v2charge.com\/wp-content\/uploads\/2024\/09\/trydan-borne-intelligente-photovoltaique-300x300.jpg 300w, https:\/\/v2charge.com\/wp-content\/uploads\/2024\/09\/trydan-borne-intelligente-photovoltaique-150x150.jpg 150w\" sizes=\"(max-width: 600px) 100vw, 600px\" \/><\/a><\/p>\n<p style=\"text-align: center;\"><a href=\"https:\/\/v2charge.com\/ca\/store\/fr\/produit\/trydan\/\"><strong>Trydan, borne de rec\u00e0rrega 22kW a partir de 870,35 \u20ac<\/strong><\/a><\/p>\n<p style=\"text-align: center;\"><a href=\"https:\/\/v2charge.com\/ca\/store\/fr\/produit\/trydan\/\"><img decoding=\"async\" class=\"alignnone  wp-image-178813\" src=\"https:\/\/v2charge.com\/wp-content\/uploads\/2024\/09\/borne-recharge-photolvaique-trydan.png\" alt=\"\" width=\"506\" height=\"53\" srcset=\"https:\/\/v2charge.com\/wp-content\/uploads\/2024\/09\/borne-recharge-photolvaique-trydan.png 640w, https:\/\/v2charge.com\/wp-content\/uploads\/2024\/09\/borne-recharge-photolvaique-trydan-300x31.png 300w\" sizes=\"(max-width: 506px) 100vw, 506px\" \/><\/a><\/p>\n<h2>Preu instal\u00b7laci\u00f3 borne de rec\u00e0rrega 7,4 kW intel\u00b7ligent fotovoltaica: Una inversi\u00f3 sostenible<\/h2>\n<p>L&#8217;instal\u00b7laci\u00f3 d&#8217;una borne de rec\u00e0rrega, com la borne de 7,4 kW, representa una inversi\u00f3 inicial significativa, per\u00f2 els seus avantatges a llarg termini s\u00f3n innegables. El cost d&#8217;instal\u00b7laci\u00f3 s&#8217;amortitza r\u00e0pidament gr\u00e0cies a les estalvis realitzades en les factures d&#8217;energia, especialment quan la borne s&#8217;associa a panells solars. A m\u00e9s, \u00e9s essencial destacar l&#8217;exist\u00e8ncia de <a href=\"https:\/\/v2charge.com\/ca\/les-ajuts-per-instal-lar-una-estacio-de-carrega-a-casa-el-2024\/\"><strong>diverses subvencions i ajudes financeres<\/strong><\/a> que busquen fomentar l&#8217;adopci\u00f3 d&#8217;aquestes tecnologies sostenibles.<\/p>\n<h2>Les caracter\u00edstiques t\u00e8cniques d&#8217;una borne de rec\u00e0rrega intel\u00b7ligent fotovoltaica<\/h2>\n<p>Una <strong>borne de rec\u00e0rrega intel\u00b7ligent fotovoltaica<\/strong> \u00e9s molt m\u00e9s que un simple dispositiu de rec\u00e0rrega. Integra tecnologies avan\u00e7ades que busquen maximitzar l&#8217;efici\u00e8ncia energ\u00e8tica alhora que ofereix una experi\u00e8ncia d&#8217;usuari \u00f2ptima. Entre les seves caracter\u00edstiques t\u00e8cniques m\u00e9s notables, es poden citar:&nbsp;<\/p>\n<ul>\n<li><strong>Control din\u00e0mic de la pot\u00e8ncia<\/strong>: aquest sistema ajusta autom\u00e0ticament la pot\u00e8ncia de c\u00e0rrega en funci\u00f3 de la disponibilitat de l&#8217;energia solar i de les necessitats energ\u00e8tiques de la llar, evitant aix\u00ed les sobrec\u00e0rregues.<\/li>\n<li><strong>Connectivitat avan\u00e7ada<\/strong>: gr\u00e0cies a la connectivitat WiFi i Bluetooth, l&#8217;usuari pot controlar la borne a dist\u00e0ncia mitjan\u00e7ant una aplicaci\u00f3 m\u00f2bil, permetent programar la c\u00e0rrega, consultar les estad\u00edstiques d&#8217;\u00fas i fins i tot integrar la borne amb assistents de veu com Alexa.<\/li>\n<li><strong>Integraci\u00f3 fotovoltaica avan\u00e7ada<\/strong>: la borne es connecta directament a l&#8217;inversor solar, sense necessitat de sensors addicionals, assegurant aix\u00ed una utilitzaci\u00f3 \u00f2ptima de l&#8217;energia solar.<\/li>\n<\/ul>\n<h3>Una rec\u00e0rrega solar intel\u00b7ligent i econ\u00f2mica<\/h3>\n<p>Un dels principals avantatges d&#8217;una <strong>borne de rec\u00e0rrega intel\u00b7ligent fotovoltaica<\/strong> \u00e9s la seva capacitat de maximitzar l&#8217;\u00fas de l&#8217;energia solar. Permet <strong>recarregar un vehicle \u00fanicament amb el super\u00e0vit d&#8217;energia generat pels panells solars<\/strong>, sense rec\u00f3rrer a la xarxa el\u00e8ctrica. Aix\u00f2 es tradueix en una rec\u00e0rrega gaireb\u00e9 gratu\u00efta, sempre que les condicions meteorol\u00f2giques siguin favorables i que el vehicle estigui connectat durant les hores d&#8217;ensolellament.<\/p>\n<p>A m\u00e9s, aquestes bornes poden alternar entre <strong>diferents modes de rec\u00e0rrega<\/strong> <strong>segons els horaris<\/strong>. Per exemple, poden carregar el vehicle amb energia solar durant el dia, i despr\u00e9s passar a l&#8217;energia de la xarxa a la nit o en cas de condicions meteorol\u00f2giques desfavorables.<\/p>\n<h2>Per qu\u00e8 optar per una borne de rec\u00e0rrega intel\u00b7ligent fotovoltaica?<\/h2>\n<p>La decisi\u00f3 d&#8217;instal\u00b7lar una <strong>borne de rec\u00e0rrega intel\u00b7ligent fotovoltaica<\/strong> dep\u00e8n de diversos factors, per\u00f2 els seus avantatges superen clarament els inconvenients potencials. Aqu\u00ed hi ha algunes raons per les quals aquesta tecnologia constitueix una elecci\u00f3 encertada per als propietaris de vehicles el\u00e8ctrics:<\/p>\n<ul>\n<li><strong>Reducci\u00f3 dels costos energ\u00e8tics<\/strong>: En utilitzar l&#8217;energia solar per recarregar el vostre vehicle, disminu\u00efu considerablement la vostra depend\u00e8ncia de la xarxa el\u00e8ctrica, cosa que es tradueix en estalvis en les vostres factures d&#8217;energia.<\/li>\n<li><strong>Respecte pel medi ambient<\/strong>: En optar per una font d&#8217;energia renovable, contribu\u00efu a reduir les emissions de CO2 i a la protecci\u00f3 del medi ambient.<\/li>\n<li><strong>Valoritzaci\u00f3 de la vostra propietat<\/strong>: Una instal\u00b7laci\u00f3 fotovoltaica acoblada a una borne de rec\u00e0rrega intel\u00b7ligent pot augmentar el valor del vostre immoble, oferint aix\u00ed un avantatge en el moment de la reventa.<\/li>\n<\/ul>\n<p><img decoding=\"async\" class=\"alignnone size-full wp-image-178580\" src=\"https:\/\/v2charge.com\/wp-content\/uploads\/2024\/09\/placas-solares-instalacion-fotovoltaica.jpg\" alt=\"Placas solares e instalaci\u00f3n fotovoltaica\" width=\"960\" height=\"560\" srcset=\"https:\/\/v2charge.com\/wp-content\/uploads\/2024\/09\/placas-solares-instalacion-fotovoltaica.jpg 960w, https:\/\/v2charge.com\/wp-content\/uploads\/2024\/09\/placas-solares-instalacion-fotovoltaica-300x175.jpg 300w, https:\/\/v2charge.com\/wp-content\/uploads\/2024\/09\/placas-solares-instalacion-fotovoltaica-768x448.jpg 768w\" sizes=\"(max-width: 960px) 100vw, 960px\" \/><\/p>\n<h2>Els desafiaments a afrontar durant la instal\u00b7laci\u00f3 d&#8217;una borne de rec\u00e0rrega fotovoltaica<\/h2>\n<p>Encara que la instal\u00b7laci\u00f3 d&#8217;una <strong>borne de rec\u00e0rrega intel\u00b7ligent fotovoltaica<\/strong> presenta nombrosos avantatges, tamb\u00e9 comporta certs desafiaments a tenir en compte:<\/p>\n<ul>\n<li><strong>Cost inicial<\/strong>: El cost d&#8217;adquisici\u00f3 i instal\u00b7laci\u00f3 pot ser elevat, sobretot si no disposeu encara d&#8217;un sistema fotovoltaic. No obstant aix\u00f2, <strong>diverses subvencions i incentius fiscals estan disponibles per ajudar-vos amb aquestes despeses<\/strong>.<\/li>\n<li><strong>Depend\u00e8ncia de les condicions meteorol\u00f2giques<\/strong>: L&#8217;efic\u00e0cia de la rec\u00e0rrega solar est\u00e0 influenciada per les condicions meteorol\u00f2giques. En les regions on l&#8217;ensolellament \u00e9s baix, la producci\u00f3 d&#8217;energia solar pot ser limitada, cosa que pot requerir un subministrament addicional d&#8217;energia de la xarxa.<\/li>\n<\/ul>\n<h2>Conclusi\u00f3: El futur de la rec\u00e0rrega el\u00e8ctrica passa per la intel\u00b7lig\u00e8ncia i la sostenibilitat<\/h2>\n<p>En resum, <strong>la borne de rec\u00e0rrega intel\u00b7ligent fotovoltaica<\/strong> representa un avan\u00e7 significatiu en el camp de la rec\u00e0rrega dels vehicles el\u00e8ctrics. En combinar efici\u00e8ncia energ\u00e8tica, respecte pel medi ambient i innovacions tecnol\u00f2giques, ofereix una soluci\u00f3 completa per als usuaris preocupats pel seu impacte ecol\u00f2gic i pels seus costos energ\u00e8tics. Tant si opteu per una borne monof\u00e0sica, trif\u00e0sica o una configuraci\u00f3 adaptada a les vostres necessitats espec\u00edfiques, el futur de la rec\u00e0rrega el\u00e8ctrica es fonamenta indubtablement en sistemes intel\u00b7ligents i sostenibles.<\/p>\n<h2>Preguntes freq\u00fcents sobre les bornes de rec\u00e0rrega fotovoltaiques<\/h2>\n<div class=\"flex max-w-full flex-col flex-grow\">\n<div class=\"min-h-[20px] text-message flex w-full flex-col items-end gap-2 whitespace-normal break-words [.text-message+&amp;]:mt-5 overflow-x-auto\" dir=\"auto\" data-message-author-role=\"assistant\" data-message-id=\"1042eee9-0a33-48e8-9968-ad58f9efef32\">\n<div class=\"flex w-full flex-col gap-1 empty:hidden first:pt-[3px]\">\n<div class=\"markdown prose w-full break-words dark:prose-invert dark\">\n<p>Aquest article resumeix la informaci\u00f3 essencial a considerar abans d&#8217;adquirir la borne de rec\u00e0rrega ideal per a la vostra llar. Tant si considereu instal\u00b7lar una borne monof\u00e0sica de 7 kW com si voleu optimitzar el vostre consum d&#8217;energia solar, aquesta secci\u00f3 us aportar\u00e0 respostes clares i precises.<\/p>\n<\/div>\n<\/div>\n<\/div>\n<\/div>\n<h3>Qu\u00e8 \u00e9s una borne de rec\u00e0rrega intel\u00b7ligent fotovoltaica?<\/h3>\n<p>Es tracta d&#8217;un dispositiu de rec\u00e0rrega per vehicles el\u00e8ctrics que aprofita l&#8217;energia solar generada per panells fotovoltaics, alhora que integra una gesti\u00f3 intel\u00b7ligent de l&#8217;energia.<\/p>\n<p><img decoding=\"async\" class=\"alignnone size-full wp-image-178832\" src=\"https:\/\/v2charge.com\/wp-content\/uploads\/2024\/09\/trydan-borne-intelligente-photovoltaique-obturador.jpg\" alt=\"\" width=\"960\" height=\"560\" srcset=\"https:\/\/v2charge.com\/wp-content\/uploads\/2024\/09\/trydan-borne-intelligente-photovoltaique-obturador.jpg 960w, https:\/\/v2charge.com\/wp-content\/uploads\/2024\/09\/trydan-borne-intelligente-photovoltaique-obturador-300x175.jpg 300w, https:\/\/v2charge.com\/wp-content\/uploads\/2024\/09\/trydan-borne-intelligente-photovoltaique-obturador-768x448.jpg 768w\" sizes=\"(max-width: 960px) 100vw, 960px\" \/><\/p>\n<h3>Com funciona una borne de rec\u00e0rrega 7,4 kW monof\u00e0sica?<\/h3>\n<p>Permet recarregar un vehicle el\u00e8ctric a una pot\u00e8ncia m\u00e0xima de 7,4 kW, cosa que la fa ideal per a les instal\u00b7lacions residencials equipades amb un subministrament monof\u00e0sic.<\/p>\n<h3>Quins s\u00f3n els avantatges d&#8217;una borne de rec\u00e0rrega trif\u00e0sica 22 kW?<\/h3>\n<p>Ofereix una rec\u00e0rrega m\u00e9s r\u00e0pida i eficient, especialment adequada per a les llars que disposen d&#8217;una instal\u00b7laci\u00f3 el\u00e8ctrica trif\u00e0sica i de panells solars eficients.<\/p>\n<h3>Quins s\u00f3n els costos d&#8217;instal\u00b7laci\u00f3 d&#8217;una borne de rec\u00e0rrega 7,4 kW?<\/h3>\n<p>El cost pot variar en funci\u00f3 de les caracter\u00edstiques de la instal\u00b7laci\u00f3, per\u00f2 generalment s&#8217;amortitza r\u00e0pidament gr\u00e0cies als estalvis realitzats en les despeses energ\u00e8tiques. Si voleu con\u00e8ixer el preu exacte per a la instal\u00b7laci\u00f3 d&#8217;una borne de rec\u00e0rrega 7,4kW, <a href=\"https:\/\/v2charge.com\/ca\/troba-instalador\/#contact\"><strong>descobriu i intercanvieu amb la nostra xarxa d&#8217;instal\u00b7ladors<\/strong><\/a>.<\/p>\n<h3>Es pot recarregar el vehicle nom\u00e9s amb energia solar?<\/h3>\n<p>S\u00ed, una borne de rec\u00e0rrega intel\u00b7ligent fotovoltaica permet recarregar un vehicle utilitzant exclusivament el super\u00e0vit d&#8217;energia solar, sense dependre de la xarxa el\u00e8ctrica.<\/p>\n<h3>\u00c9s complicada la instal\u00b7laci\u00f3 d&#8217;una borne de rec\u00e0rrega fotovoltaica?<\/h3>\n<p>L&#8217;instal\u00b7laci\u00f3 ha de ser realitzada per un professional, per\u00f2 generalment \u00e9s r\u00e0pida i pot ser optimitzada per maximitzar l&#8217;explotaci\u00f3 de l&#8217;energia solar.<\/p>\n<div class=\"wp-block-uagb-image uagb-block-7e5d5c12 wp-block-uagb-image--layout-default wp-block-uagb-image--effect-static wp-block-uagb-image--align-none uag-hide-desktop\"><figure class=\"wp-block-uagb-image__figure\"><a class=\"\" href=\"https:\/\/v2charge.com\/ca\/troba-instalador\/\" target=\"\" rel=\"noopener\"><img decoding=\"async\" srcset=\"https:\/\/v2charge.com\/wp-content\/uploads\/2024\/06\/installator-borne-recharge-voiture-electrique.jpg ,https:\/\/v2charge.com\/wp-content\/uploads\/2024\/06\/installator-borne-recharge-voiture-electrique.jpg 780w, https:\/\/v2charge.com\/wp-content\/uploads\/2024\/06\/installator-borne-recharge-voiture-electrique.jpg 360w\" sizes=\"auto, (max-width: 480px) 150px\" src=\"https:\/\/v2charge.com\/wp-content\/uploads\/2024\/06\/installator-borne-recharge-voiture-electrique.jpg\" alt=\"\" class=\"uag-image-162653\" width=\"960\" height=\"560\" title=\"installator-borne-recharge-voiture-electrique\" loading=\"lazy\" role=\"img\"\/><\/a><\/figure><\/div>\n\n\n\n<div class=\"wp-block-uagb-image uagb-block-ca3ba339 wp-block-uagb-image--layout-default wp-block-uagb-image--effect-static wp-block-uagb-image--align-none uag-hide-tab uag-hide-mob\"><figure class=\"wp-block-uagb-image__figure\"><a class=\"\" href=\"https:\/\/v2charge.com\/ca\/troba-instalador\/\" target=\"\" rel=\"noopener\"><img decoding=\"async\" srcset=\"https:\/\/v2charge.com\/wp-content\/uploads\/2024\/06\/installator-bornes-recharge-voiture-electrique.jpg ,https:\/\/v2charge.com\/wp-content\/uploads\/2024\/06\/installator-bornes-recharge-voiture-electrique.jpg 780w, https:\/\/v2charge.com\/wp-content\/uploads\/2024\/06\/installator-bornes-recharge-voiture-electrique.jpg 360w\" sizes=\"auto, (max-width: 480px) 150px\" src=\"https:\/\/v2charge.com\/wp-content\/uploads\/2024\/06\/installator-bornes-recharge-voiture-electrique.jpg\" alt=\"\" class=\"uag-image-162663\" width=\"960\" height=\"560\" title=\"installator-bornes-recharge-voiture-electrique\" loading=\"lazy\" role=\"img\"\/><\/a><\/figure><\/div>\n","protected":false},"excerpt":{"rendered":"<p>.En un context marcat per l&#8217;augment de l&#8217;electrificaci\u00f3 i la presa de consci\u00e8ncia ambiental, la borne de rec\u00e0rrega intel\u00b7ligent fotovoltaica s&#8217;imposa com una soluci\u00f3 innovadora i sostenible per als vehicles el\u00e8ctrics (VE). En integrar-se de manera \u00f2ptima als sistemes solars existents, aquesta tecnologia permet maximitzar l&#8217;explotaci\u00f3 de l&#8217;energia solar, alhora que redueix els costos energ\u00e8tics &#8230; <a title=\"La borne de rec\u00e0rrega intel\u00b7ligent fotovoltaica: una revoluci\u00f3 per a la rec\u00e0rrega dels vehicles el\u00e8ctrics\" class=\"read-more\" href=\"https:\/\/v2charge.com\/ca\/borne-recharge-intelligente-photovoltaique-cat\/\" aria-label=\"M\u00e9s informaci\u00f3 sobre La borne de rec\u00e0rrega intel\u00b7ligent fotovoltaica: una revoluci\u00f3 per a la rec\u00e0rrega dels vehicles el\u00e8ctrics\">Llegiu m\u00e9s<\/a><\/p>\n","protected":false},"author":400,"featured_media":178843,"comment_status":"closed","ping_status":"closed","sticky":false,"template":"","format":"standard","meta":{"_eb_attr":"","content-type":"","_uag_custom_page_level_css":"","footnotes":""},"categories":[],"tags":[],"class_list":["post-310395","post","type-post","status-publish","format-standard","has-post-thumbnail","hentry"],"yoast_head":"<!-- This site is optimized with the Yoast SEO plugin v25.3.1 - https:\/\/yoast.com\/wordpress\/plugins\/seo\/ -->\n<title>La Borne de Rec\u00e0rrega Intel\u00b7ligent Fotovoltaica | V2C<\/title>\n<meta name=\"description\" content=\"La borne de rec\u00e0rrega intel\u00b7ligent fotovoltaica, un aven\u00e7 significatiu en la rec\u00e0rrega dels vehicles el\u00e8ctrics.\" \/>\n<meta name=\"robots\" content=\"index, follow, max-snippet:-1, max-image-preview:large, max-video-preview:-1\" \/>\n<link rel=\"canonical\" href=\"https:\/\/v2charge.com\/ca\/borne-recharge-intelligente-photovoltaique-cat\/\" \/>\n<meta property=\"og:locale\" content=\"ca_ES\" \/>\n<meta property=\"og:type\" content=\"article\" \/>\n<meta property=\"og:title\" content=\"La Borne de Rec\u00e0rrega Intel\u00b7ligent Fotovoltaica | V2C\" \/>\n<meta property=\"og:description\" content=\"La borne de rec\u00e0rrega intel\u00b7ligent fotovoltaica, un aven\u00e7 significatiu en la rec\u00e0rrega dels vehicles el\u00e8ctrics.\" \/>\n<meta property=\"og:url\" content=\"https:\/\/v2charge.com\/ca\/borne-recharge-intelligente-photovoltaique-cat\/\" \/>\n<meta property=\"og:site_name\" content=\"V2C\" \/>\n<meta property=\"article:publisher\" content=\"https:\/\/www.facebook.com\/V2C.Charge\" \/>\n<meta property=\"article:published_time\" content=\"2024-09-20T13:53:50+00:00\" \/>\n<meta property=\"article:modified_time\" content=\"2024-09-20T13:55:29+00:00\" \/>\n<meta property=\"og:image\" content=\"https:\/\/v2charge.com\/wp-content\/uploads\/2024\/09\/trydan-borne-intelligente-photovoltaique-triphase.jpg\" \/>\n\t<meta property=\"og:image:width\" content=\"960\" \/>\n\t<meta property=\"og:image:height\" content=\"560\" \/>\n\t<meta property=\"og:image:type\" content=\"image\/jpeg\" \/>\n<meta name=\"author\" content=\"V2C\" \/>\n<meta name=\"twitter:card\" content=\"summary_large_image\" \/>\n<meta name=\"twitter:creator\" content=\"@V2C_Charge\" \/>\n<meta name=\"twitter:site\" content=\"@V2C_Charge\" \/>\n<meta name=\"twitter:label1\" content=\"Escrit per\" \/>\n\t<meta name=\"twitter:data1\" content=\"V2C\" \/>\n\t<meta name=\"twitter:label2\" content=\"Temps estimat de lectura\" \/>\n\t<meta name=\"twitter:data2\" content=\"8 minuts\" \/>\n<script type=\"application\/ld+json\" class=\"yoast-schema-graph\">{\"@context\":\"https:\/\/schema.org\",\"@graph\":[{\"@type\":\"Article\",\"@id\":\"https:\/\/v2charge.com\/ca\/borne-recharge-intelligente-photovoltaique-cat\/#article\",\"isPartOf\":{\"@id\":\"https:\/\/v2charge.com\/ca\/borne-recharge-intelligente-photovoltaique-cat\/\"},\"author\":{\"name\":\"V2C\",\"@id\":\"https:\/\/v2charge.com\/ca\/#\/schema\/person\/d6f210a94a856acdddec347b2127fd0f\"},\"headline\":\"La borne de rec\u00e0rrega intel\u00b7ligent fotovoltaica: una revoluci\u00f3 per a la rec\u00e0rrega dels vehicles el\u00e8ctrics\",\"datePublished\":\"2024-09-20T13:53:50+00:00\",\"dateModified\":\"2024-09-20T13:55:29+00:00\",\"mainEntityOfPage\":{\"@id\":\"https:\/\/v2charge.com\/ca\/borne-recharge-intelligente-photovoltaique-cat\/\"},\"wordCount\":1635,\"publisher\":{\"@id\":\"https:\/\/v2charge.com\/ca\/#organization\"},\"image\":{\"@id\":\"https:\/\/v2charge.com\/ca\/borne-recharge-intelligente-photovoltaique-cat\/#primaryimage\"},\"thumbnailUrl\":\"https:\/\/v2charge.com\/wp-content\/uploads\/2024\/09\/trydan-borne-intelligente-photovoltaique-triphase.jpg\",\"inLanguage\":\"ca\"},{\"@type\":\"WebPage\",\"@id\":\"https:\/\/v2charge.com\/ca\/borne-recharge-intelligente-photovoltaique-cat\/\",\"url\":\"https:\/\/v2charge.com\/ca\/borne-recharge-intelligente-photovoltaique-cat\/\",\"name\":\"La Borne de Rec\u00e0rrega Intel\u00b7ligent Fotovoltaica | V2C\",\"isPartOf\":{\"@id\":\"https:\/\/v2charge.com\/ca\/#website\"},\"primaryImageOfPage\":{\"@id\":\"https:\/\/v2charge.com\/ca\/borne-recharge-intelligente-photovoltaique-cat\/#primaryimage\"},\"image\":{\"@id\":\"https:\/\/v2charge.com\/ca\/borne-recharge-intelligente-photovoltaique-cat\/#primaryimage\"},\"thumbnailUrl\":\"https:\/\/v2charge.com\/wp-content\/uploads\/2024\/09\/trydan-borne-intelligente-photovoltaique-triphase.jpg\",\"datePublished\":\"2024-09-20T13:53:50+00:00\",\"dateModified\":\"2024-09-20T13:55:29+00:00\",\"description\":\"La borne de rec\u00e0rrega intel\u00b7ligent fotovoltaica, un aven\u00e7 significatiu en la rec\u00e0rrega dels vehicles el\u00e8ctrics.\",\"breadcrumb\":{\"@id\":\"https:\/\/v2charge.com\/ca\/borne-recharge-intelligente-photovoltaique-cat\/#breadcrumb\"},\"inLanguage\":\"ca\",\"potentialAction\":[{\"@type\":\"ReadAction\",\"target\":[\"https:\/\/v2charge.com\/ca\/borne-recharge-intelligente-photovoltaique-cat\/\"]}]},{\"@type\":\"ImageObject\",\"inLanguage\":\"ca\",\"@id\":\"https:\/\/v2charge.com\/ca\/borne-recharge-intelligente-photovoltaique-cat\/#primaryimage\",\"url\":\"https:\/\/v2charge.com\/wp-content\/uploads\/2024\/09\/trydan-borne-intelligente-photovoltaique-triphase.jpg\",\"contentUrl\":\"https:\/\/v2charge.com\/wp-content\/uploads\/2024\/09\/trydan-borne-intelligente-photovoltaique-triphase.jpg\",\"width\":960,\"height\":560},{\"@type\":\"BreadcrumbList\",\"@id\":\"https:\/\/v2charge.com\/ca\/borne-recharge-intelligente-photovoltaique-cat\/#breadcrumb\",\"itemListElement\":[{\"@type\":\"ListItem\",\"position\":1,\"name\":\"V2C\",\"item\":\"https:\/\/v2charge.com\/ca\/\"},{\"@type\":\"ListItem\",\"position\":2,\"name\":\"e-mobility\",\"item\":\"https:\/\/v2charge.com\/eu\/e-mobility\/\"},{\"@type\":\"ListItem\",\"position\":3,\"name\":\"La borne de rec\u00e0rrega intel\u00b7ligent fotovoltaica: una revoluci\u00f3 per a la rec\u00e0rrega dels vehicles el\u00e8ctrics\"}]},{\"@type\":\"WebSite\",\"@id\":\"https:\/\/v2charge.com\/ca\/#website\",\"url\":\"https:\/\/v2charge.com\/ca\/\",\"name\":\"V2C\",\"description\":\"#CargandoElMa\u00f1ana\",\"publisher\":{\"@id\":\"https:\/\/v2charge.com\/ca\/#organization\"},\"potentialAction\":[{\"@type\":\"SearchAction\",\"target\":{\"@type\":\"EntryPoint\",\"urlTemplate\":\"https:\/\/v2charge.com\/ca\/?s={search_term_string}\"},\"query-input\":{\"@type\":\"PropertyValueSpecification\",\"valueRequired\":true,\"valueName\":\"search_term_string\"}}],\"inLanguage\":\"ca\"},{\"@type\":\"Organization\",\"@id\":\"https:\/\/v2charge.com\/ca\/#organization\",\"name\":\"V2C\",\"url\":\"https:\/\/v2charge.com\/ca\/\",\"logo\":{\"@type\":\"ImageObject\",\"inLanguage\":\"ca\",\"@id\":\"https:\/\/v2charge.com\/ca\/#\/schema\/logo\/image\/\",\"url\":\"https:\/\/v2charge.com\/wp-content\/uploads\/2024\/11\/cropped-v2c-charge-logo-menu.png\",\"contentUrl\":\"https:\/\/v2charge.com\/wp-content\/uploads\/2024\/11\/cropped-v2c-charge-logo-menu.png\",\"width\":984,\"height\":431,\"caption\":\"V2C\"},\"image\":{\"@id\":\"https:\/\/v2charge.com\/ca\/#\/schema\/logo\/image\/\"},\"sameAs\":[\"https:\/\/www.facebook.com\/V2C.Charge\",\"https:\/\/x.com\/V2C_Charge\",\"https:\/\/www.instagram.com\/v2c.charge\/\",\"https:\/\/www.youtube.com\/@V2C\",\"https:\/\/www.linkedin.com\/company\/v2c-chargers\/\"]},{\"@type\":\"Person\",\"@id\":\"https:\/\/v2charge.com\/ca\/#\/schema\/person\/d6f210a94a856acdddec347b2127fd0f\",\"name\":\"V2C\",\"image\":{\"@type\":\"ImageObject\",\"inLanguage\":\"ca\",\"@id\":\"https:\/\/v2charge.com\/ca\/#\/schema\/person\/image\/\",\"url\":\"https:\/\/secure.gravatar.com\/avatar\/a91128c4c0d2f4d63bd586301fdec6cc9aa49c885839b25d1c62700f529f267c?s=96&d=mm&r=g\",\"contentUrl\":\"https:\/\/secure.gravatar.com\/avatar\/a91128c4c0d2f4d63bd586301fdec6cc9aa49c885839b25d1c62700f529f267c?s=96&d=mm&r=g\",\"caption\":\"V2C\"}}]}<\/script>\n<!-- \/ Yoast SEO plugin. -->","yoast_head_json":{"title":"La Borne de Rec\u00e0rrega Intel\u00b7ligent Fotovoltaica | V2C","description":"La borne de rec\u00e0rrega intel\u00b7ligent fotovoltaica, un aven\u00e7 significatiu en la rec\u00e0rrega dels vehicles el\u00e8ctrics.","robots":{"index":"index","follow":"follow","max-snippet":"max-snippet:-1","max-image-preview":"max-image-preview:large","max-video-preview":"max-video-preview:-1"},"canonical":"https:\/\/v2charge.com\/ca\/borne-recharge-intelligente-photovoltaique-cat\/","og_locale":"ca_ES","og_type":"article","og_title":"La Borne de Rec\u00e0rrega Intel\u00b7ligent Fotovoltaica | V2C","og_description":"La borne de rec\u00e0rrega intel\u00b7ligent fotovoltaica, un aven\u00e7 significatiu en la rec\u00e0rrega dels vehicles el\u00e8ctrics.","og_url":"https:\/\/v2charge.com\/ca\/borne-recharge-intelligente-photovoltaique-cat\/","og_site_name":"V2C","article_publisher":"https:\/\/www.facebook.com\/V2C.Charge","article_published_time":"2024-09-20T13:53:50+00:00","article_modified_time":"2024-09-20T13:55:29+00:00","og_image":[{"width":960,"height":560,"url":"https:\/\/v2charge.com\/wp-content\/uploads\/2024\/09\/trydan-borne-intelligente-photovoltaique-triphase.jpg","type":"image\/jpeg"}],"author":"V2C","twitter_card":"summary_large_image","twitter_creator":"@V2C_Charge","twitter_site":"@V2C_Charge","twitter_misc":{"Escrit per":"V2C","Temps estimat de lectura":"8 minuts"},"schema":{"@context":"https:\/\/schema.org","@graph":[{"@type":"Article","@id":"https:\/\/v2charge.com\/ca\/borne-recharge-intelligente-photovoltaique-cat\/#article","isPartOf":{"@id":"https:\/\/v2charge.com\/ca\/borne-recharge-intelligente-photovoltaique-cat\/"},"author":{"name":"V2C","@id":"https:\/\/v2charge.com\/ca\/#\/schema\/person\/d6f210a94a856acdddec347b2127fd0f"},"headline":"La borne de rec\u00e0rrega intel\u00b7ligent fotovoltaica: una revoluci\u00f3 per a la rec\u00e0rrega dels vehicles el\u00e8ctrics","datePublished":"2024-09-20T13:53:50+00:00","dateModified":"2024-09-20T13:55:29+00:00","mainEntityOfPage":{"@id":"https:\/\/v2charge.com\/ca\/borne-recharge-intelligente-photovoltaique-cat\/"},"wordCount":1635,"publisher":{"@id":"https:\/\/v2charge.com\/ca\/#organization"},"image":{"@id":"https:\/\/v2charge.com\/ca\/borne-recharge-intelligente-photovoltaique-cat\/#primaryimage"},"thumbnailUrl":"https:\/\/v2charge.com\/wp-content\/uploads\/2024\/09\/trydan-borne-intelligente-photovoltaique-triphase.jpg","inLanguage":"ca"},{"@type":"WebPage","@id":"https:\/\/v2charge.com\/ca\/borne-recharge-intelligente-photovoltaique-cat\/","url":"https:\/\/v2charge.com\/ca\/borne-recharge-intelligente-photovoltaique-cat\/","name":"La Borne de Rec\u00e0rrega Intel\u00b7ligent Fotovoltaica | V2C","isPartOf":{"@id":"https:\/\/v2charge.com\/ca\/#website"},"primaryImageOfPage":{"@id":"https:\/\/v2charge.com\/ca\/borne-recharge-intelligente-photovoltaique-cat\/#primaryimage"},"image":{"@id":"https:\/\/v2charge.com\/ca\/borne-recharge-intelligente-photovoltaique-cat\/#primaryimage"},"thumbnailUrl":"https:\/\/v2charge.com\/wp-content\/uploads\/2024\/09\/trydan-borne-intelligente-photovoltaique-triphase.jpg","datePublished":"2024-09-20T13:53:50+00:00","dateModified":"2024-09-20T13:55:29+00:00","description":"La borne de rec\u00e0rrega intel\u00b7ligent fotovoltaica, un aven\u00e7 significatiu en la rec\u00e0rrega dels vehicles el\u00e8ctrics.","breadcrumb":{"@id":"https:\/\/v2charge.com\/ca\/borne-recharge-intelligente-photovoltaique-cat\/#breadcrumb"},"inLanguage":"ca","potentialAction":[{"@type":"ReadAction","target":["https:\/\/v2charge.com\/ca\/borne-recharge-intelligente-photovoltaique-cat\/"]}]},{"@type":"ImageObject","inLanguage":"ca","@id":"https:\/\/v2charge.com\/ca\/borne-recharge-intelligente-photovoltaique-cat\/#primaryimage","url":"https:\/\/v2charge.com\/wp-content\/uploads\/2024\/09\/trydan-borne-intelligente-photovoltaique-triphase.jpg","contentUrl":"https:\/\/v2charge.com\/wp-content\/uploads\/2024\/09\/trydan-borne-intelligente-photovoltaique-triphase.jpg","width":960,"height":560},{"@type":"BreadcrumbList","@id":"https:\/\/v2charge.com\/ca\/borne-recharge-intelligente-photovoltaique-cat\/#breadcrumb","itemListElement":[{"@type":"ListItem","position":1,"name":"V2C","item":"https:\/\/v2charge.com\/ca\/"},{"@type":"ListItem","position":2,"name":"e-mobility","item":"https:\/\/v2charge.com\/eu\/e-mobility\/"},{"@type":"ListItem","position":3,"name":"La borne de rec\u00e0rrega intel\u00b7ligent fotovoltaica: una revoluci\u00f3 per a la rec\u00e0rrega dels vehicles el\u00e8ctrics"}]},{"@type":"WebSite","@id":"https:\/\/v2charge.com\/ca\/#website","url":"https:\/\/v2charge.com\/ca\/","name":"V2C","description":"#CargandoElMa\u00f1ana","publisher":{"@id":"https:\/\/v2charge.com\/ca\/#organization"},"potentialAction":[{"@type":"SearchAction","target":{"@type":"EntryPoint","urlTemplate":"https:\/\/v2charge.com\/ca\/?s={search_term_string}"},"query-input":{"@type":"PropertyValueSpecification","valueRequired":true,"valueName":"search_term_string"}}],"inLanguage":"ca"},{"@type":"Organization","@id":"https:\/\/v2charge.com\/ca\/#organization","name":"V2C","url":"https:\/\/v2charge.com\/ca\/","logo":{"@type":"ImageObject","inLanguage":"ca","@id":"https:\/\/v2charge.com\/ca\/#\/schema\/logo\/image\/","url":"https:\/\/v2charge.com\/wp-content\/uploads\/2024\/11\/cropped-v2c-charge-logo-menu.png","contentUrl":"https:\/\/v2charge.com\/wp-content\/uploads\/2024\/11\/cropped-v2c-charge-logo-menu.png","width":984,"height":431,"caption":"V2C"},"image":{"@id":"https:\/\/v2charge.com\/ca\/#\/schema\/logo\/image\/"},"sameAs":["https:\/\/www.facebook.com\/V2C.Charge","https:\/\/x.com\/V2C_Charge","https:\/\/www.instagram.com\/v2c.charge\/","https:\/\/www.youtube.com\/@V2C","https:\/\/www.linkedin.com\/company\/v2c-chargers\/"]},{"@type":"Person","@id":"https:\/\/v2charge.com\/ca\/#\/schema\/person\/d6f210a94a856acdddec347b2127fd0f","name":"V2C","image":{"@type":"ImageObject","inLanguage":"ca","@id":"https:\/\/v2charge.com\/ca\/#\/schema\/person\/image\/","url":"https:\/\/secure.gravatar.com\/avatar\/a91128c4c0d2f4d63bd586301fdec6cc9aa49c885839b25d1c62700f529f267c?s=96&d=mm&r=g","contentUrl":"https:\/\/secure.gravatar.com\/avatar\/a91128c4c0d2f4d63bd586301fdec6cc9aa49c885839b25d1c62700f529f267c?s=96&d=mm&r=g","caption":"V2C"}}]}},"uagb_featured_image_src":{"full":["https:\/\/v2charge.com\/wp-content\/uploads\/2024\/09\/trydan-borne-intelligente-photovoltaique-triphase.jpg",960,560,false],"thumbnail":["https:\/\/v2charge.com\/wp-content\/uploads\/2024\/09\/trydan-borne-intelligente-photovoltaique-triphase-150x150.jpg",150,150,true],"medium":["https:\/\/v2charge.com\/wp-content\/uploads\/2024\/09\/trydan-borne-intelligente-photovoltaique-triphase-300x175.jpg",300,175,true],"medium_large":["https:\/\/v2charge.com\/wp-content\/uploads\/2024\/09\/trydan-borne-intelligente-photovoltaique-triphase-768x448.jpg",768,448,true],"large":["https:\/\/v2charge.com\/wp-content\/uploads\/2024\/09\/trydan-borne-intelligente-photovoltaique-triphase.jpg",960,560,false],"gs-tiny":["https:\/\/v2charge.com\/wp-content\/uploads\/2024\/09\/trydan-borne-intelligente-photovoltaique-triphase.jpg",50,29,false],"xl":["https:\/\/v2charge.com\/wp-content\/uploads\/2024\/09\/trydan-borne-intelligente-photovoltaique-triphase.jpg",960,560,false],"xxl":["https:\/\/v2charge.com\/wp-content\/uploads\/2024\/09\/trydan-borne-intelligente-photovoltaique-triphase.jpg",960,560,false],"xxxl":["https:\/\/v2charge.com\/wp-content\/uploads\/2024\/09\/trydan-borne-intelligente-photovoltaique-triphase.jpg",960,560,false],"xxxxl":["https:\/\/v2charge.com\/wp-content\/uploads\/2024\/09\/trydan-borne-intelligente-photovoltaique-triphase.jpg",960,560,false],"xxxxxl":["https:\/\/v2charge.com\/wp-content\/uploads\/2024\/09\/trydan-borne-intelligente-photovoltaique-triphase.jpg",960,560,false],"1536x1536":["https:\/\/v2charge.com\/wp-content\/uploads\/2024\/09\/trydan-borne-intelligente-photovoltaique-triphase.jpg",960,560,false],"2048x2048":["https:\/\/v2charge.com\/wp-content\/uploads\/2024\/09\/trydan-borne-intelligente-photovoltaique-triphase.jpg",960,560,false]},"uagb_author_info":{"display_name":"V2C","author_link":"https:\/\/v2charge.com\/ca\/author\/marketing\/"},"uagb_comment_info":0,"uagb_excerpt":".En un context marcat per l&#8217;augment de l&#8217;electrificaci\u00f3 i la presa de consci\u00e8ncia ambiental, la borne de rec\u00e0rrega intel\u00b7ligent fotovoltaica s&#8217;imposa com una soluci\u00f3 innovadora i sostenible per als vehicles el\u00e8ctrics (VE). En integrar-se de manera \u00f2ptima als sistemes solars existents, aquesta tecnologia permet maximitzar l&#8217;explotaci\u00f3 de l&#8217;energia solar, alhora que redueix els costos energ\u00e8tics&hellip;","_links":{"self":[{"href":"https:\/\/v2charge.com\/ca\/wp-json\/wp\/v2\/posts\/310395","targetHints":{"allow":["GET"]}}],"collection":[{"href":"https:\/\/v2charge.com\/ca\/wp-json\/wp\/v2\/posts"}],"about":[{"href":"https:\/\/v2charge.com\/ca\/wp-json\/wp\/v2\/types\/post"}],"author":[{"embeddable":true,"href":"https:\/\/v2charge.com\/ca\/wp-json\/wp\/v2\/users\/400"}],"replies":[{"embeddable":true,"href":"https:\/\/v2charge.com\/ca\/wp-json\/wp\/v2\/comments?post=310395"}],"version-history":[{"count":0,"href":"https:\/\/v2charge.com\/ca\/wp-json\/wp\/v2\/posts\/310395\/revisions"}],"wp:featuredmedia":[{"embeddable":true,"href":"https:\/\/v2charge.com\/ca\/wp-json\/wp\/v2\/media\/178843"}],"wp:attachment":[{"href":"https:\/\/v2charge.com\/ca\/wp-json\/wp\/v2\/media?parent=310395"}],"wp:term":[{"taxonomy":"category","embeddable":true,"href":"https:\/\/v2charge.com\/ca\/wp-json\/wp\/v2\/categories?post=310395"},{"taxonomy":"post_tag","embeddable":true,"href":"https:\/\/v2charge.com\/ca\/wp-json\/wp\/v2\/tags?post=310395"}],"curies":[{"name":"wp","href":"https:\/\/api.w.org\/{rel}","templated":true}]}}