{"id":310406,"date":"2025-04-04T14:37:17","date_gmt":"2025-04-04T12:37:17","guid":{"rendered":""},"modified":"2025-04-04T14:37:19","modified_gmt":"2025-04-04T12:37:19","slug":"entrevista-a-ronmell-carreras-fundador-de-khematec-solutions","status":"publish","type":"post","link":"https:\/\/v2charge.com\/ca\/entrevista-a-ronmell-carreras-fundador-de-khematec-solutions\/","title":{"rendered":"Entrevista a Ronmell Carreras, fundador de Khematec Solutions"},"content":{"rendered":"<p><span style=\"font-weight: 400;\">A V2C, donem una gran import\u00e0ncia a la <strong><a href=\"https:\/\/v2charge.com\/ca\/comunitat\/\">comunitat<\/a><\/strong> que s&#8217;ha constru\u00eft al voltant de la nostra marca, reunint clients, desenvolupadors, instal\u00b7ladors i apassionats de la mobilitat el\u00e8ctrica. Aquesta sinergia \u00e9s al cor del nostre comprom\u00eds, i \u00e9s per aix\u00f2 que volem posar en relleu aquells que en formen part.<\/span><\/p>\n<p><span style=\"font-weight: 400;\">Amb aquesta perspectiva, avui donem la paraula a Ronmell Carreras, fundador de <\/span><i><span style=\"font-weight: 400;\">Khematec Solutions<\/span><\/i><span style=\"font-weight: 400;\">, <strong>una empresa especialitzada en la instal\u00b7laci\u00f3 de punts de c\u00e0rrega<\/strong>, que integra la nostra soluci\u00f3 Trydan en nombrosos projectes.<\/span><\/p>\n<h2><span style=\"font-weight: 400;\">Podria proporcionar una breu introducci\u00f3 sobre la seva experi\u00e8ncia en el camp de la mobilitat el\u00e8ctrica?<\/span><\/h2>\n<p><span style=\"font-weight: 400;\">S\u00f3c Ronmell Carreras, artes\u00e0 electricista independent i instal\u00b7lador <strong>certificat IRVE<\/strong> a Alta Garona. He fundat Khematec Solutions per acompanyar la transici\u00f3 energ\u00e8tica oferint instal\u00b7lacions de punts de c\u00e0rrega a mida, fiables i duradores. La meva aproximaci\u00f3 est\u00e0 <strong>centrada en la qualitat del servei, el respecte de les normes i la satisfacci\u00f3 del client<\/strong>.<\/span><\/p>\n<h2><span style=\"font-weight: 400;\">Des del seu punt de vista, com ha evolucionat el mercat dels vehicles el\u00e8ctrics i la infraestructura de c\u00e0rrega en els darrers anys?<\/span><\/h2>\n<p><span style=\"font-weight: 400;\">El mercat ha experimentat una forta acceleraci\u00f3. Fa uns anys, el punt de c\u00e0rrega a casa era un luxe; avui, s&#8217;ha convertit en una necessitat. Els conductors volen autonomia, confort i rapidesa de c\u00e0rrega. Alhora, <strong>les ajudes de l&#8217;Estat i les innovacions tecnol\u00f2giques han facilitat l&#8217;acc\u00e9s a aquestes solucions de manera m\u00e9s senzilla i econ\u00f2mica<\/strong>.<\/span><\/p>\n<h2><span style=\"font-weight: 400;\">Quins factors considera crucials a l&#8217;hora de triar els punts de c\u00e0rrega a instal\u00b7lar?<\/span><\/h2>\n<p><span style=\"font-weight: 400;\">Atorgo una gran import\u00e0ncia a la <strong>fiabilitat<\/strong>, a la compatibilitat amb els vehicles actuals i futurs, a la <strong>facilitat d&#8217;\u00fas<\/strong> per als meus clients, i al <strong>servei postvenda<\/strong>. Tamb\u00e9 privilegio els <strong>punts fabricats a Europa<\/strong> i garantits durant diversos anys, amb opcions connectades si cal.<\/span><\/p>\n<h2><span style=\"font-weight: 400;\">Quins tipus de punts de c\u00e0rrega s\u00f3n els m\u00e9s populars entre els seus clients?<\/span><\/h2>\n<p><span style=\"font-weight: 400;\">Els meus clients s&#8217;orienten majorit\u00e0riament cap a punts de c\u00e0rrega murals monof\u00e0sics de 7,4 kW, sovint connectats. Busquen una bona relaci\u00f3 qualitat\/preu, un punt discret, per\u00f2 eficient.<\/span><\/p>\n<p><img decoding=\"async\" class=\"alignnone size-full wp-image-213369\" src=\"https:\/\/v2charge.com\/wp-content\/uploads\/2025\/04\/fr-instalador.jpg\" alt=\"\" width=\"960\" height=\"560\" srcset=\"https:\/\/v2charge.com\/wp-content\/uploads\/2025\/04\/fr-instalador.jpg 960w, https:\/\/v2charge.com\/wp-content\/uploads\/2025\/04\/fr-instalador-300x175.jpg 300w, https:\/\/v2charge.com\/wp-content\/uploads\/2025\/04\/fr-instalador-768x448.jpg 768w, https:\/\/v2charge.com\/wp-content\/uploads\/2025\/04\/fr-instalador-50x29.jpg 50w\" sizes=\"(max-width: 960px) 100vw, 960px\" \/><\/p>\n<h2><span style=\"font-weight: 400;\">Quina \u00e9s la seva opini\u00f3 sobre Trydan V2C i per qu\u00e8 forma part dels instal\u00b7ladors d&#8217;aquest carregador?<\/span><\/h2>\n<p><span style=\"font-weight: 400;\">La <strong><a href=\"https:\/\/v2charge.com\/ca\/area-de-suport\/suport-trydan\/\">Trydan<\/a> de V2C \u00e9s un punt complet<\/strong>, intu\u00eftiu, amb una connectivitat avan\u00e7ada i una fabricaci\u00f3 europea. Permet una <strong>integraci\u00f3 intel\u00b7ligent amb el fotovoltaic<\/strong>, un control remot mitjan\u00e7ant aplicaci\u00f3, i gaudeix d&#8217;una garantia s\u00f2lida. \u00c9s una elecci\u00f3 de confian\u00e7a que recomano sovint als meus clients exigents.<\/span><\/p>\n<h2><span style=\"font-weight: 400;\">Quins s\u00f3n els majors desafiaments que troba a l&#8217;hora d&#8217;instal\u00b7lar un punt de c\u00e0rrega?<\/span><\/h2>\n<p><span style=\"font-weight: 400;\">Cada instal\u00b7laci\u00f3 \u00e9s \u00fanica. El principal repte \u00e9s adaptar-se a les limitacions t\u00e8cniques de cada habitatge mentre es garanteix <strong>la seguretat, la conformitat amb la norma NFC 15-100 i la satisfacci\u00f3 del client<\/strong>. Tamb\u00e9 cal simplificar l&#8217;aspecte t\u00e8cnic per tranquil\u00b7litzar i guiar.<\/span><\/p>\n<h2><span style=\"font-weight: 400;\">Quina \u00e9s la seva visi\u00f3 del futur de la mobilitat el\u00e8ctrica i de la infraestructura de c\u00e0rrega?<\/span><\/h2>\n<p><span style=\"font-weight: 400;\">Estic conven\u00e7ut que la mobilitat el\u00e8ctrica es convertir\u00e0 en la norma. El futur passar\u00e0 per punts cada vegada m\u00e9s intel\u00b7ligents, sistemes interconnectats amb les cases i les xarxes (smart grid), i una generalitzaci\u00f3 de les solucions a casa. El meu paper \u00e9s acompanyar aquesta evoluci\u00f3 amb serietat, pedagogia i transpar\u00e8ncia.<\/span><\/p>\n<blockquote><p><span style=\"font-weight: 400;\">Volem agrair <strong>Ronmell per haver compartit amb nosaltres la seva valuosa perspectiva i experi\u00e8ncia<\/strong>. La seva experi\u00e8ncia i comprom\u00eds en el camp de la mobilitat el\u00e8ctrica s\u00f3n una veritable font d&#8217;inspiraci\u00f3 i reforcen el nostre entusiasme pel futur de la c\u00e0rrega el\u00e8ctrica.<\/span><\/p>\n<p>V2C<\/p><\/blockquote>\n","protected":false},"excerpt":{"rendered":"<p>A V2C, donem una gran import\u00e0ncia a la comunitat que s&#8217;ha constru\u00eft al voltant de la nostra marca, reunint clients, desenvolupadors, instal\u00b7ladors i apassionats de la mobilitat el\u00e8ctrica. Aquesta sinergia \u00e9s al cor del nostre comprom\u00eds, i \u00e9s per aix\u00f2 que volem posar en relleu aquells que en formen part. Amb aquesta perspectiva, avui donem &#8230; <a title=\"Entrevista a Ronmell Carreras, fundador de Khematec Solutions\" class=\"read-more\" href=\"https:\/\/v2charge.com\/ca\/entrevista-a-ronmell-carreras-fundador-de-khematec-solutions\/\" aria-label=\"M\u00e9s informaci\u00f3 sobre Entrevista a Ronmell Carreras, fundador de Khematec Solutions\">Llegiu m\u00e9s<\/a><\/p>\n","protected":false},"author":400,"featured_media":213380,"comment_status":"closed","ping_status":"closed","sticky":false,"template":"","format":"standard","meta":{"_eb_attr":"","content-type":"","_uag_custom_page_level_css":"","footnotes":""},"categories":[],"tags":[],"class_list":["post-310406","post","type-post","status-publish","format-standard","has-post-thumbnail","hentry"],"yoast_head":"<!-- This site is optimized with the Yoast SEO plugin v25.3.1 - https:\/\/yoast.com\/wordpress\/plugins\/seo\/ -->\n<title>Entrevista a Ronmell Carreras, fundador de Khematec Solutions<\/title>\n<meta name=\"description\" content=\"Hem entrevistat a Ronmell de Khematec Solutions, instal\u00b7lador de punts de c\u00e0rrega i expert del sector. Ens comparteix la seva visi\u00f3 de la mobilitat el\u00e8ctrica.\" \/>\n<meta name=\"robots\" content=\"index, follow, max-snippet:-1, max-image-preview:large, max-video-preview:-1\" \/>\n<link rel=\"canonical\" href=\"https:\/\/v2charge.com\/ca\/entrevista-a-ronmell-carreras-fundador-de-khematec-solutions\/\" \/>\n<meta property=\"og:locale\" content=\"ca_ES\" \/>\n<meta property=\"og:type\" content=\"article\" \/>\n<meta property=\"og:title\" content=\"Entrevista a Ronmell Carreras, fundador de Khematec Solutions\" \/>\n<meta property=\"og:description\" content=\"Hem entrevistat a Ronmell de Khematec Solutions, instal\u00b7lador de punts de c\u00e0rrega i expert del sector. Ens comparteix la seva visi\u00f3 de la mobilitat el\u00e8ctrica.\" \/>\n<meta property=\"og:url\" content=\"https:\/\/v2charge.com\/ca\/entrevista-a-ronmell-carreras-fundador-de-khematec-solutions\/\" \/>\n<meta property=\"og:site_name\" content=\"V2C\" \/>\n<meta property=\"article:publisher\" content=\"https:\/\/www.facebook.com\/V2C.Charge\" \/>\n<meta property=\"article:published_time\" content=\"2025-04-04T12:37:17+00:00\" \/>\n<meta property=\"article:modified_time\" content=\"2025-04-04T12:37:19+00:00\" \/>\n<meta property=\"og:image\" content=\"https:\/\/v2charge.com\/wp-content\/uploads\/2025\/04\/fr-installateur.jpg\" \/>\n\t<meta property=\"og:image:width\" content=\"960\" \/>\n\t<meta property=\"og:image:height\" content=\"560\" \/>\n\t<meta property=\"og:image:type\" content=\"image\/jpeg\" \/>\n<meta name=\"author\" content=\"V2C\" \/>\n<meta name=\"twitter:card\" content=\"summary_large_image\" \/>\n<meta name=\"twitter:creator\" content=\"@V2C_Charge\" \/>\n<meta name=\"twitter:site\" content=\"@V2C_Charge\" \/>\n<meta name=\"twitter:label1\" content=\"Escrit per\" \/>\n\t<meta name=\"twitter:data1\" content=\"V2C\" \/>\n\t<meta name=\"twitter:label2\" content=\"Temps estimat de lectura\" \/>\n\t<meta name=\"twitter:data2\" content=\"3 minuts\" \/>\n<script type=\"application\/ld+json\" class=\"yoast-schema-graph\">{\"@context\":\"https:\/\/schema.org\",\"@graph\":[{\"@type\":\"Article\",\"@id\":\"https:\/\/v2charge.com\/ca\/entrevista-a-ronmell-carreras-fundador-de-khematec-solutions\/#article\",\"isPartOf\":{\"@id\":\"https:\/\/v2charge.com\/ca\/entrevista-a-ronmell-carreras-fundador-de-khematec-solutions\/\"},\"author\":{\"name\":\"V2C\",\"@id\":\"https:\/\/v2charge.com\/ca\/#\/schema\/person\/d6f210a94a856acdddec347b2127fd0f\"},\"headline\":\"Entrevista a Ronmell Carreras, fundador de Khematec Solutions\",\"datePublished\":\"2025-04-04T12:37:17+00:00\",\"dateModified\":\"2025-04-04T12:37:19+00:00\",\"mainEntityOfPage\":{\"@id\":\"https:\/\/v2charge.com\/ca\/entrevista-a-ronmell-carreras-fundador-de-khematec-solutions\/\"},\"wordCount\":643,\"publisher\":{\"@id\":\"https:\/\/v2charge.com\/ca\/#organization\"},\"image\":{\"@id\":\"https:\/\/v2charge.com\/ca\/entrevista-a-ronmell-carreras-fundador-de-khematec-solutions\/#primaryimage\"},\"thumbnailUrl\":\"https:\/\/v2charge.com\/wp-content\/uploads\/2025\/04\/fr-installateur.jpg\",\"inLanguage\":\"ca\"},{\"@type\":\"WebPage\",\"@id\":\"https:\/\/v2charge.com\/ca\/entrevista-a-ronmell-carreras-fundador-de-khematec-solutions\/\",\"url\":\"https:\/\/v2charge.com\/ca\/entrevista-a-ronmell-carreras-fundador-de-khematec-solutions\/\",\"name\":\"Entrevista a Ronmell Carreras, fundador de Khematec Solutions\",\"isPartOf\":{\"@id\":\"https:\/\/v2charge.com\/ca\/#website\"},\"primaryImageOfPage\":{\"@id\":\"https:\/\/v2charge.com\/ca\/entrevista-a-ronmell-carreras-fundador-de-khematec-solutions\/#primaryimage\"},\"image\":{\"@id\":\"https:\/\/v2charge.com\/ca\/entrevista-a-ronmell-carreras-fundador-de-khematec-solutions\/#primaryimage\"},\"thumbnailUrl\":\"https:\/\/v2charge.com\/wp-content\/uploads\/2025\/04\/fr-installateur.jpg\",\"datePublished\":\"2025-04-04T12:37:17+00:00\",\"dateModified\":\"2025-04-04T12:37:19+00:00\",\"description\":\"Hem entrevistat a Ronmell de Khematec Solutions, instal\u00b7lador de punts de c\u00e0rrega i expert del sector. Ens comparteix la seva visi\u00f3 de la mobilitat el\u00e8ctrica.\",\"breadcrumb\":{\"@id\":\"https:\/\/v2charge.com\/ca\/entrevista-a-ronmell-carreras-fundador-de-khematec-solutions\/#breadcrumb\"},\"inLanguage\":\"ca\",\"potentialAction\":[{\"@type\":\"ReadAction\",\"target\":[\"https:\/\/v2charge.com\/ca\/entrevista-a-ronmell-carreras-fundador-de-khematec-solutions\/\"]}]},{\"@type\":\"ImageObject\",\"inLanguage\":\"ca\",\"@id\":\"https:\/\/v2charge.com\/ca\/entrevista-a-ronmell-carreras-fundador-de-khematec-solutions\/#primaryimage\",\"url\":\"https:\/\/v2charge.com\/wp-content\/uploads\/2025\/04\/fr-installateur.jpg\",\"contentUrl\":\"https:\/\/v2charge.com\/wp-content\/uploads\/2025\/04\/fr-installateur.jpg\",\"width\":960,\"height\":560},{\"@type\":\"BreadcrumbList\",\"@id\":\"https:\/\/v2charge.com\/ca\/entrevista-a-ronmell-carreras-fundador-de-khematec-solutions\/#breadcrumb\",\"itemListElement\":[{\"@type\":\"ListItem\",\"position\":1,\"name\":\"V2C\",\"item\":\"https:\/\/v2charge.com\/ca\/\"},{\"@type\":\"ListItem\",\"position\":2,\"name\":\"Entrevista a Ronmell Carreras, fundador de Khematec Solutions\"}]},{\"@type\":\"WebSite\",\"@id\":\"https:\/\/v2charge.com\/ca\/#website\",\"url\":\"https:\/\/v2charge.com\/ca\/\",\"name\":\"V2C\",\"description\":\"#CargandoElMa\u00f1ana\",\"publisher\":{\"@id\":\"https:\/\/v2charge.com\/ca\/#organization\"},\"potentialAction\":[{\"@type\":\"SearchAction\",\"target\":{\"@type\":\"EntryPoint\",\"urlTemplate\":\"https:\/\/v2charge.com\/ca\/?s={search_term_string}\"},\"query-input\":{\"@type\":\"PropertyValueSpecification\",\"valueRequired\":true,\"valueName\":\"search_term_string\"}}],\"inLanguage\":\"ca\"},{\"@type\":\"Organization\",\"@id\":\"https:\/\/v2charge.com\/ca\/#organization\",\"name\":\"V2C\",\"url\":\"https:\/\/v2charge.com\/ca\/\",\"logo\":{\"@type\":\"ImageObject\",\"inLanguage\":\"ca\",\"@id\":\"https:\/\/v2charge.com\/ca\/#\/schema\/logo\/image\/\",\"url\":\"https:\/\/v2charge.com\/wp-content\/uploads\/2024\/11\/cropped-v2c-charge-logo-menu.png\",\"contentUrl\":\"https:\/\/v2charge.com\/wp-content\/uploads\/2024\/11\/cropped-v2c-charge-logo-menu.png\",\"width\":984,\"height\":431,\"caption\":\"V2C\"},\"image\":{\"@id\":\"https:\/\/v2charge.com\/ca\/#\/schema\/logo\/image\/\"},\"sameAs\":[\"https:\/\/www.facebook.com\/V2C.Charge\",\"https:\/\/x.com\/V2C_Charge\",\"https:\/\/www.instagram.com\/v2c.charge\/\",\"https:\/\/www.youtube.com\/@V2C\",\"https:\/\/www.linkedin.com\/company\/v2c-chargers\/\"]},{\"@type\":\"Person\",\"@id\":\"https:\/\/v2charge.com\/ca\/#\/schema\/person\/d6f210a94a856acdddec347b2127fd0f\",\"name\":\"V2C\",\"image\":{\"@type\":\"ImageObject\",\"inLanguage\":\"ca\",\"@id\":\"https:\/\/v2charge.com\/ca\/#\/schema\/person\/image\/\",\"url\":\"https:\/\/secure.gravatar.com\/avatar\/a91128c4c0d2f4d63bd586301fdec6cc9aa49c885839b25d1c62700f529f267c?s=96&d=mm&r=g\",\"contentUrl\":\"https:\/\/secure.gravatar.com\/avatar\/a91128c4c0d2f4d63bd586301fdec6cc9aa49c885839b25d1c62700f529f267c?s=96&d=mm&r=g\",\"caption\":\"V2C\"}}]}<\/script>\n<!-- \/ Yoast SEO plugin. -->","yoast_head_json":{"title":"Entrevista a Ronmell Carreras, fundador de Khematec Solutions","description":"Hem entrevistat a Ronmell de Khematec Solutions, instal\u00b7lador de punts de c\u00e0rrega i expert del sector. Ens comparteix la seva visi\u00f3 de la mobilitat el\u00e8ctrica.","robots":{"index":"index","follow":"follow","max-snippet":"max-snippet:-1","max-image-preview":"max-image-preview:large","max-video-preview":"max-video-preview:-1"},"canonical":"https:\/\/v2charge.com\/ca\/entrevista-a-ronmell-carreras-fundador-de-khematec-solutions\/","og_locale":"ca_ES","og_type":"article","og_title":"Entrevista a Ronmell Carreras, fundador de Khematec Solutions","og_description":"Hem entrevistat a Ronmell de Khematec Solutions, instal\u00b7lador de punts de c\u00e0rrega i expert del sector. Ens comparteix la seva visi\u00f3 de la mobilitat el\u00e8ctrica.","og_url":"https:\/\/v2charge.com\/ca\/entrevista-a-ronmell-carreras-fundador-de-khematec-solutions\/","og_site_name":"V2C","article_publisher":"https:\/\/www.facebook.com\/V2C.Charge","article_published_time":"2025-04-04T12:37:17+00:00","article_modified_time":"2025-04-04T12:37:19+00:00","og_image":[{"width":960,"height":560,"url":"https:\/\/v2charge.com\/wp-content\/uploads\/2025\/04\/fr-installateur.jpg","type":"image\/jpeg"}],"author":"V2C","twitter_card":"summary_large_image","twitter_creator":"@V2C_Charge","twitter_site":"@V2C_Charge","twitter_misc":{"Escrit per":"V2C","Temps estimat de lectura":"3 minuts"},"schema":{"@context":"https:\/\/schema.org","@graph":[{"@type":"Article","@id":"https:\/\/v2charge.com\/ca\/entrevista-a-ronmell-carreras-fundador-de-khematec-solutions\/#article","isPartOf":{"@id":"https:\/\/v2charge.com\/ca\/entrevista-a-ronmell-carreras-fundador-de-khematec-solutions\/"},"author":{"name":"V2C","@id":"https:\/\/v2charge.com\/ca\/#\/schema\/person\/d6f210a94a856acdddec347b2127fd0f"},"headline":"Entrevista a Ronmell Carreras, fundador de Khematec Solutions","datePublished":"2025-04-04T12:37:17+00:00","dateModified":"2025-04-04T12:37:19+00:00","mainEntityOfPage":{"@id":"https:\/\/v2charge.com\/ca\/entrevista-a-ronmell-carreras-fundador-de-khematec-solutions\/"},"wordCount":643,"publisher":{"@id":"https:\/\/v2charge.com\/ca\/#organization"},"image":{"@id":"https:\/\/v2charge.com\/ca\/entrevista-a-ronmell-carreras-fundador-de-khematec-solutions\/#primaryimage"},"thumbnailUrl":"https:\/\/v2charge.com\/wp-content\/uploads\/2025\/04\/fr-installateur.jpg","inLanguage":"ca"},{"@type":"WebPage","@id":"https:\/\/v2charge.com\/ca\/entrevista-a-ronmell-carreras-fundador-de-khematec-solutions\/","url":"https:\/\/v2charge.com\/ca\/entrevista-a-ronmell-carreras-fundador-de-khematec-solutions\/","name":"Entrevista a Ronmell Carreras, fundador de Khematec Solutions","isPartOf":{"@id":"https:\/\/v2charge.com\/ca\/#website"},"primaryImageOfPage":{"@id":"https:\/\/v2charge.com\/ca\/entrevista-a-ronmell-carreras-fundador-de-khematec-solutions\/#primaryimage"},"image":{"@id":"https:\/\/v2charge.com\/ca\/entrevista-a-ronmell-carreras-fundador-de-khematec-solutions\/#primaryimage"},"thumbnailUrl":"https:\/\/v2charge.com\/wp-content\/uploads\/2025\/04\/fr-installateur.jpg","datePublished":"2025-04-04T12:37:17+00:00","dateModified":"2025-04-04T12:37:19+00:00","description":"Hem entrevistat a Ronmell de Khematec Solutions, instal\u00b7lador de punts de c\u00e0rrega i expert del sector. Ens comparteix la seva visi\u00f3 de la mobilitat el\u00e8ctrica.","breadcrumb":{"@id":"https:\/\/v2charge.com\/ca\/entrevista-a-ronmell-carreras-fundador-de-khematec-solutions\/#breadcrumb"},"inLanguage":"ca","potentialAction":[{"@type":"ReadAction","target":["https:\/\/v2charge.com\/ca\/entrevista-a-ronmell-carreras-fundador-de-khematec-solutions\/"]}]},{"@type":"ImageObject","inLanguage":"ca","@id":"https:\/\/v2charge.com\/ca\/entrevista-a-ronmell-carreras-fundador-de-khematec-solutions\/#primaryimage","url":"https:\/\/v2charge.com\/wp-content\/uploads\/2025\/04\/fr-installateur.jpg","contentUrl":"https:\/\/v2charge.com\/wp-content\/uploads\/2025\/04\/fr-installateur.jpg","width":960,"height":560},{"@type":"BreadcrumbList","@id":"https:\/\/v2charge.com\/ca\/entrevista-a-ronmell-carreras-fundador-de-khematec-solutions\/#breadcrumb","itemListElement":[{"@type":"ListItem","position":1,"name":"V2C","item":"https:\/\/v2charge.com\/ca\/"},{"@type":"ListItem","position":2,"name":"Entrevista a Ronmell Carreras, fundador de Khematec Solutions"}]},{"@type":"WebSite","@id":"https:\/\/v2charge.com\/ca\/#website","url":"https:\/\/v2charge.com\/ca\/","name":"V2C","description":"#CargandoElMa\u00f1ana","publisher":{"@id":"https:\/\/v2charge.com\/ca\/#organization"},"potentialAction":[{"@type":"SearchAction","target":{"@type":"EntryPoint","urlTemplate":"https:\/\/v2charge.com\/ca\/?s={search_term_string}"},"query-input":{"@type":"PropertyValueSpecification","valueRequired":true,"valueName":"search_term_string"}}],"inLanguage":"ca"},{"@type":"Organization","@id":"https:\/\/v2charge.com\/ca\/#organization","name":"V2C","url":"https:\/\/v2charge.com\/ca\/","logo":{"@type":"ImageObject","inLanguage":"ca","@id":"https:\/\/v2charge.com\/ca\/#\/schema\/logo\/image\/","url":"https:\/\/v2charge.com\/wp-content\/uploads\/2024\/11\/cropped-v2c-charge-logo-menu.png","contentUrl":"https:\/\/v2charge.com\/wp-content\/uploads\/2024\/11\/cropped-v2c-charge-logo-menu.png","width":984,"height":431,"caption":"V2C"},"image":{"@id":"https:\/\/v2charge.com\/ca\/#\/schema\/logo\/image\/"},"sameAs":["https:\/\/www.facebook.com\/V2C.Charge","https:\/\/x.com\/V2C_Charge","https:\/\/www.instagram.com\/v2c.charge\/","https:\/\/www.youtube.com\/@V2C","https:\/\/www.linkedin.com\/company\/v2c-chargers\/"]},{"@type":"Person","@id":"https:\/\/v2charge.com\/ca\/#\/schema\/person\/d6f210a94a856acdddec347b2127fd0f","name":"V2C","image":{"@type":"ImageObject","inLanguage":"ca","@id":"https:\/\/v2charge.com\/ca\/#\/schema\/person\/image\/","url":"https:\/\/secure.gravatar.com\/avatar\/a91128c4c0d2f4d63bd586301fdec6cc9aa49c885839b25d1c62700f529f267c?s=96&d=mm&r=g","contentUrl":"https:\/\/secure.gravatar.com\/avatar\/a91128c4c0d2f4d63bd586301fdec6cc9aa49c885839b25d1c62700f529f267c?s=96&d=mm&r=g","caption":"V2C"}}]}},"uagb_featured_image_src":{"full":["https:\/\/v2charge.com\/wp-content\/uploads\/2025\/04\/fr-installateur.jpg",960,560,false],"thumbnail":["https:\/\/v2charge.com\/wp-content\/uploads\/2025\/04\/fr-installateur-150x150.jpg",150,150,true],"medium":["https:\/\/v2charge.com\/wp-content\/uploads\/2025\/04\/fr-installateur-300x175.jpg",300,175,true],"medium_large":["https:\/\/v2charge.com\/wp-content\/uploads\/2025\/04\/fr-installateur-768x448.jpg",768,448,true],"large":["https:\/\/v2charge.com\/wp-content\/uploads\/2025\/04\/fr-installateur.jpg",960,560,false],"gs-tiny":["https:\/\/v2charge.com\/wp-content\/uploads\/2025\/04\/fr-installateur-50x29.jpg",50,29,true],"xl":["https:\/\/v2charge.com\/wp-content\/uploads\/2025\/04\/fr-installateur.jpg",960,560,false],"xxl":["https:\/\/v2charge.com\/wp-content\/uploads\/2025\/04\/fr-installateur.jpg",960,560,false],"xxxl":["https:\/\/v2charge.com\/wp-content\/uploads\/2025\/04\/fr-installateur.jpg",960,560,false],"xxxxl":["https:\/\/v2charge.com\/wp-content\/uploads\/2025\/04\/fr-installateur.jpg",960,560,false],"xxxxxl":["https:\/\/v2charge.com\/wp-content\/uploads\/2025\/04\/fr-installateur.jpg",960,560,false],"1536x1536":["https:\/\/v2charge.com\/wp-content\/uploads\/2025\/04\/fr-installateur.jpg",960,560,false],"2048x2048":["https:\/\/v2charge.com\/wp-content\/uploads\/2025\/04\/fr-installateur.jpg",960,560,false]},"uagb_author_info":{"display_name":"V2C","author_link":"https:\/\/v2charge.com\/ca\/author\/marketing\/"},"uagb_comment_info":0,"uagb_excerpt":"A V2C, donem una gran import\u00e0ncia a la comunitat que s&#8217;ha constru\u00eft al voltant de la nostra marca, reunint clients, desenvolupadors, instal\u00b7ladors i apassionats de la mobilitat el\u00e8ctrica. Aquesta sinergia \u00e9s al cor del nostre comprom\u00eds, i \u00e9s per aix\u00f2 que volem posar en relleu aquells que en formen part. Amb aquesta perspectiva, avui donem&hellip;","_links":{"self":[{"href":"https:\/\/v2charge.com\/ca\/wp-json\/wp\/v2\/posts\/310406","targetHints":{"allow":["GET"]}}],"collection":[{"href":"https:\/\/v2charge.com\/ca\/wp-json\/wp\/v2\/posts"}],"about":[{"href":"https:\/\/v2charge.com\/ca\/wp-json\/wp\/v2\/types\/post"}],"author":[{"embeddable":true,"href":"https:\/\/v2charge.com\/ca\/wp-json\/wp\/v2\/users\/400"}],"replies":[{"embeddable":true,"href":"https:\/\/v2charge.com\/ca\/wp-json\/wp\/v2\/comments?post=310406"}],"version-history":[{"count":0,"href":"https:\/\/v2charge.com\/ca\/wp-json\/wp\/v2\/posts\/310406\/revisions"}],"wp:featuredmedia":[{"embeddable":true,"href":"https:\/\/v2charge.com\/ca\/wp-json\/wp\/v2\/media\/213380"}],"wp:attachment":[{"href":"https:\/\/v2charge.com\/ca\/wp-json\/wp\/v2\/media?parent=310406"}],"wp:term":[{"taxonomy":"category","embeddable":true,"href":"https:\/\/v2charge.com\/ca\/wp-json\/wp\/v2\/categories?post=310406"},{"taxonomy":"post_tag","embeddable":true,"href":"https:\/\/v2charge.com\/ca\/wp-json\/wp\/v2\/tags?post=310406"}],"curies":[{"name":"wp","href":"https:\/\/api.w.org\/{rel}","templated":true}]}}