{"id":310410,"date":"2025-05-27T15:27:08","date_gmt":"2025-05-27T13:27:08","guid":{"rendered":""},"modified":"2025-05-27T15:27:09","modified_gmt":"2025-05-27T13:27:09","slug":"a-v2c-brilla-a-l-ecar-show-2025-el-futur-electric-pren-vida-a-lisboa","status":"publish","type":"post","link":"https:\/\/v2charge.com\/ca\/a-v2c-brilla-a-l-ecar-show-2025-el-futur-electric-pren-vida-a-lisboa\/","title":{"rendered":"A V2C brilla a l&#8217;ECAR SHOW 2025: el futur el\u00e8ctric pren vida a Lisboa"},"content":{"rendered":"<p data-start=\"333\" data-end=\"853\">Del 7 al 9 de maig de 2025, la V2C va participar amb gran \u00e8xit a l&#8217;ECAR SHOW 2025, <strong>el major escenari portugu\u00e8s dedicat a la mobilitat el\u00e8ctrica, celebrat a la prestigiosa Fira Internacional de Lisboa (FIL)<\/strong>. Durant tres dies, la capital portuguesa es va transformar en l&#8217;epicentre de la innovaci\u00f3 sostenible, reunint fabricants, empreses tecnol\u00f2giques i milers de visitants interessats a descobrir com ser\u00e0 el transport del futur.<\/p>\n<h2 data-start=\"954\" data-end=\"1015\">Un estand que va reflectir el nostre comprom\u00eds amb la innovaci\u00f3<\/h2>\n<p data-start=\"1114\" data-end=\"1480\">Situats al<strong> estand 122<\/strong>, vam rebre centenars de professionals, mitjans de comunicaci\u00f3 especialitzats i particulars c<strong>ompromesos amb la transici\u00f3 energ\u00e8tica<\/strong>. Vam presentar la nostra gamma completa de carregadors per a resid\u00e8ncies, empreses i espais p\u00fablics, dissenyats i fabricats \u00edntegrament a Espanya.<\/p>\n<p data-start=\"1482\" data-end=\"1646\">Des de les nostres solucions m\u00e9s compactes fins a les m\u00e9s robustes, vam mostrar com la V2C est\u00e0 contribuint a l&#8217;electrificaci\u00f3 d&#8217;Europa amb tecnologia d&#8217;avantguarda i accessible.<\/p>\n<h3 data-start=\"1566\" data-end=\"1608\">Denka, el gran protagonista de l&#8217;esdeveniment<\/h3>\n<p data-start=\"1653\" data-end=\"2128\">Sens dubte, un dels principals focus d&#8217;atenci\u00f3 va ser el <a href=\"https:\/\/v2charge.com\/ca\/denka-carrega-rapida\/\"><strong>Denka<\/strong><\/a>, el nostre nou carregador r\u00e0pid ultracompacte. El seu disseny elegant, mida redu\u00efda i impressionant capacitat de c\u00e0rrega el van convertir en el centre d&#8217;atenci\u00f3. El Denka representa un salt qualitatiu en la manera de concebre la c\u00e0rrega r\u00e0pida: pensat per a entorns urbans on l&#8217;espai \u00e9s limitat, per\u00f2 la necessitat d&#8217;efici\u00e8ncia energ\u00e8tica est\u00e0 en creixement.<\/p>\n<p data-start=\"1610\" data-end=\"1866\"><img decoding=\"async\" class=\"alignnone size-full wp-image-225369\" src=\"https:\/\/v2charge.com\/wp-content\/uploads\/2025\/05\/ecar-show-2025-v2c.jpg\" alt=\"\" width=\"960\" height=\"560\" srcset=\"https:\/\/v2charge.com\/wp-content\/uploads\/2025\/05\/ecar-show-2025-v2c.jpg 960w, https:\/\/v2charge.com\/wp-content\/uploads\/2025\/05\/ecar-show-2025-v2c-300x175.jpg 300w, https:\/\/v2charge.com\/wp-content\/uploads\/2025\/05\/ecar-show-2025-v2c-768x448.jpg 768w, https:\/\/v2charge.com\/wp-content\/uploads\/2025\/05\/ecar-show-2025-v2c-50x29.jpg 50w\" sizes=\"(max-width: 960px) 100vw, 960px\" \/><\/p>\n<h2 data-start=\"2190\" data-end=\"2238\">Lisboa es rendeix a la mobilitat del futur<\/h2>\n<p data-start=\"2135\" data-end=\"2501\">Qui va visitar l&#8217;<strong>ECAR SHOW 2025 va tenir l&#8217;oportunitat d&#8217;experimentar de primera m\u00e0 els m\u00e9s recents models de cotxes el\u00e8ctrics<\/strong>, bicicletes d&#8217;\u00faltima generaci\u00f3 i solucions de transport alternatiu. Les confer\u00e8ncies, xerrades i taules rodones van oferir una visi\u00f3 \u00e0mplia del present i del futur de la mobilitat sostenible.<\/p>\n<h2 data-start=\"3455\" data-end=\"3534\">V2C i la transici\u00f3 energ\u00e8tica: un cam\u00ed que continuem a construir amb tu<\/h2>\n<p data-start=\"2508\" data-end=\"2814\">Esdeveniments com l&#8217;ECAR SHOW 2025 ens inspiren a continuar superant els l\u00edmits del possible. Perqu\u00e8 la revoluci\u00f3 el\u00e8ctrica <strong>no es resumeix nom\u00e9s a la tecnologia, es tracta de persones, ciutats i somnis carregats d&#8217;energia neta<\/strong>.<\/p>\n<p data-start=\"2816\" data-end=\"3004\">Continuarem treballant per estar presents on la innovaci\u00f3 es troba amb la sostenibilitat. Ens veiem al proper dest\u00ed! Descobreix tots els nostres pr\u00f2xims esdeveniments a la Comunitat V2C.<\/p>\n","protected":false},"excerpt":{"rendered":"<p>Del 7 al 9 de maig de 2025, la V2C va participar amb gran \u00e8xit a l&#8217;ECAR SHOW 2025, el major escenari portugu\u00e8s dedicat a la mobilitat el\u00e8ctrica, celebrat a la prestigiosa Fira Internacional de Lisboa (FIL). Durant tres dies, la capital portuguesa es va transformar en l&#8217;epicentre de la innovaci\u00f3 sostenible, reunint fabricants, empreses &#8230; <a title=\"A V2C brilla a l&#8217;ECAR SHOW 2025: el futur el\u00e8ctric pren vida a Lisboa\" class=\"read-more\" href=\"https:\/\/v2charge.com\/ca\/a-v2c-brilla-a-l-ecar-show-2025-el-futur-electric-pren-vida-a-lisboa\/\" aria-label=\"M\u00e9s informaci\u00f3 sobre A V2C brilla a l&#8217;ECAR SHOW 2025: el futur el\u00e8ctric pren vida a Lisboa\">Llegiu m\u00e9s<\/a><\/p>\n","protected":false},"author":400,"featured_media":225350,"comment_status":"closed","ping_status":"closed","sticky":false,"template":"","format":"standard","meta":{"_eb_attr":"","content-type":"","_uag_custom_page_level_css":"","footnotes":""},"categories":[],"tags":[],"class_list":["post-310410","post","type-post","status-publish","format-standard","has-post-thumbnail","hentry"],"yoast_head":"<!-- This site is optimized with the Yoast SEO plugin v25.3.1 - https:\/\/yoast.com\/wordpress\/plugins\/seo\/ -->\n<title>A V2C triomfa a l&#039;ECAR SHOW 2025, la fira de mobilitat el\u00e8ctrica de Lisboa<\/title>\n<meta name=\"description\" content=\"A V2C triomfa a l&#039;ECAR SHOW 2025, la fira de mobilitat el\u00e8ctrica a Lisboa, presentant les seves solucions de c\u00e0rrega m\u00e9s innovadores.\" \/>\n<meta name=\"robots\" content=\"index, follow, max-snippet:-1, max-image-preview:large, max-video-preview:-1\" \/>\n<link rel=\"canonical\" href=\"https:\/\/v2charge.com\/ca\/a-v2c-brilla-a-l-ecar-show-2025-el-futur-electric-pren-vida-a-lisboa\/\" \/>\n<meta property=\"og:locale\" content=\"ca_ES\" \/>\n<meta property=\"og:type\" content=\"article\" \/>\n<meta property=\"og:title\" content=\"A V2C triomfa a l&#039;ECAR SHOW 2025, la fira de mobilitat el\u00e8ctrica de Lisboa\" \/>\n<meta property=\"og:description\" content=\"A V2C triomfa a l&#039;ECAR SHOW 2025, la fira de mobilitat el\u00e8ctrica a Lisboa, presentant les seves solucions de c\u00e0rrega m\u00e9s innovadores.\" \/>\n<meta property=\"og:url\" content=\"https:\/\/v2charge.com\/ca\/a-v2c-brilla-a-l-ecar-show-2025-el-futur-electric-pren-vida-a-lisboa\/\" \/>\n<meta property=\"og:site_name\" content=\"V2C\" \/>\n<meta property=\"article:publisher\" content=\"https:\/\/www.facebook.com\/V2C.Charge\" \/>\n<meta property=\"article:published_time\" content=\"2025-05-27T13:27:08+00:00\" \/>\n<meta property=\"article:modified_time\" content=\"2025-05-27T13:27:09+00:00\" \/>\n<meta property=\"og:image\" content=\"https:\/\/v2charge.com\/wp-content\/uploads\/2025\/05\/ecar-show-2025.jpg\" \/>\n\t<meta property=\"og:image:width\" content=\"960\" \/>\n\t<meta property=\"og:image:height\" content=\"560\" \/>\n\t<meta property=\"og:image:type\" content=\"image\/jpeg\" \/>\n<meta name=\"author\" content=\"V2C\" \/>\n<meta name=\"twitter:card\" content=\"summary_large_image\" \/>\n<meta name=\"twitter:creator\" content=\"@V2C_Charge\" \/>\n<meta name=\"twitter:site\" content=\"@V2C_Charge\" \/>\n<meta name=\"twitter:label1\" content=\"Escrit per\" \/>\n\t<meta name=\"twitter:data1\" content=\"V2C\" \/>\n\t<meta name=\"twitter:label2\" content=\"Temps estimat de lectura\" \/>\n\t<meta name=\"twitter:data2\" content=\"2 minuts\" \/>\n<script type=\"application\/ld+json\" class=\"yoast-schema-graph\">{\"@context\":\"https:\/\/schema.org\",\"@graph\":[{\"@type\":\"Article\",\"@id\":\"https:\/\/v2charge.com\/ca\/a-v2c-brilla-a-l-ecar-show-2025-el-futur-electric-pren-vida-a-lisboa\/#article\",\"isPartOf\":{\"@id\":\"https:\/\/v2charge.com\/ca\/a-v2c-brilla-a-l-ecar-show-2025-el-futur-electric-pren-vida-a-lisboa\/\"},\"author\":{\"name\":\"V2C\",\"@id\":\"https:\/\/v2charge.com\/ca\/#\/schema\/person\/d6f210a94a856acdddec347b2127fd0f\"},\"headline\":\"A V2C brilla a l&#8217;ECAR SHOW 2025: el futur el\u00e8ctric pren vida a Lisboa\",\"datePublished\":\"2025-05-27T13:27:08+00:00\",\"dateModified\":\"2025-05-27T13:27:09+00:00\",\"mainEntityOfPage\":{\"@id\":\"https:\/\/v2charge.com\/ca\/a-v2c-brilla-a-l-ecar-show-2025-el-futur-electric-pren-vida-a-lisboa\/\"},\"wordCount\":405,\"publisher\":{\"@id\":\"https:\/\/v2charge.com\/ca\/#organization\"},\"image\":{\"@id\":\"https:\/\/v2charge.com\/ca\/a-v2c-brilla-a-l-ecar-show-2025-el-futur-electric-pren-vida-a-lisboa\/#primaryimage\"},\"thumbnailUrl\":\"https:\/\/v2charge.com\/wp-content\/uploads\/2025\/05\/ecar-show-2025.jpg\",\"inLanguage\":\"ca\"},{\"@type\":\"WebPage\",\"@id\":\"https:\/\/v2charge.com\/ca\/a-v2c-brilla-a-l-ecar-show-2025-el-futur-electric-pren-vida-a-lisboa\/\",\"url\":\"https:\/\/v2charge.com\/ca\/a-v2c-brilla-a-l-ecar-show-2025-el-futur-electric-pren-vida-a-lisboa\/\",\"name\":\"A V2C triomfa a l'ECAR SHOW 2025, la fira de mobilitat el\u00e8ctrica de Lisboa\",\"isPartOf\":{\"@id\":\"https:\/\/v2charge.com\/ca\/#website\"},\"primaryImageOfPage\":{\"@id\":\"https:\/\/v2charge.com\/ca\/a-v2c-brilla-a-l-ecar-show-2025-el-futur-electric-pren-vida-a-lisboa\/#primaryimage\"},\"image\":{\"@id\":\"https:\/\/v2charge.com\/ca\/a-v2c-brilla-a-l-ecar-show-2025-el-futur-electric-pren-vida-a-lisboa\/#primaryimage\"},\"thumbnailUrl\":\"https:\/\/v2charge.com\/wp-content\/uploads\/2025\/05\/ecar-show-2025.jpg\",\"datePublished\":\"2025-05-27T13:27:08+00:00\",\"dateModified\":\"2025-05-27T13:27:09+00:00\",\"description\":\"A V2C triomfa a l'ECAR SHOW 2025, la fira de mobilitat el\u00e8ctrica a Lisboa, presentant les seves solucions de c\u00e0rrega m\u00e9s innovadores.\",\"breadcrumb\":{\"@id\":\"https:\/\/v2charge.com\/ca\/a-v2c-brilla-a-l-ecar-show-2025-el-futur-electric-pren-vida-a-lisboa\/#breadcrumb\"},\"inLanguage\":\"ca\",\"potentialAction\":[{\"@type\":\"ReadAction\",\"target\":[\"https:\/\/v2charge.com\/ca\/a-v2c-brilla-a-l-ecar-show-2025-el-futur-electric-pren-vida-a-lisboa\/\"]}]},{\"@type\":\"ImageObject\",\"inLanguage\":\"ca\",\"@id\":\"https:\/\/v2charge.com\/ca\/a-v2c-brilla-a-l-ecar-show-2025-el-futur-electric-pren-vida-a-lisboa\/#primaryimage\",\"url\":\"https:\/\/v2charge.com\/wp-content\/uploads\/2025\/05\/ecar-show-2025.jpg\",\"contentUrl\":\"https:\/\/v2charge.com\/wp-content\/uploads\/2025\/05\/ecar-show-2025.jpg\",\"width\":960,\"height\":560},{\"@type\":\"BreadcrumbList\",\"@id\":\"https:\/\/v2charge.com\/ca\/a-v2c-brilla-a-l-ecar-show-2025-el-futur-electric-pren-vida-a-lisboa\/#breadcrumb\",\"itemListElement\":[{\"@type\":\"ListItem\",\"position\":1,\"name\":\"V2C\",\"item\":\"https:\/\/v2charge.com\/ca\/\"},{\"@type\":\"ListItem\",\"position\":2,\"name\":\"e-Mobility\",\"item\":\"https:\/\/v2charge.com\/pt-pt\/e-mobility\/\"},{\"@type\":\"ListItem\",\"position\":3,\"name\":\"A V2C brilla a l&#8217;ECAR SHOW 2025: el futur el\u00e8ctric pren vida a Lisboa\"}]},{\"@type\":\"WebSite\",\"@id\":\"https:\/\/v2charge.com\/ca\/#website\",\"url\":\"https:\/\/v2charge.com\/ca\/\",\"name\":\"V2C\",\"description\":\"#CargandoElMa\u00f1ana\",\"publisher\":{\"@id\":\"https:\/\/v2charge.com\/ca\/#organization\"},\"potentialAction\":[{\"@type\":\"SearchAction\",\"target\":{\"@type\":\"EntryPoint\",\"urlTemplate\":\"https:\/\/v2charge.com\/ca\/?s={search_term_string}\"},\"query-input\":{\"@type\":\"PropertyValueSpecification\",\"valueRequired\":true,\"valueName\":\"search_term_string\"}}],\"inLanguage\":\"ca\"},{\"@type\":\"Organization\",\"@id\":\"https:\/\/v2charge.com\/ca\/#organization\",\"name\":\"V2C\",\"url\":\"https:\/\/v2charge.com\/ca\/\",\"logo\":{\"@type\":\"ImageObject\",\"inLanguage\":\"ca\",\"@id\":\"https:\/\/v2charge.com\/ca\/#\/schema\/logo\/image\/\",\"url\":\"https:\/\/v2charge.com\/wp-content\/uploads\/2024\/11\/cropped-v2c-charge-logo-menu.png\",\"contentUrl\":\"https:\/\/v2charge.com\/wp-content\/uploads\/2024\/11\/cropped-v2c-charge-logo-menu.png\",\"width\":984,\"height\":431,\"caption\":\"V2C\"},\"image\":{\"@id\":\"https:\/\/v2charge.com\/ca\/#\/schema\/logo\/image\/\"},\"sameAs\":[\"https:\/\/www.facebook.com\/V2C.Charge\",\"https:\/\/x.com\/V2C_Charge\",\"https:\/\/www.instagram.com\/v2c.charge\/\",\"https:\/\/www.youtube.com\/@V2C\",\"https:\/\/www.linkedin.com\/company\/v2c-chargers\/\"]},{\"@type\":\"Person\",\"@id\":\"https:\/\/v2charge.com\/ca\/#\/schema\/person\/d6f210a94a856acdddec347b2127fd0f\",\"name\":\"V2C\",\"image\":{\"@type\":\"ImageObject\",\"inLanguage\":\"ca\",\"@id\":\"https:\/\/v2charge.com\/ca\/#\/schema\/person\/image\/\",\"url\":\"https:\/\/secure.gravatar.com\/avatar\/a91128c4c0d2f4d63bd586301fdec6cc9aa49c885839b25d1c62700f529f267c?s=96&d=mm&r=g\",\"contentUrl\":\"https:\/\/secure.gravatar.com\/avatar\/a91128c4c0d2f4d63bd586301fdec6cc9aa49c885839b25d1c62700f529f267c?s=96&d=mm&r=g\",\"caption\":\"V2C\"}}]}<\/script>\n<!-- \/ Yoast SEO plugin. -->","yoast_head_json":{"title":"A V2C triomfa a l'ECAR SHOW 2025, la fira de mobilitat el\u00e8ctrica de Lisboa","description":"A V2C triomfa a l'ECAR SHOW 2025, la fira de mobilitat el\u00e8ctrica a Lisboa, presentant les seves solucions de c\u00e0rrega m\u00e9s innovadores.","robots":{"index":"index","follow":"follow","max-snippet":"max-snippet:-1","max-image-preview":"max-image-preview:large","max-video-preview":"max-video-preview:-1"},"canonical":"https:\/\/v2charge.com\/ca\/a-v2c-brilla-a-l-ecar-show-2025-el-futur-electric-pren-vida-a-lisboa\/","og_locale":"ca_ES","og_type":"article","og_title":"A V2C triomfa a l'ECAR SHOW 2025, la fira de mobilitat el\u00e8ctrica de Lisboa","og_description":"A V2C triomfa a l'ECAR SHOW 2025, la fira de mobilitat el\u00e8ctrica a Lisboa, presentant les seves solucions de c\u00e0rrega m\u00e9s innovadores.","og_url":"https:\/\/v2charge.com\/ca\/a-v2c-brilla-a-l-ecar-show-2025-el-futur-electric-pren-vida-a-lisboa\/","og_site_name":"V2C","article_publisher":"https:\/\/www.facebook.com\/V2C.Charge","article_published_time":"2025-05-27T13:27:08+00:00","article_modified_time":"2025-05-27T13:27:09+00:00","og_image":[{"width":960,"height":560,"url":"https:\/\/v2charge.com\/wp-content\/uploads\/2025\/05\/ecar-show-2025.jpg","type":"image\/jpeg"}],"author":"V2C","twitter_card":"summary_large_image","twitter_creator":"@V2C_Charge","twitter_site":"@V2C_Charge","twitter_misc":{"Escrit per":"V2C","Temps estimat de lectura":"2 minuts"},"schema":{"@context":"https:\/\/schema.org","@graph":[{"@type":"Article","@id":"https:\/\/v2charge.com\/ca\/a-v2c-brilla-a-l-ecar-show-2025-el-futur-electric-pren-vida-a-lisboa\/#article","isPartOf":{"@id":"https:\/\/v2charge.com\/ca\/a-v2c-brilla-a-l-ecar-show-2025-el-futur-electric-pren-vida-a-lisboa\/"},"author":{"name":"V2C","@id":"https:\/\/v2charge.com\/ca\/#\/schema\/person\/d6f210a94a856acdddec347b2127fd0f"},"headline":"A V2C brilla a l&#8217;ECAR SHOW 2025: el futur el\u00e8ctric pren vida a Lisboa","datePublished":"2025-05-27T13:27:08+00:00","dateModified":"2025-05-27T13:27:09+00:00","mainEntityOfPage":{"@id":"https:\/\/v2charge.com\/ca\/a-v2c-brilla-a-l-ecar-show-2025-el-futur-electric-pren-vida-a-lisboa\/"},"wordCount":405,"publisher":{"@id":"https:\/\/v2charge.com\/ca\/#organization"},"image":{"@id":"https:\/\/v2charge.com\/ca\/a-v2c-brilla-a-l-ecar-show-2025-el-futur-electric-pren-vida-a-lisboa\/#primaryimage"},"thumbnailUrl":"https:\/\/v2charge.com\/wp-content\/uploads\/2025\/05\/ecar-show-2025.jpg","inLanguage":"ca"},{"@type":"WebPage","@id":"https:\/\/v2charge.com\/ca\/a-v2c-brilla-a-l-ecar-show-2025-el-futur-electric-pren-vida-a-lisboa\/","url":"https:\/\/v2charge.com\/ca\/a-v2c-brilla-a-l-ecar-show-2025-el-futur-electric-pren-vida-a-lisboa\/","name":"A V2C triomfa a l'ECAR SHOW 2025, la fira de mobilitat el\u00e8ctrica de Lisboa","isPartOf":{"@id":"https:\/\/v2charge.com\/ca\/#website"},"primaryImageOfPage":{"@id":"https:\/\/v2charge.com\/ca\/a-v2c-brilla-a-l-ecar-show-2025-el-futur-electric-pren-vida-a-lisboa\/#primaryimage"},"image":{"@id":"https:\/\/v2charge.com\/ca\/a-v2c-brilla-a-l-ecar-show-2025-el-futur-electric-pren-vida-a-lisboa\/#primaryimage"},"thumbnailUrl":"https:\/\/v2charge.com\/wp-content\/uploads\/2025\/05\/ecar-show-2025.jpg","datePublished":"2025-05-27T13:27:08+00:00","dateModified":"2025-05-27T13:27:09+00:00","description":"A V2C triomfa a l'ECAR SHOW 2025, la fira de mobilitat el\u00e8ctrica a Lisboa, presentant les seves solucions de c\u00e0rrega m\u00e9s innovadores.","breadcrumb":{"@id":"https:\/\/v2charge.com\/ca\/a-v2c-brilla-a-l-ecar-show-2025-el-futur-electric-pren-vida-a-lisboa\/#breadcrumb"},"inLanguage":"ca","potentialAction":[{"@type":"ReadAction","target":["https:\/\/v2charge.com\/ca\/a-v2c-brilla-a-l-ecar-show-2025-el-futur-electric-pren-vida-a-lisboa\/"]}]},{"@type":"ImageObject","inLanguage":"ca","@id":"https:\/\/v2charge.com\/ca\/a-v2c-brilla-a-l-ecar-show-2025-el-futur-electric-pren-vida-a-lisboa\/#primaryimage","url":"https:\/\/v2charge.com\/wp-content\/uploads\/2025\/05\/ecar-show-2025.jpg","contentUrl":"https:\/\/v2charge.com\/wp-content\/uploads\/2025\/05\/ecar-show-2025.jpg","width":960,"height":560},{"@type":"BreadcrumbList","@id":"https:\/\/v2charge.com\/ca\/a-v2c-brilla-a-l-ecar-show-2025-el-futur-electric-pren-vida-a-lisboa\/#breadcrumb","itemListElement":[{"@type":"ListItem","position":1,"name":"V2C","item":"https:\/\/v2charge.com\/ca\/"},{"@type":"ListItem","position":2,"name":"e-Mobility","item":"https:\/\/v2charge.com\/pt-pt\/e-mobility\/"},{"@type":"ListItem","position":3,"name":"A V2C brilla a l&#8217;ECAR SHOW 2025: el futur el\u00e8ctric pren vida a Lisboa"}]},{"@type":"WebSite","@id":"https:\/\/v2charge.com\/ca\/#website","url":"https:\/\/v2charge.com\/ca\/","name":"V2C","description":"#CargandoElMa\u00f1ana","publisher":{"@id":"https:\/\/v2charge.com\/ca\/#organization"},"potentialAction":[{"@type":"SearchAction","target":{"@type":"EntryPoint","urlTemplate":"https:\/\/v2charge.com\/ca\/?s={search_term_string}"},"query-input":{"@type":"PropertyValueSpecification","valueRequired":true,"valueName":"search_term_string"}}],"inLanguage":"ca"},{"@type":"Organization","@id":"https:\/\/v2charge.com\/ca\/#organization","name":"V2C","url":"https:\/\/v2charge.com\/ca\/","logo":{"@type":"ImageObject","inLanguage":"ca","@id":"https:\/\/v2charge.com\/ca\/#\/schema\/logo\/image\/","url":"https:\/\/v2charge.com\/wp-content\/uploads\/2024\/11\/cropped-v2c-charge-logo-menu.png","contentUrl":"https:\/\/v2charge.com\/wp-content\/uploads\/2024\/11\/cropped-v2c-charge-logo-menu.png","width":984,"height":431,"caption":"V2C"},"image":{"@id":"https:\/\/v2charge.com\/ca\/#\/schema\/logo\/image\/"},"sameAs":["https:\/\/www.facebook.com\/V2C.Charge","https:\/\/x.com\/V2C_Charge","https:\/\/www.instagram.com\/v2c.charge\/","https:\/\/www.youtube.com\/@V2C","https:\/\/www.linkedin.com\/company\/v2c-chargers\/"]},{"@type":"Person","@id":"https:\/\/v2charge.com\/ca\/#\/schema\/person\/d6f210a94a856acdddec347b2127fd0f","name":"V2C","image":{"@type":"ImageObject","inLanguage":"ca","@id":"https:\/\/v2charge.com\/ca\/#\/schema\/person\/image\/","url":"https:\/\/secure.gravatar.com\/avatar\/a91128c4c0d2f4d63bd586301fdec6cc9aa49c885839b25d1c62700f529f267c?s=96&d=mm&r=g","contentUrl":"https:\/\/secure.gravatar.com\/avatar\/a91128c4c0d2f4d63bd586301fdec6cc9aa49c885839b25d1c62700f529f267c?s=96&d=mm&r=g","caption":"V2C"}}]}},"uagb_featured_image_src":{"full":["https:\/\/v2charge.com\/wp-content\/uploads\/2025\/05\/ecar-show-2025.jpg",960,560,false],"thumbnail":["https:\/\/v2charge.com\/wp-content\/uploads\/2025\/05\/ecar-show-2025-150x150.jpg",150,150,true],"medium":["https:\/\/v2charge.com\/wp-content\/uploads\/2025\/05\/ecar-show-2025-300x175.jpg",300,175,true],"medium_large":["https:\/\/v2charge.com\/wp-content\/uploads\/2025\/05\/ecar-show-2025-768x448.jpg",768,448,true],"large":["https:\/\/v2charge.com\/wp-content\/uploads\/2025\/05\/ecar-show-2025.jpg",960,560,false],"gs-tiny":["https:\/\/v2charge.com\/wp-content\/uploads\/2025\/05\/ecar-show-2025-50x29.jpg",50,29,true],"xl":["https:\/\/v2charge.com\/wp-content\/uploads\/2025\/05\/ecar-show-2025.jpg",960,560,false],"xxl":["https:\/\/v2charge.com\/wp-content\/uploads\/2025\/05\/ecar-show-2025.jpg",960,560,false],"xxxl":["https:\/\/v2charge.com\/wp-content\/uploads\/2025\/05\/ecar-show-2025.jpg",960,560,false],"xxxxl":["https:\/\/v2charge.com\/wp-content\/uploads\/2025\/05\/ecar-show-2025.jpg",960,560,false],"xxxxxl":["https:\/\/v2charge.com\/wp-content\/uploads\/2025\/05\/ecar-show-2025.jpg",960,560,false],"1536x1536":["https:\/\/v2charge.com\/wp-content\/uploads\/2025\/05\/ecar-show-2025.jpg",960,560,false],"2048x2048":["https:\/\/v2charge.com\/wp-content\/uploads\/2025\/05\/ecar-show-2025.jpg",960,560,false]},"uagb_author_info":{"display_name":"V2C","author_link":"https:\/\/v2charge.com\/ca\/author\/marketing\/"},"uagb_comment_info":0,"uagb_excerpt":"Del 7 al 9 de maig de 2025, la V2C va participar amb gran \u00e8xit a l&#8217;ECAR SHOW 2025, el major escenari portugu\u00e8s dedicat a la mobilitat el\u00e8ctrica, celebrat a la prestigiosa Fira Internacional de Lisboa (FIL). Durant tres dies, la capital portuguesa es va transformar en l&#8217;epicentre de la innovaci\u00f3 sostenible, reunint fabricants, empreses&hellip;","_links":{"self":[{"href":"https:\/\/v2charge.com\/ca\/wp-json\/wp\/v2\/posts\/310410","targetHints":{"allow":["GET"]}}],"collection":[{"href":"https:\/\/v2charge.com\/ca\/wp-json\/wp\/v2\/posts"}],"about":[{"href":"https:\/\/v2charge.com\/ca\/wp-json\/wp\/v2\/types\/post"}],"author":[{"embeddable":true,"href":"https:\/\/v2charge.com\/ca\/wp-json\/wp\/v2\/users\/400"}],"replies":[{"embeddable":true,"href":"https:\/\/v2charge.com\/ca\/wp-json\/wp\/v2\/comments?post=310410"}],"version-history":[{"count":0,"href":"https:\/\/v2charge.com\/ca\/wp-json\/wp\/v2\/posts\/310410\/revisions"}],"wp:featuredmedia":[{"embeddable":true,"href":"https:\/\/v2charge.com\/ca\/wp-json\/wp\/v2\/media\/225350"}],"wp:attachment":[{"href":"https:\/\/v2charge.com\/ca\/wp-json\/wp\/v2\/media?parent=310410"}],"wp:term":[{"taxonomy":"category","embeddable":true,"href":"https:\/\/v2charge.com\/ca\/wp-json\/wp\/v2\/categories?post=310410"},{"taxonomy":"post_tag","embeddable":true,"href":"https:\/\/v2charge.com\/ca\/wp-json\/wp\/v2\/tags?post=310410"}],"curies":[{"name":"wp","href":"https:\/\/api.w.org\/{rel}","templated":true}]}}