{"id":310419,"date":"2025-12-02T15:35:28","date_gmt":"2025-12-02T13:35:28","guid":{"rendered":""},"modified":"2025-12-10T16:20:16","modified_gmt":"2025-12-10T14:20:16","slug":"v2c-al-salo-energaia-2025-cita-ineludible-de-la-transicio-energetica","status":"publish","type":"post","link":"https:\/\/v2charge.com\/ca\/v2c-al-salo-energaia-2025-cita-ineludible-de-la-transicio-energetica\/","title":{"rendered":"V2C al Sal\u00f3 EnerGa\u00efa 2025: cita ineludible de la transici\u00f3 energ\u00e8tica"},"content":{"rendered":"<h2>EnerGa\u00efa : una cita ineludible<\/h2>\n<p data-start=\"791\" data-end=\"981\">EnerGa\u00efa s&#8217;ha convertit al llarg dels anys en <strong data-start=\"829\" data-end=\"940\">la fira ineludible per a tots els professionals de la transici\u00f3 energ\u00e8tica i de la mobilitat sostenible<\/strong>. Durant dos dies, la fira reuneix:<\/p>\n<ul>\n<li data-start=\"984\" data-end=\"1062\">Els actors de les energies renovables (solar, e\u00f2lica, hidrogen, biog\u00e0s\u2026)<\/li>\n<li data-start=\"1065\" data-end=\"1151\">Els especialistes en mobilitat el\u00e8ctrica i infraestructures de rec\u00e0rrega (IRVE)<\/li>\n<li data-start=\"1154\" data-end=\"1241\">Les administracions, empreses i integradors que volen accelerar els seus projectes<\/li>\n<\/ul>\n<p data-start=\"1243\" data-end=\"1394\">\u00c9s un lloc on la innovaci\u00f3 es descobreix, on les solucions concretes es posen a prova, i on les trobades permeten crear aliances duradores.<\/p>\n<h2 data-start=\"1401\" data-end=\"1440\">V2C : les nostres solucions a l&#8217;honor<\/h2>\n<p data-start=\"1442\" data-end=\"1557\">Al nostre estand, posarem en relleu <strong data-start=\"1482\" data-end=\"1534\">tota la nostra gamma de solucions de rec\u00e0rrega AC i DC<\/strong>, pensades per ser:<\/p>\n<ul>\n<li data-start=\"1560\" data-end=\"1656\"><strong data-start=\"1560\" data-end=\"1587\">Fiables i eficients<\/strong> : dissenyades per satisfer les necessitats de tot tipus de projectes IRVE.<\/li>\n<li data-start=\"1659\" data-end=\"1748\"><strong data-start=\"1659\" data-end=\"1690\">Connectades i intel\u00b7ligents<\/strong> : monitoratge, control a dist\u00e0ncia, seguiment en temps real.<\/li>\n<li data-start=\"1751\" data-end=\"1844\"><strong data-start=\"1751\" data-end=\"1773\">F\u00e0cils de desplegar<\/strong> : instal\u00b7laci\u00f3 simplificada i acompanyament complet per part dels nostres equips.<\/li>\n<\/ul>\n<p data-start=\"1846\" data-end=\"1882\">Els nostres experts estaran presents per:<\/p>\n<ul>\n<li data-start=\"1885\" data-end=\"1932\">Presentar els nostres productes i el seu funcionament<\/li>\n<li data-start=\"1935\" data-end=\"2004\">Compartir les millors pr\u00e0ctiques per optimitzar les instal\u00b7lacions<\/li>\n<li data-start=\"2007\" data-end=\"2067\">Respondre a totes les preguntes t\u00e8cniques o comercials<\/li>\n<\/ul>\n<p data-start=\"2069\" data-end=\"2220\">L&#8217;objectiu \u00e9s senzill: <strong data-start=\"2093\" data-end=\"2217\">permetre a cadasc\u00fa marxar amb una visi\u00f3 clara i solucions concretes per als seus projectes de rec\u00e0rrega el\u00e8ctrica<\/strong>.<\/p>\n<h2 data-start=\"147\" data-end=\"252\">Demaneu la vostra entrada gratu\u00efta per EnerGa\u00efa 2025 i veniu a trobar-nos al Hall B4 \u2013 Estand C12!<\/h2>\n<p data-start=\"254\" data-end=\"482\">Estarem presents a <strong data-start=\"278\" data-end=\"300\">l&#8217;Estand C12, Hall B4<\/strong>, on presentarem <strong data-start=\"323\" data-end=\"388\">tota la gamma de productes V2C dissenyats i fabricats a Espanya<\/strong>: solucions de rec\u00e0rrega per a la llar, per a les empreses i per a l&#8217;espai p\u00fablic.<\/p>\n<p data-start=\"484\" data-end=\"782\">Voleu descobrir les nostres <strong data-start=\"513\" data-end=\"568\">solucions de rec\u00e0rrega intel\u00b7ligents i eficients<\/strong> durant EnerGa\u00efa 2025? Bona not\u00edcia: podeu obtenir la vostra <strong data-start=\"635\" data-end=\"654\">entrada gratu\u00efta<\/strong> omplint el formulari dedicat. A continuaci\u00f3, rebreu un correu electr\u00f2nic per finalitzar la vostra inscripci\u00f3 i rebre el vostre distintiu.<\/p>\n<p data-start=\"784\" data-end=\"873\">Estem desitjant acollir-vos a Montpellier i presentar-vos les nostres innovacions!<\/p>\n<div class=\"wp-block-uagb-container uagb-block-f7d7cd88 default uagb-is-root-container\"><div class=\"wp-block-contact-form-7-contact-form-selector\">\n<div class=\"wpcf7 no-js\" id=\"wpcf7-f284963-o1\" lang=\"es-ES\" dir=\"ltr\" data-wpcf7-id=\"284963\">\n<div class=\"screen-reader-response\"><p role=\"status\" aria-live=\"polite\" aria-atomic=\"true\"><\/p> <ul><\/ul><\/div>\n<form action=\"\/ca\/wp-json\/wp\/v2\/posts\/310419#wpcf7-f284963-o1\" method=\"post\" class=\"wpcf7-form init\" aria-label=\"Formulario de contacto\" novalidate=\"novalidate\" data-status=\"init\">\n<div style=\"display: none;\">\n<input type=\"hidden\" name=\"_wpcf7\" value=\"284963\" \/>\n<input type=\"hidden\" name=\"_wpcf7_version\" value=\"6.0.6\" \/>\n<input type=\"hidden\" name=\"_wpcf7_locale\" value=\"es_ES\" \/>\n<input type=\"hidden\" name=\"_wpcf7_unit_tag\" value=\"wpcf7-f284963-o1\" \/>\n<input type=\"hidden\" name=\"_wpcf7_container_post\" value=\"0\" \/>\n<input type=\"hidden\" name=\"_wpcf7_posted_data_hash\" value=\"\" \/>\n<input type=\"hidden\" name=\"redirect_nonce\" value=\"04cdf3da93\" \/>\n<input type=\"hidden\" name=\"wpcf7cfpdf_hidden_name\" value=\"document-pdf\" \/>\n<input type=\"hidden\" name=\"wpcf7cfpdf_hidden_reference\" value=\"2156d89b\" \/>\n<input type=\"hidden\" name=\"wpcf7cfpdf_hidden_date\" value=\"05012026\" \/>\n<input type=\"hidden\" name=\"_wpcf7_recaptcha_response\" value=\"\" \/>\n<\/div>\n<div id=\"responsive-form\" class=\"clearfix resp-form-2\">\n\t<div class=\"form-row form-row2\">\n\t\t<div class=\"column-half\">\n\t\t\t<p>Nom et pr\u00e9nom* <span class=\"wpcf7-form-control-wrap\" data-name=\"your-name\"><input size=\"40\" maxlength=\"400\" class=\"wpcf7-form-control wpcf7-text wpcf7-validates-as-required\" aria-required=\"true\" aria-invalid=\"false\" placeholder=\"Nom et pr\u00e9nom\" value=\"\" type=\"text\" name=\"your-name\" \/><\/span>\n\t\t\t<\/p>\n\t\t<\/div>\n\t\t<div class=\"column-half\">\n\t\t\t<p>Entreprise* <span class=\"wpcf7-form-control-wrap\" data-name=\"your-company\"><input size=\"40\" maxlength=\"400\" class=\"wpcf7-form-control wpcf7-text wpcf7-validates-as-required\" aria-required=\"true\" aria-invalid=\"false\" placeholder=\"Entreprise\" value=\"\" type=\"text\" name=\"your-company\" \/><\/span>\n\t\t\t<\/p>\n\t\t<\/div>\n\t\t<div class=\"column-half\">\n\t\t\t<p>E-mail* <span class=\"wpcf7-form-control-wrap\" data-name=\"your-email\"><input size=\"40\" maxlength=\"400\" class=\"wpcf7-form-control wpcf7-email wpcf7-validates-as-required wpcf7-text wpcf7-validates-as-email\" aria-required=\"true\" aria-invalid=\"false\" placeholder=\"E-mail\" value=\"\" type=\"email\" name=\"your-email\" \/><\/span>\n\t\t\t<\/p>\n\t\t<\/div>\n\t<\/div>\n\t<p><span id=\"wpcf7-69f3f1e9f221e-wrapper\" class=\"wpcf7-form-control-wrap tudireccion-648-wrap\" style=\"display:none !important; visibility:hidden !important;\"><label for=\"wpcf7-69f3f1e9f221e-field\" class=\"hp-message\">Por favor, deja este campo vac\u00edo.<\/label><input id=\"wpcf7-69f3f1e9f221e-field\"  class=\"wpcf7-form-control wpcf7-text\" type=\"text\" name=\"tudireccion-648\" value=\"\" size=\"40\" tabindex=\"-1\" autocomplete=\"new-password\" \/><\/span>\n\t<\/p>\n\t<div class=\"form-row form-row2\">\n\t\t<div class=\"column-full\">\n\t\t\t<p><input class=\"wpcf7-form-control wpcf7-submit has-spinner\" type=\"submit\" value=\"Envoyer\" \/>\n\t\t\t<\/p>\n\t\t<\/div>\n\t<\/div>\n<\/div><!--end responsive-form--><div class=\"wpcf7-response-output\" aria-hidden=\"true\"><\/div>\n<\/form>\n<\/div>\n<\/div><\/div>\n<h2 data-start=\"141\" data-end=\"192\">V2C : una visi\u00f3 per a la mobilitat el\u00e8ctrica<\/h2>\n<p data-start=\"194\" data-end=\"499\">A <strong data-start=\"199\" data-end=\"206\">V2C<\/strong>, estem conven\u00e7uts que <strong data-start=\"235\" data-end=\"330\">el futur de la mobilitat es construeix gr\u00e0cies a la innovaci\u00f3, la col\u00b7laboraci\u00f3 i el comprom\u00eds<\/strong>. EnerGa\u00efa 2025 ser\u00e0 el marc ideal per <strong data-start=\"371\" data-end=\"496\">compartir la nostra visi\u00f3 i presentar tecnologies que acceleren la transici\u00f3 cap a una mobilitat m\u00e9s neta i sostenible<\/strong>.<\/p>\n<p data-start=\"501\" data-end=\"799\">Us convidem a venir a con\u00e8ixer-nos al <strong data-start=\"547\" data-end=\"570\">Hall B4 \u2013 Stand C12<\/strong>, els <strong data-start=\"576\" data-end=\"602\">10 i 11 de desembre de 2025<\/strong>, per descobrir <strong data-start=\"619\" data-end=\"679\">tota la nostra gamma de solucions de rec\u00e0rrega intel\u00b7ligents<\/strong>. Vine a veure com les nostres solucions transformen la rec\u00e0rrega el\u00e8ctrica en <strong data-start=\"753\" data-end=\"796\">projectes concrets, eficients i sostenibles<\/strong>.<\/p>\n<p data-start=\"801\" data-end=\"841\"><span data-start=\"803\" data-end=\"839\">Trobarem a Montpellier<\/span><strong data-start=\"803\" data-end=\"839\"> !<\/strong><\/p>","protected":false},"excerpt":{"rendered":"<p>EnerGa\u00efa : una cita ineludible EnerGa\u00efa s&#8217;ha convertit al llarg dels anys en la fira ineludible per a tots els professionals de la transici\u00f3 energ\u00e8tica i de la mobilitat sostenible. Durant dos dies, la fira reuneix: Els actors de les energies renovables (solar, e\u00f2lica, hidrogen, biog\u00e0s\u2026) Els especialistes en mobilitat el\u00e8ctrica i infraestructures de rec\u00e0rrega &#8230; <a title=\"V2C al Sal\u00f3 EnerGa\u00efa 2025: cita ineludible de la transici\u00f3 energ\u00e8tica\" class=\"read-more\" href=\"https:\/\/v2charge.com\/ca\/v2c-al-salo-energaia-2025-cita-ineludible-de-la-transicio-energetica\/\" aria-label=\"M\u00e9s informaci\u00f3 sobre V2C al Sal\u00f3 EnerGa\u00efa 2025: cita ineludible de la transici\u00f3 energ\u00e8tica\">Llegiu m\u00e9s<\/a><\/p>\n","protected":false},"author":400,"featured_media":287015,"comment_status":"closed","ping_status":"closed","sticky":false,"template":"","format":"standard","meta":{"_eb_attr":"","content-type":"","_uag_custom_page_level_css":"","footnotes":""},"categories":[],"tags":[],"class_list":["post-310419","post","type-post","status-publish","format-standard","has-post-thumbnail","hentry"],"yoast_head":"<!-- This site is optimized with the Yoast SEO plugin v25.3.1 - https:\/\/yoast.com\/wordpress\/plugins\/seo\/ -->\n<title>V2C al sal\u00f3 Energa\u00efa els 10 i 11 de desembre de 2025 a Montpellier<\/title>\n<meta name=\"description\" content=\"V2C us espera a EnerGa\u00efa 2025: innovacions, consells d&#039;experts i solucions AC\/DC per accelerar els vostres projectes de mobilitat el\u00e8ctrica.\" \/>\n<meta name=\"robots\" content=\"index, follow, max-snippet:-1, max-image-preview:large, max-video-preview:-1\" \/>\n<link rel=\"canonical\" href=\"https:\/\/v2charge.com\/ca\/v2c-al-salo-energaia-2025-cita-ineludible-de-la-transicio-energetica\/\" \/>\n<meta property=\"og:locale\" content=\"ca_ES\" \/>\n<meta property=\"og:type\" content=\"article\" \/>\n<meta property=\"og:title\" content=\"V2C al sal\u00f3 Energa\u00efa els 10 i 11 de desembre de 2025 a Montpellier\" \/>\n<meta property=\"og:description\" content=\"V2C us espera a EnerGa\u00efa 2025: innovacions, consells d&#039;experts i solucions AC\/DC per accelerar els vostres projectes de mobilitat el\u00e8ctrica.\" \/>\n<meta property=\"og:url\" content=\"https:\/\/v2charge.com\/ca\/v2c-al-salo-energaia-2025-cita-ineludible-de-la-transicio-energetica\/\" \/>\n<meta property=\"og:site_name\" content=\"V2C\" \/>\n<meta property=\"article:publisher\" content=\"https:\/\/www.facebook.com\/V2C.Charge\" \/>\n<meta property=\"article:published_time\" content=\"2025-12-02T13:35:28+00:00\" \/>\n<meta property=\"article:modified_time\" content=\"2025-12-10T14:20:16+00:00\" \/>\n<meta property=\"og:image\" content=\"https:\/\/v2charge.com\/wp-content\/uploads\/2025\/12\/articulo_energaia3.jpg\" \/>\n\t<meta property=\"og:image:width\" content=\"960\" \/>\n\t<meta property=\"og:image:height\" content=\"560\" \/>\n\t<meta property=\"og:image:type\" content=\"image\/jpeg\" \/>\n<meta name=\"author\" content=\"V2C\" \/>\n<meta name=\"twitter:card\" content=\"summary_large_image\" \/>\n<meta name=\"twitter:creator\" content=\"@V2C_Charge\" \/>\n<meta name=\"twitter:site\" content=\"@V2C_Charge\" \/>\n<meta name=\"twitter:label1\" content=\"Escrit per\" \/>\n\t<meta name=\"twitter:data1\" content=\"V2C\" \/>\n\t<meta name=\"twitter:label2\" content=\"Temps estimat de lectura\" \/>\n\t<meta name=\"twitter:data2\" content=\"3 minuts\" \/>\n<script type=\"application\/ld+json\" class=\"yoast-schema-graph\">{\"@context\":\"https:\/\/schema.org\",\"@graph\":[{\"@type\":\"Article\",\"@id\":\"https:\/\/v2charge.com\/ca\/v2c-al-salo-energaia-2025-cita-ineludible-de-la-transicio-energetica\/#article\",\"isPartOf\":{\"@id\":\"https:\/\/v2charge.com\/ca\/v2c-al-salo-energaia-2025-cita-ineludible-de-la-transicio-energetica\/\"},\"author\":{\"name\":\"V2C\",\"@id\":\"https:\/\/v2charge.com\/ca\/#\/schema\/person\/d6f210a94a856acdddec347b2127fd0f\"},\"headline\":\"V2C al Sal\u00f3 EnerGa\u00efa 2025: cita ineludible de la transici\u00f3 energ\u00e8tica\",\"datePublished\":\"2025-12-02T13:35:28+00:00\",\"dateModified\":\"2025-12-10T14:20:16+00:00\",\"mainEntityOfPage\":{\"@id\":\"https:\/\/v2charge.com\/ca\/v2c-al-salo-energaia-2025-cita-ineludible-de-la-transicio-energetica\/\"},\"wordCount\":479,\"publisher\":{\"@id\":\"https:\/\/v2charge.com\/ca\/#organization\"},\"image\":{\"@id\":\"https:\/\/v2charge.com\/ca\/v2c-al-salo-energaia-2025-cita-ineludible-de-la-transicio-energetica\/#primaryimage\"},\"thumbnailUrl\":\"https:\/\/v2charge.com\/wp-content\/uploads\/2025\/12\/articulo_energaia3.jpg\",\"inLanguage\":\"ca\"},{\"@type\":\"WebPage\",\"@id\":\"https:\/\/v2charge.com\/ca\/v2c-al-salo-energaia-2025-cita-ineludible-de-la-transicio-energetica\/\",\"url\":\"https:\/\/v2charge.com\/ca\/v2c-al-salo-energaia-2025-cita-ineludible-de-la-transicio-energetica\/\",\"name\":\"V2C al sal\u00f3 Energa\u00efa els 10 i 11 de desembre de 2025 a Montpellier\",\"isPartOf\":{\"@id\":\"https:\/\/v2charge.com\/ca\/#website\"},\"primaryImageOfPage\":{\"@id\":\"https:\/\/v2charge.com\/ca\/v2c-al-salo-energaia-2025-cita-ineludible-de-la-transicio-energetica\/#primaryimage\"},\"image\":{\"@id\":\"https:\/\/v2charge.com\/ca\/v2c-al-salo-energaia-2025-cita-ineludible-de-la-transicio-energetica\/#primaryimage\"},\"thumbnailUrl\":\"https:\/\/v2charge.com\/wp-content\/uploads\/2025\/12\/articulo_energaia3.jpg\",\"datePublished\":\"2025-12-02T13:35:28+00:00\",\"dateModified\":\"2025-12-10T14:20:16+00:00\",\"description\":\"V2C us espera a EnerGa\u00efa 2025: innovacions, consells d'experts i solucions AC\/DC per accelerar els vostres projectes de mobilitat el\u00e8ctrica.\",\"breadcrumb\":{\"@id\":\"https:\/\/v2charge.com\/ca\/v2c-al-salo-energaia-2025-cita-ineludible-de-la-transicio-energetica\/#breadcrumb\"},\"inLanguage\":\"ca\",\"potentialAction\":[{\"@type\":\"ReadAction\",\"target\":[\"https:\/\/v2charge.com\/ca\/v2c-al-salo-energaia-2025-cita-ineludible-de-la-transicio-energetica\/\"]}]},{\"@type\":\"ImageObject\",\"inLanguage\":\"ca\",\"@id\":\"https:\/\/v2charge.com\/ca\/v2c-al-salo-energaia-2025-cita-ineludible-de-la-transicio-energetica\/#primaryimage\",\"url\":\"https:\/\/v2charge.com\/wp-content\/uploads\/2025\/12\/articulo_energaia3.jpg\",\"contentUrl\":\"https:\/\/v2charge.com\/wp-content\/uploads\/2025\/12\/articulo_energaia3.jpg\",\"width\":960,\"height\":560},{\"@type\":\"BreadcrumbList\",\"@id\":\"https:\/\/v2charge.com\/ca\/v2c-al-salo-energaia-2025-cita-ineludible-de-la-transicio-energetica\/#breadcrumb\",\"itemListElement\":[{\"@type\":\"ListItem\",\"position\":1,\"name\":\"V2C\",\"item\":\"https:\/\/v2charge.com\/ca\/\"},{\"@type\":\"ListItem\",\"position\":2,\"name\":\"Actualit\u00e9s V2C\",\"item\":\"https:\/\/v2charge.com\/fr\/category\/nouvelles-v2c\/\"},{\"@type\":\"ListItem\",\"position\":3,\"name\":\"V2C al Sal\u00f3 EnerGa\u00efa 2025: cita ineludible de la transici\u00f3 energ\u00e8tica\"}]},{\"@type\":\"WebSite\",\"@id\":\"https:\/\/v2charge.com\/ca\/#website\",\"url\":\"https:\/\/v2charge.com\/ca\/\",\"name\":\"V2C\",\"description\":\"#CargandoElMa\u00f1ana\",\"publisher\":{\"@id\":\"https:\/\/v2charge.com\/ca\/#organization\"},\"potentialAction\":[{\"@type\":\"SearchAction\",\"target\":{\"@type\":\"EntryPoint\",\"urlTemplate\":\"https:\/\/v2charge.com\/ca\/?s={search_term_string}\"},\"query-input\":{\"@type\":\"PropertyValueSpecification\",\"valueRequired\":true,\"valueName\":\"search_term_string\"}}],\"inLanguage\":\"ca\"},{\"@type\":\"Organization\",\"@id\":\"https:\/\/v2charge.com\/ca\/#organization\",\"name\":\"V2C\",\"url\":\"https:\/\/v2charge.com\/ca\/\",\"logo\":{\"@type\":\"ImageObject\",\"inLanguage\":\"ca\",\"@id\":\"https:\/\/v2charge.com\/ca\/#\/schema\/logo\/image\/\",\"url\":\"https:\/\/v2charge.com\/wp-content\/uploads\/2024\/11\/cropped-v2c-charge-logo-menu.png\",\"contentUrl\":\"https:\/\/v2charge.com\/wp-content\/uploads\/2024\/11\/cropped-v2c-charge-logo-menu.png\",\"width\":984,\"height\":431,\"caption\":\"V2C\"},\"image\":{\"@id\":\"https:\/\/v2charge.com\/ca\/#\/schema\/logo\/image\/\"},\"sameAs\":[\"https:\/\/www.facebook.com\/V2C.Charge\",\"https:\/\/x.com\/V2C_Charge\",\"https:\/\/www.instagram.com\/v2c.charge\/\",\"https:\/\/www.youtube.com\/@V2C\",\"https:\/\/www.linkedin.com\/company\/v2c-chargers\/\"]},{\"@type\":\"Person\",\"@id\":\"https:\/\/v2charge.com\/ca\/#\/schema\/person\/d6f210a94a856acdddec347b2127fd0f\",\"name\":\"V2C\",\"image\":{\"@type\":\"ImageObject\",\"inLanguage\":\"ca\",\"@id\":\"https:\/\/v2charge.com\/ca\/#\/schema\/person\/image\/\",\"url\":\"https:\/\/secure.gravatar.com\/avatar\/a91128c4c0d2f4d63bd586301fdec6cc9aa49c885839b25d1c62700f529f267c?s=96&d=mm&r=g\",\"contentUrl\":\"https:\/\/secure.gravatar.com\/avatar\/a91128c4c0d2f4d63bd586301fdec6cc9aa49c885839b25d1c62700f529f267c?s=96&d=mm&r=g\",\"caption\":\"V2C\"}}]}<\/script>\n<!-- \/ Yoast SEO plugin. -->","yoast_head_json":{"title":"V2C al sal\u00f3 Energa\u00efa els 10 i 11 de desembre de 2025 a Montpellier","description":"V2C us espera a EnerGa\u00efa 2025: innovacions, consells d'experts i solucions AC\/DC per accelerar els vostres projectes de mobilitat el\u00e8ctrica.","robots":{"index":"index","follow":"follow","max-snippet":"max-snippet:-1","max-image-preview":"max-image-preview:large","max-video-preview":"max-video-preview:-1"},"canonical":"https:\/\/v2charge.com\/ca\/v2c-al-salo-energaia-2025-cita-ineludible-de-la-transicio-energetica\/","og_locale":"ca_ES","og_type":"article","og_title":"V2C al sal\u00f3 Energa\u00efa els 10 i 11 de desembre de 2025 a Montpellier","og_description":"V2C us espera a EnerGa\u00efa 2025: innovacions, consells d'experts i solucions AC\/DC per accelerar els vostres projectes de mobilitat el\u00e8ctrica.","og_url":"https:\/\/v2charge.com\/ca\/v2c-al-salo-energaia-2025-cita-ineludible-de-la-transicio-energetica\/","og_site_name":"V2C","article_publisher":"https:\/\/www.facebook.com\/V2C.Charge","article_published_time":"2025-12-02T13:35:28+00:00","article_modified_time":"2025-12-10T14:20:16+00:00","og_image":[{"width":960,"height":560,"url":"https:\/\/v2charge.com\/wp-content\/uploads\/2025\/12\/articulo_energaia3.jpg","type":"image\/jpeg"}],"author":"V2C","twitter_card":"summary_large_image","twitter_creator":"@V2C_Charge","twitter_site":"@V2C_Charge","twitter_misc":{"Escrit per":"V2C","Temps estimat de lectura":"3 minuts"},"schema":{"@context":"https:\/\/schema.org","@graph":[{"@type":"Article","@id":"https:\/\/v2charge.com\/ca\/v2c-al-salo-energaia-2025-cita-ineludible-de-la-transicio-energetica\/#article","isPartOf":{"@id":"https:\/\/v2charge.com\/ca\/v2c-al-salo-energaia-2025-cita-ineludible-de-la-transicio-energetica\/"},"author":{"name":"V2C","@id":"https:\/\/v2charge.com\/ca\/#\/schema\/person\/d6f210a94a856acdddec347b2127fd0f"},"headline":"V2C al Sal\u00f3 EnerGa\u00efa 2025: cita ineludible de la transici\u00f3 energ\u00e8tica","datePublished":"2025-12-02T13:35:28+00:00","dateModified":"2025-12-10T14:20:16+00:00","mainEntityOfPage":{"@id":"https:\/\/v2charge.com\/ca\/v2c-al-salo-energaia-2025-cita-ineludible-de-la-transicio-energetica\/"},"wordCount":479,"publisher":{"@id":"https:\/\/v2charge.com\/ca\/#organization"},"image":{"@id":"https:\/\/v2charge.com\/ca\/v2c-al-salo-energaia-2025-cita-ineludible-de-la-transicio-energetica\/#primaryimage"},"thumbnailUrl":"https:\/\/v2charge.com\/wp-content\/uploads\/2025\/12\/articulo_energaia3.jpg","inLanguage":"ca"},{"@type":"WebPage","@id":"https:\/\/v2charge.com\/ca\/v2c-al-salo-energaia-2025-cita-ineludible-de-la-transicio-energetica\/","url":"https:\/\/v2charge.com\/ca\/v2c-al-salo-energaia-2025-cita-ineludible-de-la-transicio-energetica\/","name":"V2C al sal\u00f3 Energa\u00efa els 10 i 11 de desembre de 2025 a Montpellier","isPartOf":{"@id":"https:\/\/v2charge.com\/ca\/#website"},"primaryImageOfPage":{"@id":"https:\/\/v2charge.com\/ca\/v2c-al-salo-energaia-2025-cita-ineludible-de-la-transicio-energetica\/#primaryimage"},"image":{"@id":"https:\/\/v2charge.com\/ca\/v2c-al-salo-energaia-2025-cita-ineludible-de-la-transicio-energetica\/#primaryimage"},"thumbnailUrl":"https:\/\/v2charge.com\/wp-content\/uploads\/2025\/12\/articulo_energaia3.jpg","datePublished":"2025-12-02T13:35:28+00:00","dateModified":"2025-12-10T14:20:16+00:00","description":"V2C us espera a EnerGa\u00efa 2025: innovacions, consells d'experts i solucions AC\/DC per accelerar els vostres projectes de mobilitat el\u00e8ctrica.","breadcrumb":{"@id":"https:\/\/v2charge.com\/ca\/v2c-al-salo-energaia-2025-cita-ineludible-de-la-transicio-energetica\/#breadcrumb"},"inLanguage":"ca","potentialAction":[{"@type":"ReadAction","target":["https:\/\/v2charge.com\/ca\/v2c-al-salo-energaia-2025-cita-ineludible-de-la-transicio-energetica\/"]}]},{"@type":"ImageObject","inLanguage":"ca","@id":"https:\/\/v2charge.com\/ca\/v2c-al-salo-energaia-2025-cita-ineludible-de-la-transicio-energetica\/#primaryimage","url":"https:\/\/v2charge.com\/wp-content\/uploads\/2025\/12\/articulo_energaia3.jpg","contentUrl":"https:\/\/v2charge.com\/wp-content\/uploads\/2025\/12\/articulo_energaia3.jpg","width":960,"height":560},{"@type":"BreadcrumbList","@id":"https:\/\/v2charge.com\/ca\/v2c-al-salo-energaia-2025-cita-ineludible-de-la-transicio-energetica\/#breadcrumb","itemListElement":[{"@type":"ListItem","position":1,"name":"V2C","item":"https:\/\/v2charge.com\/ca\/"},{"@type":"ListItem","position":2,"name":"Actualit\u00e9s V2C","item":"https:\/\/v2charge.com\/fr\/category\/nouvelles-v2c\/"},{"@type":"ListItem","position":3,"name":"V2C al Sal\u00f3 EnerGa\u00efa 2025: cita ineludible de la transici\u00f3 energ\u00e8tica"}]},{"@type":"WebSite","@id":"https:\/\/v2charge.com\/ca\/#website","url":"https:\/\/v2charge.com\/ca\/","name":"V2C","description":"#CargandoElMa\u00f1ana","publisher":{"@id":"https:\/\/v2charge.com\/ca\/#organization"},"potentialAction":[{"@type":"SearchAction","target":{"@type":"EntryPoint","urlTemplate":"https:\/\/v2charge.com\/ca\/?s={search_term_string}"},"query-input":{"@type":"PropertyValueSpecification","valueRequired":true,"valueName":"search_term_string"}}],"inLanguage":"ca"},{"@type":"Organization","@id":"https:\/\/v2charge.com\/ca\/#organization","name":"V2C","url":"https:\/\/v2charge.com\/ca\/","logo":{"@type":"ImageObject","inLanguage":"ca","@id":"https:\/\/v2charge.com\/ca\/#\/schema\/logo\/image\/","url":"https:\/\/v2charge.com\/wp-content\/uploads\/2024\/11\/cropped-v2c-charge-logo-menu.png","contentUrl":"https:\/\/v2charge.com\/wp-content\/uploads\/2024\/11\/cropped-v2c-charge-logo-menu.png","width":984,"height":431,"caption":"V2C"},"image":{"@id":"https:\/\/v2charge.com\/ca\/#\/schema\/logo\/image\/"},"sameAs":["https:\/\/www.facebook.com\/V2C.Charge","https:\/\/x.com\/V2C_Charge","https:\/\/www.instagram.com\/v2c.charge\/","https:\/\/www.youtube.com\/@V2C","https:\/\/www.linkedin.com\/company\/v2c-chargers\/"]},{"@type":"Person","@id":"https:\/\/v2charge.com\/ca\/#\/schema\/person\/d6f210a94a856acdddec347b2127fd0f","name":"V2C","image":{"@type":"ImageObject","inLanguage":"ca","@id":"https:\/\/v2charge.com\/ca\/#\/schema\/person\/image\/","url":"https:\/\/secure.gravatar.com\/avatar\/a91128c4c0d2f4d63bd586301fdec6cc9aa49c885839b25d1c62700f529f267c?s=96&d=mm&r=g","contentUrl":"https:\/\/secure.gravatar.com\/avatar\/a91128c4c0d2f4d63bd586301fdec6cc9aa49c885839b25d1c62700f529f267c?s=96&d=mm&r=g","caption":"V2C"}}]}},"uagb_featured_image_src":{"full":["https:\/\/v2charge.com\/wp-content\/uploads\/2025\/12\/articulo_energaia3.jpg",960,560,false],"thumbnail":["https:\/\/v2charge.com\/wp-content\/uploads\/2025\/12\/articulo_energaia3-150x150.jpg",150,150,true],"medium":["https:\/\/v2charge.com\/wp-content\/uploads\/2025\/12\/articulo_energaia3-300x175.jpg",300,175,true],"medium_large":["https:\/\/v2charge.com\/wp-content\/uploads\/2025\/12\/articulo_energaia3-768x448.jpg",768,448,true],"large":["https:\/\/v2charge.com\/wp-content\/uploads\/2025\/12\/articulo_energaia3.jpg",960,560,false],"gs-tiny":["https:\/\/v2charge.com\/wp-content\/uploads\/2025\/12\/articulo_energaia3-50x29.jpg",50,29,true],"xl":["https:\/\/v2charge.com\/wp-content\/uploads\/2025\/12\/articulo_energaia3.jpg",960,560,false],"xxl":["https:\/\/v2charge.com\/wp-content\/uploads\/2025\/12\/articulo_energaia3.jpg",960,560,false],"xxxl":["https:\/\/v2charge.com\/wp-content\/uploads\/2025\/12\/articulo_energaia3.jpg",960,560,false],"xxxxl":["https:\/\/v2charge.com\/wp-content\/uploads\/2025\/12\/articulo_energaia3.jpg",960,560,false],"xxxxxl":["https:\/\/v2charge.com\/wp-content\/uploads\/2025\/12\/articulo_energaia3.jpg",960,560,false],"1536x1536":["https:\/\/v2charge.com\/wp-content\/uploads\/2025\/12\/articulo_energaia3.jpg",960,560,false],"2048x2048":["https:\/\/v2charge.com\/wp-content\/uploads\/2025\/12\/articulo_energaia3.jpg",960,560,false]},"uagb_author_info":{"display_name":"V2C","author_link":"https:\/\/v2charge.com\/ca\/author\/marketing\/"},"uagb_comment_info":0,"uagb_excerpt":"EnerGa\u00efa : una cita ineludible EnerGa\u00efa s&#8217;ha convertit al llarg dels anys en la fira ineludible per a tots els professionals de la transici\u00f3 energ\u00e8tica i de la mobilitat sostenible. Durant dos dies, la fira reuneix: Els actors de les energies renovables (solar, e\u00f2lica, hidrogen, biog\u00e0s\u2026) Els especialistes en mobilitat el\u00e8ctrica i infraestructures de rec\u00e0rrega&hellip;","_links":{"self":[{"href":"https:\/\/v2charge.com\/ca\/wp-json\/wp\/v2\/posts\/310419","targetHints":{"allow":["GET"]}}],"collection":[{"href":"https:\/\/v2charge.com\/ca\/wp-json\/wp\/v2\/posts"}],"about":[{"href":"https:\/\/v2charge.com\/ca\/wp-json\/wp\/v2\/types\/post"}],"author":[{"embeddable":true,"href":"https:\/\/v2charge.com\/ca\/wp-json\/wp\/v2\/users\/400"}],"replies":[{"embeddable":true,"href":"https:\/\/v2charge.com\/ca\/wp-json\/wp\/v2\/comments?post=310419"}],"version-history":[{"count":0,"href":"https:\/\/v2charge.com\/ca\/wp-json\/wp\/v2\/posts\/310419\/revisions"}],"wp:featuredmedia":[{"embeddable":true,"href":"https:\/\/v2charge.com\/ca\/wp-json\/wp\/v2\/media\/287015"}],"wp:attachment":[{"href":"https:\/\/v2charge.com\/ca\/wp-json\/wp\/v2\/media?parent=310419"}],"wp:term":[{"taxonomy":"category","embeddable":true,"href":"https:\/\/v2charge.com\/ca\/wp-json\/wp\/v2\/categories?post=310419"},{"taxonomy":"post_tag","embeddable":true,"href":"https:\/\/v2charge.com\/ca\/wp-json\/wp\/v2\/tags?post=310419"}],"curies":[{"name":"wp","href":"https:\/\/api.w.org\/{rel}","templated":true}]}}