{"id":310429,"date":"2026-03-27T13:32:36","date_gmt":"2026-03-27T11:32:36","guid":{"rendered":""},"modified":"2026-03-27T13:51:41","modified_gmt":"2026-03-27T11:51:41","slug":"gestio-dinamica-de-carrega-per-a-la-wallbox-que-es-i-per-que-es-important","status":"publish","type":"post","link":"https:\/\/v2charge.com\/ca\/gestio-dinamica-de-carrega-per-a-la-wallbox-que-es-i-per-que-es-important\/","title":{"rendered":"Gesti\u00f3 din\u00e0mica de c\u00e0rrega per a la Wallbox: Qu\u00e8 \u00e9s i per qu\u00e8 \u00e9s important"},"content":{"rendered":"<p>Una tarda t\u00edpica: L&#8217;electricitat del cotxe es connecta a la Wallbox, la bomba de calor escalfa la casa, la rentadora est\u00e0 en marxa. El que en un habitatge modern sona com a normalitat, pot arribar r\u00e0pidament als l\u00edmits de la connexi\u00f3 dom\u00e8stica. La majoria de les cases d&#8217;Alemanya disposen d&#8217;una connexi\u00f3 dom\u00e8stica de 15 a 25 quilowatts. Una Wallbox sola ja consumeix 11 kW, la bomba de calor uns altres 4 kW. Si ambdues funcionen alhora, sovint s&#8217;arriba al l\u00edmit.<\/p>\n\n<p>La soluci\u00f3 no \u00e9s una cara ampliaci\u00f3 de la xarxa, sin\u00f3 un sistema intel\u00b7ligent: la gesti\u00f3 din\u00e0mica de c\u00e0rrega.<\/p>\n\n<div class=\"wp-block-uagb-advanced-heading uagb-block-7ffeeda3\"><h2 class=\"uagb-heading-text\">Qu\u00e8 \u00e9s la gesti\u00f3 din\u00e0mica de c\u00e0rrega?<\/h2><\/div>\n\n\n<p><\/p>\n\n\n<p>La gesti\u00f3 din\u00e0mica de c\u00e0rrega \u00e9s un sistema automatitzat que supervisa el consum total d&#8217;energia d&#8217;un edifici en temps real i ajusta la pot\u00e8ncia de c\u00e0rrega de la Wallbox en conseq\u00fc\u00e8ncia.<\/p>\n\n<p>El nucli \u00e9s un sistema de gesti\u00f3 d&#8217;energia (EMS) o un comptador d&#8217;energia, que s&#8217;instal\u00b7la a la connexi\u00f3 de la casa. Mesura cada segon quanta energia consumeix en total l&#8217;edifici. Quan el consum total s&#8217;acosta a la pot\u00e8ncia m\u00e0xima de connexi\u00f3, el sistema redueix autom\u00e0ticament la pot\u00e8ncia de c\u00e0rrega de la Wallbox. Tan aviat com altres consumidors es desconnecten, el sistema torna a alliberar la pot\u00e8ncia de c\u00e0rrega completa.<\/p>\n\n<p>En el dia a dia, la majoria d&#8217;usuaris no noten aquest proc\u00e9s de regulaci\u00f3. El cotxe es carrega completament durant la nit, la casa es mant\u00e9 calenta i l&#8217;autom\u00e0tic no salta.<\/p>\n\n<div class=\"wp-block-uagb-advanced-heading uagb-block-c3932fe3\"><h2 class=\"uagb-heading-text\">Din\u00e0mic vs. est\u00e0tic: La difer\u00e8ncia clau<\/h2><\/div>\n\n\n<p><\/p>\n\n\n<p>En la gesti\u00f3 de c\u00e0rrega hi ha dos enfocaments fonamentalment diferents.<\/p>\n\n<p><strong>Gesti\u00f3 de c\u00e0rrega est\u00e0tica<\/strong> estableix una pot\u00e8ncia de c\u00e0rrega m\u00e0xima fixa, independentment de quanta energia consumeixi la llar en aquell moment. Si el l\u00edmit es fixa en 6 kW, la Wallbox sempre carrega amb un m\u00e0xim de 6 kW, tant si a la nit no hi ha cap altre dispositiu en funcionament com si durant el dia el fog\u00f3 i la rentadora estan actius alhora. F\u00e0cil d&#8217;implementar, per\u00f2 sovint ineficient: el potencial disponible de la connexi\u00f3 dom\u00e8stica no s&#8217;aprofita al m\u00e0xim.<\/p>\n\n<p><strong>Gesti\u00f3 din\u00e0mica de c\u00e0rrega<\/strong> ajusta cont\u00ednuament la pot\u00e8ncia de c\u00e0rrega al consum real. A la nit, quan gaireb\u00e9 no es consumeix electricitat a casa, la Wallbox carrega a plena pot\u00e8ncia. Quan durant el dia funcionen molts dispositius alhora, la pot\u00e8ncia de c\u00e0rrega es redueix autom\u00e0ticament. El resultat: velocitat de c\u00e0rrega m\u00e0xima amb un funcionament segur de la connexi\u00f3 dom\u00e8stica.<\/p>\n\n<div class=\"wp-block-uagb-advanced-heading uagb-block-131b4e2b\"><h2 class=\"uagb-heading-text\">Quan \u00e9s necessari el gesti\u00f3 din\u00e0mica de c\u00e0rrega?<\/h2><\/div>\n\n\n<p><\/p>\n\n\n<p>No tots els llars necessiten un sistema de gesti\u00f3 de c\u00e0rrega din\u00e0mic de manera obligat\u00f2ria. \u00c9s especialment rellevant quan es donen les seg\u00fcents situacions:<\/p>\n\n<p><strong>M\u00faltiples grans consumidors a casa.<\/strong> Qui, a m\u00e9s de la Wallbox, tamb\u00e9 utilitza una bomba de calor, un escalfador d&#8217;aigua o altres aparells que consumeixen molta energia, r\u00e0pidament arriba als l\u00edmits de la connexi\u00f3 el\u00e8ctrica de la casa quan els fa funcionar alhora. La gesti\u00f3 din\u00e0mica de c\u00e0rrega evita que els fusibles es disparin.<\/p>\n\n<p><strong>C\u00e0rrega simult\u00e0nia de diversos vehicles el\u00e8ctrics.<\/strong> Si hi ha diverses wallboxes instal\u00b7lades en un edifici, la gesti\u00f3 din\u00e0mica de c\u00e0rrega s&#8217;encarrega de distribuir intel\u00b7ligentment la pot\u00e8ncia disponible entre tots els punts de c\u00e0rrega. Tots els vehicles es carreguen sense sobrecarregar la xarxa.<\/p>\n\n<p><strong>Combinaci\u00f3 amb instal\u00b7laci\u00f3 fotovoltaica.<\/strong> Qui genera energia solar pot combinar la gesti\u00f3 de c\u00e0rrega din\u00e0mica amb la c\u00e0rrega d&#8217;excedent de PV. El sistema reconeix quan hi ha energia solar excedent disponible i carrega el cotxe preferentment amb aquesta. Aix\u00ed s&#8217;maximitza l&#8217;autoconsum i els costos de c\u00e0rrega es redueixen notablement.<\/p>\n\n<p><strong>Edificis d&#8217;habitatges i aparcaments subterranis.<\/strong> En les comunitats de ve\u00efns, un sistema de gesti\u00f3 de c\u00e0rrega \u00e9s sovint un requisit per a la instal\u00b7laci\u00f3 de diverses wallboxes. Sense un control intel\u00b7ligent, la connexi\u00f3 el\u00e8ctrica comuna es sobrecarregaria r\u00e0pidament durant la c\u00e0rrega simult\u00e0nia.<\/p>\n\n\n<p><\/p>\n\n\n\n<figure class=\"wp-block-image size-full\"><img decoding=\"async\" width=\"960\" height=\"560\" src=\"https:\/\/v2charge.com\/wp-content\/uploads\/2026\/03\/dynamisches-lastmanagement-wallbox-was-ist.jpg\" alt=\"\" class=\"wp-image-309605\" srcset=\"https:\/\/v2charge.com\/wp-content\/uploads\/2026\/03\/dynamisches-lastmanagement-wallbox-was-ist.jpg 960w, https:\/\/v2charge.com\/wp-content\/uploads\/2026\/03\/dynamisches-lastmanagement-wallbox-was-ist-300x175.jpg 300w, https:\/\/v2charge.com\/wp-content\/uploads\/2026\/03\/dynamisches-lastmanagement-wallbox-was-ist-768x448.jpg 768w, https:\/\/v2charge.com\/wp-content\/uploads\/2026\/03\/dynamisches-lastmanagement-wallbox-was-ist-50x29.jpg 50w\" sizes=\"(max-width: 960px) 100vw, 960px\" \/><\/figure>\n\n\n\n<p><\/p>\n\n\n<div class=\"wp-block-uagb-advanced-heading uagb-block-28639c07\"><h2 class=\"uagb-heading-text\">Gesti\u00f3 de c\u00e0rrega din\u00e0mica i PV: La combinaci\u00f3 \u00f2ptima<\/h2><\/div>\n\n\n<p><\/p>\n\n\n<p>La aplicaci\u00f3 m\u00e9s potent de la gesti\u00f3 din\u00e0mica de c\u00e0rrega es produeix en combinaci\u00f3 amb una instal\u00b7laci\u00f3 fotovoltaica. El sistema coneix en tot moment tres valors: quanta energia produeix actualment la instal\u00b7laci\u00f3 fotovoltaica, quanta consumeix la llar i quanta queda per a la Wallbox.<\/p>\n\n<p>Basant-se en aquestes dades en temps real, la Wallbox controla la pot\u00e8ncia de c\u00e0rrega cada segon. Si el sol brilla intensament i el consum de la casa \u00e9s baix, el cotxe es carrega amb la m\u00e0xima pot\u00e8ncia d&#8217;energia solar. Si apareix un n\u00favol, la Wallbox redueix la pot\u00e8ncia de c\u00e0rrega i evita aix\u00ed que s&#8217;hagi de comprar energia de xarxa cara.<\/p>\n\n<p>El resultat s\u00f3n costos de c\u00e0rrega de vegades per sota de 2 euros cada 100 quil\u00f2metres, comparat amb m\u00e9s de 14 euros en un vehicle de gasolina amb els preus actuals del combustible.<\/p>\n\n<p>El V2C Trydan es connecta directament i sense fils amb tots els inversors habituals, incloent Fronius, SMA, SolarEdge, Huawei, Kostal, GoodWe i Victron, i gestiona autom\u00e0ticament la c\u00e0rrega din\u00e0mica a trav\u00e9s de l&#8217;aplicaci\u00f3 V2C Cloud.<\/p>\n\n<div class=\"wp-block-uagb-advanced-heading uagb-block-09b4076c\"><h2 class=\"uagb-heading-text\">Quin \u00e9s el cost de la gesti\u00f3 din\u00e0mica de c\u00e0rrega?<\/h2><\/div>\n\n\n<p><\/p>\n\n\n<p>Els costos depenen de si la wallbox ja t\u00e9 integrat el gesti\u00f3 de c\u00e0rrega o si cal instal\u00b7lar una soluci\u00f3 externa.<\/p>\n\n<p>Les wallbox amb gesti\u00f3 din\u00e0mica de c\u00e0rrega integrada solen costar entre 700 i 1.200 euros. A aix\u00f2 s&#8217;hi afegeixen els costos del comptador d&#8217;energia i la instal\u00b7laci\u00f3 per part d&#8217;un professional electricista, que varien segons la complexitat entre 200 i 600 euros.<\/p>\n\n<p>En comparaci\u00f3, l&#8217;ampliaci\u00f3 de la connexi\u00f3 dom\u00e8stica per part del operador de xarxa sol costar diversos milers d&#8217;euros. La gesti\u00f3 din\u00e0mica de c\u00e0rrega no nom\u00e9s \u00e9s t\u00e8cnicament raonable, sin\u00f3 que tamb\u00e9 \u00e9s econ\u00f2micament molt m\u00e9s atractiva que les solucions alternatives.<\/p>\n\n<div class=\"wp-block-uagb-advanced-heading uagb-block-6104b8c4\"><h2 class=\"uagb-heading-text\">\u00a714a EnWG: Wallboxes controlables i tarifes de xarxa 2026<\/h2><\/div>\n\n\n<p><\/p>\n\n\n<p>Des de 2024, a Alemanya, \u00e9s obligatori registrar consumidors controlables com les Wallbox davant del operador de la xarxa. A canvi, els operadors reben tarifes de xarxa redu\u00efdes. Una estalvi de 110 a 190 euros anuals \u00e9s, segons els c\u00e0lculs actuals, realista.<\/p>\n\n<p>Les wallbox amb gesti\u00f3 de c\u00e0rrega din\u00e0mica compleixen aquesta exig\u00e8ncia i, per tant, tamb\u00e9 estan autom\u00e0ticament qualificades per a la reducci\u00f3 de tarifes de xarxa segons l&#8217;article 14a de l&#8217;EnWG.<\/p>\n\n<h2 class=\"wp-block-heading\">FAQ<\/h2>\n\n<p><strong>Quina \u00e9s la difer\u00e8ncia entre la gesti\u00f3 de c\u00e0rrega din\u00e0mica i est\u00e0tica?<\/strong> La gesti\u00f3 de c\u00e0rrega est\u00e0tica limita la pot\u00e8ncia de c\u00e0rrega a un valor fix, independent del consum actual de la llar. La gesti\u00f3 de c\u00e0rrega din\u00e0mica ajusta la pot\u00e8ncia de c\u00e0rrega en temps real, utilitza les capacitats disponibles de manera \u00f2ptima i evita sobrec\u00e0rregues sense l\u00edmits r\u00edgids.<\/p>\n\n<p><strong>Necessito gesti\u00f3 de c\u00e0rrega din\u00e0mica per a una sola Wallbox en una casa unifamiliar?<\/strong> No \u00e9s imprescindible, per\u00f2 \u00e9s recomanable si a la llar s&#8217;utilitzen altres grans consumidors com una bomba de calor o un escalfador d&#8217;aigua. En el funcionament simultani de diversos grans consumidors, la gesti\u00f3 de c\u00e0rrega protegeix de manera fiable la connexi\u00f3 de la casa contra sobrec\u00e0rregues.<\/p>\n\n<p><strong>Funciona la gesti\u00f3 din\u00e0mica de c\u00e0rrega tamb\u00e9 amb una instal\u00b7laci\u00f3 fotovoltaica?<\/strong> S\u00ed. La combinaci\u00f3 \u00e9s especialment eficient: el sistema reconeix en temps real quanta energia solar est\u00e0 disponible i la utilitza preferentment per carregar. Aix\u00ed s&#8217;maximitza l&#8217;autoconsum i els costos de c\u00e0rrega es redueixen notablement.<\/p>\n\n<p><strong>Es pot instal\u00b7lar una gesti\u00f3 de c\u00e0rrega din\u00e0mica posteriorment?<\/strong> S\u00ed, en molts casos \u00e9s possible una instal\u00b7laci\u00f3 posterior. Per aix\u00f2, s&#8217;instal\u00b7la un comptador d&#8217;energia extern a la connexi\u00f3 de la casa, que subministra dades en temps real a la Wallbox. Les possibilitats exactes depenen del model de la Wallbox.<\/p>\n\n<p><strong>\u00c9s obligatori el gesti\u00f3 din\u00e0mica de c\u00e0rrega?<\/strong> No necess\u00e0riament. En edificis d&#8217;habitatges m\u00faltiples i en instal\u00b7lacions de grup amb diverses wallboxes, els operadors de xarxa sovint exigeixen un sistema de gesti\u00f3 de c\u00e0rrega com a requisit per a la instal\u00b7laci\u00f3. En una casa unifamiliar, \u00e9s t\u00e8cnicament recomanable, per\u00f2 no est\u00e0 legalment obligat.<\/p>\n\n<h2 class=\"wp-block-heading\">En poques paraules<\/h2>\n\n<p>La gesti\u00f3 din\u00e0mica de c\u00e0rrega no \u00e9s una caracter\u00edstica de luxe, sin\u00f3 una inversi\u00f3 raonable per a cada llar amb wallbox i altres grans consumidors. Protegeix la connexi\u00f3 dom\u00e8stica, maximitza l&#8217;\u00fas de l&#8217;energia solar i fa innecess\u00e0ries les costoses mesures d&#8217;ampliaci\u00f3 de la xarxa.<\/p>\n\n<p>M\u00e9s informaci\u00f3 sobre les possibilitats d&#8217;integraci\u00f3 del V2C Trydan amb gesti\u00f3 din\u00e0mica de c\u00e0rrega i instal\u00b7lacions fotovoltaiques es pot trobar a la <a href=\"https:\/\/v2charge.com\/ca\/area-de-suport\/suport-trydan\/\">visi\u00f3 general del producte<\/a> i a la <a href=\"https:\/\/v2charge.com\/ca\/area-de-suport\/leistungssteuerung\/dynamisches-lastmanagement\/\">secci\u00f3 de suport t\u00e8cnic<\/a>.<\/p>\n\n\n<div class=\"wp-block-uagb-image uagb-block-10c4954e wp-block-uagb-image--layout-default wp-block-uagb-image--effect-static wp-block-uagb-image--align-none\"><figure class=\"wp-block-uagb-image__figure\"><a class=\"\" href=\"https:\/\/v2charge.com\/ca\/area-de-suport\/suport-trydan\/\" target=\"\" rel=\"noopener\"><img decoding=\"async\" srcset=\"https:\/\/v2charge.com\/wp-content\/uploads\/2026\/02\/intelligenteste-wallbox-elektroautos-trydan.jpg ,https:\/\/v2charge.com\/wp-content\/uploads\/2026\/02\/intelligenteste-wallbox-elektroautos-trydan.jpg 780w, https:\/\/v2charge.com\/wp-content\/uploads\/2026\/02\/intelligenteste-wallbox-elektroautos-trydan.jpg 360w\" sizes=\"auto, (max-width: 480px) 150px\" src=\"https:\/\/v2charge.com\/wp-content\/uploads\/2026\/02\/intelligenteste-wallbox-elektroautos-trydan.jpg\" alt=\"\" class=\"uag-image-303535\" width=\"818\" height=\"818\" title=\"intelligenteste-wallbox-elektroautos-trydan\" loading=\"lazy\" role=\"img\"\/><\/a><\/figure><\/div>\n","protected":false},"excerpt":{"rendered":"<p>Una tarda t\u00edpica: L&#8217;electricitat del cotxe es connecta a la Wallbox, la bomba de calor escalfa la casa, la rentadora est\u00e0 en marxa. El que en un habitatge modern sona com a normalitat, pot arribar r\u00e0pidament als l\u00edmits de la connexi\u00f3 dom\u00e8stica. La majoria de les cases d&#8217;Alemanya disposen d&#8217;una connexi\u00f3 dom\u00e8stica de 15 a &#8230; <a title=\"Gesti\u00f3 din\u00e0mica de c\u00e0rrega per a la Wallbox: Qu\u00e8 \u00e9s i per qu\u00e8 \u00e9s important\" class=\"read-more\" href=\"https:\/\/v2charge.com\/ca\/gestio-dinamica-de-carrega-per-a-la-wallbox-que-es-i-per-que-es-important\/\" aria-label=\"M\u00e9s informaci\u00f3 sobre Gesti\u00f3 din\u00e0mica de c\u00e0rrega per a la Wallbox: Qu\u00e8 \u00e9s i per qu\u00e8 \u00e9s important\">Llegiu m\u00e9s<\/a><\/p>\n","protected":false},"author":400,"featured_media":309594,"comment_status":"closed","ping_status":"closed","sticky":false,"template":"","format":"standard","meta":{"_eb_attr":"","content-type":"","_uag_custom_page_level_css":"","footnotes":""},"categories":[],"tags":[],"class_list":["post-310429","post","type-post","status-publish","format-standard","has-post-thumbnail","hentry"],"yoast_head":"<!-- This site is optimized with the Yoast SEO plugin v25.3.1 - https:\/\/yoast.com\/wordpress\/plugins\/seo\/ -->\n<title>Gesti\u00f3 din\u00e0mica de c\u00e0rrega Wallbox: avantatges i costos 2026<\/title>\n<meta name=\"description\" content=\"Qu\u00e8 \u00e9s la gesti\u00f3 din\u00e0mica de c\u00e0rrega en wallboxes? Explicaci\u00f3, difer\u00e8ncia amb la gesti\u00f3 est\u00e0tica, combinaci\u00f3 amb PV i per qu\u00e8 evita sobrec\u00e0rregues a la llar.\" \/>\n<meta name=\"robots\" content=\"index, follow, max-snippet:-1, max-image-preview:large, max-video-preview:-1\" \/>\n<link rel=\"canonical\" href=\"https:\/\/v2charge.com\/ca\/gestio-dinamica-de-carrega-per-a-la-wallbox-que-es-i-per-que-es-important\/\" \/>\n<meta property=\"og:locale\" content=\"ca_ES\" \/>\n<meta property=\"og:type\" content=\"article\" \/>\n<meta property=\"og:title\" content=\"Gesti\u00f3 din\u00e0mica de c\u00e0rrega Wallbox: avantatges i costos 2026\" \/>\n<meta property=\"og:description\" content=\"Qu\u00e8 \u00e9s la gesti\u00f3 din\u00e0mica de c\u00e0rrega en wallboxes? Explicaci\u00f3, difer\u00e8ncia amb la gesti\u00f3 est\u00e0tica, combinaci\u00f3 amb PV i per qu\u00e8 evita sobrec\u00e0rregues a la llar.\" \/>\n<meta property=\"og:url\" content=\"https:\/\/v2charge.com\/ca\/gestio-dinamica-de-carrega-per-a-la-wallbox-que-es-i-per-que-es-important\/\" \/>\n<meta property=\"og:site_name\" content=\"V2C\" \/>\n<meta property=\"article:publisher\" content=\"https:\/\/www.facebook.com\/V2C.Charge\" \/>\n<meta property=\"article:published_time\" content=\"2026-03-27T11:32:36+00:00\" \/>\n<meta property=\"article:modified_time\" content=\"2026-03-27T11:51:41+00:00\" \/>\n<meta property=\"og:image\" content=\"https:\/\/v2charge.com\/wp-content\/uploads\/2026\/03\/dynamisches-lastmanagement-wallbox.jpg\" \/>\n\t<meta property=\"og:image:width\" content=\"960\" \/>\n\t<meta property=\"og:image:height\" content=\"560\" \/>\n\t<meta property=\"og:image:type\" content=\"image\/jpeg\" \/>\n<meta name=\"author\" content=\"V2C\" \/>\n<meta name=\"twitter:card\" content=\"summary_large_image\" \/>\n<meta name=\"twitter:creator\" content=\"@V2C_Charge\" \/>\n<meta name=\"twitter:site\" content=\"@V2C_Charge\" \/>\n<meta name=\"twitter:label1\" content=\"Escrit per\" \/>\n\t<meta name=\"twitter:data1\" content=\"V2C\" \/>\n\t<meta name=\"twitter:label2\" content=\"Temps estimat de lectura\" \/>\n\t<meta name=\"twitter:data2\" content=\"6 minuts\" \/>\n<script type=\"application\/ld+json\" class=\"yoast-schema-graph\">{\"@context\":\"https:\/\/schema.org\",\"@graph\":[{\"@type\":\"Article\",\"@id\":\"https:\/\/v2charge.com\/ca\/gestio-dinamica-de-carrega-per-a-la-wallbox-que-es-i-per-que-es-important\/#article\",\"isPartOf\":{\"@id\":\"https:\/\/v2charge.com\/ca\/gestio-dinamica-de-carrega-per-a-la-wallbox-que-es-i-per-que-es-important\/\"},\"author\":{\"name\":\"V2C\",\"@id\":\"https:\/\/v2charge.com\/ca\/#\/schema\/person\/d6f210a94a856acdddec347b2127fd0f\"},\"headline\":\"Gesti\u00f3 din\u00e0mica de c\u00e0rrega per a la Wallbox: Qu\u00e8 \u00e9s i per qu\u00e8 \u00e9s important\",\"datePublished\":\"2026-03-27T11:32:36+00:00\",\"dateModified\":\"2026-03-27T11:51:41+00:00\",\"mainEntityOfPage\":{\"@id\":\"https:\/\/v2charge.com\/ca\/gestio-dinamica-de-carrega-per-a-la-wallbox-que-es-i-per-que-es-important\/\"},\"wordCount\":1555,\"publisher\":{\"@id\":\"https:\/\/v2charge.com\/ca\/#organization\"},\"image\":{\"@id\":\"https:\/\/v2charge.com\/ca\/gestio-dinamica-de-carrega-per-a-la-wallbox-que-es-i-per-que-es-important\/#primaryimage\"},\"thumbnailUrl\":\"https:\/\/v2charge.com\/wp-content\/uploads\/2026\/03\/dynamisches-lastmanagement-wallbox.jpg\",\"inLanguage\":\"ca\"},{\"@type\":\"WebPage\",\"@id\":\"https:\/\/v2charge.com\/ca\/gestio-dinamica-de-carrega-per-a-la-wallbox-que-es-i-per-que-es-important\/\",\"url\":\"https:\/\/v2charge.com\/ca\/gestio-dinamica-de-carrega-per-a-la-wallbox-que-es-i-per-que-es-important\/\",\"name\":\"Gesti\u00f3 din\u00e0mica de c\u00e0rrega Wallbox: avantatges i costos 2026\",\"isPartOf\":{\"@id\":\"https:\/\/v2charge.com\/ca\/#website\"},\"primaryImageOfPage\":{\"@id\":\"https:\/\/v2charge.com\/ca\/gestio-dinamica-de-carrega-per-a-la-wallbox-que-es-i-per-que-es-important\/#primaryimage\"},\"image\":{\"@id\":\"https:\/\/v2charge.com\/ca\/gestio-dinamica-de-carrega-per-a-la-wallbox-que-es-i-per-que-es-important\/#primaryimage\"},\"thumbnailUrl\":\"https:\/\/v2charge.com\/wp-content\/uploads\/2026\/03\/dynamisches-lastmanagement-wallbox.jpg\",\"datePublished\":\"2026-03-27T11:32:36+00:00\",\"dateModified\":\"2026-03-27T11:51:41+00:00\",\"description\":\"Qu\u00e8 \u00e9s la gesti\u00f3 din\u00e0mica de c\u00e0rrega en wallboxes? Explicaci\u00f3, difer\u00e8ncia amb la gesti\u00f3 est\u00e0tica, combinaci\u00f3 amb PV i per qu\u00e8 evita sobrec\u00e0rregues a la llar.\",\"breadcrumb\":{\"@id\":\"https:\/\/v2charge.com\/ca\/gestio-dinamica-de-carrega-per-a-la-wallbox-que-es-i-per-que-es-important\/#breadcrumb\"},\"inLanguage\":\"ca\",\"potentialAction\":[{\"@type\":\"ReadAction\",\"target\":[\"https:\/\/v2charge.com\/ca\/gestio-dinamica-de-carrega-per-a-la-wallbox-que-es-i-per-que-es-important\/\"]}]},{\"@type\":\"ImageObject\",\"inLanguage\":\"ca\",\"@id\":\"https:\/\/v2charge.com\/ca\/gestio-dinamica-de-carrega-per-a-la-wallbox-que-es-i-per-que-es-important\/#primaryimage\",\"url\":\"https:\/\/v2charge.com\/wp-content\/uploads\/2026\/03\/dynamisches-lastmanagement-wallbox.jpg\",\"contentUrl\":\"https:\/\/v2charge.com\/wp-content\/uploads\/2026\/03\/dynamisches-lastmanagement-wallbox.jpg\",\"width\":960,\"height\":560,\"caption\":\"Was ist das dynamische Lastmanagement einer Wallbox?\"},{\"@type\":\"BreadcrumbList\",\"@id\":\"https:\/\/v2charge.com\/ca\/gestio-dinamica-de-carrega-per-a-la-wallbox-que-es-i-per-que-es-important\/#breadcrumb\",\"itemListElement\":[{\"@type\":\"ListItem\",\"position\":1,\"name\":\"V2C\",\"item\":\"https:\/\/v2charge.com\/ca\/\"},{\"@type\":\"ListItem\",\"position\":2,\"name\":\"e-Mobility\",\"item\":\"https:\/\/v2charge.com\/de\/e-mobility\/\"},{\"@type\":\"ListItem\",\"position\":3,\"name\":\"Gesti\u00f3 din\u00e0mica de c\u00e0rrega per a la Wallbox: Qu\u00e8 \u00e9s i per qu\u00e8 \u00e9s important\"}]},{\"@type\":\"WebSite\",\"@id\":\"https:\/\/v2charge.com\/ca\/#website\",\"url\":\"https:\/\/v2charge.com\/ca\/\",\"name\":\"V2C\",\"description\":\"#CargandoElMa\u00f1ana\",\"publisher\":{\"@id\":\"https:\/\/v2charge.com\/ca\/#organization\"},\"potentialAction\":[{\"@type\":\"SearchAction\",\"target\":{\"@type\":\"EntryPoint\",\"urlTemplate\":\"https:\/\/v2charge.com\/ca\/?s={search_term_string}\"},\"query-input\":{\"@type\":\"PropertyValueSpecification\",\"valueRequired\":true,\"valueName\":\"search_term_string\"}}],\"inLanguage\":\"ca\"},{\"@type\":\"Organization\",\"@id\":\"https:\/\/v2charge.com\/ca\/#organization\",\"name\":\"V2C\",\"url\":\"https:\/\/v2charge.com\/ca\/\",\"logo\":{\"@type\":\"ImageObject\",\"inLanguage\":\"ca\",\"@id\":\"https:\/\/v2charge.com\/ca\/#\/schema\/logo\/image\/\",\"url\":\"https:\/\/v2charge.com\/wp-content\/uploads\/2024\/11\/cropped-v2c-charge-logo-menu.png\",\"contentUrl\":\"https:\/\/v2charge.com\/wp-content\/uploads\/2024\/11\/cropped-v2c-charge-logo-menu.png\",\"width\":984,\"height\":431,\"caption\":\"V2C\"},\"image\":{\"@id\":\"https:\/\/v2charge.com\/ca\/#\/schema\/logo\/image\/\"},\"sameAs\":[\"https:\/\/www.facebook.com\/V2C.Charge\",\"https:\/\/x.com\/V2C_Charge\",\"https:\/\/www.instagram.com\/v2c.charge\/\",\"https:\/\/www.youtube.com\/@V2C\",\"https:\/\/www.linkedin.com\/company\/v2c-chargers\/\"]},{\"@type\":\"Person\",\"@id\":\"https:\/\/v2charge.com\/ca\/#\/schema\/person\/d6f210a94a856acdddec347b2127fd0f\",\"name\":\"V2C\",\"image\":{\"@type\":\"ImageObject\",\"inLanguage\":\"ca\",\"@id\":\"https:\/\/v2charge.com\/ca\/#\/schema\/person\/image\/\",\"url\":\"https:\/\/secure.gravatar.com\/avatar\/a91128c4c0d2f4d63bd586301fdec6cc9aa49c885839b25d1c62700f529f267c?s=96&d=mm&r=g\",\"contentUrl\":\"https:\/\/secure.gravatar.com\/avatar\/a91128c4c0d2f4d63bd586301fdec6cc9aa49c885839b25d1c62700f529f267c?s=96&d=mm&r=g\",\"caption\":\"V2C\"}}]}<\/script>\n<!-- \/ Yoast SEO plugin. -->","yoast_head_json":{"title":"Gesti\u00f3 din\u00e0mica de c\u00e0rrega Wallbox: avantatges i costos 2026","description":"Qu\u00e8 \u00e9s la gesti\u00f3 din\u00e0mica de c\u00e0rrega en wallboxes? Explicaci\u00f3, difer\u00e8ncia amb la gesti\u00f3 est\u00e0tica, combinaci\u00f3 amb PV i per qu\u00e8 evita sobrec\u00e0rregues a la llar.","robots":{"index":"index","follow":"follow","max-snippet":"max-snippet:-1","max-image-preview":"max-image-preview:large","max-video-preview":"max-video-preview:-1"},"canonical":"https:\/\/v2charge.com\/ca\/gestio-dinamica-de-carrega-per-a-la-wallbox-que-es-i-per-que-es-important\/","og_locale":"ca_ES","og_type":"article","og_title":"Gesti\u00f3 din\u00e0mica de c\u00e0rrega Wallbox: avantatges i costos 2026","og_description":"Qu\u00e8 \u00e9s la gesti\u00f3 din\u00e0mica de c\u00e0rrega en wallboxes? Explicaci\u00f3, difer\u00e8ncia amb la gesti\u00f3 est\u00e0tica, combinaci\u00f3 amb PV i per qu\u00e8 evita sobrec\u00e0rregues a la llar.","og_url":"https:\/\/v2charge.com\/ca\/gestio-dinamica-de-carrega-per-a-la-wallbox-que-es-i-per-que-es-important\/","og_site_name":"V2C","article_publisher":"https:\/\/www.facebook.com\/V2C.Charge","article_published_time":"2026-03-27T11:32:36+00:00","article_modified_time":"2026-03-27T11:51:41+00:00","og_image":[{"width":960,"height":560,"url":"https:\/\/v2charge.com\/wp-content\/uploads\/2026\/03\/dynamisches-lastmanagement-wallbox.jpg","type":"image\/jpeg"}],"author":"V2C","twitter_card":"summary_large_image","twitter_creator":"@V2C_Charge","twitter_site":"@V2C_Charge","twitter_misc":{"Escrit per":"V2C","Temps estimat de lectura":"6 minuts"},"schema":{"@context":"https:\/\/schema.org","@graph":[{"@type":"Article","@id":"https:\/\/v2charge.com\/ca\/gestio-dinamica-de-carrega-per-a-la-wallbox-que-es-i-per-que-es-important\/#article","isPartOf":{"@id":"https:\/\/v2charge.com\/ca\/gestio-dinamica-de-carrega-per-a-la-wallbox-que-es-i-per-que-es-important\/"},"author":{"name":"V2C","@id":"https:\/\/v2charge.com\/ca\/#\/schema\/person\/d6f210a94a856acdddec347b2127fd0f"},"headline":"Gesti\u00f3 din\u00e0mica de c\u00e0rrega per a la Wallbox: Qu\u00e8 \u00e9s i per qu\u00e8 \u00e9s important","datePublished":"2026-03-27T11:32:36+00:00","dateModified":"2026-03-27T11:51:41+00:00","mainEntityOfPage":{"@id":"https:\/\/v2charge.com\/ca\/gestio-dinamica-de-carrega-per-a-la-wallbox-que-es-i-per-que-es-important\/"},"wordCount":1555,"publisher":{"@id":"https:\/\/v2charge.com\/ca\/#organization"},"image":{"@id":"https:\/\/v2charge.com\/ca\/gestio-dinamica-de-carrega-per-a-la-wallbox-que-es-i-per-que-es-important\/#primaryimage"},"thumbnailUrl":"https:\/\/v2charge.com\/wp-content\/uploads\/2026\/03\/dynamisches-lastmanagement-wallbox.jpg","inLanguage":"ca"},{"@type":"WebPage","@id":"https:\/\/v2charge.com\/ca\/gestio-dinamica-de-carrega-per-a-la-wallbox-que-es-i-per-que-es-important\/","url":"https:\/\/v2charge.com\/ca\/gestio-dinamica-de-carrega-per-a-la-wallbox-que-es-i-per-que-es-important\/","name":"Gesti\u00f3 din\u00e0mica de c\u00e0rrega Wallbox: avantatges i costos 2026","isPartOf":{"@id":"https:\/\/v2charge.com\/ca\/#website"},"primaryImageOfPage":{"@id":"https:\/\/v2charge.com\/ca\/gestio-dinamica-de-carrega-per-a-la-wallbox-que-es-i-per-que-es-important\/#primaryimage"},"image":{"@id":"https:\/\/v2charge.com\/ca\/gestio-dinamica-de-carrega-per-a-la-wallbox-que-es-i-per-que-es-important\/#primaryimage"},"thumbnailUrl":"https:\/\/v2charge.com\/wp-content\/uploads\/2026\/03\/dynamisches-lastmanagement-wallbox.jpg","datePublished":"2026-03-27T11:32:36+00:00","dateModified":"2026-03-27T11:51:41+00:00","description":"Qu\u00e8 \u00e9s la gesti\u00f3 din\u00e0mica de c\u00e0rrega en wallboxes? Explicaci\u00f3, difer\u00e8ncia amb la gesti\u00f3 est\u00e0tica, combinaci\u00f3 amb PV i per qu\u00e8 evita sobrec\u00e0rregues a la llar.","breadcrumb":{"@id":"https:\/\/v2charge.com\/ca\/gestio-dinamica-de-carrega-per-a-la-wallbox-que-es-i-per-que-es-important\/#breadcrumb"},"inLanguage":"ca","potentialAction":[{"@type":"ReadAction","target":["https:\/\/v2charge.com\/ca\/gestio-dinamica-de-carrega-per-a-la-wallbox-que-es-i-per-que-es-important\/"]}]},{"@type":"ImageObject","inLanguage":"ca","@id":"https:\/\/v2charge.com\/ca\/gestio-dinamica-de-carrega-per-a-la-wallbox-que-es-i-per-que-es-important\/#primaryimage","url":"https:\/\/v2charge.com\/wp-content\/uploads\/2026\/03\/dynamisches-lastmanagement-wallbox.jpg","contentUrl":"https:\/\/v2charge.com\/wp-content\/uploads\/2026\/03\/dynamisches-lastmanagement-wallbox.jpg","width":960,"height":560,"caption":"Was ist das dynamische Lastmanagement einer Wallbox?"},{"@type":"BreadcrumbList","@id":"https:\/\/v2charge.com\/ca\/gestio-dinamica-de-carrega-per-a-la-wallbox-que-es-i-per-que-es-important\/#breadcrumb","itemListElement":[{"@type":"ListItem","position":1,"name":"V2C","item":"https:\/\/v2charge.com\/ca\/"},{"@type":"ListItem","position":2,"name":"e-Mobility","item":"https:\/\/v2charge.com\/de\/e-mobility\/"},{"@type":"ListItem","position":3,"name":"Gesti\u00f3 din\u00e0mica de c\u00e0rrega per a la Wallbox: Qu\u00e8 \u00e9s i per qu\u00e8 \u00e9s important"}]},{"@type":"WebSite","@id":"https:\/\/v2charge.com\/ca\/#website","url":"https:\/\/v2charge.com\/ca\/","name":"V2C","description":"#CargandoElMa\u00f1ana","publisher":{"@id":"https:\/\/v2charge.com\/ca\/#organization"},"potentialAction":[{"@type":"SearchAction","target":{"@type":"EntryPoint","urlTemplate":"https:\/\/v2charge.com\/ca\/?s={search_term_string}"},"query-input":{"@type":"PropertyValueSpecification","valueRequired":true,"valueName":"search_term_string"}}],"inLanguage":"ca"},{"@type":"Organization","@id":"https:\/\/v2charge.com\/ca\/#organization","name":"V2C","url":"https:\/\/v2charge.com\/ca\/","logo":{"@type":"ImageObject","inLanguage":"ca","@id":"https:\/\/v2charge.com\/ca\/#\/schema\/logo\/image\/","url":"https:\/\/v2charge.com\/wp-content\/uploads\/2024\/11\/cropped-v2c-charge-logo-menu.png","contentUrl":"https:\/\/v2charge.com\/wp-content\/uploads\/2024\/11\/cropped-v2c-charge-logo-menu.png","width":984,"height":431,"caption":"V2C"},"image":{"@id":"https:\/\/v2charge.com\/ca\/#\/schema\/logo\/image\/"},"sameAs":["https:\/\/www.facebook.com\/V2C.Charge","https:\/\/x.com\/V2C_Charge","https:\/\/www.instagram.com\/v2c.charge\/","https:\/\/www.youtube.com\/@V2C","https:\/\/www.linkedin.com\/company\/v2c-chargers\/"]},{"@type":"Person","@id":"https:\/\/v2charge.com\/ca\/#\/schema\/person\/d6f210a94a856acdddec347b2127fd0f","name":"V2C","image":{"@type":"ImageObject","inLanguage":"ca","@id":"https:\/\/v2charge.com\/ca\/#\/schema\/person\/image\/","url":"https:\/\/secure.gravatar.com\/avatar\/a91128c4c0d2f4d63bd586301fdec6cc9aa49c885839b25d1c62700f529f267c?s=96&d=mm&r=g","contentUrl":"https:\/\/secure.gravatar.com\/avatar\/a91128c4c0d2f4d63bd586301fdec6cc9aa49c885839b25d1c62700f529f267c?s=96&d=mm&r=g","caption":"V2C"}}]}},"uagb_featured_image_src":{"full":["https:\/\/v2charge.com\/wp-content\/uploads\/2026\/03\/dynamisches-lastmanagement-wallbox.jpg",960,560,false],"thumbnail":["https:\/\/v2charge.com\/wp-content\/uploads\/2026\/03\/dynamisches-lastmanagement-wallbox-150x150.jpg",150,150,true],"medium":["https:\/\/v2charge.com\/wp-content\/uploads\/2026\/03\/dynamisches-lastmanagement-wallbox-300x175.jpg",300,175,true],"medium_large":["https:\/\/v2charge.com\/wp-content\/uploads\/2026\/03\/dynamisches-lastmanagement-wallbox-768x448.jpg",768,448,true],"large":["https:\/\/v2charge.com\/wp-content\/uploads\/2026\/03\/dynamisches-lastmanagement-wallbox.jpg",960,560,false],"gs-tiny":["https:\/\/v2charge.com\/wp-content\/uploads\/2026\/03\/dynamisches-lastmanagement-wallbox-50x29.jpg",50,29,true],"xl":["https:\/\/v2charge.com\/wp-content\/uploads\/2026\/03\/dynamisches-lastmanagement-wallbox.jpg",960,560,false],"xxl":["https:\/\/v2charge.com\/wp-content\/uploads\/2026\/03\/dynamisches-lastmanagement-wallbox.jpg",960,560,false],"xxxl":["https:\/\/v2charge.com\/wp-content\/uploads\/2026\/03\/dynamisches-lastmanagement-wallbox.jpg",960,560,false],"xxxxl":["https:\/\/v2charge.com\/wp-content\/uploads\/2026\/03\/dynamisches-lastmanagement-wallbox.jpg",960,560,false],"xxxxxl":["https:\/\/v2charge.com\/wp-content\/uploads\/2026\/03\/dynamisches-lastmanagement-wallbox.jpg",960,560,false],"1536x1536":["https:\/\/v2charge.com\/wp-content\/uploads\/2026\/03\/dynamisches-lastmanagement-wallbox.jpg",960,560,false],"2048x2048":["https:\/\/v2charge.com\/wp-content\/uploads\/2026\/03\/dynamisches-lastmanagement-wallbox.jpg",960,560,false]},"uagb_author_info":{"display_name":"V2C","author_link":"https:\/\/v2charge.com\/ca\/author\/marketing\/"},"uagb_comment_info":0,"uagb_excerpt":"Una tarda t\u00edpica: L&#8217;electricitat del cotxe es connecta a la Wallbox, la bomba de calor escalfa la casa, la rentadora est\u00e0 en marxa. El que en un habitatge modern sona com a normalitat, pot arribar r\u00e0pidament als l\u00edmits de la connexi\u00f3 dom\u00e8stica. La majoria de les cases d&#8217;Alemanya disposen d&#8217;una connexi\u00f3 dom\u00e8stica de 15 a&hellip;","_links":{"self":[{"href":"https:\/\/v2charge.com\/ca\/wp-json\/wp\/v2\/posts\/310429","targetHints":{"allow":["GET"]}}],"collection":[{"href":"https:\/\/v2charge.com\/ca\/wp-json\/wp\/v2\/posts"}],"about":[{"href":"https:\/\/v2charge.com\/ca\/wp-json\/wp\/v2\/types\/post"}],"author":[{"embeddable":true,"href":"https:\/\/v2charge.com\/ca\/wp-json\/wp\/v2\/users\/400"}],"replies":[{"embeddable":true,"href":"https:\/\/v2charge.com\/ca\/wp-json\/wp\/v2\/comments?post=310429"}],"version-history":[{"count":0,"href":"https:\/\/v2charge.com\/ca\/wp-json\/wp\/v2\/posts\/310429\/revisions"}],"wp:featuredmedia":[{"embeddable":true,"href":"https:\/\/v2charge.com\/ca\/wp-json\/wp\/v2\/media\/309594"}],"wp:attachment":[{"href":"https:\/\/v2charge.com\/ca\/wp-json\/wp\/v2\/media?parent=310429"}],"wp:term":[{"taxonomy":"category","embeddable":true,"href":"https:\/\/v2charge.com\/ca\/wp-json\/wp\/v2\/categories?post=310429"},{"taxonomy":"post_tag","embeddable":true,"href":"https:\/\/v2charge.com\/ca\/wp-json\/wp\/v2\/tags?post=310429"}],"curies":[{"name":"wp","href":"https:\/\/api.w.org\/{rel}","templated":true}]}}