{"id":318105,"date":"2024-06-18T10:26:36","date_gmt":"2024-06-18T08:26:36","guid":{"rendered":""},"modified":"2026-04-25T19:29:19","modified_gmt":"2026-04-25T19:29:19","slug":"konektor-mennekes-typ-2-vlastnosti-a-v-hody","status":"publish","type":"post","link":"https:\/\/v2charge.com\/cs\/konektor-mennekes-typ-2-vlastnosti-a-v-hody\/","title":{"rendered":"Kabel Mennekes Typ 2: vlastnosti a v\u00fdhody"},"content":{"rendered":"<p><strong style=\"font-size: inherit; color: var(--contrast);\">Konektor typu 2<\/strong><span style=\"font-size: inherit; color: var(--contrast);\">, tak\u00e9 naz\u00fdvan\u00fd kabel <\/span><em style=\"font-size: inherit; color: var(--contrast);\"><strong>Mennekes Type 2<\/strong><\/em><span style=\"font-size: inherit; color: var(--contrast);\">, je norma p\u0159ijat\u00e1 Evropskou uni\u00ed pro nab\u00edjec\u00ed stanice elektrick\u00fdch vozidel. Tento konektor usnad\u0148uje nab\u00edjen\u00ed elektrick\u00fdch a plug-in hybridn\u00edch vozidel a z\u00e1rove\u0148 zaji\u0161\u0165uje interoperabilitu mezi r\u016fzn\u00fdmi nab\u00edjec\u00edmi stanicemi a vozidly. V tomto \u010dl\u00e1nku podrobn\u011b prozkoum\u00e1me jeho <\/span><strong style=\"font-size: inherit; color: var(--contrast);\">vlastnosti, kapacitu nab\u00edjen\u00ed a jak se vyrovn\u00e1v\u00e1 s jin\u00fdmi konektory dostupn\u00fdmi na trhu.<\/strong><\/p>\n<p>Jeho robustn\u00ed a univerz\u00e1ln\u00ed design z n\u011bj u\u010dinil normu v Evrop\u011b a na dal\u0161\u00edch rozv\u00edjej\u00edc\u00edch se trz\u00edch, <strong>usnad\u0148uj\u00edc\u00ed p\u0159echod na elektrickou mobilitu.<\/strong><\/p>\n<h2>Historie a p\u0159ijet\u00ed konektoru typu 2<\/h2>\n<p>V lednu 2013 <strong>Evropsk\u00e1 komise<\/strong> vybrala konektor <strong>IEC 62196-2 Type 2<\/strong> jako ofici\u00e1ln\u00ed normu pro nab\u00edjen\u00ed elektrick\u00fdch vozidel v Evropsk\u00e9 unii. Od t\u00e9 doby byl p\u0159ijat i v dal\u0161\u00edch zem\u00edch mimo Evropu, jako je Nov\u00fd Z\u00e9land, Maroko a n\u011bkolik region\u016f severn\u00ed Afriky.<\/p>\n<h3>V\u00fdhody oproti jin\u00fdm konektor\u016fm<\/h3>\n<p>Hlavn\u00ed v\u00fdhodou konektoru <strong>Mennekes Type 2<\/strong> je jeho schopnost zvl\u00e1dat jak nab\u00edjen\u00ed st\u0159\u00eddav\u00fdm (AC), tak stejnosm\u011brn\u00fdm (DC) proudem. Na rozd\u00edl od konektor\u016f <strong>CHAdeMO<\/strong> nebo <strong>Combo CSS<\/strong>, kter\u00e9 maj\u00ed omezen\u00ed v oblasti kompatibility a rychlosti nab\u00edjen\u00ed, konektor typu 2 nab\u00edz\u00ed flexibiln\u011bj\u0161\u00ed a efektivn\u011bj\u0161\u00ed \u0159e\u0161en\u00ed pro nab\u00edjen\u00ed elektrick\u00fdch vozidel.<\/p>\n<h2>Vlastnosti konektoru Mennekes Type 2<\/h2>\n<p>Konektor typu 2 se vyzna\u010duje sv\u00fdm kruhov\u00fdm designem s ploch\u00fdm horn\u00edm okrajem, co\u017e zaji\u0161\u0165uje bezpe\u010dn\u00e9 a efektivn\u00ed p\u0159ipojen\u00ed. Je speci\u00e1ln\u011b navr\u017een tak, aby zvl\u00e1dal \u0161irok\u00e9 spektrum v\u00fdkon\u016f, od 3 kW do 50 kW ve sv\u00e9 standardn\u00ed konfiguraci, a <strong>m\u016f\u017ee dos\u00e1hnout a\u017e 150 kW<\/strong> na rychlonab\u00edjec\u00edch stanic\u00edch.<\/p>\n<h3>Design a kapacita nab\u00edjen\u00ed<\/h3>\n<p>Konektor typu 2 je zn\u00e1m\u00fd sv\u00fdm robustn\u00edm designem a schopnost\u00ed podporovat vysok\u00e9 v\u00fdkony. S konektorem se sedmi p\u00f3ly tento za\u0159\u00edzen\u00ed umo\u017e\u0148uje:<\/p>\n<ul>\n<li><strong>Jednof\u00e1zov\u00fd st\u0159\u00eddav\u00fd proud<\/strong>: A\u017e 70 A.<\/li>\n<li><strong>Trojf\u00e1zov\u00fd st\u0159\u00eddav\u00fd proud<\/strong>: A\u017e 63 A s maxim\u00e1ln\u00edm nap\u011bt\u00edm 500 V.<\/li>\n<\/ul>\n<p>To umo\u017e\u0148uje maxim\u00e1ln\u00ed nab\u00edjec\u00ed v\u00fdkon 43 kW ve st\u0159\u00eddav\u00e9m proudu, co\u017e je kapacita \u0161iroce p\u0159izp\u016fsoben\u00e1 v\u011bt\u0161in\u011b pot\u0159eb rychl\u00e9ho nab\u00edjen\u00ed.<\/p>\n<p><img decoding=\"async\" class=\"alignnone size-full wp-image-160884\" src=\"https:\/\/v2charge.com\/wp-content\/uploads\/2024\/06\/mennekes-tipo-2-conector.jpg\" alt=\"Osoba p\u0159ipojuj\u00edc\u00ed kabel Mennekes Type 2\" width=\"960\" height=\"560\" srcset=\"https:\/\/v2charge.com\/wp-content\/uploads\/2024\/06\/mennekes-tipo-2-conector.jpg 960w, https:\/\/v2charge.com\/wp-content\/uploads\/2024\/06\/mennekes-tipo-2-conector-300x175.jpg 300w, https:\/\/v2charge.com\/wp-content\/uploads\/2024\/06\/mennekes-tipo-2-conector-768x448.jpg 768w\" sizes=\"(max-width: 960px) 100vw, 960px\" \/><\/p>\n<h3>Kompatibilita se syst\u00e9my rychl\u00e9ho nab\u00edjen\u00ed a AC a DC proudy<\/h3>\n<p>Konektor <strong>Mennekes Type 2<\/strong> m\u016f\u017ee b\u00fdt pou\u017eit jak pro dom\u00e1c\u00ed nab\u00edjen\u00ed prost\u0159ednictv\u00edm dom\u00e1c\u00ed z\u00e1suvky nebo nab\u00edjec\u00ed stanice, tak pro nab\u00edjen\u00ed na ve\u0159ejn\u00fdch stanic\u00edch.<\/p>\n<p>Konektor <strong>Combo 2<\/strong> nab\u00edz\u00ed velkou univerz\u00e1lnost t\u00edm, \u017ee poskytuje jak elektrickou energii ve st\u0159\u00eddav\u00e9m (AC), tak stejnosm\u011brn\u00e9m (DC) proudu. Je kompatibiln\u00ed s jednof\u00e1zov\u00fdmi a trojf\u00e1zov\u00fdmi nab\u00edjen\u00edmi, co\u017e umo\u017e\u0148uje jeho pou\u017eit\u00ed v r\u016fzn\u00fdch nab\u00edjec\u00edch infrastruktur\u00e1ch, od dom\u00e1c\u00edch instalac\u00ed po ve\u0159ejn\u00e9 nab\u00edjec\u00ed stanice s vysok\u00fdm v\u00fdkonem.<\/p>\n<h2>Dostupn\u00e9 re\u017eimy nab\u00edjen\u00ed<\/h2>\n<p>Konektor <strong>Mennekes Type 2<\/strong> nab\u00edz\u00ed \u010dty\u0159i r\u016fzn\u00e9 re\u017eimy nab\u00edjen\u00ed v z\u00e1vislosti na v\u00fdkonu a proudu, co\u017e ho \u010din\u00ed extr\u00e9mn\u011b univerz\u00e1ln\u00edm. N\u00ed\u017ee podrobn\u011b popisujeme jejich fungov\u00e1n\u00ed.<\/p>\n<h3>Re\u017eim 1 kabelu Mennekes Type 2: Z\u00e1kladn\u00ed nab\u00edjen\u00ed<\/h3>\n<p><strong>Kabel Mennekes Type 2<\/strong> nab\u00edz\u00ed <strong>Re\u017eim 1<\/strong> nab\u00edjen\u00ed, kter\u00fd vyu\u017e\u00edv\u00e1 standardn\u00ed dom\u00e1c\u00ed z\u00e1suvky 230 volt\u016f, s maxim\u00e1ln\u00edm proudem 16 amp\u00e9r a v\u00fdkonem a\u017e 3,7 kW. Tento re\u017eim je dokonale p\u0159izp\u016fsoben pro nab\u00edjen\u00ed elektrick\u00fdch vozidel v reziden\u010dn\u00edch prost\u0159ed\u00edch.<\/p>\n<h3>Re\u017eim 2 kabelu Mennekes Type 2: Vylep\u0161en\u00e9 nab\u00edjen\u00ed<\/h3>\n<div class=\"flex flex-grow flex-col max-w-full\">\n<div class=\"min-h-[20px] text-message flex flex-col items-start whitespace-pre-wrap break-words [.text-message+&amp;]:mt-5 juice:w-full juice:items-end overflow-x-auto gap-2\" dir=\"auto\" data-message-author-role=\"assistant\" data-message-id=\"ef6f5a8c-1fc9-4a49-8591-636d8ba4d1a5\">\n<div class=\"flex w-full flex-col gap-1 juice:empty:hidden juice:first:pt-[3px]\">\n<div class=\"markdown prose w-full break-words dark:prose-invert light\">\n<p><strong>Kabel Mennekes Type 2<\/strong> nab\u00edz\u00ed Re\u017eim 2 nab\u00edjen\u00ed, kter\u00fd umo\u017e\u0148uje rychlej\u0161\u00ed nab\u00edjen\u00ed s proudem a\u017e 32 amp\u00e9r v jednof\u00e1zov\u00fdch nebo trojf\u00e1zov\u00fdch syst\u00e9mech a v\u00fdkonem a\u017e 22 kW. Tento re\u017eim je navr\u017een pro nab\u00edjec\u00ed instalace v dom\u00e1cnostech s vy\u0161\u0161\u00ed elektrickou popt\u00e1vkou, stejn\u011b jako pro ve\u0159ejn\u00e9 nab\u00edjec\u00ed body.<\/p>\n<\/div>\n<\/div>\n<\/div>\n<\/div>\n<h3>Re\u017eim 3 kabelu Mennekes Type 2: Rychl\u00e9 nab\u00edjen\u00ed AC<\/h3>\n<p>Kabel <strong>Mennekes Type 2<\/strong> nab\u00edz\u00ed Re\u017eim 3, nejpokro\u010dilej\u0161\u00ed pro nab\u00edjen\u00ed ve st\u0159\u00eddav\u00e9m proudu, umo\u017e\u0148uj\u00edc\u00ed v\u00fdkony nad 20 kW. Tento re\u017eim je obzvl\u00e1\u0161\u0165 vhodn\u00fd pro ve\u0159ejn\u00e9 nab\u00edjec\u00ed stanice, kde je rychlost nab\u00edjen\u00ed z\u00e1sadn\u00ed.<\/p>\n<h3>Re\u017eim 4 kabelu Mennekes Type 2: Nab\u00edjen\u00ed DC<\/h3>\n<p><strong>Re\u017eim 4 kabelu Mennekes Type 2<\/strong> umo\u017e\u0148uje rychl\u00e9 nab\u00edjen\u00ed ve stejnosm\u011brn\u00e9m proudu s v\u00fdkony a\u017e 240 kW, co\u017e v\u00fdrazn\u011b zkracuje dobu nab\u00edjen\u00ed. Tato mo\u017enost je dokonale p\u0159izp\u016fsobena pro rychlonab\u00edjec\u00ed stanice um\u00edst\u011bn\u00e9 na d\u00e1lnic\u00edch a v odpo\u010d\u00edvadlech.<\/p>\n<table id=\"tablepress-8\" class=\"tablepress tablepress-id-8\">\n<thead>\n<tr class=\"row-1\">\n\t<th class=\"column-1\">Type<\/th><th class=\"column-2\">Tension Nominale<\/th><th class=\"column-3\">Phases<\/th><th class=\"column-4\">Courant Maximal<\/th><th class=\"column-5\">Puissance<\/th>\n<\/tr>\n<\/thead>\n<tbody class=\"row-striping row-hover\">\n<tr class=\"row-2\">\n\t<td class=\"column-1\">AC Mode 1<\/td><td class=\"column-2\">230 V<\/td><td class=\"column-3\">Monophas\u00e9<\/td><td class=\"column-4\">13-16 A<\/td><td class=\"column-5\">3-3,7 kW<\/td>\n<\/tr>\n<tr class=\"row-3\">\n\t<td class=\"column-1\">AC Mode 2<\/td><td class=\"column-2\">230-400 V<\/td><td class=\"column-3\">Mono\/Triphas\u00e9<\/td><td class=\"column-4\">\u2264 32 A\t<\/td><td class=\"column-5\">7,4-22 kW<\/td>\n<\/tr>\n<tr class=\"row-4\">\n\t<td class=\"column-1\">AC Mode 3<\/td><td class=\"column-2\">Varie<\/td><td class=\"column-3\">Mono\/Triphas\u00e9<\/td><td class=\"column-4\">> 20 kW<\/td><td class=\"column-5\">> 20 kW<\/td>\n<\/tr>\n<tr class=\"row-5\">\n\t<td class=\"column-1\">DC Type 1<\/td><td class=\"column-2\">200\u2013450 V<\/td><td class=\"column-3\">DC<\/td><td class=\"column-4\">80 A<\/td><td class=\"column-5\">36 kW<\/td>\n<\/tr>\n<tr class=\"row-6\">\n\t<td class=\"column-1\">DC Type 1<\/td><td class=\"column-2\">200\u2013450 V<\/td><td class=\"column-3\">DC<\/td><td class=\"column-4\">200 A<\/td><td class=\"column-5\">90 kW<\/td>\n<\/tr>\n<tr class=\"row-7\">\n\t<td class=\"column-1\">DC Type 1<\/td><td class=\"column-2\">200\u2013600 V<\/td><td class=\"column-3\">DC<\/td><td class=\"column-4\">400 A<\/td><td class=\"column-5\">240 kW<\/td>\n<\/tr>\n<\/tbody>\n<\/table>\n<!-- #tablepress-8 from cache -->\n<h2>Aplikace a v\u00fdhody konektoru Mennekes Type 2<\/h2>\n<p>Pokrok v elektrick\u00e9 mobilit\u011b p\u0159inesl \u0159adu technologi\u00ed nab\u00edjen\u00ed navr\u017een\u00fdch tak, aby zlep\u0161ily efektivitu a bezpe\u010dnost elektrick\u00fdch vozidel. Mezi t\u011bmito pokroky se konektor Mennekes Type 2 prosadil jako <strong>\u0161iroce p\u0159ijat\u00fd standard v Evrop\u011b<\/strong> a dal\u0161\u00edch regionech, vyzna\u010duj\u00edc\u00ed se svou univerz\u00e1lnost\u00ed a spolehlivost\u00ed.<\/p>\n<p>Tento konektor je preferov\u00e1n mnoha automobilkami d\u00edky sv\u00e9 schopnosti b\u00fdt kompatibiln\u00ed s \u0161irok\u00fdm spektrem elektrick\u00fdch a plug-in hybridn\u00edch vozidel, mezi nimi\u017e jsou popul\u00e1rn\u00ed modely jako <strong>Tesla Model 3<\/strong>, <strong>Nissan Leaf<\/strong> a <strong>BMW S\u00e9rie 3<\/strong>.<\/p>\n<p><\/p>\n<p><img decoding=\"async\" class=\"alignnone size-full wp-image-160894\" src=\"https:\/\/v2charge.com\/wp-content\/uploads\/2024\/06\/conector-mennekes-tipo-2.jpg\" alt=\"Kabel Mennekes Tipo 2 Samec a Samice\" width=\"960\" height=\"560\" srcset=\"https:\/\/v2charge.com\/wp-content\/uploads\/2024\/06\/conector-mennekes-tipo-2.jpg 960w, https:\/\/v2charge.com\/wp-content\/uploads\/2024\/06\/conector-mennekes-tipo-2-300x175.jpg 300w, https:\/\/v2charge.com\/wp-content\/uploads\/2024\/06\/conector-mennekes-tipo-2-768x448.jpg 768w\" sizes=\"(max-width: 960px) 100vw, 960px\" \/><\/p>\n<h3>Bezpe\u010dnost a efektivita<\/h3>\n<div class=\"flex flex-grow flex-col max-w-full\">\n<div class=\"min-h-[20px] text-message flex flex-col items-start whitespace-pre-wrap break-words [.text-message+&amp;]:mt-5 juice:w-full juice:items-end overflow-x-auto gap-2\" dir=\"auto\" data-message-author-role=\"assistant\" data-message-id=\"cd39acbf-0a5e-48d7-bf2f-b9550688b46d\">\n<div class=\"flex w-full flex-col gap-1 juice:empty:hidden juice:first:pt-[3px]\">\n<div class=\"markdown prose w-full break-words dark:prose-invert light\">\n<p><strong>Konektor Mennekes Type 2<\/strong> je navr\u017een tak, aby zaji\u0161\u0165oval bezpe\u010dn\u00e9 a efektivn\u00ed nab\u00edjen\u00ed, integruj\u00edc\u00ed funkce jako <strong>ochrana proti zkratu<\/strong> a komunikaci sign\u00e1l\u016f mezi vozidlem a nab\u00edjec\u00edm bodem pro <strong>regulaci intenzity proudu.<\/strong><\/p>\n<\/div>\n<\/div>\n<\/div>\n<\/div>\n<h3>Syst\u00e9m automatick\u00e9ho zamyk\u00e1n\u00ed<\/h3>\n<p><strong>Kl\u00ed\u010dovou vlastnost\u00ed<\/strong> konektoru Type 2 je jeho <strong>syst\u00e9m automatick\u00e9ho zamyk\u00e1n\u00ed<\/strong>, kter\u00fd zaji\u0161\u0165uje bezpe\u010dn\u00e9 p\u0159ipojen\u00ed a <strong>br\u00e1n\u00ed jak\u00e9mukoli n\u00e1hodn\u00e9mu odpojen\u00ed<\/strong> b\u011bhem nab\u00edjen\u00ed. Tato funkce se ukazuje jako zvl\u00e1\u0161\u0165 u\u017eite\u010dn\u00e1 na ve\u0159ejn\u00fdch nab\u00edjec\u00edch stanic\u00edch, kde je bezpe\u010dnost a stabilita p\u0159ipojen\u00ed z\u00e1sadn\u00ed.<\/p>\n<h2>Kompatibilita a adapt\u00e9ry<\/h2>\n<p><span style=\"font-size: inherit; color: var(--contrast);\">I kdy\u017e je kabel Mennekes Type 2 \u0161iroce p\u0159ijat v Evrop\u011b, st\u00e1le existuj\u00ed nab\u00edjec\u00ed stanice, kter\u00e9 vy\u017eaduj\u00ed pou\u017eit\u00ed jin\u00fdch typ\u016f konektor\u016f.<\/span><span style=\"font-size: inherit; color: var(--contrast);\"> V t\u011bchto p\u0159\u00edpadech <\/span><strong style=\"font-size: inherit; color: var(--contrast);\">mohou b\u00fdt pou\u017eity adapt\u00e9ry<\/strong><span style=\"font-size: inherit; color: var(--contrast);\"> k p\u0159ipojen\u00ed vozidel s konektorem Type 2 k nab\u00edjec\u00edm stanic\u00edm pou\u017e\u00edvaj\u00edc\u00edm r\u016fzn\u00e9 konektory. Tyto adapt\u00e9ry <\/span><strong style=\"font-size: inherit; color: var(--contrast);\">nep\u0159edstavuj\u00ed \u017e\u00e1dn\u00e9 riziko pro vozidlo<\/strong><span style=\"font-size: inherit; color: var(--contrast);\"> a neovliv\u0148uj\u00ed ani efektivitu, ani n\u00e1klady na nab\u00edjen\u00ed.<\/span><\/p>\n<h2>Porovn\u00e1n\u00ed s jin\u00fdmi konektory<\/h2>\n<div class=\"flex flex-grow flex-col max-w-full\">\n<div class=\"min-h-[20px] text-message flex flex-col items-start whitespace-pre-wrap break-words [.text-message+&amp;]:mt-5 juice:w-full juice:items-end overflow-x-auto gap-2\" dir=\"auto\" data-message-author-role=\"assistant\" data-message-id=\"ed0aeb89-02bc-4185-815f-e72856264b56\">\n<div class=\"flex w-full flex-col gap-1 juice:empty:hidden juice:first:pt-[3px]\">\n<div class=\"markdown prose w-full break-words dark:prose-invert light\">\n<p>Na trhu existuje n\u011bkolik nab\u00edjec\u00edch standard\u016f, z nich\u017e ka\u017ed\u00fd m\u00e1 sv\u00e9 v\u00fdhody a specifick\u00e1 omezen\u00ed. V t\u00e9to \u010d\u00e1sti se pod\u00edv\u00e1me na dva hlavn\u00ed nab\u00edjec\u00ed konektory: <strong>CHAdeMO<\/strong> a <strong>Combo CSS<\/strong>. Analyzujeme jejich vlastnosti, geografick\u00e9 aplikace a jejich dopad na sou\u010dasnou a budouc\u00ed nab\u00edjec\u00ed infrastrukturu ve srovn\u00e1n\u00ed s konektorem <strong>Mennekes Type 2<\/strong>.<\/p>\n<\/div>\n<\/div>\n<\/div>\n<\/div>\n<h3>Konektor CHAdeMO<\/h3>\n<p><span style=\"font-size: inherit; color: var(--contrast);\">Konektor <\/span><strong style=\"font-size: inherit; color: var(--contrast);\">CHAdeMO<\/strong><span style=\"font-size: inherit; color: var(--contrast);\"> p\u0159edstavuje jeden z nejstar\u0161\u00edch standard\u016f, kter\u00fd se pou\u017e\u00edv\u00e1 p\u0159ev\u00e1\u017en\u011b v Japonsku a v n\u011bkolika dal\u0161\u00edch zem\u00edch. I kdy\u017e je schopen poskytovat rychl\u00e9 nab\u00edjen\u00ed, jeho p\u0159ijet\u00ed je omezeno konkurenc\u00ed s nov\u011bj\u0161\u00edmi standardy, jako je <strong>Mennekes Type 2<\/strong> a <strong>Combo CSS<\/strong>.<\/span><\/p>\n<h3>Konektor Combo CSS<\/h3>\n<p><strong>Combo CSS<\/strong> (Syst\u00e9m kombinovan\u00e9ho nab\u00edjen\u00ed) je varianta konektoru <strong>Mennekes Type 2<\/strong>, kter\u00e1 integruje dv\u011b dal\u0161\u00ed kol\u00edky ur\u010den\u00e9 pro rychl\u00e9 nab\u00edjen\u00ed stejnosm\u011brn\u00fdm proudem. Tato kombinace umo\u017e\u0148uje v\u011bt\u0161\u00ed univerz\u00e1lnost a je <strong>kompatibiln\u00ed s \u0161irok\u00fdm spektrem rychlonab\u00edjec\u00edch stanic<\/strong> v Evrop\u011b a Severn\u00ed Americe.<\/p>\n<h2>Jak dlouho trv\u00e1 nabit\u00ed elektrick\u00e9ho vozidla pomoc\u00ed konektoru Type 2?<\/h2>\n<div class=\"flex flex-grow flex-col max-w-full\">\n<div class=\"min-h-[20px] text-message flex flex-col items-start whitespace-pre-wrap break-words [.text-message+&amp;]:mt-5 juice:w-full juice:items-end overflow-x-auto gap-2\" dir=\"auto\" data-message-author-role=\"assistant\" data-message-id=\"e7e5bf4b-c667-49e2-a3dd-5ee186f39101\">\n<div class=\"flex w-full flex-col gap-1 juice:empty:hidden juice:first:pt-[3px]\">\n<div class=\"markdown prose w-full break-words dark:prose-invert light\">\n<p>V\u00fdkon dod\u00e1van\u00fd konektorem Type 2 umo\u017e\u0148uje rychl\u00e9 a efektivn\u00ed nab\u00edjen\u00ed. Nap\u0159\u00edklad <strong>Nov\u00e1 Renault ZOE<\/strong> m\u016f\u017ee nab\u00edt a\u017e 125 kilometr\u016f dojezdu za pouhou hodinu, kdy\u017e je p\u0159ipojena k ve\u0159ejn\u00e9 nab\u00edjec\u00ed stanici o v\u00fdkonu 22 kW. Je v\u0161ak d\u016fle\u017eit\u00e9 poznamenat, \u017ee proces nab\u00edjen\u00ed se zpomaluje, jakmile baterie dos\u00e1hne 80 % sv\u00e9 kapacity, bez ohledu na povahu pou\u017eit\u00e9ho konektoru, aby se p\u0159ede\u0161lo po\u0161kozen\u00ed baterie.<\/p>\n<\/div>\n<\/div>\n<\/div>\n<\/div>\n<div class=\"flex flex-grow flex-col max-w-full\">\n<div class=\"min-h-[20px] text-message flex flex-col items-start whitespace-pre-wrap break-words [.text-message+&amp;]:mt-5 juice:w-full juice:items-end overflow-x-auto gap-2\" dir=\"auto\" data-message-author-role=\"assistant\" data-message-id=\"0b4883f5-25c8-478d-9bad-f98e25885a3c\">\n<div class=\"flex w-full flex-col gap-1 juice:empty:hidden juice:first:pt-[3px]\">\n<div class=\"markdown prose w-full break-words dark:prose-invert light\">\n<p><strong>Konektor IEC 62196-2 Mennekes Type 2<\/strong>, tak\u00e9 zn\u00e1m\u00fd jako konektor Mennekes, se uk\u00e1zal b\u00fdt kl\u00ed\u010dov\u00fdm prvkem glob\u00e1ln\u00ed nab\u00edjec\u00ed infrastruktury pro elektrick\u00e1 vozidla. Jeho univerz\u00e1lnost, bezpe\u010dnost a schopnost zvl\u00e1dat r\u016fzn\u00e9 v\u00fdkony z n\u011bj \u010din\u00ed <strong>preferovanou volbu v\u011bt\u0161iny v\u00fdrobc\u016f<\/strong> a u\u017eivatel\u016f elektrick\u00fdch vozidel. Jak se elektrick\u00e1 mobilita nad\u00e1le vyv\u00edj\u00ed, je pravd\u011bpodobn\u00e9, \u017ee p\u0159ijet\u00ed tohoto konektoru bude i nad\u00e1le <strong>r\u016fst, \u010d\u00edm\u017e se upevn\u00ed jeho postaven\u00ed jako glob\u00e1ln\u00edho standardu pro nab\u00edjen\u00ed elektrick\u00fdch vozidel.<\/strong><\/p>\n<\/div>\n<\/div>\n<\/div>\n<\/div>\n<div class=\"wp-block-uagb-image uagb-block-5c31c936 wp-block-uagb-image--layout-default wp-block-uagb-image--effect-static wp-block-uagb-image--align-none uag-hide-tab uag-hide-mob\"><figure class=\"wp-block-uagb-image__figure\"><a class=\"\" href=\"https:\/\/v2charge.com\/fr\/trydan\/\" target=\"\" rel=\"noopener\"><img decoding=\"async\" srcset=\"https:\/\/v2charge.com\/wp-content\/uploads\/2024\/06\/installator-bornes-recharge-voiture-electrique.jpg ,https:\/\/v2charge.com\/wp-content\/uploads\/2024\/06\/installator-bornes-recharge-voiture-electrique.jpg 780w, https:\/\/v2charge.com\/wp-content\/uploads\/2024\/06\/installator-bornes-recharge-voiture-electrique.jpg 360w\" sizes=\"auto, (max-width: 480px) 150px\" src=\"https:\/\/v2charge.com\/wp-content\/uploads\/2024\/06\/installator-bornes-recharge-voiture-electrique.jpg\" alt=\"installation borne recharge voiture electrique\" class=\"uag-image-162663\" width=\"818\" height=\"248\" title=\"installator-bornes-recharge-voiture-electrique\" loading=\"lazy\" role=\"img\"\/><\/a><\/figure><\/div>\n\n\n\n<div class=\"wp-block-uagb-image uagb-block-54059d53 wp-block-uagb-image--layout-default wp-block-uagb-image--effect-static wp-block-uagb-image--align-none uag-hide-desktop uag-hide-tab\"><figure class=\"wp-block-uagb-image__figure\"><a class=\"\" href=\"https:\/\/v2charge.com\/fr\/trydan\/\" target=\"\" rel=\"noopener\"><img decoding=\"async\" srcset=\"https:\/\/v2charge.com\/wp-content\/uploads\/2024\/06\/installator-borne-recharge-voiture-electrique.jpg ,https:\/\/v2charge.com\/wp-content\/uploads\/2024\/06\/installator-borne-recharge-voiture-electrique.jpg 780w, https:\/\/v2charge.com\/wp-content\/uploads\/2024\/06\/installator-borne-recharge-voiture-electrique.jpg 360w\" sizes=\"auto, (max-width: 480px) 150px\" src=\"https:\/\/v2charge.com\/wp-content\/uploads\/2024\/06\/installator-borne-recharge-voiture-electrique.jpg\" alt=\"installation borne recharge voiture electrique\" class=\"uag-image-162653\" width=\"818\" height=\"818\" title=\"installator-borne-recharge-voiture-electrique\" loading=\"lazy\" role=\"img\"\/><\/a><\/figure><\/div>\n","protected":false},"excerpt":{"rendered":"<p>Konektor typu 2, tak\u00e9 naz\u00fdvan\u00fd kabel Mennekes Type 2, je norma p\u0159ijat\u00e1 Evropskou uni\u00ed pro nab\u00edjec\u00ed stanice elektrick\u00fdch vozidel. Tento konektor usnad\u0148uje nab\u00edjen\u00ed elektrick\u00fdch a plug-in hybridn\u00edch vozidel a z\u00e1rove\u0148 zaji\u0161\u0165uje interoperabilitu mezi r\u016fzn\u00fdmi nab\u00edjec\u00edmi stanicemi a vozidly. V tomto \u010dl\u00e1nku podrobn\u011b prozkoum\u00e1me jeho vlastnosti, kapacitu nab\u00edjen\u00ed a jak se vyrovn\u00e1v\u00e1 s jin\u00fdmi konektory dostupn\u00fdmi &#8230; <a title=\"Kabel Mennekes Typ 2: vlastnosti a v\u00fdhody\" class=\"read-more\" href=\"https:\/\/v2charge.com\/cs\/konektor-mennekes-typ-2-vlastnosti-a-v-hody\/\" aria-label=\"Read more about Kabel Mennekes Typ 2: vlastnosti a v\u00fdhody\">\u010c\u00edst d\u00e1l<\/a><\/p>\n","protected":false},"author":400,"featured_media":160872,"comment_status":"closed","ping_status":"closed","sticky":false,"template":"","format":"standard","meta":{"_eb_attr":"","content-type":"","_uag_custom_page_level_css":"","footnotes":""},"categories":[],"tags":[],"class_list":["post-318105","post","type-post","status-publish","format-standard","has-post-thumbnail","hentry"],"yoast_head":"<!-- This site is optimized with the Yoast SEO plugin v25.3.1 - https:\/\/yoast.com\/wordpress\/plugins\/seo\/ -->\n<title>Konektor Mennekes Typ 2: Vlastnosti a V\u00fdhody<\/title>\n<meta name=\"description\" content=\"Kabel Mennekes Typ 2: Vlastnosti, Funk\u010dnost a V\u00fdhody. V\u0161echny vlastnosti a kapacita nab\u00edjen\u00ed Mennekes Typ 2.\" \/>\n<meta name=\"robots\" content=\"index, follow, max-snippet:-1, max-image-preview:large, max-video-preview:-1\" \/>\n<link rel=\"canonical\" href=\"https:\/\/v2charge.com\/cs\/konektor-mennekes-typ-2-vlastnosti-a-v-hody\/\" \/>\n<meta property=\"og:locale\" content=\"cs_CZ\" \/>\n<meta property=\"og:type\" content=\"article\" \/>\n<meta property=\"og:title\" content=\"Konektor Mennekes Typ 2: Vlastnosti a V\u00fdhody\" \/>\n<meta property=\"og:description\" content=\"Kabel Mennekes Typ 2: Vlastnosti, Funk\u010dnost a V\u00fdhody. V\u0161echny vlastnosti a kapacita nab\u00edjen\u00ed Mennekes Typ 2.\" \/>\n<meta property=\"og:url\" content=\"https:\/\/v2charge.com\/cs\/konektor-mennekes-typ-2-vlastnosti-a-v-hody\/\" \/>\n<meta property=\"og:site_name\" content=\"V2C\" \/>\n<meta property=\"article:publisher\" content=\"https:\/\/www.facebook.com\/V2C.Charge\" \/>\n<meta property=\"article:published_time\" content=\"2024-06-18T08:26:36+00:00\" \/>\n<meta property=\"article:modified_time\" content=\"2026-04-25T19:29:19+00:00\" \/>\n<meta property=\"og:image\" content=\"https:\/\/v2charge.com\/wp-content\/uploads\/2024\/06\/cable-mennekes-tipo-2.jpg\" \/>\n\t<meta property=\"og:image:width\" content=\"960\" \/>\n\t<meta property=\"og:image:height\" content=\"560\" \/>\n\t<meta property=\"og:image:type\" content=\"image\/jpeg\" \/>\n<meta name=\"author\" content=\"V2C\" \/>\n<meta name=\"twitter:card\" content=\"summary_large_image\" \/>\n<meta name=\"twitter:creator\" content=\"@V2C_Charge\" \/>\n<meta name=\"twitter:site\" content=\"@V2C_Charge\" \/>\n<meta name=\"twitter:label1\" content=\"Napsal(a)\" \/>\n\t<meta name=\"twitter:data1\" content=\"V2C\" \/>\n\t<meta name=\"twitter:label2\" content=\"Odhadovan\u00e1 doba \u010dten\u00ed\" \/>\n\t<meta name=\"twitter:data2\" content=\"8 minut\" \/>\n<script type=\"application\/ld+json\" class=\"yoast-schema-graph\">{\"@context\":\"https:\/\/schema.org\",\"@graph\":[{\"@type\":\"Article\",\"@id\":\"https:\/\/v2charge.com\/cs\/konektor-mennekes-typ-2-vlastnosti-a-v-hody\/#article\",\"isPartOf\":{\"@id\":\"https:\/\/v2charge.com\/cs\/konektor-mennekes-typ-2-vlastnosti-a-v-hody\/\"},\"author\":{\"name\":\"V2C\",\"@id\":\"https:\/\/v2charge.com\/cs\/#\/schema\/person\/d6f210a94a856acdddec347b2127fd0f\"},\"headline\":\"Kabel Mennekes Typ 2: vlastnosti a v\u00fdhody\",\"datePublished\":\"2024-06-18T08:26:36+00:00\",\"dateModified\":\"2026-04-25T19:29:19+00:00\",\"mainEntityOfPage\":{\"@id\":\"https:\/\/v2charge.com\/cs\/konektor-mennekes-typ-2-vlastnosti-a-v-hody\/\"},\"wordCount\":1436,\"publisher\":{\"@id\":\"https:\/\/v2charge.com\/cs\/#organization\"},\"image\":{\"@id\":\"https:\/\/v2charge.com\/cs\/konektor-mennekes-typ-2-vlastnosti-a-v-hody\/#primaryimage\"},\"thumbnailUrl\":\"https:\/\/v2charge.com\/wp-content\/uploads\/2024\/06\/cable-mennekes-tipo-2.jpg\",\"inLanguage\":\"cs\"},{\"@type\":\"WebPage\",\"@id\":\"https:\/\/v2charge.com\/cs\/konektor-mennekes-typ-2-vlastnosti-a-v-hody\/\",\"url\":\"https:\/\/v2charge.com\/cs\/konektor-mennekes-typ-2-vlastnosti-a-v-hody\/\",\"name\":\"Konektor Mennekes Typ 2: Vlastnosti a V\u00fdhody\",\"isPartOf\":{\"@id\":\"https:\/\/v2charge.com\/cs\/#website\"},\"primaryImageOfPage\":{\"@id\":\"https:\/\/v2charge.com\/cs\/konektor-mennekes-typ-2-vlastnosti-a-v-hody\/#primaryimage\"},\"image\":{\"@id\":\"https:\/\/v2charge.com\/cs\/konektor-mennekes-typ-2-vlastnosti-a-v-hody\/#primaryimage\"},\"thumbnailUrl\":\"https:\/\/v2charge.com\/wp-content\/uploads\/2024\/06\/cable-mennekes-tipo-2.jpg\",\"datePublished\":\"2024-06-18T08:26:36+00:00\",\"dateModified\":\"2026-04-25T19:29:19+00:00\",\"description\":\"Kabel Mennekes Typ 2: Vlastnosti, Funk\u010dnost a V\u00fdhody. V\u0161echny vlastnosti a kapacita nab\u00edjen\u00ed Mennekes Typ 2.\",\"breadcrumb\":{\"@id\":\"https:\/\/v2charge.com\/cs\/konektor-mennekes-typ-2-vlastnosti-a-v-hody\/#breadcrumb\"},\"inLanguage\":\"cs\",\"potentialAction\":[{\"@type\":\"ReadAction\",\"target\":[\"https:\/\/v2charge.com\/cs\/konektor-mennekes-typ-2-vlastnosti-a-v-hody\/\"]}]},{\"@type\":\"ImageObject\",\"inLanguage\":\"cs\",\"@id\":\"https:\/\/v2charge.com\/cs\/konektor-mennekes-typ-2-vlastnosti-a-v-hody\/#primaryimage\",\"url\":\"https:\/\/v2charge.com\/wp-content\/uploads\/2024\/06\/cable-mennekes-tipo-2.jpg\",\"contentUrl\":\"https:\/\/v2charge.com\/wp-content\/uploads\/2024\/06\/cable-mennekes-tipo-2.jpg\",\"width\":960,\"height\":560,\"caption\":\"Cable Mennekes Tipo 2\"},{\"@type\":\"BreadcrumbList\",\"@id\":\"https:\/\/v2charge.com\/cs\/konektor-mennekes-typ-2-vlastnosti-a-v-hody\/#breadcrumb\",\"itemListElement\":[{\"@type\":\"ListItem\",\"position\":1,\"name\":\"V2C\",\"item\":\"https:\/\/v2charge.com\/cs\/\"},{\"@type\":\"ListItem\",\"position\":2,\"name\":\"e-Mobility\",\"item\":\"https:\/\/v2charge.com\/cs\/e-mobility\/\"},{\"@type\":\"ListItem\",\"position\":3,\"name\":\"Informaci\u00f3n\",\"item\":\"https:\/\/v2charge.com\/es\/e-mobility\/informacion\/\"},{\"@type\":\"ListItem\",\"position\":4,\"name\":\"Konektor Mennekes Typ 2: vlastnosti a v\u00fdhody\"}]},{\"@type\":\"WebSite\",\"@id\":\"https:\/\/v2charge.com\/cs\/#website\",\"url\":\"https:\/\/v2charge.com\/cs\/\",\"name\":\"V2C\",\"description\":\"#CargandoElMa\u00f1ana\",\"publisher\":{\"@id\":\"https:\/\/v2charge.com\/cs\/#organization\"},\"potentialAction\":[{\"@type\":\"SearchAction\",\"target\":{\"@type\":\"EntryPoint\",\"urlTemplate\":\"https:\/\/v2charge.com\/cs\/?s={search_term_string}\"},\"query-input\":{\"@type\":\"PropertyValueSpecification\",\"valueRequired\":true,\"valueName\":\"search_term_string\"}}],\"inLanguage\":\"cs\"},{\"@type\":\"Organization\",\"@id\":\"https:\/\/v2charge.com\/cs\/#organization\",\"name\":\"V2C\",\"url\":\"https:\/\/v2charge.com\/cs\/\",\"logo\":{\"@type\":\"ImageObject\",\"inLanguage\":\"cs\",\"@id\":\"https:\/\/v2charge.com\/cs\/#\/schema\/logo\/image\/\",\"url\":\"https:\/\/v2charge.com\/wp-content\/uploads\/2024\/11\/cropped-v2c-charge-logo-menu.png\",\"contentUrl\":\"https:\/\/v2charge.com\/wp-content\/uploads\/2024\/11\/cropped-v2c-charge-logo-menu.png\",\"width\":984,\"height\":431,\"caption\":\"V2C\"},\"image\":{\"@id\":\"https:\/\/v2charge.com\/cs\/#\/schema\/logo\/image\/\"},\"sameAs\":[\"https:\/\/www.facebook.com\/V2C.Charge\",\"https:\/\/x.com\/V2C_Charge\",\"https:\/\/www.instagram.com\/v2c.charge\/\",\"https:\/\/www.youtube.com\/@V2C\",\"https:\/\/www.linkedin.com\/company\/v2c-chargers\/\"]},{\"@type\":\"Person\",\"@id\":\"https:\/\/v2charge.com\/cs\/#\/schema\/person\/d6f210a94a856acdddec347b2127fd0f\",\"name\":\"V2C\",\"image\":{\"@type\":\"ImageObject\",\"inLanguage\":\"cs\",\"@id\":\"https:\/\/v2charge.com\/cs\/#\/schema\/person\/image\/\",\"url\":\"https:\/\/secure.gravatar.com\/avatar\/a91128c4c0d2f4d63bd586301fdec6cc9aa49c885839b25d1c62700f529f267c?s=96&d=mm&r=g\",\"contentUrl\":\"https:\/\/secure.gravatar.com\/avatar\/a91128c4c0d2f4d63bd586301fdec6cc9aa49c885839b25d1c62700f529f267c?s=96&d=mm&r=g\",\"caption\":\"V2C\"}}]}<\/script>\n<!-- \/ Yoast SEO plugin. -->","yoast_head_json":{"title":"Konektor Mennekes Typ 2: Vlastnosti a V\u00fdhody","description":"Kabel Mennekes Typ 2: Vlastnosti, Funk\u010dnost a V\u00fdhody. V\u0161echny vlastnosti a kapacita nab\u00edjen\u00ed Mennekes Typ 2.","robots":{"index":"index","follow":"follow","max-snippet":"max-snippet:-1","max-image-preview":"max-image-preview:large","max-video-preview":"max-video-preview:-1"},"canonical":"https:\/\/v2charge.com\/cs\/konektor-mennekes-typ-2-vlastnosti-a-v-hody\/","og_locale":"cs_CZ","og_type":"article","og_title":"Konektor Mennekes Typ 2: Vlastnosti a V\u00fdhody","og_description":"Kabel Mennekes Typ 2: Vlastnosti, Funk\u010dnost a V\u00fdhody. V\u0161echny vlastnosti a kapacita nab\u00edjen\u00ed Mennekes Typ 2.","og_url":"https:\/\/v2charge.com\/cs\/konektor-mennekes-typ-2-vlastnosti-a-v-hody\/","og_site_name":"V2C","article_publisher":"https:\/\/www.facebook.com\/V2C.Charge","article_published_time":"2024-06-18T08:26:36+00:00","article_modified_time":"2026-04-25T19:29:19+00:00","og_image":[{"width":960,"height":560,"url":"https:\/\/v2charge.com\/wp-content\/uploads\/2024\/06\/cable-mennekes-tipo-2.jpg","type":"image\/jpeg"}],"author":"V2C","twitter_card":"summary_large_image","twitter_creator":"@V2C_Charge","twitter_site":"@V2C_Charge","twitter_misc":{"Napsal(a)":"V2C","Odhadovan\u00e1 doba \u010dten\u00ed":"8 minut"},"schema":{"@context":"https:\/\/schema.org","@graph":[{"@type":"Article","@id":"https:\/\/v2charge.com\/cs\/konektor-mennekes-typ-2-vlastnosti-a-v-hody\/#article","isPartOf":{"@id":"https:\/\/v2charge.com\/cs\/konektor-mennekes-typ-2-vlastnosti-a-v-hody\/"},"author":{"name":"V2C","@id":"https:\/\/v2charge.com\/cs\/#\/schema\/person\/d6f210a94a856acdddec347b2127fd0f"},"headline":"Kabel Mennekes Typ 2: vlastnosti a v\u00fdhody","datePublished":"2024-06-18T08:26:36+00:00","dateModified":"2026-04-25T19:29:19+00:00","mainEntityOfPage":{"@id":"https:\/\/v2charge.com\/cs\/konektor-mennekes-typ-2-vlastnosti-a-v-hody\/"},"wordCount":1436,"publisher":{"@id":"https:\/\/v2charge.com\/cs\/#organization"},"image":{"@id":"https:\/\/v2charge.com\/cs\/konektor-mennekes-typ-2-vlastnosti-a-v-hody\/#primaryimage"},"thumbnailUrl":"https:\/\/v2charge.com\/wp-content\/uploads\/2024\/06\/cable-mennekes-tipo-2.jpg","inLanguage":"cs"},{"@type":"WebPage","@id":"https:\/\/v2charge.com\/cs\/konektor-mennekes-typ-2-vlastnosti-a-v-hody\/","url":"https:\/\/v2charge.com\/cs\/konektor-mennekes-typ-2-vlastnosti-a-v-hody\/","name":"Konektor Mennekes Typ 2: Vlastnosti a V\u00fdhody","isPartOf":{"@id":"https:\/\/v2charge.com\/cs\/#website"},"primaryImageOfPage":{"@id":"https:\/\/v2charge.com\/cs\/konektor-mennekes-typ-2-vlastnosti-a-v-hody\/#primaryimage"},"image":{"@id":"https:\/\/v2charge.com\/cs\/konektor-mennekes-typ-2-vlastnosti-a-v-hody\/#primaryimage"},"thumbnailUrl":"https:\/\/v2charge.com\/wp-content\/uploads\/2024\/06\/cable-mennekes-tipo-2.jpg","datePublished":"2024-06-18T08:26:36+00:00","dateModified":"2026-04-25T19:29:19+00:00","description":"Kabel Mennekes Typ 2: Vlastnosti, Funk\u010dnost a V\u00fdhody. V\u0161echny vlastnosti a kapacita nab\u00edjen\u00ed Mennekes Typ 2.","breadcrumb":{"@id":"https:\/\/v2charge.com\/cs\/konektor-mennekes-typ-2-vlastnosti-a-v-hody\/#breadcrumb"},"inLanguage":"cs","potentialAction":[{"@type":"ReadAction","target":["https:\/\/v2charge.com\/cs\/konektor-mennekes-typ-2-vlastnosti-a-v-hody\/"]}]},{"@type":"ImageObject","inLanguage":"cs","@id":"https:\/\/v2charge.com\/cs\/konektor-mennekes-typ-2-vlastnosti-a-v-hody\/#primaryimage","url":"https:\/\/v2charge.com\/wp-content\/uploads\/2024\/06\/cable-mennekes-tipo-2.jpg","contentUrl":"https:\/\/v2charge.com\/wp-content\/uploads\/2024\/06\/cable-mennekes-tipo-2.jpg","width":960,"height":560,"caption":"Cable Mennekes Tipo 2"},{"@type":"BreadcrumbList","@id":"https:\/\/v2charge.com\/cs\/konektor-mennekes-typ-2-vlastnosti-a-v-hody\/#breadcrumb","itemListElement":[{"@type":"ListItem","position":1,"name":"V2C","item":"https:\/\/v2charge.com\/cs\/"},{"@type":"ListItem","position":2,"name":"e-Mobility","item":"https:\/\/v2charge.com\/cs\/e-mobility\/"},{"@type":"ListItem","position":3,"name":"Informaci\u00f3n","item":"https:\/\/v2charge.com\/es\/e-mobility\/informacion\/"},{"@type":"ListItem","position":4,"name":"Konektor Mennekes Typ 2: vlastnosti a v\u00fdhody"}]},{"@type":"WebSite","@id":"https:\/\/v2charge.com\/cs\/#website","url":"https:\/\/v2charge.com\/cs\/","name":"V2C","description":"#CargandoElMa\u00f1ana","publisher":{"@id":"https:\/\/v2charge.com\/cs\/#organization"},"potentialAction":[{"@type":"SearchAction","target":{"@type":"EntryPoint","urlTemplate":"https:\/\/v2charge.com\/cs\/?s={search_term_string}"},"query-input":{"@type":"PropertyValueSpecification","valueRequired":true,"valueName":"search_term_string"}}],"inLanguage":"cs"},{"@type":"Organization","@id":"https:\/\/v2charge.com\/cs\/#organization","name":"V2C","url":"https:\/\/v2charge.com\/cs\/","logo":{"@type":"ImageObject","inLanguage":"cs","@id":"https:\/\/v2charge.com\/cs\/#\/schema\/logo\/image\/","url":"https:\/\/v2charge.com\/wp-content\/uploads\/2024\/11\/cropped-v2c-charge-logo-menu.png","contentUrl":"https:\/\/v2charge.com\/wp-content\/uploads\/2024\/11\/cropped-v2c-charge-logo-menu.png","width":984,"height":431,"caption":"V2C"},"image":{"@id":"https:\/\/v2charge.com\/cs\/#\/schema\/logo\/image\/"},"sameAs":["https:\/\/www.facebook.com\/V2C.Charge","https:\/\/x.com\/V2C_Charge","https:\/\/www.instagram.com\/v2c.charge\/","https:\/\/www.youtube.com\/@V2C","https:\/\/www.linkedin.com\/company\/v2c-chargers\/"]},{"@type":"Person","@id":"https:\/\/v2charge.com\/cs\/#\/schema\/person\/d6f210a94a856acdddec347b2127fd0f","name":"V2C","image":{"@type":"ImageObject","inLanguage":"cs","@id":"https:\/\/v2charge.com\/cs\/#\/schema\/person\/image\/","url":"https:\/\/secure.gravatar.com\/avatar\/a91128c4c0d2f4d63bd586301fdec6cc9aa49c885839b25d1c62700f529f267c?s=96&d=mm&r=g","contentUrl":"https:\/\/secure.gravatar.com\/avatar\/a91128c4c0d2f4d63bd586301fdec6cc9aa49c885839b25d1c62700f529f267c?s=96&d=mm&r=g","caption":"V2C"}}]}},"uagb_featured_image_src":{"full":["https:\/\/v2charge.com\/wp-content\/uploads\/2024\/06\/cable-mennekes-tipo-2.jpg",960,560,false],"thumbnail":["https:\/\/v2charge.com\/wp-content\/uploads\/2024\/06\/cable-mennekes-tipo-2-150x150.jpg",150,150,true],"medium":["https:\/\/v2charge.com\/wp-content\/uploads\/2024\/06\/cable-mennekes-tipo-2-300x175.jpg",300,175,true],"medium_large":["https:\/\/v2charge.com\/wp-content\/uploads\/2024\/06\/cable-mennekes-tipo-2-768x448.jpg",768,448,true],"large":["https:\/\/v2charge.com\/wp-content\/uploads\/2024\/06\/cable-mennekes-tipo-2.jpg",960,560,false],"gs-tiny":["https:\/\/v2charge.com\/wp-content\/uploads\/2024\/06\/cable-mennekes-tipo-2.jpg",50,29,false],"xl":["https:\/\/v2charge.com\/wp-content\/uploads\/2024\/06\/cable-mennekes-tipo-2.jpg",960,560,false],"xxl":["https:\/\/v2charge.com\/wp-content\/uploads\/2024\/06\/cable-mennekes-tipo-2.jpg",960,560,false],"xxxl":["https:\/\/v2charge.com\/wp-content\/uploads\/2024\/06\/cable-mennekes-tipo-2.jpg",960,560,false],"xxxxl":["https:\/\/v2charge.com\/wp-content\/uploads\/2024\/06\/cable-mennekes-tipo-2.jpg",960,560,false],"xxxxxl":["https:\/\/v2charge.com\/wp-content\/uploads\/2024\/06\/cable-mennekes-tipo-2.jpg",960,560,false],"1536x1536":["https:\/\/v2charge.com\/wp-content\/uploads\/2024\/06\/cable-mennekes-tipo-2.jpg",960,560,false],"2048x2048":["https:\/\/v2charge.com\/wp-content\/uploads\/2024\/06\/cable-mennekes-tipo-2.jpg",960,560,false]},"uagb_author_info":{"display_name":"V2C","author_link":"https:\/\/v2charge.com\/cs\/author\/marketing\/"},"uagb_comment_info":0,"uagb_excerpt":"Konektor typu 2, tak\u00e9 naz\u00fdvan\u00fd kabel Mennekes Type 2, je norma p\u0159ijat\u00e1 Evropskou uni\u00ed pro nab\u00edjec\u00ed stanice elektrick\u00fdch vozidel. Tento konektor usnad\u0148uje nab\u00edjen\u00ed elektrick\u00fdch a plug-in hybridn\u00edch vozidel a z\u00e1rove\u0148 zaji\u0161\u0165uje interoperabilitu mezi r\u016fzn\u00fdmi nab\u00edjec\u00edmi stanicemi a vozidly. V tomto \u010dl\u00e1nku podrobn\u011b prozkoum\u00e1me jeho vlastnosti, kapacitu nab\u00edjen\u00ed a jak se vyrovn\u00e1v\u00e1 s jin\u00fdmi konektory dostupn\u00fdmi&hellip;","_links":{"self":[{"href":"https:\/\/v2charge.com\/cs\/wp-json\/wp\/v2\/posts\/318105","targetHints":{"allow":["GET"]}}],"collection":[{"href":"https:\/\/v2charge.com\/cs\/wp-json\/wp\/v2\/posts"}],"about":[{"href":"https:\/\/v2charge.com\/cs\/wp-json\/wp\/v2\/types\/post"}],"author":[{"embeddable":true,"href":"https:\/\/v2charge.com\/cs\/wp-json\/wp\/v2\/users\/400"}],"replies":[{"embeddable":true,"href":"https:\/\/v2charge.com\/cs\/wp-json\/wp\/v2\/comments?post=318105"}],"version-history":[{"count":0,"href":"https:\/\/v2charge.com\/cs\/wp-json\/wp\/v2\/posts\/318105\/revisions"}],"wp:featuredmedia":[{"embeddable":true,"href":"https:\/\/v2charge.com\/cs\/wp-json\/wp\/v2\/media\/160872"}],"wp:attachment":[{"href":"https:\/\/v2charge.com\/cs\/wp-json\/wp\/v2\/media?parent=318105"}],"wp:term":[{"taxonomy":"category","embeddable":true,"href":"https:\/\/v2charge.com\/cs\/wp-json\/wp\/v2\/categories?post=318105"},{"taxonomy":"post_tag","embeddable":true,"href":"https:\/\/v2charge.com\/cs\/wp-json\/wp\/v2\/tags?post=318105"}],"curies":[{"name":"wp","href":"https:\/\/api.w.org\/{rel}","templated":true}]}}