{"id":318152,"date":"2024-09-20T15:53:50","date_gmt":"2024-09-20T13:53:50","guid":{"rendered":""},"modified":"2026-04-25T17:21:18","modified_gmt":"2026-04-25T17:21:18","slug":"inteligentni-fotovoltaicka-nabijeci-stanice-revoluce-v-nabijeni-elektrick-ch-vozidel","status":"publish","type":"post","link":"https:\/\/v2charge.com\/cs\/inteligentni-fotovoltaicka-nabijeci-stanice-revoluce-v-nabijeni-elektrick-ch-vozidel\/","title":{"rendered":"Chytr\u00e1 fotovoltaick\u00e1 nab\u00edjec\u00ed stanice: revoluce v nab\u00edjen\u00ed elektrick\u00fdch vozidel"},"content":{"rendered":"<p>V kontextu, kter\u00fd je charakterizov\u00e1n vzestupem elektrifikace a ekologick\u00e9ho uv\u011bdom\u011bn\u00ed, <strong>chytr\u00e1 fotovoltaick\u00e1 nab\u00edjec\u00ed stanice<\/strong> se p\u0159edstavuje jako inovativn\u00ed a udr\u017eiteln\u00e9 \u0159e\u0161en\u00ed pro elektrick\u00e1 vozidla (EV). D\u00edky optim\u00e1ln\u00ed integraci s existuj\u00edc\u00edmi sol\u00e1rn\u00edmi energetick\u00fdmi syst\u00e9my umo\u017e\u0148uje tato technologie maximalizovat vyu\u017eit\u00ed slune\u010dn\u00ed energie, zat\u00edmco sni\u017euje n\u00e1klady na energii a omezuje ekologickou stopu.<\/p>\n<h2>Rostouc\u00ed d\u016fle\u017eitost chytr\u00fdch fotovoltaick\u00fdch nab\u00edjec\u00edch stanic<\/h2>\n<p><span style=\"font-size: inherit; color: var(--contrast);\">S n\u00e1stupem elektrick\u00fdch vozidel vzrostla popularita nab\u00edjec\u00edch stanic, aby vyhov\u011bla rostouc\u00ed popt\u00e1vce. Nicm\u00e9n\u011b, ne v\u0161echny nab\u00edjec\u00ed stanice jsou si rovny. <\/span><strong style=\"font-size: inherit; color: var(--contrast);\">Chytr\u00e1 fotovoltaick\u00e1 nab\u00edjec\u00ed stanice<\/strong><span style=\"font-size: inherit; color: var(--contrast);\"> se odli\u0161uje svou schopnost\u00ed maximalizovat vyu\u017eit\u00ed slune\u010dn\u00ed energie, co\u017e je z\u00e1sadn\u00ed v\u00fdhoda v dob\u011b, kdy se udr\u017eitelnost<\/span><span style=\"font-size: inherit; color: var(--contrast);\"> stala d\u016fle\u017eitou ot\u00e1zkou.<\/span><\/p>\n<p>Tato pokro\u010dil\u00e1 technologie umo\u017e\u0148uje nejen nab\u00edjet elektrick\u00e9 vozidlo pomoc\u00ed slune\u010dn\u00ed energie vyroben\u00e9 fotovoltaick\u00fdmi panely, ale tak\u00e9 inteligentn\u011b spravovat energii na z\u00e1klad\u011b pot\u0159eb u\u017eivatele a pov\u011btrnostn\u00edch podm\u00ednek. Nap\u0159\u00edklad m\u016f\u017ee up\u0159ednostnit vyu\u017eit\u00ed p\u0159ebyte\u010dn\u00e9 slune\u010dn\u00ed energie pro nab\u00edjen\u00ed nebo ji kombinovat s elekt\u0159inou z s\u00edt\u011b, v z\u00e1vislosti na preferenc\u00edch nastaven\u00fdch u\u017eivatelem.<\/p>\n<h3>7 kW chytr\u00e1 fotovoltaick\u00e1 nab\u00edjec\u00ed stanice: Ide\u00e1ln\u00ed kompromis pro jednotlivce<\/h3>\n<p>V\u00fdkon nab\u00edjec\u00ed stanice je z\u00e1sadn\u00edm krit\u00e9riem p\u0159i v\u00fdb\u011bru za\u0159\u00edzen\u00ed. <strong>7 kW jednof\u00e1zov\u00e1 nab\u00edjec\u00ed stanice<\/strong> je \u010dasto preferov\u00e1na soukrom\u00fdmi u\u017eivateli, proto\u017ee nab\u00edz\u00ed dobrou rovnov\u00e1hu mezi rychlost\u00ed nab\u00edjen\u00ed a spot\u0159ebou energie. Je zvl\u00e1\u0161\u0165 vhodn\u00e1 pro dom\u00e1cnosti se st\u0159edn\u011b velk\u00fdmi fotovoltaick\u00fdmi syst\u00e9my, co\u017e umo\u017e\u0148uje optimalizovat vyu\u017eit\u00ed slune\u010dn\u00ed energie pro nab\u00edjen\u00ed elektrick\u00e9ho vozidla, zejm\u00e9na b\u011bhem obdob\u00ed n\u00edzk\u00e9 spot\u0159eby energie v dom\u00e1cnosti.<\/p>\n<p><a href=\"https:\/\/v2charge.com\/nl\/store\/fr\/produit\/trydan\/\"> <img decoding=\"async\" class=\"size-full wp-image-178799 aligncenter\" src=\"https:\/\/v2charge.com\/wp-content\/uploads\/2024\/09\/trydan-borne-intelligente-photovoltaique.jpg\" alt=\"\" width=\"600\" height=\"600\" srcset=\"https:\/\/v2charge.com\/wp-content\/uploads\/2024\/09\/trydan-borne-intelligente-photovoltaique.jpg 600w, https:\/\/v2charge.com\/wp-content\/uploads\/2024\/09\/trydan-borne-intelligente-photovoltaique-300x300.jpg 300w, https:\/\/v2charge.com\/wp-content\/uploads\/2024\/09\/trydan-borne-intelligente-photovoltaique-150x150.jpg 150w\" sizes=\"(max-width: 600px) 100vw, 600px\" \/><\/a><\/p>\n<p style=\"text-align: center;\"><a href=\"https:\/\/v2charge.com\/nl\/store\/fr\/produit\/trydan\/\"><strong>Trydan, 7,4 kW nab\u00edjec\u00ed stanice od 782,39 \u20ac<\/strong><\/a><\/p>\n<p style=\"text-align: center;\"><a href=\"https:\/\/v2charge.com\/nl\/store\/fr\/produit\/trydan\/\"><img decoding=\"async\" class=\"alignnone  wp-image-178813\" src=\"https:\/\/v2charge.com\/wp-content\/uploads\/2024\/09\/borne-recharge-photolvaique-trydan.png\" alt=\"\" width=\"506\" height=\"53\" srcset=\"https:\/\/v2charge.com\/wp-content\/uploads\/2024\/09\/borne-recharge-photolvaique-trydan.png 640w, https:\/\/v2charge.com\/wp-content\/uploads\/2024\/09\/borne-recharge-photolvaique-trydan-300x31.png 300w\" sizes=\"(max-width: 506px) 100vw, 506px\" \/><\/a><\/p>\n<h3>22 kW chytr\u00e1 fotovoltaick\u00e1 t\u0159\u00edf\u00e1zov\u00e1 nab\u00edjec\u00ed stanice: Mo\u017enost pro robustn\u011bj\u0161\u00ed instalace<\/h3>\n<p>Pro u\u017eivatele s t\u0159\u00edf\u00e1zovou elektrickou instalac\u00ed nab\u00edz\u00ed <strong>22 kW t\u0159\u00edf\u00e1zov\u00e1 nab\u00edjec\u00ed stanice<\/strong> rychl\u00e9 a efektivn\u00ed \u0159e\u0161en\u00ed nab\u00edjen\u00ed. Tento model je ide\u00e1ln\u00ed pro dom\u00e1cnosti s vysoce kapacitn\u00edmi fotovoltaick\u00fdmi syst\u00e9my, kter\u00e9 jsou schopny generovat a ukl\u00e1dat zna\u010dn\u00e9 mno\u017estv\u00ed energie. Rozd\u011blen\u00edm z\u00e1t\u011b\u017ee mezi v\u00edce f\u00e1z\u00ed umo\u017e\u0148uje tato nab\u00edjec\u00ed stanice optimalizovan\u00e9 \u0159\u00edzen\u00ed energie, \u010d\u00edm\u017e sni\u017euje z\u00e1t\u011b\u017e jednoho obvodu a zvy\u0161uje spolehlivost instalace.<\/p>\n<p><a href=\"https:\/\/v2charge.com\/nl\/store\/fr\/produit\/trydan\/\"><img decoding=\"async\" class=\"size-full wp-image-178799 aligncenter\" src=\"https:\/\/v2charge.com\/wp-content\/uploads\/2024\/09\/trydan-borne-intelligente-photovoltaique.jpg\" alt=\"\" width=\"600\" height=\"600\" srcset=\"https:\/\/v2charge.com\/wp-content\/uploads\/2024\/09\/trydan-borne-intelligente-photovoltaique.jpg 600w, https:\/\/v2charge.com\/wp-content\/uploads\/2024\/09\/trydan-borne-intelligente-photovoltaique-300x300.jpg 300w, https:\/\/v2charge.com\/wp-content\/uploads\/2024\/09\/trydan-borne-intelligente-photovoltaique-150x150.jpg 150w\" sizes=\"(max-width: 600px) 100vw, 600px\" \/><\/a><\/p>\n<p style=\"text-align: center;\"><a href=\"https:\/\/v2charge.com\/nl\/store\/fr\/produit\/trydan\/\"><strong>Trydan, 22 kW nab\u00edjec\u00ed stanice od 870,35 \u20ac<\/strong><\/a><\/p>\n<p style=\"text-align: center;\"><a href=\"https:\/\/v2charge.com\/nl\/store\/fr\/produit\/trydan\/\"><img decoding=\"async\" class=\"alignnone  wp-image-178813\" src=\"https:\/\/v2charge.com\/wp-content\/uploads\/2024\/09\/borne-recharge-photolvaique-trydan.png\" alt=\"\" width=\"506\" height=\"53\" srcset=\"https:\/\/v2charge.com\/wp-content\/uploads\/2024\/09\/borne-recharge-photolvaique-trydan.png 640w, https:\/\/v2charge.com\/wp-content\/uploads\/2024\/09\/borne-recharge-photolvaique-trydan-300x31.png 300w\" sizes=\"(max-width: 506px) 100vw, 506px\" \/><\/a><\/p>\n<h2>N\u00e1klady na instalaci 7,4 kW chytr\u00e9 fotovoltaick\u00e9 nab\u00edjec\u00ed stanice: Udr\u017eiteln\u00e1 investice<\/h2>\n<p>Instalace nab\u00edjec\u00ed stanice, jako je 7,4 kW nab\u00edjec\u00ed stanice, p\u0159edstavuje zna\u010dnou po\u010d\u00e1te\u010dn\u00ed investici, ale dlouhodob\u00e9 v\u00fdhody jsou nesporn\u00e9. N\u00e1klady na instalaci se rychle vr\u00e1t\u00ed d\u00edky \u00faspor\u00e1m na n\u00e1kladech na energii, zejm\u00e9na kdy\u017e je nab\u00edjec\u00ed stanice kombinov\u00e1na se sol\u00e1rn\u00edmi panely. Krom\u011b toho je z\u00e1sadn\u00ed zd\u016fraznit dostupnost <a href=\"https:\/\/v2charge.com\/nl\/aides-installer-borne-recharge-domicile-2024\/\"><strong>r\u016fzn\u00fdch dotac\u00ed a finan\u010dn\u00ed pomoci<\/strong><\/a>, kter\u00e9 jsou zam\u011b\u0159eny na podporu p\u0159ijet\u00ed t\u011bchto udr\u017eiteln\u00fdch technologi\u00ed.<\/p>\n<h2>Technick\u00e9 vlastnosti chytr\u00e9 fotovoltaick\u00e9 nab\u00edjec\u00ed stanice<\/h2>\n<p><strong>Chytr\u00e1 fotovoltaick\u00e1 nab\u00edjec\u00ed stanice<\/strong> je mnohem v\u00edc ne\u017e jen jednoduch\u00e9 nab\u00edjec\u00ed za\u0159\u00edzen\u00ed. Integruje pokro\u010dil\u00e9 technologie zam\u011b\u0159en\u00e9 na maximalizaci energetick\u00e9 \u00fa\u010dinnosti, zat\u00edmco poskytuje optim\u00e1ln\u00ed u\u017eivatelskou zku\u0161enost. N\u011bkter\u00e9 z nejv\u00fdznamn\u011bj\u0161\u00edch technick\u00fdch vlastnost\u00ed zahrnuj\u00ed:&nbsp;<\/p>\n<ul>\n<li><strong>Dynamick\u00e9 \u0159\u00edzen\u00ed v\u00fdkonu<\/strong>: tento syst\u00e9m automaticky p\u0159izp\u016fsobuje rychlost nab\u00edjen\u00ed na z\u00e1klad\u011b dostupnosti slune\u010dn\u00ed energie a energetick\u00fdch pot\u0159eb dom\u00e1cnosti, \u010d\u00edm\u017e se p\u0159edch\u00e1z\u00ed p\u0159et\u00ed\u017een\u00ed.<\/li>\n<li><strong>Pokro\u010dil\u00e1 konektivita<\/strong>: d\u00edky WiFi a Bluetooth konektivit\u011b m\u016f\u017ee u\u017eivatel nab\u00edjec\u00ed stanici ovl\u00e1dat na d\u00e1lku prost\u0159ednictv\u00edm mobiln\u00ed aplikace, co\u017e umo\u017e\u0148uje napl\u00e1novat nab\u00edjen\u00ed, zobrazit statistiky pou\u017e\u00edv\u00e1n\u00ed a dokonce integrovat nab\u00edjec\u00ed stanici s hlasov\u00fdmi asistenty, jako je Alexa.<\/li>\n<li><strong>Pokro\u010dil\u00e1 fotovoltaick\u00e1 integrace<\/strong>: nab\u00edjec\u00ed stanice se p\u0159\u00edmo p\u0159ipojuje k sol\u00e1rn\u00edmu invertoru, ani\u017e by byly pot\u0159eba dal\u0161\u00ed senzory, co\u017e zaru\u010duje optim\u00e1ln\u00ed vyu\u017eit\u00ed slune\u010dn\u00ed energie.<\/li>\n<\/ul>\n<h3>Chytr\u00e9 a \u00fasporn\u00e9 slune\u010dn\u00ed nab\u00edjen\u00ed<\/h3>\n<p>Jednou z hlavn\u00edch v\u00fdhod <strong>chytr\u00e9 fotovoltaick\u00e9 nab\u00edjec\u00ed stanice<\/strong> je schopnost maximalizovat vyu\u017eit\u00ed slune\u010dn\u00ed energie. Umo\u017e\u0148uje <strong>nab\u00edjet vozidlo v\u00fdhradn\u011b s p\u0159ebyte\u010dnou energi\u00ed, kterou generuj\u00ed sol\u00e1rn\u00ed panely<\/strong>, ani\u017e by se vyu\u017e\u00edvala elektrick\u00e1 s\u00ed\u0165. To vede k t\u00e9m\u011b\u0159 bezplatn\u00e9mu nab\u00edjen\u00ed, za p\u0159edpokladu, \u017ee jsou pov\u011btrnostn\u00ed podm\u00ednky p\u0159\u00edzniv\u00e9 a vozidlo je p\u0159ipojeno b\u011bhem slune\u010dn\u00edch hodin.<\/p>\n<p>Krom\u011b toho mohou tyto nab\u00edjec\u00ed stanice p\u0159ep\u00ednat mezi <strong>r\u016fzn\u00fdmi re\u017eimy nab\u00edjen\u00ed<\/strong> <strong>v z\u00e1vislosti na \u010dase<\/strong>. Nap\u0159\u00edklad mohou nab\u00edjet vozidlo b\u011bhem dne slune\u010dn\u00ed energi\u00ed a v noci nebo za nep\u0159\u00edzniv\u00fdch pov\u011btrnostn\u00edch podm\u00ednek p\u0159epnout na s\u00ed\u0165ovou energii.<\/p>\n<h2>Pro\u010d zvolit chytrou fotovoltaickou nab\u00edjec\u00ed stanici?<\/h2>\n<p>Rozhodnut\u00ed nainstalovat <strong>chytrou fotovoltaickou nab\u00edjec\u00ed stanici<\/strong> z\u00e1vis\u00ed na n\u011bkolika faktorech, ale v\u00fdhody jasn\u011b p\u0159evy\u0161uj\u00ed mo\u017en\u00e9 nev\u00fdhody. Zde je n\u011bkolik d\u016fvod\u016f, pro\u010d je tato technologie rozumnou volbou pro majitele elektrick\u00fdch vozidel:<\/p>\n<ul>\n<li><strong>Sn\u00ed\u017een\u00ed n\u00e1klad\u016f na energii<\/strong>: Vyu\u017eit\u00edm slune\u010dn\u00ed energie k nab\u00edjen\u00ed va\u0161eho vozidla v\u00fdrazn\u011b sni\u017eujete svou z\u00e1vislost na elektrick\u00e9 s\u00edti, co\u017e vede k \u00faspor\u00e1m na n\u00e1kladech na energii.<\/li>\n<li><strong>Respektov\u00e1n\u00ed \u017eivotn\u00edho prost\u0159ed\u00ed<\/strong>: Volbou obnoviteln\u00e9ho zdroje energie p\u0159isp\u00edv\u00e1te k sni\u017eov\u00e1n\u00ed emis\u00ed CO2 a ochran\u011b \u017eivotn\u00edho prost\u0159ed\u00ed.<\/li>\n<li><strong>Zv\u00fd\u0161en\u00ed hodnoty va\u0161eho majetku<\/strong>: Fotovoltaick\u00e1 instalace spojen\u00e1 s chytrou nab\u00edjec\u00ed stanic\u00ed m\u016f\u017ee zv\u00fd\u0161it hodnotu va\u0161\u00ed nemovitosti, co\u017e p\u0159edstavuje v\u00fdhodu p\u0159i prodeji.<\/li>\n<\/ul>\n<p><img decoding=\"async\" class=\"alignnone size-full wp-image-178580\" src=\"https:\/\/v2charge.com\/wp-content\/uploads\/2024\/09\/placas-solares-instalacion-fotovoltaica.jpg\" alt=\"Sol\u00e1rn\u00ed panely a fotovoltaick\u00e1 instalace\" width=\"960\" height=\"560\" srcset=\"https:\/\/v2charge.com\/wp-content\/uploads\/2024\/09\/placas-solares-instalacion-fotovoltaica.jpg 960w, https:\/\/v2charge.com\/wp-content\/uploads\/2024\/09\/placas-solares-instalacion-fotovoltaica-300x175.jpg 300w, https:\/\/v2charge.com\/wp-content\/uploads\/2024\/09\/placas-solares-instalacion-fotovoltaica-768x448.jpg 768w\" sizes=\"(max-width: 960px) 100vw, 960px\" \/><\/p>\n<h2>V\u00fdzvy p\u0159i instalaci fotovoltaick\u00e9 nab\u00edjec\u00ed stanice<\/h2>\n<p>I kdy\u017e instalace <strong>chytr\u00e9 fotovoltaick\u00e9 nab\u00edjec\u00ed stanice<\/strong> p\u0159in\u00e1\u0161\u00ed mnoho v\u00fdhod, existuj\u00ed tak\u00e9 n\u011bkter\u00e9 v\u00fdzvy, kter\u00e9 je t\u0159eba vz\u00edt v \u00favahu:<\/p>\n<ul>\n<li><strong>Po\u010d\u00e1te\u010dn\u00ed n\u00e1klady<\/strong>: N\u00e1klady na n\u00e1kup a instalaci mohou b\u00fdt vysok\u00e9, zejm\u00e9na pokud je\u0161t\u011b nem\u00e1te fotovoltaick\u00fd syst\u00e9m. Nicm\u00e9n\u011b, <strong>k dispozici je n\u011bkolik dotac\u00ed a da\u0148ov\u00fdch v\u00fdhod, kter\u00e9 v\u00e1m mohou pomoci s t\u011bmito v\u00fddaji<\/strong>.<\/li>\n<li><strong>Z\u00e1vislost na pov\u011btrnostn\u00edch podm\u00ednk\u00e1ch<\/strong>: \u00da\u010dinnost slune\u010dn\u00edho nab\u00edjen\u00ed je ovlivn\u011bna pov\u011btrnostn\u00edmi podm\u00ednkami. V oblastech s n\u00edzk\u00fdm slune\u010dn\u00edm svitem m\u016f\u017ee b\u00fdt v\u00fdroba slune\u010dn\u00ed energie omezen\u00e1, co\u017e m\u016f\u017ee vy\u017eadovat dodate\u010dnou energii z s\u00edt\u011b.<\/li>\n<\/ul>\n<h2>Z\u00e1v\u011br: Budoucnost elektrick\u00e9ho nab\u00edjen\u00ed spo\u010d\u00edv\u00e1 v inteligenci a udr\u017eitelnosti<\/h2>\n<p>Stru\u010dn\u011b \u0159e\u010deno, <strong>chytr\u00e1 fotovoltaick\u00e1 nab\u00edjec\u00ed stanice<\/strong> p\u0159edstavuje v\u00fdznamn\u00fd pokrok v oblasti nab\u00edjen\u00ed elektrick\u00fdch vozidel. Kombinov\u00e1n\u00edm energetick\u00e9 \u00fa\u010dinnosti, ekologick\u00e9 \u0161etrnosti a technologick\u00fdch inovac\u00ed nab\u00edz\u00ed komplexn\u00ed \u0159e\u0161en\u00ed pro u\u017eivatele, kte\u0159\u00ed si uv\u011bdomuj\u00ed sv\u016fj ekologick\u00fd dopad a n\u00e1klady na energii. A\u0165 u\u017e se rozhodnete pro jednof\u00e1zovou, t\u0159\u00edf\u00e1zovou nebo konfiguraci p\u0159izp\u016fsobenou va\u0161im specifick\u00fdm pot\u0159eb\u00e1m, budoucnost elektrick\u00e9ho nab\u00edjen\u00ed nepochybn\u011b spo\u010d\u00edv\u00e1 v chytr\u00fdch a udr\u017eiteln\u00fdch syst\u00e9mech.<\/p>\n<h2>\u010casto kladen\u00e9 ot\u00e1zky o fotovoltaick\u00fdch nab\u00edjec\u00edch stanic\u00edch<\/h2>\n<div class=\"flex max-w-full flex-col flex-grow\">\n<div class=\"min-h-[20px] text-message flex w-full flex-col items-end gap-2 whitespace-normal break-words [.text-message+&amp;]:mt-5 overflow-x-auto\" dir=\"auto\" data-message-author-role=\"assistant\" data-message-id=\"1042eee9-0a33-48e8-9968-ad58f9efef32\">\n<div class=\"flex w-full flex-col gap-1 empty:hidden first:pt-[3px]\">\n<div class=\"markdown prose w-full break-words dark:prose-invert dark\">\n<p>\u010cl\u00e1nek shrnuje z\u00e1kladn\u00ed informace, kter\u00e9 byste m\u011bli zv\u00e1\u017eit p\u0159ed zakoupen\u00edm ide\u00e1ln\u00ed nab\u00edjec\u00ed stanice pro v\u00e1\u0161 domov. A\u0165 u\u017e zva\u017eujete instalaci 7 kW jednof\u00e1zov\u00e9 nab\u00edjec\u00ed stanice nebo optimalizaci va\u0161eho vyu\u017eit\u00ed slune\u010dn\u00ed energie, tato sekce poskytuje jasn\u00e9 a p\u0159esn\u00e9 odpov\u011bdi.<\/p>\n<\/div>\n<\/div>\n<\/div>\n<\/div>\n<h3>Co je chytr\u00e1 fotovoltaick\u00e1 nab\u00edjec\u00ed stanice?<\/h3>\n<p>Je to nab\u00edjec\u00ed za\u0159\u00edzen\u00ed pro elektrick\u00e1 vozidla, kter\u00e9 vyu\u017e\u00edv\u00e1 slune\u010dn\u00ed energii generovanou fotovoltaick\u00fdmi panely, zat\u00edmco integruje inteligentn\u00ed spr\u00e1vu energie.<\/p>\n<p><img decoding=\"async\" class=\"alignnone size-full wp-image-178832\" src=\"https:\/\/v2charge.com\/wp-content\/uploads\/2024\/09\/trydan-borne-intelligente-photovoltaique-obturador.jpg\" alt=\"\" width=\"960\" height=\"560\" srcset=\"https:\/\/v2charge.com\/wp-content\/uploads\/2024\/09\/trydan-borne-intelligente-photovoltaique-obturador.jpg 960w, https:\/\/v2charge.com\/wp-content\/uploads\/2024\/09\/trydan-borne-intelligente-photovoltaique-obturador-300x175.jpg 300w, https:\/\/v2charge.com\/wp-content\/uploads\/2024\/09\/trydan-borne-intelligente-photovoltaique-obturador-768x448.jpg 768w\" sizes=\"(max-width: 960px) 100vw, 960px\" \/><\/p>\n<h3>Jak funguje 7,4 kW jednof\u00e1zov\u00e1 nab\u00edjec\u00ed stanice?<\/h3>\n<p>Umo\u017e\u0148uje nab\u00edjet elektrick\u00e9 vozidlo s maxim\u00e1ln\u00ed kapacitou 7,4 kW, co\u017e ji \u010din\u00ed ide\u00e1ln\u00ed pro reziden\u010dn\u00ed instalace s jednof\u00e1zov\u00fdm nap\u00e1jen\u00edm.<\/p>\n<h3>Jak\u00e9 jsou v\u00fdhody 22 kW t\u0159\u00edf\u00e1zov\u00e9 nab\u00edjec\u00ed stanice?<\/h3>\n<p>Nab\u00edz\u00ed rychlej\u0161\u00ed a efektivn\u011bj\u0161\u00ed nab\u00edjen\u00ed, zvl\u00e1\u0161\u0165 vhodn\u00e9 pro dom\u00e1cnosti s t\u0159\u00edf\u00e1zovou elektrickou instalac\u00ed a v\u00fdkonn\u00fdmi sol\u00e1rn\u00edmi panely.<\/p>\n<h3>Jak\u00e9 jsou n\u00e1klady na instalaci 7,4 kW nab\u00edjec\u00ed stanice?<\/h3>\n<p>N\u00e1klady se mohou li\u0161it v z\u00e1vislosti na vlastnostech instalace, ale obvykle se rychle vr\u00e1t\u00ed d\u00edky \u00faspor\u00e1m na n\u00e1kladech na energii. Pokud chcete zn\u00e1t p\u0159esnou cenu za instalaci 7,4 kW nab\u00edjec\u00ed stanice, <a href=\"https:\/\/v2charge.com\/nl\/trouvez-votre-installateur\/#contact\"><strong>objevte a promluvte si s na\u0161\u00ed s\u00edt\u00ed instalat\u00e9r\u016f<\/strong><\/a>.<\/p>\n<h3>Mohu sv\u00e9 vozidlo nab\u00edjet v\u00fdhradn\u011b slune\u010dn\u00ed energi\u00ed?<\/h3>\n<p>Ano, chytr\u00e1 fotovoltaick\u00e1 nab\u00edjec\u00ed stanice umo\u017e\u0148uje nab\u00edjet vozidlo v\u00fdhradn\u011b s p\u0159ebyte\u010dnou slune\u010dn\u00ed energi\u00ed, ani\u017e byste byli z\u00e1visl\u00ed na elektrick\u00e9 s\u00edti.<\/p>\n<h3>Je instalace fotovoltaick\u00e9 nab\u00edjec\u00ed stanice slo\u017eit\u00e1?<\/h3>\n<p>Instalaci by m\u011bl prov\u00e1d\u011bt profesion\u00e1l, ale obvykle je rychl\u00e1 a m\u016f\u017ee b\u00fdt optimalizov\u00e1na pro maxim\u00e1ln\u00ed vyu\u017eit\u00ed slune\u010dn\u00ed energie.<\/p>\n","protected":false},"excerpt":{"rendered":"<p>V kontextu, kter\u00fd je charakterizov\u00e1n vzestupem elektrifikace a ekologick\u00e9ho uv\u011bdom\u011bn\u00ed, chytr\u00e1 fotovoltaick\u00e1 nab\u00edjec\u00ed stanice se p\u0159edstavuje jako inovativn\u00ed a udr\u017eiteln\u00e9 \u0159e\u0161en\u00ed pro elektrick\u00e1 vozidla (EV). D\u00edky optim\u00e1ln\u00ed integraci s existuj\u00edc\u00edmi sol\u00e1rn\u00edmi energetick\u00fdmi syst\u00e9my umo\u017e\u0148uje tato technologie maximalizovat vyu\u017eit\u00ed slune\u010dn\u00ed energie, zat\u00edmco sni\u017euje n\u00e1klady na energii a omezuje ekologickou stopu. Rostouc\u00ed d\u016fle\u017eitost chytr\u00fdch fotovoltaick\u00fdch nab\u00edjec\u00edch stanic &#8230; <a title=\"Chytr\u00e1 fotovoltaick\u00e1 nab\u00edjec\u00ed stanice: revoluce v nab\u00edjen\u00ed elektrick\u00fdch vozidel\" class=\"read-more\" href=\"https:\/\/v2charge.com\/cs\/inteligentni-fotovoltaicka-nabijeci-stanice-revoluce-v-nabijeni-elektrick-ch-vozidel\/\" aria-label=\"Read more about Chytr\u00e1 fotovoltaick\u00e1 nab\u00edjec\u00ed stanice: revoluce v nab\u00edjen\u00ed elektrick\u00fdch vozidel\">\u010c\u00edst d\u00e1l<\/a><\/p>\n","protected":false},"author":400,"featured_media":178843,"comment_status":"closed","ping_status":"closed","sticky":false,"template":"","format":"standard","meta":{"_eb_attr":"","content-type":"","_uag_custom_page_level_css":"","footnotes":""},"categories":[],"tags":[],"class_list":["post-318152","post","type-post","status-publish","format-standard","has-post-thumbnail","hentry"],"yoast_head":"<!-- This site is optimized with the Yoast SEO plugin v25.3.1 - https:\/\/yoast.com\/wordpress\/plugins\/seo\/ -->\n<title>Inteligentn\u00ed fotovoltaick\u00e1 nab\u00edjec\u00ed stanice | V2C<\/title>\n<meta name=\"description\" content=\"Inteligentn\u00ed fotovoltaick\u00e1 nab\u00edjec\u00ed stanice, v\u00fdznamn\u00fd pokrok v nab\u00edjen\u00ed elektrick\u00fdch vozidel.\" \/>\n<meta name=\"robots\" content=\"index, follow, max-snippet:-1, max-image-preview:large, max-video-preview:-1\" \/>\n<link rel=\"canonical\" href=\"https:\/\/v2charge.com\/cs\/inteligentni-fotovoltaicka-nabijeci-stanice-revoluce-v-nabijeni-elektrick-ch-vozidel\/\" \/>\n<meta property=\"og:locale\" content=\"cs_CZ\" \/>\n<meta property=\"og:type\" content=\"article\" \/>\n<meta property=\"og:title\" content=\"Inteligentn\u00ed fotovoltaick\u00e1 nab\u00edjec\u00ed stanice | V2C\" \/>\n<meta property=\"og:description\" content=\"Inteligentn\u00ed fotovoltaick\u00e1 nab\u00edjec\u00ed stanice, v\u00fdznamn\u00fd pokrok v nab\u00edjen\u00ed elektrick\u00fdch vozidel.\" \/>\n<meta property=\"og:url\" content=\"https:\/\/v2charge.com\/cs\/inteligentni-fotovoltaicka-nabijeci-stanice-revoluce-v-nabijeni-elektrick-ch-vozidel\/\" \/>\n<meta property=\"og:site_name\" content=\"V2C\" \/>\n<meta property=\"article:publisher\" content=\"https:\/\/www.facebook.com\/V2C.Charge\" \/>\n<meta property=\"article:published_time\" content=\"2024-09-20T13:53:50+00:00\" \/>\n<meta property=\"article:modified_time\" content=\"2026-04-25T17:21:18+00:00\" \/>\n<meta property=\"og:image\" content=\"https:\/\/v2charge.com\/wp-content\/uploads\/2024\/09\/trydan-borne-intelligente-photovoltaique-triphase.jpg\" \/>\n\t<meta property=\"og:image:width\" content=\"960\" \/>\n\t<meta property=\"og:image:height\" content=\"560\" \/>\n\t<meta property=\"og:image:type\" content=\"image\/jpeg\" \/>\n<meta name=\"author\" content=\"V2C\" \/>\n<meta name=\"twitter:card\" content=\"summary_large_image\" \/>\n<meta name=\"twitter:creator\" content=\"@V2C_Charge\" \/>\n<meta name=\"twitter:site\" content=\"@V2C_Charge\" \/>\n<meta name=\"twitter:label1\" content=\"Napsal(a)\" \/>\n\t<meta name=\"twitter:data1\" content=\"V2C\" \/>\n\t<meta name=\"twitter:label2\" content=\"Odhadovan\u00e1 doba \u010dten\u00ed\" \/>\n\t<meta name=\"twitter:data2\" content=\"8 minut\" \/>\n<script type=\"application\/ld+json\" class=\"yoast-schema-graph\">{\"@context\":\"https:\/\/schema.org\",\"@graph\":[{\"@type\":\"Article\",\"@id\":\"https:\/\/v2charge.com\/cs\/inteligentni-fotovoltaicka-nabijeci-stanice-revoluce-v-nabijeni-elektrick-ch-vozidel\/#article\",\"isPartOf\":{\"@id\":\"https:\/\/v2charge.com\/cs\/inteligentni-fotovoltaicka-nabijeci-stanice-revoluce-v-nabijeni-elektrick-ch-vozidel\/\"},\"author\":{\"name\":\"V2C\",\"@id\":\"https:\/\/v2charge.com\/cs\/#\/schema\/person\/d6f210a94a856acdddec347b2127fd0f\"},\"headline\":\"Chytr\u00e1 fotovoltaick\u00e1 nab\u00edjec\u00ed stanice: revoluce v nab\u00edjen\u00ed elektrick\u00fdch vozidel\",\"datePublished\":\"2024-09-20T13:53:50+00:00\",\"dateModified\":\"2026-04-25T17:21:18+00:00\",\"mainEntityOfPage\":{\"@id\":\"https:\/\/v2charge.com\/cs\/inteligentni-fotovoltaicka-nabijeci-stanice-revoluce-v-nabijeni-elektrick-ch-vozidel\/\"},\"wordCount\":1548,\"publisher\":{\"@id\":\"https:\/\/v2charge.com\/cs\/#organization\"},\"image\":{\"@id\":\"https:\/\/v2charge.com\/cs\/inteligentni-fotovoltaicka-nabijeci-stanice-revoluce-v-nabijeni-elektrick-ch-vozidel\/#primaryimage\"},\"thumbnailUrl\":\"https:\/\/v2charge.com\/wp-content\/uploads\/2024\/09\/trydan-borne-intelligente-photovoltaique-triphase.jpg\",\"inLanguage\":\"cs\"},{\"@type\":\"WebPage\",\"@id\":\"https:\/\/v2charge.com\/cs\/inteligentni-fotovoltaicka-nabijeci-stanice-revoluce-v-nabijeni-elektrick-ch-vozidel\/\",\"url\":\"https:\/\/v2charge.com\/cs\/inteligentni-fotovoltaicka-nabijeci-stanice-revoluce-v-nabijeni-elektrick-ch-vozidel\/\",\"name\":\"Inteligentn\u00ed fotovoltaick\u00e1 nab\u00edjec\u00ed stanice | V2C\",\"isPartOf\":{\"@id\":\"https:\/\/v2charge.com\/cs\/#website\"},\"primaryImageOfPage\":{\"@id\":\"https:\/\/v2charge.com\/cs\/inteligentni-fotovoltaicka-nabijeci-stanice-revoluce-v-nabijeni-elektrick-ch-vozidel\/#primaryimage\"},\"image\":{\"@id\":\"https:\/\/v2charge.com\/cs\/inteligentni-fotovoltaicka-nabijeci-stanice-revoluce-v-nabijeni-elektrick-ch-vozidel\/#primaryimage\"},\"thumbnailUrl\":\"https:\/\/v2charge.com\/wp-content\/uploads\/2024\/09\/trydan-borne-intelligente-photovoltaique-triphase.jpg\",\"datePublished\":\"2024-09-20T13:53:50+00:00\",\"dateModified\":\"2026-04-25T17:21:18+00:00\",\"description\":\"Inteligentn\u00ed fotovoltaick\u00e1 nab\u00edjec\u00ed stanice, v\u00fdznamn\u00fd pokrok v nab\u00edjen\u00ed elektrick\u00fdch vozidel.\",\"breadcrumb\":{\"@id\":\"https:\/\/v2charge.com\/cs\/inteligentni-fotovoltaicka-nabijeci-stanice-revoluce-v-nabijeni-elektrick-ch-vozidel\/#breadcrumb\"},\"inLanguage\":\"cs\",\"potentialAction\":[{\"@type\":\"ReadAction\",\"target\":[\"https:\/\/v2charge.com\/cs\/inteligentni-fotovoltaicka-nabijeci-stanice-revoluce-v-nabijeni-elektrick-ch-vozidel\/\"]}]},{\"@type\":\"ImageObject\",\"inLanguage\":\"cs\",\"@id\":\"https:\/\/v2charge.com\/cs\/inteligentni-fotovoltaicka-nabijeci-stanice-revoluce-v-nabijeni-elektrick-ch-vozidel\/#primaryimage\",\"url\":\"https:\/\/v2charge.com\/wp-content\/uploads\/2024\/09\/trydan-borne-intelligente-photovoltaique-triphase.jpg\",\"contentUrl\":\"https:\/\/v2charge.com\/wp-content\/uploads\/2024\/09\/trydan-borne-intelligente-photovoltaique-triphase.jpg\",\"width\":960,\"height\":560},{\"@type\":\"BreadcrumbList\",\"@id\":\"https:\/\/v2charge.com\/cs\/inteligentni-fotovoltaicka-nabijeci-stanice-revoluce-v-nabijeni-elektrick-ch-vozidel\/#breadcrumb\",\"itemListElement\":[{\"@type\":\"ListItem\",\"position\":1,\"name\":\"V2C\",\"item\":\"https:\/\/v2charge.com\/cs\/\"},{\"@type\":\"ListItem\",\"position\":2,\"name\":\"e-Mobility\",\"item\":\"https:\/\/v2charge.com\/cs\/e-mobility\/\"},{\"@type\":\"ListItem\",\"position\":3,\"name\":\"Inteligentn\u00ed fotovoltaick\u00e1 nab\u00edjec\u00ed stanice: revoluce v nab\u00edjen\u00ed elektrick\u00fdch vozidel\"}]},{\"@type\":\"WebSite\",\"@id\":\"https:\/\/v2charge.com\/cs\/#website\",\"url\":\"https:\/\/v2charge.com\/cs\/\",\"name\":\"V2C\",\"description\":\"#CargandoElMa\u00f1ana\",\"publisher\":{\"@id\":\"https:\/\/v2charge.com\/cs\/#organization\"},\"potentialAction\":[{\"@type\":\"SearchAction\",\"target\":{\"@type\":\"EntryPoint\",\"urlTemplate\":\"https:\/\/v2charge.com\/cs\/?s={search_term_string}\"},\"query-input\":{\"@type\":\"PropertyValueSpecification\",\"valueRequired\":true,\"valueName\":\"search_term_string\"}}],\"inLanguage\":\"cs\"},{\"@type\":\"Organization\",\"@id\":\"https:\/\/v2charge.com\/cs\/#organization\",\"name\":\"V2C\",\"url\":\"https:\/\/v2charge.com\/cs\/\",\"logo\":{\"@type\":\"ImageObject\",\"inLanguage\":\"cs\",\"@id\":\"https:\/\/v2charge.com\/cs\/#\/schema\/logo\/image\/\",\"url\":\"https:\/\/v2charge.com\/wp-content\/uploads\/2024\/11\/cropped-v2c-charge-logo-menu.png\",\"contentUrl\":\"https:\/\/v2charge.com\/wp-content\/uploads\/2024\/11\/cropped-v2c-charge-logo-menu.png\",\"width\":984,\"height\":431,\"caption\":\"V2C\"},\"image\":{\"@id\":\"https:\/\/v2charge.com\/cs\/#\/schema\/logo\/image\/\"},\"sameAs\":[\"https:\/\/www.facebook.com\/V2C.Charge\",\"https:\/\/x.com\/V2C_Charge\",\"https:\/\/www.instagram.com\/v2c.charge\/\",\"https:\/\/www.youtube.com\/@V2C\",\"https:\/\/www.linkedin.com\/company\/v2c-chargers\/\"]},{\"@type\":\"Person\",\"@id\":\"https:\/\/v2charge.com\/cs\/#\/schema\/person\/d6f210a94a856acdddec347b2127fd0f\",\"name\":\"V2C\",\"image\":{\"@type\":\"ImageObject\",\"inLanguage\":\"cs\",\"@id\":\"https:\/\/v2charge.com\/cs\/#\/schema\/person\/image\/\",\"url\":\"https:\/\/secure.gravatar.com\/avatar\/a91128c4c0d2f4d63bd586301fdec6cc9aa49c885839b25d1c62700f529f267c?s=96&d=mm&r=g\",\"contentUrl\":\"https:\/\/secure.gravatar.com\/avatar\/a91128c4c0d2f4d63bd586301fdec6cc9aa49c885839b25d1c62700f529f267c?s=96&d=mm&r=g\",\"caption\":\"V2C\"}}]}<\/script>\n<!-- \/ Yoast SEO plugin. -->","yoast_head_json":{"title":"Inteligentn\u00ed fotovoltaick\u00e1 nab\u00edjec\u00ed stanice | V2C","description":"Inteligentn\u00ed fotovoltaick\u00e1 nab\u00edjec\u00ed stanice, v\u00fdznamn\u00fd pokrok v nab\u00edjen\u00ed elektrick\u00fdch vozidel.","robots":{"index":"index","follow":"follow","max-snippet":"max-snippet:-1","max-image-preview":"max-image-preview:large","max-video-preview":"max-video-preview:-1"},"canonical":"https:\/\/v2charge.com\/cs\/inteligentni-fotovoltaicka-nabijeci-stanice-revoluce-v-nabijeni-elektrick-ch-vozidel\/","og_locale":"cs_CZ","og_type":"article","og_title":"Inteligentn\u00ed fotovoltaick\u00e1 nab\u00edjec\u00ed stanice | V2C","og_description":"Inteligentn\u00ed fotovoltaick\u00e1 nab\u00edjec\u00ed stanice, v\u00fdznamn\u00fd pokrok v nab\u00edjen\u00ed elektrick\u00fdch vozidel.","og_url":"https:\/\/v2charge.com\/cs\/inteligentni-fotovoltaicka-nabijeci-stanice-revoluce-v-nabijeni-elektrick-ch-vozidel\/","og_site_name":"V2C","article_publisher":"https:\/\/www.facebook.com\/V2C.Charge","article_published_time":"2024-09-20T13:53:50+00:00","article_modified_time":"2026-04-25T17:21:18+00:00","og_image":[{"width":960,"height":560,"url":"https:\/\/v2charge.com\/wp-content\/uploads\/2024\/09\/trydan-borne-intelligente-photovoltaique-triphase.jpg","type":"image\/jpeg"}],"author":"V2C","twitter_card":"summary_large_image","twitter_creator":"@V2C_Charge","twitter_site":"@V2C_Charge","twitter_misc":{"Napsal(a)":"V2C","Odhadovan\u00e1 doba \u010dten\u00ed":"8 minut"},"schema":{"@context":"https:\/\/schema.org","@graph":[{"@type":"Article","@id":"https:\/\/v2charge.com\/cs\/inteligentni-fotovoltaicka-nabijeci-stanice-revoluce-v-nabijeni-elektrick-ch-vozidel\/#article","isPartOf":{"@id":"https:\/\/v2charge.com\/cs\/inteligentni-fotovoltaicka-nabijeci-stanice-revoluce-v-nabijeni-elektrick-ch-vozidel\/"},"author":{"name":"V2C","@id":"https:\/\/v2charge.com\/cs\/#\/schema\/person\/d6f210a94a856acdddec347b2127fd0f"},"headline":"Chytr\u00e1 fotovoltaick\u00e1 nab\u00edjec\u00ed stanice: revoluce v nab\u00edjen\u00ed elektrick\u00fdch vozidel","datePublished":"2024-09-20T13:53:50+00:00","dateModified":"2026-04-25T17:21:18+00:00","mainEntityOfPage":{"@id":"https:\/\/v2charge.com\/cs\/inteligentni-fotovoltaicka-nabijeci-stanice-revoluce-v-nabijeni-elektrick-ch-vozidel\/"},"wordCount":1548,"publisher":{"@id":"https:\/\/v2charge.com\/cs\/#organization"},"image":{"@id":"https:\/\/v2charge.com\/cs\/inteligentni-fotovoltaicka-nabijeci-stanice-revoluce-v-nabijeni-elektrick-ch-vozidel\/#primaryimage"},"thumbnailUrl":"https:\/\/v2charge.com\/wp-content\/uploads\/2024\/09\/trydan-borne-intelligente-photovoltaique-triphase.jpg","inLanguage":"cs"},{"@type":"WebPage","@id":"https:\/\/v2charge.com\/cs\/inteligentni-fotovoltaicka-nabijeci-stanice-revoluce-v-nabijeni-elektrick-ch-vozidel\/","url":"https:\/\/v2charge.com\/cs\/inteligentni-fotovoltaicka-nabijeci-stanice-revoluce-v-nabijeni-elektrick-ch-vozidel\/","name":"Inteligentn\u00ed fotovoltaick\u00e1 nab\u00edjec\u00ed stanice | V2C","isPartOf":{"@id":"https:\/\/v2charge.com\/cs\/#website"},"primaryImageOfPage":{"@id":"https:\/\/v2charge.com\/cs\/inteligentni-fotovoltaicka-nabijeci-stanice-revoluce-v-nabijeni-elektrick-ch-vozidel\/#primaryimage"},"image":{"@id":"https:\/\/v2charge.com\/cs\/inteligentni-fotovoltaicka-nabijeci-stanice-revoluce-v-nabijeni-elektrick-ch-vozidel\/#primaryimage"},"thumbnailUrl":"https:\/\/v2charge.com\/wp-content\/uploads\/2024\/09\/trydan-borne-intelligente-photovoltaique-triphase.jpg","datePublished":"2024-09-20T13:53:50+00:00","dateModified":"2026-04-25T17:21:18+00:00","description":"Inteligentn\u00ed fotovoltaick\u00e1 nab\u00edjec\u00ed stanice, v\u00fdznamn\u00fd pokrok v nab\u00edjen\u00ed elektrick\u00fdch vozidel.","breadcrumb":{"@id":"https:\/\/v2charge.com\/cs\/inteligentni-fotovoltaicka-nabijeci-stanice-revoluce-v-nabijeni-elektrick-ch-vozidel\/#breadcrumb"},"inLanguage":"cs","potentialAction":[{"@type":"ReadAction","target":["https:\/\/v2charge.com\/cs\/inteligentni-fotovoltaicka-nabijeci-stanice-revoluce-v-nabijeni-elektrick-ch-vozidel\/"]}]},{"@type":"ImageObject","inLanguage":"cs","@id":"https:\/\/v2charge.com\/cs\/inteligentni-fotovoltaicka-nabijeci-stanice-revoluce-v-nabijeni-elektrick-ch-vozidel\/#primaryimage","url":"https:\/\/v2charge.com\/wp-content\/uploads\/2024\/09\/trydan-borne-intelligente-photovoltaique-triphase.jpg","contentUrl":"https:\/\/v2charge.com\/wp-content\/uploads\/2024\/09\/trydan-borne-intelligente-photovoltaique-triphase.jpg","width":960,"height":560},{"@type":"BreadcrumbList","@id":"https:\/\/v2charge.com\/cs\/inteligentni-fotovoltaicka-nabijeci-stanice-revoluce-v-nabijeni-elektrick-ch-vozidel\/#breadcrumb","itemListElement":[{"@type":"ListItem","position":1,"name":"V2C","item":"https:\/\/v2charge.com\/cs\/"},{"@type":"ListItem","position":2,"name":"e-Mobility","item":"https:\/\/v2charge.com\/cs\/e-mobility\/"},{"@type":"ListItem","position":3,"name":"Inteligentn\u00ed fotovoltaick\u00e1 nab\u00edjec\u00ed stanice: revoluce v nab\u00edjen\u00ed elektrick\u00fdch vozidel"}]},{"@type":"WebSite","@id":"https:\/\/v2charge.com\/cs\/#website","url":"https:\/\/v2charge.com\/cs\/","name":"V2C","description":"#CargandoElMa\u00f1ana","publisher":{"@id":"https:\/\/v2charge.com\/cs\/#organization"},"potentialAction":[{"@type":"SearchAction","target":{"@type":"EntryPoint","urlTemplate":"https:\/\/v2charge.com\/cs\/?s={search_term_string}"},"query-input":{"@type":"PropertyValueSpecification","valueRequired":true,"valueName":"search_term_string"}}],"inLanguage":"cs"},{"@type":"Organization","@id":"https:\/\/v2charge.com\/cs\/#organization","name":"V2C","url":"https:\/\/v2charge.com\/cs\/","logo":{"@type":"ImageObject","inLanguage":"cs","@id":"https:\/\/v2charge.com\/cs\/#\/schema\/logo\/image\/","url":"https:\/\/v2charge.com\/wp-content\/uploads\/2024\/11\/cropped-v2c-charge-logo-menu.png","contentUrl":"https:\/\/v2charge.com\/wp-content\/uploads\/2024\/11\/cropped-v2c-charge-logo-menu.png","width":984,"height":431,"caption":"V2C"},"image":{"@id":"https:\/\/v2charge.com\/cs\/#\/schema\/logo\/image\/"},"sameAs":["https:\/\/www.facebook.com\/V2C.Charge","https:\/\/x.com\/V2C_Charge","https:\/\/www.instagram.com\/v2c.charge\/","https:\/\/www.youtube.com\/@V2C","https:\/\/www.linkedin.com\/company\/v2c-chargers\/"]},{"@type":"Person","@id":"https:\/\/v2charge.com\/cs\/#\/schema\/person\/d6f210a94a856acdddec347b2127fd0f","name":"V2C","image":{"@type":"ImageObject","inLanguage":"cs","@id":"https:\/\/v2charge.com\/cs\/#\/schema\/person\/image\/","url":"https:\/\/secure.gravatar.com\/avatar\/a91128c4c0d2f4d63bd586301fdec6cc9aa49c885839b25d1c62700f529f267c?s=96&d=mm&r=g","contentUrl":"https:\/\/secure.gravatar.com\/avatar\/a91128c4c0d2f4d63bd586301fdec6cc9aa49c885839b25d1c62700f529f267c?s=96&d=mm&r=g","caption":"V2C"}}]}},"uagb_featured_image_src":{"full":["https:\/\/v2charge.com\/wp-content\/uploads\/2024\/09\/trydan-borne-intelligente-photovoltaique-triphase.jpg",960,560,false],"thumbnail":["https:\/\/v2charge.com\/wp-content\/uploads\/2024\/09\/trydan-borne-intelligente-photovoltaique-triphase-150x150.jpg",150,150,true],"medium":["https:\/\/v2charge.com\/wp-content\/uploads\/2024\/09\/trydan-borne-intelligente-photovoltaique-triphase-300x175.jpg",300,175,true],"medium_large":["https:\/\/v2charge.com\/wp-content\/uploads\/2024\/09\/trydan-borne-intelligente-photovoltaique-triphase-768x448.jpg",768,448,true],"large":["https:\/\/v2charge.com\/wp-content\/uploads\/2024\/09\/trydan-borne-intelligente-photovoltaique-triphase.jpg",960,560,false],"gs-tiny":["https:\/\/v2charge.com\/wp-content\/uploads\/2024\/09\/trydan-borne-intelligente-photovoltaique-triphase.jpg",50,29,false],"xl":["https:\/\/v2charge.com\/wp-content\/uploads\/2024\/09\/trydan-borne-intelligente-photovoltaique-triphase.jpg",960,560,false],"xxl":["https:\/\/v2charge.com\/wp-content\/uploads\/2024\/09\/trydan-borne-intelligente-photovoltaique-triphase.jpg",960,560,false],"xxxl":["https:\/\/v2charge.com\/wp-content\/uploads\/2024\/09\/trydan-borne-intelligente-photovoltaique-triphase.jpg",960,560,false],"xxxxl":["https:\/\/v2charge.com\/wp-content\/uploads\/2024\/09\/trydan-borne-intelligente-photovoltaique-triphase.jpg",960,560,false],"xxxxxl":["https:\/\/v2charge.com\/wp-content\/uploads\/2024\/09\/trydan-borne-intelligente-photovoltaique-triphase.jpg",960,560,false],"1536x1536":["https:\/\/v2charge.com\/wp-content\/uploads\/2024\/09\/trydan-borne-intelligente-photovoltaique-triphase.jpg",960,560,false],"2048x2048":["https:\/\/v2charge.com\/wp-content\/uploads\/2024\/09\/trydan-borne-intelligente-photovoltaique-triphase.jpg",960,560,false]},"uagb_author_info":{"display_name":"V2C","author_link":"https:\/\/v2charge.com\/cs\/author\/marketing\/"},"uagb_comment_info":0,"uagb_excerpt":"V kontextu, kter\u00fd je charakterizov\u00e1n vzestupem elektrifikace a ekologick\u00e9ho uv\u011bdom\u011bn\u00ed, chytr\u00e1 fotovoltaick\u00e1 nab\u00edjec\u00ed stanice se p\u0159edstavuje jako inovativn\u00ed a udr\u017eiteln\u00e9 \u0159e\u0161en\u00ed pro elektrick\u00e1 vozidla (EV). D\u00edky optim\u00e1ln\u00ed integraci s existuj\u00edc\u00edmi sol\u00e1rn\u00edmi energetick\u00fdmi syst\u00e9my umo\u017e\u0148uje tato technologie maximalizovat vyu\u017eit\u00ed slune\u010dn\u00ed energie, zat\u00edmco sni\u017euje n\u00e1klady na energii a omezuje ekologickou stopu. Rostouc\u00ed d\u016fle\u017eitost chytr\u00fdch fotovoltaick\u00fdch nab\u00edjec\u00edch stanic&hellip;","_links":{"self":[{"href":"https:\/\/v2charge.com\/cs\/wp-json\/wp\/v2\/posts\/318152","targetHints":{"allow":["GET"]}}],"collection":[{"href":"https:\/\/v2charge.com\/cs\/wp-json\/wp\/v2\/posts"}],"about":[{"href":"https:\/\/v2charge.com\/cs\/wp-json\/wp\/v2\/types\/post"}],"author":[{"embeddable":true,"href":"https:\/\/v2charge.com\/cs\/wp-json\/wp\/v2\/users\/400"}],"replies":[{"embeddable":true,"href":"https:\/\/v2charge.com\/cs\/wp-json\/wp\/v2\/comments?post=318152"}],"version-history":[{"count":0,"href":"https:\/\/v2charge.com\/cs\/wp-json\/wp\/v2\/posts\/318152\/revisions"}],"wp:featuredmedia":[{"embeddable":true,"href":"https:\/\/v2charge.com\/cs\/wp-json\/wp\/v2\/media\/178843"}],"wp:attachment":[{"href":"https:\/\/v2charge.com\/cs\/wp-json\/wp\/v2\/media?parent=318152"}],"wp:term":[{"taxonomy":"category","embeddable":true,"href":"https:\/\/v2charge.com\/cs\/wp-json\/wp\/v2\/categories?post=318152"},{"taxonomy":"post_tag","embeddable":true,"href":"https:\/\/v2charge.com\/cs\/wp-json\/wp\/v2\/tags?post=318152"}],"curies":[{"name":"wp","href":"https:\/\/api.w.org\/{rel}","templated":true}]}}