{"id":318177,"date":"2024-11-26T08:45:00","date_gmt":"2024-11-26T06:45:00","guid":{"rendered":""},"modified":"2026-04-25T17:11:59","modified_gmt":"2026-04-25T17:11:59","slug":"nabije-ky-v2c-pr-kopnici-v-realnem-ase-znalosti-stavu-elektricke-sit-ve-francii","status":"publish","type":"post","link":"https:\/\/v2charge.com\/cs\/nabije-ky-v2c-pr-kopnici-v-realnem-ase-znalosti-stavu-elektricke-sit-ve-francii\/","title":{"rendered":"V2C nab\u00edje\u010dky, pr\u016fkopn\u00edci v re\u00e1ln\u00e9m \u010dase znalost\u00ed o stavu francouzsk\u00e9 elektrick\u00e9 s\u00edt\u011b"},"content":{"rendered":"<p><span style=\"font-weight: 400;\">Ve spole\u010dnosti V2C nad\u00e1le revolu\u010dn\u00edm zp\u016fsobem m\u011bn\u00edme sektor elektrick\u00e9 mobility s inovativn\u00edmi \u0159e\u0161en\u00edmi, kter\u00e1 nejen zjednodu\u0161uj\u00ed z\u00e1\u017eitek z nab\u00edjen\u00ed, ale tak\u00e9 podporuj\u00ed <strong>odpov\u011bdn\u00e9 vyu\u017e\u00edv\u00e1n\u00ed energie<\/strong>. S pot\u011b\u0161en\u00edm oznamujeme, \u017ee na\u0161e nab\u00edje\u010dky Trydan a Trydan Pro jsou prvn\u00edmi na francouzsk\u00e9m trhu, kter\u00e9 <strong>znaj\u00ed sign\u00e1ly elektrick\u00e9 s\u00edt\u011b v re\u00e1ln\u00e9m \u010dase<\/strong>, d\u00edky na\u0161\u00ed spolupr\u00e1ci se <strong>spole\u010dnost\u00ed EcoWatt<\/strong>, p\u0159edn\u00ed aplikac\u00ed pro chytr\u00e9 \u0159\u00edzen\u00ed energie.<\/span><\/p>\n<p><span style=\"font-weight: 400;\">T\u00edmto zp\u016fsobem monitorujeme v re\u00e1ln\u00e9m \u010dase dostupnost francouzsk\u00e9 elektrick\u00e9 s\u00edt\u011b, p\u0159i\u010dem\u017e zohled\u0148ujeme d\u016fle\u017eit\u00e1 data o nap\u011bt\u00ed a spot\u0159eb\u011b energie. Na\u0161e nab\u00edje\u010dky V2C tak mohou tyto sign\u00e1ly interpretovat, aby p\u0159izp\u016fsobily nab\u00edjec\u00ed v\u00fdkon na z\u00e1klad\u011b stavu s\u00edt\u011b, <strong>optimalizovaly spot\u0159ebu energie<\/strong> a sn\u00ed\u017eily tlak b\u011bhem \u0161pi\u010dkov\u00fdch obdob\u00ed.<\/span><\/p>\n<h2>Pion\u00fd\u0159i v integraci tohoto inovativn\u00edho syst\u00e9mu<\/h2>\n<p><span style=\"font-weight: 400;\">Na\u0161e e-Chargers se st\u00e1vaj\u00ed pion\u00fdry, kte\u0159\u00ed p\u0159\u00edmo interaguj\u00ed se sign\u00e1ly R\u00e9seau de Transport d&#8217;\u00c9lectricit\u00e9 (RTE). Kdy\u017e je varov\u00e1n\u00ed p\u0159ed\u00e1no spole\u010dnost\u00ed EcoWatt, <strong>e-Chargers toto sign\u00e1l interpretuj\u00ed, aby bylo mo\u017en\u00e9 p\u0159izp\u016fsobit jejich provoz sn\u00ed\u017een\u00edm \u010d\u00e1sti jejich jmenovit\u00e9ho v\u00fdkonu<\/strong>. Tento pokrok posiluje na\u0161e z\u00e1vazky k udr\u017eitelnosti a umis\u0165uje n\u00e1s jako referen\u010dn\u00ed body v integraci chytr\u00fdch \u0159e\u0161en\u00ed pro elektrickou mobilitu.<\/span><\/p>\n<h3>Jak to funguje?<\/h3>\n<p><span style=\"font-weight: 400;\">Z platformy <strong>V2C Cloud<\/strong> mohou u\u017eivatel\u00e9 toto syst\u00e9m snadno aktivovat a sledovat stav elektrick\u00e9 s\u00edt\u011b v re\u00e1ln\u00e9m \u010dase, zobrazen\u00fd t\u0159emi barvami:<\/span><\/p>\n<h3>Zelen\u00fd sign\u00e1l: Norm\u00e1ln\u00ed situace a Po\u017eehnan\u00e9 hodiny<\/h3>\n<p><span style=\"font-weight: 400;\">Zelen\u00fd sign\u00e1l je standardn\u00edm indik\u00e1torem za\u0159\u00edzen\u00ed EcoWatt, kter\u00fd nazna\u010duje norm\u00e1ln\u00ed situaci, kdy je <strong>spot\u0159eba elekt\u0159iny ni\u017e\u0161\u00ed ne\u017e dostupn\u00e1 v\u00fdroba<\/strong>. To znamen\u00e1, \u017ee m\u00e1me dostate\u010dnou v\u00fdrobn\u00ed kapacitu, abychom vyhov\u011bli ka\u017edodenn\u00ed popt\u00e1vce.<\/span><\/p>\n<h3>Oran\u017eov\u00fd sign\u00e1l: Sn\u00ed\u017een\u00e9 mar\u017ee<\/h3>\n<p><span style=\"font-weight: 400;\">Oran\u017eov\u00fd sign\u00e1l se aktivuje, kdy\u017e jsou mar\u017ee v\u00fdroby sn\u00ed\u017eeny, co\u017e znamen\u00e1, \u017ee dostupn\u00e1 v\u00fdroba je velmi bl\u00edzko o\u010dek\u00e1van\u00e9 spot\u0159eb\u011b. V t\u00e9to situaci pou\u017e\u00edv\u00e1 RTE (R\u00e9seau de Transport d&#8217;\u00c9lectricit\u00e9) r\u016fzn\u00e9 prost\u0159edky, jako je sni\u017eov\u00e1n\u00ed nap\u011bt\u00ed a sni\u017eov\u00e1n\u00ed spot\u0159eby pr\u016fmyslem, aby udr\u017eel dostate\u010dnou rovnov\u00e1hu.<\/span><\/p>\n<h3>\u010cerven\u00fd sign\u00e1l: riziko m\u00edstn\u00edho v\u00fdpadku<\/h3>\n<p><span style=\"font-weight: 400;\">\u010cerven\u00fd sign\u00e1l nazna\u010duje kritickou situaci, kdy <strong>v\u00fdroba elekt\u0159iny nen\u00ed dostate\u010dn\u00e1 k pokryt\u00ed popt\u00e1vky<\/strong>. RTE denn\u011b p\u0159edpov\u00edd\u00e1 pot\u0159eby elekt\u0159iny a dostupnou v\u00fdrobu, v\u010detn\u011b mo\u017enost\u00ed importu. Webov\u00e1 str\u00e1nka EcoWatt by pak v re\u00e1ln\u00e9m \u010dase poskytovala v\u0161echny pot\u0159ebn\u00e9 informace, aby se ob\u010dan\u00e9 mohli p\u0159ipravit na tento mo\u017en\u00fd v\u00fdpadek.<\/span><\/p>\n<h2><span style=\"font-weight: 400;\">Spolupr\u00e1ce ve prosp\u011bch inovac\u00ed a \u017eivotn\u00edho prost\u0159ed\u00ed<\/span><\/h2>\n<p><span style=\"font-weight: 400;\">Toto partnerstv\u00ed p\u0159edstavuje d\u016fle\u017eit\u00fd krok v evoluci nab\u00edjec\u00ed infrastruktury, kde se <strong>pokro\u010dil\u00e9 technologick\u00e9 v\u00fdkony kombinuj\u00ed s respektem k \u017eivotn\u00edmu prost\u0159ed\u00ed<\/strong>. Umis\u0165uje n\u00e1s jako inovativn\u00ed spole\u010dnost v sektoru obnoviteln\u00e9 energie a elektrick\u00e9 mobility.<\/span><\/p>\n<p><span style=\"font-weight: 400;\">Spolupr\u00e1ce se spole\u010dnost\u00ed EcoWatt dokonale ilustruje n\u00e1\u0161 z\u00e1vazek k chytr\u00e9mu a udr\u017eiteln\u00e9mu \u0159\u00edzen\u00ed energie.<\/span><\/p>\n","protected":false},"excerpt":{"rendered":"<p>Ve spole\u010dnosti V2C nad\u00e1le revolu\u010dn\u00edm zp\u016fsobem m\u011bn\u00edme sektor elektrick\u00e9 mobility s inovativn\u00edmi \u0159e\u0161en\u00edmi, kter\u00e1 nejen zjednodu\u0161uj\u00ed z\u00e1\u017eitek z nab\u00edjen\u00ed, ale tak\u00e9 podporuj\u00ed odpov\u011bdn\u00e9 vyu\u017e\u00edv\u00e1n\u00ed energie. S pot\u011b\u0161en\u00edm oznamujeme, \u017ee na\u0161e nab\u00edje\u010dky Trydan a Trydan Pro jsou prvn\u00edmi na francouzsk\u00e9m trhu, kter\u00e9 znaj\u00ed sign\u00e1ly elektrick\u00e9 s\u00edt\u011b v re\u00e1ln\u00e9m \u010dase, d\u00edky na\u0161\u00ed spolupr\u00e1ci se spole\u010dnost\u00ed EcoWatt, p\u0159edn\u00ed &#8230; <a title=\"V2C nab\u00edje\u010dky, pr\u016fkopn\u00edci v re\u00e1ln\u00e9m \u010dase znalost\u00ed o stavu francouzsk\u00e9 elektrick\u00e9 s\u00edt\u011b\" class=\"read-more\" href=\"https:\/\/v2charge.com\/cs\/nabije-ky-v2c-pr-kopnici-v-realnem-ase-znalosti-stavu-elektricke-sit-ve-francii\/\" aria-label=\"Read more about V2C nab\u00edje\u010dky, pr\u016fkopn\u00edci v re\u00e1ln\u00e9m \u010dase znalost\u00ed o stavu francouzsk\u00e9 elektrick\u00e9 s\u00edt\u011b\">\u010c\u00edst d\u00e1l<\/a><\/p>\n","protected":false},"author":400,"featured_media":190619,"comment_status":"closed","ping_status":"closed","sticky":false,"template":"","format":"standard","meta":{"_eb_attr":"","content-type":"","_uag_custom_page_level_css":"","footnotes":""},"categories":[],"tags":[],"class_list":["post-318177","post","type-post","status-publish","format-standard","has-post-thumbnail","hentry"],"yoast_head":"<!-- This site is optimized with the Yoast SEO plugin v25.3.1 - https:\/\/yoast.com\/wordpress\/plugins\/seo\/ -->\n<title>V2C integruje EcoWatt do nab\u00edje\u010dek Trydan a Trydan Pro<\/title>\n<meta name=\"description\" content=\"V2C revolu\u010dn\u00edm zp\u016fsobem m\u011bn\u00ed elektrickou mobilitu se sv\u00fdmi nab\u00edje\u010dkami, kter\u00e9 nyn\u00ed dok\u00e1\u017eou sledovat v re\u00e1ln\u00e9m \u010dase stav francouzsk\u00e9 elektrick\u00e9 s\u00edt\u011b d\u00edky EcoWatt.\" \/>\n<meta name=\"robots\" content=\"index, follow, max-snippet:-1, max-image-preview:large, max-video-preview:-1\" \/>\n<link rel=\"canonical\" href=\"https:\/\/v2charge.com\/cs\/nabije-ky-v2c-pr-kopnici-v-realnem-ase-znalosti-stavu-elektricke-sit-ve-francii\/\" \/>\n<meta property=\"og:locale\" content=\"cs_CZ\" \/>\n<meta property=\"og:type\" content=\"article\" \/>\n<meta property=\"og:title\" content=\"V2C integruje EcoWatt do nab\u00edje\u010dek Trydan a Trydan Pro\" \/>\n<meta property=\"og:description\" content=\"V2C revolu\u010dn\u00edm zp\u016fsobem m\u011bn\u00ed elektrickou mobilitu se sv\u00fdmi nab\u00edje\u010dkami, kter\u00e9 nyn\u00ed dok\u00e1\u017eou sledovat v re\u00e1ln\u00e9m \u010dase stav francouzsk\u00e9 elektrick\u00e9 s\u00edt\u011b d\u00edky EcoWatt.\" \/>\n<meta property=\"og:url\" content=\"https:\/\/v2charge.com\/cs\/nabije-ky-v2c-pr-kopnici-v-realnem-ase-znalosti-stavu-elektricke-sit-ve-francii\/\" \/>\n<meta property=\"og:site_name\" content=\"V2C\" \/>\n<meta property=\"article:publisher\" content=\"https:\/\/www.facebook.com\/V2C.Charge\" \/>\n<meta property=\"article:published_time\" content=\"2024-11-26T06:45:00+00:00\" \/>\n<meta property=\"article:modified_time\" content=\"2026-04-25T17:11:59+00:00\" \/>\n<meta property=\"og:image\" content=\"https:\/\/v2charge.com\/wp-content\/uploads\/2024\/11\/v2c-ecowatt.jpg\" \/>\n\t<meta property=\"og:image:width\" content=\"960\" \/>\n\t<meta property=\"og:image:height\" content=\"560\" \/>\n\t<meta property=\"og:image:type\" content=\"image\/jpeg\" \/>\n<meta name=\"author\" content=\"V2C\" \/>\n<meta name=\"twitter:card\" content=\"summary_large_image\" \/>\n<meta name=\"twitter:creator\" content=\"@V2C_Charge\" \/>\n<meta name=\"twitter:site\" content=\"@V2C_Charge\" \/>\n<meta name=\"twitter:label1\" content=\"Napsal(a)\" \/>\n\t<meta name=\"twitter:data1\" content=\"V2C\" \/>\n\t<meta name=\"twitter:label2\" content=\"Odhadovan\u00e1 doba \u010dten\u00ed\" \/>\n\t<meta name=\"twitter:data2\" content=\"3 minuty\" \/>\n<script type=\"application\/ld+json\" class=\"yoast-schema-graph\">{\"@context\":\"https:\/\/schema.org\",\"@graph\":[{\"@type\":\"Article\",\"@id\":\"https:\/\/v2charge.com\/cs\/nabije-ky-v2c-pr-kopnici-v-realnem-ase-znalosti-stavu-elektricke-sit-ve-francii\/#article\",\"isPartOf\":{\"@id\":\"https:\/\/v2charge.com\/cs\/nabije-ky-v2c-pr-kopnici-v-realnem-ase-znalosti-stavu-elektricke-sit-ve-francii\/\"},\"author\":{\"name\":\"V2C\",\"@id\":\"https:\/\/v2charge.com\/cs\/#\/schema\/person\/d6f210a94a856acdddec347b2127fd0f\"},\"headline\":\"V2C nab\u00edje\u010dky, pr\u016fkopn\u00edci v re\u00e1ln\u00e9m \u010dase znalost\u00ed o stavu francouzsk\u00e9 elektrick\u00e9 s\u00edt\u011b\",\"datePublished\":\"2024-11-26T06:45:00+00:00\",\"dateModified\":\"2026-04-25T17:11:59+00:00\",\"mainEntityOfPage\":{\"@id\":\"https:\/\/v2charge.com\/cs\/nabije-ky-v2c-pr-kopnici-v-realnem-ase-znalosti-stavu-elektricke-sit-ve-francii\/\"},\"wordCount\":588,\"publisher\":{\"@id\":\"https:\/\/v2charge.com\/cs\/#organization\"},\"image\":{\"@id\":\"https:\/\/v2charge.com\/cs\/nabije-ky-v2c-pr-kopnici-v-realnem-ase-znalosti-stavu-elektricke-sit-ve-francii\/#primaryimage\"},\"thumbnailUrl\":\"https:\/\/v2charge.com\/wp-content\/uploads\/2024\/11\/v2c-ecowatt.jpg\",\"inLanguage\":\"cs\"},{\"@type\":\"WebPage\",\"@id\":\"https:\/\/v2charge.com\/cs\/nabije-ky-v2c-pr-kopnici-v-realnem-ase-znalosti-stavu-elektricke-sit-ve-francii\/\",\"url\":\"https:\/\/v2charge.com\/cs\/nabije-ky-v2c-pr-kopnici-v-realnem-ase-znalosti-stavu-elektricke-sit-ve-francii\/\",\"name\":\"V2C integruje EcoWatt do nab\u00edje\u010dek Trydan a Trydan Pro\",\"isPartOf\":{\"@id\":\"https:\/\/v2charge.com\/cs\/#website\"},\"primaryImageOfPage\":{\"@id\":\"https:\/\/v2charge.com\/cs\/nabije-ky-v2c-pr-kopnici-v-realnem-ase-znalosti-stavu-elektricke-sit-ve-francii\/#primaryimage\"},\"image\":{\"@id\":\"https:\/\/v2charge.com\/cs\/nabije-ky-v2c-pr-kopnici-v-realnem-ase-znalosti-stavu-elektricke-sit-ve-francii\/#primaryimage\"},\"thumbnailUrl\":\"https:\/\/v2charge.com\/wp-content\/uploads\/2024\/11\/v2c-ecowatt.jpg\",\"datePublished\":\"2024-11-26T06:45:00+00:00\",\"dateModified\":\"2026-04-25T17:11:59+00:00\",\"description\":\"V2C revolu\u010dn\u00edm zp\u016fsobem m\u011bn\u00ed elektrickou mobilitu se sv\u00fdmi nab\u00edje\u010dkami, kter\u00e9 nyn\u00ed dok\u00e1\u017eou sledovat v re\u00e1ln\u00e9m \u010dase stav francouzsk\u00e9 elektrick\u00e9 s\u00edt\u011b d\u00edky EcoWatt.\",\"breadcrumb\":{\"@id\":\"https:\/\/v2charge.com\/cs\/nabije-ky-v2c-pr-kopnici-v-realnem-ase-znalosti-stavu-elektricke-sit-ve-francii\/#breadcrumb\"},\"inLanguage\":\"cs\",\"potentialAction\":[{\"@type\":\"ReadAction\",\"target\":[\"https:\/\/v2charge.com\/cs\/nabije-ky-v2c-pr-kopnici-v-realnem-ase-znalosti-stavu-elektricke-sit-ve-francii\/\"]}]},{\"@type\":\"ImageObject\",\"inLanguage\":\"cs\",\"@id\":\"https:\/\/v2charge.com\/cs\/nabije-ky-v2c-pr-kopnici-v-realnem-ase-znalosti-stavu-elektricke-sit-ve-francii\/#primaryimage\",\"url\":\"https:\/\/v2charge.com\/wp-content\/uploads\/2024\/11\/v2c-ecowatt.jpg\",\"contentUrl\":\"https:\/\/v2charge.com\/wp-content\/uploads\/2024\/11\/v2c-ecowatt.jpg\",\"width\":960,\"height\":560},{\"@type\":\"BreadcrumbList\",\"@id\":\"https:\/\/v2charge.com\/cs\/nabije-ky-v2c-pr-kopnici-v-realnem-ase-znalosti-stavu-elektricke-sit-ve-francii\/#breadcrumb\",\"itemListElement\":[{\"@type\":\"ListItem\",\"position\":1,\"name\":\"V2C\",\"item\":\"https:\/\/v2charge.com\/cs\/\"},{\"@type\":\"ListItem\",\"position\":2,\"name\":\"Nab\u00edje\u010dky V2C, pr\u016fkopn\u00edci v re\u00e1ln\u00e9m \u010dase znalosti stavu elektrick\u00e9 s\u00edt\u011b ve Francii\"}]},{\"@type\":\"WebSite\",\"@id\":\"https:\/\/v2charge.com\/cs\/#website\",\"url\":\"https:\/\/v2charge.com\/cs\/\",\"name\":\"V2C\",\"description\":\"#CargandoElMa\u00f1ana\",\"publisher\":{\"@id\":\"https:\/\/v2charge.com\/cs\/#organization\"},\"potentialAction\":[{\"@type\":\"SearchAction\",\"target\":{\"@type\":\"EntryPoint\",\"urlTemplate\":\"https:\/\/v2charge.com\/cs\/?s={search_term_string}\"},\"query-input\":{\"@type\":\"PropertyValueSpecification\",\"valueRequired\":true,\"valueName\":\"search_term_string\"}}],\"inLanguage\":\"cs\"},{\"@type\":\"Organization\",\"@id\":\"https:\/\/v2charge.com\/cs\/#organization\",\"name\":\"V2C\",\"url\":\"https:\/\/v2charge.com\/cs\/\",\"logo\":{\"@type\":\"ImageObject\",\"inLanguage\":\"cs\",\"@id\":\"https:\/\/v2charge.com\/cs\/#\/schema\/logo\/image\/\",\"url\":\"https:\/\/v2charge.com\/wp-content\/uploads\/2024\/11\/cropped-v2c-charge-logo-menu.png\",\"contentUrl\":\"https:\/\/v2charge.com\/wp-content\/uploads\/2024\/11\/cropped-v2c-charge-logo-menu.png\",\"width\":984,\"height\":431,\"caption\":\"V2C\"},\"image\":{\"@id\":\"https:\/\/v2charge.com\/cs\/#\/schema\/logo\/image\/\"},\"sameAs\":[\"https:\/\/www.facebook.com\/V2C.Charge\",\"https:\/\/x.com\/V2C_Charge\",\"https:\/\/www.instagram.com\/v2c.charge\/\",\"https:\/\/www.youtube.com\/@V2C\",\"https:\/\/www.linkedin.com\/company\/v2c-chargers\/\"]},{\"@type\":\"Person\",\"@id\":\"https:\/\/v2charge.com\/cs\/#\/schema\/person\/d6f210a94a856acdddec347b2127fd0f\",\"name\":\"V2C\",\"image\":{\"@type\":\"ImageObject\",\"inLanguage\":\"cs\",\"@id\":\"https:\/\/v2charge.com\/cs\/#\/schema\/person\/image\/\",\"url\":\"https:\/\/secure.gravatar.com\/avatar\/a91128c4c0d2f4d63bd586301fdec6cc9aa49c885839b25d1c62700f529f267c?s=96&d=mm&r=g\",\"contentUrl\":\"https:\/\/secure.gravatar.com\/avatar\/a91128c4c0d2f4d63bd586301fdec6cc9aa49c885839b25d1c62700f529f267c?s=96&d=mm&r=g\",\"caption\":\"V2C\"}}]}<\/script>\n<!-- \/ Yoast SEO plugin. -->","yoast_head_json":{"title":"V2C integruje EcoWatt do nab\u00edje\u010dek Trydan a Trydan Pro","description":"V2C revolu\u010dn\u00edm zp\u016fsobem m\u011bn\u00ed elektrickou mobilitu se sv\u00fdmi nab\u00edje\u010dkami, kter\u00e9 nyn\u00ed dok\u00e1\u017eou sledovat v re\u00e1ln\u00e9m \u010dase stav francouzsk\u00e9 elektrick\u00e9 s\u00edt\u011b d\u00edky EcoWatt.","robots":{"index":"index","follow":"follow","max-snippet":"max-snippet:-1","max-image-preview":"max-image-preview:large","max-video-preview":"max-video-preview:-1"},"canonical":"https:\/\/v2charge.com\/cs\/nabije-ky-v2c-pr-kopnici-v-realnem-ase-znalosti-stavu-elektricke-sit-ve-francii\/","og_locale":"cs_CZ","og_type":"article","og_title":"V2C integruje EcoWatt do nab\u00edje\u010dek Trydan a Trydan Pro","og_description":"V2C revolu\u010dn\u00edm zp\u016fsobem m\u011bn\u00ed elektrickou mobilitu se sv\u00fdmi nab\u00edje\u010dkami, kter\u00e9 nyn\u00ed dok\u00e1\u017eou sledovat v re\u00e1ln\u00e9m \u010dase stav francouzsk\u00e9 elektrick\u00e9 s\u00edt\u011b d\u00edky EcoWatt.","og_url":"https:\/\/v2charge.com\/cs\/nabije-ky-v2c-pr-kopnici-v-realnem-ase-znalosti-stavu-elektricke-sit-ve-francii\/","og_site_name":"V2C","article_publisher":"https:\/\/www.facebook.com\/V2C.Charge","article_published_time":"2024-11-26T06:45:00+00:00","article_modified_time":"2026-04-25T17:11:59+00:00","og_image":[{"width":960,"height":560,"url":"https:\/\/v2charge.com\/wp-content\/uploads\/2024\/11\/v2c-ecowatt.jpg","type":"image\/jpeg"}],"author":"V2C","twitter_card":"summary_large_image","twitter_creator":"@V2C_Charge","twitter_site":"@V2C_Charge","twitter_misc":{"Napsal(a)":"V2C","Odhadovan\u00e1 doba \u010dten\u00ed":"3 minuty"},"schema":{"@context":"https:\/\/schema.org","@graph":[{"@type":"Article","@id":"https:\/\/v2charge.com\/cs\/nabije-ky-v2c-pr-kopnici-v-realnem-ase-znalosti-stavu-elektricke-sit-ve-francii\/#article","isPartOf":{"@id":"https:\/\/v2charge.com\/cs\/nabije-ky-v2c-pr-kopnici-v-realnem-ase-znalosti-stavu-elektricke-sit-ve-francii\/"},"author":{"name":"V2C","@id":"https:\/\/v2charge.com\/cs\/#\/schema\/person\/d6f210a94a856acdddec347b2127fd0f"},"headline":"V2C nab\u00edje\u010dky, pr\u016fkopn\u00edci v re\u00e1ln\u00e9m \u010dase znalost\u00ed o stavu francouzsk\u00e9 elektrick\u00e9 s\u00edt\u011b","datePublished":"2024-11-26T06:45:00+00:00","dateModified":"2026-04-25T17:11:59+00:00","mainEntityOfPage":{"@id":"https:\/\/v2charge.com\/cs\/nabije-ky-v2c-pr-kopnici-v-realnem-ase-znalosti-stavu-elektricke-sit-ve-francii\/"},"wordCount":588,"publisher":{"@id":"https:\/\/v2charge.com\/cs\/#organization"},"image":{"@id":"https:\/\/v2charge.com\/cs\/nabije-ky-v2c-pr-kopnici-v-realnem-ase-znalosti-stavu-elektricke-sit-ve-francii\/#primaryimage"},"thumbnailUrl":"https:\/\/v2charge.com\/wp-content\/uploads\/2024\/11\/v2c-ecowatt.jpg","inLanguage":"cs"},{"@type":"WebPage","@id":"https:\/\/v2charge.com\/cs\/nabije-ky-v2c-pr-kopnici-v-realnem-ase-znalosti-stavu-elektricke-sit-ve-francii\/","url":"https:\/\/v2charge.com\/cs\/nabije-ky-v2c-pr-kopnici-v-realnem-ase-znalosti-stavu-elektricke-sit-ve-francii\/","name":"V2C integruje EcoWatt do nab\u00edje\u010dek Trydan a Trydan Pro","isPartOf":{"@id":"https:\/\/v2charge.com\/cs\/#website"},"primaryImageOfPage":{"@id":"https:\/\/v2charge.com\/cs\/nabije-ky-v2c-pr-kopnici-v-realnem-ase-znalosti-stavu-elektricke-sit-ve-francii\/#primaryimage"},"image":{"@id":"https:\/\/v2charge.com\/cs\/nabije-ky-v2c-pr-kopnici-v-realnem-ase-znalosti-stavu-elektricke-sit-ve-francii\/#primaryimage"},"thumbnailUrl":"https:\/\/v2charge.com\/wp-content\/uploads\/2024\/11\/v2c-ecowatt.jpg","datePublished":"2024-11-26T06:45:00+00:00","dateModified":"2026-04-25T17:11:59+00:00","description":"V2C revolu\u010dn\u00edm zp\u016fsobem m\u011bn\u00ed elektrickou mobilitu se sv\u00fdmi nab\u00edje\u010dkami, kter\u00e9 nyn\u00ed dok\u00e1\u017eou sledovat v re\u00e1ln\u00e9m \u010dase stav francouzsk\u00e9 elektrick\u00e9 s\u00edt\u011b d\u00edky EcoWatt.","breadcrumb":{"@id":"https:\/\/v2charge.com\/cs\/nabije-ky-v2c-pr-kopnici-v-realnem-ase-znalosti-stavu-elektricke-sit-ve-francii\/#breadcrumb"},"inLanguage":"cs","potentialAction":[{"@type":"ReadAction","target":["https:\/\/v2charge.com\/cs\/nabije-ky-v2c-pr-kopnici-v-realnem-ase-znalosti-stavu-elektricke-sit-ve-francii\/"]}]},{"@type":"ImageObject","inLanguage":"cs","@id":"https:\/\/v2charge.com\/cs\/nabije-ky-v2c-pr-kopnici-v-realnem-ase-znalosti-stavu-elektricke-sit-ve-francii\/#primaryimage","url":"https:\/\/v2charge.com\/wp-content\/uploads\/2024\/11\/v2c-ecowatt.jpg","contentUrl":"https:\/\/v2charge.com\/wp-content\/uploads\/2024\/11\/v2c-ecowatt.jpg","width":960,"height":560},{"@type":"BreadcrumbList","@id":"https:\/\/v2charge.com\/cs\/nabije-ky-v2c-pr-kopnici-v-realnem-ase-znalosti-stavu-elektricke-sit-ve-francii\/#breadcrumb","itemListElement":[{"@type":"ListItem","position":1,"name":"V2C","item":"https:\/\/v2charge.com\/cs\/"},{"@type":"ListItem","position":2,"name":"Nab\u00edje\u010dky V2C, pr\u016fkopn\u00edci v re\u00e1ln\u00e9m \u010dase znalosti stavu elektrick\u00e9 s\u00edt\u011b ve Francii"}]},{"@type":"WebSite","@id":"https:\/\/v2charge.com\/cs\/#website","url":"https:\/\/v2charge.com\/cs\/","name":"V2C","description":"#CargandoElMa\u00f1ana","publisher":{"@id":"https:\/\/v2charge.com\/cs\/#organization"},"potentialAction":[{"@type":"SearchAction","target":{"@type":"EntryPoint","urlTemplate":"https:\/\/v2charge.com\/cs\/?s={search_term_string}"},"query-input":{"@type":"PropertyValueSpecification","valueRequired":true,"valueName":"search_term_string"}}],"inLanguage":"cs"},{"@type":"Organization","@id":"https:\/\/v2charge.com\/cs\/#organization","name":"V2C","url":"https:\/\/v2charge.com\/cs\/","logo":{"@type":"ImageObject","inLanguage":"cs","@id":"https:\/\/v2charge.com\/cs\/#\/schema\/logo\/image\/","url":"https:\/\/v2charge.com\/wp-content\/uploads\/2024\/11\/cropped-v2c-charge-logo-menu.png","contentUrl":"https:\/\/v2charge.com\/wp-content\/uploads\/2024\/11\/cropped-v2c-charge-logo-menu.png","width":984,"height":431,"caption":"V2C"},"image":{"@id":"https:\/\/v2charge.com\/cs\/#\/schema\/logo\/image\/"},"sameAs":["https:\/\/www.facebook.com\/V2C.Charge","https:\/\/x.com\/V2C_Charge","https:\/\/www.instagram.com\/v2c.charge\/","https:\/\/www.youtube.com\/@V2C","https:\/\/www.linkedin.com\/company\/v2c-chargers\/"]},{"@type":"Person","@id":"https:\/\/v2charge.com\/cs\/#\/schema\/person\/d6f210a94a856acdddec347b2127fd0f","name":"V2C","image":{"@type":"ImageObject","inLanguage":"cs","@id":"https:\/\/v2charge.com\/cs\/#\/schema\/person\/image\/","url":"https:\/\/secure.gravatar.com\/avatar\/a91128c4c0d2f4d63bd586301fdec6cc9aa49c885839b25d1c62700f529f267c?s=96&d=mm&r=g","contentUrl":"https:\/\/secure.gravatar.com\/avatar\/a91128c4c0d2f4d63bd586301fdec6cc9aa49c885839b25d1c62700f529f267c?s=96&d=mm&r=g","caption":"V2C"}}]}},"uagb_featured_image_src":{"full":["https:\/\/v2charge.com\/wp-content\/uploads\/2024\/11\/v2c-ecowatt.jpg",960,560,false],"thumbnail":["https:\/\/v2charge.com\/wp-content\/uploads\/2024\/11\/v2c-ecowatt-150x150.jpg",150,150,true],"medium":["https:\/\/v2charge.com\/wp-content\/uploads\/2024\/11\/v2c-ecowatt-300x175.jpg",300,175,true],"medium_large":["https:\/\/v2charge.com\/wp-content\/uploads\/2024\/11\/v2c-ecowatt-768x448.jpg",768,448,true],"large":["https:\/\/v2charge.com\/wp-content\/uploads\/2024\/11\/v2c-ecowatt.jpg",960,560,false],"gs-tiny":["https:\/\/v2charge.com\/wp-content\/uploads\/2024\/11\/v2c-ecowatt-50x29.jpg",50,29,true],"xl":["https:\/\/v2charge.com\/wp-content\/uploads\/2024\/11\/v2c-ecowatt.jpg",960,560,false],"xxl":["https:\/\/v2charge.com\/wp-content\/uploads\/2024\/11\/v2c-ecowatt.jpg",960,560,false],"xxxl":["https:\/\/v2charge.com\/wp-content\/uploads\/2024\/11\/v2c-ecowatt.jpg",960,560,false],"xxxxl":["https:\/\/v2charge.com\/wp-content\/uploads\/2024\/11\/v2c-ecowatt.jpg",960,560,false],"xxxxxl":["https:\/\/v2charge.com\/wp-content\/uploads\/2024\/11\/v2c-ecowatt.jpg",960,560,false],"1536x1536":["https:\/\/v2charge.com\/wp-content\/uploads\/2024\/11\/v2c-ecowatt.jpg",960,560,false],"2048x2048":["https:\/\/v2charge.com\/wp-content\/uploads\/2024\/11\/v2c-ecowatt.jpg",960,560,false]},"uagb_author_info":{"display_name":"V2C","author_link":"https:\/\/v2charge.com\/cs\/author\/marketing\/"},"uagb_comment_info":0,"uagb_excerpt":"Ve spole\u010dnosti V2C nad\u00e1le revolu\u010dn\u00edm zp\u016fsobem m\u011bn\u00edme sektor elektrick\u00e9 mobility s inovativn\u00edmi \u0159e\u0161en\u00edmi, kter\u00e1 nejen zjednodu\u0161uj\u00ed z\u00e1\u017eitek z nab\u00edjen\u00ed, ale tak\u00e9 podporuj\u00ed odpov\u011bdn\u00e9 vyu\u017e\u00edv\u00e1n\u00ed energie. S pot\u011b\u0161en\u00edm oznamujeme, \u017ee na\u0161e nab\u00edje\u010dky Trydan a Trydan Pro jsou prvn\u00edmi na francouzsk\u00e9m trhu, kter\u00e9 znaj\u00ed sign\u00e1ly elektrick\u00e9 s\u00edt\u011b v re\u00e1ln\u00e9m \u010dase, d\u00edky na\u0161\u00ed spolupr\u00e1ci se spole\u010dnost\u00ed EcoWatt, p\u0159edn\u00ed&hellip;","_links":{"self":[{"href":"https:\/\/v2charge.com\/cs\/wp-json\/wp\/v2\/posts\/318177","targetHints":{"allow":["GET"]}}],"collection":[{"href":"https:\/\/v2charge.com\/cs\/wp-json\/wp\/v2\/posts"}],"about":[{"href":"https:\/\/v2charge.com\/cs\/wp-json\/wp\/v2\/types\/post"}],"author":[{"embeddable":true,"href":"https:\/\/v2charge.com\/cs\/wp-json\/wp\/v2\/users\/400"}],"replies":[{"embeddable":true,"href":"https:\/\/v2charge.com\/cs\/wp-json\/wp\/v2\/comments?post=318177"}],"version-history":[{"count":0,"href":"https:\/\/v2charge.com\/cs\/wp-json\/wp\/v2\/posts\/318177\/revisions"}],"wp:featuredmedia":[{"embeddable":true,"href":"https:\/\/v2charge.com\/cs\/wp-json\/wp\/v2\/media\/190619"}],"wp:attachment":[{"href":"https:\/\/v2charge.com\/cs\/wp-json\/wp\/v2\/media?parent=318177"}],"wp:term":[{"taxonomy":"category","embeddable":true,"href":"https:\/\/v2charge.com\/cs\/wp-json\/wp\/v2\/categories?post=318177"},{"taxonomy":"post_tag","embeddable":true,"href":"https:\/\/v2charge.com\/cs\/wp-json\/wp\/v2\/tags?post=318177"}],"curies":[{"name":"wp","href":"https:\/\/api.w.org\/{rel}","templated":true}]}}