{"id":318191,"date":"2025-03-11T13:48:49","date_gmt":"2025-03-11T11:48:49","guid":{"rendered":""},"modified":"2026-04-25T19:11:33","modified_gmt":"2026-04-25T19:11:33","slug":"v2c-a-key-energy-2025-nov-usp-ch-ve-znameni-udr-itelne-mobility","status":"publish","type":"post","link":"https:\/\/v2charge.com\/cs\/v2c-a-key-energy-2025-nov-usp-ch-ve-znameni-udr-itelne-mobility\/","title":{"rendered":"V2C na Key Energy 2025: nov\u00fd \u00fasp\u011bch na cest\u011b k udr\u017eiteln\u00e9 mobilit\u011b"},"content":{"rendered":"<p>Dal\u0161\u00ed rok se <strong>V2C<\/strong> s nad\u0161en\u00edm z\u00fa\u010dastnil <strong>Key Energy 2025<\/strong>, nejd\u016fle\u017eit\u011bj\u0161\u00ed akce v It\u00e1lii v\u011bnovan\u00e9 <strong>energetick\u00e9 transformaci<\/strong>, <strong>udr\u017eiteln\u00e9 mobilit\u011b<\/strong> a <strong>infrastruktur\u00e1m pro nab\u00edjen\u00ed elektrick\u00fdch vozidel<\/strong>. Po velk\u00e9m \u00fasp\u011bchu lo\u0148sk\u00e9ho roku se na\u0161e p\u0159\u00edtomnost na t\u00e9to edici je\u0161t\u011b v\u00edce pos\u00edlila, \u010d\u00edm\u017e jsme upevnili na\u0161i roli jako l\u00edd\u0159i v oblasti <strong>\u0159e\u0161en\u00ed nab\u00edjen\u00ed pro elektrick\u00e1 vozidla<\/strong>.<\/p>\n\n<p>Letos edice byla obzvl\u00e1\u0161\u0165 v\u00fdznamn\u00e1, nejen d\u00edky vysok\u00e9 n\u00e1v\u0161t\u011bvnosti na na\u0161em st\u00e1nku, ale tak\u00e9 d\u00edky cenn\u00e9 p\u0159\u00edle\u017eitosti <strong>osobn\u011b interagovat s na\u0161imi partnery<\/strong>, vym\u011bnit si p\u0159\u00edm\u00e9 zku\u0161enosti o pou\u017e\u00edv\u00e1n\u00ed na\u0161ich produkt\u016f a poznat nov\u00e9 profesion\u00e1ly v oboru. N\u00e1\u0161 t\u00fdm m\u011bl tu \u010dest p\u0159iv\u00edtat firmy, instalat\u00e9ry, design\u00e9ry a jednotlivce, kte\u0159\u00ed m\u011bli z\u00e1jem objevit na\u0161e <strong>nejnov\u011bj\u0161\u00ed technologick\u00e9 inovace v oblasti elektrick\u00e9ho nab\u00edjen\u00ed<\/strong>.<\/p>\n\n<p>Atmosf\u00e9ra na <strong>Rimini Fiera<\/strong> odr\u00e1\u017eela neust\u00e1l\u00fd r\u016fst sektoru, zd\u016fraz\u0148uj\u00edc\u00ed st\u00e1le v\u011bt\u0161\u00ed pov\u011bdom\u00ed o d\u016fle\u017eitosti m\u00edt <strong>efektivn\u00ed a inteligentn\u00ed nab\u00edjec\u00ed infrastruktury<\/strong>.<\/p>\n\n\n<iframe src=\"https:\/\/www.linkedin.com\/embed\/feed\/update\/urn:li:ugcPost:7303804645255086080?compact=1\" height=\"420\" width=\"960\" frameborder=\"0\" allowfullscreen=\"\" title=\"Publicaci\u00f3n integrada\"><\/iframe>\n\n\n\n<p><\/p>\n\n\n<h2 class=\"wp-block-heading\">Prostor pro setk\u00e1n\u00ed a nov\u00e9 spolupr\u00e1ce<\/h2>\n\n<p>V\u00fdstava byla mimo\u0159\u00e1dnou p\u0159\u00edle\u017eitost\u00ed pro <strong>pos\u00edlen\u00ed vztah\u016f s na\u0161imi partnery a historick\u00fdmi spolupracovn\u00edky<\/strong>, kte\u0159\u00ed sd\u00edleli sv\u00e9 zku\u0161enosti s pou\u017e\u00edv\u00e1n\u00edm na\u0161ich nab\u00edje\u010dek a jejich dopadem na trh. Tyto v\u00fdm\u011bny byly z\u00e1sadn\u00ed pro shrom\u00e1\u017ed\u011bn\u00ed <strong>cenn\u00e9 zp\u011btn\u00e9 vazby<\/strong>, kl\u00ed\u010dov\u00e9 pro neust\u00e1l\u00e9 zlep\u0161ov\u00e1n\u00ed na\u0161ich \u0159e\u0161en\u00ed.<\/p>\n\n<p>Krom\u011b toho jsme m\u011bli tu \u010dest <strong>zah\u00e1jit nov\u00e1 partnerstv\u00ed<\/strong> s firmami a profesion\u00e1ly, kte\u0159\u00ed maj\u00ed z\u00e1jem st\u00e1t se sou\u010d\u00e1st\u00ed na\u0161eho ekosyst\u00e9mu, co\u017e potvrzuje, \u017ee <strong>trh elektrick\u00e9 mobility<\/strong> je neust\u00e1le v expanze a popt\u00e1vka po <strong>inovativn\u00edch nab\u00edjec\u00edch \u0159e\u0161en\u00edch<\/strong> st\u00e1le roste.<\/p>\n\n<h2 class=\"wp-block-heading\">Novinky V2C p\u0159edstaven\u00e9 na Key Energy 2025<\/h2>\n\n<p>Jedn\u00edm z nejo\u010dek\u00e1van\u011bj\u0161\u00edch okam\u017eik\u016f byla prezentace na\u0161ich <strong>novinek v produktech<\/strong>, navr\u017een\u00fdch tak, aby vyhovovaly pot\u0159eb\u00e1m neust\u00e1le se vyv\u00edjej\u00edc\u00edho trhu. Tyto inovace p\u0159edstavuj\u00ed z\u00e1sadn\u00ed krok sm\u011brem k <strong>efektivn\u011bj\u0161\u00ed, inteligentn\u011bj\u0161\u00ed a udr\u017eiteln\u011bj\u0161\u00ed<\/strong> budoucnosti v oblasti <strong>nab\u00edjen\u00ed elektrick\u00fdch vozidel<\/strong>. N\u00e1\u0161 z\u00e1vazek je jasn\u00fd: nab\u00edzet pokro\u010dil\u00e1 \u0159e\u0161en\u00ed, kter\u00e1 usnadn\u00ed p\u0159echod k <strong>p\u0159\u00edstupn\u011bj\u0161\u00ed a efektivn\u011bj\u0161\u00ed elektrick\u00e9 mobilit\u011b<\/strong>.<\/p>\n\n\t\t\t\t\t<div\n\t\t\t\t\t\tclass=\"wp-block-uagb-image-gallery uagb-block-efee850b no-padding    \"\n\t\t\t\t\t\tstyle=\"\"\n\t\t\t\t\t>\n\t\t\t\t\t\t\t\t\t\t\t<div class=\"spectra-image-gallery spectra-image-gallery__layout--masonry spectra-image-gallery__layout--masonry-col-2 spectra-image-gallery__layout--masonry-col-tab-4 spectra-image-gallery__layout--masonry-col-mob-4\">\n\t\t\t\t\t\t\t\t\t\t\t<div class='spectra-image-gallery__media-wrapper--isotope'>\n\t\t\t\t\t\t\t<div class='spectra-image-gallery__media-wrapper' data-spectra-gallery-image-id='209639' tabindex=\"0\">\n\t\t\t\t\t\t\t<div class=\"spectra-image-gallery__media spectra-image-gallery__media--masonry\">\n\t\t\t\t<picture>\n\t\t\t\t\t<source media=\"(min-width: 1024px)\" srcset=\"https:\/\/v2charge.com\/wp-content\/uploads\/2025\/03\/stand-key-energy-2025.jpg\">\n\t\t\t\t\t<source media=\"(min-width: 768px)\" srcset=\"https:\/\/v2charge.com\/wp-content\/uploads\/2025\/03\/stand-key-energy-2025.jpg\">\n\t\t\t\t\t<img decoding=\"async\" class=\"spectra-image-gallery__media-thumbnail spectra-image-gallery__media-thumbnail--masonry\" src=\"https:\/\/v2charge.com\/wp-content\/uploads\/2025\/03\/stand-key-energy-2025-300x175.jpg\" alt=\"\" loading=\"lazy\" \/>\n\t\t\t\t<\/picture>\n\t\t\t\t<div class=\"spectra-image-gallery__media-thumbnail-blurrer\"><\/div>\n\t\t\t\t\t\t\t\t\t\t\t<div class=\"spectra-image-gallery__media-thumbnail-caption-wrapper spectra-image-gallery__media-thumbnail-caption-wrapper--overlay\"><\/div>\n\t\t\t\t\t\t\t\t<\/div>\n\t\t\t\t\t\t<\/div>\n\t\t\t\t\t\t<\/div>\n\t\t\t\t\t\t<div class='spectra-image-gallery__media-wrapper--isotope'>\n\t\t\t\t\t\t\t<div class='spectra-image-gallery__media-wrapper' data-spectra-gallery-image-id='209672' tabindex=\"0\">\n\t\t\t\t\t\t\t<div class=\"spectra-image-gallery__media spectra-image-gallery__media--masonry\">\n\t\t\t\t<picture>\n\t\t\t\t\t<source media=\"(min-width: 1024px)\" srcset=\"https:\/\/v2charge.com\/wp-content\/uploads\/2025\/03\/key-energy-italia.jpg\">\n\t\t\t\t\t<source media=\"(min-width: 768px)\" srcset=\"https:\/\/v2charge.com\/wp-content\/uploads\/2025\/03\/key-energy-italia.jpg\">\n\t\t\t\t\t<img decoding=\"async\" class=\"spectra-image-gallery__media-thumbnail spectra-image-gallery__media-thumbnail--masonry\" src=\"https:\/\/v2charge.com\/wp-content\/uploads\/2025\/03\/key-energy-italia-300x175.jpg\" alt=\"\" loading=\"lazy\" \/>\n\t\t\t\t<\/picture>\n\t\t\t\t<div class=\"spectra-image-gallery__media-thumbnail-blurrer\"><\/div>\n\t\t\t\t\t\t\t\t\t\t\t<div class=\"spectra-image-gallery__media-thumbnail-caption-wrapper spectra-image-gallery__media-thumbnail-caption-wrapper--overlay\"><\/div>\n\t\t\t\t\t\t\t\t<\/div>\n\t\t\t\t\t\t<\/div>\n\t\t\t\t\t\t<\/div>\n\t\t\t\t\t\t<div class='spectra-image-gallery__media-wrapper--isotope'>\n\t\t\t\t\t\t\t<div class='spectra-image-gallery__media-wrapper' data-spectra-gallery-image-id='209650' tabindex=\"0\">\n\t\t\t\t\t\t\t<div class=\"spectra-image-gallery__media spectra-image-gallery__media--masonry\">\n\t\t\t\t<picture>\n\t\t\t\t\t<source media=\"(min-width: 1024px)\" srcset=\"https:\/\/v2charge.com\/wp-content\/uploads\/2025\/03\/v2c-key-energy-2025.jpg\">\n\t\t\t\t\t<source media=\"(min-width: 768px)\" srcset=\"https:\/\/v2charge.com\/wp-content\/uploads\/2025\/03\/v2c-key-energy-2025.jpg\">\n\t\t\t\t\t<img decoding=\"async\" class=\"spectra-image-gallery__media-thumbnail spectra-image-gallery__media-thumbnail--masonry\" src=\"https:\/\/v2charge.com\/wp-content\/uploads\/2025\/03\/v2c-key-energy-2025-300x175.jpg\" alt=\"\" loading=\"lazy\" \/>\n\t\t\t\t<\/picture>\n\t\t\t\t<div class=\"spectra-image-gallery__media-thumbnail-blurrer\"><\/div>\n\t\t\t\t\t\t\t\t\t\t\t<div class=\"spectra-image-gallery__media-thumbnail-caption-wrapper spectra-image-gallery__media-thumbnail-caption-wrapper--overlay\"><\/div>\n\t\t\t\t\t\t\t\t<\/div>\n\t\t\t\t\t\t<\/div>\n\t\t\t\t\t\t<\/div>\n\t\t\t\t\t\t<div class='spectra-image-gallery__media-wrapper--isotope'>\n\t\t\t\t\t\t\t<div class='spectra-image-gallery__media-wrapper' data-spectra-gallery-image-id='209661' tabindex=\"0\">\n\t\t\t\t\t\t\t<div class=\"spectra-image-gallery__media spectra-image-gallery__media--masonry\">\n\t\t\t\t<picture>\n\t\t\t\t\t<source media=\"(min-width: 1024px)\" srcset=\"https:\/\/v2charge.com\/wp-content\/uploads\/2025\/03\/key-energy-2025.jpg\">\n\t\t\t\t\t<source media=\"(min-width: 768px)\" srcset=\"https:\/\/v2charge.com\/wp-content\/uploads\/2025\/03\/key-energy-2025.jpg\">\n\t\t\t\t\t<img decoding=\"async\" class=\"spectra-image-gallery__media-thumbnail spectra-image-gallery__media-thumbnail--masonry\" src=\"https:\/\/v2charge.com\/wp-content\/uploads\/2025\/03\/key-energy-2025-300x175.jpg\" alt=\"\" loading=\"lazy\" \/>\n\t\t\t\t<\/picture>\n\t\t\t\t<div class=\"spectra-image-gallery__media-thumbnail-blurrer\"><\/div>\n\t\t\t\t\t\t\t\t\t\t\t<div class=\"spectra-image-gallery__media-thumbnail-caption-wrapper spectra-image-gallery__media-thumbnail-caption-wrapper--overlay\"><\/div>\n\t\t\t\t\t\t\t\t<\/div>\n\t\t\t\t\t\t<\/div>\n\t\t\t\t\t\t<\/div>\n\t\t\t\t\t\t\t\t\t\t<\/div>\n\t\t\t\t\t\t\t\t\t\t\t\t\t\t\t\t\t\t<\/div>\n\t\t\t\t\t\t\t\t\t","protected":false},"excerpt":{"rendered":"<p>Dal\u0161\u00ed rok se V2C s nad\u0161en\u00edm z\u00fa\u010dastnil Key Energy 2025, nejd\u016fle\u017eit\u011bj\u0161\u00ed akce v It\u00e1lii v\u011bnovan\u00e9 energetick\u00e9 transformaci, udr\u017eiteln\u00e9 mobilit\u011b a infrastruktur\u00e1m pro nab\u00edjen\u00ed elektrick\u00fdch vozidel. Po velk\u00e9m \u00fasp\u011bchu lo\u0148sk\u00e9ho roku se na\u0161e p\u0159\u00edtomnost na t\u00e9to edici je\u0161t\u011b v\u00edce pos\u00edlila, \u010d\u00edm\u017e jsme upevnili na\u0161i roli jako l\u00edd\u0159i v oblasti \u0159e\u0161en\u00ed nab\u00edjen\u00ed pro elektrick\u00e1 vozidla. Letos edice &#8230; <a title=\"V2C na Key Energy 2025: nov\u00fd \u00fasp\u011bch na cest\u011b k udr\u017eiteln\u00e9 mobilit\u011b\" class=\"read-more\" href=\"https:\/\/v2charge.com\/cs\/v2c-a-key-energy-2025-nov-usp-ch-ve-znameni-udr-itelne-mobility\/\" aria-label=\"Read more about V2C na Key Energy 2025: nov\u00fd \u00fasp\u011bch na cest\u011b k udr\u017eiteln\u00e9 mobilit\u011b\">\u010c\u00edst d\u00e1l<\/a><\/p>\n","protected":false},"author":400,"featured_media":209639,"comment_status":"closed","ping_status":"closed","sticky":false,"template":"","format":"standard","meta":{"_eb_attr":"","content-type":"","_uag_custom_page_level_css":".no-padding{\n\tpadding-top: 1em!important;\n}","footnotes":""},"categories":[],"tags":[],"class_list":["post-318191","post","type-post","status-publish","format-standard","has-post-thumbnail","hentry"],"yoast_head":"<!-- This site is optimized with the Yoast SEO plugin v25.3.1 - https:\/\/yoast.com\/wordpress\/plugins\/seo\/ -->\n<title>V2C a Key Energy 2025: inovace a nov\u00e1 spolupr\u00e1ce<\/title>\n<meta name=\"description\" content=\"V2C a Key Energy 2025 s nov\u00fdmi \u0159e\u0161en\u00edmi pro elektrick\u00e9 nab\u00edjen\u00ed. Objevte novinky, spolupr\u00e1ce a \u00fasp\u011bch akce!\" \/>\n<meta name=\"robots\" content=\"index, follow, max-snippet:-1, max-image-preview:large, max-video-preview:-1\" \/>\n<link rel=\"canonical\" href=\"https:\/\/v2charge.com\/cs\/v2c-a-key-energy-2025-nov-usp-ch-ve-znameni-udr-itelne-mobility\/\" \/>\n<meta property=\"og:locale\" content=\"cs_CZ\" \/>\n<meta property=\"og:type\" content=\"article\" \/>\n<meta property=\"og:title\" content=\"V2C a Key Energy 2025: inovace a nov\u00e1 spolupr\u00e1ce\" \/>\n<meta property=\"og:description\" content=\"V2C a Key Energy 2025 s nov\u00fdmi \u0159e\u0161en\u00edmi pro elektrick\u00e9 nab\u00edjen\u00ed. Objevte novinky, spolupr\u00e1ce a \u00fasp\u011bch akce!\" \/>\n<meta property=\"og:url\" content=\"https:\/\/v2charge.com\/cs\/v2c-a-key-energy-2025-nov-usp-ch-ve-znameni-udr-itelne-mobility\/\" \/>\n<meta property=\"og:site_name\" content=\"V2C\" \/>\n<meta property=\"article:publisher\" content=\"https:\/\/www.facebook.com\/V2C.Charge\" \/>\n<meta property=\"article:published_time\" content=\"2025-03-11T11:48:49+00:00\" \/>\n<meta property=\"article:modified_time\" content=\"2026-04-25T19:11:33+00:00\" \/>\n<meta property=\"og:image\" content=\"https:\/\/v2charge.com\/wp-content\/uploads\/2025\/03\/stand-key-energy-2025.jpg\" \/>\n\t<meta property=\"og:image:width\" content=\"960\" \/>\n\t<meta property=\"og:image:height\" content=\"560\" \/>\n\t<meta property=\"og:image:type\" content=\"image\/jpeg\" \/>\n<meta name=\"author\" content=\"V2C\" \/>\n<meta name=\"twitter:card\" content=\"summary_large_image\" \/>\n<meta name=\"twitter:creator\" content=\"@V2C_Charge\" \/>\n<meta name=\"twitter:site\" content=\"@V2C_Charge\" \/>\n<meta name=\"twitter:label1\" content=\"Napsal(a)\" \/>\n\t<meta name=\"twitter:data1\" content=\"V2C\" \/>\n\t<meta name=\"twitter:label2\" content=\"Odhadovan\u00e1 doba \u010dten\u00ed\" \/>\n\t<meta name=\"twitter:data2\" content=\"2 minuty\" \/>\n<script type=\"application\/ld+json\" class=\"yoast-schema-graph\">{\"@context\":\"https:\/\/schema.org\",\"@graph\":[{\"@type\":\"Article\",\"@id\":\"https:\/\/v2charge.com\/cs\/v2c-a-key-energy-2025-nov-usp-ch-ve-znameni-udr-itelne-mobility\/#article\",\"isPartOf\":{\"@id\":\"https:\/\/v2charge.com\/cs\/v2c-a-key-energy-2025-nov-usp-ch-ve-znameni-udr-itelne-mobility\/\"},\"author\":{\"name\":\"V2C\",\"@id\":\"https:\/\/v2charge.com\/cs\/#\/schema\/person\/d6f210a94a856acdddec347b2127fd0f\"},\"headline\":\"V2C na Key Energy 2025: nov\u00fd \u00fasp\u011bch na cest\u011b k udr\u017eiteln\u00e9 mobilit\u011b\",\"datePublished\":\"2025-03-11T11:48:49+00:00\",\"dateModified\":\"2026-04-25T19:11:33+00:00\",\"mainEntityOfPage\":{\"@id\":\"https:\/\/v2charge.com\/cs\/v2c-a-key-energy-2025-nov-usp-ch-ve-znameni-udr-itelne-mobility\/\"},\"wordCount\":441,\"publisher\":{\"@id\":\"https:\/\/v2charge.com\/cs\/#organization\"},\"image\":{\"@id\":\"https:\/\/v2charge.com\/cs\/v2c-a-key-energy-2025-nov-usp-ch-ve-znameni-udr-itelne-mobility\/#primaryimage\"},\"thumbnailUrl\":\"https:\/\/v2charge.com\/wp-content\/uploads\/2025\/03\/stand-key-energy-2025.jpg\",\"inLanguage\":\"cs\"},{\"@type\":\"WebPage\",\"@id\":\"https:\/\/v2charge.com\/cs\/v2c-a-key-energy-2025-nov-usp-ch-ve-znameni-udr-itelne-mobility\/\",\"url\":\"https:\/\/v2charge.com\/cs\/v2c-a-key-energy-2025-nov-usp-ch-ve-znameni-udr-itelne-mobility\/\",\"name\":\"V2C a Key Energy 2025: inovace a nov\u00e1 spolupr\u00e1ce\",\"isPartOf\":{\"@id\":\"https:\/\/v2charge.com\/cs\/#website\"},\"primaryImageOfPage\":{\"@id\":\"https:\/\/v2charge.com\/cs\/v2c-a-key-energy-2025-nov-usp-ch-ve-znameni-udr-itelne-mobility\/#primaryimage\"},\"image\":{\"@id\":\"https:\/\/v2charge.com\/cs\/v2c-a-key-energy-2025-nov-usp-ch-ve-znameni-udr-itelne-mobility\/#primaryimage\"},\"thumbnailUrl\":\"https:\/\/v2charge.com\/wp-content\/uploads\/2025\/03\/stand-key-energy-2025.jpg\",\"datePublished\":\"2025-03-11T11:48:49+00:00\",\"dateModified\":\"2026-04-25T19:11:33+00:00\",\"description\":\"V2C a Key Energy 2025 s nov\u00fdmi \u0159e\u0161en\u00edmi pro elektrick\u00e9 nab\u00edjen\u00ed. Objevte novinky, spolupr\u00e1ce a \u00fasp\u011bch akce!\",\"breadcrumb\":{\"@id\":\"https:\/\/v2charge.com\/cs\/v2c-a-key-energy-2025-nov-usp-ch-ve-znameni-udr-itelne-mobility\/#breadcrumb\"},\"inLanguage\":\"cs\",\"potentialAction\":[{\"@type\":\"ReadAction\",\"target\":[\"https:\/\/v2charge.com\/cs\/v2c-a-key-energy-2025-nov-usp-ch-ve-znameni-udr-itelne-mobility\/\"]}]},{\"@type\":\"ImageObject\",\"inLanguage\":\"cs\",\"@id\":\"https:\/\/v2charge.com\/cs\/v2c-a-key-energy-2025-nov-usp-ch-ve-znameni-udr-itelne-mobility\/#primaryimage\",\"url\":\"https:\/\/v2charge.com\/wp-content\/uploads\/2025\/03\/stand-key-energy-2025.jpg\",\"contentUrl\":\"https:\/\/v2charge.com\/wp-content\/uploads\/2025\/03\/stand-key-energy-2025.jpg\",\"width\":960,\"height\":560},{\"@type\":\"BreadcrumbList\",\"@id\":\"https:\/\/v2charge.com\/cs\/v2c-a-key-energy-2025-nov-usp-ch-ve-znameni-udr-itelne-mobility\/#breadcrumb\",\"itemListElement\":[{\"@type\":\"ListItem\",\"position\":1,\"name\":\"V2C\",\"item\":\"https:\/\/v2charge.com\/cs\/\"},{\"@type\":\"ListItem\",\"position\":2,\"name\":\"Notizie V2C\",\"item\":\"https:\/\/v2charge.com\/it\/notizie-v2c\/\"},{\"@type\":\"ListItem\",\"position\":3,\"name\":\"V2C a Key Energy 2025: nov\u00fd \u00fasp\u011bch ve znamen\u00ed udr\u017eiteln\u00e9 mobility\"}]},{\"@type\":\"WebSite\",\"@id\":\"https:\/\/v2charge.com\/cs\/#website\",\"url\":\"https:\/\/v2charge.com\/cs\/\",\"name\":\"V2C\",\"description\":\"#CargandoElMa\u00f1ana\",\"publisher\":{\"@id\":\"https:\/\/v2charge.com\/cs\/#organization\"},\"potentialAction\":[{\"@type\":\"SearchAction\",\"target\":{\"@type\":\"EntryPoint\",\"urlTemplate\":\"https:\/\/v2charge.com\/cs\/?s={search_term_string}\"},\"query-input\":{\"@type\":\"PropertyValueSpecification\",\"valueRequired\":true,\"valueName\":\"search_term_string\"}}],\"inLanguage\":\"cs\"},{\"@type\":\"Organization\",\"@id\":\"https:\/\/v2charge.com\/cs\/#organization\",\"name\":\"V2C\",\"url\":\"https:\/\/v2charge.com\/cs\/\",\"logo\":{\"@type\":\"ImageObject\",\"inLanguage\":\"cs\",\"@id\":\"https:\/\/v2charge.com\/cs\/#\/schema\/logo\/image\/\",\"url\":\"https:\/\/v2charge.com\/wp-content\/uploads\/2024\/11\/cropped-v2c-charge-logo-menu.png\",\"contentUrl\":\"https:\/\/v2charge.com\/wp-content\/uploads\/2024\/11\/cropped-v2c-charge-logo-menu.png\",\"width\":984,\"height\":431,\"caption\":\"V2C\"},\"image\":{\"@id\":\"https:\/\/v2charge.com\/cs\/#\/schema\/logo\/image\/\"},\"sameAs\":[\"https:\/\/www.facebook.com\/V2C.Charge\",\"https:\/\/x.com\/V2C_Charge\",\"https:\/\/www.instagram.com\/v2c.charge\/\",\"https:\/\/www.youtube.com\/@V2C\",\"https:\/\/www.linkedin.com\/company\/v2c-chargers\/\"]},{\"@type\":\"Person\",\"@id\":\"https:\/\/v2charge.com\/cs\/#\/schema\/person\/d6f210a94a856acdddec347b2127fd0f\",\"name\":\"V2C\",\"image\":{\"@type\":\"ImageObject\",\"inLanguage\":\"cs\",\"@id\":\"https:\/\/v2charge.com\/cs\/#\/schema\/person\/image\/\",\"url\":\"https:\/\/secure.gravatar.com\/avatar\/a91128c4c0d2f4d63bd586301fdec6cc9aa49c885839b25d1c62700f529f267c?s=96&d=mm&r=g\",\"contentUrl\":\"https:\/\/secure.gravatar.com\/avatar\/a91128c4c0d2f4d63bd586301fdec6cc9aa49c885839b25d1c62700f529f267c?s=96&d=mm&r=g\",\"caption\":\"V2C\"}}]}<\/script>\n<!-- \/ Yoast SEO plugin. -->","yoast_head_json":{"title":"V2C a Key Energy 2025: inovace a nov\u00e1 spolupr\u00e1ce","description":"V2C a Key Energy 2025 s nov\u00fdmi \u0159e\u0161en\u00edmi pro elektrick\u00e9 nab\u00edjen\u00ed. Objevte novinky, spolupr\u00e1ce a \u00fasp\u011bch akce!","robots":{"index":"index","follow":"follow","max-snippet":"max-snippet:-1","max-image-preview":"max-image-preview:large","max-video-preview":"max-video-preview:-1"},"canonical":"https:\/\/v2charge.com\/cs\/v2c-a-key-energy-2025-nov-usp-ch-ve-znameni-udr-itelne-mobility\/","og_locale":"cs_CZ","og_type":"article","og_title":"V2C a Key Energy 2025: inovace a nov\u00e1 spolupr\u00e1ce","og_description":"V2C a Key Energy 2025 s nov\u00fdmi \u0159e\u0161en\u00edmi pro elektrick\u00e9 nab\u00edjen\u00ed. Objevte novinky, spolupr\u00e1ce a \u00fasp\u011bch akce!","og_url":"https:\/\/v2charge.com\/cs\/v2c-a-key-energy-2025-nov-usp-ch-ve-znameni-udr-itelne-mobility\/","og_site_name":"V2C","article_publisher":"https:\/\/www.facebook.com\/V2C.Charge","article_published_time":"2025-03-11T11:48:49+00:00","article_modified_time":"2026-04-25T19:11:33+00:00","og_image":[{"width":960,"height":560,"url":"https:\/\/v2charge.com\/wp-content\/uploads\/2025\/03\/stand-key-energy-2025.jpg","type":"image\/jpeg"}],"author":"V2C","twitter_card":"summary_large_image","twitter_creator":"@V2C_Charge","twitter_site":"@V2C_Charge","twitter_misc":{"Napsal(a)":"V2C","Odhadovan\u00e1 doba \u010dten\u00ed":"2 minuty"},"schema":{"@context":"https:\/\/schema.org","@graph":[{"@type":"Article","@id":"https:\/\/v2charge.com\/cs\/v2c-a-key-energy-2025-nov-usp-ch-ve-znameni-udr-itelne-mobility\/#article","isPartOf":{"@id":"https:\/\/v2charge.com\/cs\/v2c-a-key-energy-2025-nov-usp-ch-ve-znameni-udr-itelne-mobility\/"},"author":{"name":"V2C","@id":"https:\/\/v2charge.com\/cs\/#\/schema\/person\/d6f210a94a856acdddec347b2127fd0f"},"headline":"V2C na Key Energy 2025: nov\u00fd \u00fasp\u011bch na cest\u011b k udr\u017eiteln\u00e9 mobilit\u011b","datePublished":"2025-03-11T11:48:49+00:00","dateModified":"2026-04-25T19:11:33+00:00","mainEntityOfPage":{"@id":"https:\/\/v2charge.com\/cs\/v2c-a-key-energy-2025-nov-usp-ch-ve-znameni-udr-itelne-mobility\/"},"wordCount":441,"publisher":{"@id":"https:\/\/v2charge.com\/cs\/#organization"},"image":{"@id":"https:\/\/v2charge.com\/cs\/v2c-a-key-energy-2025-nov-usp-ch-ve-znameni-udr-itelne-mobility\/#primaryimage"},"thumbnailUrl":"https:\/\/v2charge.com\/wp-content\/uploads\/2025\/03\/stand-key-energy-2025.jpg","inLanguage":"cs"},{"@type":"WebPage","@id":"https:\/\/v2charge.com\/cs\/v2c-a-key-energy-2025-nov-usp-ch-ve-znameni-udr-itelne-mobility\/","url":"https:\/\/v2charge.com\/cs\/v2c-a-key-energy-2025-nov-usp-ch-ve-znameni-udr-itelne-mobility\/","name":"V2C a Key Energy 2025: inovace a nov\u00e1 spolupr\u00e1ce","isPartOf":{"@id":"https:\/\/v2charge.com\/cs\/#website"},"primaryImageOfPage":{"@id":"https:\/\/v2charge.com\/cs\/v2c-a-key-energy-2025-nov-usp-ch-ve-znameni-udr-itelne-mobility\/#primaryimage"},"image":{"@id":"https:\/\/v2charge.com\/cs\/v2c-a-key-energy-2025-nov-usp-ch-ve-znameni-udr-itelne-mobility\/#primaryimage"},"thumbnailUrl":"https:\/\/v2charge.com\/wp-content\/uploads\/2025\/03\/stand-key-energy-2025.jpg","datePublished":"2025-03-11T11:48:49+00:00","dateModified":"2026-04-25T19:11:33+00:00","description":"V2C a Key Energy 2025 s nov\u00fdmi \u0159e\u0161en\u00edmi pro elektrick\u00e9 nab\u00edjen\u00ed. Objevte novinky, spolupr\u00e1ce a \u00fasp\u011bch akce!","breadcrumb":{"@id":"https:\/\/v2charge.com\/cs\/v2c-a-key-energy-2025-nov-usp-ch-ve-znameni-udr-itelne-mobility\/#breadcrumb"},"inLanguage":"cs","potentialAction":[{"@type":"ReadAction","target":["https:\/\/v2charge.com\/cs\/v2c-a-key-energy-2025-nov-usp-ch-ve-znameni-udr-itelne-mobility\/"]}]},{"@type":"ImageObject","inLanguage":"cs","@id":"https:\/\/v2charge.com\/cs\/v2c-a-key-energy-2025-nov-usp-ch-ve-znameni-udr-itelne-mobility\/#primaryimage","url":"https:\/\/v2charge.com\/wp-content\/uploads\/2025\/03\/stand-key-energy-2025.jpg","contentUrl":"https:\/\/v2charge.com\/wp-content\/uploads\/2025\/03\/stand-key-energy-2025.jpg","width":960,"height":560},{"@type":"BreadcrumbList","@id":"https:\/\/v2charge.com\/cs\/v2c-a-key-energy-2025-nov-usp-ch-ve-znameni-udr-itelne-mobility\/#breadcrumb","itemListElement":[{"@type":"ListItem","position":1,"name":"V2C","item":"https:\/\/v2charge.com\/cs\/"},{"@type":"ListItem","position":2,"name":"Notizie V2C","item":"https:\/\/v2charge.com\/it\/notizie-v2c\/"},{"@type":"ListItem","position":3,"name":"V2C a Key Energy 2025: nov\u00fd \u00fasp\u011bch ve znamen\u00ed udr\u017eiteln\u00e9 mobility"}]},{"@type":"WebSite","@id":"https:\/\/v2charge.com\/cs\/#website","url":"https:\/\/v2charge.com\/cs\/","name":"V2C","description":"#CargandoElMa\u00f1ana","publisher":{"@id":"https:\/\/v2charge.com\/cs\/#organization"},"potentialAction":[{"@type":"SearchAction","target":{"@type":"EntryPoint","urlTemplate":"https:\/\/v2charge.com\/cs\/?s={search_term_string}"},"query-input":{"@type":"PropertyValueSpecification","valueRequired":true,"valueName":"search_term_string"}}],"inLanguage":"cs"},{"@type":"Organization","@id":"https:\/\/v2charge.com\/cs\/#organization","name":"V2C","url":"https:\/\/v2charge.com\/cs\/","logo":{"@type":"ImageObject","inLanguage":"cs","@id":"https:\/\/v2charge.com\/cs\/#\/schema\/logo\/image\/","url":"https:\/\/v2charge.com\/wp-content\/uploads\/2024\/11\/cropped-v2c-charge-logo-menu.png","contentUrl":"https:\/\/v2charge.com\/wp-content\/uploads\/2024\/11\/cropped-v2c-charge-logo-menu.png","width":984,"height":431,"caption":"V2C"},"image":{"@id":"https:\/\/v2charge.com\/cs\/#\/schema\/logo\/image\/"},"sameAs":["https:\/\/www.facebook.com\/V2C.Charge","https:\/\/x.com\/V2C_Charge","https:\/\/www.instagram.com\/v2c.charge\/","https:\/\/www.youtube.com\/@V2C","https:\/\/www.linkedin.com\/company\/v2c-chargers\/"]},{"@type":"Person","@id":"https:\/\/v2charge.com\/cs\/#\/schema\/person\/d6f210a94a856acdddec347b2127fd0f","name":"V2C","image":{"@type":"ImageObject","inLanguage":"cs","@id":"https:\/\/v2charge.com\/cs\/#\/schema\/person\/image\/","url":"https:\/\/secure.gravatar.com\/avatar\/a91128c4c0d2f4d63bd586301fdec6cc9aa49c885839b25d1c62700f529f267c?s=96&d=mm&r=g","contentUrl":"https:\/\/secure.gravatar.com\/avatar\/a91128c4c0d2f4d63bd586301fdec6cc9aa49c885839b25d1c62700f529f267c?s=96&d=mm&r=g","caption":"V2C"}}]}},"uagb_featured_image_src":{"full":["https:\/\/v2charge.com\/wp-content\/uploads\/2025\/03\/stand-key-energy-2025.jpg",960,560,false],"thumbnail":["https:\/\/v2charge.com\/wp-content\/uploads\/2025\/03\/stand-key-energy-2025-150x150.jpg",150,150,true],"medium":["https:\/\/v2charge.com\/wp-content\/uploads\/2025\/03\/stand-key-energy-2025-300x175.jpg",300,175,true],"medium_large":["https:\/\/v2charge.com\/wp-content\/uploads\/2025\/03\/stand-key-energy-2025-768x448.jpg",768,448,true],"large":["https:\/\/v2charge.com\/wp-content\/uploads\/2025\/03\/stand-key-energy-2025.jpg",960,560,false],"gs-tiny":["https:\/\/v2charge.com\/wp-content\/uploads\/2025\/03\/stand-key-energy-2025-50x29.jpg",50,29,true],"xl":["https:\/\/v2charge.com\/wp-content\/uploads\/2025\/03\/stand-key-energy-2025.jpg",960,560,false],"xxl":["https:\/\/v2charge.com\/wp-content\/uploads\/2025\/03\/stand-key-energy-2025.jpg",960,560,false],"xxxl":["https:\/\/v2charge.com\/wp-content\/uploads\/2025\/03\/stand-key-energy-2025.jpg",960,560,false],"xxxxl":["https:\/\/v2charge.com\/wp-content\/uploads\/2025\/03\/stand-key-energy-2025.jpg",960,560,false],"xxxxxl":["https:\/\/v2charge.com\/wp-content\/uploads\/2025\/03\/stand-key-energy-2025.jpg",960,560,false],"1536x1536":["https:\/\/v2charge.com\/wp-content\/uploads\/2025\/03\/stand-key-energy-2025.jpg",960,560,false],"2048x2048":["https:\/\/v2charge.com\/wp-content\/uploads\/2025\/03\/stand-key-energy-2025.jpg",960,560,false]},"uagb_author_info":{"display_name":"V2C","author_link":"https:\/\/v2charge.com\/cs\/author\/marketing\/"},"uagb_comment_info":0,"uagb_excerpt":"Dal\u0161\u00ed rok se V2C s nad\u0161en\u00edm z\u00fa\u010dastnil Key Energy 2025, nejd\u016fle\u017eit\u011bj\u0161\u00ed akce v It\u00e1lii v\u011bnovan\u00e9 energetick\u00e9 transformaci, udr\u017eiteln\u00e9 mobilit\u011b a infrastruktur\u00e1m pro nab\u00edjen\u00ed elektrick\u00fdch vozidel. Po velk\u00e9m \u00fasp\u011bchu lo\u0148sk\u00e9ho roku se na\u0161e p\u0159\u00edtomnost na t\u00e9to edici je\u0161t\u011b v\u00edce pos\u00edlila, \u010d\u00edm\u017e jsme upevnili na\u0161i roli jako l\u00edd\u0159i v oblasti \u0159e\u0161en\u00ed nab\u00edjen\u00ed pro elektrick\u00e1 vozidla. Letos edice&hellip;","_links":{"self":[{"href":"https:\/\/v2charge.com\/cs\/wp-json\/wp\/v2\/posts\/318191","targetHints":{"allow":["GET"]}}],"collection":[{"href":"https:\/\/v2charge.com\/cs\/wp-json\/wp\/v2\/posts"}],"about":[{"href":"https:\/\/v2charge.com\/cs\/wp-json\/wp\/v2\/types\/post"}],"author":[{"embeddable":true,"href":"https:\/\/v2charge.com\/cs\/wp-json\/wp\/v2\/users\/400"}],"replies":[{"embeddable":true,"href":"https:\/\/v2charge.com\/cs\/wp-json\/wp\/v2\/comments?post=318191"}],"version-history":[{"count":0,"href":"https:\/\/v2charge.com\/cs\/wp-json\/wp\/v2\/posts\/318191\/revisions"}],"wp:featuredmedia":[{"embeddable":true,"href":"https:\/\/v2charge.com\/cs\/wp-json\/wp\/v2\/media\/209639"}],"wp:attachment":[{"href":"https:\/\/v2charge.com\/cs\/wp-json\/wp\/v2\/media?parent=318191"}],"wp:term":[{"taxonomy":"category","embeddable":true,"href":"https:\/\/v2charge.com\/cs\/wp-json\/wp\/v2\/categories?post=318191"},{"taxonomy":"post_tag","embeddable":true,"href":"https:\/\/v2charge.com\/cs\/wp-json\/wp\/v2\/tags?post=318191"}],"curies":[{"name":"wp","href":"https:\/\/api.w.org\/{rel}","templated":true}]}}