{"id":318246,"date":"2025-11-21T11:11:04","date_gmt":"2025-11-21T09:11:04","guid":{"rendered":""},"modified":"2026-04-25T16:44:49","modified_gmt":"2026-04-25T16:44:49","slug":"v2c-na-matelec-2025-t-i-nezapomenutelne-dny-se-komunitou-v2c","status":"publish","type":"post","link":"https:\/\/v2charge.com\/cs\/v2c-na-matelec-2025-t-i-nezapomenutelne-dny-se-komunitou-v2c\/","title":{"rendered":"V2C a MATELEC 2025: t\u0159i nezapomenuteln\u00e9 dny se spole\u010denstv\u00edm V2C"},"content":{"rendered":"<p data-start=\"388\" data-end=\"828\">Od 18. do 20. listopadu se konal <strong>IFEMA Madrid MATELEC<\/strong>, p\u0159edn\u00ed veletrh pro elektrick\u00fd a elektronick\u00fd sektor v r\u00e1mci Mezin\u00e1rodn\u00edho t\u00fddne elektrifikace a dekarbonizace. V V2C jsme pro\u017eili t\u0159i intenzivn\u00ed dny, b\u011bhem nich\u017e <strong>na\u0161e st\u00e1nky se staly m\u00edstem setk\u00e1n\u00ed<\/strong> pro instalat\u00e9ry, profesion\u00e1ly a nad\u0161ence elektrick\u00e9 mobility.<\/p>\n<h2 data-start=\"3456\" data-end=\"3501\">Komunita V2C op\u011bt hraje hlavn\u00ed roli: rozhovory, kter\u00e9 vytv\u00e1\u0159ej\u00ed vazby, a aliance, kter\u00e9 otev\u00edraj\u00ed cestu<\/h2>\n<p data-start=\"3503\" data-end=\"3661\">Jm\u00e9nem V2C <strong>chceme pod\u011bkovat velk\u00e9 komunit\u011b, kter\u00e1 n\u00e1s prov\u00e1z\u00ed ka\u017ed\u00fdm krokem a v ka\u017ed\u00e9 f\u00e1zi zna\u010dky<\/strong>. D\u011bkujeme v\u0161em, kte\u0159\u00ed si na\u0161li \u010das s n\u00e1mi mluvit a vytv\u00e1\u0159et dialog v na\u0161em st\u00e1nku, abychom se l\u00e9pe poznali, sd\u00edleli n\u00e1pady a vytv\u00e1\u0159eli skute\u010dn\u00e9 vazby.<\/p>\n<p data-start=\"3503\" data-end=\"3661\"><img decoding=\"async\" class=\"alignnone size-full wp-image-280989\" src=\"https:\/\/v2charge.com\/wp-content\/uploads\/2025\/11\/matelec-madrid-ifema-stand-2025.jpg\" alt=\"\" width=\"960\" height=\"560\" srcset=\"https:\/\/v2charge.com\/wp-content\/uploads\/2025\/11\/matelec-madrid-ifema-stand-2025.jpg 960w, https:\/\/v2charge.com\/wp-content\/uploads\/2025\/11\/matelec-madrid-ifema-stand-2025-300x175.jpg 300w, https:\/\/v2charge.com\/wp-content\/uploads\/2025\/11\/matelec-madrid-ifema-stand-2025-768x448.jpg 768w, https:\/\/v2charge.com\/wp-content\/uploads\/2025\/11\/matelec-madrid-ifema-stand-2025-50x29.jpg 50w\" sizes=\"(max-width: 960px) 100vw, 960px\" \/><\/p>\n<p data-start=\"3503\" data-end=\"3661\">Nav\u0161t\u00edvili n\u00e1s instalat\u00e9\u0159i, kte\u0159\u00ed n\u00e1m d\u016fv\u011b\u0159uj\u00ed, distributo\u0159i, s nimi\u017e jsme rostli v posledn\u00edch deseti letech, partne\u0159i, kte\u0159\u00ed se zam\u011b\u0159uj\u00ed na udr\u017eitelnost, a nov\u00ed profesion\u00e1lov\u00e9, kte\u0159\u00ed cht\u011bj\u00ed b\u00fdt sou\u010d\u00e1st\u00ed budoucnosti elektrick\u00e9 mobility spolu s n\u00e1mi. <strong>Tato podpora v ka\u017ed\u00e9m rozhovoru je jednou z nejlep\u0161\u00edch odm\u011bn, kter\u00e9 m\u016f\u017eeme obdr\u017eet.<\/strong><\/p>\n<p data-start=\"3503\" data-end=\"3661\"><img decoding=\"async\" class=\"alignnone size-full wp-image-280888\" src=\"https:\/\/v2charge.com\/wp-content\/uploads\/2025\/11\/matelec-madrid-ifema-stand.jpg\" alt=\"\" width=\"960\" height=\"560\" srcset=\"https:\/\/v2charge.com\/wp-content\/uploads\/2025\/11\/matelec-madrid-ifema-stand.jpg 960w, https:\/\/v2charge.com\/wp-content\/uploads\/2025\/11\/matelec-madrid-ifema-stand-300x175.jpg 300w, https:\/\/v2charge.com\/wp-content\/uploads\/2025\/11\/matelec-madrid-ifema-stand-768x448.jpg 768w, https:\/\/v2charge.com\/wp-content\/uploads\/2025\/11\/matelec-madrid-ifema-stand-50x29.jpg 50w\" sizes=\"(max-width: 960px) 100vw, 960px\" \/><\/p>\n<h2 data-start=\"1076\" data-end=\"1142\">Historick\u00e9 MATELEC pro sektor, kter\u00fd se rychle posouv\u00e1 vp\u0159ed<\/h2>\n<p data-start=\"2855\" data-end=\"2954\">Rozsah t\u00e9to edice MATELEC byl v\u00fdjime\u010dn\u00fd: v\u00edce ne\u017e <strong>550 vystavovatel\u016f<\/strong> a <strong>24 000 profesion\u00e1l\u016f<\/strong> ze 60 zem\u00ed. Tento st\u00e1l\u00fd p\u0159\u00edliv odborn\u00edk\u016f v oblasti energie, in\u017een\u00fdrstv\u00ed a mobility u\u010dinil ka\u017ed\u00fd den jedine\u010dnou p\u0159\u00edle\u017eitost\u00ed <strong>mluvit o skute\u010dn\u00fdch v\u00fdzv\u00e1ch v sektoru a o tom, jak technologie tyto v\u00fdzvy mohou \u0159e\u0161it<\/strong>.<\/p>\n<p data-start=\"2855\" data-end=\"2954\"><img decoding=\"async\" class=\"alignnone size-full wp-image-281000\" src=\"https:\/\/v2charge.com\/wp-content\/uploads\/2025\/11\/domoelectra-v2c-matelec-2025.jpg\" alt=\"\" width=\"960\" height=\"560\" srcset=\"https:\/\/v2charge.com\/wp-content\/uploads\/2025\/11\/domoelectra-v2c-matelec-2025.jpg 960w, https:\/\/v2charge.com\/wp-content\/uploads\/2025\/11\/domoelectra-v2c-matelec-2025-300x175.jpg 300w, https:\/\/v2charge.com\/wp-content\/uploads\/2025\/11\/domoelectra-v2c-matelec-2025-768x448.jpg 768w, https:\/\/v2charge.com\/wp-content\/uploads\/2025\/11\/domoelectra-v2c-matelec-2025-50x29.jpg 50w\" sizes=\"(max-width: 960px) 100vw, 960px\" \/><\/p>\n<p data-start=\"2855\" data-end=\"2954\">Uskute\u010dnili jsme strategick\u00e1 jedn\u00e1n\u00ed s distributory, energetick\u00fdmi spole\u010dnostmi, v\u00fdrobci technologi\u00ed a mezin\u00e1rodn\u00edmi partnery. Byly to <strong>setk\u00e1n\u00ed, kter\u00e1 ji\u017e vedou k nov\u00fdm spoluprac\u00edm<\/strong> a posiluj\u00ed na\u0161e z\u00e1vazky k podpo\u0159e interoperability, efektivity a dostupnosti.<\/p>\n<p data-start=\"2855\" data-end=\"2954\"><img decoding=\"async\" class=\"alignnone size-full wp-image-280899\" src=\"https:\/\/v2charge.com\/wp-content\/uploads\/2025\/11\/matelec-madrid-ifema-macvoltio-victor-sanchis.jpg\" alt=\"\" width=\"960\" height=\"560\" srcset=\"https:\/\/v2charge.com\/wp-content\/uploads\/2025\/11\/matelec-madrid-ifema-macvoltio-victor-sanchis.jpg 960w, https:\/\/v2charge.com\/wp-content\/uploads\/2025\/11\/matelec-madrid-ifema-macvoltio-victor-sanchis-300x175.jpg 300w, https:\/\/v2charge.com\/wp-content\/uploads\/2025\/11\/matelec-madrid-ifema-macvoltio-victor-sanchis-768x448.jpg 768w, https:\/\/v2charge.com\/wp-content\/uploads\/2025\/11\/matelec-madrid-ifema-macvoltio-victor-sanchis-50x29.jpg 50w\" sizes=\"(max-width: 960px) 100vw, 960px\" \/><\/p>\n<h2 data-start=\"4019\" data-end=\"4112\">MATELEC potvrzuje na\u0161i misi: pokra\u010dovat v inovac\u00edch, spojov\u00e1n\u00ed a spole\u010dn\u00e9m budov\u00e1n\u00ed<\/h2>\n<p data-start=\"4114\" data-end=\"4469\">Vrac\u00edme se z MATELEC s obnovenou energi\u00ed a pocitem, \u017ee jsme na spr\u00e1vn\u00e9 cest\u011b. Na\u0161e mise je jasn\u00e1: <strong>urychlit p\u0159echod k jednodu\u0161\u0161\u00ed, dostupn\u011bj\u0161\u00ed a efektivn\u011bj\u0161\u00ed elektrick\u00e9 mobilit\u011b<\/strong>. A tento veletrh byl potvrzen\u00edm, \u017ee inovace, kter\u00e9 podporujeme ze \u0160pan\u011blska, jsou mezin\u00e1rodn\u011b uzn\u00e1v\u00e1ny a oce\u0148ov\u00e1ny.<\/p>\n<p data-start=\"4859\" data-end=\"4954\">Tyto dny n\u00e1m p\u0159ipomn\u011bly, pro\u010d d\u011bl\u00e1me to, co d\u011bl\u00e1me. A p\u0159edev\u0161\u00edm, pro koho to d\u011bl\u00e1me. Tyto okam\u017eiky n\u00e1m p\u0159ipom\u00ednaj\u00ed, pro\u010d d\u011bl\u00e1me to, co d\u011bl\u00e1me, a napl\u0148uj\u00ed n\u00e1s energi\u00ed, abychom spole\u010dn\u011b pokra\u010dovali v inovac\u00edch, spojov\u00e1n\u00ed a budov\u00e1n\u00ed.<\/p>\n<iframe src=\"https:\/\/www.linkedin.com\/embed\/feed\/update\/urn:li:ugcPost:7397233132690726912?collapsed=1\" height=\"895\" width=\"504\" frameborder=\"0\" allowfullscreen=\"\" title=\"Ingebedde publicatie\"><\/iframe>\n","protected":false},"excerpt":{"rendered":"<p>Od 18. do 20. listopadu se konal IFEMA Madrid MATELEC, p\u0159edn\u00ed veletrh pro elektrick\u00fd a elektronick\u00fd sektor v r\u00e1mci Mezin\u00e1rodn\u00edho t\u00fddne elektrifikace a dekarbonizace. V V2C jsme pro\u017eili t\u0159i intenzivn\u00ed dny, b\u011bhem nich\u017e na\u0161e st\u00e1nky se staly m\u00edstem setk\u00e1n\u00ed pro instalat\u00e9ry, profesion\u00e1ly a nad\u0161ence elektrick\u00e9 mobility. Komunita V2C op\u011bt hraje hlavn\u00ed roli: rozhovory, kter\u00e9 vytv\u00e1\u0159ej\u00ed &#8230; <a title=\"V2C a MATELEC 2025: t\u0159i nezapomenuteln\u00e9 dny se spole\u010denstv\u00edm V2C\" class=\"read-more\" href=\"https:\/\/v2charge.com\/cs\/v2c-na-matelec-2025-t-i-nezapomenutelne-dny-se-komunitou-v2c\/\" aria-label=\"Read more about V2C a MATELEC 2025: t\u0159i nezapomenuteln\u00e9 dny se spole\u010denstv\u00edm V2C\">\u010c\u00edst d\u00e1l<\/a><\/p>\n","protected":false},"author":400,"featured_media":280861,"comment_status":"closed","ping_status":"closed","sticky":false,"template":"","format":"standard","meta":{"_eb_attr":"","content-type":"","_uag_custom_page_level_css":"","footnotes":""},"categories":[],"tags":[],"class_list":["post-318246","post","type-post","status-publish","format-standard","has-post-thumbnail","hentry"],"yoast_head":"<!-- This site is optimized with the Yoast SEO plugin v25.3.1 - https:\/\/yoast.com\/wordpress\/plugins\/seo\/ -->\n<title>V2C slav\u00ed obrovsk\u00fd \u00fasp\u011bch na MATELEC 2025<\/title>\n<meta name=\"description\" content=\"Komunita V2C hlavn\u00ed postavou na MATELEC 2025: Rozhovory, kter\u00e9 vytv\u00e1\u0159ej\u00ed vazby a aliance, kter\u00e9 otev\u00edraj\u00ed cestu.\" \/>\n<meta name=\"robots\" content=\"index, follow, max-snippet:-1, max-image-preview:large, max-video-preview:-1\" \/>\n<link rel=\"canonical\" href=\"https:\/\/v2charge.com\/cs\/v2c-na-matelec-2025-t-i-nezapomenutelne-dny-se-komunitou-v2c\/\" \/>\n<meta property=\"og:locale\" content=\"cs_CZ\" \/>\n<meta property=\"og:type\" content=\"article\" \/>\n<meta property=\"og:title\" content=\"V2C slav\u00ed obrovsk\u00fd \u00fasp\u011bch na MATELEC 2025\" \/>\n<meta property=\"og:description\" content=\"Komunita V2C hlavn\u00ed postavou na MATELEC 2025: Rozhovory, kter\u00e9 vytv\u00e1\u0159ej\u00ed vazby a aliance, kter\u00e9 otev\u00edraj\u00ed cestu.\" \/>\n<meta property=\"og:url\" content=\"https:\/\/v2charge.com\/cs\/v2c-na-matelec-2025-t-i-nezapomenutelne-dny-se-komunitou-v2c\/\" \/>\n<meta property=\"og:site_name\" content=\"V2C\" \/>\n<meta property=\"article:publisher\" content=\"https:\/\/www.facebook.com\/V2C.Charge\" \/>\n<meta property=\"article:published_time\" content=\"2025-11-21T09:11:04+00:00\" \/>\n<meta property=\"article:modified_time\" content=\"2026-04-25T16:44:49+00:00\" \/>\n<meta property=\"og:image\" content=\"https:\/\/v2charge.com\/wp-content\/uploads\/2025\/11\/matelec-madrid-ifema-2025.jpg\" \/>\n\t<meta property=\"og:image:width\" content=\"960\" \/>\n\t<meta property=\"og:image:height\" content=\"560\" \/>\n\t<meta property=\"og:image:type\" content=\"image\/jpeg\" \/>\n<meta name=\"author\" content=\"V2C\" \/>\n<meta name=\"twitter:card\" content=\"summary_large_image\" \/>\n<meta name=\"twitter:creator\" content=\"@V2C_Charge\" \/>\n<meta name=\"twitter:site\" content=\"@V2C_Charge\" \/>\n<meta name=\"twitter:label1\" content=\"Napsal(a)\" \/>\n\t<meta name=\"twitter:data1\" content=\"V2C\" \/>\n\t<meta name=\"twitter:label2\" content=\"Odhadovan\u00e1 doba \u010dten\u00ed\" \/>\n\t<meta name=\"twitter:data2\" content=\"3 minuty\" \/>\n<script type=\"application\/ld+json\" class=\"yoast-schema-graph\">{\"@context\":\"https:\/\/schema.org\",\"@graph\":[{\"@type\":\"Article\",\"@id\":\"https:\/\/v2charge.com\/cs\/v2c-na-matelec-2025-t-i-nezapomenutelne-dny-se-komunitou-v2c\/#article\",\"isPartOf\":{\"@id\":\"https:\/\/v2charge.com\/cs\/v2c-na-matelec-2025-t-i-nezapomenutelne-dny-se-komunitou-v2c\/\"},\"author\":{\"name\":\"V2C\",\"@id\":\"https:\/\/v2charge.com\/cs\/#\/schema\/person\/d6f210a94a856acdddec347b2127fd0f\"},\"headline\":\"V2C a MATELEC 2025: t\u0159i nezapomenuteln\u00e9 dny se spole\u010denstv\u00edm V2C\",\"datePublished\":\"2025-11-21T09:11:04+00:00\",\"dateModified\":\"2026-04-25T16:44:49+00:00\",\"mainEntityOfPage\":{\"@id\":\"https:\/\/v2charge.com\/cs\/v2c-na-matelec-2025-t-i-nezapomenutelne-dny-se-komunitou-v2c\/\"},\"wordCount\":481,\"publisher\":{\"@id\":\"https:\/\/v2charge.com\/cs\/#organization\"},\"image\":{\"@id\":\"https:\/\/v2charge.com\/cs\/v2c-na-matelec-2025-t-i-nezapomenutelne-dny-se-komunitou-v2c\/#primaryimage\"},\"thumbnailUrl\":\"https:\/\/v2charge.com\/wp-content\/uploads\/2025\/11\/matelec-madrid-ifema-2025.jpg\",\"inLanguage\":\"cs\"},{\"@type\":\"WebPage\",\"@id\":\"https:\/\/v2charge.com\/cs\/v2c-na-matelec-2025-t-i-nezapomenutelne-dny-se-komunitou-v2c\/\",\"url\":\"https:\/\/v2charge.com\/cs\/v2c-na-matelec-2025-t-i-nezapomenutelne-dny-se-komunitou-v2c\/\",\"name\":\"V2C slav\u00ed obrovsk\u00fd \u00fasp\u011bch na MATELEC 2025\",\"isPartOf\":{\"@id\":\"https:\/\/v2charge.com\/cs\/#website\"},\"primaryImageOfPage\":{\"@id\":\"https:\/\/v2charge.com\/cs\/v2c-na-matelec-2025-t-i-nezapomenutelne-dny-se-komunitou-v2c\/#primaryimage\"},\"image\":{\"@id\":\"https:\/\/v2charge.com\/cs\/v2c-na-matelec-2025-t-i-nezapomenutelne-dny-se-komunitou-v2c\/#primaryimage\"},\"thumbnailUrl\":\"https:\/\/v2charge.com\/wp-content\/uploads\/2025\/11\/matelec-madrid-ifema-2025.jpg\",\"datePublished\":\"2025-11-21T09:11:04+00:00\",\"dateModified\":\"2026-04-25T16:44:49+00:00\",\"description\":\"Komunita V2C hlavn\u00ed postavou na MATELEC 2025: Rozhovory, kter\u00e9 vytv\u00e1\u0159ej\u00ed vazby a aliance, kter\u00e9 otev\u00edraj\u00ed cestu.\",\"breadcrumb\":{\"@id\":\"https:\/\/v2charge.com\/cs\/v2c-na-matelec-2025-t-i-nezapomenutelne-dny-se-komunitou-v2c\/#breadcrumb\"},\"inLanguage\":\"cs\",\"potentialAction\":[{\"@type\":\"ReadAction\",\"target\":[\"https:\/\/v2charge.com\/cs\/v2c-na-matelec-2025-t-i-nezapomenutelne-dny-se-komunitou-v2c\/\"]}]},{\"@type\":\"ImageObject\",\"inLanguage\":\"cs\",\"@id\":\"https:\/\/v2charge.com\/cs\/v2c-na-matelec-2025-t-i-nezapomenutelne-dny-se-komunitou-v2c\/#primaryimage\",\"url\":\"https:\/\/v2charge.com\/wp-content\/uploads\/2025\/11\/matelec-madrid-ifema-2025.jpg\",\"contentUrl\":\"https:\/\/v2charge.com\/wp-content\/uploads\/2025\/11\/matelec-madrid-ifema-2025.jpg\",\"width\":960,\"height\":560},{\"@type\":\"BreadcrumbList\",\"@id\":\"https:\/\/v2charge.com\/cs\/v2c-na-matelec-2025-t-i-nezapomenutelne-dny-se-komunitou-v2c\/#breadcrumb\",\"itemListElement\":[{\"@type\":\"ListItem\",\"position\":1,\"name\":\"V2C\",\"item\":\"https:\/\/v2charge.com\/cs\/\"},{\"@type\":\"ListItem\",\"position\":2,\"name\":\"Noticias V2C\",\"item\":\"https:\/\/v2charge.com\/es\/noticias-v2c\/\"},{\"@type\":\"ListItem\",\"position\":3,\"name\":\"V2C na MATELEC 2025: t\u0159i nezapomenuteln\u00e9 dny se komunitou V2C\"}]},{\"@type\":\"WebSite\",\"@id\":\"https:\/\/v2charge.com\/cs\/#website\",\"url\":\"https:\/\/v2charge.com\/cs\/\",\"name\":\"V2C\",\"description\":\"#CargandoElMa\u00f1ana\",\"publisher\":{\"@id\":\"https:\/\/v2charge.com\/cs\/#organization\"},\"potentialAction\":[{\"@type\":\"SearchAction\",\"target\":{\"@type\":\"EntryPoint\",\"urlTemplate\":\"https:\/\/v2charge.com\/cs\/?s={search_term_string}\"},\"query-input\":{\"@type\":\"PropertyValueSpecification\",\"valueRequired\":true,\"valueName\":\"search_term_string\"}}],\"inLanguage\":\"cs\"},{\"@type\":\"Organization\",\"@id\":\"https:\/\/v2charge.com\/cs\/#organization\",\"name\":\"V2C\",\"url\":\"https:\/\/v2charge.com\/cs\/\",\"logo\":{\"@type\":\"ImageObject\",\"inLanguage\":\"cs\",\"@id\":\"https:\/\/v2charge.com\/cs\/#\/schema\/logo\/image\/\",\"url\":\"https:\/\/v2charge.com\/wp-content\/uploads\/2024\/11\/cropped-v2c-charge-logo-menu.png\",\"contentUrl\":\"https:\/\/v2charge.com\/wp-content\/uploads\/2024\/11\/cropped-v2c-charge-logo-menu.png\",\"width\":984,\"height\":431,\"caption\":\"V2C\"},\"image\":{\"@id\":\"https:\/\/v2charge.com\/cs\/#\/schema\/logo\/image\/\"},\"sameAs\":[\"https:\/\/www.facebook.com\/V2C.Charge\",\"https:\/\/x.com\/V2C_Charge\",\"https:\/\/www.instagram.com\/v2c.charge\/\",\"https:\/\/www.youtube.com\/@V2C\",\"https:\/\/www.linkedin.com\/company\/v2c-chargers\/\"]},{\"@type\":\"Person\",\"@id\":\"https:\/\/v2charge.com\/cs\/#\/schema\/person\/d6f210a94a856acdddec347b2127fd0f\",\"name\":\"V2C\",\"image\":{\"@type\":\"ImageObject\",\"inLanguage\":\"cs\",\"@id\":\"https:\/\/v2charge.com\/cs\/#\/schema\/person\/image\/\",\"url\":\"https:\/\/secure.gravatar.com\/avatar\/a91128c4c0d2f4d63bd586301fdec6cc9aa49c885839b25d1c62700f529f267c?s=96&d=mm&r=g\",\"contentUrl\":\"https:\/\/secure.gravatar.com\/avatar\/a91128c4c0d2f4d63bd586301fdec6cc9aa49c885839b25d1c62700f529f267c?s=96&d=mm&r=g\",\"caption\":\"V2C\"}}]}<\/script>\n<!-- \/ Yoast SEO plugin. -->","yoast_head_json":{"title":"V2C slav\u00ed obrovsk\u00fd \u00fasp\u011bch na MATELEC 2025","description":"Komunita V2C hlavn\u00ed postavou na MATELEC 2025: Rozhovory, kter\u00e9 vytv\u00e1\u0159ej\u00ed vazby a aliance, kter\u00e9 otev\u00edraj\u00ed cestu.","robots":{"index":"index","follow":"follow","max-snippet":"max-snippet:-1","max-image-preview":"max-image-preview:large","max-video-preview":"max-video-preview:-1"},"canonical":"https:\/\/v2charge.com\/cs\/v2c-na-matelec-2025-t-i-nezapomenutelne-dny-se-komunitou-v2c\/","og_locale":"cs_CZ","og_type":"article","og_title":"V2C slav\u00ed obrovsk\u00fd \u00fasp\u011bch na MATELEC 2025","og_description":"Komunita V2C hlavn\u00ed postavou na MATELEC 2025: Rozhovory, kter\u00e9 vytv\u00e1\u0159ej\u00ed vazby a aliance, kter\u00e9 otev\u00edraj\u00ed cestu.","og_url":"https:\/\/v2charge.com\/cs\/v2c-na-matelec-2025-t-i-nezapomenutelne-dny-se-komunitou-v2c\/","og_site_name":"V2C","article_publisher":"https:\/\/www.facebook.com\/V2C.Charge","article_published_time":"2025-11-21T09:11:04+00:00","article_modified_time":"2026-04-25T16:44:49+00:00","og_image":[{"width":960,"height":560,"url":"https:\/\/v2charge.com\/wp-content\/uploads\/2025\/11\/matelec-madrid-ifema-2025.jpg","type":"image\/jpeg"}],"author":"V2C","twitter_card":"summary_large_image","twitter_creator":"@V2C_Charge","twitter_site":"@V2C_Charge","twitter_misc":{"Napsal(a)":"V2C","Odhadovan\u00e1 doba \u010dten\u00ed":"3 minuty"},"schema":{"@context":"https:\/\/schema.org","@graph":[{"@type":"Article","@id":"https:\/\/v2charge.com\/cs\/v2c-na-matelec-2025-t-i-nezapomenutelne-dny-se-komunitou-v2c\/#article","isPartOf":{"@id":"https:\/\/v2charge.com\/cs\/v2c-na-matelec-2025-t-i-nezapomenutelne-dny-se-komunitou-v2c\/"},"author":{"name":"V2C","@id":"https:\/\/v2charge.com\/cs\/#\/schema\/person\/d6f210a94a856acdddec347b2127fd0f"},"headline":"V2C a MATELEC 2025: t\u0159i nezapomenuteln\u00e9 dny se spole\u010denstv\u00edm V2C","datePublished":"2025-11-21T09:11:04+00:00","dateModified":"2026-04-25T16:44:49+00:00","mainEntityOfPage":{"@id":"https:\/\/v2charge.com\/cs\/v2c-na-matelec-2025-t-i-nezapomenutelne-dny-se-komunitou-v2c\/"},"wordCount":481,"publisher":{"@id":"https:\/\/v2charge.com\/cs\/#organization"},"image":{"@id":"https:\/\/v2charge.com\/cs\/v2c-na-matelec-2025-t-i-nezapomenutelne-dny-se-komunitou-v2c\/#primaryimage"},"thumbnailUrl":"https:\/\/v2charge.com\/wp-content\/uploads\/2025\/11\/matelec-madrid-ifema-2025.jpg","inLanguage":"cs"},{"@type":"WebPage","@id":"https:\/\/v2charge.com\/cs\/v2c-na-matelec-2025-t-i-nezapomenutelne-dny-se-komunitou-v2c\/","url":"https:\/\/v2charge.com\/cs\/v2c-na-matelec-2025-t-i-nezapomenutelne-dny-se-komunitou-v2c\/","name":"V2C slav\u00ed obrovsk\u00fd \u00fasp\u011bch na MATELEC 2025","isPartOf":{"@id":"https:\/\/v2charge.com\/cs\/#website"},"primaryImageOfPage":{"@id":"https:\/\/v2charge.com\/cs\/v2c-na-matelec-2025-t-i-nezapomenutelne-dny-se-komunitou-v2c\/#primaryimage"},"image":{"@id":"https:\/\/v2charge.com\/cs\/v2c-na-matelec-2025-t-i-nezapomenutelne-dny-se-komunitou-v2c\/#primaryimage"},"thumbnailUrl":"https:\/\/v2charge.com\/wp-content\/uploads\/2025\/11\/matelec-madrid-ifema-2025.jpg","datePublished":"2025-11-21T09:11:04+00:00","dateModified":"2026-04-25T16:44:49+00:00","description":"Komunita V2C hlavn\u00ed postavou na MATELEC 2025: Rozhovory, kter\u00e9 vytv\u00e1\u0159ej\u00ed vazby a aliance, kter\u00e9 otev\u00edraj\u00ed cestu.","breadcrumb":{"@id":"https:\/\/v2charge.com\/cs\/v2c-na-matelec-2025-t-i-nezapomenutelne-dny-se-komunitou-v2c\/#breadcrumb"},"inLanguage":"cs","potentialAction":[{"@type":"ReadAction","target":["https:\/\/v2charge.com\/cs\/v2c-na-matelec-2025-t-i-nezapomenutelne-dny-se-komunitou-v2c\/"]}]},{"@type":"ImageObject","inLanguage":"cs","@id":"https:\/\/v2charge.com\/cs\/v2c-na-matelec-2025-t-i-nezapomenutelne-dny-se-komunitou-v2c\/#primaryimage","url":"https:\/\/v2charge.com\/wp-content\/uploads\/2025\/11\/matelec-madrid-ifema-2025.jpg","contentUrl":"https:\/\/v2charge.com\/wp-content\/uploads\/2025\/11\/matelec-madrid-ifema-2025.jpg","width":960,"height":560},{"@type":"BreadcrumbList","@id":"https:\/\/v2charge.com\/cs\/v2c-na-matelec-2025-t-i-nezapomenutelne-dny-se-komunitou-v2c\/#breadcrumb","itemListElement":[{"@type":"ListItem","position":1,"name":"V2C","item":"https:\/\/v2charge.com\/cs\/"},{"@type":"ListItem","position":2,"name":"Noticias V2C","item":"https:\/\/v2charge.com\/es\/noticias-v2c\/"},{"@type":"ListItem","position":3,"name":"V2C na MATELEC 2025: t\u0159i nezapomenuteln\u00e9 dny se komunitou V2C"}]},{"@type":"WebSite","@id":"https:\/\/v2charge.com\/cs\/#website","url":"https:\/\/v2charge.com\/cs\/","name":"V2C","description":"#CargandoElMa\u00f1ana","publisher":{"@id":"https:\/\/v2charge.com\/cs\/#organization"},"potentialAction":[{"@type":"SearchAction","target":{"@type":"EntryPoint","urlTemplate":"https:\/\/v2charge.com\/cs\/?s={search_term_string}"},"query-input":{"@type":"PropertyValueSpecification","valueRequired":true,"valueName":"search_term_string"}}],"inLanguage":"cs"},{"@type":"Organization","@id":"https:\/\/v2charge.com\/cs\/#organization","name":"V2C","url":"https:\/\/v2charge.com\/cs\/","logo":{"@type":"ImageObject","inLanguage":"cs","@id":"https:\/\/v2charge.com\/cs\/#\/schema\/logo\/image\/","url":"https:\/\/v2charge.com\/wp-content\/uploads\/2024\/11\/cropped-v2c-charge-logo-menu.png","contentUrl":"https:\/\/v2charge.com\/wp-content\/uploads\/2024\/11\/cropped-v2c-charge-logo-menu.png","width":984,"height":431,"caption":"V2C"},"image":{"@id":"https:\/\/v2charge.com\/cs\/#\/schema\/logo\/image\/"},"sameAs":["https:\/\/www.facebook.com\/V2C.Charge","https:\/\/x.com\/V2C_Charge","https:\/\/www.instagram.com\/v2c.charge\/","https:\/\/www.youtube.com\/@V2C","https:\/\/www.linkedin.com\/company\/v2c-chargers\/"]},{"@type":"Person","@id":"https:\/\/v2charge.com\/cs\/#\/schema\/person\/d6f210a94a856acdddec347b2127fd0f","name":"V2C","image":{"@type":"ImageObject","inLanguage":"cs","@id":"https:\/\/v2charge.com\/cs\/#\/schema\/person\/image\/","url":"https:\/\/secure.gravatar.com\/avatar\/a91128c4c0d2f4d63bd586301fdec6cc9aa49c885839b25d1c62700f529f267c?s=96&d=mm&r=g","contentUrl":"https:\/\/secure.gravatar.com\/avatar\/a91128c4c0d2f4d63bd586301fdec6cc9aa49c885839b25d1c62700f529f267c?s=96&d=mm&r=g","caption":"V2C"}}]}},"uagb_featured_image_src":{"full":["https:\/\/v2charge.com\/wp-content\/uploads\/2025\/11\/matelec-madrid-ifema-2025.jpg",960,560,false],"thumbnail":["https:\/\/v2charge.com\/wp-content\/uploads\/2025\/11\/matelec-madrid-ifema-2025-150x150.jpg",150,150,true],"medium":["https:\/\/v2charge.com\/wp-content\/uploads\/2025\/11\/matelec-madrid-ifema-2025-300x175.jpg",300,175,true],"medium_large":["https:\/\/v2charge.com\/wp-content\/uploads\/2025\/11\/matelec-madrid-ifema-2025-768x448.jpg",768,448,true],"large":["https:\/\/v2charge.com\/wp-content\/uploads\/2025\/11\/matelec-madrid-ifema-2025.jpg",960,560,false],"gs-tiny":["https:\/\/v2charge.com\/wp-content\/uploads\/2025\/11\/matelec-madrid-ifema-2025-50x29.jpg",50,29,true],"xl":["https:\/\/v2charge.com\/wp-content\/uploads\/2025\/11\/matelec-madrid-ifema-2025.jpg",960,560,false],"xxl":["https:\/\/v2charge.com\/wp-content\/uploads\/2025\/11\/matelec-madrid-ifema-2025.jpg",960,560,false],"xxxl":["https:\/\/v2charge.com\/wp-content\/uploads\/2025\/11\/matelec-madrid-ifema-2025.jpg",960,560,false],"xxxxl":["https:\/\/v2charge.com\/wp-content\/uploads\/2025\/11\/matelec-madrid-ifema-2025.jpg",960,560,false],"xxxxxl":["https:\/\/v2charge.com\/wp-content\/uploads\/2025\/11\/matelec-madrid-ifema-2025.jpg",960,560,false],"1536x1536":["https:\/\/v2charge.com\/wp-content\/uploads\/2025\/11\/matelec-madrid-ifema-2025.jpg",960,560,false],"2048x2048":["https:\/\/v2charge.com\/wp-content\/uploads\/2025\/11\/matelec-madrid-ifema-2025.jpg",960,560,false]},"uagb_author_info":{"display_name":"V2C","author_link":"https:\/\/v2charge.com\/cs\/author\/marketing\/"},"uagb_comment_info":0,"uagb_excerpt":"Od 18. do 20. listopadu se konal IFEMA Madrid MATELEC, p\u0159edn\u00ed veletrh pro elektrick\u00fd a elektronick\u00fd sektor v r\u00e1mci Mezin\u00e1rodn\u00edho t\u00fddne elektrifikace a dekarbonizace. V V2C jsme pro\u017eili t\u0159i intenzivn\u00ed dny, b\u011bhem nich\u017e na\u0161e st\u00e1nky se staly m\u00edstem setk\u00e1n\u00ed pro instalat\u00e9ry, profesion\u00e1ly a nad\u0161ence elektrick\u00e9 mobility. Komunita V2C op\u011bt hraje hlavn\u00ed roli: rozhovory, kter\u00e9 vytv\u00e1\u0159ej\u00ed&hellip;","_links":{"self":[{"href":"https:\/\/v2charge.com\/cs\/wp-json\/wp\/v2\/posts\/318246","targetHints":{"allow":["GET"]}}],"collection":[{"href":"https:\/\/v2charge.com\/cs\/wp-json\/wp\/v2\/posts"}],"about":[{"href":"https:\/\/v2charge.com\/cs\/wp-json\/wp\/v2\/types\/post"}],"author":[{"embeddable":true,"href":"https:\/\/v2charge.com\/cs\/wp-json\/wp\/v2\/users\/400"}],"replies":[{"embeddable":true,"href":"https:\/\/v2charge.com\/cs\/wp-json\/wp\/v2\/comments?post=318246"}],"version-history":[{"count":0,"href":"https:\/\/v2charge.com\/cs\/wp-json\/wp\/v2\/posts\/318246\/revisions"}],"wp:featuredmedia":[{"embeddable":true,"href":"https:\/\/v2charge.com\/cs\/wp-json\/wp\/v2\/media\/280861"}],"wp:attachment":[{"href":"https:\/\/v2charge.com\/cs\/wp-json\/wp\/v2\/media?parent=318246"}],"wp:term":[{"taxonomy":"category","embeddable":true,"href":"https:\/\/v2charge.com\/cs\/wp-json\/wp\/v2\/categories?post=318246"},{"taxonomy":"post_tag","embeddable":true,"href":"https:\/\/v2charge.com\/cs\/wp-json\/wp\/v2\/tags?post=318246"}],"curies":[{"name":"wp","href":"https:\/\/api.w.org\/{rel}","templated":true}]}}