{"id":318248,"date":"2025-12-02T12:32:59","date_gmt":"2025-12-02T10:32:59","guid":{"rendered":""},"modified":"2026-04-25T16:41:43","modified_gmt":"2026-04-25T16:41:43","slug":"energie-se-m-ni-a-ve-v2c-jsme-p-ipraveni-ud-lat-dal-i-krok","status":"publish","type":"post","link":"https:\/\/v2charge.com\/cs\/energie-se-m-ni-a-ve-v2c-jsme-p-ipraveni-ud-lat-dal-i-krok\/","title":{"rendered":"Energie se m\u011bn\u00ed&#8230; a my ve V2C jsme p\u0159ipraveni ud\u011blat dal\u0161\u00ed krok."},"content":{"rendered":"<p>V posledn\u00edch letech jsme za\u017eili bezprecedentn\u00ed transformaci v tom, jak vyr\u00e1b\u00edme, spot\u0159ebov\u00e1v\u00e1me a spravujeme energii. Elektrick\u00e1 mobilita pokro\u010dila neuv\u011b\u0159iteln\u00fdm tempem&#8230; a to otev\u0159elo dve\u0159e k mnohem v\u011bt\u0161\u00ed zm\u011bn\u011b.<\/p>\n<p>Ve spole\u010dnosti V2C jsme v\u017edy jasn\u011b ch\u00e1pali, \u017ee na\u0161e mise p\u0159esahuje nab\u00edjen\u00ed elektrick\u00fdch vozidel: jde o <strong>nab\u00edjen\u00ed budoucnosti<\/strong>.<\/p>\n<h2>Jsme na pokraji vstupu do nov\u00e9 f\u00e1ze, kter\u00e1 roz\u0161\u00ed\u0159\u00ed to, \u010d\u00edm jsme a co v\u00e1m m\u016f\u017eeme nab\u00eddnout<\/h2>\n<p>Pracovali jsme na <strong>nov\u00e9 \u0159ad\u011b, kter\u00e1 n\u00e1m umo\u017en\u00ed j\u00edt d\u00e1l<\/strong>, myslet ve velk\u00e9m a reagovat na nov\u00e9 pot\u0159eby, kter\u00e9 vznikaj\u00ed v podnic\u00edch a pr\u016fmyslu.<\/p>\n<p><strong>Nov\u00fd krok, kter\u00fd propoj\u00ed v\u0161e, co jsme ji\u017e vytvo\u0159ili, se v\u0161\u00edm, co teprve p\u0159ijde.<\/strong><\/p>\n<h2>V\u00fdvoj, kter\u00fd zm\u011bn\u00ed zp\u016fsob, jak\u00fdm ch\u00e1peme energii<\/h2>\n<p>Brzy budeme hovo\u0159it o:<\/p>\n<ul>\n<li>Nov\u00fdch mo\u017enostech.<\/li>\n<li>Nov\u00fdch \u0159e\u0161en\u00edch.<\/li>\n<li>Nov\u00fdch zp\u016fsobech vyu\u017eit\u00ed energie.<\/li>\n<li>A o pln\u011b integrovan\u00e9m energetick\u00e9m z\u00e1\u017eitku.<\/li>\n<\/ul>\n<p>Jsme velmi nad\u0161eni, \u017ee v\u00e1m to m\u016f\u017eeme uk\u00e1zat!<\/p>\n<div class=\"wp-block-uagb-container uagb-block-64aedadf default uagb-is-root-container\">\n<div class=\"wp-block-uagb-container uagb-block-3e665834 default uagb-is-root-container\">\n<div class=\"wp-block-uagb-container uagb-block-a822a3c1 default uagb-is-root-container\">\n<div class=\"wp-block-uagb-container uagb-block-33afeab5\"><div class=\"wp-block-uagb-advanced-heading uagb-block-a5adae54\"><p class=\"uagb-heading-text\">\u010ctvrtek 4. prosince 2025<\/p><\/div><\/div>\n<\/div>\n<\/div>\n\n\n<div class=\"wp-block-uagb-advanced-heading uagb-block-245426c2\"><p class=\"uagb-heading-text\">Sledujte n\u00e1s na soci\u00e1ln\u00edch m\u00e9di\u00edch a nic nezme\u0161kejte!<\/p><\/div>\n\n\n<div class=\"wp-block-uagb-container uagb-block-0bbb536f\">\n<div class=\"wp-block-uagb-container uagb-block-0f417426\">\n<div class=\"wp-block-uagb-image aligncenter uagb-block-b41dcb83 wp-block-uagb-image--layout-default wp-block-uagb-image--effect-zoomin wp-block-uagb-image--align-center\"><figure class=\"wp-block-uagb-image__figure\"><a class=\"\" href=\"https:\/\/www.facebook.com\/V2C.Charge\" target=\"_blank\" rel=\"noreferrer noopener\"><img decoding=\"async\" srcset=\"https:\/\/v2charge.com\/wp-content\/uploads\/2023\/06\/v2c-facebook.png \" sizes=\"auto, (max-width: 480px) 150px\" src=\"https:\/\/v2charge.com\/wp-content\/uploads\/2023\/06\/v2c-facebook.png\" alt=\"facebook v2c\" class=\"uag-image-108366\" width=\"45\" height=\"45\" title=\"\" loading=\"lazy\" role=\"img\"\/><\/a><\/figure><\/div>\n<\/div>\n\n\n\n<div class=\"wp-block-uagb-container uagb-block-8f319e4c\">\n<div class=\"wp-block-uagb-image aligncenter uagb-block-47505682 wp-block-uagb-image--layout-default wp-block-uagb-image--effect-zoomin wp-block-uagb-image--align-center\"><figure class=\"wp-block-uagb-image__figure\"><a class=\"\" href=\"https:\/\/twitter.com\/V2C_Charge\" target=\"_blank\" rel=\"noreferrer noopener\"><img decoding=\"async\" srcset=\"https:\/\/v2charge.com\/wp-content\/uploads\/2023\/06\/v2c-twitter.png \" sizes=\"auto, (max-width: 480px) 150px\" src=\"https:\/\/v2charge.com\/wp-content\/uploads\/2023\/06\/v2c-twitter.png\" alt=\"twitter v2c\" class=\"uag-image-108393\" width=\"45\" height=\"45\" title=\"\" loading=\"lazy\" role=\"img\"\/><\/a><\/figure><\/div>\n<\/div>\n\n\n\n<div class=\"wp-block-uagb-container uagb-block-908d7675\">\n<div class=\"wp-block-uagb-image aligncenter uagb-block-691ddf24 wp-block-uagb-image--layout-default wp-block-uagb-image--effect-zoomin wp-block-uagb-image--align-center\"><figure class=\"wp-block-uagb-image__figure\"><a class=\"\" href=\"https:\/\/www.linkedin.com\/company\/v2c-chargers\/\" target=\"_blank\" rel=\"noreferrer noopener\"><img decoding=\"async\" srcset=\"https:\/\/v2charge.com\/wp-content\/uploads\/2023\/06\/v2c-linkedin.png \" sizes=\"auto, (max-width: 480px) 150px\" src=\"https:\/\/v2charge.com\/wp-content\/uploads\/2023\/06\/v2c-linkedin.png\" alt=\"linkedin v2c\" class=\"uag-image-108384\" width=\"45\" height=\"45\" title=\"\" loading=\"lazy\" role=\"img\"\/><\/a><\/figure><\/div>\n<\/div>\n\n\n\n<div class=\"wp-block-uagb-container uagb-block-10874d4d\">\n<div class=\"wp-block-uagb-image aligncenter uagb-block-33116055 wp-block-uagb-image--layout-default wp-block-uagb-image--effect-zoomin wp-block-uagb-image--align-center\"><figure class=\"wp-block-uagb-image__figure\"><a class=\"\" href=\"https:\/\/www.instagram.com\/v2c.charge\/\" target=\"_blank\" rel=\"noreferrer noopener\"><img decoding=\"async\" srcset=\"https:\/\/v2charge.com\/wp-content\/uploads\/2023\/06\/v2c-instagram.png \" sizes=\"auto, (max-width: 480px) 150px\" src=\"https:\/\/v2charge.com\/wp-content\/uploads\/2023\/06\/v2c-instagram.png\" alt=\"instagram v2c\" class=\"uag-image-108375\" width=\"45\" height=\"45\" title=\"\" loading=\"lazy\" role=\"img\"\/><\/a><\/figure><\/div>\n<\/div>\n\n\n\n<div class=\"wp-block-uagb-container uagb-block-ee3bc3eb\">\n<div class=\"wp-block-uagb-image aligncenter uagb-block-6d438029 wp-block-uagb-image--layout-default wp-block-uagb-image--effect-zoomin wp-block-uagb-image--align-center\"><figure class=\"wp-block-uagb-image__figure\"><a class=\"\" href=\"https:\/\/www.youtube.com\/@V2C\" target=\"_blank\" rel=\"noreferrer noopener\"><img decoding=\"async\" srcset=\"https:\/\/v2charge.com\/wp-content\/uploads\/2023\/06\/v2c-youtube.png \" sizes=\"auto, (max-width: 480px) 150px\" src=\"https:\/\/v2charge.com\/wp-content\/uploads\/2023\/06\/v2c-youtube.png\" alt=\"youtube v2c\" class=\"uag-image-108402\" width=\"45\" height=\"45\" title=\"\" loading=\"lazy\" role=\"img\"\/><\/a><\/figure><\/div>\n<\/div>\n<\/div>\n<\/div>\n","protected":false},"excerpt":{"rendered":"<p>V posledn\u00edch letech jsme za\u017eili bezprecedentn\u00ed transformaci v tom, jak vyr\u00e1b\u00edme, spot\u0159ebov\u00e1v\u00e1me a spravujeme energii. Elektrick\u00e1 mobilita pokro\u010dila neuv\u011b\u0159iteln\u00fdm tempem&#8230; a to otev\u0159elo dve\u0159e k mnohem v\u011bt\u0161\u00ed zm\u011bn\u011b. Ve spole\u010dnosti V2C jsme v\u017edy jasn\u011b ch\u00e1pali, \u017ee na\u0161e mise p\u0159esahuje nab\u00edjen\u00ed elektrick\u00fdch vozidel: jde o nab\u00edjen\u00ed budoucnosti. Jsme na pokraji vstupu do nov\u00e9 f\u00e1ze, kter\u00e1 roz\u0161\u00ed\u0159\u00ed &#8230; <a title=\"Energie se m\u011bn\u00ed&#8230; a my ve V2C jsme p\u0159ipraveni ud\u011blat dal\u0161\u00ed krok.\" class=\"read-more\" href=\"https:\/\/v2charge.com\/cs\/energie-se-m-ni-a-ve-v2c-jsme-p-ipraveni-ud-lat-dal-i-krok\/\" aria-label=\"Read more about Energie se m\u011bn\u00ed&#8230; a my ve V2C jsme p\u0159ipraveni ud\u011blat dal\u0161\u00ed krok.\">\u010c\u00edst d\u00e1l<\/a><\/p>\n","protected":false},"author":400,"featured_media":285813,"comment_status":"closed","ping_status":"closed","sticky":false,"template":"","format":"standard","meta":{"_eb_attr":"","content-type":"","_uag_custom_page_level_css":".entry-title {\n    margin-top: 0px!important;\n}\n.entry-content > div:first-of-type {\n    padding-top: 2em!important;\n}","footnotes":""},"categories":[],"tags":[],"class_list":["post-318248","post","type-post","status-publish","format-standard","has-post-thumbnail","hentry"],"yoast_head":"<!-- This site is optimized with the Yoast SEO plugin v25.3.1 - https:\/\/yoast.com\/wordpress\/plugins\/seo\/ -->\n<title>Spu\u0161t\u011bn\u00ed nov\u00fdch \u0159e\u0161en\u00ed V2C | Novinky V2C<\/title>\n<meta name=\"description\" content=\"Jsme na prahu nov\u00e9 etapy, kter\u00e1 roz\u0161\u00ed\u0159\u00ed to, k\u00fdm jsme, a co ti m\u016f\u017eeme nab\u00eddnout. Spu\u0161t\u011bn\u00ed 4. prosince 2025.\" \/>\n<meta name=\"robots\" content=\"index, follow, max-snippet:-1, max-image-preview:large, max-video-preview:-1\" \/>\n<link rel=\"canonical\" href=\"https:\/\/v2charge.com\/cs\/energie-se-m-ni-a-ve-v2c-jsme-p-ipraveni-ud-lat-dal-i-krok\/\" \/>\n<meta property=\"og:locale\" content=\"cs_CZ\" \/>\n<meta property=\"og:type\" content=\"article\" \/>\n<meta property=\"og:title\" content=\"Spu\u0161t\u011bn\u00ed nov\u00fdch \u0159e\u0161en\u00ed V2C | Novinky V2C\" \/>\n<meta property=\"og:description\" content=\"Jsme na prahu nov\u00e9 etapy, kter\u00e1 roz\u0161\u00ed\u0159\u00ed to, k\u00fdm jsme, a co ti m\u016f\u017eeme nab\u00eddnout. Spu\u0161t\u011bn\u00ed 4. prosince 2025.\" \/>\n<meta property=\"og:url\" content=\"https:\/\/v2charge.com\/cs\/energie-se-m-ni-a-ve-v2c-jsme-p-ipraveni-ud-lat-dal-i-krok\/\" \/>\n<meta property=\"og:site_name\" content=\"V2C\" \/>\n<meta property=\"article:publisher\" content=\"https:\/\/www.facebook.com\/V2C.Charge\" \/>\n<meta property=\"article:published_time\" content=\"2025-12-02T10:32:59+00:00\" \/>\n<meta property=\"article:modified_time\" content=\"2026-04-25T16:41:43+00:00\" \/>\n<meta property=\"og:image\" content=\"https:\/\/v2charge.com\/wp-content\/uploads\/2025\/12\/lanzamiento-nuevas-soluciones-v2c.jpg\" \/>\n\t<meta property=\"og:image:width\" content=\"960\" \/>\n\t<meta property=\"og:image:height\" content=\"560\" \/>\n\t<meta property=\"og:image:type\" content=\"image\/jpeg\" \/>\n<meta name=\"author\" content=\"V2C\" \/>\n<meta name=\"twitter:card\" content=\"summary_large_image\" \/>\n<meta name=\"twitter:creator\" content=\"@V2C_Charge\" \/>\n<meta name=\"twitter:site\" content=\"@V2C_Charge\" \/>\n<meta name=\"twitter:label1\" content=\"Napsal(a)\" \/>\n\t<meta name=\"twitter:data1\" content=\"V2C\" \/>\n\t<meta name=\"twitter:label2\" content=\"Odhadovan\u00e1 doba \u010dten\u00ed\" \/>\n\t<meta name=\"twitter:data2\" content=\"3 minuty\" \/>\n<script type=\"application\/ld+json\" class=\"yoast-schema-graph\">{\"@context\":\"https:\/\/schema.org\",\"@graph\":[{\"@type\":\"Article\",\"@id\":\"https:\/\/v2charge.com\/cs\/energie-se-m-ni-a-ve-v2c-jsme-p-ipraveni-ud-lat-dal-i-krok\/#article\",\"isPartOf\":{\"@id\":\"https:\/\/v2charge.com\/cs\/energie-se-m-ni-a-ve-v2c-jsme-p-ipraveni-ud-lat-dal-i-krok\/\"},\"author\":{\"name\":\"V2C\",\"@id\":\"https:\/\/v2charge.com\/cs\/#\/schema\/person\/d6f210a94a856acdddec347b2127fd0f\"},\"headline\":\"Energie se m\u011bn\u00ed&#8230; a my ve V2C jsme p\u0159ipraveni ud\u011blat dal\u0161\u00ed krok.\",\"datePublished\":\"2025-12-02T10:32:59+00:00\",\"dateModified\":\"2026-04-25T16:41:43+00:00\",\"mainEntityOfPage\":{\"@id\":\"https:\/\/v2charge.com\/cs\/energie-se-m-ni-a-ve-v2c-jsme-p-ipraveni-ud-lat-dal-i-krok\/\"},\"wordCount\":226,\"publisher\":{\"@id\":\"https:\/\/v2charge.com\/cs\/#organization\"},\"image\":{\"@id\":\"https:\/\/v2charge.com\/cs\/energie-se-m-ni-a-ve-v2c-jsme-p-ipraveni-ud-lat-dal-i-krok\/#primaryimage\"},\"thumbnailUrl\":\"https:\/\/v2charge.com\/wp-content\/uploads\/2025\/12\/lanzamiento-nuevas-soluciones-v2c.jpg\",\"inLanguage\":\"cs\"},{\"@type\":\"WebPage\",\"@id\":\"https:\/\/v2charge.com\/cs\/energie-se-m-ni-a-ve-v2c-jsme-p-ipraveni-ud-lat-dal-i-krok\/\",\"url\":\"https:\/\/v2charge.com\/cs\/energie-se-m-ni-a-ve-v2c-jsme-p-ipraveni-ud-lat-dal-i-krok\/\",\"name\":\"Spu\u0161t\u011bn\u00ed nov\u00fdch \u0159e\u0161en\u00ed V2C | Novinky V2C\",\"isPartOf\":{\"@id\":\"https:\/\/v2charge.com\/cs\/#website\"},\"primaryImageOfPage\":{\"@id\":\"https:\/\/v2charge.com\/cs\/energie-se-m-ni-a-ve-v2c-jsme-p-ipraveni-ud-lat-dal-i-krok\/#primaryimage\"},\"image\":{\"@id\":\"https:\/\/v2charge.com\/cs\/energie-se-m-ni-a-ve-v2c-jsme-p-ipraveni-ud-lat-dal-i-krok\/#primaryimage\"},\"thumbnailUrl\":\"https:\/\/v2charge.com\/wp-content\/uploads\/2025\/12\/lanzamiento-nuevas-soluciones-v2c.jpg\",\"datePublished\":\"2025-12-02T10:32:59+00:00\",\"dateModified\":\"2026-04-25T16:41:43+00:00\",\"description\":\"Jsme na prahu nov\u00e9 etapy, kter\u00e1 roz\u0161\u00ed\u0159\u00ed to, k\u00fdm jsme, a co ti m\u016f\u017eeme nab\u00eddnout. Spu\u0161t\u011bn\u00ed 4. prosince 2025.\",\"breadcrumb\":{\"@id\":\"https:\/\/v2charge.com\/cs\/energie-se-m-ni-a-ve-v2c-jsme-p-ipraveni-ud-lat-dal-i-krok\/#breadcrumb\"},\"inLanguage\":\"cs\",\"potentialAction\":[{\"@type\":\"ReadAction\",\"target\":[\"https:\/\/v2charge.com\/cs\/energie-se-m-ni-a-ve-v2c-jsme-p-ipraveni-ud-lat-dal-i-krok\/\"]}]},{\"@type\":\"ImageObject\",\"inLanguage\":\"cs\",\"@id\":\"https:\/\/v2charge.com\/cs\/energie-se-m-ni-a-ve-v2c-jsme-p-ipraveni-ud-lat-dal-i-krok\/#primaryimage\",\"url\":\"https:\/\/v2charge.com\/wp-content\/uploads\/2025\/12\/lanzamiento-nuevas-soluciones-v2c.jpg\",\"contentUrl\":\"https:\/\/v2charge.com\/wp-content\/uploads\/2025\/12\/lanzamiento-nuevas-soluciones-v2c.jpg\",\"width\":960,\"height\":560},{\"@type\":\"BreadcrumbList\",\"@id\":\"https:\/\/v2charge.com\/cs\/energie-se-m-ni-a-ve-v2c-jsme-p-ipraveni-ud-lat-dal-i-krok\/#breadcrumb\",\"itemListElement\":[{\"@type\":\"ListItem\",\"position\":1,\"name\":\"V2C\",\"item\":\"https:\/\/v2charge.com\/cs\/\"},{\"@type\":\"ListItem\",\"position\":2,\"name\":\"Noticias V2C\",\"item\":\"https:\/\/v2charge.com\/es\/noticias-v2c\/\"},{\"@type\":\"ListItem\",\"position\":3,\"name\":\"Energie se m\u011bn\u00ed&#8230; a ve V2C jsme p\u0159ipraveni ud\u011blat dal\u0161\u00ed krok\"}]},{\"@type\":\"WebSite\",\"@id\":\"https:\/\/v2charge.com\/cs\/#website\",\"url\":\"https:\/\/v2charge.com\/cs\/\",\"name\":\"V2C\",\"description\":\"#CargandoElMa\u00f1ana\",\"publisher\":{\"@id\":\"https:\/\/v2charge.com\/cs\/#organization\"},\"potentialAction\":[{\"@type\":\"SearchAction\",\"target\":{\"@type\":\"EntryPoint\",\"urlTemplate\":\"https:\/\/v2charge.com\/cs\/?s={search_term_string}\"},\"query-input\":{\"@type\":\"PropertyValueSpecification\",\"valueRequired\":true,\"valueName\":\"search_term_string\"}}],\"inLanguage\":\"cs\"},{\"@type\":\"Organization\",\"@id\":\"https:\/\/v2charge.com\/cs\/#organization\",\"name\":\"V2C\",\"url\":\"https:\/\/v2charge.com\/cs\/\",\"logo\":{\"@type\":\"ImageObject\",\"inLanguage\":\"cs\",\"@id\":\"https:\/\/v2charge.com\/cs\/#\/schema\/logo\/image\/\",\"url\":\"https:\/\/v2charge.com\/wp-content\/uploads\/2024\/11\/cropped-v2c-charge-logo-menu.png\",\"contentUrl\":\"https:\/\/v2charge.com\/wp-content\/uploads\/2024\/11\/cropped-v2c-charge-logo-menu.png\",\"width\":984,\"height\":431,\"caption\":\"V2C\"},\"image\":{\"@id\":\"https:\/\/v2charge.com\/cs\/#\/schema\/logo\/image\/\"},\"sameAs\":[\"https:\/\/www.facebook.com\/V2C.Charge\",\"https:\/\/x.com\/V2C_Charge\",\"https:\/\/www.instagram.com\/v2c.charge\/\",\"https:\/\/www.youtube.com\/@V2C\",\"https:\/\/www.linkedin.com\/company\/v2c-chargers\/\"]},{\"@type\":\"Person\",\"@id\":\"https:\/\/v2charge.com\/cs\/#\/schema\/person\/d6f210a94a856acdddec347b2127fd0f\",\"name\":\"V2C\",\"image\":{\"@type\":\"ImageObject\",\"inLanguage\":\"cs\",\"@id\":\"https:\/\/v2charge.com\/cs\/#\/schema\/person\/image\/\",\"url\":\"https:\/\/secure.gravatar.com\/avatar\/a91128c4c0d2f4d63bd586301fdec6cc9aa49c885839b25d1c62700f529f267c?s=96&d=mm&r=g\",\"contentUrl\":\"https:\/\/secure.gravatar.com\/avatar\/a91128c4c0d2f4d63bd586301fdec6cc9aa49c885839b25d1c62700f529f267c?s=96&d=mm&r=g\",\"caption\":\"V2C\"}}]}<\/script>\n<!-- \/ Yoast SEO plugin. -->","yoast_head_json":{"title":"Spu\u0161t\u011bn\u00ed nov\u00fdch \u0159e\u0161en\u00ed V2C | Novinky V2C","description":"Jsme na prahu nov\u00e9 etapy, kter\u00e1 roz\u0161\u00ed\u0159\u00ed to, k\u00fdm jsme, a co ti m\u016f\u017eeme nab\u00eddnout. Spu\u0161t\u011bn\u00ed 4. prosince 2025.","robots":{"index":"index","follow":"follow","max-snippet":"max-snippet:-1","max-image-preview":"max-image-preview:large","max-video-preview":"max-video-preview:-1"},"canonical":"https:\/\/v2charge.com\/cs\/energie-se-m-ni-a-ve-v2c-jsme-p-ipraveni-ud-lat-dal-i-krok\/","og_locale":"cs_CZ","og_type":"article","og_title":"Spu\u0161t\u011bn\u00ed nov\u00fdch \u0159e\u0161en\u00ed V2C | Novinky V2C","og_description":"Jsme na prahu nov\u00e9 etapy, kter\u00e1 roz\u0161\u00ed\u0159\u00ed to, k\u00fdm jsme, a co ti m\u016f\u017eeme nab\u00eddnout. Spu\u0161t\u011bn\u00ed 4. prosince 2025.","og_url":"https:\/\/v2charge.com\/cs\/energie-se-m-ni-a-ve-v2c-jsme-p-ipraveni-ud-lat-dal-i-krok\/","og_site_name":"V2C","article_publisher":"https:\/\/www.facebook.com\/V2C.Charge","article_published_time":"2025-12-02T10:32:59+00:00","article_modified_time":"2026-04-25T16:41:43+00:00","og_image":[{"width":960,"height":560,"url":"https:\/\/v2charge.com\/wp-content\/uploads\/2025\/12\/lanzamiento-nuevas-soluciones-v2c.jpg","type":"image\/jpeg"}],"author":"V2C","twitter_card":"summary_large_image","twitter_creator":"@V2C_Charge","twitter_site":"@V2C_Charge","twitter_misc":{"Napsal(a)":"V2C","Odhadovan\u00e1 doba \u010dten\u00ed":"3 minuty"},"schema":{"@context":"https:\/\/schema.org","@graph":[{"@type":"Article","@id":"https:\/\/v2charge.com\/cs\/energie-se-m-ni-a-ve-v2c-jsme-p-ipraveni-ud-lat-dal-i-krok\/#article","isPartOf":{"@id":"https:\/\/v2charge.com\/cs\/energie-se-m-ni-a-ve-v2c-jsme-p-ipraveni-ud-lat-dal-i-krok\/"},"author":{"name":"V2C","@id":"https:\/\/v2charge.com\/cs\/#\/schema\/person\/d6f210a94a856acdddec347b2127fd0f"},"headline":"Energie se m\u011bn\u00ed&#8230; a my ve V2C jsme p\u0159ipraveni ud\u011blat dal\u0161\u00ed krok.","datePublished":"2025-12-02T10:32:59+00:00","dateModified":"2026-04-25T16:41:43+00:00","mainEntityOfPage":{"@id":"https:\/\/v2charge.com\/cs\/energie-se-m-ni-a-ve-v2c-jsme-p-ipraveni-ud-lat-dal-i-krok\/"},"wordCount":226,"publisher":{"@id":"https:\/\/v2charge.com\/cs\/#organization"},"image":{"@id":"https:\/\/v2charge.com\/cs\/energie-se-m-ni-a-ve-v2c-jsme-p-ipraveni-ud-lat-dal-i-krok\/#primaryimage"},"thumbnailUrl":"https:\/\/v2charge.com\/wp-content\/uploads\/2025\/12\/lanzamiento-nuevas-soluciones-v2c.jpg","inLanguage":"cs"},{"@type":"WebPage","@id":"https:\/\/v2charge.com\/cs\/energie-se-m-ni-a-ve-v2c-jsme-p-ipraveni-ud-lat-dal-i-krok\/","url":"https:\/\/v2charge.com\/cs\/energie-se-m-ni-a-ve-v2c-jsme-p-ipraveni-ud-lat-dal-i-krok\/","name":"Spu\u0161t\u011bn\u00ed nov\u00fdch \u0159e\u0161en\u00ed V2C | Novinky V2C","isPartOf":{"@id":"https:\/\/v2charge.com\/cs\/#website"},"primaryImageOfPage":{"@id":"https:\/\/v2charge.com\/cs\/energie-se-m-ni-a-ve-v2c-jsme-p-ipraveni-ud-lat-dal-i-krok\/#primaryimage"},"image":{"@id":"https:\/\/v2charge.com\/cs\/energie-se-m-ni-a-ve-v2c-jsme-p-ipraveni-ud-lat-dal-i-krok\/#primaryimage"},"thumbnailUrl":"https:\/\/v2charge.com\/wp-content\/uploads\/2025\/12\/lanzamiento-nuevas-soluciones-v2c.jpg","datePublished":"2025-12-02T10:32:59+00:00","dateModified":"2026-04-25T16:41:43+00:00","description":"Jsme na prahu nov\u00e9 etapy, kter\u00e1 roz\u0161\u00ed\u0159\u00ed to, k\u00fdm jsme, a co ti m\u016f\u017eeme nab\u00eddnout. Spu\u0161t\u011bn\u00ed 4. prosince 2025.","breadcrumb":{"@id":"https:\/\/v2charge.com\/cs\/energie-se-m-ni-a-ve-v2c-jsme-p-ipraveni-ud-lat-dal-i-krok\/#breadcrumb"},"inLanguage":"cs","potentialAction":[{"@type":"ReadAction","target":["https:\/\/v2charge.com\/cs\/energie-se-m-ni-a-ve-v2c-jsme-p-ipraveni-ud-lat-dal-i-krok\/"]}]},{"@type":"ImageObject","inLanguage":"cs","@id":"https:\/\/v2charge.com\/cs\/energie-se-m-ni-a-ve-v2c-jsme-p-ipraveni-ud-lat-dal-i-krok\/#primaryimage","url":"https:\/\/v2charge.com\/wp-content\/uploads\/2025\/12\/lanzamiento-nuevas-soluciones-v2c.jpg","contentUrl":"https:\/\/v2charge.com\/wp-content\/uploads\/2025\/12\/lanzamiento-nuevas-soluciones-v2c.jpg","width":960,"height":560},{"@type":"BreadcrumbList","@id":"https:\/\/v2charge.com\/cs\/energie-se-m-ni-a-ve-v2c-jsme-p-ipraveni-ud-lat-dal-i-krok\/#breadcrumb","itemListElement":[{"@type":"ListItem","position":1,"name":"V2C","item":"https:\/\/v2charge.com\/cs\/"},{"@type":"ListItem","position":2,"name":"Noticias V2C","item":"https:\/\/v2charge.com\/es\/noticias-v2c\/"},{"@type":"ListItem","position":3,"name":"Energie se m\u011bn\u00ed&#8230; a ve V2C jsme p\u0159ipraveni ud\u011blat dal\u0161\u00ed krok"}]},{"@type":"WebSite","@id":"https:\/\/v2charge.com\/cs\/#website","url":"https:\/\/v2charge.com\/cs\/","name":"V2C","description":"#CargandoElMa\u00f1ana","publisher":{"@id":"https:\/\/v2charge.com\/cs\/#organization"},"potentialAction":[{"@type":"SearchAction","target":{"@type":"EntryPoint","urlTemplate":"https:\/\/v2charge.com\/cs\/?s={search_term_string}"},"query-input":{"@type":"PropertyValueSpecification","valueRequired":true,"valueName":"search_term_string"}}],"inLanguage":"cs"},{"@type":"Organization","@id":"https:\/\/v2charge.com\/cs\/#organization","name":"V2C","url":"https:\/\/v2charge.com\/cs\/","logo":{"@type":"ImageObject","inLanguage":"cs","@id":"https:\/\/v2charge.com\/cs\/#\/schema\/logo\/image\/","url":"https:\/\/v2charge.com\/wp-content\/uploads\/2024\/11\/cropped-v2c-charge-logo-menu.png","contentUrl":"https:\/\/v2charge.com\/wp-content\/uploads\/2024\/11\/cropped-v2c-charge-logo-menu.png","width":984,"height":431,"caption":"V2C"},"image":{"@id":"https:\/\/v2charge.com\/cs\/#\/schema\/logo\/image\/"},"sameAs":["https:\/\/www.facebook.com\/V2C.Charge","https:\/\/x.com\/V2C_Charge","https:\/\/www.instagram.com\/v2c.charge\/","https:\/\/www.youtube.com\/@V2C","https:\/\/www.linkedin.com\/company\/v2c-chargers\/"]},{"@type":"Person","@id":"https:\/\/v2charge.com\/cs\/#\/schema\/person\/d6f210a94a856acdddec347b2127fd0f","name":"V2C","image":{"@type":"ImageObject","inLanguage":"cs","@id":"https:\/\/v2charge.com\/cs\/#\/schema\/person\/image\/","url":"https:\/\/secure.gravatar.com\/avatar\/a91128c4c0d2f4d63bd586301fdec6cc9aa49c885839b25d1c62700f529f267c?s=96&d=mm&r=g","contentUrl":"https:\/\/secure.gravatar.com\/avatar\/a91128c4c0d2f4d63bd586301fdec6cc9aa49c885839b25d1c62700f529f267c?s=96&d=mm&r=g","caption":"V2C"}}]}},"uagb_featured_image_src":{"full":["https:\/\/v2charge.com\/wp-content\/uploads\/2025\/12\/lanzamiento-nuevas-soluciones-v2c.jpg",960,560,false],"thumbnail":["https:\/\/v2charge.com\/wp-content\/uploads\/2025\/12\/lanzamiento-nuevas-soluciones-v2c-150x150.jpg",150,150,true],"medium":["https:\/\/v2charge.com\/wp-content\/uploads\/2025\/12\/lanzamiento-nuevas-soluciones-v2c-300x175.jpg",300,175,true],"medium_large":["https:\/\/v2charge.com\/wp-content\/uploads\/2025\/12\/lanzamiento-nuevas-soluciones-v2c-768x448.jpg",768,448,true],"large":["https:\/\/v2charge.com\/wp-content\/uploads\/2025\/12\/lanzamiento-nuevas-soluciones-v2c.jpg",960,560,false],"gs-tiny":["https:\/\/v2charge.com\/wp-content\/uploads\/2025\/12\/lanzamiento-nuevas-soluciones-v2c-50x29.jpg",50,29,true],"xl":["https:\/\/v2charge.com\/wp-content\/uploads\/2025\/12\/lanzamiento-nuevas-soluciones-v2c.jpg",960,560,false],"xxl":["https:\/\/v2charge.com\/wp-content\/uploads\/2025\/12\/lanzamiento-nuevas-soluciones-v2c.jpg",960,560,false],"xxxl":["https:\/\/v2charge.com\/wp-content\/uploads\/2025\/12\/lanzamiento-nuevas-soluciones-v2c.jpg",960,560,false],"xxxxl":["https:\/\/v2charge.com\/wp-content\/uploads\/2025\/12\/lanzamiento-nuevas-soluciones-v2c.jpg",960,560,false],"xxxxxl":["https:\/\/v2charge.com\/wp-content\/uploads\/2025\/12\/lanzamiento-nuevas-soluciones-v2c.jpg",960,560,false],"1536x1536":["https:\/\/v2charge.com\/wp-content\/uploads\/2025\/12\/lanzamiento-nuevas-soluciones-v2c.jpg",960,560,false],"2048x2048":["https:\/\/v2charge.com\/wp-content\/uploads\/2025\/12\/lanzamiento-nuevas-soluciones-v2c.jpg",960,560,false]},"uagb_author_info":{"display_name":"V2C","author_link":"https:\/\/v2charge.com\/cs\/author\/marketing\/"},"uagb_comment_info":0,"uagb_excerpt":"V posledn\u00edch letech jsme za\u017eili bezprecedentn\u00ed transformaci v tom, jak vyr\u00e1b\u00edme, spot\u0159ebov\u00e1v\u00e1me a spravujeme energii. Elektrick\u00e1 mobilita pokro\u010dila neuv\u011b\u0159iteln\u00fdm tempem&#8230; a to otev\u0159elo dve\u0159e k mnohem v\u011bt\u0161\u00ed zm\u011bn\u011b. Ve spole\u010dnosti V2C jsme v\u017edy jasn\u011b ch\u00e1pali, \u017ee na\u0161e mise p\u0159esahuje nab\u00edjen\u00ed elektrick\u00fdch vozidel: jde o nab\u00edjen\u00ed budoucnosti. Jsme na pokraji vstupu do nov\u00e9 f\u00e1ze, kter\u00e1 roz\u0161\u00ed\u0159\u00ed&hellip;","_links":{"self":[{"href":"https:\/\/v2charge.com\/cs\/wp-json\/wp\/v2\/posts\/318248","targetHints":{"allow":["GET"]}}],"collection":[{"href":"https:\/\/v2charge.com\/cs\/wp-json\/wp\/v2\/posts"}],"about":[{"href":"https:\/\/v2charge.com\/cs\/wp-json\/wp\/v2\/types\/post"}],"author":[{"embeddable":true,"href":"https:\/\/v2charge.com\/cs\/wp-json\/wp\/v2\/users\/400"}],"replies":[{"embeddable":true,"href":"https:\/\/v2charge.com\/cs\/wp-json\/wp\/v2\/comments?post=318248"}],"version-history":[{"count":0,"href":"https:\/\/v2charge.com\/cs\/wp-json\/wp\/v2\/posts\/318248\/revisions"}],"wp:featuredmedia":[{"embeddable":true,"href":"https:\/\/v2charge.com\/cs\/wp-json\/wp\/v2\/media\/285813"}],"wp:attachment":[{"href":"https:\/\/v2charge.com\/cs\/wp-json\/wp\/v2\/media?parent=318248"}],"wp:term":[{"taxonomy":"category","embeddable":true,"href":"https:\/\/v2charge.com\/cs\/wp-json\/wp\/v2\/categories?post=318248"},{"taxonomy":"post_tag","embeddable":true,"href":"https:\/\/v2charge.com\/cs\/wp-json\/wp\/v2\/tags?post=318248"}],"curies":[{"name":"wp","href":"https:\/\/api.w.org\/{rel}","templated":true}]}}