{"id":318255,"date":"2026-01-02T09:30:00","date_gmt":"2026-01-02T07:30:00","guid":{"rendered":""},"modified":"2026-04-25T18:12:42","modified_gmt":"2026-04-25T18:12:42","slug":"model-3-vs-model-y-rozdily-mezi-dv-ma-z-nejprodavan-j-ich-aut","status":"publish","type":"post","link":"https:\/\/v2charge.com\/cs\/model-3-vs-model-y-rozdily-mezi-dv-ma-z-nejprodavan-j-ich-aut\/","title":{"rendered":"Model 3 vs Model Y: rozd\u00edly mezi dv\u011bma z nejprod\u00e1van\u011bj\u0161\u00edch aut"},"content":{"rendered":"<p class=\"my-2 [&amp;+p]:mt-4 [&amp;_strong:has(+br)]:inline-block [&amp;_strong:has(+br)]:pb-2\">V roce 2025 <strong>prodeje elektrick\u00fdch vozidel ve Francii p\u0159ekro\u010d\u00ed<\/strong> <strong>363 000 kus\u016f<\/strong> <strong>ro\u010dn\u011b<\/strong>, p\u0159i\u010dem\u017e pr\u00e9miov\u00fd segment vede p\u0159echod k udr\u017eiteln\u00e9 mobilit\u011b. Renault 5 E-Tech dominuje \u017eeb\u0159\u00ed\u010dku s 37 997 kusy, n\u00e1sleduje Tesla Model Y (2. m\u00edsto, 19 207 kus\u016f) a Citro\u00ebn \u00eb-C3 (3. m\u00edsto, 16 223 kus\u016f); Tesla Model 3, na 17. m\u00edst\u011b s 6 128 kusy, i p\u0159es pokles o 47,3 %, z\u016fst\u00e1v\u00e1 jedn\u00edm z nejspolehliv\u011bj\u0161\u00edch model\u016f na trhu. <strong>Model Y l\u00e1k\u00e1 jako univerz\u00e1ln\u00ed SUV pro aktivn\u00ed rodiny<\/strong>, zat\u00edmco <strong>Model 3 vynik\u00e1 jako obratn\u00e1 limuz\u00edna pro efektivn\u00ed m\u011bstsk\u00e9 cesty<\/strong>; volba z\u00e1vis\u00ed na priorit\u011b, kterou d\u00e1v\u00e1te dynamice nebo ka\u017edodenn\u00ed univerz\u00e1lnosti.<\/p>\n<p class=\"my-2 [&amp;+p]:mt-4 [&amp;_strong:has(+br)]:inline-block [&amp;_strong:has(+br)]:pb-2\">Ve spole\u010dnosti V2C navrhujeme a <strong>vyr\u00e1b\u00edme nab\u00edjec\u00ed stanice pro elektrick\u00e1 vozidla 100 % ve \u0160pan\u011blsku<\/strong>, v tomto \u010dl\u00e1nku se zam\u011b\u0159\u00edme na anal\u00fdzu rozd\u00edl\u016f a podobnost\u00ed dvou nejprod\u00e1van\u011bj\u0161\u00edch elektrick\u00fdch vozidel roku 2025: Tesla Model 3 a Tesla Model Y.<\/p>\n<h2 id=\"cules-son-las-principales-diferencias-entre-model\" class=\"mb-2 mt-4 font-display font-semimedium text-base first:mt-0 md:text-lg [hr+&amp;]:mt-4\">Jak\u00e9 jsou hlavn\u00ed rozd\u00edly mezi Modelem 3 a Modelem Y?<\/h2>\n<p class=\"my-2 [&amp;+p]:mt-4 [&amp;_strong:has(+br)]:inline-block [&amp;_strong:has(+br)]:pb-2\">Model 3 se profiluje jako ide\u00e1ln\u00ed kompaktn\u00ed sedan pro agiln\u00ed m\u011bstskou j\u00edzdu, zat\u00edmco Model Y se vyzna\u010duje jako univerz\u00e1ln\u00ed SUV s vy\u0161\u0161\u00ed sv\u011btlou v\u00fd\u0161kou a v\u00edce prostoru pro rodinu. Tento z\u00e1kladn\u00ed rozd\u00edl v karoserii ur\u010duje jejich ka\u017edodenn\u00ed vyu\u017eit\u00ed: sedan up\u0159ednost\u0148uje aerodynamiku a efektivitu na silnici, SUV nab\u00edz\u00ed univerz\u00e1lnost vhodnou pro m\u00edrn\u00fd ter\u00e9n.<\/p>\n<ul>\n<li class=\"my-2 [&amp;+p]:mt-4 [&amp;_strong:has(+br)]:inline-block [&amp;_strong:has(+br)]:pb-2\"><strong>Karoserie<\/strong>: N\u00edzk\u00fd sedan vs. vyv\u00fd\u0161en\u00e9 SUV, s 5 a\u017e 7 m\u00edsty v Modelu Y.<\/li>\n<li class=\"my-2 [&amp;+p]:mt-4 [&amp;_strong:has(+br)]:inline-block [&amp;_strong:has(+br)]:pb-2\"><strong>Sv\u011btl\u00e1 v\u00fd\u0161ka<\/strong>: 14 cm u Modelu 3 oproti 17 cm u Modelu Y pro lep\u0161\u00ed p\u0159\u00edstupnost.<\/li>\n<li class=\"my-2 [&amp;+p]:mt-4 [&amp;_strong:has(+br)]:inline-block [&amp;_strong:has(+br)]:pb-2\"><strong>V\u00e1ha<\/strong>: Model 3 je leh\u010d\u00ed (p\u0159ibli\u017en\u011b 1 800 kg), co\u017e optimalizuje spot\u0159ebu.<\/li>\n<\/ul>\n<p class=\"my-2 [&amp;+p]:mt-4 [&amp;_strong:has(+br)]:inline-block [&amp;_strong:has(+br)]:pb-2\">Ve spole\u010dnosti V2C v\u00edme, \u017ee na\u0161i z\u00e1kazn\u00edci vyb\u00edraj\u00ed podle sv\u00fdch pot\u0159eb: Model 3 pro del\u0161\u00ed a efektivn\u011bj\u0161\u00ed cesty a Model Y, kdy\u017e pot\u0159ebujete v\u00edce prostoru v ka\u017edodenn\u00edm \u017eivot\u011b.<\/p>\n<p><img decoding=\"async\" class=\"alignnone size-full wp-image-292500\" src=\"https:\/\/v2charge.com\/wp-content\/uploads\/2025\/12\/model-3-vs-model-y-diferencias-precios-tesla-modelos.jpg\" alt=\"Model 3 Vs Model Y: Rozd\u00edly mezi dv\u011bma nejprod\u00e1van\u011bj\u0161\u00edmi vozy\" width=\"960\" height=\"560\" srcset=\"https:\/\/v2charge.com\/wp-content\/uploads\/2025\/12\/model-3-vs-model-y-diferencias-precios-tesla-modelos.jpg 960w, https:\/\/v2charge.com\/wp-content\/uploads\/2025\/12\/model-3-vs-model-y-diferencias-precios-tesla-modelos-300x175.jpg 300w, https:\/\/v2charge.com\/wp-content\/uploads\/2025\/12\/model-3-vs-model-y-diferencias-precios-tesla-modelos-768x448.jpg 768w, https:\/\/v2charge.com\/wp-content\/uploads\/2025\/12\/model-3-vs-model-y-diferencias-precios-tesla-modelos-50x29.jpg 50w\" sizes=\"(max-width: 960px) 100vw, 960px\" \/><\/p>\n<h2 id=\"cul-es-la-diferencia-de-precio-entre-model-3-y-mod\" class=\"mb-2 mt-4 font-display font-semimedium text-base first:mt-0 md:text-lg [hr+&amp;]:mt-4\">Jak\u00fd je cenov\u00fd rozd\u00edl mezi Modelem 3 a Modelem Y?<\/h2>\n<p class=\"my-2 [&amp;+p]:mt-4 [&amp;_strong:has(+br)]:inline-block [&amp;_strong:has(+br)]:pb-2\">Ve Francii za\u010d\u00edn\u00e1 Model 3 na <strong>44.990 \u20ac<\/strong> v z\u00e1kladn\u00ed verzi RWD, s nab\u00eddkami jako leasing nebo slevy, kter\u00e9 jej sni\u017euj\u00ed na p\u0159ibli\u017en\u011b <strong>42.500 \u20ac<\/strong>, zat\u00edmco Model Y za\u010d\u00edn\u00e1 na <strong>46.990 \u20ac<\/strong>, dostupn\u00fd ji\u017e od <strong>44.500 \u20ac<\/strong> v akci, co\u017e vytv\u00e1\u0159\u00ed rozd\u00edl p\u0159ibli\u017en\u011b <strong>2.000 a\u017e 4.000 \u20ac<\/strong> p\u0159i stejn\u00e9 v\u00fdbav\u011b.<\/p>\n<ul>\n<li class=\"my-2 [&amp;+p]:mt-4 [&amp;_strong:has(+br)]:inline-block [&amp;_strong:has(+br)]:pb-2\"><strong>Model 3 RWD<\/strong>: Od <strong>42.500 \u20ac<\/strong> (hotov\u011b nebo na spl\u00e1tky), s 286 hp a <strong>513 km<\/strong> dojezdu WLTP.<\/li>\n<li class=\"my-2 [&amp;+p]:mt-4 [&amp;_strong:has(+br)]:inline-block [&amp;_strong:has(+br)]:pb-2\"><strong>Model Y Propulsion<\/strong>: Od <strong>44.500 \u20ac<\/strong> v nab\u00eddk\u00e1ch, nab\u00edz\u00ed v\u00edce rodinn\u00e9ho prostoru, ale srovnatelnou energetickou efektivitu.<\/li>\n<li><strong>Kl\u00ed\u010dov\u00fd rozd\u00edl<\/strong>: <strong>2.000-4.000 \u20ac<\/strong> podle akc\u00ed, co\u017e \u010din\u00ed sedan dostupn\u011bj\u0161\u00ed volbou pro m\u011bstsk\u00e9 profesion\u00e1ly.<\/li>\n<\/ul>\n<h2 id=\"qu-autonoma-tiene-el-model-3-frente-al-model-y\" class=\"mb-2 mt-4 font-display font-semimedium text-base first:mt-0 md:text-lg [hr+&amp;]:mt-4\">Jak\u00fd dojezd nab\u00edz\u00ed Model 3 ve srovn\u00e1n\u00ed s Modelem Y?<\/h2>\n<p class=\"my-2 [&amp;+p]:mt-4 [&amp;_strong:has(+br)]:inline-block [&amp;_strong:has(+br)]:pb-2\">Model 3 dosahuje a\u017e 600 km WLTP ve sv\u00fdch verz\u00edch Long Range, m\u00edrn\u011b p\u0159ekon\u00e1vaj\u00edc\u00ed Model Y s 550 km d\u00edky sv\u00e9 ni\u017e\u0161\u00ed hmotnosti a sn\u00ed\u017een\u00e9mu aerodynamick\u00e9mu odporu. SUV v\u0161ak kompenzuje podobn\u00fdmi bateriemi, ale s vy\u0161\u0161\u00ed praktickou kapacitou.<\/p>\n<ul>\n<li class=\"my-2 [&amp;+p]:mt-4 [&amp;_strong:has(+br)]:inline-block [&amp;_strong:has(+br)]:pb-2\"><strong>Model 3<\/strong>: 500 a\u017e 600 km, ide\u00e1ln\u00ed pro dlouh\u00e9 d\u00e1lni\u010dn\u00ed cesty.<\/li>\n<li class=\"my-2 [&amp;+p]:mt-4 [&amp;_strong:has(+br)]:inline-block [&amp;_strong:has(+br)]:pb-2\"><strong>Model Y<\/strong>: 450 a\u017e 550 km, dob\u0159e vyv\u00e1\u017een\u00e9 pro rodiny.<\/li>\n<li class=\"my-2 [&amp;+p]:mt-4 [&amp;_strong:has(+br)]:inline-block [&amp;_strong:has(+br)]:pb-2\"><strong>Spot\u0159eba<\/strong>: 15 kWh\/100 km pro sedan vs 17 kWh\/100 km pro SUV.<\/li>\n<\/ul>\n<p>Od V2C doporu\u010dujeme na\u0161i s\u00ed\u0165 <strong><a href=\"https:\/\/v2charge.com\/fr\/trouvez-votre-installateur\/\"><span class=\"text-box-trim-both\">instalat\u00e9r\u016f nab\u00edjec\u00edch stanic<\/span><\/a><\/strong> pro instalaci nab\u00edjec\u00ed stanice pro elektrick\u00e9 vozidlo s dynamick\u00fdm \u0159\u00edzen\u00edm v\u00fdkonu a tak\u00e9 s <span class=\"text-box-trim-both\">EcoCharging<\/span>, propriet\u00e1rn\u00ed AI od V2C, kter\u00e1 automaticky nabije va\u0161e vozidlo b\u011bhem nejlevn\u011bj\u0161\u00edch hodin dne.<\/p>\n<p><img decoding=\"async\" class=\"alignnone size-full wp-image-292511\" src=\"https:\/\/v2charge.com\/wp-content\/uploads\/2025\/12\/model-3-vs-model-y-diferencias-precios-tesla-estructura.jpg\" alt=\"Model 3 Vs Model Y: Rozd\u00edly mezi dv\u011bma nejprod\u00e1van\u011bj\u0161\u00edmi vozy\" width=\"960\" height=\"560\" srcset=\"https:\/\/v2charge.com\/wp-content\/uploads\/2025\/12\/model-3-vs-model-y-diferencias-precios-tesla-estructura.jpg 960w, https:\/\/v2charge.com\/wp-content\/uploads\/2025\/12\/model-3-vs-model-y-diferencias-precios-tesla-estructura-300x175.jpg 300w, https:\/\/v2charge.com\/wp-content\/uploads\/2025\/12\/model-3-vs-model-y-diferencias-precios-tesla-estructura-768x448.jpg 768w, https:\/\/v2charge.com\/wp-content\/uploads\/2025\/12\/model-3-vs-model-y-diferencias-precios-tesla-estructura-50x29.jpg 50w\" sizes=\"(max-width: 960px) 100vw, 960px\" \/><\/p>\n<h2 id=\"cules-son-los-tiempos-de-carga-con-cargador-de-73\" class=\"mb-2 mt-4 font-display font-semimedium text-base first:mt-0 md:text-lg [hr+&amp;]:mt-4\">Jak\u00e9 jsou doby nab\u00edjen\u00ed s nab\u00edje\u010dkou 7,3 kW a kapacita baterie u Modelu 3 vs Modelu Y?<\/h2>\n<p class=\"my-2 [&amp;+p]:mt-4 [&amp;_strong:has(+br)]:inline-block [&amp;_strong:has(+br)]:pb-2\">S <strong>monof\u00e1zovou nab\u00edje\u010dkou 7,3 kW<\/strong>, typickou pro dom\u00e1cnosti, se Model 3 RWD (60 kWh) pln\u011b nabije za p\u0159ibli\u017en\u011b 7 hodin, zat\u00edmco Long Range (75 kWh) pot\u0159ebuje 9 hodin; Model Y n\u00e1sleduje podobn\u00e9 vzorce, ale s upraven\u00fdmi dojezdy kv\u016fli vy\u0161\u0161\u00ed hmotnosti, co\u017e vy\u017eaduje preferenci no\u010dn\u00edch nab\u00edjen\u00ed pro maximalizaci efektivity.<\/p>\n<table class=\"border-subtler my-[1em] w-full table-auto border-separate border-spacing-0 border-l border-t\">\n<thead class=\"bg-subtler\">\n<tr>\n<th class=\"border-subtler p-sm break-normal border-b border-r text-left align-top\">Verze<\/th>\n<th class=\"border-subtler p-sm break-normal border-b border-r text-left align-top\">Kapacita baterie<\/th>\n<th class=\"border-subtler p-sm break-normal border-b border-r text-left align-top\">Dojezd WLTP<\/th>\n<th class=\"border-subtler p-sm break-normal border-b border-r text-left align-top\">Doba pln\u00e9ho nabit\u00ed (7,3 kW)<\/th>\n<th class=\"border-subtler p-sm break-normal border-b border-r text-left align-top\">Doba 10-80% (7,3 kW)<\/th>\n<\/tr>\n<\/thead>\n<tbody>\n<tr>\n<td class=\"px-sm border-subtler min-w-[48px] break-normal border-b border-r\">Model 3 RWD<\/td>\n<td class=\"px-sm border-subtler min-w-[48px] break-normal border-b border-r\">60 kWh<\/td>\n<td class=\"px-sm border-subtler min-w-[48px] break-normal border-b border-r\">513 km<\/td>\n<td class=\"px-sm border-subtler min-w-[48px] break-normal border-b border-r\">~10 hodin<\/td>\n<td class=\"px-sm border-subtler min-w-[48px] break-normal border-b border-r\">~7 hodin<\/td>\n<\/tr>\n<tr>\n<td class=\"px-sm border-subtler min-w-[48px] break-normal border-b border-r\">Model 3 Long Range<\/td>\n<td class=\"px-sm border-subtler min-w-[48px] break-normal border-b border-r\">75 kWh<\/td>\n<td class=\"px-sm border-subtler min-w-[48px] break-normal border-b border-r\">612 km<\/td>\n<td class=\"px-sm border-subtler min-w-[48px] break-normal border-b border-r\">~12 hodin<\/td>\n<td class=\"px-sm border-subtler min-w-[48px] break-normal border-b border-r\">~9 hodin<\/td>\n<\/tr>\n<tr>\n<td class=\"px-sm border-subtler min-w-[48px] break-normal border-b border-r\">Model Y RWD<\/td>\n<td class=\"px-sm border-subtler min-w-[48px] break-normal border-b border-r\">57,5-60 kWh<\/td>\n<td class=\"px-sm border-subtler min-w-[48px] break-normal border-b border-r\">450-500 km<\/td>\n<td class=\"px-sm border-subtler min-w-[48px] break-normal border-b border-r\">~9-10 hodin<\/td>\n<td class=\"px-sm border-subtler min-w-[48px] break-normal border-b border-r\">~7 hodin<\/td>\n<\/tr>\n<tr>\n<td class=\"px-sm border-subtler min-w-[48px] break-normal border-b border-r\">Model Y Long Range<\/td>\n<td class=\"px-sm border-subtler min-w-[48px] break-normal border-b border-r\">75 kWh<\/td>\n<td class=\"px-sm border-subtler min-w-[48px] break-normal border-b border-r\">550 km<\/td>\n<td class=\"px-sm border-subtler min-w-[48px] break-normal border-b border-r\">~12 hodin<\/td>\n<td class=\"px-sm border-subtler min-w-[48px] break-normal border-b border-r\">~9 hodin<\/td>\n<\/tr>\n<\/tbody>\n<\/table>\n<ul>\n<li class=\"my-2 [&amp;+p]:mt-4 [&amp;_strong:has(+br)]:inline-block [&amp;_strong:has(+br)]:pb-2\"><strong>Skute\u010dn\u00e1 efektivita<\/strong>: Model 3 spot\u0159ebov\u00e1v\u00e1 14-18 kWh\/100 km, lep\u0161\u00ed ne\u017e 17 kWh\/100 km u Modelu Y d\u00edky sv\u00e9 aerodynamice; ob\u011b akceptuj\u00ed a\u017e 11 kW v AC, ale 7,3 kW z\u016fst\u00e1v\u00e1 normou v dom\u00e1cnostech.<\/li>\n<li class=\"my-2 [&amp;+p]:mt-4 [&amp;_strong:has(+br)]:inline-block [&amp;_strong:has(+br)]:pb-2\"><strong>Praktick\u00e1 v\u00fdhoda<\/strong>: No\u010dn\u00ed nab\u00edjen\u00ed pokr\u00fdv\u00e1 v\u00edce ne\u017e 300 km denn\u011b; Model 3 je v\u00fdhodn\u011bj\u0161\u00ed pro dlouh\u00e9 cesty, Model Y z hlediska rodinn\u00e9 univerz\u00e1lnosti.<\/li>\n<\/ul>\n<h2 id=\"cmo-se-comparan-en-espacio-interior-y-maletero-mod\" class=\"mb-2 mt-4 font-display font-semimedium text-base first:mt-0 md:text-lg [hr+&amp;]:mt-4\">Jak se porovn\u00e1vaj\u00ed vnit\u0159n\u00ed prostor a zavazadlov\u00fd prostor Modelu 3 vs Modelu Y?<\/h2>\n<p class=\"my-2 [&amp;+p]:mt-4 [&amp;_strong:has(+br)]:inline-block [&amp;_strong:has(+br)]:pb-2\">Model Y t\u00e9m\u011b\u0159 zdvojn\u00e1sobuje objem zavazadlov\u00e9ho prostoru (a\u017e 2 000 litr\u016f se sklopen\u00fdmi sedadly) ve srovn\u00e1n\u00ed s Modelem 3 (425 litr\u016f), s panoramatickou st\u0159echou a mo\u017enost\u00ed t\u0159et\u00ed \u0159ady pro sedm osob. Sedan nab\u00edz\u00ed minimalistick\u00fd interi\u00e9r pro p\u011bt osob, zam\u011b\u0159en\u00fd na ergonomii vysok\u00e9 kvality.<\/p>\n<ul>\n<li class=\"my-2 [&amp;+p]:mt-4 [&amp;_strong:has(+br)]:inline-block [&amp;_strong:has(+br)]:pb-2\"><strong>Zavazadlov\u00fd prostor<\/strong>: 425 L (Model 3) vs 854 L + frunk (Model Y).<\/li>\n<li class=\"my-2 [&amp;+p]:mt-4 [&amp;_strong:has(+br)]:inline-block [&amp;_strong:has(+br)]:pb-2\"><strong>M\u00edsta<\/strong>: 5 vs a\u017e 7, s v\u011bt\u0161\u00ed v\u00fd\u0161kou stropu v SUV.<\/li>\n<li class=\"my-2 [&amp;+p]:mt-4 [&amp;_strong:has(+br)]:inline-block [&amp;_strong:has(+br)]:pb-2\"><strong>Interi\u00e9r<\/strong>: Stejn\u00fd centr\u00e1ln\u00ed displej, ale Model Y je prostorn\u011bj\u0161\u00ed vzadu.<\/li>\n<\/ul>\n<h2 id=\"en-rendimiento-y-aceleracin-gana-el-model-3-o-el-m\" class=\"mb-2 mt-4 font-display font-semimedium text-base first:mt-0 md:text-lg [hr+&amp;]:mt-4\">V oblasti v\u00fdkonu a zrychlen\u00ed vyhr\u00e1v\u00e1 Model 3 nebo Model Y?<\/h2>\n<p class=\"my-2 [&amp;+p]:mt-4 [&amp;_strong:has(+br)]:inline-block [&amp;\n<figure class=\"wp-block-image\"><a href=\"https:\/\/v2charge.com\/store\/fr\/produit\/trydan\/\"><img decoding=\"async\" width=\"818\" height=\"818\" src=\"https:\/\/v2charge.com\/wp-content\/uploads\/2025\/08\/chargeur-voiture-electrique-plus-intelligent-v2c.jpg\" alt=\"\" class=\"wp-image-245369\" srcset=\"https:\/\/v2charge.com\/wp-content\/uploads\/2025\/08\/chargeur-voiture-electrique-plus-intelligent-v2c.jpg 818w, https:\/\/v2charge.com\/wp-content\/uploads\/2025\/08\/chargeur-voiture-electrique-plus-intelligent-v2c-300x300.jpg 300w, https:\/\/v2charge.com\/wp-content\/uploads\/2025\/08\/chargeur-voiture-electrique-plus-intelligent-v2c-150x150.jpg 150w, https:\/\/v2charge.com\/wp-content\/uploads\/2025\/08\/chargeur-voiture-electrique-plus-intelligent-v2c-768x768.jpg 768w, https:\/\/v2charge.com\/wp-content\/uploads\/2025\/08\/chargeur-voiture-electrique-plus-intelligent-v2c-50x50.jpg 50w\" sizes=\"(max-width: 818px) 100vw, 818px\" \/><\/a><\/figure>\n","protected":false},"excerpt":{"rendered":"<p>V roce 2025 prodeje elektrick\u00fdch vozidel ve Francii p\u0159ekro\u010d\u00ed 363 000 kus\u016f ro\u010dn\u011b, p\u0159i\u010dem\u017e pr\u00e9miov\u00fd segment vede p\u0159echod k udr\u017eiteln\u00e9 mobilit\u011b. Renault 5 E-Tech dominuje \u017eeb\u0159\u00ed\u010dku s 37 997 kusy, n\u00e1sleduje Tesla Model Y (2. m\u00edsto, 19 207 kus\u016f) a Citro\u00ebn \u00eb-C3 (3. m\u00edsto, 16 223 kus\u016f); Tesla Model 3, na 17. m\u00edst\u011b s 6 &#8230; <a title=\"Model 3 vs Model Y: rozd\u00edly mezi dv\u011bma z nejprod\u00e1van\u011bj\u0161\u00edch aut\" class=\"read-more\" href=\"https:\/\/v2charge.com\/cs\/model-3-vs-model-y-rozdily-mezi-dv-ma-z-nejprodavan-j-ich-aut\/\" aria-label=\"Read more about Model 3 vs Model Y: rozd\u00edly mezi dv\u011bma z nejprod\u00e1van\u011bj\u0161\u00edch aut\">\u010c\u00edst d\u00e1l<\/a><\/p>\n","protected":false},"author":400,"featured_media":292489,"comment_status":"closed","ping_status":"closed","sticky":false,"template":"","format":"standard","meta":{"_eb_attr":"","content-type":"","_uag_custom_page_level_css":"","footnotes":""},"categories":[],"tags":[],"class_list":["post-318255","post","type-post","status-publish","format-standard","has-post-thumbnail","hentry"],"yoast_head":"<!-- This site is optimized with the Yoast SEO plugin v25.3.1 - https:\/\/yoast.com\/wordpress\/plugins\/seo\/ -->\n<title>Model 3 Vs Model Y: Rozd\u00edly a podobnosti Kter\u00fd si vybrat?<\/title>\n<meta name=\"description\" content=\"Jak\u00fd model Tesla si vybrat? Porovn\u00e1v\u00e1me Model 3 a Model Y od Tesly. Objevte v\u0161echny jejich rozd\u00edly a podobnosti. Ceny a vlastnosti.\" \/>\n<meta name=\"robots\" content=\"index, follow, max-snippet:-1, max-image-preview:large, max-video-preview:-1\" \/>\n<link rel=\"canonical\" href=\"https:\/\/v2charge.com\/cs\/model-3-vs-model-y-rozdily-mezi-dv-ma-z-nejprodavan-j-ich-aut\/\" \/>\n<meta property=\"og:locale\" content=\"cs_CZ\" \/>\n<meta property=\"og:type\" content=\"article\" \/>\n<meta property=\"og:title\" content=\"Model 3 Vs Model Y: Rozd\u00edly a podobnosti Kter\u00fd si vybrat?\" \/>\n<meta property=\"og:description\" content=\"Jak\u00fd model Tesla si vybrat? Porovn\u00e1v\u00e1me Model 3 a Model Y od Tesly. Objevte v\u0161echny jejich rozd\u00edly a podobnosti. Ceny a vlastnosti.\" \/>\n<meta property=\"og:url\" content=\"https:\/\/v2charge.com\/cs\/model-3-vs-model-y-rozdily-mezi-dv-ma-z-nejprodavan-j-ich-aut\/\" \/>\n<meta property=\"og:site_name\" content=\"V2C\" \/>\n<meta property=\"article:publisher\" content=\"https:\/\/www.facebook.com\/V2C.Charge\" \/>\n<meta property=\"article:published_time\" content=\"2026-01-02T07:30:00+00:00\" \/>\n<meta property=\"article:modified_time\" content=\"2026-04-25T18:12:42+00:00\" \/>\n<meta property=\"og:image\" content=\"https:\/\/v2charge.com\/wp-content\/uploads\/2025\/12\/model-3-vs-model-y-diferencias-precios-tesla.jpg\" \/>\n\t<meta property=\"og:image:width\" content=\"960\" \/>\n\t<meta property=\"og:image:height\" content=\"560\" \/>\n\t<meta property=\"og:image:type\" content=\"image\/jpeg\" \/>\n<meta name=\"author\" content=\"V2C\" \/>\n<meta name=\"twitter:card\" content=\"summary_large_image\" \/>\n<meta name=\"twitter:creator\" content=\"@V2C_Charge\" \/>\n<meta name=\"twitter:site\" content=\"@V2C_Charge\" \/>\n<meta name=\"twitter:label1\" content=\"Napsal(a)\" \/>\n\t<meta name=\"twitter:data1\" content=\"V2C\" \/>\n\t<meta name=\"twitter:label2\" content=\"Odhadovan\u00e1 doba \u010dten\u00ed\" \/>\n\t<meta name=\"twitter:data2\" content=\"7 minut\" \/>\n<script type=\"application\/ld+json\" class=\"yoast-schema-graph\">{\"@context\":\"https:\/\/schema.org\",\"@graph\":[{\"@type\":\"Article\",\"@id\":\"https:\/\/v2charge.com\/cs\/model-3-vs-model-y-rozdily-mezi-dv-ma-z-nejprodavan-j-ich-aut\/#article\",\"isPartOf\":{\"@id\":\"https:\/\/v2charge.com\/cs\/model-3-vs-model-y-rozdily-mezi-dv-ma-z-nejprodavan-j-ich-aut\/\"},\"author\":{\"name\":\"V2C\",\"@id\":\"https:\/\/v2charge.com\/cs\/#\/schema\/person\/d6f210a94a856acdddec347b2127fd0f\"},\"headline\":\"Model 3 vs Model Y: rozd\u00edly mezi dv\u011bma z nejprod\u00e1van\u011bj\u0161\u00edch aut\",\"datePublished\":\"2026-01-02T07:30:00+00:00\",\"dateModified\":\"2026-04-25T18:12:42+00:00\",\"mainEntityOfPage\":{\"@id\":\"https:\/\/v2charge.com\/cs\/model-3-vs-model-y-rozdily-mezi-dv-ma-z-nejprodavan-j-ich-aut\/\"},\"wordCount\":888,\"publisher\":{\"@id\":\"https:\/\/v2charge.com\/cs\/#organization\"},\"image\":{\"@id\":\"https:\/\/v2charge.com\/cs\/model-3-vs-model-y-rozdily-mezi-dv-ma-z-nejprodavan-j-ich-aut\/#primaryimage\"},\"thumbnailUrl\":\"https:\/\/v2charge.com\/wp-content\/uploads\/2025\/12\/model-3-vs-model-y-diferencias-precios-tesla.jpg\",\"inLanguage\":\"cs\"},{\"@type\":\"WebPage\",\"@id\":\"https:\/\/v2charge.com\/cs\/model-3-vs-model-y-rozdily-mezi-dv-ma-z-nejprodavan-j-ich-aut\/\",\"url\":\"https:\/\/v2charge.com\/cs\/model-3-vs-model-y-rozdily-mezi-dv-ma-z-nejprodavan-j-ich-aut\/\",\"name\":\"Model 3 Vs Model Y: Rozd\u00edly a podobnosti Kter\u00fd si vybrat?\",\"isPartOf\":{\"@id\":\"https:\/\/v2charge.com\/cs\/#website\"},\"primaryImageOfPage\":{\"@id\":\"https:\/\/v2charge.com\/cs\/model-3-vs-model-y-rozdily-mezi-dv-ma-z-nejprodavan-j-ich-aut\/#primaryimage\"},\"image\":{\"@id\":\"https:\/\/v2charge.com\/cs\/model-3-vs-model-y-rozdily-mezi-dv-ma-z-nejprodavan-j-ich-aut\/#primaryimage\"},\"thumbnailUrl\":\"https:\/\/v2charge.com\/wp-content\/uploads\/2025\/12\/model-3-vs-model-y-diferencias-precios-tesla.jpg\",\"datePublished\":\"2026-01-02T07:30:00+00:00\",\"dateModified\":\"2026-04-25T18:12:42+00:00\",\"description\":\"Jak\u00fd model Tesla si vybrat? Porovn\u00e1v\u00e1me Model 3 a Model Y od Tesly. Objevte v\u0161echny jejich rozd\u00edly a podobnosti. Ceny a vlastnosti.\",\"breadcrumb\":{\"@id\":\"https:\/\/v2charge.com\/cs\/model-3-vs-model-y-rozdily-mezi-dv-ma-z-nejprodavan-j-ich-aut\/#breadcrumb\"},\"inLanguage\":\"cs\",\"potentialAction\":[{\"@type\":\"ReadAction\",\"target\":[\"https:\/\/v2charge.com\/cs\/model-3-vs-model-y-rozdily-mezi-dv-ma-z-nejprodavan-j-ich-aut\/\"]}]},{\"@type\":\"ImageObject\",\"inLanguage\":\"cs\",\"@id\":\"https:\/\/v2charge.com\/cs\/model-3-vs-model-y-rozdily-mezi-dv-ma-z-nejprodavan-j-ich-aut\/#primaryimage\",\"url\":\"https:\/\/v2charge.com\/wp-content\/uploads\/2025\/12\/model-3-vs-model-y-diferencias-precios-tesla.jpg\",\"contentUrl\":\"https:\/\/v2charge.com\/wp-content\/uploads\/2025\/12\/model-3-vs-model-y-diferencias-precios-tesla.jpg\",\"width\":960,\"height\":560,\"caption\":\"Model 3 Vs Model Y: Las diferencias entre dos de los coches m\u00e1s vendidos\"},{\"@type\":\"BreadcrumbList\",\"@id\":\"https:\/\/v2charge.com\/cs\/model-3-vs-model-y-rozdily-mezi-dv-ma-z-nejprodavan-j-ich-aut\/#breadcrumb\",\"itemListElement\":[{\"@type\":\"ListItem\",\"position\":1,\"name\":\"V2C\",\"item\":\"https:\/\/v2charge.com\/cs\/\"},{\"@type\":\"ListItem\",\"position\":2,\"name\":\"Coches el\u00e9ctricos\",\"item\":\"https:\/\/v2charge.com\/es\/coches-electricos\/\"},{\"@type\":\"ListItem\",\"position\":3,\"name\":\"Model 3 Vs Model Y: Rozd\u00edly mezi dv\u011bma z nejprod\u00e1van\u011bj\u0161\u00edch aut\"}]},{\"@type\":\"WebSite\",\"@id\":\"https:\/\/v2charge.com\/cs\/#website\",\"url\":\"https:\/\/v2charge.com\/cs\/\",\"name\":\"V2C\",\"description\":\"#CargandoElMa\u00f1ana\",\"publisher\":{\"@id\":\"https:\/\/v2charge.com\/cs\/#organization\"},\"potentialAction\":[{\"@type\":\"SearchAction\",\"target\":{\"@type\":\"EntryPoint\",\"urlTemplate\":\"https:\/\/v2charge.com\/cs\/?s={search_term_string}\"},\"query-input\":{\"@type\":\"PropertyValueSpecification\",\"valueRequired\":true,\"valueName\":\"search_term_string\"}}],\"inLanguage\":\"cs\"},{\"@type\":\"Organization\",\"@id\":\"https:\/\/v2charge.com\/cs\/#organization\",\"name\":\"V2C\",\"url\":\"https:\/\/v2charge.com\/cs\/\",\"logo\":{\"@type\":\"ImageObject\",\"inLanguage\":\"cs\",\"@id\":\"https:\/\/v2charge.com\/cs\/#\/schema\/logo\/image\/\",\"url\":\"https:\/\/v2charge.com\/wp-content\/uploads\/2024\/11\/cropped-v2c-charge-logo-menu.png\",\"contentUrl\":\"https:\/\/v2charge.com\/wp-content\/uploads\/2024\/11\/cropped-v2c-charge-logo-menu.png\",\"width\":984,\"height\":431,\"caption\":\"V2C\"},\"image\":{\"@id\":\"https:\/\/v2charge.com\/cs\/#\/schema\/logo\/image\/\"},\"sameAs\":[\"https:\/\/www.facebook.com\/V2C.Charge\",\"https:\/\/x.com\/V2C_Charge\",\"https:\/\/www.instagram.com\/v2c.charge\/\",\"https:\/\/www.youtube.com\/@V2C\",\"https:\/\/www.linkedin.com\/company\/v2c-chargers\/\"]},{\"@type\":\"Person\",\"@id\":\"https:\/\/v2charge.com\/cs\/#\/schema\/person\/d6f210a94a856acdddec347b2127fd0f\",\"name\":\"V2C\",\"image\":{\"@type\":\"ImageObject\",\"inLanguage\":\"cs\",\"@id\":\"https:\/\/v2charge.com\/cs\/#\/schema\/person\/image\/\",\"url\":\"https:\/\/secure.gravatar.com\/avatar\/a91128c4c0d2f4d63bd586301fdec6cc9aa49c885839b25d1c62700f529f267c?s=96&d=mm&r=g\",\"contentUrl\":\"https:\/\/secure.gravatar.com\/avatar\/a91128c4c0d2f4d63bd586301fdec6cc9aa49c885839b25d1c62700f529f267c?s=96&d=mm&r=g\",\"caption\":\"V2C\"}}]}<\/script>\n<!-- \/ Yoast SEO plugin. -->","yoast_head_json":{"title":"Model 3 Vs Model Y: Rozd\u00edly a podobnosti Kter\u00fd si vybrat?","description":"Jak\u00fd model Tesla si vybrat? Porovn\u00e1v\u00e1me Model 3 a Model Y od Tesly. Objevte v\u0161echny jejich rozd\u00edly a podobnosti. Ceny a vlastnosti.","robots":{"index":"index","follow":"follow","max-snippet":"max-snippet:-1","max-image-preview":"max-image-preview:large","max-video-preview":"max-video-preview:-1"},"canonical":"https:\/\/v2charge.com\/cs\/model-3-vs-model-y-rozdily-mezi-dv-ma-z-nejprodavan-j-ich-aut\/","og_locale":"cs_CZ","og_type":"article","og_title":"Model 3 Vs Model Y: Rozd\u00edly a podobnosti Kter\u00fd si vybrat?","og_description":"Jak\u00fd model Tesla si vybrat? Porovn\u00e1v\u00e1me Model 3 a Model Y od Tesly. Objevte v\u0161echny jejich rozd\u00edly a podobnosti. Ceny a vlastnosti.","og_url":"https:\/\/v2charge.com\/cs\/model-3-vs-model-y-rozdily-mezi-dv-ma-z-nejprodavan-j-ich-aut\/","og_site_name":"V2C","article_publisher":"https:\/\/www.facebook.com\/V2C.Charge","article_published_time":"2026-01-02T07:30:00+00:00","article_modified_time":"2026-04-25T18:12:42+00:00","og_image":[{"width":960,"height":560,"url":"https:\/\/v2charge.com\/wp-content\/uploads\/2025\/12\/model-3-vs-model-y-diferencias-precios-tesla.jpg","type":"image\/jpeg"}],"author":"V2C","twitter_card":"summary_large_image","twitter_creator":"@V2C_Charge","twitter_site":"@V2C_Charge","twitter_misc":{"Napsal(a)":"V2C","Odhadovan\u00e1 doba \u010dten\u00ed":"7 minut"},"schema":{"@context":"https:\/\/schema.org","@graph":[{"@type":"Article","@id":"https:\/\/v2charge.com\/cs\/model-3-vs-model-y-rozdily-mezi-dv-ma-z-nejprodavan-j-ich-aut\/#article","isPartOf":{"@id":"https:\/\/v2charge.com\/cs\/model-3-vs-model-y-rozdily-mezi-dv-ma-z-nejprodavan-j-ich-aut\/"},"author":{"name":"V2C","@id":"https:\/\/v2charge.com\/cs\/#\/schema\/person\/d6f210a94a856acdddec347b2127fd0f"},"headline":"Model 3 vs Model Y: rozd\u00edly mezi dv\u011bma z nejprod\u00e1van\u011bj\u0161\u00edch aut","datePublished":"2026-01-02T07:30:00+00:00","dateModified":"2026-04-25T18:12:42+00:00","mainEntityOfPage":{"@id":"https:\/\/v2charge.com\/cs\/model-3-vs-model-y-rozdily-mezi-dv-ma-z-nejprodavan-j-ich-aut\/"},"wordCount":888,"publisher":{"@id":"https:\/\/v2charge.com\/cs\/#organization"},"image":{"@id":"https:\/\/v2charge.com\/cs\/model-3-vs-model-y-rozdily-mezi-dv-ma-z-nejprodavan-j-ich-aut\/#primaryimage"},"thumbnailUrl":"https:\/\/v2charge.com\/wp-content\/uploads\/2025\/12\/model-3-vs-model-y-diferencias-precios-tesla.jpg","inLanguage":"cs"},{"@type":"WebPage","@id":"https:\/\/v2charge.com\/cs\/model-3-vs-model-y-rozdily-mezi-dv-ma-z-nejprodavan-j-ich-aut\/","url":"https:\/\/v2charge.com\/cs\/model-3-vs-model-y-rozdily-mezi-dv-ma-z-nejprodavan-j-ich-aut\/","name":"Model 3 Vs Model Y: Rozd\u00edly a podobnosti Kter\u00fd si vybrat?","isPartOf":{"@id":"https:\/\/v2charge.com\/cs\/#website"},"primaryImageOfPage":{"@id":"https:\/\/v2charge.com\/cs\/model-3-vs-model-y-rozdily-mezi-dv-ma-z-nejprodavan-j-ich-aut\/#primaryimage"},"image":{"@id":"https:\/\/v2charge.com\/cs\/model-3-vs-model-y-rozdily-mezi-dv-ma-z-nejprodavan-j-ich-aut\/#primaryimage"},"thumbnailUrl":"https:\/\/v2charge.com\/wp-content\/uploads\/2025\/12\/model-3-vs-model-y-diferencias-precios-tesla.jpg","datePublished":"2026-01-02T07:30:00+00:00","dateModified":"2026-04-25T18:12:42+00:00","description":"Jak\u00fd model Tesla si vybrat? Porovn\u00e1v\u00e1me Model 3 a Model Y od Tesly. Objevte v\u0161echny jejich rozd\u00edly a podobnosti. Ceny a vlastnosti.","breadcrumb":{"@id":"https:\/\/v2charge.com\/cs\/model-3-vs-model-y-rozdily-mezi-dv-ma-z-nejprodavan-j-ich-aut\/#breadcrumb"},"inLanguage":"cs","potentialAction":[{"@type":"ReadAction","target":["https:\/\/v2charge.com\/cs\/model-3-vs-model-y-rozdily-mezi-dv-ma-z-nejprodavan-j-ich-aut\/"]}]},{"@type":"ImageObject","inLanguage":"cs","@id":"https:\/\/v2charge.com\/cs\/model-3-vs-model-y-rozdily-mezi-dv-ma-z-nejprodavan-j-ich-aut\/#primaryimage","url":"https:\/\/v2charge.com\/wp-content\/uploads\/2025\/12\/model-3-vs-model-y-diferencias-precios-tesla.jpg","contentUrl":"https:\/\/v2charge.com\/wp-content\/uploads\/2025\/12\/model-3-vs-model-y-diferencias-precios-tesla.jpg","width":960,"height":560,"caption":"Model 3 Vs Model Y: Las diferencias entre dos de los coches m\u00e1s vendidos"},{"@type":"BreadcrumbList","@id":"https:\/\/v2charge.com\/cs\/model-3-vs-model-y-rozdily-mezi-dv-ma-z-nejprodavan-j-ich-aut\/#breadcrumb","itemListElement":[{"@type":"ListItem","position":1,"name":"V2C","item":"https:\/\/v2charge.com\/cs\/"},{"@type":"ListItem","position":2,"name":"Coches el\u00e9ctricos","item":"https:\/\/v2charge.com\/es\/coches-electricos\/"},{"@type":"ListItem","position":3,"name":"Model 3 Vs Model Y: Rozd\u00edly mezi dv\u011bma z nejprod\u00e1van\u011bj\u0161\u00edch aut"}]},{"@type":"WebSite","@id":"https:\/\/v2charge.com\/cs\/#website","url":"https:\/\/v2charge.com\/cs\/","name":"V2C","description":"#CargandoElMa\u00f1ana","publisher":{"@id":"https:\/\/v2charge.com\/cs\/#organization"},"potentialAction":[{"@type":"SearchAction","target":{"@type":"EntryPoint","urlTemplate":"https:\/\/v2charge.com\/cs\/?s={search_term_string}"},"query-input":{"@type":"PropertyValueSpecification","valueRequired":true,"valueName":"search_term_string"}}],"inLanguage":"cs"},{"@type":"Organization","@id":"https:\/\/v2charge.com\/cs\/#organization","name":"V2C","url":"https:\/\/v2charge.com\/cs\/","logo":{"@type":"ImageObject","inLanguage":"cs","@id":"https:\/\/v2charge.com\/cs\/#\/schema\/logo\/image\/","url":"https:\/\/v2charge.com\/wp-content\/uploads\/2024\/11\/cropped-v2c-charge-logo-menu.png","contentUrl":"https:\/\/v2charge.com\/wp-content\/uploads\/2024\/11\/cropped-v2c-charge-logo-menu.png","width":984,"height":431,"caption":"V2C"},"image":{"@id":"https:\/\/v2charge.com\/cs\/#\/schema\/logo\/image\/"},"sameAs":["https:\/\/www.facebook.com\/V2C.Charge","https:\/\/x.com\/V2C_Charge","https:\/\/www.instagram.com\/v2c.charge\/","https:\/\/www.youtube.com\/@V2C","https:\/\/www.linkedin.com\/company\/v2c-chargers\/"]},{"@type":"Person","@id":"https:\/\/v2charge.com\/cs\/#\/schema\/person\/d6f210a94a856acdddec347b2127fd0f","name":"V2C","image":{"@type":"ImageObject","inLanguage":"cs","@id":"https:\/\/v2charge.com\/cs\/#\/schema\/person\/image\/","url":"https:\/\/secure.gravatar.com\/avatar\/a91128c4c0d2f4d63bd586301fdec6cc9aa49c885839b25d1c62700f529f267c?s=96&d=mm&r=g","contentUrl":"https:\/\/secure.gravatar.com\/avatar\/a91128c4c0d2f4d63bd586301fdec6cc9aa49c885839b25d1c62700f529f267c?s=96&d=mm&r=g","caption":"V2C"}}]}},"uagb_featured_image_src":{"full":["https:\/\/v2charge.com\/wp-content\/uploads\/2025\/12\/model-3-vs-model-y-diferencias-precios-tesla.jpg",960,560,false],"thumbnail":["https:\/\/v2charge.com\/wp-content\/uploads\/2025\/12\/model-3-vs-model-y-diferencias-precios-tesla-150x150.jpg",150,150,true],"medium":["https:\/\/v2charge.com\/wp-content\/uploads\/2025\/12\/model-3-vs-model-y-diferencias-precios-tesla-300x175.jpg",300,175,true],"medium_large":["https:\/\/v2charge.com\/wp-content\/uploads\/2025\/12\/model-3-vs-model-y-diferencias-precios-tesla-768x448.jpg",768,448,true],"large":["https:\/\/v2charge.com\/wp-content\/uploads\/2025\/12\/model-3-vs-model-y-diferencias-precios-tesla.jpg",960,560,false],"gs-tiny":["https:\/\/v2charge.com\/wp-content\/uploads\/2025\/12\/model-3-vs-model-y-diferencias-precios-tesla-50x29.jpg",50,29,true],"xl":["https:\/\/v2charge.com\/wp-content\/uploads\/2025\/12\/model-3-vs-model-y-diferencias-precios-tesla.jpg",960,560,false],"xxl":["https:\/\/v2charge.com\/wp-content\/uploads\/2025\/12\/model-3-vs-model-y-diferencias-precios-tesla.jpg",960,560,false],"xxxl":["https:\/\/v2charge.com\/wp-content\/uploads\/2025\/12\/model-3-vs-model-y-diferencias-precios-tesla.jpg",960,560,false],"xxxxl":["https:\/\/v2charge.com\/wp-content\/uploads\/2025\/12\/model-3-vs-model-y-diferencias-precios-tesla.jpg",960,560,false],"xxxxxl":["https:\/\/v2charge.com\/wp-content\/uploads\/2025\/12\/model-3-vs-model-y-diferencias-precios-tesla.jpg",960,560,false],"1536x1536":["https:\/\/v2charge.com\/wp-content\/uploads\/2025\/12\/model-3-vs-model-y-diferencias-precios-tesla.jpg",960,560,false],"2048x2048":["https:\/\/v2charge.com\/wp-content\/uploads\/2025\/12\/model-3-vs-model-y-diferencias-precios-tesla.jpg",960,560,false]},"uagb_author_info":{"display_name":"V2C","author_link":"https:\/\/v2charge.com\/cs\/author\/marketing\/"},"uagb_comment_info":0,"uagb_excerpt":"V roce 2025 prodeje elektrick\u00fdch vozidel ve Francii p\u0159ekro\u010d\u00ed 363 000 kus\u016f ro\u010dn\u011b, p\u0159i\u010dem\u017e pr\u00e9miov\u00fd segment vede p\u0159echod k udr\u017eiteln\u00e9 mobilit\u011b. Renault 5 E-Tech dominuje \u017eeb\u0159\u00ed\u010dku s 37 997 kusy, n\u00e1sleduje Tesla Model Y (2. m\u00edsto, 19 207 kus\u016f) a Citro\u00ebn \u00eb-C3 (3. m\u00edsto, 16 223 kus\u016f); Tesla Model 3, na 17. m\u00edst\u011b s 6&hellip;","_links":{"self":[{"href":"https:\/\/v2charge.com\/cs\/wp-json\/wp\/v2\/posts\/318255","targetHints":{"allow":["GET"]}}],"collection":[{"href":"https:\/\/v2charge.com\/cs\/wp-json\/wp\/v2\/posts"}],"about":[{"href":"https:\/\/v2charge.com\/cs\/wp-json\/wp\/v2\/types\/post"}],"author":[{"embeddable":true,"href":"https:\/\/v2charge.com\/cs\/wp-json\/wp\/v2\/users\/400"}],"replies":[{"embeddable":true,"href":"https:\/\/v2charge.com\/cs\/wp-json\/wp\/v2\/comments?post=318255"}],"version-history":[{"count":0,"href":"https:\/\/v2charge.com\/cs\/wp-json\/wp\/v2\/posts\/318255\/revisions"}],"wp:featuredmedia":[{"embeddable":true,"href":"https:\/\/v2charge.com\/cs\/wp-json\/wp\/v2\/media\/292489"}],"wp:attachment":[{"href":"https:\/\/v2charge.com\/cs\/wp-json\/wp\/v2\/media?parent=318255"}],"wp:term":[{"taxonomy":"category","embeddable":true,"href":"https:\/\/v2charge.com\/cs\/wp-json\/wp\/v2\/categories?post=318255"},{"taxonomy":"post_tag","embeddable":true,"href":"https:\/\/v2charge.com\/cs\/wp-json\/wp\/v2\/tags?post=318255"}],"curies":[{"name":"wp","href":"https:\/\/api.w.org\/{rel}","templated":true}]}}